{"id":18407,"date":"2023-10-23T09:35:06","date_gmt":"2023-10-23T07:35:06","guid":{"rendered":"https:\/\/www.welovecycling.com\/sk\/?p=18407"},"modified":"2023-10-23T09:35:06","modified_gmt":"2023-10-23T07:35:06","slug":"tip-na-vylet-jesenny-bike-hike-s-detmi-to-je-vzdy-dobry-napad","status":"publish","type":"post","link":"https:\/\/www.welovecycling.com\/sk\/2023\/10\/23\/tip-na-vylet-jesenny-bike-hike-s-detmi-to-je-vzdy-dobry-napad\/","title":{"rendered":"Tip na v\u00fdlet: Jesenn\u00fd bike &#038; hike s de\u0165mi &#8211; to je v\u017edy dobr\u00fd n\u00e1pad"},"content":{"rendered":"<p><strong>Jese\u0148 je definit\u00edvne tu a s \u0148ou prich\u00e1dza aj obdobie tepl\u00e9ho \u201em\u00e4kk\u00e9ho\u201d svetla, farebn\u00e9ho l\u00edstia a chladnej\u0161\u00edch dn\u00ed. Letn\u00e9 hor\u00fa\u010davy s\u00fa definit\u00edvne pre\u010d, listy za\u010d\u00ednaj\u00fa meni\u0165 farbu a za\u010d\u00edna sa jedno z najk\u00fazelnej\u0161\u00edch obdob\u00ed na objavovanie krajiny zo sedla bicykla, \u010di turistick\u00fdch chodn\u00edkov. A \u010do tak spoji\u0165 oba tieto v\u00fdlety do jedn\u00e9ho a podnikn\u00fa\u0165 rodinn\u00fd \u201ebike &amp; hike\u201d?<\/strong><!--more--><\/p>\n<h2><b>\u2026 \u010do to vlastne je?\u00a0<\/b><\/h2>\n<p><span style=\"font-weight: 400;\">Bike &amp; hike je ide\u00e1lnou kombin\u00e1ciou dvoch outdoorov\u00fdch aktiv\u00edt- cyklistiky a turistiky. <strong>V preklade to znamen\u00e1, \u017ee prv\u00fa \u010das\u0165 si v\u0161etci odmak\u00e1te na bicykli preva\u017ene po asfaltovej ceste a druh\u00fa u\u017e \u201e\u0165apk\u00e1te\u201d po vlastn\u00fdch spolu s de\u0165mi.<\/strong> A \u010do je najv\u00e4\u010d\u0161\u00edm pr\u00ednosom? U\u0161etren\u00fd \u010das, energia a neporovnate\u013ene v\u00e4\u010d\u0161ia z\u00e1bava.\u00a0<\/span><\/p>\n<p><img loading=\"lazy\" decoding=\"async\" class=\"alignnone size-full wp-image-18410\" src=\"https:\/\/d2p6e6u75xmxt8.cloudfront.net\/4\/2023\/10\/01-3.webp\" alt=\"\" width=\"990\" height=\"660\" srcset=\"https:\/\/d2p6e6u75xmxt8.cloudfront.net\/4\/2023\/10\/01-3.webp 990w, https:\/\/d2p6e6u75xmxt8.cloudfront.net\/4\/2023\/10\/01-3-300x200.webp 300w, https:\/\/d2p6e6u75xmxt8.cloudfront.net\/4\/2023\/10\/01-3-768x512.webp 768w, https:\/\/d2p6e6u75xmxt8.cloudfront.net\/4\/2023\/10\/01-3-400x267.webp 400w, https:\/\/d2p6e6u75xmxt8.cloudfront.net\/4\/2023\/10\/01-3-272x182.webp 272w\" sizes=\"auto, (max-width: 990px) 100vw, 990px\" \/><\/p>\n<p><span style=\"font-weight: 400;\">Ak m\u00e1te deck\u00e1, ktor\u00e9 e\u0161te nie je s\u00fa akt\u00edvnymi cyklistami, ni\u010d nie je straten\u00e9 ani v tomto pr\u00edpade. <strong>Sta\u010d\u00ed si pribali\u0165 cyklovoz\u00edk alebo detsk\u00fa seda\u010dku, aby ste mal\u00fdch cykloturistov bez probl\u00e9mov odviezli.<\/strong> A \u017ee e\u0161te poriadne nechodia? Priho\u010fte si aj turistick\u00fd nosi\u010d.\u00a0<\/span><\/p>\n<p><img loading=\"lazy\" decoding=\"async\" class=\"alignnone size-full wp-image-18411\" src=\"https:\/\/d2p6e6u75xmxt8.cloudfront.net\/4\/2023\/10\/02-4.webp\" alt=\"\" width=\"990\" height=\"660\" srcset=\"https:\/\/d2p6e6u75xmxt8.cloudfront.net\/4\/2023\/10\/02-4.webp 990w, https:\/\/d2p6e6u75xmxt8.cloudfront.net\/4\/2023\/10\/02-4-300x200.webp 300w, https:\/\/d2p6e6u75xmxt8.cloudfront.net\/4\/2023\/10\/02-4-768x512.webp 768w, https:\/\/d2p6e6u75xmxt8.cloudfront.net\/4\/2023\/10\/02-4-400x267.webp 400w, https:\/\/d2p6e6u75xmxt8.cloudfront.net\/4\/2023\/10\/02-4-272x182.webp 272w\" sizes=\"auto, (max-width: 990px) 100vw, 990px\" \/><\/p>\n<h2><b>Pl\u00e1n nadov\u0161etko\u00a0<\/b><\/h2>\n<p><span style=\"font-weight: 400;\">Ako pri v\u00e4\u010d\u0161ine rodinn\u00fdch aktiv\u00edt, aj tu je d\u00f4le\u017eit\u00e9 poriadne si v\u00fdlet predom napl\u00e1nova\u0165, \u010do zah\u0155\u0148a nasledovn\u00e9 \u010dinnosti:\u00a0<\/span><\/p>\n<ol>\n<li style=\"font-weight: 400;\" aria-level=\"1\"><span style=\"font-weight: 400;\">vybra\u0165 vhodn\u00fa t\u00faru s oh\u013eadom na sk\u00fasenosti a fyzick\u00fa kond\u00edciu v\u0161etk\u00fdch \u00fa\u010dastn\u00edkov a pripravi\u0165 si \u010dasov\u00fd odhad<\/span><\/li>\n<li style=\"font-weight: 400;\" aria-level=\"1\"><span style=\"font-weight: 400;\">skontrolova\u0165 po\u010dasie\u00a0\u00a0<\/span><\/li>\n<li style=\"font-weight: 400;\" aria-level=\"1\"><span style=\"font-weight: 400;\">zbali\u0165 cyklistick\u00e9 a turistick\u00e9 potreby<\/span><\/li>\n<li style=\"font-weight: 400;\" aria-level=\"1\"><span style=\"font-weight: 400;\">pripravi\u0165 vhodn\u00e9 jesenn\u00e9 oble\u010denie, deck\u00e1m aj n\u00e1hradn\u00e9\u00a0<\/span><\/li>\n<li style=\"font-weight: 400;\" aria-level=\"1\"><span style=\"font-weight: 400;\">zabezpe\u010di\u0165 dostatok ob\u010derstvenia a tekut\u00edn\u00a0<\/span><\/li>\n<li style=\"font-weight: 400;\" aria-level=\"1\"><span style=\"font-weight: 400;\">nezabudn\u00fa\u0165 na lek\u00e1rni\u010dku<\/span><\/li>\n<li style=\"font-weight: 400;\" aria-level=\"1\"><span style=\"font-weight: 400;\">vyrazi\u0165 v \u00fastrety nov\u00e9mu dobrodru\u017estvu!<\/span><\/li>\n<\/ol>\n<div id='gallery-1' class='gallery galleryid-18407 gallery-columns-2 gallery-size-full'><figure class='gallery-item'>\n\t\t\t<div class='gallery-icon landscape'>\n\t\t\t\t<a href='https:\/\/d2p6e6u75xmxt8.cloudfront.net\/4\/2023\/10\/03-3.webp'><img loading=\"lazy\" decoding=\"async\" width=\"990\" height=\"990\" src=\"https:\/\/d2p6e6u75xmxt8.cloudfront.net\/4\/2023\/10\/03-3.webp\" class=\"attachment-full size-full\" alt=\"\" srcset=\"https:\/\/d2p6e6u75xmxt8.cloudfront.net\/4\/2023\/10\/03-3.webp 990w, https:\/\/d2p6e6u75xmxt8.cloudfront.net\/4\/2023\/10\/03-3-300x300.webp 300w, https:\/\/d2p6e6u75xmxt8.cloudfront.net\/4\/2023\/10\/03-3-150x150.webp 150w, https:\/\/d2p6e6u75xmxt8.cloudfront.net\/4\/2023\/10\/03-3-768x768.webp 768w, https:\/\/d2p6e6u75xmxt8.cloudfront.net\/4\/2023\/10\/03-3-400x400.webp 400w\" sizes=\"auto, (max-width: 990px) 100vw, 990px\" \/><\/a>\n\t\t\t<\/div><\/figure><figure class='gallery-item'>\n\t\t\t<div class='gallery-icon landscape'>\n\t\t\t\t<a href='https:\/\/d2p6e6u75xmxt8.cloudfront.net\/4\/2023\/10\/04-2.webp'><img loading=\"lazy\" decoding=\"async\" width=\"990\" height=\"990\" src=\"https:\/\/d2p6e6u75xmxt8.cloudfront.net\/4\/2023\/10\/04-2.webp\" class=\"attachment-full size-full\" alt=\"\" srcset=\"https:\/\/d2p6e6u75xmxt8.cloudfront.net\/4\/2023\/10\/04-2.webp 990w, https:\/\/d2p6e6u75xmxt8.cloudfront.net\/4\/2023\/10\/04-2-300x300.webp 300w, https:\/\/d2p6e6u75xmxt8.cloudfront.net\/4\/2023\/10\/04-2-150x150.webp 150w, https:\/\/d2p6e6u75xmxt8.cloudfront.net\/4\/2023\/10\/04-2-768x768.webp 768w, https:\/\/d2p6e6u75xmxt8.cloudfront.net\/4\/2023\/10\/04-2-400x400.webp 400w\" sizes=\"auto, (max-width: 990px) 100vw, 990px\" \/><\/a>\n\t\t\t<\/div><\/figure>\n\t\t<\/div>\n\n<h2><b>Ako to vyzer\u00e1 v praxi?\u00a0<\/b><\/h2>\n<p><span style=\"font-weight: 400;\"><strong>Vysok\u00e9 alebo Z\u00e1padn\u00e9 Tatry s\u00fa ide\u00e1lnym miestom pre rodinn\u00e9 v\u00fdlety tohto typu.<\/strong> Na bicykli sa viete dosta\u0165 na Sliezsky dom, Popradsk\u00e9 Pleso, \u017diarsku chatu, Tatliakovu chatu \u010di Hrebienok a odtia\u013e pokra\u010dova\u0165 po svojich za jesenn\u00fdmi turistick\u00fdmi dobrodru\u017estvami a v\u00fdh\u013eadmi. Doliny Tich\u00e1 a K\u00f4prov\u00e1 s\u00fa ide\u00e1lne lokality, ak si bike &amp; hike v\u00fdlet pl\u00e1nujete vysk\u00fa\u0161a\u0165 prv\u00fdkr\u00e1t.\u00a0<\/span><\/p>\n<p><span style=\"font-weight: 400;\">Dnes si vyberieme krat\u0161iu z dvoch zmienen\u00fdch, p\u00f4jdeme K\u00f4provou dolinou a\u017e k Ni\u017en\u00e9mu Temnosmre\u010d\u00ednskemu plesu.\u00a0<\/span><\/p>\n<p><img loading=\"lazy\" decoding=\"async\" class=\"alignnone size-full wp-image-18414\" src=\"https:\/\/d2p6e6u75xmxt8.cloudfront.net\/4\/2023\/10\/05-2.webp\" alt=\"\" width=\"990\" height=\"660\" srcset=\"https:\/\/d2p6e6u75xmxt8.cloudfront.net\/4\/2023\/10\/05-2.webp 990w, https:\/\/d2p6e6u75xmxt8.cloudfront.net\/4\/2023\/10\/05-2-300x200.webp 300w, https:\/\/d2p6e6u75xmxt8.cloudfront.net\/4\/2023\/10\/05-2-768x512.webp 768w, https:\/\/d2p6e6u75xmxt8.cloudfront.net\/4\/2023\/10\/05-2-400x267.webp 400w, https:\/\/d2p6e6u75xmxt8.cloudfront.net\/4\/2023\/10\/05-2-272x182.webp 272w\" sizes=\"auto, (max-width: 990px) 100vw, 990px\" \/><\/p>\n<p><span style=\"font-weight: 400;\">Trasu za\u010d\u00edname na parkovisku v Podbanskom, odkia\u013e sa vyberieme na bicykloch pohodov\u00fdm tempom a\u017e k r\u00e1zcestn\u00edku Kme\u0165ov vodop\u00e1d.<strong> Trasu lemuj\u00fa vysok\u00e9 stromy, v lese \u017eblnkoce K\u00f4provsk\u00fd potok a dokonal\u00fa scen\u00e9riu dop\u013a\u0148a majest\u00e1tny Kriv\u00e1\u0148 v pozad\u00ed.<\/strong> Po cca 30 min\u00fatach\/ 7 km sa miernej\u0161\u00edm st\u00fapan\u00edm dost\u00e1vame ku Kme\u0165ovmu vodop\u00e1du, ktor\u00fd je najvy\u0161\u0161\u00edm vodop\u00e1dom v Tatr\u00e1ch.\u00a0<\/span><\/p>\n<p><span style=\"font-weight: 400;\">Toto miesto je ide\u00e1lne na dlh\u0161iu pauzu, ke\u010f\u017ee odtia\u013e u\u017e trasa vedie pe\u0161i a kon\u010di\u0165 bude na Ni\u017enom Temnosmre\u010d\u00ednskom plese. Kr\u00e1\u010dame \u0161otolinou, ktor\u00e1 sa pomaly men\u00ed na lesn\u00fa cestu.<strong> \u010cochv\u00ed\u013ea naraz\u00edme na ra\u0161elinisk\u00e1, kde je prechod zabezpe\u010den\u00fd dreven\u00fdmi l\u00e1vkami a\u00a0 ani sa nenazd\u00e1me, \u010dak\u00e1 n\u00e1s \u010fal\u0161\u00ed vodop\u00e1d, Vajansk\u00e9ho.\u00a0<\/strong><\/span><\/p>\n<div id='gallery-2' class='gallery galleryid-18407 gallery-columns-2 gallery-size-full'><figure class='gallery-item'>\n\t\t\t<div class='gallery-icon landscape'>\n\t\t\t\t<a href='https:\/\/d2p6e6u75xmxt8.cloudfront.net\/4\/2023\/10\/07-1.webp'><img loading=\"lazy\" decoding=\"async\" width=\"990\" height=\"990\" src=\"https:\/\/d2p6e6u75xmxt8.cloudfront.net\/4\/2023\/10\/07-1.webp\" class=\"attachment-full size-full\" alt=\"\" srcset=\"https:\/\/d2p6e6u75xmxt8.cloudfront.net\/4\/2023\/10\/07-1.webp 990w, https:\/\/d2p6e6u75xmxt8.cloudfront.net\/4\/2023\/10\/07-1-300x300.webp 300w, https:\/\/d2p6e6u75xmxt8.cloudfront.net\/4\/2023\/10\/07-1-150x150.webp 150w, https:\/\/d2p6e6u75xmxt8.cloudfront.net\/4\/2023\/10\/07-1-768x768.webp 768w, https:\/\/d2p6e6u75xmxt8.cloudfront.net\/4\/2023\/10\/07-1-400x400.webp 400w\" sizes=\"auto, (max-width: 990px) 100vw, 990px\" \/><\/a>\n\t\t\t<\/div><\/figure><figure class='gallery-item'>\n\t\t\t<div class='gallery-icon landscape'>\n\t\t\t\t<a href='https:\/\/d2p6e6u75xmxt8.cloudfront.net\/4\/2023\/10\/06-1.webp'><img loading=\"lazy\" decoding=\"async\" width=\"990\" height=\"990\" src=\"https:\/\/d2p6e6u75xmxt8.cloudfront.net\/4\/2023\/10\/06-1.webp\" class=\"attachment-full size-full\" alt=\"\" srcset=\"https:\/\/d2p6e6u75xmxt8.cloudfront.net\/4\/2023\/10\/06-1.webp 990w, https:\/\/d2p6e6u75xmxt8.cloudfront.net\/4\/2023\/10\/06-1-300x300.webp 300w, https:\/\/d2p6e6u75xmxt8.cloudfront.net\/4\/2023\/10\/06-1-150x150.webp 150w, https:\/\/d2p6e6u75xmxt8.cloudfront.net\/4\/2023\/10\/06-1-768x768.webp 768w, https:\/\/d2p6e6u75xmxt8.cloudfront.net\/4\/2023\/10\/06-1-400x400.webp 400w\" sizes=\"auto, (max-width: 990px) 100vw, 990px\" \/><\/a>\n\t\t\t<\/div><\/figure>\n\t\t<\/div>\n\n<p><span style=\"font-weight: 400;\"><strong>Posledn\u00fd \u00fasek je najstrm\u0161\u00ed na trase, ale nie je to ni\u010d extr\u00e9me,<\/strong> p\u00e1r min\u00fat prich\u00e1dza fin\u00e1lne prekvapenie, vyjdeme z kosodreviny a pred nami je n\u00e1dhern\u00e1 scen\u00e9ria Ni\u017en\u00e9ho Temnosmre\u010d\u00ednskeho plesa, ktor\u00e9 je tret\u00edm najv\u00e4\u010d\u0161\u00edm plesom v Tatr\u00e1ch.\u00a0<\/span><\/p>\n<p><span style=\"font-weight: 400;\">Po hodine intenz\u00edvneho oddychu sa pomal\u00fdm krokom zber\u00e1me nasp\u00e4\u0165.<strong> Najv\u00e4\u010d\u0161ou v\u00fdhodou Bike &amp; hike v\u00fdletov je, \u017ee cestou domov sa nemus\u00edte a\u017e tak pon\u00e1h\u013ea\u0165, ke\u010f\u017ee posledn\u00fd \u00fasek cesty na bicykli je\u00a0 \u201ezadarmo\u201d a extr\u00e9mne r\u00fdchly, \u010do je jednou z najv\u00e4\u010d\u0161\u00edch prednost\u00ed.<\/strong> Doraz\u00edme k bicyklom (ktor\u00e9 sme si, samozrejme, nezabudli zamkn\u00fa\u0165) a s vetrom vo vlasoch sa sp\u00fa\u0161\u0165ame na parkovisko v Podbanskom, kde m\u00e1me zaparkovan\u00e9 auto.\u00a0<\/span><\/p>\n<p><img loading=\"lazy\" decoding=\"async\" class=\"alignnone size-full wp-image-18417\" src=\"https:\/\/d2p6e6u75xmxt8.cloudfront.net\/4\/2023\/10\/08-1.webp\" alt=\"\" width=\"990\" height=\"660\" srcset=\"https:\/\/d2p6e6u75xmxt8.cloudfront.net\/4\/2023\/10\/08-1.webp 990w, https:\/\/d2p6e6u75xmxt8.cloudfront.net\/4\/2023\/10\/08-1-300x200.webp 300w, https:\/\/d2p6e6u75xmxt8.cloudfront.net\/4\/2023\/10\/08-1-768x512.webp 768w, https:\/\/d2p6e6u75xmxt8.cloudfront.net\/4\/2023\/10\/08-1-400x267.webp 400w, https:\/\/d2p6e6u75xmxt8.cloudfront.net\/4\/2023\/10\/08-1-272x182.webp 272w\" sizes=\"auto, (max-width: 990px) 100vw, 990px\" \/><\/p>\n<h2><b>Z\u00e1ver<\/b><\/h2>\n<p><span style=\"font-weight: 400;\">Tatry nie s\u00fa ani z\u010faleka jedinou lokalitou, kde sa d\u00e1 tento typ v\u00fdletov realizova\u0165. <strong>Koniec koncov, fant\u00e1zii\u00a0 sa medze neklad\u00fa a ur\u010dite n\u00e1jdete aj vo va\u0161om okol\u00ed celoro\u010dne dostupn\u00e9 miesta, na ktor\u00e9 sa nevz\u0165ahuje zimn\u00e1 turistick\u00e1 uz\u00e1vera.<\/strong> Viete ich tak objavova\u0165 spolu s de\u0165mi cyklisticko-turisticky, dobrodru\u017ene a celoro\u010dne. \ud83d\ude42 <\/span><\/p>\n<p><span style=\"font-weight: 400;\">Tento typ v\u00fdletov m\u00f4\u017eete\u00a0 spoji\u0165 so sledovan\u00edm pr\u00edrody, pozorovan\u00edm zvierat, jesenn\u00fdm piknikom, zberom h\u00fab, \u010di in\u00fdmi spolo\u010dn\u00fdmi rodinn\u00fdmi aktivitami.\u00a0<\/span><\/p>\n<p>&nbsp;<\/p>\n<p><span style=\"font-weight: 400;\">Zdroj fotografi\u00ed: Katar\u00edna Vasil\u010din Gre\u0161ov\u00e1<\/span><\/p>\n","protected":false},"excerpt":{"rendered":"<p>Jese\u0148 je definit\u00edvne tu a s \u0148ou prich\u00e1dza aj obdobie tepl\u00e9ho \u201em\u00e4kk\u00e9ho\u201d svetla, farebn\u00e9ho l\u00edstia a chladnej\u0161\u00edch dn\u00ed. Letn\u00e9 hor\u00fa\u010davy [&hellip;]<\/p>\n","protected":false},"author":172,"featured_media":18418,"comment_status":"open","ping_status":"open","sticky":false,"template":"","format":"standard","meta":{"footnotes":""},"categories":[191],"tags":[559,115,507,53,1386,1613,180,286,767,931,1533,509,523,1540,741,901,508,520],"global-categories":[1074],"class_list":["post-18407","post","type-post","status-publish","format-standard","has-post-thumbnail","hentry","category-odporucame","tag-bicykel","tag-cestna-cyklistika","tag-cyklorodinka","tag-deti","tag-deti-na-bicykli","tag-hike","tag-horska-cyklistika","tag-jesen","tag-motivacia","tag-odporucame","tag-priroda","tag-rodina","tag-slovensko","tag-tip","tag-tip-na-vylet","tag-turistika","tag-vylet","tag-vysoke-tatry","global-categories-cycling"],"yoast_head":"<!-- This site is optimized with the Yoast SEO Premium plugin v25.3 (Yoast SEO v25.9) - https:\/\/yoast.com\/wordpress\/plugins\/seo\/ -->\n<title>Tip na v\u00fdlet: Jesenn\u00fd bike &amp; hike s de\u0165mi - to je v\u017edy dobr\u00fd n\u00e1pad - \u0160koda We Love Cycling Slovensko<\/title>\n<meta name=\"description\" content=\"\u010co tak spoji\u0165 cyklistick\u00fd v\u00fdlet s turistick\u00fdm a u\u017ei\u0165 si to najlep\u0161ie z oboch svetov. Dnes podnikneme rodinn\u00fd \u201ebike &amp; hike\u201d?\" \/>\n<meta name=\"robots\" content=\"index, follow, max-snippet:-1, max-image-preview:large, max-video-preview:-1\" \/>\n<link rel=\"canonical\" href=\"https:\/\/www.welovecycling.com\/sk\/2023\/10\/23\/tip-na-vylet-jesenny-bike-hike-s-detmi-to-je-vzdy-dobry-napad\/\" \/>\n<meta property=\"og:locale\" content=\"sk_SK\" \/>\n<meta property=\"og:type\" content=\"article\" \/>\n<meta property=\"og:title\" content=\"Tip na v\u00fdlet: Jesenn\u00fd bike &amp; hike s de\u0165mi - to je v\u017edy dobr\u00fd n\u00e1pad\" \/>\n<meta property=\"og:description\" content=\"\u010co tak spoji\u0165 cyklistick\u00fd v\u00fdlet s turistick\u00fdm a u\u017ei\u0165 si to najlep\u0161ie z oboch svetov. Dnes podnikneme rodinn\u00fd \u201ebike &amp; hike\u201d?\" \/>\n<meta property=\"og:url\" content=\"https:\/\/www.welovecycling.com\/sk\/2023\/10\/23\/tip-na-vylet-jesenny-bike-hike-s-detmi-to-je-vzdy-dobry-napad\/\" \/>\n<meta property=\"og:site_name\" content=\"\u0160koda We Love Cycling Slovensko\" \/>\n<meta property=\"article:published_time\" content=\"2023-10-23T07:35:06+00:00\" \/>\n<meta property=\"og:image\" content=\"https:\/\/d2p6e6u75xmxt8.cloudfront.net\/4\/2023\/10\/titulka-3.webp\" \/>\n\t<meta property=\"og:image:width\" content=\"990\" \/>\n\t<meta property=\"og:image:height\" content=\"660\" \/>\n\t<meta property=\"og:image:type\" content=\"image\/webp\" \/>\n<meta name=\"author\" content=\"dominika\" \/>\n<meta name=\"twitter:card\" content=\"summary_large_image\" \/>\n<meta name=\"twitter:label1\" content=\"Written by\" \/>\n\t<meta name=\"twitter:data1\" content=\"Katar\u00edna Vasil\u010din Gre\u0161ov\u00e1\" \/>\n\t<meta name=\"twitter:label2\" content=\"Est. reading time\" \/>\n\t<meta name=\"twitter:data2\" content=\"4 minutes\" \/>\n<script type=\"application\/ld+json\" class=\"yoast-schema-graph\">{\"@context\":\"https:\/\/schema.org\",\"@graph\":[{\"@type\":\"WebPage\",\"@id\":\"https:\/\/www.welovecycling.com\/sk\/2023\/10\/23\/tip-na-vylet-jesenny-bike-hike-s-detmi-to-je-vzdy-dobry-napad\/\",\"url\":\"https:\/\/www.welovecycling.com\/sk\/2023\/10\/23\/tip-na-vylet-jesenny-bike-hike-s-detmi-to-je-vzdy-dobry-napad\/\",\"name\":\"Tip na v\u00fdlet: Jesenn\u00fd bike & hike s de\u0165mi - to je v\u017edy dobr\u00fd n\u00e1pad - \u0160koda We Love Cycling Slovensko\",\"isPartOf\":{\"@id\":\"https:\/\/www.welovecycling.com\/sk\/#website\"},\"primaryImageOfPage\":{\"@id\":\"https:\/\/www.welovecycling.com\/sk\/2023\/10\/23\/tip-na-vylet-jesenny-bike-hike-s-detmi-to-je-vzdy-dobry-napad\/#primaryimage\"},\"image\":{\"@id\":\"https:\/\/www.welovecycling.com\/sk\/2023\/10\/23\/tip-na-vylet-jesenny-bike-hike-s-detmi-to-je-vzdy-dobry-napad\/#primaryimage\"},\"thumbnailUrl\":\"https:\/\/d2p6e6u75xmxt8.cloudfront.net\/4\/2023\/10\/titulka-3.webp\",\"datePublished\":\"2023-10-23T07:35:06+00:00\",\"author\":{\"@id\":\"https:\/\/www.welovecycling.com\/sk\/#\/schema\/person\/533b62b98b6c41bd5135ebfb1f742624\"},\"description\":\"\u010co tak spoji\u0165 cyklistick\u00fd v\u00fdlet s turistick\u00fdm a u\u017ei\u0165 si to najlep\u0161ie z oboch svetov. Dnes podnikneme rodinn\u00fd \u201ebike & hike\u201d?\",\"breadcrumb\":{\"@id\":\"https:\/\/www.welovecycling.com\/sk\/2023\/10\/23\/tip-na-vylet-jesenny-bike-hike-s-detmi-to-je-vzdy-dobry-napad\/#breadcrumb\"},\"inLanguage\":\"sk-SK\",\"potentialAction\":[{\"@type\":\"ReadAction\",\"target\":[\"https:\/\/www.welovecycling.com\/sk\/2023\/10\/23\/tip-na-vylet-jesenny-bike-hike-s-detmi-to-je-vzdy-dobry-napad\/\"]}]},{\"@type\":\"ImageObject\",\"inLanguage\":\"sk-SK\",\"@id\":\"https:\/\/www.welovecycling.com\/sk\/2023\/10\/23\/tip-na-vylet-jesenny-bike-hike-s-detmi-to-je-vzdy-dobry-napad\/#primaryimage\",\"url\":\"https:\/\/d2p6e6u75xmxt8.cloudfront.net\/4\/2023\/10\/titulka-3.webp\",\"contentUrl\":\"https:\/\/d2p6e6u75xmxt8.cloudfront.net\/4\/2023\/10\/titulka-3.webp\",\"width\":990,\"height\":660},{\"@type\":\"BreadcrumbList\",\"@id\":\"https:\/\/www.welovecycling.com\/sk\/2023\/10\/23\/tip-na-vylet-jesenny-bike-hike-s-detmi-to-je-vzdy-dobry-napad\/#breadcrumb\",\"itemListElement\":[{\"@type\":\"ListItem\",\"position\":1,\"name\":\"Home\",\"item\":\"https:\/\/www.welovecycling.com\/sk\/\"},{\"@type\":\"ListItem\",\"position\":2,\"name\":\"Tip na v\u00fdlet: Jesenn\u00fd bike &#038; hike s de\u0165mi &#8211; to je v\u017edy dobr\u00fd n\u00e1pad\"}]},{\"@type\":\"WebSite\",\"@id\":\"https:\/\/www.welovecycling.com\/sk\/#website\",\"url\":\"https:\/\/www.welovecycling.com\/sk\/\",\"name\":\"\u0160koda We Love Cycling Slovensko\",\"description\":\"\u0160koda We Love Cycling Slovensko je v\u00e1\u0161 ka\u017edodenn\u00fd zdroj noviniek a in\u0161pir\u00e1cie z sveta cyklistiky\",\"potentialAction\":[{\"@type\":\"SearchAction\",\"target\":{\"@type\":\"EntryPoint\",\"urlTemplate\":\"https:\/\/www.welovecycling.com\/sk\/?s={search_term_string}\"},\"query-input\":{\"@type\":\"PropertyValueSpecification\",\"valueRequired\":true,\"valueName\":\"search_term_string\"}}],\"inLanguage\":\"sk-SK\"},{\"@type\":\"Person\",\"@id\":\"https:\/\/www.welovecycling.com\/sk\/#\/schema\/person\/533b62b98b6c41bd5135ebfb1f742624\",\"name\":\"dominika\",\"image\":{\"@type\":\"ImageObject\",\"inLanguage\":\"sk-SK\",\"@id\":\"https:\/\/www.welovecycling.com\/sk\/#\/schema\/person\/image\/\",\"url\":\"https:\/\/secure.gravatar.com\/avatar\/ded6f274ba2ec3e17fff153f7d9d96a4b33c2cb63907f75d9a5309c599a7f3e6?s=96&d=mm&r=g\",\"contentUrl\":\"https:\/\/secure.gravatar.com\/avatar\/ded6f274ba2ec3e17fff153f7d9d96a4b33c2cb63907f75d9a5309c599a7f3e6?s=96&d=mm&r=g\",\"caption\":\"dominika\"},\"url\":\"https:\/\/www.welovecycling.com\/sk\/author\/dominika\/\"}]}<\/script>\n<!-- \/ Yoast SEO Premium plugin. -->","yoast_head_json":{"title":"Tip na v\u00fdlet: Jesenn\u00fd bike & hike s de\u0165mi - to je v\u017edy dobr\u00fd n\u00e1pad - \u0160koda We Love Cycling Slovensko","description":"\u010co tak spoji\u0165 cyklistick\u00fd v\u00fdlet s turistick\u00fdm a u\u017ei\u0165 si to najlep\u0161ie z oboch svetov. Dnes podnikneme rodinn\u00fd \u201ebike & hike\u201d?","robots":{"index":"index","follow":"follow","max-snippet":"max-snippet:-1","max-image-preview":"max-image-preview:large","max-video-preview":"max-video-preview:-1"},"canonical":"https:\/\/www.welovecycling.com\/sk\/2023\/10\/23\/tip-na-vylet-jesenny-bike-hike-s-detmi-to-je-vzdy-dobry-napad\/","og_locale":"sk_SK","og_type":"article","og_title":"Tip na v\u00fdlet: Jesenn\u00fd bike & hike s de\u0165mi - to je v\u017edy dobr\u00fd n\u00e1pad","og_description":"\u010co tak spoji\u0165 cyklistick\u00fd v\u00fdlet s turistick\u00fdm a u\u017ei\u0165 si to najlep\u0161ie z oboch svetov. Dnes podnikneme rodinn\u00fd \u201ebike & hike\u201d?","og_url":"https:\/\/www.welovecycling.com\/sk\/2023\/10\/23\/tip-na-vylet-jesenny-bike-hike-s-detmi-to-je-vzdy-dobry-napad\/","og_site_name":"\u0160koda We Love Cycling Slovensko","article_published_time":"2023-10-23T07:35:06+00:00","og_image":[{"width":990,"height":660,"url":"https:\/\/d2p6e6u75xmxt8.cloudfront.net\/4\/2023\/10\/titulka-3.webp","type":"image\/webp"}],"author":"dominika","twitter_card":"summary_large_image","twitter_misc":{"Written by":"Katar\u00edna Vasil\u010din Gre\u0161ov\u00e1","Est. reading time":"4 minutes"},"schema":{"@context":"https:\/\/schema.org","@graph":[{"@type":"WebPage","@id":"https:\/\/www.welovecycling.com\/sk\/2023\/10\/23\/tip-na-vylet-jesenny-bike-hike-s-detmi-to-je-vzdy-dobry-napad\/","url":"https:\/\/www.welovecycling.com\/sk\/2023\/10\/23\/tip-na-vylet-jesenny-bike-hike-s-detmi-to-je-vzdy-dobry-napad\/","name":"Tip na v\u00fdlet: Jesenn\u00fd bike & hike s de\u0165mi - to je v\u017edy dobr\u00fd n\u00e1pad - \u0160koda We Love Cycling Slovensko","isPartOf":{"@id":"https:\/\/www.welovecycling.com\/sk\/#website"},"primaryImageOfPage":{"@id":"https:\/\/www.welovecycling.com\/sk\/2023\/10\/23\/tip-na-vylet-jesenny-bike-hike-s-detmi-to-je-vzdy-dobry-napad\/#primaryimage"},"image":{"@id":"https:\/\/www.welovecycling.com\/sk\/2023\/10\/23\/tip-na-vylet-jesenny-bike-hike-s-detmi-to-je-vzdy-dobry-napad\/#primaryimage"},"thumbnailUrl":"https:\/\/d2p6e6u75xmxt8.cloudfront.net\/4\/2023\/10\/titulka-3.webp","datePublished":"2023-10-23T07:35:06+00:00","author":{"@id":"https:\/\/www.welovecycling.com\/sk\/#\/schema\/person\/533b62b98b6c41bd5135ebfb1f742624"},"description":"\u010co tak spoji\u0165 cyklistick\u00fd v\u00fdlet s turistick\u00fdm a u\u017ei\u0165 si to najlep\u0161ie z oboch svetov. Dnes podnikneme rodinn\u00fd \u201ebike & hike\u201d?","breadcrumb":{"@id":"https:\/\/www.welovecycling.com\/sk\/2023\/10\/23\/tip-na-vylet-jesenny-bike-hike-s-detmi-to-je-vzdy-dobry-napad\/#breadcrumb"},"inLanguage":"sk-SK","potentialAction":[{"@type":"ReadAction","target":["https:\/\/www.welovecycling.com\/sk\/2023\/10\/23\/tip-na-vylet-jesenny-bike-hike-s-detmi-to-je-vzdy-dobry-napad\/"]}]},{"@type":"ImageObject","inLanguage":"sk-SK","@id":"https:\/\/www.welovecycling.com\/sk\/2023\/10\/23\/tip-na-vylet-jesenny-bike-hike-s-detmi-to-je-vzdy-dobry-napad\/#primaryimage","url":"https:\/\/d2p6e6u75xmxt8.cloudfront.net\/4\/2023\/10\/titulka-3.webp","contentUrl":"https:\/\/d2p6e6u75xmxt8.cloudfront.net\/4\/2023\/10\/titulka-3.webp","width":990,"height":660},{"@type":"BreadcrumbList","@id":"https:\/\/www.welovecycling.com\/sk\/2023\/10\/23\/tip-na-vylet-jesenny-bike-hike-s-detmi-to-je-vzdy-dobry-napad\/#breadcrumb","itemListElement":[{"@type":"ListItem","position":1,"name":"Home","item":"https:\/\/www.welovecycling.com\/sk\/"},{"@type":"ListItem","position":2,"name":"Tip na v\u00fdlet: Jesenn\u00fd bike &#038; hike s de\u0165mi &#8211; to je v\u017edy dobr\u00fd n\u00e1pad"}]},{"@type":"WebSite","@id":"https:\/\/www.welovecycling.com\/sk\/#website","url":"https:\/\/www.welovecycling.com\/sk\/","name":"\u0160koda We Love Cycling Slovensko","description":"\u0160koda We Love Cycling Slovensko je v\u00e1\u0161 ka\u017edodenn\u00fd zdroj noviniek a in\u0161pir\u00e1cie z sveta cyklistiky","potentialAction":[{"@type":"SearchAction","target":{"@type":"EntryPoint","urlTemplate":"https:\/\/www.welovecycling.com\/sk\/?s={search_term_string}"},"query-input":{"@type":"PropertyValueSpecification","valueRequired":true,"valueName":"search_term_string"}}],"inLanguage":"sk-SK"},{"@type":"Person","@id":"https:\/\/www.welovecycling.com\/sk\/#\/schema\/person\/533b62b98b6c41bd5135ebfb1f742624","name":"dominika","image":{"@type":"ImageObject","inLanguage":"sk-SK","@id":"https:\/\/www.welovecycling.com\/sk\/#\/schema\/person\/image\/","url":"https:\/\/secure.gravatar.com\/avatar\/ded6f274ba2ec3e17fff153f7d9d96a4b33c2cb63907f75d9a5309c599a7f3e6?s=96&d=mm&r=g","contentUrl":"https:\/\/secure.gravatar.com\/avatar\/ded6f274ba2ec3e17fff153f7d9d96a4b33c2cb63907f75d9a5309c599a7f3e6?s=96&d=mm&r=g","caption":"dominika"},"url":"https:\/\/www.welovecycling.com\/sk\/author\/dominika\/"}]}},"_links":{"self":[{"href":"https:\/\/www.welovecycling.com\/sk\/wp-json\/wp\/v2\/posts\/18407","targetHints":{"allow":["GET"]}}],"collection":[{"href":"https:\/\/www.welovecycling.com\/sk\/wp-json\/wp\/v2\/posts"}],"about":[{"href":"https:\/\/www.welovecycling.com\/sk\/wp-json\/wp\/v2\/types\/post"}],"author":[{"embeddable":true,"href":"https:\/\/www.welovecycling.com\/sk\/wp-json\/wp\/v2\/users\/172"}],"replies":[{"embeddable":true,"href":"https:\/\/www.welovecycling.com\/sk\/wp-json\/wp\/v2\/comments?post=18407"}],"version-history":[{"count":4,"href":"https:\/\/www.welovecycling.com\/sk\/wp-json\/wp\/v2\/posts\/18407\/revisions"}],"predecessor-version":[{"id":18420,"href":"https:\/\/www.welovecycling.com\/sk\/wp-json\/wp\/v2\/posts\/18407\/revisions\/18420"}],"wp:featuredmedia":[{"embeddable":true,"href":"https:\/\/www.welovecycling.com\/sk\/wp-json\/wp\/v2\/media\/18418"}],"wp:attachment":[{"href":"https:\/\/www.welovecycling.com\/sk\/wp-json\/wp\/v2\/media?parent=18407"}],"wp:term":[{"taxonomy":"category","embeddable":true,"href":"https:\/\/www.welovecycling.com\/sk\/wp-json\/wp\/v2\/categories?post=18407"},{"taxonomy":"post_tag","embeddable":true,"href":"https:\/\/www.welovecycling.com\/sk\/wp-json\/wp\/v2\/tags?post=18407"},{"taxonomy":"global-categories","embeddable":true,"href":"https:\/\/www.welovecycling.com\/sk\/wp-json\/wp\/v2\/global-categories?post=18407"}],"curies":[{"name":"wp","href":"https:\/\/api.w.org\/{rel}","templated":true}]}}