{"id":18378,"date":"2023-10-12T10:00:17","date_gmt":"2023-10-12T08:00:17","guid":{"rendered":"https:\/\/www.welovecycling.com\/sk\/?p=18378"},"modified":"2023-10-11T11:11:01","modified_gmt":"2023-10-11T09:11:01","slug":"rozhovor-bikepark-vratna-paseky-smele-plany-do-buducna","status":"publish","type":"post","link":"https:\/\/www.welovecycling.com\/sk\/2023\/10\/12\/rozhovor-bikepark-vratna-paseky-smele-plany-do-buducna\/","title":{"rendered":"Rozhovor: Bikepark Vr\u00e1tna Paseky \u2013 smel\u00e9 pl\u00e1ny do bud\u00facna"},"content":{"rendered":"<p><strong>Nielen J\u00e1no\u0161\u00edk a\u00a0jeho h\u00f4rni chlapci, ale aj vy m\u00f4\u017eete pr\u00eds\u0165 prevetra\u0165 svoje bicykle v\u00a0bl\u00edzkosti Terchovej do bikeparku Paseky. Vr\u00e1tna dolina je ob\u013e\u00faben\u00fdm miestom nielen v\u00a0lete pre turistov, ale aj v\u00a0zime pre milovn\u00edkov zimn\u00fdch \u0161portov. No a\u00a0aby to bolo kompletn\u00e9, vy\u017ei\u0165 sa tu m\u00f4\u017eu aj cyklisti a\u00a0pr\u00eds\u0165 vysk\u00fa\u0161a\u0165 svoje zru\u010dnosti na miestnych trailoch. Rozpr\u00e1vali sme sa s\u00a0marketingovou mana\u017e\u00e9rkou strediska Vr\u00e1tna, Alicou \u0160umichrastovou a\u00a0z\u00e1stupcami OZ Biketrails.\u00a0<\/strong><!--more--><\/p>\n<h4><b>Ako sa vyber\u00e1 miesto pre bikepark?<\/b><\/h4>\n<p><em><span style=\"font-weight: 400;\">Ide\u00e1lne miesto na bikepark, resp. \u201ekopec\u201c by malo sp\u013a\u0148a\u0165 ur\u010dit\u00e9 z\u00e1kladn\u00e9 krit\u00e9ri\u00e1, ako s\u00fa napr\u00edklad: d\u013a\u017eka a\u00a0sklon svahu, ko\u013eko trate ide cez les, ko\u013eko tvor\u00ed otvoren\u00e9 priestranstvo, orient\u00e1cia na svetov\u00e9 strany a\u00a0pod. Preto n\u00e1js\u0165 ide\u00e1lne miesto na bikepark naozaj nie je jednoduch\u00e9, no Bikepark Paseky m\u00e1 amb\u00edciu by\u0165 do bud\u00facnosti jedn\u00fdm z\u00a0najlep\u0161\u00edch parkov na Slovensku.\u00a0<\/span><\/em><\/p>\n<h4><b>S ochran\u00e1rmi a r\u00f4znymi \u00faradmi to asi nebude \u013eahk\u00e9?\u00a0<\/b><\/h4>\n<p><em><span style=\"font-weight: 400;\">Ke\u010f\u017ee Bikepark Paseky sa nach\u00e1dza vo Vr\u00e1tnej doline v\u00a0bl\u00edzkosti Terchovej a\u00a0toto miesto patr\u00ed pod N\u00e1rodn\u00fd park Mal\u00e1 Fatra, je komunik\u00e1cia a \u201epapierova\u010dky\u201c s\u00a0\u00faradmi a\u00a0ochran\u00e1rmi spravidla na dlh\u0161ie. No sna\u017e\u00edme sa n\u00e1js\u0165 v\u017edy kompromis a\u00a0cestu k\u00a0spolo\u010dnej dohode a\u00a0k\u00a0spokojnosti oboch str\u00e1n, za dodr\u017eania pr\u00edsnych pravidiel N\u00e1rodn\u00e9ho parku Mal\u00e1 Fatra.\u00a0<\/span><\/em><\/p>\n<h4><b>Ako je to s financovan\u00edm pri budovan\u00ed bikeparku a s n\u00e1slednou prev\u00e1dzkou?<\/b><\/h4>\n<p><em><span style=\"font-weight: 400;\">Mo\u017enosti financovania s\u00fa r\u00f4zne. V na\u0161om pr\u00edpade celkov\u00e9 n\u00e1klady spojen\u00e9 s v\u00fdstavbou a \u00fadr\u017ebou bikeparku financuje spolo\u010dnos\u0165 OMNITRADE, a.s., ktor\u00e1 je vlastn\u00edkom strediska Vr\u00e1tna Mal\u00e1 Fatra. Prev\u00e1dzku a\u00a0budovanie trailov m\u00e1 na starosti OZ Biketrails.\u00a0\u00a0<\/span><\/em><\/p>\n<h4><b>Ako \u010dasto obnovujete trate?<\/b><\/h4>\n<p><em><span style=\"font-weight: 400;\">Ide\u00e1lne je robi\u0165 \u00fadr\u017ebu na za\u010diatku ka\u017edej sez\u00f3ny a\u00a0taktie\u017e na konci. To sa ale m\u00f4\u017ee meni\u0165 v\u00a0z\u00e1vislosti od podmienok po\u010das roka. Niekedy prer\u00e1bame tra\u0165 aj po\u010das sez\u00f3ny a\u00a0\u00fadr\u017eba sa rob\u00ed \u010dastej\u0161ie ako 2x do roka. Ku koncu roka sa sna\u017e\u00edme pl\u00e1nova\u0165 nov\u00e9 mo\u017enosti trasovania trailov, doplnenia nov\u00fdch prvkov na trati do \u010fal\u0161ej sez\u00f3ny.\u00a0<\/span><\/em><\/p>\n<p><img loading=\"lazy\" decoding=\"async\" class=\"alignnone size-full wp-image-18380\" src=\"https:\/\/d2p6e6u75xmxt8.cloudfront.net\/4\/2023\/10\/01-1.webp\" alt=\"bikepark vr\u00e1tna\" width=\"990\" height=\"660\" srcset=\"https:\/\/d2p6e6u75xmxt8.cloudfront.net\/4\/2023\/10\/01-1.webp 990w, https:\/\/d2p6e6u75xmxt8.cloudfront.net\/4\/2023\/10\/01-1-300x200.webp 300w, https:\/\/d2p6e6u75xmxt8.cloudfront.net\/4\/2023\/10\/01-1-768x512.webp 768w, https:\/\/d2p6e6u75xmxt8.cloudfront.net\/4\/2023\/10\/01-1-400x267.webp 400w, https:\/\/d2p6e6u75xmxt8.cloudfront.net\/4\/2023\/10\/01-1-272x182.webp 272w\" sizes=\"auto, (max-width: 990px) 100vw, 990px\" \/><\/p>\n<h4><b>Prib\u00fadaj\u00fa priebe\u017ene aj nov\u00e9 \u00faseky, alebo sa menia tie existuj\u00face?<\/b><\/h4>\n<p><em><span style=\"font-weight: 400;\">V r\u00e1mci bikeparku Vr\u00e1tna Paseky sa sna\u017e\u00edme revitalizova\u0165 s\u00fa\u010dasn\u00e9 traily za\u010diatkom sez\u00f3ny a pod\u013ea potreby, ako sme spom\u00ednali vy\u0161\u0161ie, sa upravuj\u00fa aj v priebehu sez\u00f3ny. \u010casto sa pr\u00e1ve tie n\u00e1ro\u010dnej\u0161ie \u00faseky vyjazdia tak, \u017ee jedin\u00e1 mo\u017enos\u0165 je odkloni\u0165 tra\u0165 na stranu. Vzh\u013eadom na atrakt\u00edvnos\u0165 bikeparku, je nevyhnutn\u00e9 budova\u0165 nov\u00e9 prvky a\u00a0trate, aby neomrzeli a\u00a0pril\u00e1kali aj nov\u00fdch bikerov, nech sa na\u0161a komunita na\u010falej rozrast\u00e1.\u00a0<\/span><\/em><\/p>\n<h4><b>In\u0161pirovali ste sa aj bikeparkami v\u00a0zahrani\u010d\u00ed?<\/b><\/h4>\n<p><em><span style=\"font-weight: 400;\">Ur\u010dite \u00e1no, v zahrani\u010d\u00ed sa nach\u00e1dza mno\u017estvo kr\u00e1snych bikeparkov, ktor\u00fdmi sa vieme in\u0161pirova\u0165 a pretavi\u0165 koncepciu trailov u n\u00e1s doma. V\u00a0zahrani\u010d\u00ed maj\u00fa bikeparky dlh\u0161iu trad\u00edciu ako u\u00a0n\u00e1s. M\u00f4\u017eeme spomen\u00fa\u0165 napr\u00edklad Wexl Trails, Doln\u00ed Moravu, Szczyrk Enduro Trails, Schladming, Leogang, Semmering, Val di Sole, Paganella. Samozrejme aj odtia\u013e \u010derp\u00e1me in\u0161pir\u00e1ciu a \u201eodkuk\u00e1vame\u201c, \u010do by sa dalo vylep\u0161i\u0165 a\u00a0realizova\u0165 aj u\u00a0n\u00e1s.\u00a0<\/span><\/em><\/p>\n<h4><b>M\u00e1te nejak\u00fa \u0161pecialitu, ktor\u00fa nemaj\u00fa in\u00e9 bikeparky v\u00a0okol\u00ed?<\/b><\/h4>\n<p><em><span style=\"font-weight: 400;\">Za jednu z\u00a0najv\u00e4\u010d\u0161\u00edch \u0161pecial\u00edt pova\u017eujeme samotn\u00e9 miesto a\u00a0prostredie N\u00e1rodn\u00e9ho parku. <\/span><span style=\"font-weight: 400;\">\ud83d\ude0a<\/span><span style=\"font-weight: 400;\"> Poh\u013eady z\u00a0hornej stanice lanovky s\u00fa dychber\u00face. Do bud\u00facna pl\u00e1nujeme budova\u0165 park tak, aby bol oproti in\u00fdm \u0161pecifickej\u0161\u00ed, odli\u0161nej\u0161\u00ed. Napr\u00edklad dobudovan\u00edm prvkov, ktor\u00e9 jazdci nen\u00e1jdu nikde inde na Slovensku.\u00a0<\/span><\/em><\/p>\n<h4><b>Ko\u013eko trat\u00ed pon\u00fakate?<\/b><\/h4>\n<p><em><span style=\"font-weight: 400;\">Aktu\u00e1lne m\u00e1me dve trate \u2013 \u010derven\u00e1 Downhill a\u00a0zelen\u00e1 FunTrail, v\u00a0minulosti sme mali aj Enduro, ktor\u00e9 pl\u00e1nujeme v\u00a0lete 2024 op\u00e4\u0165 obnovi\u0165 a\u00a0vylep\u0161i\u0165.\u00a0<\/span><\/em><\/p>\n<h4><b>Ak\u00e9 prev\u00fd\u0161enia maj\u00fa jednotliv\u00e9 trate?<\/b><\/h4>\n<p><em><span style=\"font-weight: 400;\">\u010cerven\u00e1 tra\u0165 cca 400 m a\u00a0zelen\u00e1 130 m.\u00a0<\/span><\/em><\/p>\n<p><img loading=\"lazy\" decoding=\"async\" class=\"alignnone size-full wp-image-18381\" src=\"https:\/\/d2p6e6u75xmxt8.cloudfront.net\/4\/2023\/10\/02-2.webp\" alt=\"\" width=\"990\" height=\"660\" srcset=\"https:\/\/d2p6e6u75xmxt8.cloudfront.net\/4\/2023\/10\/02-2.webp 990w, https:\/\/d2p6e6u75xmxt8.cloudfront.net\/4\/2023\/10\/02-2-300x200.webp 300w, https:\/\/d2p6e6u75xmxt8.cloudfront.net\/4\/2023\/10\/02-2-768x512.webp 768w, https:\/\/d2p6e6u75xmxt8.cloudfront.net\/4\/2023\/10\/02-2-400x267.webp 400w, https:\/\/d2p6e6u75xmxt8.cloudfront.net\/4\/2023\/10\/02-2-272x182.webp 272w\" sizes=\"auto, (max-width: 990px) 100vw, 990px\" \/><\/p>\n<h4><b>Ak\u00e1 je obtia\u017enos\u0165 trat\u00ed?<\/b><\/h4>\n<p><em><span style=\"font-weight: 400;\">\u010cerven\u00e1 je pre pokro\u010dilej\u0161\u00edch a\u00a0sk\u00fasenej\u0161\u00edch jazdcov, zelen\u00e1 je od\u013eah\u010dene povedan\u00e9 pre ka\u017ed\u00e9ho, kto vie udr\u017ea\u0165 balans a\u00a0pou\u017e\u00edva\u0165 brzdy na bicykli.\u00a0<\/span><\/em><\/p>\n<h4><b>Ak\u00fd povrch u v\u00e1s \u010dak\u00e1 bikerov \u2013 hlina, kamene, korene?\u00a0<\/b><\/h4>\n<p><em><span style=\"font-weight: 400;\">Z\u00a0ka\u017ed\u00e9ho nie\u010do, teda tak\u00fd mix.\u00a0<\/span><\/em><\/p>\n<h4><b>S\u00fa niektor\u00e9 trate vhodn\u00e9 aj pre rodiny s\u00a0de\u0165mi?<\/b><\/h4>\n<p><em><span style=\"font-weight: 400;\">\u00c1no, spom\u00ednan\u00e1 zelen\u00e1 tra\u0165.\u00a0<\/span><\/em><\/p>\n<h4><b>M\u00e1te k\u00a0dispoz\u00edcii lanovku pre bikerov?<\/b><\/h4>\n<p><em><span style=\"font-weight: 400;\">\u00c1no, v\u00a0stredisku Paseky je k\u00a0dispoz\u00edcii 4-seda\u010dkov\u00e1 lanovka a\u00a0vlek Leitner s\u00a0kotvami, na ktor\u00e9 sa pripevnia riadidl\u00e1 biku.\u00a0<\/span><\/em><\/p>\n<p><img loading=\"lazy\" decoding=\"async\" class=\"alignnone size-full wp-image-18382\" src=\"https:\/\/d2p6e6u75xmxt8.cloudfront.net\/4\/2023\/10\/03-1.webp\" alt=\"\" width=\"990\" height=\"660\" srcset=\"https:\/\/d2p6e6u75xmxt8.cloudfront.net\/4\/2023\/10\/03-1.webp 990w, https:\/\/d2p6e6u75xmxt8.cloudfront.net\/4\/2023\/10\/03-1-300x200.webp 300w, https:\/\/d2p6e6u75xmxt8.cloudfront.net\/4\/2023\/10\/03-1-768x512.webp 768w, https:\/\/d2p6e6u75xmxt8.cloudfront.net\/4\/2023\/10\/03-1-400x267.webp 400w, https:\/\/d2p6e6u75xmxt8.cloudfront.net\/4\/2023\/10\/03-1-272x182.webp 272w\" sizes=\"auto, (max-width: 990px) 100vw, 990px\" \/><\/p>\n<h4><b>Ako m\u00e1te navrhnut\u00e9 vstupn\u00e9 \u2013 celodenn\u00e9, alebo aj hodinov\u00e9?<\/b><\/h4>\n<p><em><span style=\"font-weight: 400;\">V ponuke je 4-hodinov\u00fd alebo celodenn\u00fd l\u00edstok, pr\u00edpadne sez\u00f3nka.\u00a0<\/span><\/em><\/p>\n<h4><b>Ako dlho trv\u00e1 va\u0161a sez\u00f3na?<\/b><\/h4>\n<p><em><span style=\"font-weight: 400;\">D\u00e1 sa poveda\u0165, \u017ee 4 a\u017e 5 mesiacov.\u00a0<\/span><\/em><\/p>\n<h4><b>Dok\u00e1\u017eete nejak\u00fdm sp\u00f4sobom vyu\u017ei\u0165 trate aj v\u00a0zime?<\/b><\/h4>\n<p><em><span style=\"font-weight: 400;\">V\u00a0zime stredisko Paseky funguje ako ly\u017eiarske stredisko, tak\u017ee v\u00a0ide\u00e1lnom pr\u00edpade je v\u0161ade ve\u013ea snehu a\u00a0bikeri s\u00fa na ly\u017eiach. <\/span><span style=\"font-weight: 400;\">\ud83d\ude0a<\/span><\/em><\/p>\n<h4><b>Ak\u00e9 preteky sa u v\u00e1s konaj\u00fa a\u00a0kedy?<\/b><\/h4>\n<p><em><span style=\"font-weight: 400;\">V\u00a0j\u00fali sa u\u00a0n\u00e1s konaj\u00fa ka\u017edoro\u010dne preteky SPDH (Slovensk\u00fd poh\u00e1r v\u00a0downhille), no do bud\u00facna pl\u00e1nujeme zorganizova\u0165 aj vlastn\u00e9 preteky.\u00a0<\/span><\/em><\/p>\n<h4><b>Ak\u00e9 s\u00fa z\u00e1kladn\u00e9 pravidl\u00e1 parku, \u010do sa m\u00f4\u017ee a \u010do nie?<\/b><\/h4>\n<p><em><span style=\"font-weight: 400;\">V\u00a0prvom rade si treba uvedomi\u0165, \u017ee je to BIKE park a\u00a0nie turistick\u00fd chodn\u00edk. Nach\u00e1dzame sa v\u00a0ochrannom p\u00e1sme. Na trati je to hlavne o re\u0161pektovan\u00ed jazdcov medzi sebou a\u00a0re\u0161pektovan\u00ed zna\u010denia. Ka\u017ed\u00fd biker mus\u00ed prisp\u00f4sobi\u0165 r\u00fdchlos\u0165 a\u00a0techniku svojim schopnostiam, nosi\u0165 prilbu a\u00a0chr\u00e1ni\u010de. A\u00a0ma\u0165 bicykel v\u00a0dobrom technickom stave. V\u00a0ka\u017edom pr\u00edpade plat\u00ed <\/span><a href=\"https:\/\/www.vratna.sk\/sk\/cyklotrasy\/cyklotrasy\" target=\"_blank\" rel=\"noopener\"><span style=\"font-weight: 400;\">bezpe\u010dnostn\u00e9 desatoro<\/span><\/a><span style=\"font-weight: 400;\">.<\/span><\/em><\/p>\n<p><img loading=\"lazy\" decoding=\"async\" class=\"alignnone size-full wp-image-18383\" src=\"https:\/\/d2p6e6u75xmxt8.cloudfront.net\/4\/2023\/10\/04.webp\" alt=\"\" width=\"990\" height=\"660\" srcset=\"https:\/\/d2p6e6u75xmxt8.cloudfront.net\/4\/2023\/10\/04.webp 990w, https:\/\/d2p6e6u75xmxt8.cloudfront.net\/4\/2023\/10\/04-300x200.webp 300w, https:\/\/d2p6e6u75xmxt8.cloudfront.net\/4\/2023\/10\/04-768x512.webp 768w, https:\/\/d2p6e6u75xmxt8.cloudfront.net\/4\/2023\/10\/04-400x267.webp 400w, https:\/\/d2p6e6u75xmxt8.cloudfront.net\/4\/2023\/10\/04-272x182.webp 272w\" sizes=\"auto, (max-width: 990px) 100vw, 990px\" \/><\/p>\n<h4><b>Pre ak\u00e9 bicykle je bikepark vhodn\u00fd. M\u00f4\u017eu pr\u00eds\u0165 bikeri s hardtail alebo odpor\u00fa\u010date len celoodpru\u017een\u00e9 modely?<\/b><\/h4>\n<p><em><span style=\"font-weight: 400;\">Obe aktu\u00e1lne trate s\u00fa schodn\u00e9 pre oba typy bikov. \u010casto stret\u00e1vame \u013eud\u00ed na hardtaillov\u00fdch bicykloch.\u00a0<\/span><\/em><\/p>\n<h4><b>M\u00e1te v\u00a0are\u00e1li po\u017ei\u010dov\u0148a bicyklov, servis, mo\u017enos\u0165 umy\u0165 si bike?<\/b><\/h4>\n<p><em><span style=\"font-weight: 400;\">Po\u017ei\u010dov\u0148u ani servis v\u00a0s\u00fa\u010dasnosti neprev\u00e1dzkujeme, \u010do sa samozrejme do bud\u00facnosti s\u00a0dobudovan\u00edm trat\u00ed m\u00f4\u017ee zmeni\u0165. Mo\u017enos\u0165 umy\u0165 si bike samozrejme je k dispoz\u00edcii.\u00a0<\/span><\/em><\/p>\n<h4><b>Je u v\u00e1s aj mo\u017enos\u0165 ubytovania \u010di stravovania?<\/b><\/h4>\n<p><em><span style=\"font-weight: 400;\">Priamo v\u00a0lokalite Paseky je v\u00a0prev\u00e1dzke bistro s\u00a0v\u00fdbornou k\u00e1vou a\u00a0snackmi,\u00a0 pr\u00edpadne v\u00a0tesnej bl\u00edzkosti aj slovensk\u00e9 koliby s\u00a0neodmyslite\u013en\u00fdmi halu\u0161kami. Taktie\u017e je v okol\u00ed\u00a0 viacero s\u00fakromn\u00fdch ubytovac\u00edch zariaden\u00ed alebo bl\u00edzky Hotel Boboty (vzdialen\u00fd 3 km) pon\u00faka okrem ubytovania a\u00a0v\u00fdbornej kuchyne aj baz\u00e9n a\u00a0saunu.\u00a0<\/span><\/em><\/p>\n<p><img loading=\"lazy\" decoding=\"async\" class=\"alignnone size-full wp-image-18384\" src=\"https:\/\/d2p6e6u75xmxt8.cloudfront.net\/4\/2023\/10\/05.webp\" alt=\"\" width=\"990\" height=\"660\" srcset=\"https:\/\/d2p6e6u75xmxt8.cloudfront.net\/4\/2023\/10\/05.webp 990w, https:\/\/d2p6e6u75xmxt8.cloudfront.net\/4\/2023\/10\/05-300x200.webp 300w, https:\/\/d2p6e6u75xmxt8.cloudfront.net\/4\/2023\/10\/05-768x512.webp 768w, https:\/\/d2p6e6u75xmxt8.cloudfront.net\/4\/2023\/10\/05-400x267.webp 400w, https:\/\/d2p6e6u75xmxt8.cloudfront.net\/4\/2023\/10\/05-272x182.webp 272w\" sizes=\"auto, (max-width: 990px) 100vw, 990px\" \/><\/p>\n<h4><b>N\u00e1jdu si \u0161portov\u00e9 vy\u017eitie aj ostatn\u00ed \u010dlenovia rodiny, ktor\u00ed pr\u00eddu?<\/b><\/h4>\n<p><em><span style=\"font-weight: 400;\">Tento rok pribudli na Paseky aj horsk\u00e9 trojkolky s\u00a0v\u00fdvozom na vleku Leitner, aj megatrampol\u00edna o\u00a0rozmeroch 9&#215;9 m. V\u00a0bl\u00edzkosti hornej stanice seda\u010dkovej lanovky Paseky sme umiestnili panoramatick\u00fa hojda\u010dku ako fotopoint s\u00a0\u00fa\u017easn\u00fdm v\u00fdh\u013eadom na cel\u00fd hrebe\u0148 Malej Fatry, na vrch Chleb aj majest\u00e1tny Rozsutec. Len 3 km od bikeparku je kab\u00ednkov\u00e1 lanovka Chleb, ktor\u00e1 v\u00e1s vyvezie do Snilovsk\u00e9ho sedla do v\u00fd\u0161ky cca 1 500 m n. m., kde je aj re\u0161taur\u00e1cia Panor\u00e1ma s\u00a0ve\u013ekou terasou. Odtia\u013e je ve\u013ea mo\u017enost\u00ed na turistiku s\u00a0n\u00e1dhern\u00fdmi v\u00fdh\u013eadmi, na v\u00fdber s\u00fa \u013eah\u0161ie trasy aj pre rodiny s\u00a0de\u0165mi, aj n\u00e1ro\u010dnej\u0161ie celodenn\u00e9 t\u00fary.\u00a0<\/span><\/em><\/p>\n<h4><b>S\u00fa v okol\u00ed aj nejak\u00e9 tradi\u010dn\u00e9 cykloturistick\u00e9 trate, ke\u010f tu chce str\u00e1vi\u0165 viac dn\u00ed?<\/b><\/h4>\n<p><em><span style=\"font-weight: 400;\">Ke\u010f\u017ee Vr\u00e1tna, ako u\u017e bolo spomenut\u00e9, patr\u00ed pod NP Mal\u00e1 Fatra, bicyklovanie v\u00a0tesnom okol\u00ed mimo na\u0161ich trat\u00ed je obmedzen\u00e9 a upraven\u00e9 v\u00a0N\u00e1v\u0161tevnom poriadku NP MF. Av\u0161ak napr\u00edklad z\u00a0bl\u00edzkej Terchovej je na ka\u017ed\u00fa stranu aj v\u010faka OOCR Mal\u00e1 Fatra vybudovan\u00fdch nieko\u013eko desiatok kilometrov trat\u00ed pre \u0161irok\u00fa verejnos\u0165, nevyn\u00edmaj\u00fac <\/span><a href=\"https:\/\/www.welovecycling.com\/sk\/2022\/11\/18\/rozhovor-cyklotrasa-terchovska-dolina-ked-sa-podari-zrealizovat-uzasny-napad\/\" target=\"_blank\" rel=\"noopener\"><span style=\"font-weight: 400;\">ned\u00e1vno dobudovan\u00fa cyklotrasu z\u00a0Terchovej do \u017diliny,<\/span><\/a><span style=\"font-weight: 400;\"> resp. naopak.\u00a0<\/span><\/em><\/p>\n<div class=\"embed-controller-wrapper\">\n<div class=\"embed-wrapper\"><iframe title=\"Letn\u00e1 sez\u00f3na v Bikeparku Paseky\" width=\"500\" height=\"281\" data-src=\"https:\/\/www.youtube.com\/embed\/vbtSWb42SYs?feature=oembed&#038;feature=shared&#038;enablejsapi=1\" frameborder=\"0\" allow=\"accelerometer; autoplay; clipboard-write; encrypted-media; gyroscope; picture-in-picture; web-share\" referrerpolicy=\"strict-origin-when-cross-origin\" allowfullscreen><\/iframe><\/div>\n<\/div>\n<h4><b>Ak\u00e9 m\u00e1te pl\u00e1ny do bud\u00facna?<\/b><\/h4>\n<p><em><span style=\"font-weight: 400;\">Pl\u00e1nov je samozrejme ve\u013ea, sk\u00f4r je to ot\u00e1zka financovania a\u00a0\u017eivotn\u00e9ho prostredia. Ak n\u00e1jdeme spolo\u010dn\u00fa re\u010d, tak sa maj\u00fa n\u00e1v\u0161tevn\u00edci ur\u010dite na \u010do te\u0161i\u0165. Amb\u00edcia je spravi\u0165 kvalitn\u00fd bikepark aj so skills z\u00f3nou, zlep\u0161ova\u0165 slu\u017eby ako tak\u00e9, roz\u0161\u00edri\u0165 mo\u017enosti aj pre rodiny s\u00a0de\u0165mi. A\u00a0budova\u0165 komunitu.\u00a0<\/span><\/em><\/p>\n<p><span style=\"font-weight: 400;\">\u010eakujeme za rozhovor a\u00a0prajem \u013eudom okolo bikeparku, aby im vy\u0161li v\u0161etky pl\u00e1ny a\u00a0bikerom ve\u013ea z\u00e1bavy a\u00a0akt\u00edvneho oddychu vo Vr\u00e1tnej. Aktu\u00e1lne sa u\u017e stredisko pripravuje na zimn\u00fa sez\u00f3nu a bikepark otvor\u00ed svoje br\u00e1ny op\u00e4\u0165 v novej sez\u00f3ne.<\/span><\/p>\n","protected":false},"excerpt":{"rendered":"<p>Nielen J\u00e1no\u0161\u00edk a\u00a0jeho h\u00f4rni chlapci, ale aj vy m\u00f4\u017eete pr\u00eds\u0165 prevetra\u0165 svoje bicykle v\u00a0bl\u00edzkosti Terchovej do bikeparku Paseky. Vr\u00e1tna dolina [&hellip;]<\/p>\n","protected":false},"author":172,"featured_media":18379,"comment_status":"open","ping_status":"open","sticky":false,"template":"","format":"standard","meta":{"footnotes":""},"categories":[191],"tags":[1537,916,303,896,180,1148,501,523,1563,1072,317,172],"global-categories":[1074],"class_list":["post-18378","post","type-post","status-publish","format-standard","has-post-thumbnail","hentry","category-odporucame","tag-bikepark","tag-cyklisticka-destinacia","tag-down-hill","tag-enduro","tag-horska-cyklistika","tag-park","tag-rozhovor","tag-slovensko","tag-terchova","tag-trat","tag-zima","tag-zjazd","global-categories-cycling"],"yoast_head":"<!-- This site is optimized with the Yoast SEO Premium plugin v25.3 (Yoast SEO v25.9) - https:\/\/yoast.com\/wordpress\/plugins\/seo\/ -->\n<title>Rozhovor: Bikepark Vr\u00e1tna Paseky \u2013 smel\u00e9 pl\u00e1ny do bud\u00facna - \u0160koda We Love Cycling Slovensko<\/title>\n<meta name=\"description\" content=\"Nielen J\u00e1no\u0161\u00edk a\u00a0jeho h\u00f4rni chlapci, ale aj vy m\u00f4\u017eete pr\u00eds\u0165 prevetra\u0165 svoje bicykle v\u00a0bl\u00edzkosti Terchovej do bikeparku Paseky.\" \/>\n<meta name=\"robots\" content=\"index, follow, max-snippet:-1, max-image-preview:large, max-video-preview:-1\" \/>\n<link rel=\"canonical\" href=\"https:\/\/www.welovecycling.com\/sk\/2023\/10\/12\/rozhovor-bikepark-vratna-paseky-smele-plany-do-buducna\/\" \/>\n<meta property=\"og:locale\" content=\"sk_SK\" \/>\n<meta property=\"og:type\" content=\"article\" \/>\n<meta property=\"og:title\" content=\"Rozhovor: Bikepark Vr\u00e1tna Paseky \u2013 smel\u00e9 pl\u00e1ny do bud\u00facna\" \/>\n<meta property=\"og:description\" content=\"Nielen J\u00e1no\u0161\u00edk a\u00a0jeho h\u00f4rni chlapci, ale aj vy m\u00f4\u017eete pr\u00eds\u0165 prevetra\u0165 svoje bicykle v\u00a0bl\u00edzkosti Terchovej do bikeparku Paseky.\" \/>\n<meta property=\"og:url\" content=\"https:\/\/www.welovecycling.com\/sk\/2023\/10\/12\/rozhovor-bikepark-vratna-paseky-smele-plany-do-buducna\/\" \/>\n<meta property=\"og:site_name\" content=\"\u0160koda We Love Cycling Slovensko\" \/>\n<meta property=\"article:published_time\" content=\"2023-10-12T08:00:17+00:00\" \/>\n<meta property=\"og:image\" content=\"https:\/\/d2p6e6u75xmxt8.cloudfront.net\/4\/2023\/10\/titulka-1.webp\" \/>\n\t<meta property=\"og:image:width\" content=\"990\" \/>\n\t<meta property=\"og:image:height\" content=\"660\" \/>\n\t<meta property=\"og:image:type\" content=\"image\/webp\" \/>\n<meta name=\"author\" content=\"dominika\" \/>\n<meta name=\"twitter:card\" content=\"summary_large_image\" \/>\n<meta name=\"twitter:label1\" content=\"Written by\" \/>\n\t<meta name=\"twitter:data1\" content=\"Radovan Vr\u0161ka\" \/>\n\t<meta name=\"twitter:label2\" content=\"Est. reading time\" \/>\n\t<meta name=\"twitter:data2\" content=\"5\" \/>\n<script type=\"application\/ld+json\" class=\"yoast-schema-graph\">{\"@context\":\"https:\/\/schema.org\",\"@graph\":[{\"@type\":\"WebPage\",\"@id\":\"https:\/\/www.welovecycling.com\/sk\/2023\/10\/12\/rozhovor-bikepark-vratna-paseky-smele-plany-do-buducna\/\",\"url\":\"https:\/\/www.welovecycling.com\/sk\/2023\/10\/12\/rozhovor-bikepark-vratna-paseky-smele-plany-do-buducna\/\",\"name\":\"Rozhovor: Bikepark Vr\u00e1tna Paseky \u2013 smel\u00e9 pl\u00e1ny do bud\u00facna - \u0160koda We Love Cycling Slovensko\",\"isPartOf\":{\"@id\":\"https:\/\/www.welovecycling.com\/sk\/#website\"},\"primaryImageOfPage\":{\"@id\":\"https:\/\/www.welovecycling.com\/sk\/2023\/10\/12\/rozhovor-bikepark-vratna-paseky-smele-plany-do-buducna\/#primaryimage\"},\"image\":{\"@id\":\"https:\/\/www.welovecycling.com\/sk\/2023\/10\/12\/rozhovor-bikepark-vratna-paseky-smele-plany-do-buducna\/#primaryimage\"},\"thumbnailUrl\":\"https:\/\/d2p6e6u75xmxt8.cloudfront.net\/4\/2023\/10\/titulka-1.webp\",\"datePublished\":\"2023-10-12T08:00:17+00:00\",\"author\":{\"@id\":\"https:\/\/www.welovecycling.com\/sk\/#\/schema\/person\/533b62b98b6c41bd5135ebfb1f742624\"},\"description\":\"Nielen J\u00e1no\u0161\u00edk a\u00a0jeho h\u00f4rni chlapci, ale aj vy m\u00f4\u017eete pr\u00eds\u0165 prevetra\u0165 svoje bicykle v\u00a0bl\u00edzkosti Terchovej do bikeparku Paseky.\",\"breadcrumb\":{\"@id\":\"https:\/\/www.welovecycling.com\/sk\/2023\/10\/12\/rozhovor-bikepark-vratna-paseky-smele-plany-do-buducna\/#breadcrumb\"},\"inLanguage\":\"sk-SK\",\"potentialAction\":[{\"@type\":\"ReadAction\",\"target\":[\"https:\/\/www.welovecycling.com\/sk\/2023\/10\/12\/rozhovor-bikepark-vratna-paseky-smele-plany-do-buducna\/\"]}]},{\"@type\":\"ImageObject\",\"inLanguage\":\"sk-SK\",\"@id\":\"https:\/\/www.welovecycling.com\/sk\/2023\/10\/12\/rozhovor-bikepark-vratna-paseky-smele-plany-do-buducna\/#primaryimage\",\"url\":\"https:\/\/d2p6e6u75xmxt8.cloudfront.net\/4\/2023\/10\/titulka-1.webp\",\"contentUrl\":\"https:\/\/d2p6e6u75xmxt8.cloudfront.net\/4\/2023\/10\/titulka-1.webp\",\"width\":990,\"height\":660,\"caption\":\"bike park vr\u00e1tna paseky\"},{\"@type\":\"BreadcrumbList\",\"@id\":\"https:\/\/www.welovecycling.com\/sk\/2023\/10\/12\/rozhovor-bikepark-vratna-paseky-smele-plany-do-buducna\/#breadcrumb\",\"itemListElement\":[{\"@type\":\"ListItem\",\"position\":1,\"name\":\"Home\",\"item\":\"https:\/\/www.welovecycling.com\/sk\/\"},{\"@type\":\"ListItem\",\"position\":2,\"name\":\"Rozhovor: Bikepark Vr\u00e1tna Paseky \u2013 smel\u00e9 pl\u00e1ny do bud\u00facna\"}]},{\"@type\":\"WebSite\",\"@id\":\"https:\/\/www.welovecycling.com\/sk\/#website\",\"url\":\"https:\/\/www.welovecycling.com\/sk\/\",\"name\":\"\u0160koda We Love Cycling Slovensko\",\"description\":\"\u0160koda We Love Cycling Slovensko je v\u00e1\u0161 ka\u017edodenn\u00fd zdroj noviniek a in\u0161pir\u00e1cie z sveta cyklistiky\",\"potentialAction\":[{\"@type\":\"SearchAction\",\"target\":{\"@type\":\"EntryPoint\",\"urlTemplate\":\"https:\/\/www.welovecycling.com\/sk\/?s={search_term_string}\"},\"query-input\":{\"@type\":\"PropertyValueSpecification\",\"valueRequired\":true,\"valueName\":\"search_term_string\"}}],\"inLanguage\":\"sk-SK\"},{\"@type\":\"Person\",\"@id\":\"https:\/\/www.welovecycling.com\/sk\/#\/schema\/person\/533b62b98b6c41bd5135ebfb1f742624\",\"name\":\"dominika\",\"image\":{\"@type\":\"ImageObject\",\"inLanguage\":\"sk-SK\",\"@id\":\"https:\/\/www.welovecycling.com\/sk\/#\/schema\/person\/image\/\",\"url\":\"https:\/\/secure.gravatar.com\/avatar\/ded6f274ba2ec3e17fff153f7d9d96a4b33c2cb63907f75d9a5309c599a7f3e6?s=96&d=mm&r=g\",\"contentUrl\":\"https:\/\/secure.gravatar.com\/avatar\/ded6f274ba2ec3e17fff153f7d9d96a4b33c2cb63907f75d9a5309c599a7f3e6?s=96&d=mm&r=g\",\"caption\":\"dominika\"},\"url\":\"https:\/\/www.welovecycling.com\/sk\/author\/dominika\/\"}]}<\/script>\n<!-- \/ Yoast SEO Premium plugin. -->","yoast_head_json":{"title":"Rozhovor: Bikepark Vr\u00e1tna Paseky \u2013 smel\u00e9 pl\u00e1ny do bud\u00facna - \u0160koda We Love Cycling Slovensko","description":"Nielen J\u00e1no\u0161\u00edk a\u00a0jeho h\u00f4rni chlapci, ale aj vy m\u00f4\u017eete pr\u00eds\u0165 prevetra\u0165 svoje bicykle v\u00a0bl\u00edzkosti Terchovej do bikeparku Paseky.","robots":{"index":"index","follow":"follow","max-snippet":"max-snippet:-1","max-image-preview":"max-image-preview:large","max-video-preview":"max-video-preview:-1"},"canonical":"https:\/\/www.welovecycling.com\/sk\/2023\/10\/12\/rozhovor-bikepark-vratna-paseky-smele-plany-do-buducna\/","og_locale":"sk_SK","og_type":"article","og_title":"Rozhovor: Bikepark Vr\u00e1tna Paseky \u2013 smel\u00e9 pl\u00e1ny do bud\u00facna","og_description":"Nielen J\u00e1no\u0161\u00edk a\u00a0jeho h\u00f4rni chlapci, ale aj vy m\u00f4\u017eete pr\u00eds\u0165 prevetra\u0165 svoje bicykle v\u00a0bl\u00edzkosti Terchovej do bikeparku Paseky.","og_url":"https:\/\/www.welovecycling.com\/sk\/2023\/10\/12\/rozhovor-bikepark-vratna-paseky-smele-plany-do-buducna\/","og_site_name":"\u0160koda We Love Cycling Slovensko","article_published_time":"2023-10-12T08:00:17+00:00","og_image":[{"width":990,"height":660,"url":"https:\/\/d2p6e6u75xmxt8.cloudfront.net\/4\/2023\/10\/titulka-1.webp","type":"image\/webp"}],"author":"dominika","twitter_card":"summary_large_image","twitter_misc":{"Written by":"Radovan Vr\u0161ka","Est. reading time":"5"},"schema":{"@context":"https:\/\/schema.org","@graph":[{"@type":"WebPage","@id":"https:\/\/www.welovecycling.com\/sk\/2023\/10\/12\/rozhovor-bikepark-vratna-paseky-smele-plany-do-buducna\/","url":"https:\/\/www.welovecycling.com\/sk\/2023\/10\/12\/rozhovor-bikepark-vratna-paseky-smele-plany-do-buducna\/","name":"Rozhovor: Bikepark Vr\u00e1tna Paseky \u2013 smel\u00e9 pl\u00e1ny do bud\u00facna - \u0160koda We Love Cycling Slovensko","isPartOf":{"@id":"https:\/\/www.welovecycling.com\/sk\/#website"},"primaryImageOfPage":{"@id":"https:\/\/www.welovecycling.com\/sk\/2023\/10\/12\/rozhovor-bikepark-vratna-paseky-smele-plany-do-buducna\/#primaryimage"},"image":{"@id":"https:\/\/www.welovecycling.com\/sk\/2023\/10\/12\/rozhovor-bikepark-vratna-paseky-smele-plany-do-buducna\/#primaryimage"},"thumbnailUrl":"https:\/\/d2p6e6u75xmxt8.cloudfront.net\/4\/2023\/10\/titulka-1.webp","datePublished":"2023-10-12T08:00:17+00:00","author":{"@id":"https:\/\/www.welovecycling.com\/sk\/#\/schema\/person\/533b62b98b6c41bd5135ebfb1f742624"},"description":"Nielen J\u00e1no\u0161\u00edk a\u00a0jeho h\u00f4rni chlapci, ale aj vy m\u00f4\u017eete pr\u00eds\u0165 prevetra\u0165 svoje bicykle v\u00a0bl\u00edzkosti Terchovej do bikeparku Paseky.","breadcrumb":{"@id":"https:\/\/www.welovecycling.com\/sk\/2023\/10\/12\/rozhovor-bikepark-vratna-paseky-smele-plany-do-buducna\/#breadcrumb"},"inLanguage":"sk-SK","potentialAction":[{"@type":"ReadAction","target":["https:\/\/www.welovecycling.com\/sk\/2023\/10\/12\/rozhovor-bikepark-vratna-paseky-smele-plany-do-buducna\/"]}]},{"@type":"ImageObject","inLanguage":"sk-SK","@id":"https:\/\/www.welovecycling.com\/sk\/2023\/10\/12\/rozhovor-bikepark-vratna-paseky-smele-plany-do-buducna\/#primaryimage","url":"https:\/\/d2p6e6u75xmxt8.cloudfront.net\/4\/2023\/10\/titulka-1.webp","contentUrl":"https:\/\/d2p6e6u75xmxt8.cloudfront.net\/4\/2023\/10\/titulka-1.webp","width":990,"height":660,"caption":"bike park vr\u00e1tna paseky"},{"@type":"BreadcrumbList","@id":"https:\/\/www.welovecycling.com\/sk\/2023\/10\/12\/rozhovor-bikepark-vratna-paseky-smele-plany-do-buducna\/#breadcrumb","itemListElement":[{"@type":"ListItem","position":1,"name":"Home","item":"https:\/\/www.welovecycling.com\/sk\/"},{"@type":"ListItem","position":2,"name":"Rozhovor: Bikepark Vr\u00e1tna Paseky \u2013 smel\u00e9 pl\u00e1ny do bud\u00facna"}]},{"@type":"WebSite","@id":"https:\/\/www.welovecycling.com\/sk\/#website","url":"https:\/\/www.welovecycling.com\/sk\/","name":"\u0160koda We Love Cycling Slovensko","description":"\u0160koda We Love Cycling Slovensko je v\u00e1\u0161 ka\u017edodenn\u00fd zdroj noviniek a in\u0161pir\u00e1cie z sveta cyklistiky","potentialAction":[{"@type":"SearchAction","target":{"@type":"EntryPoint","urlTemplate":"https:\/\/www.welovecycling.com\/sk\/?s={search_term_string}"},"query-input":{"@type":"PropertyValueSpecification","valueRequired":true,"valueName":"search_term_string"}}],"inLanguage":"sk-SK"},{"@type":"Person","@id":"https:\/\/www.welovecycling.com\/sk\/#\/schema\/person\/533b62b98b6c41bd5135ebfb1f742624","name":"dominika","image":{"@type":"ImageObject","inLanguage":"sk-SK","@id":"https:\/\/www.welovecycling.com\/sk\/#\/schema\/person\/image\/","url":"https:\/\/secure.gravatar.com\/avatar\/ded6f274ba2ec3e17fff153f7d9d96a4b33c2cb63907f75d9a5309c599a7f3e6?s=96&d=mm&r=g","contentUrl":"https:\/\/secure.gravatar.com\/avatar\/ded6f274ba2ec3e17fff153f7d9d96a4b33c2cb63907f75d9a5309c599a7f3e6?s=96&d=mm&r=g","caption":"dominika"},"url":"https:\/\/www.welovecycling.com\/sk\/author\/dominika\/"}]}},"_links":{"self":[{"href":"https:\/\/www.welovecycling.com\/sk\/wp-json\/wp\/v2\/posts\/18378","targetHints":{"allow":["GET"]}}],"collection":[{"href":"https:\/\/www.welovecycling.com\/sk\/wp-json\/wp\/v2\/posts"}],"about":[{"href":"https:\/\/www.welovecycling.com\/sk\/wp-json\/wp\/v2\/types\/post"}],"author":[{"embeddable":true,"href":"https:\/\/www.welovecycling.com\/sk\/wp-json\/wp\/v2\/users\/172"}],"replies":[{"embeddable":true,"href":"https:\/\/www.welovecycling.com\/sk\/wp-json\/wp\/v2\/comments?post=18378"}],"version-history":[{"count":2,"href":"https:\/\/www.welovecycling.com\/sk\/wp-json\/wp\/v2\/posts\/18378\/revisions"}],"predecessor-version":[{"id":18386,"href":"https:\/\/www.welovecycling.com\/sk\/wp-json\/wp\/v2\/posts\/18378\/revisions\/18386"}],"wp:featuredmedia":[{"embeddable":true,"href":"https:\/\/www.welovecycling.com\/sk\/wp-json\/wp\/v2\/media\/18379"}],"wp:attachment":[{"href":"https:\/\/www.welovecycling.com\/sk\/wp-json\/wp\/v2\/media?parent=18378"}],"wp:term":[{"taxonomy":"category","embeddable":true,"href":"https:\/\/www.welovecycling.com\/sk\/wp-json\/wp\/v2\/categories?post=18378"},{"taxonomy":"post_tag","embeddable":true,"href":"https:\/\/www.welovecycling.com\/sk\/wp-json\/wp\/v2\/tags?post=18378"},{"taxonomy":"global-categories","embeddable":true,"href":"https:\/\/www.welovecycling.com\/sk\/wp-json\/wp\/v2\/global-categories?post=18378"}],"curies":[{"name":"wp","href":"https:\/\/api.w.org\/{rel}","templated":true}]}}