{"id":18363,"date":"2023-10-09T10:54:58","date_gmt":"2023-10-09T08:54:58","guid":{"rendered":"https:\/\/www.welovecycling.com\/sk\/?p=18363"},"modified":"2023-10-09T10:55:41","modified_gmt":"2023-10-09T08:55:41","slug":"detska-tour-petra-sagana-jubilejny-10-rocnik-sa-vydaril","status":"publish","type":"post","link":"https:\/\/www.welovecycling.com\/sk\/2023\/10\/09\/detska-tour-petra-sagana-jubilejny-10-rocnik-sa-vydaril\/","title":{"rendered":"Detsk\u00e1 tour Petra Sagana \u2013 jubilejn\u00fd 10. ro\u010dn\u00edk sa vydaril"},"content":{"rendered":"<p><strong>10. ro\u010dn\u00edk ob\u013e\u00fabenej Detskej tour Petra Sagana sa u\u017e dostal do svojho fin\u00e1le a my si pribl\u00ed\u017eime, ako to na jednotliv\u00fdch kol\u00e1ch vyzeralo.\u00a0<\/strong><!--more--><\/p>\n<h2><strong>16.4. &#8211; Budmerice<\/strong><\/h2>\n<p><span style=\"font-weight: 400;\">\u0160tart sez\u00f3ny sa uskuto\u010dnil v\u00a0z\u00e1mockom parku, kde kr\u00e1sne prostredie zmenil d\u00e1\u017e\u010f z\u00a0predch\u00e1dzaj\u00faceho d\u0148a na preteky v\u00a0blate. <strong>Poviete si, \u017ee aj to je cyklistika, ale v\u00a0pr\u00edpade detsk\u00fdch cyklistov s\u00a0men\u0161\u00edmi kolesami to v\u00a0niektor\u00fdch pr\u00edpadoch probl\u00e9m bol.<\/strong> Napriek tomu si u\u017eili kr\u00e1sny de\u0148 a\u00a0\u00fa\u010das\u0165 sa pribl\u00ed\u017eila k\u00a0\u010d\u00edslu 500 a\u00a0to nielen zo Slovenska ale aj z\u00a0\u010ciech, Ma\u010farska \u010di Rak\u00faska.\u00a0<\/span><\/p>\n<p><img loading=\"lazy\" decoding=\"async\" class=\"alignnone size-full wp-image-18364\" src=\"https:\/\/d2p6e6u75xmxt8.cloudfront.net\/4\/2023\/10\/01.webp\" alt=\"\" width=\"990\" height=\"660\" srcset=\"https:\/\/d2p6e6u75xmxt8.cloudfront.net\/4\/2023\/10\/01.webp 990w, https:\/\/d2p6e6u75xmxt8.cloudfront.net\/4\/2023\/10\/01-300x200.webp 300w, https:\/\/d2p6e6u75xmxt8.cloudfront.net\/4\/2023\/10\/01-768x512.webp 768w, https:\/\/d2p6e6u75xmxt8.cloudfront.net\/4\/2023\/10\/01-400x267.webp 400w, https:\/\/d2p6e6u75xmxt8.cloudfront.net\/4\/2023\/10\/01-272x182.webp 272w\" sizes=\"auto, (max-width: 990px) 100vw, 990px\" \/><\/p>\n<h2><\/h2>\n<h2><strong>6. 5. &#8211;\u00a0 \u017dilina<\/strong><\/h2>\n<p><span style=\"font-weight: 400;\">Blato a\u00a0d\u00e1\u017e\u010f neobi\u0161li ani druh\u00e9 kolo Detskej tour Petra Sagana v\u00a0jeho rodnom meste \u017dilina. \u0160tart pretekov bol s\u00edce e\u0161te such\u00fd, ale potom sa rozpr\u0161alo a\u00a0trate sa za\u010dali meni\u0165 na blato. V\u0161etci pretek\u00e1ri si v\u0161ak odhodlane merali sily a aj napriek nepriazni po\u010dasia z\u00edskali dobr\u00e9 umiestnenia.<strong> Novinkou na tohtoro\u010dnej s\u00e9rii bol servisn\u00fd st\u00e1nok, ktor\u00fd bol aj po\u010das tohto kola akt\u00edvne vyu\u017e\u00edvan\u00fd.<\/strong> Od Petra Sagana sme sa dokonca do\u010dkali aj osobnej pozv\u00e1nky, ke\u010f si na\u0161iel \u010das na jeho tr\u00e9ningu, ako vidie\u0165, u\u017e na horskom bicykli.<\/span><\/p>\n<div style=\"width: 480px;\" class=\"wp-video\"><!--[if lt IE 9]><script>document.createElement('video');<\/script><![endif]-->\n<video class=\"wp-video-shortcode\" id=\"video-18363-1\" width=\"480\" height=\"848\" preload=\"metadata\" controls=\"controls\"><source type=\"video\/mp4\" src=\"https:\/\/d2p6e6u75xmxt8.cloudfront.net\/4\/2023\/10\/VIDEO-2023-05-02-03-16-00.mp4?_=1\" \/><a href=\"https:\/\/d2p6e6u75xmxt8.cloudfront.net\/4\/2023\/10\/VIDEO-2023-05-02-03-16-00.mp4\">https:\/\/d2p6e6u75xmxt8.cloudfront.net\/4\/2023\/10\/VIDEO-2023-05-02-03-16-00.mp4<\/a><\/video><\/div>\n<h2><\/h2>\n<h2><strong>21. 5. &#8211; Martin<\/strong><\/h2>\n<p><span style=\"font-weight: 400;\">Odmenou za predch\u00e1dzaj\u00face dve kol\u00e1 bolo kr\u00e1sne slne\u010dn\u00e9 po\u010dasie v\u00a0Martine na letisku Tom\u010dany. \u00da\u010das\u0165 viac ako 600 pretek\u00e1rov bola skvel\u00e1 a\u00a0organiz\u00e1tori museli kv\u00f4li tomu robi\u0165 aj ur\u010dit\u00e9 drobn\u00e9 zmeny v\u00a0kateg\u00f3rii Baby. <strong>Bolo zauj\u00edmav\u00e9 sledova\u0165 viac ako stovku mal\u00fdch cyklistov, ktor\u00ed sa postavili na \u0161tart s\u00a0ve\u013ekou chu\u0165ou preteka\u0165, aj napriek tomu, \u017ee t\u00e1to kateg\u00f3ria je nes\u00fa\u0165a\u017en\u00e1.<\/strong> Je to v\u0161ak viac ne\u017e dobre, \u017ee m\u00e1me tak\u00fa skvel\u00fa z\u00e1klad\u0148u bud\u00facich cyklistov.\u00a0<\/span><\/p>\n<p><img loading=\"lazy\" decoding=\"async\" class=\"alignnone size-full wp-image-18365\" src=\"https:\/\/d2p6e6u75xmxt8.cloudfront.net\/4\/2023\/10\/02.webp\" alt=\"\" width=\"990\" height=\"660\" srcset=\"https:\/\/d2p6e6u75xmxt8.cloudfront.net\/4\/2023\/10\/02.webp 990w, https:\/\/d2p6e6u75xmxt8.cloudfront.net\/4\/2023\/10\/02-300x200.webp 300w, https:\/\/d2p6e6u75xmxt8.cloudfront.net\/4\/2023\/10\/02-768x512.webp 768w, https:\/\/d2p6e6u75xmxt8.cloudfront.net\/4\/2023\/10\/02-400x267.webp 400w, https:\/\/d2p6e6u75xmxt8.cloudfront.net\/4\/2023\/10\/02-272x182.webp 272w\" sizes=\"auto, (max-width: 990px) 100vw, 990px\" \/><\/p>\n<h2><\/h2>\n<h2><strong>11. 6. &#8211; Dem\u00e4nov\u00e1<\/strong><\/h2>\n<p><span style=\"font-weight: 400;\">Kr\u00e1sne prostredie N\u00edzkych Tatier pon\u00faklo mal\u00fdm pretek\u00e1rom n\u00e1ro\u010dn\u00fa tra\u0165 pln\u00fa technick\u00fdch pas\u00e1\u017e\u00ed, ale aj most\u00edkov a\u00a0ne\u010dakan\u00fdch z\u00e1krut. <strong>Viacer\u00ed sa potr\u00e1pili v\u00a0tiahlom st\u00fapan\u00ed, ale o\u00a0to zauj\u00edmavej\u0161ie to bolo pre v\u0161etk\u00fdch.<\/strong> Niektor\u00fdm pretek\u00e1rom to vyhovovalo a\u00a0z\u00edskali svoje prv\u00e9 v\u00ed\u0165azstv\u00e1. In\u00ed zasa bojovali vyrovnane do poslednej sekundy a\u00a0ob\u010das o\u00a0v\u00ed\u0165azovi rozhodli a\u017e technick\u00e9 probl\u00e9my. Pred letn\u00fdmi pr\u00e1zdninami n\u00e1s \u010dakalo e\u0161te jedno kolo a\u00a0to ob\u013e\u00faben\u00e9 Topo\u013e\u010dianky.\u00a0<\/span><\/p>\n<div class=\"embed-controller-wrapper\">\n<div class=\"embed-wrapper\"><iframe title=\"Detsk\u00e1 tour Petra Sagana 2023 | TOP MOMENTY zo 4. kola | DEM\u00c4NOV\u00c1\" width=\"500\" height=\"281\" data-src=\"https:\/\/www.youtube.com\/embed\/IbtgG3F33K4?feature=oembed&#038;feature=shared&#038;enablejsapi=1\" frameborder=\"0\" allow=\"accelerometer; autoplay; clipboard-write; encrypted-media; gyroscope; picture-in-picture; web-share\" referrerpolicy=\"strict-origin-when-cross-origin\" allowfullscreen><\/iframe><\/div>\n<\/div>\n<h2><\/h2>\n<h2><strong>25. 6. &#8211; Topo\u013e\u010dianky<\/strong><\/h2>\n<p><span style=\"font-weight: 400;\">Po ro\u010dnej prest\u00e1vke Detsk\u00e1 tour nemohla vynecha\u0165 toto ikonick\u00e9 miesto. Ako v\u017edy sa pretekalo hne\u010f ved\u013ea dostihovej dr\u00e1hy a tra\u0165 zah\u0155\u0148ala nielen technick\u00fa \u010das\u0165 v pri\u013eahlom les\u00edku, ale aj pumptrack, ktor\u00fd bol pre niektor\u00fdch skuto\u010dnou v\u00fdzvou. <strong>Cie\u013eov\u00e1 rovinka bola na atletickom ov\u00e1le, a tak si mali cyklisti mohli vychutna\u0165 skuto\u010dn\u00fd \u0161portov\u00fd z\u00e1ver, ako na ve\u013ek\u00fdch pretekoch.<\/strong> Rodi\u010dia si mohli po pretekoch prehliadnu\u0165 kr\u00e1su kon\u00ed a ochutna\u0165 kvalitn\u00e9 v\u00edno.<\/span><\/p>\n<div class=\"embed-controller-wrapper\">\n<div class=\"embed-wrapper\"><iframe title=\"Detsk\u00e1 tour Petra Sagana 2023 | TOP MOMENTY z 5. kola | TOPO\u013d\u010cIANKY\" width=\"500\" height=\"281\" data-src=\"https:\/\/www.youtube.com\/embed\/HTj53SLBFdI?feature=oembed&#038;feature=shared&#038;enablejsapi=1\" frameborder=\"0\" allow=\"accelerometer; autoplay; clipboard-write; encrypted-media; gyroscope; picture-in-picture; web-share\" referrerpolicy=\"strict-origin-when-cross-origin\" allowfullscreen><\/iframe><\/div>\n<\/div>\n<h2><\/h2>\n<h2><strong>2. 9. &#8211;\u00a0 Poprad<\/strong><\/h2>\n<p><span style=\"font-weight: 400;\">Po prv\u00fdkr\u00e1t sa konala Detsk\u00e1 tour Petra Sagana v Poprade. Lep\u0161ie povedan\u00e9 v mestskej \u010dasti Spi\u0161sk\u00e1 Sobota, ktor\u00e1 m\u00e1 bohat\u00fa hist\u00f3riu a v\u00fdznamn\u00e9 pamiatky. V\u00fdber padol na toto miesto aj kv\u00f4li tomu, \u017ee Poprad sa stal v roku 2023 Eur\u00f3pskym mestom \u0161portu. Po\u010fme sa ale pozrie\u0165 na tra\u0165, ktor\u00e1 pon\u00fakla pretek\u00e1rom r\u00f4zne povrchy. \u010cas\u0165 trate viedla po l\u00fake, kde ich potr\u00e1pilo jedno st\u00fapanie a pozor si museli d\u00e1va\u0165 aj na ma\u010dac\u00edch kock\u00e1ch v centre mesta. <strong>Videli sme ve\u013ea kr\u00e1snych bojov a aj to, \u017ee aj z posledn\u00e9ho miesta sa d\u00e1 prebojova\u0165 na stupne v\u00ed\u0165azov.\u00a0<\/strong><\/span><\/p>\n<p><img loading=\"lazy\" decoding=\"async\" class=\"alignnone size-full wp-image-18367\" src=\"https:\/\/d2p6e6u75xmxt8.cloudfront.net\/4\/2023\/10\/03.webp\" alt=\"\" width=\"990\" height=\"660\" srcset=\"https:\/\/d2p6e6u75xmxt8.cloudfront.net\/4\/2023\/10\/03.webp 990w, https:\/\/d2p6e6u75xmxt8.cloudfront.net\/4\/2023\/10\/03-300x200.webp 300w, https:\/\/d2p6e6u75xmxt8.cloudfront.net\/4\/2023\/10\/03-768x512.webp 768w, https:\/\/d2p6e6u75xmxt8.cloudfront.net\/4\/2023\/10\/03-400x267.webp 400w, https:\/\/d2p6e6u75xmxt8.cloudfront.net\/4\/2023\/10\/03-272x182.webp 272w\" sizes=\"auto, (max-width: 990px) 100vw, 990px\" \/><\/p>\n<h2><\/h2>\n<h2><strong>23. 9. &#8211; \u0160amor\u00edn<\/strong><\/h2>\n<p><span style=\"font-weight: 400;\">Po pr\u00e1zdnin\u00e1ch sa pokra\u010dovalo na v\u00fdchode Slovenska. V are\u00e1li X-BIONIC Sphere sa v tento v\u00edkend konal Bike festival a okrem Detskej tour sa s\u00fa\u0165a\u017eilo v Speed triale a uskuto\u010dnili sa aj Majstrovstv\u00e1 Slovenska v gravel discipl\u00edne. Aj z\u00e1ver celej s\u00e9rie pozna\u010dilo po\u010dasie, a to sa odrazilo v slab\u0161ej \u00fa\u010dasti. <strong>Napriek tomu bolo na \u010do pozera\u0165, ve\u010f sa tentokr\u00e1t s\u00fa\u0165a\u017eilo aj o farebn\u00e9 dresy, ako na ve\u013ek\u00fdch svetov\u00fdch cyklistick\u00fdch pretekoch.<\/strong> Okrem toho, ka\u017ed\u00fd \u00fa\u010dastn\u00edk fin\u00e1lov\u00e9ho kola z\u00edskal pam\u00e4tn\u00fa medailu, a tak rados\u0165 v detsk\u00fdch o\u010diach bola obrovsk\u00e1.\u00a0<\/span><\/p>\n<div class=\"embed-controller-wrapper\">\n<div class=\"embed-wrapper\"><iframe title=\"Detsk\u00e1 tour Petra Sagana 2023 | TOP MOMENTY z fin\u00e1lov\u00e9ho kola | \u0160amor\u00edn\" width=\"500\" height=\"281\" data-src=\"https:\/\/www.youtube.com\/embed\/4OiDrg1GdGY?feature=oembed&#038;feature=shared&#038;enablejsapi=1\" frameborder=\"0\" allow=\"accelerometer; autoplay; clipboard-write; encrypted-media; gyroscope; picture-in-picture; web-share\" referrerpolicy=\"strict-origin-when-cross-origin\" allowfullscreen><\/iframe><\/div>\n<\/div>\n<p><span style=\"font-weight: 400;\">Po skvelom jubilejnom ro\u010dn\u00edku n\u00e1m ost\u00e1va kon\u0161tatova\u0165, \u017ee organiz\u00e1tori maj\u00fa u\u017e teraz o\u00a0\u010dom prem\u00fd\u0161\u013ea\u0165, aby pripravili rovnako dobr\u00fd, ak nie e\u0161te lep\u0161\u00ed \u010fal\u0161\u00ed ro\u010dn\u00edk Detskej tour Petra Sagana. A\u00a0mo\u017eno sa bud\u00faci rok mal\u00ed pretek\u00e1ri do\u010dkaj\u00fa aj osobnej \u00fa\u010dasti Petra Sagana. Ost\u00e1va d\u00fafa\u0165, \u017ee si n\u00e1jde \u010das. A\u00a0mo\u017eno n\u00e1s v\u0161etk\u00fdch prekvap\u00ed.\u00a0<\/span><\/p>\n","protected":false},"excerpt":{"rendered":"<p>10. ro\u010dn\u00edk ob\u013e\u00fabenej Detskej tour Petra Sagana sa u\u017e dostal do svojho fin\u00e1le a my si pribl\u00ed\u017eime, ako to na [&hellip;]<\/p>\n","protected":false},"author":172,"featured_media":18372,"comment_status":"open","ping_status":"open","sticky":false,"template":"","format":"standard","meta":{"footnotes":""},"categories":[191],"tags":[115,53,1386,764,180,179,39,509,1557],"global-categories":[1074],"class_list":["post-18363","post","type-post","status-publish","format-standard","has-post-thumbnail","hentry","category-odporucame","tag-cestna-cyklistika","tag-deti","tag-deti-na-bicykli","tag-detska-tour-petra-sagana","tag-horska-cyklistika","tag-preteky","tag-reportaz","tag-rodina","tag-sezona-2023","global-categories-cycling"],"yoast_head":"<!-- This site is optimized with the Yoast SEO Premium plugin v25.3 (Yoast SEO v25.9) - https:\/\/yoast.com\/wordpress\/plugins\/seo\/ -->\n<title>Detsk\u00e1 tour Petra Sagana \u2013 jubilejn\u00fd 10. ro\u010dn\u00edk sa vydaril - \u0160koda We Love Cycling Slovensko<\/title>\n<meta name=\"description\" content=\"10. ro\u010dn\u00edk ob\u013e\u00fabenej Detskej tour Petra Sagana sa u\u017e dostal do svojho fin\u00e1le a my si pribl\u00ed\u017eime, ako to na jednotliv\u00fdch kol\u00e1ch vyzeralo.\u00a0\" \/>\n<meta name=\"robots\" content=\"index, follow, max-snippet:-1, max-image-preview:large, max-video-preview:-1\" \/>\n<link rel=\"canonical\" href=\"https:\/\/www.welovecycling.com\/sk\/2023\/10\/09\/detska-tour-petra-sagana-jubilejny-10-rocnik-sa-vydaril\/\" \/>\n<meta property=\"og:locale\" content=\"sk_SK\" \/>\n<meta property=\"og:type\" content=\"article\" \/>\n<meta property=\"og:title\" content=\"Detsk\u00e1 tour Petra Sagana \u2013 jubilejn\u00fd 10. ro\u010dn\u00edk sa vydaril\" \/>\n<meta property=\"og:description\" content=\"10. ro\u010dn\u00edk ob\u013e\u00fabenej Detskej tour Petra Sagana sa u\u017e dostal do svojho fin\u00e1le a my si pribl\u00ed\u017eime, ako to na jednotliv\u00fdch kol\u00e1ch vyzeralo.\u00a0\" \/>\n<meta property=\"og:url\" content=\"https:\/\/www.welovecycling.com\/sk\/2023\/10\/09\/detska-tour-petra-sagana-jubilejny-10-rocnik-sa-vydaril\/\" \/>\n<meta property=\"og:site_name\" content=\"\u0160koda We Love Cycling Slovensko\" \/>\n<meta property=\"article:published_time\" content=\"2023-10-09T08:54:58+00:00\" \/>\n<meta property=\"article:modified_time\" content=\"2023-10-09T08:55:41+00:00\" \/>\n<meta property=\"og:image\" content=\"https:\/\/d2p6e6u75xmxt8.cloudfront.net\/4\/2023\/10\/titulka.webp\" \/>\n\t<meta property=\"og:image:width\" content=\"990\" \/>\n\t<meta property=\"og:image:height\" content=\"660\" \/>\n\t<meta property=\"og:image:type\" content=\"image\/webp\" \/>\n<meta name=\"author\" content=\"dominika\" \/>\n<meta name=\"twitter:card\" content=\"summary_large_image\" \/>\n<meta name=\"twitter:label1\" content=\"Written by\" \/>\n\t<meta name=\"twitter:data1\" content=\"We Love Cycling\" \/>\n\t<meta name=\"twitter:label2\" content=\"Est. reading time\" \/>\n\t<meta name=\"twitter:data2\" content=\"4\" \/>\n<script type=\"application\/ld+json\" class=\"yoast-schema-graph\">{\"@context\":\"https:\/\/schema.org\",\"@graph\":[{\"@type\":\"WebPage\",\"@id\":\"https:\/\/www.welovecycling.com\/sk\/2023\/10\/09\/detska-tour-petra-sagana-jubilejny-10-rocnik-sa-vydaril\/\",\"url\":\"https:\/\/www.welovecycling.com\/sk\/2023\/10\/09\/detska-tour-petra-sagana-jubilejny-10-rocnik-sa-vydaril\/\",\"name\":\"Detsk\u00e1 tour Petra Sagana \u2013 jubilejn\u00fd 10. ro\u010dn\u00edk sa vydaril - \u0160koda We Love Cycling Slovensko\",\"isPartOf\":{\"@id\":\"https:\/\/www.welovecycling.com\/sk\/#website\"},\"primaryImageOfPage\":{\"@id\":\"https:\/\/www.welovecycling.com\/sk\/2023\/10\/09\/detska-tour-petra-sagana-jubilejny-10-rocnik-sa-vydaril\/#primaryimage\"},\"image\":{\"@id\":\"https:\/\/www.welovecycling.com\/sk\/2023\/10\/09\/detska-tour-petra-sagana-jubilejny-10-rocnik-sa-vydaril\/#primaryimage\"},\"thumbnailUrl\":\"https:\/\/d2p6e6u75xmxt8.cloudfront.net\/4\/2023\/10\/titulka.webp\",\"datePublished\":\"2023-10-09T08:54:58+00:00\",\"dateModified\":\"2023-10-09T08:55:41+00:00\",\"author\":{\"@id\":\"https:\/\/www.welovecycling.com\/sk\/#\/schema\/person\/533b62b98b6c41bd5135ebfb1f742624\"},\"description\":\"10. ro\u010dn\u00edk ob\u013e\u00fabenej Detskej tour Petra Sagana sa u\u017e dostal do svojho fin\u00e1le a my si pribl\u00ed\u017eime, ako to na jednotliv\u00fdch kol\u00e1ch vyzeralo.\u00a0\",\"breadcrumb\":{\"@id\":\"https:\/\/www.welovecycling.com\/sk\/2023\/10\/09\/detska-tour-petra-sagana-jubilejny-10-rocnik-sa-vydaril\/#breadcrumb\"},\"inLanguage\":\"sk-SK\",\"potentialAction\":[{\"@type\":\"ReadAction\",\"target\":[\"https:\/\/www.welovecycling.com\/sk\/2023\/10\/09\/detska-tour-petra-sagana-jubilejny-10-rocnik-sa-vydaril\/\"]}]},{\"@type\":\"ImageObject\",\"inLanguage\":\"sk-SK\",\"@id\":\"https:\/\/www.welovecycling.com\/sk\/2023\/10\/09\/detska-tour-petra-sagana-jubilejny-10-rocnik-sa-vydaril\/#primaryimage\",\"url\":\"https:\/\/d2p6e6u75xmxt8.cloudfront.net\/4\/2023\/10\/titulka.webp\",\"contentUrl\":\"https:\/\/d2p6e6u75xmxt8.cloudfront.net\/4\/2023\/10\/titulka.webp\",\"width\":990,\"height\":660},{\"@type\":\"BreadcrumbList\",\"@id\":\"https:\/\/www.welovecycling.com\/sk\/2023\/10\/09\/detska-tour-petra-sagana-jubilejny-10-rocnik-sa-vydaril\/#breadcrumb\",\"itemListElement\":[{\"@type\":\"ListItem\",\"position\":1,\"name\":\"Home\",\"item\":\"https:\/\/www.welovecycling.com\/sk\/\"},{\"@type\":\"ListItem\",\"position\":2,\"name\":\"Detsk\u00e1 tour Petra Sagana \u2013 jubilejn\u00fd 10. ro\u010dn\u00edk sa vydaril\"}]},{\"@type\":\"WebSite\",\"@id\":\"https:\/\/www.welovecycling.com\/sk\/#website\",\"url\":\"https:\/\/www.welovecycling.com\/sk\/\",\"name\":\"\u0160koda We Love Cycling Slovensko\",\"description\":\"\u0160koda We Love Cycling Slovensko je v\u00e1\u0161 ka\u017edodenn\u00fd zdroj noviniek a in\u0161pir\u00e1cie z sveta cyklistiky\",\"potentialAction\":[{\"@type\":\"SearchAction\",\"target\":{\"@type\":\"EntryPoint\",\"urlTemplate\":\"https:\/\/www.welovecycling.com\/sk\/?s={search_term_string}\"},\"query-input\":{\"@type\":\"PropertyValueSpecification\",\"valueRequired\":true,\"valueName\":\"search_term_string\"}}],\"inLanguage\":\"sk-SK\"},{\"@type\":\"Person\",\"@id\":\"https:\/\/www.welovecycling.com\/sk\/#\/schema\/person\/533b62b98b6c41bd5135ebfb1f742624\",\"name\":\"dominika\",\"image\":{\"@type\":\"ImageObject\",\"inLanguage\":\"sk-SK\",\"@id\":\"https:\/\/www.welovecycling.com\/sk\/#\/schema\/person\/image\/\",\"url\":\"https:\/\/secure.gravatar.com\/avatar\/ded6f274ba2ec3e17fff153f7d9d96a4b33c2cb63907f75d9a5309c599a7f3e6?s=96&d=mm&r=g\",\"contentUrl\":\"https:\/\/secure.gravatar.com\/avatar\/ded6f274ba2ec3e17fff153f7d9d96a4b33c2cb63907f75d9a5309c599a7f3e6?s=96&d=mm&r=g\",\"caption\":\"dominika\"},\"url\":\"https:\/\/www.welovecycling.com\/sk\/author\/dominika\/\"}]}<\/script>\n<!-- \/ Yoast SEO Premium plugin. -->","yoast_head_json":{"title":"Detsk\u00e1 tour Petra Sagana \u2013 jubilejn\u00fd 10. ro\u010dn\u00edk sa vydaril - \u0160koda We Love Cycling Slovensko","description":"10. ro\u010dn\u00edk ob\u013e\u00fabenej Detskej tour Petra Sagana sa u\u017e dostal do svojho fin\u00e1le a my si pribl\u00ed\u017eime, ako to na jednotliv\u00fdch kol\u00e1ch vyzeralo.\u00a0","robots":{"index":"index","follow":"follow","max-snippet":"max-snippet:-1","max-image-preview":"max-image-preview:large","max-video-preview":"max-video-preview:-1"},"canonical":"https:\/\/www.welovecycling.com\/sk\/2023\/10\/09\/detska-tour-petra-sagana-jubilejny-10-rocnik-sa-vydaril\/","og_locale":"sk_SK","og_type":"article","og_title":"Detsk\u00e1 tour Petra Sagana \u2013 jubilejn\u00fd 10. ro\u010dn\u00edk sa vydaril","og_description":"10. ro\u010dn\u00edk ob\u013e\u00fabenej Detskej tour Petra Sagana sa u\u017e dostal do svojho fin\u00e1le a my si pribl\u00ed\u017eime, ako to na jednotliv\u00fdch kol\u00e1ch vyzeralo.\u00a0","og_url":"https:\/\/www.welovecycling.com\/sk\/2023\/10\/09\/detska-tour-petra-sagana-jubilejny-10-rocnik-sa-vydaril\/","og_site_name":"\u0160koda We Love Cycling Slovensko","article_published_time":"2023-10-09T08:54:58+00:00","article_modified_time":"2023-10-09T08:55:41+00:00","og_image":[{"width":990,"height":660,"url":"https:\/\/d2p6e6u75xmxt8.cloudfront.net\/4\/2023\/10\/titulka.webp","type":"image\/webp"}],"author":"dominika","twitter_card":"summary_large_image","twitter_misc":{"Written by":"We Love Cycling","Est. reading time":"4"},"schema":{"@context":"https:\/\/schema.org","@graph":[{"@type":"WebPage","@id":"https:\/\/www.welovecycling.com\/sk\/2023\/10\/09\/detska-tour-petra-sagana-jubilejny-10-rocnik-sa-vydaril\/","url":"https:\/\/www.welovecycling.com\/sk\/2023\/10\/09\/detska-tour-petra-sagana-jubilejny-10-rocnik-sa-vydaril\/","name":"Detsk\u00e1 tour Petra Sagana \u2013 jubilejn\u00fd 10. ro\u010dn\u00edk sa vydaril - \u0160koda We Love Cycling Slovensko","isPartOf":{"@id":"https:\/\/www.welovecycling.com\/sk\/#website"},"primaryImageOfPage":{"@id":"https:\/\/www.welovecycling.com\/sk\/2023\/10\/09\/detska-tour-petra-sagana-jubilejny-10-rocnik-sa-vydaril\/#primaryimage"},"image":{"@id":"https:\/\/www.welovecycling.com\/sk\/2023\/10\/09\/detska-tour-petra-sagana-jubilejny-10-rocnik-sa-vydaril\/#primaryimage"},"thumbnailUrl":"https:\/\/d2p6e6u75xmxt8.cloudfront.net\/4\/2023\/10\/titulka.webp","datePublished":"2023-10-09T08:54:58+00:00","dateModified":"2023-10-09T08:55:41+00:00","author":{"@id":"https:\/\/www.welovecycling.com\/sk\/#\/schema\/person\/533b62b98b6c41bd5135ebfb1f742624"},"description":"10. ro\u010dn\u00edk ob\u013e\u00fabenej Detskej tour Petra Sagana sa u\u017e dostal do svojho fin\u00e1le a my si pribl\u00ed\u017eime, ako to na jednotliv\u00fdch kol\u00e1ch vyzeralo.\u00a0","breadcrumb":{"@id":"https:\/\/www.welovecycling.com\/sk\/2023\/10\/09\/detska-tour-petra-sagana-jubilejny-10-rocnik-sa-vydaril\/#breadcrumb"},"inLanguage":"sk-SK","potentialAction":[{"@type":"ReadAction","target":["https:\/\/www.welovecycling.com\/sk\/2023\/10\/09\/detska-tour-petra-sagana-jubilejny-10-rocnik-sa-vydaril\/"]}]},{"@type":"ImageObject","inLanguage":"sk-SK","@id":"https:\/\/www.welovecycling.com\/sk\/2023\/10\/09\/detska-tour-petra-sagana-jubilejny-10-rocnik-sa-vydaril\/#primaryimage","url":"https:\/\/d2p6e6u75xmxt8.cloudfront.net\/4\/2023\/10\/titulka.webp","contentUrl":"https:\/\/d2p6e6u75xmxt8.cloudfront.net\/4\/2023\/10\/titulka.webp","width":990,"height":660},{"@type":"BreadcrumbList","@id":"https:\/\/www.welovecycling.com\/sk\/2023\/10\/09\/detska-tour-petra-sagana-jubilejny-10-rocnik-sa-vydaril\/#breadcrumb","itemListElement":[{"@type":"ListItem","position":1,"name":"Home","item":"https:\/\/www.welovecycling.com\/sk\/"},{"@type":"ListItem","position":2,"name":"Detsk\u00e1 tour Petra Sagana \u2013 jubilejn\u00fd 10. ro\u010dn\u00edk sa vydaril"}]},{"@type":"WebSite","@id":"https:\/\/www.welovecycling.com\/sk\/#website","url":"https:\/\/www.welovecycling.com\/sk\/","name":"\u0160koda We Love Cycling Slovensko","description":"\u0160koda We Love Cycling Slovensko je v\u00e1\u0161 ka\u017edodenn\u00fd zdroj noviniek a in\u0161pir\u00e1cie z sveta cyklistiky","potentialAction":[{"@type":"SearchAction","target":{"@type":"EntryPoint","urlTemplate":"https:\/\/www.welovecycling.com\/sk\/?s={search_term_string}"},"query-input":{"@type":"PropertyValueSpecification","valueRequired":true,"valueName":"search_term_string"}}],"inLanguage":"sk-SK"},{"@type":"Person","@id":"https:\/\/www.welovecycling.com\/sk\/#\/schema\/person\/533b62b98b6c41bd5135ebfb1f742624","name":"dominika","image":{"@type":"ImageObject","inLanguage":"sk-SK","@id":"https:\/\/www.welovecycling.com\/sk\/#\/schema\/person\/image\/","url":"https:\/\/secure.gravatar.com\/avatar\/ded6f274ba2ec3e17fff153f7d9d96a4b33c2cb63907f75d9a5309c599a7f3e6?s=96&d=mm&r=g","contentUrl":"https:\/\/secure.gravatar.com\/avatar\/ded6f274ba2ec3e17fff153f7d9d96a4b33c2cb63907f75d9a5309c599a7f3e6?s=96&d=mm&r=g","caption":"dominika"},"url":"https:\/\/www.welovecycling.com\/sk\/author\/dominika\/"}]}},"_links":{"self":[{"href":"https:\/\/www.welovecycling.com\/sk\/wp-json\/wp\/v2\/posts\/18363","targetHints":{"allow":["GET"]}}],"collection":[{"href":"https:\/\/www.welovecycling.com\/sk\/wp-json\/wp\/v2\/posts"}],"about":[{"href":"https:\/\/www.welovecycling.com\/sk\/wp-json\/wp\/v2\/types\/post"}],"author":[{"embeddable":true,"href":"https:\/\/www.welovecycling.com\/sk\/wp-json\/wp\/v2\/users\/172"}],"replies":[{"embeddable":true,"href":"https:\/\/www.welovecycling.com\/sk\/wp-json\/wp\/v2\/comments?post=18363"}],"version-history":[{"count":5,"href":"https:\/\/www.welovecycling.com\/sk\/wp-json\/wp\/v2\/posts\/18363\/revisions"}],"predecessor-version":[{"id":18374,"href":"https:\/\/www.welovecycling.com\/sk\/wp-json\/wp\/v2\/posts\/18363\/revisions\/18374"}],"wp:featuredmedia":[{"embeddable":true,"href":"https:\/\/www.welovecycling.com\/sk\/wp-json\/wp\/v2\/media\/18372"}],"wp:attachment":[{"href":"https:\/\/www.welovecycling.com\/sk\/wp-json\/wp\/v2\/media?parent=18363"}],"wp:term":[{"taxonomy":"category","embeddable":true,"href":"https:\/\/www.welovecycling.com\/sk\/wp-json\/wp\/v2\/categories?post=18363"},{"taxonomy":"post_tag","embeddable":true,"href":"https:\/\/www.welovecycling.com\/sk\/wp-json\/wp\/v2\/tags?post=18363"},{"taxonomy":"global-categories","embeddable":true,"href":"https:\/\/www.welovecycling.com\/sk\/wp-json\/wp\/v2\/global-categories?post=18363"}],"curies":[{"name":"wp","href":"https:\/\/api.w.org\/{rel}","templated":true}]}}