{"id":18340,"date":"2023-10-05T08:47:56","date_gmt":"2023-10-05T06:47:56","guid":{"rendered":"https:\/\/www.welovecycling.com\/sk\/?p=18340"},"modified":"2023-10-05T08:47:56","modified_gmt":"2023-10-05T06:47:56","slug":"vynimocne-zeny-ktorych-vasnou-bola-aj-cyklistika-marie-curie","status":"publish","type":"post","link":"https:\/\/www.welovecycling.com\/sk\/2023\/10\/05\/vynimocne-zeny-ktorych-vasnou-bola-aj-cyklistika-marie-curie\/","title":{"rendered":"V\u00fdnimo\u010dn\u00e9 \u017eeny, ktor\u00fdch v\u00e1\u0161\u0148ou bola aj cyklistika: Marie Curie"},"content":{"rendered":"<p><b>Marie Curie, meno sp\u00e1jan\u00e9 s prevratn\u00fdmi vedeck\u00fdmi \u00faspechmi. T\u00e1to \u017eena je priekopni\u010dkou vo v\u00fdskume r\u00e1dioaktivity, je to prv\u00e1 \u017eena, ktor\u00e1 vyhrala Nobelovu cenu, prv\u00e1 osoba, ktor\u00e1 ju vyhrala dvakr\u00e1t, a jedin\u00e1 osoba, ktor\u00e1 bola ocenen\u00e1 Nobelovou cenou v dvoch r\u00f4znych vedeck\u00fdch odboroch.<\/b><\/p>\n<p><!--more--><\/p>\n<p><span style=\"font-weight: 400;\"><strong>Niet poch\u00fdb o tom, \u017ee jej pr\u00ednos pre vedu a \u013eudstvo zanechal vo svete nezmazate\u013en\u00fa stopu.<\/strong> Mnoh\u00ed si v\u0161ak neuvedomuj\u00fa, \u017ee popri svojej pozoruhodnej vedeckej kari\u00e9re bola Marie Curie aj v\u00e1\u0161nivou cyklistkou. Slobodu a rados\u0165\u00a0 jej do \u017eivota priniesol bicykel koncom 19. a za\u010diatkom 20. storo\u010dia.<\/span><\/p>\n<p><span style=\"font-weight: 400;\"><strong>Po\u010fme sa pozrie\u0165 na v\u00e1\u0161e\u0148 Marie Curie a jej vplyv na propag\u00e1ciu cyklistiky ako aktivity pre \u017eeny,<\/strong> \u010do dodnes vedie k jej uznaniu a oslave po celom svete prostredn\u00edctvom charitat\u00edvnych cyklistick\u00fdch podujat\u00ed.<\/span><\/p>\n<h2><b>Marie Curie: Vedeck\u00e1 priekopn\u00ed\u010dka<\/b><\/h2>\n<p><span style=\"font-weight: 400;\">Ak ste niekedy po jazde c\u00edtili, \u017ee va\u0161a myse\u013e je ove\u013ea bystrej\u0161ia \u2013 pr\u00edbeh Marie Curie v\u00e1s v tom iba utvrd\u00ed. <strong>Jazda na bicykli toti\u017eto prospievala jej\u00a0mysli.<\/strong> Jedine\u010dn\u00e9 vedeck\u00e9 \u00faspechy Marie Curie s\u00fa dobre zdokumentovan\u00e9. Od jej prelomov\u00e9ho v\u00fdskumu r\u00e1dioaktivity a\u017e po jej k\u013e\u00fa\u010dov\u00e9 objavy r\u00e1dia a pol\u00f3nia. Narodila sa v Po\u013esku v roku 1867 a pres\u0165ahovala sa do Par\u00ed\u017ea, aby \u0161tudovala na univerzite, \u010do pre \u017eenu tej doby v\u00f4bec nebolo \u013eahk\u00e9. A tak teda\u00a0poprela vtedaj\u0161ie spolo\u010densk\u00e9 normy a stala sa vedky\u0148ou.<\/span><\/p>\n<p><span style=\"font-weight: 400;\">Jej oddanos\u0165, brilantnos\u0165 a ne\u00fastupn\u00e1 povaha ju priviedli k tomu, \u017ee v roku 1903 z\u00edskala Nobelovu cenu za fyziku, o ktor\u00fa sa delila s <a href=\"https:\/\/sk.wikipedia.org\/wiki\/Henri_Becquerel\" target=\"_blank\" rel=\"noopener\">Henrim Becquerelom<\/a> a Pierrom Curiem, jej man\u017eelom. V roku 1911 z\u00edskala svoju druh\u00fa Nobelovu cenu, tentoraz za ch\u00e9miu, ako uznanie za objav r\u00e1dia a pol\u00f3nia. <strong>Jej pr\u00e1ca v radia\u010dnej terapii zmenila lek\u00e1rsku vedu a zachr\u00e1nila nespo\u010detn\u00e9 mno\u017estvo \u017eivotov.<\/strong><\/span><\/p>\n<h2><strong><b>Marie Curie: V\u00e1\u0161niv\u00e1 cyklistka<\/b><\/strong><\/h2>\n<figure id=\"attachment_18341\" aria-describedby=\"caption-attachment-18341\" style=\"width: 1248px\" class=\"wp-caption alignnone\"><a href=\"https:\/\/d2p6e6u75xmxt8.cloudfront.net\/4\/2023\/09\/Marie-Curie-profimedia-0769431119.webp\"><img loading=\"lazy\" decoding=\"async\" class=\"size-full wp-image-18341\" src=\"https:\/\/d2p6e6u75xmxt8.cloudfront.net\/4\/2023\/09\/Marie-Curie-profimedia-0769431119.webp\" alt=\"Marie Curie\" width=\"1248\" height=\"1249\" srcset=\"https:\/\/d2p6e6u75xmxt8.cloudfront.net\/4\/2023\/09\/Marie-Curie-profimedia-0769431119.webp 1248w, https:\/\/d2p6e6u75xmxt8.cloudfront.net\/4\/2023\/09\/Marie-Curie-profimedia-0769431119-300x300.webp 300w, https:\/\/d2p6e6u75xmxt8.cloudfront.net\/4\/2023\/09\/Marie-Curie-profimedia-0769431119-1024x1024.webp 1024w, https:\/\/d2p6e6u75xmxt8.cloudfront.net\/4\/2023\/09\/Marie-Curie-profimedia-0769431119-150x150.webp 150w, https:\/\/d2p6e6u75xmxt8.cloudfront.net\/4\/2023\/09\/Marie-Curie-profimedia-0769431119-768x769.webp 768w, https:\/\/d2p6e6u75xmxt8.cloudfront.net\/4\/2023\/09\/Marie-Curie-profimedia-0769431119-400x400.webp 400w\" sizes=\"auto, (max-width: 1248px) 100vw, 1248px\" \/><\/a><figcaption id=\"caption-attachment-18341\" class=\"wp-caption-text\"><i><span style=\"font-weight: 400;\">Marie Curie a jej man\u017eel. \u00a9 Profimedia<\/span><\/i><\/figcaption><\/figure>\n<p><span style=\"font-weight: 400;\">Okrem jej prelomov\u00e9ho vedeck\u00e9ho \u00fasilia v\u0161ak osobn\u00fd \u017eivot Marie Curie odha\u013euje \u017eenu s r\u00f4znymi z\u00e1ujmami a v\u00e1\u0161\u0148ami. A medzi nimi bola aj jej l\u00e1ska k cyklistike. Koncom 19. a za\u010diatkom 20. storo\u010dia si cyklistika ako vo\u013eno\u010dasov\u00e1 aktivita z\u00edskavala na popularite. Pon\u00fakala novoobjaven\u00fa slobodu a mobilitu t\u00fdm, ktor\u00ed si mohli bicykle dovoli\u0165. <strong>Marie Curie spolu s man\u017eelom Pierrom prijali tento nov\u00fd trend a vydali sa na po\u010detn\u00e9 cyklistick\u00e9 v\u00fdlety po celej Eur\u00f3pe.<\/strong> Tieto cyklistick\u00e9 v\u00fdlety poskytli obom vedcom\u00a0v\u00edtan\u00fd \u00fanik z laborat\u00f3ria a pon\u00fakli im nezabudnute\u013en\u00fd z\u00e1\u017eitok z pr\u00edrody.<\/span><\/p>\n<h2><strong><b>Spochyb\u0148ovanie rodov\u00fdch noriem prostredn\u00edctvom bicyklovania<\/b><\/strong><\/h2>\n<p><span style=\"font-weight: 400;\">Pre Marie v\u0161ak cyklistika nesl\u00fa\u017eila len ako rekrea\u010dn\u00e1 aktivita, ale aj ako prostriedok na zmenu spolo\u010densk\u00fdch noriem svojej doby. <strong>Koncom 19. storo\u010dia sa \u00fa\u010das\u0165 \u017eien na \u0161porte, vr\u00e1tane cyklistiky, stretla so skepticizmom a odporom.<\/strong> Zap\u00e1janie sa do t\u00fdchto fyzick\u00fdch aktiv\u00edt bolo pre \u017eeny pova\u017eovan\u00e9 za nevhodn\u00e9 a dokonca \u0161kandal\u00f3zne. Jej neoblomn\u00e9 odhodlanie prelomi\u0165 bari\u00e9ry v\u0161ak presiahlo jej vedeck\u00e9 sna\u017eenie a prenieslo sa do sf\u00e9ry posilnenia postavenia \u017eien vo svete.<\/span><\/p>\n<h2><strong><b>Bicykel ako symbol nez\u00e1vislosti<\/b><\/strong><\/h2>\n<p><span style=\"font-weight: 400;\">T\u00fdm, \u017ee sa Marie Curie otvorene te\u0161ila z cyklistiky a obhajovala jej prijatie medzi \u017eenami, poprela o\u010dak\u00e1vania spolo\u010dnosti a uk\u00e1zala, \u017ee \u017eeny sa m\u00f4\u017eu z\u00fa\u010dast\u0148ova\u0165 na pohybov\u00fdch aktivit\u00e1ch rovnako ako mu\u017ei.<strong> Stala sa symbolom nez\u00e1vislosti, odolnosti a rodovej rovnosti.<\/strong> In\u0161pirovala nespo\u010detn\u00e9 mno\u017estvo \u017eien, aby spochybnili obmedzuj\u00face normy a prijali svoje v\u00e1\u0161ne. Bicykel sa stal siln\u00fdm embl\u00e9mom jej dobrodru\u017en\u00e9ho ducha a odmietla necha\u0165 sa obmedzova\u0165 pohlav\u00edm alebo spolo\u010densk\u00fdmi o\u010dak\u00e1vaniami.<\/span><\/p>\n<h2><strong><b>Trval\u00e9 dedi\u010dstvo Marie Curie<\/b><\/strong><\/h2>\n<p><span style=\"font-weight: 400;\">V t\u00fdchto d\u0148och st\u00e1le rezonuje odkaz Marie Curie ako v\u00e1\u0161nivej cyklistky a priekopn\u00ed\u010dky za pr\u00e1va \u017eien. <strong>Ako u\u017e mo\u017eno viete, v jej mene sa na celom svete organizuj\u00fa cyklistick\u00e9 charitat\u00edvne podujatia.<\/strong> Oslavuj\u00fa sa jej vedeck\u00e9 \u00faspechy a obhajovanie \u00fa\u010dasti \u017eien v \u0161porte. Tieto podujatia nielen\u017ee propaguj\u00fa cyklistiku ako zdrav\u00fd a ekologick\u00fd sp\u00f4sob dopravy, ale z\u00e1rove\u0148 zvy\u0161uj\u00fa povedomie a prispievaj\u00fa na charitat\u00edvne \u00fa\u010dely, ktor\u00fdmi Marie Curie pozit\u00edvne ovplyv\u0148ovala spolo\u010dnos\u0165.<\/span><\/p>\n<p><span style=\"font-weight: 400;\"><strong>\u00da\u010dastn\u00edci t\u00fdchto podujat\u00ed si pripom\u00ednaj\u00fa jej \u017eivot a z\u00e1rove\u0148 akt\u00edvne prispievaj\u00fa k osvete, ako je v\u00fdskum rakoviny, podpora zdravotnej starostlivosti a in\u00e9 charitat\u00edvne aktivity.<\/strong> Tieto udalosti sl\u00fa\u017eia ako d\u00f4kaz trval\u00e9ho vplyvu skuto\u010dne pozoruhodnej \u017eeny, ktor\u00e1 formovala vedeck\u00e9 prostredie a presadzovala rodov\u00fa rovnos\u0165 a rovnak\u00e9 postavenie \u017eien v spolo\u010dnosti.<\/span><\/p>\n<h2><strong><b>Ve\u013ek\u00e1 in\u0161pir\u00e1cia z cesty priekopn\u00ed\u010dky<\/b><\/strong><\/h2>\n<p><span style=\"font-weight: 400;\"><strong>Ke\u010f\u017ee svet na\u010falej oce\u0148uje pr\u00ednos Marie Curie pre vedu a spolo\u010dnos\u0165, jej v\u00e1\u0161e\u0148 pre cyklistiku zost\u00e1va in\u0161pirat\u00edvnym aspektom jej \u017eivota, ktor\u00fd povzbudzuje \u013eud\u00ed, najm\u00e4 \u017eeny, aby neboj\u00e1cne prijali svoje v\u00e1\u0161ne<\/strong>. Jej v\u00e1\u0161e\u0148 pre bicykel symbolizuje viac ne\u017e len sp\u00f4sob dopravy; predstavuje ducha b\u00e1dania, t\u00fa\u017ebu po poznan\u00ed a prelomenie bari\u00e9r. Odkaz Marie Curie prekro\u010dil \u010das a pripom\u00edna n\u00e1m, \u017ee h\u013eadanie odborn\u00fdch znalost\u00ed a osobn\u00fdch v\u00e1\u0161n\u00ed m\u00f4\u017eu \u00eds\u0165 ruka v ruke, \u010do vedie k bohat\u0161iemu a naplnen\u00e9mu \u017eivotu.<\/span><\/p>\n<p><span style=\"font-weight: 400;\">Tak\u017ee, ke\u010f budete nabud\u00face debatova\u0165 o tom, \u010di si urobi\u0165 \u010das na jazdu alebo nie, alebo sa v\u00e1s bud\u00fa p\u00fdta\u0165, pre\u010do je rodov\u00e1 rovnos\u0165 v \u0161porte tak\u00e1 d\u00f4le\u017eit\u00e1 \u2013 spome\u0148te si na Marie Curie. Je skuto\u010dn\u00fdm d\u00f4kazom hodnoty, ktor\u00fa m\u00f4\u017ee cyklistika prida\u0165 do \u017eivota \u010dloveka, a in\u0161pir\u00e1ciou pre n\u00e1s v\u0161etk\u00fdch, aby sme urobili \u0161port, ktor\u00fd milujeme, inkluz\u00edvnej\u0161\u00ed a dostupnej\u0161\u00ed pre v\u0161etk\u00fdch!<\/span><\/p>\n","protected":false},"excerpt":{"rendered":"<p>Marie Curie, meno sp\u00e1jan\u00e9 s prevratn\u00fdmi vedeck\u00fdmi \u00faspechmi. T\u00e1to \u017eena je priekopni\u010dkou vo v\u00fdskume r\u00e1dioaktivity, je to prv\u00e1 \u017eena, ktor\u00e1 [&hellip;]<\/p>\n","protected":false},"author":172,"featured_media":18343,"comment_status":"open","ping_status":"open","sticky":false,"template":"","format":"standard","meta":{"footnotes":""},"categories":[118],"tags":[559,115,546,1501,876,532,1611,767,183,161,659,475],"global-categories":[],"class_list":["post-18340","post","type-post","status-publish","format-standard","has-post-thumbnail","hentry","category-zabava","tag-bicykel","tag-cestna-cyklistika","tag-cyklistika","tag-cyklistka","tag-historia","tag-jazdenie","tag-marie-curie","tag-motivacia","tag-zabava","tag-zdravie","tag-zenska-cyklistika","tag-zeny"],"yoast_head":"<!-- This site is optimized with the Yoast SEO Premium plugin v25.3 (Yoast SEO v25.9) - https:\/\/yoast.com\/wordpress\/plugins\/seo\/ -->\n<title>Marie Curie: An Extraordinary Woman Who Was Also A Cyclist<\/title>\n<meta name=\"description\" content=\"Marie Curie, meno sp\u00e1jan\u00e9 s prevratn\u00fdmi vedeck\u00fdmi \u00faspechmi. T\u00e1to \u017eena je priekopni\u010dkou vo v\u00fdskume r\u00e1dioaktivity a milovn\u00ed\u010dkou cyklistiky.\" \/>\n<meta name=\"robots\" content=\"index, follow, max-snippet:-1, max-image-preview:large, max-video-preview:-1\" \/>\n<link rel=\"canonical\" href=\"https:\/\/www.welovecycling.com\/sk\/2023\/10\/05\/vynimocne-zeny-ktorych-vasnou-bola-aj-cyklistika-marie-curie\/\" \/>\n<meta property=\"og:locale\" content=\"sk_SK\" \/>\n<meta property=\"og:type\" content=\"article\" \/>\n<meta property=\"og:title\" content=\"V\u00fdnimo\u010dn\u00e9 \u017eeny, ktor\u00fdch v\u00e1\u0161\u0148ou bola aj cyklistika: Marie Curie\" \/>\n<meta property=\"og:description\" content=\"Marie Curie, meno sp\u00e1jan\u00e9 s prevratn\u00fdmi vedeck\u00fdmi \u00faspechmi. T\u00e1to \u017eena je priekopni\u010dkou vo v\u00fdskume r\u00e1dioaktivity a milovn\u00ed\u010dkou cyklistiky.\" \/>\n<meta property=\"og:url\" content=\"https:\/\/www.welovecycling.com\/sk\/2023\/10\/05\/vynimocne-zeny-ktorych-vasnou-bola-aj-cyklistika-marie-curie\/\" \/>\n<meta property=\"og:site_name\" content=\"\u0160koda We Love Cycling Slovensko\" \/>\n<meta property=\"article:published_time\" content=\"2023-10-05T06:47:56+00:00\" \/>\n<meta property=\"og:image\" content=\"https:\/\/d2p6e6u75xmxt8.cloudfront.net\/4\/2023\/09\/Marie-Curie-profimedia-0067933787-CVR.webp\" \/>\n\t<meta property=\"og:image:width\" content=\"990\" \/>\n\t<meta property=\"og:image:height\" content=\"660\" \/>\n\t<meta property=\"og:image:type\" content=\"image\/webp\" \/>\n<meta name=\"author\" content=\"dominika\" \/>\n<meta name=\"twitter:card\" content=\"summary_large_image\" \/>\n<meta name=\"twitter:label1\" content=\"Written by\" \/>\n\t<meta name=\"twitter:data1\" content=\"Megan Flottorp\" \/>\n\t<meta name=\"twitter:label2\" content=\"Est. reading time\" \/>\n\t<meta name=\"twitter:data2\" content=\"5\" \/>\n<script type=\"application\/ld+json\" class=\"yoast-schema-graph\">{\"@context\":\"https:\/\/schema.org\",\"@graph\":[{\"@type\":\"WebPage\",\"@id\":\"https:\/\/www.welovecycling.com\/sk\/2023\/10\/05\/vynimocne-zeny-ktorych-vasnou-bola-aj-cyklistika-marie-curie\/\",\"url\":\"https:\/\/www.welovecycling.com\/sk\/2023\/10\/05\/vynimocne-zeny-ktorych-vasnou-bola-aj-cyklistika-marie-curie\/\",\"name\":\"Marie Curie: An Extraordinary Woman Who Was Also A Cyclist\",\"isPartOf\":{\"@id\":\"https:\/\/www.welovecycling.com\/sk\/#website\"},\"primaryImageOfPage\":{\"@id\":\"https:\/\/www.welovecycling.com\/sk\/2023\/10\/05\/vynimocne-zeny-ktorych-vasnou-bola-aj-cyklistika-marie-curie\/#primaryimage\"},\"image\":{\"@id\":\"https:\/\/www.welovecycling.com\/sk\/2023\/10\/05\/vynimocne-zeny-ktorych-vasnou-bola-aj-cyklistika-marie-curie\/#primaryimage\"},\"thumbnailUrl\":\"https:\/\/d2p6e6u75xmxt8.cloudfront.net\/4\/2023\/09\/Marie-Curie-profimedia-0067933787-CVR.webp\",\"datePublished\":\"2023-10-05T06:47:56+00:00\",\"author\":{\"@id\":\"https:\/\/www.welovecycling.com\/sk\/#\/schema\/person\/533b62b98b6c41bd5135ebfb1f742624\"},\"description\":\"Marie Curie, meno sp\u00e1jan\u00e9 s prevratn\u00fdmi vedeck\u00fdmi \u00faspechmi. T\u00e1to \u017eena je priekopni\u010dkou vo v\u00fdskume r\u00e1dioaktivity a milovn\u00ed\u010dkou cyklistiky.\",\"breadcrumb\":{\"@id\":\"https:\/\/www.welovecycling.com\/sk\/2023\/10\/05\/vynimocne-zeny-ktorych-vasnou-bola-aj-cyklistika-marie-curie\/#breadcrumb\"},\"inLanguage\":\"sk-SK\",\"potentialAction\":[{\"@type\":\"ReadAction\",\"target\":[\"https:\/\/www.welovecycling.com\/sk\/2023\/10\/05\/vynimocne-zeny-ktorych-vasnou-bola-aj-cyklistika-marie-curie\/\"]}]},{\"@type\":\"ImageObject\",\"inLanguage\":\"sk-SK\",\"@id\":\"https:\/\/www.welovecycling.com\/sk\/2023\/10\/05\/vynimocne-zeny-ktorych-vasnou-bola-aj-cyklistika-marie-curie\/#primaryimage\",\"url\":\"https:\/\/d2p6e6u75xmxt8.cloudfront.net\/4\/2023\/09\/Marie-Curie-profimedia-0067933787-CVR.webp\",\"contentUrl\":\"https:\/\/d2p6e6u75xmxt8.cloudfront.net\/4\/2023\/09\/Marie-Curie-profimedia-0067933787-CVR.webp\",\"width\":990,\"height\":660,\"caption\":\"Marie Curie\"},{\"@type\":\"BreadcrumbList\",\"@id\":\"https:\/\/www.welovecycling.com\/sk\/2023\/10\/05\/vynimocne-zeny-ktorych-vasnou-bola-aj-cyklistika-marie-curie\/#breadcrumb\",\"itemListElement\":[{\"@type\":\"ListItem\",\"position\":1,\"name\":\"Home\",\"item\":\"https:\/\/www.welovecycling.com\/sk\/\"},{\"@type\":\"ListItem\",\"position\":2,\"name\":\"V\u00fdnimo\u010dn\u00e9 \u017eeny, ktor\u00fdch v\u00e1\u0161\u0148ou bola aj cyklistika: Marie Curie\"}]},{\"@type\":\"WebSite\",\"@id\":\"https:\/\/www.welovecycling.com\/sk\/#website\",\"url\":\"https:\/\/www.welovecycling.com\/sk\/\",\"name\":\"\u0160koda We Love Cycling Slovensko\",\"description\":\"\u0160koda We Love Cycling Slovensko je v\u00e1\u0161 ka\u017edodenn\u00fd zdroj noviniek a in\u0161pir\u00e1cie z sveta cyklistiky\",\"potentialAction\":[{\"@type\":\"SearchAction\",\"target\":{\"@type\":\"EntryPoint\",\"urlTemplate\":\"https:\/\/www.welovecycling.com\/sk\/?s={search_term_string}\"},\"query-input\":{\"@type\":\"PropertyValueSpecification\",\"valueRequired\":true,\"valueName\":\"search_term_string\"}}],\"inLanguage\":\"sk-SK\"},{\"@type\":\"Person\",\"@id\":\"https:\/\/www.welovecycling.com\/sk\/#\/schema\/person\/533b62b98b6c41bd5135ebfb1f742624\",\"name\":\"dominika\",\"image\":{\"@type\":\"ImageObject\",\"inLanguage\":\"sk-SK\",\"@id\":\"https:\/\/www.welovecycling.com\/sk\/#\/schema\/person\/image\/\",\"url\":\"https:\/\/secure.gravatar.com\/avatar\/ded6f274ba2ec3e17fff153f7d9d96a4b33c2cb63907f75d9a5309c599a7f3e6?s=96&d=mm&r=g\",\"contentUrl\":\"https:\/\/secure.gravatar.com\/avatar\/ded6f274ba2ec3e17fff153f7d9d96a4b33c2cb63907f75d9a5309c599a7f3e6?s=96&d=mm&r=g\",\"caption\":\"dominika\"},\"url\":\"https:\/\/www.welovecycling.com\/sk\/author\/dominika\/\"}]}<\/script>\n<!-- \/ Yoast SEO Premium plugin. -->","yoast_head_json":{"title":"Marie Curie: An Extraordinary Woman Who Was Also A Cyclist","description":"Marie Curie, meno sp\u00e1jan\u00e9 s prevratn\u00fdmi vedeck\u00fdmi \u00faspechmi. T\u00e1to \u017eena je priekopni\u010dkou vo v\u00fdskume r\u00e1dioaktivity a milovn\u00ed\u010dkou cyklistiky.","robots":{"index":"index","follow":"follow","max-snippet":"max-snippet:-1","max-image-preview":"max-image-preview:large","max-video-preview":"max-video-preview:-1"},"canonical":"https:\/\/www.welovecycling.com\/sk\/2023\/10\/05\/vynimocne-zeny-ktorych-vasnou-bola-aj-cyklistika-marie-curie\/","og_locale":"sk_SK","og_type":"article","og_title":"V\u00fdnimo\u010dn\u00e9 \u017eeny, ktor\u00fdch v\u00e1\u0161\u0148ou bola aj cyklistika: Marie Curie","og_description":"Marie Curie, meno sp\u00e1jan\u00e9 s prevratn\u00fdmi vedeck\u00fdmi \u00faspechmi. T\u00e1to \u017eena je priekopni\u010dkou vo v\u00fdskume r\u00e1dioaktivity a milovn\u00ed\u010dkou cyklistiky.","og_url":"https:\/\/www.welovecycling.com\/sk\/2023\/10\/05\/vynimocne-zeny-ktorych-vasnou-bola-aj-cyklistika-marie-curie\/","og_site_name":"\u0160koda We Love Cycling Slovensko","article_published_time":"2023-10-05T06:47:56+00:00","og_image":[{"width":990,"height":660,"url":"https:\/\/d2p6e6u75xmxt8.cloudfront.net\/4\/2023\/09\/Marie-Curie-profimedia-0067933787-CVR.webp","type":"image\/webp"}],"author":"dominika","twitter_card":"summary_large_image","twitter_misc":{"Written by":"Megan Flottorp","Est. reading time":"5"},"schema":{"@context":"https:\/\/schema.org","@graph":[{"@type":"WebPage","@id":"https:\/\/www.welovecycling.com\/sk\/2023\/10\/05\/vynimocne-zeny-ktorych-vasnou-bola-aj-cyklistika-marie-curie\/","url":"https:\/\/www.welovecycling.com\/sk\/2023\/10\/05\/vynimocne-zeny-ktorych-vasnou-bola-aj-cyklistika-marie-curie\/","name":"Marie Curie: An Extraordinary Woman Who Was Also A Cyclist","isPartOf":{"@id":"https:\/\/www.welovecycling.com\/sk\/#website"},"primaryImageOfPage":{"@id":"https:\/\/www.welovecycling.com\/sk\/2023\/10\/05\/vynimocne-zeny-ktorych-vasnou-bola-aj-cyklistika-marie-curie\/#primaryimage"},"image":{"@id":"https:\/\/www.welovecycling.com\/sk\/2023\/10\/05\/vynimocne-zeny-ktorych-vasnou-bola-aj-cyklistika-marie-curie\/#primaryimage"},"thumbnailUrl":"https:\/\/d2p6e6u75xmxt8.cloudfront.net\/4\/2023\/09\/Marie-Curie-profimedia-0067933787-CVR.webp","datePublished":"2023-10-05T06:47:56+00:00","author":{"@id":"https:\/\/www.welovecycling.com\/sk\/#\/schema\/person\/533b62b98b6c41bd5135ebfb1f742624"},"description":"Marie Curie, meno sp\u00e1jan\u00e9 s prevratn\u00fdmi vedeck\u00fdmi \u00faspechmi. T\u00e1to \u017eena je priekopni\u010dkou vo v\u00fdskume r\u00e1dioaktivity a milovn\u00ed\u010dkou cyklistiky.","breadcrumb":{"@id":"https:\/\/www.welovecycling.com\/sk\/2023\/10\/05\/vynimocne-zeny-ktorych-vasnou-bola-aj-cyklistika-marie-curie\/#breadcrumb"},"inLanguage":"sk-SK","potentialAction":[{"@type":"ReadAction","target":["https:\/\/www.welovecycling.com\/sk\/2023\/10\/05\/vynimocne-zeny-ktorych-vasnou-bola-aj-cyklistika-marie-curie\/"]}]},{"@type":"ImageObject","inLanguage":"sk-SK","@id":"https:\/\/www.welovecycling.com\/sk\/2023\/10\/05\/vynimocne-zeny-ktorych-vasnou-bola-aj-cyklistika-marie-curie\/#primaryimage","url":"https:\/\/d2p6e6u75xmxt8.cloudfront.net\/4\/2023\/09\/Marie-Curie-profimedia-0067933787-CVR.webp","contentUrl":"https:\/\/d2p6e6u75xmxt8.cloudfront.net\/4\/2023\/09\/Marie-Curie-profimedia-0067933787-CVR.webp","width":990,"height":660,"caption":"Marie Curie"},{"@type":"BreadcrumbList","@id":"https:\/\/www.welovecycling.com\/sk\/2023\/10\/05\/vynimocne-zeny-ktorych-vasnou-bola-aj-cyklistika-marie-curie\/#breadcrumb","itemListElement":[{"@type":"ListItem","position":1,"name":"Home","item":"https:\/\/www.welovecycling.com\/sk\/"},{"@type":"ListItem","position":2,"name":"V\u00fdnimo\u010dn\u00e9 \u017eeny, ktor\u00fdch v\u00e1\u0161\u0148ou bola aj cyklistika: Marie Curie"}]},{"@type":"WebSite","@id":"https:\/\/www.welovecycling.com\/sk\/#website","url":"https:\/\/www.welovecycling.com\/sk\/","name":"\u0160koda We Love Cycling Slovensko","description":"\u0160koda We Love Cycling Slovensko je v\u00e1\u0161 ka\u017edodenn\u00fd zdroj noviniek a in\u0161pir\u00e1cie z sveta cyklistiky","potentialAction":[{"@type":"SearchAction","target":{"@type":"EntryPoint","urlTemplate":"https:\/\/www.welovecycling.com\/sk\/?s={search_term_string}"},"query-input":{"@type":"PropertyValueSpecification","valueRequired":true,"valueName":"search_term_string"}}],"inLanguage":"sk-SK"},{"@type":"Person","@id":"https:\/\/www.welovecycling.com\/sk\/#\/schema\/person\/533b62b98b6c41bd5135ebfb1f742624","name":"dominika","image":{"@type":"ImageObject","inLanguage":"sk-SK","@id":"https:\/\/www.welovecycling.com\/sk\/#\/schema\/person\/image\/","url":"https:\/\/secure.gravatar.com\/avatar\/ded6f274ba2ec3e17fff153f7d9d96a4b33c2cb63907f75d9a5309c599a7f3e6?s=96&d=mm&r=g","contentUrl":"https:\/\/secure.gravatar.com\/avatar\/ded6f274ba2ec3e17fff153f7d9d96a4b33c2cb63907f75d9a5309c599a7f3e6?s=96&d=mm&r=g","caption":"dominika"},"url":"https:\/\/www.welovecycling.com\/sk\/author\/dominika\/"}]}},"_links":{"self":[{"href":"https:\/\/www.welovecycling.com\/sk\/wp-json\/wp\/v2\/posts\/18340","targetHints":{"allow":["GET"]}}],"collection":[{"href":"https:\/\/www.welovecycling.com\/sk\/wp-json\/wp\/v2\/posts"}],"about":[{"href":"https:\/\/www.welovecycling.com\/sk\/wp-json\/wp\/v2\/types\/post"}],"author":[{"embeddable":true,"href":"https:\/\/www.welovecycling.com\/sk\/wp-json\/wp\/v2\/users\/172"}],"replies":[{"embeddable":true,"href":"https:\/\/www.welovecycling.com\/sk\/wp-json\/wp\/v2\/comments?post=18340"}],"version-history":[{"count":6,"href":"https:\/\/www.welovecycling.com\/sk\/wp-json\/wp\/v2\/posts\/18340\/revisions"}],"predecessor-version":[{"id":18362,"href":"https:\/\/www.welovecycling.com\/sk\/wp-json\/wp\/v2\/posts\/18340\/revisions\/18362"}],"wp:featuredmedia":[{"embeddable":true,"href":"https:\/\/www.welovecycling.com\/sk\/wp-json\/wp\/v2\/media\/18343"}],"wp:attachment":[{"href":"https:\/\/www.welovecycling.com\/sk\/wp-json\/wp\/v2\/media?parent=18340"}],"wp:term":[{"taxonomy":"category","embeddable":true,"href":"https:\/\/www.welovecycling.com\/sk\/wp-json\/wp\/v2\/categories?post=18340"},{"taxonomy":"post_tag","embeddable":true,"href":"https:\/\/www.welovecycling.com\/sk\/wp-json\/wp\/v2\/tags?post=18340"},{"taxonomy":"global-categories","embeddable":true,"href":"https:\/\/www.welovecycling.com\/sk\/wp-json\/wp\/v2\/global-categories?post=18340"}],"curies":[{"name":"wp","href":"https:\/\/api.w.org\/{rel}","templated":true}]}}