{"id":18337,"date":"2023-09-28T10:47:16","date_gmt":"2023-09-28T08:47:16","guid":{"rendered":"https:\/\/www.welovecycling.com\/sk\/?p=18337"},"modified":"2023-09-28T10:47:16","modified_gmt":"2023-09-28T08:47:16","slug":"oktober-2023-babie-leto-si-uzijeme","status":"publish","type":"post","link":"https:\/\/www.welovecycling.com\/sk\/2023\/09\/28\/oktober-2023-babie-leto-si-uzijeme\/","title":{"rendered":"Okt\u00f3ber 2023 \u2013\u00a0 babie leto si u\u017eijeme"},"content":{"rendered":"<p><strong>Jese\u0148 od\u0161tartovala v\u00a0plnom pr\u00fade a\u00a0okrem kr\u00e1snych farieb, ktor\u00e9 n\u00e1m pon\u00faka pr\u00edroda, s\u00fa predpovede priazniv\u00e9, aj \u010do sa po\u010dasia t\u00fdka. Ver\u00edme, \u017ee jese\u0148 n\u00e1m daruje dlh\u00e9 a\u00a0tepl\u00e9 babie leto, aby sme si cyklistick\u00fa sez\u00f3nu \u010do najviac pred\u013a\u017eili.<\/strong><!--more--><\/p>\n<h2><strong>01.10. 2023 Mozgov\u00e1 Atletika na biku na Biely Kr\u00ed\u017e s Nilio a MTBIKER<\/strong><\/h2>\n<p><span style=\"font-weight: 400;\">Spolo\u010dn\u00fd v\u00fdjazd s\u00a0cie\u013eom v\u00a0cyklistami ob\u013e\u00fabenej lokalite Biely Kr\u00ed\u017e. <strong>V\u00fdjazd organizuje MTBIKER spolu s\u00a0remeseln\u00fdm pivovarom Nilio a\u00a0podcastom Mozgov\u00e1 Atletika. Odpor\u00fa\u010dan\u00e1 trasa je dlh\u00e1 17 km a\u00a0prev\u00fd\u0161enie m\u00e1 331 metrov.<\/strong> \u0160tartuje sa pred Kauflandom na Harmincovej ulici. Pokojne so sebou vezmite cel\u00fa rodinu, preto\u017ee v\u00fdjazd nie je n\u00e1ro\u010dn\u00fd a\u00a0nep\u00f4jde len o\u00a0cyklistiku, ale aj o\u00a0str\u00e1venie pekn\u00e9ho d\u0148a v\u00a0spolo\u010dnosti pr\u00edjemn\u00fdch \u013eud\u00ed.\u00a0<\/span><\/p>\n<div class=\"embed-controller-wrapper\">\n<div class=\"embed-wrapper\"><iframe title=\"Bratislavsk\u00e1 klasika na ebiku - Biely Kr\u00ed\u017e\" width=\"500\" height=\"281\" data-src=\"https:\/\/www.youtube.com\/embed\/UEeaMjUUMnI?feature=oembed&#038;feature=shared&#038;enablejsapi=1\" frameborder=\"0\" allow=\"accelerometer; autoplay; clipboard-write; encrypted-media; gyroscope; picture-in-picture; web-share\" referrerpolicy=\"strict-origin-when-cross-origin\" allowfullscreen><\/iframe><\/div>\n<\/div>\n<p>&nbsp;<\/p>\n<h2><strong>07.10. 2023 MTBIKER \u0160printpolom<\/strong><\/h2>\n<p><span style=\"font-weight: 400;\">Ak ste z\u00a0okolia \u017diliny, alebo nem\u00e1te probl\u00e9m vycestova\u0165 do tejto lokality, ur\u010dite nevynechajte tak\u00fato jedine\u010dn\u00fa \u010dasovku. \u0160tartuje sa pred obecn\u00fdm \u00faradom Str\u00e1\u0148avy a\u00a0cie\u013e \u0161printu je pri pam\u00e4tn\u00edku Polom. <strong>D\u013a\u017eka trate je 7km a\u00a0prev\u00fd\u0161enie 580 metrov s\u00a0priemern\u00fdm st\u00fapan\u00edm 8,5%. Povrch trate je lesn\u00e1 cesta, asfalt a\u00a0\u0161trk \u2013 skr\u00e1tka u\u017eijete si v\u0161etky druhy.<\/strong> Popon\u00e1h\u013eajte sa s\u00a0uhraden\u00edm \u0161tartovn\u00e9ho ak chcete nejak\u00e9 to euro u\u0161etri\u0165.\u00a0<\/span><\/p>\n<div class=\"embed-controller-wrapper\">\n<div class=\"embed-wrapper\"><iframe title=\"\u0160printPolom 2020\" width=\"500\" height=\"281\" data-src=\"https:\/\/www.youtube.com\/embed\/hL8yNYzmoQ8?feature=oembed&#038;feature=shared&#038;enablejsapi=1\" frameborder=\"0\" allow=\"accelerometer; autoplay; clipboard-write; encrypted-media; gyroscope; picture-in-picture; web-share\" referrerpolicy=\"strict-origin-when-cross-origin\" allowfullscreen><\/iframe><\/div>\n<\/div>\n<p>&nbsp;<\/p>\n<h2><strong>07. &#8211; 08. 10. 2023 MTBIKER Hornonitrianska Enduro s\u00e9ria \u2013 Bojnice<\/strong><\/h2>\n<p><span style=\"font-weight: 400;\">Fin\u00e1lov\u00e9 kolo Hornonitrianskej Enduro s\u00e9rie sa bude kona\u0165 v\u00a0zn\u00e1mych Bojniciach. Miesto \u0161tartu aj cel\u00e9 z\u00e1zemie bude ako v\u017edy na futbalovom \u0161tadi\u00f3ne v\u00a0mestskej \u010dasti Bojnice-Dubnica. <strong>V\u00a0sobotu sa konaj\u00fa tr\u00e9ningy a\u00a0v\u00a0nede\u013eu o\u00a0desiatej je \u0161tart prv\u00fdch jazdcov. \u0160tartova\u0165 bude v\u017edy 10 jazdcov v\u00a0p\u00e4\u0165min\u00fatov\u00fdch intervaloch.<\/strong> Predch\u00e1dzaj\u00face kolo sa konalo v\u00a0ne\u010falekej Ve\u013ekej Leh\u00f4tke a po\u010dasie bolo dokonal\u00e9, tak uvid\u00edme, \u010do si pre n\u00e1s pripravila jese\u0148 na fin\u00e1le.\u00a0<\/span><\/p>\n<div class=\"embed-controller-wrapper\">\n<div class=\"embed-wrapper\"><iframe title=\"Bojnice- Hornonitrianska enduro s\u00e9ria\" width=\"500\" height=\"281\" data-src=\"https:\/\/www.youtube.com\/embed\/oSerw8vISBw?feature=oembed&#038;feature=shared&#038;enablejsapi=1\" frameborder=\"0\" allow=\"accelerometer; autoplay; clipboard-write; encrypted-media; gyroscope; picture-in-picture; web-share\" referrerpolicy=\"strict-origin-when-cross-origin\" allowfullscreen><\/iframe><\/div>\n<\/div>\n<p>&nbsp;<\/p>\n<h2><strong>08.10. 2023 BAYNACH MTB Marathon<\/strong><\/h2>\n<p><span style=\"font-weight: 400;\">Tret\u00ed ro\u010dn\u00edk vytrvalostn\u00fdch pretekov horsk\u00fdch bicyklov m\u00e1 cie\u013e aj \u0161tart umiestnen\u00fd priamo vo viniciach nad obcou Bojni\u010dky. Okruh je naozaj zauj\u00edmav\u00fd a\u00a0okrem spom\u00ednan\u00fdch vin\u00edc prejdete aj priamo are\u00e1lom Hlohoveck\u00e9ho z\u00e1mku.<strong> Vybra\u0165 si m\u00f4\u017eete kr\u00e1tky okruh, ktor\u00fd m\u00e1 23 km, alebo ten dlh\u0161\u00ed 46 km. Zauj\u00edmavos\u0165ou je aj mo\u017enos\u0165 s\u00fa\u0165a\u017ee dvoj\u00edc pre deti do 15 rokov v\u00a0sprievode dospelej osoby.<\/strong> V\u00edtan\u00ed s\u00fa aj fan\u00fa\u0161ikovia elektrobicyklov.<\/span><\/p>\n<div class=\"embed-controller-wrapper\">\n<div class=\"embed-wrapper\"><iframe title=\"BAYNACH MTB Marathon 2022\u2502Najkraj\u0161\u00ed Okruh Zato\u010den\u00fd vo Viniciach s N\u00e1dychom Jesene\" width=\"500\" height=\"281\" data-src=\"https:\/\/www.youtube.com\/embed\/ljNten2A-E0?feature=oembed&#038;feature=shared&#038;enablejsapi=1\" frameborder=\"0\" allow=\"accelerometer; autoplay; clipboard-write; encrypted-media; gyroscope; picture-in-picture; web-share\" referrerpolicy=\"strict-origin-when-cross-origin\" allowfullscreen><\/iframe><\/div>\n<\/div>\n<p>&nbsp;<\/p>\n<h2><strong>15.10. 2023 Beregy Borody<\/strong><\/h2>\n<p><span style=\"font-weight: 400;\">Ukon\u010di\u0165 cyklistick\u00fa sez\u00f3nu m\u00f4\u017eete aj na tejto zauj\u00edmavej akcii.<strong> Tra\u0165 tvor\u00ed 20-kilometrov\u00fd okruh s\u00a0prev\u00fd\u0161en\u00edm 400 metrov a\u00a0pon\u00faka o\u010daruj\u00face v\u00fdh\u013eady pri V\u00e1hu a\u00a0jazd\u00ed sa pomedzi vinice.<\/strong> Je na v\u00e1s, \u010di si okruh d\u00e1te jedenkr\u00e1t alebo dvakr\u00e1t. Akcia sa kon\u00e1 pri obci Dvorn\u00edky v\u00a0okrese Hlohovec, \u010di\u017ee aj t\u00e1 ju\u017enej\u0161ia poloha by mohla zaru\u010di\u0165 slne\u010dn\u00e9 po\u010dasie vzh\u013eadom na to, \u017ee sa akcia kon\u00e1 v\u00a0polovici okt\u00f3bra.\u00a0<\/span><\/p>\n<div class=\"embed-controller-wrapper\">\n<div class=\"embed-wrapper\"><iframe title=\"BEREGY BORODY MTB Marat\u00f3n 2022\u2502O\u010daruj\u00face V\u00fdh\u013eady pri V\u00e1hu a Preteky Pomedzi Vinice\" width=\"500\" height=\"281\" data-src=\"https:\/\/www.youtube.com\/embed\/cRZ16N-scpc?feature=oembed&#038;feature=shared&#038;enablejsapi=1\" frameborder=\"0\" allow=\"accelerometer; autoplay; clipboard-write; encrypted-media; gyroscope; picture-in-picture; web-share\" referrerpolicy=\"strict-origin-when-cross-origin\" allowfullscreen><\/iframe><\/div>\n<\/div>\n<p>&nbsp;<\/p>\n","protected":false},"excerpt":{"rendered":"<p>Jese\u0148 od\u0161tartovala v\u00a0plnom pr\u00fade a\u00a0okrem kr\u00e1snych farieb, ktor\u00e9 n\u00e1m pon\u00faka pr\u00edroda, s\u00fa predpovede priazniv\u00e9, aj \u010do sa po\u010dasia t\u00fdka. Ver\u00edme, [&hellip;]<\/p>\n","protected":false},"author":172,"featured_media":18338,"comment_status":"open","ping_status":"open","sticky":false,"template":"","format":"standard","meta":{"footnotes":""},"categories":[34],"tags":[546,896,180,286,178,412,1517,37,91,179,1557,523],"global-categories":[1074],"class_list":["post-18337","post","type-post","status-publish","format-standard","has-post-thumbnail","hentry","category-podujatia","tag-cyklistika","tag-enduro","tag-horska-cyklistika","tag-jesen","tag-maraton","tag-mtb","tag-mtbiker","tag-podujatia","tag-pozvanka","tag-preteky","tag-sezona-2023","tag-slovensko","global-categories-cycling"],"yoast_head":"<!-- This site is optimized with the Yoast SEO Premium plugin v25.3 (Yoast SEO v25.9) - https:\/\/yoast.com\/wordpress\/plugins\/seo\/ -->\n<title>Okt\u00f3ber 2023 \u2013\u00a0 babie leto si u\u017eijeme - \u0160koda We Love Cycling Slovensko<\/title>\n<meta name=\"description\" content=\"Jese\u0148 od\u0161tartovala v\u00a0plnom pr\u00fade. Ver\u00edme, \u017ee n\u00e1m daruje dlh\u00e9 a\u00a0tepl\u00e9 babie leto, aby sme si cyklistick\u00fa sez\u00f3nu \u010do najviac pred\u013a\u017eili.\" \/>\n<meta name=\"robots\" content=\"index, follow, max-snippet:-1, max-image-preview:large, max-video-preview:-1\" \/>\n<link rel=\"canonical\" href=\"https:\/\/www.welovecycling.com\/sk\/2023\/09\/28\/oktober-2023-babie-leto-si-uzijeme\/\" \/>\n<meta property=\"og:locale\" content=\"sk_SK\" \/>\n<meta property=\"og:type\" content=\"article\" \/>\n<meta property=\"og:title\" content=\"Okt\u00f3ber 2023 \u2013\u00a0 babie leto si u\u017eijeme\" \/>\n<meta property=\"og:description\" content=\"Jese\u0148 od\u0161tartovala v\u00a0plnom pr\u00fade. Ver\u00edme, \u017ee n\u00e1m daruje dlh\u00e9 a\u00a0tepl\u00e9 babie leto, aby sme si cyklistick\u00fa sez\u00f3nu \u010do najviac pred\u013a\u017eili.\" \/>\n<meta property=\"og:url\" content=\"https:\/\/www.welovecycling.com\/sk\/2023\/09\/28\/oktober-2023-babie-leto-si-uzijeme\/\" \/>\n<meta property=\"og:site_name\" content=\"\u0160koda We Love Cycling Slovensko\" \/>\n<meta property=\"article:published_time\" content=\"2023-09-28T08:47:16+00:00\" \/>\n<meta property=\"og:image\" content=\"https:\/\/d2p6e6u75xmxt8.cloudfront.net\/4\/2023\/09\/titulka_2.webp\" \/>\n\t<meta property=\"og:image:width\" content=\"990\" \/>\n\t<meta property=\"og:image:height\" content=\"660\" \/>\n\t<meta property=\"og:image:type\" content=\"image\/webp\" \/>\n<meta name=\"author\" content=\"dominika\" \/>\n<meta name=\"twitter:card\" content=\"summary_large_image\" \/>\n<meta name=\"twitter:label1\" content=\"Written by\" \/>\n\t<meta name=\"twitter:data1\" content=\"We Love Cycling\" \/>\n\t<meta name=\"twitter:label2\" content=\"Est. reading time\" \/>\n\t<meta name=\"twitter:data2\" content=\"2\" \/>\n<script type=\"application\/ld+json\" class=\"yoast-schema-graph\">{\"@context\":\"https:\/\/schema.org\",\"@graph\":[{\"@type\":\"WebPage\",\"@id\":\"https:\/\/www.welovecycling.com\/sk\/2023\/09\/28\/oktober-2023-babie-leto-si-uzijeme\/\",\"url\":\"https:\/\/www.welovecycling.com\/sk\/2023\/09\/28\/oktober-2023-babie-leto-si-uzijeme\/\",\"name\":\"Okt\u00f3ber 2023 \u2013\u00a0 babie leto si u\u017eijeme - \u0160koda We Love Cycling Slovensko\",\"isPartOf\":{\"@id\":\"https:\/\/www.welovecycling.com\/sk\/#website\"},\"primaryImageOfPage\":{\"@id\":\"https:\/\/www.welovecycling.com\/sk\/2023\/09\/28\/oktober-2023-babie-leto-si-uzijeme\/#primaryimage\"},\"image\":{\"@id\":\"https:\/\/www.welovecycling.com\/sk\/2023\/09\/28\/oktober-2023-babie-leto-si-uzijeme\/#primaryimage\"},\"thumbnailUrl\":\"https:\/\/d2p6e6u75xmxt8.cloudfront.net\/4\/2023\/09\/titulka_2.webp\",\"datePublished\":\"2023-09-28T08:47:16+00:00\",\"author\":{\"@id\":\"https:\/\/www.welovecycling.com\/sk\/#\/schema\/person\/533b62b98b6c41bd5135ebfb1f742624\"},\"description\":\"Jese\u0148 od\u0161tartovala v\u00a0plnom pr\u00fade. Ver\u00edme, \u017ee n\u00e1m daruje dlh\u00e9 a\u00a0tepl\u00e9 babie leto, aby sme si cyklistick\u00fa sez\u00f3nu \u010do najviac pred\u013a\u017eili.\",\"breadcrumb\":{\"@id\":\"https:\/\/www.welovecycling.com\/sk\/2023\/09\/28\/oktober-2023-babie-leto-si-uzijeme\/#breadcrumb\"},\"inLanguage\":\"sk-SK\",\"potentialAction\":[{\"@type\":\"ReadAction\",\"target\":[\"https:\/\/www.welovecycling.com\/sk\/2023\/09\/28\/oktober-2023-babie-leto-si-uzijeme\/\"]}]},{\"@type\":\"ImageObject\",\"inLanguage\":\"sk-SK\",\"@id\":\"https:\/\/www.welovecycling.com\/sk\/2023\/09\/28\/oktober-2023-babie-leto-si-uzijeme\/#primaryimage\",\"url\":\"https:\/\/d2p6e6u75xmxt8.cloudfront.net\/4\/2023\/09\/titulka_2.webp\",\"contentUrl\":\"https:\/\/d2p6e6u75xmxt8.cloudfront.net\/4\/2023\/09\/titulka_2.webp\",\"width\":990,\"height\":660,\"caption\":\"okt\u00f3ber\"},{\"@type\":\"BreadcrumbList\",\"@id\":\"https:\/\/www.welovecycling.com\/sk\/2023\/09\/28\/oktober-2023-babie-leto-si-uzijeme\/#breadcrumb\",\"itemListElement\":[{\"@type\":\"ListItem\",\"position\":1,\"name\":\"Home\",\"item\":\"https:\/\/www.welovecycling.com\/sk\/\"},{\"@type\":\"ListItem\",\"position\":2,\"name\":\"Okt\u00f3ber 2023 \u2013\u00a0 babie leto si u\u017eijeme\"}]},{\"@type\":\"WebSite\",\"@id\":\"https:\/\/www.welovecycling.com\/sk\/#website\",\"url\":\"https:\/\/www.welovecycling.com\/sk\/\",\"name\":\"\u0160koda We Love Cycling Slovensko\",\"description\":\"\u0160koda We Love Cycling Slovensko je v\u00e1\u0161 ka\u017edodenn\u00fd zdroj noviniek a in\u0161pir\u00e1cie z sveta cyklistiky\",\"potentialAction\":[{\"@type\":\"SearchAction\",\"target\":{\"@type\":\"EntryPoint\",\"urlTemplate\":\"https:\/\/www.welovecycling.com\/sk\/?s={search_term_string}\"},\"query-input\":{\"@type\":\"PropertyValueSpecification\",\"valueRequired\":true,\"valueName\":\"search_term_string\"}}],\"inLanguage\":\"sk-SK\"},{\"@type\":\"Person\",\"@id\":\"https:\/\/www.welovecycling.com\/sk\/#\/schema\/person\/533b62b98b6c41bd5135ebfb1f742624\",\"name\":\"dominika\",\"image\":{\"@type\":\"ImageObject\",\"inLanguage\":\"sk-SK\",\"@id\":\"https:\/\/www.welovecycling.com\/sk\/#\/schema\/person\/image\/\",\"url\":\"https:\/\/secure.gravatar.com\/avatar\/ded6f274ba2ec3e17fff153f7d9d96a4b33c2cb63907f75d9a5309c599a7f3e6?s=96&d=mm&r=g\",\"contentUrl\":\"https:\/\/secure.gravatar.com\/avatar\/ded6f274ba2ec3e17fff153f7d9d96a4b33c2cb63907f75d9a5309c599a7f3e6?s=96&d=mm&r=g\",\"caption\":\"dominika\"},\"url\":\"https:\/\/www.welovecycling.com\/sk\/author\/dominika\/\"}]}<\/script>\n<!-- \/ Yoast SEO Premium plugin. -->","yoast_head_json":{"title":"Okt\u00f3ber 2023 \u2013\u00a0 babie leto si u\u017eijeme - \u0160koda We Love Cycling Slovensko","description":"Jese\u0148 od\u0161tartovala v\u00a0plnom pr\u00fade. Ver\u00edme, \u017ee n\u00e1m daruje dlh\u00e9 a\u00a0tepl\u00e9 babie leto, aby sme si cyklistick\u00fa sez\u00f3nu \u010do najviac pred\u013a\u017eili.","robots":{"index":"index","follow":"follow","max-snippet":"max-snippet:-1","max-image-preview":"max-image-preview:large","max-video-preview":"max-video-preview:-1"},"canonical":"https:\/\/www.welovecycling.com\/sk\/2023\/09\/28\/oktober-2023-babie-leto-si-uzijeme\/","og_locale":"sk_SK","og_type":"article","og_title":"Okt\u00f3ber 2023 \u2013\u00a0 babie leto si u\u017eijeme","og_description":"Jese\u0148 od\u0161tartovala v\u00a0plnom pr\u00fade. Ver\u00edme, \u017ee n\u00e1m daruje dlh\u00e9 a\u00a0tepl\u00e9 babie leto, aby sme si cyklistick\u00fa sez\u00f3nu \u010do najviac pred\u013a\u017eili.","og_url":"https:\/\/www.welovecycling.com\/sk\/2023\/09\/28\/oktober-2023-babie-leto-si-uzijeme\/","og_site_name":"\u0160koda We Love Cycling Slovensko","article_published_time":"2023-09-28T08:47:16+00:00","og_image":[{"width":990,"height":660,"url":"https:\/\/d2p6e6u75xmxt8.cloudfront.net\/4\/2023\/09\/titulka_2.webp","type":"image\/webp"}],"author":"dominika","twitter_card":"summary_large_image","twitter_misc":{"Written by":"We Love Cycling","Est. reading time":"2"},"schema":{"@context":"https:\/\/schema.org","@graph":[{"@type":"WebPage","@id":"https:\/\/www.welovecycling.com\/sk\/2023\/09\/28\/oktober-2023-babie-leto-si-uzijeme\/","url":"https:\/\/www.welovecycling.com\/sk\/2023\/09\/28\/oktober-2023-babie-leto-si-uzijeme\/","name":"Okt\u00f3ber 2023 \u2013\u00a0 babie leto si u\u017eijeme - \u0160koda We Love Cycling Slovensko","isPartOf":{"@id":"https:\/\/www.welovecycling.com\/sk\/#website"},"primaryImageOfPage":{"@id":"https:\/\/www.welovecycling.com\/sk\/2023\/09\/28\/oktober-2023-babie-leto-si-uzijeme\/#primaryimage"},"image":{"@id":"https:\/\/www.welovecycling.com\/sk\/2023\/09\/28\/oktober-2023-babie-leto-si-uzijeme\/#primaryimage"},"thumbnailUrl":"https:\/\/d2p6e6u75xmxt8.cloudfront.net\/4\/2023\/09\/titulka_2.webp","datePublished":"2023-09-28T08:47:16+00:00","author":{"@id":"https:\/\/www.welovecycling.com\/sk\/#\/schema\/person\/533b62b98b6c41bd5135ebfb1f742624"},"description":"Jese\u0148 od\u0161tartovala v\u00a0plnom pr\u00fade. Ver\u00edme, \u017ee n\u00e1m daruje dlh\u00e9 a\u00a0tepl\u00e9 babie leto, aby sme si cyklistick\u00fa sez\u00f3nu \u010do najviac pred\u013a\u017eili.","breadcrumb":{"@id":"https:\/\/www.welovecycling.com\/sk\/2023\/09\/28\/oktober-2023-babie-leto-si-uzijeme\/#breadcrumb"},"inLanguage":"sk-SK","potentialAction":[{"@type":"ReadAction","target":["https:\/\/www.welovecycling.com\/sk\/2023\/09\/28\/oktober-2023-babie-leto-si-uzijeme\/"]}]},{"@type":"ImageObject","inLanguage":"sk-SK","@id":"https:\/\/www.welovecycling.com\/sk\/2023\/09\/28\/oktober-2023-babie-leto-si-uzijeme\/#primaryimage","url":"https:\/\/d2p6e6u75xmxt8.cloudfront.net\/4\/2023\/09\/titulka_2.webp","contentUrl":"https:\/\/d2p6e6u75xmxt8.cloudfront.net\/4\/2023\/09\/titulka_2.webp","width":990,"height":660,"caption":"okt\u00f3ber"},{"@type":"BreadcrumbList","@id":"https:\/\/www.welovecycling.com\/sk\/2023\/09\/28\/oktober-2023-babie-leto-si-uzijeme\/#breadcrumb","itemListElement":[{"@type":"ListItem","position":1,"name":"Home","item":"https:\/\/www.welovecycling.com\/sk\/"},{"@type":"ListItem","position":2,"name":"Okt\u00f3ber 2023 \u2013\u00a0 babie leto si u\u017eijeme"}]},{"@type":"WebSite","@id":"https:\/\/www.welovecycling.com\/sk\/#website","url":"https:\/\/www.welovecycling.com\/sk\/","name":"\u0160koda We Love Cycling Slovensko","description":"\u0160koda We Love Cycling Slovensko je v\u00e1\u0161 ka\u017edodenn\u00fd zdroj noviniek a in\u0161pir\u00e1cie z sveta cyklistiky","potentialAction":[{"@type":"SearchAction","target":{"@type":"EntryPoint","urlTemplate":"https:\/\/www.welovecycling.com\/sk\/?s={search_term_string}"},"query-input":{"@type":"PropertyValueSpecification","valueRequired":true,"valueName":"search_term_string"}}],"inLanguage":"sk-SK"},{"@type":"Person","@id":"https:\/\/www.welovecycling.com\/sk\/#\/schema\/person\/533b62b98b6c41bd5135ebfb1f742624","name":"dominika","image":{"@type":"ImageObject","inLanguage":"sk-SK","@id":"https:\/\/www.welovecycling.com\/sk\/#\/schema\/person\/image\/","url":"https:\/\/secure.gravatar.com\/avatar\/ded6f274ba2ec3e17fff153f7d9d96a4b33c2cb63907f75d9a5309c599a7f3e6?s=96&d=mm&r=g","contentUrl":"https:\/\/secure.gravatar.com\/avatar\/ded6f274ba2ec3e17fff153f7d9d96a4b33c2cb63907f75d9a5309c599a7f3e6?s=96&d=mm&r=g","caption":"dominika"},"url":"https:\/\/www.welovecycling.com\/sk\/author\/dominika\/"}]}},"_links":{"self":[{"href":"https:\/\/www.welovecycling.com\/sk\/wp-json\/wp\/v2\/posts\/18337","targetHints":{"allow":["GET"]}}],"collection":[{"href":"https:\/\/www.welovecycling.com\/sk\/wp-json\/wp\/v2\/posts"}],"about":[{"href":"https:\/\/www.welovecycling.com\/sk\/wp-json\/wp\/v2\/types\/post"}],"author":[{"embeddable":true,"href":"https:\/\/www.welovecycling.com\/sk\/wp-json\/wp\/v2\/users\/172"}],"replies":[{"embeddable":true,"href":"https:\/\/www.welovecycling.com\/sk\/wp-json\/wp\/v2\/comments?post=18337"}],"version-history":[{"count":1,"href":"https:\/\/www.welovecycling.com\/sk\/wp-json\/wp\/v2\/posts\/18337\/revisions"}],"predecessor-version":[{"id":18339,"href":"https:\/\/www.welovecycling.com\/sk\/wp-json\/wp\/v2\/posts\/18337\/revisions\/18339"}],"wp:featuredmedia":[{"embeddable":true,"href":"https:\/\/www.welovecycling.com\/sk\/wp-json\/wp\/v2\/media\/18338"}],"wp:attachment":[{"href":"https:\/\/www.welovecycling.com\/sk\/wp-json\/wp\/v2\/media?parent=18337"}],"wp:term":[{"taxonomy":"category","embeddable":true,"href":"https:\/\/www.welovecycling.com\/sk\/wp-json\/wp\/v2\/categories?post=18337"},{"taxonomy":"post_tag","embeddable":true,"href":"https:\/\/www.welovecycling.com\/sk\/wp-json\/wp\/v2\/tags?post=18337"},{"taxonomy":"global-categories","embeddable":true,"href":"https:\/\/www.welovecycling.com\/sk\/wp-json\/wp\/v2\/global-categories?post=18337"}],"curies":[{"name":"wp","href":"https:\/\/api.w.org\/{rel}","templated":true}]}}