{"id":1832,"date":"2017-07-29T16:58:34","date_gmt":"2017-07-29T14:58:34","guid":{"rendered":"https:\/\/www.welovecycling.com\/sk\/?p=1832"},"modified":"2017-12-18T13:12:09","modified_gmt":"2017-12-18T12:12:09","slug":"preteky-world-tour-kusok-hranic-vitajte-tour-de-pologne","status":"publish","type":"post","link":"https:\/\/www.welovecycling.com\/sk\/2017\/07\/29\/preteky-world-tour-kusok-hranic-vitajte-tour-de-pologne\/","title":{"rendered":"Preteky World Tour k\u00fasok od hran\u00edc? Vitajte na Tour de Pologne!"},"content":{"rendered":"<p><strong>Najbli\u017e\u0161\u00edch nieko\u013eko dn\u00ed sa k\u00fasok za na\u0161ou severnou hranicou konaj\u00fa profesion\u00e1lne preteky, ktor\u00e9 pravdepodobne nenechaj\u00fa ani jedn\u00e9ho slovensk\u00e9ho fan\u00fa\u0161ika chladn\u00fdm &#8211; amb\u00edcie (a \u0161ance) Pe\u0165a Sagana s\u00fa naozaj ve\u013ek\u00e9.<\/strong><!--more--><\/p>\n<p class=\"r\">Ak ste si tento rok poriadne neu\u017eili Tour de France, a z\u00e1rove\u0148 by ste si radi vychutnali atmosf\u00e9ru profesion\u00e1lnych pretekov na vlastnej ko\u017ei, sta\u010d\u00ed nasadn\u00fa\u0165 do auta a u\u017e o p\u00e1r hod\u00edn viete by\u0165 v Po\u013esku a na Tour de Pologne. O TDP sa hovor\u00ed ako o pr\u00edpravke na Vueltu a je to pozna\u0165; medzi pretek\u00e1rmi sa n\u00e1jdu aj tak\u00e9 men\u00e1 ako Teejay van Garderen, Vincenzo Nibali, Rafal Majka, Simon Yates alebo Caleb Ewan.<\/p>\n<h2><strong>Po \u0161iestich rokoch rovno do \u017elt\u00e9ho<\/strong><\/h2>\n<p>Peter Sagan sa po \u0161iestich rokoch vracia na Tour de Pologne. Naposledy sa s Po\u013eskom l\u00fa\u010dil v \u017eltom drese a po prvej etape to zatia\u013e vyzer\u00e1 naozaj dobre \ud83d\ude42<\/p>\n<p>https:\/\/www.facebook.com\/tourdepologne\/videos\/10154892654103505\/<\/p>\n<p>&nbsp;<\/p>\n<p>Do konca t\u00fd\u017ed\u0148a n\u00e1s \u010dak\u00e1 e\u0161te nieko\u013eko pekn\u00fdch et\u00e1p, tak\u017ee ak sa v\u00e1m n\u00e1hodou podar\u00ed dosta\u0165 aspo\u0148 na niektor\u00fa z nich, ur\u010dite nebudete \u013eutova\u0165.<\/p>\n<p><img loading=\"lazy\" decoding=\"async\" class=\"alignnone size-full wp-image-1833\" src=\"https:\/\/d2p6e6u75xmxt8.cloudfront.net\/4\/2017\/07\/TdP_2017_mapa-PL-trasy.jpg\" alt=\"\" width=\"1190\" height=\"1684\" \/><\/p>\n<h2><strong>L&#8217;\u00c9tape du Tour\u00a0na po\u013esk\u00fd sp\u00f4sob: <span class=\"_33vv\">Tour de Pologne Amator\u00f3w<\/span><\/strong><\/h2>\n<p>Ak to mysl\u00edte s cyklistikou iba trochu v\u00e1\u017enej\u0161ie, m\u00e1te mo\u017enos\u0165 tieto preteky za\u017ei\u0165 aj na vlastnej ko\u017ei. V piatok sa kon\u00e1 miestna obdoba L&#8217;\u00c9tape du Tour: 58-kilometrov\u00fd okruh v okol\u00ed Tatranskej Bukoviny &#8211; rodina v\u00e1s vylo\u017e\u00ed na \u0161tarte, a ak ich v\u00e1\u0161 kon\u00ed\u010dek ve\u013emi nezauj\u00edma, m\u00f4\u017eu pokra\u010dova\u0165 na n\u00e1kupy do Noweho Targu alebo na miestne k\u00fapalisko \ud83d\ude42<\/p>\n<div id='gallery-1' class='gallery galleryid-1832 gallery-columns-2 gallery-size-full'><figure class='gallery-item'>\n\t\t\t<div class='gallery-icon landscape'>\n\t\t\t\t<a href='https:\/\/d2p6e6u75xmxt8.cloudfront.net\/4\/2017\/07\/077_TdPA_AP9R5163.webp'><img loading=\"lazy\" decoding=\"async\" width=\"800\" height=\"533\" src=\"https:\/\/d2p6e6u75xmxt8.cloudfront.net\/4\/2017\/07\/077_TdPA_AP9R5163.webp\" class=\"attachment-full size-full\" alt=\"\" aria-describedby=\"gallery-1-1837\" srcset=\"https:\/\/d2p6e6u75xmxt8.cloudfront.net\/4\/2017\/07\/077_TdPA_AP9R5163.webp 800w, https:\/\/d2p6e6u75xmxt8.cloudfront.net\/4\/2017\/07\/077_TdPA_AP9R5163-300x200.webp 300w, https:\/\/d2p6e6u75xmxt8.cloudfront.net\/4\/2017\/07\/077_TdPA_AP9R5163-768x512.webp 768w, https:\/\/d2p6e6u75xmxt8.cloudfront.net\/4\/2017\/07\/077_TdPA_AP9R5163-272x182.webp 272w\" sizes=\"auto, (max-width: 800px) 100vw, 800px\" \/><\/a>\n\t\t\t<\/div>\n\t\t\t\t<figcaption class='wp-caption-text gallery-caption' id='gallery-1-1837'>\n\t\t\t\t\u00a9 Tour de Pologne Amator\u00f3w 2015 &#8211; 2016\n\t\t\t\t<\/figcaption><\/figure><figure class='gallery-item'>\n\t\t\t<div class='gallery-icon landscape'>\n\t\t\t\t<a href='https:\/\/d2p6e6u75xmxt8.cloudfront.net\/4\/2017\/07\/089_TdPA__O5B3286.webp'><img loading=\"lazy\" decoding=\"async\" width=\"800\" height=\"533\" src=\"https:\/\/d2p6e6u75xmxt8.cloudfront.net\/4\/2017\/07\/089_TdPA__O5B3286.webp\" class=\"attachment-full size-full\" alt=\"\" aria-describedby=\"gallery-1-1838\" srcset=\"https:\/\/d2p6e6u75xmxt8.cloudfront.net\/4\/2017\/07\/089_TdPA__O5B3286.webp 800w, https:\/\/d2p6e6u75xmxt8.cloudfront.net\/4\/2017\/07\/089_TdPA__O5B3286-300x200.webp 300w, https:\/\/d2p6e6u75xmxt8.cloudfront.net\/4\/2017\/07\/089_TdPA__O5B3286-768x512.webp 768w, https:\/\/d2p6e6u75xmxt8.cloudfront.net\/4\/2017\/07\/089_TdPA__O5B3286-272x182.webp 272w\" sizes=\"auto, (max-width: 800px) 100vw, 800px\" \/><\/a>\n\t\t\t<\/div>\n\t\t\t\t<figcaption class='wp-caption-text gallery-caption' id='gallery-1-1838'>\n\t\t\t\t\u00a9 Tour de Pologne Amator\u00f3w 2015 &#8211; 2016\n\t\t\t\t<\/figcaption><\/figure><figure class='gallery-item'>\n\t\t\t<div class='gallery-icon landscape'>\n\t\t\t\t<a href='https:\/\/d2p6e6u75xmxt8.cloudfront.net\/4\/2017\/07\/171__O5B5982.webp'><img loading=\"lazy\" decoding=\"async\" width=\"800\" height=\"533\" src=\"https:\/\/d2p6e6u75xmxt8.cloudfront.net\/4\/2017\/07\/171__O5B5982.webp\" class=\"attachment-full size-full\" alt=\"\" aria-describedby=\"gallery-1-1841\" srcset=\"https:\/\/d2p6e6u75xmxt8.cloudfront.net\/4\/2017\/07\/171__O5B5982.webp 800w, https:\/\/d2p6e6u75xmxt8.cloudfront.net\/4\/2017\/07\/171__O5B5982-300x200.webp 300w, https:\/\/d2p6e6u75xmxt8.cloudfront.net\/4\/2017\/07\/171__O5B5982-768x512.webp 768w, https:\/\/d2p6e6u75xmxt8.cloudfront.net\/4\/2017\/07\/171__O5B5982-272x182.webp 272w\" sizes=\"auto, (max-width: 800px) 100vw, 800px\" \/><\/a>\n\t\t\t<\/div>\n\t\t\t\t<figcaption class='wp-caption-text gallery-caption' id='gallery-1-1841'>\n\t\t\t\t\u00a9 Tour de Pologne Amator\u00f3w 2015 &#8211; 2016\n\t\t\t\t<\/figcaption><\/figure><figure class='gallery-item'>\n\t\t\t<div class='gallery-icon landscape'>\n\t\t\t\t<a href='https:\/\/d2p6e6u75xmxt8.cloudfront.net\/4\/2017\/07\/102_TdPA_AP9R8383.webp'><img loading=\"lazy\" decoding=\"async\" width=\"800\" height=\"533\" src=\"https:\/\/d2p6e6u75xmxt8.cloudfront.net\/4\/2017\/07\/102_TdPA_AP9R8383.webp\" class=\"attachment-full size-full\" alt=\"\" aria-describedby=\"gallery-1-1839\" srcset=\"https:\/\/d2p6e6u75xmxt8.cloudfront.net\/4\/2017\/07\/102_TdPA_AP9R8383.webp 800w, https:\/\/d2p6e6u75xmxt8.cloudfront.net\/4\/2017\/07\/102_TdPA_AP9R8383-300x200.webp 300w, https:\/\/d2p6e6u75xmxt8.cloudfront.net\/4\/2017\/07\/102_TdPA_AP9R8383-768x512.webp 768w, https:\/\/d2p6e6u75xmxt8.cloudfront.net\/4\/2017\/07\/102_TdPA_AP9R8383-272x182.webp 272w\" sizes=\"auto, (max-width: 800px) 100vw, 800px\" \/><\/a>\n\t\t\t<\/div>\n\t\t\t\t<figcaption class='wp-caption-text gallery-caption' id='gallery-1-1839'>\n\t\t\t\t\u00a9 Tour de Pologne Amator\u00f3w 2015 &#8211; 2016\n\t\t\t\t<\/figcaption><\/figure><figure class='gallery-item'>\n\t\t\t<div class='gallery-icon landscape'>\n\t\t\t\t<a href='https:\/\/d2p6e6u75xmxt8.cloudfront.net\/4\/2017\/07\/106_GRU_9063.webp'><img loading=\"lazy\" decoding=\"async\" width=\"800\" height=\"534\" src=\"https:\/\/d2p6e6u75xmxt8.cloudfront.net\/4\/2017\/07\/106_GRU_9063.webp\" class=\"attachment-full size-full\" alt=\"\" aria-describedby=\"gallery-1-1840\" srcset=\"https:\/\/d2p6e6u75xmxt8.cloudfront.net\/4\/2017\/07\/106_GRU_9063.webp 800w, https:\/\/d2p6e6u75xmxt8.cloudfront.net\/4\/2017\/07\/106_GRU_9063-300x200.webp 300w, https:\/\/d2p6e6u75xmxt8.cloudfront.net\/4\/2017\/07\/106_GRU_9063-768x513.webp 768w, https:\/\/d2p6e6u75xmxt8.cloudfront.net\/4\/2017\/07\/106_GRU_9063-272x182.webp 272w\" sizes=\"auto, (max-width: 800px) 100vw, 800px\" \/><\/a>\n\t\t\t<\/div>\n\t\t\t\t<figcaption class='wp-caption-text gallery-caption' id='gallery-1-1840'>\n\t\t\t\t\u00a9 Tour de Pologne Amator\u00f3w 2015 &#8211; 2016\n\t\t\t\t<\/figcaption><\/figure>\n\t\t<\/div>\n\n<p><strong><a href=\"http:\/\/www.tourdepologneamatorow.pl\/\" target=\"_blank\" rel=\"noopener noreferrer\">Viac o pretekoch + registr\u00e1cia<\/a><\/strong><\/p>\n","protected":false},"excerpt":{"rendered":"<p>Najbli\u017e\u0161\u00edch nieko\u013eko dn\u00ed sa k\u00fasok za na\u0161ou severnou hranicou konaj\u00fa profesion\u00e1lne preteky, ktor\u00e9 pravdepodobne nenechaj\u00fa ani jedn\u00e9ho slovensk\u00e9ho fan\u00fa\u0161ika chladn\u00fdm [&hellip;]<\/p>\n","protected":false},"author":38,"featured_media":1879,"comment_status":"open","ping_status":"open","sticky":false,"template":"","format":"video","meta":{"footnotes":""},"categories":[4],"tags":[198,115,46,159,152,196,199,200,106,197],"global-categories":[],"class_list":["post-1832","post","type-post","status-publish","format-video","has-post-thumbnail","hentry","category-cestna-cyklisitika","tag-caleb-ewan","tag-cestna-cyklistika","tag-peter-sagan","tag-rafal-majka","tag-simon-yates","tag-teejay-van-garderen","tag-tour-de-pologne","tag-tour-de-pologne-amatorow","tag-uci-worldtour","tag-vincenzo-nibali","post_format-post-format-video"],"yoast_head":"<!-- This site is optimized with the Yoast SEO Premium plugin v25.3 (Yoast SEO v25.9) - https:\/\/yoast.com\/wordpress\/plugins\/seo\/ -->\n<title>Preteky World Tour k\u00fasok od hran\u00edc? Vitajte na Tour de Pologne! - \u0160koda We Love Cycling Slovensko<\/title>\n<meta name=\"robots\" content=\"index, follow, max-snippet:-1, max-image-preview:large, max-video-preview:-1\" \/>\n<link rel=\"canonical\" href=\"https:\/\/www.welovecycling.com\/sk\/2017\/07\/29\/preteky-world-tour-kusok-hranic-vitajte-tour-de-pologne\/\" \/>\n<meta property=\"og:locale\" content=\"sk_SK\" \/>\n<meta property=\"og:type\" content=\"article\" \/>\n<meta property=\"og:title\" content=\"Preteky World Tour k\u00fasok od hran\u00edc? Vitajte na Tour de Pologne!\" \/>\n<meta property=\"og:description\" content=\"Najbli\u017e\u0161\u00edch nieko\u013eko dn\u00ed sa k\u00fasok za na\u0161ou severnou hranicou konaj\u00fa profesion\u00e1lne preteky, ktor\u00e9 pravdepodobne nenechaj\u00fa ani jedn\u00e9ho slovensk\u00e9ho fan\u00fa\u0161ika chladn\u00fdm [&hellip;]\" \/>\n<meta property=\"og:url\" content=\"https:\/\/www.welovecycling.com\/sk\/2017\/07\/29\/preteky-world-tour-kusok-hranic-vitajte-tour-de-pologne\/\" \/>\n<meta property=\"og:site_name\" content=\"\u0160koda We Love Cycling Slovensko\" \/>\n<meta property=\"article:published_time\" content=\"2017-07-29T14:58:34+00:00\" \/>\n<meta property=\"article:modified_time\" content=\"2017-12-18T12:12:09+00:00\" \/>\n<meta property=\"og:image\" content=\"https:\/\/d2p6e6u75xmxt8.cloudfront.net\/4\/2017\/08\/sagan-tourdepologne-logo.webp\" \/>\n\t<meta property=\"og:image:width\" content=\"1375\" \/>\n\t<meta property=\"og:image:height\" content=\"600\" \/>\n\t<meta property=\"og:image:type\" content=\"image\/webp\" \/>\n<meta name=\"author\" content=\"Ondrej Ga\u0161par\" \/>\n<meta name=\"twitter:card\" content=\"summary_large_image\" \/>\n<meta name=\"twitter:label1\" content=\"Written by\" \/>\n\t<meta name=\"twitter:data1\" content=\"We Love Cycling\" \/>\n\t<meta name=\"twitter:label2\" content=\"Est. reading time\" \/>\n\t<meta name=\"twitter:data2\" content=\"2 minutes\" \/>\n<script type=\"application\/ld+json\" class=\"yoast-schema-graph\">{\"@context\":\"https:\/\/schema.org\",\"@graph\":[{\"@type\":\"WebPage\",\"@id\":\"https:\/\/www.welovecycling.com\/sk\/2017\/07\/29\/preteky-world-tour-kusok-hranic-vitajte-tour-de-pologne\/\",\"url\":\"https:\/\/www.welovecycling.com\/sk\/2017\/07\/29\/preteky-world-tour-kusok-hranic-vitajte-tour-de-pologne\/\",\"name\":\"Preteky World Tour k\u00fasok od hran\u00edc? Vitajte na Tour de Pologne! - \u0160koda We Love Cycling Slovensko\",\"isPartOf\":{\"@id\":\"https:\/\/www.welovecycling.com\/sk\/#website\"},\"primaryImageOfPage\":{\"@id\":\"https:\/\/www.welovecycling.com\/sk\/2017\/07\/29\/preteky-world-tour-kusok-hranic-vitajte-tour-de-pologne\/#primaryimage\"},\"image\":{\"@id\":\"https:\/\/www.welovecycling.com\/sk\/2017\/07\/29\/preteky-world-tour-kusok-hranic-vitajte-tour-de-pologne\/#primaryimage\"},\"thumbnailUrl\":\"https:\/\/d2p6e6u75xmxt8.cloudfront.net\/4\/2017\/08\/sagan-tourdepologne-logo.webp\",\"datePublished\":\"2017-07-29T14:58:34+00:00\",\"dateModified\":\"2017-12-18T12:12:09+00:00\",\"author\":{\"@id\":\"https:\/\/www.welovecycling.com\/sk\/#\/schema\/person\/8ee09ba39b7e25b1870160aa5b3a89bc\"},\"breadcrumb\":{\"@id\":\"https:\/\/www.welovecycling.com\/sk\/2017\/07\/29\/preteky-world-tour-kusok-hranic-vitajte-tour-de-pologne\/#breadcrumb\"},\"inLanguage\":\"sk-SK\",\"potentialAction\":[{\"@type\":\"ReadAction\",\"target\":[\"https:\/\/www.welovecycling.com\/sk\/2017\/07\/29\/preteky-world-tour-kusok-hranic-vitajte-tour-de-pologne\/\"]}]},{\"@type\":\"ImageObject\",\"inLanguage\":\"sk-SK\",\"@id\":\"https:\/\/www.welovecycling.com\/sk\/2017\/07\/29\/preteky-world-tour-kusok-hranic-vitajte-tour-de-pologne\/#primaryimage\",\"url\":\"https:\/\/d2p6e6u75xmxt8.cloudfront.net\/4\/2017\/08\/sagan-tourdepologne-logo.webp\",\"contentUrl\":\"https:\/\/d2p6e6u75xmxt8.cloudfront.net\/4\/2017\/08\/sagan-tourdepologne-logo.webp\",\"width\":1375,\"height\":600},{\"@type\":\"BreadcrumbList\",\"@id\":\"https:\/\/www.welovecycling.com\/sk\/2017\/07\/29\/preteky-world-tour-kusok-hranic-vitajte-tour-de-pologne\/#breadcrumb\",\"itemListElement\":[{\"@type\":\"ListItem\",\"position\":1,\"name\":\"Home\",\"item\":\"https:\/\/www.welovecycling.com\/sk\/\"},{\"@type\":\"ListItem\",\"position\":2,\"name\":\"Preteky World Tour k\u00fasok od hran\u00edc? Vitajte na Tour de Pologne!\"}]},{\"@type\":\"WebSite\",\"@id\":\"https:\/\/www.welovecycling.com\/sk\/#website\",\"url\":\"https:\/\/www.welovecycling.com\/sk\/\",\"name\":\"\u0160koda We Love Cycling Slovensko\",\"description\":\"\u0160koda We Love Cycling Slovensko je v\u00e1\u0161 ka\u017edodenn\u00fd zdroj noviniek a in\u0161pir\u00e1cie z sveta cyklistiky\",\"potentialAction\":[{\"@type\":\"SearchAction\",\"target\":{\"@type\":\"EntryPoint\",\"urlTemplate\":\"https:\/\/www.welovecycling.com\/sk\/?s={search_term_string}\"},\"query-input\":{\"@type\":\"PropertyValueSpecification\",\"valueRequired\":true,\"valueName\":\"search_term_string\"}}],\"inLanguage\":\"sk-SK\"},{\"@type\":\"Person\",\"@id\":\"https:\/\/www.welovecycling.com\/sk\/#\/schema\/person\/8ee09ba39b7e25b1870160aa5b3a89bc\",\"name\":\"Ondrej Ga\u0161par\",\"image\":{\"@type\":\"ImageObject\",\"inLanguage\":\"sk-SK\",\"@id\":\"https:\/\/www.welovecycling.com\/sk\/#\/schema\/person\/image\/\",\"url\":\"https:\/\/secure.gravatar.com\/avatar\/6126c9afb87b70da5abbb083ddbb21933da15f18f8ca7cb822aba0fb096a48f6?s=96&d=mm&r=g\",\"contentUrl\":\"https:\/\/secure.gravatar.com\/avatar\/6126c9afb87b70da5abbb083ddbb21933da15f18f8ca7cb822aba0fb096a48f6?s=96&d=mm&r=g\",\"caption\":\"Ondrej Ga\u0161par\"},\"url\":\"https:\/\/www.welovecycling.com\/sk\/author\/ondrejgaspar\/\"}]}<\/script>\n<!-- \/ Yoast SEO Premium plugin. -->","yoast_head_json":{"title":"Preteky World Tour k\u00fasok od hran\u00edc? Vitajte na Tour de Pologne! - \u0160koda We Love Cycling Slovensko","robots":{"index":"index","follow":"follow","max-snippet":"max-snippet:-1","max-image-preview":"max-image-preview:large","max-video-preview":"max-video-preview:-1"},"canonical":"https:\/\/www.welovecycling.com\/sk\/2017\/07\/29\/preteky-world-tour-kusok-hranic-vitajte-tour-de-pologne\/","og_locale":"sk_SK","og_type":"article","og_title":"Preteky World Tour k\u00fasok od hran\u00edc? Vitajte na Tour de Pologne!","og_description":"Najbli\u017e\u0161\u00edch nieko\u013eko dn\u00ed sa k\u00fasok za na\u0161ou severnou hranicou konaj\u00fa profesion\u00e1lne preteky, ktor\u00e9 pravdepodobne nenechaj\u00fa ani jedn\u00e9ho slovensk\u00e9ho fan\u00fa\u0161ika chladn\u00fdm [&hellip;]","og_url":"https:\/\/www.welovecycling.com\/sk\/2017\/07\/29\/preteky-world-tour-kusok-hranic-vitajte-tour-de-pologne\/","og_site_name":"\u0160koda We Love Cycling Slovensko","article_published_time":"2017-07-29T14:58:34+00:00","article_modified_time":"2017-12-18T12:12:09+00:00","og_image":[{"width":1375,"height":600,"url":"https:\/\/d2p6e6u75xmxt8.cloudfront.net\/4\/2017\/08\/sagan-tourdepologne-logo.webp","type":"image\/webp"}],"author":"Ondrej Ga\u0161par","twitter_card":"summary_large_image","twitter_misc":{"Written by":"We Love Cycling","Est. reading time":"2 minutes"},"schema":{"@context":"https:\/\/schema.org","@graph":[{"@type":"WebPage","@id":"https:\/\/www.welovecycling.com\/sk\/2017\/07\/29\/preteky-world-tour-kusok-hranic-vitajte-tour-de-pologne\/","url":"https:\/\/www.welovecycling.com\/sk\/2017\/07\/29\/preteky-world-tour-kusok-hranic-vitajte-tour-de-pologne\/","name":"Preteky World Tour k\u00fasok od hran\u00edc? Vitajte na Tour de Pologne! - \u0160koda We Love Cycling Slovensko","isPartOf":{"@id":"https:\/\/www.welovecycling.com\/sk\/#website"},"primaryImageOfPage":{"@id":"https:\/\/www.welovecycling.com\/sk\/2017\/07\/29\/preteky-world-tour-kusok-hranic-vitajte-tour-de-pologne\/#primaryimage"},"image":{"@id":"https:\/\/www.welovecycling.com\/sk\/2017\/07\/29\/preteky-world-tour-kusok-hranic-vitajte-tour-de-pologne\/#primaryimage"},"thumbnailUrl":"https:\/\/d2p6e6u75xmxt8.cloudfront.net\/4\/2017\/08\/sagan-tourdepologne-logo.webp","datePublished":"2017-07-29T14:58:34+00:00","dateModified":"2017-12-18T12:12:09+00:00","author":{"@id":"https:\/\/www.welovecycling.com\/sk\/#\/schema\/person\/8ee09ba39b7e25b1870160aa5b3a89bc"},"breadcrumb":{"@id":"https:\/\/www.welovecycling.com\/sk\/2017\/07\/29\/preteky-world-tour-kusok-hranic-vitajte-tour-de-pologne\/#breadcrumb"},"inLanguage":"sk-SK","potentialAction":[{"@type":"ReadAction","target":["https:\/\/www.welovecycling.com\/sk\/2017\/07\/29\/preteky-world-tour-kusok-hranic-vitajte-tour-de-pologne\/"]}]},{"@type":"ImageObject","inLanguage":"sk-SK","@id":"https:\/\/www.welovecycling.com\/sk\/2017\/07\/29\/preteky-world-tour-kusok-hranic-vitajte-tour-de-pologne\/#primaryimage","url":"https:\/\/d2p6e6u75xmxt8.cloudfront.net\/4\/2017\/08\/sagan-tourdepologne-logo.webp","contentUrl":"https:\/\/d2p6e6u75xmxt8.cloudfront.net\/4\/2017\/08\/sagan-tourdepologne-logo.webp","width":1375,"height":600},{"@type":"BreadcrumbList","@id":"https:\/\/www.welovecycling.com\/sk\/2017\/07\/29\/preteky-world-tour-kusok-hranic-vitajte-tour-de-pologne\/#breadcrumb","itemListElement":[{"@type":"ListItem","position":1,"name":"Home","item":"https:\/\/www.welovecycling.com\/sk\/"},{"@type":"ListItem","position":2,"name":"Preteky World Tour k\u00fasok od hran\u00edc? Vitajte na Tour de Pologne!"}]},{"@type":"WebSite","@id":"https:\/\/www.welovecycling.com\/sk\/#website","url":"https:\/\/www.welovecycling.com\/sk\/","name":"\u0160koda We Love Cycling Slovensko","description":"\u0160koda We Love Cycling Slovensko je v\u00e1\u0161 ka\u017edodenn\u00fd zdroj noviniek a in\u0161pir\u00e1cie z sveta cyklistiky","potentialAction":[{"@type":"SearchAction","target":{"@type":"EntryPoint","urlTemplate":"https:\/\/www.welovecycling.com\/sk\/?s={search_term_string}"},"query-input":{"@type":"PropertyValueSpecification","valueRequired":true,"valueName":"search_term_string"}}],"inLanguage":"sk-SK"},{"@type":"Person","@id":"https:\/\/www.welovecycling.com\/sk\/#\/schema\/person\/8ee09ba39b7e25b1870160aa5b3a89bc","name":"Ondrej Ga\u0161par","image":{"@type":"ImageObject","inLanguage":"sk-SK","@id":"https:\/\/www.welovecycling.com\/sk\/#\/schema\/person\/image\/","url":"https:\/\/secure.gravatar.com\/avatar\/6126c9afb87b70da5abbb083ddbb21933da15f18f8ca7cb822aba0fb096a48f6?s=96&d=mm&r=g","contentUrl":"https:\/\/secure.gravatar.com\/avatar\/6126c9afb87b70da5abbb083ddbb21933da15f18f8ca7cb822aba0fb096a48f6?s=96&d=mm&r=g","caption":"Ondrej Ga\u0161par"},"url":"https:\/\/www.welovecycling.com\/sk\/author\/ondrejgaspar\/"}]}},"_links":{"self":[{"href":"https:\/\/www.welovecycling.com\/sk\/wp-json\/wp\/v2\/posts\/1832","targetHints":{"allow":["GET"]}}],"collection":[{"href":"https:\/\/www.welovecycling.com\/sk\/wp-json\/wp\/v2\/posts"}],"about":[{"href":"https:\/\/www.welovecycling.com\/sk\/wp-json\/wp\/v2\/types\/post"}],"author":[{"embeddable":true,"href":"https:\/\/www.welovecycling.com\/sk\/wp-json\/wp\/v2\/users\/38"}],"replies":[{"embeddable":true,"href":"https:\/\/www.welovecycling.com\/sk\/wp-json\/wp\/v2\/comments?post=1832"}],"version-history":[{"count":2,"href":"https:\/\/www.welovecycling.com\/sk\/wp-json\/wp\/v2\/posts\/1832\/revisions"}],"predecessor-version":[{"id":1861,"href":"https:\/\/www.welovecycling.com\/sk\/wp-json\/wp\/v2\/posts\/1832\/revisions\/1861"}],"wp:featuredmedia":[{"embeddable":true,"href":"https:\/\/www.welovecycling.com\/sk\/wp-json\/wp\/v2\/media\/1879"}],"wp:attachment":[{"href":"https:\/\/www.welovecycling.com\/sk\/wp-json\/wp\/v2\/media?parent=1832"}],"wp:term":[{"taxonomy":"category","embeddable":true,"href":"https:\/\/www.welovecycling.com\/sk\/wp-json\/wp\/v2\/categories?post=1832"},{"taxonomy":"post_tag","embeddable":true,"href":"https:\/\/www.welovecycling.com\/sk\/wp-json\/wp\/v2\/tags?post=1832"},{"taxonomy":"global-categories","embeddable":true,"href":"https:\/\/www.welovecycling.com\/sk\/wp-json\/wp\/v2\/global-categories?post=1832"}],"curies":[{"name":"wp","href":"https:\/\/api.w.org\/{rel}","templated":true}]}}