{"id":18319,"date":"2023-09-22T11:42:30","date_gmt":"2023-09-22T09:42:30","guid":{"rendered":"https:\/\/www.welovecycling.com\/sk\/?p=18319"},"modified":"2023-09-22T11:43:36","modified_gmt":"2023-09-22T09:43:36","slug":"serial-ako-sa-stat-cyklistom-10-pozor-na-pretrenovanie","status":"publish","type":"post","link":"https:\/\/www.welovecycling.com\/sk\/2023\/09\/22\/serial-ako-sa-stat-cyklistom-10-pozor-na-pretrenovanie\/","title":{"rendered":"Seri\u00e1l: Ako sa sta\u0165 cyklistom \u2013 10. Pozor na pretr\u00e9novanie"},"content":{"rendered":"<p><strong>V\u00a0minulom \u010dl\u00e1nku sme sa pozreli na to, <a href=\"https:\/\/www.welovecycling.com\/sk\/2023\/08\/21\/serial-ako-sa-stat-cyklistom-9-ako-casto-jazdit\/\" target=\"_blank\" rel=\"noopener\">ako \u010dasto jazdi\u0165<\/a>, \u010do zaradi\u0165 do svojho tr\u00e9ningov\u00e9ho pl\u00e1nu. Ak ste sa do tr\u00e9novania pustili naplno, ur\u010dite u\u017e vid\u00edte nejak\u00e9 v\u00fdsledky a\u00a0zis\u0165ujete, \u017ee kopec, ktor\u00fd ste predt\u00fdm ledva vy\u0161liapali, teraz d\u00e1vate bez probl\u00e9mov a\u00a0e\u0161te si na z\u00e1ver tr\u00e9ningu prid\u00e1te nejak\u00fd ten okruh navy\u0161e. Aby ste sa v\u0161ak vyhli pretr\u00e9novaniu, pozrieme sa na to, ako si svoje dni v\u00a0sedle ozvl\u00e1\u0161tni\u0165.<\/strong><!--more--><\/p>\n<h2><strong>Pretr\u00e9novanie\u00a0<\/strong><\/h2>\n<p><span style=\"font-weight: 400;\">Pretr\u00e9novanie m\u00f4\u017ee by\u0165 nielen z\u00a0fyzick\u00fdch d\u00f4vodov, ale svoj vplyv na to m\u00e1 aj hlava.<strong> Neust\u00e1le s\u00fastredenie sa na v\u00fdkon a\u00a0po\u010d\u00edtanie prejden\u00fdch kilometrov m\u00f4\u017ee by\u0165 po \u010dase ub\u00edjaj\u00face na psychiku.<\/strong> Po \u010dase m\u00f4\u017ee pr\u00eds\u0165 vyhorenie a\u00a0pretr\u00e9novanie v\u00a0tom zmysle, \u017ee sa n\u00e1m nebude chcie\u0165 znovu \u0161liapa\u0165 na tie ist\u00e9 miesta. Chceme predsa, aby n\u00e1s cyklistika st\u00e1le bavila a\u00a0mali sme z\u00a0nej rados\u0165 a\u00a0pr\u00e1ve preto potrebujete ob\u010das zmenu.\u00a0<\/span><\/p>\n<p><img loading=\"lazy\" decoding=\"async\" class=\"alignnone size-full wp-image-18321\" src=\"https:\/\/d2p6e6u75xmxt8.cloudfront.net\/4\/2023\/09\/01-3.webp\" alt=\"\" width=\"990\" height=\"660\" srcset=\"https:\/\/d2p6e6u75xmxt8.cloudfront.net\/4\/2023\/09\/01-3.webp 990w, https:\/\/d2p6e6u75xmxt8.cloudfront.net\/4\/2023\/09\/01-3-300x200.webp 300w, https:\/\/d2p6e6u75xmxt8.cloudfront.net\/4\/2023\/09\/01-3-768x512.webp 768w, https:\/\/d2p6e6u75xmxt8.cloudfront.net\/4\/2023\/09\/01-3-400x267.webp 400w, https:\/\/d2p6e6u75xmxt8.cloudfront.net\/4\/2023\/09\/01-3-272x182.webp 272w\" sizes=\"auto, (max-width: 990px) 100vw, 990px\" \/><\/p>\n<h2><strong>Objavujte nov\u00e9 miesta<\/strong><\/h2>\n<p><span style=\"font-weight: 400;\">Nemus\u00edte hne\u010f vyrazi\u0165 \u010faleko, sta\u010d\u00ed si pozrie\u0165 mapu s\u00a0cyklotrasami vo va\u0161om okol\u00ed a\u00a0zist\u00edte, \u017ee je st\u00e1le ve\u013ea miest, kde ste neboli.<strong> Urobte si z\u00a0v\u00fdjazdu dobrodru\u017estvo a\u00a0napl\u00e1nujte si celodenn\u00fa trasu na nov\u00e9 miesta.<\/strong> Zabudnite na r\u00fdchle \u010dasy a\u00a0skvel\u00e9 v\u00fdkony a\u00a0u\u017e\u00edvajte si samotn\u00e9 \u0161liapanie do ped\u00e1lov. Ke\u010f budete ma\u0165 chu\u0165 na oddych, tak oddychujte. <\/span><\/p>\n<p><span style=\"font-weight: 400;\"><strong>Ke\u010f budete hladn\u00fd, n\u00e1jdite si nejak\u00e9 pekn\u00e9 mieste\u010dko s\u00a0kr\u00e1snym v\u00fdh\u013eadom a\u00a0najedzte sa.<\/strong> Urobte si fotky okolia, k\u013eudne si nazbierajte lesn\u00e9 plody, ak nejak\u00e9 objav\u00edte a\u00a0u\u017e\u00edvajte si de\u0148.\u00a0<\/span><\/p>\n<h2><strong>Cho\u010fte aj mimo svojho okolia<\/strong><\/h2>\n<p><span style=\"font-weight: 400;\">Dobr\u00fdm rie\u0161en\u00edm je ob\u010das nalo\u017ei\u0165 svoj bicykel do auta a\u00a0vyrazi\u0165 spozn\u00e1va\u0165 trate a<\/span><a href=\"https:\/\/www.welovecycling.com\/sk\/2023\/09\/18\/rozhovor-bike-park-malino-brdo-zabava-na-trailoch-vo-velkej-fatra\/\" target=\"_blank\" rel=\"noopener\"><span style=\"font-weight: 400;\">\u00a0traily<\/span><\/a><span style=\"font-weight: 400;\"> na druh\u00fd koniec Slovenska. <strong>Budete milo prekvapen\u00ed, ko\u013eko <\/strong><\/span><strong><a href=\"https:\/\/www.welovecycling.com\/sk\/2023\/04\/10\/rozhovor-sck-jeden-den-v-zivote-znackara-2-cast\/\" target=\"_blank\" rel=\"noopener\">zna\u010den\u00fdch trat\u00ed <\/a><\/strong><span style=\"font-weight: 400;\"><strong>tu m\u00e1me, ko\u013eko \u010darovn\u00fdch miest a\u00a0ur\u010dite spozn\u00e1te aj mno\u017estvo zauj\u00edmav\u00fdch \u013eud\u00ed.<\/strong> Tieto cesty m\u00f4\u017eu by\u0165 jednorazov\u00e9 a raz za \u010das si takto ozvl\u00e1\u0161tnite svoj tr\u00e9ningov\u00fd program. M\u00f4\u017eete to v\u0161ak robi\u0165 aj pravidelne. <\/span><\/p>\n<p><span style=\"font-weight: 400;\"><strong>\u010co tak si napr\u00edklad napl\u00e1nova\u0165 v\u0161etky piatky v\u00a0mesiaci dovolenku?<\/strong> To m\u00e1te hne\u010f \u0161tyri pred\u013a\u017een\u00e9 v\u00edkendy pred sebou a\u00a0m\u00f4\u017eete vyrazi\u0165 spozn\u00e1va\u0165 nov\u00e9 miesta.<\/span><\/p>\n<p><img loading=\"lazy\" decoding=\"async\" class=\"alignnone size-full wp-image-18322\" src=\"https:\/\/d2p6e6u75xmxt8.cloudfront.net\/4\/2023\/09\/02-3.webp\" alt=\"pretr\u00e9novanie\" width=\"990\" height=\"660\" srcset=\"https:\/\/d2p6e6u75xmxt8.cloudfront.net\/4\/2023\/09\/02-3.webp 990w, https:\/\/d2p6e6u75xmxt8.cloudfront.net\/4\/2023\/09\/02-3-300x200.webp 300w, https:\/\/d2p6e6u75xmxt8.cloudfront.net\/4\/2023\/09\/02-3-768x512.webp 768w, https:\/\/d2p6e6u75xmxt8.cloudfront.net\/4\/2023\/09\/02-3-400x267.webp 400w, https:\/\/d2p6e6u75xmxt8.cloudfront.net\/4\/2023\/09\/02-3-272x182.webp 272w\" sizes=\"auto, (max-width: 990px) 100vw, 990px\" \/><\/p>\n<h2><strong>Vyu\u017eite aj dovolenku<\/strong><\/h2>\n<p><span style=\"font-weight: 400;\"><strong>\u010ci u\u017e je to letn\u00e1 dovolenka pri mori, alebo jesenn\u00fd oddych v hor\u00e1ch na chalupe, priba\u013ete si k bato\u017eine aj bicykel.<\/strong> A zajazdite si aj po\u010das dovolenky. Samozrejme ak ste tam s rodinou, nezab\u00fadajte sa im venova\u0165 a ten bicykel majte len ako doplnok. Dokonal\u00e9 spojenie je, ak sa cyklistike venuje cel\u00e1 rodina a vtedy m\u00f4\u017eete spoji\u0165 pr\u00edjemn\u00e9 s u\u017eito\u010dn\u00fdm. Takto aj va\u0161e deti spoznaj\u00fa kr\u00e1su cyklistiky a v\u0161etci urob\u00edte nie\u010do pre svoje zdravie.\u00a0\u00a0<\/span><\/p>\n<p><span style=\"font-weight: 400;\">Tak\u00e9to cyklistick\u00e9 z\u00e1\u017eitky v\u00e1m dodaj\u00fa energiu a\u00a0pekn\u00e9 spomienky v\u00e1m ostan\u00fa v\u00a0mysli ve\u013emi dlho. <strong>Bud\u00fa pre v\u00e1s motorom, ktor\u00fd v\u00e1s nakopne, ke\u010f sa v\u00e1m nebude chcie\u0165 ani len sadn\u00fa\u0165 na bicykel.<\/strong> Doprajte si tak\u00fdto luxus a\u00a0urobte si z\u00a0cyklistky svoj \u017eivotn\u00fd \u0161t\u00fdl so v\u0161etk\u00fdm, \u010do k\u00a0tomu patr\u00ed. No a\u00a0nezab\u00fadajte tieto z\u00e1\u017eitky zdie\u013ea\u0165 so svojimi bl\u00edzkymi a\u00a0priate\u013emi. Rados\u0165, ktor\u00fa za\u017eijete spolo\u010dne, bude o\u00a0to v\u00e4\u010d\u0161ia.\u00a0<\/span><\/p>\n","protected":false},"excerpt":{"rendered":"<p>V\u00a0minulom \u010dl\u00e1nku sme sa pozreli na to, ako \u010dasto jazdi\u0165, \u010do zaradi\u0165 do svojho tr\u00e9ningov\u00e9ho pl\u00e1nu. Ak ste sa do [&hellip;]<\/p>\n","protected":false},"author":172,"featured_media":18323,"comment_status":"open","ping_status":"open","sticky":false,"template":"","format":"standard","meta":{"footnotes":""},"categories":[191],"tags":[115,1307,1379,180,532,1610,55,161,623],"global-categories":[1074],"class_list":["post-18319","post","type-post","status-publish","format-standard","has-post-thumbnail","hentry","category-odporucame","tag-cestna-cyklistika","tag-domaci-trening","tag-dusevne-zdravie","tag-horska-cyklistika","tag-jazdenie","tag-pretrenovanie","tag-trening","tag-zdravie","tag-zdravy-zivotny-styl","global-categories-cycling"],"yoast_head":"<!-- This site is optimized with the Yoast SEO Premium plugin v25.3 (Yoast SEO v25.9) - https:\/\/yoast.com\/wordpress\/plugins\/seo\/ -->\n<title>Seri\u00e1l: Ako sa sta\u0165 cyklistom \u2013 10. Pozor na pretr\u00e9novanie - \u0160koda We Love Cycling Slovensko<\/title>\n<meta name=\"description\" content=\"Naplno tr\u00e9nujete a vid\u00edte skvel\u00e9 v\u00fdsledky. Ako sa v\u0161ak vyhn\u00fa\u0165 pretr\u00e9novaniu? Pozrieme sa na to, ako si svoje dni v\u00a0sedle ozvl\u00e1\u0161tni\u0165.\" \/>\n<meta name=\"robots\" content=\"index, follow, max-snippet:-1, max-image-preview:large, max-video-preview:-1\" \/>\n<link rel=\"canonical\" href=\"https:\/\/www.welovecycling.com\/sk\/2023\/09\/22\/serial-ako-sa-stat-cyklistom-10-pozor-na-pretrenovanie\/\" \/>\n<meta property=\"og:locale\" content=\"sk_SK\" \/>\n<meta property=\"og:type\" content=\"article\" \/>\n<meta property=\"og:title\" content=\"Seri\u00e1l: Ako sa sta\u0165 cyklistom \u2013 10. Pozor na pretr\u00e9novanie\" \/>\n<meta property=\"og:description\" content=\"Naplno tr\u00e9nujete a vid\u00edte skvel\u00e9 v\u00fdsledky. Ako sa v\u0161ak vyhn\u00fa\u0165 pretr\u00e9novaniu? Pozrieme sa na to, ako si svoje dni v\u00a0sedle ozvl\u00e1\u0161tni\u0165.\" \/>\n<meta property=\"og:url\" content=\"https:\/\/www.welovecycling.com\/sk\/2023\/09\/22\/serial-ako-sa-stat-cyklistom-10-pozor-na-pretrenovanie\/\" \/>\n<meta property=\"og:site_name\" content=\"\u0160koda We Love Cycling Slovensko\" \/>\n<meta property=\"article:published_time\" content=\"2023-09-22T09:42:30+00:00\" \/>\n<meta property=\"article:modified_time\" content=\"2023-09-22T09:43:36+00:00\" \/>\n<meta property=\"og:image\" content=\"https:\/\/d2p6e6u75xmxt8.cloudfront.net\/4\/2023\/09\/titulka-4.webp\" \/>\n\t<meta property=\"og:image:width\" content=\"990\" \/>\n\t<meta property=\"og:image:height\" content=\"660\" \/>\n\t<meta property=\"og:image:type\" content=\"image\/webp\" \/>\n<meta name=\"author\" content=\"dominika\" \/>\n<meta name=\"twitter:card\" content=\"summary_large_image\" \/>\n<meta name=\"twitter:label1\" content=\"Written by\" \/>\n\t<meta name=\"twitter:data1\" content=\"Radovan Vr\u0161ka\" \/>\n\t<meta name=\"twitter:label2\" content=\"Est. reading time\" \/>\n\t<meta name=\"twitter:data2\" content=\"2\" \/>\n<script type=\"application\/ld+json\" class=\"yoast-schema-graph\">{\"@context\":\"https:\/\/schema.org\",\"@graph\":[{\"@type\":\"WebPage\",\"@id\":\"https:\/\/www.welovecycling.com\/sk\/2023\/09\/22\/serial-ako-sa-stat-cyklistom-10-pozor-na-pretrenovanie\/\",\"url\":\"https:\/\/www.welovecycling.com\/sk\/2023\/09\/22\/serial-ako-sa-stat-cyklistom-10-pozor-na-pretrenovanie\/\",\"name\":\"Seri\u00e1l: Ako sa sta\u0165 cyklistom \u2013 10. Pozor na pretr\u00e9novanie - \u0160koda We Love Cycling Slovensko\",\"isPartOf\":{\"@id\":\"https:\/\/www.welovecycling.com\/sk\/#website\"},\"primaryImageOfPage\":{\"@id\":\"https:\/\/www.welovecycling.com\/sk\/2023\/09\/22\/serial-ako-sa-stat-cyklistom-10-pozor-na-pretrenovanie\/#primaryimage\"},\"image\":{\"@id\":\"https:\/\/www.welovecycling.com\/sk\/2023\/09\/22\/serial-ako-sa-stat-cyklistom-10-pozor-na-pretrenovanie\/#primaryimage\"},\"thumbnailUrl\":\"https:\/\/d2p6e6u75xmxt8.cloudfront.net\/4\/2023\/09\/titulka-4.webp\",\"datePublished\":\"2023-09-22T09:42:30+00:00\",\"dateModified\":\"2023-09-22T09:43:36+00:00\",\"author\":{\"@id\":\"https:\/\/www.welovecycling.com\/sk\/#\/schema\/person\/533b62b98b6c41bd5135ebfb1f742624\"},\"description\":\"Naplno tr\u00e9nujete a vid\u00edte skvel\u00e9 v\u00fdsledky. Ako sa v\u0161ak vyhn\u00fa\u0165 pretr\u00e9novaniu? Pozrieme sa na to, ako si svoje dni v\u00a0sedle ozvl\u00e1\u0161tni\u0165.\",\"breadcrumb\":{\"@id\":\"https:\/\/www.welovecycling.com\/sk\/2023\/09\/22\/serial-ako-sa-stat-cyklistom-10-pozor-na-pretrenovanie\/#breadcrumb\"},\"inLanguage\":\"sk-SK\",\"potentialAction\":[{\"@type\":\"ReadAction\",\"target\":[\"https:\/\/www.welovecycling.com\/sk\/2023\/09\/22\/serial-ako-sa-stat-cyklistom-10-pozor-na-pretrenovanie\/\"]}]},{\"@type\":\"ImageObject\",\"inLanguage\":\"sk-SK\",\"@id\":\"https:\/\/www.welovecycling.com\/sk\/2023\/09\/22\/serial-ako-sa-stat-cyklistom-10-pozor-na-pretrenovanie\/#primaryimage\",\"url\":\"https:\/\/d2p6e6u75xmxt8.cloudfront.net\/4\/2023\/09\/titulka-4.webp\",\"contentUrl\":\"https:\/\/d2p6e6u75xmxt8.cloudfront.net\/4\/2023\/09\/titulka-4.webp\",\"width\":990,\"height\":660},{\"@type\":\"BreadcrumbList\",\"@id\":\"https:\/\/www.welovecycling.com\/sk\/2023\/09\/22\/serial-ako-sa-stat-cyklistom-10-pozor-na-pretrenovanie\/#breadcrumb\",\"itemListElement\":[{\"@type\":\"ListItem\",\"position\":1,\"name\":\"Home\",\"item\":\"https:\/\/www.welovecycling.com\/sk\/\"},{\"@type\":\"ListItem\",\"position\":2,\"name\":\"Seri\u00e1l: Ako sa sta\u0165 cyklistom \u2013 10. Pozor na pretr\u00e9novanie\"}]},{\"@type\":\"WebSite\",\"@id\":\"https:\/\/www.welovecycling.com\/sk\/#website\",\"url\":\"https:\/\/www.welovecycling.com\/sk\/\",\"name\":\"\u0160koda We Love Cycling Slovensko\",\"description\":\"\u0160koda We Love Cycling Slovensko je v\u00e1\u0161 ka\u017edodenn\u00fd zdroj noviniek a in\u0161pir\u00e1cie z sveta cyklistiky\",\"potentialAction\":[{\"@type\":\"SearchAction\",\"target\":{\"@type\":\"EntryPoint\",\"urlTemplate\":\"https:\/\/www.welovecycling.com\/sk\/?s={search_term_string}\"},\"query-input\":{\"@type\":\"PropertyValueSpecification\",\"valueRequired\":true,\"valueName\":\"search_term_string\"}}],\"inLanguage\":\"sk-SK\"},{\"@type\":\"Person\",\"@id\":\"https:\/\/www.welovecycling.com\/sk\/#\/schema\/person\/533b62b98b6c41bd5135ebfb1f742624\",\"name\":\"dominika\",\"image\":{\"@type\":\"ImageObject\",\"inLanguage\":\"sk-SK\",\"@id\":\"https:\/\/www.welovecycling.com\/sk\/#\/schema\/person\/image\/\",\"url\":\"https:\/\/secure.gravatar.com\/avatar\/ded6f274ba2ec3e17fff153f7d9d96a4b33c2cb63907f75d9a5309c599a7f3e6?s=96&d=mm&r=g\",\"contentUrl\":\"https:\/\/secure.gravatar.com\/avatar\/ded6f274ba2ec3e17fff153f7d9d96a4b33c2cb63907f75d9a5309c599a7f3e6?s=96&d=mm&r=g\",\"caption\":\"dominika\"},\"url\":\"https:\/\/www.welovecycling.com\/sk\/author\/dominika\/\"}]}<\/script>\n<!-- \/ Yoast SEO Premium plugin. -->","yoast_head_json":{"title":"Seri\u00e1l: Ako sa sta\u0165 cyklistom \u2013 10. Pozor na pretr\u00e9novanie - \u0160koda We Love Cycling Slovensko","description":"Naplno tr\u00e9nujete a vid\u00edte skvel\u00e9 v\u00fdsledky. Ako sa v\u0161ak vyhn\u00fa\u0165 pretr\u00e9novaniu? Pozrieme sa na to, ako si svoje dni v\u00a0sedle ozvl\u00e1\u0161tni\u0165.","robots":{"index":"index","follow":"follow","max-snippet":"max-snippet:-1","max-image-preview":"max-image-preview:large","max-video-preview":"max-video-preview:-1"},"canonical":"https:\/\/www.welovecycling.com\/sk\/2023\/09\/22\/serial-ako-sa-stat-cyklistom-10-pozor-na-pretrenovanie\/","og_locale":"sk_SK","og_type":"article","og_title":"Seri\u00e1l: Ako sa sta\u0165 cyklistom \u2013 10. Pozor na pretr\u00e9novanie","og_description":"Naplno tr\u00e9nujete a vid\u00edte skvel\u00e9 v\u00fdsledky. Ako sa v\u0161ak vyhn\u00fa\u0165 pretr\u00e9novaniu? Pozrieme sa na to, ako si svoje dni v\u00a0sedle ozvl\u00e1\u0161tni\u0165.","og_url":"https:\/\/www.welovecycling.com\/sk\/2023\/09\/22\/serial-ako-sa-stat-cyklistom-10-pozor-na-pretrenovanie\/","og_site_name":"\u0160koda We Love Cycling Slovensko","article_published_time":"2023-09-22T09:42:30+00:00","article_modified_time":"2023-09-22T09:43:36+00:00","og_image":[{"width":990,"height":660,"url":"https:\/\/d2p6e6u75xmxt8.cloudfront.net\/4\/2023\/09\/titulka-4.webp","type":"image\/webp"}],"author":"dominika","twitter_card":"summary_large_image","twitter_misc":{"Written by":"Radovan Vr\u0161ka","Est. reading time":"2"},"schema":{"@context":"https:\/\/schema.org","@graph":[{"@type":"WebPage","@id":"https:\/\/www.welovecycling.com\/sk\/2023\/09\/22\/serial-ako-sa-stat-cyklistom-10-pozor-na-pretrenovanie\/","url":"https:\/\/www.welovecycling.com\/sk\/2023\/09\/22\/serial-ako-sa-stat-cyklistom-10-pozor-na-pretrenovanie\/","name":"Seri\u00e1l: Ako sa sta\u0165 cyklistom \u2013 10. Pozor na pretr\u00e9novanie - \u0160koda We Love Cycling Slovensko","isPartOf":{"@id":"https:\/\/www.welovecycling.com\/sk\/#website"},"primaryImageOfPage":{"@id":"https:\/\/www.welovecycling.com\/sk\/2023\/09\/22\/serial-ako-sa-stat-cyklistom-10-pozor-na-pretrenovanie\/#primaryimage"},"image":{"@id":"https:\/\/www.welovecycling.com\/sk\/2023\/09\/22\/serial-ako-sa-stat-cyklistom-10-pozor-na-pretrenovanie\/#primaryimage"},"thumbnailUrl":"https:\/\/d2p6e6u75xmxt8.cloudfront.net\/4\/2023\/09\/titulka-4.webp","datePublished":"2023-09-22T09:42:30+00:00","dateModified":"2023-09-22T09:43:36+00:00","author":{"@id":"https:\/\/www.welovecycling.com\/sk\/#\/schema\/person\/533b62b98b6c41bd5135ebfb1f742624"},"description":"Naplno tr\u00e9nujete a vid\u00edte skvel\u00e9 v\u00fdsledky. Ako sa v\u0161ak vyhn\u00fa\u0165 pretr\u00e9novaniu? Pozrieme sa na to, ako si svoje dni v\u00a0sedle ozvl\u00e1\u0161tni\u0165.","breadcrumb":{"@id":"https:\/\/www.welovecycling.com\/sk\/2023\/09\/22\/serial-ako-sa-stat-cyklistom-10-pozor-na-pretrenovanie\/#breadcrumb"},"inLanguage":"sk-SK","potentialAction":[{"@type":"ReadAction","target":["https:\/\/www.welovecycling.com\/sk\/2023\/09\/22\/serial-ako-sa-stat-cyklistom-10-pozor-na-pretrenovanie\/"]}]},{"@type":"ImageObject","inLanguage":"sk-SK","@id":"https:\/\/www.welovecycling.com\/sk\/2023\/09\/22\/serial-ako-sa-stat-cyklistom-10-pozor-na-pretrenovanie\/#primaryimage","url":"https:\/\/d2p6e6u75xmxt8.cloudfront.net\/4\/2023\/09\/titulka-4.webp","contentUrl":"https:\/\/d2p6e6u75xmxt8.cloudfront.net\/4\/2023\/09\/titulka-4.webp","width":990,"height":660},{"@type":"BreadcrumbList","@id":"https:\/\/www.welovecycling.com\/sk\/2023\/09\/22\/serial-ako-sa-stat-cyklistom-10-pozor-na-pretrenovanie\/#breadcrumb","itemListElement":[{"@type":"ListItem","position":1,"name":"Home","item":"https:\/\/www.welovecycling.com\/sk\/"},{"@type":"ListItem","position":2,"name":"Seri\u00e1l: Ako sa sta\u0165 cyklistom \u2013 10. Pozor na pretr\u00e9novanie"}]},{"@type":"WebSite","@id":"https:\/\/www.welovecycling.com\/sk\/#website","url":"https:\/\/www.welovecycling.com\/sk\/","name":"\u0160koda We Love Cycling Slovensko","description":"\u0160koda We Love Cycling Slovensko je v\u00e1\u0161 ka\u017edodenn\u00fd zdroj noviniek a in\u0161pir\u00e1cie z sveta cyklistiky","potentialAction":[{"@type":"SearchAction","target":{"@type":"EntryPoint","urlTemplate":"https:\/\/www.welovecycling.com\/sk\/?s={search_term_string}"},"query-input":{"@type":"PropertyValueSpecification","valueRequired":true,"valueName":"search_term_string"}}],"inLanguage":"sk-SK"},{"@type":"Person","@id":"https:\/\/www.welovecycling.com\/sk\/#\/schema\/person\/533b62b98b6c41bd5135ebfb1f742624","name":"dominika","image":{"@type":"ImageObject","inLanguage":"sk-SK","@id":"https:\/\/www.welovecycling.com\/sk\/#\/schema\/person\/image\/","url":"https:\/\/secure.gravatar.com\/avatar\/ded6f274ba2ec3e17fff153f7d9d96a4b33c2cb63907f75d9a5309c599a7f3e6?s=96&d=mm&r=g","contentUrl":"https:\/\/secure.gravatar.com\/avatar\/ded6f274ba2ec3e17fff153f7d9d96a4b33c2cb63907f75d9a5309c599a7f3e6?s=96&d=mm&r=g","caption":"dominika"},"url":"https:\/\/www.welovecycling.com\/sk\/author\/dominika\/"}]}},"_links":{"self":[{"href":"https:\/\/www.welovecycling.com\/sk\/wp-json\/wp\/v2\/posts\/18319","targetHints":{"allow":["GET"]}}],"collection":[{"href":"https:\/\/www.welovecycling.com\/sk\/wp-json\/wp\/v2\/posts"}],"about":[{"href":"https:\/\/www.welovecycling.com\/sk\/wp-json\/wp\/v2\/types\/post"}],"author":[{"embeddable":true,"href":"https:\/\/www.welovecycling.com\/sk\/wp-json\/wp\/v2\/users\/172"}],"replies":[{"embeddable":true,"href":"https:\/\/www.welovecycling.com\/sk\/wp-json\/wp\/v2\/comments?post=18319"}],"version-history":[{"count":1,"href":"https:\/\/www.welovecycling.com\/sk\/wp-json\/wp\/v2\/posts\/18319\/revisions"}],"predecessor-version":[{"id":18324,"href":"https:\/\/www.welovecycling.com\/sk\/wp-json\/wp\/v2\/posts\/18319\/revisions\/18324"}],"wp:featuredmedia":[{"embeddable":true,"href":"https:\/\/www.welovecycling.com\/sk\/wp-json\/wp\/v2\/media\/18323"}],"wp:attachment":[{"href":"https:\/\/www.welovecycling.com\/sk\/wp-json\/wp\/v2\/media?parent=18319"}],"wp:term":[{"taxonomy":"category","embeddable":true,"href":"https:\/\/www.welovecycling.com\/sk\/wp-json\/wp\/v2\/categories?post=18319"},{"taxonomy":"post_tag","embeddable":true,"href":"https:\/\/www.welovecycling.com\/sk\/wp-json\/wp\/v2\/tags?post=18319"},{"taxonomy":"global-categories","embeddable":true,"href":"https:\/\/www.welovecycling.com\/sk\/wp-json\/wp\/v2\/global-categories?post=18319"}],"curies":[{"name":"wp","href":"https:\/\/api.w.org\/{rel}","templated":true}]}}