{"id":18308,"date":"2023-09-26T10:12:48","date_gmt":"2023-09-26T08:12:48","guid":{"rendered":"https:\/\/www.welovecycling.com\/sk\/?p=18308"},"modified":"2023-09-26T10:12:48","modified_gmt":"2023-09-26T08:12:48","slug":"red-bull-rampage-2023-piatok-trinasteho-to-zacne","status":"publish","type":"post","link":"https:\/\/www.welovecycling.com\/sk\/2023\/09\/26\/red-bull-rampage-2023-piatok-trinasteho-to-zacne\/","title":{"rendered":"Red Bull Rampage 2023 \u2013 piatok trin\u00e1steho to za\u010dne"},"content":{"rendered":"<p><strong>V\u00a0piatok 13. 10. 2023 to vypukne. D\u00fafajme, \u017ee nie ste pover\u010div\u00fd a\u00a0trin\u00e1sty okt\u00f3ber v\u00e1s neodrad\u00ed od sledovania \u010di priamej \u00fa\u010dasti na najo\u010dak\u00e1vanej\u0161ej bikerskej akcii. Dvadsiatydruh\u00fd ro\u010dn\u00edk Rampage 2023 u\u017e \u010doskoro zdvihne adrenal\u00edn nielen pretek\u00e1rom, ale aj fan\u00fa\u0161ikom cyklistiky.\u00a0<\/strong><!--more--><\/p>\n<figure id=\"attachment_18309\" aria-describedby=\"caption-attachment-18309\" style=\"width: 990px\" class=\"wp-caption alignnone\"><img loading=\"lazy\" decoding=\"async\" class=\"size-full wp-image-18309\" src=\"https:\/\/d2p6e6u75xmxt8.cloudfront.net\/4\/2023\/09\/01-2.webp\" alt=\"\" width=\"990\" height=\"660\" srcset=\"https:\/\/d2p6e6u75xmxt8.cloudfront.net\/4\/2023\/09\/01-2.webp 990w, https:\/\/d2p6e6u75xmxt8.cloudfront.net\/4\/2023\/09\/01-2-300x200.webp 300w, https:\/\/d2p6e6u75xmxt8.cloudfront.net\/4\/2023\/09\/01-2-768x512.webp 768w, https:\/\/d2p6e6u75xmxt8.cloudfront.net\/4\/2023\/09\/01-2-400x267.webp 400w, https:\/\/d2p6e6u75xmxt8.cloudfront.net\/4\/2023\/09\/01-2-272x182.webp 272w\" sizes=\"auto, (max-width: 990px) 100vw, 990px\" \/><figcaption id=\"caption-attachment-18309\" class=\"wp-caption-text\">Autor: Bartek Wolinski<\/figcaption><\/figure>\n<p><span style=\"font-weight: 400;\"><strong>Osemn\u00e1s\u0165 cyklistov potvrdilo aj tento rok svoju \u00fa\u010das\u0165.<\/strong> Ako ka\u017ed\u00fd rok aj teraz bud\u00fa ma\u0165 jazdci so svojimi t\u00edmami \u0161tyri dni na stavbu svojich trat\u00ed. Po skon\u010den\u00ed t\u00fdchto pr\u00edpravn\u00fdch pr\u00e1c ich \u010dakaj\u00fa \u010fal\u0161ie \u0161tyri dni, kedy si pripravia svoje najlep\u0161ie jazdy a\u00a0triky a\u00a0potom pr\u00edde ten ve\u013ek\u00fd de\u0148, na ktor\u00fd sa cel\u00fd rok pripravovali.\u00a0<\/span><\/p>\n<div id='gallery-1' class='gallery galleryid-18308 gallery-columns-2 gallery-size-full'><figure class='gallery-item'>\n\t\t\t<div class='gallery-icon landscape'>\n\t\t\t\t<a href='https:\/\/d2p6e6u75xmxt8.cloudfront.net\/4\/2023\/09\/02-2.webp'><img loading=\"lazy\" decoding=\"async\" width=\"990\" height=\"660\" src=\"https:\/\/d2p6e6u75xmxt8.cloudfront.net\/4\/2023\/09\/02-2.webp\" class=\"attachment-full size-full\" alt=\"\" srcset=\"https:\/\/d2p6e6u75xmxt8.cloudfront.net\/4\/2023\/09\/02-2.webp 990w, https:\/\/d2p6e6u75xmxt8.cloudfront.net\/4\/2023\/09\/02-2-300x200.webp 300w, https:\/\/d2p6e6u75xmxt8.cloudfront.net\/4\/2023\/09\/02-2-768x512.webp 768w, https:\/\/d2p6e6u75xmxt8.cloudfront.net\/4\/2023\/09\/02-2-400x267.webp 400w, https:\/\/d2p6e6u75xmxt8.cloudfront.net\/4\/2023\/09\/02-2-272x182.webp 272w\" sizes=\"auto, (max-width: 990px) 100vw, 990px\" \/><\/a>\n\t\t\t<\/div><\/figure><figure class='gallery-item'>\n\t\t\t<div class='gallery-icon landscape'>\n\t\t\t\t<a href='https:\/\/d2p6e6u75xmxt8.cloudfront.net\/4\/2023\/09\/03-1.webp'><img loading=\"lazy\" decoding=\"async\" width=\"990\" height=\"660\" src=\"https:\/\/d2p6e6u75xmxt8.cloudfront.net\/4\/2023\/09\/03-1.webp\" class=\"attachment-full size-full\" alt=\"Autor: Christian Pondella\" srcset=\"https:\/\/d2p6e6u75xmxt8.cloudfront.net\/4\/2023\/09\/03-1.webp 990w, https:\/\/d2p6e6u75xmxt8.cloudfront.net\/4\/2023\/09\/03-1-300x200.webp 300w, https:\/\/d2p6e6u75xmxt8.cloudfront.net\/4\/2023\/09\/03-1-768x512.webp 768w, https:\/\/d2p6e6u75xmxt8.cloudfront.net\/4\/2023\/09\/03-1-400x267.webp 400w, https:\/\/d2p6e6u75xmxt8.cloudfront.net\/4\/2023\/09\/03-1-272x182.webp 272w\" sizes=\"auto, (max-width: 990px) 100vw, 990px\" \/><\/a>\n\t\t\t<\/div><\/figure>\n\t\t<\/div>\n\n<p style=\"text-align: center;\"><span style=\"font-size: 10pt;\">Autor fotografi\u00ed: Christian Pondella<\/span><\/p>\n<p><span style=\"font-weight: 400;\"><strong>Fan\u00fa\u0161ikovia bud\u00fa ma\u0165 ako ka\u017ed\u00fd rok mo\u017enos\u0165 sledova\u0165 akciu <a href=\"https:\/\/www.redbull.com\/sk-sk\/events\/red-bull-rampage\" target=\"_blank\" rel=\"noopener\">online<\/a><\/strong> a\u00a0t\u00ed najv\u00e4\u010d\u0161\u00ed nad\u0161enci pr\u00eddu podpori\u0165 svojich favoritov priamo na miesto diania do Utahskej p\u00fa\u0161te. P\u00fa\u0161\u0165 je nevyspytate\u013en\u00e1 a\u00a0ver\u00edme, \u017ee sa kv\u00f4li nepriazniv\u00e9mu po\u010dasiu nebud\u00fa preteky skracova\u0165 ako minul\u00fd rok.\u00a0<\/span><\/p>\n<figure id=\"attachment_18312\" aria-describedby=\"caption-attachment-18312\" style=\"width: 990px\" class=\"wp-caption alignnone\"><img loading=\"lazy\" decoding=\"async\" class=\"size-full wp-image-18312\" src=\"https:\/\/d2p6e6u75xmxt8.cloudfront.net\/4\/2023\/09\/04-1.webp\" alt=\"\" width=\"990\" height=\"660\" srcset=\"https:\/\/d2p6e6u75xmxt8.cloudfront.net\/4\/2023\/09\/04-1.webp 990w, https:\/\/d2p6e6u75xmxt8.cloudfront.net\/4\/2023\/09\/04-1-300x200.webp 300w, https:\/\/d2p6e6u75xmxt8.cloudfront.net\/4\/2023\/09\/04-1-768x512.webp 768w, https:\/\/d2p6e6u75xmxt8.cloudfront.net\/4\/2023\/09\/04-1-400x267.webp 400w, https:\/\/d2p6e6u75xmxt8.cloudfront.net\/4\/2023\/09\/04-1-272x182.webp 272w\" sizes=\"auto, (max-width: 990px) 100vw, 990px\" \/><figcaption id=\"caption-attachment-18312\" class=\"wp-caption-text\">Autor: Garth Milan<\/figcaption><\/figure>\n<p><span style=\"font-weight: 400;\">Ak sa pl\u00e1nujete z\u00fa\u010dastni\u0165 priamo na mieste, pripravte si opa\u013eovac\u00ed kr\u00e9m, slne\u010dn\u00e9 okuliare a\u00a0z\u00e1sobu tekut\u00edn. <strong>Ak budete pozera\u0165 z\u00a0pohodlia domova, tak pohodln\u00e9 sedenie a\u00a0sn\u00e1\u010f popcorn a\u00a0nejak\u00e1 t\u00e1 \u010dokol\u00e1da na upokojenie nervov posta\u010d\u00ed.<\/strong> No a\u00a0pre t\u00fdch, ktor\u00ed sa nevedia do\u010dka\u0165, pozrite si zatia\u013e zostrih najlep\u0161\u00edch j\u00e1zd minul\u00e9ho roku.<\/span><\/p>\n<div class=\"embed-controller-wrapper\">\n<div class=\"embed-wrapper\"><iframe title=\"The BIGGEST Runs from Red Bull Rampage 2022\" width=\"500\" height=\"281\" data-src=\"https:\/\/www.youtube.com\/embed\/EZVy-Wrncyg?feature=oembed&#038;feature=shared&#038;enablejsapi=1\" frameborder=\"0\" allow=\"accelerometer; autoplay; clipboard-write; encrypted-media; gyroscope; picture-in-picture; web-share\" referrerpolicy=\"strict-origin-when-cross-origin\" allowfullscreen><\/iframe><\/div>\n<\/div>\n<p>Zdroj fotografi\u00ed: Red Bull Content Pool<\/p>\n<p>Autor titulnej fotografie: Paris Gore<\/p>\n","protected":false},"excerpt":{"rendered":"<p>V\u00a0piatok 13. 10. 2023 to vypukne. D\u00fafajme, \u017ee nie ste pover\u010div\u00fd a\u00a0trin\u00e1sty okt\u00f3ber v\u00e1s neodrad\u00ed od sledovania \u010di priamej \u00fa\u010dasti [&hellip;]<\/p>\n","protected":false},"author":172,"featured_media":18313,"comment_status":"open","ping_status":"open","sticky":false,"template":"","format":"standard","meta":{"footnotes":""},"categories":[34],"tags":[319,1154,180,412,722,302,304,1557,781,420,183],"global-categories":[1074],"class_list":["post-18308","post","type-post","status-publish","format-standard","has-post-thumbnail","hentry","category-podujatia","tag-adrenalin","tag-amerika","tag-horska-cyklistika","tag-mtb","tag-nebezpecenstvo","tag-red-bull","tag-rampage","tag-sezona-2023","tag-skok","tag-usa","tag-zabava","global-categories-cycling"],"yoast_head":"<!-- This site is optimized with the Yoast SEO Premium plugin v25.3 (Yoast SEO v25.9) - https:\/\/yoast.com\/wordpress\/plugins\/seo\/ -->\n<title>Red Bull Rampage 2023 \u2013 piatok trin\u00e1steho to za\u010dne - \u0160koda We Love Cycling Slovensko<\/title>\n<meta name=\"description\" content=\"22. ro\u010dn\u00edk Rampage 2023 u\u017e \u010doskoro zdvihne adrenal\u00edn nielen pretek\u00e1rom, ale aj fan\u00fa\u0161ikom cyklistiky.\u00a0V\u00a0piatok13. 10. 2023 to vypukne.\" \/>\n<meta name=\"robots\" content=\"index, follow, max-snippet:-1, max-image-preview:large, max-video-preview:-1\" \/>\n<link rel=\"canonical\" href=\"https:\/\/www.welovecycling.com\/sk\/2023\/09\/26\/red-bull-rampage-2023-piatok-trinasteho-to-zacne\/\" \/>\n<meta property=\"og:locale\" content=\"sk_SK\" \/>\n<meta property=\"og:type\" content=\"article\" \/>\n<meta property=\"og:title\" content=\"Red Bull Rampage 2023 \u2013 piatok trin\u00e1steho to za\u010dne\" \/>\n<meta property=\"og:description\" content=\"22. ro\u010dn\u00edk Rampage 2023 u\u017e \u010doskoro zdvihne adrenal\u00edn nielen pretek\u00e1rom, ale aj fan\u00fa\u0161ikom cyklistiky.\u00a0V\u00a0piatok13. 10. 2023 to vypukne.\" \/>\n<meta property=\"og:url\" content=\"https:\/\/www.welovecycling.com\/sk\/2023\/09\/26\/red-bull-rampage-2023-piatok-trinasteho-to-zacne\/\" \/>\n<meta property=\"og:site_name\" content=\"\u0160koda We Love Cycling Slovensko\" \/>\n<meta property=\"article:published_time\" content=\"2023-09-26T08:12:48+00:00\" \/>\n<meta property=\"og:image\" content=\"https:\/\/d2p6e6u75xmxt8.cloudfront.net\/4\/2023\/09\/titulka-3.webp\" \/>\n\t<meta property=\"og:image:width\" content=\"990\" \/>\n\t<meta property=\"og:image:height\" content=\"660\" \/>\n\t<meta property=\"og:image:type\" content=\"image\/webp\" \/>\n<meta name=\"author\" content=\"dominika\" \/>\n<meta name=\"twitter:card\" content=\"summary_large_image\" \/>\n<meta name=\"twitter:label1\" content=\"Written by\" \/>\n\t<meta name=\"twitter:data1\" content=\"We Love Cycling\" \/>\n\t<meta name=\"twitter:label2\" content=\"Est. reading time\" \/>\n\t<meta name=\"twitter:data2\" content=\"1\" \/>\n<script type=\"application\/ld+json\" class=\"yoast-schema-graph\">{\"@context\":\"https:\/\/schema.org\",\"@graph\":[{\"@type\":\"WebPage\",\"@id\":\"https:\/\/www.welovecycling.com\/sk\/2023\/09\/26\/red-bull-rampage-2023-piatok-trinasteho-to-zacne\/\",\"url\":\"https:\/\/www.welovecycling.com\/sk\/2023\/09\/26\/red-bull-rampage-2023-piatok-trinasteho-to-zacne\/\",\"name\":\"Red Bull Rampage 2023 \u2013 piatok trin\u00e1steho to za\u010dne - \u0160koda We Love Cycling Slovensko\",\"isPartOf\":{\"@id\":\"https:\/\/www.welovecycling.com\/sk\/#website\"},\"primaryImageOfPage\":{\"@id\":\"https:\/\/www.welovecycling.com\/sk\/2023\/09\/26\/red-bull-rampage-2023-piatok-trinasteho-to-zacne\/#primaryimage\"},\"image\":{\"@id\":\"https:\/\/www.welovecycling.com\/sk\/2023\/09\/26\/red-bull-rampage-2023-piatok-trinasteho-to-zacne\/#primaryimage\"},\"thumbnailUrl\":\"https:\/\/d2p6e6u75xmxt8.cloudfront.net\/4\/2023\/09\/titulka-3.webp\",\"datePublished\":\"2023-09-26T08:12:48+00:00\",\"author\":{\"@id\":\"https:\/\/www.welovecycling.com\/sk\/#\/schema\/person\/533b62b98b6c41bd5135ebfb1f742624\"},\"description\":\"22. ro\u010dn\u00edk Rampage 2023 u\u017e \u010doskoro zdvihne adrenal\u00edn nielen pretek\u00e1rom, ale aj fan\u00fa\u0161ikom cyklistiky.\u00a0V\u00a0piatok13. 10. 2023 to vypukne.\",\"breadcrumb\":{\"@id\":\"https:\/\/www.welovecycling.com\/sk\/2023\/09\/26\/red-bull-rampage-2023-piatok-trinasteho-to-zacne\/#breadcrumb\"},\"inLanguage\":\"sk-SK\",\"potentialAction\":[{\"@type\":\"ReadAction\",\"target\":[\"https:\/\/www.welovecycling.com\/sk\/2023\/09\/26\/red-bull-rampage-2023-piatok-trinasteho-to-zacne\/\"]}]},{\"@type\":\"ImageObject\",\"inLanguage\":\"sk-SK\",\"@id\":\"https:\/\/www.welovecycling.com\/sk\/2023\/09\/26\/red-bull-rampage-2023-piatok-trinasteho-to-zacne\/#primaryimage\",\"url\":\"https:\/\/d2p6e6u75xmxt8.cloudfront.net\/4\/2023\/09\/titulka-3.webp\",\"contentUrl\":\"https:\/\/d2p6e6u75xmxt8.cloudfront.net\/4\/2023\/09\/titulka-3.webp\",\"width\":990,\"height\":660,\"caption\":\"Autor: Paris Gore\"},{\"@type\":\"BreadcrumbList\",\"@id\":\"https:\/\/www.welovecycling.com\/sk\/2023\/09\/26\/red-bull-rampage-2023-piatok-trinasteho-to-zacne\/#breadcrumb\",\"itemListElement\":[{\"@type\":\"ListItem\",\"position\":1,\"name\":\"Home\",\"item\":\"https:\/\/www.welovecycling.com\/sk\/\"},{\"@type\":\"ListItem\",\"position\":2,\"name\":\"Red Bull Rampage 2023 \u2013 piatok trin\u00e1steho to za\u010dne\"}]},{\"@type\":\"WebSite\",\"@id\":\"https:\/\/www.welovecycling.com\/sk\/#website\",\"url\":\"https:\/\/www.welovecycling.com\/sk\/\",\"name\":\"\u0160koda We Love Cycling Slovensko\",\"description\":\"\u0160koda We Love Cycling Slovensko je v\u00e1\u0161 ka\u017edodenn\u00fd zdroj noviniek a in\u0161pir\u00e1cie z sveta cyklistiky\",\"potentialAction\":[{\"@type\":\"SearchAction\",\"target\":{\"@type\":\"EntryPoint\",\"urlTemplate\":\"https:\/\/www.welovecycling.com\/sk\/?s={search_term_string}\"},\"query-input\":{\"@type\":\"PropertyValueSpecification\",\"valueRequired\":true,\"valueName\":\"search_term_string\"}}],\"inLanguage\":\"sk-SK\"},{\"@type\":\"Person\",\"@id\":\"https:\/\/www.welovecycling.com\/sk\/#\/schema\/person\/533b62b98b6c41bd5135ebfb1f742624\",\"name\":\"dominika\",\"image\":{\"@type\":\"ImageObject\",\"inLanguage\":\"sk-SK\",\"@id\":\"https:\/\/www.welovecycling.com\/sk\/#\/schema\/person\/image\/\",\"url\":\"https:\/\/secure.gravatar.com\/avatar\/ded6f274ba2ec3e17fff153f7d9d96a4b33c2cb63907f75d9a5309c599a7f3e6?s=96&d=mm&r=g\",\"contentUrl\":\"https:\/\/secure.gravatar.com\/avatar\/ded6f274ba2ec3e17fff153f7d9d96a4b33c2cb63907f75d9a5309c599a7f3e6?s=96&d=mm&r=g\",\"caption\":\"dominika\"},\"url\":\"https:\/\/www.welovecycling.com\/sk\/author\/dominika\/\"}]}<\/script>\n<!-- \/ Yoast SEO Premium plugin. -->","yoast_head_json":{"title":"Red Bull Rampage 2023 \u2013 piatok trin\u00e1steho to za\u010dne - \u0160koda We Love Cycling Slovensko","description":"22. ro\u010dn\u00edk Rampage 2023 u\u017e \u010doskoro zdvihne adrenal\u00edn nielen pretek\u00e1rom, ale aj fan\u00fa\u0161ikom cyklistiky.\u00a0V\u00a0piatok13. 10. 2023 to vypukne.","robots":{"index":"index","follow":"follow","max-snippet":"max-snippet:-1","max-image-preview":"max-image-preview:large","max-video-preview":"max-video-preview:-1"},"canonical":"https:\/\/www.welovecycling.com\/sk\/2023\/09\/26\/red-bull-rampage-2023-piatok-trinasteho-to-zacne\/","og_locale":"sk_SK","og_type":"article","og_title":"Red Bull Rampage 2023 \u2013 piatok trin\u00e1steho to za\u010dne","og_description":"22. ro\u010dn\u00edk Rampage 2023 u\u017e \u010doskoro zdvihne adrenal\u00edn nielen pretek\u00e1rom, ale aj fan\u00fa\u0161ikom cyklistiky.\u00a0V\u00a0piatok13. 10. 2023 to vypukne.","og_url":"https:\/\/www.welovecycling.com\/sk\/2023\/09\/26\/red-bull-rampage-2023-piatok-trinasteho-to-zacne\/","og_site_name":"\u0160koda We Love Cycling Slovensko","article_published_time":"2023-09-26T08:12:48+00:00","og_image":[{"width":990,"height":660,"url":"https:\/\/d2p6e6u75xmxt8.cloudfront.net\/4\/2023\/09\/titulka-3.webp","type":"image\/webp"}],"author":"dominika","twitter_card":"summary_large_image","twitter_misc":{"Written by":"We Love Cycling","Est. reading time":"1"},"schema":{"@context":"https:\/\/schema.org","@graph":[{"@type":"WebPage","@id":"https:\/\/www.welovecycling.com\/sk\/2023\/09\/26\/red-bull-rampage-2023-piatok-trinasteho-to-zacne\/","url":"https:\/\/www.welovecycling.com\/sk\/2023\/09\/26\/red-bull-rampage-2023-piatok-trinasteho-to-zacne\/","name":"Red Bull Rampage 2023 \u2013 piatok trin\u00e1steho to za\u010dne - \u0160koda We Love Cycling Slovensko","isPartOf":{"@id":"https:\/\/www.welovecycling.com\/sk\/#website"},"primaryImageOfPage":{"@id":"https:\/\/www.welovecycling.com\/sk\/2023\/09\/26\/red-bull-rampage-2023-piatok-trinasteho-to-zacne\/#primaryimage"},"image":{"@id":"https:\/\/www.welovecycling.com\/sk\/2023\/09\/26\/red-bull-rampage-2023-piatok-trinasteho-to-zacne\/#primaryimage"},"thumbnailUrl":"https:\/\/d2p6e6u75xmxt8.cloudfront.net\/4\/2023\/09\/titulka-3.webp","datePublished":"2023-09-26T08:12:48+00:00","author":{"@id":"https:\/\/www.welovecycling.com\/sk\/#\/schema\/person\/533b62b98b6c41bd5135ebfb1f742624"},"description":"22. ro\u010dn\u00edk Rampage 2023 u\u017e \u010doskoro zdvihne adrenal\u00edn nielen pretek\u00e1rom, ale aj fan\u00fa\u0161ikom cyklistiky.\u00a0V\u00a0piatok13. 10. 2023 to vypukne.","breadcrumb":{"@id":"https:\/\/www.welovecycling.com\/sk\/2023\/09\/26\/red-bull-rampage-2023-piatok-trinasteho-to-zacne\/#breadcrumb"},"inLanguage":"sk-SK","potentialAction":[{"@type":"ReadAction","target":["https:\/\/www.welovecycling.com\/sk\/2023\/09\/26\/red-bull-rampage-2023-piatok-trinasteho-to-zacne\/"]}]},{"@type":"ImageObject","inLanguage":"sk-SK","@id":"https:\/\/www.welovecycling.com\/sk\/2023\/09\/26\/red-bull-rampage-2023-piatok-trinasteho-to-zacne\/#primaryimage","url":"https:\/\/d2p6e6u75xmxt8.cloudfront.net\/4\/2023\/09\/titulka-3.webp","contentUrl":"https:\/\/d2p6e6u75xmxt8.cloudfront.net\/4\/2023\/09\/titulka-3.webp","width":990,"height":660,"caption":"Autor: Paris Gore"},{"@type":"BreadcrumbList","@id":"https:\/\/www.welovecycling.com\/sk\/2023\/09\/26\/red-bull-rampage-2023-piatok-trinasteho-to-zacne\/#breadcrumb","itemListElement":[{"@type":"ListItem","position":1,"name":"Home","item":"https:\/\/www.welovecycling.com\/sk\/"},{"@type":"ListItem","position":2,"name":"Red Bull Rampage 2023 \u2013 piatok trin\u00e1steho to za\u010dne"}]},{"@type":"WebSite","@id":"https:\/\/www.welovecycling.com\/sk\/#website","url":"https:\/\/www.welovecycling.com\/sk\/","name":"\u0160koda We Love Cycling Slovensko","description":"\u0160koda We Love Cycling Slovensko je v\u00e1\u0161 ka\u017edodenn\u00fd zdroj noviniek a in\u0161pir\u00e1cie z sveta cyklistiky","potentialAction":[{"@type":"SearchAction","target":{"@type":"EntryPoint","urlTemplate":"https:\/\/www.welovecycling.com\/sk\/?s={search_term_string}"},"query-input":{"@type":"PropertyValueSpecification","valueRequired":true,"valueName":"search_term_string"}}],"inLanguage":"sk-SK"},{"@type":"Person","@id":"https:\/\/www.welovecycling.com\/sk\/#\/schema\/person\/533b62b98b6c41bd5135ebfb1f742624","name":"dominika","image":{"@type":"ImageObject","inLanguage":"sk-SK","@id":"https:\/\/www.welovecycling.com\/sk\/#\/schema\/person\/image\/","url":"https:\/\/secure.gravatar.com\/avatar\/ded6f274ba2ec3e17fff153f7d9d96a4b33c2cb63907f75d9a5309c599a7f3e6?s=96&d=mm&r=g","contentUrl":"https:\/\/secure.gravatar.com\/avatar\/ded6f274ba2ec3e17fff153f7d9d96a4b33c2cb63907f75d9a5309c599a7f3e6?s=96&d=mm&r=g","caption":"dominika"},"url":"https:\/\/www.welovecycling.com\/sk\/author\/dominika\/"}]}},"_links":{"self":[{"href":"https:\/\/www.welovecycling.com\/sk\/wp-json\/wp\/v2\/posts\/18308","targetHints":{"allow":["GET"]}}],"collection":[{"href":"https:\/\/www.welovecycling.com\/sk\/wp-json\/wp\/v2\/posts"}],"about":[{"href":"https:\/\/www.welovecycling.com\/sk\/wp-json\/wp\/v2\/types\/post"}],"author":[{"embeddable":true,"href":"https:\/\/www.welovecycling.com\/sk\/wp-json\/wp\/v2\/users\/172"}],"replies":[{"embeddable":true,"href":"https:\/\/www.welovecycling.com\/sk\/wp-json\/wp\/v2\/comments?post=18308"}],"version-history":[{"count":5,"href":"https:\/\/www.welovecycling.com\/sk\/wp-json\/wp\/v2\/posts\/18308\/revisions"}],"predecessor-version":[{"id":18328,"href":"https:\/\/www.welovecycling.com\/sk\/wp-json\/wp\/v2\/posts\/18308\/revisions\/18328"}],"wp:featuredmedia":[{"embeddable":true,"href":"https:\/\/www.welovecycling.com\/sk\/wp-json\/wp\/v2\/media\/18313"}],"wp:attachment":[{"href":"https:\/\/www.welovecycling.com\/sk\/wp-json\/wp\/v2\/media?parent=18308"}],"wp:term":[{"taxonomy":"category","embeddable":true,"href":"https:\/\/www.welovecycling.com\/sk\/wp-json\/wp\/v2\/categories?post=18308"},{"taxonomy":"post_tag","embeddable":true,"href":"https:\/\/www.welovecycling.com\/sk\/wp-json\/wp\/v2\/tags?post=18308"},{"taxonomy":"global-categories","embeddable":true,"href":"https:\/\/www.welovecycling.com\/sk\/wp-json\/wp\/v2\/global-categories?post=18308"}],"curies":[{"name":"wp","href":"https:\/\/api.w.org\/{rel}","templated":true}]}}