{"id":18301,"date":"2023-09-20T17:03:45","date_gmt":"2023-09-20T15:03:45","guid":{"rendered":"https:\/\/www.welovecycling.com\/sk\/?p=18301"},"modified":"2023-09-20T17:03:45","modified_gmt":"2023-09-20T15:03:45","slug":"reportaz-okolo-slovenska-2023-wolfpack-drzi-vitaznu-snuru","status":"publish","type":"post","link":"https:\/\/www.welovecycling.com\/sk\/2023\/09\/20\/reportaz-okolo-slovenska-2023-wolfpack-drzi-vitaznu-snuru\/","title":{"rendered":"Report\u00e1\u017e: Okolo Slovenska 2023 &#8211; Wolfpack dr\u017e\u00ed v\u00ed\u0165azn\u00fa \u0161n\u00faru"},"content":{"rendered":"<p><strong>66. ro\u010dn\u00edk priniesol pomerne o\u010dak\u00e1van\u00fd scen\u00e1r. I tak v\u0161ak boli tieto preteky pomerne \u0161pecifick\u00e9.<\/strong><!--more--><\/p>\n<p><span style=\"font-weight: 400;\">Oproti predo\u0161l\u00e9mu ro\u010dn\u00edku najv\u00e4\u010d\u0161iu zmenu poc\u00edtila trasa pretekov. P\u00e4\u0165 et\u00e1p bolo dimenzovan\u00fdch sk\u00f4r pre rovin\u00e1rske, ne\u017e vrch\u00e1rske typy. <strong>D\u00f4vod bol prozaick\u00fd \u2013 organiz\u00e1tori o\u010dak\u00e1vali, \u017ee sa na dom\u00e1cej p\u00f4de pr\u00edde s\u00a0fan\u00fa\u0161ikmi rozl\u00fa\u010di\u0165 Peter Sagan.<\/strong> Hoci sa tak nestalo, nabit\u00fd ro\u0161t i\u00a0tak sr\u0161al hviezdnymi menami.<\/span><\/p>\n<h2><b>Od legiend Grand Tours a\u017e po fenomen\u00e1lnych \u0161print\u00e9rov<\/b><\/h2>\n<p><span style=\"font-weight: 400;\">Pretekov Okolo Slovenska sa tento rok z\u00fa\u010dastnili <strong>\u0161tyri World Tour t\u00edmy \u2013 Soudal Quick-Step, Astana Qazaqstan, Jumbo-Visma a\u00a0FDJ<\/strong>. Pr\u00e1ve franc\u00fazsky celok priviedol zostavu, akoby sa chystal na Tour de France \u2013 slovensk\u00e9 cesty br\u00e1zdil legend\u00e1rny <strong>Thibaut Pinot<\/strong>, hviezda jarn\u00e9ho Par\u00ed\u017e-Nice, <strong>David Gaudu<\/strong>, \u010dasovk\u00e1rska hviezda<strong> Stefan K\u00fcng<\/strong>, \u010di domestici ako <strong>Bruno Armirail<\/strong> a<strong>\u00a0Olivier Le Gac<\/strong>. <\/span><\/p>\n<p><span style=\"font-weight: 400;\">Ako oby\u010dajne priniesol ve\u013emi siln\u00fa zostavu <strong>\u201eWolfpack\u201c<\/strong> \u2013 okrem <strong>Remiho Cavagnu<\/strong>, \u010di <strong>Kaspera Asgreena<\/strong> sme si mohli vychutna\u0165 \u0161printy jedn\u00e9ho z\u00a0najr\u00fdchlej\u0161\u00edch cyklistov na svete \u2013 <strong>Tima Merliera<\/strong>. Najzvu\u010dnej\u0161\u00edm menom holandsk\u00e9ho celku <strong>Jumbo-Visma<\/strong> bol zas <strong>Koen Bouwman<\/strong>. Zahanbi\u0165 sa v\u0161ak nenechali ani na\u0161i dom\u00e1ci matadori \u2013 u\u017e tradi\u010dne sme na \u0161tarte mohli spozorova\u0165 zn\u00e1me men\u00e1 ako <strong>Mat\u00fa\u0161 \u0160to\u010dek<\/strong>, \u010di <strong>Luk\u00e1\u0161 Kubi\u0161<\/strong>.<\/span><\/p>\n<p><a href=\"https:\/\/www.instagram.com\/p\/CxUy1SBKYN8\">https:\/\/www.instagram.com\/p\/CxUy1SBKYN8<\/a><\/p>\n<h2><b>Rozhodnut\u00e9 po prvom dni<\/b><\/h2>\n<p><span style=\"font-weight: 400;\">Taktizovanie v\u00ed\u0165azstv\u00e1 prin\u00e1\u0161a, a <strong>Remi Cavagna<\/strong> o tom vie svoje. <strong>Tentokr\u00e1t v\u0161ak vyu\u017eil taktizovanie skupiny prenasledovate\u013eov, zatia\u013e \u010do on 50 km unikal do cie\u013ea osamote.<\/strong> Prv\u00fd de\u0148 s\u00edce priniesol \u0161tyri vrch\u00e1rske pr\u00e9mie, no boli dostato\u010dne \u201emilosrdn\u00e9\u201c na to, aby ich pre\u017eili aj temp\u00e1rske, respekt\u00edve \u010dasovk\u00e1rske typy. <\/span><\/p>\n<p><span style=\"font-weight: 400;\"><strong>K\u00fdm pelot\u00f3n za\u017eil aj p\u00e1d, \u010deln\u00e1 skupina sa v\u00a0st\u00fapaniach rozdelila a\u00a0Cavagna napokon za\u00fato\u010dil.<\/strong> Takmer dve min\u00faty na skupinu prenasledovate\u013eov poskytli komfortn\u00fd n\u00e1skok, ktor\u00fd sa mu napokon aj podarilo udr\u017ea\u0165 po\u010das nasleduj\u00facich piatich dn\u00ed a\u00a0z\u00edska\u0165 \u017elt\u00fd dres v\u00ed\u0165aza celkov\u00e9ho poradia.<\/span><\/p>\n<p><a href=\"https:\/\/www.instagram.com\/p\/CxTCM6sNBQa\/\">https:\/\/www.instagram.com\/p\/CxTCM6sNBQa\/<\/a><\/p>\n<h2><b>Nezastavite\u013en\u00fd Tim Merlier<\/b><\/h2>\n<p><span style=\"font-weight: 400;\"><strong>Mo\u017eno pod\u013ea o\u010dak\u00e1van\u00ed, no dres najlep\u0161ieho \u0161print\u00e9ra si suver\u00e9nne odniesol Tim Merlier.<\/strong> T\u00edm mu pripravil skvel\u00fa v\u00fdchodziu poz\u00edciu v\u00a0upr\u0161anej druhej etape kontrolou odstupu od ved\u00facej skupiny. V\u00a0podobnom duchu sa niesla i\u00a0predposledn\u00e1 etapa, kde sa s\u00edce po nieko\u013ek\u00fdch desiatkach kilometrov \u00fanik vytvoril, no nedostal viac priestoru, ne\u017e tri min\u00faty. <\/span><\/p>\n<p><span style=\"font-weight: 400;\">V\u00a0z\u00e1vere pre svojho \u0161print\u00e9rskeho l\u00eddra zapracoval <strong>Asgreen<\/strong> i\u00a0ved\u00faci <strong>Cavagna<\/strong> a\u00a0<strong>Merlier<\/strong> potvrdil svoju r\u00fdchlos\u0165 v\u00ed\u0165azstvom o\u00a0cel\u00fa d\u013a\u017eku bicykla.<\/span><\/p>\n<p><a href=\"https:\/\/www.instagram.com\/p\/CxQLVIVqpPM\/\">https:\/\/www.instagram.com\/p\/CxQLVIVqpPM\/<\/a><\/p>\n<h2><b>Kr\u00e1\u013eovsk\u00e1 etapa s\u00a0bl\u00faden\u00edm i\u00a0v\u00fd\u017eivn\u00fdmi kopcami<\/b><\/h2>\n<p><span style=\"font-weight: 400;\">Kuri\u00f3znu situ\u00e1ciu do pretekov vniesol \u0161tart v\u00a0Ru\u017eomberku. <strong>Ke\u010f\u017ee si jeden z\u00a0t\u00edmov pom\u00fdlil miesto \u0161tartu, bolo odm\u00e1vanie vlajkou posunut\u00e9.<\/strong> N\u00e1sledne u\u017e pretek\u00e1ri \u010delili trom pekn\u00fdm a\u00a0z\u00e1rove\u0148, na pomery tohoro\u010dnej trasy, aj n\u00e1ro\u010dn\u00fdm st\u00fapaniam. Oravsk\u00e1 Vrchvarta, Pr\u00edslop a\u00a0z\u00e1zrivsk\u00e1 Ho\u013ea v\u0161ak mnoho dr\u00e1my nepriniesli \u2013 od za\u010diatku etapy v\u0161ak bolo vidno aktivitu zoskupenia FDJ.<\/span><\/p>\n<p><a href=\"https:\/\/www.instagram.com\/p\/CxNX3wfKxaE\/\">https:\/\/www.instagram.com\/p\/CxNX3wfKxaE\/<\/a><\/p>\n<p><span style=\"font-weight: 400;\">Vodu nam\u00fatil a\u017e fin\u00e1lny, Beliansky kopec pri Martine. S\u00edce kr\u00e1tky, no o\u00a0to strm\u0161\u00ed \u201ebrdok\u201c posl\u00fa\u017eil ako \u017eivn\u00e1 p\u00f4da pre \u00fatok <strong>K\u00fcnga<\/strong>, podporen\u00e9ho <strong>Pinotom<\/strong>. <strong>Quick-Step v\u0161ak bol pripraven\u00fd a\u00a0v\u00a0h\u00e1ku sa za n\u00edm ocitol ako Cavagna, tak aj Bagioli.<\/strong> Pr\u00e1ve druh\u00fd menovan\u00fd vyzrel na \u0161vaj\u010diarsku \u010dasovk\u00e1rsku hviezdu v\u00a0tesnom fini\u0161i.<\/span><\/p>\n<h2><b>Vysn\u00edvan\u00e9 preteky Wolfpacku<\/b><\/h2>\n<p><span style=\"font-weight: 400;\"><strong>V\u00a0poslednej, najjednoduch\u0161ej etape sa \u201eVl\u010dej svorke\u201c podarilo napodobni\u0165 hus\u00e1rsky k\u00fasok Jumbo-Visma z\u00a0Tour of Britain.<\/strong> Miesto o\u010dak\u00e1van\u00e9ho \u0161printu s\u00a0<strong>Timom Merlierom<\/strong> sa v\u00a0posledn\u00fdch z\u00e1krut\u00e1ch odliepa <strong>Kasper Asgreen<\/strong> a\u00a0dovr\u0161uje \u0161n\u00faru piatich v\u00ed\u0165azstiev pre belgick\u00fa zostavu.<\/span><\/p>\n<p><a href=\"https:\/\/www.instagram.com\/p\/CxSwLzZovye\/\">https:\/\/www.instagram.com\/p\/CxSwLzZovye\/<\/a><\/p>\n<p><span style=\"font-weight: 400;\"><strong>Pre Quick-Step to tak boli preteky ako zo sna<\/strong> a\u00a0po minuloro\u010dnom v\u00ed\u0165azstve <strong>Josefa \u010cern\u00e9ho<\/strong> sa toho roku te\u0161ili nielen <strong>z\u00a0celkov\u00e9ho v\u00ed\u0165azstva Remiho Cavagnu, ale i\u00a0zelen\u00e9ho dresu Tima Merliera.<\/strong> Bodkovan\u00fd dres na\u0161iel svojho majite\u013ea v\u00a0podobe <strong>Milana Vadera z\u00a0Jumbo-Visma<\/strong> u\u017e v\u00a0predposlednej etape. Holandsk\u00e9mu celku sa u\u0161iel aj biely dres najlep\u0161ieho pretek\u00e1ra do 25 rokov. Ten si zo Slovenska odn\u00e1\u0161a <strong>Colby Simmons<\/strong>. <\/span><\/p>\n<p><span style=\"font-weight: 400;\">Najlep\u0161\u00edm Slov\u00e1kom sa stal <strong>Luk\u00e1\u0161 Kubi\u0161<\/strong>, ktor\u00fd na<strong> Mat\u00fa\u0161a \u0160to\u010deka<\/strong> z\u00edskal najm\u00e4 po\u010das kr\u00e1\u013eovskej etapy.\u00a0<\/span><\/p>\n","protected":false},"excerpt":{"rendered":"<p>66. ro\u010dn\u00edk priniesol pomerne o\u010dak\u00e1van\u00fd scen\u00e1r. I tak v\u0161ak boli tieto preteky pomerne \u0161pecifick\u00e9.<\/p>\n","protected":false},"author":172,"featured_media":18303,"comment_status":"open","ping_status":"open","sticky":false,"template":"","format":"standard","meta":{"footnotes":""},"categories":[4],"tags":[478,115,331,1027,97,176,46,37,179,885,39,1133,1557,523,177,1609],"global-categories":[1074],"class_list":["post-18301","post","type-post","status-publish","format-standard","has-post-thumbnail","hentry","category-cestna-cyklisitika","tag-akcia","tag-cestna-cyklistika","tag-etapove-preteky","tag-legendy","tag-okolo-slovenska","tag-peloton","tag-peter-sagan","tag-podujatia","tag-preteky","tag-profesional","tag-reportaz","tag-rovina","tag-sezona-2023","tag-slovensko","tag-taktika-timu","tag-wolfpack","global-categories-cycling"],"yoast_head":"<!-- This site is optimized with the Yoast SEO Premium plugin v25.3 (Yoast SEO v25.9) - https:\/\/yoast.com\/wordpress\/plugins\/seo\/ -->\n<title>Report\u00e1\u017e: Okolo Slovenska 2023 - Wolfpack dr\u017e\u00ed v\u00ed\u0165azn\u00fa \u0161n\u00faru - \u0160koda We Love Cycling Slovensko<\/title>\n<meta name=\"description\" content=\"66. ro\u010dn\u00edk Okolo Slovenska priniesol pomerne o\u010dak\u00e1van\u00fd scen\u00e1r. I tak v\u0161ak boli tieto preteky pomerne \u0161pecifick\u00e9.\" \/>\n<meta name=\"robots\" content=\"index, follow, max-snippet:-1, max-image-preview:large, max-video-preview:-1\" \/>\n<link rel=\"canonical\" href=\"https:\/\/www.welovecycling.com\/sk\/2023\/09\/20\/reportaz-okolo-slovenska-2023-wolfpack-drzi-vitaznu-snuru\/\" \/>\n<meta property=\"og:locale\" content=\"sk_SK\" \/>\n<meta property=\"og:type\" content=\"article\" \/>\n<meta property=\"og:title\" content=\"Report\u00e1\u017e: Okolo Slovenska 2023 - Wolfpack dr\u017e\u00ed v\u00ed\u0165azn\u00fa \u0161n\u00faru\" \/>\n<meta property=\"og:description\" content=\"66. ro\u010dn\u00edk Okolo Slovenska priniesol pomerne o\u010dak\u00e1van\u00fd scen\u00e1r. I tak v\u0161ak boli tieto preteky pomerne \u0161pecifick\u00e9.\" \/>\n<meta property=\"og:url\" content=\"https:\/\/www.welovecycling.com\/sk\/2023\/09\/20\/reportaz-okolo-slovenska-2023-wolfpack-drzi-vitaznu-snuru\/\" \/>\n<meta property=\"og:site_name\" content=\"\u0160koda We Love Cycling Slovensko\" \/>\n<meta property=\"article:published_time\" content=\"2023-09-20T15:03:45+00:00\" \/>\n<meta property=\"og:image\" content=\"https:\/\/d2p6e6u75xmxt8.cloudfront.net\/4\/2023\/09\/okolo-slovenska.webp\" \/>\n\t<meta property=\"og:image:width\" content=\"990\" \/>\n\t<meta property=\"og:image:height\" content=\"660\" \/>\n\t<meta property=\"og:image:type\" content=\"image\/webp\" \/>\n<meta name=\"author\" content=\"dominika\" \/>\n<meta name=\"twitter:card\" content=\"summary_large_image\" \/>\n<meta name=\"twitter:label1\" content=\"Written by\" \/>\n\t<meta name=\"twitter:data1\" content=\"We Love Cycling\" \/>\n\t<meta name=\"twitter:label2\" content=\"Est. reading time\" \/>\n\t<meta name=\"twitter:data2\" content=\"3\" \/>\n<script type=\"application\/ld+json\" class=\"yoast-schema-graph\">{\"@context\":\"https:\/\/schema.org\",\"@graph\":[{\"@type\":\"WebPage\",\"@id\":\"https:\/\/www.welovecycling.com\/sk\/2023\/09\/20\/reportaz-okolo-slovenska-2023-wolfpack-drzi-vitaznu-snuru\/\",\"url\":\"https:\/\/www.welovecycling.com\/sk\/2023\/09\/20\/reportaz-okolo-slovenska-2023-wolfpack-drzi-vitaznu-snuru\/\",\"name\":\"Report\u00e1\u017e: Okolo Slovenska 2023 - Wolfpack dr\u017e\u00ed v\u00ed\u0165azn\u00fa \u0161n\u00faru - \u0160koda We Love Cycling Slovensko\",\"isPartOf\":{\"@id\":\"https:\/\/www.welovecycling.com\/sk\/#website\"},\"primaryImageOfPage\":{\"@id\":\"https:\/\/www.welovecycling.com\/sk\/2023\/09\/20\/reportaz-okolo-slovenska-2023-wolfpack-drzi-vitaznu-snuru\/#primaryimage\"},\"image\":{\"@id\":\"https:\/\/www.welovecycling.com\/sk\/2023\/09\/20\/reportaz-okolo-slovenska-2023-wolfpack-drzi-vitaznu-snuru\/#primaryimage\"},\"thumbnailUrl\":\"https:\/\/d2p6e6u75xmxt8.cloudfront.net\/4\/2023\/09\/okolo-slovenska.webp\",\"datePublished\":\"2023-09-20T15:03:45+00:00\",\"author\":{\"@id\":\"https:\/\/www.welovecycling.com\/sk\/#\/schema\/person\/533b62b98b6c41bd5135ebfb1f742624\"},\"description\":\"66. ro\u010dn\u00edk Okolo Slovenska priniesol pomerne o\u010dak\u00e1van\u00fd scen\u00e1r. I tak v\u0161ak boli tieto preteky pomerne \u0161pecifick\u00e9.\",\"breadcrumb\":{\"@id\":\"https:\/\/www.welovecycling.com\/sk\/2023\/09\/20\/reportaz-okolo-slovenska-2023-wolfpack-drzi-vitaznu-snuru\/#breadcrumb\"},\"inLanguage\":\"sk-SK\",\"potentialAction\":[{\"@type\":\"ReadAction\",\"target\":[\"https:\/\/www.welovecycling.com\/sk\/2023\/09\/20\/reportaz-okolo-slovenska-2023-wolfpack-drzi-vitaznu-snuru\/\"]}]},{\"@type\":\"ImageObject\",\"inLanguage\":\"sk-SK\",\"@id\":\"https:\/\/www.welovecycling.com\/sk\/2023\/09\/20\/reportaz-okolo-slovenska-2023-wolfpack-drzi-vitaznu-snuru\/#primaryimage\",\"url\":\"https:\/\/d2p6e6u75xmxt8.cloudfront.net\/4\/2023\/09\/okolo-slovenska.webp\",\"contentUrl\":\"https:\/\/d2p6e6u75xmxt8.cloudfront.net\/4\/2023\/09\/okolo-slovenska.webp\",\"width\":990,\"height\":660,\"caption\":\"report\u00e1\u017e Okolo Slovenska 2023\"},{\"@type\":\"BreadcrumbList\",\"@id\":\"https:\/\/www.welovecycling.com\/sk\/2023\/09\/20\/reportaz-okolo-slovenska-2023-wolfpack-drzi-vitaznu-snuru\/#breadcrumb\",\"itemListElement\":[{\"@type\":\"ListItem\",\"position\":1,\"name\":\"Home\",\"item\":\"https:\/\/www.welovecycling.com\/sk\/\"},{\"@type\":\"ListItem\",\"position\":2,\"name\":\"Report\u00e1\u017e: Okolo Slovenska 2023 &#8211; Wolfpack dr\u017e\u00ed v\u00ed\u0165azn\u00fa \u0161n\u00faru\"}]},{\"@type\":\"WebSite\",\"@id\":\"https:\/\/www.welovecycling.com\/sk\/#website\",\"url\":\"https:\/\/www.welovecycling.com\/sk\/\",\"name\":\"\u0160koda We Love Cycling Slovensko\",\"description\":\"\u0160koda We Love Cycling Slovensko je v\u00e1\u0161 ka\u017edodenn\u00fd zdroj noviniek a in\u0161pir\u00e1cie z sveta cyklistiky\",\"potentialAction\":[{\"@type\":\"SearchAction\",\"target\":{\"@type\":\"EntryPoint\",\"urlTemplate\":\"https:\/\/www.welovecycling.com\/sk\/?s={search_term_string}\"},\"query-input\":{\"@type\":\"PropertyValueSpecification\",\"valueRequired\":true,\"valueName\":\"search_term_string\"}}],\"inLanguage\":\"sk-SK\"},{\"@type\":\"Person\",\"@id\":\"https:\/\/www.welovecycling.com\/sk\/#\/schema\/person\/533b62b98b6c41bd5135ebfb1f742624\",\"name\":\"dominika\",\"image\":{\"@type\":\"ImageObject\",\"inLanguage\":\"sk-SK\",\"@id\":\"https:\/\/www.welovecycling.com\/sk\/#\/schema\/person\/image\/\",\"url\":\"https:\/\/secure.gravatar.com\/avatar\/ded6f274ba2ec3e17fff153f7d9d96a4b33c2cb63907f75d9a5309c599a7f3e6?s=96&d=mm&r=g\",\"contentUrl\":\"https:\/\/secure.gravatar.com\/avatar\/ded6f274ba2ec3e17fff153f7d9d96a4b33c2cb63907f75d9a5309c599a7f3e6?s=96&d=mm&r=g\",\"caption\":\"dominika\"},\"url\":\"https:\/\/www.welovecycling.com\/sk\/author\/dominika\/\"}]}<\/script>\n<!-- \/ Yoast SEO Premium plugin. -->","yoast_head_json":{"title":"Report\u00e1\u017e: Okolo Slovenska 2023 - Wolfpack dr\u017e\u00ed v\u00ed\u0165azn\u00fa \u0161n\u00faru - \u0160koda We Love Cycling Slovensko","description":"66. ro\u010dn\u00edk Okolo Slovenska priniesol pomerne o\u010dak\u00e1van\u00fd scen\u00e1r. I tak v\u0161ak boli tieto preteky pomerne \u0161pecifick\u00e9.","robots":{"index":"index","follow":"follow","max-snippet":"max-snippet:-1","max-image-preview":"max-image-preview:large","max-video-preview":"max-video-preview:-1"},"canonical":"https:\/\/www.welovecycling.com\/sk\/2023\/09\/20\/reportaz-okolo-slovenska-2023-wolfpack-drzi-vitaznu-snuru\/","og_locale":"sk_SK","og_type":"article","og_title":"Report\u00e1\u017e: Okolo Slovenska 2023 - Wolfpack dr\u017e\u00ed v\u00ed\u0165azn\u00fa \u0161n\u00faru","og_description":"66. ro\u010dn\u00edk Okolo Slovenska priniesol pomerne o\u010dak\u00e1van\u00fd scen\u00e1r. I tak v\u0161ak boli tieto preteky pomerne \u0161pecifick\u00e9.","og_url":"https:\/\/www.welovecycling.com\/sk\/2023\/09\/20\/reportaz-okolo-slovenska-2023-wolfpack-drzi-vitaznu-snuru\/","og_site_name":"\u0160koda We Love Cycling Slovensko","article_published_time":"2023-09-20T15:03:45+00:00","og_image":[{"width":990,"height":660,"url":"https:\/\/d2p6e6u75xmxt8.cloudfront.net\/4\/2023\/09\/okolo-slovenska.webp","type":"image\/webp"}],"author":"dominika","twitter_card":"summary_large_image","twitter_misc":{"Written by":"We Love Cycling","Est. reading time":"3"},"schema":{"@context":"https:\/\/schema.org","@graph":[{"@type":"WebPage","@id":"https:\/\/www.welovecycling.com\/sk\/2023\/09\/20\/reportaz-okolo-slovenska-2023-wolfpack-drzi-vitaznu-snuru\/","url":"https:\/\/www.welovecycling.com\/sk\/2023\/09\/20\/reportaz-okolo-slovenska-2023-wolfpack-drzi-vitaznu-snuru\/","name":"Report\u00e1\u017e: Okolo Slovenska 2023 - Wolfpack dr\u017e\u00ed v\u00ed\u0165azn\u00fa \u0161n\u00faru - \u0160koda We Love Cycling Slovensko","isPartOf":{"@id":"https:\/\/www.welovecycling.com\/sk\/#website"},"primaryImageOfPage":{"@id":"https:\/\/www.welovecycling.com\/sk\/2023\/09\/20\/reportaz-okolo-slovenska-2023-wolfpack-drzi-vitaznu-snuru\/#primaryimage"},"image":{"@id":"https:\/\/www.welovecycling.com\/sk\/2023\/09\/20\/reportaz-okolo-slovenska-2023-wolfpack-drzi-vitaznu-snuru\/#primaryimage"},"thumbnailUrl":"https:\/\/d2p6e6u75xmxt8.cloudfront.net\/4\/2023\/09\/okolo-slovenska.webp","datePublished":"2023-09-20T15:03:45+00:00","author":{"@id":"https:\/\/www.welovecycling.com\/sk\/#\/schema\/person\/533b62b98b6c41bd5135ebfb1f742624"},"description":"66. ro\u010dn\u00edk Okolo Slovenska priniesol pomerne o\u010dak\u00e1van\u00fd scen\u00e1r. I tak v\u0161ak boli tieto preteky pomerne \u0161pecifick\u00e9.","breadcrumb":{"@id":"https:\/\/www.welovecycling.com\/sk\/2023\/09\/20\/reportaz-okolo-slovenska-2023-wolfpack-drzi-vitaznu-snuru\/#breadcrumb"},"inLanguage":"sk-SK","potentialAction":[{"@type":"ReadAction","target":["https:\/\/www.welovecycling.com\/sk\/2023\/09\/20\/reportaz-okolo-slovenska-2023-wolfpack-drzi-vitaznu-snuru\/"]}]},{"@type":"ImageObject","inLanguage":"sk-SK","@id":"https:\/\/www.welovecycling.com\/sk\/2023\/09\/20\/reportaz-okolo-slovenska-2023-wolfpack-drzi-vitaznu-snuru\/#primaryimage","url":"https:\/\/d2p6e6u75xmxt8.cloudfront.net\/4\/2023\/09\/okolo-slovenska.webp","contentUrl":"https:\/\/d2p6e6u75xmxt8.cloudfront.net\/4\/2023\/09\/okolo-slovenska.webp","width":990,"height":660,"caption":"report\u00e1\u017e Okolo Slovenska 2023"},{"@type":"BreadcrumbList","@id":"https:\/\/www.welovecycling.com\/sk\/2023\/09\/20\/reportaz-okolo-slovenska-2023-wolfpack-drzi-vitaznu-snuru\/#breadcrumb","itemListElement":[{"@type":"ListItem","position":1,"name":"Home","item":"https:\/\/www.welovecycling.com\/sk\/"},{"@type":"ListItem","position":2,"name":"Report\u00e1\u017e: Okolo Slovenska 2023 &#8211; Wolfpack dr\u017e\u00ed v\u00ed\u0165azn\u00fa \u0161n\u00faru"}]},{"@type":"WebSite","@id":"https:\/\/www.welovecycling.com\/sk\/#website","url":"https:\/\/www.welovecycling.com\/sk\/","name":"\u0160koda We Love Cycling Slovensko","description":"\u0160koda We Love Cycling Slovensko je v\u00e1\u0161 ka\u017edodenn\u00fd zdroj noviniek a in\u0161pir\u00e1cie z sveta cyklistiky","potentialAction":[{"@type":"SearchAction","target":{"@type":"EntryPoint","urlTemplate":"https:\/\/www.welovecycling.com\/sk\/?s={search_term_string}"},"query-input":{"@type":"PropertyValueSpecification","valueRequired":true,"valueName":"search_term_string"}}],"inLanguage":"sk-SK"},{"@type":"Person","@id":"https:\/\/www.welovecycling.com\/sk\/#\/schema\/person\/533b62b98b6c41bd5135ebfb1f742624","name":"dominika","image":{"@type":"ImageObject","inLanguage":"sk-SK","@id":"https:\/\/www.welovecycling.com\/sk\/#\/schema\/person\/image\/","url":"https:\/\/secure.gravatar.com\/avatar\/ded6f274ba2ec3e17fff153f7d9d96a4b33c2cb63907f75d9a5309c599a7f3e6?s=96&d=mm&r=g","contentUrl":"https:\/\/secure.gravatar.com\/avatar\/ded6f274ba2ec3e17fff153f7d9d96a4b33c2cb63907f75d9a5309c599a7f3e6?s=96&d=mm&r=g","caption":"dominika"},"url":"https:\/\/www.welovecycling.com\/sk\/author\/dominika\/"}]}},"_links":{"self":[{"href":"https:\/\/www.welovecycling.com\/sk\/wp-json\/wp\/v2\/posts\/18301","targetHints":{"allow":["GET"]}}],"collection":[{"href":"https:\/\/www.welovecycling.com\/sk\/wp-json\/wp\/v2\/posts"}],"about":[{"href":"https:\/\/www.welovecycling.com\/sk\/wp-json\/wp\/v2\/types\/post"}],"author":[{"embeddable":true,"href":"https:\/\/www.welovecycling.com\/sk\/wp-json\/wp\/v2\/users\/172"}],"replies":[{"embeddable":true,"href":"https:\/\/www.welovecycling.com\/sk\/wp-json\/wp\/v2\/comments?post=18301"}],"version-history":[{"count":5,"href":"https:\/\/www.welovecycling.com\/sk\/wp-json\/wp\/v2\/posts\/18301\/revisions"}],"predecessor-version":[{"id":18307,"href":"https:\/\/www.welovecycling.com\/sk\/wp-json\/wp\/v2\/posts\/18301\/revisions\/18307"}],"wp:featuredmedia":[{"embeddable":true,"href":"https:\/\/www.welovecycling.com\/sk\/wp-json\/wp\/v2\/media\/18303"}],"wp:attachment":[{"href":"https:\/\/www.welovecycling.com\/sk\/wp-json\/wp\/v2\/media?parent=18301"}],"wp:term":[{"taxonomy":"category","embeddable":true,"href":"https:\/\/www.welovecycling.com\/sk\/wp-json\/wp\/v2\/categories?post=18301"},{"taxonomy":"post_tag","embeddable":true,"href":"https:\/\/www.welovecycling.com\/sk\/wp-json\/wp\/v2\/tags?post=18301"},{"taxonomy":"global-categories","embeddable":true,"href":"https:\/\/www.welovecycling.com\/sk\/wp-json\/wp\/v2\/global-categories?post=18301"}],"curies":[{"name":"wp","href":"https:\/\/api.w.org\/{rel}","templated":true}]}}