{"id":18287,"date":"2023-09-18T10:00:51","date_gmt":"2023-09-18T08:00:51","guid":{"rendered":"https:\/\/www.welovecycling.com\/sk\/?p=18287"},"modified":"2023-09-22T14:33:37","modified_gmt":"2023-09-22T12:33:37","slug":"rozhovor-bike-park-malino-brdo-zabava-na-trailoch-vo-velkej-fatra","status":"publish","type":"post","link":"https:\/\/www.welovecycling.com\/sk\/2023\/09\/18\/rozhovor-bike-park-malino-brdo-zabava-na-trailoch-vo-velkej-fatra\/","title":{"rendered":"Rozhovor: Bikepark Malin\u00f4 Brdo &#8211; z\u00e1bava na trailoch vo Ve\u013ekej Fatre"},"content":{"rendered":"<p><strong>Ozna\u010denie Malin\u00f4 Brdo je odvoden\u00e9 od n\u00e1zvu vrchu Malinn\u00e9 a v podvedom\u00ed verejnosti je zn\u00e1me najm\u00e4 ako ly\u017eiarske stredisko v pohor\u00ed Ve\u013ek\u00e1 Fatra. V\u010faka kr\u00e1snemu slovensk\u00e9mu n\u00e1zvu o \u0148om vedia \u0161iroko-\u010faleko. Okrem ly\u017eovania v\u0161ak v letn\u00fdch mesiacoch l\u00e1ka najm\u00e4 cyklistov. <\/strong><!--more--><\/p>\n<p><strong>Bikepark bol otvoren\u00fd v roku 2009 a pon\u00faka viacero zauj\u00edmav\u00fdch trat\u00ed a trailov.<\/strong> Rozpr\u00e1vali sme sa s Mariannou Luka \u2013 marketingovou \u0161\u00e9fkou bikeparku o tom, ako sa vytv\u00e1raj\u00fa nov\u00e9 traily, ak\u00fd povrch v\u00e1s tam \u010dak\u00e1, ale aj o zauj\u00edmavostiach a \u0161portovom vy\u017eit\u00ed v okol\u00ed.<\/p>\n<h4><b>Ko\u013eko trat\u00ed pon\u00fakate, ak\u00e9 prev\u00fd\u0161enia maj\u00fa jednotliv\u00e9 trate a ak\u00e1 je obtia\u017enos\u0165 trat\u00ed?<\/b><\/h4>\n<p><em><span style=\"font-weight: 400;\">V\u00a0bikeparku n\u00e1jdete 11 trat\u00ed r\u00f4znych n\u00e1ro\u010dnost\u00ed. S\u00fa to najm\u00e4 zjazdov\u00e9 trate, ale aj enduro tra\u0165, flow trail a single traily. Stredisko v\u010faka ve\u013ek\u00e9mu prev\u00fd\u0161eniu a\u017e 400 metrov a\u00a0priemern\u00e9mu sklonu od 10 % &#8211; 20 % predur\u010duje trate k\u00a0vy\u0161\u0161ej obtia\u017enosti. Preto je potrebn\u00e9 ma\u0165 u\u017e nie\u010do najazden\u00e9 pred t\u00fdm, ako pr\u00eddu jazdi\u0165 bikeri k\u00a0n\u00e1m.\u00a0<\/span><\/em><\/p>\n<h4><b>Ak\u00fd povrch u v\u00e1s \u010dak\u00e1 bikerov \u2013 hlina, kamene, korene?\u00a0<\/b><\/h4>\n<p><em><span style=\"font-weight: 400;\">Povrch trat\u00ed je ve\u013emi \u0161pecifick\u00fd pre Malin\u00f4 Brdo. N\u00e1jdete tu unik\u00e1tnu hlinu, ktor\u00e1 sa v\u00a0mokr\u00fdch podmienkach ve\u013emi lep\u00ed. Napriek tomu, \u017ee je tu aj ve\u013ea kore\u0148ov\u00fdch a\u00a0skalnat\u00fdch pas\u00e1\u017ei, d\u00e1 sa jazdi\u0165 aj v\u00a0upr\u0161anom po\u010das\u00ed, nako\u013eko bicykel dobre dr\u017e\u00ed v stope.\u00a0<\/span><\/em><\/p>\n<h4><b>Ako m\u00e1te navrhnut\u00e9 vstupn\u00e9 \u2013 celodenn\u00e9 alebo aj hodinov\u00e9?<\/b><\/h4>\n<p><em><span style=\"font-weight: 400;\">M\u00f4\u017eete si u n\u00e1s zak\u00fapi\u0165 celodenn\u00e9 alebo jazdov\u00e9 l\u00edstky. Najv\u00fdhodnej\u0161ie l\u00edstky n\u00e1jdete na <a href=\"https:\/\/eshop.skipark.sk\/shop-98-20230922143305-50-denni\">e-shope<\/a>, kde si ich pohodlne zak\u00fapite online a\u00a0s\u00a0\u010dipovou kartou u\u017e ani nemus\u00edte chodi\u0165 na poklad\u0148u, ale priamo idete na lanovku.\u00a0<\/span><\/em><\/p>\n<p><img loading=\"lazy\" decoding=\"async\" class=\"alignnone wp-image-18288 size-full\" src=\"https:\/\/d2p6e6u75xmxt8.cloudfront.net\/4\/2023\/09\/01-1.webp\" alt=\"trate \" width=\"990\" height=\"660\" srcset=\"https:\/\/d2p6e6u75xmxt8.cloudfront.net\/4\/2023\/09\/01-1.webp 990w, https:\/\/d2p6e6u75xmxt8.cloudfront.net\/4\/2023\/09\/01-1-300x200.webp 300w, https:\/\/d2p6e6u75xmxt8.cloudfront.net\/4\/2023\/09\/01-1-768x512.webp 768w, https:\/\/d2p6e6u75xmxt8.cloudfront.net\/4\/2023\/09\/01-1-400x267.webp 400w, https:\/\/d2p6e6u75xmxt8.cloudfront.net\/4\/2023\/09\/01-1-272x182.webp 272w\" sizes=\"auto, (max-width: 990px) 100vw, 990px\" \/><\/p>\n<h4><b>Ako dlho trv\u00e1 va\u0161a sez\u00f3na?<\/b><\/h4>\n<p><em><span style=\"font-weight: 400;\">Sez\u00f3na trv\u00e1 pribli\u017ene od m\u00e1ja a\u017e do okt\u00f3bra, samozrejme v\u00a0z\u00e1vislosti od po\u010dasia. Od polovice j\u00fana stredisko prem\u00e1va v\u00a0dennej prev\u00e1dzke a\u017e do polovice septembra. Mimosez\u00f3nne prem\u00e1va lanovka po\u010das piatkov a\u00a0v\u00edkendov.\u00a0<\/span><\/em><\/p>\n<h4><b>Ako \u010dasto obnovujete trate?<\/b><\/h4>\n<p><em><span style=\"font-weight: 400;\">Trate s\u00fa upravovan\u00e9 po\u010das celej letnej sez\u00f3ny, nako\u013eko pr\u00e1ve v\u010faka \u00fadr\u017ebe trat\u00ed sa sna\u017e\u00edme udr\u017eiava\u0165 komfort a\u00a0z\u00e1bavu pre v\u0161etk\u00fdch bikerov.\u00a0<\/span><\/em><\/p>\n<h4><b>Prib\u00fadaj\u00fa priebe\u017ene aj nov\u00e9 \u00faseky, alebo sa menia tie existuj\u00face?<\/b><\/h4>\n<p><em><span style=\"font-weight: 400;\">Po\u010das letnej sez\u00f3ny sa n\u00e1m podarilo vybudova\u0165 nov\u00fd \u00fasek najob\u013e\u00fabenej\u0161ej trate Modr\u00fd Zamat. Najviac pr\u00e1ce sa sprav\u00ed mimosez\u00f3nne, kedy sa zameriavame pr\u00e1ve na vytvorenie nov\u00fdch \u00fasekov a\u00a0prek\u00e1\u017eok na tratiach. Pripravujeme nov\u00fd detsk\u00fd pumptrack pre najmen\u0161\u00edch bajkerov a\u00a0pl\u00e1nujeme vybudova\u0165 \u00faplne nov\u00fa tra\u0165 na sez\u00f3nu 2024.\u00a0<\/span><\/em><\/p>\n<div class=\"embed-controller-wrapper\">\n<div class=\"embed-wrapper\"><iframe title=\"Modr\u00fd Zamat 2023\" width=\"500\" height=\"375\" data-src=\"https:\/\/www.youtube.com\/embed\/r3-Kfcrn4kI?feature=oembed&#038;feature=shared&#038;enablejsapi=1\" frameborder=\"0\" allow=\"accelerometer; autoplay; clipboard-write; encrypted-media; gyroscope; picture-in-picture; web-share\" referrerpolicy=\"strict-origin-when-cross-origin\" allowfullscreen><\/iframe><\/div>\n<\/div>\n<h4><b>In\u0161pirovali ste sa aj bikeparkami v\u00a0zahrani\u010d\u00ed?<\/b><\/h4>\n<p><em><span style=\"font-weight: 400;\">Sna\u017e\u00edme sa in\u0161pirova\u0165 aj zahrani\u010d\u00edm, ale v\u0161etko sa odv\u00edja od \u0161pecifick\u00fdch podmienok, ktor\u00e9 m\u00e1me u\u00a0n\u00e1s. \u010casto n\u00e1s prirovn\u00e1vaj\u00fa ku kanadsk\u00e9mu bikeparku Wisthler, pr\u00e1ve v\u010faka podobn\u00fdm pr\u00edrodn\u00fdm podmienkam.\u00a0<\/span><\/em><\/p>\n<h4><b>M\u00e1te nejak\u00fa \u0161pecialitu, ktor\u00fa nemaj\u00fa in\u00e9 bikeparky v\u00a0okol\u00ed? M\u00e1te k\u00a0dispoz\u00edcii lanovku pre bikerov?<\/b><\/h4>\n<p><em><span style=\"font-weight: 400;\">Najv\u00e4\u010d\u0161ou v\u00fdhodou pre n\u00e1v\u0161tevn\u00edkov je, \u017ee stredisko sa nach\u00e1dza priamo v\u00a0meste, kde pohodlne a\u00a0hlavne zadarmo zaparkujete, a\u00a0len za 10 min\u00fat sa vyveziete lanovkou a\u017e na Malin\u00f4 Brdo. A\u00a0m\u00f4\u017eete jazdi\u0165. Tak si v\u010faka lanovke m\u00f4\u017eete u\u017ei\u0165 jazdenie v\u00a0bikeparku aj za da\u017ediv\u00e9ho po\u010dasia, kedy sa vyvez\u00fa bikeri hore v\u00a0kab\u00ednovej lanovke v suchu.\u00a0<\/span><\/em><\/p>\n<h4><b>Dok\u00e1\u017eete nejak\u00fdm sp\u00f4sobom vyu\u017ei\u0165 trate aj v\u00a0zime?<\/b><\/h4>\n<p><em><span style=\"font-weight: 400;\">Po\u010das zimy novovybudovan\u00e9 trate dost\u00e1vaj\u00fa oddych a\u00a0\u010das na usadenie zeminy. Niektor\u00e9 trate ale vyu\u017e\u00edvame ako skialpov\u00e9 trasy pre pokro\u010dil\u00fdch ski-turistov.\u00a0<\/span><\/em><\/p>\n<p><img loading=\"lazy\" decoding=\"async\" class=\"alignnone wp-image-18289 size-full\" src=\"https:\/\/d2p6e6u75xmxt8.cloudfront.net\/4\/2023\/09\/02-1.webp\" alt=\"Malin\u00f4 Brdo\" width=\"990\" height=\"660\" srcset=\"https:\/\/d2p6e6u75xmxt8.cloudfront.net\/4\/2023\/09\/02-1.webp 990w, https:\/\/d2p6e6u75xmxt8.cloudfront.net\/4\/2023\/09\/02-1-300x200.webp 300w, https:\/\/d2p6e6u75xmxt8.cloudfront.net\/4\/2023\/09\/02-1-768x512.webp 768w, https:\/\/d2p6e6u75xmxt8.cloudfront.net\/4\/2023\/09\/02-1-400x267.webp 400w, https:\/\/d2p6e6u75xmxt8.cloudfront.net\/4\/2023\/09\/02-1-272x182.webp 272w\" sizes=\"auto, (max-width: 990px) 100vw, 990px\" \/><\/p>\n<h4><b>Ak\u00e9 s\u00fa z\u00e1kladn\u00e9 pravidl\u00e1 parku, \u010do sa m\u00f4\u017ee a \u010do nie?<\/b><\/h4>\n<p><em><span style=\"font-weight: 400;\">Z\u00e1kladn\u00e9 pravidl\u00e1 bikeparku \u2013 <a href=\"https:\/\/skipark.sk\/bikepark\/prevadzkovy-poriadok\/\" target=\"_blank\" rel=\"noopener\">Zelen\u00fd k\u00f3dex<\/a> obsahuje 10 z\u00e1kladn\u00fdch bodov, ktor\u00e9 musia bikeri dodr\u017eiava\u0165 v\u00a0r\u00e1mci svojej bezpe\u010dnosti a\u00a0bezpe\u010dnosti ostatn\u00fdch. N\u00e1jdete tu povinn\u00fa bezpe\u010dnostn\u00fa v\u00fdbavu bikerov ako chr\u00e1ni\u010de a\u00a0prilba, dodr\u017eiavanie a\u00a0re\u0161pektovanie zna\u010diek \u010di postup, ako privola\u0165 pomoc v\u00a0pr\u00edpade potreby.\u00a0<\/span><\/em><\/p>\n<h4><b>Pre ak\u00e9 bicykle je bikepark vhodn\u00fd? M\u00f4\u017eu pr\u00eds\u0165 bajkeri s hardtailami alebo odpor\u00fa\u010date len celoodpru\u017een\u00e9 modely?<\/b><\/h4>\n<p><em><span style=\"font-weight: 400;\">V\u010faka vy\u0161\u0161ej obtia\u017enosti trat\u00ed odpor\u00fa\u010dame celoodpru\u017een\u00e9 bicykle.\u00a0<\/span><\/em><\/p>\n<div class=\"embed-controller-wrapper\">\n<div class=\"embed-wrapper\"><iframe title=\"Najlep\u0161\u00ed BIKEPARK na Slovensku !\" width=\"500\" height=\"281\" data-src=\"https:\/\/www.youtube.com\/embed\/2Dv8bRJVt0o?feature=oembed&#038;feature=shared&#038;enablejsapi=1\" frameborder=\"0\" allow=\"accelerometer; autoplay; clipboard-write; encrypted-media; gyroscope; picture-in-picture; web-share\" referrerpolicy=\"strict-origin-when-cross-origin\" allowfullscreen><\/iframe><\/div>\n<\/div>\n<h4><b>M\u00e1te v\u00a0are\u00e1li po\u017ei\u010dov\u0148a bicyklov, servis, mo\u017enos\u0165 umy\u0165 si bike?<\/b><\/h4>\n<p><em><span style=\"font-weight: 400;\">V\u00a0are\u00e1li bikeparku n\u00e1jdete 3 umyv\u00e1rne bicyklov a\u00a02 servisn\u00e9 stojany. V\u00a0sez\u00f3ne 2024 pl\u00e1nujeme otvori\u0165 aj po\u017ei\u010dov\u0148a bicyklov, s\u00a0obchodom a\u00a0servisom.\u00a0<\/span><\/em><\/p>\n<h4><b>Je u v\u00e1s aj mo\u017enos\u0165 ubytovania \u010di stravovania?<\/b><\/h4>\n<p><em><span style=\"font-weight: 400;\">Priamo na Malin\u00f4 Brdo sa m\u00f4\u017eete ubytova\u0165 na Hoteli Malina s\u00a0v\u00fdh\u013eadom na pr\u00edrodu. Okrem hotela v\u00a0Hrabovskej doline n\u00e1jdete ve\u013ea \u010fal\u0161\u00edch mo\u017enost\u00ed ubytovania napr\u00edklad na hoteli Hrabovo, v\u00a0apartm\u00e1nov\u00fdch domoch alebo chat\u00e1ch.\u00a0<\/span><\/em><\/p>\n<h4><b>N\u00e1jdu si \u0161portov\u00e9 vy\u017eitie aj ostatn\u00ed \u010dlenovia rodiny, ktor\u00ed pr\u00eddu?<\/b><\/h4>\n<p><em><span style=\"font-weight: 400;\">Okrem bikeparku si aj ne\u0161portovci m\u00f4\u017eu vysk\u00fa\u0161a\u0165 adrenal\u00ednov\u00fd z\u00e1\u017eitok na horsk\u00fdch k\u00e1rach a\u00a0kolobe\u017ek\u00e1ch. Hore sa vyveziete lanovkou, a\u00a0dole sa spust\u00edte na kolobe\u017eke alebo k\u00e1re po trase dlhej viac ako 4 km, ktor\u00e1 vedie preva\u017ene asfaltovou cestou cez kr\u00e1snu pr\u00edrodu Ve\u013ekej Fatry. <\/span><\/em><\/p>\n<p><em><span style=\"font-weight: 400;\">Pre t\u00fdch najmen\u0161\u00edch je v\u00a0stredisku po\u010das letnej sez\u00f3ny k dispoz\u00edcii sk\u00e1kac\u00ed hrad alebo elektrick\u00e9 buginy. Tento rok bola novinkou aj rodinn\u00e1 hra v\u00a0pr\u00edrode pre rodiny s\u00a0de\u0165mi, v\u00a0ktorej objavovali najkraj\u0161ie miesta v\u00a0stredisku a\u00a0rie\u0161ili logicko-eduka\u010dn\u00e9 \u00falohy, za ktor\u00e9 z\u00edskali na z\u00e1ver odmenu.\u00a0<\/span><\/em><\/p>\n<h4><b>S\u00fa v okol\u00ed aj nejak\u00e9 tradi\u010dn\u00e9 cykloturistick\u00e9 trate, ke\u010f tu chce cyklista str\u00e1vi\u0165 viac dn\u00ed?<\/b><\/h4>\n<p><em><span style=\"font-weight: 400;\">Okrem bikeparku s\u00fa tu dva singletraily. Jeden menej n\u00e1ro\u010dn\u00fd vedie a\u017e na vrchol Malinn\u00e9, odkia\u013e sa spust\u00edte a\u017e dole do Hrabova, alebo singletrail rozpr\u00e1vkov\u00e9 enduro okolo Sidorova, ktor\u00fd je \u0165a\u017e\u0161ej n\u00e1ro\u010dnosti. Okrem toho sa dostanete z\u00a0Malina po cyklotrase na Vlkol\u00ednec alebo si m\u00f4\u017eete vychutna\u0165 v\u00fdh\u013eady z\u00a0cyklotrasy po hrebe\u0148och Ve\u013ekej Fatry.\u00a0\u00a0<\/span><\/em><\/p>\n<p>Zdroj fotografi\u00ed: arch\u00edv Bikeparku Malin\u00f4 Brdo<\/p>\n","protected":false},"excerpt":{"rendered":"<p>Ozna\u010denie Malin\u00f4 Brdo je odvoden\u00e9 od n\u00e1zvu vrchu Malinn\u00e9 a v podvedom\u00ed verejnosti je zn\u00e1me najm\u00e4 ako ly\u017eiarske stredisko v [&hellip;]<\/p>\n","protected":false},"author":172,"featured_media":18290,"comment_status":"open","ping_status":"open","sticky":false,"template":"","format":"standard","meta":{"footnotes":""},"categories":[191],"tags":[49,1148,1533,968,501,256,755,523,1072,901,924],"global-categories":[1074],"class_list":["post-18287","post","type-post","status-publish","format-standard","has-post-thumbnail","hentry","category-odporucame","tag-bike-park-malino-brdo","tag-park","tag-priroda","tag-pumptrack","tag-rozhovor","tag-sezona","tag-skialp","tag-slovensko","tag-trat","tag-turistika","tag-velka-fatra","global-categories-cycling"],"yoast_head":"<!-- This site is optimized with the Yoast SEO Premium plugin v25.3 (Yoast SEO v25.9) - https:\/\/yoast.com\/wordpress\/plugins\/seo\/ -->\n<title>Rozhovor: Bikepark Malin\u00f4 Brdo - z\u00e1bava na trailoch vo Ve\u013ekej Fatre<\/title>\n<meta name=\"description\" content=\"Malin\u00f4 Brdo je zn\u00e1me najm\u00e4 ako ly\u017eiarske stredisko. Okrem ly\u017eovania v\u0161ak v letn\u00fdch mesiacoch l\u00e1ka najm\u00e4 cyklistov.\" \/>\n<meta name=\"robots\" content=\"index, follow, max-snippet:-1, max-image-preview:large, max-video-preview:-1\" \/>\n<link rel=\"canonical\" href=\"https:\/\/www.welovecycling.com\/sk\/2023\/09\/18\/rozhovor-bike-park-malino-brdo-zabava-na-trailoch-vo-velkej-fatra\/\" \/>\n<meta property=\"og:locale\" content=\"sk_SK\" \/>\n<meta property=\"og:type\" content=\"article\" \/>\n<meta property=\"og:title\" content=\"Rozhovor: Bikepark Malin\u00f4 Brdo - z\u00e1bava na trailoch vo Ve\u013ekej Fatre\" \/>\n<meta property=\"og:description\" content=\"Malin\u00f4 Brdo je zn\u00e1me najm\u00e4 ako ly\u017eiarske stredisko. Okrem ly\u017eovania v\u0161ak v letn\u00fdch mesiacoch l\u00e1ka najm\u00e4 cyklistov.\" \/>\n<meta property=\"og:url\" content=\"https:\/\/www.welovecycling.com\/sk\/2023\/09\/18\/rozhovor-bike-park-malino-brdo-zabava-na-trailoch-vo-velkej-fatra\/\" \/>\n<meta property=\"og:site_name\" content=\"\u0160koda We Love Cycling Slovensko\" \/>\n<meta property=\"article:published_time\" content=\"2023-09-18T08:00:51+00:00\" \/>\n<meta property=\"article:modified_time\" content=\"2023-09-22T12:33:37+00:00\" \/>\n<meta property=\"og:image\" content=\"https:\/\/d2p6e6u75xmxt8.cloudfront.net\/4\/2023\/09\/titulka-2.webp\" \/>\n\t<meta property=\"og:image:width\" content=\"990\" \/>\n\t<meta property=\"og:image:height\" content=\"660\" \/>\n\t<meta property=\"og:image:type\" content=\"image\/webp\" \/>\n<meta name=\"author\" content=\"dominika\" \/>\n<meta name=\"twitter:card\" content=\"summary_large_image\" \/>\n<meta name=\"twitter:label1\" content=\"Written by\" \/>\n\t<meta name=\"twitter:data1\" content=\"Radovan Vr\u0161ka\" \/>\n\t<meta name=\"twitter:label2\" content=\"Est. reading time\" \/>\n\t<meta name=\"twitter:data2\" content=\"4\" \/>\n<script type=\"application\/ld+json\" class=\"yoast-schema-graph\">{\"@context\":\"https:\/\/schema.org\",\"@graph\":[{\"@type\":\"WebPage\",\"@id\":\"https:\/\/www.welovecycling.com\/sk\/2023\/09\/18\/rozhovor-bike-park-malino-brdo-zabava-na-trailoch-vo-velkej-fatra\/\",\"url\":\"https:\/\/www.welovecycling.com\/sk\/2023\/09\/18\/rozhovor-bike-park-malino-brdo-zabava-na-trailoch-vo-velkej-fatra\/\",\"name\":\"Rozhovor: Bikepark Malin\u00f4 Brdo - z\u00e1bava na trailoch vo Ve\u013ekej Fatre\",\"isPartOf\":{\"@id\":\"https:\/\/www.welovecycling.com\/sk\/#website\"},\"primaryImageOfPage\":{\"@id\":\"https:\/\/www.welovecycling.com\/sk\/2023\/09\/18\/rozhovor-bike-park-malino-brdo-zabava-na-trailoch-vo-velkej-fatra\/#primaryimage\"},\"image\":{\"@id\":\"https:\/\/www.welovecycling.com\/sk\/2023\/09\/18\/rozhovor-bike-park-malino-brdo-zabava-na-trailoch-vo-velkej-fatra\/#primaryimage\"},\"thumbnailUrl\":\"https:\/\/d2p6e6u75xmxt8.cloudfront.net\/4\/2023\/09\/titulka-2.webp\",\"datePublished\":\"2023-09-18T08:00:51+00:00\",\"dateModified\":\"2023-09-22T12:33:37+00:00\",\"author\":{\"@id\":\"https:\/\/www.welovecycling.com\/sk\/#\/schema\/person\/533b62b98b6c41bd5135ebfb1f742624\"},\"description\":\"Malin\u00f4 Brdo je zn\u00e1me najm\u00e4 ako ly\u017eiarske stredisko. Okrem ly\u017eovania v\u0161ak v letn\u00fdch mesiacoch l\u00e1ka najm\u00e4 cyklistov.\",\"breadcrumb\":{\"@id\":\"https:\/\/www.welovecycling.com\/sk\/2023\/09\/18\/rozhovor-bike-park-malino-brdo-zabava-na-trailoch-vo-velkej-fatra\/#breadcrumb\"},\"inLanguage\":\"sk-SK\",\"potentialAction\":[{\"@type\":\"ReadAction\",\"target\":[\"https:\/\/www.welovecycling.com\/sk\/2023\/09\/18\/rozhovor-bike-park-malino-brdo-zabava-na-trailoch-vo-velkej-fatra\/\"]}]},{\"@type\":\"ImageObject\",\"inLanguage\":\"sk-SK\",\"@id\":\"https:\/\/www.welovecycling.com\/sk\/2023\/09\/18\/rozhovor-bike-park-malino-brdo-zabava-na-trailoch-vo-velkej-fatra\/#primaryimage\",\"url\":\"https:\/\/d2p6e6u75xmxt8.cloudfront.net\/4\/2023\/09\/titulka-2.webp\",\"contentUrl\":\"https:\/\/d2p6e6u75xmxt8.cloudfront.net\/4\/2023\/09\/titulka-2.webp\",\"width\":990,\"height\":660},{\"@type\":\"BreadcrumbList\",\"@id\":\"https:\/\/www.welovecycling.com\/sk\/2023\/09\/18\/rozhovor-bike-park-malino-brdo-zabava-na-trailoch-vo-velkej-fatra\/#breadcrumb\",\"itemListElement\":[{\"@type\":\"ListItem\",\"position\":1,\"name\":\"Home\",\"item\":\"https:\/\/www.welovecycling.com\/sk\/\"},{\"@type\":\"ListItem\",\"position\":2,\"name\":\"Rozhovor: Bikepark Malin\u00f4 Brdo &#8211; z\u00e1bava na trailoch vo Ve\u013ekej Fatre\"}]},{\"@type\":\"WebSite\",\"@id\":\"https:\/\/www.welovecycling.com\/sk\/#website\",\"url\":\"https:\/\/www.welovecycling.com\/sk\/\",\"name\":\"\u0160koda We Love Cycling Slovensko\",\"description\":\"\u0160koda We Love Cycling Slovensko je v\u00e1\u0161 ka\u017edodenn\u00fd zdroj noviniek a in\u0161pir\u00e1cie z sveta cyklistiky\",\"potentialAction\":[{\"@type\":\"SearchAction\",\"target\":{\"@type\":\"EntryPoint\",\"urlTemplate\":\"https:\/\/www.welovecycling.com\/sk\/?s={search_term_string}\"},\"query-input\":{\"@type\":\"PropertyValueSpecification\",\"valueRequired\":true,\"valueName\":\"search_term_string\"}}],\"inLanguage\":\"sk-SK\"},{\"@type\":\"Person\",\"@id\":\"https:\/\/www.welovecycling.com\/sk\/#\/schema\/person\/533b62b98b6c41bd5135ebfb1f742624\",\"name\":\"dominika\",\"image\":{\"@type\":\"ImageObject\",\"inLanguage\":\"sk-SK\",\"@id\":\"https:\/\/www.welovecycling.com\/sk\/#\/schema\/person\/image\/\",\"url\":\"https:\/\/secure.gravatar.com\/avatar\/ded6f274ba2ec3e17fff153f7d9d96a4b33c2cb63907f75d9a5309c599a7f3e6?s=96&d=mm&r=g\",\"contentUrl\":\"https:\/\/secure.gravatar.com\/avatar\/ded6f274ba2ec3e17fff153f7d9d96a4b33c2cb63907f75d9a5309c599a7f3e6?s=96&d=mm&r=g\",\"caption\":\"dominika\"},\"url\":\"https:\/\/www.welovecycling.com\/sk\/author\/dominika\/\"}]}<\/script>\n<!-- \/ Yoast SEO Premium plugin. -->","yoast_head_json":{"title":"Rozhovor: Bikepark Malin\u00f4 Brdo - z\u00e1bava na trailoch vo Ve\u013ekej Fatre","description":"Malin\u00f4 Brdo je zn\u00e1me najm\u00e4 ako ly\u017eiarske stredisko. Okrem ly\u017eovania v\u0161ak v letn\u00fdch mesiacoch l\u00e1ka najm\u00e4 cyklistov.","robots":{"index":"index","follow":"follow","max-snippet":"max-snippet:-1","max-image-preview":"max-image-preview:large","max-video-preview":"max-video-preview:-1"},"canonical":"https:\/\/www.welovecycling.com\/sk\/2023\/09\/18\/rozhovor-bike-park-malino-brdo-zabava-na-trailoch-vo-velkej-fatra\/","og_locale":"sk_SK","og_type":"article","og_title":"Rozhovor: Bikepark Malin\u00f4 Brdo - z\u00e1bava na trailoch vo Ve\u013ekej Fatre","og_description":"Malin\u00f4 Brdo je zn\u00e1me najm\u00e4 ako ly\u017eiarske stredisko. Okrem ly\u017eovania v\u0161ak v letn\u00fdch mesiacoch l\u00e1ka najm\u00e4 cyklistov.","og_url":"https:\/\/www.welovecycling.com\/sk\/2023\/09\/18\/rozhovor-bike-park-malino-brdo-zabava-na-trailoch-vo-velkej-fatra\/","og_site_name":"\u0160koda We Love Cycling Slovensko","article_published_time":"2023-09-18T08:00:51+00:00","article_modified_time":"2023-09-22T12:33:37+00:00","og_image":[{"width":990,"height":660,"url":"https:\/\/d2p6e6u75xmxt8.cloudfront.net\/4\/2023\/09\/titulka-2.webp","type":"image\/webp"}],"author":"dominika","twitter_card":"summary_large_image","twitter_misc":{"Written by":"Radovan Vr\u0161ka","Est. reading time":"4"},"schema":{"@context":"https:\/\/schema.org","@graph":[{"@type":"WebPage","@id":"https:\/\/www.welovecycling.com\/sk\/2023\/09\/18\/rozhovor-bike-park-malino-brdo-zabava-na-trailoch-vo-velkej-fatra\/","url":"https:\/\/www.welovecycling.com\/sk\/2023\/09\/18\/rozhovor-bike-park-malino-brdo-zabava-na-trailoch-vo-velkej-fatra\/","name":"Rozhovor: Bikepark Malin\u00f4 Brdo - z\u00e1bava na trailoch vo Ve\u013ekej Fatre","isPartOf":{"@id":"https:\/\/www.welovecycling.com\/sk\/#website"},"primaryImageOfPage":{"@id":"https:\/\/www.welovecycling.com\/sk\/2023\/09\/18\/rozhovor-bike-park-malino-brdo-zabava-na-trailoch-vo-velkej-fatra\/#primaryimage"},"image":{"@id":"https:\/\/www.welovecycling.com\/sk\/2023\/09\/18\/rozhovor-bike-park-malino-brdo-zabava-na-trailoch-vo-velkej-fatra\/#primaryimage"},"thumbnailUrl":"https:\/\/d2p6e6u75xmxt8.cloudfront.net\/4\/2023\/09\/titulka-2.webp","datePublished":"2023-09-18T08:00:51+00:00","dateModified":"2023-09-22T12:33:37+00:00","author":{"@id":"https:\/\/www.welovecycling.com\/sk\/#\/schema\/person\/533b62b98b6c41bd5135ebfb1f742624"},"description":"Malin\u00f4 Brdo je zn\u00e1me najm\u00e4 ako ly\u017eiarske stredisko. Okrem ly\u017eovania v\u0161ak v letn\u00fdch mesiacoch l\u00e1ka najm\u00e4 cyklistov.","breadcrumb":{"@id":"https:\/\/www.welovecycling.com\/sk\/2023\/09\/18\/rozhovor-bike-park-malino-brdo-zabava-na-trailoch-vo-velkej-fatra\/#breadcrumb"},"inLanguage":"sk-SK","potentialAction":[{"@type":"ReadAction","target":["https:\/\/www.welovecycling.com\/sk\/2023\/09\/18\/rozhovor-bike-park-malino-brdo-zabava-na-trailoch-vo-velkej-fatra\/"]}]},{"@type":"ImageObject","inLanguage":"sk-SK","@id":"https:\/\/www.welovecycling.com\/sk\/2023\/09\/18\/rozhovor-bike-park-malino-brdo-zabava-na-trailoch-vo-velkej-fatra\/#primaryimage","url":"https:\/\/d2p6e6u75xmxt8.cloudfront.net\/4\/2023\/09\/titulka-2.webp","contentUrl":"https:\/\/d2p6e6u75xmxt8.cloudfront.net\/4\/2023\/09\/titulka-2.webp","width":990,"height":660},{"@type":"BreadcrumbList","@id":"https:\/\/www.welovecycling.com\/sk\/2023\/09\/18\/rozhovor-bike-park-malino-brdo-zabava-na-trailoch-vo-velkej-fatra\/#breadcrumb","itemListElement":[{"@type":"ListItem","position":1,"name":"Home","item":"https:\/\/www.welovecycling.com\/sk\/"},{"@type":"ListItem","position":2,"name":"Rozhovor: Bikepark Malin\u00f4 Brdo &#8211; z\u00e1bava na trailoch vo Ve\u013ekej Fatre"}]},{"@type":"WebSite","@id":"https:\/\/www.welovecycling.com\/sk\/#website","url":"https:\/\/www.welovecycling.com\/sk\/","name":"\u0160koda We Love Cycling Slovensko","description":"\u0160koda We Love Cycling Slovensko je v\u00e1\u0161 ka\u017edodenn\u00fd zdroj noviniek a in\u0161pir\u00e1cie z sveta cyklistiky","potentialAction":[{"@type":"SearchAction","target":{"@type":"EntryPoint","urlTemplate":"https:\/\/www.welovecycling.com\/sk\/?s={search_term_string}"},"query-input":{"@type":"PropertyValueSpecification","valueRequired":true,"valueName":"search_term_string"}}],"inLanguage":"sk-SK"},{"@type":"Person","@id":"https:\/\/www.welovecycling.com\/sk\/#\/schema\/person\/533b62b98b6c41bd5135ebfb1f742624","name":"dominika","image":{"@type":"ImageObject","inLanguage":"sk-SK","@id":"https:\/\/www.welovecycling.com\/sk\/#\/schema\/person\/image\/","url":"https:\/\/secure.gravatar.com\/avatar\/ded6f274ba2ec3e17fff153f7d9d96a4b33c2cb63907f75d9a5309c599a7f3e6?s=96&d=mm&r=g","contentUrl":"https:\/\/secure.gravatar.com\/avatar\/ded6f274ba2ec3e17fff153f7d9d96a4b33c2cb63907f75d9a5309c599a7f3e6?s=96&d=mm&r=g","caption":"dominika"},"url":"https:\/\/www.welovecycling.com\/sk\/author\/dominika\/"}]}},"_links":{"self":[{"href":"https:\/\/www.welovecycling.com\/sk\/wp-json\/wp\/v2\/posts\/18287","targetHints":{"allow":["GET"]}}],"collection":[{"href":"https:\/\/www.welovecycling.com\/sk\/wp-json\/wp\/v2\/posts"}],"about":[{"href":"https:\/\/www.welovecycling.com\/sk\/wp-json\/wp\/v2\/types\/post"}],"author":[{"embeddable":true,"href":"https:\/\/www.welovecycling.com\/sk\/wp-json\/wp\/v2\/users\/172"}],"replies":[{"embeddable":true,"href":"https:\/\/www.welovecycling.com\/sk\/wp-json\/wp\/v2\/comments?post=18287"}],"version-history":[{"count":10,"href":"https:\/\/www.welovecycling.com\/sk\/wp-json\/wp\/v2\/posts\/18287\/revisions"}],"predecessor-version":[{"id":18326,"href":"https:\/\/www.welovecycling.com\/sk\/wp-json\/wp\/v2\/posts\/18287\/revisions\/18326"}],"wp:featuredmedia":[{"embeddable":true,"href":"https:\/\/www.welovecycling.com\/sk\/wp-json\/wp\/v2\/media\/18290"}],"wp:attachment":[{"href":"https:\/\/www.welovecycling.com\/sk\/wp-json\/wp\/v2\/media?parent=18287"}],"wp:term":[{"taxonomy":"category","embeddable":true,"href":"https:\/\/www.welovecycling.com\/sk\/wp-json\/wp\/v2\/categories?post=18287"},{"taxonomy":"post_tag","embeddable":true,"href":"https:\/\/www.welovecycling.com\/sk\/wp-json\/wp\/v2\/tags?post=18287"},{"taxonomy":"global-categories","embeddable":true,"href":"https:\/\/www.welovecycling.com\/sk\/wp-json\/wp\/v2\/global-categories?post=18287"}],"curies":[{"name":"wp","href":"https:\/\/api.w.org\/{rel}","templated":true}]}}