{"id":18281,"date":"2023-09-11T10:00:13","date_gmt":"2023-09-11T08:00:13","guid":{"rendered":"https:\/\/www.welovecycling.com\/sk\/?p=18281"},"modified":"2024-06-21T09:42:33","modified_gmt":"2024-06-21T07:42:33","slug":"peter-sagan-sa-vracia-ku-korenom-co-vsetko-ho-caka","status":"publish","type":"post","link":"https:\/\/www.welovecycling.com\/sk\/2023\/09\/11\/peter-sagan-sa-vracia-ku-korenom-co-vsetko-ho-caka\/","title":{"rendered":"Peter Sagan sa vracia ku kore\u0148om \u2013 \u010do v\u0161etko ho \u010dak\u00e1"},"content":{"rendered":"<p><strong>Kruh kari\u00e9ry Pe\u0165a Sagana sa pomaly uzatv\u00e1ra. V\u00a0najbli\u017e\u0161\u00edch mesiacoch ho budeme m\u00f4c\u0165 vidie\u0165 tam, kde za\u010dal \u2013 na horsk\u00fdch bicykloch.<\/strong><!--more--><\/p>\n<p><span style=\"font-weight: 400;\"><strong>Tri tituly majstra sveta, rekordn\u00fdch sedem zelen\u00fdch dresov, osemn\u00e1s\u0165 v\u00ed\u0165azstiev na Grand Tours, stodvadsa\u0165jeden v\u00ed\u0165azstiev celkovo.<\/strong> Tieto \u010d\u00edsla s\u00fa dnes u\u017e ale minulos\u0165ou, ke\u010f\u017ee Peter Sagan v\u00a0janu\u00e1ri ohl\u00e1sil <a href=\"https:\/\/www.welovecycling.com\/sk\/2023\/01\/28\/saganova-kariera-je-na-konci\/\" target=\"_blank\" rel=\"noopener\">koniec svojej bohatej kari\u00e9ry<\/a>. Pomyseln\u00e9 \u201ezbohom\u201c d\u00e1 ceste na mieste, kde kedysi nosil \u017elt\u00fd dres. Na cestnom bicykli tak Sagana uvid\u00edme posledn\u00fdkr\u00e1t preteka\u0165 1. okt\u00f3bra na Tour de Vend\u00e9e \u2013 pretekoch, ktor\u00e9 s\u00fa s\u00a0t\u00edmom Total Energies silno sp\u00e4t\u00e9..<\/span><\/p>\n<blockquote class=\"instagram-media\" style=\"background: #FFF; border: 0; border-radius: 3px; box-shadow: 0 0 1px 0 rgba(0,0,0,0.5),0 1px 10px 0 rgba(0,0,0,0.15); margin: 1px; max-width: 540px; min-width: 326px; padding: 0; width: calc(100% - 2px);\" data-instgrm-permalink=\"https:\/\/www.instagram.com\/p\/CwvS6K0oMh4\/?utm_source=ig_embed&amp;utm_campaign=loading\" data-instgrm-version=\"14\">\n<div style=\"padding: 16px;\">\n<p>&nbsp;<\/p>\n<div style=\"display: flex; flex-direction: row; align-items: center;\">\n<div style=\"background-color: #f4f4f4; border-radius: 50%; flex-grow: 0; height: 40px; margin-right: 14px; width: 40px;\"><\/div>\n<div style=\"display: flex; flex-direction: column; flex-grow: 1; justify-content: center;\">\n<div style=\"background-color: #f4f4f4; border-radius: 4px; flex-grow: 0; height: 14px; margin-bottom: 6px; width: 100px;\"><\/div>\n<div style=\"background-color: #f4f4f4; border-radius: 4px; flex-grow: 0; height: 14px; width: 60px;\"><\/div>\n<\/div>\n<\/div>\n<div style=\"padding: 19% 0;\"><\/div>\n<div style=\"display: block; height: 50px; margin: 0 auto 12px; width: 50px;\"><\/div>\n<div style=\"padding-top: 8px;\">\n<div style=\"color: #3897f0; font-family: Arial,sans-serif; font-size: 14px; font-style: normal; font-weight: 550; line-height: 18px;\">Zobrazi\u0165 tento pr\u00edspevok na Instagrame<\/div>\n<\/div>\n<div style=\"padding: 12.5% 0;\"><\/div>\n<div style=\"display: flex; flex-direction: row; margin-bottom: 14px; align-items: center;\">\n<div>\n<div style=\"background-color: #f4f4f4; border-radius: 50%; height: 12.5px; width: 12.5px; transform: translateX(0px) translateY(7px);\"><\/div>\n<div style=\"background-color: #f4f4f4; height: 12.5px; transform: rotate(-45deg) translateX(3px) translateY(1px); width: 12.5px; flex-grow: 0; margin-right: 14px; margin-left: 2px;\"><\/div>\n<div style=\"background-color: #f4f4f4; border-radius: 50%; height: 12.5px; width: 12.5px; transform: translateX(9px) translateY(-18px);\"><\/div>\n<\/div>\n<div style=\"margin-left: 8px;\">\n<div style=\"background-color: #f4f4f4; border-radius: 50%; flex-grow: 0; height: 20px; width: 20px;\"><\/div>\n<div style=\"width: 0; height: 0; border-top: 2px solid transparent; border-left: 6px solid #f4f4f4; border-bottom: 2px solid transparent; transform: translateX(16px) translateY(-4px) rotate(30deg);\"><\/div>\n<\/div>\n<div style=\"margin-left: auto;\">\n<div style=\"width: 0px; border-top: 8px solid #F4F4F4; border-right: 8px solid transparent; transform: translateY(16px);\"><\/div>\n<div style=\"background-color: #f4f4f4; flex-grow: 0; height: 12px; width: 16px; transform: translateY(-4px);\"><\/div>\n<div style=\"width: 0; height: 0; border-top: 8px solid #F4F4F4; border-left: 8px solid transparent; transform: translateY(-4px) translateX(8px);\"><\/div>\n<\/div>\n<\/div>\n<div style=\"display: flex; flex-direction: column; flex-grow: 1; justify-content: center; margin-bottom: 24px;\">\n<div style=\"background-color: #f4f4f4; border-radius: 4px; flex-grow: 0; height: 14px; margin-bottom: 6px; width: 224px;\"><\/div>\n<div style=\"background-color: #f4f4f4; border-radius: 4px; flex-grow: 0; height: 14px; width: 144px;\"><\/div>\n<\/div>\n<p>&nbsp;<\/p>\n<p style=\"color: #c9c8cd; font-family: Arial,sans-serif; font-size: 14px; line-height: 17px; margin-bottom: 0; margin-top: 8px; overflow: hidden; padding: 8px 0 7px; text-align: center; text-overflow: ellipsis; white-space: nowrap;\"><a style=\"color: #c9c8cd; font-family: Arial,sans-serif; font-size: 14px; font-style: normal; font-weight: normal; line-height: 17px; text-decoration: none;\" href=\"https:\/\/www.instagram.com\/p\/CwvS6K0oMh4\/?utm_source=ig_embed&amp;utm_campaign=loading\" target=\"_blank\" rel=\"noopener\">Pr\u00edspevok, ktor\u00fd zdie\u013ea Peter Sagan (@petosagan)<\/a><\/p>\n<\/div>\n<\/blockquote>\n<p><script async src=\"\/\/www.instagram.com\/embed.js\"><\/script><\/p>\n<p><span style=\"font-weight: 400;\">\u010co v\u0161ak Tourmin\u00e1tora \u010dak\u00e1 potom? Ako u\u017e avizoval, cie\u013eom s\u00fa letn\u00e9 olympijsk\u00e9 hry v\u00a0Par\u00ed\u017ei. <strong>Ako prv\u00fa \u201epr\u00edpravu\u201c absolvoval majstrovstv\u00e1 sveta v\u00a0horskej cyklistike v\u00a0\u0160k\u00f3tsku, kde ako prv\u00fd \u201eochutnal\u201c short track.<\/strong> Kr\u00e1tka, no o\u00a0to intenz\u00edvnej\u0161ia discipl\u00edna ho vyniesla na 37. miesto so stratou 1:09 min. Na cross-country pretekoch obsadil 63. prie\u010dku so stratou 7 min\u00fat a\u00a014 sek\u00fand na v\u00ed\u0165azn\u00e9ho Toma Pidcocka. Po pretekoch sa vyjadril, \u017ee adekv\u00e1tne n\u00e1ro\u010dnosti a\u00a0intenzite tohto sp\u00f4sobu pretekania bude musie\u0165 zmeni\u0165 tr\u00e9ningov\u00fd pl\u00e1n.<\/span><\/p>\n<blockquote class=\"instagram-media\" style=\"background: #FFF; border: 0; border-radius: 3px; box-shadow: 0 0 1px 0 rgba(0,0,0,0.5),0 1px 10px 0 rgba(0,0,0,0.15); margin: 1px; max-width: 540px; min-width: 326px; padding: 0; width: calc(100% - 2px);\" data-instgrm-permalink=\"https:\/\/www.instagram.com\/reel\/Cvz_sMiIqm4\/?utm_source=ig_embed&amp;utm_campaign=loading\" data-instgrm-version=\"14\">\n<div style=\"padding: 16px;\">\n<p>&nbsp;<\/p>\n<div style=\"display: flex; flex-direction: row; align-items: center;\">\n<div style=\"background-color: #f4f4f4; border-radius: 50%; flex-grow: 0; height: 40px; margin-right: 14px; width: 40px;\"><\/div>\n<div style=\"display: flex; flex-direction: column; flex-grow: 1; justify-content: center;\">\n<div style=\"background-color: #f4f4f4; border-radius: 4px; flex-grow: 0; height: 14px; margin-bottom: 6px; width: 100px;\"><\/div>\n<div style=\"background-color: #f4f4f4; border-radius: 4px; flex-grow: 0; height: 14px; width: 60px;\"><\/div>\n<\/div>\n<\/div>\n<div style=\"padding: 19% 0;\"><\/div>\n<div style=\"display: block; height: 50px; margin: 0 auto 12px; width: 50px;\"><\/div>\n<div style=\"padding-top: 8px;\">\n<div style=\"color: #3897f0; font-family: Arial,sans-serif; font-size: 14px; font-style: normal; font-weight: 550; line-height: 18px;\">Zobrazi\u0165 tento pr\u00edspevok na Instagrame<\/div>\n<\/div>\n<div style=\"padding: 12.5% 0;\"><\/div>\n<div style=\"display: flex; flex-direction: row; margin-bottom: 14px; align-items: center;\">\n<div>\n<div style=\"background-color: #f4f4f4; border-radius: 50%; height: 12.5px; width: 12.5px; transform: translateX(0px) translateY(7px);\"><\/div>\n<div style=\"background-color: #f4f4f4; height: 12.5px; transform: rotate(-45deg) translateX(3px) translateY(1px); width: 12.5px; flex-grow: 0; margin-right: 14px; margin-left: 2px;\"><\/div>\n<div style=\"background-color: #f4f4f4; border-radius: 50%; height: 12.5px; width: 12.5px; transform: translateX(9px) translateY(-18px);\"><\/div>\n<\/div>\n<div style=\"margin-left: 8px;\">\n<div style=\"background-color: #f4f4f4; border-radius: 50%; flex-grow: 0; height: 20px; width: 20px;\"><\/div>\n<div style=\"width: 0; height: 0; border-top: 2px solid transparent; border-left: 6px solid #f4f4f4; border-bottom: 2px solid transparent; transform: translateX(16px) translateY(-4px) rotate(30deg);\"><\/div>\n<\/div>\n<div style=\"margin-left: auto;\">\n<div style=\"width: 0px; border-top: 8px solid #F4F4F4; border-right: 8px solid transparent; transform: translateY(16px);\"><\/div>\n<div style=\"background-color: #f4f4f4; flex-grow: 0; height: 12px; width: 16px; transform: translateY(-4px);\"><\/div>\n<div style=\"width: 0; height: 0; border-top: 8px solid #F4F4F4; border-left: 8px solid transparent; transform: translateY(-4px) translateX(8px);\"><\/div>\n<\/div>\n<\/div>\n<div style=\"display: flex; flex-direction: column; flex-grow: 1; justify-content: center; margin-bottom: 24px;\">\n<div style=\"background-color: #f4f4f4; border-radius: 4px; flex-grow: 0; height: 14px; margin-bottom: 6px; width: 224px;\"><\/div>\n<div style=\"background-color: #f4f4f4; border-radius: 4px; flex-grow: 0; height: 14px; width: 144px;\"><\/div>\n<\/div>\n<p>&nbsp;<\/p>\n<p style=\"color: #c9c8cd; font-family: Arial,sans-serif; font-size: 14px; line-height: 17px; margin-bottom: 0; margin-top: 8px; overflow: hidden; padding: 8px 0 7px; text-align: center; text-overflow: ellipsis; white-space: nowrap;\"><a style=\"color: #c9c8cd; font-family: Arial,sans-serif; font-size: 14px; font-style: normal; font-weight: normal; line-height: 17px; text-decoration: none;\" href=\"https:\/\/www.instagram.com\/reel\/Cvz_sMiIqm4\/?utm_source=ig_embed&amp;utm_campaign=loading\" target=\"_blank\" rel=\"noopener\">Pr\u00edspevok, ktor\u00fd zdie\u013ea Peter Sagan (@petosagan)<\/a><\/p>\n<\/div>\n<\/blockquote>\n<p><script async src=\"\/\/www.instagram.com\/embed.js\"><\/script><\/p>\n<p><span style=\"font-weight: 400;\">\u00da\u010das\u0165 na LOH je v\u0161ak neust\u00e1le ot\u00e1zna. Problematick\u00fdm zost\u00e1va rebr\u00ed\u010dek UCI, pod\u013ea ktor\u00e9ho bude na olympi\u00e1de \u0161tartova\u0165 dev\u00e4tn\u00e1s\u0165 najlep\u0161\u00edch kraj\u00edn sveta. Slovensko sa moment\u00e1lne nach\u00e1dza a\u017e na tridsiatom\u0161iestom mieste. K\u00fdm ostatn\u00ed nah\u00e1\u0148aj\u00fa body do rebr\u00ed\u010dka v\u00a0seri\u00e1li Svetov\u00e9ho poh\u00e1ra, <strong>Pe\u0165o mus\u00ed najprv riadne dokon\u010di\u0165 cestn\u00fa sez\u00f3nu a\u00a0a\u017e tak sa m\u00f4\u017ee naplno venova\u0165 \u010fal\u0161iemu p\u00f4sobeniu v\u00a0Specialized Factory Racing Team.<\/strong><\/span><\/p>\n<blockquote class=\"instagram-media\" style=\"background: #FFF; border: 0; border-radius: 3px; box-shadow: 0 0 1px 0 rgba(0,0,0,0.5),0 1px 10px 0 rgba(0,0,0,0.15); margin: 1px; max-width: 540px; min-width: 326px; padding: 0; width: calc(100% - 2px);\" data-instgrm-permalink=\"https:\/\/www.instagram.com\/p\/Cvr7NAEIfr_\/?utm_source=ig_embed&amp;utm_campaign=loading\" data-instgrm-version=\"14\">\n<div style=\"padding: 16px;\">\n<p>&nbsp;<\/p>\n<div style=\"display: flex; flex-direction: row; align-items: center;\">\n<div style=\"background-color: #f4f4f4; border-radius: 50%; flex-grow: 0; height: 40px; margin-right: 14px; width: 40px;\"><\/div>\n<div style=\"display: flex; flex-direction: column; flex-grow: 1; justify-content: center;\">\n<div style=\"background-color: #f4f4f4; border-radius: 4px; flex-grow: 0; height: 14px; margin-bottom: 6px; width: 100px;\"><\/div>\n<div style=\"background-color: #f4f4f4; border-radius: 4px; flex-grow: 0; height: 14px; width: 60px;\"><\/div>\n<\/div>\n<\/div>\n<div style=\"padding: 19% 0;\"><\/div>\n<div style=\"display: block; height: 50px; margin: 0 auto 12px; width: 50px;\"><\/div>\n<div style=\"padding-top: 8px;\">\n<div style=\"color: #3897f0; font-family: Arial,sans-serif; font-size: 14px; font-style: normal; font-weight: 550; line-height: 18px;\">Zobrazi\u0165 tento pr\u00edspevok na Instagrame<\/div>\n<\/div>\n<div style=\"padding: 12.5% 0;\"><\/div>\n<div style=\"display: flex; flex-direction: row; margin-bottom: 14px; align-items: center;\">\n<div>\n<div style=\"background-color: #f4f4f4; border-radius: 50%; height: 12.5px; width: 12.5px; transform: translateX(0px) translateY(7px);\"><\/div>\n<div style=\"background-color: #f4f4f4; height: 12.5px; transform: rotate(-45deg) translateX(3px) translateY(1px); width: 12.5px; flex-grow: 0; margin-right: 14px; margin-left: 2px;\"><\/div>\n<div style=\"background-color: #f4f4f4; border-radius: 50%; height: 12.5px; width: 12.5px; transform: translateX(9px) translateY(-18px);\"><\/div>\n<\/div>\n<div style=\"margin-left: 8px;\">\n<div style=\"background-color: #f4f4f4; border-radius: 50%; flex-grow: 0; height: 20px; width: 20px;\"><\/div>\n<div style=\"width: 0; height: 0; border-top: 2px solid transparent; border-left: 6px solid #f4f4f4; border-bottom: 2px solid transparent; transform: translateX(16px) translateY(-4px) rotate(30deg);\"><\/div>\n<\/div>\n<div style=\"margin-left: auto;\">\n<div style=\"width: 0px; border-top: 8px solid #F4F4F4; border-right: 8px solid transparent; transform: translateY(16px);\"><\/div>\n<div style=\"background-color: #f4f4f4; flex-grow: 0; height: 12px; width: 16px; transform: translateY(-4px);\"><\/div>\n<div style=\"width: 0; height: 0; border-top: 8px solid #F4F4F4; border-left: 8px solid transparent; transform: translateY(-4px) translateX(8px);\"><\/div>\n<\/div>\n<\/div>\n<div style=\"display: flex; flex-direction: column; flex-grow: 1; justify-content: center; margin-bottom: 24px;\">\n<div style=\"background-color: #f4f4f4; border-radius: 4px; flex-grow: 0; height: 14px; margin-bottom: 6px; width: 224px;\"><\/div>\n<div style=\"background-color: #f4f4f4; border-radius: 4px; flex-grow: 0; height: 14px; width: 144px;\"><\/div>\n<\/div>\n<p>&nbsp;<\/p>\n<p style=\"color: #c9c8cd; font-family: Arial,sans-serif; font-size: 14px; line-height: 17px; margin-bottom: 0; margin-top: 8px; overflow: hidden; padding: 8px 0 7px; text-align: center; text-overflow: ellipsis; white-space: nowrap;\"><a style=\"color: #c9c8cd; font-family: Arial,sans-serif; font-size: 14px; font-style: normal; font-weight: normal; line-height: 17px; text-decoration: none;\" href=\"https:\/\/www.instagram.com\/p\/Cvr7NAEIfr_\/?utm_source=ig_embed&amp;utm_campaign=loading\" target=\"_blank\" rel=\"noopener\">Pr\u00edspevok, ktor\u00fd zdie\u013ea Peter Sagan (@petosagan)<\/a><\/p>\n<\/div>\n<\/blockquote>\n<p><script async src=\"\/\/www.instagram.com\/embed.js\"><\/script><\/p>\n<p><span style=\"font-weight: 400;\">V\u00a0kone\u010dnom d\u00f4sledku tak bude z\u00e1ver najlep\u0161ieho slovensk\u00e9ho cyklistu iba n\u00e1vrat ku kore\u0148om. <strong>Pr\u00e1ve v cross-country zaznamenal svoje prv\u00e9 ve\u013ek\u00e9 \u00faspechy, ke\u010f sa mu v\u00a0roku 2008 podarilo z\u00edska\u0165 nielen \u017ee titul juniorsk\u00e9ho majstra Eur\u00f3py, ale u\u017e mesiac na to aj majstra sveta.<\/strong> Olympi\u00e1da pre\u0148ho nebude \u00faplnou novinkou, ke\u010f\u017ee sa jej z\u00fa\u010dastnil u\u017e v\u00a0roku 2016, no s\u00e9ria defektov pred\u010dasne ukon\u010dila jeho p\u00f4sobenie. <\/span><\/p>\n<p><span style=\"font-weight: 400;\"><strong>V\u00a0posledn\u00fdch mesiacoch n\u00e1m v\u0161ak ukazuje, \u017ee pr\u00e1ve cross-country je discipl\u00edna, ktor\u00e1 ho skuto\u010dne nap\u013a\u0148a.<\/strong> N\u00e1m ako fan\u00fa\u0161ikom ost\u00e1va veri\u0165, \u017ee nadvia\u017ee na svoje \u00faspechy mladosti a\u00a0sprav\u00ed n\u00e1m rados\u0165 svojimi v\u00fdkonmi nielen pri pr\u00edprave, ale aj v\u00a0Par\u00ed\u017ei.<\/span><\/p>\n","protected":false},"excerpt":{"rendered":"<p>Kruh kari\u00e9ry Pe\u0165a Sagana sa pomaly uzatv\u00e1ra. V\u00a0najbli\u017e\u0161\u00edch mesiacoch ho budeme m\u00f4c\u0165 vidie\u0165 tam, kde za\u010dal \u2013 na horsk\u00fdch bicykloch.<\/p>\n","protected":false},"author":172,"featured_media":18282,"comment_status":"open","ping_status":"open","sticky":false,"template":"","format":"standard","meta":{"footnotes":""},"categories":[191],"tags":[],"global-categories":[1074],"class_list":["post-18281","post","type-post","status-publish","format-standard","has-post-thumbnail","hentry","category-odporucame","global-categories-cycling"],"yoast_head":"<!-- This site is optimized with the Yoast SEO Premium plugin v25.3 (Yoast SEO v25.9) - https:\/\/yoast.com\/wordpress\/plugins\/seo\/ -->\n<title>Peter Sagan sa vracia ku kore\u0148om \u2013 \u010do v\u0161etko ho \u010dak\u00e1 - \u0160koda We Love Cycling Slovensko<\/title>\n<meta name=\"description\" content=\"Kruh kari\u00e9ry Pe\u0165a Sagana sa pomaly uzatv\u00e1ra. V\u00a0najbli\u017e\u0161\u00edch mesiacoch ho budeme m\u00f4c\u0165 vidie\u0165 tam, kde za\u010dal \u2013 na horsk\u00fdch bicykloch.\" \/>\n<meta name=\"robots\" content=\"index, follow, max-snippet:-1, max-image-preview:large, max-video-preview:-1\" \/>\n<link rel=\"canonical\" href=\"https:\/\/www.welovecycling.com\/sk\/2023\/09\/11\/peter-sagan-sa-vracia-ku-korenom-co-vsetko-ho-caka\/\" \/>\n<meta property=\"og:locale\" content=\"sk_SK\" \/>\n<meta property=\"og:type\" content=\"article\" \/>\n<meta property=\"og:title\" content=\"Peter Sagan sa vracia ku kore\u0148om \u2013 \u010do v\u0161etko ho \u010dak\u00e1\" \/>\n<meta property=\"og:description\" content=\"Kruh kari\u00e9ry Pe\u0165a Sagana sa pomaly uzatv\u00e1ra. V\u00a0najbli\u017e\u0161\u00edch mesiacoch ho budeme m\u00f4c\u0165 vidie\u0165 tam, kde za\u010dal \u2013 na horsk\u00fdch bicykloch.\" \/>\n<meta property=\"og:url\" content=\"https:\/\/www.welovecycling.com\/sk\/2023\/09\/11\/peter-sagan-sa-vracia-ku-korenom-co-vsetko-ho-caka\/\" \/>\n<meta property=\"og:site_name\" content=\"\u0160koda We Love Cycling Slovensko\" \/>\n<meta property=\"article:published_time\" content=\"2023-09-11T08:00:13+00:00\" \/>\n<meta property=\"article:modified_time\" content=\"2024-06-21T07:42:33+00:00\" \/>\n<meta property=\"og:image\" content=\"https:\/\/d2p6e6u75xmxt8.cloudfront.net\/4\/2023\/09\/Peter-Sagan-profimedia-0796507778.webp\" \/>\n\t<meta property=\"og:image:width\" content=\"1250\" \/>\n\t<meta property=\"og:image:height\" content=\"833\" \/>\n\t<meta property=\"og:image:type\" content=\"image\/webp\" \/>\n<meta name=\"author\" content=\"dominika\" \/>\n<meta name=\"twitter:card\" content=\"summary_large_image\" \/>\n<meta name=\"twitter:label1\" content=\"Written by\" \/>\n\t<meta name=\"twitter:data1\" content=\"We Love Cycling\" \/>\n\t<meta name=\"twitter:label2\" content=\"Est. reading time\" \/>\n\t<meta name=\"twitter:data2\" content=\"2\" \/>\n<script type=\"application\/ld+json\" class=\"yoast-schema-graph\">{\"@context\":\"https:\/\/schema.org\",\"@graph\":[{\"@type\":\"WebPage\",\"@id\":\"https:\/\/www.welovecycling.com\/sk\/2023\/09\/11\/peter-sagan-sa-vracia-ku-korenom-co-vsetko-ho-caka\/\",\"url\":\"https:\/\/www.welovecycling.com\/sk\/2023\/09\/11\/peter-sagan-sa-vracia-ku-korenom-co-vsetko-ho-caka\/\",\"name\":\"Peter Sagan sa vracia ku kore\u0148om \u2013 \u010do v\u0161etko ho \u010dak\u00e1 - \u0160koda We Love Cycling Slovensko\",\"isPartOf\":{\"@id\":\"https:\/\/www.welovecycling.com\/sk\/#website\"},\"primaryImageOfPage\":{\"@id\":\"https:\/\/www.welovecycling.com\/sk\/2023\/09\/11\/peter-sagan-sa-vracia-ku-korenom-co-vsetko-ho-caka\/#primaryimage\"},\"image\":{\"@id\":\"https:\/\/www.welovecycling.com\/sk\/2023\/09\/11\/peter-sagan-sa-vracia-ku-korenom-co-vsetko-ho-caka\/#primaryimage\"},\"thumbnailUrl\":\"https:\/\/d2p6e6u75xmxt8.cloudfront.net\/4\/2023\/09\/Peter-Sagan-profimedia-0796507778.webp\",\"datePublished\":\"2023-09-11T08:00:13+00:00\",\"dateModified\":\"2024-06-21T07:42:33+00:00\",\"author\":{\"@id\":\"https:\/\/www.welovecycling.com\/sk\/#\/schema\/person\/533b62b98b6c41bd5135ebfb1f742624\"},\"description\":\"Kruh kari\u00e9ry Pe\u0165a Sagana sa pomaly uzatv\u00e1ra. V\u00a0najbli\u017e\u0161\u00edch mesiacoch ho budeme m\u00f4c\u0165 vidie\u0165 tam, kde za\u010dal \u2013 na horsk\u00fdch bicykloch.\",\"breadcrumb\":{\"@id\":\"https:\/\/www.welovecycling.com\/sk\/2023\/09\/11\/peter-sagan-sa-vracia-ku-korenom-co-vsetko-ho-caka\/#breadcrumb\"},\"inLanguage\":\"sk-SK\",\"potentialAction\":[{\"@type\":\"ReadAction\",\"target\":[\"https:\/\/www.welovecycling.com\/sk\/2023\/09\/11\/peter-sagan-sa-vracia-ku-korenom-co-vsetko-ho-caka\/\"]}]},{\"@type\":\"ImageObject\",\"inLanguage\":\"sk-SK\",\"@id\":\"https:\/\/www.welovecycling.com\/sk\/2023\/09\/11\/peter-sagan-sa-vracia-ku-korenom-co-vsetko-ho-caka\/#primaryimage\",\"url\":\"https:\/\/d2p6e6u75xmxt8.cloudfront.net\/4\/2023\/09\/Peter-Sagan-profimedia-0796507778.webp\",\"contentUrl\":\"https:\/\/d2p6e6u75xmxt8.cloudfront.net\/4\/2023\/09\/Peter-Sagan-profimedia-0796507778.webp\",\"width\":1250,\"height\":833,\"caption\":\"Zdroj: \u00a9 Profimedia\"},{\"@type\":\"BreadcrumbList\",\"@id\":\"https:\/\/www.welovecycling.com\/sk\/2023\/09\/11\/peter-sagan-sa-vracia-ku-korenom-co-vsetko-ho-caka\/#breadcrumb\",\"itemListElement\":[{\"@type\":\"ListItem\",\"position\":1,\"name\":\"Home\",\"item\":\"https:\/\/www.welovecycling.com\/sk\/\"},{\"@type\":\"ListItem\",\"position\":2,\"name\":\"Peter Sagan sa vracia ku kore\u0148om \u2013 \u010do v\u0161etko ho \u010dak\u00e1\"}]},{\"@type\":\"WebSite\",\"@id\":\"https:\/\/www.welovecycling.com\/sk\/#website\",\"url\":\"https:\/\/www.welovecycling.com\/sk\/\",\"name\":\"\u0160koda We Love Cycling Slovensko\",\"description\":\"\u0160koda We Love Cycling Slovensko je v\u00e1\u0161 ka\u017edodenn\u00fd zdroj noviniek a in\u0161pir\u00e1cie z sveta cyklistiky\",\"potentialAction\":[{\"@type\":\"SearchAction\",\"target\":{\"@type\":\"EntryPoint\",\"urlTemplate\":\"https:\/\/www.welovecycling.com\/sk\/?s={search_term_string}\"},\"query-input\":{\"@type\":\"PropertyValueSpecification\",\"valueRequired\":true,\"valueName\":\"search_term_string\"}}],\"inLanguage\":\"sk-SK\"},{\"@type\":\"Person\",\"@id\":\"https:\/\/www.welovecycling.com\/sk\/#\/schema\/person\/533b62b98b6c41bd5135ebfb1f742624\",\"name\":\"dominika\",\"image\":{\"@type\":\"ImageObject\",\"inLanguage\":\"sk-SK\",\"@id\":\"https:\/\/www.welovecycling.com\/sk\/#\/schema\/person\/image\/\",\"url\":\"https:\/\/secure.gravatar.com\/avatar\/ded6f274ba2ec3e17fff153f7d9d96a4b33c2cb63907f75d9a5309c599a7f3e6?s=96&d=mm&r=g\",\"contentUrl\":\"https:\/\/secure.gravatar.com\/avatar\/ded6f274ba2ec3e17fff153f7d9d96a4b33c2cb63907f75d9a5309c599a7f3e6?s=96&d=mm&r=g\",\"caption\":\"dominika\"},\"url\":\"https:\/\/www.welovecycling.com\/sk\/author\/dominika\/\"}]}<\/script>\n<!-- \/ Yoast SEO Premium plugin. -->","yoast_head_json":{"title":"Peter Sagan sa vracia ku kore\u0148om \u2013 \u010do v\u0161etko ho \u010dak\u00e1 - \u0160koda We Love Cycling Slovensko","description":"Kruh kari\u00e9ry Pe\u0165a Sagana sa pomaly uzatv\u00e1ra. V\u00a0najbli\u017e\u0161\u00edch mesiacoch ho budeme m\u00f4c\u0165 vidie\u0165 tam, kde za\u010dal \u2013 na horsk\u00fdch bicykloch.","robots":{"index":"index","follow":"follow","max-snippet":"max-snippet:-1","max-image-preview":"max-image-preview:large","max-video-preview":"max-video-preview:-1"},"canonical":"https:\/\/www.welovecycling.com\/sk\/2023\/09\/11\/peter-sagan-sa-vracia-ku-korenom-co-vsetko-ho-caka\/","og_locale":"sk_SK","og_type":"article","og_title":"Peter Sagan sa vracia ku kore\u0148om \u2013 \u010do v\u0161etko ho \u010dak\u00e1","og_description":"Kruh kari\u00e9ry Pe\u0165a Sagana sa pomaly uzatv\u00e1ra. V\u00a0najbli\u017e\u0161\u00edch mesiacoch ho budeme m\u00f4c\u0165 vidie\u0165 tam, kde za\u010dal \u2013 na horsk\u00fdch bicykloch.","og_url":"https:\/\/www.welovecycling.com\/sk\/2023\/09\/11\/peter-sagan-sa-vracia-ku-korenom-co-vsetko-ho-caka\/","og_site_name":"\u0160koda We Love Cycling Slovensko","article_published_time":"2023-09-11T08:00:13+00:00","article_modified_time":"2024-06-21T07:42:33+00:00","og_image":[{"width":1250,"height":833,"url":"https:\/\/d2p6e6u75xmxt8.cloudfront.net\/4\/2023\/09\/Peter-Sagan-profimedia-0796507778.webp","type":"image\/webp"}],"author":"dominika","twitter_card":"summary_large_image","twitter_misc":{"Written by":"We Love Cycling","Est. reading time":"2"},"schema":{"@context":"https:\/\/schema.org","@graph":[{"@type":"WebPage","@id":"https:\/\/www.welovecycling.com\/sk\/2023\/09\/11\/peter-sagan-sa-vracia-ku-korenom-co-vsetko-ho-caka\/","url":"https:\/\/www.welovecycling.com\/sk\/2023\/09\/11\/peter-sagan-sa-vracia-ku-korenom-co-vsetko-ho-caka\/","name":"Peter Sagan sa vracia ku kore\u0148om \u2013 \u010do v\u0161etko ho \u010dak\u00e1 - \u0160koda We Love Cycling Slovensko","isPartOf":{"@id":"https:\/\/www.welovecycling.com\/sk\/#website"},"primaryImageOfPage":{"@id":"https:\/\/www.welovecycling.com\/sk\/2023\/09\/11\/peter-sagan-sa-vracia-ku-korenom-co-vsetko-ho-caka\/#primaryimage"},"image":{"@id":"https:\/\/www.welovecycling.com\/sk\/2023\/09\/11\/peter-sagan-sa-vracia-ku-korenom-co-vsetko-ho-caka\/#primaryimage"},"thumbnailUrl":"https:\/\/d2p6e6u75xmxt8.cloudfront.net\/4\/2023\/09\/Peter-Sagan-profimedia-0796507778.webp","datePublished":"2023-09-11T08:00:13+00:00","dateModified":"2024-06-21T07:42:33+00:00","author":{"@id":"https:\/\/www.welovecycling.com\/sk\/#\/schema\/person\/533b62b98b6c41bd5135ebfb1f742624"},"description":"Kruh kari\u00e9ry Pe\u0165a Sagana sa pomaly uzatv\u00e1ra. V\u00a0najbli\u017e\u0161\u00edch mesiacoch ho budeme m\u00f4c\u0165 vidie\u0165 tam, kde za\u010dal \u2013 na horsk\u00fdch bicykloch.","breadcrumb":{"@id":"https:\/\/www.welovecycling.com\/sk\/2023\/09\/11\/peter-sagan-sa-vracia-ku-korenom-co-vsetko-ho-caka\/#breadcrumb"},"inLanguage":"sk-SK","potentialAction":[{"@type":"ReadAction","target":["https:\/\/www.welovecycling.com\/sk\/2023\/09\/11\/peter-sagan-sa-vracia-ku-korenom-co-vsetko-ho-caka\/"]}]},{"@type":"ImageObject","inLanguage":"sk-SK","@id":"https:\/\/www.welovecycling.com\/sk\/2023\/09\/11\/peter-sagan-sa-vracia-ku-korenom-co-vsetko-ho-caka\/#primaryimage","url":"https:\/\/d2p6e6u75xmxt8.cloudfront.net\/4\/2023\/09\/Peter-Sagan-profimedia-0796507778.webp","contentUrl":"https:\/\/d2p6e6u75xmxt8.cloudfront.net\/4\/2023\/09\/Peter-Sagan-profimedia-0796507778.webp","width":1250,"height":833,"caption":"Zdroj: \u00a9 Profimedia"},{"@type":"BreadcrumbList","@id":"https:\/\/www.welovecycling.com\/sk\/2023\/09\/11\/peter-sagan-sa-vracia-ku-korenom-co-vsetko-ho-caka\/#breadcrumb","itemListElement":[{"@type":"ListItem","position":1,"name":"Home","item":"https:\/\/www.welovecycling.com\/sk\/"},{"@type":"ListItem","position":2,"name":"Peter Sagan sa vracia ku kore\u0148om \u2013 \u010do v\u0161etko ho \u010dak\u00e1"}]},{"@type":"WebSite","@id":"https:\/\/www.welovecycling.com\/sk\/#website","url":"https:\/\/www.welovecycling.com\/sk\/","name":"\u0160koda We Love Cycling Slovensko","description":"\u0160koda We Love Cycling Slovensko je v\u00e1\u0161 ka\u017edodenn\u00fd zdroj noviniek a in\u0161pir\u00e1cie z sveta cyklistiky","potentialAction":[{"@type":"SearchAction","target":{"@type":"EntryPoint","urlTemplate":"https:\/\/www.welovecycling.com\/sk\/?s={search_term_string}"},"query-input":{"@type":"PropertyValueSpecification","valueRequired":true,"valueName":"search_term_string"}}],"inLanguage":"sk-SK"},{"@type":"Person","@id":"https:\/\/www.welovecycling.com\/sk\/#\/schema\/person\/533b62b98b6c41bd5135ebfb1f742624","name":"dominika","image":{"@type":"ImageObject","inLanguage":"sk-SK","@id":"https:\/\/www.welovecycling.com\/sk\/#\/schema\/person\/image\/","url":"https:\/\/secure.gravatar.com\/avatar\/ded6f274ba2ec3e17fff153f7d9d96a4b33c2cb63907f75d9a5309c599a7f3e6?s=96&d=mm&r=g","contentUrl":"https:\/\/secure.gravatar.com\/avatar\/ded6f274ba2ec3e17fff153f7d9d96a4b33c2cb63907f75d9a5309c599a7f3e6?s=96&d=mm&r=g","caption":"dominika"},"url":"https:\/\/www.welovecycling.com\/sk\/author\/dominika\/"}]}},"_links":{"self":[{"href":"https:\/\/www.welovecycling.com\/sk\/wp-json\/wp\/v2\/posts\/18281","targetHints":{"allow":["GET"]}}],"collection":[{"href":"https:\/\/www.welovecycling.com\/sk\/wp-json\/wp\/v2\/posts"}],"about":[{"href":"https:\/\/www.welovecycling.com\/sk\/wp-json\/wp\/v2\/types\/post"}],"author":[{"embeddable":true,"href":"https:\/\/www.welovecycling.com\/sk\/wp-json\/wp\/v2\/users\/172"}],"replies":[{"embeddable":true,"href":"https:\/\/www.welovecycling.com\/sk\/wp-json\/wp\/v2\/comments?post=18281"}],"version-history":[{"count":4,"href":"https:\/\/www.welovecycling.com\/sk\/wp-json\/wp\/v2\/posts\/18281\/revisions"}],"predecessor-version":[{"id":19298,"href":"https:\/\/www.welovecycling.com\/sk\/wp-json\/wp\/v2\/posts\/18281\/revisions\/19298"}],"wp:featuredmedia":[{"embeddable":true,"href":"https:\/\/www.welovecycling.com\/sk\/wp-json\/wp\/v2\/media\/18282"}],"wp:attachment":[{"href":"https:\/\/www.welovecycling.com\/sk\/wp-json\/wp\/v2\/media?parent=18281"}],"wp:term":[{"taxonomy":"category","embeddable":true,"href":"https:\/\/www.welovecycling.com\/sk\/wp-json\/wp\/v2\/categories?post=18281"},{"taxonomy":"post_tag","embeddable":true,"href":"https:\/\/www.welovecycling.com\/sk\/wp-json\/wp\/v2\/tags?post=18281"},{"taxonomy":"global-categories","embeddable":true,"href":"https:\/\/www.welovecycling.com\/sk\/wp-json\/wp\/v2\/global-categories?post=18281"}],"curies":[{"name":"wp","href":"https:\/\/api.w.org\/{rel}","templated":true}]}}