{"id":18263,"date":"2023-09-15T10:00:11","date_gmt":"2023-09-15T08:00:11","guid":{"rendered":"https:\/\/www.welovecycling.com\/sk\/?p=18263"},"modified":"2023-09-09T16:11:40","modified_gmt":"2023-09-09T14:11:40","slug":"tip-na-vylet-vyhlady-na-tatry-z-pohranicia-a-juzneho-polska","status":"publish","type":"post","link":"https:\/\/www.welovecycling.com\/sk\/2023\/09\/15\/tip-na-vylet-vyhlady-na-tatry-z-pohranicia-a-juzneho-polska\/","title":{"rendered":"Tip na v\u00fdlet: V\u00fdh\u013eady na Tatry z\u00a0pohrani\u010dia a\u00a0ju\u017en\u00e9ho Po\u013eska"},"content":{"rendered":"<p><strong>V\u00a0dne\u0161nom \u010dl\u00e1nku v\u00e1m pribl\u00ed\u017eim zauj\u00edmav\u00e9 miesta v\u00a0bl\u00edzkom pohrani\u010d\u00ed a\u00a0ne\u010falekom ju\u017enom Po\u013esku s\u00a0v\u00fdh\u013eadmi na Tatry, ktor\u00e9 ur\u010dite stoja za t\u00fa n\u00e1mahu.<\/strong><!--more--><\/p>\n<h2><b>Strednica<\/b><\/h2>\n<p><span style=\"font-weight: 400;\">Toto miesto je zn\u00e1me najm\u00e4 u\u00a0ly\u017eiarov, jedn\u00e1 sa o\u00a0ly\u017eiarske stredisko. <strong>Nach\u00e1dza sa na hornom konci r\u00e1zovitej obce \u017ddiar, no bl\u00edzko sem maj\u00fa aj Poliaci, ke\u010f\u017ee je to zhruba 10 km od hran\u00edc.<\/strong> V\u00fdh\u013ead z\u00a0l\u00faky stoj\u00ed za tu n\u00e1mahu, ak sem zav\u00edtate na dvoch koles\u00e1ch. Belianske Tatry ako na dlani s\u00a0dominantn\u00fdmi vrcholmi Havran a\u00a0\u017ddiarska vidla. <\/span><\/p>\n<p><span style=\"font-weight: 400;\"><strong>Cestn\u00ed cyklisti sa sem vedia dosta\u0165 napr. z\u00a0Ke\u017emarku do Tatranskej Kotliny po cyklochodn\u00edku a\u00a0odtia\u013e po \u0161t\u00e1tnej ceste cez \u017ddiar na Strednicu.<\/strong> Cyklisti na MTB bikoch m\u00f4\u017eu z\u00a0Tatranskej Kotliny do \u017ddiaru vyu\u017ei\u0165 pr\u00edrodn\u00fd chodn\u00edk s\u00a0cie\u013eom vyhn\u00fa\u0165 sa pomerne frekventovanej ceste a\u00a0cez \u017ddiar pekn\u00fdm \u00fasekom cez Monkov\u00fa dolinu <\/span><\/p>\n<div id='gallery-1' class='gallery galleryid-18263 gallery-columns-3 gallery-size-full'><figure class='gallery-item'>\n\t\t\t<div class='gallery-icon landscape'>\n\t\t\t\t<a href='https:\/\/d2p6e6u75xmxt8.cloudfront.net\/4\/2023\/09\/Monkova-dolina.webp'><img loading=\"lazy\" decoding=\"async\" width=\"990\" height=\"660\" src=\"https:\/\/d2p6e6u75xmxt8.cloudfront.net\/4\/2023\/09\/Monkova-dolina.webp\" class=\"attachment-full size-full\" alt=\"Monkov\u00e1 dolina\" srcset=\"https:\/\/d2p6e6u75xmxt8.cloudfront.net\/4\/2023\/09\/Monkova-dolina.webp 990w, https:\/\/d2p6e6u75xmxt8.cloudfront.net\/4\/2023\/09\/Monkova-dolina-300x200.webp 300w, https:\/\/d2p6e6u75xmxt8.cloudfront.net\/4\/2023\/09\/Monkova-dolina-768x512.webp 768w, https:\/\/d2p6e6u75xmxt8.cloudfront.net\/4\/2023\/09\/Monkova-dolina-400x267.webp 400w, https:\/\/d2p6e6u75xmxt8.cloudfront.net\/4\/2023\/09\/Monkova-dolina-272x182.webp 272w\" sizes=\"auto, (max-width: 990px) 100vw, 990px\" \/><\/a>\n\t\t\t<\/div><\/figure><figure class='gallery-item'>\n\t\t\t<div class='gallery-icon landscape'>\n\t\t\t\t<a href='https:\/\/d2p6e6u75xmxt8.cloudfront.net\/4\/2023\/09\/Na-Zdiar.webp'><img loading=\"lazy\" decoding=\"async\" width=\"990\" height=\"660\" src=\"https:\/\/d2p6e6u75xmxt8.cloudfront.net\/4\/2023\/09\/Na-Zdiar.webp\" class=\"attachment-full size-full\" alt=\"Na \u017ddiar\" srcset=\"https:\/\/d2p6e6u75xmxt8.cloudfront.net\/4\/2023\/09\/Na-Zdiar.webp 990w, https:\/\/d2p6e6u75xmxt8.cloudfront.net\/4\/2023\/09\/Na-Zdiar-300x200.webp 300w, https:\/\/d2p6e6u75xmxt8.cloudfront.net\/4\/2023\/09\/Na-Zdiar-768x512.webp 768w, https:\/\/d2p6e6u75xmxt8.cloudfront.net\/4\/2023\/09\/Na-Zdiar-400x267.webp 400w, https:\/\/d2p6e6u75xmxt8.cloudfront.net\/4\/2023\/09\/Na-Zdiar-272x182.webp 272w\" sizes=\"auto, (max-width: 990px) 100vw, 990px\" \/><\/a>\n\t\t\t<\/div><\/figure><figure class='gallery-item'>\n\t\t\t<div class='gallery-icon landscape'>\n\t\t\t\t<a href='https:\/\/d2p6e6u75xmxt8.cloudfront.net\/4\/2023\/09\/Strednica.webp'><img loading=\"lazy\" decoding=\"async\" width=\"990\" height=\"660\" src=\"https:\/\/d2p6e6u75xmxt8.cloudfront.net\/4\/2023\/09\/Strednica.webp\" class=\"attachment-full size-full\" alt=\"Strednica\" srcset=\"https:\/\/d2p6e6u75xmxt8.cloudfront.net\/4\/2023\/09\/Strednica.webp 990w, https:\/\/d2p6e6u75xmxt8.cloudfront.net\/4\/2023\/09\/Strednica-300x200.webp 300w, https:\/\/d2p6e6u75xmxt8.cloudfront.net\/4\/2023\/09\/Strednica-768x512.webp 768w, https:\/\/d2p6e6u75xmxt8.cloudfront.net\/4\/2023\/09\/Strednica-400x267.webp 400w, https:\/\/d2p6e6u75xmxt8.cloudfront.net\/4\/2023\/09\/Strednica-272x182.webp 272w\" sizes=\"auto, (max-width: 990px) 100vw, 990px\" \/><\/a>\n\t\t\t<\/div><\/figure>\n\t\t<\/div>\n\n<h2><b>Lapszanka<\/b><\/h2>\n<p><span style=\"font-weight: 400;\"><strong>T\u00fato mal\u00fa pohrani\u010dn\u00fa obec, ktor\u00e1 le\u017e\u00ed hne\u010f za hranicou, m\u00f4\u017eem kv\u00f4li v\u00fdh\u013eadu na Tatry len odporu\u010di\u0165.<\/strong> V\u00a0minulosti \u0161lo takmer \u010disto o\u00a0slovensk\u00fa obec, rovnako ako aj v\u0161etky ostatn\u00e9 obce v\u00a0bl\u00edzkost\u00ed hran\u00edc. Pr\u00edstup je jednoduch\u00fd z\u00a0\u010fal\u0161ej r\u00e1zovitej obce Ostur\u0148a, odkia\u013e to je hore len 3 km, no v\u00fd\u017eivn\u00fdm st\u00fapan\u00edm. Ale ten v\u00fdh\u013ead na Tatry z\u00a0l\u00faky pri kaplnke stoj\u00ed za t\u00fa n\u00e1mahu. <\/span><\/p>\n<p><span style=\"font-weight: 400;\">Do Osturne bu\u010f cez Magursk\u00e9 sedlo a\u00a0Ve\u013ek\u00fa Frankov\u00fa, alebo zo spom\u00ednanej Strednice pokra\u010dova\u0165 k\u00a0r\u00e1zcestiu pri Tablici a\u00a0odtia\u013e pekn\u00fdm 8 km zjazdom do Osturne. Z\u00a0v\u00fdh\u013eadu spomeniem napr. Kasprov vrch, Mengusovsk\u00e9 \u0161t\u00edty, ale aj Rysy \u010di Gerlach.<\/span><\/p>\n<div id='gallery-2' class='gallery galleryid-18263 gallery-columns-3 gallery-size-full'><figure class='gallery-item'>\n\t\t\t<div class='gallery-icon landscape'>\n\t\t\t\t<a href='https:\/\/d2p6e6u75xmxt8.cloudfront.net\/4\/2023\/09\/do-Lapszanky.webp'><img loading=\"lazy\" decoding=\"async\" width=\"990\" height=\"660\" src=\"https:\/\/d2p6e6u75xmxt8.cloudfront.net\/4\/2023\/09\/do-Lapszanky.webp\" class=\"attachment-full size-full\" alt=\"Lapszanka\" srcset=\"https:\/\/d2p6e6u75xmxt8.cloudfront.net\/4\/2023\/09\/do-Lapszanky.webp 990w, https:\/\/d2p6e6u75xmxt8.cloudfront.net\/4\/2023\/09\/do-Lapszanky-300x200.webp 300w, https:\/\/d2p6e6u75xmxt8.cloudfront.net\/4\/2023\/09\/do-Lapszanky-768x512.webp 768w, https:\/\/d2p6e6u75xmxt8.cloudfront.net\/4\/2023\/09\/do-Lapszanky-400x267.webp 400w, https:\/\/d2p6e6u75xmxt8.cloudfront.net\/4\/2023\/09\/do-Lapszanky-272x182.webp 272w\" sizes=\"auto, (max-width: 990px) 100vw, 990px\" \/><\/a>\n\t\t\t<\/div><\/figure><figure class='gallery-item'>\n\t\t\t<div class='gallery-icon landscape'>\n\t\t\t\t<a href='https:\/\/d2p6e6u75xmxt8.cloudfront.net\/4\/2023\/09\/Lapszanka.webp'><img loading=\"lazy\" decoding=\"async\" width=\"990\" height=\"660\" src=\"https:\/\/d2p6e6u75xmxt8.cloudfront.net\/4\/2023\/09\/Lapszanka.webp\" class=\"attachment-full size-full\" alt=\"\" srcset=\"https:\/\/d2p6e6u75xmxt8.cloudfront.net\/4\/2023\/09\/Lapszanka.webp 990w, https:\/\/d2p6e6u75xmxt8.cloudfront.net\/4\/2023\/09\/Lapszanka-300x200.webp 300w, https:\/\/d2p6e6u75xmxt8.cloudfront.net\/4\/2023\/09\/Lapszanka-768x512.webp 768w, https:\/\/d2p6e6u75xmxt8.cloudfront.net\/4\/2023\/09\/Lapszanka-400x267.webp 400w, https:\/\/d2p6e6u75xmxt8.cloudfront.net\/4\/2023\/09\/Lapszanka-272x182.webp 272w\" sizes=\"auto, (max-width: 990px) 100vw, 990px\" \/><\/a>\n\t\t\t<\/div><\/figure><figure class='gallery-item'>\n\t\t\t<div class='gallery-icon landscape'>\n\t\t\t\t<a href='https:\/\/d2p6e6u75xmxt8.cloudfront.net\/4\/2023\/09\/zjazd-do-Osturne.webp'><img loading=\"lazy\" decoding=\"async\" width=\"990\" height=\"660\" src=\"https:\/\/d2p6e6u75xmxt8.cloudfront.net\/4\/2023\/09\/zjazd-do-Osturne.webp\" class=\"attachment-full size-full\" alt=\"Zjazd do Osturne\" srcset=\"https:\/\/d2p6e6u75xmxt8.cloudfront.net\/4\/2023\/09\/zjazd-do-Osturne.webp 990w, https:\/\/d2p6e6u75xmxt8.cloudfront.net\/4\/2023\/09\/zjazd-do-Osturne-300x200.webp 300w, https:\/\/d2p6e6u75xmxt8.cloudfront.net\/4\/2023\/09\/zjazd-do-Osturne-768x512.webp 768w, https:\/\/d2p6e6u75xmxt8.cloudfront.net\/4\/2023\/09\/zjazd-do-Osturne-400x267.webp 400w, https:\/\/d2p6e6u75xmxt8.cloudfront.net\/4\/2023\/09\/zjazd-do-Osturne-272x182.webp 272w\" sizes=\"auto, (max-width: 990px) 100vw, 990px\" \/><\/a>\n\t\t\t<\/div><\/figure>\n\t\t<\/div>\n\n<h2><b>Po\u013eana Glodowka<\/b><\/h2>\n<p><span style=\"font-weight: 400;\">Presunieme sa trochu za hranice. Ne\u010faleko dobre zn\u00e1meho hrani\u010dn\u00e9ho prechodu Lys\u00e1 Po\u013eana a\u00a0obce Bukowina Tatrzanska sa nach\u00e1dza Glodowka. Je to zhruba na polceste medzi t\u00fdmito dvoma orienta\u010dn\u00fdmi bodmi. Z\u00a0Lysej Po\u013eany po absolvovan\u00ed 3 km st\u00fapania je to u\u017e len k\u00fasok. <strong>Z\u00a0l\u00faky ved\u013ea hlavnej cesty je skuto\u010dne par\u00e1dny v\u00fdh\u013ead.<\/strong> Spomeniem napr. Havran, \u013dadov\u00fd \u0161t\u00edt, Ke\u017emarsk\u00fd \u0161t\u00edt, Baranie rohy, ale aj Gerlach, Rysy, Mengusovsk\u00e9 \u0161t\u00edty. T\u00fdch vrcholov je h\u00e1dam aj 30. Jedn\u00e1 sa o\u00a0jednu z\u00a0najkraj\u0161\u00edch panor\u00e1m <\/span><\/p>\n<div id='gallery-3' class='gallery galleryid-18263 gallery-columns-2 gallery-size-full'><figure class='gallery-item'>\n\t\t\t<div class='gallery-icon landscape'>\n\t\t\t\t<a href='https:\/\/d2p6e6u75xmxt8.cloudfront.net\/4\/2023\/09\/Glodowka.webp'><img loading=\"lazy\" decoding=\"async\" width=\"990\" height=\"660\" src=\"https:\/\/d2p6e6u75xmxt8.cloudfront.net\/4\/2023\/09\/Glodowka.webp\" class=\"attachment-full size-full\" alt=\"Glodowka\" srcset=\"https:\/\/d2p6e6u75xmxt8.cloudfront.net\/4\/2023\/09\/Glodowka.webp 990w, https:\/\/d2p6e6u75xmxt8.cloudfront.net\/4\/2023\/09\/Glodowka-300x200.webp 300w, https:\/\/d2p6e6u75xmxt8.cloudfront.net\/4\/2023\/09\/Glodowka-768x512.webp 768w, https:\/\/d2p6e6u75xmxt8.cloudfront.net\/4\/2023\/09\/Glodowka-400x267.webp 400w, https:\/\/d2p6e6u75xmxt8.cloudfront.net\/4\/2023\/09\/Glodowka-272x182.webp 272w\" sizes=\"auto, (max-width: 990px) 100vw, 990px\" \/><\/a>\n\t\t\t<\/div><\/figure><figure class='gallery-item'>\n\t\t\t<div class='gallery-icon landscape'>\n\t\t\t\t<a href='https:\/\/d2p6e6u75xmxt8.cloudfront.net\/4\/2023\/09\/Lysa-Polana.webp'><img loading=\"lazy\" decoding=\"async\" width=\"990\" height=\"660\" src=\"https:\/\/d2p6e6u75xmxt8.cloudfront.net\/4\/2023\/09\/Lysa-Polana.webp\" class=\"attachment-full size-full\" alt=\"Lys\u00e1 Po\u013eana\" srcset=\"https:\/\/d2p6e6u75xmxt8.cloudfront.net\/4\/2023\/09\/Lysa-Polana.webp 990w, https:\/\/d2p6e6u75xmxt8.cloudfront.net\/4\/2023\/09\/Lysa-Polana-300x200.webp 300w, https:\/\/d2p6e6u75xmxt8.cloudfront.net\/4\/2023\/09\/Lysa-Polana-768x512.webp 768w, https:\/\/d2p6e6u75xmxt8.cloudfront.net\/4\/2023\/09\/Lysa-Polana-400x267.webp 400w, https:\/\/d2p6e6u75xmxt8.cloudfront.net\/4\/2023\/09\/Lysa-Polana-272x182.webp 272w\" sizes=\"auto, (max-width: 990px) 100vw, 990px\" \/><\/a>\n\t\t\t<\/div><\/figure>\n\t\t<\/div>\n\n<h2><b>Litwinka<\/b><\/h2>\n<p><span style=\"font-weight: 400;\">Toto miesto som objavil len ned\u00e1vno po\u010das m\u00f4jho posledn\u00e9ho v\u00fdjazdu za hranice. Nach\u00e1dza sa za Bukowinou Tatrzanskou nad obcou Czarna Gora. <strong>Najprv je potrebn\u00e9 absolvova\u0165 celkom v\u00fd\u017eivn\u00e9 st\u00fapanie obcou a n\u00e1sledne e\u0161te jedno kr\u00e1tke na Litwinku.<\/strong> Pekn\u00e9 vyhliadkov\u00e9 miesto, nech\u00fdba mo\u017enos\u0165 ob\u010derstvenia a taktie\u017e atrakcie pre deti. Taktie\u017e zauj\u00edmav\u00fd kr\u00ed\u017e a neve\u013ek\u00e1 rozh\u013ead\u0148a. <\/span><\/p>\n<p><span style=\"font-weight: 400;\"><strong>Ja som dobr\u00e9 po\u010dasie nemal, akur\u00e1t sa bl\u00ed\u017eila b\u00farka, no Tatry tu m\u00e1te ako na dlani, a to doslova.<\/strong> Kasprov vrch, Kon\u010dist\u00e1, Ganek, Rysy, Gerlach, \u013dadov\u00fd \u0161t\u00edt, to je len mal\u00e1 uk\u00e1\u017eka z panor\u00e1my <\/span><\/p>\n<div id='gallery-4' class='gallery galleryid-18263 gallery-columns-3 gallery-size-full'><figure class='gallery-item'>\n\t\t\t<div class='gallery-icon landscape'>\n\t\t\t\t<a href='https:\/\/d2p6e6u75xmxt8.cloudfront.net\/4\/2023\/09\/Czarna-Gora.webp'><img loading=\"lazy\" decoding=\"async\" width=\"990\" height=\"660\" src=\"https:\/\/d2p6e6u75xmxt8.cloudfront.net\/4\/2023\/09\/Czarna-Gora.webp\" class=\"attachment-full size-full\" alt=\"Czarna Gora\" srcset=\"https:\/\/d2p6e6u75xmxt8.cloudfront.net\/4\/2023\/09\/Czarna-Gora.webp 990w, https:\/\/d2p6e6u75xmxt8.cloudfront.net\/4\/2023\/09\/Czarna-Gora-300x200.webp 300w, https:\/\/d2p6e6u75xmxt8.cloudfront.net\/4\/2023\/09\/Czarna-Gora-768x512.webp 768w, https:\/\/d2p6e6u75xmxt8.cloudfront.net\/4\/2023\/09\/Czarna-Gora-400x267.webp 400w, https:\/\/d2p6e6u75xmxt8.cloudfront.net\/4\/2023\/09\/Czarna-Gora-272x182.webp 272w\" sizes=\"auto, (max-width: 990px) 100vw, 990px\" \/><\/a>\n\t\t\t<\/div><\/figure><figure class='gallery-item'>\n\t\t\t<div class='gallery-icon landscape'>\n\t\t\t\t<a href='https:\/\/d2p6e6u75xmxt8.cloudfront.net\/4\/2023\/09\/Litwinka-2.webp'><img loading=\"lazy\" decoding=\"async\" width=\"990\" height=\"660\" src=\"https:\/\/d2p6e6u75xmxt8.cloudfront.net\/4\/2023\/09\/Litwinka-2.webp\" class=\"attachment-full size-full\" alt=\"Litwinka\" srcset=\"https:\/\/d2p6e6u75xmxt8.cloudfront.net\/4\/2023\/09\/Litwinka-2.webp 990w, https:\/\/d2p6e6u75xmxt8.cloudfront.net\/4\/2023\/09\/Litwinka-2-300x200.webp 300w, https:\/\/d2p6e6u75xmxt8.cloudfront.net\/4\/2023\/09\/Litwinka-2-768x512.webp 768w, https:\/\/d2p6e6u75xmxt8.cloudfront.net\/4\/2023\/09\/Litwinka-2-400x267.webp 400w, https:\/\/d2p6e6u75xmxt8.cloudfront.net\/4\/2023\/09\/Litwinka-2-272x182.webp 272w\" sizes=\"auto, (max-width: 990px) 100vw, 990px\" \/><\/a>\n\t\t\t<\/div><\/figure><figure class='gallery-item'>\n\t\t\t<div class='gallery-icon landscape'>\n\t\t\t\t<a href='https:\/\/d2p6e6u75xmxt8.cloudfront.net\/4\/2023\/09\/Litwinka-3.webp'><img loading=\"lazy\" decoding=\"async\" width=\"990\" height=\"660\" src=\"https:\/\/d2p6e6u75xmxt8.cloudfront.net\/4\/2023\/09\/Litwinka-3.webp\" class=\"attachment-full size-full\" alt=\"Litwinka\" srcset=\"https:\/\/d2p6e6u75xmxt8.cloudfront.net\/4\/2023\/09\/Litwinka-3.webp 990w, https:\/\/d2p6e6u75xmxt8.cloudfront.net\/4\/2023\/09\/Litwinka-3-300x200.webp 300w, https:\/\/d2p6e6u75xmxt8.cloudfront.net\/4\/2023\/09\/Litwinka-3-768x512.webp 768w, https:\/\/d2p6e6u75xmxt8.cloudfront.net\/4\/2023\/09\/Litwinka-3-400x267.webp 400w, https:\/\/d2p6e6u75xmxt8.cloudfront.net\/4\/2023\/09\/Litwinka-3-272x182.webp 272w\" sizes=\"auto, (max-width: 990px) 100vw, 990px\" \/><\/a>\n\t\t\t<\/div><\/figure>\n\t\t<\/div>\n\n<p><span style=\"font-weight: 400;\"><strong>D\u00fafam, \u017ee som v\u00e1s t\u00fdmto kr\u00e1tkym \u010dl\u00e1nkom in\u0161piroval k\u00a0aspo\u0148 jedn\u00e9mu miestu, t\u00fdch miest by sa dalo vybra\u0165 ur\u010dite viac.<\/strong> V\u00fdh\u013ead na Tatry je z\u00a0takmer ka\u017edej podhorskej po\u013eskej obce, no tieto ma zaujali asi najviac. A bl\u00ed\u017eiaca sa jese\u0148 poskytne na tak\u00fdto v\u00fdlet ide\u00e1lne podmienky.<\/span><\/p>\n<p>Zdroj fotografi\u00ed: arch\u00edv autora<\/p>\n","protected":false},"excerpt":{"rendered":"<p>V\u00a0dne\u0161nom \u010dl\u00e1nku v\u00e1m pribl\u00ed\u017eim zauj\u00edmav\u00e9 miesta v\u00a0bl\u00edzkom pohrani\u010d\u00ed a\u00a0ne\u010falekom ju\u017enom Po\u013esku s\u00a0v\u00fdh\u013eadmi na Tatry, ktor\u00e9 ur\u010dite stoja za t\u00fa n\u00e1mahu.<\/p>\n","protected":false},"author":172,"featured_media":18276,"comment_status":"open","ping_status":"open","sticky":false,"template":"","format":"standard","meta":{"footnotes":""},"categories":[191],"tags":[275,115,1347,587,773,566,1120,1533,741,545,834,520],"global-categories":[1074],"class_list":["post-18263","post","type-post","status-publish","format-standard","has-post-thumbnail","hentry","category-odporucame","tag-cesta","tag-cestna-cyklistika","tag-cestovanie","tag-cyklochodnik","tag-hory","tag-leto","tag-polsko","tag-priroda","tag-tip-na-vylet","tag-trasa","tag-vyhlad","tag-vysoke-tatry","global-categories-cycling"],"yoast_head":"<!-- This site is optimized with the Yoast SEO Premium plugin v25.3 (Yoast SEO v25.9) - https:\/\/yoast.com\/wordpress\/plugins\/seo\/ -->\n<title>Tip na v\u00fdlet: V\u00fdh\u013eady na Tatry z\u00a0pohrani\u010dia a\u00a0ju\u017en\u00e9ho Po\u013eska - \u0160koda We Love Cycling Slovensko<\/title>\n<meta name=\"description\" content=\"Zauj\u00edmav\u00e9 miesta v\u00a0bl\u00edzkom pohrani\u010d\u00ed a\u00a0ne\u010falekom ju\u017enom Po\u013esku s\u00a0v\u00fdh\u013eadmi na Tatry, ktor\u00e9 ur\u010dite stoja za t\u00fa n\u00e1mahu.\" \/>\n<meta name=\"robots\" content=\"index, follow, max-snippet:-1, max-image-preview:large, max-video-preview:-1\" \/>\n<link rel=\"canonical\" href=\"https:\/\/www.welovecycling.com\/sk\/2023\/09\/15\/tip-na-vylet-vyhlady-na-tatry-z-pohranicia-a-juzneho-polska\/\" \/>\n<meta property=\"og:locale\" content=\"sk_SK\" \/>\n<meta property=\"og:type\" content=\"article\" \/>\n<meta property=\"og:title\" content=\"Tip na v\u00fdlet: V\u00fdh\u013eady na Tatry z\u00a0pohrani\u010dia a\u00a0ju\u017en\u00e9ho Po\u013eska\" \/>\n<meta property=\"og:description\" content=\"Zauj\u00edmav\u00e9 miesta v\u00a0bl\u00edzkom pohrani\u010d\u00ed a\u00a0ne\u010falekom ju\u017enom Po\u013esku s\u00a0v\u00fdh\u013eadmi na Tatry, ktor\u00e9 ur\u010dite stoja za t\u00fa n\u00e1mahu.\" \/>\n<meta property=\"og:url\" content=\"https:\/\/www.welovecycling.com\/sk\/2023\/09\/15\/tip-na-vylet-vyhlady-na-tatry-z-pohranicia-a-juzneho-polska\/\" \/>\n<meta property=\"og:site_name\" content=\"\u0160koda We Love Cycling Slovensko\" \/>\n<meta property=\"article:published_time\" content=\"2023-09-15T08:00:11+00:00\" \/>\n<meta property=\"og:image\" content=\"https:\/\/d2p6e6u75xmxt8.cloudfront.net\/4\/2023\/09\/titulka-1.webp\" \/>\n\t<meta property=\"og:image:width\" content=\"990\" \/>\n\t<meta property=\"og:image:height\" content=\"660\" \/>\n\t<meta property=\"og:image:type\" content=\"image\/webp\" \/>\n<meta name=\"author\" content=\"dominika\" \/>\n<meta name=\"twitter:card\" content=\"summary_large_image\" \/>\n<meta name=\"twitter:label1\" content=\"Written by\" \/>\n\t<meta name=\"twitter:data1\" content=\"Maro\u0161 Gleva\u0148\u00e1k\" \/>\n\t<meta name=\"twitter:label2\" content=\"Est. reading time\" \/>\n\t<meta name=\"twitter:data2\" content=\"2\" \/>\n<script type=\"application\/ld+json\" class=\"yoast-schema-graph\">{\"@context\":\"https:\/\/schema.org\",\"@graph\":[{\"@type\":\"WebPage\",\"@id\":\"https:\/\/www.welovecycling.com\/sk\/2023\/09\/15\/tip-na-vylet-vyhlady-na-tatry-z-pohranicia-a-juzneho-polska\/\",\"url\":\"https:\/\/www.welovecycling.com\/sk\/2023\/09\/15\/tip-na-vylet-vyhlady-na-tatry-z-pohranicia-a-juzneho-polska\/\",\"name\":\"Tip na v\u00fdlet: V\u00fdh\u013eady na Tatry z\u00a0pohrani\u010dia a\u00a0ju\u017en\u00e9ho Po\u013eska - \u0160koda We Love Cycling Slovensko\",\"isPartOf\":{\"@id\":\"https:\/\/www.welovecycling.com\/sk\/#website\"},\"primaryImageOfPage\":{\"@id\":\"https:\/\/www.welovecycling.com\/sk\/2023\/09\/15\/tip-na-vylet-vyhlady-na-tatry-z-pohranicia-a-juzneho-polska\/#primaryimage\"},\"image\":{\"@id\":\"https:\/\/www.welovecycling.com\/sk\/2023\/09\/15\/tip-na-vylet-vyhlady-na-tatry-z-pohranicia-a-juzneho-polska\/#primaryimage\"},\"thumbnailUrl\":\"https:\/\/d2p6e6u75xmxt8.cloudfront.net\/4\/2023\/09\/titulka-1.webp\",\"datePublished\":\"2023-09-15T08:00:11+00:00\",\"author\":{\"@id\":\"https:\/\/www.welovecycling.com\/sk\/#\/schema\/person\/533b62b98b6c41bd5135ebfb1f742624\"},\"description\":\"Zauj\u00edmav\u00e9 miesta v\u00a0bl\u00edzkom pohrani\u010d\u00ed a\u00a0ne\u010falekom ju\u017enom Po\u013esku s\u00a0v\u00fdh\u013eadmi na Tatry, ktor\u00e9 ur\u010dite stoja za t\u00fa n\u00e1mahu.\",\"breadcrumb\":{\"@id\":\"https:\/\/www.welovecycling.com\/sk\/2023\/09\/15\/tip-na-vylet-vyhlady-na-tatry-z-pohranicia-a-juzneho-polska\/#breadcrumb\"},\"inLanguage\":\"sk-SK\",\"potentialAction\":[{\"@type\":\"ReadAction\",\"target\":[\"https:\/\/www.welovecycling.com\/sk\/2023\/09\/15\/tip-na-vylet-vyhlady-na-tatry-z-pohranicia-a-juzneho-polska\/\"]}]},{\"@type\":\"ImageObject\",\"inLanguage\":\"sk-SK\",\"@id\":\"https:\/\/www.welovecycling.com\/sk\/2023\/09\/15\/tip-na-vylet-vyhlady-na-tatry-z-pohranicia-a-juzneho-polska\/#primaryimage\",\"url\":\"https:\/\/d2p6e6u75xmxt8.cloudfront.net\/4\/2023\/09\/titulka-1.webp\",\"contentUrl\":\"https:\/\/d2p6e6u75xmxt8.cloudfront.net\/4\/2023\/09\/titulka-1.webp\",\"width\":990,\"height\":660},{\"@type\":\"BreadcrumbList\",\"@id\":\"https:\/\/www.welovecycling.com\/sk\/2023\/09\/15\/tip-na-vylet-vyhlady-na-tatry-z-pohranicia-a-juzneho-polska\/#breadcrumb\",\"itemListElement\":[{\"@type\":\"ListItem\",\"position\":1,\"name\":\"Home\",\"item\":\"https:\/\/www.welovecycling.com\/sk\/\"},{\"@type\":\"ListItem\",\"position\":2,\"name\":\"Tip na v\u00fdlet: V\u00fdh\u013eady na Tatry z\u00a0pohrani\u010dia a\u00a0ju\u017en\u00e9ho Po\u013eska\"}]},{\"@type\":\"WebSite\",\"@id\":\"https:\/\/www.welovecycling.com\/sk\/#website\",\"url\":\"https:\/\/www.welovecycling.com\/sk\/\",\"name\":\"\u0160koda We Love Cycling Slovensko\",\"description\":\"\u0160koda We Love Cycling Slovensko je v\u00e1\u0161 ka\u017edodenn\u00fd zdroj noviniek a in\u0161pir\u00e1cie z sveta cyklistiky\",\"potentialAction\":[{\"@type\":\"SearchAction\",\"target\":{\"@type\":\"EntryPoint\",\"urlTemplate\":\"https:\/\/www.welovecycling.com\/sk\/?s={search_term_string}\"},\"query-input\":{\"@type\":\"PropertyValueSpecification\",\"valueRequired\":true,\"valueName\":\"search_term_string\"}}],\"inLanguage\":\"sk-SK\"},{\"@type\":\"Person\",\"@id\":\"https:\/\/www.welovecycling.com\/sk\/#\/schema\/person\/533b62b98b6c41bd5135ebfb1f742624\",\"name\":\"dominika\",\"image\":{\"@type\":\"ImageObject\",\"inLanguage\":\"sk-SK\",\"@id\":\"https:\/\/www.welovecycling.com\/sk\/#\/schema\/person\/image\/\",\"url\":\"https:\/\/secure.gravatar.com\/avatar\/ded6f274ba2ec3e17fff153f7d9d96a4b33c2cb63907f75d9a5309c599a7f3e6?s=96&d=mm&r=g\",\"contentUrl\":\"https:\/\/secure.gravatar.com\/avatar\/ded6f274ba2ec3e17fff153f7d9d96a4b33c2cb63907f75d9a5309c599a7f3e6?s=96&d=mm&r=g\",\"caption\":\"dominika\"},\"url\":\"https:\/\/www.welovecycling.com\/sk\/author\/dominika\/\"}]}<\/script>\n<!-- \/ Yoast SEO Premium plugin. -->","yoast_head_json":{"title":"Tip na v\u00fdlet: V\u00fdh\u013eady na Tatry z\u00a0pohrani\u010dia a\u00a0ju\u017en\u00e9ho Po\u013eska - \u0160koda We Love Cycling Slovensko","description":"Zauj\u00edmav\u00e9 miesta v\u00a0bl\u00edzkom pohrani\u010d\u00ed a\u00a0ne\u010falekom ju\u017enom Po\u013esku s\u00a0v\u00fdh\u013eadmi na Tatry, ktor\u00e9 ur\u010dite stoja za t\u00fa n\u00e1mahu.","robots":{"index":"index","follow":"follow","max-snippet":"max-snippet:-1","max-image-preview":"max-image-preview:large","max-video-preview":"max-video-preview:-1"},"canonical":"https:\/\/www.welovecycling.com\/sk\/2023\/09\/15\/tip-na-vylet-vyhlady-na-tatry-z-pohranicia-a-juzneho-polska\/","og_locale":"sk_SK","og_type":"article","og_title":"Tip na v\u00fdlet: V\u00fdh\u013eady na Tatry z\u00a0pohrani\u010dia a\u00a0ju\u017en\u00e9ho Po\u013eska","og_description":"Zauj\u00edmav\u00e9 miesta v\u00a0bl\u00edzkom pohrani\u010d\u00ed a\u00a0ne\u010falekom ju\u017enom Po\u013esku s\u00a0v\u00fdh\u013eadmi na Tatry, ktor\u00e9 ur\u010dite stoja za t\u00fa n\u00e1mahu.","og_url":"https:\/\/www.welovecycling.com\/sk\/2023\/09\/15\/tip-na-vylet-vyhlady-na-tatry-z-pohranicia-a-juzneho-polska\/","og_site_name":"\u0160koda We Love Cycling Slovensko","article_published_time":"2023-09-15T08:00:11+00:00","og_image":[{"width":990,"height":660,"url":"https:\/\/d2p6e6u75xmxt8.cloudfront.net\/4\/2023\/09\/titulka-1.webp","type":"image\/webp"}],"author":"dominika","twitter_card":"summary_large_image","twitter_misc":{"Written by":"Maro\u0161 Gleva\u0148\u00e1k","Est. reading time":"2"},"schema":{"@context":"https:\/\/schema.org","@graph":[{"@type":"WebPage","@id":"https:\/\/www.welovecycling.com\/sk\/2023\/09\/15\/tip-na-vylet-vyhlady-na-tatry-z-pohranicia-a-juzneho-polska\/","url":"https:\/\/www.welovecycling.com\/sk\/2023\/09\/15\/tip-na-vylet-vyhlady-na-tatry-z-pohranicia-a-juzneho-polska\/","name":"Tip na v\u00fdlet: V\u00fdh\u013eady na Tatry z\u00a0pohrani\u010dia a\u00a0ju\u017en\u00e9ho Po\u013eska - \u0160koda We Love Cycling Slovensko","isPartOf":{"@id":"https:\/\/www.welovecycling.com\/sk\/#website"},"primaryImageOfPage":{"@id":"https:\/\/www.welovecycling.com\/sk\/2023\/09\/15\/tip-na-vylet-vyhlady-na-tatry-z-pohranicia-a-juzneho-polska\/#primaryimage"},"image":{"@id":"https:\/\/www.welovecycling.com\/sk\/2023\/09\/15\/tip-na-vylet-vyhlady-na-tatry-z-pohranicia-a-juzneho-polska\/#primaryimage"},"thumbnailUrl":"https:\/\/d2p6e6u75xmxt8.cloudfront.net\/4\/2023\/09\/titulka-1.webp","datePublished":"2023-09-15T08:00:11+00:00","author":{"@id":"https:\/\/www.welovecycling.com\/sk\/#\/schema\/person\/533b62b98b6c41bd5135ebfb1f742624"},"description":"Zauj\u00edmav\u00e9 miesta v\u00a0bl\u00edzkom pohrani\u010d\u00ed a\u00a0ne\u010falekom ju\u017enom Po\u013esku s\u00a0v\u00fdh\u013eadmi na Tatry, ktor\u00e9 ur\u010dite stoja za t\u00fa n\u00e1mahu.","breadcrumb":{"@id":"https:\/\/www.welovecycling.com\/sk\/2023\/09\/15\/tip-na-vylet-vyhlady-na-tatry-z-pohranicia-a-juzneho-polska\/#breadcrumb"},"inLanguage":"sk-SK","potentialAction":[{"@type":"ReadAction","target":["https:\/\/www.welovecycling.com\/sk\/2023\/09\/15\/tip-na-vylet-vyhlady-na-tatry-z-pohranicia-a-juzneho-polska\/"]}]},{"@type":"ImageObject","inLanguage":"sk-SK","@id":"https:\/\/www.welovecycling.com\/sk\/2023\/09\/15\/tip-na-vylet-vyhlady-na-tatry-z-pohranicia-a-juzneho-polska\/#primaryimage","url":"https:\/\/d2p6e6u75xmxt8.cloudfront.net\/4\/2023\/09\/titulka-1.webp","contentUrl":"https:\/\/d2p6e6u75xmxt8.cloudfront.net\/4\/2023\/09\/titulka-1.webp","width":990,"height":660},{"@type":"BreadcrumbList","@id":"https:\/\/www.welovecycling.com\/sk\/2023\/09\/15\/tip-na-vylet-vyhlady-na-tatry-z-pohranicia-a-juzneho-polska\/#breadcrumb","itemListElement":[{"@type":"ListItem","position":1,"name":"Home","item":"https:\/\/www.welovecycling.com\/sk\/"},{"@type":"ListItem","position":2,"name":"Tip na v\u00fdlet: V\u00fdh\u013eady na Tatry z\u00a0pohrani\u010dia a\u00a0ju\u017en\u00e9ho Po\u013eska"}]},{"@type":"WebSite","@id":"https:\/\/www.welovecycling.com\/sk\/#website","url":"https:\/\/www.welovecycling.com\/sk\/","name":"\u0160koda We Love Cycling Slovensko","description":"\u0160koda We Love Cycling Slovensko je v\u00e1\u0161 ka\u017edodenn\u00fd zdroj noviniek a in\u0161pir\u00e1cie z sveta cyklistiky","potentialAction":[{"@type":"SearchAction","target":{"@type":"EntryPoint","urlTemplate":"https:\/\/www.welovecycling.com\/sk\/?s={search_term_string}"},"query-input":{"@type":"PropertyValueSpecification","valueRequired":true,"valueName":"search_term_string"}}],"inLanguage":"sk-SK"},{"@type":"Person","@id":"https:\/\/www.welovecycling.com\/sk\/#\/schema\/person\/533b62b98b6c41bd5135ebfb1f742624","name":"dominika","image":{"@type":"ImageObject","inLanguage":"sk-SK","@id":"https:\/\/www.welovecycling.com\/sk\/#\/schema\/person\/image\/","url":"https:\/\/secure.gravatar.com\/avatar\/ded6f274ba2ec3e17fff153f7d9d96a4b33c2cb63907f75d9a5309c599a7f3e6?s=96&d=mm&r=g","contentUrl":"https:\/\/secure.gravatar.com\/avatar\/ded6f274ba2ec3e17fff153f7d9d96a4b33c2cb63907f75d9a5309c599a7f3e6?s=96&d=mm&r=g","caption":"dominika"},"url":"https:\/\/www.welovecycling.com\/sk\/author\/dominika\/"}]}},"_links":{"self":[{"href":"https:\/\/www.welovecycling.com\/sk\/wp-json\/wp\/v2\/posts\/18263","targetHints":{"allow":["GET"]}}],"collection":[{"href":"https:\/\/www.welovecycling.com\/sk\/wp-json\/wp\/v2\/posts"}],"about":[{"href":"https:\/\/www.welovecycling.com\/sk\/wp-json\/wp\/v2\/types\/post"}],"author":[{"embeddable":true,"href":"https:\/\/www.welovecycling.com\/sk\/wp-json\/wp\/v2\/users\/172"}],"replies":[{"embeddable":true,"href":"https:\/\/www.welovecycling.com\/sk\/wp-json\/wp\/v2\/comments?post=18263"}],"version-history":[{"count":4,"href":"https:\/\/www.welovecycling.com\/sk\/wp-json\/wp\/v2\/posts\/18263\/revisions"}],"predecessor-version":[{"id":18279,"href":"https:\/\/www.welovecycling.com\/sk\/wp-json\/wp\/v2\/posts\/18263\/revisions\/18279"}],"wp:featuredmedia":[{"embeddable":true,"href":"https:\/\/www.welovecycling.com\/sk\/wp-json\/wp\/v2\/media\/18276"}],"wp:attachment":[{"href":"https:\/\/www.welovecycling.com\/sk\/wp-json\/wp\/v2\/media?parent=18263"}],"wp:term":[{"taxonomy":"category","embeddable":true,"href":"https:\/\/www.welovecycling.com\/sk\/wp-json\/wp\/v2\/categories?post=18263"},{"taxonomy":"post_tag","embeddable":true,"href":"https:\/\/www.welovecycling.com\/sk\/wp-json\/wp\/v2\/tags?post=18263"},{"taxonomy":"global-categories","embeddable":true,"href":"https:\/\/www.welovecycling.com\/sk\/wp-json\/wp\/v2\/global-categories?post=18263"}],"curies":[{"name":"wp","href":"https:\/\/api.w.org\/{rel}","templated":true}]}}