{"id":18241,"date":"2023-09-08T10:00:45","date_gmt":"2023-09-08T08:00:45","guid":{"rendered":"https:\/\/www.welovecycling.com\/sk\/?p=18241"},"modified":"2023-09-07T14:00:35","modified_gmt":"2023-09-07T12:00:35","slug":"skoda-bike-open-tour-2023-10-vyrocie-vo-velkom-style","status":"publish","type":"post","link":"https:\/\/www.welovecycling.com\/sk\/2023\/09\/08\/skoda-bike-open-tour-2023-10-vyrocie-vo-velkom-style\/","title":{"rendered":"\u0160KODA BIKE OPEN TOUR 2023 \u2013\u00a0 10. v\u00fdro\u010die vo ve\u013ekom \u0161t\u00fdle"},"content":{"rendered":"<p><strong>Desa\u0165 rokov \u0161portov\u00fdch z\u00e1\u017eitkov, nespo\u010detn\u00e9 mno\u017estvo pretek\u00e1rov, ve\u013ek\u00e1 d\u00e1vka najazden\u00fdch kilometrov a\u00a0atmosf\u00e9ra z\u00a0ka\u017ed\u00e9ho jedn\u00e9ho kola, na ktor\u00fa spom\u00ednaj\u00fa \u010di u\u017e cyklisti alebo fan\u00fa\u0161ikovia cyklistiky. Aj t\u00e1to v\u00fdro\u010dn\u00e1 s\u00e9ria pretekov horsk\u00fdch bicyklov \u0160KODA BIKE OPEN TOUR v\u00a0ni\u010dom nezaost\u00e1vala za predch\u00e1dzaj\u00facimi ro\u010dn\u00edkmi a\u00a0prekro\u010dila v\u0161etky o\u010dak\u00e1vania.\u00a0\u00a0<\/strong><!--more--><\/p>\n<h2><b>\u0160koda Sv\u00e4tojursk\u00fd MTB marat\u00f3n<\/b><\/h2>\n<p><span style=\"font-weight: 400;\">Fan\u00fa\u0161ikov cyklistiky \u010dakalo \u0161es\u0165 k\u00f4l a\u00a0tentokr\u00e1t sme za\u010d\u00ednali u\u017e v\u00a0apr\u00edli, \u010do sa mo\u017eno trochu prejavilo aj v\u00a0nie celkom dobrom po\u010das\u00ed. <strong>Ale ani blato, d\u00e1\u017e\u010f, hmla a zima neodradili rekordn\u00fd po\u010det pretek\u00e1rov na \u0161tarte celej s\u00e9rie vo Sv\u00e4tom Jure.<\/strong> Na \u0161tart sa postavilo 619 cyklistov, z\u00a0toho 539 mu\u017eov a\u00a058 \u017eien. T\u00e1to skvel\u00e1 \u00fa\u010das\u0165 bola sp\u00f4soben\u00e1 mo\u017eno aj t\u00fdm, \u017ee Sv\u00e4t\u00fd Jur sa do kalend\u00e1ra \u0160BOT vr\u00e1til po trojro\u010dnej prest\u00e1vke.\u00a0<\/span><\/p>\n<p><img loading=\"lazy\" decoding=\"async\" class=\"alignnone size-full wp-image-18244\" src=\"https:\/\/d2p6e6u75xmxt8.cloudfront.net\/4\/2023\/09\/01.webp\" alt=\"\" width=\"990\" height=\"660\" srcset=\"https:\/\/d2p6e6u75xmxt8.cloudfront.net\/4\/2023\/09\/01.webp 990w, https:\/\/d2p6e6u75xmxt8.cloudfront.net\/4\/2023\/09\/01-300x200.webp 300w, https:\/\/d2p6e6u75xmxt8.cloudfront.net\/4\/2023\/09\/01-768x512.webp 768w, https:\/\/d2p6e6u75xmxt8.cloudfront.net\/4\/2023\/09\/01-400x267.webp 400w, https:\/\/d2p6e6u75xmxt8.cloudfront.net\/4\/2023\/09\/01-272x182.webp 272w\" sizes=\"auto, (max-width: 990px) 100vw, 990px\" \/><\/p>\n<p><span style=\"font-weight: 400;\">Pozrime sa na v\u00ed\u0165azov na jednotliv\u00fdch tratiach:\u00a0<\/span><\/p>\n<ul>\n<li><span style=\"font-weight: 400;\">Dlh\u00e1 tra\u0165 &#8211;<strong> Miroslav Mich\u00e1lek<\/strong> a <strong>Janka Keseg \u0160tevkov\u00e1<\/strong><\/span><\/li>\n<li>Stredn\u00e1 tra\u0165 &#8211; <strong>Matej Kobera<\/strong> a <strong>Marianna Pla\u010dkov\u00e1<\/strong><\/li>\n<li>Kr\u00e1tka tra\u0165 &#8211; <strong>Jaroslav \u0160tvrteck\u00fd<\/strong> a<strong> Zuzana Kasmanov\u00e1<\/strong><\/li>\n<\/ul>\n<p><span style=\"font-weight: 400;\">Ku koncu pretekov u\u017e d\u00e1\u017e\u010f ustal, ale bicykle museli dosta\u0165 \u0161peci\u00e1lnu starostlivos\u0165. Predsa len blato im nerob\u00ed dobre. Ak chcete za\u017ei\u0165 atmosf\u00e9ru, ak\u00e1 bola priamo na mieste, pre\u010d\u00edtajte si \u201edvojit\u00fa\u201d report\u00e1\u017e od \u00fa\u010dastn\u00edkov pretekov \u2013 Denisky Dubovskej a\u00a0<\/span><a href=\"https:\/\/www.welovecycling.com\/sk\/2023\/05\/22\/rozhovor-erik-horvath-maraton-zvladne-aj-aktivny-hobby-cyklista\/\" target=\"_blank\" rel=\"noopener\"><span style=\"font-weight: 400;\">Erika Horv\u00e1tha<\/span><\/a><span style=\"font-weight: 400;\">. A <\/span><a href=\"https:\/\/www.welovecycling.com\/sk\/2023\/05\/03\/foto-skoda-svatojursky-mtb-maraton\/\" target=\"_blank\" rel=\"noopener\"><span style=\"font-weight: 400;\">skvel\u00e9 fotky<\/span><\/a><span style=\"font-weight: 400;\"> v\u00e1s vr\u00e1tia sp\u00e4\u0165 v \u010dase.<\/span><\/p>\n<div class=\"shortcode-ys-post-pinup\"><article class=\"loop-simple post-17325 post type-post status-publish format-standard has-post-thumbnail hentry category-reportaz category-sbot tag-blato tag-horska-cyklistika tag-jar tag-maraton tag-mtb tag-reportaz tag-sezona-2023 tag-skoda tag-sbot tag-skoda-svatojursky-mtb-maraton global-categories-cycling\" data-postid=\"17325\" role=\"article\" data-post-id=\"17325\" data-word-count=\"1309\" data-headline-length=\"81\" data-category=\"Report\u00e1\u017e\" data-global-category=\"Cycling\" data-author=\"Denisa Dubovsk\u00e1, Erik Horv\u00e1th\" data-published=\"2023-05-03T16:13:50+02:00\" data-published-day=\"Wednesday\">\n    <div class=\"entry-thumbnail article-thumbnail\" content=\"https:\/\/d2p6e6u75xmxt8.cloudfront.net\/4\/2023\/05\/titulka-150x150.webp\"><a href=\"https:\/\/www.welovecycling.com\/sk\/2023\/05\/03\/reportaz-skoda-svatojursky-mtb-maraton-sezona-konecne-zahajena\/\" class=\"image-holder\" target=\"_self\"><img decoding=\"async\" loading=\"lazy\" class=\"\" src=\"https:\/\/d2p6e6u75xmxt8.cloudfront.net\/4\/2023\/05\/titulka.webp\" srcset=\"https:\/\/d2p6e6u75xmxt8.cloudfront.net\/4\/2023\/05\/titulka.webp 990w, https:\/\/d2p6e6u75xmxt8.cloudfront.net\/4\/2023\/05\/titulka-300x200.webp 300w, https:\/\/d2p6e6u75xmxt8.cloudfront.net\/4\/2023\/05\/titulka-768x512.webp 768w, https:\/\/d2p6e6u75xmxt8.cloudfront.net\/4\/2023\/05\/titulka-400x267.webp 400w, https:\/\/d2p6e6u75xmxt8.cloudfront.net\/4\/2023\/05\/titulka-272x182.webp 272w\" width=\"990\" height=\"660\" sizes=\"auto, (min-width: 1200px) 300px, (min-width: 768px) 25vw, 100vw\" alt=\"reportaz-skoda-svatojursky-mtb-maraton-sezona-konecne-zahajena\"\/><\/a><\/div>    <div class=\"entry-meta\">\n        <a class=\"label label-secondary post-category\" href=\"https:\/\/www.welovecycling.com\/sk\/category\/sbot\/reportaz\/\" title=\"Report\u00e1\u017e\">Report\u00e1\u017e<\/a>\n    <\/div>\n    <div class=\"entry-details\">\n        <a href=\"https:\/\/www.welovecycling.com\/sk\/2023\/05\/03\/reportaz-skoda-svatojursky-mtb-maraton-sezona-konecne-zahajena\/\" class='entry-title-wrapper'>\n            <h3 class=\"entry-title\"><span>Report\u00e1\u017e: \u0160koda Sv\u00e4tojursk\u00fd MTB marat\u00f3n &#8211; sez\u00f3na kone\u010dne zah\u00e1jen\u00e1<\/span><\/h3>\n        <\/a>\n    <\/div>\n    <\/article>\n<\/div>\n<p><img loading=\"lazy\" decoding=\"async\" class=\"alignnone size-full wp-image-18245\" src=\"https:\/\/d2p6e6u75xmxt8.cloudfront.net\/4\/2023\/09\/02.webp\" alt=\"\" width=\"990\" height=\"660\" srcset=\"https:\/\/d2p6e6u75xmxt8.cloudfront.net\/4\/2023\/09\/02.webp 990w, https:\/\/d2p6e6u75xmxt8.cloudfront.net\/4\/2023\/09\/02-300x200.webp 300w, https:\/\/d2p6e6u75xmxt8.cloudfront.net\/4\/2023\/09\/02-768x512.webp 768w, https:\/\/d2p6e6u75xmxt8.cloudfront.net\/4\/2023\/09\/02-400x267.webp 400w, https:\/\/d2p6e6u75xmxt8.cloudfront.net\/4\/2023\/09\/02-272x182.webp 272w\" sizes=\"auto, (max-width: 990px) 100vw, 990px\" \/><\/p>\n<h2><b>\u0160koda MTB marat\u00f3n Rajeck\u00e9 Teplice<\/b><\/h2>\n<p><span style=\"font-weight: 400;\"><strong>Druh\u00e9 kolo stup\u0148ovalo aj nad\u0161enie pretek\u00e1rov a ich po\u010det st\u00fapol na 667 z\u00a0toho 522 mu\u017eov a\u00a067 \u017eien.<\/strong> Dopomohlo k tomu aj dokonal\u00e9 po\u010dasie. Da\u017ediv\u00e9 po\u010dasie s\u00edce zasiahlo do pretekov, ale len vzdialene, preto\u017ee t\u00fd\u017ede\u0148 star\u00e9 a intenz\u00edvne da\u017ede vyradili z hry jeden l\u00fa\u010dny \u00fasek, o ktor\u00fd museli by\u0165 trate skr\u00e1ten\u00e9.\u00a0To v\u0161ak nepokazilo rados\u0165 z\u00a0pretekania v\u00a0n\u00e1dhernom prostred\u00ed tohto k\u00fape\u013en\u00e9ho meste\u010dka.\u00a0<\/span><\/p>\n<p><span style=\"font-weight: 400;\">Pozrime sa na v\u00ed\u0165azov na jednotliv\u00fdch tratiach:\u00a0<\/span><\/p>\n<ul>\n<li><span style=\"font-weight: 400;\">Dlh\u00e1 tra\u0165 \u2013 <strong>Karel Hartl<\/strong> a <strong>Martina Krahulcov\u00e1<\/strong><\/span><\/li>\n<li>Stredn\u00e1 tra\u0165 \u2013 <strong>\u0160imon Ondr\u00e1\u0161ek<\/strong> a <strong>Barbora Heged\u00fa\u0161ov\u00e1<\/strong><\/li>\n<li>Kr\u00e1tka tra\u0165 \u2013 <strong>Jaroslav \u0160tvrteck\u00fd<\/strong> a <strong>Lucia \u0160ichtov\u00e1<\/strong><\/li>\n<\/ul>\n<p><span style=\"font-weight: 400;\">M\u00e1me pre v\u00e1s aj report\u00e1\u017e a\u00a0tentokr\u00e1t je to poh\u013ead na tra\u0165 FAMILY, na ktorej sa z\u00fa\u010dastnilo 78 mal\u00fdch pretek\u00e1rov. <strong>Pre\u010d\u00edtajte si, ako sa d\u00e1 preteka\u0165 s\u00a0cyklovoz\u00edkom, \u010di podpori\u0165 mal\u00e9ho cyklistu \u0165ahan\u00edm na lane.<\/strong> Report\u00e1\u017e si pre v\u00e1s pripravila <\/span><a href=\"https:\/\/www.welovecycling.com\/sk\/2023\/08\/04\/rozhovor-katarina-gresova-snazim-sa-motivovat-ostatnych-aby-sa-nebali-zobrat-deti-von\/\" target=\"_blank\" rel=\"noopener\"><span style=\"font-weight: 400;\">Katka Gre\u0161ov\u00e1<\/span><\/a><span style=\"font-weight: 400;\">, ktor\u00e1 sa pretekov ne\u00fanavne z\u00fa\u010dast\u0148uje so svojimi de\u0165mi.\u00a0<\/span><\/p>\n<div class=\"shortcode-ys-post-pinup\"><article class=\"loop-simple post-17486 post type-post status-publish format-standard has-post-thumbnail hentry category-reportaz tag-cyklisticka-komunita tag-cyklorodinka tag-deti tag-deti-na-bicykli tag-family tag-horska-cyklistika tag-maraton tag-motivacia tag-preteky tag-reportaz tag-rodina tag-sbot tag-skoda-mtb-maraton-rajecke-teplice tag-vylet tag-zazitok global-categories-cycling\" data-postid=\"17486\" role=\"article\" data-post-id=\"17486\" data-word-count=\"1031\" data-headline-length=\"90\" data-category=\"Report\u00e1\u017e\" data-global-category=\"Cycling\" data-author=\"Katar\u00edna Vasil\u010din Gre\u0161ov\u00e1\" data-published=\"2023-05-25T10:10:29+02:00\" data-published-day=\"Thursday\">\n    <div class=\"entry-thumbnail article-thumbnail\" content=\"https:\/\/d2p6e6u75xmxt8.cloudfront.net\/4\/2023\/05\/titulka-5-150x150.webp\"><a href=\"https:\/\/www.welovecycling.com\/sk\/2023\/05\/25\/reportaz-skoda-mtb-maraton-rajecke-teplice-rodinny-vylet-za-family-tratou\/\" class=\"image-holder\" target=\"_self\"><img decoding=\"async\" loading=\"lazy\" class=\"\" src=\"https:\/\/d2p6e6u75xmxt8.cloudfront.net\/4\/2023\/05\/titulka-5.webp\" srcset=\"https:\/\/d2p6e6u75xmxt8.cloudfront.net\/4\/2023\/05\/titulka-5.webp 990w, https:\/\/d2p6e6u75xmxt8.cloudfront.net\/4\/2023\/05\/titulka-5-300x200.webp 300w, https:\/\/d2p6e6u75xmxt8.cloudfront.net\/4\/2023\/05\/titulka-5-768x512.webp 768w, https:\/\/d2p6e6u75xmxt8.cloudfront.net\/4\/2023\/05\/titulka-5-400x267.webp 400w, https:\/\/d2p6e6u75xmxt8.cloudfront.net\/4\/2023\/05\/titulka-5-272x182.webp 272w\" width=\"990\" height=\"660\" sizes=\"auto, (min-width: 1200px) 300px, (min-width: 768px) 25vw, 100vw\" alt=\"reportaz-skoda-mtb-maraton-rajecke-teplice-rodinny-vylet-za-family-tratou\"\/><\/a><\/div>    <div class=\"entry-meta\">\n        <a class=\"label label-secondary post-category\" href=\"https:\/\/www.welovecycling.com\/sk\/category\/sbot\/reportaz\/\" title=\"Report\u00e1\u017e\">Report\u00e1\u017e<\/a>\n    <\/div>\n    <div class=\"entry-details\">\n        <a href=\"https:\/\/www.welovecycling.com\/sk\/2023\/05\/25\/reportaz-skoda-mtb-maraton-rajecke-teplice-rodinny-vylet-za-family-tratou\/\" class='entry-title-wrapper'>\n            <h3 class=\"entry-title\"><span>Report\u00e1\u017e: \u0160koda MTB marat\u00f3n Rajeck\u00e9 Teplice &#8211; rodinn\u00fd v\u00fdlet za FAMILY tra\u0165ou<\/span><\/h3>\n        <\/a>\n    <\/div>\n    <\/article>\n<\/div>\n<p><span style=\"font-weight: 400;\">Fotogal\u00e9riu z tohto kr\u00e1sneho d\u0148a n\u00e1jdete na <\/span><a href=\"https:\/\/www.welovecycling.com\/sk\/2023\/05\/25\/foto-skoda-mtb-maraton-rajecke-teplice-2023\/\" target=\"_blank\" rel=\"noopener\"><span style=\"font-weight: 400;\">tomto odkaze<\/span><\/a><span style=\"font-weight: 400;\">.<\/span><\/p>\n<p><img loading=\"lazy\" decoding=\"async\" class=\"alignnone size-full wp-image-18246\" src=\"https:\/\/d2p6e6u75xmxt8.cloudfront.net\/4\/2023\/09\/03.webp\" alt=\"\" width=\"990\" height=\"660\" srcset=\"https:\/\/d2p6e6u75xmxt8.cloudfront.net\/4\/2023\/09\/03.webp 990w, https:\/\/d2p6e6u75xmxt8.cloudfront.net\/4\/2023\/09\/03-300x200.webp 300w, https:\/\/d2p6e6u75xmxt8.cloudfront.net\/4\/2023\/09\/03-768x512.webp 768w, https:\/\/d2p6e6u75xmxt8.cloudfront.net\/4\/2023\/09\/03-400x267.webp 400w, https:\/\/d2p6e6u75xmxt8.cloudfront.net\/4\/2023\/09\/03-272x182.webp 272w\" sizes=\"auto, (max-width: 990px) 100vw, 990px\" \/><\/p>\n<h2><b>\u0160koda Slovensk\u00fd raj<\/b><\/h2>\n<p><span style=\"font-weight: 400;\">\u010cakali n\u00e1s dve j\u00fanov\u00e9 kol\u00e1. To prv\u00e9 bolo v\u00a0raji \u2013 \u00e1no, v\u00a0tom na\u0161om Slovenskom raji. <strong>Raz do roka sa otvoria jeho br\u00e1ny pre na\u0161ich cyklistov aj tam, kde to be\u017ene mo\u017en\u00e9 nie je.<\/strong> Tak\u017ee vern\u00fd fan\u00fa\u0161ik cyklistiky nev\u00e1ha a z\u00fa\u010dast\u0148uje sa \u0160BOT na tomto kr\u00e1snom mieste. V tomto pr\u00edpade za\u00faradovalo po\u010dasie a ve\u013ek\u00e9 da\u017ede cel\u00fd t\u00fd\u017ede\u0148 predt\u00fdm asi odradili nieko\u013eko s\u00fa\u0165a\u017eiacich. Celkovo sa z\u00fa\u010dastnilo 510 pretek\u00e1rov, z\u00a0toho 384 mu\u017eov a\u00a041 \u017eien.\u00a0<\/span><\/p>\n<p><span style=\"font-weight: 400;\">Pozrime sa na v\u00ed\u0165azov na jednotliv\u00fdch tratiach:\u00a0<\/span><\/p>\n<ul>\n<li><span style=\"font-weight: 400;\">Dlh\u00e1 tra\u0165 \u2013 <strong>Luk\u00e1\u0161 Kubi\u0161<\/strong> a <strong>Simona Sabolov\u00e1<\/strong><\/span><\/li>\n<li>Stredn\u00e1 tra\u0165 \u2013 <strong>Patrik Podolak<\/strong> a <strong>Barbora Heged\u00fa\u0161ov\u00e1<\/strong><\/li>\n<li>Kr\u00e1tka tra\u0165 \u2013 <strong>\u0160imon Por\u00e1\u010d<\/strong> a <strong>J\u00falia Kunov\u00e1<\/strong><\/li>\n<\/ul>\n<p><span style=\"font-weight: 400;\">Nezab\u00fadame prida\u0165 ani report\u00e1\u017e, ktor\u00fa pripravil Erik Horv\u00e1th. Erik si vybral dlh\u00fa tra\u0165 a vzh\u013eadom na \u0165a\u017ek\u00e9 podmienky skon\u010dil na 45. mieste. Ka\u017edop\u00e1dne report\u00e1\u017e stoj\u00ed za pre\u010d\u00edtanie, preto\u017ee za\u017eijete aspo\u0148 trochu neop\u00edsate\u013en\u00fa atmosf\u00e9ru tak\u00fdchto pretekov, ktor\u00fa dotvor\u00ed naozaj <\/span><a href=\"https:\/\/www.welovecycling.com\/sk\/2023\/06\/13\/foto-skoda-mtb-maraton-slovensky-raj\/\" target=\"_blank\" rel=\"noopener\"><span style=\"font-weight: 400;\">pestr\u00e1 fotogal\u00e9ria<\/span><\/a><span style=\"font-weight: 400;\">.\u00a0<\/span><\/p>\n<div class=\"shortcode-ys-post-pinup\"><article class=\"loop-simple post-17654 post type-post status-publish format-standard has-post-thumbnail hentry category-reportaz tag-blato tag-dazd tag-deti tag-deti-na-bicykli tag-family tag-leto tag-maraton tag-motivacia tag-preteky tag-reportaz tag-rodinny-maraton tag-sezona-2023 tag-skoda tag-sbot tag-slovensko tag-slovensky-raj tag-zabava global-categories-cycling\" data-postid=\"17654\" role=\"article\" data-post-id=\"17654\" data-word-count=\"969\" data-headline-length=\"67\" data-category=\"Report\u00e1\u017e\" data-global-category=\"Cycling\" data-author=\"Erik Horv\u00e1th\" data-published=\"2023-06-14T10:24:30+02:00\" data-published-day=\"Wednesday\">\n    <div class=\"entry-thumbnail article-thumbnail\" content=\"https:\/\/d2p6e6u75xmxt8.cloudfront.net\/4\/2023\/06\/titulka-150x150.webp\"><a href=\"https:\/\/www.welovecycling.com\/sk\/2023\/06\/14\/reportaz-skoda-slovensky-raj-zaciatok-leta-plny-vody\/\" class=\"image-holder\" target=\"_self\"><img decoding=\"async\" loading=\"lazy\" class=\"\" src=\"https:\/\/d2p6e6u75xmxt8.cloudfront.net\/4\/2023\/06\/titulka.webp\" srcset=\"https:\/\/d2p6e6u75xmxt8.cloudfront.net\/4\/2023\/06\/titulka.webp 990w, https:\/\/d2p6e6u75xmxt8.cloudfront.net\/4\/2023\/06\/titulka-300x200.webp 300w, https:\/\/d2p6e6u75xmxt8.cloudfront.net\/4\/2023\/06\/titulka-768x512.webp 768w, https:\/\/d2p6e6u75xmxt8.cloudfront.net\/4\/2023\/06\/titulka-400x267.webp 400w, https:\/\/d2p6e6u75xmxt8.cloudfront.net\/4\/2023\/06\/titulka-272x182.webp 272w\" width=\"990\" height=\"660\" sizes=\"auto, (min-width: 1200px) 300px, (min-width: 768px) 25vw, 100vw\" alt=\"reportaz-skoda-slovensky-raj-zaciatok-leta-plny-vody\"\/><\/a><\/div>    <div class=\"entry-meta\">\n        <a class=\"label label-secondary post-category\" href=\"https:\/\/www.welovecycling.com\/sk\/category\/sbot\/reportaz\/\" title=\"Report\u00e1\u017e\">Report\u00e1\u017e<\/a>\n    <\/div>\n    <div class=\"entry-details\">\n        <a href=\"https:\/\/www.welovecycling.com\/sk\/2023\/06\/14\/reportaz-skoda-slovensky-raj-zaciatok-leta-plny-vody\/\" class='entry-title-wrapper'>\n            <h3 class=\"entry-title\"><span>Report\u00e1\u017e: \u0160koda Slovensk\u00fd raj &#8211; za\u010diatok leta pln\u00fd vody<\/span><\/h3>\n        <\/a>\n    <\/div>\n    <\/article>\n<\/div>\n<p><img loading=\"lazy\" decoding=\"async\" class=\"alignnone size-full wp-image-18247\" src=\"https:\/\/d2p6e6u75xmxt8.cloudfront.net\/4\/2023\/09\/04.webp\" alt=\"\" width=\"990\" height=\"660\" srcset=\"https:\/\/d2p6e6u75xmxt8.cloudfront.net\/4\/2023\/09\/04.webp 990w, https:\/\/d2p6e6u75xmxt8.cloudfront.net\/4\/2023\/09\/04-300x200.webp 300w, https:\/\/d2p6e6u75xmxt8.cloudfront.net\/4\/2023\/09\/04-768x512.webp 768w, https:\/\/d2p6e6u75xmxt8.cloudfront.net\/4\/2023\/09\/04-400x267.webp 400w, https:\/\/d2p6e6u75xmxt8.cloudfront.net\/4\/2023\/09\/04-272x182.webp 272w\" sizes=\"auto, (max-width: 990px) 100vw, 990px\" \/><\/p>\n<h2><b>\u0160KODA MTB cyklomarat\u00f3n Topo\u013e\u010dianky 2023<\/b><\/h2>\n<p><span style=\"font-weight: 400;\">Tesne pred letn\u00fdmi pr\u00e1zdninami sme si e\u0161te zajazdili v Topo\u013e\u010diankach.\u00a0Na \u0161tart sa postavilo 557 \u00fa\u010dastn\u00edkov z toho\u00a0415 mu\u017eov a 45 \u017eien. Druhou najv\u00e4\u010d\u0161ou \u00fa\u010das\u0165ou v\u00a0s\u00e9rii \u0160KODA BIKE OPEN TOUR sa m\u00f4\u017ee pochv\u00e1li\u0165 aj kateg\u00f3ria Family, kde pretekalo a\u017e 97 \u00fa\u010dastn\u00edkov. <strong>Ve\u013ek\u00fdm l\u00e1kadlom na trati v Topo\u013e\u010diankach je ak\u00e1si horsk\u00e1 pr\u00e9mia v\u00a0st\u00fapan\u00ed ku hradu Hru\u0161ov, kde m\u00f4\u017eete z\u00edska\u0165 ocenenie Kr\u00e1\u013e a\u00a0Kr\u00e1\u013eovn\u00e1 hradu.<\/strong> A\u00a0nesmieme zab\u00fada\u0165, \u017ee sa jazd\u00ed v\u00a0tajuplnom prostred\u00ed pohoria Tr\u00edbe\u010d.<\/span><\/p>\n<p><span style=\"font-weight: 400;\">Pozrime sa na v\u00ed\u0165azov na jednotliv\u00fdch tratiach:\u00a0<\/span><\/p>\n<ul>\n<li><span style=\"font-weight: 400;\">Dlh\u00e1 tra\u0165 \u2013 <strong>Karel Hartl<\/strong> a <strong>Erika Glajzov\u00e1<\/strong><\/span><\/li>\n<li>Stredn\u00e1 tra\u0165 \u2013 <strong>J\u00e1n Vierik<\/strong> a<strong> Miroslava Belkov\u00e1<\/strong><\/li>\n<li>Kr\u00e1tka tra\u0165 \u2013 <strong>Peter \u0160olt\u00e9s<\/strong> a <strong>Zuzana Kasmanov\u00e1<\/strong><\/li>\n<\/ul>\n<p><span style=\"font-weight: 400;\">Michal Procner pre v\u00e1s sp\u00edsal report\u00e1\u017e o\u00a0tom, ako sa pre neho preteky stali survival z\u00e1\u017eitkom. <strong>V\u00a0polovici pretekov za\u010dali probl\u00e9my s\u00a0m\u00e4kkou pneumatikou, dof\u00fakanie bombi\u010dkou CO2 to len zhor\u0161ilo \u2013 no ve\u010f si to pre\u010d\u00edtajte.<\/strong> Nakoniec to v\u0161ak dopadlo pre neho predsa len dobre. Cel\u00fd de\u0148 m\u00e1me op\u00e4\u0165 kr\u00e1sne zdokumentovan\u00fd aj na <\/span><a href=\"https:\/\/www.welovecycling.com\/sk\/2023\/06\/28\/foto-skoda-mtb-cyklomaraton-topolcianky-2023\/\" target=\"_blank\" rel=\"noopener\"><span style=\"font-weight: 400;\">fotografi\u00e1ch<\/span><\/a><span style=\"font-weight: 400;\"> od Petra Regeca, \u010fakujeme!<\/span><\/p>\n<div class=\"shortcode-ys-post-pinup\"><article class=\"loop-simple post-17775 post type-post status-publish format-standard has-post-thumbnail hentry category-reportaz category-sbot tag-deti tag-horska-cyklistika tag-leto tag-maraton tag-motivacia tag-mtb tag-reportaz tag-rodina tag-sezona-2023 tag-skoda tag-sbot tag-skoda-mtb-cyklomaraton-topolcianky tag-topolcianky tag-zabava tag-zjazd global-categories-cycling\" data-postid=\"17775\" role=\"article\" data-post-id=\"17775\" data-word-count=\"650\" data-headline-length=\"116\" data-category=\"Report\u00e1\u017e\" data-global-category=\"Cycling\" data-author=\"Michal Procner\" data-published=\"2023-06-29T10:42:41+02:00\" data-published-day=\"Thursday\">\n    <div class=\"entry-thumbnail article-thumbnail\" content=\"https:\/\/d2p6e6u75xmxt8.cloudfront.net\/4\/2023\/06\/wlc-1-150x150.webp\"><a href=\"https:\/\/www.welovecycling.com\/sk\/2023\/06\/29\/reportaz-skoda-mtb-cyklomaraton-topolcianky-2023-ako-sa-stal-z-dobre-rozbehnutych-pretekov-survival\/\" class=\"image-holder\" target=\"_self\"><img decoding=\"async\" loading=\"lazy\" class=\"\" src=\"https:\/\/d2p6e6u75xmxt8.cloudfront.net\/4\/2023\/06\/wlc-1.webp\" srcset=\"https:\/\/d2p6e6u75xmxt8.cloudfront.net\/4\/2023\/06\/wlc-1.webp 990w, https:\/\/d2p6e6u75xmxt8.cloudfront.net\/4\/2023\/06\/wlc-1-300x200.webp 300w, https:\/\/d2p6e6u75xmxt8.cloudfront.net\/4\/2023\/06\/wlc-1-768x512.webp 768w, https:\/\/d2p6e6u75xmxt8.cloudfront.net\/4\/2023\/06\/wlc-1-400x267.webp 400w, https:\/\/d2p6e6u75xmxt8.cloudfront.net\/4\/2023\/06\/wlc-1-272x182.webp 272w\" width=\"990\" height=\"660\" sizes=\"auto, (min-width: 1200px) 300px, (min-width: 768px) 25vw, 100vw\" alt=\"reportaz-skoda-mtb-cyklomaraton-topolcianky-2023-ako-sa-stal-z-dobre-rozbehnutych-pretekov-survival\"\/><\/a><\/div>    <div class=\"entry-meta\">\n        <a class=\"label label-secondary post-category\" href=\"https:\/\/www.welovecycling.com\/sk\/category\/sbot\/reportaz\/\" title=\"Report\u00e1\u017e\">Report\u00e1\u017e<\/a>\n    <\/div>\n    <div class=\"entry-details\">\n        <a href=\"https:\/\/www.welovecycling.com\/sk\/2023\/06\/29\/reportaz-skoda-mtb-cyklomaraton-topolcianky-2023-ako-sa-stal-z-dobre-rozbehnutych-pretekov-survival\/\" class='entry-title-wrapper'>\n            <h3 class=\"entry-title\"><span>Report\u00e1\u017e: \u0160KODA MTB cyklomarat\u00f3n Topo\u013e\u010dianky 2023 \u2013 ako sa stal z\u00a0dobre rozbehnut\u00fdch pretekov survival\u00a0\u00a0<\/span><\/h3>\n        <\/a>\n    <\/div>\n    <\/article>\n<\/div>\n<p><img loading=\"lazy\" decoding=\"async\" class=\"alignnone size-full wp-image-18248\" src=\"https:\/\/d2p6e6u75xmxt8.cloudfront.net\/4\/2023\/09\/05.webp\" alt=\"\" width=\"990\" height=\"660\" srcset=\"https:\/\/d2p6e6u75xmxt8.cloudfront.net\/4\/2023\/09\/05.webp 990w, https:\/\/d2p6e6u75xmxt8.cloudfront.net\/4\/2023\/09\/05-300x200.webp 300w, https:\/\/d2p6e6u75xmxt8.cloudfront.net\/4\/2023\/09\/05-768x512.webp 768w, https:\/\/d2p6e6u75xmxt8.cloudfront.net\/4\/2023\/09\/05-400x267.webp 400w, https:\/\/d2p6e6u75xmxt8.cloudfront.net\/4\/2023\/09\/05-272x182.webp 272w\" sizes=\"auto, (max-width: 990px) 100vw, 990px\" \/><\/p>\n<h2><b>\u0160KODA MTB marat\u00f3n Levo\u010dsk\u00e9 vrchy<\/b><\/h2>\n<p><span style=\"font-weight: 400;\">Hor\u00face letn\u00e9 dni sme si u\u017eili v Levo\u010di. Niet sa \u010do divi\u0165, ve\u010f sa jazdilo uprostred leta a\u00a0tie hor\u00fa\u010davy k\u00a0tomu jednoducho patria. Na \u0161tarte sme videli 470 pretek\u00e1rov, z\u00a0toho 362 mu\u017eov a\u00a046 \u017eien. <strong>Levo\u010da je zn\u00e1ma t\u00fdm, \u017ee pr\u00e1ve tu sa zaviedol ekologick\u00fd pr\u00edstup k\u00a0pretekom a\u00a0roz\u0161\u00edril sa na v\u0161etky kol\u00e1 v\u00a0s\u00e9rii.<\/strong> Rozhovor nielen o\u00a0n\u00e1pade s trieden\u00edm odpadu, ale aj o\u00a0tom, ako vyzer\u00e1 de\u0148 \u010dlenky organiza\u010dn\u00e9ho t\u00edmu, n\u00e1jdete v\u00a0skvelom rozhovore s\u00a0M\u00e1riou Stanovi\u010dovou. \u00a0<\/span><\/p>\n<div class=\"shortcode-ys-post-pinup\"><article class=\"loop-simple post-17836 post type-post status-publish format-standard has-post-thumbnail hentry category-sbot tag-cyklista tag-cyklisticka-destinacia tag-cyklisticka-komunita tag-cyklistka tag-ekologia tag-family tag-horska-cyklistika tag-levoca tag-maraton tag-mtb tag-rodina tag-rodinny-maraton tag-rozhovor tag-skoda tag-skoda-mtb-maraton-levocske-vrchy global-categories-cycling\" data-postid=\"17836\" role=\"article\" data-post-id=\"17836\" data-word-count=\"1169\" data-headline-length=\"71\" data-category=\"\u0160koda Bike Open Tour\" data-global-category=\"Cycling\" data-author=\"Radovan Vr\u0161ka\" data-published=\"2023-07-12T10:00:03+02:00\" data-published-day=\"Wednesday\">\n    <div class=\"entry-thumbnail article-thumbnail\" content=\"https:\/\/d2p6e6u75xmxt8.cloudfront.net\/4\/2023\/07\/01-150x150.webp\"><a href=\"https:\/\/www.welovecycling.com\/sk\/2023\/07\/12\/rozhovor-maria-stanovicova-skoda-mtb-maraton-levocske-vrchy\/\" class=\"image-holder\" target=\"_self\"><img decoding=\"async\" loading=\"lazy\" class=\"\" src=\"https:\/\/d2p6e6u75xmxt8.cloudfront.net\/4\/2023\/07\/01.webp\" srcset=\"https:\/\/d2p6e6u75xmxt8.cloudfront.net\/4\/2023\/07\/01.webp 990w, https:\/\/d2p6e6u75xmxt8.cloudfront.net\/4\/2023\/07\/01-300x200.webp 300w, https:\/\/d2p6e6u75xmxt8.cloudfront.net\/4\/2023\/07\/01-768x512.webp 768w, https:\/\/d2p6e6u75xmxt8.cloudfront.net\/4\/2023\/07\/01-400x267.webp 400w, https:\/\/d2p6e6u75xmxt8.cloudfront.net\/4\/2023\/07\/01-272x182.webp 272w\" width=\"990\" height=\"660\" sizes=\"auto, (min-width: 1200px) 300px, (min-width: 768px) 25vw, 100vw\" alt=\"rozhovor-maria-stanovicova-skoda-mtb-maraton-levocske-vrchy\"\/><\/a><\/div>    <div class=\"entry-meta\">\n        <a class=\"label label-secondary post-category\" href=\"https:\/\/www.welovecycling.com\/sk\/category\/sbot\/\" title=\"\u0160koda Bike Open Tour\">\u0160koda Bike Open Tour<\/a>\n    <\/div>\n    <div class=\"entry-details\">\n        <a href=\"https:\/\/www.welovecycling.com\/sk\/2023\/07\/12\/rozhovor-maria-stanovicova-skoda-mtb-maraton-levocske-vrchy\/\" class='entry-title-wrapper'>\n            <h3 class=\"entry-title\"><span>Rozhovor: M\u00e1ria Stanovi\u010dov\u00e1 \u2013 \u0160KODA MTB marat\u00f3n Levo\u010dsk\u00e9 vrchy<\/span><\/h3>\n        <\/a>\n    <\/div>\n    <\/article>\n<\/div>\n<p><img loading=\"lazy\" decoding=\"async\" class=\"alignnone size-full wp-image-18249\" src=\"https:\/\/d2p6e6u75xmxt8.cloudfront.net\/4\/2023\/09\/12.webp\" alt=\"\" width=\"990\" height=\"660\" srcset=\"https:\/\/d2p6e6u75xmxt8.cloudfront.net\/4\/2023\/09\/12.webp 990w, https:\/\/d2p6e6u75xmxt8.cloudfront.net\/4\/2023\/09\/12-300x200.webp 300w, https:\/\/d2p6e6u75xmxt8.cloudfront.net\/4\/2023\/09\/12-768x512.webp 768w, https:\/\/d2p6e6u75xmxt8.cloudfront.net\/4\/2023\/09\/12-400x267.webp 400w, https:\/\/d2p6e6u75xmxt8.cloudfront.net\/4\/2023\/09\/12-272x182.webp 272w\" sizes=\"auto, (max-width: 990px) 100vw, 990px\" \/><\/p>\n<p><span style=\"font-weight: 400;\">Pozrime sa na v\u00ed\u0165azov na jednotliv\u00fdch tratiach:\u00a0<\/span><\/p>\n<ul>\n<li><span style=\"font-weight: 400;\">Dlh\u00e1 tra\u0165 \u2013 <strong>Igor Cibula<\/strong> a <strong>Janka Keseg \u0160tevkov\u00e1<\/strong><\/span><\/li>\n<li>Stredn\u00e1 tra\u0165 \u2013 <strong>Martin Senko<\/strong> a <strong>Miroslava Belkov\u00e1<\/strong><\/li>\n<li>Kr\u00e1tka tra\u0165 \u2013<strong> Tom\u00e1\u0161 Zeman<\/strong> a<strong> Diana Cetlov\u00e1<\/strong><\/li>\n<\/ul>\n<div id='gallery-1' class='gallery galleryid-17836 gallery-columns-2 gallery-size-full'><figure class='gallery-item'>\n\t\t\t<div class='gallery-icon landscape'>\n\t\t\t\t<a href='https:\/\/d2p6e6u75xmxt8.cloudfront.net\/4\/2023\/09\/07.webp'><img loading=\"lazy\" decoding=\"async\" width=\"990\" height=\"660\" src=\"https:\/\/d2p6e6u75xmxt8.cloudfront.net\/4\/2023\/09\/07.webp\" class=\"attachment-full size-full\" alt=\"\" srcset=\"https:\/\/d2p6e6u75xmxt8.cloudfront.net\/4\/2023\/09\/07.webp 990w, https:\/\/d2p6e6u75xmxt8.cloudfront.net\/4\/2023\/09\/07-300x200.webp 300w, https:\/\/d2p6e6u75xmxt8.cloudfront.net\/4\/2023\/09\/07-768x512.webp 768w, https:\/\/d2p6e6u75xmxt8.cloudfront.net\/4\/2023\/09\/07-400x267.webp 400w, https:\/\/d2p6e6u75xmxt8.cloudfront.net\/4\/2023\/09\/07-272x182.webp 272w\" sizes=\"auto, (max-width: 990px) 100vw, 990px\" \/><\/a>\n\t\t\t<\/div><\/figure><figure class='gallery-item'>\n\t\t\t<div class='gallery-icon landscape'>\n\t\t\t\t<a href='https:\/\/d2p6e6u75xmxt8.cloudfront.net\/4\/2023\/09\/08.webp'><img loading=\"lazy\" decoding=\"async\" width=\"990\" height=\"660\" src=\"https:\/\/d2p6e6u75xmxt8.cloudfront.net\/4\/2023\/09\/08.webp\" class=\"attachment-full size-full\" alt=\"\" srcset=\"https:\/\/d2p6e6u75xmxt8.cloudfront.net\/4\/2023\/09\/08.webp 990w, https:\/\/d2p6e6u75xmxt8.cloudfront.net\/4\/2023\/09\/08-300x200.webp 300w, https:\/\/d2p6e6u75xmxt8.cloudfront.net\/4\/2023\/09\/08-768x512.webp 768w, https:\/\/d2p6e6u75xmxt8.cloudfront.net\/4\/2023\/09\/08-400x267.webp 400w, https:\/\/d2p6e6u75xmxt8.cloudfront.net\/4\/2023\/09\/08-272x182.webp 272w\" sizes=\"auto, (max-width: 990px) 100vw, 990px\" \/><\/a>\n\t\t\t<\/div><\/figure>\n\t\t<\/div>\n\n<p><span style=\"font-weight: 400;\"><strong>Robert Gombala v\u00a0report\u00e1\u017ei prirovn\u00e1va Levo\u010dsk\u00e9 vrchy k\u00a0peklu severu \u2013 to v\u0161ak len z\u00a0d\u00f4vodu vysok\u00fdch tepl\u00f4t,<\/strong> ktor\u00e9 dali pretek\u00e1rom tohto kola s\u00e9rie \u0160KODA BIKE OPEN TOUR slu\u0161ne zabra\u0165. Nesta\u010dili ani dve f\u013ea\u0161e vody, e\u0161te \u017ee boli cestou pripraven\u00e9 ob\u010derstvovacie st\u00e1nky. Z\u00e1kladom v\u0161ak je nezabudn\u00fa\u0165 na doplnenie z\u00e1sob vody, ako sa stalo v\u00a0tomto pr\u00edpade.\u00a0\u00a0<\/span><\/p>\n<div class=\"shortcode-ys-post-pinup\"><article class=\"loop-simple post-17938 post type-post status-publish format-standard has-post-thumbnail hentry category-reportaz tag-horska-cyklistika tag-leto tag-levoca tag-maraton tag-mtb tag-mtb-jazda tag-preteky tag-reportaz tag-rodinny-maraton tag-sezona-2023 tag-skoda tag-sbot tag-skoda-mtb-maraton-levocske-vrchy tag-slovensko tag-teplo global-categories-cycling\" data-postid=\"17938\" role=\"article\" data-post-id=\"17938\" data-word-count=\"596\" data-headline-length=\"67\" data-category=\"Report\u00e1\u017e\" data-global-category=\"Cycling\" data-author=\"Robert Gombala\" data-published=\"2023-07-20T10:23:59+02:00\" data-published-day=\"Thursday\">\n    <div class=\"entry-thumbnail article-thumbnail\" content=\"https:\/\/d2p6e6u75xmxt8.cloudfront.net\/4\/2023\/07\/sbot-levoca-329-150x150.webp\"><a href=\"https:\/\/www.welovecycling.com\/sk\/2023\/07\/20\/reportaz-skoda-mtb-maraton-levocske-vrchy-alebo-peklo-severu\/\" class=\"image-holder\" target=\"_self\"><img decoding=\"async\" loading=\"lazy\" class=\"\" src=\"https:\/\/d2p6e6u75xmxt8.cloudfront.net\/4\/2023\/07\/sbot-levoca-329.webp\" srcset=\"https:\/\/d2p6e6u75xmxt8.cloudfront.net\/4\/2023\/07\/sbot-levoca-329.webp 990w, https:\/\/d2p6e6u75xmxt8.cloudfront.net\/4\/2023\/07\/sbot-levoca-329-300x200.webp 300w, https:\/\/d2p6e6u75xmxt8.cloudfront.net\/4\/2023\/07\/sbot-levoca-329-768x512.webp 768w, https:\/\/d2p6e6u75xmxt8.cloudfront.net\/4\/2023\/07\/sbot-levoca-329-400x267.webp 400w, https:\/\/d2p6e6u75xmxt8.cloudfront.net\/4\/2023\/07\/sbot-levoca-329-272x182.webp 272w\" width=\"990\" height=\"660\" sizes=\"auto, (min-width: 1200px) 300px, (min-width: 768px) 25vw, 100vw\" alt=\"reportaz-skoda-mtb-maraton-levocske-vrchy-alebo-peklo-severu\"\/><\/a><\/div>    <div class=\"entry-meta\">\n        <a class=\"label label-secondary post-category\" href=\"https:\/\/www.welovecycling.com\/sk\/category\/sbot\/reportaz\/\" title=\"Report\u00e1\u017e\">Report\u00e1\u017e<\/a>\n    <\/div>\n    <div class=\"entry-details\">\n        <a href=\"https:\/\/www.welovecycling.com\/sk\/2023\/07\/20\/reportaz-skoda-mtb-maraton-levocske-vrchy-alebo-peklo-severu\/\" class='entry-title-wrapper'>\n            <h3 class=\"entry-title\"><span>Report\u00e1\u017e: \u0160koda MTB marat\u00f3n Levo\u010dsk\u00e9 vrchy alebo peklo severu<\/span><\/h3>\n        <\/a>\n    <\/div>\n    <\/article>\n<\/div>\n<p><a href=\"https:\/\/www.welovecycling.com\/sk\/2023\/07\/19\/skoda-mtb-maraton-levoca\/\" target=\"_blank\" rel=\"noopener\"><span style=\"font-weight: 400;\">Takto kr\u00e1sne<\/span><\/a><span style=\"font-weight: 400;\"> je v Levo\u010di a jej okol\u00ed.<\/span><\/p>\n<div id='gallery-2' class='gallery galleryid-17938 gallery-columns-2 gallery-size-full'><figure class='gallery-item'>\n\t\t\t<div class='gallery-icon landscape'>\n\t\t\t\t<a href='https:\/\/d2p6e6u75xmxt8.cloudfront.net\/4\/2023\/09\/06.webp'><img loading=\"lazy\" decoding=\"async\" width=\"990\" height=\"660\" src=\"https:\/\/d2p6e6u75xmxt8.cloudfront.net\/4\/2023\/09\/06.webp\" class=\"attachment-full size-full\" alt=\"\" srcset=\"https:\/\/d2p6e6u75xmxt8.cloudfront.net\/4\/2023\/09\/06.webp 990w, https:\/\/d2p6e6u75xmxt8.cloudfront.net\/4\/2023\/09\/06-300x200.webp 300w, https:\/\/d2p6e6u75xmxt8.cloudfront.net\/4\/2023\/09\/06-768x512.webp 768w, https:\/\/d2p6e6u75xmxt8.cloudfront.net\/4\/2023\/09\/06-400x267.webp 400w, https:\/\/d2p6e6u75xmxt8.cloudfront.net\/4\/2023\/09\/06-272x182.webp 272w\" sizes=\"auto, (max-width: 990px) 100vw, 990px\" \/><\/a>\n\t\t\t<\/div><\/figure><figure class='gallery-item'>\n\t\t\t<div class='gallery-icon landscape'>\n\t\t\t\t<a href='https:\/\/d2p6e6u75xmxt8.cloudfront.net\/4\/2023\/09\/10.webp'><img loading=\"lazy\" decoding=\"async\" width=\"990\" height=\"660\" src=\"https:\/\/d2p6e6u75xmxt8.cloudfront.net\/4\/2023\/09\/10.webp\" class=\"attachment-full size-full\" alt=\"\" srcset=\"https:\/\/d2p6e6u75xmxt8.cloudfront.net\/4\/2023\/09\/10.webp 990w, https:\/\/d2p6e6u75xmxt8.cloudfront.net\/4\/2023\/09\/10-300x200.webp 300w, https:\/\/d2p6e6u75xmxt8.cloudfront.net\/4\/2023\/09\/10-768x512.webp 768w, https:\/\/d2p6e6u75xmxt8.cloudfront.net\/4\/2023\/09\/10-400x267.webp 400w, https:\/\/d2p6e6u75xmxt8.cloudfront.net\/4\/2023\/09\/10-272x182.webp 272w\" sizes=\"auto, (max-width: 990px) 100vw, 990px\" \/><\/a>\n\t\t\t<\/div><\/figure>\n\t\t<\/div>\n\n<h2><b>\u0160KODA MTB cyklomarat\u00f3n Topo\u013e\u010dianky 2023<\/b><\/h2>\n<p><span style=\"font-weight: 400;\">Z\u00e1ver sez\u00f3ny patril Svitu a marat\u00f3nu Horal, ktor\u00fd sa kon\u00e1 bez prest\u00e1vky u\u017e od roku 2000. Po\u010dasie bolo dokonal\u00e9 a\u00a0na \u0161tart sa postavilo 618 pretek\u00e1rov, z\u00a0toho 399 mu\u017eov a\u00a046 \u017eien.\u00a0<strong>Treba spomen\u00fa\u0165 rekordn\u00fa \u00fa\u010das\u0165 det\u00ed, preto\u017ee na trati Family bolo a\u017e 173 \u00fa\u010dastn\u00edkov, \u010do je skvel\u00e9.<\/strong> Nemus\u00edme sa ob\u00e1va\u0165, \u017ee by cyklistika nemala \u010fal\u0161iu gener\u00e1ciu pretek\u00e1rov. \ud83d\ude42<\/span><\/p>\n<p><img loading=\"lazy\" decoding=\"async\" class=\"alignnone size-full wp-image-18254\" src=\"https:\/\/d2p6e6u75xmxt8.cloudfront.net\/4\/2023\/09\/13.webp\" alt=\"\" width=\"990\" height=\"660\" srcset=\"https:\/\/d2p6e6u75xmxt8.cloudfront.net\/4\/2023\/09\/13.webp 990w, https:\/\/d2p6e6u75xmxt8.cloudfront.net\/4\/2023\/09\/13-300x200.webp 300w, https:\/\/d2p6e6u75xmxt8.cloudfront.net\/4\/2023\/09\/13-768x512.webp 768w, https:\/\/d2p6e6u75xmxt8.cloudfront.net\/4\/2023\/09\/13-400x267.webp 400w, https:\/\/d2p6e6u75xmxt8.cloudfront.net\/4\/2023\/09\/13-272x182.webp 272w\" sizes=\"auto, (max-width: 990px) 100vw, 990px\" \/><\/p>\n<p><span style=\"font-weight: 400;\">Pozrime sa na v\u00ed\u0165azov na jednotliv\u00fdch tratiach:\u00a0<\/span><\/p>\n<ul>\n<li><span style=\"font-weight: 400;\">Krejzi \u2013 <strong>Milan Damek <\/strong><\/span><\/li>\n<li>Lejzi \u2013 <strong>Martin Hutta<\/strong> a <strong>Janka Keseg \u0160tevkov\u00e1<\/strong><\/li>\n<li>Senzi \u2013 <strong>Florian Papcun<\/strong> a <strong>Kristi\u00e1na Orl\u00edkov\u00e1<\/strong><\/li>\n<li>\u00cdzi \u2013 <strong>Pavol Brej\u010d\u00e1k<\/strong> a<strong> Zuzana Kasmanov\u00e1<\/strong><\/li>\n<\/ul>\n<p><span style=\"font-weight: 400;\">Katka Gre\u0161ov\u00e1 n\u00e1m u\u017e dala nahliadnu\u0165 do organiz\u00e1cie pretekov s\u00a0mal\u00fdmi de\u0165mi, ale pr\u00e1ve Horal je pre ich rodinu z\u00e1sadn\u00fd, preto\u017ee v\u00a0roku 2021 sa pr\u00e1ve tu prv\u00fdkr\u00e1t postavili na \u0161tart s\u00a0cyklovoz\u00edkom. <strong>Pre\u010d\u00edtajte si, ak\u00e9 je to zvl\u00e1dnu\u0165 nielen pretekanie, ale aj starostlivos\u0165 o\u00a0deti \u2013 prebali\u0165, vycika\u0165, prezliec\u0165, nak\u0155mi\u0165 a\u00a0po tom v\u0161etkom sa pusti\u0165 s\u00a0\u00fasmevom na tra\u0165.\u00a0<\/strong><\/span><\/p>\n<div class=\"shortcode-ys-post-pinup\"><article class=\"loop-simple post-18077 post type-post status-publish format-standard has-post-thumbnail hentry category-reportaz tag-deti tag-deti-na-bicykli tag-family tag-horal tag-horska-cyklistika tag-leto tag-maraton tag-mtb tag-preteky tag-reportaz tag-rodina tag-rodinny-maraton tag-sezona-2023 tag-skoda tag-sbot tag-skoda-horal-mtb-maraton global-categories-cycling\" data-postid=\"18077\" role=\"article\" data-post-id=\"18077\" data-word-count=\"1086\" data-headline-length=\"85\" data-category=\"Report\u00e1\u017e\" data-global-category=\"Cycling\" data-author=\"Katar\u00edna Vasil\u010din Gre\u0161ov\u00e1\" data-published=\"2023-08-16T18:56:54+02:00\" data-published-day=\"Wednesday\">\n    <div class=\"entry-thumbnail article-thumbnail\" content=\"https:\/\/d2p6e6u75xmxt8.cloudfront.net\/4\/2023\/08\/titulka-2-150x150.webp\"><a href=\"https:\/\/www.welovecycling.com\/sk\/2023\/08\/16\/reportaz-skoda-horal-mtb-maraton-rodinna-karavana-na-trati-daisy\/\" class=\"image-holder\" target=\"_self\"><img decoding=\"async\" loading=\"lazy\" class=\"\" src=\"https:\/\/d2p6e6u75xmxt8.cloudfront.net\/4\/2023\/08\/titulka-2.webp\" srcset=\"https:\/\/d2p6e6u75xmxt8.cloudfront.net\/4\/2023\/08\/titulka-2.webp 990w, https:\/\/d2p6e6u75xmxt8.cloudfront.net\/4\/2023\/08\/titulka-2-300x200.webp 300w, https:\/\/d2p6e6u75xmxt8.cloudfront.net\/4\/2023\/08\/titulka-2-768x512.webp 768w, https:\/\/d2p6e6u75xmxt8.cloudfront.net\/4\/2023\/08\/titulka-2-400x267.webp 400w, https:\/\/d2p6e6u75xmxt8.cloudfront.net\/4\/2023\/08\/titulka-2-272x182.webp 272w\" width=\"990\" height=\"660\" sizes=\"auto, (min-width: 1200px) 300px, (min-width: 768px) 25vw, 100vw\" alt=\"reportaz-skoda-horal-mtb-maraton-rodinna-karavana-na-trati-daisy\"\/><\/a><\/div>    <div class=\"entry-meta\">\n        <a class=\"label label-secondary post-category\" href=\"https:\/\/www.welovecycling.com\/sk\/category\/sbot\/reportaz\/\" title=\"Report\u00e1\u017e\">Report\u00e1\u017e<\/a>\n    <\/div>\n    <div class=\"entry-details\">\n        <a href=\"https:\/\/www.welovecycling.com\/sk\/2023\/08\/16\/reportaz-skoda-horal-mtb-maraton-rodinna-karavana-na-trati-daisy\/\" class='entry-title-wrapper'>\n            <h3 class=\"entry-title\"><span>Report\u00e1\u017e: \u0160KODA Horal MTB marat\u00f3n &#8211; rodinn\u00e1 \u201ekarav\u00e1na\u201d na trati Dejzi<\/span><\/h3>\n        <\/a>\n    <\/div>\n    <\/article>\n<\/div>\n<p><span style=\"font-weight: 400;\">Fin\u00e1lov\u00e9 kolo m\u00e1me op\u00e4\u0165 zachyten\u00e9 aj na fotografi\u00e1ch:<\/span><\/p>\n<div class=\"shortcode-ys-post-pinup\"><article class=\"loop-simple post-18072 post type-post status-publish format-standard has-post-thumbnail hentry category-sbot global-categories-cycling\" data-postid=\"18072\" role=\"article\" data-post-id=\"18072\" data-word-count=\"3\" data-headline-length=\"37\" data-category=\"\u0160koda Bike Open Tour\" data-global-category=\"Cycling\" data-author=\"Redakcia WLC\" data-published=\"2023-08-16T16:23:57+02:00\" data-published-day=\"Wednesday\">\n    <div class=\"entry-thumbnail article-thumbnail\" content=\"https:\/\/d2p6e6u75xmxt8.cloudfront.net\/4\/2023\/08\/horal-2023-150x150.webp\"><a href=\"https:\/\/www.welovecycling.com\/sk\/2023\/08\/16\/foto-skoda-horal-mtb-maraton-2023\/\" class=\"image-holder\" target=\"_self\"><img decoding=\"async\" loading=\"lazy\" class=\"\" src=\"https:\/\/d2p6e6u75xmxt8.cloudfront.net\/4\/2023\/08\/horal-2023-1024x683.webp\" srcset=\"https:\/\/d2p6e6u75xmxt8.cloudfront.net\/4\/2023\/08\/horal-2023.webp 1280w, https:\/\/d2p6e6u75xmxt8.cloudfront.net\/4\/2023\/08\/horal-2023-300x200.webp 300w, https:\/\/d2p6e6u75xmxt8.cloudfront.net\/4\/2023\/08\/horal-2023-1024x683.webp 1024w, https:\/\/d2p6e6u75xmxt8.cloudfront.net\/4\/2023\/08\/horal-2023-768x512.webp 768w, https:\/\/d2p6e6u75xmxt8.cloudfront.net\/4\/2023\/08\/horal-2023-400x267.webp 400w, https:\/\/d2p6e6u75xmxt8.cloudfront.net\/4\/2023\/08\/horal-2023-272x182.webp 272w\" width=\"1024\" height=\"683\" sizes=\"auto, (min-width: 1200px) 300px, (min-width: 768px) 25vw, 100vw\" alt=\"foto-skoda-horal-mtb-maraton-2023\"\/><\/a><\/div>    <div class=\"entry-meta\">\n        <a class=\"label label-secondary post-category\" href=\"https:\/\/www.welovecycling.com\/sk\/category\/sbot\/\" title=\"\u0160koda Bike Open Tour\">\u0160koda Bike Open Tour<\/a>\n    <\/div>\n    <div class=\"entry-details\">\n        <a href=\"https:\/\/www.welovecycling.com\/sk\/2023\/08\/16\/foto-skoda-horal-mtb-maraton-2023\/\" class='entry-title-wrapper'>\n            <h3 class=\"entry-title\"><span>FOTO:  \u0160koda HORAL MTB marat\u00f3n 2023<\/span><\/h3>\n        <\/a>\n    <\/div>\n    <\/article>\n<\/div>\n<div id='gallery-3' class='gallery galleryid-18072 gallery-columns-2 gallery-size-full'><figure class='gallery-item'>\n\t\t\t<div class='gallery-icon landscape'>\n\t\t\t\t<a href='https:\/\/d2p6e6u75xmxt8.cloudfront.net\/4\/2023\/09\/09.webp'><img loading=\"lazy\" decoding=\"async\" width=\"990\" height=\"660\" src=\"https:\/\/d2p6e6u75xmxt8.cloudfront.net\/4\/2023\/09\/09.webp\" class=\"attachment-full size-full\" alt=\"\" srcset=\"https:\/\/d2p6e6u75xmxt8.cloudfront.net\/4\/2023\/09\/09.webp 990w, https:\/\/d2p6e6u75xmxt8.cloudfront.net\/4\/2023\/09\/09-300x200.webp 300w, https:\/\/d2p6e6u75xmxt8.cloudfront.net\/4\/2023\/09\/09-768x512.webp 768w, https:\/\/d2p6e6u75xmxt8.cloudfront.net\/4\/2023\/09\/09-400x267.webp 400w, https:\/\/d2p6e6u75xmxt8.cloudfront.net\/4\/2023\/09\/09-272x182.webp 272w\" sizes=\"auto, (max-width: 990px) 100vw, 990px\" \/><\/a>\n\t\t\t<\/div><\/figure><figure class='gallery-item'>\n\t\t\t<div class='gallery-icon landscape'>\n\t\t\t\t<a href='https:\/\/d2p6e6u75xmxt8.cloudfront.net\/4\/2023\/09\/11.webp'><img loading=\"lazy\" decoding=\"async\" width=\"990\" height=\"660\" src=\"https:\/\/d2p6e6u75xmxt8.cloudfront.net\/4\/2023\/09\/11.webp\" class=\"attachment-full size-full\" alt=\"\" srcset=\"https:\/\/d2p6e6u75xmxt8.cloudfront.net\/4\/2023\/09\/11.webp 990w, https:\/\/d2p6e6u75xmxt8.cloudfront.net\/4\/2023\/09\/11-300x200.webp 300w, https:\/\/d2p6e6u75xmxt8.cloudfront.net\/4\/2023\/09\/11-768x512.webp 768w, https:\/\/d2p6e6u75xmxt8.cloudfront.net\/4\/2023\/09\/11-400x267.webp 400w, https:\/\/d2p6e6u75xmxt8.cloudfront.net\/4\/2023\/09\/11-272x182.webp 272w\" sizes=\"auto, (max-width: 990px) 100vw, 990px\" \/><\/a>\n\t\t\t<\/div><\/figure>\n\t\t<\/div>\n\n<p><span style=\"font-weight: 400;\">Samozrejme na \u017eiadnom kole pretekov \u0160KODA BIKE OPEN TOUR nech\u00fdba kvalitn\u00e9 z\u00e1zemie, \u010di u\u017e pre pretek\u00e1rov, ale aj pre ich doprovod a rodiny s de\u0165mi. Kult\u00farny program, atrakcie, st\u00e1nky \u0160KODA a samozrejme bohat\u00e1 tombola a s\u00fa\u0165a\u017ee. Ak ste doteraz v\u00e1hali, bud\u00faci rok ur\u010dite pr\u00ed\u010fte. <strong>U\u017eijete si z\u00e1bavu, n\u00e1jdete nov\u00e9 priate\u013estv\u00e1 a hlavne urob\u00edte nie\u010do pre svoje zdravie, zlep\u0161\u00edte kond\u00edciu a z\u00edskate dobr\u00fd pocit. A to je na nezaplatenie.\u00a0<\/strong><\/span><\/p>\n<p>&nbsp;<\/p>\n","protected":false},"excerpt":{"rendered":"<p>Desa\u0165 rokov \u0161portov\u00fdch z\u00e1\u017eitkov, nespo\u010detn\u00e9 mno\u017estvo pretek\u00e1rov, ve\u013ek\u00e1 d\u00e1vka najazden\u00fdch kilometrov a\u00a0atmosf\u00e9ra z\u00a0ka\u017ed\u00e9ho jedn\u00e9ho kola, na ktor\u00fa spom\u00ednaj\u00fa \u010di u\u017e [&hellip;]<\/p>\n","protected":false},"author":172,"featured_media":18243,"comment_status":"open","ping_status":"open","sticky":false,"template":"","format":"standard","meta":{"footnotes":""},"categories":[33],"tags":[53,964,180,178,179,509,1557,542,35,523,269],"global-categories":[1074],"class_list":["post-18241","post","type-post","status-publish","format-standard","has-post-thumbnail","hentry","category-sbot","tag-deti","tag-family","tag-horska-cyklistika","tag-maraton","tag-preteky","tag-rodina","tag-sezona-2023","tag-skoda","tag-sbot","tag-slovensko","tag-vitaz","global-categories-cycling"],"yoast_head":"<!-- This site is optimized with the Yoast SEO Premium plugin v25.3 (Yoast SEO v25.9) - https:\/\/yoast.com\/wordpress\/plugins\/seo\/ -->\n<title>\u0160KODA BIKE OPEN TOUR 2023 \u2013\u00a0 10. v\u00fdro\u010die vo ve\u013ekom \u0161t\u00fdle - \u0160koda We Love Cycling Slovensko<\/title>\n<meta name=\"description\" content=\"V\u00fdro\u010dn\u00e1 10. s\u00e9ria pretekov horsk\u00fdch bicyklov \u0160KODA BIKE OPEN TOUR za ostatn\u00fdmi nezaostala, prekro\u010dila v\u0161etky o\u010dak\u00e1vania.\u00a0\" \/>\n<meta name=\"robots\" content=\"index, follow, max-snippet:-1, max-image-preview:large, max-video-preview:-1\" \/>\n<link rel=\"canonical\" href=\"https:\/\/www.welovecycling.com\/sk\/2023\/09\/08\/skoda-bike-open-tour-2023-10-vyrocie-vo-velkom-style\/\" \/>\n<meta property=\"og:locale\" content=\"sk_SK\" \/>\n<meta property=\"og:type\" content=\"article\" \/>\n<meta property=\"og:title\" content=\"\u0160KODA BIKE OPEN TOUR 2023 \u2013\u00a0 10. v\u00fdro\u010die vo ve\u013ekom \u0161t\u00fdle\" \/>\n<meta property=\"og:description\" content=\"V\u00fdro\u010dn\u00e1 10. s\u00e9ria pretekov horsk\u00fdch bicyklov \u0160KODA BIKE OPEN TOUR za ostatn\u00fdmi nezaostala, prekro\u010dila v\u0161etky o\u010dak\u00e1vania.\u00a0\" \/>\n<meta property=\"og:url\" content=\"https:\/\/www.welovecycling.com\/sk\/2023\/09\/08\/skoda-bike-open-tour-2023-10-vyrocie-vo-velkom-style\/\" \/>\n<meta property=\"og:site_name\" content=\"\u0160koda We Love Cycling Slovensko\" \/>\n<meta property=\"article:published_time\" content=\"2023-09-08T08:00:45+00:00\" \/>\n<meta property=\"og:image\" content=\"https:\/\/d2p6e6u75xmxt8.cloudfront.net\/4\/2023\/09\/titulka.webp\" \/>\n\t<meta property=\"og:image:width\" content=\"990\" \/>\n\t<meta property=\"og:image:height\" content=\"660\" \/>\n\t<meta property=\"og:image:type\" content=\"image\/webp\" \/>\n<meta name=\"author\" content=\"dominika\" \/>\n<meta name=\"twitter:card\" content=\"summary_large_image\" \/>\n<meta name=\"twitter:label1\" content=\"Written by\" \/>\n\t<meta name=\"twitter:data1\" content=\"Redakcia WLC\" \/>\n\t<meta name=\"twitter:label2\" content=\"Est. reading time\" \/>\n\t<meta name=\"twitter:data2\" content=\"7 minutes\" \/>\n<script type=\"application\/ld+json\" class=\"yoast-schema-graph\">{\"@context\":\"https:\/\/schema.org\",\"@graph\":[{\"@type\":\"WebPage\",\"@id\":\"https:\/\/www.welovecycling.com\/sk\/2023\/09\/08\/skoda-bike-open-tour-2023-10-vyrocie-vo-velkom-style\/\",\"url\":\"https:\/\/www.welovecycling.com\/sk\/2023\/09\/08\/skoda-bike-open-tour-2023-10-vyrocie-vo-velkom-style\/\",\"name\":\"\u0160KODA BIKE OPEN TOUR 2023 \u2013\u00a0 10. v\u00fdro\u010die vo ve\u013ekom \u0161t\u00fdle - \u0160koda We Love Cycling Slovensko\",\"isPartOf\":{\"@id\":\"https:\/\/www.welovecycling.com\/sk\/#website\"},\"primaryImageOfPage\":{\"@id\":\"https:\/\/www.welovecycling.com\/sk\/2023\/09\/08\/skoda-bike-open-tour-2023-10-vyrocie-vo-velkom-style\/#primaryimage\"},\"image\":{\"@id\":\"https:\/\/www.welovecycling.com\/sk\/2023\/09\/08\/skoda-bike-open-tour-2023-10-vyrocie-vo-velkom-style\/#primaryimage\"},\"thumbnailUrl\":\"https:\/\/d2p6e6u75xmxt8.cloudfront.net\/4\/2023\/09\/titulka.webp\",\"datePublished\":\"2023-09-08T08:00:45+00:00\",\"author\":{\"@id\":\"https:\/\/www.welovecycling.com\/sk\/#\/schema\/person\/533b62b98b6c41bd5135ebfb1f742624\"},\"description\":\"V\u00fdro\u010dn\u00e1 10. s\u00e9ria pretekov horsk\u00fdch bicyklov \u0160KODA BIKE OPEN TOUR za ostatn\u00fdmi nezaostala, prekro\u010dila v\u0161etky o\u010dak\u00e1vania.\u00a0\",\"breadcrumb\":{\"@id\":\"https:\/\/www.welovecycling.com\/sk\/2023\/09\/08\/skoda-bike-open-tour-2023-10-vyrocie-vo-velkom-style\/#breadcrumb\"},\"inLanguage\":\"sk-SK\",\"potentialAction\":[{\"@type\":\"ReadAction\",\"target\":[\"https:\/\/www.welovecycling.com\/sk\/2023\/09\/08\/skoda-bike-open-tour-2023-10-vyrocie-vo-velkom-style\/\"]}]},{\"@type\":\"ImageObject\",\"inLanguage\":\"sk-SK\",\"@id\":\"https:\/\/www.welovecycling.com\/sk\/2023\/09\/08\/skoda-bike-open-tour-2023-10-vyrocie-vo-velkom-style\/#primaryimage\",\"url\":\"https:\/\/d2p6e6u75xmxt8.cloudfront.net\/4\/2023\/09\/titulka.webp\",\"contentUrl\":\"https:\/\/d2p6e6u75xmxt8.cloudfront.net\/4\/2023\/09\/titulka.webp\",\"width\":990,\"height\":660,\"caption\":\"\u0160koda Bike Open Tour 2023\"},{\"@type\":\"BreadcrumbList\",\"@id\":\"https:\/\/www.welovecycling.com\/sk\/2023\/09\/08\/skoda-bike-open-tour-2023-10-vyrocie-vo-velkom-style\/#breadcrumb\",\"itemListElement\":[{\"@type\":\"ListItem\",\"position\":1,\"name\":\"Home\",\"item\":\"https:\/\/www.welovecycling.com\/sk\/\"},{\"@type\":\"ListItem\",\"position\":2,\"name\":\"\u0160KODA BIKE OPEN TOUR 2023 \u2013\u00a0 10. v\u00fdro\u010die vo ve\u013ekom \u0161t\u00fdle\"}]},{\"@type\":\"WebSite\",\"@id\":\"https:\/\/www.welovecycling.com\/sk\/#website\",\"url\":\"https:\/\/www.welovecycling.com\/sk\/\",\"name\":\"\u0160koda We Love Cycling Slovensko\",\"description\":\"\u0160koda We Love Cycling Slovensko je v\u00e1\u0161 ka\u017edodenn\u00fd zdroj noviniek a in\u0161pir\u00e1cie z sveta cyklistiky\",\"potentialAction\":[{\"@type\":\"SearchAction\",\"target\":{\"@type\":\"EntryPoint\",\"urlTemplate\":\"https:\/\/www.welovecycling.com\/sk\/?s={search_term_string}\"},\"query-input\":{\"@type\":\"PropertyValueSpecification\",\"valueRequired\":true,\"valueName\":\"search_term_string\"}}],\"inLanguage\":\"sk-SK\"},{\"@type\":\"Person\",\"@id\":\"https:\/\/www.welovecycling.com\/sk\/#\/schema\/person\/533b62b98b6c41bd5135ebfb1f742624\",\"name\":\"dominika\",\"image\":{\"@type\":\"ImageObject\",\"inLanguage\":\"sk-SK\",\"@id\":\"https:\/\/www.welovecycling.com\/sk\/#\/schema\/person\/image\/\",\"url\":\"https:\/\/secure.gravatar.com\/avatar\/ded6f274ba2ec3e17fff153f7d9d96a4b33c2cb63907f75d9a5309c599a7f3e6?s=96&d=mm&r=g\",\"contentUrl\":\"https:\/\/secure.gravatar.com\/avatar\/ded6f274ba2ec3e17fff153f7d9d96a4b33c2cb63907f75d9a5309c599a7f3e6?s=96&d=mm&r=g\",\"caption\":\"dominika\"},\"url\":\"https:\/\/www.welovecycling.com\/sk\/author\/dominika\/\"}]}<\/script>\n<!-- \/ Yoast SEO Premium plugin. -->","yoast_head_json":{"title":"\u0160KODA BIKE OPEN TOUR 2023 \u2013\u00a0 10. v\u00fdro\u010die vo ve\u013ekom \u0161t\u00fdle - \u0160koda We Love Cycling Slovensko","description":"V\u00fdro\u010dn\u00e1 10. s\u00e9ria pretekov horsk\u00fdch bicyklov \u0160KODA BIKE OPEN TOUR za ostatn\u00fdmi nezaostala, prekro\u010dila v\u0161etky o\u010dak\u00e1vania.\u00a0","robots":{"index":"index","follow":"follow","max-snippet":"max-snippet:-1","max-image-preview":"max-image-preview:large","max-video-preview":"max-video-preview:-1"},"canonical":"https:\/\/www.welovecycling.com\/sk\/2023\/09\/08\/skoda-bike-open-tour-2023-10-vyrocie-vo-velkom-style\/","og_locale":"sk_SK","og_type":"article","og_title":"\u0160KODA BIKE OPEN TOUR 2023 \u2013\u00a0 10. v\u00fdro\u010die vo ve\u013ekom \u0161t\u00fdle","og_description":"V\u00fdro\u010dn\u00e1 10. s\u00e9ria pretekov horsk\u00fdch bicyklov \u0160KODA BIKE OPEN TOUR za ostatn\u00fdmi nezaostala, prekro\u010dila v\u0161etky o\u010dak\u00e1vania.\u00a0","og_url":"https:\/\/www.welovecycling.com\/sk\/2023\/09\/08\/skoda-bike-open-tour-2023-10-vyrocie-vo-velkom-style\/","og_site_name":"\u0160koda We Love Cycling Slovensko","article_published_time":"2023-09-08T08:00:45+00:00","og_image":[{"width":990,"height":660,"url":"https:\/\/d2p6e6u75xmxt8.cloudfront.net\/4\/2023\/09\/titulka.webp","type":"image\/webp"}],"author":"dominika","twitter_card":"summary_large_image","twitter_misc":{"Written by":"Redakcia WLC","Est. reading time":"7 minutes"},"schema":{"@context":"https:\/\/schema.org","@graph":[{"@type":"WebPage","@id":"https:\/\/www.welovecycling.com\/sk\/2023\/09\/08\/skoda-bike-open-tour-2023-10-vyrocie-vo-velkom-style\/","url":"https:\/\/www.welovecycling.com\/sk\/2023\/09\/08\/skoda-bike-open-tour-2023-10-vyrocie-vo-velkom-style\/","name":"\u0160KODA BIKE OPEN TOUR 2023 \u2013\u00a0 10. v\u00fdro\u010die vo ve\u013ekom \u0161t\u00fdle - \u0160koda We Love Cycling Slovensko","isPartOf":{"@id":"https:\/\/www.welovecycling.com\/sk\/#website"},"primaryImageOfPage":{"@id":"https:\/\/www.welovecycling.com\/sk\/2023\/09\/08\/skoda-bike-open-tour-2023-10-vyrocie-vo-velkom-style\/#primaryimage"},"image":{"@id":"https:\/\/www.welovecycling.com\/sk\/2023\/09\/08\/skoda-bike-open-tour-2023-10-vyrocie-vo-velkom-style\/#primaryimage"},"thumbnailUrl":"https:\/\/d2p6e6u75xmxt8.cloudfront.net\/4\/2023\/09\/titulka.webp","datePublished":"2023-09-08T08:00:45+00:00","author":{"@id":"https:\/\/www.welovecycling.com\/sk\/#\/schema\/person\/533b62b98b6c41bd5135ebfb1f742624"},"description":"V\u00fdro\u010dn\u00e1 10. s\u00e9ria pretekov horsk\u00fdch bicyklov \u0160KODA BIKE OPEN TOUR za ostatn\u00fdmi nezaostala, prekro\u010dila v\u0161etky o\u010dak\u00e1vania.\u00a0","breadcrumb":{"@id":"https:\/\/www.welovecycling.com\/sk\/2023\/09\/08\/skoda-bike-open-tour-2023-10-vyrocie-vo-velkom-style\/#breadcrumb"},"inLanguage":"sk-SK","potentialAction":[{"@type":"ReadAction","target":["https:\/\/www.welovecycling.com\/sk\/2023\/09\/08\/skoda-bike-open-tour-2023-10-vyrocie-vo-velkom-style\/"]}]},{"@type":"ImageObject","inLanguage":"sk-SK","@id":"https:\/\/www.welovecycling.com\/sk\/2023\/09\/08\/skoda-bike-open-tour-2023-10-vyrocie-vo-velkom-style\/#primaryimage","url":"https:\/\/d2p6e6u75xmxt8.cloudfront.net\/4\/2023\/09\/titulka.webp","contentUrl":"https:\/\/d2p6e6u75xmxt8.cloudfront.net\/4\/2023\/09\/titulka.webp","width":990,"height":660,"caption":"\u0160koda Bike Open Tour 2023"},{"@type":"BreadcrumbList","@id":"https:\/\/www.welovecycling.com\/sk\/2023\/09\/08\/skoda-bike-open-tour-2023-10-vyrocie-vo-velkom-style\/#breadcrumb","itemListElement":[{"@type":"ListItem","position":1,"name":"Home","item":"https:\/\/www.welovecycling.com\/sk\/"},{"@type":"ListItem","position":2,"name":"\u0160KODA BIKE OPEN TOUR 2023 \u2013\u00a0 10. v\u00fdro\u010die vo ve\u013ekom \u0161t\u00fdle"}]},{"@type":"WebSite","@id":"https:\/\/www.welovecycling.com\/sk\/#website","url":"https:\/\/www.welovecycling.com\/sk\/","name":"\u0160koda We Love Cycling Slovensko","description":"\u0160koda We Love Cycling Slovensko je v\u00e1\u0161 ka\u017edodenn\u00fd zdroj noviniek a in\u0161pir\u00e1cie z sveta cyklistiky","potentialAction":[{"@type":"SearchAction","target":{"@type":"EntryPoint","urlTemplate":"https:\/\/www.welovecycling.com\/sk\/?s={search_term_string}"},"query-input":{"@type":"PropertyValueSpecification","valueRequired":true,"valueName":"search_term_string"}}],"inLanguage":"sk-SK"},{"@type":"Person","@id":"https:\/\/www.welovecycling.com\/sk\/#\/schema\/person\/533b62b98b6c41bd5135ebfb1f742624","name":"dominika","image":{"@type":"ImageObject","inLanguage":"sk-SK","@id":"https:\/\/www.welovecycling.com\/sk\/#\/schema\/person\/image\/","url":"https:\/\/secure.gravatar.com\/avatar\/ded6f274ba2ec3e17fff153f7d9d96a4b33c2cb63907f75d9a5309c599a7f3e6?s=96&d=mm&r=g","contentUrl":"https:\/\/secure.gravatar.com\/avatar\/ded6f274ba2ec3e17fff153f7d9d96a4b33c2cb63907f75d9a5309c599a7f3e6?s=96&d=mm&r=g","caption":"dominika"},"url":"https:\/\/www.welovecycling.com\/sk\/author\/dominika\/"}]}},"_links":{"self":[{"href":"https:\/\/www.welovecycling.com\/sk\/wp-json\/wp\/v2\/posts\/18241","targetHints":{"allow":["GET"]}}],"collection":[{"href":"https:\/\/www.welovecycling.com\/sk\/wp-json\/wp\/v2\/posts"}],"about":[{"href":"https:\/\/www.welovecycling.com\/sk\/wp-json\/wp\/v2\/types\/post"}],"author":[{"embeddable":true,"href":"https:\/\/www.welovecycling.com\/sk\/wp-json\/wp\/v2\/users\/172"}],"replies":[{"embeddable":true,"href":"https:\/\/www.welovecycling.com\/sk\/wp-json\/wp\/v2\/comments?post=18241"}],"version-history":[{"count":8,"href":"https:\/\/www.welovecycling.com\/sk\/wp-json\/wp\/v2\/posts\/18241\/revisions"}],"predecessor-version":[{"id":18280,"href":"https:\/\/www.welovecycling.com\/sk\/wp-json\/wp\/v2\/posts\/18241\/revisions\/18280"}],"wp:featuredmedia":[{"embeddable":true,"href":"https:\/\/www.welovecycling.com\/sk\/wp-json\/wp\/v2\/media\/18243"}],"wp:attachment":[{"href":"https:\/\/www.welovecycling.com\/sk\/wp-json\/wp\/v2\/media?parent=18241"}],"wp:term":[{"taxonomy":"category","embeddable":true,"href":"https:\/\/www.welovecycling.com\/sk\/wp-json\/wp\/v2\/categories?post=18241"},{"taxonomy":"post_tag","embeddable":true,"href":"https:\/\/www.welovecycling.com\/sk\/wp-json\/wp\/v2\/tags?post=18241"},{"taxonomy":"global-categories","embeddable":true,"href":"https:\/\/www.welovecycling.com\/sk\/wp-json\/wp\/v2\/global-categories?post=18241"}],"curies":[{"name":"wp","href":"https:\/\/api.w.org\/{rel}","templated":true}]}}