{"id":18221,"date":"2023-09-13T10:00:42","date_gmt":"2023-09-13T08:00:42","guid":{"rendered":"https:\/\/www.welovecycling.com\/sk\/?p=18221"},"modified":"2023-09-11T08:59:48","modified_gmt":"2023-09-11T06:59:48","slug":"rodinna-cyklistika-je-dolezita","status":"publish","type":"post","link":"https:\/\/www.welovecycling.com\/sk\/2023\/09\/13\/rodinna-cyklistika-je-dolezita\/","title":{"rendered":"Rodinn\u00e1 cyklistika je d\u00f4le\u017eit\u00e1!"},"content":{"rendered":"<p><strong>Rodinn\u00e1 cyklistika je z\u00e1bavn\u00e1 aktivita, prospe\u0161n\u00e1 nielen pre jednotlivca aj pre rodinu ako celok. Od zlep\u0161enia fyzick\u00e9ho zdravia a du\u0161evnej pohody, a\u017e po upev\u0148ovanie vz\u0165ahov a osvojenie si udr\u017eate\u013en\u00e9ho spr\u00e1vania. Rodinn\u00fa cyklistiku netreba podce\u0148ova\u0165.<\/strong><\/p>\n<p><!--more--><\/p>\n<h2 style=\"font-weight: 400;\"><strong>Zlep\u0161enie fyzick\u00e9ho zdravia det\u00ed<\/strong><\/h2>\n<p><span style=\"font-weight: 400;\">Cyklistika je aer\u00f3bne cvi\u010denie, ktor\u00e9 pom\u00e1ha jednotlivcom udr\u017eiava\u0165 alebo zlep\u0161ova\u0165 celkov\u00fa fyzick\u00fa kond\u00edciu. Ke\u010f sa cyklistika praktizuje ako rodinn\u00e1 aktivita, povzbudzuje ka\u017ed\u00e9ho \u010dlena, aby sa z\u00fa\u010dast\u0148oval pravideln\u00e9ho cvi\u010denia. To m\u00f4\u017ee vies\u0165 k mnoh\u00fdm zdravotn\u00fdm v\u00fdhod\u00e1m. <strong>Pre deti s\u00fa tieto v\u00fdhody obzvl\u00e1\u0161\u0165 d\u00f4le\u017eit\u00e9, preto\u017ee m\u00f4\u017eu v\u00fdrazne ovplyvni\u0165 ich rast, v\u00fdvoj a bud\u00face zdravie.<\/strong> Niektor\u00e9 z k\u013e\u00fa\u010dov\u00fdch v\u00fdhod pre deti zah\u0155\u0148aj\u00fa:<\/span><\/p>\n<ul>\n<li><b>Budovanie siln\u00fdch svalov a kost\u00ed:<\/b><span style=\"font-weight: 400;\"> Cyklistika pom\u00e1ha rozv\u00edja\u0165 silu svalov a hustotu kost\u00ed a t\u00fdm d\u00e1va die\u0165a\u0165u pevn\u00fd z\u00e1klad pre rast.<\/span><\/li>\n<li><b>Udr\u017eiavanie zdravej hmotnosti:<\/b><span style=\"font-weight: 400;\"> Pravideln\u00e9 bicyklovanie m\u00f4\u017ee pom\u00f4c\u0165 predch\u00e1dza\u0165 detskej obezite a zn\u00ed\u017ei\u0165 riziko vzniku s\u00favisiacich zdravotn\u00fdch probl\u00e9mov nesk\u00f4r v \u017eivote.<\/span><\/li>\n<li><b>Zlep\u0161enie kardiovaskul\u00e1rneho zdravia:<\/b> Jazda na bicykli posil\u0148uje srdce a p\u013e\u00faca, podporuje lep\u0161\u00ed obeh a d\u00fdchanie.<\/li>\n<li><b>Zlep\u0161enie motorick\u00fdch zru\u010dnost\u00ed:<\/b><span style=\"font-weight: 400;\"> Cyklistika vy\u017eaduje koordin\u00e1ciu, rovnov\u00e1hu a obratnos\u0165, ktor\u00e9 s\u00fa nevyhnutn\u00e9 pre celkov\u00fd rozvoj motorick\u00fdch schopnost\u00ed die\u0165a\u0165a.<\/span><\/li>\n<\/ul>\n<p><span style=\"font-weight: 400;\">Okrem toho m\u00f4\u017ee rodinn\u00e1 cyklistika v\u0161tepova\u0165 de\u0165om zdrav\u00e9 n\u00e1vyky u\u017e od \u00fatleho veku a privies\u0165 ich k akt\u00edvnej\u0161iemu a zdrav\u0161iemu \u017eivotn\u00e9mu \u0161t\u00fdlu. <strong>Ten si tak \u013eah\u0161ie udr\u017eia po zvy\u0161ok \u017eivota.<\/strong><\/span><\/p>\n<figure id=\"attachment_18222\" aria-describedby=\"caption-attachment-18222\" style=\"width: 1000px\" class=\"wp-caption alignnone\"><a href=\"https:\/\/d2p6e6u75xmxt8.cloudfront.net\/4\/2023\/09\/Children-profimedia-0472807276.webp\"><img loading=\"lazy\" decoding=\"async\" class=\"wp-image-18222 size-full\" src=\"https:\/\/d2p6e6u75xmxt8.cloudfront.net\/4\/2023\/09\/Children-profimedia-0472807276.webp\" alt=\"Family Cycling\" width=\"1000\" height=\"562\" srcset=\"https:\/\/d2p6e6u75xmxt8.cloudfront.net\/4\/2023\/09\/Children-profimedia-0472807276.webp 1000w, https:\/\/d2p6e6u75xmxt8.cloudfront.net\/4\/2023\/09\/Children-profimedia-0472807276-300x169.webp 300w, https:\/\/d2p6e6u75xmxt8.cloudfront.net\/4\/2023\/09\/Children-profimedia-0472807276-768x432.webp 768w, https:\/\/d2p6e6u75xmxt8.cloudfront.net\/4\/2023\/09\/Children-profimedia-0472807276-400x225.webp 400w\" sizes=\"auto, (max-width: 1000px) 100vw, 1000px\" \/><\/a><figcaption id=\"caption-attachment-18222\" class=\"wp-caption-text\"><span style=\"font-weight: 400;\">Bicyklovanie nie je len z\u00e1bavn\u00e1 a zdrav\u00e1 aktivita, ale je to aj vynikaj\u00faci sp\u00f4sob, ako sa spoji\u0165 ako rodina a vytvori\u0165 si spolo\u010dn\u00e9 spomienky pri objavovan\u00ed nov\u00fdch miest. \u00a9 JaySi \/ DPphoto \/ Profimedia<\/span><\/figcaption><\/figure>\n<h2><strong>Du\u0161evn\u00e9 zdravie<\/strong><\/h2>\n<p><span style=\"font-weight: 400;\"><strong>Bicyklovanie prin\u00e1\u0161a nielen fyzick\u00e9 v\u00fdhody, ale m\u00e1 aj pozit\u00edvny vplyv na du\u0161evn\u00e9 zdravie.<\/strong> Zapojen\u00edm sa do vonkaj\u0161\u00edch fyzick\u00fdch aktiv\u00edt, ako je bicyklovanie, m\u00f4\u017eu jednotlivci, najm\u00e4 deti, za\u017ei\u0165:<\/span><\/p>\n<ul>\n<li style=\"font-weight: 400;\" aria-level=\"1\"><a href=\"https:\/\/www.welovecycling.com\/sk\/2019\/01\/23\/stres-manazment-ako-sa-upokojit-za-30-sekund\/\"><span style=\"font-weight: 400;\">Zn\u00ed\u017eenie stresu<\/span><\/a><\/li>\n<li style=\"font-weight: 400;\" aria-level=\"1\"><span style=\"font-weight: 400;\">Zlep\u0161enie n\u00e1lady<\/span><\/li>\n<li style=\"font-weight: 400;\" aria-level=\"1\"><span style=\"font-weight: 400;\">Zlep\u0161enie koncentr\u00e1cie a kognit\u00edvnych funkci\u00ed<\/span><\/li>\n<li style=\"font-weight: 400;\"><span style=\"font-weight: 400;\">Zv\u00fd\u0161enie seba\u00facty a sebavedomia<\/span><\/li>\n<\/ul>\n<p><span style=\"font-weight: 400;\">Spolo\u010dn\u00e9, rodinn\u00e9 bicyklovanie m\u00f4\u017ee du\u0161evn\u00e9ho zdravie posilni\u0165 e\u0161te viac, preto\u017ee d\u00e1va pr\u00edle\u017eitos\u0165 by\u0165 spolu, zbl\u00ed\u017ei\u0165 sa, a vytvori\u0165 si spolo\u010dn\u00e9 spomienky. <strong>Spolo\u010dn\u00fd z\u00e1\u017eitok z bicyklovania m\u00f4\u017ee podpori\u0165 pocit spolupatri\u010dnosti a \u00faspechu, doda\u0165 pocit \u0161\u0165astia a pohody medzi v\u0161etk\u00fdmi \u010dlenmi rodiny.<\/strong><\/span><\/p>\n<h2 style=\"font-weight: 400;\"><strong>Upevnen\u00e9 rodinn\u00e9 vz\u0165ahy<\/strong><\/h2>\n<p><span style=\"font-weight: 400;\"><strong>Rodinn\u00e1 cyklistika d\u00e1va \u010dlenom rodiny jedine\u010dn\u00fa pr\u00edle\u017eitos\u0165 str\u00e1vi\u0165 spolu kvalitn\u00fd \u010das, \u010faleko od ru\u0161iv\u00fdch vplyvov ka\u017edodenn\u00e9ho \u017eivota.<\/strong> \u00da\u010das\u0165ou na spolo\u010dnej aktivite m\u00f4\u017eu rodiny posilni\u0165 svoje vz\u0165ahy prostredn\u00edctvom:<\/span><\/p>\n<ul>\n<li style=\"font-weight: 400;\" aria-level=\"1\"><span style=\"font-weight: 400;\">Lep\u0161ej komunik\u00e1cie<\/span><\/li>\n<li style=\"font-weight: 400;\" aria-level=\"1\"><span style=\"font-weight: 400;\">T\u00edmovej pr\u00e1ce a spolupr\u00e1ce<\/span><\/li>\n<li style=\"font-weight: 400;\" aria-level=\"1\"><span style=\"font-weight: 400;\">Spolo\u010dne stanovovan\u00fdch cie\u013eov a \u00faspechov<\/span><\/li>\n<li style=\"font-weight: 400;\" aria-level=\"1\"><span style=\"font-weight: 400;\">Vytv\u00e1rania spolo\u010dn\u00fdch spomienok<\/span><\/li>\n<li style=\"font-weight: 400;\" aria-level=\"1\"><span style=\"font-weight: 400;\">Budovania d\u00f4very a porozumenia<\/span><\/li>\n<\/ul>\n<p><span style=\"font-weight: 400;\"><strong>Tieto posilnen\u00e9 vz\u0165ahy m\u00f4\u017eu ma\u0165 hlbok\u00fd vplyv na celkov\u00e9 zdravie a \u0161\u0165astie celej rodinnej jednotky,<\/strong> najm\u00e4 u det\u00ed, ktor\u00e9 rozkvitaj\u00fa pr\u00e1ve z emocion\u00e1lnych spojen\u00ed a podpory.<\/span><\/p>\n<p><span style=\"font-weight: 400;\"><strong>Rodinn\u00e1 cyklistika pon\u00faka mno\u017estvo v\u00fdhod, ktor\u00e9 ovplyv\u0148uj\u00fa fyzick\u00e9, du\u0161evn\u00e9 a soci\u00e1lne aspekty \u017eivota det\u00ed, ako aj celkov\u00e9 zdravie a \u0161\u0165astie celej rodiny.<\/strong> Za\u010dlenen\u00edm rodinnej cyklistiky do v\u00e1\u0161ho \u017eivota investujete do blahobytu a bud\u00faceho zdravia svojich det\u00ed a z\u00e1rove\u0148 posil\u0148ujete rodinn\u00e9 v\u00e4zby a pozit\u00edvne prispievate k \u017eivotn\u00e9mu prostrediu.<\/span><\/p>\n","protected":false},"excerpt":{"rendered":"<p>Rodinn\u00e1 cyklistika je z\u00e1bavn\u00e1 aktivita, prospe\u0161n\u00e1 nielen pre jednotlivca aj pre rodinu ako celok. Od zlep\u0161enia fyzick\u00e9ho zdravia a du\u0161evnej [&hellip;]<\/p>\n","protected":false},"author":172,"featured_media":18224,"comment_status":"open","ping_status":"open","sticky":false,"template":"","format":"standard","meta":{"footnotes":""},"categories":[51],"tags":[507,53,1386,1379,999,509,55,183,161,623,594],"global-categories":[],"class_list":["post-18221","post","type-post","status-publish","format-standard","has-post-thumbnail","hentry","category-deti-na-bicykloch","tag-cyklorodinka","tag-deti","tag-deti-na-bicykli","tag-dusevne-zdravie","tag-podpora","tag-rodina","tag-trening","tag-zabava","tag-zdravie","tag-zdravy-zivotny-styl","tag-zivot"],"yoast_head":"<!-- This site is optimized with the Yoast SEO Premium plugin v25.3 (Yoast SEO v25.9) - https:\/\/yoast.com\/wordpress\/plugins\/seo\/ -->\n<title>Rodinn\u00e1 cyklistika je d\u00f4le\u017eit\u00e1! - We Love Cycling<\/title>\n<meta name=\"description\" content=\"Rodinn\u00e1 cyklistika je z\u00e1bavn\u00e1 aktivita, prospe\u0161n\u00e1 nielen pre jednotlivca aj pre rodinu ako celok. Netreba ju podce\u0148ova\u0165.\" \/>\n<meta name=\"robots\" content=\"index, follow, max-snippet:-1, max-image-preview:large, max-video-preview:-1\" \/>\n<link rel=\"canonical\" href=\"https:\/\/www.welovecycling.com\/sk\/2023\/09\/13\/rodinna-cyklistika-je-dolezita\/\" \/>\n<meta property=\"og:locale\" content=\"sk_SK\" \/>\n<meta property=\"og:type\" content=\"article\" \/>\n<meta property=\"og:title\" content=\"Rodinn\u00e1 cyklistika je d\u00f4le\u017eit\u00e1!\" \/>\n<meta property=\"og:description\" content=\"Rodinn\u00e1 cyklistika je z\u00e1bavn\u00e1 aktivita, prospe\u0161n\u00e1 nielen pre jednotlivca aj pre rodinu ako celok. Netreba ju podce\u0148ova\u0165.\" \/>\n<meta property=\"og:url\" content=\"https:\/\/www.welovecycling.com\/sk\/2023\/09\/13\/rodinna-cyklistika-je-dolezita\/\" \/>\n<meta property=\"og:site_name\" content=\"\u0160koda We Love Cycling Slovensko\" \/>\n<meta property=\"article:published_time\" content=\"2023-09-13T08:00:42+00:00\" \/>\n<meta property=\"og:image\" content=\"https:\/\/d2p6e6u75xmxt8.cloudfront.net\/4\/2023\/09\/Kids-Cycling-MTB-profimedia-0770260436-CVR.webp\" \/>\n\t<meta property=\"og:image:width\" content=\"990\" \/>\n\t<meta property=\"og:image:height\" content=\"660\" \/>\n\t<meta property=\"og:image:type\" content=\"image\/webp\" \/>\n<meta name=\"author\" content=\"dominika\" \/>\n<meta name=\"twitter:card\" content=\"summary_large_image\" \/>\n<meta name=\"twitter:label1\" content=\"Written by\" \/>\n\t<meta name=\"twitter:data1\" content=\"We Love Cycling\" \/>\n\t<meta name=\"twitter:label2\" content=\"Est. reading time\" \/>\n\t<meta name=\"twitter:data2\" content=\"3\" \/>\n<script type=\"application\/ld+json\" class=\"yoast-schema-graph\">{\"@context\":\"https:\/\/schema.org\",\"@graph\":[{\"@type\":\"WebPage\",\"@id\":\"https:\/\/www.welovecycling.com\/sk\/2023\/09\/13\/rodinna-cyklistika-je-dolezita\/\",\"url\":\"https:\/\/www.welovecycling.com\/sk\/2023\/09\/13\/rodinna-cyklistika-je-dolezita\/\",\"name\":\"Rodinn\u00e1 cyklistika je d\u00f4le\u017eit\u00e1! - We Love Cycling\",\"isPartOf\":{\"@id\":\"https:\/\/www.welovecycling.com\/sk\/#website\"},\"primaryImageOfPage\":{\"@id\":\"https:\/\/www.welovecycling.com\/sk\/2023\/09\/13\/rodinna-cyklistika-je-dolezita\/#primaryimage\"},\"image\":{\"@id\":\"https:\/\/www.welovecycling.com\/sk\/2023\/09\/13\/rodinna-cyklistika-je-dolezita\/#primaryimage\"},\"thumbnailUrl\":\"https:\/\/d2p6e6u75xmxt8.cloudfront.net\/4\/2023\/09\/Kids-Cycling-MTB-profimedia-0770260436-CVR.webp\",\"datePublished\":\"2023-09-13T08:00:42+00:00\",\"author\":{\"@id\":\"https:\/\/www.welovecycling.com\/sk\/#\/schema\/person\/533b62b98b6c41bd5135ebfb1f742624\"},\"description\":\"Rodinn\u00e1 cyklistika je z\u00e1bavn\u00e1 aktivita, prospe\u0161n\u00e1 nielen pre jednotlivca aj pre rodinu ako celok. Netreba ju podce\u0148ova\u0165.\",\"breadcrumb\":{\"@id\":\"https:\/\/www.welovecycling.com\/sk\/2023\/09\/13\/rodinna-cyklistika-je-dolezita\/#breadcrumb\"},\"inLanguage\":\"sk-SK\",\"potentialAction\":[{\"@type\":\"ReadAction\",\"target\":[\"https:\/\/www.welovecycling.com\/sk\/2023\/09\/13\/rodinna-cyklistika-je-dolezita\/\"]}]},{\"@type\":\"ImageObject\",\"inLanguage\":\"sk-SK\",\"@id\":\"https:\/\/www.welovecycling.com\/sk\/2023\/09\/13\/rodinna-cyklistika-je-dolezita\/#primaryimage\",\"url\":\"https:\/\/d2p6e6u75xmxt8.cloudfront.net\/4\/2023\/09\/Kids-Cycling-MTB-profimedia-0770260436-CVR.webp\",\"contentUrl\":\"https:\/\/d2p6e6u75xmxt8.cloudfront.net\/4\/2023\/09\/Kids-Cycling-MTB-profimedia-0770260436-CVR.webp\",\"width\":990,\"height\":660,\"caption\":\"Children mountain biking\"},{\"@type\":\"BreadcrumbList\",\"@id\":\"https:\/\/www.welovecycling.com\/sk\/2023\/09\/13\/rodinna-cyklistika-je-dolezita\/#breadcrumb\",\"itemListElement\":[{\"@type\":\"ListItem\",\"position\":1,\"name\":\"Home\",\"item\":\"https:\/\/www.welovecycling.com\/sk\/\"},{\"@type\":\"ListItem\",\"position\":2,\"name\":\"Rodinn\u00e1 cyklistika je d\u00f4le\u017eit\u00e1!\"}]},{\"@type\":\"WebSite\",\"@id\":\"https:\/\/www.welovecycling.com\/sk\/#website\",\"url\":\"https:\/\/www.welovecycling.com\/sk\/\",\"name\":\"\u0160koda We Love Cycling Slovensko\",\"description\":\"\u0160koda We Love Cycling Slovensko je v\u00e1\u0161 ka\u017edodenn\u00fd zdroj noviniek a in\u0161pir\u00e1cie z sveta cyklistiky\",\"potentialAction\":[{\"@type\":\"SearchAction\",\"target\":{\"@type\":\"EntryPoint\",\"urlTemplate\":\"https:\/\/www.welovecycling.com\/sk\/?s={search_term_string}\"},\"query-input\":{\"@type\":\"PropertyValueSpecification\",\"valueRequired\":true,\"valueName\":\"search_term_string\"}}],\"inLanguage\":\"sk-SK\"},{\"@type\":\"Person\",\"@id\":\"https:\/\/www.welovecycling.com\/sk\/#\/schema\/person\/533b62b98b6c41bd5135ebfb1f742624\",\"name\":\"dominika\",\"image\":{\"@type\":\"ImageObject\",\"inLanguage\":\"sk-SK\",\"@id\":\"https:\/\/www.welovecycling.com\/sk\/#\/schema\/person\/image\/\",\"url\":\"https:\/\/secure.gravatar.com\/avatar\/ded6f274ba2ec3e17fff153f7d9d96a4b33c2cb63907f75d9a5309c599a7f3e6?s=96&d=mm&r=g\",\"contentUrl\":\"https:\/\/secure.gravatar.com\/avatar\/ded6f274ba2ec3e17fff153f7d9d96a4b33c2cb63907f75d9a5309c599a7f3e6?s=96&d=mm&r=g\",\"caption\":\"dominika\"},\"url\":\"https:\/\/www.welovecycling.com\/sk\/author\/dominika\/\"}]}<\/script>\n<!-- \/ Yoast SEO Premium plugin. -->","yoast_head_json":{"title":"Rodinn\u00e1 cyklistika je d\u00f4le\u017eit\u00e1! - We Love Cycling","description":"Rodinn\u00e1 cyklistika je z\u00e1bavn\u00e1 aktivita, prospe\u0161n\u00e1 nielen pre jednotlivca aj pre rodinu ako celok. Netreba ju podce\u0148ova\u0165.","robots":{"index":"index","follow":"follow","max-snippet":"max-snippet:-1","max-image-preview":"max-image-preview:large","max-video-preview":"max-video-preview:-1"},"canonical":"https:\/\/www.welovecycling.com\/sk\/2023\/09\/13\/rodinna-cyklistika-je-dolezita\/","og_locale":"sk_SK","og_type":"article","og_title":"Rodinn\u00e1 cyklistika je d\u00f4le\u017eit\u00e1!","og_description":"Rodinn\u00e1 cyklistika je z\u00e1bavn\u00e1 aktivita, prospe\u0161n\u00e1 nielen pre jednotlivca aj pre rodinu ako celok. Netreba ju podce\u0148ova\u0165.","og_url":"https:\/\/www.welovecycling.com\/sk\/2023\/09\/13\/rodinna-cyklistika-je-dolezita\/","og_site_name":"\u0160koda We Love Cycling Slovensko","article_published_time":"2023-09-13T08:00:42+00:00","og_image":[{"width":990,"height":660,"url":"https:\/\/d2p6e6u75xmxt8.cloudfront.net\/4\/2023\/09\/Kids-Cycling-MTB-profimedia-0770260436-CVR.webp","type":"image\/webp"}],"author":"dominika","twitter_card":"summary_large_image","twitter_misc":{"Written by":"We Love Cycling","Est. reading time":"3"},"schema":{"@context":"https:\/\/schema.org","@graph":[{"@type":"WebPage","@id":"https:\/\/www.welovecycling.com\/sk\/2023\/09\/13\/rodinna-cyklistika-je-dolezita\/","url":"https:\/\/www.welovecycling.com\/sk\/2023\/09\/13\/rodinna-cyklistika-je-dolezita\/","name":"Rodinn\u00e1 cyklistika je d\u00f4le\u017eit\u00e1! - We Love Cycling","isPartOf":{"@id":"https:\/\/www.welovecycling.com\/sk\/#website"},"primaryImageOfPage":{"@id":"https:\/\/www.welovecycling.com\/sk\/2023\/09\/13\/rodinna-cyklistika-je-dolezita\/#primaryimage"},"image":{"@id":"https:\/\/www.welovecycling.com\/sk\/2023\/09\/13\/rodinna-cyklistika-je-dolezita\/#primaryimage"},"thumbnailUrl":"https:\/\/d2p6e6u75xmxt8.cloudfront.net\/4\/2023\/09\/Kids-Cycling-MTB-profimedia-0770260436-CVR.webp","datePublished":"2023-09-13T08:00:42+00:00","author":{"@id":"https:\/\/www.welovecycling.com\/sk\/#\/schema\/person\/533b62b98b6c41bd5135ebfb1f742624"},"description":"Rodinn\u00e1 cyklistika je z\u00e1bavn\u00e1 aktivita, prospe\u0161n\u00e1 nielen pre jednotlivca aj pre rodinu ako celok. Netreba ju podce\u0148ova\u0165.","breadcrumb":{"@id":"https:\/\/www.welovecycling.com\/sk\/2023\/09\/13\/rodinna-cyklistika-je-dolezita\/#breadcrumb"},"inLanguage":"sk-SK","potentialAction":[{"@type":"ReadAction","target":["https:\/\/www.welovecycling.com\/sk\/2023\/09\/13\/rodinna-cyklistika-je-dolezita\/"]}]},{"@type":"ImageObject","inLanguage":"sk-SK","@id":"https:\/\/www.welovecycling.com\/sk\/2023\/09\/13\/rodinna-cyklistika-je-dolezita\/#primaryimage","url":"https:\/\/d2p6e6u75xmxt8.cloudfront.net\/4\/2023\/09\/Kids-Cycling-MTB-profimedia-0770260436-CVR.webp","contentUrl":"https:\/\/d2p6e6u75xmxt8.cloudfront.net\/4\/2023\/09\/Kids-Cycling-MTB-profimedia-0770260436-CVR.webp","width":990,"height":660,"caption":"Children mountain biking"},{"@type":"BreadcrumbList","@id":"https:\/\/www.welovecycling.com\/sk\/2023\/09\/13\/rodinna-cyklistika-je-dolezita\/#breadcrumb","itemListElement":[{"@type":"ListItem","position":1,"name":"Home","item":"https:\/\/www.welovecycling.com\/sk\/"},{"@type":"ListItem","position":2,"name":"Rodinn\u00e1 cyklistika je d\u00f4le\u017eit\u00e1!"}]},{"@type":"WebSite","@id":"https:\/\/www.welovecycling.com\/sk\/#website","url":"https:\/\/www.welovecycling.com\/sk\/","name":"\u0160koda We Love Cycling Slovensko","description":"\u0160koda We Love Cycling Slovensko je v\u00e1\u0161 ka\u017edodenn\u00fd zdroj noviniek a in\u0161pir\u00e1cie z sveta cyklistiky","potentialAction":[{"@type":"SearchAction","target":{"@type":"EntryPoint","urlTemplate":"https:\/\/www.welovecycling.com\/sk\/?s={search_term_string}"},"query-input":{"@type":"PropertyValueSpecification","valueRequired":true,"valueName":"search_term_string"}}],"inLanguage":"sk-SK"},{"@type":"Person","@id":"https:\/\/www.welovecycling.com\/sk\/#\/schema\/person\/533b62b98b6c41bd5135ebfb1f742624","name":"dominika","image":{"@type":"ImageObject","inLanguage":"sk-SK","@id":"https:\/\/www.welovecycling.com\/sk\/#\/schema\/person\/image\/","url":"https:\/\/secure.gravatar.com\/avatar\/ded6f274ba2ec3e17fff153f7d9d96a4b33c2cb63907f75d9a5309c599a7f3e6?s=96&d=mm&r=g","contentUrl":"https:\/\/secure.gravatar.com\/avatar\/ded6f274ba2ec3e17fff153f7d9d96a4b33c2cb63907f75d9a5309c599a7f3e6?s=96&d=mm&r=g","caption":"dominika"},"url":"https:\/\/www.welovecycling.com\/sk\/author\/dominika\/"}]}},"_links":{"self":[{"href":"https:\/\/www.welovecycling.com\/sk\/wp-json\/wp\/v2\/posts\/18221","targetHints":{"allow":["GET"]}}],"collection":[{"href":"https:\/\/www.welovecycling.com\/sk\/wp-json\/wp\/v2\/posts"}],"about":[{"href":"https:\/\/www.welovecycling.com\/sk\/wp-json\/wp\/v2\/types\/post"}],"author":[{"embeddable":true,"href":"https:\/\/www.welovecycling.com\/sk\/wp-json\/wp\/v2\/users\/172"}],"replies":[{"embeddable":true,"href":"https:\/\/www.welovecycling.com\/sk\/wp-json\/wp\/v2\/comments?post=18221"}],"version-history":[{"count":8,"href":"https:\/\/www.welovecycling.com\/sk\/wp-json\/wp\/v2\/posts\/18221\/revisions"}],"predecessor-version":[{"id":18286,"href":"https:\/\/www.welovecycling.com\/sk\/wp-json\/wp\/v2\/posts\/18221\/revisions\/18286"}],"wp:featuredmedia":[{"embeddable":true,"href":"https:\/\/www.welovecycling.com\/sk\/wp-json\/wp\/v2\/media\/18224"}],"wp:attachment":[{"href":"https:\/\/www.welovecycling.com\/sk\/wp-json\/wp\/v2\/media?parent=18221"}],"wp:term":[{"taxonomy":"category","embeddable":true,"href":"https:\/\/www.welovecycling.com\/sk\/wp-json\/wp\/v2\/categories?post=18221"},{"taxonomy":"post_tag","embeddable":true,"href":"https:\/\/www.welovecycling.com\/sk\/wp-json\/wp\/v2\/tags?post=18221"},{"taxonomy":"global-categories","embeddable":true,"href":"https:\/\/www.welovecycling.com\/sk\/wp-json\/wp\/v2\/global-categories?post=18221"}],"curies":[{"name":"wp","href":"https:\/\/api.w.org\/{rel}","templated":true}]}}