{"id":1819,"date":"2017-07-28T17:28:08","date_gmt":"2017-07-28T15:28:08","guid":{"rendered":"https:\/\/www.welovecycling.com\/sk\/?p=1819"},"modified":"2018-07-17T17:32:04","modified_gmt":"2018-07-17T15:32:04","slug":"nezabudnite-pred-startom-skontrolovat-bike-aspon-trochu-sa-rozohriat","status":"publish","type":"post","link":"https:\/\/www.welovecycling.com\/sk\/2017\/07\/28\/nezabudnite-pred-startom-skontrolovat-bike-aspon-trochu-sa-rozohriat\/","title":{"rendered":"Nezabudnite pred \u0161tartom skontrolova\u0165 bike a aspo\u0148 trochu sa \u201erozohria\u0165\u201c"},"content":{"rendered":"<p><strong>\u010cas pred \u0161tartom samotn\u00e9ho marat\u00f3nu vie ubehn\u00fa\u0165 poriadne r\u00fdchlo. Ani sa nenazd\u00e1te a chv\u00ed\u013eu po tom, \u010do dostanete do r\u00fak \u010d\u00edslo, je u\u017e najvy\u0161\u0161\u00ed \u010das by\u0165 pripraven\u00fd a vyrazi\u0165. T\u00fdm p\u00e1dom \u010dastokr\u00e1t rob\u00edme veci na posledn\u00fa chv\u00ed\u013eu, z \u010doho n\u00e1sledne m\u00f4\u017eu vznikn\u00fa\u0165 men\u0161ie \u010di v\u00e4\u010d\u0161ie komplik\u00e1cie. A nemus\u00ed sa to t\u00fdka\u0165 len \u201etechniky\u201c, pripravi\u0165 by sme mali aj svoje telo.<\/strong><!--more--><\/p>\n<p><a href=\"https:\/\/d2p6e6u75xmxt8.cloudfront.net\/4\/2017\/07\/2-1.jpg\"><img loading=\"lazy\" decoding=\"async\" class=\"alignnone size-full wp-image-1820\" src=\"https:\/\/d2p6e6u75xmxt8.cloudfront.net\/4\/2017\/07\/2-1.jpg\" alt=\"\" width=\"1280\" height=\"800\" \/><\/a><\/p>\n<p>Ve\u013ea stresu si vieme u\u0161etri\u0165 spr\u00e1vnou pr\u00edpravou bicykla, ktor\u00e1 za\u010d\u00edna u\u017e doma a na mieste prebieha len z\u00e1kladn\u00e1 kontrola. Ak v\u0161etko prebehne v poriadku, je ide\u00e1lne si n\u00e1js\u0165 e\u0161te p\u00e1r min\u00fat na mal\u00e9 rozjazdenie, po ktorom sa m\u00f4\u017eeme spokojne pobra\u0165 na \u0161tart s dobr\u00fdm pocitom a naplno si vychutna\u0165 atmosf\u00e9ru.<\/p>\n<p>&nbsp;<\/p>\n<h2><strong>Z\u00e1kladn\u00e1 kontrola pred \u0161tartom &#8211; na \u010do si da\u0165 pozor?<\/strong><\/h2>\n<div class=\"embed-controller-wrapper\">\n<div class=\"embed-wrapper\"><iframe title=\"Z\u00e1kladn\u00e1 kontrola bicykla pred \u0161tartom \u2013 na \u010do si da\u0165 pozor?\" width=\"500\" height=\"281\" data-src=\"https:\/\/www.youtube.com\/embed\/Sidu45X_cik?feature=oembed\" frameborder=\"0\" allow=\"accelerometer; autoplay; clipboard-write; encrypted-media; gyroscope; picture-in-picture; web-share\" referrerpolicy=\"strict-origin-when-cross-origin\" allowfullscreen><\/iframe><\/div>\n<\/div>\n<p>Pr\u00edprava bicykla pred \u0161tartom nie je \u017eiadna ve\u013ek\u00e1 veda, no oplat\u00ed sa da\u0165 pozor na zop\u00e1r detailov, ktor\u00e9 n\u00e1m vo v\u00fdsledku m\u00f4\u017eu pokazi\u0165 z\u00e1\u017eitok. Nemus\u00edte by\u0165 v\u00f4bec za\u010diato\u010dn\u00edk, aby ste poci\u0165ovali pred \u0161tartom men\u0161\u00ed stres. Je to v podstate \u00faplne prirodzen\u00e9 a pre\u017e\u00edva to takmer ka\u017ed\u00fd, \u010di u\u017e si to prizn\u00e1 alebo nie :). \u010co m\u00f4\u017eeme ale ovplyvni\u0165, je stav n\u00e1\u0161ho bicykla a jeho kontrola pred \u0161tartom. V\u010faka tomu zn\u00ed\u017eime riziko, \u017ee n\u00e1s postihne zbyto\u010dn\u00fd technick\u00fd probl\u00e9m, ktor\u00fd vie dokonale pokazi\u0165 z\u00e1\u017eitok z cel\u00e9ho podujatia.<\/p>\n<p>&nbsp;<\/p>\n<h2><strong>Rozjazdenie pred \u0161tartom &#8211; pre\u010do je vhodn\u00e9?<\/strong><\/h2>\n<div class=\"embed-controller-wrapper\">\n<div class=\"embed-wrapper\"><iframe title=\"Rozjazdenie pred \u0161tartom\" width=\"500\" height=\"281\" data-src=\"https:\/\/www.youtube.com\/embed\/ZfYtK5HkGAo?feature=oembed\" frameborder=\"0\" allow=\"accelerometer; autoplay; clipboard-write; encrypted-media; gyroscope; picture-in-picture; web-share\" referrerpolicy=\"strict-origin-when-cross-origin\" allowfullscreen><\/iframe><\/div>\n<\/div>\n<p>Ur\u010dite ste sa u sk\u00fasenej\u0161\u00edch cyklistov stretli s fr\u00e1zou <em>&#8222;idem sa rozjazdi\u0165&#8220;<\/em>, pr\u00edpadne <em>&#8222;idem si preto\u010di\u0165 nohy&#8220;<\/em>. \u010co si pod t\u00fdm predstavi\u0165? Samotn\u00fd \u0161tart b\u00fdva \u010dastokr\u00e1t najviac intenz\u00edvna \u010das\u0165 cel\u00fdch pretekov, ke\u010f\u017ee ka\u017ed\u00fd m\u00e1 e\u0161te kopec s\u00edl. Je dobr\u00e9 na tento &#8222;\u0161ok&#8220; telo aspo\u0148 trochu pripravi\u0165, na \u010do sl\u00fa\u017ei pr\u00e1ve spom\u00ednan\u00e9 rozjazdenie. Nemus\u00ed to by\u0165 ni\u010d zlo\u017eit\u00e9 a trochu viac si povieme v samotnom videu.<\/p>\n<p><strong>Viac u\u017e \u010doskoro (tu alebo na <a href=\"https:\/\/www.facebook.com\/welovecycling.sk\/\" target=\"_blank\" rel=\"noopener noreferrer\">Facebooku<\/a>). Budeme radi za va\u0161e n\u00e1mety na vide\u00e1, <a href=\"https:\/\/www.welovecycling.com\/sk\/o-nas\/\" target=\"_blank\" rel=\"noopener noreferrer\">p\u00ed\u0161te sem<\/a>.<\/strong><\/p>\n","protected":false},"excerpt":{"rendered":"<p>\u010cas pred \u0161tartom samotn\u00e9ho marat\u00f3nu vie ubehn\u00fa\u0165 poriadne r\u00fdchlo. Ani sa nenazd\u00e1te a chv\u00ed\u013eu po tom, \u010do dostanete do r\u00fak [&hellip;]<\/p>\n","protected":false},"author":38,"featured_media":1822,"comment_status":"open","ping_status":"open","sticky":false,"template":"","format":"video","meta":{"footnotes":""},"categories":[57,4,3,191,2],"tags":[115,180,178,76,195,179,190,192,194,193],"global-categories":[],"class_list":["post-1819","post","type-post","status-publish","format-video","has-post-thumbnail","hentry","category-bezpecnost","category-cestna-cyklisitika","category-mtb","category-odporucame","category-zdravie-trening","tag-cestna-cyklistika","tag-horska-cyklistika","tag-maraton","tag-martin-imrich","tag-mazanie-retaze","tag-preteky","tag-priprava","tag-rozjazd","tag-sedlovka","tag-tlak-v-plastoch","post_format-post-format-video"],"yoast_head":"<!-- This site is optimized with the Yoast SEO Premium plugin v25.3 (Yoast SEO v25.9) - https:\/\/yoast.com\/wordpress\/plugins\/seo\/ -->\n<title>Nezabudnite pred \u0161tartom skontrolova\u0165 bike a aspo\u0148 trochu sa \u201erozohria\u0165\u201c - \u0160koda We Love Cycling Slovensko<\/title>\n<meta name=\"robots\" content=\"index, follow, max-snippet:-1, max-image-preview:large, max-video-preview:-1\" \/>\n<link rel=\"canonical\" href=\"https:\/\/www.welovecycling.com\/sk\/2017\/07\/28\/nezabudnite-pred-startom-skontrolovat-bike-aspon-trochu-sa-rozohriat\/\" \/>\n<meta property=\"og:locale\" content=\"sk_SK\" \/>\n<meta property=\"og:type\" content=\"article\" \/>\n<meta property=\"og:title\" content=\"Nezabudnite pred \u0161tartom skontrolova\u0165 bike a aspo\u0148 trochu sa \u201erozohria\u0165\u201c\" \/>\n<meta property=\"og:description\" content=\"\u010cas pred \u0161tartom samotn\u00e9ho marat\u00f3nu vie ubehn\u00fa\u0165 poriadne r\u00fdchlo. Ani sa nenazd\u00e1te a chv\u00ed\u013eu po tom, \u010do dostanete do r\u00fak [&hellip;]\" \/>\n<meta property=\"og:url\" content=\"https:\/\/www.welovecycling.com\/sk\/2017\/07\/28\/nezabudnite-pred-startom-skontrolovat-bike-aspon-trochu-sa-rozohriat\/\" \/>\n<meta property=\"og:site_name\" content=\"\u0160koda We Love Cycling Slovensko\" \/>\n<meta property=\"article:published_time\" content=\"2017-07-28T15:28:08+00:00\" \/>\n<meta property=\"article:modified_time\" content=\"2018-07-17T15:32:04+00:00\" \/>\n<meta property=\"og:image\" content=\"https:\/\/d2p6e6u75xmxt8.cloudfront.net\/4\/2017\/07\/1375x600_2.webp\" \/>\n\t<meta property=\"og:image:width\" content=\"1375\" \/>\n\t<meta property=\"og:image:height\" content=\"600\" \/>\n\t<meta property=\"og:image:type\" content=\"image\/webp\" \/>\n<meta name=\"author\" content=\"Ondrej Ga\u0161par\" \/>\n<meta name=\"twitter:card\" content=\"summary_large_image\" \/>\n<meta name=\"twitter:label1\" content=\"Written by\" \/>\n\t<meta name=\"twitter:data1\" content=\"Martin Imrich\" \/>\n\t<meta name=\"twitter:label2\" content=\"Est. watching time\" \/>\n\t<meta name=\"twitter:data2\" content=\"4:58\" \/>\n<script type=\"application\/ld+json\" class=\"yoast-schema-graph\">{\"@context\":\"https:\/\/schema.org\",\"@graph\":[{\"@type\":\"WebPage\",\"@id\":\"https:\/\/www.welovecycling.com\/sk\/2017\/07\/28\/nezabudnite-pred-startom-skontrolovat-bike-aspon-trochu-sa-rozohriat\/\",\"url\":\"https:\/\/www.welovecycling.com\/sk\/2017\/07\/28\/nezabudnite-pred-startom-skontrolovat-bike-aspon-trochu-sa-rozohriat\/\",\"name\":\"Nezabudnite pred \u0161tartom skontrolova\u0165 bike a aspo\u0148 trochu sa \u201erozohria\u0165\u201c - \u0160koda We Love Cycling Slovensko\",\"isPartOf\":{\"@id\":\"https:\/\/www.welovecycling.com\/sk\/#website\"},\"primaryImageOfPage\":{\"@id\":\"https:\/\/www.welovecycling.com\/sk\/2017\/07\/28\/nezabudnite-pred-startom-skontrolovat-bike-aspon-trochu-sa-rozohriat\/#primaryimage\"},\"image\":{\"@id\":\"https:\/\/www.welovecycling.com\/sk\/2017\/07\/28\/nezabudnite-pred-startom-skontrolovat-bike-aspon-trochu-sa-rozohriat\/#primaryimage\"},\"thumbnailUrl\":\"https:\/\/d2p6e6u75xmxt8.cloudfront.net\/4\/2017\/07\/1375x600_2.webp\",\"datePublished\":\"2017-07-28T15:28:08+00:00\",\"dateModified\":\"2018-07-17T15:32:04+00:00\",\"author\":{\"@id\":\"https:\/\/www.welovecycling.com\/sk\/#\/schema\/person\/8ee09ba39b7e25b1870160aa5b3a89bc\"},\"breadcrumb\":{\"@id\":\"https:\/\/www.welovecycling.com\/sk\/2017\/07\/28\/nezabudnite-pred-startom-skontrolovat-bike-aspon-trochu-sa-rozohriat\/#breadcrumb\"},\"inLanguage\":\"sk-SK\",\"potentialAction\":[{\"@type\":\"ReadAction\",\"target\":[\"https:\/\/www.welovecycling.com\/sk\/2017\/07\/28\/nezabudnite-pred-startom-skontrolovat-bike-aspon-trochu-sa-rozohriat\/\"]}]},{\"@type\":\"ImageObject\",\"inLanguage\":\"sk-SK\",\"@id\":\"https:\/\/www.welovecycling.com\/sk\/2017\/07\/28\/nezabudnite-pred-startom-skontrolovat-bike-aspon-trochu-sa-rozohriat\/#primaryimage\",\"url\":\"https:\/\/d2p6e6u75xmxt8.cloudfront.net\/4\/2017\/07\/1375x600_2.webp\",\"contentUrl\":\"https:\/\/d2p6e6u75xmxt8.cloudfront.net\/4\/2017\/07\/1375x600_2.webp\",\"width\":1375,\"height\":600},{\"@type\":\"BreadcrumbList\",\"@id\":\"https:\/\/www.welovecycling.com\/sk\/2017\/07\/28\/nezabudnite-pred-startom-skontrolovat-bike-aspon-trochu-sa-rozohriat\/#breadcrumb\",\"itemListElement\":[{\"@type\":\"ListItem\",\"position\":1,\"name\":\"Home\",\"item\":\"https:\/\/www.welovecycling.com\/sk\/\"},{\"@type\":\"ListItem\",\"position\":2,\"name\":\"Nezabudnite pred \u0161tartom skontrolova\u0165 bike a aspo\u0148 trochu sa \u201erozohria\u0165\u201c\"}]},{\"@type\":\"WebSite\",\"@id\":\"https:\/\/www.welovecycling.com\/sk\/#website\",\"url\":\"https:\/\/www.welovecycling.com\/sk\/\",\"name\":\"\u0160koda We Love Cycling Slovensko\",\"description\":\"\u0160koda We Love Cycling Slovensko je v\u00e1\u0161 ka\u017edodenn\u00fd zdroj noviniek a in\u0161pir\u00e1cie z sveta cyklistiky\",\"potentialAction\":[{\"@type\":\"SearchAction\",\"target\":{\"@type\":\"EntryPoint\",\"urlTemplate\":\"https:\/\/www.welovecycling.com\/sk\/?s={search_term_string}\"},\"query-input\":{\"@type\":\"PropertyValueSpecification\",\"valueRequired\":true,\"valueName\":\"search_term_string\"}}],\"inLanguage\":\"sk-SK\"},{\"@type\":\"Person\",\"@id\":\"https:\/\/www.welovecycling.com\/sk\/#\/schema\/person\/8ee09ba39b7e25b1870160aa5b3a89bc\",\"name\":\"Ondrej Ga\u0161par\",\"image\":{\"@type\":\"ImageObject\",\"inLanguage\":\"sk-SK\",\"@id\":\"https:\/\/www.welovecycling.com\/sk\/#\/schema\/person\/image\/\",\"url\":\"https:\/\/secure.gravatar.com\/avatar\/6126c9afb87b70da5abbb083ddbb21933da15f18f8ca7cb822aba0fb096a48f6?s=96&d=mm&r=g\",\"contentUrl\":\"https:\/\/secure.gravatar.com\/avatar\/6126c9afb87b70da5abbb083ddbb21933da15f18f8ca7cb822aba0fb096a48f6?s=96&d=mm&r=g\",\"caption\":\"Ondrej Ga\u0161par\"},\"url\":\"https:\/\/www.welovecycling.com\/sk\/author\/ondrejgaspar\/\"}]}<\/script>\n<!-- \/ Yoast SEO Premium plugin. -->","yoast_head_json":{"title":"Nezabudnite pred \u0161tartom skontrolova\u0165 bike a aspo\u0148 trochu sa \u201erozohria\u0165\u201c - \u0160koda We Love Cycling Slovensko","robots":{"index":"index","follow":"follow","max-snippet":"max-snippet:-1","max-image-preview":"max-image-preview:large","max-video-preview":"max-video-preview:-1"},"canonical":"https:\/\/www.welovecycling.com\/sk\/2017\/07\/28\/nezabudnite-pred-startom-skontrolovat-bike-aspon-trochu-sa-rozohriat\/","og_locale":"sk_SK","og_type":"article","og_title":"Nezabudnite pred \u0161tartom skontrolova\u0165 bike a aspo\u0148 trochu sa \u201erozohria\u0165\u201c","og_description":"\u010cas pred \u0161tartom samotn\u00e9ho marat\u00f3nu vie ubehn\u00fa\u0165 poriadne r\u00fdchlo. Ani sa nenazd\u00e1te a chv\u00ed\u013eu po tom, \u010do dostanete do r\u00fak [&hellip;]","og_url":"https:\/\/www.welovecycling.com\/sk\/2017\/07\/28\/nezabudnite-pred-startom-skontrolovat-bike-aspon-trochu-sa-rozohriat\/","og_site_name":"\u0160koda We Love Cycling Slovensko","article_published_time":"2017-07-28T15:28:08+00:00","article_modified_time":"2018-07-17T15:32:04+00:00","og_image":[{"width":1375,"height":600,"url":"https:\/\/d2p6e6u75xmxt8.cloudfront.net\/4\/2017\/07\/1375x600_2.webp","type":"image\/webp"}],"author":"Ondrej Ga\u0161par","twitter_card":"summary_large_image","twitter_misc":{"Written by":"Martin Imrich","Est. watching time":"4:58"},"schema":{"@context":"https:\/\/schema.org","@graph":[{"@type":"WebPage","@id":"https:\/\/www.welovecycling.com\/sk\/2017\/07\/28\/nezabudnite-pred-startom-skontrolovat-bike-aspon-trochu-sa-rozohriat\/","url":"https:\/\/www.welovecycling.com\/sk\/2017\/07\/28\/nezabudnite-pred-startom-skontrolovat-bike-aspon-trochu-sa-rozohriat\/","name":"Nezabudnite pred \u0161tartom skontrolova\u0165 bike a aspo\u0148 trochu sa \u201erozohria\u0165\u201c - \u0160koda We Love Cycling Slovensko","isPartOf":{"@id":"https:\/\/www.welovecycling.com\/sk\/#website"},"primaryImageOfPage":{"@id":"https:\/\/www.welovecycling.com\/sk\/2017\/07\/28\/nezabudnite-pred-startom-skontrolovat-bike-aspon-trochu-sa-rozohriat\/#primaryimage"},"image":{"@id":"https:\/\/www.welovecycling.com\/sk\/2017\/07\/28\/nezabudnite-pred-startom-skontrolovat-bike-aspon-trochu-sa-rozohriat\/#primaryimage"},"thumbnailUrl":"https:\/\/d2p6e6u75xmxt8.cloudfront.net\/4\/2017\/07\/1375x600_2.webp","datePublished":"2017-07-28T15:28:08+00:00","dateModified":"2018-07-17T15:32:04+00:00","author":{"@id":"https:\/\/www.welovecycling.com\/sk\/#\/schema\/person\/8ee09ba39b7e25b1870160aa5b3a89bc"},"breadcrumb":{"@id":"https:\/\/www.welovecycling.com\/sk\/2017\/07\/28\/nezabudnite-pred-startom-skontrolovat-bike-aspon-trochu-sa-rozohriat\/#breadcrumb"},"inLanguage":"sk-SK","potentialAction":[{"@type":"ReadAction","target":["https:\/\/www.welovecycling.com\/sk\/2017\/07\/28\/nezabudnite-pred-startom-skontrolovat-bike-aspon-trochu-sa-rozohriat\/"]}]},{"@type":"ImageObject","inLanguage":"sk-SK","@id":"https:\/\/www.welovecycling.com\/sk\/2017\/07\/28\/nezabudnite-pred-startom-skontrolovat-bike-aspon-trochu-sa-rozohriat\/#primaryimage","url":"https:\/\/d2p6e6u75xmxt8.cloudfront.net\/4\/2017\/07\/1375x600_2.webp","contentUrl":"https:\/\/d2p6e6u75xmxt8.cloudfront.net\/4\/2017\/07\/1375x600_2.webp","width":1375,"height":600},{"@type":"BreadcrumbList","@id":"https:\/\/www.welovecycling.com\/sk\/2017\/07\/28\/nezabudnite-pred-startom-skontrolovat-bike-aspon-trochu-sa-rozohriat\/#breadcrumb","itemListElement":[{"@type":"ListItem","position":1,"name":"Home","item":"https:\/\/www.welovecycling.com\/sk\/"},{"@type":"ListItem","position":2,"name":"Nezabudnite pred \u0161tartom skontrolova\u0165 bike a aspo\u0148 trochu sa \u201erozohria\u0165\u201c"}]},{"@type":"WebSite","@id":"https:\/\/www.welovecycling.com\/sk\/#website","url":"https:\/\/www.welovecycling.com\/sk\/","name":"\u0160koda We Love Cycling Slovensko","description":"\u0160koda We Love Cycling Slovensko je v\u00e1\u0161 ka\u017edodenn\u00fd zdroj noviniek a in\u0161pir\u00e1cie z sveta cyklistiky","potentialAction":[{"@type":"SearchAction","target":{"@type":"EntryPoint","urlTemplate":"https:\/\/www.welovecycling.com\/sk\/?s={search_term_string}"},"query-input":{"@type":"PropertyValueSpecification","valueRequired":true,"valueName":"search_term_string"}}],"inLanguage":"sk-SK"},{"@type":"Person","@id":"https:\/\/www.welovecycling.com\/sk\/#\/schema\/person\/8ee09ba39b7e25b1870160aa5b3a89bc","name":"Ondrej Ga\u0161par","image":{"@type":"ImageObject","inLanguage":"sk-SK","@id":"https:\/\/www.welovecycling.com\/sk\/#\/schema\/person\/image\/","url":"https:\/\/secure.gravatar.com\/avatar\/6126c9afb87b70da5abbb083ddbb21933da15f18f8ca7cb822aba0fb096a48f6?s=96&d=mm&r=g","contentUrl":"https:\/\/secure.gravatar.com\/avatar\/6126c9afb87b70da5abbb083ddbb21933da15f18f8ca7cb822aba0fb096a48f6?s=96&d=mm&r=g","caption":"Ondrej Ga\u0161par"},"url":"https:\/\/www.welovecycling.com\/sk\/author\/ondrejgaspar\/"}]}},"_links":{"self":[{"href":"https:\/\/www.welovecycling.com\/sk\/wp-json\/wp\/v2\/posts\/1819","targetHints":{"allow":["GET"]}}],"collection":[{"href":"https:\/\/www.welovecycling.com\/sk\/wp-json\/wp\/v2\/posts"}],"about":[{"href":"https:\/\/www.welovecycling.com\/sk\/wp-json\/wp\/v2\/types\/post"}],"author":[{"embeddable":true,"href":"https:\/\/www.welovecycling.com\/sk\/wp-json\/wp\/v2\/users\/38"}],"replies":[{"embeddable":true,"href":"https:\/\/www.welovecycling.com\/sk\/wp-json\/wp\/v2\/comments?post=1819"}],"version-history":[{"count":2,"href":"https:\/\/www.welovecycling.com\/sk\/wp-json\/wp\/v2\/posts\/1819\/revisions"}],"predecessor-version":[{"id":1828,"href":"https:\/\/www.welovecycling.com\/sk\/wp-json\/wp\/v2\/posts\/1819\/revisions\/1828"}],"wp:featuredmedia":[{"embeddable":true,"href":"https:\/\/www.welovecycling.com\/sk\/wp-json\/wp\/v2\/media\/1822"}],"wp:attachment":[{"href":"https:\/\/www.welovecycling.com\/sk\/wp-json\/wp\/v2\/media?parent=1819"}],"wp:term":[{"taxonomy":"category","embeddable":true,"href":"https:\/\/www.welovecycling.com\/sk\/wp-json\/wp\/v2\/categories?post=1819"},{"taxonomy":"post_tag","embeddable":true,"href":"https:\/\/www.welovecycling.com\/sk\/wp-json\/wp\/v2\/tags?post=1819"},{"taxonomy":"global-categories","embeddable":true,"href":"https:\/\/www.welovecycling.com\/sk\/wp-json\/wp\/v2\/global-categories?post=1819"}],"curies":[{"name":"wp","href":"https:\/\/api.w.org\/{rel}","templated":true}]}}