{"id":18178,"date":"2023-09-04T13:24:00","date_gmt":"2023-09-04T11:24:00","guid":{"rendered":"https:\/\/www.welovecycling.com\/sk\/?p=18178"},"modified":"2023-09-04T22:03:31","modified_gmt":"2023-09-04T20:03:31","slug":"co-robi-monument-monumentom","status":"publish","type":"post","link":"https:\/\/www.welovecycling.com\/sk\/2023\/09\/04\/co-robi-monument-monumentom\/","title":{"rendered":"\u010co rob\u00ed monument monumentom?"},"content":{"rendered":"<p><strong>Ke\u010f nie som vonku na bicykli, rada sledujem profesion\u00e1lnu cyklistiku. Aj vy? Dne\u0161n\u00e9 platen\u00e9 streamovacie slu\u017eby u\u013eah\u010duj\u00fa fan\u00fa\u0161ikom sledova\u0165 v\u0161etky pretek\u00e1rske akcie a ma\u0165 preh\u013ead o najnov\u0161\u00edch v\u00fdsledkoch. To\u013eko pretekov som v \u017eivote nikdy nesledovala. Milujem to.<\/strong><\/p>\n<p><!--more--><\/p>\n<p><span style=\"font-weight: 400;\">Myslela som si, \u017ee o kalend\u00e1ri WorldTour toho viem dos\u0165, ale v niektor\u00fdch vysielaniach bol spomenut\u00fd jeden v\u00fdraz, ktor\u00fd ma zmiatol. Ak\u00fd to bol v\u00fdraz? Monument. <strong>\u010co to m\u00e1 by\u0165, ten monument? A pre\u010do toto ozna\u010denie dostala len h\u0155stka pretekov? \u010co rob\u00ed monument monumentom?<\/strong> M\u00f4j hlad po vedomostiach o cyklistike ma priviedol k snahe odpoveda\u0165 na tieto a \u010fal\u0161ie ot\u00e1zky. Ste pripraven\u00ed vyda\u0165 sa na t\u00fato cestu so mnou? Po\u010fme na to.<\/span><\/p>\n<h2><strong>\u010co je to monument?<\/strong><\/h2>\n<p><span style=\"font-weight: 400;\">Tri Grand Tour, Giro, <\/span><a href=\"https:\/\/www.letour.fr\/en\/landing-page\"><span style=\"font-weight: 400;\">Tour de France <\/span><\/a><span style=\"font-weight: 400;\">a La Vuelta dominuj\u00fa kalend\u00e1ru profesion\u00e1lnych pretekov, v\u010faka \u010domu s\u00fa najzn\u00e1mej\u0161ie verejnosti, a to z dobr\u00e9ho d\u00f4vodu. Ka\u017ed\u00e1 z nich trv\u00e1 tri t\u00fd\u017edne a poskytuje obrovsk\u00e9 mno\u017estvo telev\u00edzneho pokrytia a prest\u00ed\u017ee v\u00ed\u0165azom ka\u017edej etapy aj celkov\u00e9mu v\u00ed\u0165azovi. <strong>Existuj\u00fa v\u0161ak aj \u010fal\u0161ie rovnako v\u00fdznamn\u00e9 jednod\u0148ov\u00e9 preteky, presnej\u0161ie p\u00e4\u0165, naz\u00fdvan\u00e9 monumenty.<\/strong><\/span><\/p>\n<p><span style=\"font-weight: 400;\"><strong>Ide o p\u00e4\u0165 najprest\u00ed\u017enej\u0161\u00edch jednod\u0148ov\u00fdch pretekov v profi kateg\u00f3rii.<\/strong> Nazva\u0165 ich monumentmi je metaforick\u00e9. Zd\u00f4raz\u0148uje to ich historick\u00fd, kult\u00farny a \u0161portov\u00fd v\u00fdznam. Ale po intenz\u00edvnej\u0161om h\u013eadan\u00ed som zistila, \u017ee je v tom nie\u010do viac.<\/span><\/p>\n<h2><strong>Viac o prez\u00fdvke monument<\/strong><\/h2>\n<p><span style=\"font-weight: 400;\">Pre\u010do konkr\u00e9tne slovo monument? Preteky maj\u00fa \u201cmonument\u00e1lny\u201c v\u00fdznam pre ka\u017ed\u00e9ho profesion\u00e1la v cyklistike. <strong>Vyhra\u0165 monument m\u00f4\u017ee by\u0165 zlomovou udalos\u0165ou v kari\u00e9re cyklistu.<\/strong> Niektor\u00ed profesion\u00e1li maj\u00fa jeden monument ako jedin\u00fd cie\u013e svojej sez\u00f3ny. Vedeli ste, \u017ee je takmer nemo\u017en\u00e9 zdola\u0165 ich v\u0161etky? Je to jeden z naj\u0165a\u017e\u0161\u00edch v\u00fdkonov v dne\u0161n\u00fdch profesion\u00e1lnych pretekoch, ak nie naj\u0165a\u017e\u0161\u00ed. Monumenty s\u00fa skvel\u00e9 pre hodnotenie WorldTour, preto\u017ee pon\u00fakaj\u00fa najviac bodov UCI za jednod\u0148ov\u00e9 preteky.<\/span><\/p>\n<p><span style=\"font-weight: 400;\">V\u0161etky zatia\u013e vyhrali iba traja jazdci: Rik Van Looy, <\/span><a href=\"https:\/\/www.welovecycling.com\/sk\/2020\/10\/07\/merckx-versus-svet-na-tour-de-france-v-roku-1971\/\"><span style=\"font-weight: 400;\">Eddy Merckx<\/span><\/a><span style=\"font-weight: 400;\"> a Roger de Vlaeminck.<strong> Ale \u010do t\u00fdchto p\u00e4\u0165 pretekov odli\u0161uje od zvy\u0161ku jednod\u0148ov\u00fdch klas\u00edk?<\/strong> Odpove\u010f je v hist\u00f3rii. Nielen cyklistickej hist\u00f3rii, ale aj svetovej. V\u0161etci \u010dlenovia tejto elitnej skupiny mali svoju premi\u00e9ru pred prvou svetovou vojnou.<\/span><\/p>\n<p><span style=\"font-weight: 400;\">V Eur\u00f3pe svetov\u00e9 vojny zanechali stopy v\u0161ade. <strong>Trasy tejto exkluz\u00edvnej h\u0155stky pretekov sa konaj\u00fa na cest\u00e1ch lemovan\u00fdch pam\u00e4tn\u00edkmi na pamiatku stato\u010dn\u00fdch du\u0161\u00ed, ktor\u00e9 zomreli vo vojn\u00e1ch.<\/strong> Preto sa im hovor\u00ed monumenty.<\/span><\/p>\n<h2><strong>P\u00e4\u0165 monumentov cyklistiky<\/strong><\/h2>\n<p><span style=\"font-weight: 400;\">Teraz, ke\u010f vieme, ako dostali svoje meno, pozrime sa na t\u00fdchto p\u00e4\u0165 cyklistick\u00fdch monumentov. <strong>Jednou z d\u00f4le\u017eit\u00fdch vlastnost\u00ed, ktor\u00e9 maj\u00fa spolo\u010dn\u00e9, je, \u017ee ka\u017ed\u00fd z nich m\u00e1 d\u013a\u017eku minim\u00e1lne 250 km.<\/strong> Niektor\u00e9 s\u00fa ur\u010den\u00e9 pre vrch\u00e1rov, in\u00e9 pre \u0161print\u00e9rov, ak sa dok\u00e1\u017eu dosta\u0165 do posledn\u00fdch 200 m cie\u013eovej rovinky.<\/span><\/p>\n<h2><strong>Mil\u00e1no\u2013San Remo<\/strong><\/h2>\n<figure id=\"attachment_18179\" aria-describedby=\"caption-attachment-18179\" style=\"width: 990px\" class=\"wp-caption alignnone\"><a href=\"https:\/\/d2p6e6u75xmxt8.cloudfront.net\/4\/2023\/09\/2023-Milan-San-Remo-profimedia-0763639185-CVR.webp\"><img loading=\"lazy\" decoding=\"async\" class=\"wp-image-18179 size-full\" src=\"https:\/\/d2p6e6u75xmxt8.cloudfront.net\/4\/2023\/09\/2023-Milan-San-Remo-profimedia-0763639185-CVR.webp\" alt=\"Milan\u2013San Remo\" width=\"990\" height=\"660\" srcset=\"https:\/\/d2p6e6u75xmxt8.cloudfront.net\/4\/2023\/09\/2023-Milan-San-Remo-profimedia-0763639185-CVR.webp 990w, https:\/\/d2p6e6u75xmxt8.cloudfront.net\/4\/2023\/09\/2023-Milan-San-Remo-profimedia-0763639185-CVR-300x200.webp 300w, https:\/\/d2p6e6u75xmxt8.cloudfront.net\/4\/2023\/09\/2023-Milan-San-Remo-profimedia-0763639185-CVR-768x512.webp 768w, https:\/\/d2p6e6u75xmxt8.cloudfront.net\/4\/2023\/09\/2023-Milan-San-Remo-profimedia-0763639185-CVR-400x267.webp 400w, https:\/\/d2p6e6u75xmxt8.cloudfront.net\/4\/2023\/09\/2023-Milan-San-Remo-profimedia-0763639185-CVR-272x182.webp 272w\" sizes=\"auto, (max-width: 990px) 100vw, 990px\" \/><\/a><figcaption id=\"caption-attachment-18179\" class=\"wp-caption-text\"><span style=\"font-weight: 400;\">Mil\u00e1no \u2013 San Remo je prv\u00fdm monumentom roka. \u00a9 Profimedia<\/span><\/figcaption><\/figure>\n<p><span style=\"font-weight: 400;\">Mil\u00e1no-San Remo, inak zn\u00e1me ako \u201eLa Classicissima\u201c, je prv\u00fdm monumentom roka. Jeho zvy\u010dajn\u00fdm d\u00e1tumom je koniec marca, na v\u00e4\u010d\u0161ine miest za\u010diatok jari, preto je zn\u00e1my aj ako \u201eLa Primavera\u201c. Prv\u00fdkr\u00e1t sa konal v roku 1907 a tradi\u010dne ho vyhr\u00e1va \u0161print\u00e9r. <strong>Je najdlh\u0161\u00edm monumentom, jeho trasa je zvy\u010dajne dlh\u00e1 nie\u010do pod 300 km.<\/strong> Prekvapilo by v\u00e1s, keby som v\u00e1m povedala, \u017ee Eddy Merckx m\u00e1 na konte sedem v\u00ed\u0165azstiev Mil\u00e1no-San Remo?<\/span><\/p>\n<h2><strong>Okolo Fl\u00e1mska<\/strong><\/h2>\n<p><span style=\"font-weight: 400;\">Mo\u017eno ste u\u017e po\u010duli, \u017ee Okolo Fl\u00e1mska sa v holand\u010dine ozna\u010duje ako \u201eRonde van Vlaanderen\u201c. Prv\u00fdkr\u00e1t sa konal v roku 1913 a je to najmlad\u0161\u00ed a prv\u00fd dl\u00e1\u017eden\u00fd monument, ktor\u00fd sa kon\u00e1 prv\u00fa apr\u00edlov\u00fa nede\u013eu.<strong> Je zn\u00e1my svojimi \u00fazkymi a strm\u00fdmi, kr\u00e1tkymi st\u00fapaniami naz\u00fdvan\u00fdmi \u201ebergs\u201c, ktor\u00e9 po 275 km pretekov l\u00e1mu nohy aj najsilnej\u0161\u00edm jazdcom.<\/strong> Umiestnenie na \u010dele t\u00fdchto pretekov je nevyhnutnos\u0165ou pre ak\u00fako\u013evek \u0161ancu na v\u00ed\u0165azstvo.<\/span><\/p>\n<h2><strong>Paris-Roubaix<\/strong><\/h2>\n<p><span style=\"font-weight: 400;\">Par\u00ed\u017e-Roubaix, posledn\u00e1 z dl\u00e1\u017eden\u00fdch klas\u00edk, je zvy\u010dajne t\u00fd\u017ede\u0148 po Okolo Fl\u00e1mska. M\u00e1 dve prez\u00fdvky, \u201ePeklo severu\u201c a \u201eKr\u00e1\u013eovn\u00e1 klasiky\u201c. Prv\u00fd ro\u010dn\u00edk Par\u00ed\u017e-Roubaix sa konal v roku 1896, \u010do z neho rob\u00ed druh\u00e9 najstar\u0161ie podujatie v kalend\u00e1ri pretekov. <strong>Da\u017ediv\u00e9 po\u010dasie m\u00f4\u017ee sp\u00f4sobi\u0165, \u017ee tieto preteky bud\u00fa skuto\u010dn\u00fdm utrpen\u00edm, preto\u017ee drsn\u00e9 a star\u00e9 dla\u017eobn\u00e9 kocky sa za mokra st\u00e1vaj\u00fa klzk\u00fdmi ako \u013ead, pokia\u013e v\u00e1s sk\u00f4r nevyrad\u00ed defekt.<\/strong> V\u00ed\u0165az potrebuje poriadnu d\u00e1vku \u0161\u0165astia, aby sa so svojimi schopnos\u0165ami dostal na prv\u00e9 miesto na ikonickom velodr\u00f3me Roubaix.<\/span><\/p>\n<h2><strong>Li\u00e8ge-Baston-Li\u00e8ge<\/strong><\/h2>\n<p><span style=\"font-weight: 400;\"><strong>Li\u00e8ge-Baston-Li\u00e8ge je najstar\u0161\u00edm z monumentov, jeho prez\u00fdvka \u201eLa Doyenne\u201c (\u201enajstar\u0161\u00ed\u201c vo franc\u00faz\u0161tine) je preto presn\u00e1.<\/strong> Ako amat\u00e9rske podujatie debutoval v roku 1892, ale o dva roky nesk\u00f4r nasledovala profesion\u00e1lna verzia a odvtedy to tak ostalo. LBL je zvy\u010dajne poslednou jarnou klasikou a jeho trasa je vhodn\u00e1 pre potenci\u00e1lnych v\u00ed\u0165azov Grand Tour. Svoju pe\u010da\u0165 na t\u00fdchto pretekoch zanechala aj pretek\u00e1rska ikona Eddy Merckx, ktor\u00fd ich vyhral p\u00e4\u0165kr\u00e1t.<\/span><\/p>\n<h2><strong>Il Lombardia<\/strong><\/h2>\n<p><span style=\"font-weight: 400;\">Koniec leta prin\u00e1\u0161a posledn\u00fd pl\u00e1novan\u00fd monument, Il Lombardia. Kon\u00e1 sa koncom septembra alebo za\u010diatkom okt\u00f3bra, v\u010faka \u010domu si vysl\u00fa\u017eil n\u00e1zov \u201eJesenn\u00e1 klasika\u201c alebo \u201ePreteky padaj\u00facich listov\u201c. Prv\u00fdkr\u00e1t sa i\u0161iel v roku 1905 pod n\u00e1zvom \u201eMilano-Milano\u201c, potom v roku 1907 \u201eGiro de Lombardia\u201c a v roku 2012 sa stal Il Lombardia. Na tras\u00e1ch v kopcoch okolo jazera Como je obzvl\u00e1\u0161\u0165 kr\u00e1sne sledova\u0165, \u010di sa padaj\u00face listy prefarbili na t\u00fato pr\u00edle\u017eitos\u0165. <strong>Ter\u00e9n je vhodn\u00fd pre vrch\u00e1rov, ktor\u00ed si u\u0161etrili silu do \u0161print\u00e9rskeho cie\u013ea.<\/strong> Coppi zost\u00e1va kr\u00e1\u013eom Il Lombardie s piatimi v\u00ed\u0165azstvami.<\/span><\/p>\n<h2><strong>Zamyslenie na z\u00e1ver<\/strong><\/h2>\n<p><span style=\"font-weight: 400;\"><strong>\u017dia\u013e, pre v\u00ed\u0165azku \u017eenskej verzie pretekov Okolo Fl\u00e1mska, Par\u00ed\u017e-Roubaix a Li\u00e8ge-Baston-Li\u00e8ge neexistuje ofici\u00e1lny \u0161tat\u00fat \u201emonumentu\u201c; len prest\u00ed\u017e.<\/strong> Mil\u00e1no-Sanremo a Il Lombardia e\u0161te nezaviedli d\u00e1msku verziu. D\u00fafajme, \u017ee sa to v bud\u00facnosti zmen\u00ed, ke\u010f\u017ee \u017eensk\u00e1 cyklistika len a len prekvit\u00e1.<\/span><\/p>\n<p><span style=\"font-weight: 400;\">Ke\u010f som sa dozvedela o p\u00f4vode n\u00e1zvu monument, prin\u00fatilo ma to zastavi\u0165 sa a zamyslie\u0165 sa. Ke\u010f budem nabud\u00face sledova\u0165 ktor\u00e9ko\u013evek z t\u00fdchto piatich m\u00fdtick\u00fdch jednod\u0148ov\u00fdch pretekov, budem h\u013eada\u0165 pr\u00e1ve tie pam\u00e4tn\u00e9 miesta na kraji cesty. <strong>Je to ide\u00e1lny \u010das zachyti\u0165 v\u0161etku akciu a z\u00e1rove\u0148 si spomen\u00fa\u0165 na padl\u00fdch, ktor\u00ed maj\u00fa svoje \u0161peci\u00e1lne miesto v hist\u00f3rii, a vzda\u0165 im hold, ktor\u00fd si zasl\u00fa\u017eia.<\/strong><\/span><\/p>\n","protected":false},"excerpt":{"rendered":"<p>Ke\u010f nie som vonku na bicykli, rada sledujem profesion\u00e1lnu cyklistiku. Aj vy? Dne\u0161n\u00e9 platen\u00e9 streamovacie slu\u017eby u\u013eah\u010duj\u00fa fan\u00fa\u0161ikom sledova\u0165 v\u0161etky [&hellip;]<\/p>\n","protected":false},"author":172,"featured_media":18181,"comment_status":"open","ping_status":"open","sticky":false,"template":"","format":"standard","meta":{"footnotes":""},"categories":[4],"tags":[115,546,1266,876,773,1606,1608,1607,179,1006,748],"global-categories":[],"class_list":["post-18178","post","type-post","status-publish","format-standard","has-post-thumbnail","hentry","category-cestna-cyklisitika","tag-cestna-cyklistika","tag-cyklistika","tag-eddy-merckx","tag-historia","tag-hory","tag-monument","tag-pamatnik","tag-pamiatky","tag-preteky","tag-sprinter","tag-vrchar"],"yoast_head":"<!-- This site is optimized with the Yoast SEO Premium plugin v25.3 (Yoast SEO v25.9) - https:\/\/yoast.com\/wordpress\/plugins\/seo\/ -->\n<title>\u010co rob\u00ed monument monumentom? - \u0160koda We Love Cycling Slovensko<\/title>\n<meta name=\"description\" content=\"Ke\u010f nie som von na bicykli, rada sledujem \u017eiv\u00e9 prenosy profesion\u00e1lnej cyklistiky. Naposledy ma zaujalo slovo monument. \u010co znamen\u00e1?\" \/>\n<meta name=\"robots\" content=\"index, follow, max-snippet:-1, max-image-preview:large, max-video-preview:-1\" \/>\n<link rel=\"canonical\" href=\"https:\/\/www.welovecycling.com\/sk\/2023\/09\/04\/co-robi-monument-monumentom\/\" \/>\n<meta property=\"og:locale\" content=\"sk_SK\" \/>\n<meta property=\"og:type\" content=\"article\" \/>\n<meta property=\"og:title\" content=\"\u010co rob\u00ed monument monumentom?\" \/>\n<meta property=\"og:description\" content=\"Ke\u010f nie som von na bicykli, rada sledujem \u017eiv\u00e9 prenosy profesion\u00e1lnej cyklistiky. Naposledy ma zaujalo slovo monument. \u010co znamen\u00e1?\" \/>\n<meta property=\"og:url\" content=\"https:\/\/www.welovecycling.com\/sk\/2023\/09\/04\/co-robi-monument-monumentom\/\" \/>\n<meta property=\"og:site_name\" content=\"\u0160koda We Love Cycling Slovensko\" \/>\n<meta property=\"article:published_time\" content=\"2023-09-04T11:24:00+00:00\" \/>\n<meta property=\"article:modified_time\" content=\"2023-09-04T20:03:31+00:00\" \/>\n<meta property=\"og:image\" content=\"https:\/\/d2p6e6u75xmxt8.cloudfront.net\/4\/2023\/09\/2022-Paris-Roubaix-Peloton-profimedia-0683948606-CVR.webp\" \/>\n\t<meta property=\"og:image:width\" content=\"900\" \/>\n\t<meta property=\"og:image:height\" content=\"600\" \/>\n\t<meta property=\"og:image:type\" content=\"image\/webp\" \/>\n<meta name=\"author\" content=\"dominika\" \/>\n<meta name=\"twitter:card\" content=\"summary_large_image\" \/>\n<meta name=\"twitter:label1\" content=\"Written by\" \/>\n\t<meta name=\"twitter:data1\" content=\"Andrea Champredonde\" \/>\n\t<meta name=\"twitter:label2\" content=\"Est. reading time\" \/>\n\t<meta name=\"twitter:data2\" content=\"4\" \/>\n<script type=\"application\/ld+json\" class=\"yoast-schema-graph\">{\"@context\":\"https:\/\/schema.org\",\"@graph\":[{\"@type\":\"WebPage\",\"@id\":\"https:\/\/www.welovecycling.com\/sk\/2023\/09\/04\/co-robi-monument-monumentom\/\",\"url\":\"https:\/\/www.welovecycling.com\/sk\/2023\/09\/04\/co-robi-monument-monumentom\/\",\"name\":\"\u010co rob\u00ed monument monumentom? - \u0160koda We Love Cycling Slovensko\",\"isPartOf\":{\"@id\":\"https:\/\/www.welovecycling.com\/sk\/#website\"},\"primaryImageOfPage\":{\"@id\":\"https:\/\/www.welovecycling.com\/sk\/2023\/09\/04\/co-robi-monument-monumentom\/#primaryimage\"},\"image\":{\"@id\":\"https:\/\/www.welovecycling.com\/sk\/2023\/09\/04\/co-robi-monument-monumentom\/#primaryimage\"},\"thumbnailUrl\":\"https:\/\/d2p6e6u75xmxt8.cloudfront.net\/4\/2023\/09\/2022-Paris-Roubaix-Peloton-profimedia-0683948606-CVR.webp\",\"datePublished\":\"2023-09-04T11:24:00+00:00\",\"dateModified\":\"2023-09-04T20:03:31+00:00\",\"author\":{\"@id\":\"https:\/\/www.welovecycling.com\/sk\/#\/schema\/person\/533b62b98b6c41bd5135ebfb1f742624\"},\"description\":\"Ke\u010f nie som von na bicykli, rada sledujem \u017eiv\u00e9 prenosy profesion\u00e1lnej cyklistiky. Naposledy ma zaujalo slovo monument. \u010co znamen\u00e1?\",\"breadcrumb\":{\"@id\":\"https:\/\/www.welovecycling.com\/sk\/2023\/09\/04\/co-robi-monument-monumentom\/#breadcrumb\"},\"inLanguage\":\"sk-SK\",\"potentialAction\":[{\"@type\":\"ReadAction\",\"target\":[\"https:\/\/www.welovecycling.com\/sk\/2023\/09\/04\/co-robi-monument-monumentom\/\"]}]},{\"@type\":\"ImageObject\",\"inLanguage\":\"sk-SK\",\"@id\":\"https:\/\/www.welovecycling.com\/sk\/2023\/09\/04\/co-robi-monument-monumentom\/#primaryimage\",\"url\":\"https:\/\/d2p6e6u75xmxt8.cloudfront.net\/4\/2023\/09\/2022-Paris-Roubaix-Peloton-profimedia-0683948606-CVR.webp\",\"contentUrl\":\"https:\/\/d2p6e6u75xmxt8.cloudfront.net\/4\/2023\/09\/2022-Paris-Roubaix-Peloton-profimedia-0683948606-CVR.webp\",\"width\":900,\"height\":600,\"caption\":\"2022 Paris-Roubaix\"},{\"@type\":\"BreadcrumbList\",\"@id\":\"https:\/\/www.welovecycling.com\/sk\/2023\/09\/04\/co-robi-monument-monumentom\/#breadcrumb\",\"itemListElement\":[{\"@type\":\"ListItem\",\"position\":1,\"name\":\"Home\",\"item\":\"https:\/\/www.welovecycling.com\/sk\/\"},{\"@type\":\"ListItem\",\"position\":2,\"name\":\"\u010co rob\u00ed monument monumentom?\"}]},{\"@type\":\"WebSite\",\"@id\":\"https:\/\/www.welovecycling.com\/sk\/#website\",\"url\":\"https:\/\/www.welovecycling.com\/sk\/\",\"name\":\"\u0160koda We Love Cycling Slovensko\",\"description\":\"\u0160koda We Love Cycling Slovensko je v\u00e1\u0161 ka\u017edodenn\u00fd zdroj noviniek a in\u0161pir\u00e1cie z sveta cyklistiky\",\"potentialAction\":[{\"@type\":\"SearchAction\",\"target\":{\"@type\":\"EntryPoint\",\"urlTemplate\":\"https:\/\/www.welovecycling.com\/sk\/?s={search_term_string}\"},\"query-input\":{\"@type\":\"PropertyValueSpecification\",\"valueRequired\":true,\"valueName\":\"search_term_string\"}}],\"inLanguage\":\"sk-SK\"},{\"@type\":\"Person\",\"@id\":\"https:\/\/www.welovecycling.com\/sk\/#\/schema\/person\/533b62b98b6c41bd5135ebfb1f742624\",\"name\":\"dominika\",\"image\":{\"@type\":\"ImageObject\",\"inLanguage\":\"sk-SK\",\"@id\":\"https:\/\/www.welovecycling.com\/sk\/#\/schema\/person\/image\/\",\"url\":\"https:\/\/secure.gravatar.com\/avatar\/ded6f274ba2ec3e17fff153f7d9d96a4b33c2cb63907f75d9a5309c599a7f3e6?s=96&d=mm&r=g\",\"contentUrl\":\"https:\/\/secure.gravatar.com\/avatar\/ded6f274ba2ec3e17fff153f7d9d96a4b33c2cb63907f75d9a5309c599a7f3e6?s=96&d=mm&r=g\",\"caption\":\"dominika\"},\"url\":\"https:\/\/www.welovecycling.com\/sk\/author\/dominika\/\"}]}<\/script>\n<!-- \/ Yoast SEO Premium plugin. -->","yoast_head_json":{"title":"\u010co rob\u00ed monument monumentom? - \u0160koda We Love Cycling Slovensko","description":"Ke\u010f nie som von na bicykli, rada sledujem \u017eiv\u00e9 prenosy profesion\u00e1lnej cyklistiky. Naposledy ma zaujalo slovo monument. \u010co znamen\u00e1?","robots":{"index":"index","follow":"follow","max-snippet":"max-snippet:-1","max-image-preview":"max-image-preview:large","max-video-preview":"max-video-preview:-1"},"canonical":"https:\/\/www.welovecycling.com\/sk\/2023\/09\/04\/co-robi-monument-monumentom\/","og_locale":"sk_SK","og_type":"article","og_title":"\u010co rob\u00ed monument monumentom?","og_description":"Ke\u010f nie som von na bicykli, rada sledujem \u017eiv\u00e9 prenosy profesion\u00e1lnej cyklistiky. Naposledy ma zaujalo slovo monument. \u010co znamen\u00e1?","og_url":"https:\/\/www.welovecycling.com\/sk\/2023\/09\/04\/co-robi-monument-monumentom\/","og_site_name":"\u0160koda We Love Cycling Slovensko","article_published_time":"2023-09-04T11:24:00+00:00","article_modified_time":"2023-09-04T20:03:31+00:00","og_image":[{"width":900,"height":600,"url":"https:\/\/d2p6e6u75xmxt8.cloudfront.net\/4\/2023\/09\/2022-Paris-Roubaix-Peloton-profimedia-0683948606-CVR.webp","type":"image\/webp"}],"author":"dominika","twitter_card":"summary_large_image","twitter_misc":{"Written by":"Andrea Champredonde","Est. reading time":"4"},"schema":{"@context":"https:\/\/schema.org","@graph":[{"@type":"WebPage","@id":"https:\/\/www.welovecycling.com\/sk\/2023\/09\/04\/co-robi-monument-monumentom\/","url":"https:\/\/www.welovecycling.com\/sk\/2023\/09\/04\/co-robi-monument-monumentom\/","name":"\u010co rob\u00ed monument monumentom? - \u0160koda We Love Cycling Slovensko","isPartOf":{"@id":"https:\/\/www.welovecycling.com\/sk\/#website"},"primaryImageOfPage":{"@id":"https:\/\/www.welovecycling.com\/sk\/2023\/09\/04\/co-robi-monument-monumentom\/#primaryimage"},"image":{"@id":"https:\/\/www.welovecycling.com\/sk\/2023\/09\/04\/co-robi-monument-monumentom\/#primaryimage"},"thumbnailUrl":"https:\/\/d2p6e6u75xmxt8.cloudfront.net\/4\/2023\/09\/2022-Paris-Roubaix-Peloton-profimedia-0683948606-CVR.webp","datePublished":"2023-09-04T11:24:00+00:00","dateModified":"2023-09-04T20:03:31+00:00","author":{"@id":"https:\/\/www.welovecycling.com\/sk\/#\/schema\/person\/533b62b98b6c41bd5135ebfb1f742624"},"description":"Ke\u010f nie som von na bicykli, rada sledujem \u017eiv\u00e9 prenosy profesion\u00e1lnej cyklistiky. Naposledy ma zaujalo slovo monument. \u010co znamen\u00e1?","breadcrumb":{"@id":"https:\/\/www.welovecycling.com\/sk\/2023\/09\/04\/co-robi-monument-monumentom\/#breadcrumb"},"inLanguage":"sk-SK","potentialAction":[{"@type":"ReadAction","target":["https:\/\/www.welovecycling.com\/sk\/2023\/09\/04\/co-robi-monument-monumentom\/"]}]},{"@type":"ImageObject","inLanguage":"sk-SK","@id":"https:\/\/www.welovecycling.com\/sk\/2023\/09\/04\/co-robi-monument-monumentom\/#primaryimage","url":"https:\/\/d2p6e6u75xmxt8.cloudfront.net\/4\/2023\/09\/2022-Paris-Roubaix-Peloton-profimedia-0683948606-CVR.webp","contentUrl":"https:\/\/d2p6e6u75xmxt8.cloudfront.net\/4\/2023\/09\/2022-Paris-Roubaix-Peloton-profimedia-0683948606-CVR.webp","width":900,"height":600,"caption":"2022 Paris-Roubaix"},{"@type":"BreadcrumbList","@id":"https:\/\/www.welovecycling.com\/sk\/2023\/09\/04\/co-robi-monument-monumentom\/#breadcrumb","itemListElement":[{"@type":"ListItem","position":1,"name":"Home","item":"https:\/\/www.welovecycling.com\/sk\/"},{"@type":"ListItem","position":2,"name":"\u010co rob\u00ed monument monumentom?"}]},{"@type":"WebSite","@id":"https:\/\/www.welovecycling.com\/sk\/#website","url":"https:\/\/www.welovecycling.com\/sk\/","name":"\u0160koda We Love Cycling Slovensko","description":"\u0160koda We Love Cycling Slovensko je v\u00e1\u0161 ka\u017edodenn\u00fd zdroj noviniek a in\u0161pir\u00e1cie z sveta cyklistiky","potentialAction":[{"@type":"SearchAction","target":{"@type":"EntryPoint","urlTemplate":"https:\/\/www.welovecycling.com\/sk\/?s={search_term_string}"},"query-input":{"@type":"PropertyValueSpecification","valueRequired":true,"valueName":"search_term_string"}}],"inLanguage":"sk-SK"},{"@type":"Person","@id":"https:\/\/www.welovecycling.com\/sk\/#\/schema\/person\/533b62b98b6c41bd5135ebfb1f742624","name":"dominika","image":{"@type":"ImageObject","inLanguage":"sk-SK","@id":"https:\/\/www.welovecycling.com\/sk\/#\/schema\/person\/image\/","url":"https:\/\/secure.gravatar.com\/avatar\/ded6f274ba2ec3e17fff153f7d9d96a4b33c2cb63907f75d9a5309c599a7f3e6?s=96&d=mm&r=g","contentUrl":"https:\/\/secure.gravatar.com\/avatar\/ded6f274ba2ec3e17fff153f7d9d96a4b33c2cb63907f75d9a5309c599a7f3e6?s=96&d=mm&r=g","caption":"dominika"},"url":"https:\/\/www.welovecycling.com\/sk\/author\/dominika\/"}]}},"_links":{"self":[{"href":"https:\/\/www.welovecycling.com\/sk\/wp-json\/wp\/v2\/posts\/18178","targetHints":{"allow":["GET"]}}],"collection":[{"href":"https:\/\/www.welovecycling.com\/sk\/wp-json\/wp\/v2\/posts"}],"about":[{"href":"https:\/\/www.welovecycling.com\/sk\/wp-json\/wp\/v2\/types\/post"}],"author":[{"embeddable":true,"href":"https:\/\/www.welovecycling.com\/sk\/wp-json\/wp\/v2\/users\/172"}],"replies":[{"embeddable":true,"href":"https:\/\/www.welovecycling.com\/sk\/wp-json\/wp\/v2\/comments?post=18178"}],"version-history":[{"count":7,"href":"https:\/\/www.welovecycling.com\/sk\/wp-json\/wp\/v2\/posts\/18178\/revisions"}],"predecessor-version":[{"id":18187,"href":"https:\/\/www.welovecycling.com\/sk\/wp-json\/wp\/v2\/posts\/18178\/revisions\/18187"}],"wp:featuredmedia":[{"embeddable":true,"href":"https:\/\/www.welovecycling.com\/sk\/wp-json\/wp\/v2\/media\/18181"}],"wp:attachment":[{"href":"https:\/\/www.welovecycling.com\/sk\/wp-json\/wp\/v2\/media?parent=18178"}],"wp:term":[{"taxonomy":"category","embeddable":true,"href":"https:\/\/www.welovecycling.com\/sk\/wp-json\/wp\/v2\/categories?post=18178"},{"taxonomy":"post_tag","embeddable":true,"href":"https:\/\/www.welovecycling.com\/sk\/wp-json\/wp\/v2\/tags?post=18178"},{"taxonomy":"global-categories","embeddable":true,"href":"https:\/\/www.welovecycling.com\/sk\/wp-json\/wp\/v2\/global-categories?post=18178"}],"curies":[{"name":"wp","href":"https:\/\/api.w.org\/{rel}","templated":true}]}}