{"id":18162,"date":"2023-08-30T10:00:28","date_gmt":"2023-08-30T08:00:28","guid":{"rendered":"https:\/\/www.welovecycling.com\/sk\/?p=18162"},"modified":"2023-08-30T09:48:08","modified_gmt":"2023-08-30T07:48:08","slug":"pozvanka-okolo-slovenska-2023-mozno-sa-dockame-aj-prekvapenia","status":"publish","type":"post","link":"https:\/\/www.welovecycling.com\/sk\/2023\/08\/30\/pozvanka-okolo-slovenska-2023-mozno-sa-dockame-aj-prekvapenia\/","title":{"rendered":"Pozv\u00e1nka: Okolo Slovenska 2023 \u2013 mo\u017eno sa do\u010dk\u00e1me aj prekvapenia"},"content":{"rendered":"<p><strong>Preteky Okolo Slovenska s\u00fa pripraven\u00e9 na svoj 67. ro\u010dn\u00edk. Tento rok sa bude jazdi\u0165 v opa\u010dnom smere, a to od v\u00fdchodu po z\u00e1pad Slovenska. Pripraven\u00fdch je p\u00e1r zmien, ktor\u00e9 ale ur\u010dite bud\u00fa pr\u00edjemn\u00fdm spestren\u00edm t\u00fdchto jedine\u010dn\u00fdch pretekov.\u00a0<\/strong><!--more--><\/p>\n<p><span style=\"font-weight: 400;\">Prvou zmenou tento rok je vynechanie \u010dasovky. \u010eal\u0161ou zmenou je miesto cie\u013ea a\u00a0\u0161tartu. Doteraz bolo zvykom \u0161tartova\u0165 z\u00a0toho ist\u00e9ho mesta, kde bol de\u0148 predt\u00fdm aj cie\u013e, ale tentokr\u00e1t bud\u00fa od t\u00edmov potrebn\u00e9 po ukon\u010den\u00ed etapy presuny do mesta \u0161tartu. <strong>Nebud\u00fa to s\u00edce \u017eiadne ve\u013ek\u00e9 vzdialenosti, ale predsa len to bude \u010diasto\u010dn\u00e9 nepohodlie, na \u010do s\u00fa v\u0161ak pretek\u00e1ri a\u00a0t\u00edmy zvyknut\u00ed.<\/strong><\/span><\/p>\n<p><img loading=\"lazy\" decoding=\"async\" class=\"alignnone size-full wp-image-18164\" src=\"https:\/\/d2p6e6u75xmxt8.cloudfront.net\/4\/2023\/08\/SR-2.webp\" alt=\"okolo Slovenska\" width=\"990\" height=\"660\" srcset=\"https:\/\/d2p6e6u75xmxt8.cloudfront.net\/4\/2023\/08\/SR-2.webp 990w, https:\/\/d2p6e6u75xmxt8.cloudfront.net\/4\/2023\/08\/SR-2-300x200.webp 300w, https:\/\/d2p6e6u75xmxt8.cloudfront.net\/4\/2023\/08\/SR-2-768x512.webp 768w, https:\/\/d2p6e6u75xmxt8.cloudfront.net\/4\/2023\/08\/SR-2-400x267.webp 400w, https:\/\/d2p6e6u75xmxt8.cloudfront.net\/4\/2023\/08\/SR-2-272x182.webp 272w\" sizes=\"auto, (max-width: 990px) 100vw, 990px\" \/><\/p>\n<p><span style=\"font-weight: 400;\"><strong>Etapy bud\u00fa kon\u010di\u0165 prekvapivo skoro popoludn\u00ed a\u00a0pripraven\u00fd je \u010das dojazdu do cie\u013ea o\u00a014:15 pri v\u0161etk\u00fdch etap\u00e1ch.<\/strong> Je to asi aj z\u00a0d\u00f4vodu konania Vuelty, ktor\u00e1 v\u00a0t\u00fdchto d\u0148och p\u00f4jde do svojho ve\u013ek\u00e9ho fin\u00e1le. Pozrime sa v\u0161ak na jednotliv\u00e9 etapy pretekov Okolo Slovenska.\u00a0<\/span><\/p>\n<ol>\n<li><span style=\"font-size: 12pt;\"><span style=\"font-weight: 400;\">etapa 13. septembra,\u00a0 <strong>Ko\u0161ice, 173 km<\/strong><br \/>\n<\/span>Etapa pon\u00fakne <strong>3 r\u00fdchlostn\u00e9 a 4 horsk\u00e9 pr\u00e9mie a povedie cez Trebi\u0161ov, Her\u013eany sp\u00e4\u0165 do Ko\u0161\u00edc.<\/strong><\/span><\/li>\n<li><span style=\"font-size: 12pt;\">etapa 14. septembra,\u00a0 <strong>Pre\u0161ov \u2013 Poprad, 144 km<\/strong><\/span><br \/>\n<span style=\"font-size: 12pt;\">Pripraven\u00e9 s\u00fa op\u00e4\u0165 <strong>3 r\u00fdchlostn\u00e9 a 4 horsk\u00e9 pr\u00e9mie a tra\u0165 povedie aj popod majest\u00e1tne Spi\u0161sk\u00e9 Podhradie, Levo\u010du, Smokovce a skon\u010d\u00ed v Poprade.<\/strong><\/span><\/li>\n<li><span style=\"font-size: 12pt;\">etapa 15. septembra, <strong>Ru\u017eomberok \u2013 Martin, 172 km<\/strong><\/span><br \/>\n<span style=\"font-size: 12pt;\">Do tretice s\u00fa pripraven\u00e9 <strong>3 r\u00fdchlostn\u00e9 a 4 horsk\u00e9 pr\u00e9mie a okolo Oravsk\u00e9ho Podz\u00e1mku, cez Z\u00e1zriv\u00fa sa pelot\u00f3n dostane a\u017e do Martina.<\/strong><\/span><\/li>\n<li><span style=\"font-size: 12pt;\">etapa 16. septembra, <strong>Prievidza \u2013 Nitra, 149 km<\/strong><\/span><br \/>\n<span style=\"font-size: 12pt;\">Jedna z krat\u0161\u00edch et\u00e1p, ktor\u00e1 m\u00e1 pod 150 km, v r\u00e1mci ktor\u00fdch je pripraven\u00fdch <strong>zop\u00e1r poriadnych st\u00fapan\u00ed a 3 r\u00fdchlostn\u00e9 a 3 horsk\u00e9 pr\u00e9mie preveria pretek\u00e1rov pred z\u00e1vere\u010dnou etapou.<\/strong><\/span><\/li>\n<li><span style=\"font-size: 12pt;\">etapa 17. septembra, <strong>Hlohovoc \u2013 P\u00fachov, 183 km<br \/>\n<\/strong>Z\u00a0Hlohovca vy\u0161tartuj\u00fa pretek\u00e1ri <strong>smerom na Pie\u0161\u0165any, \u010cachtice a cez Ilavu sa dostan\u00fa do cie\u013eovej destin\u00e1cie P\u00fachov. \u010cakaj\u00fa ich 3 r\u00fdchlostn\u00e9 a 3 horsk\u00e9 pr\u00e9mie.\u00a0<\/strong><\/span><\/li>\n<\/ol>\n<p><strong>Posledn\u00e1 etapa je oproti zvyklostiam pr\u00e1ve tou najdlh\u0161ou,<\/strong> \u010do neb\u00fdva zvykom a\u00a0uvid\u00edme, ako si s\u00a0t\u00fdm pretek\u00e1ri poradia.<\/p>\n<div class=\"embed-controller-wrapper\">\n<div class=\"embed-wrapper\"><iframe title=\"Kr\u00e1tke predstavenie trasy Okolo Slovenska 2023\" width=\"500\" height=\"281\" data-src=\"https:\/\/www.youtube.com\/embed\/6hgEiLy91o0?feature=oembed&#038;feature=shared&#038;enablejsapi=1\" frameborder=\"0\" allow=\"accelerometer; autoplay; clipboard-write; encrypted-media; gyroscope; picture-in-picture; web-share\" referrerpolicy=\"strict-origin-when-cross-origin\" allowfullscreen><\/iframe><\/div>\n<\/div>\n<p>&nbsp;<\/p>\n<p><span style=\"font-weight: 400;\"><strong>Svoju \u00fa\u010das\u0165 potvrdili \u0161tyri svetov\u00e9 t\u00edmy Soudal Quick Step,\u00a0 Astana-Qazachstan, Jumbo Visma a Groupama FDJ.<\/strong> Organiz\u00e1tori u\u017e uva\u017euj\u00fa nad presunom term\u00ednu konania \u010fal\u0161\u00edch ro\u010dn\u00edkov, preto\u017ee v\u00a0tomto term\u00edne m\u00e1 mno\u017estvo svetov\u00fdch t\u00edmov e\u0161te nabit\u00fd kalend\u00e1r, \u010do im neumo\u017e\u0148uje pr\u00eds\u0165 si zapreteka\u0165 na Slovensko.<\/span><\/p>\n<p><span style=\"font-weight: 400;\"><strong>Samozrejme, nebude ch\u00fdba\u0165 \u0161es\u0165 Pro t\u00edmov ako napr\u00edklad Adria Mobil \u010di Hrinkow.<\/strong> Z\u00a0kontinent\u00e1lnych t\u00edmov uvid\u00edme dom\u00e1cu Duklu Bansk\u00e1 Bystrica a\u00a0nov\u00fd t\u00edm RRK Group \u2013 Pierre Baguette \u2013 Benzinol, ktor\u00fd je pod veden\u00edm \u0161portov\u00e9ho riadite\u013ea <\/span><a href=\"https:\/\/www.welovecycling.com\/sk\/2022\/10\/14\/juraj-sagan-specialista-jednodnoviek\/\" target=\"_blank\" rel=\"noopener\"><span style=\"font-weight: 400;\">Juraja Sagana<\/span><\/a><span style=\"font-weight: 400;\">.<\/span><\/p>\n<p><span style=\"font-weight: 400;\">Ak si chcete pripomen\u00fa\u0165 atmosf\u00e9ru minul\u00e9ho ro\u010dn\u00edka, odpor\u00fa\u010dame toto kr\u00e1tke video:<\/span><\/p>\n<div class=\"embed-controller-wrapper\">\n<div class=\"embed-wrapper\"><iframe title=\"Videoklip k Okolo Slovenska 2022\" width=\"500\" height=\"281\" data-src=\"https:\/\/www.youtube.com\/embed\/JTGFxopgUdU?feature=oembed&#038;feature=shared&#038;enablejsapi=1\" frameborder=\"0\" allow=\"accelerometer; autoplay; clipboard-write; encrypted-media; gyroscope; picture-in-picture; web-share\" referrerpolicy=\"strict-origin-when-cross-origin\" allowfullscreen><\/iframe><\/div>\n<\/div>\n<p>&nbsp;<\/p>\n<p><span style=\"font-weight: 400;\">Ve\u013ekou t\u00fa\u017ebou bolo dosta\u0165 na preteky Petra Sagana, preto\u017ee by to pre neho bolo kr\u00e1sne ukon\u010denie kari\u00e9ry na dom\u00e1cej p\u00f4de. <strong>V\u00a0jeho pr\u00edpade v\u0161ak jeden nikdy nevie a\u00a0mo\u017eno sa do\u010dk\u00e1me nejak\u00e9ho prekvapenia.\u00a0<\/strong><\/span><\/p>\n<p><img loading=\"lazy\" decoding=\"async\" class=\"aligncenter wp-image-18165 size-large\" src=\"https:\/\/d2p6e6u75xmxt8.cloudfront.net\/4\/2023\/08\/SR-5-724x1024.webp\" alt=\"plag\u00e1t, pozv\u00e1nka, Okolo Slovenska\" width=\"724\" height=\"1024\" srcset=\"https:\/\/d2p6e6u75xmxt8.cloudfront.net\/4\/2023\/08\/SR-5-724x1024.webp 724w, https:\/\/d2p6e6u75xmxt8.cloudfront.net\/4\/2023\/08\/SR-5-212x300.webp 212w, https:\/\/d2p6e6u75xmxt8.cloudfront.net\/4\/2023\/08\/SR-5-768x1086.webp 768w, https:\/\/d2p6e6u75xmxt8.cloudfront.net\/4\/2023\/08\/SR-5-283x400.webp 283w, https:\/\/d2p6e6u75xmxt8.cloudfront.net\/4\/2023\/08\/SR-5.webp 990w\" sizes=\"auto, (max-width: 724px) 100vw, 724px\" \/><\/p>\n<p><span style=\"font-weight: 400;\"><strong>Hlavn\u00fdm partnerom pretekov je zna\u010dka \u0160koda, ktor\u00e1 zabezpe\u010duje mobilitu poskytnut\u00edm flotily automobilov.<\/strong> S\u00fa\u010das\u0165ou podujatia bud\u00fa viacer\u00e9 bodovacie s\u00fa\u0165a\u017ee, klasifik\u00e1cia dru\u017estiev, ale aj s\u00fa\u0165a\u017e o\u00a0najlep\u0161ieho Slov\u00e1ka, tak\u017ee o\u00a0z\u00e1bavu a\u00a0t\u00fa spr\u00e1vnu s\u00fa\u0165a\u017en\u00fa atmosf\u00e9ru nebude n\u00fadza.\u00a0<\/span><\/p>\n<p><span style=\"font-weight: 400;\">Zdroj fotografi\u00ed: arch\u00edv Okolo Slovenska<\/span><\/p>\n","protected":false},"excerpt":{"rendered":"<p>Preteky Okolo Slovenska s\u00fa pripraven\u00e9 na svoj 67. ro\u010dn\u00edk. Tento rok sa bude jazdi\u0165 v opa\u010dnom smere, a to od [&hellip;]<\/p>\n","protected":false},"author":172,"featured_media":18163,"comment_status":"open","ping_status":"open","sticky":false,"template":"","format":"standard","meta":{"footnotes":""},"categories":[34],"tags":[115,546,961,331,97,91,179,1557,542,523,1109],"global-categories":[1074],"class_list":["post-18162","post","type-post","status-publish","format-standard","has-post-thumbnail","hentry","category-podujatia","tag-cestna-cyklistika","tag-cyklistika","tag-etapa","tag-etapove-preteky","tag-okolo-slovenska","tag-pozvanka","tag-preteky","tag-sezona-2023","tag-skoda","tag-slovensko","tag-stupanie","global-categories-cycling"],"yoast_head":"<!-- This site is optimized with the Yoast SEO Premium plugin v25.3 (Yoast SEO v25.9) - https:\/\/yoast.com\/wordpress\/plugins\/seo\/ -->\n<title>Pozv\u00e1nka: Okolo Slovenska 2023 \u2013 mo\u017eno sa do\u010dk\u00e1me aj prekvapenia<\/title>\n<meta name=\"description\" content=\"Preteky Okolo Slovenska s\u00fa pripraven\u00e9 na svoj 67. ro\u010dn\u00edk. Tento rok sa bude jazdi\u0165 v\u00a0opa\u010dnom smere, a to od v\u00fdchodu po z\u00e1pad Slovenska.\" \/>\n<meta name=\"robots\" content=\"index, follow, max-snippet:-1, max-image-preview:large, max-video-preview:-1\" \/>\n<link rel=\"canonical\" href=\"https:\/\/www.welovecycling.com\/sk\/2023\/08\/30\/pozvanka-okolo-slovenska-2023-mozno-sa-dockame-aj-prekvapenia\/\" \/>\n<meta property=\"og:locale\" content=\"sk_SK\" \/>\n<meta property=\"og:type\" content=\"article\" \/>\n<meta property=\"og:title\" content=\"Pozv\u00e1nka: Okolo Slovenska 2023 \u2013 mo\u017eno sa do\u010dk\u00e1me aj prekvapenia\" \/>\n<meta property=\"og:description\" content=\"Preteky Okolo Slovenska s\u00fa pripraven\u00e9 na svoj 67. ro\u010dn\u00edk. Tento rok sa bude jazdi\u0165 v\u00a0opa\u010dnom smere, a to od v\u00fdchodu po z\u00e1pad Slovenska.\" \/>\n<meta property=\"og:url\" content=\"https:\/\/www.welovecycling.com\/sk\/2023\/08\/30\/pozvanka-okolo-slovenska-2023-mozno-sa-dockame-aj-prekvapenia\/\" \/>\n<meta property=\"og:site_name\" content=\"\u0160koda We Love Cycling Slovensko\" \/>\n<meta property=\"article:published_time\" content=\"2023-08-30T08:00:28+00:00\" \/>\n<meta property=\"og:image\" content=\"https:\/\/d2p6e6u75xmxt8.cloudfront.net\/4\/2023\/08\/SR-6.webp\" \/>\n\t<meta property=\"og:image:width\" content=\"990\" \/>\n\t<meta property=\"og:image:height\" content=\"660\" \/>\n\t<meta property=\"og:image:type\" content=\"image\/webp\" \/>\n<meta name=\"author\" content=\"dominika\" \/>\n<meta name=\"twitter:card\" content=\"summary_large_image\" \/>\n<meta name=\"twitter:label1\" content=\"Written by\" \/>\n\t<meta name=\"twitter:data1\" content=\"We Love Cycling\" \/>\n\t<meta name=\"twitter:label2\" content=\"Est. reading time\" \/>\n\t<meta name=\"twitter:data2\" content=\"2\" \/>\n<script type=\"application\/ld+json\" class=\"yoast-schema-graph\">{\"@context\":\"https:\/\/schema.org\",\"@graph\":[{\"@type\":\"WebPage\",\"@id\":\"https:\/\/www.welovecycling.com\/sk\/2023\/08\/30\/pozvanka-okolo-slovenska-2023-mozno-sa-dockame-aj-prekvapenia\/\",\"url\":\"https:\/\/www.welovecycling.com\/sk\/2023\/08\/30\/pozvanka-okolo-slovenska-2023-mozno-sa-dockame-aj-prekvapenia\/\",\"name\":\"Pozv\u00e1nka: Okolo Slovenska 2023 \u2013 mo\u017eno sa do\u010dk\u00e1me aj prekvapenia\",\"isPartOf\":{\"@id\":\"https:\/\/www.welovecycling.com\/sk\/#website\"},\"primaryImageOfPage\":{\"@id\":\"https:\/\/www.welovecycling.com\/sk\/2023\/08\/30\/pozvanka-okolo-slovenska-2023-mozno-sa-dockame-aj-prekvapenia\/#primaryimage\"},\"image\":{\"@id\":\"https:\/\/www.welovecycling.com\/sk\/2023\/08\/30\/pozvanka-okolo-slovenska-2023-mozno-sa-dockame-aj-prekvapenia\/#primaryimage\"},\"thumbnailUrl\":\"https:\/\/d2p6e6u75xmxt8.cloudfront.net\/4\/2023\/08\/SR-6.webp\",\"datePublished\":\"2023-08-30T08:00:28+00:00\",\"author\":{\"@id\":\"https:\/\/www.welovecycling.com\/sk\/#\/schema\/person\/533b62b98b6c41bd5135ebfb1f742624\"},\"description\":\"Preteky Okolo Slovenska s\u00fa pripraven\u00e9 na svoj 67. ro\u010dn\u00edk. Tento rok sa bude jazdi\u0165 v\u00a0opa\u010dnom smere, a to od v\u00fdchodu po z\u00e1pad Slovenska.\",\"breadcrumb\":{\"@id\":\"https:\/\/www.welovecycling.com\/sk\/2023\/08\/30\/pozvanka-okolo-slovenska-2023-mozno-sa-dockame-aj-prekvapenia\/#breadcrumb\"},\"inLanguage\":\"sk-SK\",\"potentialAction\":[{\"@type\":\"ReadAction\",\"target\":[\"https:\/\/www.welovecycling.com\/sk\/2023\/08\/30\/pozvanka-okolo-slovenska-2023-mozno-sa-dockame-aj-prekvapenia\/\"]}]},{\"@type\":\"ImageObject\",\"inLanguage\":\"sk-SK\",\"@id\":\"https:\/\/www.welovecycling.com\/sk\/2023\/08\/30\/pozvanka-okolo-slovenska-2023-mozno-sa-dockame-aj-prekvapenia\/#primaryimage\",\"url\":\"https:\/\/d2p6e6u75xmxt8.cloudfront.net\/4\/2023\/08\/SR-6.webp\",\"contentUrl\":\"https:\/\/d2p6e6u75xmxt8.cloudfront.net\/4\/2023\/08\/SR-6.webp\",\"width\":990,\"height\":660,\"caption\":\"Okolo Slovenska\"},{\"@type\":\"BreadcrumbList\",\"@id\":\"https:\/\/www.welovecycling.com\/sk\/2023\/08\/30\/pozvanka-okolo-slovenska-2023-mozno-sa-dockame-aj-prekvapenia\/#breadcrumb\",\"itemListElement\":[{\"@type\":\"ListItem\",\"position\":1,\"name\":\"Home\",\"item\":\"https:\/\/www.welovecycling.com\/sk\/\"},{\"@type\":\"ListItem\",\"position\":2,\"name\":\"Pozv\u00e1nka: Okolo Slovenska 2023 \u2013 mo\u017eno sa do\u010dk\u00e1me aj prekvapenia\"}]},{\"@type\":\"WebSite\",\"@id\":\"https:\/\/www.welovecycling.com\/sk\/#website\",\"url\":\"https:\/\/www.welovecycling.com\/sk\/\",\"name\":\"\u0160koda We Love Cycling Slovensko\",\"description\":\"\u0160koda We Love Cycling Slovensko je v\u00e1\u0161 ka\u017edodenn\u00fd zdroj noviniek a in\u0161pir\u00e1cie z sveta cyklistiky\",\"potentialAction\":[{\"@type\":\"SearchAction\",\"target\":{\"@type\":\"EntryPoint\",\"urlTemplate\":\"https:\/\/www.welovecycling.com\/sk\/?s={search_term_string}\"},\"query-input\":{\"@type\":\"PropertyValueSpecification\",\"valueRequired\":true,\"valueName\":\"search_term_string\"}}],\"inLanguage\":\"sk-SK\"},{\"@type\":\"Person\",\"@id\":\"https:\/\/www.welovecycling.com\/sk\/#\/schema\/person\/533b62b98b6c41bd5135ebfb1f742624\",\"name\":\"dominika\",\"image\":{\"@type\":\"ImageObject\",\"inLanguage\":\"sk-SK\",\"@id\":\"https:\/\/www.welovecycling.com\/sk\/#\/schema\/person\/image\/\",\"url\":\"https:\/\/secure.gravatar.com\/avatar\/ded6f274ba2ec3e17fff153f7d9d96a4b33c2cb63907f75d9a5309c599a7f3e6?s=96&d=mm&r=g\",\"contentUrl\":\"https:\/\/secure.gravatar.com\/avatar\/ded6f274ba2ec3e17fff153f7d9d96a4b33c2cb63907f75d9a5309c599a7f3e6?s=96&d=mm&r=g\",\"caption\":\"dominika\"},\"url\":\"https:\/\/www.welovecycling.com\/sk\/author\/dominika\/\"}]}<\/script>\n<!-- \/ Yoast SEO Premium plugin. -->","yoast_head_json":{"title":"Pozv\u00e1nka: Okolo Slovenska 2023 \u2013 mo\u017eno sa do\u010dk\u00e1me aj prekvapenia","description":"Preteky Okolo Slovenska s\u00fa pripraven\u00e9 na svoj 67. ro\u010dn\u00edk. Tento rok sa bude jazdi\u0165 v\u00a0opa\u010dnom smere, a to od v\u00fdchodu po z\u00e1pad Slovenska.","robots":{"index":"index","follow":"follow","max-snippet":"max-snippet:-1","max-image-preview":"max-image-preview:large","max-video-preview":"max-video-preview:-1"},"canonical":"https:\/\/www.welovecycling.com\/sk\/2023\/08\/30\/pozvanka-okolo-slovenska-2023-mozno-sa-dockame-aj-prekvapenia\/","og_locale":"sk_SK","og_type":"article","og_title":"Pozv\u00e1nka: Okolo Slovenska 2023 \u2013 mo\u017eno sa do\u010dk\u00e1me aj prekvapenia","og_description":"Preteky Okolo Slovenska s\u00fa pripraven\u00e9 na svoj 67. ro\u010dn\u00edk. Tento rok sa bude jazdi\u0165 v\u00a0opa\u010dnom smere, a to od v\u00fdchodu po z\u00e1pad Slovenska.","og_url":"https:\/\/www.welovecycling.com\/sk\/2023\/08\/30\/pozvanka-okolo-slovenska-2023-mozno-sa-dockame-aj-prekvapenia\/","og_site_name":"\u0160koda We Love Cycling Slovensko","article_published_time":"2023-08-30T08:00:28+00:00","og_image":[{"width":990,"height":660,"url":"https:\/\/d2p6e6u75xmxt8.cloudfront.net\/4\/2023\/08\/SR-6.webp","type":"image\/webp"}],"author":"dominika","twitter_card":"summary_large_image","twitter_misc":{"Written by":"We Love Cycling","Est. reading time":"2"},"schema":{"@context":"https:\/\/schema.org","@graph":[{"@type":"WebPage","@id":"https:\/\/www.welovecycling.com\/sk\/2023\/08\/30\/pozvanka-okolo-slovenska-2023-mozno-sa-dockame-aj-prekvapenia\/","url":"https:\/\/www.welovecycling.com\/sk\/2023\/08\/30\/pozvanka-okolo-slovenska-2023-mozno-sa-dockame-aj-prekvapenia\/","name":"Pozv\u00e1nka: Okolo Slovenska 2023 \u2013 mo\u017eno sa do\u010dk\u00e1me aj prekvapenia","isPartOf":{"@id":"https:\/\/www.welovecycling.com\/sk\/#website"},"primaryImageOfPage":{"@id":"https:\/\/www.welovecycling.com\/sk\/2023\/08\/30\/pozvanka-okolo-slovenska-2023-mozno-sa-dockame-aj-prekvapenia\/#primaryimage"},"image":{"@id":"https:\/\/www.welovecycling.com\/sk\/2023\/08\/30\/pozvanka-okolo-slovenska-2023-mozno-sa-dockame-aj-prekvapenia\/#primaryimage"},"thumbnailUrl":"https:\/\/d2p6e6u75xmxt8.cloudfront.net\/4\/2023\/08\/SR-6.webp","datePublished":"2023-08-30T08:00:28+00:00","author":{"@id":"https:\/\/www.welovecycling.com\/sk\/#\/schema\/person\/533b62b98b6c41bd5135ebfb1f742624"},"description":"Preteky Okolo Slovenska s\u00fa pripraven\u00e9 na svoj 67. ro\u010dn\u00edk. Tento rok sa bude jazdi\u0165 v\u00a0opa\u010dnom smere, a to od v\u00fdchodu po z\u00e1pad Slovenska.","breadcrumb":{"@id":"https:\/\/www.welovecycling.com\/sk\/2023\/08\/30\/pozvanka-okolo-slovenska-2023-mozno-sa-dockame-aj-prekvapenia\/#breadcrumb"},"inLanguage":"sk-SK","potentialAction":[{"@type":"ReadAction","target":["https:\/\/www.welovecycling.com\/sk\/2023\/08\/30\/pozvanka-okolo-slovenska-2023-mozno-sa-dockame-aj-prekvapenia\/"]}]},{"@type":"ImageObject","inLanguage":"sk-SK","@id":"https:\/\/www.welovecycling.com\/sk\/2023\/08\/30\/pozvanka-okolo-slovenska-2023-mozno-sa-dockame-aj-prekvapenia\/#primaryimage","url":"https:\/\/d2p6e6u75xmxt8.cloudfront.net\/4\/2023\/08\/SR-6.webp","contentUrl":"https:\/\/d2p6e6u75xmxt8.cloudfront.net\/4\/2023\/08\/SR-6.webp","width":990,"height":660,"caption":"Okolo Slovenska"},{"@type":"BreadcrumbList","@id":"https:\/\/www.welovecycling.com\/sk\/2023\/08\/30\/pozvanka-okolo-slovenska-2023-mozno-sa-dockame-aj-prekvapenia\/#breadcrumb","itemListElement":[{"@type":"ListItem","position":1,"name":"Home","item":"https:\/\/www.welovecycling.com\/sk\/"},{"@type":"ListItem","position":2,"name":"Pozv\u00e1nka: Okolo Slovenska 2023 \u2013 mo\u017eno sa do\u010dk\u00e1me aj prekvapenia"}]},{"@type":"WebSite","@id":"https:\/\/www.welovecycling.com\/sk\/#website","url":"https:\/\/www.welovecycling.com\/sk\/","name":"\u0160koda We Love Cycling Slovensko","description":"\u0160koda We Love Cycling Slovensko je v\u00e1\u0161 ka\u017edodenn\u00fd zdroj noviniek a in\u0161pir\u00e1cie z sveta cyklistiky","potentialAction":[{"@type":"SearchAction","target":{"@type":"EntryPoint","urlTemplate":"https:\/\/www.welovecycling.com\/sk\/?s={search_term_string}"},"query-input":{"@type":"PropertyValueSpecification","valueRequired":true,"valueName":"search_term_string"}}],"inLanguage":"sk-SK"},{"@type":"Person","@id":"https:\/\/www.welovecycling.com\/sk\/#\/schema\/person\/533b62b98b6c41bd5135ebfb1f742624","name":"dominika","image":{"@type":"ImageObject","inLanguage":"sk-SK","@id":"https:\/\/www.welovecycling.com\/sk\/#\/schema\/person\/image\/","url":"https:\/\/secure.gravatar.com\/avatar\/ded6f274ba2ec3e17fff153f7d9d96a4b33c2cb63907f75d9a5309c599a7f3e6?s=96&d=mm&r=g","contentUrl":"https:\/\/secure.gravatar.com\/avatar\/ded6f274ba2ec3e17fff153f7d9d96a4b33c2cb63907f75d9a5309c599a7f3e6?s=96&d=mm&r=g","caption":"dominika"},"url":"https:\/\/www.welovecycling.com\/sk\/author\/dominika\/"}]}},"_links":{"self":[{"href":"https:\/\/www.welovecycling.com\/sk\/wp-json\/wp\/v2\/posts\/18162","targetHints":{"allow":["GET"]}}],"collection":[{"href":"https:\/\/www.welovecycling.com\/sk\/wp-json\/wp\/v2\/posts"}],"about":[{"href":"https:\/\/www.welovecycling.com\/sk\/wp-json\/wp\/v2\/types\/post"}],"author":[{"embeddable":true,"href":"https:\/\/www.welovecycling.com\/sk\/wp-json\/wp\/v2\/users\/172"}],"replies":[{"embeddable":true,"href":"https:\/\/www.welovecycling.com\/sk\/wp-json\/wp\/v2\/comments?post=18162"}],"version-history":[{"count":9,"href":"https:\/\/www.welovecycling.com\/sk\/wp-json\/wp\/v2\/posts\/18162\/revisions"}],"predecessor-version":[{"id":18174,"href":"https:\/\/www.welovecycling.com\/sk\/wp-json\/wp\/v2\/posts\/18162\/revisions\/18174"}],"wp:featuredmedia":[{"embeddable":true,"href":"https:\/\/www.welovecycling.com\/sk\/wp-json\/wp\/v2\/media\/18163"}],"wp:attachment":[{"href":"https:\/\/www.welovecycling.com\/sk\/wp-json\/wp\/v2\/media?parent=18162"}],"wp:term":[{"taxonomy":"category","embeddable":true,"href":"https:\/\/www.welovecycling.com\/sk\/wp-json\/wp\/v2\/categories?post=18162"},{"taxonomy":"post_tag","embeddable":true,"href":"https:\/\/www.welovecycling.com\/sk\/wp-json\/wp\/v2\/tags?post=18162"},{"taxonomy":"global-categories","embeddable":true,"href":"https:\/\/www.welovecycling.com\/sk\/wp-json\/wp\/v2\/global-categories?post=18162"}],"curies":[{"name":"wp","href":"https:\/\/api.w.org\/{rel}","templated":true}]}}