{"id":18157,"date":"2023-08-28T10:30:38","date_gmt":"2023-08-28T08:30:38","guid":{"rendered":"https:\/\/www.welovecycling.com\/sk\/?p=18157"},"modified":"2023-08-28T10:30:38","modified_gmt":"2023-08-28T08:30:38","slug":"september-2023-este-si-o-par-dni-predlzit-leto","status":"publish","type":"post","link":"https:\/\/www.welovecycling.com\/sk\/2023\/08\/28\/september-2023-este-si-o-par-dni-predlzit-leto\/","title":{"rendered":"September 2023 \u2013 e\u0161te si o p\u00e1r dn\u00ed pred\u013a\u017ei\u0165 leto"},"content":{"rendered":"<p><strong>Hlavn\u00e1 cyklistick\u00e1 sez\u00f3na n\u00e1m pomaly kon\u010d\u00ed, ale pre t\u00fdch, ktor\u00ed si chc\u00fa leto e\u0161te o\u00a0p\u00e1r dn\u00ed \u010di t\u00fd\u017ed\u0148ov pred\u013a\u017ei\u0165, prin\u00e1\u0161ame preh\u013ead akci\u00ed po\u010das mesiaca september. Ver\u00edme, \u017ee po\u010dasie n\u00e1m bude pria\u0165.<\/strong><\/p>\n<p><!--more--><\/p>\n<h2><strong>01.09. 2023 Bajkservis Stupava MTB Sprint<\/strong><\/h2>\n<p><span style=\"font-weight: 400;\">Pred za\u010diatkom \u0161kolsk\u00e9ho roku si m\u00f4\u017eete zmera\u0165 sily na \u010dasovke na Biely Kr\u00ed\u017e. \u0160tart je pred predaj\u0148ou Bajkservis a\u00a0cie\u013e pri horskej chate Klinec.<strong> Trasa m\u00e1 11 km a\u00a0prev\u00fd\u0161enie 400 metrov. Jazd\u00ed sa za plnej cestnej prem\u00e1vky, tak\u017ee si treba d\u00e1va\u0165 na seba pozor.<\/strong> \u0160tartuje sa v\u00a0min\u00fatov\u00fdch intervaloch a ka\u017ed\u00fd pretek\u00e1r dostane \u0161tartov\u00e9 \u010d\u00edslo, na ktorom bude presn\u00fd \u010das \u0161tartu. A\u00a0nezabudnite, \u017ee po skon\u010den\u00ed pretekov bude aj afterparty.\u00a0<\/span><\/p>\n<div class=\"embed-controller-wrapper\">\n<div class=\"embed-wrapper\"><iframe title=\"Stupava MTB sprint\" width=\"500\" height=\"375\" data-src=\"https:\/\/www.youtube.com\/embed\/Bry4gpL6Klg?feature=oembed&#038;feature=shared&#038;enablejsapi=1\" frameborder=\"0\" allow=\"accelerometer; autoplay; clipboard-write; encrypted-media; gyroscope; picture-in-picture; web-share\" referrerpolicy=\"strict-origin-when-cross-origin\" allowfullscreen><\/iframe><\/div>\n<\/div>\n<h2><\/h2>\n<h2><strong>02.09. 2023 \u00a0Detsk\u00e1 tour Petra Sagana<\/strong><\/h2>\n<p><span style=\"font-weight: 400;\">\u0160ieste kolo Detskej tour Petra Sagana sa bude kona\u0165 v Poprade v mestskej \u010dasti Spi\u0161sk\u00e1 Sobota. <strong>V\u00e4\u010d\u0161ia \u010das\u0165 trate vedie po l\u00fakach, ale jedno st\u00fapanie je aj na \u201ema\u010dac\u00edch kock\u00e1ch\u201c, a tak si mal\u00ed pretek\u00e1ri m\u00f4\u017eu vysk\u00fa\u0161a\u0165 aj tento povrch a by\u0165 pripraven\u00ed na ve\u013ek\u00e9 podujatia.<\/strong> Na trate sa postavia v\u0161etky kateg\u00f3rie det\u00ed a \u017eiakov od ro\u010dn\u00edkov 2019 a\u017e po 2009.\u00a0<\/span><\/p>\n<div class=\"embed-controller-wrapper\">\n<div class=\"embed-wrapper\"><iframe title=\"Detsk\u00e1 tour Petra Sagana 2023 | TOP MOMENTY zo 4. kola | DEM\u00c4NOV\u00c1\" width=\"500\" height=\"281\" data-src=\"https:\/\/www.youtube.com\/embed\/IbtgG3F33K4?feature=oembed&#038;feature=shared&#038;enablejsapi=1\" frameborder=\"0\" allow=\"accelerometer; autoplay; clipboard-write; encrypted-media; gyroscope; picture-in-picture; web-share\" referrerpolicy=\"strict-origin-when-cross-origin\" allowfullscreen><\/iframe><\/div>\n<\/div>\n<p>&nbsp;<\/p>\n<h2><strong>09.- 10. 09. 2023 \u00a0MTBIKER Hornonitrianska Enduro s\u00e9ria &#8211; Ve\u013ek\u00e1 Leh\u00f4tka<\/strong><\/h2>\n<p><span style=\"font-weight: 400;\">Organiz\u00e1tor OZ Hornonitrianske stopy aj tento rok pripravil enduro s\u00e9riu a\u00a0vo Ve\u013ekej Leh\u00f4tke to bude u\u017e jej tretie kolo. <strong>Prech\u00e1dzaj\u00face dve v\u00a0Partiz\u00e1nskom a\u00a0Jasenskej doline prebehli \u00faspe\u0161ne a\u00a0z\u00e1vere\u010dn\u00e9 kolo n\u00e1s bude \u010daka\u0165 v\u00a0okt\u00f3bri v\u00a0Bojniciach.<\/strong> \u010cakaj\u00fa v\u00e1s r\u00fdchlostn\u00e9 sk\u00fa\u0161ky ako aj transfery. \u0160tartova\u0165 bude naraz 10 jazdcov v\u00a05-min\u00fatov\u00fdch intervaloch. Do s\u00fa\u0165a\u017ee sa m\u00f4\u017eu zapoji\u0165 aj fan\u00fa\u0161ikovia e-bikov, pre ktor\u00fdch je vytvoren\u00e1 samostatn\u00e1 kateg\u00f3ria.\u00a0<\/span><\/p>\n<div class=\"embed-controller-wrapper\">\n<div class=\"embed-wrapper\"><iframe title=\"Hornonitrianska Enduro S\u00e9ria #2 - Ve\u013ek\u00e1 Leh\u00f4tka\" width=\"500\" height=\"281\" data-src=\"https:\/\/www.youtube.com\/embed\/_MsXMGbmaLo?feature=oembed&#038;feature=shared&#038;enablejsapi=1\" frameborder=\"0\" allow=\"accelerometer; autoplay; clipboard-write; encrypted-media; gyroscope; picture-in-picture; web-share\" referrerpolicy=\"strict-origin-when-cross-origin\" allowfullscreen><\/iframe><\/div>\n<\/div>\n<p><span style=\"font-weight: 400;\">\u00a0<\/span><\/p>\n<h2><strong>09.09. 2023 \u00a020. MTB Singletrack Marat\u00f3n Ko\u0161ice<\/strong><\/h2>\n<p><span style=\"font-weight: 400;\">Dvadsiaty jubilejn\u00fd ro\u010dn\u00edk prinesie ve\u013ea noviniek a\u00a0vylep\u0161en\u00ed, tak\u017ee ur\u010dite sa oplat\u00ed potvrdi\u0165 svoju \u00fa\u010das\u0165.<strong> Okrem toho, \u017ee to bud\u00fa majstrovstv\u00e1 SR v MTB marat\u00f3ne, z\u00e1rove\u0148 to bude medzin\u00e1rodn\u00e9 podujatie UCI-C1 s fin\u00e1le SP XCM.<\/strong> Pripraven\u00e9 s\u00fa tri trate \u2013 Kr\u00e1tka 22 km s\u00a0prev\u00fd\u0161en\u00edm 560 m, Stredn\u00e1 48 km s\u00a0prev\u00fd\u0161en\u00edm 1 360 m a\u00a0Dlh\u00e1 73 km s\u00a0prev\u00fd\u0161en\u00edm 1 960 m. Na svoje si pr\u00eddu aj rodiny s\u00a0de\u0165mi aj\u00a0fan\u00fa\u0161ikovia e-bikov.\u00a0<\/span><\/p>\n<div class=\"embed-controller-wrapper\">\n<div class=\"embed-wrapper\"><iframe title=\"Pozv\u00e1nka na 20. MTB Singletrack Marathon Ko\u0161ice 2023\" width=\"500\" height=\"281\" data-src=\"https:\/\/www.youtube.com\/embed\/iNC3udBl2uQ?feature=oembed&#038;feature=shared&#038;enablejsapi=1\" frameborder=\"0\" allow=\"accelerometer; autoplay; clipboard-write; encrypted-media; gyroscope; picture-in-picture; web-share\" referrerpolicy=\"strict-origin-when-cross-origin\" allowfullscreen><\/iframe><\/div>\n<\/div>\n<p>&nbsp;<\/p>\n<h2><strong>13. &#8211; 17. 09. 2023 \u00a0Okolo Slovenska<\/strong><\/h2>\n<p><span style=\"font-weight: 400;\">67. ro\u010dn\u00edk pretekov je pripraven\u00fd na svoj ve\u013ekolep\u00fd \u0161tart. <strong>Tento rok sa bude jazdi\u0165 v opa\u010dnom smere, a to od v\u00fdchodu po z\u00e1pad Slovenska. Novinkou je vynechanie \u010dasovky a ve\u010dern\u00e9 predstavovanie t\u00edmov.<\/strong> Svoju \u00fa\u010das\u0165 potvrdili \u0161tyri svetov\u00e9 t\u00edmy &#8211; Soudal Quick Step,\u00a0 Astana-Qazachstan, Jumbo Visma a Groupama FDJ. S\u00fa\u010das\u0165ou podujatia bud\u00fa viacer\u00e9 bodovacie s\u00fa\u0165a\u017ee, klasifik\u00e1cia dru\u017estiev ale aj s\u00fa\u0165a\u017e o najlep\u0161ieho Slov\u00e1ka, tak\u017ee o z\u00e1bavu a t\u00fa spr\u00e1vnu s\u00fa\u0165a\u017en\u00fa atmosf\u00e9ru nebude n\u00fadza.\u00a0<\/span><\/p>\n<div class=\"embed-controller-wrapper\">\n<div class=\"embed-wrapper\"><iframe title=\"Kr\u00e1tke predstavenie trasy Okolo Slovenska 2023\" width=\"500\" height=\"281\" data-src=\"https:\/\/www.youtube.com\/embed\/6hgEiLy91o0?feature=oembed&#038;feature=shared&#038;enablejsapi=1\" frameborder=\"0\" allow=\"accelerometer; autoplay; clipboard-write; encrypted-media; gyroscope; picture-in-picture; web-share\" referrerpolicy=\"strict-origin-when-cross-origin\" allowfullscreen><\/iframe><\/div>\n<\/div>\n<p>&nbsp;<\/p>\n<h2><strong>23.09. 2023 \u00a0Detsk\u00e1 tour Petra Sagana<\/strong><\/h2>\n<p><span style=\"font-weight: 400;\">Minul\u00fd rok na fin\u00e1lovom kole \u010dakalo \u00fa\u010dastn\u00edkov chladn\u00e9 a da\u017ediv\u00e9 po\u010dasie, a tak ver\u00edme, \u017ee tohtoro\u010dn\u00e1 jese\u0148 pon\u00fakne pr\u00edjemnej\u0161ie po\u010dasie. Tento rok sa fin\u00e1le nebude kona\u0165 v \u017diline ale v \u0160amor\u00edne, a tak sn\u00e1\u010f aj t\u00e1to ju\u017enej\u0161ia poloha prispeje k teplej\u0161iemu po\u010dasiu. <strong>S\u00fa\u0165a\u017ei\u0165 sa bude v tradi\u010dn\u00fdch kateg\u00f3ri\u00e1ch Baby, Mikro, Mili, Mini, Mlad\u0161\u00ed \u017diaci a Star\u0161\u00ed \u017diaci, a tak si ka\u017ed\u00fd n\u00e1jde t\u00fa svoju tra\u0165.<\/strong> No a netreba zab\u00fada\u0165, \u017ee to bude fin\u00e1le, tak\u017ee pr\u00ed\u010fte aj vy podpori\u0165 mlad\u00e9 talenty.<\/span><\/p>\n<div class=\"embed-controller-wrapper\">\n<div class=\"embed-wrapper\"><iframe title=\"Detsk\u00e1 tour Petra Sagana 2022 | Aftermovie zo 4. kola | \u0160amor\u00edn\" width=\"500\" height=\"281\" data-src=\"https:\/\/www.youtube.com\/embed\/YguLg-d36K0?feature=oembed&#038;feature=shared&#038;enablejsapi=1\" frameborder=\"0\" allow=\"accelerometer; autoplay; clipboard-write; encrypted-media; gyroscope; picture-in-picture; web-share\" referrerpolicy=\"strict-origin-when-cross-origin\" allowfullscreen><\/iframe><\/div>\n<\/div>\n<p>&nbsp;<\/p>\n<h2><strong>24.09. 2023 \u00a0Kaktus Bike Bratislavsk\u00fd MTB marat\u00f3n<\/strong><\/h2>\n<p><span style=\"font-weight: 400;\">Koniec mesiaca bude patri\u0165 horskej cyklistike na Kaktus Bike marat\u00f3ne a\u00a0bude to fin\u00e1lov\u00e9 kolo \u017dupn\u00e9ho poh\u00e1ra aj poh\u00e1ra XCM.<strong> V\u00a0ponuke s\u00fa tri trate \u2013 Marat\u00f3n 80 km s\u00a0prev\u00fd\u0161en\u00edm 2 033 m, Polmarat\u00f3n 52 km s\u00a0prev\u00fd\u0161en\u00edm 1 255 m a\u00a0\u0160tvr\u0165marat\u00f3n 22 km, ktor\u00fd m\u00e1 prev\u00fd\u0161enie 531 m.<\/strong> Ak sa chyst\u00e1te z\u00fa\u010dastni\u0165, zaregistrujte sa \u010d\u00edm sk\u00f4r, z\u00edskate v\u00fdhodnej\u0161ie \u0161tartovn\u00e9.\u00a0\u00a0<\/span><\/p>\n<div class=\"embed-controller-wrapper\">\n<div class=\"embed-wrapper\"><iframe title=\"KAKTUS BIKE Bratislavsk\u00fd MTB Marat\u00f3n 2022\u2502Nekone\u010dn\u00e9 Singl\u00e1\u010de Jesenn\u00e1 Atmosf\u00e9ra a Stovky Bikerov\" width=\"500\" height=\"281\" data-src=\"https:\/\/www.youtube.com\/embed\/t4N6jogAZq8?feature=oembed&#038;feature=shared&#038;enablejsapi=1\" frameborder=\"0\" allow=\"accelerometer; autoplay; clipboard-write; encrypted-media; gyroscope; picture-in-picture; web-share\" referrerpolicy=\"strict-origin-when-cross-origin\" allowfullscreen><\/iframe><\/div>\n<\/div>\n<p>&nbsp;<\/p>\n<div id=\"1693210019.750949\" class=\"c-virtual_list__item c-virtual_list__item--initial-activeitem\" tabindex=\"0\" role=\"listitem\" aria-setsize=\"-1\" data-qa=\"virtual-list-item\" data-item-key=\"1693210019.750949\">\n<div class=\"c-message_kit__background c-message_kit__background--hovered p-message_pane_message__message c-message_kit__message\" role=\"presentation\" data-qa=\"message_container\" data-qa-unprocessed=\"false\" data-qa-placeholder=\"false\">\n<div class=\"c-message_kit__hover c-message_kit__hover--hovered\" role=\"document\" aria-roledescription=\"message\" data-qa-hover=\"true\">\n<div class=\"c-message_kit__actions c-message_kit__actions--default\">\n<div class=\"c-message_kit__gutter\">\n<div class=\"c-message_kit__gutter__right\" role=\"presentation\" data-qa=\"message_content\">\n<div class=\"c-message_kit__blocks c-message_kit__blocks--rich_text\">\n<div class=\"c-message__message_blocks c-message__message_blocks--rich_text\" data-qa=\"message-text\">\n<div class=\"p-block_kit_renderer\" data-qa=\"block-kit-renderer\">\n<div class=\"p-block_kit_renderer__block_wrapper p-block_kit_renderer__block_wrapper--first\">\n<div class=\"p-rich_text_block\" dir=\"auto\">\n<div class=\"p-rich_text_section\">Tituln\u00e1 fotografia: Peter Regec<\/div>\n<\/div>\n<\/div>\n<\/div>\n<\/div>\n<\/div>\n<\/div>\n<\/div>\n<div class=\"c-message_actions__container c-message__actions\" role=\"group\">\n<div class=\"c-message_actions__group\" role=\"group\" aria-label=\"Message actions\" data-qa=\"message-actions\"><\/div>\n<\/div>\n<\/div>\n<\/div>\n<\/div>\n<\/div>\n","protected":false},"excerpt":{"rendered":"<p>Hlavn\u00e1 cyklistick\u00e1 sez\u00f3na n\u00e1m pomaly kon\u010d\u00ed, ale pre t\u00fdch, ktor\u00ed si chc\u00fa leto e\u0161te o\u00a0p\u00e1r dn\u00ed \u010di t\u00fd\u017ed\u0148ov pred\u013a\u017ei\u0165, prin\u00e1\u0161ame [&hellip;]<\/p>\n","protected":false},"author":172,"featured_media":18159,"comment_status":"open","ping_status":"open","sticky":false,"template":"","format":"standard","meta":{"footnotes":""},"categories":[34],"tags":[521,546,53,764,896,180,789,875,481,178,412,1517,37,465,1557,523,181],"global-categories":[1074],"class_list":["post-18157","post","type-post","status-publish","format-standard","has-post-thumbnail","hentry","category-podujatia","tag-bratislava","tag-cyklistika","tag-deti","tag-detska-tour-petra-sagana","tag-enduro","tag-horska-cyklistika","tag-kalendar","tag-kosice","tag-majstrovstva","tag-maraton","tag-mtb","tag-mtbiker","tag-podujatia","tag-poprad","tag-sezona-2023","tag-slovensko","tag-stupava","global-categories-cycling"],"yoast_head":"<!-- This site is optimized with the Yoast SEO Premium plugin v25.3 (Yoast SEO v25.9) - https:\/\/yoast.com\/wordpress\/plugins\/seo\/ -->\n<title>September 2023 \u2013 e\u0161te si o p\u00e1r dn\u00ed pred\u013a\u017ei\u0165 leto - \u0160koda We Love Cycling Slovensko<\/title>\n<meta name=\"description\" content=\"Hlavn\u00e1 cyklistick\u00e1 sez\u00f3na n\u00e1m pomaly kon\u010d\u00ed. Pre t\u00fdch, ktor\u00ed si chc\u00fa leto e\u0161te pred\u013a\u017ei\u0165, prin\u00e1\u0161ame preh\u013ead akci\u00ed po\u010das mesiaca september.\" \/>\n<meta name=\"robots\" content=\"index, follow, max-snippet:-1, max-image-preview:large, max-video-preview:-1\" \/>\n<link rel=\"canonical\" href=\"https:\/\/www.welovecycling.com\/sk\/2023\/08\/28\/september-2023-este-si-o-par-dni-predlzit-leto\/\" \/>\n<meta property=\"og:locale\" content=\"sk_SK\" \/>\n<meta property=\"og:type\" content=\"article\" \/>\n<meta property=\"og:title\" content=\"September 2023 \u2013 e\u0161te si o p\u00e1r dn\u00ed pred\u013a\u017ei\u0165 leto\" \/>\n<meta property=\"og:description\" content=\"Hlavn\u00e1 cyklistick\u00e1 sez\u00f3na n\u00e1m pomaly kon\u010d\u00ed. Pre t\u00fdch, ktor\u00ed si chc\u00fa leto e\u0161te pred\u013a\u017ei\u0165, prin\u00e1\u0161ame preh\u013ead akci\u00ed po\u010das mesiaca september.\" \/>\n<meta property=\"og:url\" content=\"https:\/\/www.welovecycling.com\/sk\/2023\/08\/28\/september-2023-este-si-o-par-dni-predlzit-leto\/\" \/>\n<meta property=\"og:site_name\" content=\"\u0160koda We Love Cycling Slovensko\" \/>\n<meta property=\"article:published_time\" content=\"2023-08-28T08:30:38+00:00\" \/>\n<meta property=\"og:image\" content=\"https:\/\/d2p6e6u75xmxt8.cloudfront.net\/4\/2023\/08\/titulka-4.webp\" \/>\n\t<meta property=\"og:image:width\" content=\"990\" \/>\n\t<meta property=\"og:image:height\" content=\"660\" \/>\n\t<meta property=\"og:image:type\" content=\"image\/webp\" \/>\n<meta name=\"author\" content=\"dominika\" \/>\n<meta name=\"twitter:card\" content=\"summary_large_image\" \/>\n<meta name=\"twitter:label1\" content=\"Written by\" \/>\n\t<meta name=\"twitter:data1\" content=\"We Love Cycling\" \/>\n\t<meta name=\"twitter:label2\" content=\"Est. reading time\" \/>\n\t<meta name=\"twitter:data2\" content=\"4\" \/>\n<script type=\"application\/ld+json\" class=\"yoast-schema-graph\">{\"@context\":\"https:\/\/schema.org\",\"@graph\":[{\"@type\":\"WebPage\",\"@id\":\"https:\/\/www.welovecycling.com\/sk\/2023\/08\/28\/september-2023-este-si-o-par-dni-predlzit-leto\/\",\"url\":\"https:\/\/www.welovecycling.com\/sk\/2023\/08\/28\/september-2023-este-si-o-par-dni-predlzit-leto\/\",\"name\":\"September 2023 \u2013 e\u0161te si o p\u00e1r dn\u00ed pred\u013a\u017ei\u0165 leto - \u0160koda We Love Cycling Slovensko\",\"isPartOf\":{\"@id\":\"https:\/\/www.welovecycling.com\/sk\/#website\"},\"primaryImageOfPage\":{\"@id\":\"https:\/\/www.welovecycling.com\/sk\/2023\/08\/28\/september-2023-este-si-o-par-dni-predlzit-leto\/#primaryimage\"},\"image\":{\"@id\":\"https:\/\/www.welovecycling.com\/sk\/2023\/08\/28\/september-2023-este-si-o-par-dni-predlzit-leto\/#primaryimage\"},\"thumbnailUrl\":\"https:\/\/d2p6e6u75xmxt8.cloudfront.net\/4\/2023\/08\/titulka-4.webp\",\"datePublished\":\"2023-08-28T08:30:38+00:00\",\"author\":{\"@id\":\"https:\/\/www.welovecycling.com\/sk\/#\/schema\/person\/533b62b98b6c41bd5135ebfb1f742624\"},\"description\":\"Hlavn\u00e1 cyklistick\u00e1 sez\u00f3na n\u00e1m pomaly kon\u010d\u00ed. Pre t\u00fdch, ktor\u00ed si chc\u00fa leto e\u0161te pred\u013a\u017ei\u0165, prin\u00e1\u0161ame preh\u013ead akci\u00ed po\u010das mesiaca september.\",\"breadcrumb\":{\"@id\":\"https:\/\/www.welovecycling.com\/sk\/2023\/08\/28\/september-2023-este-si-o-par-dni-predlzit-leto\/#breadcrumb\"},\"inLanguage\":\"sk-SK\",\"potentialAction\":[{\"@type\":\"ReadAction\",\"target\":[\"https:\/\/www.welovecycling.com\/sk\/2023\/08\/28\/september-2023-este-si-o-par-dni-predlzit-leto\/\"]}]},{\"@type\":\"ImageObject\",\"inLanguage\":\"sk-SK\",\"@id\":\"https:\/\/www.welovecycling.com\/sk\/2023\/08\/28\/september-2023-este-si-o-par-dni-predlzit-leto\/#primaryimage\",\"url\":\"https:\/\/d2p6e6u75xmxt8.cloudfront.net\/4\/2023\/08\/titulka-4.webp\",\"contentUrl\":\"https:\/\/d2p6e6u75xmxt8.cloudfront.net\/4\/2023\/08\/titulka-4.webp\",\"width\":990,\"height\":660,\"caption\":\"september podujatia\"},{\"@type\":\"BreadcrumbList\",\"@id\":\"https:\/\/www.welovecycling.com\/sk\/2023\/08\/28\/september-2023-este-si-o-par-dni-predlzit-leto\/#breadcrumb\",\"itemListElement\":[{\"@type\":\"ListItem\",\"position\":1,\"name\":\"Home\",\"item\":\"https:\/\/www.welovecycling.com\/sk\/\"},{\"@type\":\"ListItem\",\"position\":2,\"name\":\"September 2023 \u2013 e\u0161te si o p\u00e1r dn\u00ed pred\u013a\u017ei\u0165 leto\"}]},{\"@type\":\"WebSite\",\"@id\":\"https:\/\/www.welovecycling.com\/sk\/#website\",\"url\":\"https:\/\/www.welovecycling.com\/sk\/\",\"name\":\"\u0160koda We Love Cycling Slovensko\",\"description\":\"\u0160koda We Love Cycling Slovensko je v\u00e1\u0161 ka\u017edodenn\u00fd zdroj noviniek a in\u0161pir\u00e1cie z sveta cyklistiky\",\"potentialAction\":[{\"@type\":\"SearchAction\",\"target\":{\"@type\":\"EntryPoint\",\"urlTemplate\":\"https:\/\/www.welovecycling.com\/sk\/?s={search_term_string}\"},\"query-input\":{\"@type\":\"PropertyValueSpecification\",\"valueRequired\":true,\"valueName\":\"search_term_string\"}}],\"inLanguage\":\"sk-SK\"},{\"@type\":\"Person\",\"@id\":\"https:\/\/www.welovecycling.com\/sk\/#\/schema\/person\/533b62b98b6c41bd5135ebfb1f742624\",\"name\":\"dominika\",\"image\":{\"@type\":\"ImageObject\",\"inLanguage\":\"sk-SK\",\"@id\":\"https:\/\/www.welovecycling.com\/sk\/#\/schema\/person\/image\/\",\"url\":\"https:\/\/secure.gravatar.com\/avatar\/ded6f274ba2ec3e17fff153f7d9d96a4b33c2cb63907f75d9a5309c599a7f3e6?s=96&d=mm&r=g\",\"contentUrl\":\"https:\/\/secure.gravatar.com\/avatar\/ded6f274ba2ec3e17fff153f7d9d96a4b33c2cb63907f75d9a5309c599a7f3e6?s=96&d=mm&r=g\",\"caption\":\"dominika\"},\"url\":\"https:\/\/www.welovecycling.com\/sk\/author\/dominika\/\"}]}<\/script>\n<!-- \/ Yoast SEO Premium plugin. -->","yoast_head_json":{"title":"September 2023 \u2013 e\u0161te si o p\u00e1r dn\u00ed pred\u013a\u017ei\u0165 leto - \u0160koda We Love Cycling Slovensko","description":"Hlavn\u00e1 cyklistick\u00e1 sez\u00f3na n\u00e1m pomaly kon\u010d\u00ed. Pre t\u00fdch, ktor\u00ed si chc\u00fa leto e\u0161te pred\u013a\u017ei\u0165, prin\u00e1\u0161ame preh\u013ead akci\u00ed po\u010das mesiaca september.","robots":{"index":"index","follow":"follow","max-snippet":"max-snippet:-1","max-image-preview":"max-image-preview:large","max-video-preview":"max-video-preview:-1"},"canonical":"https:\/\/www.welovecycling.com\/sk\/2023\/08\/28\/september-2023-este-si-o-par-dni-predlzit-leto\/","og_locale":"sk_SK","og_type":"article","og_title":"September 2023 \u2013 e\u0161te si o p\u00e1r dn\u00ed pred\u013a\u017ei\u0165 leto","og_description":"Hlavn\u00e1 cyklistick\u00e1 sez\u00f3na n\u00e1m pomaly kon\u010d\u00ed. Pre t\u00fdch, ktor\u00ed si chc\u00fa leto e\u0161te pred\u013a\u017ei\u0165, prin\u00e1\u0161ame preh\u013ead akci\u00ed po\u010das mesiaca september.","og_url":"https:\/\/www.welovecycling.com\/sk\/2023\/08\/28\/september-2023-este-si-o-par-dni-predlzit-leto\/","og_site_name":"\u0160koda We Love Cycling Slovensko","article_published_time":"2023-08-28T08:30:38+00:00","og_image":[{"width":990,"height":660,"url":"https:\/\/d2p6e6u75xmxt8.cloudfront.net\/4\/2023\/08\/titulka-4.webp","type":"image\/webp"}],"author":"dominika","twitter_card":"summary_large_image","twitter_misc":{"Written by":"We Love Cycling","Est. reading time":"4"},"schema":{"@context":"https:\/\/schema.org","@graph":[{"@type":"WebPage","@id":"https:\/\/www.welovecycling.com\/sk\/2023\/08\/28\/september-2023-este-si-o-par-dni-predlzit-leto\/","url":"https:\/\/www.welovecycling.com\/sk\/2023\/08\/28\/september-2023-este-si-o-par-dni-predlzit-leto\/","name":"September 2023 \u2013 e\u0161te si o p\u00e1r dn\u00ed pred\u013a\u017ei\u0165 leto - \u0160koda We Love Cycling Slovensko","isPartOf":{"@id":"https:\/\/www.welovecycling.com\/sk\/#website"},"primaryImageOfPage":{"@id":"https:\/\/www.welovecycling.com\/sk\/2023\/08\/28\/september-2023-este-si-o-par-dni-predlzit-leto\/#primaryimage"},"image":{"@id":"https:\/\/www.welovecycling.com\/sk\/2023\/08\/28\/september-2023-este-si-o-par-dni-predlzit-leto\/#primaryimage"},"thumbnailUrl":"https:\/\/d2p6e6u75xmxt8.cloudfront.net\/4\/2023\/08\/titulka-4.webp","datePublished":"2023-08-28T08:30:38+00:00","author":{"@id":"https:\/\/www.welovecycling.com\/sk\/#\/schema\/person\/533b62b98b6c41bd5135ebfb1f742624"},"description":"Hlavn\u00e1 cyklistick\u00e1 sez\u00f3na n\u00e1m pomaly kon\u010d\u00ed. Pre t\u00fdch, ktor\u00ed si chc\u00fa leto e\u0161te pred\u013a\u017ei\u0165, prin\u00e1\u0161ame preh\u013ead akci\u00ed po\u010das mesiaca september.","breadcrumb":{"@id":"https:\/\/www.welovecycling.com\/sk\/2023\/08\/28\/september-2023-este-si-o-par-dni-predlzit-leto\/#breadcrumb"},"inLanguage":"sk-SK","potentialAction":[{"@type":"ReadAction","target":["https:\/\/www.welovecycling.com\/sk\/2023\/08\/28\/september-2023-este-si-o-par-dni-predlzit-leto\/"]}]},{"@type":"ImageObject","inLanguage":"sk-SK","@id":"https:\/\/www.welovecycling.com\/sk\/2023\/08\/28\/september-2023-este-si-o-par-dni-predlzit-leto\/#primaryimage","url":"https:\/\/d2p6e6u75xmxt8.cloudfront.net\/4\/2023\/08\/titulka-4.webp","contentUrl":"https:\/\/d2p6e6u75xmxt8.cloudfront.net\/4\/2023\/08\/titulka-4.webp","width":990,"height":660,"caption":"september podujatia"},{"@type":"BreadcrumbList","@id":"https:\/\/www.welovecycling.com\/sk\/2023\/08\/28\/september-2023-este-si-o-par-dni-predlzit-leto\/#breadcrumb","itemListElement":[{"@type":"ListItem","position":1,"name":"Home","item":"https:\/\/www.welovecycling.com\/sk\/"},{"@type":"ListItem","position":2,"name":"September 2023 \u2013 e\u0161te si o p\u00e1r dn\u00ed pred\u013a\u017ei\u0165 leto"}]},{"@type":"WebSite","@id":"https:\/\/www.welovecycling.com\/sk\/#website","url":"https:\/\/www.welovecycling.com\/sk\/","name":"\u0160koda We Love Cycling Slovensko","description":"\u0160koda We Love Cycling Slovensko je v\u00e1\u0161 ka\u017edodenn\u00fd zdroj noviniek a in\u0161pir\u00e1cie z sveta cyklistiky","potentialAction":[{"@type":"SearchAction","target":{"@type":"EntryPoint","urlTemplate":"https:\/\/www.welovecycling.com\/sk\/?s={search_term_string}"},"query-input":{"@type":"PropertyValueSpecification","valueRequired":true,"valueName":"search_term_string"}}],"inLanguage":"sk-SK"},{"@type":"Person","@id":"https:\/\/www.welovecycling.com\/sk\/#\/schema\/person\/533b62b98b6c41bd5135ebfb1f742624","name":"dominika","image":{"@type":"ImageObject","inLanguage":"sk-SK","@id":"https:\/\/www.welovecycling.com\/sk\/#\/schema\/person\/image\/","url":"https:\/\/secure.gravatar.com\/avatar\/ded6f274ba2ec3e17fff153f7d9d96a4b33c2cb63907f75d9a5309c599a7f3e6?s=96&d=mm&r=g","contentUrl":"https:\/\/secure.gravatar.com\/avatar\/ded6f274ba2ec3e17fff153f7d9d96a4b33c2cb63907f75d9a5309c599a7f3e6?s=96&d=mm&r=g","caption":"dominika"},"url":"https:\/\/www.welovecycling.com\/sk\/author\/dominika\/"}]}},"_links":{"self":[{"href":"https:\/\/www.welovecycling.com\/sk\/wp-json\/wp\/v2\/posts\/18157","targetHints":{"allow":["GET"]}}],"collection":[{"href":"https:\/\/www.welovecycling.com\/sk\/wp-json\/wp\/v2\/posts"}],"about":[{"href":"https:\/\/www.welovecycling.com\/sk\/wp-json\/wp\/v2\/types\/post"}],"author":[{"embeddable":true,"href":"https:\/\/www.welovecycling.com\/sk\/wp-json\/wp\/v2\/users\/172"}],"replies":[{"embeddable":true,"href":"https:\/\/www.welovecycling.com\/sk\/wp-json\/wp\/v2\/comments?post=18157"}],"version-history":[{"count":3,"href":"https:\/\/www.welovecycling.com\/sk\/wp-json\/wp\/v2\/posts\/18157\/revisions"}],"predecessor-version":[{"id":18161,"href":"https:\/\/www.welovecycling.com\/sk\/wp-json\/wp\/v2\/posts\/18157\/revisions\/18161"}],"wp:featuredmedia":[{"embeddable":true,"href":"https:\/\/www.welovecycling.com\/sk\/wp-json\/wp\/v2\/media\/18159"}],"wp:attachment":[{"href":"https:\/\/www.welovecycling.com\/sk\/wp-json\/wp\/v2\/media?parent=18157"}],"wp:term":[{"taxonomy":"category","embeddable":true,"href":"https:\/\/www.welovecycling.com\/sk\/wp-json\/wp\/v2\/categories?post=18157"},{"taxonomy":"post_tag","embeddable":true,"href":"https:\/\/www.welovecycling.com\/sk\/wp-json\/wp\/v2\/tags?post=18157"},{"taxonomy":"global-categories","embeddable":true,"href":"https:\/\/www.welovecycling.com\/sk\/wp-json\/wp\/v2\/global-categories?post=18157"}],"curies":[{"name":"wp","href":"https:\/\/api.w.org\/{rel}","templated":true}]}}