{"id":18119,"date":"2023-08-22T18:34:52","date_gmt":"2023-08-22T16:34:52","guid":{"rendered":"https:\/\/www.welovecycling.com\/sk\/?p=18119"},"modified":"2023-08-22T18:38:26","modified_gmt":"2023-08-22T16:38:26","slug":"reportaz-letape-slovakia-by-tour-de-france-2023-cyklo-zazitok-roka","status":"publish","type":"post","link":"https:\/\/www.welovecycling.com\/sk\/2023\/08\/22\/reportaz-letape-slovakia-by-tour-de-france-2023-cyklo-zazitok-roka\/","title":{"rendered":"Report\u00e1\u017e: L\u2019Etape Slovakia by Tour de France 2023 &#8211; cyklo z\u00e1\u017eitok roka"},"content":{"rendered":"<p><strong>Uplynul\u00fd v\u00edkend sa v Bratislave konal u\u017e tret\u00ed ro\u010dn\u00edk cyklistick\u00e9ho podujatia L\u2019Etape Slovakia by Tour de France, ktor\u00e9ho som sa op\u00e4\u0165 po roku z\u00fa\u010dastnil. Ro\u010dn\u00edk 2023 sa niesol v duchu viacer\u00fdch v\u00fdznamn\u00fdch zmien.<\/strong><!--more--><\/p>\n<h2><b>Nov\u00e9 z\u00e1zemie &#8211; Eurovea<\/b><\/h2>\n<p><span style=\"font-weight: 400;\">Prvou v\u00fdraznou zmenou bolo nov\u00e9 miesto z\u00e1zemia, tzv. L\u2019Etape Village. P\u00f4vodn\u00fd \u0160trkovec nahradilo obchodn\u00e9 centrum Eurovea na brehu Dunaja. <strong>T\u00e1to zmena priniesla nov\u00e9 mo\u017enosti hlavne v oblasti ob\u010derstvenia, jedla, nak\u00fapenia si potrebn\u00fdch vec\u00ed na jednom mieste.<\/strong> Prostredie Dunaja na m\u0148a p\u00f4sobilo naozaj pr\u00edjemne.<\/span><\/p>\n<p><img loading=\"lazy\" decoding=\"async\" class=\"alignnone wp-image-18121 size-full\" src=\"https:\/\/d2p6e6u75xmxt8.cloudfront.net\/4\/2023\/08\/letape-12.webp\" alt=\"Eurovea\" width=\"990\" height=\"660\" srcset=\"https:\/\/d2p6e6u75xmxt8.cloudfront.net\/4\/2023\/08\/letape-12.webp 990w, https:\/\/d2p6e6u75xmxt8.cloudfront.net\/4\/2023\/08\/letape-12-300x200.webp 300w, https:\/\/d2p6e6u75xmxt8.cloudfront.net\/4\/2023\/08\/letape-12-768x512.webp 768w, https:\/\/d2p6e6u75xmxt8.cloudfront.net\/4\/2023\/08\/letape-12-400x267.webp 400w, https:\/\/d2p6e6u75xmxt8.cloudfront.net\/4\/2023\/08\/letape-12-272x182.webp 272w\" sizes=\"auto, (max-width: 990px) 100vw, 990px\" \/><\/p>\n<p><span style=\"font-weight: 400;\">Priamo v L\u2019etape Village boli u\u017e klasicky k dispoz\u00edcii st\u00e1nky v\u0161etk\u00fdch partnerov podujatia, st\u00e1nok na registr\u00e1ciu a v\u00fddaj \u0161tartov\u00fdch bal\u00ed\u010dkov, m\u00fazeum TdF, st\u00e1nok Specialized s bicyklom Petra Sagana, \u010di mo\u017enos\u0165ou vidie\u0165 na\u017eivo \u00faplne nov\u00fd Tarmac SL8. <strong>Po pretekoch nech\u00fdbala mo\u017enos\u0165 regener\u00e1cie formou mas\u00e1\u017ee n\u00f4h <\/strong><\/span><strong>gr\u00e1tis \u010di vyu\u017eitia regenera\u010dn\u00fdch nohav\u00edc Reboots.<\/strong><\/p>\n<div id='gallery-1' class='gallery galleryid-18119 gallery-columns-2 gallery-size-full'><figure class='gallery-item'>\n\t\t\t<div class='gallery-icon landscape'>\n\t\t\t\t<a href='https:\/\/d2p6e6u75xmxt8.cloudfront.net\/4\/2023\/08\/letape-26.webp'><img loading=\"lazy\" decoding=\"async\" width=\"990\" height=\"660\" src=\"https:\/\/d2p6e6u75xmxt8.cloudfront.net\/4\/2023\/08\/letape-26.webp\" class=\"attachment-full size-full\" alt=\"\u0160KODA\" srcset=\"https:\/\/d2p6e6u75xmxt8.cloudfront.net\/4\/2023\/08\/letape-26.webp 990w, https:\/\/d2p6e6u75xmxt8.cloudfront.net\/4\/2023\/08\/letape-26-300x200.webp 300w, https:\/\/d2p6e6u75xmxt8.cloudfront.net\/4\/2023\/08\/letape-26-768x512.webp 768w, https:\/\/d2p6e6u75xmxt8.cloudfront.net\/4\/2023\/08\/letape-26-400x267.webp 400w, https:\/\/d2p6e6u75xmxt8.cloudfront.net\/4\/2023\/08\/letape-26-272x182.webp 272w\" sizes=\"auto, (max-width: 990px) 100vw, 990px\" \/><\/a>\n\t\t\t<\/div><\/figure><figure class='gallery-item'>\n\t\t\t<div class='gallery-icon landscape'>\n\t\t\t\t<a href='https:\/\/d2p6e6u75xmxt8.cloudfront.net\/4\/2023\/08\/letape-25.webp'><img loading=\"lazy\" decoding=\"async\" width=\"990\" height=\"660\" src=\"https:\/\/d2p6e6u75xmxt8.cloudfront.net\/4\/2023\/08\/letape-25.webp\" class=\"attachment-full size-full\" alt=\"\u0160KODA auto\" srcset=\"https:\/\/d2p6e6u75xmxt8.cloudfront.net\/4\/2023\/08\/letape-25.webp 990w, https:\/\/d2p6e6u75xmxt8.cloudfront.net\/4\/2023\/08\/letape-25-300x200.webp 300w, https:\/\/d2p6e6u75xmxt8.cloudfront.net\/4\/2023\/08\/letape-25-768x512.webp 768w, https:\/\/d2p6e6u75xmxt8.cloudfront.net\/4\/2023\/08\/letape-25-400x267.webp 400w, https:\/\/d2p6e6u75xmxt8.cloudfront.net\/4\/2023\/08\/letape-25-272x182.webp 272w\" sizes=\"auto, (max-width: 990px) 100vw, 990px\" \/><\/a>\n\t\t\t<\/div><\/figure>\n\t\t<\/div>\n\n<h2><b>\u00daprava trat\u00ed<\/b><\/h2>\n<p><span style=\"font-weight: 400;\">Spolu so z\u00e1zem\u00edm sa m\u00e1linko zmenili aj trate podujatia. Ubudlo zhodne po 5 km na ka\u017edej trase, pri\u010dom ale do\u0161lo len ku skr\u00e1teniu zav\u00e1dzacej, sl\u00e1vnostnej \u010dasti. Za m\u0148a to hodnot\u00edm pozit\u00edvne a zd\u013ahav\u00fd prejazd centrom mi nijako nech\u00fdbal. <strong>Naopak, prech\u00e1dzali sme po 2 ikonick\u00fdch mostoch Bratislavy, Apollo a Most SNP s legend\u00e1rnym UFOm a vysk\u00fa\u0161ali sme si aj, ak\u00e9 je to \u00eds\u0165 po uzavretej dia\u013enici v cyklistickom pelot\u00f3ne &#8211; to si inde nevysk\u00fa\u0161ate.<\/strong><\/span><\/p>\n<p><img loading=\"lazy\" decoding=\"async\" class=\"alignnone size-full wp-image-18124\" src=\"https:\/\/d2p6e6u75xmxt8.cloudfront.net\/4\/2023\/08\/letape-16.webp\" alt=\"\" width=\"990\" height=\"660\" srcset=\"https:\/\/d2p6e6u75xmxt8.cloudfront.net\/4\/2023\/08\/letape-16.webp 990w, https:\/\/d2p6e6u75xmxt8.cloudfront.net\/4\/2023\/08\/letape-16-300x200.webp 300w, https:\/\/d2p6e6u75xmxt8.cloudfront.net\/4\/2023\/08\/letape-16-768x512.webp 768w, https:\/\/d2p6e6u75xmxt8.cloudfront.net\/4\/2023\/08\/letape-16-400x267.webp 400w, https:\/\/d2p6e6u75xmxt8.cloudfront.net\/4\/2023\/08\/letape-16-272x182.webp 272w\" sizes=\"auto, (max-width: 990px) 100vw, 990px\" \/><\/p>\n<h2><b>Oddelen\u00e9 \u0161tarty<\/b><\/h2>\n<p><span style=\"font-weight: 400;\"><strong>\u010eal\u0161ou ve\u013ekou pozit\u00edvnou zmenou boli oddelen\u00e9 \u0161tarty dlhej a kr\u00e1tkej trasy, ozna\u010dovan\u00fdch ako RACE a RIDE.<\/strong> Jazdci dlh\u0161ej trate \u0161tartovali 7:00, kr\u00e1tka trasa o 10 min\u00fat nesk\u00f4r. Pridalo to na bezpe\u010dnosti, nako\u013eko sa pohybovali po ceste men\u0161ie bal\u00edky, f\u00e9rovosti, nako\u013eko nebolo potrebn\u00e9 prem\u00fd\u0161\u013ea\u0165, \u010di mi u\u0161iel niekto z kr\u00e1tkej alebo dlhej trasy. Na \u0161tarte boli op\u00e4\u0165 po vzore minul\u00e9ho roka \u0161tartov\u00e9 koridory, do ktor\u00fdch sa nateraz miesto vyber\u00e1 dobrovo\u013ene na z\u00e1klade zhodnotenie vlastnej v\u00fdkonnosti.<\/span><\/p>\n<p><img loading=\"lazy\" decoding=\"async\" class=\"alignnone size-full wp-image-18125\" src=\"https:\/\/d2p6e6u75xmxt8.cloudfront.net\/4\/2023\/08\/letape-23.webp\" alt=\"\" width=\"990\" height=\"660\" srcset=\"https:\/\/d2p6e6u75xmxt8.cloudfront.net\/4\/2023\/08\/letape-23.webp 990w, https:\/\/d2p6e6u75xmxt8.cloudfront.net\/4\/2023\/08\/letape-23-300x200.webp 300w, https:\/\/d2p6e6u75xmxt8.cloudfront.net\/4\/2023\/08\/letape-23-768x512.webp 768w, https:\/\/d2p6e6u75xmxt8.cloudfront.net\/4\/2023\/08\/letape-23-400x267.webp 400w, https:\/\/d2p6e6u75xmxt8.cloudfront.net\/4\/2023\/08\/letape-23-272x182.webp 272w\" sizes=\"auto, (max-width: 990px) 100vw, 990px\" \/><\/p>\n<h2><b>Hviezdne men\u00e1 v bal\u00edku<\/b><\/h2>\n<p><span style=\"font-weight: 400;\">Z roka na rok slovensk\u00e1 ed\u00edcia L\u2019Etape z\u00edskava na popularite aj u zvu\u010dn\u00fdch mien. <strong>Tento rok sa okrem u\u017e pravideln\u00fdch \u00fa\u010dastn\u00edkov ako napr\u00edklad bratia Velitsovci z\u00fa\u010dastnili aj legendy slovensk\u00e9ho hokeja \u010di futbalu v podobne Zdena Ch\u00e1ru \u010di Mareka Ham\u0161\u00edka.<\/strong> Na trati sa nach\u00e1dzal aj paralympijsk\u00fd v\u00ed\u0165az Ji\u0159i Je\u017eek a mnoho \u010fal\u0161\u00edch.<\/span><\/p>\n<p><img loading=\"lazy\" decoding=\"async\" class=\"alignnone size-full wp-image-18126\" src=\"https:\/\/d2p6e6u75xmxt8.cloudfront.net\/4\/2023\/08\/letape-27.webp\" alt=\"\" width=\"990\" height=\"660\" srcset=\"https:\/\/d2p6e6u75xmxt8.cloudfront.net\/4\/2023\/08\/letape-27.webp 990w, https:\/\/d2p6e6u75xmxt8.cloudfront.net\/4\/2023\/08\/letape-27-300x200.webp 300w, https:\/\/d2p6e6u75xmxt8.cloudfront.net\/4\/2023\/08\/letape-27-768x512.webp 768w, https:\/\/d2p6e6u75xmxt8.cloudfront.net\/4\/2023\/08\/letape-27-400x267.webp 400w, https:\/\/d2p6e6u75xmxt8.cloudfront.net\/4\/2023\/08\/letape-27-272x182.webp 272w\" sizes=\"auto, (max-width: 990px) 100vw, 990px\" \/><\/p>\n<h2><b>Tretia \u00fa\u010das\u0165 &#8211; tretia perspekt\u00edva<\/b><\/h2>\n<p><span style=\"font-weight: 400;\">Ja osobne som sa z\u00fa\u010dastnil zatia\u013e ka\u017ed\u00e9ho ro\u010dn\u00edka. Zatia\u013e \u010do prv\u00fd rok som si sk\u00fasil dlh\u00fa trasu, <\/span><a href=\"https:\/\/www.welovecycling.com\/sk\/2022\/08\/23\/reportaz-letape-slovakia-by-tour-de-france-2022\/\" target=\"_blank\" rel=\"noopener\"><span style=\"font-weight: 400;\">2. ro\u010dn\u00edk som si zapretekal na trase kr\u00e1tkej<\/span><\/a><span style=\"font-weight: 400;\">. Tento rok som sa op\u00e4\u0165 prihl\u00e1sil na kr\u00e1tku trasu, av\u0161ak nie s amb\u00edciou sa ve\u013emi preteka\u0165. Spolu s kamar\u00e1tkou <strong>So\u0148ou, ktor\u00fa \u017eia\u013e t\u00fd\u017ede\u0148 pred \u0161tartom zmohla choroba, a aby toho nebolo m\u00e1lo, 2 dni pred \u0161tartom ju u\u0161tipla osa, tak sme sa rozhodli si tento rok jednoducho u\u017ei\u0165.<\/strong> Za\u010d\u00ednali sme preto z \u00faplne posledn\u00e9ho koridoru a postupne sa dost\u00e1vali dopredu.<\/span><\/p>\n<div id='gallery-2' class='gallery galleryid-18119 gallery-columns-2 gallery-size-full'><figure class='gallery-item'>\n\t\t\t<div class='gallery-icon landscape'>\n\t\t\t\t<a href='https:\/\/d2p6e6u75xmxt8.cloudfront.net\/4\/2023\/08\/letape-7.webp'><img loading=\"lazy\" decoding=\"async\" width=\"990\" height=\"660\" src=\"https:\/\/d2p6e6u75xmxt8.cloudfront.net\/4\/2023\/08\/letape-7.webp\" class=\"attachment-full size-full\" alt=\"L\u2019Etape Slovakia by Tour de France 2023\" srcset=\"https:\/\/d2p6e6u75xmxt8.cloudfront.net\/4\/2023\/08\/letape-7.webp 990w, https:\/\/d2p6e6u75xmxt8.cloudfront.net\/4\/2023\/08\/letape-7-300x200.webp 300w, https:\/\/d2p6e6u75xmxt8.cloudfront.net\/4\/2023\/08\/letape-7-768x512.webp 768w, https:\/\/d2p6e6u75xmxt8.cloudfront.net\/4\/2023\/08\/letape-7-400x267.webp 400w, https:\/\/d2p6e6u75xmxt8.cloudfront.net\/4\/2023\/08\/letape-7-272x182.webp 272w\" sizes=\"auto, (max-width: 990px) 100vw, 990px\" \/><\/a>\n\t\t\t<\/div><\/figure><figure class='gallery-item'>\n\t\t\t<div class='gallery-icon landscape'>\n\t\t\t\t<a href='https:\/\/d2p6e6u75xmxt8.cloudfront.net\/4\/2023\/08\/letape-15.webp'><img loading=\"lazy\" decoding=\"async\" width=\"990\" height=\"660\" src=\"https:\/\/d2p6e6u75xmxt8.cloudfront.net\/4\/2023\/08\/letape-15.webp\" class=\"attachment-full size-full\" alt=\"peolot\u00f3n\" srcset=\"https:\/\/d2p6e6u75xmxt8.cloudfront.net\/4\/2023\/08\/letape-15.webp 990w, https:\/\/d2p6e6u75xmxt8.cloudfront.net\/4\/2023\/08\/letape-15-300x200.webp 300w, https:\/\/d2p6e6u75xmxt8.cloudfront.net\/4\/2023\/08\/letape-15-768x512.webp 768w, https:\/\/d2p6e6u75xmxt8.cloudfront.net\/4\/2023\/08\/letape-15-400x267.webp 400w, https:\/\/d2p6e6u75xmxt8.cloudfront.net\/4\/2023\/08\/letape-15-272x182.webp 272w\" sizes=\"auto, (max-width: 990px) 100vw, 990px\" \/><\/a>\n\t\t\t<\/div><\/figure>\n\t\t<\/div>\n\n<p><span style=\"font-weight: 400;\">Videl som teda, aj ako vyzer\u00e1 L\u2019Etape z poh\u013eadu \u00fa\u010dastn\u00edka, ktor\u00fd nem\u00e1 amb\u00edciu vyhra\u0165, ale chce si u\u017ei\u0165 mo\u017enos\u0165 jazdi\u0165 po uzavret\u00fdch cest\u00e1ch, zabezpe\u010denej trati a vychutna\u0165 si svoj de\u0148 na bicykli. Z\u00e1rove\u0148 sa m\u00f4j t\u00edmov\u00fd kolega Alex z\u00fa\u010dastnil dlh\u0161ej trate s amb\u00edciou si zapreteka\u0165, a tak m\u00e1m k dispoz\u00edcii aj jeho dojmy, bol to jeho druh\u00fd ro\u010dn\u00edk. <\/span><\/p>\n<p><span style=\"font-weight: 400;\"><strong>Alexovi sa rovnako p\u00e1\u010dila nov\u00e1 \u0161tartov\u00e1 destin\u00e1cia, prejazdy mostami, \u010di uzavretou dia\u013enicou.<\/strong> Vyzdvihol vy\u0161\u0161iu \u00farove\u0148 bufetov, \u010di nov\u00fd povrch hlavne na Pezinskej Babe.<\/span><\/p>\n<p><img loading=\"lazy\" decoding=\"async\" class=\"alignnone wp-image-18129 size-full\" src=\"https:\/\/d2p6e6u75xmxt8.cloudfront.net\/4\/2023\/08\/letape-10.webp\" alt=\" L\u2019Etape Slovakia by Tour de France 2023\" width=\"990\" height=\"660\" srcset=\"https:\/\/d2p6e6u75xmxt8.cloudfront.net\/4\/2023\/08\/letape-10.webp 990w, https:\/\/d2p6e6u75xmxt8.cloudfront.net\/4\/2023\/08\/letape-10-300x200.webp 300w, https:\/\/d2p6e6u75xmxt8.cloudfront.net\/4\/2023\/08\/letape-10-768x512.webp 768w, https:\/\/d2p6e6u75xmxt8.cloudfront.net\/4\/2023\/08\/letape-10-400x267.webp 400w, https:\/\/d2p6e6u75xmxt8.cloudfront.net\/4\/2023\/08\/letape-10-272x182.webp 272w\" sizes=\"auto, (max-width: 990px) 100vw, 990px\" \/><\/p>\n<h2><b>Ikonick\u00fd cie\u013e &#8211; Kamz\u00edk<\/b><\/h2>\n<p><span style=\"font-weight: 400;\"><strong>Cie\u013e ostal nezmenen\u00fd, a teda bodku za tra\u0165ou d\u00e1va pr\u00edsny Kamz\u00edk. V cieli bola skvel\u00e1 atmosf\u00e9ra.<\/strong> Moder\u00e1tor, hudba, fan\u00fa\u0161ikovia, rodinn\u00fd pr\u00edslu\u0161n\u00edci. Na krk ti zavesia kr\u00e1snu \u00fa\u010dastn\u00edcku medailu. K dispoz\u00edcii s\u00fa st\u00e1nky s ob\u010derstven\u00edm v\u0161etk\u00e9ho druhu, zdravotn\u00edci, sprcha. Rovnako tak ve\u013ea miesta, kde sa dalo sadn\u00fa\u0165, porozpr\u00e1va\u0165 sa s kamar\u00e1tmi a ostatn\u00fdmi \u00fa\u010dastn\u00edkmi.<\/span><\/p>\n<p><span style=\"font-weight: 400;\"> N\u00e1vrat z Kamz\u00edka do Eurovea bol organizovan\u00fd.<strong> Kto si netr\u00fafol \u00eds\u0165 s\u00e1m, mohol vyu\u017ei\u0165 sprievod od organiz\u00e1tora.<\/strong> Pre fan\u00fa\u0161ikov bola pripraven\u00e1 kyvadlov\u00e1 preprava. Organiz\u00e1tor myslel naozaj na v\u0161etko, klob\u00fak dole.<\/span><\/p>\n<div id='gallery-3' class='gallery galleryid-18119 gallery-columns-2 gallery-size-full'><figure class='gallery-item'>\n\t\t\t<div class='gallery-icon landscape'>\n\t\t\t\t<a href='https:\/\/d2p6e6u75xmxt8.cloudfront.net\/4\/2023\/08\/letape-19.webp'><img loading=\"lazy\" decoding=\"async\" width=\"990\" height=\"660\" src=\"https:\/\/d2p6e6u75xmxt8.cloudfront.net\/4\/2023\/08\/letape-19.webp\" class=\"attachment-full size-full\" alt=\"\" srcset=\"https:\/\/d2p6e6u75xmxt8.cloudfront.net\/4\/2023\/08\/letape-19.webp 990w, https:\/\/d2p6e6u75xmxt8.cloudfront.net\/4\/2023\/08\/letape-19-300x200.webp 300w, https:\/\/d2p6e6u75xmxt8.cloudfront.net\/4\/2023\/08\/letape-19-768x512.webp 768w, https:\/\/d2p6e6u75xmxt8.cloudfront.net\/4\/2023\/08\/letape-19-400x267.webp 400w, https:\/\/d2p6e6u75xmxt8.cloudfront.net\/4\/2023\/08\/letape-19-272x182.webp 272w\" sizes=\"auto, (max-width: 990px) 100vw, 990px\" \/><\/a>\n\t\t\t<\/div><\/figure><figure class='gallery-item'>\n\t\t\t<div class='gallery-icon landscape'>\n\t\t\t\t<a href='https:\/\/d2p6e6u75xmxt8.cloudfront.net\/4\/2023\/08\/letape-20.webp'><img loading=\"lazy\" decoding=\"async\" width=\"990\" height=\"660\" src=\"https:\/\/d2p6e6u75xmxt8.cloudfront.net\/4\/2023\/08\/letape-20.webp\" class=\"attachment-full size-full\" alt=\"\" srcset=\"https:\/\/d2p6e6u75xmxt8.cloudfront.net\/4\/2023\/08\/letape-20.webp 990w, https:\/\/d2p6e6u75xmxt8.cloudfront.net\/4\/2023\/08\/letape-20-300x200.webp 300w, https:\/\/d2p6e6u75xmxt8.cloudfront.net\/4\/2023\/08\/letape-20-768x512.webp 768w, https:\/\/d2p6e6u75xmxt8.cloudfront.net\/4\/2023\/08\/letape-20-400x267.webp 400w, https:\/\/d2p6e6u75xmxt8.cloudfront.net\/4\/2023\/08\/letape-20-272x182.webp 272w\" sizes=\"auto, (max-width: 990px) 100vw, 990px\" \/><\/a>\n\t\t\t<\/div><\/figure>\n\t\t<\/div>\n\n<h2><b>Z\u00e1vere\u010dn\u00fd ceremoni\u00e1l<\/b><\/h2>\n<p><span style=\"font-weight: 400;\">Ja som sa z Kamz\u00edka vybral sp\u00e4\u0165 na ubytovanie, kde som si dal sprchu, zbalil veci a vyrazil do L\u2019etape Village. Ceremoni\u00e1l \u0161tartoval o 13:00, a tak sme e\u0161te stihli k\u00e1vu v kaviarni v obcho\u010f\u00e1ku. Mo\u017enos\u0165 skry\u0165 sa pred slnkom padla vhod.<strong> U\u017e tradi\u010dne sa vyhodnocovali v\u0161etky kateg\u00f3rie, v\u00ed\u0165azi si odniesli kr\u00e1sne dresy a vecn\u00e9 ceny.<\/strong> Na z\u00e1ver tombola, ktor\u00e1 bola tento rok e\u0161te bohat\u0161ia. Podujatia sa z\u00fa\u010dastnilo nie\u010do okolo 1 000 cyklistov z 18 kraj\u00edn sveta. To len sved\u010d\u00ed o ve\u013ekosti tohto podujatia a jeho atraktivite. A koho zauj\u00edmaj\u00fa kompletn\u00e9 v\u00fdsledky, n\u00e1jde ich na <\/span><a href=\"https:\/\/slovakia.letapebytourdefrance.com\/results-and-prices\" target=\"_blank\" rel=\"noopener\"><span style=\"font-weight: 400;\">str\u00e1nke organiz\u00e1tora<\/span><\/a><span style=\"font-weight: 400;\">.<\/span><\/p>\n<div id='gallery-4' class='gallery galleryid-18119 gallery-columns-2 gallery-size-full'><figure class='gallery-item'>\n\t\t\t<div class='gallery-icon landscape'>\n\t\t\t\t<a href='https:\/\/d2p6e6u75xmxt8.cloudfront.net\/4\/2023\/08\/letape-17.webp'><img loading=\"lazy\" decoding=\"async\" width=\"990\" height=\"660\" src=\"https:\/\/d2p6e6u75xmxt8.cloudfront.net\/4\/2023\/08\/letape-17.webp\" class=\"attachment-full size-full\" alt=\"\" srcset=\"https:\/\/d2p6e6u75xmxt8.cloudfront.net\/4\/2023\/08\/letape-17.webp 990w, https:\/\/d2p6e6u75xmxt8.cloudfront.net\/4\/2023\/08\/letape-17-300x200.webp 300w, https:\/\/d2p6e6u75xmxt8.cloudfront.net\/4\/2023\/08\/letape-17-768x512.webp 768w, https:\/\/d2p6e6u75xmxt8.cloudfront.net\/4\/2023\/08\/letape-17-400x267.webp 400w, https:\/\/d2p6e6u75xmxt8.cloudfront.net\/4\/2023\/08\/letape-17-272x182.webp 272w\" sizes=\"auto, (max-width: 990px) 100vw, 990px\" \/><\/a>\n\t\t\t<\/div><\/figure><figure class='gallery-item'>\n\t\t\t<div class='gallery-icon landscape'>\n\t\t\t\t<a href='https:\/\/d2p6e6u75xmxt8.cloudfront.net\/4\/2023\/08\/letape-18.webp'><img loading=\"lazy\" decoding=\"async\" width=\"990\" height=\"660\" src=\"https:\/\/d2p6e6u75xmxt8.cloudfront.net\/4\/2023\/08\/letape-18.webp\" class=\"attachment-full size-full\" alt=\"\" srcset=\"https:\/\/d2p6e6u75xmxt8.cloudfront.net\/4\/2023\/08\/letape-18.webp 990w, https:\/\/d2p6e6u75xmxt8.cloudfront.net\/4\/2023\/08\/letape-18-300x200.webp 300w, https:\/\/d2p6e6u75xmxt8.cloudfront.net\/4\/2023\/08\/letape-18-768x512.webp 768w, https:\/\/d2p6e6u75xmxt8.cloudfront.net\/4\/2023\/08\/letape-18-400x267.webp 400w, https:\/\/d2p6e6u75xmxt8.cloudfront.net\/4\/2023\/08\/letape-18-272x182.webp 272w\" sizes=\"auto, (max-width: 990px) 100vw, 990px\" \/><\/a>\n\t\t\t<\/div><\/figure>\n\t\t<\/div>\n\n<h2><b>Pozv\u00e1nka na z\u00e1ver<\/b><\/h2>\n<p><span style=\"font-weight: 400;\">Ak st\u00e1le v\u00e1ha\u0161, \u010di sa z\u00fa\u010dastni\u0165 tohto najv\u00e4\u010d\u0161ieho amat\u00e9rskeho cyklistick\u00e9ho podujatia na Slovensku, vedz, \u017ee sa nem\u00e1 \u010doho b\u00e1\u0165. <strong>L\u2019Etape si vie u\u017ei\u0165 naozaj ka\u017ed\u00fd.<\/strong> Od ambici\u00f3zneho pretek\u00e1ra, mlad\u00e9ho za\u010d\u00ednaj\u00faceho cyklistu a\u017e po cyklistu r\u00f4znej vekovej kateg\u00f3rie, ktor\u00fd si chce u\u017ei\u0165 u\u017e spom\u00ednan\u00e9 benefity tejto akcie. <\/span><\/p>\n<p><span style=\"font-weight: 400;\"><strong>Ak sa aj nec\u00edti\u0161 na v\u00ed\u0165azstvo, m\u00f4\u017ee\u0161 zabojova\u0165 na pr\u00e9mi\u00e1ch ako profesion\u00e1li na Tour de France.<\/strong> Bojuje sa o zelen\u00e9 tri\u010dko na \u0161print\u00e9rskej pr\u00e9mii a rovnako tak o bodkovan\u00fd dres pre najlep\u0161ieho vrch\u00e1ra.<\/span><\/p>\n<p><img loading=\"lazy\" decoding=\"async\" class=\"alignnone wp-image-18134 size-full\" src=\"https:\/\/d2p6e6u75xmxt8.cloudfront.net\/4\/2023\/08\/letape-21.webp\" alt=\" L\u2019Etape Slovakia by Tour de France 2023\" width=\"990\" height=\"660\" srcset=\"https:\/\/d2p6e6u75xmxt8.cloudfront.net\/4\/2023\/08\/letape-21.webp 990w, https:\/\/d2p6e6u75xmxt8.cloudfront.net\/4\/2023\/08\/letape-21-300x200.webp 300w, https:\/\/d2p6e6u75xmxt8.cloudfront.net\/4\/2023\/08\/letape-21-768x512.webp 768w, https:\/\/d2p6e6u75xmxt8.cloudfront.net\/4\/2023\/08\/letape-21-400x267.webp 400w, https:\/\/d2p6e6u75xmxt8.cloudfront.net\/4\/2023\/08\/letape-21-272x182.webp 272w\" sizes=\"auto, (max-width: 990px) 100vw, 990px\" \/><\/p>\n<p><span style=\"font-weight: 400;\">Ak chce\u0161 L\u2019Etape po\u0148a\u0165 ako cyklov\u00fdlet v kr\u00e1snom prostred\u00ed Bratislavy a Karp\u00e1t, je toto podujatie pre teba rovnako to prav\u00e9. Na ceste \u0165a bud\u00fa \u010daka\u0165 ob\u010derstvovacie stanice so v\u0161etk\u00fdm potrebn\u00fdm. <strong>\u013dudia pri trati ti dodaj\u00fa ch\u00fdbaj\u00facu energiu a ty sa bude\u0161 c\u00edti\u0165 ako na Tour.<\/strong><\/span><\/p>\n<p><span style=\"font-weight: 400;\">L\u2019Etape nie s\u00fa len preteky.<strong> Je to najv\u00e4\u010d\u0161ia amat\u00e9rska cyklistick\u00e1 udalos\u0165 u n\u00e1s a je naozaj pre ka\u017ed\u00e9ho bez rozdielu.<\/strong> <strong>Pozna\u010d si d\u00e1tum 25. 08. 2024 a pr\u00ed\u010f sa zabavi\u0165.<\/strong> Zober rodinku, pr\u00ed\u010f de\u0148 vopred a u\u017eij\u00fa si aj ratolesti na KIDS RACE, pr\u00edpadne na FAMILY RIDE, no a v nede\u013eu si hlavnou hviezdou ty.<\/span><\/p>\n<p><img loading=\"lazy\" decoding=\"async\" class=\"alignnone wp-image-18135 size-full\" src=\"https:\/\/d2p6e6u75xmxt8.cloudfront.net\/4\/2023\/08\/letape-14.webp\" alt=\" L\u2019Etape Slovakia by Tour de France 2023, deti\" width=\"990\" height=\"660\" srcset=\"https:\/\/d2p6e6u75xmxt8.cloudfront.net\/4\/2023\/08\/letape-14.webp 990w, https:\/\/d2p6e6u75xmxt8.cloudfront.net\/4\/2023\/08\/letape-14-300x200.webp 300w, https:\/\/d2p6e6u75xmxt8.cloudfront.net\/4\/2023\/08\/letape-14-768x512.webp 768w, https:\/\/d2p6e6u75xmxt8.cloudfront.net\/4\/2023\/08\/letape-14-400x267.webp 400w, https:\/\/d2p6e6u75xmxt8.cloudfront.net\/4\/2023\/08\/letape-14-272x182.webp 272w\" sizes=\"auto, (max-width: 990px) 100vw, 990px\" \/><\/p>\n<p><span style=\"font-weight: 400;\">Ja sa te\u0161\u00edm u\u017e teraz a ur\u010dite tam budem znova. Te\u0161\u00edm sa, \u010do nov\u00e9 op\u00e4\u0165 prinesie organiz\u00e1tor, kam sa zas akcia posunie. <strong>Ver\u00edm, \u017ee u\u017e teraz maj\u00fa pre n\u00e1s pripraven\u00e9 nie\u010do nov\u00e9.\u00a0<\/strong><\/span><\/p>\n<p><span style=\"font-weight: 400;\">Mal\u00e9 P.S. odo m\u0148a: zo s\u00e9rie L\u2019Etape si vie\u0161 spravi\u0165 aj tak\u00e9 mal\u00e9 zberate\u013estvo \u00fa\u010dastn\u00edckych medail\u00ed. To je napr\u00edklad jedna z mojich motiv\u00e1ci\u00ed. \ud83d\ude42<\/span><\/p>\n<div id='gallery-5' class='gallery galleryid-18119 gallery-columns-2 gallery-size-full'><figure class='gallery-item'>\n\t\t\t<div class='gallery-icon landscape'>\n\t\t\t\t<a href='https:\/\/d2p6e6u75xmxt8.cloudfront.net\/4\/2023\/08\/letape-28.webp'><img loading=\"lazy\" decoding=\"async\" width=\"990\" height=\"660\" src=\"https:\/\/d2p6e6u75xmxt8.cloudfront.net\/4\/2023\/08\/letape-28.webp\" class=\"attachment-full size-full\" alt=\"\" srcset=\"https:\/\/d2p6e6u75xmxt8.cloudfront.net\/4\/2023\/08\/letape-28.webp 990w, https:\/\/d2p6e6u75xmxt8.cloudfront.net\/4\/2023\/08\/letape-28-300x200.webp 300w, https:\/\/d2p6e6u75xmxt8.cloudfront.net\/4\/2023\/08\/letape-28-768x512.webp 768w, https:\/\/d2p6e6u75xmxt8.cloudfront.net\/4\/2023\/08\/letape-28-400x267.webp 400w, https:\/\/d2p6e6u75xmxt8.cloudfront.net\/4\/2023\/08\/letape-28-272x182.webp 272w\" sizes=\"auto, (max-width: 990px) 100vw, 990px\" \/><\/a>\n\t\t\t<\/div><\/figure><figure class='gallery-item'>\n\t\t\t<div class='gallery-icon landscape'>\n\t\t\t\t<a href='https:\/\/d2p6e6u75xmxt8.cloudfront.net\/4\/2023\/08\/letape-29-1.webp'><img loading=\"lazy\" decoding=\"async\" width=\"990\" height=\"660\" src=\"https:\/\/d2p6e6u75xmxt8.cloudfront.net\/4\/2023\/08\/letape-29-1.webp\" class=\"attachment-full size-full\" alt=\"\" srcset=\"https:\/\/d2p6e6u75xmxt8.cloudfront.net\/4\/2023\/08\/letape-29-1.webp 990w, https:\/\/d2p6e6u75xmxt8.cloudfront.net\/4\/2023\/08\/letape-29-1-300x200.webp 300w, https:\/\/d2p6e6u75xmxt8.cloudfront.net\/4\/2023\/08\/letape-29-1-768x512.webp 768w, https:\/\/d2p6e6u75xmxt8.cloudfront.net\/4\/2023\/08\/letape-29-1-400x267.webp 400w, https:\/\/d2p6e6u75xmxt8.cloudfront.net\/4\/2023\/08\/letape-29-1-272x182.webp 272w\" sizes=\"auto, (max-width: 990px) 100vw, 990px\" \/><\/a>\n\t\t\t<\/div><\/figure>\n\t\t<\/div>\n\n<p><span style=\"font-weight: 400;\">Vid\u00edme sa o rok v zmysle hesla:<\/span><em><b> \u201eZa\u017eime spolo\u010dne legendu menom Tour de France\u201d<\/b><\/em><\/p>\n<p><span style=\"font-weight: 400;\">Zdroj fotografi\u00ed: arch\u00edv organiz\u00e1tora, arch\u00edv autora<\/span><\/p>\n","protected":false},"excerpt":{"rendered":"<p>Uplynul\u00fd v\u00edkend sa v Bratislave konal u\u017e tret\u00ed ro\u010dn\u00edk cyklistick\u00e9ho podujatia L\u2019Etape Slovakia by Tour de France, ktor\u00e9ho som sa [&hellip;]<\/p>\n","protected":false},"author":172,"featured_media":18120,"comment_status":"open","ping_status":"open","sticky":false,"template":"","format":"standard","meta":{"footnotes":""},"categories":[1350],"tags":[521,115,331,941,1351,1372,37,179,39,509,1557,542,1009,523],"global-categories":[1074],"class_list":["post-18119","post","type-post","status-publish","format-standard","has-post-thumbnail","hentry","category-letape-slovakia","tag-bratislava","tag-cestna-cyklistika","tag-etapove-preteky","tag-jazda-v-pelotone","tag-letape-slovakia","tag-letape-slovakia-by-tour-de-france","tag-podujatia","tag-preteky","tag-reportaz","tag-rodina","tag-sezona-2023","tag-skoda","tag-skoda-auto","tag-slovensko","global-categories-cycling"],"yoast_head":"<!-- This site is optimized with the Yoast SEO Premium plugin v25.3 (Yoast SEO v25.9) - https:\/\/yoast.com\/wordpress\/plugins\/seo\/ -->\n<title>Report\u00e1\u017e: L\u2019Etape Slovakia by Tour de France 2023 - cyklo z\u00e1\u017eitok roka<\/title>\n<meta name=\"description\" content=\"Uplynul\u00fd v\u00edkend sa v Bratislave konal u\u017e tret\u00ed ro\u010dn\u00edk cyklistick\u00e9ho podujatia L\u2019Etape Slovakia by Tour de France.\" \/>\n<meta name=\"robots\" content=\"index, follow, max-snippet:-1, max-image-preview:large, max-video-preview:-1\" \/>\n<link rel=\"canonical\" href=\"https:\/\/www.welovecycling.com\/sk\/2023\/08\/22\/reportaz-letape-slovakia-by-tour-de-france-2023-cyklo-zazitok-roka\/\" \/>\n<meta property=\"og:locale\" content=\"sk_SK\" \/>\n<meta property=\"og:type\" content=\"article\" \/>\n<meta property=\"og:title\" content=\"Report\u00e1\u017e: L\u2019Etape Slovakia by Tour de France 2023 - cyklo z\u00e1\u017eitok roka\" \/>\n<meta property=\"og:description\" content=\"Uplynul\u00fd v\u00edkend sa v Bratislave konal u\u017e tret\u00ed ro\u010dn\u00edk cyklistick\u00e9ho podujatia L\u2019Etape Slovakia by Tour de France.\" \/>\n<meta property=\"og:url\" content=\"https:\/\/www.welovecycling.com\/sk\/2023\/08\/22\/reportaz-letape-slovakia-by-tour-de-france-2023-cyklo-zazitok-roka\/\" \/>\n<meta property=\"og:site_name\" content=\"\u0160koda We Love Cycling Slovensko\" \/>\n<meta property=\"article:published_time\" content=\"2023-08-22T16:34:52+00:00\" \/>\n<meta property=\"article:modified_time\" content=\"2023-08-22T16:38:26+00:00\" \/>\n<meta property=\"og:image\" content=\"https:\/\/d2p6e6u75xmxt8.cloudfront.net\/4\/2023\/08\/letape-5.webp\" \/>\n\t<meta property=\"og:image:width\" content=\"990\" \/>\n\t<meta property=\"og:image:height\" content=\"660\" \/>\n\t<meta property=\"og:image:type\" content=\"image\/webp\" \/>\n<meta name=\"author\" content=\"dominika\" \/>\n<meta name=\"twitter:card\" content=\"summary_large_image\" \/>\n<meta name=\"twitter:label1\" content=\"Written by\" \/>\n\t<meta name=\"twitter:data1\" content=\"Miroslav Bielick\u00fd\" \/>\n\t<meta name=\"twitter:label2\" content=\"Est. reading time\" \/>\n\t<meta name=\"twitter:data2\" content=\"5\" \/>\n<script type=\"application\/ld+json\" class=\"yoast-schema-graph\">{\"@context\":\"https:\/\/schema.org\",\"@graph\":[{\"@type\":\"WebPage\",\"@id\":\"https:\/\/www.welovecycling.com\/sk\/2023\/08\/22\/reportaz-letape-slovakia-by-tour-de-france-2023-cyklo-zazitok-roka\/\",\"url\":\"https:\/\/www.welovecycling.com\/sk\/2023\/08\/22\/reportaz-letape-slovakia-by-tour-de-france-2023-cyklo-zazitok-roka\/\",\"name\":\"Report\u00e1\u017e: L\u2019Etape Slovakia by Tour de France 2023 - cyklo z\u00e1\u017eitok roka\",\"isPartOf\":{\"@id\":\"https:\/\/www.welovecycling.com\/sk\/#website\"},\"primaryImageOfPage\":{\"@id\":\"https:\/\/www.welovecycling.com\/sk\/2023\/08\/22\/reportaz-letape-slovakia-by-tour-de-france-2023-cyklo-zazitok-roka\/#primaryimage\"},\"image\":{\"@id\":\"https:\/\/www.welovecycling.com\/sk\/2023\/08\/22\/reportaz-letape-slovakia-by-tour-de-france-2023-cyklo-zazitok-roka\/#primaryimage\"},\"thumbnailUrl\":\"https:\/\/d2p6e6u75xmxt8.cloudfront.net\/4\/2023\/08\/letape-5.webp\",\"datePublished\":\"2023-08-22T16:34:52+00:00\",\"dateModified\":\"2023-08-22T16:38:26+00:00\",\"author\":{\"@id\":\"https:\/\/www.welovecycling.com\/sk\/#\/schema\/person\/533b62b98b6c41bd5135ebfb1f742624\"},\"description\":\"Uplynul\u00fd v\u00edkend sa v Bratislave konal u\u017e tret\u00ed ro\u010dn\u00edk cyklistick\u00e9ho podujatia L\u2019Etape Slovakia by Tour de France.\",\"breadcrumb\":{\"@id\":\"https:\/\/www.welovecycling.com\/sk\/2023\/08\/22\/reportaz-letape-slovakia-by-tour-de-france-2023-cyklo-zazitok-roka\/#breadcrumb\"},\"inLanguage\":\"sk-SK\",\"potentialAction\":[{\"@type\":\"ReadAction\",\"target\":[\"https:\/\/www.welovecycling.com\/sk\/2023\/08\/22\/reportaz-letape-slovakia-by-tour-de-france-2023-cyklo-zazitok-roka\/\"]}]},{\"@type\":\"ImageObject\",\"inLanguage\":\"sk-SK\",\"@id\":\"https:\/\/www.welovecycling.com\/sk\/2023\/08\/22\/reportaz-letape-slovakia-by-tour-de-france-2023-cyklo-zazitok-roka\/#primaryimage\",\"url\":\"https:\/\/d2p6e6u75xmxt8.cloudfront.net\/4\/2023\/08\/letape-5.webp\",\"contentUrl\":\"https:\/\/d2p6e6u75xmxt8.cloudfront.net\/4\/2023\/08\/letape-5.webp\",\"width\":990,\"height\":660,\"caption\":\"L\u2019Etape Slovakia by Tour de France 2023\"},{\"@type\":\"BreadcrumbList\",\"@id\":\"https:\/\/www.welovecycling.com\/sk\/2023\/08\/22\/reportaz-letape-slovakia-by-tour-de-france-2023-cyklo-zazitok-roka\/#breadcrumb\",\"itemListElement\":[{\"@type\":\"ListItem\",\"position\":1,\"name\":\"Home\",\"item\":\"https:\/\/www.welovecycling.com\/sk\/\"},{\"@type\":\"ListItem\",\"position\":2,\"name\":\"Report\u00e1\u017e: L\u2019Etape Slovakia by Tour de France 2023 &#8211; cyklo z\u00e1\u017eitok roka\"}]},{\"@type\":\"WebSite\",\"@id\":\"https:\/\/www.welovecycling.com\/sk\/#website\",\"url\":\"https:\/\/www.welovecycling.com\/sk\/\",\"name\":\"\u0160koda We Love Cycling Slovensko\",\"description\":\"\u0160koda We Love Cycling Slovensko je v\u00e1\u0161 ka\u017edodenn\u00fd zdroj noviniek a in\u0161pir\u00e1cie z sveta cyklistiky\",\"potentialAction\":[{\"@type\":\"SearchAction\",\"target\":{\"@type\":\"EntryPoint\",\"urlTemplate\":\"https:\/\/www.welovecycling.com\/sk\/?s={search_term_string}\"},\"query-input\":{\"@type\":\"PropertyValueSpecification\",\"valueRequired\":true,\"valueName\":\"search_term_string\"}}],\"inLanguage\":\"sk-SK\"},{\"@type\":\"Person\",\"@id\":\"https:\/\/www.welovecycling.com\/sk\/#\/schema\/person\/533b62b98b6c41bd5135ebfb1f742624\",\"name\":\"dominika\",\"image\":{\"@type\":\"ImageObject\",\"inLanguage\":\"sk-SK\",\"@id\":\"https:\/\/www.welovecycling.com\/sk\/#\/schema\/person\/image\/\",\"url\":\"https:\/\/secure.gravatar.com\/avatar\/ded6f274ba2ec3e17fff153f7d9d96a4b33c2cb63907f75d9a5309c599a7f3e6?s=96&d=mm&r=g\",\"contentUrl\":\"https:\/\/secure.gravatar.com\/avatar\/ded6f274ba2ec3e17fff153f7d9d96a4b33c2cb63907f75d9a5309c599a7f3e6?s=96&d=mm&r=g\",\"caption\":\"dominika\"},\"url\":\"https:\/\/www.welovecycling.com\/sk\/author\/dominika\/\"}]}<\/script>\n<!-- \/ Yoast SEO Premium plugin. -->","yoast_head_json":{"title":"Report\u00e1\u017e: L\u2019Etape Slovakia by Tour de France 2023 - cyklo z\u00e1\u017eitok roka","description":"Uplynul\u00fd v\u00edkend sa v Bratislave konal u\u017e tret\u00ed ro\u010dn\u00edk cyklistick\u00e9ho podujatia L\u2019Etape Slovakia by Tour de France.","robots":{"index":"index","follow":"follow","max-snippet":"max-snippet:-1","max-image-preview":"max-image-preview:large","max-video-preview":"max-video-preview:-1"},"canonical":"https:\/\/www.welovecycling.com\/sk\/2023\/08\/22\/reportaz-letape-slovakia-by-tour-de-france-2023-cyklo-zazitok-roka\/","og_locale":"sk_SK","og_type":"article","og_title":"Report\u00e1\u017e: L\u2019Etape Slovakia by Tour de France 2023 - cyklo z\u00e1\u017eitok roka","og_description":"Uplynul\u00fd v\u00edkend sa v Bratislave konal u\u017e tret\u00ed ro\u010dn\u00edk cyklistick\u00e9ho podujatia L\u2019Etape Slovakia by Tour de France.","og_url":"https:\/\/www.welovecycling.com\/sk\/2023\/08\/22\/reportaz-letape-slovakia-by-tour-de-france-2023-cyklo-zazitok-roka\/","og_site_name":"\u0160koda We Love Cycling Slovensko","article_published_time":"2023-08-22T16:34:52+00:00","article_modified_time":"2023-08-22T16:38:26+00:00","og_image":[{"width":990,"height":660,"url":"https:\/\/d2p6e6u75xmxt8.cloudfront.net\/4\/2023\/08\/letape-5.webp","type":"image\/webp"}],"author":"dominika","twitter_card":"summary_large_image","twitter_misc":{"Written by":"Miroslav Bielick\u00fd","Est. reading time":"5"},"schema":{"@context":"https:\/\/schema.org","@graph":[{"@type":"WebPage","@id":"https:\/\/www.welovecycling.com\/sk\/2023\/08\/22\/reportaz-letape-slovakia-by-tour-de-france-2023-cyklo-zazitok-roka\/","url":"https:\/\/www.welovecycling.com\/sk\/2023\/08\/22\/reportaz-letape-slovakia-by-tour-de-france-2023-cyklo-zazitok-roka\/","name":"Report\u00e1\u017e: L\u2019Etape Slovakia by Tour de France 2023 - cyklo z\u00e1\u017eitok roka","isPartOf":{"@id":"https:\/\/www.welovecycling.com\/sk\/#website"},"primaryImageOfPage":{"@id":"https:\/\/www.welovecycling.com\/sk\/2023\/08\/22\/reportaz-letape-slovakia-by-tour-de-france-2023-cyklo-zazitok-roka\/#primaryimage"},"image":{"@id":"https:\/\/www.welovecycling.com\/sk\/2023\/08\/22\/reportaz-letape-slovakia-by-tour-de-france-2023-cyklo-zazitok-roka\/#primaryimage"},"thumbnailUrl":"https:\/\/d2p6e6u75xmxt8.cloudfront.net\/4\/2023\/08\/letape-5.webp","datePublished":"2023-08-22T16:34:52+00:00","dateModified":"2023-08-22T16:38:26+00:00","author":{"@id":"https:\/\/www.welovecycling.com\/sk\/#\/schema\/person\/533b62b98b6c41bd5135ebfb1f742624"},"description":"Uplynul\u00fd v\u00edkend sa v Bratislave konal u\u017e tret\u00ed ro\u010dn\u00edk cyklistick\u00e9ho podujatia L\u2019Etape Slovakia by Tour de France.","breadcrumb":{"@id":"https:\/\/www.welovecycling.com\/sk\/2023\/08\/22\/reportaz-letape-slovakia-by-tour-de-france-2023-cyklo-zazitok-roka\/#breadcrumb"},"inLanguage":"sk-SK","potentialAction":[{"@type":"ReadAction","target":["https:\/\/www.welovecycling.com\/sk\/2023\/08\/22\/reportaz-letape-slovakia-by-tour-de-france-2023-cyklo-zazitok-roka\/"]}]},{"@type":"ImageObject","inLanguage":"sk-SK","@id":"https:\/\/www.welovecycling.com\/sk\/2023\/08\/22\/reportaz-letape-slovakia-by-tour-de-france-2023-cyklo-zazitok-roka\/#primaryimage","url":"https:\/\/d2p6e6u75xmxt8.cloudfront.net\/4\/2023\/08\/letape-5.webp","contentUrl":"https:\/\/d2p6e6u75xmxt8.cloudfront.net\/4\/2023\/08\/letape-5.webp","width":990,"height":660,"caption":"L\u2019Etape Slovakia by Tour de France 2023"},{"@type":"BreadcrumbList","@id":"https:\/\/www.welovecycling.com\/sk\/2023\/08\/22\/reportaz-letape-slovakia-by-tour-de-france-2023-cyklo-zazitok-roka\/#breadcrumb","itemListElement":[{"@type":"ListItem","position":1,"name":"Home","item":"https:\/\/www.welovecycling.com\/sk\/"},{"@type":"ListItem","position":2,"name":"Report\u00e1\u017e: L\u2019Etape Slovakia by Tour de France 2023 &#8211; cyklo z\u00e1\u017eitok roka"}]},{"@type":"WebSite","@id":"https:\/\/www.welovecycling.com\/sk\/#website","url":"https:\/\/www.welovecycling.com\/sk\/","name":"\u0160koda We Love Cycling Slovensko","description":"\u0160koda We Love Cycling Slovensko je v\u00e1\u0161 ka\u017edodenn\u00fd zdroj noviniek a in\u0161pir\u00e1cie z sveta cyklistiky","potentialAction":[{"@type":"SearchAction","target":{"@type":"EntryPoint","urlTemplate":"https:\/\/www.welovecycling.com\/sk\/?s={search_term_string}"},"query-input":{"@type":"PropertyValueSpecification","valueRequired":true,"valueName":"search_term_string"}}],"inLanguage":"sk-SK"},{"@type":"Person","@id":"https:\/\/www.welovecycling.com\/sk\/#\/schema\/person\/533b62b98b6c41bd5135ebfb1f742624","name":"dominika","image":{"@type":"ImageObject","inLanguage":"sk-SK","@id":"https:\/\/www.welovecycling.com\/sk\/#\/schema\/person\/image\/","url":"https:\/\/secure.gravatar.com\/avatar\/ded6f274ba2ec3e17fff153f7d9d96a4b33c2cb63907f75d9a5309c599a7f3e6?s=96&d=mm&r=g","contentUrl":"https:\/\/secure.gravatar.com\/avatar\/ded6f274ba2ec3e17fff153f7d9d96a4b33c2cb63907f75d9a5309c599a7f3e6?s=96&d=mm&r=g","caption":"dominika"},"url":"https:\/\/www.welovecycling.com\/sk\/author\/dominika\/"}]}},"_links":{"self":[{"href":"https:\/\/www.welovecycling.com\/sk\/wp-json\/wp\/v2\/posts\/18119","targetHints":{"allow":["GET"]}}],"collection":[{"href":"https:\/\/www.welovecycling.com\/sk\/wp-json\/wp\/v2\/posts"}],"about":[{"href":"https:\/\/www.welovecycling.com\/sk\/wp-json\/wp\/v2\/types\/post"}],"author":[{"embeddable":true,"href":"https:\/\/www.welovecycling.com\/sk\/wp-json\/wp\/v2\/users\/172"}],"replies":[{"embeddable":true,"href":"https:\/\/www.welovecycling.com\/sk\/wp-json\/wp\/v2\/comments?post=18119"}],"version-history":[{"count":4,"href":"https:\/\/www.welovecycling.com\/sk\/wp-json\/wp\/v2\/posts\/18119\/revisions"}],"predecessor-version":[{"id":18142,"href":"https:\/\/www.welovecycling.com\/sk\/wp-json\/wp\/v2\/posts\/18119\/revisions\/18142"}],"wp:featuredmedia":[{"embeddable":true,"href":"https:\/\/www.welovecycling.com\/sk\/wp-json\/wp\/v2\/media\/18120"}],"wp:attachment":[{"href":"https:\/\/www.welovecycling.com\/sk\/wp-json\/wp\/v2\/media?parent=18119"}],"wp:term":[{"taxonomy":"category","embeddable":true,"href":"https:\/\/www.welovecycling.com\/sk\/wp-json\/wp\/v2\/categories?post=18119"},{"taxonomy":"post_tag","embeddable":true,"href":"https:\/\/www.welovecycling.com\/sk\/wp-json\/wp\/v2\/tags?post=18119"},{"taxonomy":"global-categories","embeddable":true,"href":"https:\/\/www.welovecycling.com\/sk\/wp-json\/wp\/v2\/global-categories?post=18119"}],"curies":[{"name":"wp","href":"https:\/\/api.w.org\/{rel}","templated":true}]}}