{"id":18077,"date":"2023-08-16T18:56:54","date_gmt":"2023-08-16T16:56:54","guid":{"rendered":"https:\/\/www.welovecycling.com\/sk\/?p=18077"},"modified":"2023-08-16T21:57:05","modified_gmt":"2023-08-16T19:57:05","slug":"reportaz-skoda-horal-mtb-maraton-rodinna-karavana-na-trati-daisy","status":"publish","type":"post","link":"https:\/\/www.welovecycling.com\/sk\/2023\/08\/16\/reportaz-skoda-horal-mtb-maraton-rodinna-karavana-na-trati-daisy\/","title":{"rendered":"Report\u00e1\u017e: \u0160KODA Horal MTB marat\u00f3n &#8211; rodinn\u00e1 \u201ekarav\u00e1na\u201d na trati Dejzi"},"content":{"rendered":"<p><strong>Fin\u00e1le \u0160KODA BIKE OPEN TOUR 2023 sa konalo u\u017e tradi\u010dne pod Tatrami, kde legend\u00e1rny marat\u00f3n Horal p\u00edsal u\u017e svoju 24. sez\u00f3nu.\u00a0<\/strong><\/p>\n<p><!--more--><\/p>\n<p><span style=\"font-weight: 400;\"><strong>A pr\u00e1ve tu sa za\u010dalo na\u0161e \u201erodinn\u00e9 pretekanie\u201d, spolu s\u00a0 Barbori v cyklovoz\u00edku sme sa na \u0161tart prv\u00fdkr\u00e1t postavili v roku 2021.<\/strong> U n\u00e1s sa situ\u00e1cia medzi\u010dasom zmenila, m\u00f4j \u201ehappy baby t\u00edm\u201d sa rozr\u00e1stol, aktu\u00e1lne si jazdu vo voz\u00edku u\u017e\u00edva 7-mesa\u010dn\u00fd Alex a Barborka sa nau\u010dila bicyklova\u0165. Pl\u00e1n bol teda nasledovn\u00fd- \u0161tartova\u0165 budeme v\u0161etci \u0161tyria a\u00a0 deck\u00e1 si s man\u017eelom podel\u00edme.\u00a0<\/span><\/p>\n<p><img loading=\"lazy\" decoding=\"async\" class=\"alignnone size-full wp-image-18083\" src=\"https:\/\/d2p6e6u75xmxt8.cloudfront.net\/4\/2023\/08\/horal-27.webp\" alt=\"\" width=\"990\" height=\"660\" srcset=\"https:\/\/d2p6e6u75xmxt8.cloudfront.net\/4\/2023\/08\/horal-27.webp 990w, https:\/\/d2p6e6u75xmxt8.cloudfront.net\/4\/2023\/08\/horal-27-300x200.webp 300w, https:\/\/d2p6e6u75xmxt8.cloudfront.net\/4\/2023\/08\/horal-27-768x512.webp 768w, https:\/\/d2p6e6u75xmxt8.cloudfront.net\/4\/2023\/08\/horal-27-400x267.webp 400w, https:\/\/d2p6e6u75xmxt8.cloudfront.net\/4\/2023\/08\/horal-27-272x182.webp 272w\" sizes=\"auto, (max-width: 990px) 100vw, 990px\" \/><\/p>\n<p><span style=\"font-weight: 400;\">Kateg\u00f3ria Family Dejzi (t\u00edm rodi\u010d a die\u0165a) m\u00e1 parametre 17 km\/350 m, vedie prim\u00e1rne asfaltovou cestou v lese a krat\u0161\u00edm po\u013en\u00fdm \u00fasekom. <\/span><strong>Ide\u00e1lna je nielen pre bud\u00face hviezdy cyklistick\u00e9ho neba, ale aj \u00faplne najmen\u0161ie b\u00e1b\u00e4tk\u00e1 v cyklovoz\u00edkoch, deti v cykloseda\u010dk\u00e1ch, na \u201e<\/strong><span style=\"font-weight: 400;\"><strong>shotgunoch\u201d,<\/strong> pr\u00edpade je mo\u017enos\u0165 deti potiahnu\u0165 na lane. <\/span><\/p>\n<p><span style=\"font-weight: 400;\">Popularita tejto najmil\u0161ej, najfarebnej\u0161ej, najhlu\u010dnej\u0161ej a najviac <\/span><span style=\"font-weight: 400;\">\u201e<\/span><span style=\"font-weight: 400;\">cool\u201d kateg\u00f3rie rastie ka\u017ed\u00fdm rokom, v sobotu sa na \u0161tart postavilo viac ako 170 pretek\u00e1rov.\u00a0<\/span><\/p>\n<div id='gallery-1' class='gallery galleryid-18077 gallery-columns-2 gallery-size-full'><figure class='gallery-item'>\n\t\t\t<div class='gallery-icon landscape'>\n\t\t\t\t<a href='https:\/\/d2p6e6u75xmxt8.cloudfront.net\/4\/2023\/08\/horal-28.webp'><img loading=\"lazy\" decoding=\"async\" width=\"990\" height=\"660\" src=\"https:\/\/d2p6e6u75xmxt8.cloudfront.net\/4\/2023\/08\/horal-28.webp\" class=\"attachment-full size-full\" alt=\"\" srcset=\"https:\/\/d2p6e6u75xmxt8.cloudfront.net\/4\/2023\/08\/horal-28.webp 990w, https:\/\/d2p6e6u75xmxt8.cloudfront.net\/4\/2023\/08\/horal-28-300x200.webp 300w, https:\/\/d2p6e6u75xmxt8.cloudfront.net\/4\/2023\/08\/horal-28-768x512.webp 768w, https:\/\/d2p6e6u75xmxt8.cloudfront.net\/4\/2023\/08\/horal-28-400x267.webp 400w, https:\/\/d2p6e6u75xmxt8.cloudfront.net\/4\/2023\/08\/horal-28-272x182.webp 272w\" sizes=\"auto, (max-width: 990px) 100vw, 990px\" \/><\/a>\n\t\t\t<\/div><\/figure><figure class='gallery-item'>\n\t\t\t<div class='gallery-icon landscape'>\n\t\t\t\t<a href='https:\/\/d2p6e6u75xmxt8.cloudfront.net\/4\/2023\/08\/horal-29.webp'><img loading=\"lazy\" decoding=\"async\" width=\"990\" height=\"660\" src=\"https:\/\/d2p6e6u75xmxt8.cloudfront.net\/4\/2023\/08\/horal-29.webp\" class=\"attachment-full size-full\" alt=\"\" srcset=\"https:\/\/d2p6e6u75xmxt8.cloudfront.net\/4\/2023\/08\/horal-29.webp 990w, https:\/\/d2p6e6u75xmxt8.cloudfront.net\/4\/2023\/08\/horal-29-300x200.webp 300w, https:\/\/d2p6e6u75xmxt8.cloudfront.net\/4\/2023\/08\/horal-29-768x512.webp 768w, https:\/\/d2p6e6u75xmxt8.cloudfront.net\/4\/2023\/08\/horal-29-400x267.webp 400w, https:\/\/d2p6e6u75xmxt8.cloudfront.net\/4\/2023\/08\/horal-29-272x182.webp 272w\" sizes=\"auto, (max-width: 990px) 100vw, 990px\" \/><\/a>\n\t\t\t<\/div><\/figure>\n\t\t<\/div>\n\n<p><span style=\"font-weight: 400;\"><strong>Na svoje si pri\u0161li samozrejme aj v\u0161etky v\u00fdkonnostn\u00e9 kateg\u00f3rie.<\/strong> Horal pon\u00fakol na v\u00fdber aj \u0161tandardn\u00e9 trate. <strong>Najextr\u00e9mnej\u0161iu Krejzi v d\u013a\u017eke 102 km\/3 500 m. Lejzi 58 km\/2 050 m,<\/strong> ktor\u00e1 aj napriek n\u00e1zvu ur\u010dite nie je pre leniv\u00fdch jedincov. Typick\u00fa <strong>polmarat\u00f3nsku Senzi 44 km\/1 450 m doplnen\u00fa aj o kateg\u00f3riu e-biky. <\/strong>A\u00a0pre za\u010d\u00ednaj\u00facich s\u00fa\u0165a\u017eenia chtiv\u00fdch cyklistov bola v ponuke\u00a0 <strong>\u00cdzi 32 km\/1 100 m<\/strong> (aj ke\u010f tie parametre zaru\u010duj\u00fa slu\u0161n\u00fa \u201emaka\u010dku\u201d).<\/span><\/p>\n<h2><b>V meste na mieste\u00a0<\/b><\/h2>\n<p><span style=\"font-weight: 400;\">Po pr\u00edchode je parkovanie zabezpe\u010den\u00e9 organiz\u00e1torom na troch parkovac\u00edch ploch\u00e1ch v meste Svit, v\u0161etko je preh\u013eadne ozna\u010den\u00e9 a bl\u00edzko z\u00e1zemia. Aj napriek neskor\u0161iemu pr\u00edchodu sa n\u00e1m podar\u00ed uchmatn\u00fa\u0165 v\u00e4\u010d\u0161\u00ed <\/span><span style=\"font-weight: 400;\">\u201e<\/span><span style=\"font-weight: 400;\">flek\u201d na najbli\u017e\u0161om parkovisku a za\u010d\u00edna sa prv\u00e1 discipl\u00edna &#8211; vyba\u013eovanie a chystanie. <strong>K\u00fdm v\u00e4\u010d\u0161ina s\u00fa\u0165a\u017eiacich sa preh\u00e1\u0148a na bikoch, aby sa zahriali, mne k <\/strong><\/span><strong>\u201e<\/strong><span style=\"font-weight: 400;\"><strong>vypeckovaniu\u201d tepov a adrenal\u00ednu\u00a0 \u00faplne sta\u010d\u00ed vybali\u0165 auto, prichysta\u0165 bicykle a Thule voz\u00edk,\u00a0 vyrie\u0161i\u0165 deti,<\/strong> z ktor\u00fdch jedno je na neust\u00e1lom \u00fateku a druh\u00e9 m\u00e1 obdobie <\/span><span style=\"font-weight: 400;\">\u201e<\/span><span style=\"font-weight: 400;\">ja sama\u201d.\u00a0<\/span><\/p>\n<p><span style=\"font-weight: 400;\">\u010cochv\u00ed\u013ea sa k\u00a0 n\u00e1m prid\u00e1va kamo\u0161ka Katka s man\u017eelom a chalanmi Kubkom a Tomim. Pr\u00eddu 15 min po n\u00e1s, bleskovo sa pripravia, sadaj\u00fa na biky a odch\u00e1dzaj\u00fa vybavi\u0165 prezent\u00e1ciu 15 min pred nami.\u00a0 Tak u\u017e len p\u00e1r rokov a moje deti mi dopraj\u00fa tento luxus.\u00a0<\/span><\/p>\n<p><img loading=\"lazy\" decoding=\"async\" class=\"alignnone size-full wp-image-18086\" src=\"https:\/\/d2p6e6u75xmxt8.cloudfront.net\/4\/2023\/08\/horal-9.webp\" alt=\"\" width=\"990\" height=\"660\" srcset=\"https:\/\/d2p6e6u75xmxt8.cloudfront.net\/4\/2023\/08\/horal-9.webp 990w, https:\/\/d2p6e6u75xmxt8.cloudfront.net\/4\/2023\/08\/horal-9-300x200.webp 300w, https:\/\/d2p6e6u75xmxt8.cloudfront.net\/4\/2023\/08\/horal-9-768x512.webp 768w, https:\/\/d2p6e6u75xmxt8.cloudfront.net\/4\/2023\/08\/horal-9-400x267.webp 400w, https:\/\/d2p6e6u75xmxt8.cloudfront.net\/4\/2023\/08\/horal-9-272x182.webp 272w\" sizes=\"auto, (max-width: 990px) 100vw, 990px\" \/><\/p>\n<p><span style=\"font-weight: 400;\">Registr\u00e1cia a prezent\u00e1cia pretek\u00e1rov prebiehala u\u017e od piatku v are\u00e1li Koliby vo Svite, registrova\u0165 sa na preteky bolo mo\u017en\u00e9 aj v sobotu. <strong>V z\u00e1zem\u00ed a are\u00e1li \u0161tartu\/cie\u013ea bol \u010dul\u00fd \u017eivot a ruch od skor\u00e9ho r\u00e1na, slnkom zaliaty de\u0148 pon\u00fakal\u00a0 n\u00e1dhern\u00e9 v\u00fdh\u013eady na panor\u00e1mu Tatier, bezvetrie a ide\u00e1lna teplota &#8211; dokonal\u00e9.\u00a0<\/strong> <\/span><\/p>\n<p><span style=\"font-weight: 400;\">Are\u00e1l pripom\u00ednal mravenisko, kde sa to hem\u017eilo nielen nedo\u010dkav\u00fdmi pretek\u00e1rmi a ich bicyklami,\u00a0 fan\u00fa\u0161ikmi, rodinn\u00fdmi pr\u00edslu\u0161n\u00edkmi, z\u00e1chrann\u00fdmi zlo\u017ekami, takmer 250 dobrovo\u013en\u00edkmi na \u010dele s hlavn\u00fdmi organiz\u00e1tormi. Moder\u00e1tor pravidelne informoval, \u010do sa pr\u00e1ve deje, kto sa m\u00e1 pripravi\u0165 na \u0161tart, kto od\u0161tartoval. <strong>Jednoducho ka\u017ed\u00fd vedel, \u010do m\u00e1 robi\u0165 a kde m\u00e1 by\u0165.\u00a0<\/strong><\/span><\/p>\n<p><img loading=\"lazy\" decoding=\"async\" class=\"alignnone size-full wp-image-18087\" src=\"https:\/\/d2p6e6u75xmxt8.cloudfront.net\/4\/2023\/08\/horal-13.webp\" alt=\"\" width=\"990\" height=\"660\" srcset=\"https:\/\/d2p6e6u75xmxt8.cloudfront.net\/4\/2023\/08\/horal-13.webp 990w, https:\/\/d2p6e6u75xmxt8.cloudfront.net\/4\/2023\/08\/horal-13-300x200.webp 300w, https:\/\/d2p6e6u75xmxt8.cloudfront.net\/4\/2023\/08\/horal-13-768x512.webp 768w, https:\/\/d2p6e6u75xmxt8.cloudfront.net\/4\/2023\/08\/horal-13-400x267.webp 400w, https:\/\/d2p6e6u75xmxt8.cloudfront.net\/4\/2023\/08\/horal-13-272x182.webp 272w\" sizes=\"auto, (max-width: 990px) 100vw, 990px\" \/><\/p>\n<p><span style=\"font-weight: 400;\">Partneri podujatia zabezpe\u010dili <strong>op\u00e4\u0165 \u0161irok\u00e9 spektrum r\u00f4znych predajn\u00fdch a prezenta\u010dn\u00fdch st\u00e1nkov. \u0160KODA pri\u0161la u\u017e \u0161tandardne s nad\u0161tandardnou\u00a0 fun a relax z\u00f3nu,<\/strong> kde boli zabezpe\u010den\u00e9 atrakcie, ktor\u00e9 pobavili hlavne deck\u00e1 v\u0161etk\u00fdch vekov\u00fdch kateg\u00f3ri\u00ed, od t\u00fdch najmen\u0161\u00edch v sk\u00e1kacom aute, detskom lego k\u00fatiku \u010di na simul\u00e1tore formuly. Oddychovalo sa v stane s Tuli vakmi a ani tentokr\u00e1t nech\u00fdbal stan \u0160KODA t\u00edmu, kde bola mo\u017enos\u0165 stretn\u00fa\u0165 ambas\u00e1dorov.\u00a0<\/span><\/p>\n<div id='gallery-2' class='gallery galleryid-18077 gallery-columns-2 gallery-size-full'><figure class='gallery-item'>\n\t\t\t<div class='gallery-icon landscape'>\n\t\t\t\t<a href='https:\/\/d2p6e6u75xmxt8.cloudfront.net\/4\/2023\/08\/horal-20.webp'><img loading=\"lazy\" decoding=\"async\" width=\"990\" height=\"660\" src=\"https:\/\/d2p6e6u75xmxt8.cloudfront.net\/4\/2023\/08\/horal-20.webp\" class=\"attachment-full size-full\" alt=\"\" srcset=\"https:\/\/d2p6e6u75xmxt8.cloudfront.net\/4\/2023\/08\/horal-20.webp 990w, https:\/\/d2p6e6u75xmxt8.cloudfront.net\/4\/2023\/08\/horal-20-300x200.webp 300w, https:\/\/d2p6e6u75xmxt8.cloudfront.net\/4\/2023\/08\/horal-20-768x512.webp 768w, https:\/\/d2p6e6u75xmxt8.cloudfront.net\/4\/2023\/08\/horal-20-400x267.webp 400w, https:\/\/d2p6e6u75xmxt8.cloudfront.net\/4\/2023\/08\/horal-20-272x182.webp 272w\" sizes=\"auto, (max-width: 990px) 100vw, 990px\" \/><\/a>\n\t\t\t<\/div><\/figure><figure class='gallery-item'>\n\t\t\t<div class='gallery-icon landscape'>\n\t\t\t\t<a href='https:\/\/d2p6e6u75xmxt8.cloudfront.net\/4\/2023\/08\/horal-21.webp'><img loading=\"lazy\" decoding=\"async\" width=\"990\" height=\"660\" src=\"https:\/\/d2p6e6u75xmxt8.cloudfront.net\/4\/2023\/08\/horal-21.webp\" class=\"attachment-full size-full\" alt=\"\" srcset=\"https:\/\/d2p6e6u75xmxt8.cloudfront.net\/4\/2023\/08\/horal-21.webp 990w, https:\/\/d2p6e6u75xmxt8.cloudfront.net\/4\/2023\/08\/horal-21-300x200.webp 300w, https:\/\/d2p6e6u75xmxt8.cloudfront.net\/4\/2023\/08\/horal-21-768x512.webp 768w, https:\/\/d2p6e6u75xmxt8.cloudfront.net\/4\/2023\/08\/horal-21-400x267.webp 400w, https:\/\/d2p6e6u75xmxt8.cloudfront.net\/4\/2023\/08\/horal-21-272x182.webp 272w\" sizes=\"auto, (max-width: 990px) 100vw, 990px\" \/><\/a>\n\t\t\t<\/div><\/figure>\n\t\t<\/div>\n\n<h2><b>Pr\u00edprava dlh\u0161ia ako preteky\u00a0<\/b><\/h2>\n<p><span style=\"font-weight: 400;\">Pre n\u00e1s prich\u00e1dza discipl\u00edna \u010d\u00edslo dva, zakotvili sme na tr\u00e1ve, kde sme si spravili <\/span><span style=\"font-weight: 400;\">\u201e<\/span><span style=\"font-weight: 400;\">base camp\u201d so v\u0161etk\u00fdmi ruksakmi a haraburd\u00edm. Najprv d\u00e1vame do poriadku deck\u00e1 (vycika\u0165, prebali\u0165, prezliec\u0165, nak\u0155mi\u0165\u2026), n\u00e1sledne na bicykle nahadzujeme \u0161tartov\u00e9 \u010d\u00edsla, priprav\u00edm shotgun lano pre Barbori. <\/span><\/p>\n<p><span style=\"font-weight: 400;\">Do cyklovoz\u00edka nah\u00e1d\u017eem z\u00e1kladn\u00e9 veci (n\u00e1hradn\u00e9 du\u0161e r\u00f4znych rozmerov, mal\u00fa pumpu, z\u00e1kladn\u00e9 n\u00e1radie, jedlo, vodu, plienky, lek\u00e1rni\u010dku, hra\u010dky, at\u010f). <strong>\u010clovek nikdy nevie, \u010do bude potrebova\u0165 a murphyho z\u00e1kony s\u00fa pri de\u0165och\u00a0 krut\u00e9 \u2013 najviac potrebuje\u0161 to, \u010do pr\u00e1ve nem\u00e1\u0161. Hotovo.<\/strong><\/span><\/p>\n<div id='gallery-3' class='gallery galleryid-18077 gallery-columns-2 gallery-size-full'><figure class='gallery-item'>\n\t\t\t<div class='gallery-icon landscape'>\n\t\t\t\t<a href='https:\/\/d2p6e6u75xmxt8.cloudfront.net\/4\/2023\/08\/horal-4.webp'><img loading=\"lazy\" decoding=\"async\" width=\"990\" height=\"660\" src=\"https:\/\/d2p6e6u75xmxt8.cloudfront.net\/4\/2023\/08\/horal-4.webp\" class=\"attachment-full size-full\" alt=\"\" srcset=\"https:\/\/d2p6e6u75xmxt8.cloudfront.net\/4\/2023\/08\/horal-4.webp 990w, https:\/\/d2p6e6u75xmxt8.cloudfront.net\/4\/2023\/08\/horal-4-300x200.webp 300w, https:\/\/d2p6e6u75xmxt8.cloudfront.net\/4\/2023\/08\/horal-4-768x512.webp 768w, https:\/\/d2p6e6u75xmxt8.cloudfront.net\/4\/2023\/08\/horal-4-400x267.webp 400w, https:\/\/d2p6e6u75xmxt8.cloudfront.net\/4\/2023\/08\/horal-4-272x182.webp 272w\" sizes=\"auto, (max-width: 990px) 100vw, 990px\" \/><\/a>\n\t\t\t<\/div><\/figure><figure class='gallery-item'>\n\t\t\t<div class='gallery-icon landscape'>\n\t\t\t\t<a href='https:\/\/d2p6e6u75xmxt8.cloudfront.net\/4\/2023\/08\/horal-30.webp'><img loading=\"lazy\" decoding=\"async\" width=\"990\" height=\"660\" src=\"https:\/\/d2p6e6u75xmxt8.cloudfront.net\/4\/2023\/08\/horal-30.webp\" class=\"attachment-full size-full\" alt=\"\" srcset=\"https:\/\/d2p6e6u75xmxt8.cloudfront.net\/4\/2023\/08\/horal-30.webp 990w, https:\/\/d2p6e6u75xmxt8.cloudfront.net\/4\/2023\/08\/horal-30-300x200.webp 300w, https:\/\/d2p6e6u75xmxt8.cloudfront.net\/4\/2023\/08\/horal-30-768x512.webp 768w, https:\/\/d2p6e6u75xmxt8.cloudfront.net\/4\/2023\/08\/horal-30-400x267.webp 400w, https:\/\/d2p6e6u75xmxt8.cloudfront.net\/4\/2023\/08\/horal-30-272x182.webp 272w\" sizes=\"auto, (max-width: 990px) 100vw, 990px\" \/><\/a>\n\t\t\t<\/div><\/figure>\n\t\t<\/div>\n\n<p><span style=\"font-weight: 400;\">Intervalov\u00fd tr\u00e9ning pred pretekmi m\u00e1me za sebou, Alex je ulo\u017een\u00fd vo voz\u00edku, Barbori sed\u00ed na svojom biku, nahod\u00edme prilby na hlavu, prezujeme tretry a spolu vyr\u00e1\u017eame do priestoru \u0161tartu, kde sa s cel\u00fdm <\/span><span style=\"font-weight: 400;\">\u201e<\/span><span style=\"font-weight: 400;\">kor\u00e1bom\u201d rad\u00edme \u00faplne na koniec \u0161tartov\u00e9ho po\u013ea. <strong>Celkom ma pote\u0161\u00ed, \u017ee tu\u00a0 stret\u00e1vame \u010fal\u0161ie cyklovoz\u00edky.<\/strong><\/span><\/p>\n<p><img loading=\"lazy\" decoding=\"async\" class=\"alignnone size-full wp-image-18092\" src=\"https:\/\/d2p6e6u75xmxt8.cloudfront.net\/4\/2023\/08\/horal-17.webp\" alt=\"\" width=\"990\" height=\"660\" srcset=\"https:\/\/d2p6e6u75xmxt8.cloudfront.net\/4\/2023\/08\/horal-17.webp 990w, https:\/\/d2p6e6u75xmxt8.cloudfront.net\/4\/2023\/08\/horal-17-300x200.webp 300w, https:\/\/d2p6e6u75xmxt8.cloudfront.net\/4\/2023\/08\/horal-17-768x512.webp 768w, https:\/\/d2p6e6u75xmxt8.cloudfront.net\/4\/2023\/08\/horal-17-400x267.webp 400w, https:\/\/d2p6e6u75xmxt8.cloudfront.net\/4\/2023\/08\/horal-17-272x182.webp 272w\" sizes=\"auto, (max-width: 990px) 100vw, 990px\" \/><\/p>\n<h2><b>Za\u010dneme naplno a \u2026<\/b><span style=\"font-weight: 400;\">\u201e<\/span><b>mama, pre\u010do mi v\u0161etci u\u0161li?\u201d\u00a0<\/b><\/h2>\n<p><span style=\"font-weight: 400;\">Na \u0161tarte to \u017eije farbami, em\u00f3ciami, nedo\u010dkav\u00fdmi juniormi a hrd\u00fdmi rodi\u010dmi.\u00a0 Odznie \u0161tartov\u00fd v\u00fdstrel a pomaly za\u010d\u00edname \u0161liapa\u0165 do ped\u00e1lov, <strong>zbytok \u0161tartuj\u00facich sa n\u00e1m vz\u010fa\u013euje celkom r\u00fdchlo, a Barbori sa za\u010d\u00edna roz\u010du\u013eova\u0165, pre\u010do jej v\u0161etci u\u0161li<\/strong> a ona chce \u00eds\u0165 do cie\u013ea lebo tam ju \u010dak\u00e1 Nina z <\/span><a href=\"https:\/\/www.welovecycling.com\/sk\/2022\/09\/28\/skoda-bike-open-tour-2022-a-bajkerky-krasky-slovenska-pokope\/\" target=\"_blank\" rel=\"noopener\"><span style=\"font-weight: 400;\">Bajkeriek<\/span><\/a><span style=\"font-weight: 400;\">.\u00a0 Tad\u00e1, za\u010d\u00edna sa z\u00e1bava.\u00a0<\/span><\/p>\n<p><span style=\"font-weight: 400;\">Prefr\u010d\u00edme cyklochodn\u00edkom a zat\u00e1\u010dame smer Lopu\u0161n\u00e1 dolina, kde vy\u0165ahujeme lano, aby sme tro\u0161ku zr\u00fdchlili. Alex na\u0161\u0165astie okam\u017eite zaspal, tak aspo\u0148 jedno die\u0165a je v pohode. Barborke v\u0161etci hlasno fandia, op\u00e4\u0165 je suver\u00e9nne najmen\u0161\u00ed pretek\u00e1r na najmen\u0161om bicykli. Zrazu na n\u00e1s kri\u010d\u00ed n\u00e1\u0161 dobr\u00fd kamar\u00e1t Luk\u00e1\u0161, ktor\u00fd n\u00e1s pri\u0161iel podpori\u0165 a aj s bicyklom sa prid\u00e1va k n\u00e1m do parti\u010dky. <\/span><\/p>\n<p><span style=\"font-weight: 400;\"><strong>Malej i\u0161la n\u00e1lada okam\u017eite hore z bodu mrazu na level <\/strong><\/span><strong>\u201e<\/strong><span style=\"font-weight: 400;\"><strong>budem robi\u0165, \u010do Luk\u00e1\u0161 povie\u201d.<\/strong> Neboli sme celkom posledn\u00ed, za nami \u0161iel e\u0161te z\u00e1vere\u010dn\u00fd kontroln\u00fd t\u00edm, ktor\u00e9mu patr\u00ed jedno obrovsk\u00e9 po\u010fakovanie, \u017ee to s nami potiahli a\u017e do konca a boli ve\u013ekou podporou.\u00a0<\/span><\/p>\n<div id='gallery-4' class='gallery galleryid-18077 gallery-columns-2 gallery-size-full'><figure class='gallery-item'>\n\t\t\t<div class='gallery-icon landscape'>\n\t\t\t\t<a href='https:\/\/d2p6e6u75xmxt8.cloudfront.net\/4\/2023\/08\/horal-5.webp'><img loading=\"lazy\" decoding=\"async\" width=\"990\" height=\"660\" src=\"https:\/\/d2p6e6u75xmxt8.cloudfront.net\/4\/2023\/08\/horal-5.webp\" class=\"attachment-full size-full\" alt=\"\" srcset=\"https:\/\/d2p6e6u75xmxt8.cloudfront.net\/4\/2023\/08\/horal-5.webp 990w, https:\/\/d2p6e6u75xmxt8.cloudfront.net\/4\/2023\/08\/horal-5-300x200.webp 300w, https:\/\/d2p6e6u75xmxt8.cloudfront.net\/4\/2023\/08\/horal-5-768x512.webp 768w, https:\/\/d2p6e6u75xmxt8.cloudfront.net\/4\/2023\/08\/horal-5-400x267.webp 400w, https:\/\/d2p6e6u75xmxt8.cloudfront.net\/4\/2023\/08\/horal-5-272x182.webp 272w\" sizes=\"auto, (max-width: 990px) 100vw, 990px\" \/><\/a>\n\t\t\t<\/div><\/figure><figure class='gallery-item'>\n\t\t\t<div class='gallery-icon landscape'>\n\t\t\t\t<a href='https:\/\/d2p6e6u75xmxt8.cloudfront.net\/4\/2023\/08\/horal-7.webp'><img loading=\"lazy\" decoding=\"async\" width=\"990\" height=\"660\" src=\"https:\/\/d2p6e6u75xmxt8.cloudfront.net\/4\/2023\/08\/horal-7.webp\" class=\"attachment-full size-full\" alt=\"\" srcset=\"https:\/\/d2p6e6u75xmxt8.cloudfront.net\/4\/2023\/08\/horal-7.webp 990w, https:\/\/d2p6e6u75xmxt8.cloudfront.net\/4\/2023\/08\/horal-7-300x200.webp 300w, https:\/\/d2p6e6u75xmxt8.cloudfront.net\/4\/2023\/08\/horal-7-768x512.webp 768w, https:\/\/d2p6e6u75xmxt8.cloudfront.net\/4\/2023\/08\/horal-7-400x267.webp 400w, https:\/\/d2p6e6u75xmxt8.cloudfront.net\/4\/2023\/08\/horal-7-272x182.webp 272w\" sizes=\"auto, (max-width: 990px) 100vw, 990px\" \/><\/a>\n\t\t\t<\/div><\/figure>\n\t\t<\/div>\n\n<p><span style=\"font-weight: 400;\">Pod kopcom v Lopu\u0161nej dolina n\u00e1s \u010dak\u00e1 Lenka, ktorej zam\u00e1vame a zap\u00f3zujeme na fotku a pokra\u010dujeme do kopca. <strong>P\u00e1r min\u00fat nesk\u00f4r za\u010dne Barbori \u0161trajkova\u0165. Kopec je ve\u013ek\u00fd, je hladn\u00e1, chce aby ju \u0165ahala mama\u00a0 a podobne, hladina adrenal\u00ednu mi st\u00fapla op\u00e4\u0165 do nebies.<\/strong> Ukec\u00e1me ju, \u017ee hore je bufet, \u010do je aj pravda, len ten kopec akosi nem\u00e1 konca. <\/span><\/p>\n<p><span style=\"font-weight: 400;\">Nakoniec to vzd\u00e1vame a s Igorom si vymen\u00edme bicykle spolu s de\u0165mi. Ak sa p\u00fdtate, \u010di m\u00e1me rovnak\u00fa ve\u013ekos\u0165 bicyklov, tak veru nie. \ud83d\ude42 Komfort nula bodov, ale improviz\u00e1cia dokonal\u00e1 a die\u0165a spokojn\u00e9.\u00a0<\/span><\/p>\n<p><span style=\"font-weight: 400;\">Dorazili sme na ob\u010derstvova\u010dku na vrchole kopca, kde po\u010du\u0165 len detsk\u00fd \u0161tebot a smiech. <strong>Usmiata dobrovo\u013en\u00ed\u010dka by n\u00e1m zniesla aj modr\u00e9 z neba, berieme k\u00fasok b\u00e1bovky, kr\u00e1tku pauzu, skontrolujeme Alexa, ktor\u00fd st\u00e1le sp\u00ed.<\/strong> Deti sa te\u0161ia na zjazd,\u00a0 ja tie\u017e lebo m\u00e1m spomienkov\u00fd optimizmus spred dvoch rokov, \u017ee po zjazde je to u\u017e len k\u00fasok, pohoda cez pole a cie\u013e. Nemohla som sa viac m\u00fdli\u0165.\u00a0<\/span><\/p>\n<div id='gallery-5' class='gallery galleryid-18077 gallery-columns-2 gallery-size-full'><figure class='gallery-item'>\n\t\t\t<div class='gallery-icon landscape'>\n\t\t\t\t<a href='https:\/\/d2p6e6u75xmxt8.cloudfront.net\/4\/2023\/08\/horal-2a.webp'><img loading=\"lazy\" decoding=\"async\" width=\"990\" height=\"660\" src=\"https:\/\/d2p6e6u75xmxt8.cloudfront.net\/4\/2023\/08\/horal-2a.webp\" class=\"attachment-full size-full\" alt=\"\" srcset=\"https:\/\/d2p6e6u75xmxt8.cloudfront.net\/4\/2023\/08\/horal-2a.webp 990w, https:\/\/d2p6e6u75xmxt8.cloudfront.net\/4\/2023\/08\/horal-2a-300x200.webp 300w, https:\/\/d2p6e6u75xmxt8.cloudfront.net\/4\/2023\/08\/horal-2a-768x512.webp 768w, https:\/\/d2p6e6u75xmxt8.cloudfront.net\/4\/2023\/08\/horal-2a-400x267.webp 400w, https:\/\/d2p6e6u75xmxt8.cloudfront.net\/4\/2023\/08\/horal-2a-272x182.webp 272w\" sizes=\"auto, (max-width: 990px) 100vw, 990px\" \/><\/a>\n\t\t\t<\/div><\/figure><figure class='gallery-item'>\n\t\t\t<div class='gallery-icon landscape'>\n\t\t\t\t<a href='https:\/\/d2p6e6u75xmxt8.cloudfront.net\/4\/2023\/08\/horal-3.webp'><img loading=\"lazy\" decoding=\"async\" width=\"990\" height=\"660\" src=\"https:\/\/d2p6e6u75xmxt8.cloudfront.net\/4\/2023\/08\/horal-3.webp\" class=\"attachment-full size-full\" alt=\"\" srcset=\"https:\/\/d2p6e6u75xmxt8.cloudfront.net\/4\/2023\/08\/horal-3.webp 990w, https:\/\/d2p6e6u75xmxt8.cloudfront.net\/4\/2023\/08\/horal-3-300x200.webp 300w, https:\/\/d2p6e6u75xmxt8.cloudfront.net\/4\/2023\/08\/horal-3-768x512.webp 768w, https:\/\/d2p6e6u75xmxt8.cloudfront.net\/4\/2023\/08\/horal-3-400x267.webp 400w, https:\/\/d2p6e6u75xmxt8.cloudfront.net\/4\/2023\/08\/horal-3-272x182.webp 272w\" sizes=\"auto, (max-width: 990px) 100vw, 990px\" \/><\/a>\n\t\t\t<\/div><\/figure>\n\t\t<\/div>\n\n<p><span style=\"font-weight: 400;\">Barborka ide s Luk\u00e1\u0161om, veselo si vykec\u00e1va. Na strm\u0161\u00edch \u00fasekoch ju cvakneme na lano opa\u010dne\u00a0 a brzd\u00edme zozadu, cesta n\u00e1m ods\u00fdpa jedna rados\u0165. <strong>Ka\u017ed\u00fd je na svojom bicykli, u\u017e\u00edva si jazdu, koch\u00e1 sa okol\u00edm. Pr\u00e1ve sa na okamih naplnila moja predstava dokonal\u00e9ho rodinn\u00e9ho marat\u00f3nu.<\/strong> <\/span><\/p>\n<p><span style=\"font-weight: 400;\">Po zjazde sa z voz\u00edka ozve Alex. Predsa len, u\u017e sme na trati viac ako hodinu, a to u\u017e je jeho \u010das na nejak\u00e9 jedlo. Vyber\u00e1me ho von, d\u00e1vame si op\u00e4\u0165 pauzu a dohodneme sa, \u017ee po\u013en\u00fd \u00fasek p\u00f4jdem s Barborkou ja. M\u00e1m s \u0148ou odbicyklovan\u00e9 podstatne viac ako Igor a viem, \u010do zvl\u00e1dne.\u00a0<\/span><\/p>\n<p><span style=\"font-weight: 400;\">Voz\u00edk posielame dopredu, a sam\u00e9 dve spolu s kontroln\u00fdm t\u00edmom pokra\u010dujeme poliami s kr\u00e1snym panoramatick\u00fdm v\u00fdh\u013eadom na tatry.<strong> Ter\u00e9n jej d\u00e1va riadne\u00a0 zabra\u0165. Toto veru nie je na koles\u00e1 ve\u013ekosti 16, do toho je teplo, ovady, no ni\u010d extra.<\/strong> Barbori za\u010d\u00edna op\u00e4\u0165 vym\u00fd\u0161\u013ea\u0165, na\u0161\u0165astie je tra\u0165 zna\u010den\u00e1 tabu\u013eami, na ktor\u00fdch s\u00fa \u0161\u00edpky, a to ju motivuje pokra\u010dova\u0165 \u010falej. <\/span><\/p>\n<p><span style=\"font-weight: 400;\">Chv\u00ed\u013eu tla\u010d\u00edme, chv\u00ed\u013eu ideme na bicykloch, ob\u010das ju len potla\u010d\u00edm a po xy prest\u00e1vkach kone\u010dne doraz\u00edme k stajni, kde je kon\u00edk, \u010do jej zna\u010dne zlep\u0161ilo n\u00e1ladu. <\/span><span style=\"font-weight: 400;\">\u201e<\/span><span style=\"font-weight: 400;\">Checkujem\u201d Garmin, ktor\u00fd mi ukazuje, \u017ee do cie\u013ea s\u00fa to e\u0161te st\u00e1le cca 2 km a uvedom\u00edm si, \u017ee voda, sladkosti a ak\u00e1ko\u013evek motiv\u00e1cia\u00a0 ostali vo voz\u00edku.\u00a0<\/span><\/p>\n<div id='gallery-6' class='gallery galleryid-18077 gallery-columns-2 gallery-size-full'><figure class='gallery-item'>\n\t\t\t<div class='gallery-icon landscape'>\n\t\t\t\t<a href='https:\/\/d2p6e6u75xmxt8.cloudfront.net\/4\/2023\/08\/horal-0.webp'><img loading=\"lazy\" decoding=\"async\" width=\"990\" height=\"660\" src=\"https:\/\/d2p6e6u75xmxt8.cloudfront.net\/4\/2023\/08\/horal-0.webp\" class=\"attachment-full size-full\" alt=\"\" srcset=\"https:\/\/d2p6e6u75xmxt8.cloudfront.net\/4\/2023\/08\/horal-0.webp 990w, https:\/\/d2p6e6u75xmxt8.cloudfront.net\/4\/2023\/08\/horal-0-300x200.webp 300w, https:\/\/d2p6e6u75xmxt8.cloudfront.net\/4\/2023\/08\/horal-0-768x512.webp 768w, https:\/\/d2p6e6u75xmxt8.cloudfront.net\/4\/2023\/08\/horal-0-400x267.webp 400w, https:\/\/d2p6e6u75xmxt8.cloudfront.net\/4\/2023\/08\/horal-0-272x182.webp 272w\" sizes=\"auto, (max-width: 990px) 100vw, 990px\" \/><\/a>\n\t\t\t<\/div><\/figure><figure class='gallery-item'>\n\t\t\t<div class='gallery-icon landscape'>\n\t\t\t\t<a href='https:\/\/d2p6e6u75xmxt8.cloudfront.net\/4\/2023\/08\/horal-1a.webp'><img loading=\"lazy\" decoding=\"async\" width=\"990\" height=\"660\" src=\"https:\/\/d2p6e6u75xmxt8.cloudfront.net\/4\/2023\/08\/horal-1a.webp\" class=\"attachment-full size-full\" alt=\"\" srcset=\"https:\/\/d2p6e6u75xmxt8.cloudfront.net\/4\/2023\/08\/horal-1a.webp 990w, https:\/\/d2p6e6u75xmxt8.cloudfront.net\/4\/2023\/08\/horal-1a-300x200.webp 300w, https:\/\/d2p6e6u75xmxt8.cloudfront.net\/4\/2023\/08\/horal-1a-768x512.webp 768w, https:\/\/d2p6e6u75xmxt8.cloudfront.net\/4\/2023\/08\/horal-1a-400x267.webp 400w, https:\/\/d2p6e6u75xmxt8.cloudfront.net\/4\/2023\/08\/horal-1a-272x182.webp 272w\" sizes=\"auto, (max-width: 990px) 100vw, 990px\" \/><\/a>\n\t\t\t<\/div><\/figure>\n\t\t<\/div>\n\n<p><span style=\"font-weight: 400;\"><strong>Vylezieme cez kop\u010dek a v dia\u013eke vid\u00edme, \u017ee zbytok n\u00e1\u0161ho t\u00edmu n\u00e1s \u010dak\u00e1. Barbori ped\u00e1luje ako o \u017eivot, sladkosti s\u00fa ve\u013ek\u00e1 motiv\u00e1cia. \ud83d\ude42<\/strong> Po kr\u00e1tkej pauze posledn\u00fdkr\u00e1t vysadneme na bicykle, tu u\u017e prich\u00e1dza cie\u013eov\u00e1 rovinka, cestou e\u0161te posledn\u00e9 fandenie a do cie\u013ea prich\u00e1dzame p\u00e1r sek\u00fand za v\u00ed\u0165azom dlhej trate. <\/span><\/p>\n<p><span style=\"font-weight: 400;\">Kompletn\u00e9 v\u00fdsledky n\u00e1jdete na <\/span><a href=\"https:\/\/www.sportsofttiming.sk\/sk\/zavod\/overview\/7741\"><span style=\"font-weight: 400;\">tomto odkaze<\/span><\/a><span style=\"font-weight: 400;\"> a poradie v r\u00e1mci celej s\u00e9rie \u0160KODA BIKE OPEN TOUR na<\/span><a href=\"https:\/\/sportsofttiming.sk\/seriespdf\/2023_sbot6.pdf\" target=\"_blank\" rel=\"noopener\"><span style=\"font-weight: 400;\"> tomto odkaze<\/span><\/a><span style=\"font-weight: 400;\">.<\/span><\/p>\n<p><img loading=\"lazy\" decoding=\"async\" class=\"alignnone size-full wp-image-18099\" src=\"https:\/\/d2p6e6u75xmxt8.cloudfront.net\/4\/2023\/08\/horal-16.webp\" alt=\"\" width=\"990\" height=\"660\" srcset=\"https:\/\/d2p6e6u75xmxt8.cloudfront.net\/4\/2023\/08\/horal-16.webp 990w, https:\/\/d2p6e6u75xmxt8.cloudfront.net\/4\/2023\/08\/horal-16-300x200.webp 300w, https:\/\/d2p6e6u75xmxt8.cloudfront.net\/4\/2023\/08\/horal-16-768x512.webp 768w, https:\/\/d2p6e6u75xmxt8.cloudfront.net\/4\/2023\/08\/horal-16-400x267.webp 400w, https:\/\/d2p6e6u75xmxt8.cloudfront.net\/4\/2023\/08\/horal-16-272x182.webp 272w\" sizes=\"auto, (max-width: 990px) 100vw, 990px\" \/><\/p>\n<p><span style=\"font-weight: 400;\">Pres\u00favame sa do oddychovej z\u00f3ny, kde n\u00e1s \u010dak\u00e1 Katka, vysmiati chalani a moji rodi\u010dia. <strong>Prv\u00fdkr\u00e1t od r\u00e1na si poriadne vyd\u00fdchnem, v\u0161etci sme zdrav\u00ed a spokojn\u00ed v cieli, Alex koluje z jedn\u00fdch r\u00fak do druh\u00fdch.<\/strong> Barbori si obzer\u00e1 medailu a vysvet\u013euje Luk\u00e1\u0161ovi, \u017ee tak\u00fa ist\u00fa u\u017e doma m\u00e1 a cyklistika je super a nau\u010d\u00ed ho jazdi\u0165 na pumptracku.\u00a0<\/span><\/p>\n<p><img loading=\"lazy\" decoding=\"async\" class=\"alignnone size-full wp-image-18100\" src=\"https:\/\/d2p6e6u75xmxt8.cloudfront.net\/4\/2023\/08\/horal-18.webp\" alt=\"\" width=\"990\" height=\"660\" srcset=\"https:\/\/d2p6e6u75xmxt8.cloudfront.net\/4\/2023\/08\/horal-18.webp 990w, https:\/\/d2p6e6u75xmxt8.cloudfront.net\/4\/2023\/08\/horal-18-300x200.webp 300w, https:\/\/d2p6e6u75xmxt8.cloudfront.net\/4\/2023\/08\/horal-18-768x512.webp 768w, https:\/\/d2p6e6u75xmxt8.cloudfront.net\/4\/2023\/08\/horal-18-400x267.webp 400w, https:\/\/d2p6e6u75xmxt8.cloudfront.net\/4\/2023\/08\/horal-18-272x182.webp 272w\" sizes=\"auto, (max-width: 990px) 100vw, 990px\" \/><\/p>\n<h2><b>Po\u010fte do toho s nami\u00a0<\/b><\/h2>\n<p><span style=\"font-weight: 400;\"><strong>Pomaly pri\u0161iel z\u00e1ver d\u0148a a\u00a0 spokojn\u00ed boli v\u0161etci, cyklisti, organiz\u00e1tori, fan\u00fa\u0161ikovia ako aj rodinn\u00ed pr\u00edslu\u0161n\u00edci.<\/strong> Nasledovalo vyhodnotenie jednotliv\u00fdch kateg\u00f3ri\u00ed ako aj vyhl\u00e1senie v\u00ed\u0165azov celej \u0160BOT 23 s\u00e9rie, \u0161tedr\u00e1 tombola, hudobn\u00e9 vyst\u00fapenie. V\u0161etko do seba zapadlo a ruka v ruke spolu so skvelou organiz\u00e1ciou na vysokej \u00farovni\u00a0 sa postarali o\u00a0 jeden perfektne str\u00e1ven\u00fd de\u0148.\u00a0<\/span><\/p>\n<div id='gallery-7' class='gallery galleryid-18077 gallery-columns-2 gallery-size-full'><figure class='gallery-item'>\n\t\t\t<div class='gallery-icon landscape'>\n\t\t\t\t<a href='https:\/\/d2p6e6u75xmxt8.cloudfront.net\/4\/2023\/08\/horal-22.webp'><img loading=\"lazy\" decoding=\"async\" width=\"990\" height=\"660\" src=\"https:\/\/d2p6e6u75xmxt8.cloudfront.net\/4\/2023\/08\/horal-22.webp\" class=\"attachment-full size-full\" alt=\"\" srcset=\"https:\/\/d2p6e6u75xmxt8.cloudfront.net\/4\/2023\/08\/horal-22.webp 990w, https:\/\/d2p6e6u75xmxt8.cloudfront.net\/4\/2023\/08\/horal-22-300x200.webp 300w, https:\/\/d2p6e6u75xmxt8.cloudfront.net\/4\/2023\/08\/horal-22-768x512.webp 768w, https:\/\/d2p6e6u75xmxt8.cloudfront.net\/4\/2023\/08\/horal-22-400x267.webp 400w, https:\/\/d2p6e6u75xmxt8.cloudfront.net\/4\/2023\/08\/horal-22-272x182.webp 272w\" sizes=\"auto, (max-width: 990px) 100vw, 990px\" \/><\/a>\n\t\t\t<\/div><\/figure><figure class='gallery-item'>\n\t\t\t<div class='gallery-icon landscape'>\n\t\t\t\t<a href='https:\/\/d2p6e6u75xmxt8.cloudfront.net\/4\/2023\/08\/horal-26.webp'><img loading=\"lazy\" decoding=\"async\" width=\"990\" height=\"660\" src=\"https:\/\/d2p6e6u75xmxt8.cloudfront.net\/4\/2023\/08\/horal-26.webp\" class=\"attachment-full size-full\" alt=\"\" srcset=\"https:\/\/d2p6e6u75xmxt8.cloudfront.net\/4\/2023\/08\/horal-26.webp 990w, https:\/\/d2p6e6u75xmxt8.cloudfront.net\/4\/2023\/08\/horal-26-300x200.webp 300w, https:\/\/d2p6e6u75xmxt8.cloudfront.net\/4\/2023\/08\/horal-26-768x512.webp 768w, https:\/\/d2p6e6u75xmxt8.cloudfront.net\/4\/2023\/08\/horal-26-400x267.webp 400w, https:\/\/d2p6e6u75xmxt8.cloudfront.net\/4\/2023\/08\/horal-26-272x182.webp 272w\" sizes=\"auto, (max-width: 990px) 100vw, 990px\" \/><\/a>\n\t\t\t<\/div><\/figure>\n\t\t<\/div>\n\n<p><span style=\"font-weight: 400;\">Uk\u00e1\u017ete de\u0165om \u010daro MTB cyklistiky a \u0161portov\u00fdch s\u00fa\u0165a\u017e\u00ed. U\u017eijete\u00a0 si atmosf\u00e9ru profesion\u00e1lnych pretekov a spozn\u00e1te kr\u00e1sne miesta, na ktor\u00e9 by ste sa za in\u00fdch okolnost\u00ed nedostali. Vezmite deti so sebou a zapojte ich akt\u00edvne do s\u00fa\u0165a\u017eenia. <strong>Atmosf\u00e9ra ka\u017ed\u00e9ho podujatia je jedine\u010dn\u00e1, s\u00fa to tie najkraj\u0161ie z\u00e1\u017eitky, ktor\u00e9 im viete da\u0165 a na ktor\u00e9 bud\u00fa ur\u010dite s l\u00e1skou a rados\u0165ou spom\u00edna\u0165, a vy tie\u017e.\u00a0\u00a0<\/strong><\/span><\/p>\n<p><span style=\"font-weight: 400;\">Zdroj fotografi\u00ed: arch\u00edv autorky, FacCopy, Peter Regec<\/span><\/p>\n<p>Pozrite si aj cel\u00fa foto gal\u00e9riu z podujatia:<br \/>\n<div class=\"shortcode-ys-post-pinup\"><article class=\"loop-simple post-18072 post type-post status-publish format-standard has-post-thumbnail hentry category-sbot global-categories-cycling\" data-postid=\"18072\" role=\"article\" data-post-id=\"18072\" data-word-count=\"3\" data-headline-length=\"37\" data-category=\"\u0160koda Bike Open Tour\" data-global-category=\"Cycling\" data-author=\"Redakcia WLC\" data-published=\"2023-08-16T16:23:57+02:00\" data-published-day=\"Wednesday\">\n    <div class=\"entry-thumbnail article-thumbnail\" content=\"https:\/\/d2p6e6u75xmxt8.cloudfront.net\/4\/2023\/08\/horal-2023-150x150.webp\"><a href=\"https:\/\/www.welovecycling.com\/sk\/2023\/08\/16\/foto-skoda-horal-mtb-maraton-2023\/\" class=\"image-holder\" target=\"_self\"><img decoding=\"async\" loading=\"lazy\" class=\"\" src=\"https:\/\/d2p6e6u75xmxt8.cloudfront.net\/4\/2023\/08\/horal-2023-1024x683.webp\" srcset=\"https:\/\/d2p6e6u75xmxt8.cloudfront.net\/4\/2023\/08\/horal-2023.webp 1280w, https:\/\/d2p6e6u75xmxt8.cloudfront.net\/4\/2023\/08\/horal-2023-300x200.webp 300w, https:\/\/d2p6e6u75xmxt8.cloudfront.net\/4\/2023\/08\/horal-2023-1024x683.webp 1024w, https:\/\/d2p6e6u75xmxt8.cloudfront.net\/4\/2023\/08\/horal-2023-768x512.webp 768w, https:\/\/d2p6e6u75xmxt8.cloudfront.net\/4\/2023\/08\/horal-2023-400x267.webp 400w, https:\/\/d2p6e6u75xmxt8.cloudfront.net\/4\/2023\/08\/horal-2023-272x182.webp 272w\" width=\"1024\" height=\"683\" sizes=\"auto, (min-width: 1200px) 300px, (min-width: 768px) 25vw, 100vw\" alt=\"foto-skoda-horal-mtb-maraton-2023\"\/><\/a><\/div>    <div class=\"entry-meta\">\n        <a class=\"label label-secondary post-category\" href=\"https:\/\/www.welovecycling.com\/sk\/category\/sbot\/\" title=\"\u0160koda Bike Open Tour\">\u0160koda Bike Open Tour<\/a>\n    <\/div>\n    <div class=\"entry-details\">\n        <a href=\"https:\/\/www.welovecycling.com\/sk\/2023\/08\/16\/foto-skoda-horal-mtb-maraton-2023\/\" class='entry-title-wrapper'>\n            <h3 class=\"entry-title\"><span>FOTO:  \u0160koda HORAL MTB marat\u00f3n 2023<\/span><\/h3>\n        <\/a>\n    <\/div>\n    <\/article>\n<\/div><\/p>\n","protected":false},"excerpt":{"rendered":"<p>Fin\u00e1le \u0160KODA BIKE OPEN TOUR 2023 sa konalo u\u017e tradi\u010dne pod Tatrami, kde legend\u00e1rny marat\u00f3n Horal p\u00edsal u\u017e svoju 24. [&hellip;]<\/p>\n","protected":false},"author":172,"featured_media":18082,"comment_status":"open","ping_status":"open","sticky":false,"template":"","format":"standard","meta":{"footnotes":""},"categories":[38],"tags":[53,1386,964,211,180,566,178,412,179,39,509,474,1557,542,35,214],"global-categories":[1074],"class_list":["post-18077","post","type-post","status-publish","format-standard","has-post-thumbnail","hentry","category-reportaz","tag-deti","tag-deti-na-bicykli","tag-family","tag-horal","tag-horska-cyklistika","tag-leto","tag-maraton","tag-mtb","tag-preteky","tag-reportaz","tag-rodina","tag-rodinny-maraton","tag-sezona-2023","tag-skoda","tag-sbot","tag-skoda-horal-mtb-maraton","global-categories-cycling"],"yoast_head":"<!-- This site is optimized with the Yoast SEO Premium plugin v25.3 (Yoast SEO v25.9) - https:\/\/yoast.com\/wordpress\/plugins\/seo\/ -->\n<title>Report\u00e1\u017e: \u0160KODA Horal MTB marat\u00f3n - rodinn\u00e1 \u201ekarav\u00e1na\u201d na trati Dejzi<\/title>\n<meta name=\"description\" content=\"Fin\u00e1le \u0160KODA BIKE OPEN TOUR 2023 sa konalo u\u017e tradi\u010dne pod Tatrami, kde legend\u00e1rny marat\u00f3n Horal p\u00edsal u\u017e svoju 24. sez\u00f3nu.\u00a0\" \/>\n<meta name=\"robots\" content=\"index, follow, max-snippet:-1, max-image-preview:large, max-video-preview:-1\" \/>\n<link rel=\"canonical\" href=\"https:\/\/www.welovecycling.com\/sk\/2023\/08\/16\/reportaz-skoda-horal-mtb-maraton-rodinna-karavana-na-trati-daisy\/\" \/>\n<meta property=\"og:locale\" content=\"sk_SK\" \/>\n<meta property=\"og:type\" content=\"article\" \/>\n<meta property=\"og:title\" content=\"Report\u00e1\u017e: \u0160KODA Horal MTB marat\u00f3n - rodinn\u00e1 \u201ekarav\u00e1na\u201d na trati Dejzi\" \/>\n<meta property=\"og:description\" content=\"Fin\u00e1le \u0160KODA BIKE OPEN TOUR 2023 sa konalo u\u017e tradi\u010dne pod Tatrami, kde legend\u00e1rny marat\u00f3n Horal p\u00edsal u\u017e svoju 24. sez\u00f3nu.\u00a0\" \/>\n<meta property=\"og:url\" content=\"https:\/\/www.welovecycling.com\/sk\/2023\/08\/16\/reportaz-skoda-horal-mtb-maraton-rodinna-karavana-na-trati-daisy\/\" \/>\n<meta property=\"og:site_name\" content=\"\u0160koda We Love Cycling Slovensko\" \/>\n<meta property=\"article:published_time\" content=\"2023-08-16T16:56:54+00:00\" \/>\n<meta property=\"article:modified_time\" content=\"2023-08-16T19:57:05+00:00\" \/>\n<meta property=\"og:image\" content=\"https:\/\/d2p6e6u75xmxt8.cloudfront.net\/4\/2023\/08\/titulka-2.webp\" \/>\n\t<meta property=\"og:image:width\" content=\"990\" \/>\n\t<meta property=\"og:image:height\" content=\"660\" \/>\n\t<meta property=\"og:image:type\" content=\"image\/webp\" \/>\n<meta name=\"author\" content=\"dominika\" \/>\n<meta name=\"twitter:card\" content=\"summary_large_image\" \/>\n<meta name=\"twitter:label1\" content=\"Written by\" \/>\n\t<meta name=\"twitter:data1\" content=\"Redakcia WLC\" \/>\n\t<meta name=\"twitter:label2\" content=\"Est. reading time\" \/>\n\t<meta name=\"twitter:data2\" content=\"10 minutes\" \/>\n<script type=\"application\/ld+json\" class=\"yoast-schema-graph\">{\"@context\":\"https:\/\/schema.org\",\"@graph\":[{\"@type\":\"WebPage\",\"@id\":\"https:\/\/www.welovecycling.com\/sk\/2023\/08\/16\/reportaz-skoda-horal-mtb-maraton-rodinna-karavana-na-trati-daisy\/\",\"url\":\"https:\/\/www.welovecycling.com\/sk\/2023\/08\/16\/reportaz-skoda-horal-mtb-maraton-rodinna-karavana-na-trati-daisy\/\",\"name\":\"Report\u00e1\u017e: \u0160KODA Horal MTB marat\u00f3n - rodinn\u00e1 \u201ekarav\u00e1na\u201d na trati Dejzi\",\"isPartOf\":{\"@id\":\"https:\/\/www.welovecycling.com\/sk\/#website\"},\"primaryImageOfPage\":{\"@id\":\"https:\/\/www.welovecycling.com\/sk\/2023\/08\/16\/reportaz-skoda-horal-mtb-maraton-rodinna-karavana-na-trati-daisy\/#primaryimage\"},\"image\":{\"@id\":\"https:\/\/www.welovecycling.com\/sk\/2023\/08\/16\/reportaz-skoda-horal-mtb-maraton-rodinna-karavana-na-trati-daisy\/#primaryimage\"},\"thumbnailUrl\":\"https:\/\/d2p6e6u75xmxt8.cloudfront.net\/4\/2023\/08\/titulka-2.webp\",\"datePublished\":\"2023-08-16T16:56:54+00:00\",\"dateModified\":\"2023-08-16T19:57:05+00:00\",\"author\":{\"@id\":\"https:\/\/www.welovecycling.com\/sk\/#\/schema\/person\/533b62b98b6c41bd5135ebfb1f742624\"},\"description\":\"Fin\u00e1le \u0160KODA BIKE OPEN TOUR 2023 sa konalo u\u017e tradi\u010dne pod Tatrami, kde legend\u00e1rny marat\u00f3n Horal p\u00edsal u\u017e svoju 24. sez\u00f3nu.\u00a0\",\"breadcrumb\":{\"@id\":\"https:\/\/www.welovecycling.com\/sk\/2023\/08\/16\/reportaz-skoda-horal-mtb-maraton-rodinna-karavana-na-trati-daisy\/#breadcrumb\"},\"inLanguage\":\"sk-SK\",\"potentialAction\":[{\"@type\":\"ReadAction\",\"target\":[\"https:\/\/www.welovecycling.com\/sk\/2023\/08\/16\/reportaz-skoda-horal-mtb-maraton-rodinna-karavana-na-trati-daisy\/\"]}]},{\"@type\":\"ImageObject\",\"inLanguage\":\"sk-SK\",\"@id\":\"https:\/\/www.welovecycling.com\/sk\/2023\/08\/16\/reportaz-skoda-horal-mtb-maraton-rodinna-karavana-na-trati-daisy\/#primaryimage\",\"url\":\"https:\/\/d2p6e6u75xmxt8.cloudfront.net\/4\/2023\/08\/titulka-2.webp\",\"contentUrl\":\"https:\/\/d2p6e6u75xmxt8.cloudfront.net\/4\/2023\/08\/titulka-2.webp\",\"width\":990,\"height\":660,\"caption\":\"Horal\"},{\"@type\":\"BreadcrumbList\",\"@id\":\"https:\/\/www.welovecycling.com\/sk\/2023\/08\/16\/reportaz-skoda-horal-mtb-maraton-rodinna-karavana-na-trati-daisy\/#breadcrumb\",\"itemListElement\":[{\"@type\":\"ListItem\",\"position\":1,\"name\":\"Home\",\"item\":\"https:\/\/www.welovecycling.com\/sk\/\"},{\"@type\":\"ListItem\",\"position\":2,\"name\":\"Report\u00e1\u017e: \u0160KODA Horal MTB marat\u00f3n &#8211; rodinn\u00e1 \u201ekarav\u00e1na\u201d na trati Dejzi\"}]},{\"@type\":\"WebSite\",\"@id\":\"https:\/\/www.welovecycling.com\/sk\/#website\",\"url\":\"https:\/\/www.welovecycling.com\/sk\/\",\"name\":\"\u0160koda We Love Cycling Slovensko\",\"description\":\"\u0160koda We Love Cycling Slovensko je v\u00e1\u0161 ka\u017edodenn\u00fd zdroj noviniek a in\u0161pir\u00e1cie z sveta cyklistiky\",\"potentialAction\":[{\"@type\":\"SearchAction\",\"target\":{\"@type\":\"EntryPoint\",\"urlTemplate\":\"https:\/\/www.welovecycling.com\/sk\/?s={search_term_string}\"},\"query-input\":{\"@type\":\"PropertyValueSpecification\",\"valueRequired\":true,\"valueName\":\"search_term_string\"}}],\"inLanguage\":\"sk-SK\"},{\"@type\":\"Person\",\"@id\":\"https:\/\/www.welovecycling.com\/sk\/#\/schema\/person\/533b62b98b6c41bd5135ebfb1f742624\",\"name\":\"dominika\",\"image\":{\"@type\":\"ImageObject\",\"inLanguage\":\"sk-SK\",\"@id\":\"https:\/\/www.welovecycling.com\/sk\/#\/schema\/person\/image\/\",\"url\":\"https:\/\/secure.gravatar.com\/avatar\/ded6f274ba2ec3e17fff153f7d9d96a4b33c2cb63907f75d9a5309c599a7f3e6?s=96&d=mm&r=g\",\"contentUrl\":\"https:\/\/secure.gravatar.com\/avatar\/ded6f274ba2ec3e17fff153f7d9d96a4b33c2cb63907f75d9a5309c599a7f3e6?s=96&d=mm&r=g\",\"caption\":\"dominika\"},\"url\":\"https:\/\/www.welovecycling.com\/sk\/author\/dominika\/\"}]}<\/script>\n<!-- \/ Yoast SEO Premium plugin. -->","yoast_head_json":{"title":"Report\u00e1\u017e: \u0160KODA Horal MTB marat\u00f3n - rodinn\u00e1 \u201ekarav\u00e1na\u201d na trati Dejzi","description":"Fin\u00e1le \u0160KODA BIKE OPEN TOUR 2023 sa konalo u\u017e tradi\u010dne pod Tatrami, kde legend\u00e1rny marat\u00f3n Horal p\u00edsal u\u017e svoju 24. sez\u00f3nu.\u00a0","robots":{"index":"index","follow":"follow","max-snippet":"max-snippet:-1","max-image-preview":"max-image-preview:large","max-video-preview":"max-video-preview:-1"},"canonical":"https:\/\/www.welovecycling.com\/sk\/2023\/08\/16\/reportaz-skoda-horal-mtb-maraton-rodinna-karavana-na-trati-daisy\/","og_locale":"sk_SK","og_type":"article","og_title":"Report\u00e1\u017e: \u0160KODA Horal MTB marat\u00f3n - rodinn\u00e1 \u201ekarav\u00e1na\u201d na trati Dejzi","og_description":"Fin\u00e1le \u0160KODA BIKE OPEN TOUR 2023 sa konalo u\u017e tradi\u010dne pod Tatrami, kde legend\u00e1rny marat\u00f3n Horal p\u00edsal u\u017e svoju 24. sez\u00f3nu.\u00a0","og_url":"https:\/\/www.welovecycling.com\/sk\/2023\/08\/16\/reportaz-skoda-horal-mtb-maraton-rodinna-karavana-na-trati-daisy\/","og_site_name":"\u0160koda We Love Cycling Slovensko","article_published_time":"2023-08-16T16:56:54+00:00","article_modified_time":"2023-08-16T19:57:05+00:00","og_image":[{"width":990,"height":660,"url":"https:\/\/d2p6e6u75xmxt8.cloudfront.net\/4\/2023\/08\/titulka-2.webp","type":"image\/webp"}],"author":"dominika","twitter_card":"summary_large_image","twitter_misc":{"Written by":"Redakcia WLC","Est. reading time":"10 minutes"},"schema":{"@context":"https:\/\/schema.org","@graph":[{"@type":"WebPage","@id":"https:\/\/www.welovecycling.com\/sk\/2023\/08\/16\/reportaz-skoda-horal-mtb-maraton-rodinna-karavana-na-trati-daisy\/","url":"https:\/\/www.welovecycling.com\/sk\/2023\/08\/16\/reportaz-skoda-horal-mtb-maraton-rodinna-karavana-na-trati-daisy\/","name":"Report\u00e1\u017e: \u0160KODA Horal MTB marat\u00f3n - rodinn\u00e1 \u201ekarav\u00e1na\u201d na trati Dejzi","isPartOf":{"@id":"https:\/\/www.welovecycling.com\/sk\/#website"},"primaryImageOfPage":{"@id":"https:\/\/www.welovecycling.com\/sk\/2023\/08\/16\/reportaz-skoda-horal-mtb-maraton-rodinna-karavana-na-trati-daisy\/#primaryimage"},"image":{"@id":"https:\/\/www.welovecycling.com\/sk\/2023\/08\/16\/reportaz-skoda-horal-mtb-maraton-rodinna-karavana-na-trati-daisy\/#primaryimage"},"thumbnailUrl":"https:\/\/d2p6e6u75xmxt8.cloudfront.net\/4\/2023\/08\/titulka-2.webp","datePublished":"2023-08-16T16:56:54+00:00","dateModified":"2023-08-16T19:57:05+00:00","author":{"@id":"https:\/\/www.welovecycling.com\/sk\/#\/schema\/person\/533b62b98b6c41bd5135ebfb1f742624"},"description":"Fin\u00e1le \u0160KODA BIKE OPEN TOUR 2023 sa konalo u\u017e tradi\u010dne pod Tatrami, kde legend\u00e1rny marat\u00f3n Horal p\u00edsal u\u017e svoju 24. sez\u00f3nu.\u00a0","breadcrumb":{"@id":"https:\/\/www.welovecycling.com\/sk\/2023\/08\/16\/reportaz-skoda-horal-mtb-maraton-rodinna-karavana-na-trati-daisy\/#breadcrumb"},"inLanguage":"sk-SK","potentialAction":[{"@type":"ReadAction","target":["https:\/\/www.welovecycling.com\/sk\/2023\/08\/16\/reportaz-skoda-horal-mtb-maraton-rodinna-karavana-na-trati-daisy\/"]}]},{"@type":"ImageObject","inLanguage":"sk-SK","@id":"https:\/\/www.welovecycling.com\/sk\/2023\/08\/16\/reportaz-skoda-horal-mtb-maraton-rodinna-karavana-na-trati-daisy\/#primaryimage","url":"https:\/\/d2p6e6u75xmxt8.cloudfront.net\/4\/2023\/08\/titulka-2.webp","contentUrl":"https:\/\/d2p6e6u75xmxt8.cloudfront.net\/4\/2023\/08\/titulka-2.webp","width":990,"height":660,"caption":"Horal"},{"@type":"BreadcrumbList","@id":"https:\/\/www.welovecycling.com\/sk\/2023\/08\/16\/reportaz-skoda-horal-mtb-maraton-rodinna-karavana-na-trati-daisy\/#breadcrumb","itemListElement":[{"@type":"ListItem","position":1,"name":"Home","item":"https:\/\/www.welovecycling.com\/sk\/"},{"@type":"ListItem","position":2,"name":"Report\u00e1\u017e: \u0160KODA Horal MTB marat\u00f3n &#8211; rodinn\u00e1 \u201ekarav\u00e1na\u201d na trati Dejzi"}]},{"@type":"WebSite","@id":"https:\/\/www.welovecycling.com\/sk\/#website","url":"https:\/\/www.welovecycling.com\/sk\/","name":"\u0160koda We Love Cycling Slovensko","description":"\u0160koda We Love Cycling Slovensko je v\u00e1\u0161 ka\u017edodenn\u00fd zdroj noviniek a in\u0161pir\u00e1cie z sveta cyklistiky","potentialAction":[{"@type":"SearchAction","target":{"@type":"EntryPoint","urlTemplate":"https:\/\/www.welovecycling.com\/sk\/?s={search_term_string}"},"query-input":{"@type":"PropertyValueSpecification","valueRequired":true,"valueName":"search_term_string"}}],"inLanguage":"sk-SK"},{"@type":"Person","@id":"https:\/\/www.welovecycling.com\/sk\/#\/schema\/person\/533b62b98b6c41bd5135ebfb1f742624","name":"dominika","image":{"@type":"ImageObject","inLanguage":"sk-SK","@id":"https:\/\/www.welovecycling.com\/sk\/#\/schema\/person\/image\/","url":"https:\/\/secure.gravatar.com\/avatar\/ded6f274ba2ec3e17fff153f7d9d96a4b33c2cb63907f75d9a5309c599a7f3e6?s=96&d=mm&r=g","contentUrl":"https:\/\/secure.gravatar.com\/avatar\/ded6f274ba2ec3e17fff153f7d9d96a4b33c2cb63907f75d9a5309c599a7f3e6?s=96&d=mm&r=g","caption":"dominika"},"url":"https:\/\/www.welovecycling.com\/sk\/author\/dominika\/"}]}},"_links":{"self":[{"href":"https:\/\/www.welovecycling.com\/sk\/wp-json\/wp\/v2\/posts\/18077","targetHints":{"allow":["GET"]}}],"collection":[{"href":"https:\/\/www.welovecycling.com\/sk\/wp-json\/wp\/v2\/posts"}],"about":[{"href":"https:\/\/www.welovecycling.com\/sk\/wp-json\/wp\/v2\/types\/post"}],"author":[{"embeddable":true,"href":"https:\/\/www.welovecycling.com\/sk\/wp-json\/wp\/v2\/users\/172"}],"replies":[{"embeddable":true,"href":"https:\/\/www.welovecycling.com\/sk\/wp-json\/wp\/v2\/comments?post=18077"}],"version-history":[{"count":12,"href":"https:\/\/www.welovecycling.com\/sk\/wp-json\/wp\/v2\/posts\/18077\/revisions"}],"predecessor-version":[{"id":18110,"href":"https:\/\/www.welovecycling.com\/sk\/wp-json\/wp\/v2\/posts\/18077\/revisions\/18110"}],"wp:featuredmedia":[{"embeddable":true,"href":"https:\/\/www.welovecycling.com\/sk\/wp-json\/wp\/v2\/media\/18082"}],"wp:attachment":[{"href":"https:\/\/www.welovecycling.com\/sk\/wp-json\/wp\/v2\/media?parent=18077"}],"wp:term":[{"taxonomy":"category","embeddable":true,"href":"https:\/\/www.welovecycling.com\/sk\/wp-json\/wp\/v2\/categories?post=18077"},{"taxonomy":"post_tag","embeddable":true,"href":"https:\/\/www.welovecycling.com\/sk\/wp-json\/wp\/v2\/tags?post=18077"},{"taxonomy":"global-categories","embeddable":true,"href":"https:\/\/www.welovecycling.com\/sk\/wp-json\/wp\/v2\/global-categories?post=18077"}],"curies":[{"name":"wp","href":"https:\/\/api.w.org\/{rel}","templated":true}]}}