{"id":18025,"date":"2023-08-10T11:10:20","date_gmt":"2023-08-10T09:10:20","guid":{"rendered":"https:\/\/www.welovecycling.com\/sk\/?p=18025"},"modified":"2023-08-10T11:59:04","modified_gmt":"2023-08-10T09:59:04","slug":"tip-na-vylet-ako-si-uzit-okolie-skoda-horal-mtb-maratonu-aj-mimo-pretekov","status":"publish","type":"post","link":"https:\/\/www.welovecycling.com\/sk\/2023\/08\/10\/tip-na-vylet-ako-si-uzit-okolie-skoda-horal-mtb-maratonu-aj-mimo-pretekov\/","title":{"rendered":"Tip na v\u00fdlet: Ako si u\u017ei\u0165 okolie \u0160KODA Horal MTB marat\u00f3nu aj mimo pretekov?"},"content":{"rendered":"<p><strong>Bl\u00ed\u017eiaci sa horsk\u00fd marat\u00f3n HORAL sa nach\u00e1dza v\u00a0oblasti, ktor\u00e1 m\u00e1 rozhodne \u010do pon\u00faknu\u0165, \u010di u\u017e fan\u00fa\u0161ikom horskej alebo cestnej cyklistiky.\u00a0<\/strong><!--more--><\/p>\n<p><span style=\"font-weight: 400;\">Ur\u010dite mnoho z\u00a0n\u00e1s tam bude mera\u0165 dlh\u0161iu cestu, <strong>pre\u010do si preto neurobi\u0165 akt\u00edvny v\u00edkend a\u00a0spozna\u0165 tento regi\u00f3n na bicykli aj mimo pretekov.<\/strong> Na v\u00edkend do Popradu som u\u017e p\u00e1rkr\u00e1t kv\u00f4li cykloturistike zav\u00edtal, tak v\u00e1m sk\u00fasim da\u0165 nejak\u00e9 tipy, \u010do sa tu rozhodne oplat\u00ed vidie\u0165.\u00a0<\/span><\/p>\n<h2><b>Majest\u00e1tna Kr\u00e1\u013eova ho\u013ea<\/b><\/h2>\n<p><span style=\"font-weight: 400;\"><strong>Hne\u010f ako prv\u00e1 mi napadne legend\u00e1rna Kr\u00e1\u013eova ho\u013ea, nako\u013eko samotn\u00e1 tra\u0165 vedie priamo pod \u0148ou.<\/strong> V\u00a0minulosti bola s\u00fa\u010das\u0165ou marat\u00f3nu, sn\u00e1\u010f sa toho e\u0161te do\u010dk\u00e1me. Preto je to super pr\u00edle\u017eitos\u0165, \u00eds\u0165 na \u0148u pozrie\u0165. Vrchol s\u00a0v\u00fd\u0161kou 1 946 m je najvy\u0161\u0161\u00ed bod v SR, ktor\u00fd sa d\u00e1 dosiahnu\u0165 po cyklotrase. Trasa je vhodn\u00e1 pre horsk\u00e9 bicykle.<\/span><\/p>\n<p><span style=\"font-weight: 400;\">Trasa za\u010d\u00edna v\u00a0dedinke \u0160umiac, odkia\u013e je to na vrchol cca 11 km\u00a0s\u00a0prev\u00fd\u0161en\u00edm takmer 1\u00a0000 m. Cestu tvor\u00ed preva\u017ene \u0161otolina, a rozbitej\u0161\u00ed asfalt. Pribli\u017ene v polovici sa nach\u00e1dza Chata pod Kr\u00e1\u013eovou ho\u013eou, kde sa m\u00f4\u017eete v\u00fdborne ob\u010derstvi\u0165 a\u00a0\u00fasek si takto rozdeli\u0165 alebo ju vyu\u017ei\u0165 ako odmenu pri ceste dolu. Od chaty je to hore e\u0161te 5 km a\u00a0500 m po rozbitom asfalte. <strong>Cestou sp\u00e4\u0165, ak budete ma\u0165 e\u0161te energiu, nemus\u00edte \u00eds\u0165 priamo do \u0160umiaca. Pod chatou sa d\u00e1 odbo\u010di\u0165 a pokra\u010dova\u0165 zelen\u00fdm C smerom na Pust\u00e9 pole \u2013 Zbojn\u00edcka dolina.<\/strong><\/span><\/p>\n<p><span style=\"font-weight: 400;\"> Odtia\u013e sa hlavnou cestou, zn\u00e1mou ako Route 66, dostanete do Telg\u00e1rtu.<strong> Z\u00e1rove\u0148 si m\u00f4\u017eete obzrie\u0165 kr\u00e1snu technick\u00fa pamiatku Chmaro\u0161sk\u00fd viadukt, pri ktorom sa nach\u00e1dza aj sympatick\u00e1 kaviare\u0148 v\u00a0prerobenom starom vozni vlaku.<\/strong> Z\u00a0Telg\u00e1rtu potom vedie novovybudovan\u00e1 asfaltov\u00e1 cyklotrasa priamo do \u0160umiaca. Cel\u00e1 trasa m\u00e1 okolo 40 km s\u00a0prev\u00fd\u0161en\u00edm cez 1 200 m.\u00a0\u00a0<\/span><\/p>\n<div id='gallery-1' class='gallery galleryid-18025 gallery-columns-2 gallery-size-full'><figure class='gallery-item'>\n\t\t\t<div class='gallery-icon landscape'>\n\t\t\t\t<a href='https:\/\/d2p6e6u75xmxt8.cloudfront.net\/4\/2023\/08\/Chata-pod-Kralovou-holou.webp'><img loading=\"lazy\" decoding=\"async\" width=\"990\" height=\"660\" src=\"https:\/\/d2p6e6u75xmxt8.cloudfront.net\/4\/2023\/08\/Chata-pod-Kralovou-holou.webp\" class=\"attachment-full size-full\" alt=\"\" aria-describedby=\"gallery-1-18027\" srcset=\"https:\/\/d2p6e6u75xmxt8.cloudfront.net\/4\/2023\/08\/Chata-pod-Kralovou-holou.webp 990w, https:\/\/d2p6e6u75xmxt8.cloudfront.net\/4\/2023\/08\/Chata-pod-Kralovou-holou-300x200.webp 300w, https:\/\/d2p6e6u75xmxt8.cloudfront.net\/4\/2023\/08\/Chata-pod-Kralovou-holou-768x512.webp 768w, https:\/\/d2p6e6u75xmxt8.cloudfront.net\/4\/2023\/08\/Chata-pod-Kralovou-holou-400x267.webp 400w, https:\/\/d2p6e6u75xmxt8.cloudfront.net\/4\/2023\/08\/Chata-pod-Kralovou-holou-272x182.webp 272w\" sizes=\"auto, (max-width: 990px) 100vw, 990px\" \/><\/a>\n\t\t\t<\/div>\n\t\t\t\t<figcaption class='wp-caption-text gallery-caption' id='gallery-1-18027'>\n\t\t\t\tChata pod Kr\u00e1\u013eovou ho\u013eou\n\t\t\t\t<\/figcaption><\/figure><figure class='gallery-item'>\n\t\t\t<div class='gallery-icon landscape'>\n\t\t\t\t<a href='https:\/\/d2p6e6u75xmxt8.cloudfront.net\/4\/2023\/08\/Chmarossky-viadukt.webp'><img loading=\"lazy\" decoding=\"async\" width=\"990\" height=\"660\" src=\"https:\/\/d2p6e6u75xmxt8.cloudfront.net\/4\/2023\/08\/Chmarossky-viadukt.webp\" class=\"attachment-full size-full\" alt=\"\" aria-describedby=\"gallery-1-18028\" srcset=\"https:\/\/d2p6e6u75xmxt8.cloudfront.net\/4\/2023\/08\/Chmarossky-viadukt.webp 990w, https:\/\/d2p6e6u75xmxt8.cloudfront.net\/4\/2023\/08\/Chmarossky-viadukt-300x200.webp 300w, https:\/\/d2p6e6u75xmxt8.cloudfront.net\/4\/2023\/08\/Chmarossky-viadukt-768x512.webp 768w, https:\/\/d2p6e6u75xmxt8.cloudfront.net\/4\/2023\/08\/Chmarossky-viadukt-400x267.webp 400w, https:\/\/d2p6e6u75xmxt8.cloudfront.net\/4\/2023\/08\/Chmarossky-viadukt-272x182.webp 272w\" sizes=\"auto, (max-width: 990px) 100vw, 990px\" \/><\/a>\n\t\t\t<\/div>\n\t\t\t\t<figcaption class='wp-caption-text gallery-caption' id='gallery-1-18028'>\n\t\t\t\tChmaro\u0161sk\u00fd viadukt\n\t\t\t\t<\/figcaption><\/figure>\n\t\t<\/div>\n\n<p style=\"text-align: center;\"><span style=\"color: #808080;\"><em><span style=\"font-size: 10pt;\">Chata pod Kr\u00e1\u013eovou ho\u013eou, Chmaro\u0161sk\u00fd viadukt<\/span><\/em><\/span><\/p>\n<h2><b>Vysok\u00e9 Tatry<\/b><\/h2>\n<p><span style=\"font-weight: 400;\">Pri poh\u013eade z\u00a0Kr\u00e1\u013eovej hole sa n\u00e1m uk\u00e1\u017eu Vysok\u00e9 Tatry a\u00a0m\u00f4j \u010fal\u0161\u00ed tip bude preto smerova\u0165 sem. <strong>Toto na\u0161e kr\u00e1\u013eovstvo sa d\u00e1 objavova\u0165 \u010di u\u017e na cestnom alebo horskom bicykli.<\/strong> V\u00e4\u010d\u0161ina cyklotr\u00e1s vedie ku horsk\u00fdm chat\u00e1m. Popri hlavnej ceste vedie miestami aj cyklotrasa vhodn\u00e1 pre horsk\u00e9 bicykle. Smerom na z\u00e1pad je tu kr\u00e1sne asfaltov\u00e9 st\u00fapanie na Popradsk\u00e9 pleso, kde je to od parkoviska 5 km s\u00a0prev\u00fd\u0161en\u00edm 300 m vhodn\u00e9 naozaj pre ka\u017ed\u00e9ho. <\/span><\/p>\n<p><span style=\"font-weight: 400;\">Jedno z\u00a0t\u00fdch \u0165a\u017e\u0161\u00edch st\u00fapan\u00ed vedie na Sliezsky dom, trasa je dlh\u00e1 7 km s\u00a0prev\u00fd\u0161en\u00edm takmer 700 m. Ide o\u00a0rozbit\u00fd asfalt, ktor\u00fd sa d\u00e1 hore zvl\u00e1dnu\u0165 aj na cestnom bicykli, ale pri zjazde treba by\u0165 viac opatrn\u00fd. <strong>Prostredie pri Velickom plese pon\u00faka kr\u00e1snu scen\u00e9riu a\u00a0ke\u010f\u017ee je tu hotel, viete si da\u0165 nie\u010do dobr\u00e9 pod zub.\u00a0<\/strong><\/span><\/p>\n<div id='gallery-2' class='gallery galleryid-18025 gallery-columns-2 gallery-size-full'><figure class='gallery-item'>\n\t\t\t<div class='gallery-icon landscape'>\n\t\t\t\t<a href='https:\/\/d2p6e6u75xmxt8.cloudfront.net\/4\/2023\/08\/Sliezsky-dom.webp'><img loading=\"lazy\" decoding=\"async\" width=\"990\" height=\"660\" src=\"https:\/\/d2p6e6u75xmxt8.cloudfront.net\/4\/2023\/08\/Sliezsky-dom.webp\" class=\"attachment-full size-full\" alt=\"\" aria-describedby=\"gallery-2-18029\" srcset=\"https:\/\/d2p6e6u75xmxt8.cloudfront.net\/4\/2023\/08\/Sliezsky-dom.webp 990w, https:\/\/d2p6e6u75xmxt8.cloudfront.net\/4\/2023\/08\/Sliezsky-dom-300x200.webp 300w, https:\/\/d2p6e6u75xmxt8.cloudfront.net\/4\/2023\/08\/Sliezsky-dom-768x512.webp 768w, https:\/\/d2p6e6u75xmxt8.cloudfront.net\/4\/2023\/08\/Sliezsky-dom-400x267.webp 400w, https:\/\/d2p6e6u75xmxt8.cloudfront.net\/4\/2023\/08\/Sliezsky-dom-272x182.webp 272w\" sizes=\"auto, (max-width: 990px) 100vw, 990px\" \/><\/a>\n\t\t\t<\/div>\n\t\t\t\t<figcaption class='wp-caption-text gallery-caption' id='gallery-2-18029'>\n\t\t\t\tSliezsky dom\n\t\t\t\t<\/figcaption><\/figure><figure class='gallery-item'>\n\t\t\t<div class='gallery-icon landscape'>\n\t\t\t\t<a href='https:\/\/d2p6e6u75xmxt8.cloudfront.net\/4\/2023\/08\/Smer-Chata-pri-Zelenom-plese.webp'><img loading=\"lazy\" decoding=\"async\" width=\"990\" height=\"660\" src=\"https:\/\/d2p6e6u75xmxt8.cloudfront.net\/4\/2023\/08\/Smer-Chata-pri-Zelenom-plese.webp\" class=\"attachment-full size-full\" alt=\"\" aria-describedby=\"gallery-2-18030\" srcset=\"https:\/\/d2p6e6u75xmxt8.cloudfront.net\/4\/2023\/08\/Smer-Chata-pri-Zelenom-plese.webp 990w, https:\/\/d2p6e6u75xmxt8.cloudfront.net\/4\/2023\/08\/Smer-Chata-pri-Zelenom-plese-300x200.webp 300w, https:\/\/d2p6e6u75xmxt8.cloudfront.net\/4\/2023\/08\/Smer-Chata-pri-Zelenom-plese-768x512.webp 768w, https:\/\/d2p6e6u75xmxt8.cloudfront.net\/4\/2023\/08\/Smer-Chata-pri-Zelenom-plese-400x267.webp 400w, https:\/\/d2p6e6u75xmxt8.cloudfront.net\/4\/2023\/08\/Smer-Chata-pri-Zelenom-plese-272x182.webp 272w\" sizes=\"auto, (max-width: 990px) 100vw, 990px\" \/><\/a>\n\t\t\t<\/div>\n\t\t\t\t<figcaption class='wp-caption-text gallery-caption' id='gallery-2-18030'>\n\t\t\t\tSmer Chata pri Zelenom plese\n\t\t\t\t<\/figcaption><\/figure>\n\t\t<\/div>\n\n<p style=\"text-align: center;\"><span style=\"color: #808080;\"><em><span style=\"font-size: 10pt;\">Sliezsky dom, Smer Chata pri Zelenom plese<\/span><\/em><\/span><\/p>\n<p><span style=\"font-weight: 400;\"><strong>Pre vyzn\u00e1va\u010dov v\u00fdziev je tu potom u\u017e \u010disto horsk\u00e1 trasa na Zelen\u00e9 pleso.<\/strong> T\u00e1to trasa je ale hlavne v\u00a0strednej polovici n\u00e1ro\u010dn\u00e1, preto\u017ee sa tu nach\u00e1dza ve\u013ek\u00e9 mno\u017estvo uvo\u013enen\u00fdch sk\u00e1l a\u00a0v\u00e4\u010d\u0161\u00edch balvanov. Kto m\u00e1 ale dobr\u00fa techniku, dok\u00e1\u017ee cel\u00fa trasu vy\u0161liapa\u0165 v\u00a0sedle :). <\/span><\/p>\n<p><span style=\"font-weight: 400;\">V cieli n\u00e1s \u010dak\u00e1 jedno z najkraj\u0161\u00edch plies vo Vysok\u00fdch Tatr\u00e1ch s op\u00e4\u0165 ve\u013emi dobr\u00fdm ob\u010derstven\u00edm na chate.<strong> Komu by bolo m\u00e1lo, je tu e\u0161te jedna \u010dere\u0161ni\u010dka ved\u013ea, a to chata Plesnivec.<\/strong> Toto st\u00fapanie je naozaj ve\u013emi n\u00e1ro\u010dn\u00e9 a prudk\u00e9. Na 3 km prekon\u00e1va skoro 400 v\u00fd\u0161kov\u00fdch metrov a miestami sklon presahuje 20 %. Kto by mal po marat\u00f3ne ve\u013ea energie, tu sa m\u00f4\u017ee pr\u00eds\u0165 vybi\u0165. \ud83d\ude42<\/span><\/p>\n<p><span style=\"font-weight: 400;\">A\u00a0aby sme tu mali aj nie\u010do \u013eah\u0161ie, tak s\u00fa to dve kr\u00e1sne doliny v\u00a0z\u00e1padnej \u010dasti Vysok\u00fdch Tatier bez z\u00e1sahu \u010dloveka. Konkr\u00e9tne Tich\u00e1 a\u00a0K\u00f4prov\u00e1 dolina. Parkova\u0165 sa d\u00e1 na\u00a0Podbanskom a\u00a0t\u00e1to trasa bude ma\u0165 nie\u010do okolo<\/span><span style=\"font-weight: 400;\"> 40 km s\u00a0prev\u00fd\u0161en\u00edm 500 m. <strong>Hlavne pri vstupe do dol\u00edn sa budeme m\u00f4c\u0165 pokocha\u0165 kr\u00e1snym poh\u013eadom na n\u00e1\u0161 symbol Slovenska &#8211; Kriv\u00e1\u0148.<\/strong><\/span><\/p>\n<div id='gallery-3' class='gallery galleryid-18025 gallery-columns-2 gallery-size-full'><figure class='gallery-item'>\n\t\t\t<div class='gallery-icon landscape'>\n\t\t\t\t<a href='https:\/\/d2p6e6u75xmxt8.cloudfront.net\/4\/2023\/08\/Chata-Plesnivec.webp'><img loading=\"lazy\" decoding=\"async\" width=\"990\" height=\"660\" src=\"https:\/\/d2p6e6u75xmxt8.cloudfront.net\/4\/2023\/08\/Chata-Plesnivec.webp\" class=\"attachment-full size-full\" alt=\"\" aria-describedby=\"gallery-3-18031\" srcset=\"https:\/\/d2p6e6u75xmxt8.cloudfront.net\/4\/2023\/08\/Chata-Plesnivec.webp 990w, https:\/\/d2p6e6u75xmxt8.cloudfront.net\/4\/2023\/08\/Chata-Plesnivec-300x200.webp 300w, https:\/\/d2p6e6u75xmxt8.cloudfront.net\/4\/2023\/08\/Chata-Plesnivec-768x512.webp 768w, https:\/\/d2p6e6u75xmxt8.cloudfront.net\/4\/2023\/08\/Chata-Plesnivec-400x267.webp 400w, https:\/\/d2p6e6u75xmxt8.cloudfront.net\/4\/2023\/08\/Chata-Plesnivec-272x182.webp 272w\" sizes=\"auto, (max-width: 990px) 100vw, 990px\" \/><\/a>\n\t\t\t<\/div>\n\t\t\t\t<figcaption class='wp-caption-text gallery-caption' id='gallery-3-18031'>\n\t\t\t\tChata Plesnivec\n\t\t\t\t<\/figcaption><\/figure><figure class='gallery-item'>\n\t\t\t<div class='gallery-icon landscape'>\n\t\t\t\t<a href='https:\/\/d2p6e6u75xmxt8.cloudfront.net\/4\/2023\/08\/Ticha-dolina.webp'><img loading=\"lazy\" decoding=\"async\" width=\"990\" height=\"660\" src=\"https:\/\/d2p6e6u75xmxt8.cloudfront.net\/4\/2023\/08\/Ticha-dolina.webp\" class=\"attachment-full size-full\" alt=\"\" aria-describedby=\"gallery-3-18032\" srcset=\"https:\/\/d2p6e6u75xmxt8.cloudfront.net\/4\/2023\/08\/Ticha-dolina.webp 990w, https:\/\/d2p6e6u75xmxt8.cloudfront.net\/4\/2023\/08\/Ticha-dolina-300x200.webp 300w, https:\/\/d2p6e6u75xmxt8.cloudfront.net\/4\/2023\/08\/Ticha-dolina-768x512.webp 768w, https:\/\/d2p6e6u75xmxt8.cloudfront.net\/4\/2023\/08\/Ticha-dolina-400x267.webp 400w, https:\/\/d2p6e6u75xmxt8.cloudfront.net\/4\/2023\/08\/Ticha-dolina-272x182.webp 272w\" sizes=\"auto, (max-width: 990px) 100vw, 990px\" \/><\/a>\n\t\t\t<\/div>\n\t\t\t\t<figcaption class='wp-caption-text gallery-caption' id='gallery-3-18032'>\n\t\t\t\tTich\u00e1 dolina\n\t\t\t\t<\/figcaption><\/figure>\n\t\t<\/div>\n\n<p style=\"text-align: center;\"><span style=\"color: #808080;\"><em><span style=\"font-size: 10pt;\">Chata Plesnivec, Tich\u00e1 dolina<\/span><\/em><\/span><\/p>\n<p><span style=\"font-weight: 400;\">Za zmienku ur\u010dite stoj\u00ed aj na\u0161a v\u00fdchodn\u00e1 strana &#8211; Belianske Tatry.<strong> Ich kr\u00e1su si viete obzrie\u0165 v\u00a0okol\u00ed \u017ddiaru, kde op\u00e4\u0165 vedie cyklotrasa pre horsk\u00e9 bicykle popri hlavnej, u\u017e spom\u00ednanej ceste Route 66, ktor\u00e1 vedie do Po\u013eska.<\/strong> Ak budete pokra\u010dova\u0165 k ly\u017eiarskemu stredisku Strednica, d\u00e1 sa tu urobi\u0165 kr\u00e1sny okruh smerom na Magurku a\u00a0pokra\u010dova\u0165 ku chodn\u00edku v\u00a0korun\u00e1ch stromov a\u00a0vr\u00e1ti\u0165 sa nasp\u00e4\u0165 do \u017ddiaru.\u00a0<\/span><\/p>\n<h2><b>Slovensk\u00fd raj<\/b><\/h2>\n<p><span style=\"font-weight: 400;\">Ned\u00e1 mi nespomen\u00fa\u0165 ani tak\u00fd Slovensk\u00fd raj, kde sme tento rok u\u017e jeden<\/span><a href=\"https:\/\/www.welovecycling.com\/sk\/2023\/06\/14\/reportaz-skoda-slovensky-raj-zaciatok-leta-plny-vody\/\" target=\"_blank\" rel=\"noopener\"><span style=\"font-weight: 400;\"> marat\u00f3n absolvovali<\/span><\/a><span style=\"font-weight: 400;\">. N\u00edm sa vieme in\u0161pirova\u0165 a\u00a0urobi\u0165 si okruh cez cel\u00fd raj. Za\u010diatok je v\u00a0Hrabu\u0161iciach, odkia\u013e sa cyklotrasou popri Horn\u00e1de vieme dosta\u0165 na ikonick\u00fd Tom\u00e1\u0161ovsk\u00fd v\u00fdh\u013ead. \u010ealej pokra\u010dova\u0165 na \u010cingov a\u00a0preplieta\u0165 sa z\u00e1kutiami raja po cyklotras\u00e1ch a\u017e na Palcmansk\u00fa ma\u0161u a\u00a0nasp\u00e4\u0165 sa vr\u00e1time Glackou cestou. <\/span><\/p>\n<p><span style=\"font-weight: 400;\"><strong>S\u00a0d\u013a\u017ekou cez 60 km a\u00a0prev\u00fd\u0161en\u00edm skoro 1 400 m ide u\u017e o\u00a0stredne n\u00e1ro\u010dn\u00fa trasu.<\/strong> Rozhodne to ale stoj\u00ed za t\u00fa n\u00e1mahu, preto\u017ee na marat\u00f3ne nikdy nie je dostatok \u010dasu vn\u00edma\u0165 a\u00a0u\u017e\u00edva\u0165 si cel\u00e9 okolie, ktor\u00fa tra\u0165 v\u00a0Slovenskom raji pon\u00faka.\u00a0\u00a0<\/span><\/p>\n<figure id=\"attachment_18033\" aria-describedby=\"caption-attachment-18033\" style=\"width: 990px\" class=\"wp-caption alignnone\"><img loading=\"lazy\" decoding=\"async\" class=\"size-full wp-image-18033\" src=\"https:\/\/d2p6e6u75xmxt8.cloudfront.net\/4\/2023\/08\/Slovensky-raj.webp\" alt=\"\" width=\"990\" height=\"660\" srcset=\"https:\/\/d2p6e6u75xmxt8.cloudfront.net\/4\/2023\/08\/Slovensky-raj.webp 990w, https:\/\/d2p6e6u75xmxt8.cloudfront.net\/4\/2023\/08\/Slovensky-raj-300x200.webp 300w, https:\/\/d2p6e6u75xmxt8.cloudfront.net\/4\/2023\/08\/Slovensky-raj-768x512.webp 768w, https:\/\/d2p6e6u75xmxt8.cloudfront.net\/4\/2023\/08\/Slovensky-raj-400x267.webp 400w, https:\/\/d2p6e6u75xmxt8.cloudfront.net\/4\/2023\/08\/Slovensky-raj-272x182.webp 272w\" sizes=\"auto, (max-width: 990px) 100vw, 990px\" \/><figcaption id=\"caption-attachment-18033\" class=\"wp-caption-text\">Slovensk\u00fd raj<\/figcaption><\/figure>\n<h2><b>Milovan\u00fd Liptov<\/b><\/h2>\n<p><span style=\"font-weight: 400;\">Mojou ob\u013e\u00fabenou lokalitou je aj Liptov, ktor\u00fd je takmer na skok od Popradu. Z\u00a0Liptovsk\u00e9ho Hr\u00e1dku, pr\u00edpadne z\u00a0Kr\u00e1\u013eovej Lehoty vedie cyklotrasa na na\u0161u najvy\u0161\u0161ie polo\u017een\u00fa vodn\u00fa n\u00e1dr\u017e na \u010ciernom V\u00e1hu, ktor\u00e1 sl\u00fa\u017ei miestnej elektr\u00e1rni. <strong>Ide op\u00e4\u0165 o preva\u017ene\u00a0asfaltov\u00e9 st\u00fapanie, ktor\u00e9 sa d\u00e1 zvl\u00e1dnu\u0165 aj na cestnom bicykli.<\/strong><\/span><\/p>\n<p><span style=\"font-weight: 400;\"><strong> Je to ve\u013emi jedine\u010dn\u00e9 miesto, nako\u013eko sa v\u00e1m otvor\u00ed kr\u00e1sna scen\u00e9ria cel\u00e9ho Liptova ako na dlani v\u00a0pozad\u00ed s\u00a0panor\u00e1mou na Vysok\u00e9 Tatry.<\/strong> Ak pr\u00eddete na horskom bicykli, sp\u00e4\u0165 sa nemus\u00edte vraca\u0165 po asfalte. K\u00fasok pod n\u00e1dr\u017eou trasa odbo\u010d\u00ed do ter\u00e9nu a po zelenej a nesk\u00f4r po modrej zna\u010dke, ktor\u00e1 vedia popri \u017eeleznici, sa\u00a0 vr\u00e1tite sp\u00e4\u0165 do Kr\u00e1\u013eovej Lehoty.\u00a0<\/span><\/p>\n<figure id=\"attachment_18034\" aria-describedby=\"caption-attachment-18034\" style=\"width: 990px\" class=\"wp-caption alignnone\"><img loading=\"lazy\" decoding=\"async\" class=\"size-full wp-image-18034\" src=\"https:\/\/d2p6e6u75xmxt8.cloudfront.net\/4\/2023\/08\/Vodna-nadrz-Cierny-Vah.webp\" alt=\"\" width=\"990\" height=\"660\" srcset=\"https:\/\/d2p6e6u75xmxt8.cloudfront.net\/4\/2023\/08\/Vodna-nadrz-Cierny-Vah.webp 990w, https:\/\/d2p6e6u75xmxt8.cloudfront.net\/4\/2023\/08\/Vodna-nadrz-Cierny-Vah-300x200.webp 300w, https:\/\/d2p6e6u75xmxt8.cloudfront.net\/4\/2023\/08\/Vodna-nadrz-Cierny-Vah-768x512.webp 768w, https:\/\/d2p6e6u75xmxt8.cloudfront.net\/4\/2023\/08\/Vodna-nadrz-Cierny-Vah-400x267.webp 400w, https:\/\/d2p6e6u75xmxt8.cloudfront.net\/4\/2023\/08\/Vodna-nadrz-Cierny-Vah-272x182.webp 272w\" sizes=\"auto, (max-width: 990px) 100vw, 990px\" \/><figcaption id=\"caption-attachment-18034\" class=\"wp-caption-text\">Vodn\u00e1 n\u00e1dr\u017e \u010cierny V\u00e1h<\/figcaption><\/figure>\n<p><span style=\"font-weight: 400;\">Z\u00a0Liptovsk\u00e9ho Hr\u00e1dku vieme vyu\u017ei\u0165 aj kr\u00e1sne st\u00fapanie, vhodn\u00e9 pre horsk\u00fa cyklistiku do Svidovsk\u00e9ho sedla v\u00a0N\u00edzkych Tatr\u00e1ch. <strong>Ide o\u00a0mierne n\u00e1ro\u010dn\u00fa horsk\u00fa trasu vhodn\u00fa pre v\u0161etk\u00fdch.<\/strong> Je tu mo\u017enos\u0165 zo sedla pokra\u010dova\u0165 miestnou lesnou cestou zjazdom do Svidova pri Malu\u017einej. Prejdeme k\u00fasok popri hlavnej ceste smerom dole a\u00a0napoj\u00edme sa na modr\u00fa zna\u010dku, ktor\u00e1 vedie\u0165 do Kr\u00e1\u013eovej Lehoty a\u00a0d\u00e1 sa to spoji\u0165 s\u00a0v\u00fdstupom na n\u00e1dr\u017e. Toto by bola ale jedna z\u00a0t\u00fdch n\u00e1ro\u010dnej\u0161\u00edch a\u00a0dlh\u0161\u00edch tr\u00e1s.<\/span><\/p>\n<div id='gallery-4' class='gallery galleryid-18025 gallery-columns-2 gallery-size-full'><figure class='gallery-item'>\n\t\t\t<div class='gallery-icon landscape'>\n\t\t\t\t<a href='https:\/\/d2p6e6u75xmxt8.cloudfront.net\/4\/2023\/08\/Smer-Svidovske-sedlo.webp'><img loading=\"lazy\" decoding=\"async\" width=\"990\" height=\"660\" src=\"https:\/\/d2p6e6u75xmxt8.cloudfront.net\/4\/2023\/08\/Smer-Svidovske-sedlo.webp\" class=\"attachment-full size-full\" alt=\"\" aria-describedby=\"gallery-4-18035\" srcset=\"https:\/\/d2p6e6u75xmxt8.cloudfront.net\/4\/2023\/08\/Smer-Svidovske-sedlo.webp 990w, https:\/\/d2p6e6u75xmxt8.cloudfront.net\/4\/2023\/08\/Smer-Svidovske-sedlo-300x200.webp 300w, https:\/\/d2p6e6u75xmxt8.cloudfront.net\/4\/2023\/08\/Smer-Svidovske-sedlo-768x512.webp 768w, https:\/\/d2p6e6u75xmxt8.cloudfront.net\/4\/2023\/08\/Smer-Svidovske-sedlo-400x267.webp 400w, https:\/\/d2p6e6u75xmxt8.cloudfront.net\/4\/2023\/08\/Smer-Svidovske-sedlo-272x182.webp 272w\" sizes=\"auto, (max-width: 990px) 100vw, 990px\" \/><\/a>\n\t\t\t<\/div>\n\t\t\t\t<figcaption class='wp-caption-text gallery-caption' id='gallery-4-18035'>\n\t\t\t\tSmer Svidovsk\u00e9 sedlo\n\t\t\t\t<\/figcaption><\/figure><figure class='gallery-item'>\n\t\t\t<div class='gallery-icon landscape'>\n\t\t\t\t<a href='https:\/\/d2p6e6u75xmxt8.cloudfront.net\/4\/2023\/08\/Ziarska-dolina.webp'><img loading=\"lazy\" decoding=\"async\" width=\"990\" height=\"660\" src=\"https:\/\/d2p6e6u75xmxt8.cloudfront.net\/4\/2023\/08\/Ziarska-dolina.webp\" class=\"attachment-full size-full\" alt=\"\" aria-describedby=\"gallery-4-18036\" srcset=\"https:\/\/d2p6e6u75xmxt8.cloudfront.net\/4\/2023\/08\/Ziarska-dolina.webp 990w, https:\/\/d2p6e6u75xmxt8.cloudfront.net\/4\/2023\/08\/Ziarska-dolina-300x200.webp 300w, https:\/\/d2p6e6u75xmxt8.cloudfront.net\/4\/2023\/08\/Ziarska-dolina-768x512.webp 768w, https:\/\/d2p6e6u75xmxt8.cloudfront.net\/4\/2023\/08\/Ziarska-dolina-400x267.webp 400w, https:\/\/d2p6e6u75xmxt8.cloudfront.net\/4\/2023\/08\/Ziarska-dolina-272x182.webp 272w\" sizes=\"auto, (max-width: 990px) 100vw, 990px\" \/><\/a>\n\t\t\t<\/div>\n\t\t\t\t<figcaption class='wp-caption-text gallery-caption' id='gallery-4-18036'>\n\t\t\t\t\u017diarska dolina\n\t\t\t\t<\/figcaption><\/figure>\n\t\t<\/div>\n\n<p style=\"text-align: center;\"><span style=\"font-size: 10pt; color: #808080;\"><em>Smer Svidovsk\u00e9 sedlo, \u017diarska dolina<\/em><\/span><\/p>\n<p><span style=\"font-weight: 400;\"><strong>Ve\u013emi ob\u013e\u00fabenou lokalitou na Liptove, \u010di u\u017e je to zima alebo leto, je \u017diarska chata v Z\u00e1padn\u00fdch Tatr\u00e1ch.<\/strong> Z parkoviska pod chatou sem vedie mierne n\u00e1ro\u010dn\u00e9, pribli\u017ene 6 km dlh\u00e9 st\u00fapanie vhodn\u00e9 pre horsk\u00e9 bicykle. Ak chceme nazbiera\u0165 viac v\u00fd\u0161kov\u00fdch metrov, m\u00f4\u017eeme za\u010da\u0165 z Liptovsk\u00e9ho Mikul\u00e1\u0161a. <\/span><\/p>\n<p><span style=\"font-weight: 400;\">Cyklotrasou za\u010dneme st\u00fapa\u0165 na Bobrovec, \u010falej sa dostaneme Podtatranskou cyklomagistr\u00e1lou k parkovisku, odkia\u013e vyst\u00fapame na chatu. Po zjazde z\u00eddeme na Vetern\u00fa Porubu. Pokra\u010dujeme na Smre\u010dany a \u010falej na H\u00e1je, odkia\u013e bude pekn\u00fd v\u00fdh\u013ead na Liptovsk\u00fd Mikul\u00e1\u0161 a Liptovsk\u00fa Maru.<\/span><\/p>\n<p><span style=\"font-weight: 400;\">Tak sa vid\u00edme u\u017e t\u00fato sobotu vo Svite na <\/span><a href=\"https:\/\/www.welovecycling.com\/sk\/2023\/07\/10\/pozvanka-skoda-horal-mtb-maraton-2023-ideme-do-finale\/\" target=\"_blank\" rel=\"noopener\"><span style=\"font-weight: 400;\">\u0160KODA Horal MTB marat\u00f3ne<\/span><\/a><span style=\"font-weight: 400;\">, kde sa odohr\u00e1 fin\u00e1le 10. ro\u010dn\u00edka \u0160KODA BIKE OPEN TOUR!<\/span><\/p>\n<p><span style=\"font-weight: 400;\">Zdroj fotografi\u00ed: arch\u00edv autora, Peter Regec<\/span><\/p>\n","protected":false},"excerpt":{"rendered":"<p>Bl\u00ed\u017eiaci sa horsk\u00fd marat\u00f3n HORAL sa nach\u00e1dza v\u00a0oblasti, ktor\u00e1 m\u00e1 rozhodne \u010do pon\u00faknu\u0165, \u010di u\u017e fan\u00fa\u0161ikom horskej alebo cestnej cyklistiky.\u00a0<\/p>\n","protected":false},"author":172,"featured_media":18040,"comment_status":"open","ping_status":"open","sticky":false,"template":"","format":"standard","meta":{"footnotes":""},"categories":[191],"tags":[275,115,1347,448,211,180,773,571,732,1533,523,234,741,508,520,161],"global-categories":[1074],"class_list":["post-18025","post","type-post","status-publish","format-standard","has-post-thumbnail","hentry","category-odporucame","tag-cesta","tag-cestna-cyklistika","tag-cestovanie","tag-cyklotrasy","tag-horal","tag-horska-cyklistika","tag-hory","tag-kralova-hola","tag-liptov","tag-priroda","tag-slovensko","tag-slovensky-raj","tag-tip-na-vylet","tag-vylet","tag-vysoke-tatry","tag-zdravie","global-categories-cycling"],"yoast_head":"<!-- This site is optimized with the Yoast SEO Premium plugin v25.3 (Yoast SEO v25.9) - https:\/\/yoast.com\/wordpress\/plugins\/seo\/ -->\n<title>Tip na v\u00fdlet: Ako si u\u017ei\u0165 okolie \u0160KODA Horal MTB marat\u00f3nu aj mimo pretekov?<\/title>\n<meta name=\"description\" content=\"Bl\u00ed\u017eiaci sa horsk\u00fd marat\u00f3n HORAL sa nach\u00e1dza v\u00a0oblasti, ktor\u00e1 m\u00e1 rozhodne \u010do pon\u00faknu\u0165, \u010di u\u017e fan\u00fa\u0161ikom horskej alebo cestnej cyklistiky.\u00a0\" \/>\n<meta name=\"robots\" content=\"index, follow, max-snippet:-1, max-image-preview:large, max-video-preview:-1\" \/>\n<link rel=\"canonical\" href=\"https:\/\/www.welovecycling.com\/sk\/2023\/08\/10\/tip-na-vylet-ako-si-uzit-okolie-skoda-horal-mtb-maratonu-aj-mimo-pretekov\/\" \/>\n<meta property=\"og:locale\" content=\"sk_SK\" \/>\n<meta property=\"og:type\" content=\"article\" \/>\n<meta property=\"og:title\" content=\"Tip na v\u00fdlet: Ako si u\u017ei\u0165 okolie \u0160KODA Horal MTB marat\u00f3nu aj mimo pretekov?\" \/>\n<meta property=\"og:description\" content=\"Bl\u00ed\u017eiaci sa horsk\u00fd marat\u00f3n HORAL sa nach\u00e1dza v\u00a0oblasti, ktor\u00e1 m\u00e1 rozhodne \u010do pon\u00faknu\u0165, \u010di u\u017e fan\u00fa\u0161ikom horskej alebo cestnej cyklistiky.\u00a0\" \/>\n<meta property=\"og:url\" content=\"https:\/\/www.welovecycling.com\/sk\/2023\/08\/10\/tip-na-vylet-ako-si-uzit-okolie-skoda-horal-mtb-maratonu-aj-mimo-pretekov\/\" \/>\n<meta property=\"og:site_name\" content=\"\u0160koda We Love Cycling Slovensko\" \/>\n<meta property=\"article:published_time\" content=\"2023-08-10T09:10:20+00:00\" \/>\n<meta property=\"article:modified_time\" content=\"2023-08-10T09:59:04+00:00\" \/>\n<meta property=\"og:image\" content=\"https:\/\/d2p6e6u75xmxt8.cloudfront.net\/4\/2023\/08\/titulka-1.webp\" \/>\n\t<meta property=\"og:image:width\" content=\"990\" \/>\n\t<meta property=\"og:image:height\" content=\"660\" \/>\n\t<meta property=\"og:image:type\" content=\"image\/webp\" \/>\n<meta name=\"author\" content=\"dominika\" \/>\n<meta name=\"twitter:card\" content=\"summary_large_image\" \/>\n<meta name=\"twitter:label1\" content=\"Written by\" \/>\n\t<meta name=\"twitter:data1\" content=\"Erik Horv\u00e1th\" \/>\n\t<meta name=\"twitter:label2\" content=\"Est. reading time\" \/>\n\t<meta name=\"twitter:data2\" content=\"5\" \/>\n<script type=\"application\/ld+json\" class=\"yoast-schema-graph\">{\"@context\":\"https:\/\/schema.org\",\"@graph\":[{\"@type\":\"WebPage\",\"@id\":\"https:\/\/www.welovecycling.com\/sk\/2023\/08\/10\/tip-na-vylet-ako-si-uzit-okolie-skoda-horal-mtb-maratonu-aj-mimo-pretekov\/\",\"url\":\"https:\/\/www.welovecycling.com\/sk\/2023\/08\/10\/tip-na-vylet-ako-si-uzit-okolie-skoda-horal-mtb-maratonu-aj-mimo-pretekov\/\",\"name\":\"Tip na v\u00fdlet: Ako si u\u017ei\u0165 okolie \u0160KODA Horal MTB marat\u00f3nu aj mimo pretekov?\",\"isPartOf\":{\"@id\":\"https:\/\/www.welovecycling.com\/sk\/#website\"},\"primaryImageOfPage\":{\"@id\":\"https:\/\/www.welovecycling.com\/sk\/2023\/08\/10\/tip-na-vylet-ako-si-uzit-okolie-skoda-horal-mtb-maratonu-aj-mimo-pretekov\/#primaryimage\"},\"image\":{\"@id\":\"https:\/\/www.welovecycling.com\/sk\/2023\/08\/10\/tip-na-vylet-ako-si-uzit-okolie-skoda-horal-mtb-maratonu-aj-mimo-pretekov\/#primaryimage\"},\"thumbnailUrl\":\"https:\/\/d2p6e6u75xmxt8.cloudfront.net\/4\/2023\/08\/titulka-1.webp\",\"datePublished\":\"2023-08-10T09:10:20+00:00\",\"dateModified\":\"2023-08-10T09:59:04+00:00\",\"author\":{\"@id\":\"https:\/\/www.welovecycling.com\/sk\/#\/schema\/person\/533b62b98b6c41bd5135ebfb1f742624\"},\"description\":\"Bl\u00ed\u017eiaci sa horsk\u00fd marat\u00f3n HORAL sa nach\u00e1dza v\u00a0oblasti, ktor\u00e1 m\u00e1 rozhodne \u010do pon\u00faknu\u0165, \u010di u\u017e fan\u00fa\u0161ikom horskej alebo cestnej cyklistiky.\u00a0\",\"breadcrumb\":{\"@id\":\"https:\/\/www.welovecycling.com\/sk\/2023\/08\/10\/tip-na-vylet-ako-si-uzit-okolie-skoda-horal-mtb-maratonu-aj-mimo-pretekov\/#breadcrumb\"},\"inLanguage\":\"sk-SK\",\"potentialAction\":[{\"@type\":\"ReadAction\",\"target\":[\"https:\/\/www.welovecycling.com\/sk\/2023\/08\/10\/tip-na-vylet-ako-si-uzit-okolie-skoda-horal-mtb-maratonu-aj-mimo-pretekov\/\"]}]},{\"@type\":\"ImageObject\",\"inLanguage\":\"sk-SK\",\"@id\":\"https:\/\/www.welovecycling.com\/sk\/2023\/08\/10\/tip-na-vylet-ako-si-uzit-okolie-skoda-horal-mtb-maratonu-aj-mimo-pretekov\/#primaryimage\",\"url\":\"https:\/\/d2p6e6u75xmxt8.cloudfront.net\/4\/2023\/08\/titulka-1.webp\",\"contentUrl\":\"https:\/\/d2p6e6u75xmxt8.cloudfront.net\/4\/2023\/08\/titulka-1.webp\",\"width\":990,\"height\":660},{\"@type\":\"BreadcrumbList\",\"@id\":\"https:\/\/www.welovecycling.com\/sk\/2023\/08\/10\/tip-na-vylet-ako-si-uzit-okolie-skoda-horal-mtb-maratonu-aj-mimo-pretekov\/#breadcrumb\",\"itemListElement\":[{\"@type\":\"ListItem\",\"position\":1,\"name\":\"Home\",\"item\":\"https:\/\/www.welovecycling.com\/sk\/\"},{\"@type\":\"ListItem\",\"position\":2,\"name\":\"Tip na v\u00fdlet: Ako si u\u017ei\u0165 okolie \u0160KODA Horal MTB marat\u00f3nu aj mimo pretekov?\"}]},{\"@type\":\"WebSite\",\"@id\":\"https:\/\/www.welovecycling.com\/sk\/#website\",\"url\":\"https:\/\/www.welovecycling.com\/sk\/\",\"name\":\"\u0160koda We Love Cycling Slovensko\",\"description\":\"\u0160koda We Love Cycling Slovensko je v\u00e1\u0161 ka\u017edodenn\u00fd zdroj noviniek a in\u0161pir\u00e1cie z sveta cyklistiky\",\"potentialAction\":[{\"@type\":\"SearchAction\",\"target\":{\"@type\":\"EntryPoint\",\"urlTemplate\":\"https:\/\/www.welovecycling.com\/sk\/?s={search_term_string}\"},\"query-input\":{\"@type\":\"PropertyValueSpecification\",\"valueRequired\":true,\"valueName\":\"search_term_string\"}}],\"inLanguage\":\"sk-SK\"},{\"@type\":\"Person\",\"@id\":\"https:\/\/www.welovecycling.com\/sk\/#\/schema\/person\/533b62b98b6c41bd5135ebfb1f742624\",\"name\":\"dominika\",\"image\":{\"@type\":\"ImageObject\",\"inLanguage\":\"sk-SK\",\"@id\":\"https:\/\/www.welovecycling.com\/sk\/#\/schema\/person\/image\/\",\"url\":\"https:\/\/secure.gravatar.com\/avatar\/ded6f274ba2ec3e17fff153f7d9d96a4b33c2cb63907f75d9a5309c599a7f3e6?s=96&d=mm&r=g\",\"contentUrl\":\"https:\/\/secure.gravatar.com\/avatar\/ded6f274ba2ec3e17fff153f7d9d96a4b33c2cb63907f75d9a5309c599a7f3e6?s=96&d=mm&r=g\",\"caption\":\"dominika\"},\"url\":\"https:\/\/www.welovecycling.com\/sk\/author\/dominika\/\"}]}<\/script>\n<!-- \/ Yoast SEO Premium plugin. -->","yoast_head_json":{"title":"Tip na v\u00fdlet: Ako si u\u017ei\u0165 okolie \u0160KODA Horal MTB marat\u00f3nu aj mimo pretekov?","description":"Bl\u00ed\u017eiaci sa horsk\u00fd marat\u00f3n HORAL sa nach\u00e1dza v\u00a0oblasti, ktor\u00e1 m\u00e1 rozhodne \u010do pon\u00faknu\u0165, \u010di u\u017e fan\u00fa\u0161ikom horskej alebo cestnej cyklistiky.\u00a0","robots":{"index":"index","follow":"follow","max-snippet":"max-snippet:-1","max-image-preview":"max-image-preview:large","max-video-preview":"max-video-preview:-1"},"canonical":"https:\/\/www.welovecycling.com\/sk\/2023\/08\/10\/tip-na-vylet-ako-si-uzit-okolie-skoda-horal-mtb-maratonu-aj-mimo-pretekov\/","og_locale":"sk_SK","og_type":"article","og_title":"Tip na v\u00fdlet: Ako si u\u017ei\u0165 okolie \u0160KODA Horal MTB marat\u00f3nu aj mimo pretekov?","og_description":"Bl\u00ed\u017eiaci sa horsk\u00fd marat\u00f3n HORAL sa nach\u00e1dza v\u00a0oblasti, ktor\u00e1 m\u00e1 rozhodne \u010do pon\u00faknu\u0165, \u010di u\u017e fan\u00fa\u0161ikom horskej alebo cestnej cyklistiky.\u00a0","og_url":"https:\/\/www.welovecycling.com\/sk\/2023\/08\/10\/tip-na-vylet-ako-si-uzit-okolie-skoda-horal-mtb-maratonu-aj-mimo-pretekov\/","og_site_name":"\u0160koda We Love Cycling Slovensko","article_published_time":"2023-08-10T09:10:20+00:00","article_modified_time":"2023-08-10T09:59:04+00:00","og_image":[{"width":990,"height":660,"url":"https:\/\/d2p6e6u75xmxt8.cloudfront.net\/4\/2023\/08\/titulka-1.webp","type":"image\/webp"}],"author":"dominika","twitter_card":"summary_large_image","twitter_misc":{"Written by":"Erik Horv\u00e1th","Est. reading time":"5"},"schema":{"@context":"https:\/\/schema.org","@graph":[{"@type":"WebPage","@id":"https:\/\/www.welovecycling.com\/sk\/2023\/08\/10\/tip-na-vylet-ako-si-uzit-okolie-skoda-horal-mtb-maratonu-aj-mimo-pretekov\/","url":"https:\/\/www.welovecycling.com\/sk\/2023\/08\/10\/tip-na-vylet-ako-si-uzit-okolie-skoda-horal-mtb-maratonu-aj-mimo-pretekov\/","name":"Tip na v\u00fdlet: Ako si u\u017ei\u0165 okolie \u0160KODA Horal MTB marat\u00f3nu aj mimo pretekov?","isPartOf":{"@id":"https:\/\/www.welovecycling.com\/sk\/#website"},"primaryImageOfPage":{"@id":"https:\/\/www.welovecycling.com\/sk\/2023\/08\/10\/tip-na-vylet-ako-si-uzit-okolie-skoda-horal-mtb-maratonu-aj-mimo-pretekov\/#primaryimage"},"image":{"@id":"https:\/\/www.welovecycling.com\/sk\/2023\/08\/10\/tip-na-vylet-ako-si-uzit-okolie-skoda-horal-mtb-maratonu-aj-mimo-pretekov\/#primaryimage"},"thumbnailUrl":"https:\/\/d2p6e6u75xmxt8.cloudfront.net\/4\/2023\/08\/titulka-1.webp","datePublished":"2023-08-10T09:10:20+00:00","dateModified":"2023-08-10T09:59:04+00:00","author":{"@id":"https:\/\/www.welovecycling.com\/sk\/#\/schema\/person\/533b62b98b6c41bd5135ebfb1f742624"},"description":"Bl\u00ed\u017eiaci sa horsk\u00fd marat\u00f3n HORAL sa nach\u00e1dza v\u00a0oblasti, ktor\u00e1 m\u00e1 rozhodne \u010do pon\u00faknu\u0165, \u010di u\u017e fan\u00fa\u0161ikom horskej alebo cestnej cyklistiky.\u00a0","breadcrumb":{"@id":"https:\/\/www.welovecycling.com\/sk\/2023\/08\/10\/tip-na-vylet-ako-si-uzit-okolie-skoda-horal-mtb-maratonu-aj-mimo-pretekov\/#breadcrumb"},"inLanguage":"sk-SK","potentialAction":[{"@type":"ReadAction","target":["https:\/\/www.welovecycling.com\/sk\/2023\/08\/10\/tip-na-vylet-ako-si-uzit-okolie-skoda-horal-mtb-maratonu-aj-mimo-pretekov\/"]}]},{"@type":"ImageObject","inLanguage":"sk-SK","@id":"https:\/\/www.welovecycling.com\/sk\/2023\/08\/10\/tip-na-vylet-ako-si-uzit-okolie-skoda-horal-mtb-maratonu-aj-mimo-pretekov\/#primaryimage","url":"https:\/\/d2p6e6u75xmxt8.cloudfront.net\/4\/2023\/08\/titulka-1.webp","contentUrl":"https:\/\/d2p6e6u75xmxt8.cloudfront.net\/4\/2023\/08\/titulka-1.webp","width":990,"height":660},{"@type":"BreadcrumbList","@id":"https:\/\/www.welovecycling.com\/sk\/2023\/08\/10\/tip-na-vylet-ako-si-uzit-okolie-skoda-horal-mtb-maratonu-aj-mimo-pretekov\/#breadcrumb","itemListElement":[{"@type":"ListItem","position":1,"name":"Home","item":"https:\/\/www.welovecycling.com\/sk\/"},{"@type":"ListItem","position":2,"name":"Tip na v\u00fdlet: Ako si u\u017ei\u0165 okolie \u0160KODA Horal MTB marat\u00f3nu aj mimo pretekov?"}]},{"@type":"WebSite","@id":"https:\/\/www.welovecycling.com\/sk\/#website","url":"https:\/\/www.welovecycling.com\/sk\/","name":"\u0160koda We Love Cycling Slovensko","description":"\u0160koda We Love Cycling Slovensko je v\u00e1\u0161 ka\u017edodenn\u00fd zdroj noviniek a in\u0161pir\u00e1cie z sveta cyklistiky","potentialAction":[{"@type":"SearchAction","target":{"@type":"EntryPoint","urlTemplate":"https:\/\/www.welovecycling.com\/sk\/?s={search_term_string}"},"query-input":{"@type":"PropertyValueSpecification","valueRequired":true,"valueName":"search_term_string"}}],"inLanguage":"sk-SK"},{"@type":"Person","@id":"https:\/\/www.welovecycling.com\/sk\/#\/schema\/person\/533b62b98b6c41bd5135ebfb1f742624","name":"dominika","image":{"@type":"ImageObject","inLanguage":"sk-SK","@id":"https:\/\/www.welovecycling.com\/sk\/#\/schema\/person\/image\/","url":"https:\/\/secure.gravatar.com\/avatar\/ded6f274ba2ec3e17fff153f7d9d96a4b33c2cb63907f75d9a5309c599a7f3e6?s=96&d=mm&r=g","contentUrl":"https:\/\/secure.gravatar.com\/avatar\/ded6f274ba2ec3e17fff153f7d9d96a4b33c2cb63907f75d9a5309c599a7f3e6?s=96&d=mm&r=g","caption":"dominika"},"url":"https:\/\/www.welovecycling.com\/sk\/author\/dominika\/"}]}},"_links":{"self":[{"href":"https:\/\/www.welovecycling.com\/sk\/wp-json\/wp\/v2\/posts\/18025","targetHints":{"allow":["GET"]}}],"collection":[{"href":"https:\/\/www.welovecycling.com\/sk\/wp-json\/wp\/v2\/posts"}],"about":[{"href":"https:\/\/www.welovecycling.com\/sk\/wp-json\/wp\/v2\/types\/post"}],"author":[{"embeddable":true,"href":"https:\/\/www.welovecycling.com\/sk\/wp-json\/wp\/v2\/users\/172"}],"replies":[{"embeddable":true,"href":"https:\/\/www.welovecycling.com\/sk\/wp-json\/wp\/v2\/comments?post=18025"}],"version-history":[{"count":14,"href":"https:\/\/www.welovecycling.com\/sk\/wp-json\/wp\/v2\/posts\/18025\/revisions"}],"predecessor-version":[{"id":18051,"href":"https:\/\/www.welovecycling.com\/sk\/wp-json\/wp\/v2\/posts\/18025\/revisions\/18051"}],"wp:featuredmedia":[{"embeddable":true,"href":"https:\/\/www.welovecycling.com\/sk\/wp-json\/wp\/v2\/media\/18040"}],"wp:attachment":[{"href":"https:\/\/www.welovecycling.com\/sk\/wp-json\/wp\/v2\/media?parent=18025"}],"wp:term":[{"taxonomy":"category","embeddable":true,"href":"https:\/\/www.welovecycling.com\/sk\/wp-json\/wp\/v2\/categories?post=18025"},{"taxonomy":"post_tag","embeddable":true,"href":"https:\/\/www.welovecycling.com\/sk\/wp-json\/wp\/v2\/tags?post=18025"},{"taxonomy":"global-categories","embeddable":true,"href":"https:\/\/www.welovecycling.com\/sk\/wp-json\/wp\/v2\/global-categories?post=18025"}],"curies":[{"name":"wp","href":"https:\/\/api.w.org\/{rel}","templated":true}]}}