{"id":18008,"date":"2023-08-08T11:26:37","date_gmt":"2023-08-08T09:26:37","guid":{"rendered":"https:\/\/www.welovecycling.com\/sk\/?p=18008"},"modified":"2023-08-08T11:26:37","modified_gmt":"2023-08-08T09:26:37","slug":"planujeme-rodinny-vylet-na-bicykli","status":"publish","type":"post","link":"https:\/\/www.welovecycling.com\/sk\/2023\/08\/08\/planujeme-rodinny-vylet-na-bicykli\/","title":{"rendered":"Pl\u00e1nujeme rodinn\u00fd v\u00fdlet na bicykli"},"content":{"rendered":"<p><strong>Bicyklovanie je \u00fa\u017easn\u00e1 rodinn\u00e1 aktivita, ktor\u00e1 m\u00e1 mno\u017estvo benefitov. Okrem toho fyzick\u00e9ho je to ur\u010dite spolo\u010dne str\u00e1ven\u00fd \u010das, objavovanie nov\u00fdch miest,\u00a0 u\u017e\u00edvanie si pr\u00edrody, \u010di\u00a0 zbieranie\u00a0 rodinn\u00fdch\u00a0 z\u00e1\u017eitkov.<\/strong><!--more--><\/p>\n<p><span style=\"font-weight: 400;\">Pl\u00e1novanie spolo\u010dn\u00e9ho v\u00fdletu na bicykli si m\u00f4\u017ee vy\u017eadova\u0165 trochu \u00fasilia, hlavne pre rodi\u010da,<strong> ale odmena je ist\u00e1- od spolo\u010dn\u00e9ho smiechu a\u017e po pocit z \u00faspechu na konci jazdy si vytvor\u00edte spomienky, na ktor\u00e9 budete s rados\u0165ou a l\u00e1skou spom\u00edna\u0165 roky.<\/strong> <\/span><span style=\"font-weight: 400;\">Ak ste si pr\u00e1ve polo\u017eili ot\u00e1zku, ako napl\u00e1nova\u0165 v\u00fdlet, ak s\u00fa deck\u00e1 r\u00f4znych vekov\u00fdch kateg\u00f3ri\u00ed a v\u00fdkonnostn\u00fdch zru\u010dnost\u00ed, bu\u010fte bez ob\u00e1v, s tro\u0161kou pl\u00e1novania a mal\u00fdmi kompromismi zvl\u00e1dnete aj tento aspekt a zaru\u010dene sa bud\u00fa bavi\u0165 v\u0161etci rovnako.\u00a0<\/span><\/p>\n<p><img loading=\"lazy\" decoding=\"async\" class=\"alignnone size-full wp-image-18010\" src=\"https:\/\/d2p6e6u75xmxt8.cloudfront.net\/4\/2023\/08\/deti-5.webp\" alt=\"\" width=\"990\" height=\"660\" srcset=\"https:\/\/d2p6e6u75xmxt8.cloudfront.net\/4\/2023\/08\/deti-5.webp 990w, https:\/\/d2p6e6u75xmxt8.cloudfront.net\/4\/2023\/08\/deti-5-300x200.webp 300w, https:\/\/d2p6e6u75xmxt8.cloudfront.net\/4\/2023\/08\/deti-5-768x512.webp 768w, https:\/\/d2p6e6u75xmxt8.cloudfront.net\/4\/2023\/08\/deti-5-400x267.webp 400w, https:\/\/d2p6e6u75xmxt8.cloudfront.net\/4\/2023\/08\/deti-5-272x182.webp 272w\" sizes=\"auto, (max-width: 990px) 100vw, 990px\" \/><\/p>\n<h2><b>Spr\u00e1vna cyklo v\u00fdbava\u00a0 pre ka\u017ed\u00e9ho\u00a0<\/b><\/h2>\n<p><span style=\"font-weight: 400;\"><strong>Prv\u00fdm krokom k \u00faspechu je v\u00fdbava, bez oh\u013eadu na vek a zru\u010dnosti by v\u0161etky deti mali ma\u0165 vhodn\u00e9 vybavenie.<\/strong> Dnes u\u017e viete do rodinn\u00fdch v\u00fdletov zapoji\u0165 aj tie najmen\u0161ie b\u00e1b\u00e4tk\u00e1, ktor\u00e9 sa pomocou cyklovoz\u00edka bud\u00fa s cyklistikou zoznamova\u0165 takmer od narodenia. Pre v\u00e4\u010d\u0161ie a zvedavej\u0161ie deti\u010dky je na v\u00fdber mno\u017estvo cykloseda\u010diek alebo \u201esed\u00e1tok\u201d. <\/span><\/p>\n<p><span style=\"font-weight: 400;\">Ako v\u00e1m bud\u00fa deck\u00e1 r\u00e1s\u0165, postupne bud\u00fa ma\u0165 z\u00e1ujem o individu\u00e1lne jazdenie. <strong>V\u00fdborn\u00fdm pomocn\u00edkom a predchodcom prv\u00e9ho bicykla je balan\u010dn\u00fd bicykel &#8211;\u00a0 odr\u00e1\u017eadlo.\u00a0<\/strong> Ak u\u017e die\u0165a zvl\u00e1da prv\u00fd bicykel,\u00a0 uistite sa, \u017ee je spr\u00e1vnej ve\u013ekosti, n\u00edzkej hmotnosti, vhodnej geometrie a ob\u013e\u00fabenej farby va\u0161ej ratolesti. :). Ve\u013ek\u00fdm pomocn\u00edkom je \u0161peci\u00e1lne cyklo lano, ktor\u00fdm viete\u00a0 deti potiahnu\u0165 aj do kopca. Nezab\u00fadajte na bezpe\u010dnos\u0165, alfa omega ka\u017ed\u00e9ho v\u00fdjazdu pre mal\u00e9ho bikera je kvalitn\u00e1\u00a0 prilba.\u00a0<\/span><\/p>\n<p><img loading=\"lazy\" decoding=\"async\" class=\"alignnone size-full wp-image-18011\" src=\"https:\/\/d2p6e6u75xmxt8.cloudfront.net\/4\/2023\/08\/02b.webp\" alt=\"\" width=\"990\" height=\"660\" srcset=\"https:\/\/d2p6e6u75xmxt8.cloudfront.net\/4\/2023\/08\/02b.webp 990w, https:\/\/d2p6e6u75xmxt8.cloudfront.net\/4\/2023\/08\/02b-300x200.webp 300w, https:\/\/d2p6e6u75xmxt8.cloudfront.net\/4\/2023\/08\/02b-768x512.webp 768w, https:\/\/d2p6e6u75xmxt8.cloudfront.net\/4\/2023\/08\/02b-400x267.webp 400w, https:\/\/d2p6e6u75xmxt8.cloudfront.net\/4\/2023\/08\/02b-272x182.webp 272w\" sizes=\"auto, (max-width: 990px) 100vw, 990px\" \/><\/p>\n<h2><b>S mapou, \u010di cyklo apkou vyber\u00e1me vhodn\u00e9 trasy\u00a0<\/b><\/h2>\n<p><span style=\"font-weight: 400;\"><strong>Pri v\u00fdbere trasy by ste mali zoh\u013ead\u0148ova\u0165 schopnosti v\u0161etk\u00fdch \u010dlenov skupiny, prim\u00e1rne najmenej sk\u00fasen\u00e9ho cyklistu.<\/strong> Vyberte si trasu, ktor\u00e1 nebude pr\u00edli\u0161 n\u00e1ro\u010dn\u00e1, povedie cestami s minim\u00e1lnou, v ide\u00e1lnom pr\u00edpade \u017eiadnou prem\u00e1vku a bude pon\u00faka\u0165 dostatok zast\u00e1vok na oddych, ob\u010derstvenie alebo kr\u00e1tku z\u00e1bavu pre deti. <\/span><\/p>\n<p><span style=\"font-weight: 400;\"><strong>Pre jazdu s najmen\u0161\u00edmi alebo za\u010d\u00ednaj\u00facimi cyklistami odpor\u00fa\u010dame trasy, ktor\u00e9 ved\u00fa cyklochodn\u00edkmi, kde m\u00e1te istotu vyl\u00fa\u010denej dopravy.<\/strong> Ak si vyber\u00e1te nov\u00e9, nezn\u00e1me trasy, odpor\u00fa\u010dame pribali\u0165 si mapu alebo napl\u00e1nova\u0165 trasu v aplik\u00e1cii.\u00a0<\/span><\/p>\n<h2><b>Zast\u00e1vky na z\u00e1bavky\u00a0<\/b><\/h2>\n<p><span style=\"font-weight: 400;\"><strong>Deti nebav\u00ed monot\u00f3nne bicyklovanie, nepo\u010d\u00edtaj\u00fa prejden\u00e9 kilometre ani v\u00fd\u0161kov\u00e9 metre. <\/strong>Po\u010das bicyklovania na trase mnohokr\u00e1t ocenia viac ako samotn\u00e9 bicyklovanie r\u00f4zne zauj\u00edmav\u00e9 zast\u00e1vky, ktor\u00e9 im spr\u00edjemnia v\u00fdlet. <\/span><\/p>\n<p><span style=\"font-weight: 400;\">Cestou poh\u013eadajte r\u00f4zne atraktivity ako s\u00fa detsk\u00e9 ihrisk\u00e1, oddychov\u00e9 z\u00f3ny, zvieratk\u00e1, jazierka, vyhliadky, pumptracky, \u010di bufety a zmrzlinu. <strong>Napl\u00e1nujte si \u010dast\u00e9 prest\u00e1vky na oddych a objavovanie okolia. <\/strong>Pr\u00e1ve tieto intervaly poskytn\u00fa de\u0165om \u010das na hranie a z\u00e1bavu a v\u00e1m \u010das na kr\u00e1tky oddych :).\u00a0<\/span><\/p>\n<div id='gallery-1' class='gallery galleryid-18008 gallery-columns-2 gallery-size-full'><figure class='gallery-item'>\n\t\t\t<div class='gallery-icon portrait'>\n\t\t\t\t<a href='https:\/\/d2p6e6u75xmxt8.cloudfront.net\/4\/2023\/08\/deti-7.webp'><img loading=\"lazy\" decoding=\"async\" width=\"990\" height=\"1320\" src=\"https:\/\/d2p6e6u75xmxt8.cloudfront.net\/4\/2023\/08\/deti-7.webp\" class=\"attachment-full size-full\" alt=\"\" srcset=\"https:\/\/d2p6e6u75xmxt8.cloudfront.net\/4\/2023\/08\/deti-7.webp 990w, https:\/\/d2p6e6u75xmxt8.cloudfront.net\/4\/2023\/08\/deti-7-225x300.webp 225w, https:\/\/d2p6e6u75xmxt8.cloudfront.net\/4\/2023\/08\/deti-7-768x1024.webp 768w, https:\/\/d2p6e6u75xmxt8.cloudfront.net\/4\/2023\/08\/deti-7-300x400.webp 300w\" sizes=\"auto, (max-width: 990px) 100vw, 990px\" \/><\/a>\n\t\t\t<\/div><\/figure><figure class='gallery-item'>\n\t\t\t<div class='gallery-icon portrait'>\n\t\t\t\t<a href='https:\/\/d2p6e6u75xmxt8.cloudfront.net\/4\/2023\/08\/01b.webp'><img loading=\"lazy\" decoding=\"async\" width=\"990\" height=\"1320\" src=\"https:\/\/d2p6e6u75xmxt8.cloudfront.net\/4\/2023\/08\/01b.webp\" class=\"attachment-full size-full\" alt=\"\" srcset=\"https:\/\/d2p6e6u75xmxt8.cloudfront.net\/4\/2023\/08\/01b.webp 990w, https:\/\/d2p6e6u75xmxt8.cloudfront.net\/4\/2023\/08\/01b-225x300.webp 225w, https:\/\/d2p6e6u75xmxt8.cloudfront.net\/4\/2023\/08\/01b-768x1024.webp 768w, https:\/\/d2p6e6u75xmxt8.cloudfront.net\/4\/2023\/08\/01b-300x400.webp 300w\" sizes=\"auto, (max-width: 990px) 100vw, 990px\" \/><\/a>\n\t\t\t<\/div><\/figure>\n\t\t<\/div>\n\n<h2><b>\u010cas na piknik\u00a0\u00a0<\/b><\/h2>\n<p><span style=\"font-weight: 400;\">Dostatok jedla a tekut\u00edn je pri v\u00fdjazdoch s de\u0165mi priam \u017eivotne d\u00f4le\u017eit\u00fd.\u00a0 <strong>Deti maj\u00fa tendenciu ve\u013emi r\u00fdchlo vyhladn\u00fa\u0165 a strati\u0165 nielen energiu na ped\u00e1lovanie, ale aj chu\u0165\u00a0 pokra\u010dova\u0165 vo v\u00fdlete.<\/strong> Pripravte si obedov\u00fd bal\u00ed\u010dek s ob\u013e\u00faben\u00fdm\u00a0 jedlom, k\u00fasky \u010derstv\u00e9ho a su\u0161en\u00e9ho ovocia, ob\u013e\u00faben\u00e9 sladkosti a deti po\u010das v\u00fdjazdu pravidelne pon\u00fakajte drobnos\u0165ami. Pri dlh\u0161\u00edch v\u00fdjazdoch si n\u00e1jdite pekn\u00e9 miesto, kde si sprav\u00edte rodinn\u00fd piknik a spolu si vychutn\u00e1te obed v pr\u00edrode.\u00a0<\/span><\/p>\n<h2><b>Neexistuje zl\u00e9 po\u010dasie,\u00a0 len zle oble\u010den\u00fd cyklista\u00a0<\/b><\/h2>\n<p><span style=\"font-weight: 400;\">E\u0161te pred cestou si poriadne pozrite predpove\u010f po\u010dasia, ide\u00e1lne na viacer\u00fdch meteo port\u00e1loch, a to ist\u00e9 u\u010dte postupne aj deti. Poveternostn\u00fdm podmienkam prisp\u00f4sobte jednotliv\u00e9 vrstvy oble\u010denia a pre deti majte pripraven\u00fd aj cel\u00fd n\u00e1hradn\u00fd set such\u00e9ho oble\u010denia. <strong>Bez oh\u013eadu na predpove\u010f po\u010dasia majte v\u017edy zbalen\u00e9 pr\u0161ipl\u00e1\u0161te, ak by v\u00e1s prekvapil ne\u010dakan\u00fd d\u00e1\u017e\u010f.<\/strong>\u00a0 Mali\u010dk\u00fd batoh so z\u00e1kladn\u00fdmi vecami pripravte aj de\u0165om.\u00a0<\/span><\/p>\n<div id='gallery-2' class='gallery galleryid-18008 gallery-columns-2 gallery-size-full'><figure class='gallery-item'>\n\t\t\t<div class='gallery-icon landscape'>\n\t\t\t\t<a href='https:\/\/d2p6e6u75xmxt8.cloudfront.net\/4\/2023\/08\/deti-1.webp'><img loading=\"lazy\" decoding=\"async\" width=\"990\" height=\"660\" src=\"https:\/\/d2p6e6u75xmxt8.cloudfront.net\/4\/2023\/08\/deti-1.webp\" class=\"attachment-full size-full\" alt=\"\" srcset=\"https:\/\/d2p6e6u75xmxt8.cloudfront.net\/4\/2023\/08\/deti-1.webp 990w, https:\/\/d2p6e6u75xmxt8.cloudfront.net\/4\/2023\/08\/deti-1-300x200.webp 300w, https:\/\/d2p6e6u75xmxt8.cloudfront.net\/4\/2023\/08\/deti-1-768x512.webp 768w, https:\/\/d2p6e6u75xmxt8.cloudfront.net\/4\/2023\/08\/deti-1-400x267.webp 400w, https:\/\/d2p6e6u75xmxt8.cloudfront.net\/4\/2023\/08\/deti-1-272x182.webp 272w\" sizes=\"auto, (max-width: 990px) 100vw, 990px\" \/><\/a>\n\t\t\t<\/div><\/figure><figure class='gallery-item'>\n\t\t\t<div class='gallery-icon landscape'>\n\t\t\t\t<a href='https:\/\/d2p6e6u75xmxt8.cloudfront.net\/4\/2023\/08\/deti-2.webp'><img loading=\"lazy\" decoding=\"async\" width=\"990\" height=\"660\" src=\"https:\/\/d2p6e6u75xmxt8.cloudfront.net\/4\/2023\/08\/deti-2.webp\" class=\"attachment-full size-full\" alt=\"\" srcset=\"https:\/\/d2p6e6u75xmxt8.cloudfront.net\/4\/2023\/08\/deti-2.webp 990w, https:\/\/d2p6e6u75xmxt8.cloudfront.net\/4\/2023\/08\/deti-2-300x200.webp 300w, https:\/\/d2p6e6u75xmxt8.cloudfront.net\/4\/2023\/08\/deti-2-768x512.webp 768w, https:\/\/d2p6e6u75xmxt8.cloudfront.net\/4\/2023\/08\/deti-2-400x267.webp 400w, https:\/\/d2p6e6u75xmxt8.cloudfront.net\/4\/2023\/08\/deti-2-272x182.webp 272w\" sizes=\"auto, (max-width: 990px) 100vw, 990px\" \/><\/a>\n\t\t\t<\/div><\/figure>\n\t\t<\/div>\n\n<h2><b>\u0160port hrou\u00a0<\/b><\/h2>\n<p><span style=\"font-weight: 400;\">V\u0161etci miluj\u00fa hry, deti obzvl\u00e1\u0161\u0165. To je d\u00f4vod, pre\u010do by\u0165 kreat\u00edvny a\u00a0 do svojich cyklo v\u00fdletov za\u010dleni\u0165 jednoduch\u00e9 hry a s\u00fa\u0165a\u017ee, ktor\u00e9 bud\u00fa z\u00e1bavn\u00e9 pre v\u0161etk\u00fdch.\u00a0 <strong>V\u00fdborn\u00e1 aktivita je\u00a0 tzv \u201epo\u013eova\u010dka\u201d, pri ktorej deti po\u010das jazdy h\u013eadaj\u00fa ur\u010dit\u00e9 orienta\u010dn\u00e9 body alebo predmety.<\/strong> Mini s\u00fa\u0165a\u017ee alebo priate\u013esk\u00e9 preteky s\u00fa taktie\u017e pr\u00edjemn\u00fdm spestren\u00edm v\u00fdletu, kde sa ka\u017ed\u00fd sna\u017e\u00ed prekona\u0165 s\u00e1m seba. Povzbudzujte sa navz\u00e1jom a nezab\u00fadajte na pochvalu aj\u00a0 pri mali\u010dk\u00fdch \u00faspechoch.\u00a0<\/span><\/p>\n<h2><b>Hlavne bezpe\u010dne\u00a0<\/b><\/h2>\n<p><span style=\"font-weight: 400;\">Najv\u00e4\u010d\u0161\u00edm \u00faspechom ka\u017ed\u00e9ho v\u00fdletu je, ak sa v\u0161etci vr\u00e1tia domov zdrav\u00ed.<strong>\u00a0 Nepodce\u0148ujte bezpe\u010dnos\u0165. Pri v\u00fdletoch s de\u0165mi by mala by\u0165 najvy\u0161\u0161ou prioritou, a preto\u00a0 sk\u00f4r, ako vyraz\u00edte, uistite sa, \u017ee v\u0161etci maj\u00fa spr\u00e1vne nasaden\u00fa cyklistick\u00fa prilbu.<\/strong> Rozpr\u00e1vajte sa s de\u0165mi o bezpe\u010dnosti na cest\u00e1ch, u\u010dte ich dopravn\u00e9 a cyklozna\u010dky, ako spr\u00e1vne signalizova\u0165, ako aj o d\u00f4le\u017eitosti zosta\u0165 spolu ako skupina, \u010di o tom, \u010do robi\u0165 v pr\u00edpade n\u00fadze. Mal\u00e1 lek\u00e1rni\u010dka by nemala ch\u00fdba\u0165 v batohu\u00a0 na \u017eiadnom cyklo v\u00fdlete.\u00a0<\/span><\/p>\n<p><img loading=\"lazy\" decoding=\"async\" class=\"alignnone size-full wp-image-18017\" src=\"https:\/\/d2p6e6u75xmxt8.cloudfront.net\/4\/2023\/08\/deti-3.webp\" alt=\"\" width=\"990\" height=\"660\" srcset=\"https:\/\/d2p6e6u75xmxt8.cloudfront.net\/4\/2023\/08\/deti-3.webp 990w, https:\/\/d2p6e6u75xmxt8.cloudfront.net\/4\/2023\/08\/deti-3-300x200.webp 300w, https:\/\/d2p6e6u75xmxt8.cloudfront.net\/4\/2023\/08\/deti-3-768x512.webp 768w, https:\/\/d2p6e6u75xmxt8.cloudfront.net\/4\/2023\/08\/deti-3-400x267.webp 400w, https:\/\/d2p6e6u75xmxt8.cloudfront.net\/4\/2023\/08\/deti-3-272x182.webp 272w\" sizes=\"auto, (max-width: 990px) 100vw, 990px\" \/><\/p>\n<h2><b>Bavte sa cyklistikou\u00a0<\/b><\/h2>\n<p><span style=\"font-weight: 400;\"><strong>K\u013e\u00fa\u010dom k tomu, aby bola cyklistika z\u00e1bavou pre v\u0161etk\u00fdch, je by\u0165 trpezliv\u00fd, flexibiln\u00fd a kreat\u00edvny rodi\u010d.<\/strong> Ka\u017ed\u00e9 die\u0165a je jedine\u010dn\u00e9 a v rozli\u010dnom veku je v inej f\u00e1ze svojej \u201ecyklo cesty\u201d. Va\u0161\u00edm spolo\u010dn\u00fdm cie\u013eom by mal by\u0165 postupn\u00fd cyklo- pokrok pri dostato\u010dnej d\u00e1vke z\u00e1bavy. Nezabudnite si nabi\u0165 svoje smartf\u00f3ny a doprajte si \u010das na foto\/video dokument\u00e1ciu. <\/span><\/p>\n<p><span style=\"font-weight: 400;\">T\u00e1 v\u00e1m bude o p\u00e1r rokov\u00a0 pripom\u00edna\u0165 nezabudnute\u013en\u00e9 z\u00e1\u017eitky a spolo\u010dn\u00e9 dobrodru\u017estv\u00e1.<strong> Za\u010dnite teda pl\u00e1nova\u0165 a zabezpe\u010dte, aby bolo va\u0161e rodinn\u00e9 cyklistick\u00e9 dobrodru\u017estvo naplnen\u00e9 rados\u0165ou.<\/strong> \u0160\u0165astn\u00fa cyklistiku!<\/span><\/p>\n<p>zdroj foto: arch\u00edv autorky, Peter Regec, Lenka Imrichov\u00e1<\/p>\n","protected":false},"excerpt":{"rendered":"<p>Bicyklovanie je \u00fa\u017easn\u00e1 rodinn\u00e1 aktivita, ktor\u00e1 m\u00e1 mno\u017estvo benefitov. Okrem toho fyzick\u00e9ho je to ur\u010dite spolo\u010dne str\u00e1ven\u00fd \u010das, objavovanie nov\u00fdch [&hellip;]<\/p>\n","protected":false},"author":172,"featured_media":18009,"comment_status":"open","ping_status":"open","sticky":false,"template":"","format":"standard","meta":{"footnotes":""},"categories":[191],"tags":[62,559,619,115,597,546,507,53,1386,180,767,1533,509,1540,508,183],"global-categories":[1074],"class_list":["post-18008","post","type-post","status-publish","format-standard","has-post-thumbnail","hentry","category-odporucame","tag-bezpecnost","tag-bicykel","tag-bicyklovanie","tag-cestna-cyklistika","tag-cyklista","tag-cyklistika","tag-cyklorodinka","tag-deti","tag-deti-na-bicykli","tag-horska-cyklistika","tag-motivacia","tag-priroda","tag-rodina","tag-tip","tag-vylet","tag-zabava","global-categories-cycling"],"yoast_head":"<!-- This site is optimized with the Yoast SEO Premium plugin v25.3 (Yoast SEO v25.9) - https:\/\/yoast.com\/wordpress\/plugins\/seo\/ -->\n<title>Pl\u00e1nujeme rodinn\u00fd v\u00fdlet na bicykli - \u0160koda We Love Cycling Slovensko<\/title>\n<meta name=\"description\" content=\"Bicyklovanie je \u00fa\u017easn\u00e1 rodinn\u00e1 aktivita, ktor\u00e1 m\u00e1 mno\u017estvo benefitov, okrem toho fyzick\u00e9ho je to ur\u010dite spolo\u010dne str\u00e1ven\u00fd \u010das.\" \/>\n<meta name=\"robots\" content=\"index, follow, max-snippet:-1, max-image-preview:large, max-video-preview:-1\" \/>\n<link rel=\"canonical\" href=\"https:\/\/www.welovecycling.com\/sk\/2023\/08\/08\/planujeme-rodinny-vylet-na-bicykli\/\" \/>\n<meta property=\"og:locale\" content=\"sk_SK\" \/>\n<meta property=\"og:type\" content=\"article\" \/>\n<meta property=\"og:title\" content=\"Pl\u00e1nujeme rodinn\u00fd v\u00fdlet na bicykli\" \/>\n<meta property=\"og:description\" content=\"Bicyklovanie je \u00fa\u017easn\u00e1 rodinn\u00e1 aktivita, ktor\u00e1 m\u00e1 mno\u017estvo benefitov, okrem toho fyzick\u00e9ho je to ur\u010dite spolo\u010dne str\u00e1ven\u00fd \u010das.\" \/>\n<meta property=\"og:url\" content=\"https:\/\/www.welovecycling.com\/sk\/2023\/08\/08\/planujeme-rodinny-vylet-na-bicykli\/\" \/>\n<meta property=\"og:site_name\" content=\"\u0160koda We Love Cycling Slovensko\" \/>\n<meta property=\"article:published_time\" content=\"2023-08-08T09:26:37+00:00\" \/>\n<meta property=\"og:image\" content=\"https:\/\/d2p6e6u75xmxt8.cloudfront.net\/4\/2023\/08\/03b.webp\" \/>\n\t<meta property=\"og:image:width\" content=\"990\" \/>\n\t<meta property=\"og:image:height\" content=\"660\" \/>\n\t<meta property=\"og:image:type\" content=\"image\/webp\" \/>\n<meta name=\"author\" content=\"dominika\" \/>\n<meta name=\"twitter:card\" content=\"summary_large_image\" \/>\n<meta name=\"twitter:label1\" content=\"Written by\" \/>\n\t<meta name=\"twitter:data1\" content=\"Katar\u00edna Vasil\u010din Gre\u0161ov\u00e1\" \/>\n\t<meta name=\"twitter:label2\" content=\"Est. reading time\" \/>\n\t<meta name=\"twitter:data2\" content=\"4\" \/>\n<script type=\"application\/ld+json\" class=\"yoast-schema-graph\">{\"@context\":\"https:\/\/schema.org\",\"@graph\":[{\"@type\":\"WebPage\",\"@id\":\"https:\/\/www.welovecycling.com\/sk\/2023\/08\/08\/planujeme-rodinny-vylet-na-bicykli\/\",\"url\":\"https:\/\/www.welovecycling.com\/sk\/2023\/08\/08\/planujeme-rodinny-vylet-na-bicykli\/\",\"name\":\"Pl\u00e1nujeme rodinn\u00fd v\u00fdlet na bicykli - \u0160koda We Love Cycling Slovensko\",\"isPartOf\":{\"@id\":\"https:\/\/www.welovecycling.com\/sk\/#website\"},\"primaryImageOfPage\":{\"@id\":\"https:\/\/www.welovecycling.com\/sk\/2023\/08\/08\/planujeme-rodinny-vylet-na-bicykli\/#primaryimage\"},\"image\":{\"@id\":\"https:\/\/www.welovecycling.com\/sk\/2023\/08\/08\/planujeme-rodinny-vylet-na-bicykli\/#primaryimage\"},\"thumbnailUrl\":\"https:\/\/d2p6e6u75xmxt8.cloudfront.net\/4\/2023\/08\/03b.webp\",\"datePublished\":\"2023-08-08T09:26:37+00:00\",\"author\":{\"@id\":\"https:\/\/www.welovecycling.com\/sk\/#\/schema\/person\/533b62b98b6c41bd5135ebfb1f742624\"},\"description\":\"Bicyklovanie je \u00fa\u017easn\u00e1 rodinn\u00e1 aktivita, ktor\u00e1 m\u00e1 mno\u017estvo benefitov, okrem toho fyzick\u00e9ho je to ur\u010dite spolo\u010dne str\u00e1ven\u00fd \u010das.\",\"breadcrumb\":{\"@id\":\"https:\/\/www.welovecycling.com\/sk\/2023\/08\/08\/planujeme-rodinny-vylet-na-bicykli\/#breadcrumb\"},\"inLanguage\":\"sk-SK\",\"potentialAction\":[{\"@type\":\"ReadAction\",\"target\":[\"https:\/\/www.welovecycling.com\/sk\/2023\/08\/08\/planujeme-rodinny-vylet-na-bicykli\/\"]}]},{\"@type\":\"ImageObject\",\"inLanguage\":\"sk-SK\",\"@id\":\"https:\/\/www.welovecycling.com\/sk\/2023\/08\/08\/planujeme-rodinny-vylet-na-bicykli\/#primaryimage\",\"url\":\"https:\/\/d2p6e6u75xmxt8.cloudfront.net\/4\/2023\/08\/03b.webp\",\"contentUrl\":\"https:\/\/d2p6e6u75xmxt8.cloudfront.net\/4\/2023\/08\/03b.webp\",\"width\":990,\"height\":660},{\"@type\":\"BreadcrumbList\",\"@id\":\"https:\/\/www.welovecycling.com\/sk\/2023\/08\/08\/planujeme-rodinny-vylet-na-bicykli\/#breadcrumb\",\"itemListElement\":[{\"@type\":\"ListItem\",\"position\":1,\"name\":\"Home\",\"item\":\"https:\/\/www.welovecycling.com\/sk\/\"},{\"@type\":\"ListItem\",\"position\":2,\"name\":\"Pl\u00e1nujeme rodinn\u00fd v\u00fdlet na bicykli\"}]},{\"@type\":\"WebSite\",\"@id\":\"https:\/\/www.welovecycling.com\/sk\/#website\",\"url\":\"https:\/\/www.welovecycling.com\/sk\/\",\"name\":\"\u0160koda We Love Cycling Slovensko\",\"description\":\"\u0160koda We Love Cycling Slovensko je v\u00e1\u0161 ka\u017edodenn\u00fd zdroj noviniek a in\u0161pir\u00e1cie z sveta cyklistiky\",\"potentialAction\":[{\"@type\":\"SearchAction\",\"target\":{\"@type\":\"EntryPoint\",\"urlTemplate\":\"https:\/\/www.welovecycling.com\/sk\/?s={search_term_string}\"},\"query-input\":{\"@type\":\"PropertyValueSpecification\",\"valueRequired\":true,\"valueName\":\"search_term_string\"}}],\"inLanguage\":\"sk-SK\"},{\"@type\":\"Person\",\"@id\":\"https:\/\/www.welovecycling.com\/sk\/#\/schema\/person\/533b62b98b6c41bd5135ebfb1f742624\",\"name\":\"dominika\",\"image\":{\"@type\":\"ImageObject\",\"inLanguage\":\"sk-SK\",\"@id\":\"https:\/\/www.welovecycling.com\/sk\/#\/schema\/person\/image\/\",\"url\":\"https:\/\/secure.gravatar.com\/avatar\/ded6f274ba2ec3e17fff153f7d9d96a4b33c2cb63907f75d9a5309c599a7f3e6?s=96&d=mm&r=g\",\"contentUrl\":\"https:\/\/secure.gravatar.com\/avatar\/ded6f274ba2ec3e17fff153f7d9d96a4b33c2cb63907f75d9a5309c599a7f3e6?s=96&d=mm&r=g\",\"caption\":\"dominika\"},\"url\":\"https:\/\/www.welovecycling.com\/sk\/author\/dominika\/\"}]}<\/script>\n<!-- \/ Yoast SEO Premium plugin. -->","yoast_head_json":{"title":"Pl\u00e1nujeme rodinn\u00fd v\u00fdlet na bicykli - \u0160koda We Love Cycling Slovensko","description":"Bicyklovanie je \u00fa\u017easn\u00e1 rodinn\u00e1 aktivita, ktor\u00e1 m\u00e1 mno\u017estvo benefitov, okrem toho fyzick\u00e9ho je to ur\u010dite spolo\u010dne str\u00e1ven\u00fd \u010das.","robots":{"index":"index","follow":"follow","max-snippet":"max-snippet:-1","max-image-preview":"max-image-preview:large","max-video-preview":"max-video-preview:-1"},"canonical":"https:\/\/www.welovecycling.com\/sk\/2023\/08\/08\/planujeme-rodinny-vylet-na-bicykli\/","og_locale":"sk_SK","og_type":"article","og_title":"Pl\u00e1nujeme rodinn\u00fd v\u00fdlet na bicykli","og_description":"Bicyklovanie je \u00fa\u017easn\u00e1 rodinn\u00e1 aktivita, ktor\u00e1 m\u00e1 mno\u017estvo benefitov, okrem toho fyzick\u00e9ho je to ur\u010dite spolo\u010dne str\u00e1ven\u00fd \u010das.","og_url":"https:\/\/www.welovecycling.com\/sk\/2023\/08\/08\/planujeme-rodinny-vylet-na-bicykli\/","og_site_name":"\u0160koda We Love Cycling Slovensko","article_published_time":"2023-08-08T09:26:37+00:00","og_image":[{"width":990,"height":660,"url":"https:\/\/d2p6e6u75xmxt8.cloudfront.net\/4\/2023\/08\/03b.webp","type":"image\/webp"}],"author":"dominika","twitter_card":"summary_large_image","twitter_misc":{"Written by":"Katar\u00edna Vasil\u010din Gre\u0161ov\u00e1","Est. reading time":"4"},"schema":{"@context":"https:\/\/schema.org","@graph":[{"@type":"WebPage","@id":"https:\/\/www.welovecycling.com\/sk\/2023\/08\/08\/planujeme-rodinny-vylet-na-bicykli\/","url":"https:\/\/www.welovecycling.com\/sk\/2023\/08\/08\/planujeme-rodinny-vylet-na-bicykli\/","name":"Pl\u00e1nujeme rodinn\u00fd v\u00fdlet na bicykli - \u0160koda We Love Cycling Slovensko","isPartOf":{"@id":"https:\/\/www.welovecycling.com\/sk\/#website"},"primaryImageOfPage":{"@id":"https:\/\/www.welovecycling.com\/sk\/2023\/08\/08\/planujeme-rodinny-vylet-na-bicykli\/#primaryimage"},"image":{"@id":"https:\/\/www.welovecycling.com\/sk\/2023\/08\/08\/planujeme-rodinny-vylet-na-bicykli\/#primaryimage"},"thumbnailUrl":"https:\/\/d2p6e6u75xmxt8.cloudfront.net\/4\/2023\/08\/03b.webp","datePublished":"2023-08-08T09:26:37+00:00","author":{"@id":"https:\/\/www.welovecycling.com\/sk\/#\/schema\/person\/533b62b98b6c41bd5135ebfb1f742624"},"description":"Bicyklovanie je \u00fa\u017easn\u00e1 rodinn\u00e1 aktivita, ktor\u00e1 m\u00e1 mno\u017estvo benefitov, okrem toho fyzick\u00e9ho je to ur\u010dite spolo\u010dne str\u00e1ven\u00fd \u010das.","breadcrumb":{"@id":"https:\/\/www.welovecycling.com\/sk\/2023\/08\/08\/planujeme-rodinny-vylet-na-bicykli\/#breadcrumb"},"inLanguage":"sk-SK","potentialAction":[{"@type":"ReadAction","target":["https:\/\/www.welovecycling.com\/sk\/2023\/08\/08\/planujeme-rodinny-vylet-na-bicykli\/"]}]},{"@type":"ImageObject","inLanguage":"sk-SK","@id":"https:\/\/www.welovecycling.com\/sk\/2023\/08\/08\/planujeme-rodinny-vylet-na-bicykli\/#primaryimage","url":"https:\/\/d2p6e6u75xmxt8.cloudfront.net\/4\/2023\/08\/03b.webp","contentUrl":"https:\/\/d2p6e6u75xmxt8.cloudfront.net\/4\/2023\/08\/03b.webp","width":990,"height":660},{"@type":"BreadcrumbList","@id":"https:\/\/www.welovecycling.com\/sk\/2023\/08\/08\/planujeme-rodinny-vylet-na-bicykli\/#breadcrumb","itemListElement":[{"@type":"ListItem","position":1,"name":"Home","item":"https:\/\/www.welovecycling.com\/sk\/"},{"@type":"ListItem","position":2,"name":"Pl\u00e1nujeme rodinn\u00fd v\u00fdlet na bicykli"}]},{"@type":"WebSite","@id":"https:\/\/www.welovecycling.com\/sk\/#website","url":"https:\/\/www.welovecycling.com\/sk\/","name":"\u0160koda We Love Cycling Slovensko","description":"\u0160koda We Love Cycling Slovensko je v\u00e1\u0161 ka\u017edodenn\u00fd zdroj noviniek a in\u0161pir\u00e1cie z sveta cyklistiky","potentialAction":[{"@type":"SearchAction","target":{"@type":"EntryPoint","urlTemplate":"https:\/\/www.welovecycling.com\/sk\/?s={search_term_string}"},"query-input":{"@type":"PropertyValueSpecification","valueRequired":true,"valueName":"search_term_string"}}],"inLanguage":"sk-SK"},{"@type":"Person","@id":"https:\/\/www.welovecycling.com\/sk\/#\/schema\/person\/533b62b98b6c41bd5135ebfb1f742624","name":"dominika","image":{"@type":"ImageObject","inLanguage":"sk-SK","@id":"https:\/\/www.welovecycling.com\/sk\/#\/schema\/person\/image\/","url":"https:\/\/secure.gravatar.com\/avatar\/ded6f274ba2ec3e17fff153f7d9d96a4b33c2cb63907f75d9a5309c599a7f3e6?s=96&d=mm&r=g","contentUrl":"https:\/\/secure.gravatar.com\/avatar\/ded6f274ba2ec3e17fff153f7d9d96a4b33c2cb63907f75d9a5309c599a7f3e6?s=96&d=mm&r=g","caption":"dominika"},"url":"https:\/\/www.welovecycling.com\/sk\/author\/dominika\/"}]}},"_links":{"self":[{"href":"https:\/\/www.welovecycling.com\/sk\/wp-json\/wp\/v2\/posts\/18008","targetHints":{"allow":["GET"]}}],"collection":[{"href":"https:\/\/www.welovecycling.com\/sk\/wp-json\/wp\/v2\/posts"}],"about":[{"href":"https:\/\/www.welovecycling.com\/sk\/wp-json\/wp\/v2\/types\/post"}],"author":[{"embeddable":true,"href":"https:\/\/www.welovecycling.com\/sk\/wp-json\/wp\/v2\/users\/172"}],"replies":[{"embeddable":true,"href":"https:\/\/www.welovecycling.com\/sk\/wp-json\/wp\/v2\/comments?post=18008"}],"version-history":[{"count":6,"href":"https:\/\/www.welovecycling.com\/sk\/wp-json\/wp\/v2\/posts\/18008\/revisions"}],"predecessor-version":[{"id":18023,"href":"https:\/\/www.welovecycling.com\/sk\/wp-json\/wp\/v2\/posts\/18008\/revisions\/18023"}],"wp:featuredmedia":[{"embeddable":true,"href":"https:\/\/www.welovecycling.com\/sk\/wp-json\/wp\/v2\/media\/18009"}],"wp:attachment":[{"href":"https:\/\/www.welovecycling.com\/sk\/wp-json\/wp\/v2\/media?parent=18008"}],"wp:term":[{"taxonomy":"category","embeddable":true,"href":"https:\/\/www.welovecycling.com\/sk\/wp-json\/wp\/v2\/categories?post=18008"},{"taxonomy":"post_tag","embeddable":true,"href":"https:\/\/www.welovecycling.com\/sk\/wp-json\/wp\/v2\/tags?post=18008"},{"taxonomy":"global-categories","embeddable":true,"href":"https:\/\/www.welovecycling.com\/sk\/wp-json\/wp\/v2\/global-categories?post=18008"}],"curies":[{"name":"wp","href":"https:\/\/api.w.org\/{rel}","templated":true}]}}