{"id":17988,"date":"2023-08-04T10:00:55","date_gmt":"2023-08-04T08:00:55","guid":{"rendered":"https:\/\/www.welovecycling.com\/sk\/?p=17988"},"modified":"2023-08-03T09:37:45","modified_gmt":"2023-08-03T07:37:45","slug":"rozhovor-katarina-gresova-snazim-sa-motivovat-ostatnych-aby-sa-nebali-zobrat-deti-von","status":"publish","type":"post","link":"https:\/\/www.welovecycling.com\/sk\/2023\/08\/04\/rozhovor-katarina-gresova-snazim-sa-motivovat-ostatnych-aby-sa-nebali-zobrat-deti-von\/","title":{"rendered":"Rozhovor: Katar\u00edna Gre\u0161ov\u00e1 &#8211; sna\u017e\u00edm sa motivova\u0165 ostatn\u00fdch, aby sa neb\u00e1li zobra\u0165 deti von"},"content":{"rendered":"<p><strong>Katka miluje turistiku, cyklistiku a v\u00f4bec ak\u00fdko\u013evek \u0161port a pohyb na \u010derstvom vzduchu. Samozrejmos\u0165ou pre \u0148u je, \u017ee k tomu vedie aj svoje deti, a to u\u017e od \u00fatleho veku. Je ambas\u00e1dorkou \u0160KODA BIKE OPEN TOUR a z\u00fa\u010dastnila sa u\u017e nieko\u013ek\u00fdch ro\u010dn\u00edkov, na ktor\u00fdch ste ju ur\u010dite neprehliadli, preto\u017ee jazdila s cyklovoz\u00edkom.<\/strong><!--more--><\/p>\n<h4><b>Minul\u00fd rok si na \u0160koda HORAL Dejzi prekvapila svojou jazdou s\u00a0cyklovoz\u00edkom. Ako vznikol tento n\u00e1pad?<\/b><\/h4>\n<p><em><span style=\"font-weight: 400;\">P\u00f4vodne som pl\u00e1novala jazdi\u0165 v\u00a0kateg\u00f3rii Izy sama, ale pri registr\u00e1cii som n\u00e1hodou narazila na \u0161pecifik\u00e1ciu trate Daisy &#8211; <\/span><a href=\"https:\/\/www.welovecycling.com\/sk\/2023\/04\/25\/mtb-maraton-s-deckami-ten-najlepsi-napad\/\"><span style=\"font-weight: 400;\">FAMILY<\/span><\/a><span style=\"font-weight: 400;\">, kde bolo uveden\u00e9, \u017ee je vhodn\u00e1 aj pre cyklovoz\u00edk. V\u00a0duchu hesla <\/span><span style=\"font-weight: 400;\">\u201esi mama a\u00a0u\u017e nikdy nejazd\u00ed\u0161 sama\u201c<\/span><span style=\"font-weight: 400;\"> som si povedala, \u017ee beriem aj Barborku. S\u00a0cyklovoz\u00edkom sme mali nabajkovan\u00fdch p\u00e1r tis\u00edc km, tak\u017ee to pre n\u00e1s nebolo ni\u010d nezvy\u010dajn\u00e9 alebo nov\u00e9. <\/span><\/em><\/p>\n<p><em><span style=\"font-weight: 400;\">Man\u017eelovi som bleskovo ozn\u00e1mila, \u017ee beriem Barborku na MTB marat\u00f3n a\u00a0k\u00fdm sa stihol z\u00a0tejto inform\u00e1cie spam\u00e4ta\u0165, dodala som, \u017ee som n\u00e1s u\u017e aj registrovala a\u00a0uhradila \u0161tartovn\u00e9. Samozrejme, vysvetlila som mu, \u017ee je to o\u00a0z\u00e1bave, nie o\u00a0pretekan\u00ed, ako aj to, \u017ee tra\u0165 je vhodn\u00e1 pre cyklovoz\u00edky.\u00a0<\/span><\/em><\/p>\n<h4><b>Ako to vtedy ani nie dvojro\u010dn\u00e1 Barborka zvl\u00e1dala?<\/b><\/h4>\n<p><em><span style=\"font-weight: 400;\">\u00daplne bez probl\u00e9mov. P\u00e1r t\u00fd\u017ed\u0148ov pred pretekmi som ju na to za\u010dala pripravova\u0165, \u017ee teda p\u00f4jdeme spolu na MTB marat\u00f3n. Vysvetlila som jej, \u010do to MTB marat\u00f3n je, \u017ee tam bude ve\u013ea cyklistov, det\u00ed, bal\u00f3niky, ihrisko at\u010f. Dohodli sme sa, \u017ee bude chv\u00ed\u013eku sedie\u0165 vo voz\u00edku a bude v\u0161etk\u00fdch povzbudzova\u0165. <\/span><\/em><\/p>\n<p><em><span style=\"font-weight: 400;\">Nau\u010dila som ju fr\u00e1zu <\/span><span style=\"font-weight: 400;\">\u201emakaj, makaj, nefl\u00e1kaj<\/span><\/em><em style=\"font-size: 16px;\">\u201d<\/em><em>a\u00a0do voz\u00edka som jej okrem ob\u013e\u00faben\u00fdch chrumiek, vody, interaktivnych kni\u017eiek a\u00a0ply\u0161\u00e1kov dala aj mal\u00fd rapk\u00e1\u010dik na povzbudzovanie. Ako to u\u017e ale b\u00fdvalo zvykom, po od\u0161tartovan\u00ed som ju chv\u00ed\u013eku po\u010dula, no asi po 15 min\u00fatach si dala poriadneho \u0161lof\u00edka a\u00a0zobudila sa a\u017e polhodinku po dojazde do cie\u013ea.\u00a0<\/em><\/p>\n<h4><b>M\u00e1 na tieto svoje prv\u00e9 preteky v\u00a0cyklovoz\u00edku spomienky dodnes?<\/b><\/h4>\n<p><em><span style=\"font-weight: 400;\">Neviem, \u010di m\u00e1 konkr\u00e9tne spomienky, ale na z\u00e1klade fotiek vie prv\u00e9 preteky identifikova\u0165 a\u00a0najviac si pam\u00e4t\u00e1 detsk\u00fa fun z\u00f3nu a\u00a0bal\u00f3niky. <\/span><span style=\"font-weight: 400;\">\ud83d\ude0a<\/span><span style=\"font-weight: 400;\">\u00a0\u00a0\u00a0<\/span><\/em><\/p>\n<div id='gallery-1' class='gallery galleryid-17988 gallery-columns-2 gallery-size-full'><figure class='gallery-item'>\n\t\t\t<div class='gallery-icon landscape'>\n\t\t\t\t<a href='https:\/\/d2p6e6u75xmxt8.cloudfront.net\/4\/2023\/08\/01.webp'><img loading=\"lazy\" decoding=\"async\" width=\"990\" height=\"660\" src=\"https:\/\/d2p6e6u75xmxt8.cloudfront.net\/4\/2023\/08\/01.webp\" class=\"attachment-full size-full\" alt=\"\" srcset=\"https:\/\/d2p6e6u75xmxt8.cloudfront.net\/4\/2023\/08\/01.webp 990w, https:\/\/d2p6e6u75xmxt8.cloudfront.net\/4\/2023\/08\/01-300x200.webp 300w, https:\/\/d2p6e6u75xmxt8.cloudfront.net\/4\/2023\/08\/01-768x512.webp 768w, https:\/\/d2p6e6u75xmxt8.cloudfront.net\/4\/2023\/08\/01-400x267.webp 400w, https:\/\/d2p6e6u75xmxt8.cloudfront.net\/4\/2023\/08\/01-272x182.webp 272w\" sizes=\"auto, (max-width: 990px) 100vw, 990px\" \/><\/a>\n\t\t\t<\/div><\/figure><figure class='gallery-item'>\n\t\t\t<div class='gallery-icon landscape'>\n\t\t\t\t<a href='https:\/\/d2p6e6u75xmxt8.cloudfront.net\/4\/2023\/08\/02.webp'><img loading=\"lazy\" decoding=\"async\" width=\"990\" height=\"660\" src=\"https:\/\/d2p6e6u75xmxt8.cloudfront.net\/4\/2023\/08\/02.webp\" class=\"attachment-full size-full\" alt=\"\" srcset=\"https:\/\/d2p6e6u75xmxt8.cloudfront.net\/4\/2023\/08\/02.webp 990w, https:\/\/d2p6e6u75xmxt8.cloudfront.net\/4\/2023\/08\/02-300x200.webp 300w, https:\/\/d2p6e6u75xmxt8.cloudfront.net\/4\/2023\/08\/02-768x512.webp 768w, https:\/\/d2p6e6u75xmxt8.cloudfront.net\/4\/2023\/08\/02-400x267.webp 400w, https:\/\/d2p6e6u75xmxt8.cloudfront.net\/4\/2023\/08\/02-272x182.webp 272w\" sizes=\"auto, (max-width: 990px) 100vw, 990px\" \/><\/a>\n\t\t\t<\/div><\/figure>\n\t\t<\/div>\n\n<p>&nbsp;<\/p>\n<h4><b>Ke\u010f\u017ee tohtoro\u010dn\u00e1 sez\u00f3na je v plnom pr\u00fade, ak\u00e9 z\u00e1\u017eitky v\u00e1m priniesla s\u00e9ria \u0160KODA BIKE OPEN TOUR tento rok?<\/b><\/h4>\n<p><em><span style=\"font-weight: 400;\">Tento rok sme mali premi\u00e9ru v <\/span><a href=\"https:\/\/www.welovecycling.com\/sk\/2023\/05\/25\/reportaz-skoda-mtb-maraton-rajecke-teplice-rodinny-vylet-za-family-tratou\/\" target=\"_blank\" rel=\"noopener\"><span style=\"font-weight: 400;\">Rajeck\u00fdch Teplichach<\/span><\/a><span style=\"font-weight: 400;\">, kde sme si okrem pretekov u\u017eili aj pr\u00edjemn\u00fd rodinny v\u00fdlet v kr\u00e1snom prostred\u00ed. \u0160tartovali sme v kateg\u00f3rii FAMILY v kombin\u00e1cii Barborka, ja, cyklovoz\u00edk a lano. \ud83d\ude42\u00a0 Tra\u0165 n\u00e1m dala celkom zabra\u0165, ale spolo\u010dn\u00fdmi silami sme to zvl\u00e1dli. O par t\u00fd\u017ed\u0148ov nesk\u00f4r mal svoju premi\u00e9ru na MTB marat\u00f3ne aj Alex, ktor\u00fd absolvoval FAMILY tra\u0165 v <\/span><a href=\"https:\/\/www.welovecycling.com\/sk\/2023\/06\/14\/reportaz-skoda-slovensky-raj-zaciatok-leta-plny-vody\/\"><span style=\"font-weight: 400;\">Slovenskom raji<\/span><\/a><span style=\"font-weight: 400;\"> v cyklovoz\u00edku, o Barbori sa t\u00edmovo postarala Nina z komunity <\/span><a href=\"https:\/\/www.welovecycling.com\/sk\/2022\/09\/28\/skoda-bike-open-tour-2022-a-bajkerky-krasky-slovenska-pokope\/\" target=\"_blank\" rel=\"noopener\"><span style=\"font-weight: 400;\">Bajkerky<\/span><\/a><span style=\"font-weight: 400;\">. <\/span><\/em><\/p>\n<p><em><span style=\"font-weight: 400;\">Na obe podujatia m\u00e1me v\u0161etci nezabudnute\u013en\u00e9 spomienky, no aktu\u00e1lne si to najviac u\u017e\u00edva Barborka, ktor\u00e1 v\u0161etk\u00fdm rozpr\u00e1va, ako chod\u00ed na MTB marat\u00f3ny s ozajstn\u00fdmi bikermi. O p\u00e1r dn\u00ed n\u00e1s \u010dak\u00e1 fin\u00e1le , <\/span><a href=\"https:\/\/www.welovecycling.com\/sk\/2023\/07\/10\/pozvanka-skoda-horal-mtb-maraton-2023-ideme-do-finale\/\" target=\"_blank\" rel=\"noopener\"><span style=\"font-weight: 400;\">\u0160KODA Horal MTB marat\u00f3n <\/span><\/a><span style=\"font-weight: 400;\">\u00a0je na\u0161a srdcovka, tak beriem obe deck\u00e1. Alex p\u00f4jde v\u00a0 cyklovoz\u00edku a Barbori to sk\u00fasi sama s pr\u00edpadnou asistenciou s lanom.\u00a0<\/span><\/em><\/p>\n<h4><b>Ty si \u0161portovala u\u017e odmali\u010dka, alebo si sa k\u00a0\u0161portu dostala a\u017e teraz pri de\u0165och?<\/b><\/h4>\n<p><em><span style=\"font-weight: 400;\">\u0160portujem od detstva, pre\u0161la som si ako takmer ka\u017ed\u00e9 die\u0165a r\u00f4znymi druhmi \u0161portu, niektor\u00e9 ma bavili viac, in\u00e9 menej. V\u017edy som bola s\u00fa\u0165a\u017eiv\u00fd typ a\u00a0najviac mi u\u010darovali exteri\u00e9rov\u00e9 \u0161porty, pri ktor\u00fdch m\u00f4\u017eem okrem \u0161portovania objavova\u0165 nov\u00e9 miesta, pr\u00edrodu, hory. E\u0161te v minulom \u017eivote, to je ten pred materskou \ud83d\ude00 , som od detstva v\u00edkend \u010do v\u00edkend tr\u00e1vila v hor\u00e1ch, vymetala r\u00f4zne s\u00fa\u0165a\u017ee a extr\u00e9mne preteky. Ist\u00fd \u010das som venovala dlh\u00e9mu triatlonu a tam niekedy d\u00e1vno sa zrodila moja nekone\u010dn\u00e1 t\u00fa\u017eba po dobrodru\u017estve a z\u00e1vislos\u0165 na adrenal\u00edne.<\/span><\/em><\/p>\n<p><em><span style=\"font-weight: 400;\">V\u00a0zime sa najintenz\u00edvnej\u0161ie\u00a0 venujem ly\u017eovaniu, skialpovaniu, be\u017ekovaniu, \u010do je spojen\u00e9 aj s\u00a0mojou nekone\u010dnou l\u00e1skou k\u00a0zime a\u00a0hor\u00e1m. V\u00a0lete je to samozrejme horsk\u00e1 a\u00a0cestn\u00e1 cyklistika, beh, turistika, minul\u00fa sez\u00f3nu sme objavili paddleboarding. Skr\u00e1tka, nebr\u00e1nim sa \u017eiadnemu \u0161portu.\u00a0<\/span><\/em><\/p>\n<p><em><span style=\"font-weight: 400;\">V\u00a0aktu\u00e1lnej etape \u017eivota to c\u00edtim tak, \u017ee ako rodi\u010d m\u00e1m mor\u00e1lnu povinnos\u0165 a zodpovednos\u0165 v\u0161etky moje nadobudnut\u00e9 sk\u00fasenosti odovzd\u00e1va\u0165 de\u0165om a spravi\u0165 v\u0161etko pre to, aby mali aspo\u0148 tak\u00e9 z\u00e1\u017eitky, ako sme mali a m\u00e1me my.\u00a0<\/span><\/em><\/p>\n<div id='gallery-2' class='gallery galleryid-17988 gallery-columns-2 gallery-size-full'><figure class='gallery-item'>\n\t\t\t<div class='gallery-icon landscape'>\n\t\t\t\t<a href='https:\/\/d2p6e6u75xmxt8.cloudfront.net\/4\/2023\/08\/03.webp'><img loading=\"lazy\" decoding=\"async\" width=\"990\" height=\"660\" src=\"https:\/\/d2p6e6u75xmxt8.cloudfront.net\/4\/2023\/08\/03.webp\" class=\"attachment-full size-full\" alt=\"\" srcset=\"https:\/\/d2p6e6u75xmxt8.cloudfront.net\/4\/2023\/08\/03.webp 990w, https:\/\/d2p6e6u75xmxt8.cloudfront.net\/4\/2023\/08\/03-300x200.webp 300w, https:\/\/d2p6e6u75xmxt8.cloudfront.net\/4\/2023\/08\/03-768x512.webp 768w, https:\/\/d2p6e6u75xmxt8.cloudfront.net\/4\/2023\/08\/03-400x267.webp 400w, https:\/\/d2p6e6u75xmxt8.cloudfront.net\/4\/2023\/08\/03-272x182.webp 272w\" sizes=\"auto, (max-width: 990px) 100vw, 990px\" \/><\/a>\n\t\t\t<\/div><\/figure><figure class='gallery-item'>\n\t\t\t<div class='gallery-icon landscape'>\n\t\t\t\t<a href='https:\/\/d2p6e6u75xmxt8.cloudfront.net\/4\/2023\/08\/04.webp'><img loading=\"lazy\" decoding=\"async\" width=\"990\" height=\"660\" src=\"https:\/\/d2p6e6u75xmxt8.cloudfront.net\/4\/2023\/08\/04.webp\" class=\"attachment-full size-full\" alt=\"\" srcset=\"https:\/\/d2p6e6u75xmxt8.cloudfront.net\/4\/2023\/08\/04.webp 990w, https:\/\/d2p6e6u75xmxt8.cloudfront.net\/4\/2023\/08\/04-300x200.webp 300w, https:\/\/d2p6e6u75xmxt8.cloudfront.net\/4\/2023\/08\/04-768x512.webp 768w, https:\/\/d2p6e6u75xmxt8.cloudfront.net\/4\/2023\/08\/04-400x267.webp 400w, https:\/\/d2p6e6u75xmxt8.cloudfront.net\/4\/2023\/08\/04-272x182.webp 272w\" sizes=\"auto, (max-width: 990px) 100vw, 990px\" \/><\/a>\n\t\t\t<\/div><\/figure>\n\t\t<\/div>\n\n<h4><b>M\u00e1\u0161 nejak\u00e9 tipy \u010di triky pre in\u00e9 mamy, ako motivova\u0165 die\u0165a, aby vydr\u017ealo v\u00a0cyklovoz\u00edku a\u00a0neozvala sa zozadu t\u00e1 ob\u013e\u00faben\u00e1 detsk\u00e1 veta \u201emami, u\u017e ma to nebav\u00ed\u201c?<\/b><\/h4>\n<p><em><span style=\"font-weight: 400;\">Za\u010da\u0165 s\u00a0voz\u00edkovan\u00edm \u010do najsk\u00f4r a\u00a0neprest\u00e1va\u0165. Najnevyhnutnej\u0161ie je spravi\u0165 de\u0165om pohodlie a\u00a0komfort. N\u00e1\u0161 voz\u00edk je tak\u00e9 deta\u0161ovan\u00e9 pracovisko detskej izby. Barbori v\u00a0\u0148om m\u00e1 kopec ob\u013e\u00faben\u00fdch hra\u010diek, interakt\u00edvne pero, knihy. Prv\u00fa sez\u00f3nu po\u010das v\u00fdjazdov preva\u017ene spala, tak to bolo jednoduch\u0161ie. <\/span><\/em><\/p>\n<p><em><span style=\"font-weight: 400;\">\u010eal\u0161iu sme u\u017e robili prest\u00e1vky, aby sa pohrala, objavovala okolie a minul\u00fd rok sme u\u017e so sebou nosili aj odr\u00e1\u017eadlo a\u00a0nesk\u00f4r bicykel a\u00a0niektor\u00e9 \u010dasti v\u00fdjazdov u\u017e pre\u0161la sama. Ak bola unaven\u00e1, vo\u0161la do voz\u00edka a\u00a0oddychovala. Tempo, trasu a\u00a0podmienky je dobr\u00e9 \u010do najviac prisp\u00f4sobi\u0165 deck\u00e1m.\u00a0<\/span><\/em><\/p>\n<h4><b>Ako zvl\u00e1dnu\u0165 FAMILY tra\u0165 s\u00a0die\u0165a\u0165om, ktor\u00e9 u\u017e ide na svojom prvom bicykli?<\/b><\/h4>\n<p><em><span style=\"font-weight: 400;\">To je situ\u00e1cia, ktor\u00fa aktu\u00e1lne rie\u0161im aj ja, preto\u017ee Barborka za\u010dala bicyklova\u0165 minul\u00fd rok, tak\u017ee tento rok p\u00f4jde niektor\u00e9 trate sama. V\u00a0prvom rade je dobr\u00e9 zabezpe\u010di\u0165 si lano na potiahnutie die\u0165a\u0165a, aby to v\u00a0t\u00fdch \u0165a\u017e\u0161\u00edch pas\u00e1\u017each zvl\u00e1dlo. Ur\u010dite treba pripravi\u0165 dostatok sladkost\u00ed, jedla, nejak\u00fa t\u00fa vodu. Motivova\u0165 ho, zab\u00e1va\u0165 ho, ve\u013ea sa rozpr\u00e1va\u0165, povzbudzova\u0165 v\u0161etk\u00fdch ostatn\u00fdch naokolo. Spravi\u0165 si z\u00a0toho z\u00e1bavu, ur\u010dite nielen preteky. <\/span><\/em><\/p>\n<p><em><span style=\"font-weight: 400;\">Zobra\u0165 si od organiz\u00e1tora bal\u00f3niky, pripevni\u0165 si to na bicykel, foti\u0165 sa po ceste a\u00a0ur\u010dite ako rodi\u010d st\u00e1le sledujte, ako sa die\u0165a c\u00edti. Cestou je fajn zastavi\u0165 sa na v\u0161etk\u00fdch ob\u010derstvovac\u00edch staniciach, porozpr\u00e1va\u0165 sa s\u00a0ostatn\u00fdmi a\u00a0spravi\u0165 si z\u00a0toho tak\u00fa mal\u00fa p\u00e1rty.<\/span><\/em><\/p>\n<p><a href=\"https:\/\/www.instagram.com\/p\/CsrJcpXqY-x\/\">https:\/\/www.instagram.com\/p\/CsrJcpXqY-x\/<\/a><\/p>\n<h4><b>Ak\u00e9 \u0161porty okrem cyklistiky s\u00a0de\u0165mi e\u0161te rob\u00ed\u0161?<\/b><\/h4>\n<p><em><span style=\"font-weight: 400;\">Barborka m\u00e1 aktu\u00e1lne obdobie, \u017ee sk\u00fa\u0161a v\u0161etko. K\u00fdm bola v\u00a0cyklovoz\u00edku, tak robila v\u0161etko, \u010do sa dalo robi\u0165 s\u00a0cyklovoz\u00edkom. Je to mulit\u0161portov\u00fd voz\u00edk a\u00a0s\u00a0dok\u00fapen\u00edm setov sa d\u00e1 pou\u017e\u00edva\u0165 na be\u017ekovanie, skialp, behanie, in-line kor\u010dule. Tak\u017ee moment\u00e1lne okrem bicyklovania kor\u010du\u013eujeme, rob\u00edme paddleboard, pl\u00e1vanie ale\u00a0sk\u00fa\u0161a aj futbal a\u00a0dokonca chod\u00ed na gymnastiku. Tak\u017ee naozaj ve\u013ek\u00fd z\u00e1ber v\u0161etk\u00fdch \u0161portov. Samozrejme, nesmiem zabudn\u00fa\u0165 na turistiku, ktor\u00e1 pre n\u00e1s tak\u00e1 najintenz\u00edvnej\u0161ia.\u00a0<\/span><\/em><\/p>\n<h4><b>Ktor\u00e9 oblasti Slovenska m\u00e1\u0161 v\u00a0ob\u013eube? Asi sa to bude l\u00ed\u0161i\u0165 pod\u013ea \u0161portu aj pod\u013ea sez\u00f3ny?<\/b><\/h4>\n<p><em><span style=\"font-weight: 400;\">Ako som spom\u00ednala, ja som ve\u013ek\u00fd milovn\u00edk zimy a\u00a0h\u00f4r, tak\u017ee st\u00e1le ten sever Slovenska \u2013 \u010di u\u017e Liptov, Vysok\u00e9 Tatry, Fatry, to s\u00fa moje ob\u013e\u00faben\u00e9 oblasti, ktor\u00e9 s\u00fa ve\u013emi pekn\u00e9 aj vizu\u00e1lne. Pod\u013ea sez\u00f3ny sa to ve\u013emi nel\u00ed\u0161i, lebo v\u00a0t\u00fdchto oblastiach si to dok\u00e1\u017eeme u\u017ei\u0165 aj v\u00a0lete aj v\u00a0zime. Ur\u010dite sa viac rad\u00edm k\u00a0tak\u00e9mu tomu zimn\u00e9mu typu, lebo m\u00e1m ve\u013emi rada zimu a\u00a0sneh.<\/span><\/em><\/p>\n<p><a href=\"https:\/\/www.instagram.com\/p\/CanDebQAji3\/\">https:\/\/www.instagram.com\/p\/CanDebQAji3\/<\/a><\/p>\n<h4><b>Chodievate \u0161portova\u0165 aj do zahrani\u010dia? Ak \u00e1no kde s\u00fa tvoje ob\u013e\u00faben\u00e9 destin\u00e1cie?<\/b><\/h4>\n<p><em><span style=\"font-weight: 400;\">\u00c1no, chodievame \u0161portova\u0165 do zahrani\u010dia a\u00a0ako som spom\u00ednala, je to spojen\u00e9 s\u00a0t\u00fdmi horami, tak\u017ee m\u00e1me ve\u013emi radi Rak\u00fasko a Alpy, rovnako Taliansko a\u00a0Dolomity. Ja m\u00e1m ve\u013emi rada aj Chorv\u00e1tsko a\u00a0na jar tam chodievam bicyklova\u0165. Samozrejme, m\u00e1m e\u0161te nejak\u00e9 nesplnen\u00e9 sny, ve\u013emi by som chcela \u00eds\u0165 ly\u017eova\u0165 na Lofty alebo tak\u00e9to nejak\u00e9 adrenal\u00ednovej\u0161ie veci.\u00a0<\/span><\/em><\/p>\n<h4><b>M\u00e1\u0161 ve\u013emi pekn\u00e9 pr\u00edspevky na svojom Instagramovom \u00fa\u010dte. Fot\u00ed\u0161 ve\u013ea ke\u010f si v\u00a0pr\u00edrode, alebo si rad\u0161ej u\u017e\u00edva\u0161 pr\u00edtomn\u00fa chv\u00ed\u013eu?<\/b><\/h4>\n<p><em><span style=\"font-weight: 400;\">Fot\u00edm ve\u013ea, ke\u010f som v pr\u00edrode, ale najrad\u0161ej si skuto\u010dne u\u017e\u00edvam pr\u00edtomn\u00fa chv\u00ed\u013eu. \u00da\u010det vznikol ve\u013emi d\u00e1vno, ke\u010f som si fotila niektor\u00e9 na\u0161e v\u00fdlety, ale teraz sa to u\u017e tro\u0161ku preklopilo. D\u00e1vam tam aj tipy na v\u00fdlety, \u010do podnikn\u00fa\u0165 s de\u0165mi, \u010do funguje a \u010do nefunguje. Ale v\u0161etky tie posty s\u00fa tak\u00e9 pr\u00edtomn\u00e9, ur\u010dite to nie je ni\u010d pl\u00e1novan\u00e9. Instagram je tak\u00e9 zrkadlo toho, ako \u017eijeme a ako fungujeme. Sna\u017e\u00edm sa takto motivova\u0165 aj ostatn\u00fdch, aby sa neb\u00e1li zobra\u0165 deti von a akt\u00edvne si s nimi u\u017e\u00edva\u0165.\u00a0<\/span><\/em><\/p>\n<p><a href=\"https:\/\/www.instagram.com\/p\/CvbpZGfqW_h\/\">https:\/\/www.instagram.com\/p\/CvbpZGfqW_h\/<\/a><\/p>\n<h4><b>S\u00a0de\u0165mi to m\u00f4\u017ee by\u0165 niekedy aj dos\u0165 n\u00e1ro\u010dn\u00e9, ako oddychuje\u0161 a\u00a0regeneruje\u0161 najrad\u0161ej?<\/b><\/h4>\n<p><em><span style=\"font-weight: 400;\">\u00c1no, je to pravda, s de\u0165mi to niekedy vie by\u0165 ve\u013emi n\u00e1ro\u010dn\u00e9. T\u00e1 odpove\u010f, ktor\u00fa poviem, bude stra\u0161n\u00e1, ale najrad\u0161ej oddychujem bez det\u00ed. Potrebujem aspo\u0148 raz za t\u00fd\u017ede\u0148 by\u0165 sama bez det\u00ed a rie\u0161i\u0165 len seba. M\u00e1m ve\u013emi rada komunitn\u00e9 cyklistick\u00e9 a turistick\u00e9 v\u00fdjazdy. Pr\u00edpadne skialpova\u010dky bez det\u00ed, kde si dok\u00e1\u017eem u\u017e\u00edva\u0165 ten pr\u00edtomn\u00fd moment a sam\u00fa seba. Rada sa vykec\u00e1m s ostatn\u00fdmi, lebo ja som tak\u00fd \u017eovi\u00e1lny, spolo\u010densk\u00fd typ.\u00a0<\/span><\/em><\/p>\n<p><em><span style=\"font-weight: 400;\">Okrem \u0161portu m\u00e1m rada aj kult\u00faru, rada si pre\u010d\u00edtam aj nejak\u00fa knihu, len na toto m\u00e1m ve\u013emi m\u00e1lo \u010dasu. Ten de\u0148 m\u00e1 pre m\u0148a nejako m\u00e1lo hod\u00edn.\u00a0<\/span><\/em><\/p>\n<div id='gallery-3' class='gallery galleryid-17988 gallery-columns-2 gallery-size-full'><figure class='gallery-item'>\n\t\t\t<div class='gallery-icon landscape'>\n\t\t\t\t<a href='https:\/\/d2p6e6u75xmxt8.cloudfront.net\/4\/2023\/08\/05.webp'><img loading=\"lazy\" decoding=\"async\" width=\"990\" height=\"660\" src=\"https:\/\/d2p6e6u75xmxt8.cloudfront.net\/4\/2023\/08\/05.webp\" class=\"attachment-full size-full\" alt=\"\" srcset=\"https:\/\/d2p6e6u75xmxt8.cloudfront.net\/4\/2023\/08\/05.webp 990w, https:\/\/d2p6e6u75xmxt8.cloudfront.net\/4\/2023\/08\/05-300x200.webp 300w, https:\/\/d2p6e6u75xmxt8.cloudfront.net\/4\/2023\/08\/05-768x512.webp 768w, https:\/\/d2p6e6u75xmxt8.cloudfront.net\/4\/2023\/08\/05-400x267.webp 400w, https:\/\/d2p6e6u75xmxt8.cloudfront.net\/4\/2023\/08\/05-272x182.webp 272w\" sizes=\"auto, (max-width: 990px) 100vw, 990px\" \/><\/a>\n\t\t\t<\/div><\/figure><figure class='gallery-item'>\n\t\t\t<div class='gallery-icon landscape'>\n\t\t\t\t<a href='https:\/\/d2p6e6u75xmxt8.cloudfront.net\/4\/2023\/08\/06.webp'><img loading=\"lazy\" decoding=\"async\" width=\"990\" height=\"660\" src=\"https:\/\/d2p6e6u75xmxt8.cloudfront.net\/4\/2023\/08\/06.webp\" class=\"attachment-full size-full\" alt=\"\" srcset=\"https:\/\/d2p6e6u75xmxt8.cloudfront.net\/4\/2023\/08\/06.webp 990w, https:\/\/d2p6e6u75xmxt8.cloudfront.net\/4\/2023\/08\/06-300x200.webp 300w, https:\/\/d2p6e6u75xmxt8.cloudfront.net\/4\/2023\/08\/06-768x512.webp 768w, https:\/\/d2p6e6u75xmxt8.cloudfront.net\/4\/2023\/08\/06-400x267.webp 400w, https:\/\/d2p6e6u75xmxt8.cloudfront.net\/4\/2023\/08\/06-272x182.webp 272w\" sizes=\"auto, (max-width: 990px) 100vw, 990px\" \/><\/a>\n\t\t\t<\/div><\/figure>\n\t\t<\/div>\n\n<h4><b>Rada na z\u00e1ver:<\/b><\/h4>\n<p><em>Nebojte sa bra\u0165 deti so sebou. My im ukazujem len tak\u00fd \u017eivot, ak\u00fd \u017eijeme my. Tak\u017ee naozaj ich do toho treba zatiahnu\u0165 a ony to s gr\u00e1ciou zvl\u00e1dnu bez probl\u00e9mov. Ke\u010f bud\u00fa nespokojn\u00e9, daj\u00fa to najavo. Ale je d\u00f4le\u017eit\u00e9 za\u010da\u0165 takou tou \u0161portovou v\u00fdchovou a u\u010di\u0165 ich l\u00e1ske k pr\u00edrode u\u017e od narodenia, \u010do najsk\u00f4r.\u00a0<\/em><\/p>\n<p><em>Nie je to v\u017edy jednoduch\u00e9, rie\u0161i\u0165 t\u00fa logistiku, bali\u0165 veci, nekone\u010dn\u00e9 po\u017eiadavky det\u00ed po\u010das v\u00fdjazdov a t\u00far, ale t\u00e1 rados\u0165 det\u00ed je nekone\u010dn\u00e1. V\u0161etk\u00fdm to odpor\u00fa\u010dam. V\u0161etk\u00fdm to hovor\u00edm, aj ke\u010f v\u00e1s to stoj\u00ed ve\u013ea energie, ve\u013ea \u010dasu, ale na z\u00e1ver z toho m\u00e1te v\u0161etci v\u00fdborn\u00fd pocit a deti s\u00fa ve\u013emi \u0161\u0165astn\u00e9. Deti chc\u00fa \u010do najviac \u010dasu tr\u00e1vi\u0165 so svojim rodi\u010dom, vtedy s\u00fa \u0161\u0165astn\u00e9.\u00a0<\/em><\/p>\n<p>&nbsp;<\/p>\n","protected":false},"excerpt":{"rendered":"<p>Katka miluje turistiku, cyklistiku a v\u00f4bec ak\u00fdko\u013evek \u0161port a pohyb na \u010derstvom vzduchu. Samozrejmos\u0165ou pre \u0148u je, \u017ee k tomu [&hellip;]<\/p>\n","protected":false},"author":172,"featured_media":17990,"comment_status":"open","ping_status":"open","sticky":false,"template":"","format":"standard","meta":{"footnotes":""},"categories":[191],"tags":[597,507,53,1386,180,178,412,179,190,509,501,542],"global-categories":[1074],"class_list":["post-17988","post","type-post","status-publish","format-standard","has-post-thumbnail","hentry","category-odporucame","tag-cyklista","tag-cyklorodinka","tag-deti","tag-deti-na-bicykli","tag-horska-cyklistika","tag-maraton","tag-mtb","tag-preteky","tag-priprava","tag-rodina","tag-rozhovor","tag-skoda","global-categories-cycling"],"yoast_head":"<!-- This site is optimized with the Yoast SEO Premium plugin v25.3 (Yoast SEO v25.9) - https:\/\/yoast.com\/wordpress\/plugins\/seo\/ -->\n<title>Rozhovor: Katar\u00edna Gre\u0161ov\u00e1 - sna\u017e\u00edm sa motivova\u0165 ostatn\u00fdch, aby sa neb\u00e1li zobra\u0165 deti von<\/title>\n<meta name=\"description\" content=\"Katka miluje turistiku, cyklistiku a v\u00f4bec ak\u00fdko\u013evek \u0161port a pohyb na \u010derstvom vzduchu. Samozrejme k tomu vedie aj svoje deti.\" \/>\n<meta name=\"robots\" content=\"index, follow, max-snippet:-1, max-image-preview:large, max-video-preview:-1\" \/>\n<link rel=\"canonical\" href=\"https:\/\/www.welovecycling.com\/sk\/2023\/08\/04\/rozhovor-katarina-gresova-snazim-sa-motivovat-ostatnych-aby-sa-nebali-zobrat-deti-von\/\" \/>\n<meta property=\"og:locale\" content=\"sk_SK\" \/>\n<meta property=\"og:type\" content=\"article\" \/>\n<meta property=\"og:title\" content=\"Rozhovor: Katar\u00edna Gre\u0161ov\u00e1 - sna\u017e\u00edm sa motivova\u0165 ostatn\u00fdch, aby sa neb\u00e1li zobra\u0165 deti von\" \/>\n<meta property=\"og:description\" content=\"Katka miluje turistiku, cyklistiku a v\u00f4bec ak\u00fdko\u013evek \u0161port a pohyb na \u010derstvom vzduchu. Samozrejme k tomu vedie aj svoje deti.\" \/>\n<meta property=\"og:url\" content=\"https:\/\/www.welovecycling.com\/sk\/2023\/08\/04\/rozhovor-katarina-gresova-snazim-sa-motivovat-ostatnych-aby-sa-nebali-zobrat-deti-von\/\" \/>\n<meta property=\"og:site_name\" content=\"\u0160koda We Love Cycling Slovensko\" \/>\n<meta property=\"article:published_time\" content=\"2023-08-04T08:00:55+00:00\" \/>\n<meta property=\"og:image\" content=\"https:\/\/d2p6e6u75xmxt8.cloudfront.net\/4\/2023\/08\/titulka.webp\" \/>\n\t<meta property=\"og:image:width\" content=\"990\" \/>\n\t<meta property=\"og:image:height\" content=\"660\" \/>\n\t<meta property=\"og:image:type\" content=\"image\/webp\" \/>\n<meta name=\"author\" content=\"dominika\" \/>\n<meta name=\"twitter:card\" content=\"summary_large_image\" \/>\n<meta name=\"twitter:label1\" content=\"Written by\" \/>\n\t<meta name=\"twitter:data1\" content=\"Radovan Vr\u0161ka\" \/>\n\t<meta name=\"twitter:label2\" content=\"Est. reading time\" \/>\n\t<meta name=\"twitter:data2\" content=\"7\" \/>\n<script type=\"application\/ld+json\" class=\"yoast-schema-graph\">{\"@context\":\"https:\/\/schema.org\",\"@graph\":[{\"@type\":\"WebPage\",\"@id\":\"https:\/\/www.welovecycling.com\/sk\/2023\/08\/04\/rozhovor-katarina-gresova-snazim-sa-motivovat-ostatnych-aby-sa-nebali-zobrat-deti-von\/\",\"url\":\"https:\/\/www.welovecycling.com\/sk\/2023\/08\/04\/rozhovor-katarina-gresova-snazim-sa-motivovat-ostatnych-aby-sa-nebali-zobrat-deti-von\/\",\"name\":\"Rozhovor: Katar\u00edna Gre\u0161ov\u00e1 - sna\u017e\u00edm sa motivova\u0165 ostatn\u00fdch, aby sa neb\u00e1li zobra\u0165 deti von\",\"isPartOf\":{\"@id\":\"https:\/\/www.welovecycling.com\/sk\/#website\"},\"primaryImageOfPage\":{\"@id\":\"https:\/\/www.welovecycling.com\/sk\/2023\/08\/04\/rozhovor-katarina-gresova-snazim-sa-motivovat-ostatnych-aby-sa-nebali-zobrat-deti-von\/#primaryimage\"},\"image\":{\"@id\":\"https:\/\/www.welovecycling.com\/sk\/2023\/08\/04\/rozhovor-katarina-gresova-snazim-sa-motivovat-ostatnych-aby-sa-nebali-zobrat-deti-von\/#primaryimage\"},\"thumbnailUrl\":\"https:\/\/d2p6e6u75xmxt8.cloudfront.net\/4\/2023\/08\/titulka.webp\",\"datePublished\":\"2023-08-04T08:00:55+00:00\",\"author\":{\"@id\":\"https:\/\/www.welovecycling.com\/sk\/#\/schema\/person\/533b62b98b6c41bd5135ebfb1f742624\"},\"description\":\"Katka miluje turistiku, cyklistiku a v\u00f4bec ak\u00fdko\u013evek \u0161port a pohyb na \u010derstvom vzduchu. Samozrejme k tomu vedie aj svoje deti.\",\"breadcrumb\":{\"@id\":\"https:\/\/www.welovecycling.com\/sk\/2023\/08\/04\/rozhovor-katarina-gresova-snazim-sa-motivovat-ostatnych-aby-sa-nebali-zobrat-deti-von\/#breadcrumb\"},\"inLanguage\":\"sk-SK\",\"potentialAction\":[{\"@type\":\"ReadAction\",\"target\":[\"https:\/\/www.welovecycling.com\/sk\/2023\/08\/04\/rozhovor-katarina-gresova-snazim-sa-motivovat-ostatnych-aby-sa-nebali-zobrat-deti-von\/\"]}]},{\"@type\":\"ImageObject\",\"inLanguage\":\"sk-SK\",\"@id\":\"https:\/\/www.welovecycling.com\/sk\/2023\/08\/04\/rozhovor-katarina-gresova-snazim-sa-motivovat-ostatnych-aby-sa-nebali-zobrat-deti-von\/#primaryimage\",\"url\":\"https:\/\/d2p6e6u75xmxt8.cloudfront.net\/4\/2023\/08\/titulka.webp\",\"contentUrl\":\"https:\/\/d2p6e6u75xmxt8.cloudfront.net\/4\/2023\/08\/titulka.webp\",\"width\":990,\"height\":660},{\"@type\":\"BreadcrumbList\",\"@id\":\"https:\/\/www.welovecycling.com\/sk\/2023\/08\/04\/rozhovor-katarina-gresova-snazim-sa-motivovat-ostatnych-aby-sa-nebali-zobrat-deti-von\/#breadcrumb\",\"itemListElement\":[{\"@type\":\"ListItem\",\"position\":1,\"name\":\"Home\",\"item\":\"https:\/\/www.welovecycling.com\/sk\/\"},{\"@type\":\"ListItem\",\"position\":2,\"name\":\"Rozhovor: Katar\u00edna Gre\u0161ov\u00e1 &#8211; sna\u017e\u00edm sa motivova\u0165 ostatn\u00fdch, aby sa neb\u00e1li zobra\u0165 deti von\"}]},{\"@type\":\"WebSite\",\"@id\":\"https:\/\/www.welovecycling.com\/sk\/#website\",\"url\":\"https:\/\/www.welovecycling.com\/sk\/\",\"name\":\"\u0160koda We Love Cycling Slovensko\",\"description\":\"\u0160koda We Love Cycling Slovensko je v\u00e1\u0161 ka\u017edodenn\u00fd zdroj noviniek a in\u0161pir\u00e1cie z sveta cyklistiky\",\"potentialAction\":[{\"@type\":\"SearchAction\",\"target\":{\"@type\":\"EntryPoint\",\"urlTemplate\":\"https:\/\/www.welovecycling.com\/sk\/?s={search_term_string}\"},\"query-input\":{\"@type\":\"PropertyValueSpecification\",\"valueRequired\":true,\"valueName\":\"search_term_string\"}}],\"inLanguage\":\"sk-SK\"},{\"@type\":\"Person\",\"@id\":\"https:\/\/www.welovecycling.com\/sk\/#\/schema\/person\/533b62b98b6c41bd5135ebfb1f742624\",\"name\":\"dominika\",\"image\":{\"@type\":\"ImageObject\",\"inLanguage\":\"sk-SK\",\"@id\":\"https:\/\/www.welovecycling.com\/sk\/#\/schema\/person\/image\/\",\"url\":\"https:\/\/secure.gravatar.com\/avatar\/ded6f274ba2ec3e17fff153f7d9d96a4b33c2cb63907f75d9a5309c599a7f3e6?s=96&d=mm&r=g\",\"contentUrl\":\"https:\/\/secure.gravatar.com\/avatar\/ded6f274ba2ec3e17fff153f7d9d96a4b33c2cb63907f75d9a5309c599a7f3e6?s=96&d=mm&r=g\",\"caption\":\"dominika\"},\"url\":\"https:\/\/www.welovecycling.com\/sk\/author\/dominika\/\"}]}<\/script>\n<!-- \/ Yoast SEO Premium plugin. -->","yoast_head_json":{"title":"Rozhovor: Katar\u00edna Gre\u0161ov\u00e1 - sna\u017e\u00edm sa motivova\u0165 ostatn\u00fdch, aby sa neb\u00e1li zobra\u0165 deti von","description":"Katka miluje turistiku, cyklistiku a v\u00f4bec ak\u00fdko\u013evek \u0161port a pohyb na \u010derstvom vzduchu. Samozrejme k tomu vedie aj svoje deti.","robots":{"index":"index","follow":"follow","max-snippet":"max-snippet:-1","max-image-preview":"max-image-preview:large","max-video-preview":"max-video-preview:-1"},"canonical":"https:\/\/www.welovecycling.com\/sk\/2023\/08\/04\/rozhovor-katarina-gresova-snazim-sa-motivovat-ostatnych-aby-sa-nebali-zobrat-deti-von\/","og_locale":"sk_SK","og_type":"article","og_title":"Rozhovor: Katar\u00edna Gre\u0161ov\u00e1 - sna\u017e\u00edm sa motivova\u0165 ostatn\u00fdch, aby sa neb\u00e1li zobra\u0165 deti von","og_description":"Katka miluje turistiku, cyklistiku a v\u00f4bec ak\u00fdko\u013evek \u0161port a pohyb na \u010derstvom vzduchu. Samozrejme k tomu vedie aj svoje deti.","og_url":"https:\/\/www.welovecycling.com\/sk\/2023\/08\/04\/rozhovor-katarina-gresova-snazim-sa-motivovat-ostatnych-aby-sa-nebali-zobrat-deti-von\/","og_site_name":"\u0160koda We Love Cycling Slovensko","article_published_time":"2023-08-04T08:00:55+00:00","og_image":[{"width":990,"height":660,"url":"https:\/\/d2p6e6u75xmxt8.cloudfront.net\/4\/2023\/08\/titulka.webp","type":"image\/webp"}],"author":"dominika","twitter_card":"summary_large_image","twitter_misc":{"Written by":"Radovan Vr\u0161ka","Est. reading time":"7"},"schema":{"@context":"https:\/\/schema.org","@graph":[{"@type":"WebPage","@id":"https:\/\/www.welovecycling.com\/sk\/2023\/08\/04\/rozhovor-katarina-gresova-snazim-sa-motivovat-ostatnych-aby-sa-nebali-zobrat-deti-von\/","url":"https:\/\/www.welovecycling.com\/sk\/2023\/08\/04\/rozhovor-katarina-gresova-snazim-sa-motivovat-ostatnych-aby-sa-nebali-zobrat-deti-von\/","name":"Rozhovor: Katar\u00edna Gre\u0161ov\u00e1 - sna\u017e\u00edm sa motivova\u0165 ostatn\u00fdch, aby sa neb\u00e1li zobra\u0165 deti von","isPartOf":{"@id":"https:\/\/www.welovecycling.com\/sk\/#website"},"primaryImageOfPage":{"@id":"https:\/\/www.welovecycling.com\/sk\/2023\/08\/04\/rozhovor-katarina-gresova-snazim-sa-motivovat-ostatnych-aby-sa-nebali-zobrat-deti-von\/#primaryimage"},"image":{"@id":"https:\/\/www.welovecycling.com\/sk\/2023\/08\/04\/rozhovor-katarina-gresova-snazim-sa-motivovat-ostatnych-aby-sa-nebali-zobrat-deti-von\/#primaryimage"},"thumbnailUrl":"https:\/\/d2p6e6u75xmxt8.cloudfront.net\/4\/2023\/08\/titulka.webp","datePublished":"2023-08-04T08:00:55+00:00","author":{"@id":"https:\/\/www.welovecycling.com\/sk\/#\/schema\/person\/533b62b98b6c41bd5135ebfb1f742624"},"description":"Katka miluje turistiku, cyklistiku a v\u00f4bec ak\u00fdko\u013evek \u0161port a pohyb na \u010derstvom vzduchu. Samozrejme k tomu vedie aj svoje deti.","breadcrumb":{"@id":"https:\/\/www.welovecycling.com\/sk\/2023\/08\/04\/rozhovor-katarina-gresova-snazim-sa-motivovat-ostatnych-aby-sa-nebali-zobrat-deti-von\/#breadcrumb"},"inLanguage":"sk-SK","potentialAction":[{"@type":"ReadAction","target":["https:\/\/www.welovecycling.com\/sk\/2023\/08\/04\/rozhovor-katarina-gresova-snazim-sa-motivovat-ostatnych-aby-sa-nebali-zobrat-deti-von\/"]}]},{"@type":"ImageObject","inLanguage":"sk-SK","@id":"https:\/\/www.welovecycling.com\/sk\/2023\/08\/04\/rozhovor-katarina-gresova-snazim-sa-motivovat-ostatnych-aby-sa-nebali-zobrat-deti-von\/#primaryimage","url":"https:\/\/d2p6e6u75xmxt8.cloudfront.net\/4\/2023\/08\/titulka.webp","contentUrl":"https:\/\/d2p6e6u75xmxt8.cloudfront.net\/4\/2023\/08\/titulka.webp","width":990,"height":660},{"@type":"BreadcrumbList","@id":"https:\/\/www.welovecycling.com\/sk\/2023\/08\/04\/rozhovor-katarina-gresova-snazim-sa-motivovat-ostatnych-aby-sa-nebali-zobrat-deti-von\/#breadcrumb","itemListElement":[{"@type":"ListItem","position":1,"name":"Home","item":"https:\/\/www.welovecycling.com\/sk\/"},{"@type":"ListItem","position":2,"name":"Rozhovor: Katar\u00edna Gre\u0161ov\u00e1 &#8211; sna\u017e\u00edm sa motivova\u0165 ostatn\u00fdch, aby sa neb\u00e1li zobra\u0165 deti von"}]},{"@type":"WebSite","@id":"https:\/\/www.welovecycling.com\/sk\/#website","url":"https:\/\/www.welovecycling.com\/sk\/","name":"\u0160koda We Love Cycling Slovensko","description":"\u0160koda We Love Cycling Slovensko je v\u00e1\u0161 ka\u017edodenn\u00fd zdroj noviniek a in\u0161pir\u00e1cie z sveta cyklistiky","potentialAction":[{"@type":"SearchAction","target":{"@type":"EntryPoint","urlTemplate":"https:\/\/www.welovecycling.com\/sk\/?s={search_term_string}"},"query-input":{"@type":"PropertyValueSpecification","valueRequired":true,"valueName":"search_term_string"}}],"inLanguage":"sk-SK"},{"@type":"Person","@id":"https:\/\/www.welovecycling.com\/sk\/#\/schema\/person\/533b62b98b6c41bd5135ebfb1f742624","name":"dominika","image":{"@type":"ImageObject","inLanguage":"sk-SK","@id":"https:\/\/www.welovecycling.com\/sk\/#\/schema\/person\/image\/","url":"https:\/\/secure.gravatar.com\/avatar\/ded6f274ba2ec3e17fff153f7d9d96a4b33c2cb63907f75d9a5309c599a7f3e6?s=96&d=mm&r=g","contentUrl":"https:\/\/secure.gravatar.com\/avatar\/ded6f274ba2ec3e17fff153f7d9d96a4b33c2cb63907f75d9a5309c599a7f3e6?s=96&d=mm&r=g","caption":"dominika"},"url":"https:\/\/www.welovecycling.com\/sk\/author\/dominika\/"}]}},"_links":{"self":[{"href":"https:\/\/www.welovecycling.com\/sk\/wp-json\/wp\/v2\/posts\/17988","targetHints":{"allow":["GET"]}}],"collection":[{"href":"https:\/\/www.welovecycling.com\/sk\/wp-json\/wp\/v2\/posts"}],"about":[{"href":"https:\/\/www.welovecycling.com\/sk\/wp-json\/wp\/v2\/types\/post"}],"author":[{"embeddable":true,"href":"https:\/\/www.welovecycling.com\/sk\/wp-json\/wp\/v2\/users\/172"}],"replies":[{"embeddable":true,"href":"https:\/\/www.welovecycling.com\/sk\/wp-json\/wp\/v2\/comments?post=17988"}],"version-history":[{"count":6,"href":"https:\/\/www.welovecycling.com\/sk\/wp-json\/wp\/v2\/posts\/17988\/revisions"}],"predecessor-version":[{"id":18001,"href":"https:\/\/www.welovecycling.com\/sk\/wp-json\/wp\/v2\/posts\/17988\/revisions\/18001"}],"wp:featuredmedia":[{"embeddable":true,"href":"https:\/\/www.welovecycling.com\/sk\/wp-json\/wp\/v2\/media\/17990"}],"wp:attachment":[{"href":"https:\/\/www.welovecycling.com\/sk\/wp-json\/wp\/v2\/media?parent=17988"}],"wp:term":[{"taxonomy":"category","embeddable":true,"href":"https:\/\/www.welovecycling.com\/sk\/wp-json\/wp\/v2\/categories?post=17988"},{"taxonomy":"post_tag","embeddable":true,"href":"https:\/\/www.welovecycling.com\/sk\/wp-json\/wp\/v2\/tags?post=17988"},{"taxonomy":"global-categories","embeddable":true,"href":"https:\/\/www.welovecycling.com\/sk\/wp-json\/wp\/v2\/global-categories?post=17988"}],"curies":[{"name":"wp","href":"https:\/\/api.w.org\/{rel}","templated":true}]}}