{"id":17975,"date":"2023-07-31T11:33:14","date_gmt":"2023-07-31T09:33:14","guid":{"rendered":"https:\/\/www.welovecycling.com\/sk\/?p=17975"},"modified":"2023-07-31T11:33:14","modified_gmt":"2023-07-31T09:33:14","slug":"august-2023-ak-mate-chut-pretekat-urcite-si-vyberiete","status":"publish","type":"post","link":"https:\/\/www.welovecycling.com\/sk\/2023\/07\/31\/august-2023-ak-mate-chut-pretekat-urcite-si-vyberiete\/","title":{"rendered":"August 2023 \u2013 ak m\u00e1te chu\u0165 preteka\u0165, ur\u010dite si vyberiete"},"content":{"rendered":"<p><strong>Za\u010diatok mesiaca bude dos\u0165 pestr\u00fd, preto\u017ee sa tam prekr\u00fdva viacero skvel\u00fdch cyklo podujat\u00ed. Hne\u010f v prv\u00fa augustov\u00fa sobotu si napr\u00edklad m\u00f4\u017eete vybra\u0165 z troch podujat\u00ed, a to pod\u013ea toho, ktor\u00e1 \u010das\u0165 Slovenska je v\u00e1\u0161mu srdcu najbli\u017e\u0161ia. Ale samozrejme cel\u00fd mesiac bude o z\u00e1bavu postaran\u00e9, a ak m\u00e1te chu\u0165 preteka\u0165, ur\u010dite si vyberiete.\u00a0\u00a0\u00a0 <\/strong><!--more--><\/p>\n<h2><strong>05. 08. 2023 MTBIKER \u010castovsk\u00fd cyklookruh<\/strong><\/h2>\n<p><span style=\"font-weight: 400;\">7. ro\u010dn\u00edk cyklo-turistick\u00e9ho podujatia v kr\u00e1snom prostred\u00ed v okol\u00ed hradu \u010cerven\u00fd kame\u0148. <strong>Jazdi\u0165 sa bude na dvoch tratiach s d\u013a\u017ekou 22 a 44 kilometrov.<\/strong> Tra\u0165 je vhodn\u00e1 pre horsk\u00e9 bicykle, ale ak ste fan\u00fa\u0161ikom e-biku, m\u00f4\u017eete si tie\u017e pr\u00eds\u0165 zajazdi\u0165. Pripraven\u00e1 je aj hodnotn\u00e1 tombola a vyhra\u0165 m\u00f4\u017eete napr\u00edklad okuliare, ale aj nov\u00fd bicykel. \u010castovsk\u00fd cyklookruh je rodinn\u00e1 akcia, a tak pr\u00ed\u010fte s celou rodinou a pre\u017eijete pr\u00edjemn\u00fd v\u00edkend.\u00a0<\/span><\/p>\n<div class=\"embed-controller-wrapper\">\n<div class=\"embed-wrapper\"><iframe title=\"MTBIKER \u010castovsk\u00fd cyklookruh - pozv\u00e1nka a uk\u00e1\u017eka trate\" width=\"500\" height=\"281\" data-src=\"https:\/\/www.youtube.com\/embed\/MgOoa1B-JUE?feature=oembed\" frameborder=\"0\" allow=\"accelerometer; autoplay; clipboard-write; encrypted-media; gyroscope; picture-in-picture; web-share\" referrerpolicy=\"strict-origin-when-cross-origin\" allowfullscreen><\/iframe><\/div>\n<\/div>\n<h2><\/h2>\n<h2><strong>05.08. 2023 Raslavick\u00fd ped\u00e1l 2023<\/strong><\/h2>\n<p><span style=\"font-weight: 400;\">V\u00a0srdci \u0160ari\u0161a sa bude kona\u0165 piaty ro\u010dn\u00edk horsk\u00fdch cyklistick\u00fdch pretekov a minul\u00e9ho ro\u010dn\u00edka sa z\u00fa\u010dastnilo viac ako 200 pretek\u00e1rov. <strong>Pripraven\u00e9 s\u00fa dve trasy. Kr\u00e1tka modr\u00e1 trasa m\u00e1 29 km s prev\u00fd\u0161en\u00edm 750 m, a t\u00e1 dlh\u0161ia \u010derven\u00fd 47 km s prev\u00fd\u0161en\u00edm 1 050 m.<\/strong> \u0160tartuje sa na miestnom amfite\u00e1tri a\u00a0trasy ved\u00fa kr\u00e1snym prostred\u00edm. Nebude ch\u00fdba\u0165 ani pam\u00e4tn\u00e9 tri\u010dko a\u00a0o\u00a0um\u00fdvanie bicyklov sa postar\u00e1 dobrovo\u013en\u00fd hasi\u010dsk\u00fd zbor, tak\u017ee domov p\u00f4jdete dokonale vyum\u00fdvan\u00fd.\u00a0<\/span><\/p>\n<div class=\"embed-controller-wrapper\">\n<div class=\"embed-wrapper\"><iframe title=\"Raslavick\u00fd ped\u00e1l m\u00e1 nov\u00e9ho v\u00ed\u0165aza\" width=\"500\" height=\"281\" data-src=\"https:\/\/www.youtube.com\/embed\/0Z76w4SF1ho?feature=oembed\" frameborder=\"0\" allow=\"accelerometer; autoplay; clipboard-write; encrypted-media; gyroscope; picture-in-picture; web-share\" referrerpolicy=\"strict-origin-when-cross-origin\" allowfullscreen><\/iframe><\/div>\n<\/div>\n<h2><\/h2>\n<h2><strong>05.08. 2023 Donovalsk\u00fd Drap\u00e1k<\/strong><\/h2>\n<p><span style=\"font-weight: 400;\"><strong>Tieto preteky s\u00fa zn\u00e1me svojou n\u00e1ro\u010dnos\u0165ou, ale z\u00e1rove\u0148 ob\u013e\u00faben\u00e9 v\u010faka lokalite.<\/strong> Pre cyklistov s\u00fa pripraven\u00e9 trate s poriadnou d\u00e1vkou v\u00fd\u0161kov\u00fdch metrov. Drap\u00e1k Hobby 22,5 km s prev\u00fd\u0161en\u00edm 700 m, Drap\u00e1k Marat\u00f3n 50 km s prev\u00fd\u0161en\u00edm 1 650 m. Preteky s\u00fa ka\u017edoro\u010dne ur\u010den\u00e9 nielen pre cyklistov, ale aj pre be\u017ecov. T\u00ed si m\u00f4\u017eu vybra\u0165 tie\u017e z dvoch trat\u00ed, a to 10 km s prev\u00fd\u0161en\u00edm 380 m, alebo 20 km s prev\u00fd\u0161en\u00edm 600 m. Prv\u00fdch 100 registrovan\u00fdch dostane tri\u010dko zdarma.\u00a0<\/span><\/p>\n<div class=\"embed-controller-wrapper\">\n<div class=\"embed-wrapper\"><iframe title=\"Donovalsk\u00fd drap\u00e1k 2022\" width=\"500\" height=\"281\" data-src=\"https:\/\/www.youtube.com\/embed\/qtryVLc06q0?feature=oembed\" frameborder=\"0\" allow=\"accelerometer; autoplay; clipboard-write; encrypted-media; gyroscope; picture-in-picture; web-share\" referrerpolicy=\"strict-origin-when-cross-origin\" allowfullscreen><\/iframe><\/div>\n<\/div>\n<h2><\/h2>\n<h2><strong>12.08. 2023 \u0160KODA Horal MTB marat\u00f3n<\/strong><\/h2>\n<p><span style=\"font-weight: 400;\">Fin\u00e1lov\u00e9 kolo s\u00e9rie \u0160KODA BIKE OPEN TOUR bude aj tento rok pod Tatrami. <strong>Je to u\u017e 24. ro\u010dn\u00edk tejto skvelej akcie a\u00a0ak ste sa z\u00fa\u010dastnili predch\u00e1dzaj\u00facich k\u00f4l, jednoducho tu nem\u00f4\u017eete ch\u00fdba\u0165.<\/strong> Na v\u00fdber je v\u017edy mno\u017estvo trat\u00ed pod\u013ea toho, ako m\u00e1te natr\u00e9novan\u00e9. Krejzi je tra\u0165 pre t\u00fdch najlep\u0161\u00edch a\u00a0m\u00e1 102 km. Lejzi trochu klame v\u00a0n\u00e1zve, ale je to tie\u017e poriadna tra\u0165 v\u00a0d\u013a\u017eke 58 km. Senzi m\u00e1 48 km a\u00a0nakoniec \u00cdzi 32 km. Ak sa pl\u00e1nujete z\u00fa\u010dastni\u0165 s\u00a0de\u0165mi, vyu\u017eite tra\u0165 Dejzi ktor\u00e1 m\u00e1 17 km.\u00a0<\/span><\/p>\n<div class=\"embed-controller-wrapper\">\n<div class=\"embed-wrapper\"><iframe title=\"HORAL 2022 - 23. ro\u010dn\u00edk\" width=\"500\" height=\"281\" data-src=\"https:\/\/www.youtube.com\/embed\/c8i33gX2Ots?feature=oembed\" frameborder=\"0\" allow=\"accelerometer; autoplay; clipboard-write; encrypted-media; gyroscope; picture-in-picture; web-share\" referrerpolicy=\"strict-origin-when-cross-origin\" allowfullscreen><\/iframe><\/div>\n<\/div>\n<h2><\/h2>\n<h2><strong>19.08. 2023 MTBIKER Novodubnick\u00fd marat\u00f3n 28. ro\u010dn\u00edk<\/strong><\/h2>\n<p><span style=\"font-weight: 400;\">Novodubnick\u00fd marat\u00f3n sa m\u00f4\u017ee p\u00fd\u0161i\u0165 ozna\u010den\u00edm najstar\u0161ie vytrvalostn\u00e9 preteky horsk\u00fdch bicyklov na Slovensku.<strong> T\u00e1 naj\u0165a\u017e\u0161ia tra\u0165 Hard m\u00e1 nielen d\u013a\u017eku 84 km ale najm\u00e4 prev\u00fd\u0161enie 3000 m.<\/strong> Tra\u0165 Klasik pon\u00faka 43 km a prev\u00fd\u0161enie 1 300 m. No a nakoniec nes\u00fa\u0165a\u017en\u00e1 tra\u0165 Family m\u00e1 d\u013a\u017eku 13 km a prev\u00fd\u0161enie 400 m. Zapoji\u0165 sa m\u00f4\u017eete aj do s\u00fa\u0165a\u017ee Marat\u00f3nska rodina, kde vyhr\u00e1va rodina s najv\u00e4\u010d\u0161\u00edm po\u010dtom z\u00fa\u010dastnen\u00fdch pretek\u00e1rov.\u00a0<\/span><\/p>\n<div class=\"embed-controller-wrapper\">\n<div class=\"embed-wrapper\"><iframe title=\"MTBIKER Novodubnick\u00fd marat\u00f3n 100 km a 3200 m\" width=\"500\" height=\"281\" data-src=\"https:\/\/www.youtube.com\/embed\/UKaM5NwlNzk?feature=oembed\" frameborder=\"0\" allow=\"accelerometer; autoplay; clipboard-write; encrypted-media; gyroscope; picture-in-picture; web-share\" referrerpolicy=\"strict-origin-when-cross-origin\" allowfullscreen><\/iframe><\/div>\n<\/div>\n<h2><\/h2>\n<h2><strong>20.08. 2023 L&#8217;Etape Slovakia by Tour de France<\/strong><\/h2>\n<p><span style=\"font-weight: 400;\">Fan\u00fa\u0161ikovia cestnej cyklistiky si pr\u00eddu na svoje na t\u00fdchto pretekoch, ktor\u00e9 vo svojom n\u00e1zve nes\u00fa najzn\u00e1mej\u0161ie cestn\u00e9 preteky sveta. <strong>Preteky bud\u00fa prebieha\u0165 v profesion\u00e1lnych podmienkach, ak\u00e9 s\u00fa aj na sl\u00e1vnej Tour de France.<\/strong> Pripraven\u00e9 s\u00fa tri trate \u2013 Family Ride 35 km, The Ride 65 km a\u00a0The Race 117 km. \u0160tartuje sa pri \u0160trkoveckom jazere a\u00a0cie\u013e je na Kamz\u00edku. S\u00fa\u0165a\u017ei\u0165 sa bude aj o\u00a0farebn\u00e9 dresy a\u00a0m\u00e1te jedine\u010dn\u00fa mo\u017enos\u0165 zajazdi\u0165 si s\u00a0profesion\u00e1lmi, ktor\u00fd jazdili aj TdF.\u00a0\u00a0<\/span><\/p>\n<div class=\"embed-controller-wrapper\">\n<div class=\"embed-wrapper\"><iframe title=\"L&#039;Etape Slovakia 2022 - Highlights | L&#039;Etape by Tour de France\" width=\"500\" height=\"281\" data-src=\"https:\/\/www.youtube.com\/embed\/6IaKKYQ5Hfc?feature=oembed\" frameborder=\"0\" allow=\"accelerometer; autoplay; clipboard-write; encrypted-media; gyroscope; picture-in-picture; web-share\" referrerpolicy=\"strict-origin-when-cross-origin\" allowfullscreen><\/iframe><\/div>\n<\/div>\n<h2><\/h2>\n<h2><strong>26.08. 2023 MTB marat\u00f3n \u010carnohurec<\/strong><\/h2>\n<p><span style=\"font-weight: 400;\">Posledn\u00fd augustov\u00fd v\u00edkend bude patri\u0165 horsk\u00fdm pretekom v\u00a0Brezovici nad Torysou.<strong> V\u00a0kr\u00e1snom kraji Levo\u010dsk\u00fdch vrchov si m\u00f4\u017eete vybra\u0165 dve trate \u2013 27 km s\u00a0prev\u00fd\u0161en\u00edm 830 m, alebo 44 km s\u00a0prev\u00fd\u0161en\u00edm 1 380 m.<\/strong> Zauj\u00edmavos\u0165ou je, \u017ee ka\u017ed\u00fd \u00fasek m\u00e1 svoje miestne ozna\u010denie, tak\u017ee v\u00e1m to pom\u00f4\u017ee v\u00a0orient\u00e1cii na trati. Nebude ch\u00fdba\u0165 ani z\u00e1bavn\u00fd program a\u00a0s\u00fa\u0165a\u017ee pre deti. V\u00a0tomto kraji m\u00f4\u017eete str\u00e1vi\u0165 aj cel\u00fd v\u00edkend a\u00a0ur\u010dite budete ma\u0165 \u010do robi\u0165.\u00a0<\/span><\/p>\n<div class=\"embed-controller-wrapper\">\n<div class=\"embed-wrapper\"><iframe title=\"\u010carnohurec MTB marat\u00f3n 2014\" width=\"500\" height=\"281\" data-src=\"https:\/\/www.youtube.com\/embed\/irwWqcc6lG8?feature=oembed\" frameborder=\"0\" allow=\"accelerometer; autoplay; clipboard-write; encrypted-media; gyroscope; picture-in-picture; web-share\" referrerpolicy=\"strict-origin-when-cross-origin\" allowfullscreen><\/iframe><\/div>\n<\/div>\n<p>&nbsp;<\/p>\n","protected":false},"excerpt":{"rendered":"<p>Za\u010diatok mesiaca bude dos\u0165 pestr\u00fd, preto\u017ee sa tam prekr\u00fdva viacero skvel\u00fdch cyklo podujat\u00ed. Hne\u010f v prv\u00fa augustov\u00fa sobotu si napr\u00edklad [&hellip;]<\/p>\n","protected":false},"author":172,"featured_media":17977,"comment_status":"open","ping_status":"open","sticky":false,"template":"","format":"standard","meta":{"footnotes":""},"categories":[191],"tags":[1371,964,180,1351,566,178,412,1453,1517,37,91,179,509,1557,542,214,1072],"global-categories":[1074],"class_list":["post-17975","post","type-post","status-publish","format-standard","has-post-thumbnail","hentry","category-odporucame","tag-august","tag-family","tag-horska-cyklistika","tag-letape-slovakia","tag-leto","tag-maraton","tag-mtb","tag-mtb-jazda","tag-mtbiker","tag-podujatia","tag-pozvanka","tag-preteky","tag-rodina","tag-sezona-2023","tag-skoda","tag-skoda-horal-mtb-maraton","tag-trat","global-categories-cycling"],"yoast_head":"<!-- This site is optimized with the Yoast SEO Premium plugin v25.3 (Yoast SEO v25.9) - https:\/\/yoast.com\/wordpress\/plugins\/seo\/ -->\n<title>August 2023 \u2013 ak m\u00e1te chu\u0165 preteka\u0165, ur\u010dite si vyberiete<\/title>\n<meta name=\"description\" content=\"Za\u010diatok augusta bude dos\u0165 pestr\u00fd, no cel\u00fd mesiac bude o\u00a0z\u00e1bavu postaran\u00e9, a\u00a0ak m\u00e1te chu\u0165 preteka\u0165, ur\u010dite si vyberiete.\u00a0\u00a0\u00a0\u00a0\" \/>\n<meta name=\"robots\" content=\"index, follow, max-snippet:-1, max-image-preview:large, max-video-preview:-1\" \/>\n<link rel=\"canonical\" href=\"https:\/\/www.welovecycling.com\/sk\/2023\/07\/31\/august-2023-ak-mate-chut-pretekat-urcite-si-vyberiete\/\" \/>\n<meta property=\"og:locale\" content=\"sk_SK\" \/>\n<meta property=\"og:type\" content=\"article\" \/>\n<meta property=\"og:title\" content=\"August 2023 \u2013 ak m\u00e1te chu\u0165 preteka\u0165, ur\u010dite si vyberiete\" \/>\n<meta property=\"og:description\" content=\"Za\u010diatok augusta bude dos\u0165 pestr\u00fd, no cel\u00fd mesiac bude o\u00a0z\u00e1bavu postaran\u00e9, a\u00a0ak m\u00e1te chu\u0165 preteka\u0165, ur\u010dite si vyberiete.\u00a0\u00a0\u00a0\u00a0\" \/>\n<meta property=\"og:url\" content=\"https:\/\/www.welovecycling.com\/sk\/2023\/07\/31\/august-2023-ak-mate-chut-pretekat-urcite-si-vyberiete\/\" \/>\n<meta property=\"og:site_name\" content=\"\u0160koda We Love Cycling Slovensko\" \/>\n<meta property=\"article:published_time\" content=\"2023-07-31T09:33:14+00:00\" \/>\n<meta property=\"og:image\" content=\"https:\/\/d2p6e6u75xmxt8.cloudfront.net\/4\/2023\/07\/titulka-1.webp\" \/>\n\t<meta property=\"og:image:width\" content=\"990\" \/>\n\t<meta property=\"og:image:height\" content=\"660\" \/>\n\t<meta property=\"og:image:type\" content=\"image\/webp\" \/>\n<meta name=\"author\" content=\"dominika\" \/>\n<meta name=\"twitter:card\" content=\"summary_large_image\" \/>\n<meta name=\"twitter:label1\" content=\"Written by\" \/>\n\t<meta name=\"twitter:data1\" content=\"We Love Cycling\" \/>\n\t<meta name=\"twitter:label2\" content=\"Est. reading time\" \/>\n\t<meta name=\"twitter:data2\" content=\"3\" \/>\n<script type=\"application\/ld+json\" class=\"yoast-schema-graph\">{\"@context\":\"https:\/\/schema.org\",\"@graph\":[{\"@type\":\"WebPage\",\"@id\":\"https:\/\/www.welovecycling.com\/sk\/2023\/07\/31\/august-2023-ak-mate-chut-pretekat-urcite-si-vyberiete\/\",\"url\":\"https:\/\/www.welovecycling.com\/sk\/2023\/07\/31\/august-2023-ak-mate-chut-pretekat-urcite-si-vyberiete\/\",\"name\":\"August 2023 \u2013 ak m\u00e1te chu\u0165 preteka\u0165, ur\u010dite si vyberiete\",\"isPartOf\":{\"@id\":\"https:\/\/www.welovecycling.com\/sk\/#website\"},\"primaryImageOfPage\":{\"@id\":\"https:\/\/www.welovecycling.com\/sk\/2023\/07\/31\/august-2023-ak-mate-chut-pretekat-urcite-si-vyberiete\/#primaryimage\"},\"image\":{\"@id\":\"https:\/\/www.welovecycling.com\/sk\/2023\/07\/31\/august-2023-ak-mate-chut-pretekat-urcite-si-vyberiete\/#primaryimage\"},\"thumbnailUrl\":\"https:\/\/d2p6e6u75xmxt8.cloudfront.net\/4\/2023\/07\/titulka-1.webp\",\"datePublished\":\"2023-07-31T09:33:14+00:00\",\"author\":{\"@id\":\"https:\/\/www.welovecycling.com\/sk\/#\/schema\/person\/533b62b98b6c41bd5135ebfb1f742624\"},\"description\":\"Za\u010diatok augusta bude dos\u0165 pestr\u00fd, no cel\u00fd mesiac bude o\u00a0z\u00e1bavu postaran\u00e9, a\u00a0ak m\u00e1te chu\u0165 preteka\u0165, ur\u010dite si vyberiete.\u00a0\u00a0\u00a0\u00a0\",\"breadcrumb\":{\"@id\":\"https:\/\/www.welovecycling.com\/sk\/2023\/07\/31\/august-2023-ak-mate-chut-pretekat-urcite-si-vyberiete\/#breadcrumb\"},\"inLanguage\":\"sk-SK\",\"potentialAction\":[{\"@type\":\"ReadAction\",\"target\":[\"https:\/\/www.welovecycling.com\/sk\/2023\/07\/31\/august-2023-ak-mate-chut-pretekat-urcite-si-vyberiete\/\"]}]},{\"@type\":\"ImageObject\",\"inLanguage\":\"sk-SK\",\"@id\":\"https:\/\/www.welovecycling.com\/sk\/2023\/07\/31\/august-2023-ak-mate-chut-pretekat-urcite-si-vyberiete\/#primaryimage\",\"url\":\"https:\/\/d2p6e6u75xmxt8.cloudfront.net\/4\/2023\/07\/titulka-1.webp\",\"contentUrl\":\"https:\/\/d2p6e6u75xmxt8.cloudfront.net\/4\/2023\/07\/titulka-1.webp\",\"width\":990,\"height\":660},{\"@type\":\"BreadcrumbList\",\"@id\":\"https:\/\/www.welovecycling.com\/sk\/2023\/07\/31\/august-2023-ak-mate-chut-pretekat-urcite-si-vyberiete\/#breadcrumb\",\"itemListElement\":[{\"@type\":\"ListItem\",\"position\":1,\"name\":\"Home\",\"item\":\"https:\/\/www.welovecycling.com\/sk\/\"},{\"@type\":\"ListItem\",\"position\":2,\"name\":\"August 2023 \u2013 ak m\u00e1te chu\u0165 preteka\u0165, ur\u010dite si vyberiete\"}]},{\"@type\":\"WebSite\",\"@id\":\"https:\/\/www.welovecycling.com\/sk\/#website\",\"url\":\"https:\/\/www.welovecycling.com\/sk\/\",\"name\":\"\u0160koda We Love Cycling Slovensko\",\"description\":\"\u0160koda We Love Cycling Slovensko je v\u00e1\u0161 ka\u017edodenn\u00fd zdroj noviniek a in\u0161pir\u00e1cie z sveta cyklistiky\",\"potentialAction\":[{\"@type\":\"SearchAction\",\"target\":{\"@type\":\"EntryPoint\",\"urlTemplate\":\"https:\/\/www.welovecycling.com\/sk\/?s={search_term_string}\"},\"query-input\":{\"@type\":\"PropertyValueSpecification\",\"valueRequired\":true,\"valueName\":\"search_term_string\"}}],\"inLanguage\":\"sk-SK\"},{\"@type\":\"Person\",\"@id\":\"https:\/\/www.welovecycling.com\/sk\/#\/schema\/person\/533b62b98b6c41bd5135ebfb1f742624\",\"name\":\"dominika\",\"image\":{\"@type\":\"ImageObject\",\"inLanguage\":\"sk-SK\",\"@id\":\"https:\/\/www.welovecycling.com\/sk\/#\/schema\/person\/image\/\",\"url\":\"https:\/\/secure.gravatar.com\/avatar\/ded6f274ba2ec3e17fff153f7d9d96a4b33c2cb63907f75d9a5309c599a7f3e6?s=96&d=mm&r=g\",\"contentUrl\":\"https:\/\/secure.gravatar.com\/avatar\/ded6f274ba2ec3e17fff153f7d9d96a4b33c2cb63907f75d9a5309c599a7f3e6?s=96&d=mm&r=g\",\"caption\":\"dominika\"},\"url\":\"https:\/\/www.welovecycling.com\/sk\/author\/dominika\/\"}]}<\/script>\n<!-- \/ Yoast SEO Premium plugin. -->","yoast_head_json":{"title":"August 2023 \u2013 ak m\u00e1te chu\u0165 preteka\u0165, ur\u010dite si vyberiete","description":"Za\u010diatok augusta bude dos\u0165 pestr\u00fd, no cel\u00fd mesiac bude o\u00a0z\u00e1bavu postaran\u00e9, a\u00a0ak m\u00e1te chu\u0165 preteka\u0165, ur\u010dite si vyberiete.\u00a0\u00a0\u00a0\u00a0","robots":{"index":"index","follow":"follow","max-snippet":"max-snippet:-1","max-image-preview":"max-image-preview:large","max-video-preview":"max-video-preview:-1"},"canonical":"https:\/\/www.welovecycling.com\/sk\/2023\/07\/31\/august-2023-ak-mate-chut-pretekat-urcite-si-vyberiete\/","og_locale":"sk_SK","og_type":"article","og_title":"August 2023 \u2013 ak m\u00e1te chu\u0165 preteka\u0165, ur\u010dite si vyberiete","og_description":"Za\u010diatok augusta bude dos\u0165 pestr\u00fd, no cel\u00fd mesiac bude o\u00a0z\u00e1bavu postaran\u00e9, a\u00a0ak m\u00e1te chu\u0165 preteka\u0165, ur\u010dite si vyberiete.\u00a0\u00a0\u00a0\u00a0","og_url":"https:\/\/www.welovecycling.com\/sk\/2023\/07\/31\/august-2023-ak-mate-chut-pretekat-urcite-si-vyberiete\/","og_site_name":"\u0160koda We Love Cycling Slovensko","article_published_time":"2023-07-31T09:33:14+00:00","og_image":[{"width":990,"height":660,"url":"https:\/\/d2p6e6u75xmxt8.cloudfront.net\/4\/2023\/07\/titulka-1.webp","type":"image\/webp"}],"author":"dominika","twitter_card":"summary_large_image","twitter_misc":{"Written by":"We Love Cycling","Est. reading time":"3"},"schema":{"@context":"https:\/\/schema.org","@graph":[{"@type":"WebPage","@id":"https:\/\/www.welovecycling.com\/sk\/2023\/07\/31\/august-2023-ak-mate-chut-pretekat-urcite-si-vyberiete\/","url":"https:\/\/www.welovecycling.com\/sk\/2023\/07\/31\/august-2023-ak-mate-chut-pretekat-urcite-si-vyberiete\/","name":"August 2023 \u2013 ak m\u00e1te chu\u0165 preteka\u0165, ur\u010dite si vyberiete","isPartOf":{"@id":"https:\/\/www.welovecycling.com\/sk\/#website"},"primaryImageOfPage":{"@id":"https:\/\/www.welovecycling.com\/sk\/2023\/07\/31\/august-2023-ak-mate-chut-pretekat-urcite-si-vyberiete\/#primaryimage"},"image":{"@id":"https:\/\/www.welovecycling.com\/sk\/2023\/07\/31\/august-2023-ak-mate-chut-pretekat-urcite-si-vyberiete\/#primaryimage"},"thumbnailUrl":"https:\/\/d2p6e6u75xmxt8.cloudfront.net\/4\/2023\/07\/titulka-1.webp","datePublished":"2023-07-31T09:33:14+00:00","author":{"@id":"https:\/\/www.welovecycling.com\/sk\/#\/schema\/person\/533b62b98b6c41bd5135ebfb1f742624"},"description":"Za\u010diatok augusta bude dos\u0165 pestr\u00fd, no cel\u00fd mesiac bude o\u00a0z\u00e1bavu postaran\u00e9, a\u00a0ak m\u00e1te chu\u0165 preteka\u0165, ur\u010dite si vyberiete.\u00a0\u00a0\u00a0\u00a0","breadcrumb":{"@id":"https:\/\/www.welovecycling.com\/sk\/2023\/07\/31\/august-2023-ak-mate-chut-pretekat-urcite-si-vyberiete\/#breadcrumb"},"inLanguage":"sk-SK","potentialAction":[{"@type":"ReadAction","target":["https:\/\/www.welovecycling.com\/sk\/2023\/07\/31\/august-2023-ak-mate-chut-pretekat-urcite-si-vyberiete\/"]}]},{"@type":"ImageObject","inLanguage":"sk-SK","@id":"https:\/\/www.welovecycling.com\/sk\/2023\/07\/31\/august-2023-ak-mate-chut-pretekat-urcite-si-vyberiete\/#primaryimage","url":"https:\/\/d2p6e6u75xmxt8.cloudfront.net\/4\/2023\/07\/titulka-1.webp","contentUrl":"https:\/\/d2p6e6u75xmxt8.cloudfront.net\/4\/2023\/07\/titulka-1.webp","width":990,"height":660},{"@type":"BreadcrumbList","@id":"https:\/\/www.welovecycling.com\/sk\/2023\/07\/31\/august-2023-ak-mate-chut-pretekat-urcite-si-vyberiete\/#breadcrumb","itemListElement":[{"@type":"ListItem","position":1,"name":"Home","item":"https:\/\/www.welovecycling.com\/sk\/"},{"@type":"ListItem","position":2,"name":"August 2023 \u2013 ak m\u00e1te chu\u0165 preteka\u0165, ur\u010dite si vyberiete"}]},{"@type":"WebSite","@id":"https:\/\/www.welovecycling.com\/sk\/#website","url":"https:\/\/www.welovecycling.com\/sk\/","name":"\u0160koda We Love Cycling Slovensko","description":"\u0160koda We Love Cycling Slovensko je v\u00e1\u0161 ka\u017edodenn\u00fd zdroj noviniek a in\u0161pir\u00e1cie z sveta cyklistiky","potentialAction":[{"@type":"SearchAction","target":{"@type":"EntryPoint","urlTemplate":"https:\/\/www.welovecycling.com\/sk\/?s={search_term_string}"},"query-input":{"@type":"PropertyValueSpecification","valueRequired":true,"valueName":"search_term_string"}}],"inLanguage":"sk-SK"},{"@type":"Person","@id":"https:\/\/www.welovecycling.com\/sk\/#\/schema\/person\/533b62b98b6c41bd5135ebfb1f742624","name":"dominika","image":{"@type":"ImageObject","inLanguage":"sk-SK","@id":"https:\/\/www.welovecycling.com\/sk\/#\/schema\/person\/image\/","url":"https:\/\/secure.gravatar.com\/avatar\/ded6f274ba2ec3e17fff153f7d9d96a4b33c2cb63907f75d9a5309c599a7f3e6?s=96&d=mm&r=g","contentUrl":"https:\/\/secure.gravatar.com\/avatar\/ded6f274ba2ec3e17fff153f7d9d96a4b33c2cb63907f75d9a5309c599a7f3e6?s=96&d=mm&r=g","caption":"dominika"},"url":"https:\/\/www.welovecycling.com\/sk\/author\/dominika\/"}]}},"_links":{"self":[{"href":"https:\/\/www.welovecycling.com\/sk\/wp-json\/wp\/v2\/posts\/17975","targetHints":{"allow":["GET"]}}],"collection":[{"href":"https:\/\/www.welovecycling.com\/sk\/wp-json\/wp\/v2\/posts"}],"about":[{"href":"https:\/\/www.welovecycling.com\/sk\/wp-json\/wp\/v2\/types\/post"}],"author":[{"embeddable":true,"href":"https:\/\/www.welovecycling.com\/sk\/wp-json\/wp\/v2\/users\/172"}],"replies":[{"embeddable":true,"href":"https:\/\/www.welovecycling.com\/sk\/wp-json\/wp\/v2\/comments?post=17975"}],"version-history":[{"count":4,"href":"https:\/\/www.welovecycling.com\/sk\/wp-json\/wp\/v2\/posts\/17975\/revisions"}],"predecessor-version":[{"id":17980,"href":"https:\/\/www.welovecycling.com\/sk\/wp-json\/wp\/v2\/posts\/17975\/revisions\/17980"}],"wp:featuredmedia":[{"embeddable":true,"href":"https:\/\/www.welovecycling.com\/sk\/wp-json\/wp\/v2\/media\/17977"}],"wp:attachment":[{"href":"https:\/\/www.welovecycling.com\/sk\/wp-json\/wp\/v2\/media?parent=17975"}],"wp:term":[{"taxonomy":"category","embeddable":true,"href":"https:\/\/www.welovecycling.com\/sk\/wp-json\/wp\/v2\/categories?post=17975"},{"taxonomy":"post_tag","embeddable":true,"href":"https:\/\/www.welovecycling.com\/sk\/wp-json\/wp\/v2\/tags?post=17975"},{"taxonomy":"global-categories","embeddable":true,"href":"https:\/\/www.welovecycling.com\/sk\/wp-json\/wp\/v2\/global-categories?post=17975"}],"curies":[{"name":"wp","href":"https:\/\/api.w.org\/{rel}","templated":true}]}}