{"id":17965,"date":"2023-07-26T10:19:10","date_gmt":"2023-07-26T08:19:10","guid":{"rendered":"https:\/\/www.welovecycling.com\/sk\/?p=17965"},"modified":"2023-07-26T10:19:10","modified_gmt":"2023-07-26T08:19:10","slug":"tour-de-france-2023-napinavy-suboj-dvoch-gigantov","status":"publish","type":"post","link":"https:\/\/www.welovecycling.com\/sk\/2023\/07\/26\/tour-de-france-2023-napinavy-suboj-dvoch-gigantov\/","title":{"rendered":"Tour de France 2023 &#8211; nap\u00ednav\u00fd s\u00faboj dvoch gigantov"},"content":{"rendered":"<p><strong>110. ro\u010dn\u00edk Tour de France n\u00e1m priniesol o\u010dak\u00e1van\u00fd s\u00faboj dvoch ve\u013ek\u00fdch rivalov, no aj neo\u010dak\u00e1van\u00fa dr\u00e1mu.<\/strong><!--more--><\/p>\n<h2><b>Baskick\u00e9 rodeo<\/b><\/h2>\n<p><span style=\"font-weight: 400;\">Grand D\u00e9part tento rok prebehol v\u00a0baskickej metropole, Bilbau. Prv\u00e9 tri dni v\u00a0tomto regi\u00f3ne na severe \u0160panielska sa niesli v\u00a0znamen\u00ed kr\u00e1tkych, no o\u00a0to ostrej\u0161\u00edch \u201ebrdkov\u201c. <\/span><b>To predur\u010dovalo k\u00a0v\u00ed\u0165azstv\u00e1m najm\u00e4 \u013eahk\u00fdch vrch\u00e1rov<\/b><span style=\"font-weight: 400;\"><strong>, no svoju \u0161ancu chceli vyu\u017ei\u0165 aj klasik\u00e1ri.<\/strong> Prv\u00fd de\u0148 sa stal osudn\u00fdm hne\u010f dvom favoritom na celkov\u00e9 poradie. Enric Mas i\u00a0Richard Carapaz z\u00a0pretekov odstupuj\u00fa po p\u00e1de, zatia\u013e \u010do UAE Emirates sa te\u0161\u00ed z\u00a0prv\u00e9ho d\u0148a v\u00a0\u017eltom drese po v\u00ed\u0165azstve Adama Yatesa.<\/span><\/p>\n<p><a href=\"https:\/\/www.instagram.com\/p\/CuKf1gptkaq\/\">https:\/\/www.instagram.com\/p\/CuKf1gptkaq\/<\/a><\/p>\n<h2><b>Neprekonate\u013en\u00fd Jasper Philipsen<\/b><\/h2>\n<p><span style=\"font-weight: 400;\">\u0160print\u00e9rske dojazdy mali toho roku \u00faplne jasn\u00e9ho favorita. T\u00fdm bol Belgi\u010dan Jasper Philipsen, moment\u00e1lne asi najr\u00fdchlej\u0161\u00ed cyklista sveta. <\/span><b>Podarilo sa mu vyhra\u0165 dovedna \u0161tyri \u0161print\u00e9rske dojazdy<\/b><span style=\"font-weight: 400;\">, najm\u00e4 v\u010faka vynikaj\u00facemu \u0161print\u00e9rskemu \u201evl\u00e1\u010diku\u201c, ktor\u00e9ho ru\u0161\u0148ovodi\u010dom bol Mathieu van der Poel.<\/span><\/p>\n<p><a href=\"https:\/\/www.instagram.com\/p\/CuZtb_1Py0y\/?utm_source=ig_embed&#038;ig_rid=e4a4d84f-509d-4539-b256-79262fe39225\">https:\/\/www.instagram.com\/p\/CuZtb_1Py0y\/?utm_source=ig_embed&amp;ig_rid=e4a4d84f-509d-4539-b256-79262fe39225<\/a><\/p>\n<p><span style=\"font-weight: 400;\">V\u00a0\u0161printoch sa v\u0161ak lepila smola na koles\u00e1 hne\u010f viacer\u00fdm r\u00fdchlikom. <\/span><b>Mark Cavendish putoval domov po p\u00e1de<\/b><span style=\"font-weight: 400;\">, Wout van Aert zas nedok\u00e1zal vyzrie\u0165 na ne\u010dakan\u00fd n\u00e1stup Victora Lafaya, Caleb Ewan op\u00e4\u0165 pre\u017eil ve\u013emi nen\u00e1padn\u00fa Tour a\u00a0jeho odst\u00fapenie bolo z\u00a0radov t\u00edmu Lotto-Dstny ozna\u010den\u00e9 ako \u201enechutn\u00e9\u201c.<\/span><\/p>\n<h2><b>N\u00e1ro\u010dn\u00e9 st\u00fapania u\u017e v\u00a0\u00favode<\/b><\/h2>\n<p><span style=\"font-weight: 400;\">Prv\u00fd t\u00fd\u017ede\u0148 n\u00e1m uk\u00e1zal hne\u010f dve st\u00fapania Hors categorie. Col de Soudet a\u00a0Col du Tourmalet v\u0161ak bola len \u010das\u0165 toho, \u010do na pretek\u00e1rov \u201eu\u0161ili\u201c organiz\u00e1tori. V\u00fdborne sa s\u00a0t\u00fdm dok\u00e1zal popasova\u0165 Jai Hindley, ktor\u00fd <\/span><b>svojou s\u00f3lo jazdou poslal t\u00edm Bora-Hansgrohe do \u017elt\u00e9ho dresu prv\u00fdkr\u00e1t odvtedy, \u010do sa to podarilo n\u00e1\u0161mu Pe\u0165ovi Saganovi<\/b><span style=\"font-weight: 400;\">.<\/span><\/p>\n<div class=\"embed-controller-wrapper\">\n<div class=\"embed-wrapper\"><iframe title=\"Jai Hindley BLASTS OFF On Marie Blanque In Stage 5 Of Tour de France 2023\" width=\"500\" height=\"281\" data-src=\"https:\/\/www.youtube.com\/embed\/lgh4eaB9238?feature=oembed\" frameborder=\"0\" allow=\"accelerometer; autoplay; clipboard-write; encrypted-media; gyroscope; picture-in-picture; web-share\" referrerpolicy=\"strict-origin-when-cross-origin\" allowfullscreen><\/iframe><\/div>\n<\/div>\n<p><span style=\"font-weight: 400;\">Prv\u00e9 s\u00faboje, samozrejme, zviedli aj hlavn\u00ed protagonisti, obhajuj\u00faci Jonas Vingegaard s\u00a0drav\u00fdm Tadejom Poga\u010darom. <\/span><b>Napriek rozli\u010dn\u00e9mu pr\u00edstupu k\u00a0pretekaniu bolo vidno, ak\u00fdmi vyrovnan\u00fdmi s\u00fapermi s\u00fa jeden druh\u00e9mu.<\/b><span style=\"font-weight: 400;\"> Dokazovali to aj po\u010das druh\u00e9ho t\u00fd\u017ed\u0148a \u2013 v\u017edy, ke\u010f jeden nast\u00fapil, ten druh\u00fd si ho st\u00e1le dr\u017eal na dostrel.<\/span><\/p>\n<p><a href=\"https:\/\/www.instagram.com\/p\/CuxTwlaOAgL\/?utm_source=ig_embed&#038;ig_rid=4795a484-737d-42f5-accd-4553884cc351\">https:\/\/www.instagram.com\/p\/CuxTwlaOAgL\/?utm_source=ig_embed&amp;ig_rid=4795a484-737d-42f5-accd-4553884cc351<\/a><\/p>\n<h2><b>Rozhodla \u010dasovka a\u00a0jeden kopec<\/b><\/h2>\n<p><span style=\"font-weight: 400;\">Pred tret\u00edm t\u00fd\u017ed\u0148om oboch delilo 10 sek\u00fand, na konci Tour to bolo sedem a\u00a0pol min\u00faty. Jonas Vingegaard dok\u00e1zal rozhodn\u00fa\u0165 Tour de France jedinou \u010dasovkou v\u00a0itiner\u00e1ri, ktor\u00fa <\/span><b>mal \u201ena\u010d\u00edtan\u00fa\u201c naozaj perfektne od z\u00e1krut a\u017e po dynamiku pohybu<\/b><span style=\"font-weight: 400;\">. Navy\u0161e, podal priam nad\u013eudsk\u00fd v\u00fdkon, aj \u010do sa t\u00fdka \u010d\u00edsiel. A\u00a0hodlal v\u00a0tom pokra\u010dova\u0165 aj v\u00a0\u010fal\u0161\u00ed de\u0148 na kopci Col de la Loze, kde Poga\u010dara doslova \u201evyplo\u201c a\u00a0do cie\u013ea sa u\u017e len tr\u00e1pil.<\/span><\/p>\n<p><a href=\"https:\/\/www.instagram.com\/p\/Cu4_WoHuzE4\/\">https:\/\/www.instagram.com\/p\/Cu4_WoHuzE4\/<\/a><\/p>\n<p><span style=\"font-weight: 400;\">Naopak, Vingegaard prech\u00e1dzal strm\u00e9 pas\u00e1\u017ee st\u00fapania na \u00farovni vy\u0161e 20 % so zjavnou \u013eahkos\u0165ou a\u00a0o\u00a0nieko\u013eko dn\u00ed sa neohrozene postavil na piedest\u00e1l na Elyzejsk\u00fdch poliach.<\/span><\/p>\n<h2><b>Rozl\u00fa\u010dky \u0161ampi\u00f3nov<\/b><\/h2>\n<p><span style=\"font-weight: 400;\"><strong>Pre mnoho jazdcov bola t\u00e1to Tour de France poslednou.<\/strong> Patr\u00ed medzi nich napr\u00edklad aj dom\u00e1ci matador, Thibaut Pinot, ktor\u00e9mu jeho fan\u00fa\u0161ikovia pripravili na dom\u00e1com kopci Petit Ballon kr\u00e1snu rozl\u00fa\u010dku.<\/span><\/p>\n<p><a href=\"https:\/\/www.instagram.com\/p\/CvAOOYuNq0T\/\">https:\/\/www.instagram.com\/p\/CvAOOYuNq0T\/<\/a><\/p>\n<p><span style=\"font-weight: 400;\">Pre n\u00e1s najv\u00fdraznej\u0161\u00edm, l\u00fa\u010diacim sa cyklistom, je ale Peter Sagan. <\/span><b>\u010clovek, ktor\u00fd na\u0161e Slovensko na franc\u00fazskych cest\u00e1ch zvidite\u013enil ziskom siedmich zelen\u00fdch dresov, mno\u017estvom v\u00ed\u0165azstiev a\u00a0v\u00a0neposlednom rade skvel\u00fdm pr\u00edstupom k\u00a0fan\u00fa\u0161ikom.<\/b><\/p>\n<p><a href=\"https:\/\/www.instagram.com\/p\/Cu2Ey2HxW9b\/?utm_source=ig_embed&#038;ig_rid=ae29e244-a8dc-42b7-8992-f9e132044c06\">https:\/\/www.instagram.com\/p\/Cu2Ey2HxW9b\/?utm_source=ig_embed&amp;ig_rid=ae29e244-a8dc-42b7-8992-f9e132044c06<\/a><\/p>\n<p><span style=\"font-weight: 400;\">\u017dlt\u00fd dres teda vo fin\u00e1le z\u00edskal Jonas Vingegaard, biely naposledy Tadej Poga\u010dar, bodkovan\u00fd Giulio Ciccone a\u00a0zelen\u00fd Jasper Philipsen. <strong>Tour de France, vid\u00edme sa o\u00a0rok!<\/strong><\/span><\/p>\n<p><span style=\"font-weight: 400;\">Zdroj titulnej fotografie: Martin Domok<\/span><\/p>\n","protected":false},"excerpt":{"rendered":"<p>110. ro\u010dn\u00edk Tour de France n\u00e1m priniesol o\u010dak\u00e1van\u00fd s\u00faboj dvoch ve\u013ek\u00fdch rivalov, no aj neo\u010dak\u00e1van\u00fa dr\u00e1mu.<\/p>\n","protected":false},"author":172,"featured_media":17966,"comment_status":"open","ping_status":"open","sticky":false,"template":"","format":"standard","meta":{"footnotes":""},"categories":[117],"tags":[115,961,331,1602,178,136,46,179,885,39,1557,1252,20,1600],"global-categories":[1074],"class_list":["post-17965","post","type-post","status-publish","format-standard","has-post-thumbnail","hentry","category-tour-de-france","tag-cestna-cyklistika","tag-etapa","tag-etapove-preteky","tag-jasper-philisen","tag-maraton","tag-mark-cavendish","tag-peter-sagan","tag-preteky","tag-profesional","tag-reportaz","tag-sezona-2023","tag-stara-dama","tag-tour-de-france","tag-tour-de-france-2023","global-categories-cycling"],"yoast_head":"<!-- This site is optimized with the Yoast SEO Premium plugin v25.3 (Yoast SEO v25.9) - https:\/\/yoast.com\/wordpress\/plugins\/seo\/ -->\n<title>Tour de France 2023 - nap\u00ednav\u00fd s\u00faboj dvoch gigantov<\/title>\n<meta name=\"description\" content=\"110. ro\u010dn\u00edk Tour de France n\u00e1m priniesol o\u010dak\u00e1van\u00fd s\u00faboj dvoch ve\u013ek\u00fdch rivalov, no taktie\u017e aj neo\u010dak\u00e1van\u00fa dr\u00e1mu.\" \/>\n<meta name=\"robots\" content=\"index, follow, max-snippet:-1, max-image-preview:large, max-video-preview:-1\" \/>\n<link rel=\"canonical\" href=\"https:\/\/www.welovecycling.com\/sk\/2023\/07\/26\/tour-de-france-2023-napinavy-suboj-dvoch-gigantov\/\" \/>\n<meta property=\"og:locale\" content=\"sk_SK\" \/>\n<meta property=\"og:type\" content=\"article\" \/>\n<meta property=\"og:title\" content=\"Tour de France 2023 - nap\u00ednav\u00fd s\u00faboj dvoch gigantov\" \/>\n<meta property=\"og:description\" content=\"110. ro\u010dn\u00edk Tour de France n\u00e1m priniesol o\u010dak\u00e1van\u00fd s\u00faboj dvoch ve\u013ek\u00fdch rivalov, no taktie\u017e aj neo\u010dak\u00e1van\u00fa dr\u00e1mu.\" \/>\n<meta property=\"og:url\" content=\"https:\/\/www.welovecycling.com\/sk\/2023\/07\/26\/tour-de-france-2023-napinavy-suboj-dvoch-gigantov\/\" \/>\n<meta property=\"og:site_name\" content=\"\u0160koda We Love Cycling Slovensko\" \/>\n<meta property=\"article:published_time\" content=\"2023-07-26T08:19:10+00:00\" \/>\n<meta property=\"og:image\" content=\"https:\/\/d2p6e6u75xmxt8.cloudfront.net\/4\/2023\/07\/tour_de_france_skoda.webp\" \/>\n\t<meta property=\"og:image:width\" content=\"990\" \/>\n\t<meta property=\"og:image:height\" content=\"660\" \/>\n\t<meta property=\"og:image:type\" content=\"image\/webp\" \/>\n<meta name=\"author\" content=\"dominika\" \/>\n<meta name=\"twitter:card\" content=\"summary_large_image\" \/>\n<meta name=\"twitter:label1\" content=\"Written by\" \/>\n\t<meta name=\"twitter:data1\" content=\"We Love Cycling\" \/>\n\t<meta name=\"twitter:label2\" content=\"Est. reading time\" \/>\n\t<meta name=\"twitter:data2\" content=\"2\" \/>\n<script type=\"application\/ld+json\" class=\"yoast-schema-graph\">{\"@context\":\"https:\/\/schema.org\",\"@graph\":[{\"@type\":\"WebPage\",\"@id\":\"https:\/\/www.welovecycling.com\/sk\/2023\/07\/26\/tour-de-france-2023-napinavy-suboj-dvoch-gigantov\/\",\"url\":\"https:\/\/www.welovecycling.com\/sk\/2023\/07\/26\/tour-de-france-2023-napinavy-suboj-dvoch-gigantov\/\",\"name\":\"Tour de France 2023 - nap\u00ednav\u00fd s\u00faboj dvoch gigantov\",\"isPartOf\":{\"@id\":\"https:\/\/www.welovecycling.com\/sk\/#website\"},\"primaryImageOfPage\":{\"@id\":\"https:\/\/www.welovecycling.com\/sk\/2023\/07\/26\/tour-de-france-2023-napinavy-suboj-dvoch-gigantov\/#primaryimage\"},\"image\":{\"@id\":\"https:\/\/www.welovecycling.com\/sk\/2023\/07\/26\/tour-de-france-2023-napinavy-suboj-dvoch-gigantov\/#primaryimage\"},\"thumbnailUrl\":\"https:\/\/d2p6e6u75xmxt8.cloudfront.net\/4\/2023\/07\/tour_de_france_skoda.webp\",\"datePublished\":\"2023-07-26T08:19:10+00:00\",\"author\":{\"@id\":\"https:\/\/www.welovecycling.com\/sk\/#\/schema\/person\/533b62b98b6c41bd5135ebfb1f742624\"},\"description\":\"110. ro\u010dn\u00edk Tour de France n\u00e1m priniesol o\u010dak\u00e1van\u00fd s\u00faboj dvoch ve\u013ek\u00fdch rivalov, no taktie\u017e aj neo\u010dak\u00e1van\u00fa dr\u00e1mu.\",\"breadcrumb\":{\"@id\":\"https:\/\/www.welovecycling.com\/sk\/2023\/07\/26\/tour-de-france-2023-napinavy-suboj-dvoch-gigantov\/#breadcrumb\"},\"inLanguage\":\"sk-SK\",\"potentialAction\":[{\"@type\":\"ReadAction\",\"target\":[\"https:\/\/www.welovecycling.com\/sk\/2023\/07\/26\/tour-de-france-2023-napinavy-suboj-dvoch-gigantov\/\"]}]},{\"@type\":\"ImageObject\",\"inLanguage\":\"sk-SK\",\"@id\":\"https:\/\/www.welovecycling.com\/sk\/2023\/07\/26\/tour-de-france-2023-napinavy-suboj-dvoch-gigantov\/#primaryimage\",\"url\":\"https:\/\/d2p6e6u75xmxt8.cloudfront.net\/4\/2023\/07\/tour_de_france_skoda.webp\",\"contentUrl\":\"https:\/\/d2p6e6u75xmxt8.cloudfront.net\/4\/2023\/07\/tour_de_france_skoda.webp\",\"width\":990,\"height\":660,\"caption\":\"Tour de Frande SKODA\"},{\"@type\":\"BreadcrumbList\",\"@id\":\"https:\/\/www.welovecycling.com\/sk\/2023\/07\/26\/tour-de-france-2023-napinavy-suboj-dvoch-gigantov\/#breadcrumb\",\"itemListElement\":[{\"@type\":\"ListItem\",\"position\":1,\"name\":\"Home\",\"item\":\"https:\/\/www.welovecycling.com\/sk\/\"},{\"@type\":\"ListItem\",\"position\":2,\"name\":\"Tour de France 2023 &#8211; nap\u00ednav\u00fd s\u00faboj dvoch gigantov\"}]},{\"@type\":\"WebSite\",\"@id\":\"https:\/\/www.welovecycling.com\/sk\/#website\",\"url\":\"https:\/\/www.welovecycling.com\/sk\/\",\"name\":\"\u0160koda We Love Cycling Slovensko\",\"description\":\"\u0160koda We Love Cycling Slovensko je v\u00e1\u0161 ka\u017edodenn\u00fd zdroj noviniek a in\u0161pir\u00e1cie z sveta cyklistiky\",\"potentialAction\":[{\"@type\":\"SearchAction\",\"target\":{\"@type\":\"EntryPoint\",\"urlTemplate\":\"https:\/\/www.welovecycling.com\/sk\/?s={search_term_string}\"},\"query-input\":{\"@type\":\"PropertyValueSpecification\",\"valueRequired\":true,\"valueName\":\"search_term_string\"}}],\"inLanguage\":\"sk-SK\"},{\"@type\":\"Person\",\"@id\":\"https:\/\/www.welovecycling.com\/sk\/#\/schema\/person\/533b62b98b6c41bd5135ebfb1f742624\",\"name\":\"dominika\",\"image\":{\"@type\":\"ImageObject\",\"inLanguage\":\"sk-SK\",\"@id\":\"https:\/\/www.welovecycling.com\/sk\/#\/schema\/person\/image\/\",\"url\":\"https:\/\/secure.gravatar.com\/avatar\/ded6f274ba2ec3e17fff153f7d9d96a4b33c2cb63907f75d9a5309c599a7f3e6?s=96&d=mm&r=g\",\"contentUrl\":\"https:\/\/secure.gravatar.com\/avatar\/ded6f274ba2ec3e17fff153f7d9d96a4b33c2cb63907f75d9a5309c599a7f3e6?s=96&d=mm&r=g\",\"caption\":\"dominika\"},\"url\":\"https:\/\/www.welovecycling.com\/sk\/author\/dominika\/\"}]}<\/script>\n<!-- \/ Yoast SEO Premium plugin. -->","yoast_head_json":{"title":"Tour de France 2023 - nap\u00ednav\u00fd s\u00faboj dvoch gigantov","description":"110. ro\u010dn\u00edk Tour de France n\u00e1m priniesol o\u010dak\u00e1van\u00fd s\u00faboj dvoch ve\u013ek\u00fdch rivalov, no taktie\u017e aj neo\u010dak\u00e1van\u00fa dr\u00e1mu.","robots":{"index":"index","follow":"follow","max-snippet":"max-snippet:-1","max-image-preview":"max-image-preview:large","max-video-preview":"max-video-preview:-1"},"canonical":"https:\/\/www.welovecycling.com\/sk\/2023\/07\/26\/tour-de-france-2023-napinavy-suboj-dvoch-gigantov\/","og_locale":"sk_SK","og_type":"article","og_title":"Tour de France 2023 - nap\u00ednav\u00fd s\u00faboj dvoch gigantov","og_description":"110. ro\u010dn\u00edk Tour de France n\u00e1m priniesol o\u010dak\u00e1van\u00fd s\u00faboj dvoch ve\u013ek\u00fdch rivalov, no taktie\u017e aj neo\u010dak\u00e1van\u00fa dr\u00e1mu.","og_url":"https:\/\/www.welovecycling.com\/sk\/2023\/07\/26\/tour-de-france-2023-napinavy-suboj-dvoch-gigantov\/","og_site_name":"\u0160koda We Love Cycling Slovensko","article_published_time":"2023-07-26T08:19:10+00:00","og_image":[{"width":990,"height":660,"url":"https:\/\/d2p6e6u75xmxt8.cloudfront.net\/4\/2023\/07\/tour_de_france_skoda.webp","type":"image\/webp"}],"author":"dominika","twitter_card":"summary_large_image","twitter_misc":{"Written by":"We Love Cycling","Est. reading time":"2"},"schema":{"@context":"https:\/\/schema.org","@graph":[{"@type":"WebPage","@id":"https:\/\/www.welovecycling.com\/sk\/2023\/07\/26\/tour-de-france-2023-napinavy-suboj-dvoch-gigantov\/","url":"https:\/\/www.welovecycling.com\/sk\/2023\/07\/26\/tour-de-france-2023-napinavy-suboj-dvoch-gigantov\/","name":"Tour de France 2023 - nap\u00ednav\u00fd s\u00faboj dvoch gigantov","isPartOf":{"@id":"https:\/\/www.welovecycling.com\/sk\/#website"},"primaryImageOfPage":{"@id":"https:\/\/www.welovecycling.com\/sk\/2023\/07\/26\/tour-de-france-2023-napinavy-suboj-dvoch-gigantov\/#primaryimage"},"image":{"@id":"https:\/\/www.welovecycling.com\/sk\/2023\/07\/26\/tour-de-france-2023-napinavy-suboj-dvoch-gigantov\/#primaryimage"},"thumbnailUrl":"https:\/\/d2p6e6u75xmxt8.cloudfront.net\/4\/2023\/07\/tour_de_france_skoda.webp","datePublished":"2023-07-26T08:19:10+00:00","author":{"@id":"https:\/\/www.welovecycling.com\/sk\/#\/schema\/person\/533b62b98b6c41bd5135ebfb1f742624"},"description":"110. ro\u010dn\u00edk Tour de France n\u00e1m priniesol o\u010dak\u00e1van\u00fd s\u00faboj dvoch ve\u013ek\u00fdch rivalov, no taktie\u017e aj neo\u010dak\u00e1van\u00fa dr\u00e1mu.","breadcrumb":{"@id":"https:\/\/www.welovecycling.com\/sk\/2023\/07\/26\/tour-de-france-2023-napinavy-suboj-dvoch-gigantov\/#breadcrumb"},"inLanguage":"sk-SK","potentialAction":[{"@type":"ReadAction","target":["https:\/\/www.welovecycling.com\/sk\/2023\/07\/26\/tour-de-france-2023-napinavy-suboj-dvoch-gigantov\/"]}]},{"@type":"ImageObject","inLanguage":"sk-SK","@id":"https:\/\/www.welovecycling.com\/sk\/2023\/07\/26\/tour-de-france-2023-napinavy-suboj-dvoch-gigantov\/#primaryimage","url":"https:\/\/d2p6e6u75xmxt8.cloudfront.net\/4\/2023\/07\/tour_de_france_skoda.webp","contentUrl":"https:\/\/d2p6e6u75xmxt8.cloudfront.net\/4\/2023\/07\/tour_de_france_skoda.webp","width":990,"height":660,"caption":"Tour de Frande SKODA"},{"@type":"BreadcrumbList","@id":"https:\/\/www.welovecycling.com\/sk\/2023\/07\/26\/tour-de-france-2023-napinavy-suboj-dvoch-gigantov\/#breadcrumb","itemListElement":[{"@type":"ListItem","position":1,"name":"Home","item":"https:\/\/www.welovecycling.com\/sk\/"},{"@type":"ListItem","position":2,"name":"Tour de France 2023 &#8211; nap\u00ednav\u00fd s\u00faboj dvoch gigantov"}]},{"@type":"WebSite","@id":"https:\/\/www.welovecycling.com\/sk\/#website","url":"https:\/\/www.welovecycling.com\/sk\/","name":"\u0160koda We Love Cycling Slovensko","description":"\u0160koda We Love Cycling Slovensko je v\u00e1\u0161 ka\u017edodenn\u00fd zdroj noviniek a in\u0161pir\u00e1cie z sveta cyklistiky","potentialAction":[{"@type":"SearchAction","target":{"@type":"EntryPoint","urlTemplate":"https:\/\/www.welovecycling.com\/sk\/?s={search_term_string}"},"query-input":{"@type":"PropertyValueSpecification","valueRequired":true,"valueName":"search_term_string"}}],"inLanguage":"sk-SK"},{"@type":"Person","@id":"https:\/\/www.welovecycling.com\/sk\/#\/schema\/person\/533b62b98b6c41bd5135ebfb1f742624","name":"dominika","image":{"@type":"ImageObject","inLanguage":"sk-SK","@id":"https:\/\/www.welovecycling.com\/sk\/#\/schema\/person\/image\/","url":"https:\/\/secure.gravatar.com\/avatar\/ded6f274ba2ec3e17fff153f7d9d96a4b33c2cb63907f75d9a5309c599a7f3e6?s=96&d=mm&r=g","contentUrl":"https:\/\/secure.gravatar.com\/avatar\/ded6f274ba2ec3e17fff153f7d9d96a4b33c2cb63907f75d9a5309c599a7f3e6?s=96&d=mm&r=g","caption":"dominika"},"url":"https:\/\/www.welovecycling.com\/sk\/author\/dominika\/"}]}},"_links":{"self":[{"href":"https:\/\/www.welovecycling.com\/sk\/wp-json\/wp\/v2\/posts\/17965","targetHints":{"allow":["GET"]}}],"collection":[{"href":"https:\/\/www.welovecycling.com\/sk\/wp-json\/wp\/v2\/posts"}],"about":[{"href":"https:\/\/www.welovecycling.com\/sk\/wp-json\/wp\/v2\/types\/post"}],"author":[{"embeddable":true,"href":"https:\/\/www.welovecycling.com\/sk\/wp-json\/wp\/v2\/users\/172"}],"replies":[{"embeddable":true,"href":"https:\/\/www.welovecycling.com\/sk\/wp-json\/wp\/v2\/comments?post=17965"}],"version-history":[{"count":3,"href":"https:\/\/www.welovecycling.com\/sk\/wp-json\/wp\/v2\/posts\/17965\/revisions"}],"predecessor-version":[{"id":17969,"href":"https:\/\/www.welovecycling.com\/sk\/wp-json\/wp\/v2\/posts\/17965\/revisions\/17969"}],"wp:featuredmedia":[{"embeddable":true,"href":"https:\/\/www.welovecycling.com\/sk\/wp-json\/wp\/v2\/media\/17966"}],"wp:attachment":[{"href":"https:\/\/www.welovecycling.com\/sk\/wp-json\/wp\/v2\/media?parent=17965"}],"wp:term":[{"taxonomy":"category","embeddable":true,"href":"https:\/\/www.welovecycling.com\/sk\/wp-json\/wp\/v2\/categories?post=17965"},{"taxonomy":"post_tag","embeddable":true,"href":"https:\/\/www.welovecycling.com\/sk\/wp-json\/wp\/v2\/tags?post=17965"},{"taxonomy":"global-categories","embeddable":true,"href":"https:\/\/www.welovecycling.com\/sk\/wp-json\/wp\/v2\/global-categories?post=17965"}],"curies":[{"name":"wp","href":"https:\/\/api.w.org\/{rel}","templated":true}]}}