{"id":17938,"date":"2023-07-20T10:23:59","date_gmt":"2023-07-20T08:23:59","guid":{"rendered":"https:\/\/www.welovecycling.com\/sk\/?p=17938"},"modified":"2023-07-20T10:29:19","modified_gmt":"2023-07-20T08:29:19","slug":"reportaz-skoda-mtb-maraton-levocske-vrchy-alebo-peklo-severu","status":"publish","type":"post","link":"https:\/\/www.welovecycling.com\/sk\/2023\/07\/20\/reportaz-skoda-mtb-maraton-levocske-vrchy-alebo-peklo-severu\/","title":{"rendered":"Report\u00e1\u017e: \u0160koda MTB marat\u00f3n Levo\u010dsk\u00e9 vrchy alebo peklo severu"},"content":{"rendered":"<p><strong>Posledn\u00fd v\u00edkend sa konalo \u010fal\u0161ie kolo zo s\u00e9rie \u0160KODA BIKE OPEN TOUR, tentoraz v\u00a0meste Levo\u010da.<\/strong><!--more--><\/p>\n<p><span style=\"font-weight: 400;\">V\u00edkendov\u00e9 dni boli poriadne hor\u00face, preto som si dovolil to prirovnanie s peklom, \u010do by \u010dlovek mo\u017eno a\u017e tak ne\u010dakal aj takto severnej\u0161ie.<strong> Z\u00e1rove\u0148 to bolo peklo aj pre m\u0148a, ale k tomu sa dostaneme nesk\u00f4r.<\/strong> Ka\u017edop\u00e1dne si organiz\u00e1tor pre \u00fa\u010dastn\u00edkov pripravil nieko\u013eko r\u00f4znych tr\u00e1s, a to konkr\u00e9tne 72 km\/2 155 m, 48 km\/1 456 m<\/span> <span style=\"font-weight: 400;\">(t\u00e1to trasa bola ur\u010den\u00e1 aj pre elektrobicykle a gravel kateg\u00f3riu), 24 km\/708 m, 10 km Family trasu a detsk\u00e9 trasy 6 km\/3 km. Osobne som si zvolil 48 km trasu, ktor\u00fa som \u0161iel aj vlani. Vedel som teda cca, \u010do ma \u010dak\u00e1, no nevedel som, ako to dopadne.<\/span><\/p>\n<p><span style=\"font-weight: 400;\"><strong>Trasy pre\u0161li minul\u00fd rok zmenou, nako\u013eko sa \u0161tart\/cie\u013e presunuli priamo do historick\u00e9ho centra mesta, \u010do ur\u010dite ocenil najviac doprovod pretek\u00e1rov.<\/strong> Napriek tejto zmene sa neubralo na n\u00e1ro\u010dnosti trat\u00ed, mo\u017eno sk\u00f4r opa\u010dne, no z\u00e1rove\u0148 dojazd do cie\u013ea popod hradby a\u00a0n\u00e1mestie je ur\u010dite zauj\u00edmavej\u0161\u00ed ako bol v\u00a0minulosti.\u00a0<\/span><\/p>\n<div id='gallery-1' class='gallery galleryid-17938 gallery-columns-2 gallery-size-full'><figure class='gallery-item'>\n\t\t\t<div class='gallery-icon landscape'>\n\t\t\t\t<a href='https:\/\/d2p6e6u75xmxt8.cloudfront.net\/4\/2023\/07\/skoda_levoca-26.webp'><img loading=\"lazy\" decoding=\"async\" width=\"990\" height=\"660\" src=\"https:\/\/d2p6e6u75xmxt8.cloudfront.net\/4\/2023\/07\/skoda_levoca-26.webp\" class=\"attachment-full size-full\" alt=\"\" srcset=\"https:\/\/d2p6e6u75xmxt8.cloudfront.net\/4\/2023\/07\/skoda_levoca-26.webp 990w, https:\/\/d2p6e6u75xmxt8.cloudfront.net\/4\/2023\/07\/skoda_levoca-26-300x200.webp 300w, https:\/\/d2p6e6u75xmxt8.cloudfront.net\/4\/2023\/07\/skoda_levoca-26-768x512.webp 768w, https:\/\/d2p6e6u75xmxt8.cloudfront.net\/4\/2023\/07\/skoda_levoca-26-400x267.webp 400w, https:\/\/d2p6e6u75xmxt8.cloudfront.net\/4\/2023\/07\/skoda_levoca-26-272x182.webp 272w\" sizes=\"auto, (max-width: 990px) 100vw, 990px\" \/><\/a>\n\t\t\t<\/div><\/figure><figure class='gallery-item'>\n\t\t\t<div class='gallery-icon landscape'>\n\t\t\t\t<a href='https:\/\/d2p6e6u75xmxt8.cloudfront.net\/4\/2023\/07\/skoda_levoca-27.webp'><img loading=\"lazy\" decoding=\"async\" width=\"990\" height=\"660\" src=\"https:\/\/d2p6e6u75xmxt8.cloudfront.net\/4\/2023\/07\/skoda_levoca-27.webp\" class=\"attachment-full size-full\" alt=\"\" srcset=\"https:\/\/d2p6e6u75xmxt8.cloudfront.net\/4\/2023\/07\/skoda_levoca-27.webp 990w, https:\/\/d2p6e6u75xmxt8.cloudfront.net\/4\/2023\/07\/skoda_levoca-27-300x200.webp 300w, https:\/\/d2p6e6u75xmxt8.cloudfront.net\/4\/2023\/07\/skoda_levoca-27-768x512.webp 768w, https:\/\/d2p6e6u75xmxt8.cloudfront.net\/4\/2023\/07\/skoda_levoca-27-400x267.webp 400w, https:\/\/d2p6e6u75xmxt8.cloudfront.net\/4\/2023\/07\/skoda_levoca-27-272x182.webp 272w\" sizes=\"auto, (max-width: 990px) 100vw, 990px\" \/><\/a>\n\t\t\t<\/div><\/figure>\n\t\t<\/div>\n\n<h2><b>Pr\u00edprava a\u00a0prezent\u00e1cia<\/b><\/h2>\n<p><span style=\"font-weight: 400;\"><strong>De\u0148 vopred som si pozrel predpove\u010f, kde som videl \u00fadaj pre Levo\u010du, ktor\u00fd ukazoval 28 \u00b0C, a tak som si povedal, \u017ee to je celkom fajn (nebola to ale pravda a nebolo to fajn \ud83d\ude00 ).<\/strong> Cestoval som r\u00e1no z Tren\u010d\u00edna do Levo\u010de a u\u017e cestou sa mi t\u00e1 teplota nepozd\u00e1vala. St\u00e1le som ale d\u00fafal, \u017ee na mieste to bude lep\u0161ie. Dorazil som nie\u010do pred 9-tou a u\u017e v tom \u010dase bolo na slnku poriadne hor\u00faco. Nako\u013eko som parkoval od prezent\u00e1cie \u010falej, tak som nachystal bike a \u0161iel sa odprezentova\u0165 priamo na \u0148om.\u00a0<\/span><\/p>\n<div id='gallery-2' class='gallery galleryid-17938 gallery-columns-2 gallery-size-full'><figure class='gallery-item'>\n\t\t\t<div class='gallery-icon landscape'>\n\t\t\t\t<a href='https:\/\/d2p6e6u75xmxt8.cloudfront.net\/4\/2023\/07\/skoda_levoca-28.webp'><img loading=\"lazy\" decoding=\"async\" width=\"990\" height=\"660\" src=\"https:\/\/d2p6e6u75xmxt8.cloudfront.net\/4\/2023\/07\/skoda_levoca-28.webp\" class=\"attachment-full size-full\" alt=\"\" srcset=\"https:\/\/d2p6e6u75xmxt8.cloudfront.net\/4\/2023\/07\/skoda_levoca-28.webp 990w, https:\/\/d2p6e6u75xmxt8.cloudfront.net\/4\/2023\/07\/skoda_levoca-28-300x200.webp 300w, https:\/\/d2p6e6u75xmxt8.cloudfront.net\/4\/2023\/07\/skoda_levoca-28-768x512.webp 768w, https:\/\/d2p6e6u75xmxt8.cloudfront.net\/4\/2023\/07\/skoda_levoca-28-400x267.webp 400w, https:\/\/d2p6e6u75xmxt8.cloudfront.net\/4\/2023\/07\/skoda_levoca-28-272x182.webp 272w\" sizes=\"auto, (max-width: 990px) 100vw, 990px\" \/><\/a>\n\t\t\t<\/div><\/figure><figure class='gallery-item'>\n\t\t\t<div class='gallery-icon landscape'>\n\t\t\t\t<a href='https:\/\/d2p6e6u75xmxt8.cloudfront.net\/4\/2023\/07\/skoda_levoca-29.webp'><img loading=\"lazy\" decoding=\"async\" width=\"990\" height=\"660\" src=\"https:\/\/d2p6e6u75xmxt8.cloudfront.net\/4\/2023\/07\/skoda_levoca-29.webp\" class=\"attachment-full size-full\" alt=\"\" srcset=\"https:\/\/d2p6e6u75xmxt8.cloudfront.net\/4\/2023\/07\/skoda_levoca-29.webp 990w, https:\/\/d2p6e6u75xmxt8.cloudfront.net\/4\/2023\/07\/skoda_levoca-29-300x200.webp 300w, https:\/\/d2p6e6u75xmxt8.cloudfront.net\/4\/2023\/07\/skoda_levoca-29-768x512.webp 768w, https:\/\/d2p6e6u75xmxt8.cloudfront.net\/4\/2023\/07\/skoda_levoca-29-400x267.webp 400w, https:\/\/d2p6e6u75xmxt8.cloudfront.net\/4\/2023\/07\/skoda_levoca-29-272x182.webp 272w\" sizes=\"auto, (max-width: 990px) 100vw, 990px\" \/><\/a>\n\t\t\t<\/div><\/figure>\n\t\t<\/div>\n\n<p><span style=\"font-weight: 400;\">Prezent\u00e1cia prebehla r\u00fdchlo a\u00a0bez probl\u00e9mov, \u017eiadne \u010dakanie, \u010di rady. Cestou nasp\u00e4\u0165 som stihol e\u0161te \u0161tart najdlh\u0161ej trasy, kde nebolo pretek\u00e1rov a\u017e tak ve\u013ea. N\u00e1sledne ma \u010dakala klasick\u00e1 rutina, obliec\u0165 sa, nachysta\u0165 veci do dresu, vodu a\u00a0rozjazdenie.<strong> \u010co sa t\u00fdka vody, tak tam som volil ako inokedy dve f\u013ea\u0161e, \u010do sa ale uk\u00e1zalo nesk\u00f4r ako nedostatu\u010duj\u00face. <\/strong><\/span><\/p>\n<p><img loading=\"lazy\" decoding=\"async\" class=\"alignnone wp-image-17945 size-full\" src=\"https:\/\/d2p6e6u75xmxt8.cloudfront.net\/4\/2023\/07\/skoda_levoca-3.webp\" alt=\"\u0160koda MTB marat\u00f3n Levo\u010dsk\u00e9 vrchy\" width=\"990\" height=\"660\" srcset=\"https:\/\/d2p6e6u75xmxt8.cloudfront.net\/4\/2023\/07\/skoda_levoca-3.webp 990w, https:\/\/d2p6e6u75xmxt8.cloudfront.net\/4\/2023\/07\/skoda_levoca-3-300x200.webp 300w, https:\/\/d2p6e6u75xmxt8.cloudfront.net\/4\/2023\/07\/skoda_levoca-3-768x512.webp 768w, https:\/\/d2p6e6u75xmxt8.cloudfront.net\/4\/2023\/07\/skoda_levoca-3-400x267.webp 400w, https:\/\/d2p6e6u75xmxt8.cloudfront.net\/4\/2023\/07\/skoda_levoca-3-272x182.webp 272w\" sizes=\"auto, (max-width: 990px) 100vw, 990px\" \/><\/p>\n<h2><b>\u0160tart a\u00a0priebeh<\/b><\/h2>\n<p><span style=\"font-weight: 400;\"><strong>Na \u0161tarte stoj\u00edm v druhom rade a vedel som, \u017ee n\u00e1s \u010dak\u00e1 hne\u010f na \u00favod prv\u00fd ostr\u00fd kopec, ktor\u00fd dok\u00e1\u017ee rozhodn\u00fa\u0165, a preto som sa chcel dr\u017ea\u0165 vpredu.<\/strong> Prv\u00fd kopec som \u00faplne na \u010dele, n\u00e1sledne tvor\u00edme 4-\u010dlenn\u00fa skupinu a po druhom kopci je n\u00e1s 5. Po prvej ob\u010derstvova\u010dke n\u00e1s \u010dak\u00e1 najdlh\u0161\u00ed kopec na trati, kde sa st\u00e1le dr\u017e\u00edme pokope. <\/span><\/p>\n<p><span style=\"font-weight: 400;\">Vzh\u013eadom na teplotu som ale musel zvo\u013eni\u0165. U\u017e na 18-tom km som poci\u0165oval, \u017ee to akosi nejde ako v \u00favode. Na asfaltovej \u010dasti na chv\u00ed\u013eu predbieham s\u00fapera a vid\u00edm trojicu predo mnou. Nasledoval technick\u00fd zjazd, ktor\u00fd m\u00e1m r\u00e1d a idem ho cel\u00fd na biku, v jeho polovici v\u0161ak zis\u0165ujem, \u017ee zadn\u00e1 brzda str\u00e1ca \u00fa\u010dinok. Od dan\u00e9ho bodu teda idem zjazdy viacmenej iba na prednej brzde.\u00a0<\/span><\/p>\n<p><img loading=\"lazy\" decoding=\"async\" class=\"alignnone size-full wp-image-17946\" src=\"https:\/\/d2p6e6u75xmxt8.cloudfront.net\/4\/2023\/07\/skoda_levoca-10.webp\" alt=\"\" width=\"990\" height=\"660\" srcset=\"https:\/\/d2p6e6u75xmxt8.cloudfront.net\/4\/2023\/07\/skoda_levoca-10.webp 990w, https:\/\/d2p6e6u75xmxt8.cloudfront.net\/4\/2023\/07\/skoda_levoca-10-300x200.webp 300w, https:\/\/d2p6e6u75xmxt8.cloudfront.net\/4\/2023\/07\/skoda_levoca-10-768x512.webp 768w, https:\/\/d2p6e6u75xmxt8.cloudfront.net\/4\/2023\/07\/skoda_levoca-10-400x267.webp 400w, https:\/\/d2p6e6u75xmxt8.cloudfront.net\/4\/2023\/07\/skoda_levoca-10-272x182.webp 272w\" sizes=\"auto, (max-width: 990px) 100vw, 990px\" \/><\/p>\n<p><span style=\"font-weight: 400;\">To teplo bolo zdrvuj\u00face, nako\u013eko mne tak\u00e9to podmienky v\u00f4bec nevyhovuj\u00fa (niekomu teplo v\u00f4bec nevad\u00ed), tak som mal postupne st\u00e1le v\u00e4\u010d\u0161ie k\u0155\u010de.<strong> Z\u00e1rove\u0148 som spravil chybu, \u017ee som nezastavil na druhej ob\u010derstvova\u010dke a hne\u010f za \u0148ou mi <\/strong><\/span><strong>\u201edo\u0161lo\u201d a u\u017e som \u0161iel a\u017e do cie\u013ea \u201e<\/strong><span style=\"font-weight: 400;\"><strong>napr\u00e1dzno\u201d.<\/strong> <\/span><\/p>\n<p><span style=\"font-weight: 400;\">Naviac, ke\u010f v\u00e1m 8 km pred cie\u013eom d\u00f4jde \u00faplne voda a\u00a0vy ste u\u017e predt\u00fdm mali probl\u00e9my, tak viete, \u017ee idete u\u017e len <\/span><span style=\"font-weight: 400;\">\u201e<\/span><span style=\"font-weight: 400;\">na mor\u00e1l\u201d , aby ste to v\u00f4bec nejako dokon\u010dili. V posledn\u00fdch kilometroch ma prebieha mno\u017estvo s\u00faperov, ale v podstate je mi to u\u017e jedno.<\/span><\/p>\n<p><img loading=\"lazy\" decoding=\"async\" class=\"alignnone size-full wp-image-17947\" src=\"https:\/\/d2p6e6u75xmxt8.cloudfront.net\/4\/2023\/07\/skoda_levoca-30.webp\" alt=\"\" width=\"990\" height=\"660\" srcset=\"https:\/\/d2p6e6u75xmxt8.cloudfront.net\/4\/2023\/07\/skoda_levoca-30.webp 990w, https:\/\/d2p6e6u75xmxt8.cloudfront.net\/4\/2023\/07\/skoda_levoca-30-300x200.webp 300w, https:\/\/d2p6e6u75xmxt8.cloudfront.net\/4\/2023\/07\/skoda_levoca-30-768x512.webp 768w, https:\/\/d2p6e6u75xmxt8.cloudfront.net\/4\/2023\/07\/skoda_levoca-30-400x267.webp 400w, https:\/\/d2p6e6u75xmxt8.cloudfront.net\/4\/2023\/07\/skoda_levoca-30-272x182.webp 272w\" sizes=\"auto, (max-width: 990px) 100vw, 990px\" \/><\/p>\n<h2><b>Cie\u013e<\/b><\/h2>\n<p><span style=\"font-weight: 400;\">Dojazd do cie\u013ea je popod hradby pekne v tieni a n\u00e1sledne n\u00e1mestie, \u010do je celkom fajn. <strong>Dobojoval som to nakoniec na celkovom 14-tom mieste, tak\u017ee spokojnos\u0165 nie je, ale aj tak\u00e9 dni musia by\u0165,<\/strong> z\u00e1znam mojej jazdy na Strave n\u00e1jdete <\/span><a href=\"https:\/\/www.strava.com\/activities\/9455932868\" target=\"_blank\" rel=\"noopener\"><span style=\"font-weight: 400;\">na tomto odkaze<\/span><\/a><span style=\"font-weight: 400;\">.\u00a0 <\/span><\/p>\n<p><span style=\"font-weight: 400;\">V cieli nech\u00fdbala ob\u010derstvova\u010dka, voda a ne\u010faleko bolo um\u00fdvanie bicyklov spolu so sprchami. Po vyjazden\u00ed a jedle sta\u010dilo u\u017e len po\u010dka\u0165 na vyhlasovanie s tombolou, \u010do bolo pekn\u00e9 ukon\u010denie n\u00e1ro\u010dn\u00e9ho d\u0148a.<\/span><\/p>\n<div id='gallery-3' class='gallery galleryid-17938 gallery-columns-2 gallery-size-full'><figure class='gallery-item'>\n\t\t\t<div class='gallery-icon landscape'>\n\t\t\t\t<a href='https:\/\/d2p6e6u75xmxt8.cloudfront.net\/4\/2023\/07\/skoda_levoca-25.webp'><img loading=\"lazy\" decoding=\"async\" width=\"990\" height=\"660\" src=\"https:\/\/d2p6e6u75xmxt8.cloudfront.net\/4\/2023\/07\/skoda_levoca-25.webp\" class=\"attachment-full size-full\" alt=\"\" srcset=\"https:\/\/d2p6e6u75xmxt8.cloudfront.net\/4\/2023\/07\/skoda_levoca-25.webp 990w, https:\/\/d2p6e6u75xmxt8.cloudfront.net\/4\/2023\/07\/skoda_levoca-25-300x200.webp 300w, https:\/\/d2p6e6u75xmxt8.cloudfront.net\/4\/2023\/07\/skoda_levoca-25-768x512.webp 768w, https:\/\/d2p6e6u75xmxt8.cloudfront.net\/4\/2023\/07\/skoda_levoca-25-400x267.webp 400w, https:\/\/d2p6e6u75xmxt8.cloudfront.net\/4\/2023\/07\/skoda_levoca-25-272x182.webp 272w\" sizes=\"auto, (max-width: 990px) 100vw, 990px\" \/><\/a>\n\t\t\t<\/div><\/figure><figure class='gallery-item'>\n\t\t\t<div class='gallery-icon landscape'>\n\t\t\t\t<a href='https:\/\/d2p6e6u75xmxt8.cloudfront.net\/4\/2023\/07\/skoda_levoca-23.webp'><img loading=\"lazy\" decoding=\"async\" width=\"990\" height=\"660\" src=\"https:\/\/d2p6e6u75xmxt8.cloudfront.net\/4\/2023\/07\/skoda_levoca-23.webp\" class=\"attachment-full size-full\" alt=\"\" srcset=\"https:\/\/d2p6e6u75xmxt8.cloudfront.net\/4\/2023\/07\/skoda_levoca-23.webp 990w, https:\/\/d2p6e6u75xmxt8.cloudfront.net\/4\/2023\/07\/skoda_levoca-23-300x200.webp 300w, https:\/\/d2p6e6u75xmxt8.cloudfront.net\/4\/2023\/07\/skoda_levoca-23-768x512.webp 768w, https:\/\/d2p6e6u75xmxt8.cloudfront.net\/4\/2023\/07\/skoda_levoca-23-400x267.webp 400w, https:\/\/d2p6e6u75xmxt8.cloudfront.net\/4\/2023\/07\/skoda_levoca-23-272x182.webp 272w\" sizes=\"auto, (max-width: 990px) 100vw, 990px\" \/><\/a>\n\t\t\t<\/div><\/figure>\n\t\t<\/div>\n\n<p><span style=\"font-weight: 400;\">Najr\u00fdchlej\u0161\u00ed na dlhej trati bol <strong>Igor Cibula s \u010dasom 3:16 hod.<\/strong> Za \u017eeny <strong>Janka Keseg \u0160tevkov\u00e1 s\u00a0\u010dasom 4:05 hod.<\/strong> Na strednej trati zv\u00ed\u0165azil <strong>Martin Senko s\u00a0\u010dasom 2:16 hod<\/strong> a\u00a0zo \u017eien <strong>Miroslava Belkov\u00e1 s\u00a0\u010dasom 3:11 hod.<\/strong> V kateg\u00f3rii gravel t\u00fato tra\u0165 ako prv\u00fd zvl\u00e1dol <strong>Michal Alexik za 2:54 hod.<\/strong> Medzi E-bikermi <strong>Matej Hn\u00e1t za 1:43 hod.<\/strong> Na kr\u00e1tkej trati dominoval <strong>Tom\u00e1\u0161 Zeman s\u00a0\u010dasom 1:07 hod<\/strong> a\u00a0v\u0161etky \u017eeny prekonala <strong>Diana Cetlov\u00e1 s \u010dasom 1:35 hod.<\/strong> Kompletn\u00e9 v\u00fdsledky s\u00fa na <a href=\"https:\/\/www.sportsofttiming.sk\/sk\/zavod\/results\/7740?rid=7176&amp;eventid=1\" target=\"_blank\" rel=\"noopener\">tomto odkaze<\/a>.<\/span><\/p>\n<div id='gallery-4' class='gallery galleryid-17938 gallery-columns-2 gallery-size-full'><figure class='gallery-item'>\n\t\t\t<div class='gallery-icon landscape'>\n\t\t\t\t<a href='https:\/\/d2p6e6u75xmxt8.cloudfront.net\/4\/2023\/07\/skoda_levoca-5.webp'><img loading=\"lazy\" decoding=\"async\" width=\"990\" height=\"660\" src=\"https:\/\/d2p6e6u75xmxt8.cloudfront.net\/4\/2023\/07\/skoda_levoca-5.webp\" class=\"attachment-full size-full\" alt=\"family tra\u0165 \u0160koda MTB marat\u00f3n Levo\u010dsk\u00e9 vrchy\" srcset=\"https:\/\/d2p6e6u75xmxt8.cloudfront.net\/4\/2023\/07\/skoda_levoca-5.webp 990w, https:\/\/d2p6e6u75xmxt8.cloudfront.net\/4\/2023\/07\/skoda_levoca-5-300x200.webp 300w, https:\/\/d2p6e6u75xmxt8.cloudfront.net\/4\/2023\/07\/skoda_levoca-5-768x512.webp 768w, https:\/\/d2p6e6u75xmxt8.cloudfront.net\/4\/2023\/07\/skoda_levoca-5-400x267.webp 400w, https:\/\/d2p6e6u75xmxt8.cloudfront.net\/4\/2023\/07\/skoda_levoca-5-272x182.webp 272w\" sizes=\"auto, (max-width: 990px) 100vw, 990px\" \/><\/a>\n\t\t\t<\/div><\/figure><figure class='gallery-item'>\n\t\t\t<div class='gallery-icon landscape'>\n\t\t\t\t<a href='https:\/\/d2p6e6u75xmxt8.cloudfront.net\/4\/2023\/07\/skoda_levoca-7.webp'><img loading=\"lazy\" decoding=\"async\" width=\"990\" height=\"660\" src=\"https:\/\/d2p6e6u75xmxt8.cloudfront.net\/4\/2023\/07\/skoda_levoca-7.webp\" class=\"attachment-full size-full\" alt=\"\" srcset=\"https:\/\/d2p6e6u75xmxt8.cloudfront.net\/4\/2023\/07\/skoda_levoca-7.webp 990w, https:\/\/d2p6e6u75xmxt8.cloudfront.net\/4\/2023\/07\/skoda_levoca-7-300x200.webp 300w, https:\/\/d2p6e6u75xmxt8.cloudfront.net\/4\/2023\/07\/skoda_levoca-7-768x512.webp 768w, https:\/\/d2p6e6u75xmxt8.cloudfront.net\/4\/2023\/07\/skoda_levoca-7-400x267.webp 400w, https:\/\/d2p6e6u75xmxt8.cloudfront.net\/4\/2023\/07\/skoda_levoca-7-272x182.webp 272w\" sizes=\"auto, (max-width: 990px) 100vw, 990px\" \/><\/a>\n\t\t\t<\/div><\/figure>\n\t\t<\/div>\n\n<h2><b>Zhodnotenie\u00a0<\/b><\/h2>\n<p><span style=\"font-weight: 400;\">Celkovo sa podujatia vr\u00e1tane det\u00ed z\u00fa\u010dastnilo 445 pretek\u00e1rov, \u010do je celkom slu\u0161n\u00e9 \u010d\u00edslo, z ktor\u00fdch do cie\u013ea dorazilo 425. Podujatie je vhodn\u00e9 pre v\u0161etk\u00fdch, vzh\u013eadom na ve\u013ek\u00fd v\u00fdber tr\u00e1s, svoj\u00edm z\u00e1zem\u00edm v meste pon\u00faka dostato\u010dn\u00fd program pre doprovod. Zna\u010denie bolo za m\u0148a dostato\u010dn\u00e9, a\u017e na p\u00e1r \u00fasekov.<\/span><\/p>\n<div id='gallery-5' class='gallery galleryid-17938 gallery-columns-2 gallery-size-full'><figure class='gallery-item'>\n\t\t\t<div class='gallery-icon landscape'>\n\t\t\t\t<a href='https:\/\/d2p6e6u75xmxt8.cloudfront.net\/4\/2023\/07\/skoda_levoca-9.webp'><img loading=\"lazy\" decoding=\"async\" width=\"990\" height=\"660\" src=\"https:\/\/d2p6e6u75xmxt8.cloudfront.net\/4\/2023\/07\/skoda_levoca-9.webp\" class=\"attachment-full size-full\" alt=\"\" srcset=\"https:\/\/d2p6e6u75xmxt8.cloudfront.net\/4\/2023\/07\/skoda_levoca-9.webp 990w, https:\/\/d2p6e6u75xmxt8.cloudfront.net\/4\/2023\/07\/skoda_levoca-9-300x200.webp 300w, https:\/\/d2p6e6u75xmxt8.cloudfront.net\/4\/2023\/07\/skoda_levoca-9-768x512.webp 768w, https:\/\/d2p6e6u75xmxt8.cloudfront.net\/4\/2023\/07\/skoda_levoca-9-400x267.webp 400w, https:\/\/d2p6e6u75xmxt8.cloudfront.net\/4\/2023\/07\/skoda_levoca-9-272x182.webp 272w\" sizes=\"auto, (max-width: 990px) 100vw, 990px\" \/><\/a>\n\t\t\t<\/div><\/figure><figure class='gallery-item'>\n\t\t\t<div class='gallery-icon landscape'>\n\t\t\t\t<a href='https:\/\/d2p6e6u75xmxt8.cloudfront.net\/4\/2023\/07\/skoda_levoca-18.webp'><img loading=\"lazy\" decoding=\"async\" width=\"990\" height=\"660\" src=\"https:\/\/d2p6e6u75xmxt8.cloudfront.net\/4\/2023\/07\/skoda_levoca-18.webp\" class=\"attachment-full size-full\" alt=\"\" srcset=\"https:\/\/d2p6e6u75xmxt8.cloudfront.net\/4\/2023\/07\/skoda_levoca-18.webp 990w, https:\/\/d2p6e6u75xmxt8.cloudfront.net\/4\/2023\/07\/skoda_levoca-18-300x200.webp 300w, https:\/\/d2p6e6u75xmxt8.cloudfront.net\/4\/2023\/07\/skoda_levoca-18-768x512.webp 768w, https:\/\/d2p6e6u75xmxt8.cloudfront.net\/4\/2023\/07\/skoda_levoca-18-400x267.webp 400w, https:\/\/d2p6e6u75xmxt8.cloudfront.net\/4\/2023\/07\/skoda_levoca-18-272x182.webp 272w\" sizes=\"auto, (max-width: 990px) 100vw, 990px\" \/><\/a>\n\t\t\t<\/div><\/figure>\n\t\t<\/div>\n\n<p><span style=\"font-weight: 400;\">\u010co sa t\u00fdka z\u00e1zemia pretekov, tak tu boli pripraven\u00e9 r\u00f4zne atrakcie pre deti, \u0160KODA st\u00e1nky, \u010di in\u00e9 zauj\u00edmavosti a r\u00f4zny sprievodn\u00fd program. Samozrejme sa v Levo\u010di ako ka\u017ed\u00fd rok myslelo aj na \u017eivotn\u00e9 prostredie a separovanie odpadu. Ur\u010dite toto podujatie zarad\u00edm do kalend\u00e1ra aj na bud\u00faci rok a odpor\u00fa\u010dam ho ka\u017ed\u00e9mu, kto tu e\u0161te nebol.<\/span><\/p>\n<div class=\"shortcode-ys-post-pinup\"><article class=\"loop-simple post-17932 post type-post status-publish format-standard has-post-thumbnail hentry category-sbot global-categories-cycling\" data-postid=\"17932\" role=\"article\" data-post-id=\"17932\" data-word-count=\"3\" data-headline-length=\"47\" data-category=\"\u0160koda Bike Open Tour\" data-global-category=\"Cycling\" data-author=\"Redakcia WLC\" data-published=\"2023-07-19T09:51:06+02:00\" data-published-day=\"Wednesday\">\n    <div class=\"entry-thumbnail article-thumbnail\" content=\"https:\/\/d2p6e6u75xmxt8.cloudfront.net\/4\/2023\/07\/sbot-levoca-105-150x150.webp\"><a href=\"https:\/\/www.welovecycling.com\/sk\/2023\/07\/19\/skoda-mtb-maraton-levoca\/\" class=\"image-holder\" target=\"_self\"><img decoding=\"async\" loading=\"lazy\" class=\"\" src=\"https:\/\/d2p6e6u75xmxt8.cloudfront.net\/4\/2023\/07\/sbot-levoca-105-1024x683.webp\" srcset=\"https:\/\/d2p6e6u75xmxt8.cloudfront.net\/4\/2023\/07\/sbot-levoca-105-scaled.webp 2560w, https:\/\/d2p6e6u75xmxt8.cloudfront.net\/4\/2023\/07\/sbot-levoca-105-300x200.webp 300w, https:\/\/d2p6e6u75xmxt8.cloudfront.net\/4\/2023\/07\/sbot-levoca-105-1024x683.webp 1024w, https:\/\/d2p6e6u75xmxt8.cloudfront.net\/4\/2023\/07\/sbot-levoca-105-768x512.webp 768w, https:\/\/d2p6e6u75xmxt8.cloudfront.net\/4\/2023\/07\/sbot-levoca-105-1536x1024.webp 1536w, https:\/\/d2p6e6u75xmxt8.cloudfront.net\/4\/2023\/07\/sbot-levoca-105-2048x1365.webp 2048w, https:\/\/d2p6e6u75xmxt8.cloudfront.net\/4\/2023\/07\/sbot-levoca-105-1920x1280.webp 1920w, https:\/\/d2p6e6u75xmxt8.cloudfront.net\/4\/2023\/07\/sbot-levoca-105-400x267.webp 400w, https:\/\/d2p6e6u75xmxt8.cloudfront.net\/4\/2023\/07\/sbot-levoca-105-272x182.webp 272w, https:\/\/d2p6e6u75xmxt8.cloudfront.net\/4\/2023\/07\/sbot-levoca-105-1920x1280.webp 1920w\" width=\"1024\" height=\"683\" sizes=\"auto, (min-width: 1200px) 300px, (min-width: 768px) 25vw, 100vw\" alt=\"skoda-mtb-maraton-levoca\"\/><\/a><\/div>    <div class=\"entry-meta\">\n        <a class=\"label label-secondary post-category\" href=\"https:\/\/www.welovecycling.com\/sk\/category\/sbot\/\" title=\"\u0160koda Bike Open Tour\">\u0160koda Bike Open Tour<\/a>\n    <\/div>\n    <div class=\"entry-details\">\n        <a href=\"https:\/\/www.welovecycling.com\/sk\/2023\/07\/19\/skoda-mtb-maraton-levoca\/\" class='entry-title-wrapper'>\n            <h3 class=\"entry-title\"><span>FOTO: \u0160koda MTB marat\u00f3n Levo\u010dsk\u00e9 vrchy 2023<\/span><\/h3>\n        <\/a>\n    <\/div>\n    <\/article>\n<\/div>\n<p><span style=\"font-weight: 400;\">Zdroj fotografi\u00ed: arch\u00edv autora, Peter Regec<\/span><\/p>\n","protected":false},"excerpt":{"rendered":"<p>Posledn\u00fd v\u00edkend sa konalo \u010fal\u0161ie kolo zo s\u00e9rie \u0160KODA BIKE OPEN TOUR, tentoraz v\u00a0meste Levo\u010da.<\/p>\n","protected":false},"author":172,"featured_media":17960,"comment_status":"open","ping_status":"open","sticky":false,"template":"","format":"standard","meta":{"footnotes":""},"categories":[38],"tags":[180,566,982,178,412,1453,179,39,474,1557,542,35,859,523,334],"global-categories":[1074],"class_list":["post-17938","post","type-post","status-publish","format-standard","has-post-thumbnail","hentry","category-reportaz","tag-horska-cyklistika","tag-leto","tag-levoca","tag-maraton","tag-mtb","tag-mtb-jazda","tag-preteky","tag-reportaz","tag-rodinny-maraton","tag-sezona-2023","tag-skoda","tag-sbot","tag-skoda-mtb-maraton-levocske-vrchy","tag-slovensko","tag-teplo","global-categories-cycling"],"yoast_head":"<!-- This site is optimized with the Yoast SEO Premium plugin v25.3 (Yoast SEO v25.9) - https:\/\/yoast.com\/wordpress\/plugins\/seo\/ -->\n<title>Report\u00e1\u017e: \u0160koda MTB marat\u00f3n Levo\u010dsk\u00e9 vrchy alebo peklo severu<\/title>\n<meta name=\"description\" content=\"Posledn\u00fd v\u00edkend sa konalo \u010fal\u0161ie kolo zo s\u00e9rie \u0160KODA BIKE OPEN TOUR, tentoraz v\u00a0meste Levo\u010da. Na marat\u00f3ne bolo hor\u00faco.\" \/>\n<meta name=\"robots\" content=\"index, follow, max-snippet:-1, max-image-preview:large, max-video-preview:-1\" \/>\n<link rel=\"canonical\" href=\"https:\/\/www.welovecycling.com\/sk\/2023\/07\/20\/reportaz-skoda-mtb-maraton-levocske-vrchy-alebo-peklo-severu\/\" \/>\n<meta property=\"og:locale\" content=\"sk_SK\" \/>\n<meta property=\"og:type\" content=\"article\" \/>\n<meta property=\"og:title\" content=\"Report\u00e1\u017e: \u0160koda MTB marat\u00f3n Levo\u010dsk\u00e9 vrchy alebo peklo severu\" \/>\n<meta property=\"og:description\" content=\"Posledn\u00fd v\u00edkend sa konalo \u010fal\u0161ie kolo zo s\u00e9rie \u0160KODA BIKE OPEN TOUR, tentoraz v\u00a0meste Levo\u010da. Na marat\u00f3ne bolo hor\u00faco.\" \/>\n<meta property=\"og:url\" content=\"https:\/\/www.welovecycling.com\/sk\/2023\/07\/20\/reportaz-skoda-mtb-maraton-levocske-vrchy-alebo-peklo-severu\/\" \/>\n<meta property=\"og:site_name\" content=\"\u0160koda We Love Cycling Slovensko\" \/>\n<meta property=\"article:published_time\" content=\"2023-07-20T08:23:59+00:00\" \/>\n<meta property=\"article:modified_time\" content=\"2023-07-20T08:29:19+00:00\" \/>\n<meta property=\"og:image\" content=\"https:\/\/d2p6e6u75xmxt8.cloudfront.net\/4\/2023\/07\/sbot-levoca-329.webp\" \/>\n\t<meta property=\"og:image:width\" content=\"990\" \/>\n\t<meta property=\"og:image:height\" content=\"660\" \/>\n\t<meta property=\"og:image:type\" content=\"image\/webp\" \/>\n<meta name=\"author\" content=\"dominika\" \/>\n<meta name=\"twitter:card\" content=\"summary_large_image\" \/>\n<meta name=\"twitter:label1\" content=\"Written by\" \/>\n\t<meta name=\"twitter:data1\" content=\"Redakcia WLC\" \/>\n\t<meta name=\"twitter:label2\" content=\"Est. reading time\" \/>\n\t<meta name=\"twitter:data2\" content=\"5 minutes\" \/>\n<script type=\"application\/ld+json\" class=\"yoast-schema-graph\">{\"@context\":\"https:\/\/schema.org\",\"@graph\":[{\"@type\":\"WebPage\",\"@id\":\"https:\/\/www.welovecycling.com\/sk\/2023\/07\/20\/reportaz-skoda-mtb-maraton-levocske-vrchy-alebo-peklo-severu\/\",\"url\":\"https:\/\/www.welovecycling.com\/sk\/2023\/07\/20\/reportaz-skoda-mtb-maraton-levocske-vrchy-alebo-peklo-severu\/\",\"name\":\"Report\u00e1\u017e: \u0160koda MTB marat\u00f3n Levo\u010dsk\u00e9 vrchy alebo peklo severu\",\"isPartOf\":{\"@id\":\"https:\/\/www.welovecycling.com\/sk\/#website\"},\"primaryImageOfPage\":{\"@id\":\"https:\/\/www.welovecycling.com\/sk\/2023\/07\/20\/reportaz-skoda-mtb-maraton-levocske-vrchy-alebo-peklo-severu\/#primaryimage\"},\"image\":{\"@id\":\"https:\/\/www.welovecycling.com\/sk\/2023\/07\/20\/reportaz-skoda-mtb-maraton-levocske-vrchy-alebo-peklo-severu\/#primaryimage\"},\"thumbnailUrl\":\"https:\/\/d2p6e6u75xmxt8.cloudfront.net\/4\/2023\/07\/sbot-levoca-329.webp\",\"datePublished\":\"2023-07-20T08:23:59+00:00\",\"dateModified\":\"2023-07-20T08:29:19+00:00\",\"author\":{\"@id\":\"https:\/\/www.welovecycling.com\/sk\/#\/schema\/person\/533b62b98b6c41bd5135ebfb1f742624\"},\"description\":\"Posledn\u00fd v\u00edkend sa konalo \u010fal\u0161ie kolo zo s\u00e9rie \u0160KODA BIKE OPEN TOUR, tentoraz v\u00a0meste Levo\u010da. Na marat\u00f3ne bolo hor\u00faco.\",\"breadcrumb\":{\"@id\":\"https:\/\/www.welovecycling.com\/sk\/2023\/07\/20\/reportaz-skoda-mtb-maraton-levocske-vrchy-alebo-peklo-severu\/#breadcrumb\"},\"inLanguage\":\"sk-SK\",\"potentialAction\":[{\"@type\":\"ReadAction\",\"target\":[\"https:\/\/www.welovecycling.com\/sk\/2023\/07\/20\/reportaz-skoda-mtb-maraton-levocske-vrchy-alebo-peklo-severu\/\"]}]},{\"@type\":\"ImageObject\",\"inLanguage\":\"sk-SK\",\"@id\":\"https:\/\/www.welovecycling.com\/sk\/2023\/07\/20\/reportaz-skoda-mtb-maraton-levocske-vrchy-alebo-peklo-severu\/#primaryimage\",\"url\":\"https:\/\/d2p6e6u75xmxt8.cloudfront.net\/4\/2023\/07\/sbot-levoca-329.webp\",\"contentUrl\":\"https:\/\/d2p6e6u75xmxt8.cloudfront.net\/4\/2023\/07\/sbot-levoca-329.webp\",\"width\":990,\"height\":660},{\"@type\":\"BreadcrumbList\",\"@id\":\"https:\/\/www.welovecycling.com\/sk\/2023\/07\/20\/reportaz-skoda-mtb-maraton-levocske-vrchy-alebo-peklo-severu\/#breadcrumb\",\"itemListElement\":[{\"@type\":\"ListItem\",\"position\":1,\"name\":\"Home\",\"item\":\"https:\/\/www.welovecycling.com\/sk\/\"},{\"@type\":\"ListItem\",\"position\":2,\"name\":\"Report\u00e1\u017e: \u0160koda MTB marat\u00f3n Levo\u010dsk\u00e9 vrchy alebo peklo severu\"}]},{\"@type\":\"WebSite\",\"@id\":\"https:\/\/www.welovecycling.com\/sk\/#website\",\"url\":\"https:\/\/www.welovecycling.com\/sk\/\",\"name\":\"\u0160koda We Love Cycling Slovensko\",\"description\":\"\u0160koda We Love Cycling Slovensko je v\u00e1\u0161 ka\u017edodenn\u00fd zdroj noviniek a in\u0161pir\u00e1cie z sveta cyklistiky\",\"potentialAction\":[{\"@type\":\"SearchAction\",\"target\":{\"@type\":\"EntryPoint\",\"urlTemplate\":\"https:\/\/www.welovecycling.com\/sk\/?s={search_term_string}\"},\"query-input\":{\"@type\":\"PropertyValueSpecification\",\"valueRequired\":true,\"valueName\":\"search_term_string\"}}],\"inLanguage\":\"sk-SK\"},{\"@type\":\"Person\",\"@id\":\"https:\/\/www.welovecycling.com\/sk\/#\/schema\/person\/533b62b98b6c41bd5135ebfb1f742624\",\"name\":\"dominika\",\"image\":{\"@type\":\"ImageObject\",\"inLanguage\":\"sk-SK\",\"@id\":\"https:\/\/www.welovecycling.com\/sk\/#\/schema\/person\/image\/\",\"url\":\"https:\/\/secure.gravatar.com\/avatar\/ded6f274ba2ec3e17fff153f7d9d96a4b33c2cb63907f75d9a5309c599a7f3e6?s=96&d=mm&r=g\",\"contentUrl\":\"https:\/\/secure.gravatar.com\/avatar\/ded6f274ba2ec3e17fff153f7d9d96a4b33c2cb63907f75d9a5309c599a7f3e6?s=96&d=mm&r=g\",\"caption\":\"dominika\"},\"url\":\"https:\/\/www.welovecycling.com\/sk\/author\/dominika\/\"}]}<\/script>\n<!-- \/ Yoast SEO Premium plugin. -->","yoast_head_json":{"title":"Report\u00e1\u017e: \u0160koda MTB marat\u00f3n Levo\u010dsk\u00e9 vrchy alebo peklo severu","description":"Posledn\u00fd v\u00edkend sa konalo \u010fal\u0161ie kolo zo s\u00e9rie \u0160KODA BIKE OPEN TOUR, tentoraz v\u00a0meste Levo\u010da. Na marat\u00f3ne bolo hor\u00faco.","robots":{"index":"index","follow":"follow","max-snippet":"max-snippet:-1","max-image-preview":"max-image-preview:large","max-video-preview":"max-video-preview:-1"},"canonical":"https:\/\/www.welovecycling.com\/sk\/2023\/07\/20\/reportaz-skoda-mtb-maraton-levocske-vrchy-alebo-peklo-severu\/","og_locale":"sk_SK","og_type":"article","og_title":"Report\u00e1\u017e: \u0160koda MTB marat\u00f3n Levo\u010dsk\u00e9 vrchy alebo peklo severu","og_description":"Posledn\u00fd v\u00edkend sa konalo \u010fal\u0161ie kolo zo s\u00e9rie \u0160KODA BIKE OPEN TOUR, tentoraz v\u00a0meste Levo\u010da. Na marat\u00f3ne bolo hor\u00faco.","og_url":"https:\/\/www.welovecycling.com\/sk\/2023\/07\/20\/reportaz-skoda-mtb-maraton-levocske-vrchy-alebo-peklo-severu\/","og_site_name":"\u0160koda We Love Cycling Slovensko","article_published_time":"2023-07-20T08:23:59+00:00","article_modified_time":"2023-07-20T08:29:19+00:00","og_image":[{"width":990,"height":660,"url":"https:\/\/d2p6e6u75xmxt8.cloudfront.net\/4\/2023\/07\/sbot-levoca-329.webp","type":"image\/webp"}],"author":"dominika","twitter_card":"summary_large_image","twitter_misc":{"Written by":"Redakcia WLC","Est. reading time":"5 minutes"},"schema":{"@context":"https:\/\/schema.org","@graph":[{"@type":"WebPage","@id":"https:\/\/www.welovecycling.com\/sk\/2023\/07\/20\/reportaz-skoda-mtb-maraton-levocske-vrchy-alebo-peklo-severu\/","url":"https:\/\/www.welovecycling.com\/sk\/2023\/07\/20\/reportaz-skoda-mtb-maraton-levocske-vrchy-alebo-peklo-severu\/","name":"Report\u00e1\u017e: \u0160koda MTB marat\u00f3n Levo\u010dsk\u00e9 vrchy alebo peklo severu","isPartOf":{"@id":"https:\/\/www.welovecycling.com\/sk\/#website"},"primaryImageOfPage":{"@id":"https:\/\/www.welovecycling.com\/sk\/2023\/07\/20\/reportaz-skoda-mtb-maraton-levocske-vrchy-alebo-peklo-severu\/#primaryimage"},"image":{"@id":"https:\/\/www.welovecycling.com\/sk\/2023\/07\/20\/reportaz-skoda-mtb-maraton-levocske-vrchy-alebo-peklo-severu\/#primaryimage"},"thumbnailUrl":"https:\/\/d2p6e6u75xmxt8.cloudfront.net\/4\/2023\/07\/sbot-levoca-329.webp","datePublished":"2023-07-20T08:23:59+00:00","dateModified":"2023-07-20T08:29:19+00:00","author":{"@id":"https:\/\/www.welovecycling.com\/sk\/#\/schema\/person\/533b62b98b6c41bd5135ebfb1f742624"},"description":"Posledn\u00fd v\u00edkend sa konalo \u010fal\u0161ie kolo zo s\u00e9rie \u0160KODA BIKE OPEN TOUR, tentoraz v\u00a0meste Levo\u010da. Na marat\u00f3ne bolo hor\u00faco.","breadcrumb":{"@id":"https:\/\/www.welovecycling.com\/sk\/2023\/07\/20\/reportaz-skoda-mtb-maraton-levocske-vrchy-alebo-peklo-severu\/#breadcrumb"},"inLanguage":"sk-SK","potentialAction":[{"@type":"ReadAction","target":["https:\/\/www.welovecycling.com\/sk\/2023\/07\/20\/reportaz-skoda-mtb-maraton-levocske-vrchy-alebo-peklo-severu\/"]}]},{"@type":"ImageObject","inLanguage":"sk-SK","@id":"https:\/\/www.welovecycling.com\/sk\/2023\/07\/20\/reportaz-skoda-mtb-maraton-levocske-vrchy-alebo-peklo-severu\/#primaryimage","url":"https:\/\/d2p6e6u75xmxt8.cloudfront.net\/4\/2023\/07\/sbot-levoca-329.webp","contentUrl":"https:\/\/d2p6e6u75xmxt8.cloudfront.net\/4\/2023\/07\/sbot-levoca-329.webp","width":990,"height":660},{"@type":"BreadcrumbList","@id":"https:\/\/www.welovecycling.com\/sk\/2023\/07\/20\/reportaz-skoda-mtb-maraton-levocske-vrchy-alebo-peklo-severu\/#breadcrumb","itemListElement":[{"@type":"ListItem","position":1,"name":"Home","item":"https:\/\/www.welovecycling.com\/sk\/"},{"@type":"ListItem","position":2,"name":"Report\u00e1\u017e: \u0160koda MTB marat\u00f3n Levo\u010dsk\u00e9 vrchy alebo peklo severu"}]},{"@type":"WebSite","@id":"https:\/\/www.welovecycling.com\/sk\/#website","url":"https:\/\/www.welovecycling.com\/sk\/","name":"\u0160koda We Love Cycling Slovensko","description":"\u0160koda We Love Cycling Slovensko je v\u00e1\u0161 ka\u017edodenn\u00fd zdroj noviniek a in\u0161pir\u00e1cie z sveta cyklistiky","potentialAction":[{"@type":"SearchAction","target":{"@type":"EntryPoint","urlTemplate":"https:\/\/www.welovecycling.com\/sk\/?s={search_term_string}"},"query-input":{"@type":"PropertyValueSpecification","valueRequired":true,"valueName":"search_term_string"}}],"inLanguage":"sk-SK"},{"@type":"Person","@id":"https:\/\/www.welovecycling.com\/sk\/#\/schema\/person\/533b62b98b6c41bd5135ebfb1f742624","name":"dominika","image":{"@type":"ImageObject","inLanguage":"sk-SK","@id":"https:\/\/www.welovecycling.com\/sk\/#\/schema\/person\/image\/","url":"https:\/\/secure.gravatar.com\/avatar\/ded6f274ba2ec3e17fff153f7d9d96a4b33c2cb63907f75d9a5309c599a7f3e6?s=96&d=mm&r=g","contentUrl":"https:\/\/secure.gravatar.com\/avatar\/ded6f274ba2ec3e17fff153f7d9d96a4b33c2cb63907f75d9a5309c599a7f3e6?s=96&d=mm&r=g","caption":"dominika"},"url":"https:\/\/www.welovecycling.com\/sk\/author\/dominika\/"}]}},"_links":{"self":[{"href":"https:\/\/www.welovecycling.com\/sk\/wp-json\/wp\/v2\/posts\/17938","targetHints":{"allow":["GET"]}}],"collection":[{"href":"https:\/\/www.welovecycling.com\/sk\/wp-json\/wp\/v2\/posts"}],"about":[{"href":"https:\/\/www.welovecycling.com\/sk\/wp-json\/wp\/v2\/types\/post"}],"author":[{"embeddable":true,"href":"https:\/\/www.welovecycling.com\/sk\/wp-json\/wp\/v2\/users\/172"}],"replies":[{"embeddable":true,"href":"https:\/\/www.welovecycling.com\/sk\/wp-json\/wp\/v2\/comments?post=17938"}],"version-history":[{"count":7,"href":"https:\/\/www.welovecycling.com\/sk\/wp-json\/wp\/v2\/posts\/17938\/revisions"}],"predecessor-version":[{"id":17959,"href":"https:\/\/www.welovecycling.com\/sk\/wp-json\/wp\/v2\/posts\/17938\/revisions\/17959"}],"wp:featuredmedia":[{"embeddable":true,"href":"https:\/\/www.welovecycling.com\/sk\/wp-json\/wp\/v2\/media\/17960"}],"wp:attachment":[{"href":"https:\/\/www.welovecycling.com\/sk\/wp-json\/wp\/v2\/media?parent=17938"}],"wp:term":[{"taxonomy":"category","embeddable":true,"href":"https:\/\/www.welovecycling.com\/sk\/wp-json\/wp\/v2\/categories?post=17938"},{"taxonomy":"post_tag","embeddable":true,"href":"https:\/\/www.welovecycling.com\/sk\/wp-json\/wp\/v2\/tags?post=17938"},{"taxonomy":"global-categories","embeddable":true,"href":"https:\/\/www.welovecycling.com\/sk\/wp-json\/wp\/v2\/global-categories?post=17938"}],"curies":[{"name":"wp","href":"https:\/\/api.w.org\/{rel}","templated":true}]}}