{"id":17900,"date":"2023-07-14T10:00:37","date_gmt":"2023-07-14T08:00:37","guid":{"rendered":"https:\/\/www.welovecycling.com\/sk\/?p=17900"},"modified":"2023-07-13T20:25:27","modified_gmt":"2023-07-13T18:25:27","slug":"ked-sa-bezny-divak-tour-de-france-zmeni-na-vip-hosta","status":"publish","type":"post","link":"https:\/\/www.welovecycling.com\/sk\/2023\/07\/14\/ked-sa-bezny-divak-tour-de-france-zmeni-na-vip-hosta\/","title":{"rendered":"Ke\u010f sa be\u017en\u00fd div\u00e1k Tour de France zmen\u00ed na VIP hos\u0165a"},"content":{"rendered":"<p><strong>Tour de France je jedno z najob\u013e\u00fabenej\u0161\u00edch \u0161portov\u00fdch podujat\u00ed na svete, ktor\u00e9 je jedine\u010dn\u00e9 aj v tom, \u017ee na tra\u0165 sa m\u00f4\u017ee pr\u00eds\u0165 pozrie\u0165 \u00faplne ka\u017ed\u00fd. Neplat\u00ed sa vstupn\u00e9, pre div\u00e1kov je zadarmo. Ako vyzer\u00e1 n\u00e1v\u0161teva pretekov, ak n\u00e1v\u0161tevn\u00edk cestuje do Franc\u00fazska na pozvanie dlhoro\u010dn\u00e9ho sponzora zna\u010dky \u0160koda? Kam v\u0161ade sa tak\u00fdto n\u00e1v\u0161tevn\u00edk dostane, ak\u00e9 z\u00e1\u017eitky s\u00fa pre neho pripraven\u00e9?<\/strong><!--more--><\/p>\n<p><img loading=\"lazy\" decoding=\"async\" class=\"alignnone size-full wp-image-17902\" src=\"https:\/\/d2p6e6u75xmxt8.cloudfront.net\/4\/2023\/07\/17-.webp\" alt=\"\" width=\"990\" height=\"660\" srcset=\"https:\/\/d2p6e6u75xmxt8.cloudfront.net\/4\/2023\/07\/17-.webp 990w, https:\/\/d2p6e6u75xmxt8.cloudfront.net\/4\/2023\/07\/17--300x200.webp 300w, https:\/\/d2p6e6u75xmxt8.cloudfront.net\/4\/2023\/07\/17--768x512.webp 768w, https:\/\/d2p6e6u75xmxt8.cloudfront.net\/4\/2023\/07\/17--400x267.webp 400w, https:\/\/d2p6e6u75xmxt8.cloudfront.net\/4\/2023\/07\/17--272x182.webp 272w\" sizes=\"auto, (max-width: 990px) 100vw, 990px\" \/><\/p>\n<p><span style=\"font-weight: 400;\">Predt\u00fdm ako za\u010dneme s opisom tak\u00e9hoto v\u00fdletu, s Tour s\u00favis\u00ed aj <a href=\"https:\/\/www.welovecycling.com\/sk\/tour-de-france-2023\/\">prebiehaj\u00faca s\u00fa\u0165a\u017e<\/a>, v\u010faka zna\u010dke \u0160koda sa daj\u00fa vyhra\u0165 zauj\u00edmav\u00e9 vecn\u00e9 ceny. Hlavnou v\u00fdhrou bol aj tak\u00fdto VIP v\u00fdlet, ale ro\u010dn\u00edk 2023 je u\u017e uzavret\u00fd. Ni\u010d to v\u0161ak nemen\u00ed na tom, \u017ee je \u0161anca, \u017ee \u0160koda sprav\u00ed rovnak\u00fa s\u00fa\u0165a\u017e aj bud\u00face ro\u010dn\u00edky. S t\u00fdmto vedom\u00edm sa bude \u010dl\u00e1nok \u010d\u00edta\u0165 lep\u0161ie, ka\u017ed\u00fd si m\u00f4\u017ee predstavova\u0165, \u017ee sa raz v poz\u00edcii VIP hos\u0165a ocitne aj s\u00e1m.<\/span><\/p>\n<p><img loading=\"lazy\" decoding=\"async\" class=\"alignnone size-full wp-image-17903\" src=\"https:\/\/d2p6e6u75xmxt8.cloudfront.net\/4\/2023\/07\/16-.webp\" alt=\"\" width=\"990\" height=\"660\" srcset=\"https:\/\/d2p6e6u75xmxt8.cloudfront.net\/4\/2023\/07\/16-.webp 990w, https:\/\/d2p6e6u75xmxt8.cloudfront.net\/4\/2023\/07\/16--300x200.webp 300w, https:\/\/d2p6e6u75xmxt8.cloudfront.net\/4\/2023\/07\/16--768x512.webp 768w, https:\/\/d2p6e6u75xmxt8.cloudfront.net\/4\/2023\/07\/16--400x267.webp 400w, https:\/\/d2p6e6u75xmxt8.cloudfront.net\/4\/2023\/07\/16--272x182.webp 272w\" sizes=\"auto, (max-width: 990px) 100vw, 990px\" \/><\/p>\n<p><span style=\"font-weight: 400;\">Na\u0161inec mus\u00ed po\u010d\u00edta\u0165 s cestou do cie\u013eovej destin\u00e1cii, Franc\u00fazsko je ve\u013ek\u00e1 krajina, a tak po\u010det kilometrov z\u00e1vis\u00ed od toho, kde sa pr\u00e1ve kon\u00e1 etapa. Na tak\u00fdto typ podujat\u00ed sa lieta, Franc\u00fazi maj\u00fa v\u00fdhodu v tom, \u017ee po krajine maj\u00fa viacero let\u00edsk, Par\u00ed\u017e nie je jedin\u00e1 mo\u017enos\u0165.<strong> Po pr\u00edchode na miesto s\u00fa hostia prevezen\u00ed do hotela, kde za\u010d\u00edna ich dobrodru\u017estvo.<\/strong><\/span><\/p>\n<div id='gallery-1' class='gallery galleryid-17900 gallery-columns-2 gallery-size-full'><figure class='gallery-item'>\n\t\t\t<div class='gallery-icon landscape'>\n\t\t\t\t<a href='https:\/\/d2p6e6u75xmxt8.cloudfront.net\/4\/2023\/07\/19-.webp'><img loading=\"lazy\" decoding=\"async\" width=\"990\" height=\"660\" src=\"https:\/\/d2p6e6u75xmxt8.cloudfront.net\/4\/2023\/07\/19-.webp\" class=\"attachment-full size-full\" alt=\"\" srcset=\"https:\/\/d2p6e6u75xmxt8.cloudfront.net\/4\/2023\/07\/19-.webp 990w, https:\/\/d2p6e6u75xmxt8.cloudfront.net\/4\/2023\/07\/19--300x200.webp 300w, https:\/\/d2p6e6u75xmxt8.cloudfront.net\/4\/2023\/07\/19--768x512.webp 768w, https:\/\/d2p6e6u75xmxt8.cloudfront.net\/4\/2023\/07\/19--400x267.webp 400w, https:\/\/d2p6e6u75xmxt8.cloudfront.net\/4\/2023\/07\/19--272x182.webp 272w\" sizes=\"auto, (max-width: 990px) 100vw, 990px\" \/><\/a>\n\t\t\t<\/div><\/figure><figure class='gallery-item'>\n\t\t\t<div class='gallery-icon landscape'>\n\t\t\t\t<a href='https:\/\/d2p6e6u75xmxt8.cloudfront.net\/4\/2023\/07\/20-.webp'><img loading=\"lazy\" decoding=\"async\" width=\"990\" height=\"660\" src=\"https:\/\/d2p6e6u75xmxt8.cloudfront.net\/4\/2023\/07\/20-.webp\" class=\"attachment-full size-full\" alt=\"\" srcset=\"https:\/\/d2p6e6u75xmxt8.cloudfront.net\/4\/2023\/07\/20-.webp 990w, https:\/\/d2p6e6u75xmxt8.cloudfront.net\/4\/2023\/07\/20--300x200.webp 300w, https:\/\/d2p6e6u75xmxt8.cloudfront.net\/4\/2023\/07\/20--768x512.webp 768w, https:\/\/d2p6e6u75xmxt8.cloudfront.net\/4\/2023\/07\/20--400x267.webp 400w, https:\/\/d2p6e6u75xmxt8.cloudfront.net\/4\/2023\/07\/20--272x182.webp 272w\" sizes=\"auto, (max-width: 990px) 100vw, 990px\" \/><\/a>\n\t\t\t<\/div><\/figure>\n\t\t<\/div>\n\n<p><span style=\"font-weight: 400;\">Ofici\u00e1lny program od\u0161tartuje spolo\u010dnou ve\u010derou, hostia sa zozn\u00e1mia medzi sebou a s\u00fa im predstaven\u00ed vodi\u010di, ktor\u00ed ich bud\u00fa ma\u0165 na starosti po\u010das etapy. <strong>V\u00e4\u010d\u0161inou sa jedn\u00e1 o b\u00fdval\u00fdch profesion\u00e1lnych cyklistov, nie je vz\u00e1cnos\u0165ou, \u017ee s\u00fa medzi nimi aj v\u00ed\u0165azi et\u00e1p z najv\u00e4\u010d\u0161\u00edch pretekov.<\/strong> Na tohtoro\u010dnej Tour bol hlavnou hviezdou Andy Schleck, ktor\u00fd detailne po ve\u010deri predstavil etapu, ktor\u00e1 \u010dakala host\u00ed na druh\u00fd de\u0148. Kto sa neb\u00e1l a bol zvedav\u00fd, dostal priestor sa Andyho aj \u010doko\u013evek op\u00fdta\u0165.<\/span><\/p>\n<p><img loading=\"lazy\" decoding=\"async\" class=\"alignnone size-full wp-image-17906\" src=\"https:\/\/d2p6e6u75xmxt8.cloudfront.net\/4\/2023\/07\/4-.webp\" alt=\"\" width=\"990\" height=\"660\" srcset=\"https:\/\/d2p6e6u75xmxt8.cloudfront.net\/4\/2023\/07\/4-.webp 990w, https:\/\/d2p6e6u75xmxt8.cloudfront.net\/4\/2023\/07\/4--300x200.webp 300w, https:\/\/d2p6e6u75xmxt8.cloudfront.net\/4\/2023\/07\/4--768x512.webp 768w, https:\/\/d2p6e6u75xmxt8.cloudfront.net\/4\/2023\/07\/4--400x267.webp 400w, https:\/\/d2p6e6u75xmxt8.cloudfront.net\/4\/2023\/07\/4--272x182.webp 272w\" sizes=\"auto, (max-width: 990px) 100vw, 990px\" \/><\/p>\n<p><span style=\"font-weight: 400;\">Hlavn\u00fd de\u0148 za\u010d\u00edna relat\u00edvne skoro kr\u00e1tkou jazdou na cestn\u00fdch bicykloch. Vyr\u00e1\u017ealo sa u\u017e o siedmej r\u00e1no, jazda netrvala ani hodinu. <strong>Pr\u00edjemn\u00e9 bolo to, \u017ee bicykle a dresy boli pre v\u0161etk\u00fdch pripraven\u00e9 dopredu. Sta\u010dilo si zobra\u0165 len vlastn\u00e9 top\u00e1nky, e\u0161te aj prilbu si mohol ka\u017ed\u00fd po\u017ei\u010da\u0165.<\/strong> Cyklistick\u00fd komplet od zna\u010dky \u0160koda, u\u017e v tej novej zelenej farbe, ka\u017ed\u00e9mu hos\u0165ovi zostal na pamiatku.<\/span><\/p>\n<div id='gallery-2' class='gallery galleryid-17900 gallery-columns-2 gallery-size-full'><figure class='gallery-item'>\n\t\t\t<div class='gallery-icon landscape'>\n\t\t\t\t<a href='https:\/\/d2p6e6u75xmxt8.cloudfront.net\/4\/2023\/07\/5-.webp'><img loading=\"lazy\" decoding=\"async\" width=\"990\" height=\"660\" src=\"https:\/\/d2p6e6u75xmxt8.cloudfront.net\/4\/2023\/07\/5-.webp\" class=\"attachment-full size-full\" alt=\"\" srcset=\"https:\/\/d2p6e6u75xmxt8.cloudfront.net\/4\/2023\/07\/5-.webp 990w, https:\/\/d2p6e6u75xmxt8.cloudfront.net\/4\/2023\/07\/5--300x200.webp 300w, https:\/\/d2p6e6u75xmxt8.cloudfront.net\/4\/2023\/07\/5--768x512.webp 768w, https:\/\/d2p6e6u75xmxt8.cloudfront.net\/4\/2023\/07\/5--400x267.webp 400w, https:\/\/d2p6e6u75xmxt8.cloudfront.net\/4\/2023\/07\/5--272x182.webp 272w\" sizes=\"auto, (max-width: 990px) 100vw, 990px\" \/><\/a>\n\t\t\t<\/div><\/figure><figure class='gallery-item'>\n\t\t\t<div class='gallery-icon landscape'>\n\t\t\t\t<a href='https:\/\/d2p6e6u75xmxt8.cloudfront.net\/4\/2023\/07\/6-.webp'><img loading=\"lazy\" decoding=\"async\" width=\"990\" height=\"660\" src=\"https:\/\/d2p6e6u75xmxt8.cloudfront.net\/4\/2023\/07\/6-.webp\" class=\"attachment-full size-full\" alt=\"\" srcset=\"https:\/\/d2p6e6u75xmxt8.cloudfront.net\/4\/2023\/07\/6-.webp 990w, https:\/\/d2p6e6u75xmxt8.cloudfront.net\/4\/2023\/07\/6--300x200.webp 300w, https:\/\/d2p6e6u75xmxt8.cloudfront.net\/4\/2023\/07\/6--768x512.webp 768w, https:\/\/d2p6e6u75xmxt8.cloudfront.net\/4\/2023\/07\/6--400x267.webp 400w, https:\/\/d2p6e6u75xmxt8.cloudfront.net\/4\/2023\/07\/6--272x182.webp 272w\" sizes=\"auto, (max-width: 990px) 100vw, 990px\" \/><\/a>\n\t\t\t<\/div><\/figure>\n\t\t<\/div>\n\n<p><span style=\"font-weight: 400;\">Po sprche a ra\u0148ajk\u00e1ch sa spolo\u010dne vyr\u00e1\u017ea na miesto \u0161tartu, ako sa tam aut\u00e1 s hos\u0165ami bl\u00ed\u017eia, v uliciach prib\u00fadaj\u00fa \u013eudia. <\/span><strong>\u201e<\/strong><span style=\"font-weight: 400;\"><strong>\u0160kodovky\u201d s\u00fa v dizajne Tour, tak\u017ee sa daj\u00fa \u013eahko identifikova\u0165, niektor\u00ed div\u00e1ci im po ceste m\u00e1vaj\u00fa a in\u00ed si ich dokonca fotia alebo nat\u00e1\u010daj\u00fa.<\/strong> V momente pr\u00edchodu k p\u00f3diu prebieha predstavenie cyklistov a okolo prech\u00e1dza reklamn\u00e1 kol\u00f3na, po\u010det alegorick\u00fdch vozov d\u00e1vno prekro\u010dil stovku.<\/span><\/p>\n<p><img loading=\"lazy\" decoding=\"async\" class=\"alignnone size-full wp-image-17909\" src=\"https:\/\/d2p6e6u75xmxt8.cloudfront.net\/4\/2023\/07\/1-.webp\" alt=\"\" width=\"990\" height=\"660\" srcset=\"https:\/\/d2p6e6u75xmxt8.cloudfront.net\/4\/2023\/07\/1-.webp 990w, https:\/\/d2p6e6u75xmxt8.cloudfront.net\/4\/2023\/07\/1--300x200.webp 300w, https:\/\/d2p6e6u75xmxt8.cloudfront.net\/4\/2023\/07\/1--768x512.webp 768w, https:\/\/d2p6e6u75xmxt8.cloudfront.net\/4\/2023\/07\/1--400x267.webp 400w, https:\/\/d2p6e6u75xmxt8.cloudfront.net\/4\/2023\/07\/1--272x182.webp 272w\" sizes=\"auto, (max-width: 990px) 100vw, 990px\" \/><\/p>\n<p><span style=\"font-weight: 400;\">Hostia s\u00fa cel\u00fa dobu vybaven\u00ed karti\u010dkou, ktor\u00fa nosia na krku a t\u00e1 im umo\u017e\u0148uje pr\u00edstup na miesta, kam sa be\u017en\u00fd div\u00e1k nedostane.<strong> Nie je prekvapuj\u00face, \u017ee v\u0161ade s\u00fa kontroly, bezpe\u010dnos\u0165 je na takomto podujat\u00ed priorita, tieto veci sa d\u00f4sledne sleduj\u00fa.<\/strong> Doplni\u0165 energiu sa d\u00e1 v z\u00e1zem\u00ed pre pozvan\u00fdch host\u00ed, zbl\u00edzka sa daj\u00fa pozrie\u0165 dresy pre v\u00ed\u0165azov celkov\u00fdch s\u00fa\u0165a\u017e\u00ed, tento rok je ve\u013emi pekn\u00e1 aj medaila pre v\u00ed\u0165aza ka\u017edej etapy.<\/span><\/p>\n<div id='gallery-3' class='gallery galleryid-17900 gallery-columns-2 gallery-size-full'><figure class='gallery-item'>\n\t\t\t<div class='gallery-icon landscape'>\n\t\t\t\t<a href='https:\/\/d2p6e6u75xmxt8.cloudfront.net\/4\/2023\/07\/7-.webp'><img loading=\"lazy\" decoding=\"async\" width=\"990\" height=\"660\" src=\"https:\/\/d2p6e6u75xmxt8.cloudfront.net\/4\/2023\/07\/7-.webp\" class=\"attachment-full size-full\" alt=\"\" srcset=\"https:\/\/d2p6e6u75xmxt8.cloudfront.net\/4\/2023\/07\/7-.webp 990w, https:\/\/d2p6e6u75xmxt8.cloudfront.net\/4\/2023\/07\/7--300x200.webp 300w, https:\/\/d2p6e6u75xmxt8.cloudfront.net\/4\/2023\/07\/7--768x512.webp 768w, https:\/\/d2p6e6u75xmxt8.cloudfront.net\/4\/2023\/07\/7--400x267.webp 400w, https:\/\/d2p6e6u75xmxt8.cloudfront.net\/4\/2023\/07\/7--272x182.webp 272w\" sizes=\"auto, (max-width: 990px) 100vw, 990px\" \/><\/a>\n\t\t\t<\/div><\/figure><figure class='gallery-item'>\n\t\t\t<div class='gallery-icon landscape'>\n\t\t\t\t<a href='https:\/\/d2p6e6u75xmxt8.cloudfront.net\/4\/2023\/07\/8-.webp'><img loading=\"lazy\" decoding=\"async\" width=\"990\" height=\"660\" src=\"https:\/\/d2p6e6u75xmxt8.cloudfront.net\/4\/2023\/07\/8-.webp\" class=\"attachment-full size-full\" alt=\"\" srcset=\"https:\/\/d2p6e6u75xmxt8.cloudfront.net\/4\/2023\/07\/8-.webp 990w, https:\/\/d2p6e6u75xmxt8.cloudfront.net\/4\/2023\/07\/8--300x200.webp 300w, https:\/\/d2p6e6u75xmxt8.cloudfront.net\/4\/2023\/07\/8--768x512.webp 768w, https:\/\/d2p6e6u75xmxt8.cloudfront.net\/4\/2023\/07\/8--400x267.webp 400w, https:\/\/d2p6e6u75xmxt8.cloudfront.net\/4\/2023\/07\/8--272x182.webp 272w\" sizes=\"auto, (max-width: 990px) 100vw, 990px\" \/><\/a>\n\t\t\t<\/div><\/figure>\n\t\t<\/div>\n\n<p><span style=\"font-weight: 400;\">S karti\u010dkou na krku sa d\u00e1 dosta\u0165 aj priamo medzi t\u00edmov\u00e9 autobusy. T\u00fato mo\u017enos\u0165 ocenia najm\u00e4 fan\u00fa\u0161ikovia cyklistiky, ktor\u00ed ju sleduj\u00fa viacej a maj\u00fa svoje ob\u013e\u00faben\u00e9 t\u00edmy alebo jazdcov.<strong> Okolo n\u00e1v\u0161tevn\u00edka prech\u00e1dzaj\u00fa na <\/strong><\/span><strong>\u201e<\/strong><span style=\"font-weight: 400;\"><strong>dotyk ruky\u201d najv\u00e4\u010d\u0161ie hviezdy tohto \u0161portu, \u010dlovek nevie, kam sa m\u00e1 sk\u00f4r pozera\u0165.<\/strong> \u010ci na \u0161pi\u010dkov\u00e9 stroje pretek\u00e1rov, z\u00e1zemie, alebo priamo na nich.<\/span><\/p>\n<p><img loading=\"lazy\" decoding=\"async\" class=\"alignnone size-full wp-image-17912\" src=\"https:\/\/d2p6e6u75xmxt8.cloudfront.net\/4\/2023\/07\/10-.webp\" alt=\"\" width=\"990\" height=\"660\" srcset=\"https:\/\/d2p6e6u75xmxt8.cloudfront.net\/4\/2023\/07\/10-.webp 990w, https:\/\/d2p6e6u75xmxt8.cloudfront.net\/4\/2023\/07\/10--300x200.webp 300w, https:\/\/d2p6e6u75xmxt8.cloudfront.net\/4\/2023\/07\/10--768x512.webp 768w, https:\/\/d2p6e6u75xmxt8.cloudfront.net\/4\/2023\/07\/10--400x267.webp 400w, https:\/\/d2p6e6u75xmxt8.cloudfront.net\/4\/2023\/07\/10--272x182.webp 272w\" sizes=\"auto, (max-width: 990px) 100vw, 990px\" \/><\/p>\n<p><span style=\"font-weight: 400;\"><strong>\u010cas ne\u00faprosne be\u017e\u00ed, a kol\u00f3na s pozvan\u00fdmi hos\u0165ami mus\u00ed vyrazi\u0165 sk\u00f4r, ako vy\u0161tartuj\u00fa cyklisti.<\/strong> D\u00f4vod je jednoduch\u00fd, je potrebn\u00e9 si spravi\u0165 n\u00e1skok, aby si v\u0161etci mohli pozrie\u0165 pelot\u00f3n vr\u00e1tane doprovodnej kol\u00f3ny z poz\u00edcie klasick\u00e9ho div\u00e1ka. M\u00e1 to svoje \u010daro. Kto e\u0161te na \u017eiadnych pretekoch povzbudzova\u0165 nebol, je prekvapen\u00fd z r\u00fdchlosti cyklistov, ktor\u00e1 okolo nich vytv\u00e1ra prievan.<\/span><\/p>\n<p><img loading=\"lazy\" decoding=\"async\" class=\"alignnone size-full wp-image-17913\" src=\"https:\/\/d2p6e6u75xmxt8.cloudfront.net\/4\/2023\/07\/11-.webp\" alt=\"\" width=\"990\" height=\"660\" srcset=\"https:\/\/d2p6e6u75xmxt8.cloudfront.net\/4\/2023\/07\/11-.webp 990w, https:\/\/d2p6e6u75xmxt8.cloudfront.net\/4\/2023\/07\/11--300x200.webp 300w, https:\/\/d2p6e6u75xmxt8.cloudfront.net\/4\/2023\/07\/11--768x512.webp 768w, https:\/\/d2p6e6u75xmxt8.cloudfront.net\/4\/2023\/07\/11--400x267.webp 400w, https:\/\/d2p6e6u75xmxt8.cloudfront.net\/4\/2023\/07\/11--272x182.webp 272w\" sizes=\"auto, (max-width: 990px) 100vw, 990px\" \/><\/p>\n<p><span style=\"font-weight: 400;\">Let vrtu\u013en\u00edkom je z\u00e1\u017eitok s\u00e1m o sebe, m\u00f4c\u0165 pozorova\u0165 franc\u00fazsku krajinu z v\u00fd\u0161ky je pr\u00edjemn\u00fd bonus navy\u0161e. <strong>Ak k tomu prid\u00e1me pr\u00e1ve prebiehaj\u00facu Tour de France, dost\u00e1vame sa do oblasti spomienok, ktor\u00e9 si \u013eudia pam\u00e4taj\u00fa cel\u00fd \u017eivot.<\/strong> Let trv\u00e1 asi 20 min\u00fat, okrem u\u017e spom\u00ednan\u00fdch vec\u00ed je zauj\u00edmav\u00e9 pozorova\u0165 \u010fal\u0161ie tri vrtu\u013en\u00edky, ktor\u00e9 letia vo form\u00e1cii s ostatn\u00fdmi hos\u0165ami. Ob\u010das to vyzer\u00e1 ako na leteckej \u0161ou.<\/span><\/p>\n<p><img loading=\"lazy\" decoding=\"async\" class=\"alignnone size-full wp-image-17914\" src=\"https:\/\/d2p6e6u75xmxt8.cloudfront.net\/4\/2023\/07\/12-.webp\" alt=\"\" width=\"990\" height=\"660\" srcset=\"https:\/\/d2p6e6u75xmxt8.cloudfront.net\/4\/2023\/07\/12-.webp 990w, https:\/\/d2p6e6u75xmxt8.cloudfront.net\/4\/2023\/07\/12--300x200.webp 300w, https:\/\/d2p6e6u75xmxt8.cloudfront.net\/4\/2023\/07\/12--768x512.webp 768w, https:\/\/d2p6e6u75xmxt8.cloudfront.net\/4\/2023\/07\/12--400x267.webp 400w, https:\/\/d2p6e6u75xmxt8.cloudfront.net\/4\/2023\/07\/12--272x182.webp 272w\" sizes=\"auto, (max-width: 990px) 100vw, 990px\" \/><\/p>\n<p><span style=\"font-weight: 400;\">Spomen\u00fa\u0165 treba aj v\u0161etk\u00fdch div\u00e1kov, ktor\u00ed hodiny \u010dakaj\u00fa pri ceste na cyklistov. <strong>Je neuverite\u013en\u00e9, ako pozit\u00edvne s\u00fa naladen\u00ed, zdravia a m\u00e1vaj\u00fa v\u0161etk\u00fdm aut\u00e1m a motork\u00e1m id\u00facim po trati.<\/strong> Pre verejnos\u0165 je samozrejme tra\u0165 nieko\u013eko hod\u00edn pre pretekmi zatvoren\u00e1. Tento poh\u013ead si u\u017eij\u00fa len cyklisti, ich doprovod a hostia v \u0160koda aut\u00e1ch.<\/span><\/p>\n<p><span style=\"font-weight: 400;\"><strong>Vec, ktor\u00fa nemaj\u00fa garantovan\u00fa ani VIP hostia, je jazda v bl\u00edzkosti cyklistov.<\/strong> Aby rozhodcovia pustili do kol\u00f3ny VIP <\/span><span style=\"font-weight: 400;\">\u201e<\/span><span style=\"font-weight: 400;\">\u0161kodovky\u201d, musia nasta\u0165 vhodn\u00e9 okolnosti. Ide\u00e1lne je, ak sa vytvor\u00ed \u00fanik, ktor\u00fd ide pred pelot\u00f3nom s n\u00e1skokom aspo\u0148 tri min\u00faty. Vtedy tam je dos\u0165 miesta, aby sa aut\u00e1 s hos\u0165ami okolo cyklistov mohli prek\u013aznu\u0165.<\/span><\/p>\n<div id='gallery-4' class='gallery galleryid-17900 gallery-columns-2 gallery-size-full'><figure class='gallery-item'>\n\t\t\t<div class='gallery-icon landscape'>\n\t\t\t\t<a href='https:\/\/d2p6e6u75xmxt8.cloudfront.net\/4\/2023\/07\/15-.webp'><img loading=\"lazy\" decoding=\"async\" width=\"990\" height=\"660\" src=\"https:\/\/d2p6e6u75xmxt8.cloudfront.net\/4\/2023\/07\/15-.webp\" class=\"attachment-full size-full\" alt=\"\" srcset=\"https:\/\/d2p6e6u75xmxt8.cloudfront.net\/4\/2023\/07\/15-.webp 990w, https:\/\/d2p6e6u75xmxt8.cloudfront.net\/4\/2023\/07\/15--300x200.webp 300w, https:\/\/d2p6e6u75xmxt8.cloudfront.net\/4\/2023\/07\/15--768x512.webp 768w, https:\/\/d2p6e6u75xmxt8.cloudfront.net\/4\/2023\/07\/15--400x267.webp 400w, https:\/\/d2p6e6u75xmxt8.cloudfront.net\/4\/2023\/07\/15--272x182.webp 272w\" sizes=\"auto, (max-width: 990px) 100vw, 990px\" \/><\/a>\n\t\t\t<\/div><\/figure><figure class='gallery-item'>\n\t\t\t<div class='gallery-icon landscape'>\n\t\t\t\t<a href='https:\/\/d2p6e6u75xmxt8.cloudfront.net\/4\/2023\/07\/18-.webp'><img loading=\"lazy\" decoding=\"async\" width=\"990\" height=\"660\" src=\"https:\/\/d2p6e6u75xmxt8.cloudfront.net\/4\/2023\/07\/18-.webp\" class=\"attachment-full size-full\" alt=\"\" srcset=\"https:\/\/d2p6e6u75xmxt8.cloudfront.net\/4\/2023\/07\/18-.webp 990w, https:\/\/d2p6e6u75xmxt8.cloudfront.net\/4\/2023\/07\/18--300x200.webp 300w, https:\/\/d2p6e6u75xmxt8.cloudfront.net\/4\/2023\/07\/18--768x512.webp 768w, https:\/\/d2p6e6u75xmxt8.cloudfront.net\/4\/2023\/07\/18--400x267.webp 400w, https:\/\/d2p6e6u75xmxt8.cloudfront.net\/4\/2023\/07\/18--272x182.webp 272w\" sizes=\"auto, (max-width: 990px) 100vw, 990px\" \/><\/a>\n\t\t\t<\/div><\/figure>\n\t\t<\/div>\n\n<p><span style=\"font-weight: 400;\">Obed maj\u00fa hostia serv\u00edrovan\u00fd priamo na trati, kr\u00e1tky piknik medzi ostatn\u00fdmi div\u00e1kmi je tie\u017e z\u00e1\u017eitok. Zdr\u017eova\u0165 sa v\u0161ak nem\u00f4\u017eu, ak chc\u00fa stihn\u00fa\u0165 fin\u00e1le etapy. Ako sa aut\u00e1 s n\u00e1v\u0161tevn\u00edkmi bl\u00ed\u017eia k m\u00e9te <\/span><span style=\"font-weight: 400;\">\u201e<\/span><span style=\"font-weight: 400;\">posledn\u00fd kilometer\u201d, \u013eud\u00ed je pri cest\u00e1ch st\u00e1le viacej. <strong>V\u010faka priepustk\u00e1m sa d\u00e1 dosta\u0165 aj do vyhraden\u00e9ho z\u00e1zemia, z ktor\u00e9ho je dobr\u00fd v\u00fdh\u013ead na posledn\u00e9 stovky metrov.<\/strong> Ak chce rovnako dobre vidie\u0165 cyklistov be\u017en\u00fd div\u00e1k, mus\u00ed sa k ohradenej ceste postavi\u0165 aj nieko\u013eko hod\u00edn dopredu.<\/span><\/p>\n<p><img loading=\"lazy\" decoding=\"async\" class=\"alignnone size-full wp-image-17917\" src=\"https:\/\/d2p6e6u75xmxt8.cloudfront.net\/4\/2023\/07\/14-.webp\" alt=\"\" width=\"990\" height=\"660\" srcset=\"https:\/\/d2p6e6u75xmxt8.cloudfront.net\/4\/2023\/07\/14-.webp 990w, https:\/\/d2p6e6u75xmxt8.cloudfront.net\/4\/2023\/07\/14--300x200.webp 300w, https:\/\/d2p6e6u75xmxt8.cloudfront.net\/4\/2023\/07\/14--768x512.webp 768w, https:\/\/d2p6e6u75xmxt8.cloudfront.net\/4\/2023\/07\/14--400x267.webp 400w, https:\/\/d2p6e6u75xmxt8.cloudfront.net\/4\/2023\/07\/14--272x182.webp 272w\" sizes=\"auto, (max-width: 990px) 100vw, 990px\" \/><\/p>\n<p><span style=\"font-weight: 400;\">Cel\u00fd de\u0148 ute\u010die stra\u0161ne r\u00fdchlo, na tv\u00e1rach je vidie\u0165 u\u017e \u00fanava, ale z\u00e1rove\u0148 aj spokojnos\u0165. <strong>Po n\u00e1vrate na hotel v\u0161etk\u00fdch \u010dak\u00e1 ve\u010dera. Andy Schleck s mikrof\u00f3nom v ruke rozoberie etapu, e\u0161te prebehne mal\u00e1 s\u00fa\u0165a\u017e o cyklistick\u00e9 ceny a u\u017e sa v\u0161etci te\u0161ia do postele.<\/strong> Na druh\u00fd de\u0148 pozvan\u00ed hostia cestuj\u00fa domov, ale u\u017e je to v inej atmosf\u00e9re. Odch\u00e1dzali pln\u00ed vnemov a z\u00e1\u017eitkov, e\u0161te nieko\u013eko dn\u00ed po n\u00e1vrate im bude doch\u00e1dza\u0165, ak\u00e9 dobrodru\u017estvo vlastne za\u017eili.<\/span><\/p>\n","protected":false},"excerpt":{"rendered":"<p>Tour de France je jedno z najob\u013e\u00fabenej\u0161\u00edch \u0161portov\u00fdch podujat\u00ed na svete, ktor\u00e9 je jedine\u010dn\u00e9 aj v tom, \u017ee na tra\u0165 [&hellip;]<\/p>\n","protected":false},"author":172,"featured_media":17901,"comment_status":"open","ping_status":"open","sticky":false,"template":"","format":"standard","meta":{"footnotes":""},"categories":[117],"tags":[1202,1018,147,306,268,1017,37,1019,39,542,1009,1015,20,1600,183,1117],"global-categories":[1074],"class_list":["post-17900","post","type-post","status-publish","format-standard","has-post-thumbnail","hentry","category-tour-de-france","tag-dobrodruzstvo","tag-fanusik","tag-fanusikovia","tag-francuzsko","tag-grand-tour","tag-ludia","tag-podujatia","tag-povzbudenie","tag-reportaz","tag-skoda","tag-skoda-auto","tag-spomienky","tag-tour-de-france","tag-tour-de-france-2023","tag-zabava","tag-zazitok","global-categories-cycling"],"yoast_head":"<!-- This site is optimized with the Yoast SEO Premium plugin v25.3 (Yoast SEO v25.9) - https:\/\/yoast.com\/wordpress\/plugins\/seo\/ -->\n<title>Ke\u010f sa be\u017en\u00fd div\u00e1k Tour de France zmen\u00ed na VIP hos\u0165a<\/title>\n<meta name=\"description\" content=\"Tour de France je jedno z najob\u013e\u00fabenej\u0161\u00edch \u0161portov\u00fdch podujat\u00ed na svete, jedine\u010dn\u00e9 aj v tom, \u017ee na tra\u0165 sa m\u00f4\u017ee pr\u00eds\u0165 pozrie\u0165 \u00faplne ka\u017ed\u00fd.\" \/>\n<meta name=\"robots\" content=\"index, follow, max-snippet:-1, max-image-preview:large, max-video-preview:-1\" \/>\n<link rel=\"canonical\" href=\"https:\/\/www.welovecycling.com\/sk\/2023\/07\/14\/ked-sa-bezny-divak-tour-de-france-zmeni-na-vip-hosta\/\" \/>\n<meta property=\"og:locale\" content=\"sk_SK\" \/>\n<meta property=\"og:type\" content=\"article\" \/>\n<meta property=\"og:title\" content=\"Ke\u010f sa be\u017en\u00fd div\u00e1k Tour de France zmen\u00ed na VIP hos\u0165a\" \/>\n<meta property=\"og:description\" content=\"Tour de France je jedno z najob\u013e\u00fabenej\u0161\u00edch \u0161portov\u00fdch podujat\u00ed na svete, jedine\u010dn\u00e9 aj v tom, \u017ee na tra\u0165 sa m\u00f4\u017ee pr\u00eds\u0165 pozrie\u0165 \u00faplne ka\u017ed\u00fd.\" \/>\n<meta property=\"og:url\" content=\"https:\/\/www.welovecycling.com\/sk\/2023\/07\/14\/ked-sa-bezny-divak-tour-de-france-zmeni-na-vip-hosta\/\" \/>\n<meta property=\"og:site_name\" content=\"\u0160koda We Love Cycling Slovensko\" \/>\n<meta property=\"article:published_time\" content=\"2023-07-14T08:00:37+00:00\" \/>\n<meta property=\"og:image\" content=\"https:\/\/d2p6e6u75xmxt8.cloudfront.net\/4\/2023\/07\/9-.webp\" \/>\n\t<meta property=\"og:image:width\" content=\"990\" \/>\n\t<meta property=\"og:image:height\" content=\"660\" \/>\n\t<meta property=\"og:image:type\" content=\"image\/webp\" \/>\n<meta name=\"author\" content=\"dominika\" \/>\n<meta name=\"twitter:card\" content=\"summary_large_image\" \/>\n<meta name=\"twitter:label1\" content=\"Written by\" \/>\n\t<meta name=\"twitter:data1\" content=\"We Love Cycling\" \/>\n\t<meta name=\"twitter:label2\" content=\"Est. reading time\" \/>\n\t<meta name=\"twitter:data2\" content=\"4\" \/>\n<script type=\"application\/ld+json\" class=\"yoast-schema-graph\">{\"@context\":\"https:\/\/schema.org\",\"@graph\":[{\"@type\":\"WebPage\",\"@id\":\"https:\/\/www.welovecycling.com\/sk\/2023\/07\/14\/ked-sa-bezny-divak-tour-de-france-zmeni-na-vip-hosta\/\",\"url\":\"https:\/\/www.welovecycling.com\/sk\/2023\/07\/14\/ked-sa-bezny-divak-tour-de-france-zmeni-na-vip-hosta\/\",\"name\":\"Ke\u010f sa be\u017en\u00fd div\u00e1k Tour de France zmen\u00ed na VIP hos\u0165a\",\"isPartOf\":{\"@id\":\"https:\/\/www.welovecycling.com\/sk\/#website\"},\"primaryImageOfPage\":{\"@id\":\"https:\/\/www.welovecycling.com\/sk\/2023\/07\/14\/ked-sa-bezny-divak-tour-de-france-zmeni-na-vip-hosta\/#primaryimage\"},\"image\":{\"@id\":\"https:\/\/www.welovecycling.com\/sk\/2023\/07\/14\/ked-sa-bezny-divak-tour-de-france-zmeni-na-vip-hosta\/#primaryimage\"},\"thumbnailUrl\":\"https:\/\/d2p6e6u75xmxt8.cloudfront.net\/4\/2023\/07\/9-.webp\",\"datePublished\":\"2023-07-14T08:00:37+00:00\",\"author\":{\"@id\":\"https:\/\/www.welovecycling.com\/sk\/#\/schema\/person\/533b62b98b6c41bd5135ebfb1f742624\"},\"description\":\"Tour de France je jedno z najob\u013e\u00fabenej\u0161\u00edch \u0161portov\u00fdch podujat\u00ed na svete, jedine\u010dn\u00e9 aj v tom, \u017ee na tra\u0165 sa m\u00f4\u017ee pr\u00eds\u0165 pozrie\u0165 \u00faplne ka\u017ed\u00fd.\",\"breadcrumb\":{\"@id\":\"https:\/\/www.welovecycling.com\/sk\/2023\/07\/14\/ked-sa-bezny-divak-tour-de-france-zmeni-na-vip-hosta\/#breadcrumb\"},\"inLanguage\":\"sk-SK\",\"potentialAction\":[{\"@type\":\"ReadAction\",\"target\":[\"https:\/\/www.welovecycling.com\/sk\/2023\/07\/14\/ked-sa-bezny-divak-tour-de-france-zmeni-na-vip-hosta\/\"]}]},{\"@type\":\"ImageObject\",\"inLanguage\":\"sk-SK\",\"@id\":\"https:\/\/www.welovecycling.com\/sk\/2023\/07\/14\/ked-sa-bezny-divak-tour-de-france-zmeni-na-vip-hosta\/#primaryimage\",\"url\":\"https:\/\/d2p6e6u75xmxt8.cloudfront.net\/4\/2023\/07\/9-.webp\",\"contentUrl\":\"https:\/\/d2p6e6u75xmxt8.cloudfront.net\/4\/2023\/07\/9-.webp\",\"width\":990,\"height\":660},{\"@type\":\"BreadcrumbList\",\"@id\":\"https:\/\/www.welovecycling.com\/sk\/2023\/07\/14\/ked-sa-bezny-divak-tour-de-france-zmeni-na-vip-hosta\/#breadcrumb\",\"itemListElement\":[{\"@type\":\"ListItem\",\"position\":1,\"name\":\"Home\",\"item\":\"https:\/\/www.welovecycling.com\/sk\/\"},{\"@type\":\"ListItem\",\"position\":2,\"name\":\"Ke\u010f sa be\u017en\u00fd div\u00e1k Tour de France zmen\u00ed na VIP hos\u0165a\"}]},{\"@type\":\"WebSite\",\"@id\":\"https:\/\/www.welovecycling.com\/sk\/#website\",\"url\":\"https:\/\/www.welovecycling.com\/sk\/\",\"name\":\"\u0160koda We Love Cycling Slovensko\",\"description\":\"\u0160koda We Love Cycling Slovensko je v\u00e1\u0161 ka\u017edodenn\u00fd zdroj noviniek a in\u0161pir\u00e1cie z sveta cyklistiky\",\"potentialAction\":[{\"@type\":\"SearchAction\",\"target\":{\"@type\":\"EntryPoint\",\"urlTemplate\":\"https:\/\/www.welovecycling.com\/sk\/?s={search_term_string}\"},\"query-input\":{\"@type\":\"PropertyValueSpecification\",\"valueRequired\":true,\"valueName\":\"search_term_string\"}}],\"inLanguage\":\"sk-SK\"},{\"@type\":\"Person\",\"@id\":\"https:\/\/www.welovecycling.com\/sk\/#\/schema\/person\/533b62b98b6c41bd5135ebfb1f742624\",\"name\":\"dominika\",\"image\":{\"@type\":\"ImageObject\",\"inLanguage\":\"sk-SK\",\"@id\":\"https:\/\/www.welovecycling.com\/sk\/#\/schema\/person\/image\/\",\"url\":\"https:\/\/secure.gravatar.com\/avatar\/ded6f274ba2ec3e17fff153f7d9d96a4b33c2cb63907f75d9a5309c599a7f3e6?s=96&d=mm&r=g\",\"contentUrl\":\"https:\/\/secure.gravatar.com\/avatar\/ded6f274ba2ec3e17fff153f7d9d96a4b33c2cb63907f75d9a5309c599a7f3e6?s=96&d=mm&r=g\",\"caption\":\"dominika\"},\"url\":\"https:\/\/www.welovecycling.com\/sk\/author\/dominika\/\"}]}<\/script>\n<!-- \/ Yoast SEO Premium plugin. -->","yoast_head_json":{"title":"Ke\u010f sa be\u017en\u00fd div\u00e1k Tour de France zmen\u00ed na VIP hos\u0165a","description":"Tour de France je jedno z najob\u013e\u00fabenej\u0161\u00edch \u0161portov\u00fdch podujat\u00ed na svete, jedine\u010dn\u00e9 aj v tom, \u017ee na tra\u0165 sa m\u00f4\u017ee pr\u00eds\u0165 pozrie\u0165 \u00faplne ka\u017ed\u00fd.","robots":{"index":"index","follow":"follow","max-snippet":"max-snippet:-1","max-image-preview":"max-image-preview:large","max-video-preview":"max-video-preview:-1"},"canonical":"https:\/\/www.welovecycling.com\/sk\/2023\/07\/14\/ked-sa-bezny-divak-tour-de-france-zmeni-na-vip-hosta\/","og_locale":"sk_SK","og_type":"article","og_title":"Ke\u010f sa be\u017en\u00fd div\u00e1k Tour de France zmen\u00ed na VIP hos\u0165a","og_description":"Tour de France je jedno z najob\u013e\u00fabenej\u0161\u00edch \u0161portov\u00fdch podujat\u00ed na svete, jedine\u010dn\u00e9 aj v tom, \u017ee na tra\u0165 sa m\u00f4\u017ee pr\u00eds\u0165 pozrie\u0165 \u00faplne ka\u017ed\u00fd.","og_url":"https:\/\/www.welovecycling.com\/sk\/2023\/07\/14\/ked-sa-bezny-divak-tour-de-france-zmeni-na-vip-hosta\/","og_site_name":"\u0160koda We Love Cycling Slovensko","article_published_time":"2023-07-14T08:00:37+00:00","og_image":[{"width":990,"height":660,"url":"https:\/\/d2p6e6u75xmxt8.cloudfront.net\/4\/2023\/07\/9-.webp","type":"image\/webp"}],"author":"dominika","twitter_card":"summary_large_image","twitter_misc":{"Written by":"We Love Cycling","Est. reading time":"4"},"schema":{"@context":"https:\/\/schema.org","@graph":[{"@type":"WebPage","@id":"https:\/\/www.welovecycling.com\/sk\/2023\/07\/14\/ked-sa-bezny-divak-tour-de-france-zmeni-na-vip-hosta\/","url":"https:\/\/www.welovecycling.com\/sk\/2023\/07\/14\/ked-sa-bezny-divak-tour-de-france-zmeni-na-vip-hosta\/","name":"Ke\u010f sa be\u017en\u00fd div\u00e1k Tour de France zmen\u00ed na VIP hos\u0165a","isPartOf":{"@id":"https:\/\/www.welovecycling.com\/sk\/#website"},"primaryImageOfPage":{"@id":"https:\/\/www.welovecycling.com\/sk\/2023\/07\/14\/ked-sa-bezny-divak-tour-de-france-zmeni-na-vip-hosta\/#primaryimage"},"image":{"@id":"https:\/\/www.welovecycling.com\/sk\/2023\/07\/14\/ked-sa-bezny-divak-tour-de-france-zmeni-na-vip-hosta\/#primaryimage"},"thumbnailUrl":"https:\/\/d2p6e6u75xmxt8.cloudfront.net\/4\/2023\/07\/9-.webp","datePublished":"2023-07-14T08:00:37+00:00","author":{"@id":"https:\/\/www.welovecycling.com\/sk\/#\/schema\/person\/533b62b98b6c41bd5135ebfb1f742624"},"description":"Tour de France je jedno z najob\u013e\u00fabenej\u0161\u00edch \u0161portov\u00fdch podujat\u00ed na svete, jedine\u010dn\u00e9 aj v tom, \u017ee na tra\u0165 sa m\u00f4\u017ee pr\u00eds\u0165 pozrie\u0165 \u00faplne ka\u017ed\u00fd.","breadcrumb":{"@id":"https:\/\/www.welovecycling.com\/sk\/2023\/07\/14\/ked-sa-bezny-divak-tour-de-france-zmeni-na-vip-hosta\/#breadcrumb"},"inLanguage":"sk-SK","potentialAction":[{"@type":"ReadAction","target":["https:\/\/www.welovecycling.com\/sk\/2023\/07\/14\/ked-sa-bezny-divak-tour-de-france-zmeni-na-vip-hosta\/"]}]},{"@type":"ImageObject","inLanguage":"sk-SK","@id":"https:\/\/www.welovecycling.com\/sk\/2023\/07\/14\/ked-sa-bezny-divak-tour-de-france-zmeni-na-vip-hosta\/#primaryimage","url":"https:\/\/d2p6e6u75xmxt8.cloudfront.net\/4\/2023\/07\/9-.webp","contentUrl":"https:\/\/d2p6e6u75xmxt8.cloudfront.net\/4\/2023\/07\/9-.webp","width":990,"height":660},{"@type":"BreadcrumbList","@id":"https:\/\/www.welovecycling.com\/sk\/2023\/07\/14\/ked-sa-bezny-divak-tour-de-france-zmeni-na-vip-hosta\/#breadcrumb","itemListElement":[{"@type":"ListItem","position":1,"name":"Home","item":"https:\/\/www.welovecycling.com\/sk\/"},{"@type":"ListItem","position":2,"name":"Ke\u010f sa be\u017en\u00fd div\u00e1k Tour de France zmen\u00ed na VIP hos\u0165a"}]},{"@type":"WebSite","@id":"https:\/\/www.welovecycling.com\/sk\/#website","url":"https:\/\/www.welovecycling.com\/sk\/","name":"\u0160koda We Love Cycling Slovensko","description":"\u0160koda We Love Cycling Slovensko je v\u00e1\u0161 ka\u017edodenn\u00fd zdroj noviniek a in\u0161pir\u00e1cie z sveta cyklistiky","potentialAction":[{"@type":"SearchAction","target":{"@type":"EntryPoint","urlTemplate":"https:\/\/www.welovecycling.com\/sk\/?s={search_term_string}"},"query-input":{"@type":"PropertyValueSpecification","valueRequired":true,"valueName":"search_term_string"}}],"inLanguage":"sk-SK"},{"@type":"Person","@id":"https:\/\/www.welovecycling.com\/sk\/#\/schema\/person\/533b62b98b6c41bd5135ebfb1f742624","name":"dominika","image":{"@type":"ImageObject","inLanguage":"sk-SK","@id":"https:\/\/www.welovecycling.com\/sk\/#\/schema\/person\/image\/","url":"https:\/\/secure.gravatar.com\/avatar\/ded6f274ba2ec3e17fff153f7d9d96a4b33c2cb63907f75d9a5309c599a7f3e6?s=96&d=mm&r=g","contentUrl":"https:\/\/secure.gravatar.com\/avatar\/ded6f274ba2ec3e17fff153f7d9d96a4b33c2cb63907f75d9a5309c599a7f3e6?s=96&d=mm&r=g","caption":"dominika"},"url":"https:\/\/www.welovecycling.com\/sk\/author\/dominika\/"}]}},"_links":{"self":[{"href":"https:\/\/www.welovecycling.com\/sk\/wp-json\/wp\/v2\/posts\/17900","targetHints":{"allow":["GET"]}}],"collection":[{"href":"https:\/\/www.welovecycling.com\/sk\/wp-json\/wp\/v2\/posts"}],"about":[{"href":"https:\/\/www.welovecycling.com\/sk\/wp-json\/wp\/v2\/types\/post"}],"author":[{"embeddable":true,"href":"https:\/\/www.welovecycling.com\/sk\/wp-json\/wp\/v2\/users\/172"}],"replies":[{"embeddable":true,"href":"https:\/\/www.welovecycling.com\/sk\/wp-json\/wp\/v2\/comments?post=17900"}],"version-history":[{"count":5,"href":"https:\/\/www.welovecycling.com\/sk\/wp-json\/wp\/v2\/posts\/17900\/revisions"}],"predecessor-version":[{"id":17922,"href":"https:\/\/www.welovecycling.com\/sk\/wp-json\/wp\/v2\/posts\/17900\/revisions\/17922"}],"wp:featuredmedia":[{"embeddable":true,"href":"https:\/\/www.welovecycling.com\/sk\/wp-json\/wp\/v2\/media\/17901"}],"wp:attachment":[{"href":"https:\/\/www.welovecycling.com\/sk\/wp-json\/wp\/v2\/media?parent=17900"}],"wp:term":[{"taxonomy":"category","embeddable":true,"href":"https:\/\/www.welovecycling.com\/sk\/wp-json\/wp\/v2\/categories?post=17900"},{"taxonomy":"post_tag","embeddable":true,"href":"https:\/\/www.welovecycling.com\/sk\/wp-json\/wp\/v2\/tags?post=17900"},{"taxonomy":"global-categories","embeddable":true,"href":"https:\/\/www.welovecycling.com\/sk\/wp-json\/wp\/v2\/global-categories?post=17900"}],"curies":[{"name":"wp","href":"https:\/\/api.w.org\/{rel}","templated":true}]}}