{"id":17872,"date":"2023-07-10T10:12:33","date_gmt":"2023-07-10T08:12:33","guid":{"rendered":"https:\/\/www.welovecycling.com\/sk\/?p=17872"},"modified":"2023-07-10T10:13:26","modified_gmt":"2023-07-10T08:13:26","slug":"pozvanka-skoda-horal-mtb-maraton-2023-ideme-do-finale","status":"publish","type":"post","link":"https:\/\/www.welovecycling.com\/sk\/2023\/07\/10\/pozvanka-skoda-horal-mtb-maraton-2023-ideme-do-finale\/","title":{"rendered":"Pozv\u00e1nka: \u0160KODA Horal MTB marat\u00f3n 2023 &#8211; ideme do fin\u00e1le"},"content":{"rendered":"<p><strong>Posledn\u00e9 kolo s\u00e9rie \u0160KODA BIKE OPEN TOUR vo Svite u\u017e na n\u00e1s netrpezlivo \u010dak\u00e1.\u00a0<\/strong><!--more--><\/p>\n<p><span style=\"font-weight: 400;\">Ako tie mesiace r\u00fdchlo letia. Len ned\u00e1vno sme \u0161tartovali prv\u00e9 kolo vo Sv\u00e4tom Jure a tentokr\u00e1t u\u017e sa budeme chysta\u0165 na posledn\u00e9 kolo celej s\u00e9rie v srdci Tatier. <strong>Zn\u00e1ma lokalita mesta Svit a marat\u00f3n s dlhoro\u010dnou trad\u00edciou, ktor\u00fd bol aj dejiskom majstrovstiev Eur\u00f3py v marat\u00f3ne.<\/strong> Tak sa teda po\u010fme pozrie\u0165 na propoz\u00edcie a trasy tohto marat\u00f3nu.\u00a0<\/span><\/p>\n<div id='gallery-1' class='gallery galleryid-17872 gallery-columns-2 gallery-size-full'><figure class='gallery-item'>\n\t\t\t<div class='gallery-icon landscape'>\n\t\t\t\t<a href='https:\/\/d2p6e6u75xmxt8.cloudfront.net\/4\/2023\/07\/02_HORAL_WLC.webp'><img loading=\"lazy\" decoding=\"async\" width=\"990\" height=\"660\" src=\"https:\/\/d2p6e6u75xmxt8.cloudfront.net\/4\/2023\/07\/02_HORAL_WLC.webp\" class=\"attachment-full size-full\" alt=\"\" srcset=\"https:\/\/d2p6e6u75xmxt8.cloudfront.net\/4\/2023\/07\/02_HORAL_WLC.webp 990w, https:\/\/d2p6e6u75xmxt8.cloudfront.net\/4\/2023\/07\/02_HORAL_WLC-300x200.webp 300w, https:\/\/d2p6e6u75xmxt8.cloudfront.net\/4\/2023\/07\/02_HORAL_WLC-768x512.webp 768w, https:\/\/d2p6e6u75xmxt8.cloudfront.net\/4\/2023\/07\/02_HORAL_WLC-400x267.webp 400w, https:\/\/d2p6e6u75xmxt8.cloudfront.net\/4\/2023\/07\/02_HORAL_WLC-272x182.webp 272w\" sizes=\"auto, (max-width: 990px) 100vw, 990px\" \/><\/a>\n\t\t\t<\/div><\/figure><figure class='gallery-item'>\n\t\t\t<div class='gallery-icon landscape'>\n\t\t\t\t<a href='https:\/\/d2p6e6u75xmxt8.cloudfront.net\/4\/2023\/07\/03_HORAL_WLC.webp'><img loading=\"lazy\" decoding=\"async\" width=\"990\" height=\"660\" src=\"https:\/\/d2p6e6u75xmxt8.cloudfront.net\/4\/2023\/07\/03_HORAL_WLC.webp\" class=\"attachment-full size-full\" alt=\"\" srcset=\"https:\/\/d2p6e6u75xmxt8.cloudfront.net\/4\/2023\/07\/03_HORAL_WLC.webp 990w, https:\/\/d2p6e6u75xmxt8.cloudfront.net\/4\/2023\/07\/03_HORAL_WLC-300x200.webp 300w, https:\/\/d2p6e6u75xmxt8.cloudfront.net\/4\/2023\/07\/03_HORAL_WLC-768x512.webp 768w, https:\/\/d2p6e6u75xmxt8.cloudfront.net\/4\/2023\/07\/03_HORAL_WLC-400x267.webp 400w, https:\/\/d2p6e6u75xmxt8.cloudfront.net\/4\/2023\/07\/03_HORAL_WLC-272x182.webp 272w\" sizes=\"auto, (max-width: 990px) 100vw, 990px\" \/><\/a>\n\t\t\t<\/div><\/figure>\n\t\t<\/div>\n\n<h2><strong>Propoz\u00edcie<\/strong><\/h2>\n<p><span style=\"font-weight: 400;\">Cel\u00e1 udalos\u0165 sa bude kona\u0165 v sobotu 12. augusta vo Svite v are\u00e1li Koliba. Samozrejmos\u0165ou je <\/span><a href=\"https:\/\/horal.sk\/?p=1160\"><span style=\"font-weight: 400;\">online registr\u00e1cia<\/span><\/a><span style=\"font-weight: 400;\"> na preteky a samotn\u00e1 prezent\u00e1cia pretekov prebehne v piatok aj sobotu. Najdlh\u0161ia tra\u0165 \u0161tartuje u\u017e o 8:00, a tak m\u00f4\u017eete prezent\u00e1ciu vykona\u0165 v piatok od 15:00 do 18:00 hodiny. <\/span><\/p>\n<p><span style=\"font-weight: 400;\">V sobotu bude prezent\u00e1cia otvoren\u00e1 od 7:00 hodiny rannej na ulici \u0160tef\u00e1nikovej, are\u00e1l Koliba v zrube \u010d\u00edslo 7. <strong>\u0160tartovn\u00e9 je rozdelen\u00e9 na 3 term\u00edny a detailne si m\u00f4\u017eete pozrie\u0165 sumy za jednotliv\u00e9 trasy na obr\u00e1zku ni\u017e\u0161ie.\u00a0<\/strong><\/span><\/p>\n<p><img loading=\"lazy\" decoding=\"async\" class=\"alignnone size-full wp-image-17878\" src=\"https:\/\/d2p6e6u75xmxt8.cloudfront.net\/4\/2023\/07\/04_HORAL_WLC.webp\" alt=\"\" width=\"900\" height=\"404\" srcset=\"https:\/\/d2p6e6u75xmxt8.cloudfront.net\/4\/2023\/07\/04_HORAL_WLC.webp 900w, https:\/\/d2p6e6u75xmxt8.cloudfront.net\/4\/2023\/07\/04_HORAL_WLC-300x135.webp 300w, https:\/\/d2p6e6u75xmxt8.cloudfront.net\/4\/2023\/07\/04_HORAL_WLC-768x345.webp 768w, https:\/\/d2p6e6u75xmxt8.cloudfront.net\/4\/2023\/07\/04_HORAL_WLC-400x180.webp 400w\" sizes=\"auto, (max-width: 900px) 100vw, 900px\" \/><\/p>\n<h2><strong>Trate<\/strong><\/h2>\n<p><span style=\"font-weight: 400;\">Na v\u00fdber s\u00fa 4 r\u00f4zne trasy a pripraven\u00e1 bude \u0161tandardne aj detsk\u00e1 tra\u0165. <strong>Zauj\u00edmav\u00e9 pomenovanie trat\u00ed m\u00f4\u017ee prinies\u0165 \u00fasmev na tv\u00e1ri.<\/strong> Prv\u00e1 KREJZI m\u00e1 porciu 102 kilometrov s prev\u00fd\u0161en\u00edm 3 262 metrov. Bohu\u017eia\u013e aj tento rok bude tra\u0165 bez monument\u00e1lnej Kr\u00e1\u013eovej hole. Samotn\u00e1 tra\u0165 dos\u0165 prever\u00ed jazdcov svoj\u00edm pr\u00edrodn\u00fdm charakterom a hlavne poslednou kore\u0148ovou pas\u00e1\u017eou.\u00a0<\/span><\/p>\n<p><img loading=\"lazy\" decoding=\"async\" class=\"alignnone size-full wp-image-17879\" src=\"https:\/\/d2p6e6u75xmxt8.cloudfront.net\/4\/2023\/07\/05_HORAL_WLC.webp\" alt=\"\" width=\"990\" height=\"660\" srcset=\"https:\/\/d2p6e6u75xmxt8.cloudfront.net\/4\/2023\/07\/05_HORAL_WLC.webp 990w, https:\/\/d2p6e6u75xmxt8.cloudfront.net\/4\/2023\/07\/05_HORAL_WLC-300x200.webp 300w, https:\/\/d2p6e6u75xmxt8.cloudfront.net\/4\/2023\/07\/05_HORAL_WLC-768x512.webp 768w, https:\/\/d2p6e6u75xmxt8.cloudfront.net\/4\/2023\/07\/05_HORAL_WLC-400x267.webp 400w, https:\/\/d2p6e6u75xmxt8.cloudfront.net\/4\/2023\/07\/05_HORAL_WLC-272x182.webp 272w\" sizes=\"auto, (max-width: 990px) 100vw, 990px\" \/><\/p>\n<p><span style=\"font-weight: 400;\">\u010eal\u0161ia tra\u0165 sa vol\u00e1 LEJZI a nie je v\u00f4bec pre leniv\u00fdch cyklistov. Parametre 1 925 nast\u00fapan\u00fdch v\u00fd\u0161kov\u00fdch metrov na d\u013a\u017eke 60 kilometrov ur\u010dite nebud\u00fa zadarmo. SENZI m\u00e1 47 kilometrov a 1 600 metrov prev\u00fd\u0161enia a posledn\u00e1 \u00cdZI m\u00e1 32 kilometrov a prev\u00fd\u0161enie nad 1 000 metrov. <strong>Posledn\u00e1 tra\u0165 je ochutn\u00e1vkou marat\u00f3nskej atmosf\u00e9ry a sk\u00f4r pr\u00edprava pre ozajstn\u00fd marat\u00f3n.\u00a0<\/strong><\/span><\/p>\n<div id='gallery-2' class='gallery galleryid-17872 gallery-columns-2 gallery-size-full'><figure class='gallery-item'>\n\t\t\t<div class='gallery-icon landscape'>\n\t\t\t\t<a href='https:\/\/d2p6e6u75xmxt8.cloudfront.net\/4\/2023\/07\/06_HORAL_WLC.webp'><img loading=\"lazy\" decoding=\"async\" width=\"990\" height=\"660\" src=\"https:\/\/d2p6e6u75xmxt8.cloudfront.net\/4\/2023\/07\/06_HORAL_WLC.webp\" class=\"attachment-full size-full\" alt=\"\" srcset=\"https:\/\/d2p6e6u75xmxt8.cloudfront.net\/4\/2023\/07\/06_HORAL_WLC.webp 990w, https:\/\/d2p6e6u75xmxt8.cloudfront.net\/4\/2023\/07\/06_HORAL_WLC-300x200.webp 300w, https:\/\/d2p6e6u75xmxt8.cloudfront.net\/4\/2023\/07\/06_HORAL_WLC-768x512.webp 768w, https:\/\/d2p6e6u75xmxt8.cloudfront.net\/4\/2023\/07\/06_HORAL_WLC-400x267.webp 400w, https:\/\/d2p6e6u75xmxt8.cloudfront.net\/4\/2023\/07\/06_HORAL_WLC-272x182.webp 272w\" sizes=\"auto, (max-width: 990px) 100vw, 990px\" \/><\/a>\n\t\t\t<\/div><\/figure><figure class='gallery-item'>\n\t\t\t<div class='gallery-icon landscape'>\n\t\t\t\t<a href='https:\/\/d2p6e6u75xmxt8.cloudfront.net\/4\/2023\/07\/07_HORAL_WLC.webp'><img loading=\"lazy\" decoding=\"async\" width=\"990\" height=\"660\" src=\"https:\/\/d2p6e6u75xmxt8.cloudfront.net\/4\/2023\/07\/07_HORAL_WLC.webp\" class=\"attachment-full size-full\" alt=\"\" srcset=\"https:\/\/d2p6e6u75xmxt8.cloudfront.net\/4\/2023\/07\/07_HORAL_WLC.webp 990w, https:\/\/d2p6e6u75xmxt8.cloudfront.net\/4\/2023\/07\/07_HORAL_WLC-300x200.webp 300w, https:\/\/d2p6e6u75xmxt8.cloudfront.net\/4\/2023\/07\/07_HORAL_WLC-768x512.webp 768w, https:\/\/d2p6e6u75xmxt8.cloudfront.net\/4\/2023\/07\/07_HORAL_WLC-400x267.webp 400w, https:\/\/d2p6e6u75xmxt8.cloudfront.net\/4\/2023\/07\/07_HORAL_WLC-272x182.webp 272w\" sizes=\"auto, (max-width: 990px) 100vw, 990px\" \/><\/a>\n\t\t\t<\/div><\/figure>\n\t\t<\/div>\n\n<p><span style=\"font-weight: 400;\">Posledn\u00e1 menovan\u00e1 tra\u0165 je v kateg\u00f3rii \u0160KODA FAMILY, ktor\u00e1 je pre deti v sprievode rodi\u010da. Tra\u0165 vedie po spevnen\u00fdch asfaltov\u00fdch cest\u00e1ch s jedn\u00fdm \u00fasekom nespevnenej cesty.<strong> Je vhodn\u00e1 aj pre jazdu v cyklovoz\u00edku a svojou porciou 17 kilometrov a 350 v\u00fd\u0161kov\u00fdch metrov prever\u00ed sily t\u00fdch najmen\u0161\u00edch pretek\u00e1rov.<\/strong>\u00a0<\/span><\/p>\n<p><img loading=\"lazy\" decoding=\"async\" class=\"alignnone size-full wp-image-17882\" src=\"https:\/\/d2p6e6u75xmxt8.cloudfront.net\/4\/2023\/07\/08_HORAL_WLC.webp\" alt=\"\" width=\"990\" height=\"660\" srcset=\"https:\/\/d2p6e6u75xmxt8.cloudfront.net\/4\/2023\/07\/08_HORAL_WLC.webp 990w, https:\/\/d2p6e6u75xmxt8.cloudfront.net\/4\/2023\/07\/08_HORAL_WLC-300x200.webp 300w, https:\/\/d2p6e6u75xmxt8.cloudfront.net\/4\/2023\/07\/08_HORAL_WLC-768x512.webp 768w, https:\/\/d2p6e6u75xmxt8.cloudfront.net\/4\/2023\/07\/08_HORAL_WLC-400x267.webp 400w, https:\/\/d2p6e6u75xmxt8.cloudfront.net\/4\/2023\/07\/08_HORAL_WLC-272x182.webp 272w\" sizes=\"auto, (max-width: 990px) 100vw, 990px\" \/><\/p>\n<h2><strong>Z\u00e1zemie\u00a0<\/strong><\/h2>\n<p><span style=\"font-weight: 400;\"><strong>V r\u00e1mci pretekov m\u00f4\u017eete zdarma stanova\u0165 v are\u00e1li plav\u00e1rne v meste Svit alebo sa ubytova\u0165 v penzi\u00f3noch v okol\u00ed.<\/strong> Samozrejmos\u0165ou bude kvalitn\u00e1 z\u00e1bava pre deti a oddychov\u00e1 z\u00f3na pre pretek\u00e1rov. Gastro st\u00e1nky sa postaraj\u00fa o doplnenie energie po dojazde a te\u0161i\u0165 sa m\u00f4\u017eete aj na st\u00e1nky od sponzorov marat\u00f3nu. Okrem toho je pre v\u0161etk\u00fdch pripraven\u00e1 bohat\u00e1 tombola. V r\u00e1mci t\u00fdchto pretekov sa myslelo aj na kateg\u00f3riu ebikov, ktor\u00ed sa m\u00f4\u017eu z\u00fa\u010dastni\u0165 na trati SENZI.\u00a0<\/span><\/p>\n<div id='gallery-3' class='gallery galleryid-17872 gallery-columns-2 gallery-size-full'><figure class='gallery-item'>\n\t\t\t<div class='gallery-icon landscape'>\n\t\t\t\t<a href='https:\/\/d2p6e6u75xmxt8.cloudfront.net\/4\/2023\/07\/09_HORAL_WLC.webp'><img loading=\"lazy\" decoding=\"async\" width=\"990\" height=\"660\" src=\"https:\/\/d2p6e6u75xmxt8.cloudfront.net\/4\/2023\/07\/09_HORAL_WLC.webp\" class=\"attachment-full size-full\" alt=\"\" srcset=\"https:\/\/d2p6e6u75xmxt8.cloudfront.net\/4\/2023\/07\/09_HORAL_WLC.webp 990w, https:\/\/d2p6e6u75xmxt8.cloudfront.net\/4\/2023\/07\/09_HORAL_WLC-300x200.webp 300w, https:\/\/d2p6e6u75xmxt8.cloudfront.net\/4\/2023\/07\/09_HORAL_WLC-768x512.webp 768w, https:\/\/d2p6e6u75xmxt8.cloudfront.net\/4\/2023\/07\/09_HORAL_WLC-400x267.webp 400w, https:\/\/d2p6e6u75xmxt8.cloudfront.net\/4\/2023\/07\/09_HORAL_WLC-272x182.webp 272w\" sizes=\"auto, (max-width: 990px) 100vw, 990px\" \/><\/a>\n\t\t\t<\/div><\/figure><figure class='gallery-item'>\n\t\t\t<div class='gallery-icon landscape'>\n\t\t\t\t<a href='https:\/\/d2p6e6u75xmxt8.cloudfront.net\/4\/2023\/07\/10_HORAL_WLC.webp'><img loading=\"lazy\" decoding=\"async\" width=\"990\" height=\"660\" src=\"https:\/\/d2p6e6u75xmxt8.cloudfront.net\/4\/2023\/07\/10_HORAL_WLC.webp\" class=\"attachment-full size-full\" alt=\"\" srcset=\"https:\/\/d2p6e6u75xmxt8.cloudfront.net\/4\/2023\/07\/10_HORAL_WLC.webp 990w, https:\/\/d2p6e6u75xmxt8.cloudfront.net\/4\/2023\/07\/10_HORAL_WLC-300x200.webp 300w, https:\/\/d2p6e6u75xmxt8.cloudfront.net\/4\/2023\/07\/10_HORAL_WLC-768x512.webp 768w, https:\/\/d2p6e6u75xmxt8.cloudfront.net\/4\/2023\/07\/10_HORAL_WLC-400x267.webp 400w, https:\/\/d2p6e6u75xmxt8.cloudfront.net\/4\/2023\/07\/10_HORAL_WLC-272x182.webp 272w\" sizes=\"auto, (max-width: 990px) 100vw, 990px\" \/><\/a>\n\t\t\t<\/div><\/figure>\n\t\t<\/div>\n\n<h2><strong>Na z\u00e1ver<\/strong><\/h2>\n<p><span style=\"font-weight: 400;\">\u0160KODA HORAL MTB Marat\u00f3n je dlhoro\u010dnou st\u00e1licou v kalend\u00e1ri cyklistick\u00fdch podujat\u00ed a tento rok bude dejiskom fin\u00e1le 10. ro\u010dn\u00edka s\u00e9rie \u0160KODA BIKE OPEN TOUR. <strong>Pr\u00e1ve tu spozn\u00e1me v\u00ed\u0165azov celej s\u00e9rie.<\/strong> <\/span><\/p>\n<p><span style=\"font-weight: 400;\">Okrem hor\u00facich dn\u00ed a poriadnych b\u00farok u\u017e <\/span><a href=\"https:\/\/www.welovecycling.com\/sk\/2022\/08\/17\/reportaz-skoda-horal-mtb-maraton-ukoncenie-serie-v-krasnom-prostredi-vysokych-tatier\/\"><span style=\"font-weight: 400;\">za\u017eili pretek\u00e1ri pod Tatrami<\/span><\/a><span style=\"font-weight: 400;\"> toho na trati ve\u013emi ve\u013ea, a tak je mo\u017eno \u010das si pr\u00eds\u0165 vysk\u00fa\u0161a\u0165 tento legend\u00e1rny marat\u00f3n na vlastnej ko\u017ei. Viac k pretekom n\u00e1jdete v kalend\u00e1ri <\/span><a href=\"https:\/\/www.welovecycling.com\/sk\/sbot\/horal.php\"><span style=\"font-weight: 400;\">\u0160BOT s\u00e9rie<\/span><\/a><span style=\"font-weight: 400;\">.<\/span><\/p>\n<p>&nbsp;<\/p>\n","protected":false},"excerpt":{"rendered":"<p>Posledn\u00e9 kolo s\u00e9rie \u0160KODA BIKE OPEN TOUR vo Svite u\u017e na n\u00e1s netrpezlivo \u010dak\u00e1.\u00a0<\/p>\n","protected":false},"author":172,"featured_media":17874,"comment_status":"open","ping_status":"open","sticky":false,"template":"","format":"standard","meta":{"footnotes":""},"categories":[33],"tags":[916,507,53,1386,211,180,178,412,91,509,542,35,214,213,1540,1072],"global-categories":[1074],"class_list":["post-17872","post","type-post","status-publish","format-standard","has-post-thumbnail","hentry","category-sbot","tag-cyklisticka-destinacia","tag-cyklorodinka","tag-deti","tag-deti-na-bicykli","tag-horal","tag-horska-cyklistika","tag-maraton","tag-mtb","tag-pozvanka","tag-rodina","tag-skoda","tag-sbot","tag-skoda-horal-mtb-maraton","tag-svit","tag-tip","tag-trat","global-categories-cycling"],"yoast_head":"<!-- This site is optimized with the Yoast SEO Premium plugin v25.3 (Yoast SEO v25.9) - https:\/\/yoast.com\/wordpress\/plugins\/seo\/ -->\n<title>Pozv\u00e1nka: \u0160KODA Horal MTB marat\u00f3n 2023 - ideme do fin\u00e1le<\/title>\n<meta name=\"description\" content=\"Posledn\u00e9 kolo s\u00e9rie \u0160KODA BIKE OPEN TOUR vo Svite u\u017e na n\u00e1s netrpezlivo \u010dak\u00e1.\u00a0Tu spozn\u00e1me v\u00ed\u0165azov celej s\u00e9rie.\" \/>\n<meta name=\"robots\" content=\"index, follow, max-snippet:-1, max-image-preview:large, max-video-preview:-1\" \/>\n<link rel=\"canonical\" href=\"https:\/\/www.welovecycling.com\/sk\/2023\/07\/10\/pozvanka-skoda-horal-mtb-maraton-2023-ideme-do-finale\/\" \/>\n<meta property=\"og:locale\" content=\"sk_SK\" \/>\n<meta property=\"og:type\" content=\"article\" \/>\n<meta property=\"og:title\" content=\"Pozv\u00e1nka: \u0160KODA Horal MTB marat\u00f3n 2023 - ideme do fin\u00e1le\" \/>\n<meta property=\"og:description\" content=\"Posledn\u00e9 kolo s\u00e9rie \u0160KODA BIKE OPEN TOUR vo Svite u\u017e na n\u00e1s netrpezlivo \u010dak\u00e1.\u00a0Tu spozn\u00e1me v\u00ed\u0165azov celej s\u00e9rie.\" \/>\n<meta property=\"og:url\" content=\"https:\/\/www.welovecycling.com\/sk\/2023\/07\/10\/pozvanka-skoda-horal-mtb-maraton-2023-ideme-do-finale\/\" \/>\n<meta property=\"og:site_name\" content=\"\u0160koda We Love Cycling Slovensko\" \/>\n<meta property=\"article:published_time\" content=\"2023-07-10T08:12:33+00:00\" \/>\n<meta property=\"article:modified_time\" content=\"2023-07-10T08:13:26+00:00\" \/>\n<meta property=\"og:image\" content=\"https:\/\/d2p6e6u75xmxt8.cloudfront.net\/4\/2023\/07\/titulka.webp\" \/>\n\t<meta property=\"og:image:width\" content=\"990\" \/>\n\t<meta property=\"og:image:height\" content=\"660\" \/>\n\t<meta property=\"og:image:type\" content=\"image\/webp\" \/>\n<meta name=\"author\" content=\"dominika\" \/>\n<meta name=\"twitter:card\" content=\"summary_large_image\" \/>\n<meta name=\"twitter:label1\" content=\"Written by\" \/>\n\t<meta name=\"twitter:data1\" content=\"We Love Cycling\" \/>\n\t<meta name=\"twitter:label2\" content=\"Est. reading time\" \/>\n\t<meta name=\"twitter:data2\" content=\"2\" \/>\n<script type=\"application\/ld+json\" class=\"yoast-schema-graph\">{\"@context\":\"https:\/\/schema.org\",\"@graph\":[{\"@type\":\"WebPage\",\"@id\":\"https:\/\/www.welovecycling.com\/sk\/2023\/07\/10\/pozvanka-skoda-horal-mtb-maraton-2023-ideme-do-finale\/\",\"url\":\"https:\/\/www.welovecycling.com\/sk\/2023\/07\/10\/pozvanka-skoda-horal-mtb-maraton-2023-ideme-do-finale\/\",\"name\":\"Pozv\u00e1nka: \u0160KODA Horal MTB marat\u00f3n 2023 - ideme do fin\u00e1le\",\"isPartOf\":{\"@id\":\"https:\/\/www.welovecycling.com\/sk\/#website\"},\"primaryImageOfPage\":{\"@id\":\"https:\/\/www.welovecycling.com\/sk\/2023\/07\/10\/pozvanka-skoda-horal-mtb-maraton-2023-ideme-do-finale\/#primaryimage\"},\"image\":{\"@id\":\"https:\/\/www.welovecycling.com\/sk\/2023\/07\/10\/pozvanka-skoda-horal-mtb-maraton-2023-ideme-do-finale\/#primaryimage\"},\"thumbnailUrl\":\"https:\/\/d2p6e6u75xmxt8.cloudfront.net\/4\/2023\/07\/titulka.webp\",\"datePublished\":\"2023-07-10T08:12:33+00:00\",\"dateModified\":\"2023-07-10T08:13:26+00:00\",\"author\":{\"@id\":\"https:\/\/www.welovecycling.com\/sk\/#\/schema\/person\/533b62b98b6c41bd5135ebfb1f742624\"},\"description\":\"Posledn\u00e9 kolo s\u00e9rie \u0160KODA BIKE OPEN TOUR vo Svite u\u017e na n\u00e1s netrpezlivo \u010dak\u00e1.\u00a0Tu spozn\u00e1me v\u00ed\u0165azov celej s\u00e9rie.\",\"breadcrumb\":{\"@id\":\"https:\/\/www.welovecycling.com\/sk\/2023\/07\/10\/pozvanka-skoda-horal-mtb-maraton-2023-ideme-do-finale\/#breadcrumb\"},\"inLanguage\":\"sk-SK\",\"potentialAction\":[{\"@type\":\"ReadAction\",\"target\":[\"https:\/\/www.welovecycling.com\/sk\/2023\/07\/10\/pozvanka-skoda-horal-mtb-maraton-2023-ideme-do-finale\/\"]}]},{\"@type\":\"ImageObject\",\"inLanguage\":\"sk-SK\",\"@id\":\"https:\/\/www.welovecycling.com\/sk\/2023\/07\/10\/pozvanka-skoda-horal-mtb-maraton-2023-ideme-do-finale\/#primaryimage\",\"url\":\"https:\/\/d2p6e6u75xmxt8.cloudfront.net\/4\/2023\/07\/titulka.webp\",\"contentUrl\":\"https:\/\/d2p6e6u75xmxt8.cloudfront.net\/4\/2023\/07\/titulka.webp\",\"width\":990,\"height\":660},{\"@type\":\"BreadcrumbList\",\"@id\":\"https:\/\/www.welovecycling.com\/sk\/2023\/07\/10\/pozvanka-skoda-horal-mtb-maraton-2023-ideme-do-finale\/#breadcrumb\",\"itemListElement\":[{\"@type\":\"ListItem\",\"position\":1,\"name\":\"Home\",\"item\":\"https:\/\/www.welovecycling.com\/sk\/\"},{\"@type\":\"ListItem\",\"position\":2,\"name\":\"Pozv\u00e1nka: \u0160KODA Horal MTB marat\u00f3n 2023 &#8211; ideme do fin\u00e1le\"}]},{\"@type\":\"WebSite\",\"@id\":\"https:\/\/www.welovecycling.com\/sk\/#website\",\"url\":\"https:\/\/www.welovecycling.com\/sk\/\",\"name\":\"\u0160koda We Love Cycling Slovensko\",\"description\":\"\u0160koda We Love Cycling Slovensko je v\u00e1\u0161 ka\u017edodenn\u00fd zdroj noviniek a in\u0161pir\u00e1cie z sveta cyklistiky\",\"potentialAction\":[{\"@type\":\"SearchAction\",\"target\":{\"@type\":\"EntryPoint\",\"urlTemplate\":\"https:\/\/www.welovecycling.com\/sk\/?s={search_term_string}\"},\"query-input\":{\"@type\":\"PropertyValueSpecification\",\"valueRequired\":true,\"valueName\":\"search_term_string\"}}],\"inLanguage\":\"sk-SK\"},{\"@type\":\"Person\",\"@id\":\"https:\/\/www.welovecycling.com\/sk\/#\/schema\/person\/533b62b98b6c41bd5135ebfb1f742624\",\"name\":\"dominika\",\"image\":{\"@type\":\"ImageObject\",\"inLanguage\":\"sk-SK\",\"@id\":\"https:\/\/www.welovecycling.com\/sk\/#\/schema\/person\/image\/\",\"url\":\"https:\/\/secure.gravatar.com\/avatar\/ded6f274ba2ec3e17fff153f7d9d96a4b33c2cb63907f75d9a5309c599a7f3e6?s=96&d=mm&r=g\",\"contentUrl\":\"https:\/\/secure.gravatar.com\/avatar\/ded6f274ba2ec3e17fff153f7d9d96a4b33c2cb63907f75d9a5309c599a7f3e6?s=96&d=mm&r=g\",\"caption\":\"dominika\"},\"url\":\"https:\/\/www.welovecycling.com\/sk\/author\/dominika\/\"}]}<\/script>\n<!-- \/ Yoast SEO Premium plugin. -->","yoast_head_json":{"title":"Pozv\u00e1nka: \u0160KODA Horal MTB marat\u00f3n 2023 - ideme do fin\u00e1le","description":"Posledn\u00e9 kolo s\u00e9rie \u0160KODA BIKE OPEN TOUR vo Svite u\u017e na n\u00e1s netrpezlivo \u010dak\u00e1.\u00a0Tu spozn\u00e1me v\u00ed\u0165azov celej s\u00e9rie.","robots":{"index":"index","follow":"follow","max-snippet":"max-snippet:-1","max-image-preview":"max-image-preview:large","max-video-preview":"max-video-preview:-1"},"canonical":"https:\/\/www.welovecycling.com\/sk\/2023\/07\/10\/pozvanka-skoda-horal-mtb-maraton-2023-ideme-do-finale\/","og_locale":"sk_SK","og_type":"article","og_title":"Pozv\u00e1nka: \u0160KODA Horal MTB marat\u00f3n 2023 - ideme do fin\u00e1le","og_description":"Posledn\u00e9 kolo s\u00e9rie \u0160KODA BIKE OPEN TOUR vo Svite u\u017e na n\u00e1s netrpezlivo \u010dak\u00e1.\u00a0Tu spozn\u00e1me v\u00ed\u0165azov celej s\u00e9rie.","og_url":"https:\/\/www.welovecycling.com\/sk\/2023\/07\/10\/pozvanka-skoda-horal-mtb-maraton-2023-ideme-do-finale\/","og_site_name":"\u0160koda We Love Cycling Slovensko","article_published_time":"2023-07-10T08:12:33+00:00","article_modified_time":"2023-07-10T08:13:26+00:00","og_image":[{"width":990,"height":660,"url":"https:\/\/d2p6e6u75xmxt8.cloudfront.net\/4\/2023\/07\/titulka.webp","type":"image\/webp"}],"author":"dominika","twitter_card":"summary_large_image","twitter_misc":{"Written by":"We Love Cycling","Est. reading time":"2"},"schema":{"@context":"https:\/\/schema.org","@graph":[{"@type":"WebPage","@id":"https:\/\/www.welovecycling.com\/sk\/2023\/07\/10\/pozvanka-skoda-horal-mtb-maraton-2023-ideme-do-finale\/","url":"https:\/\/www.welovecycling.com\/sk\/2023\/07\/10\/pozvanka-skoda-horal-mtb-maraton-2023-ideme-do-finale\/","name":"Pozv\u00e1nka: \u0160KODA Horal MTB marat\u00f3n 2023 - ideme do fin\u00e1le","isPartOf":{"@id":"https:\/\/www.welovecycling.com\/sk\/#website"},"primaryImageOfPage":{"@id":"https:\/\/www.welovecycling.com\/sk\/2023\/07\/10\/pozvanka-skoda-horal-mtb-maraton-2023-ideme-do-finale\/#primaryimage"},"image":{"@id":"https:\/\/www.welovecycling.com\/sk\/2023\/07\/10\/pozvanka-skoda-horal-mtb-maraton-2023-ideme-do-finale\/#primaryimage"},"thumbnailUrl":"https:\/\/d2p6e6u75xmxt8.cloudfront.net\/4\/2023\/07\/titulka.webp","datePublished":"2023-07-10T08:12:33+00:00","dateModified":"2023-07-10T08:13:26+00:00","author":{"@id":"https:\/\/www.welovecycling.com\/sk\/#\/schema\/person\/533b62b98b6c41bd5135ebfb1f742624"},"description":"Posledn\u00e9 kolo s\u00e9rie \u0160KODA BIKE OPEN TOUR vo Svite u\u017e na n\u00e1s netrpezlivo \u010dak\u00e1.\u00a0Tu spozn\u00e1me v\u00ed\u0165azov celej s\u00e9rie.","breadcrumb":{"@id":"https:\/\/www.welovecycling.com\/sk\/2023\/07\/10\/pozvanka-skoda-horal-mtb-maraton-2023-ideme-do-finale\/#breadcrumb"},"inLanguage":"sk-SK","potentialAction":[{"@type":"ReadAction","target":["https:\/\/www.welovecycling.com\/sk\/2023\/07\/10\/pozvanka-skoda-horal-mtb-maraton-2023-ideme-do-finale\/"]}]},{"@type":"ImageObject","inLanguage":"sk-SK","@id":"https:\/\/www.welovecycling.com\/sk\/2023\/07\/10\/pozvanka-skoda-horal-mtb-maraton-2023-ideme-do-finale\/#primaryimage","url":"https:\/\/d2p6e6u75xmxt8.cloudfront.net\/4\/2023\/07\/titulka.webp","contentUrl":"https:\/\/d2p6e6u75xmxt8.cloudfront.net\/4\/2023\/07\/titulka.webp","width":990,"height":660},{"@type":"BreadcrumbList","@id":"https:\/\/www.welovecycling.com\/sk\/2023\/07\/10\/pozvanka-skoda-horal-mtb-maraton-2023-ideme-do-finale\/#breadcrumb","itemListElement":[{"@type":"ListItem","position":1,"name":"Home","item":"https:\/\/www.welovecycling.com\/sk\/"},{"@type":"ListItem","position":2,"name":"Pozv\u00e1nka: \u0160KODA Horal MTB marat\u00f3n 2023 &#8211; ideme do fin\u00e1le"}]},{"@type":"WebSite","@id":"https:\/\/www.welovecycling.com\/sk\/#website","url":"https:\/\/www.welovecycling.com\/sk\/","name":"\u0160koda We Love Cycling Slovensko","description":"\u0160koda We Love Cycling Slovensko je v\u00e1\u0161 ka\u017edodenn\u00fd zdroj noviniek a in\u0161pir\u00e1cie z sveta cyklistiky","potentialAction":[{"@type":"SearchAction","target":{"@type":"EntryPoint","urlTemplate":"https:\/\/www.welovecycling.com\/sk\/?s={search_term_string}"},"query-input":{"@type":"PropertyValueSpecification","valueRequired":true,"valueName":"search_term_string"}}],"inLanguage":"sk-SK"},{"@type":"Person","@id":"https:\/\/www.welovecycling.com\/sk\/#\/schema\/person\/533b62b98b6c41bd5135ebfb1f742624","name":"dominika","image":{"@type":"ImageObject","inLanguage":"sk-SK","@id":"https:\/\/www.welovecycling.com\/sk\/#\/schema\/person\/image\/","url":"https:\/\/secure.gravatar.com\/avatar\/ded6f274ba2ec3e17fff153f7d9d96a4b33c2cb63907f75d9a5309c599a7f3e6?s=96&d=mm&r=g","contentUrl":"https:\/\/secure.gravatar.com\/avatar\/ded6f274ba2ec3e17fff153f7d9d96a4b33c2cb63907f75d9a5309c599a7f3e6?s=96&d=mm&r=g","caption":"dominika"},"url":"https:\/\/www.welovecycling.com\/sk\/author\/dominika\/"}]}},"_links":{"self":[{"href":"https:\/\/www.welovecycling.com\/sk\/wp-json\/wp\/v2\/posts\/17872","targetHints":{"allow":["GET"]}}],"collection":[{"href":"https:\/\/www.welovecycling.com\/sk\/wp-json\/wp\/v2\/posts"}],"about":[{"href":"https:\/\/www.welovecycling.com\/sk\/wp-json\/wp\/v2\/types\/post"}],"author":[{"embeddable":true,"href":"https:\/\/www.welovecycling.com\/sk\/wp-json\/wp\/v2\/users\/172"}],"replies":[{"embeddable":true,"href":"https:\/\/www.welovecycling.com\/sk\/wp-json\/wp\/v2\/comments?post=17872"}],"version-history":[{"count":4,"href":"https:\/\/www.welovecycling.com\/sk\/wp-json\/wp\/v2\/posts\/17872\/revisions"}],"predecessor-version":[{"id":17887,"href":"https:\/\/www.welovecycling.com\/sk\/wp-json\/wp\/v2\/posts\/17872\/revisions\/17887"}],"wp:featuredmedia":[{"embeddable":true,"href":"https:\/\/www.welovecycling.com\/sk\/wp-json\/wp\/v2\/media\/17874"}],"wp:attachment":[{"href":"https:\/\/www.welovecycling.com\/sk\/wp-json\/wp\/v2\/media?parent=17872"}],"wp:term":[{"taxonomy":"category","embeddable":true,"href":"https:\/\/www.welovecycling.com\/sk\/wp-json\/wp\/v2\/categories?post=17872"},{"taxonomy":"post_tag","embeddable":true,"href":"https:\/\/www.welovecycling.com\/sk\/wp-json\/wp\/v2\/tags?post=17872"},{"taxonomy":"global-categories","embeddable":true,"href":"https:\/\/www.welovecycling.com\/sk\/wp-json\/wp\/v2\/global-categories?post=17872"}],"curies":[{"name":"wp","href":"https:\/\/api.w.org\/{rel}","templated":true}]}}