{"id":17860,"date":"2023-07-07T09:24:18","date_gmt":"2023-07-07T07:24:18","guid":{"rendered":"https:\/\/www.welovecycling.com\/sk\/?p=17860"},"modified":"2023-07-07T09:24:18","modified_gmt":"2023-07-07T07:24:18","slug":"najikonickejsie-miesta-tour-de-france","status":"publish","type":"post","link":"https:\/\/www.welovecycling.com\/sk\/2023\/07\/07\/najikonickejsie-miesta-tour-de-france\/","title":{"rendered":"Najikonickej\u0161ie miesta Tour de France"},"content":{"rendered":"<p><strong>Okrem toho, \u017ee ide o trojt\u00fd\u017ed\u0148ov\u00e9 cyklistick\u00e9 preteky, Tour de France \u2013 ako v\u0161etky Grand Tour \u2013 je aj t\u00fdm, \u010do slovo tour v skuto\u010dnosti znamen\u00e1, \u201edlhou cestou, zvy\u010dajne pre pote\u0161enie, na ktorej nav\u0161t\u00edvime zauj\u00edmav\u00e9 miesta\u201c. Je to prehliadka krajiny a jej zauj\u00edmav\u00fdch miest. Ikonick\u00e9 miesta Tour s\u00fa v\u0161ak tie, ktor\u00e9 sa sp\u00e1jaj\u00fa s jej \u0161portovou hist\u00f3riou kv\u00f4li dr\u00e1me, ktor\u00e1 sa tam odohrala.<\/strong><\/p>\n<p><!--more--><\/p>\n<p><span style=\"font-weight: 400;\"><strong>Od prvej Tour de France v roku 1903 sa uskuto\u010dnilo 109 ro\u010dn\u00edkov tejto udalosti, ktor\u00e1 sa stala jednou z najv\u00e4\u010d\u0161\u00edch \u0161portov\u00fdch udalost\u00ed na celej plan\u00e9te.<\/strong> Za ten \u010das si Tour vytvorila svoju vlastn\u00fa bohat\u00fa hist\u00f3riu s mnoh\u00fdmi miestami, ktor\u00e9 sa stali synonymom pretekov. Je ich pr\u00edli\u0161 ve\u013ea na to, aby sme ich tu vyp\u00edsali. V\u00e4\u010d\u0161ina z ni\u017e\u0161ie uveden\u00fdch s\u00fa kopce, preto\u017ee v\u00e4\u010d\u0161ina ve\u013ekej dr\u00e1my Tour sa t\u00fdka jazdcov, ktor\u00ed sa tr\u00e1pili v\u00fdstupom po strmom svahu na vrchol hory alebo priesmyk v Alp\u00e1ch, \u010di Pyrenejach.<\/span><\/p>\n<h2 style=\"font-weight: 400;\"><strong>Champs-<\/strong><strong>\u00c9lys\u00e9es<\/strong><\/h2>\n<figure id=\"attachment_17861\" aria-describedby=\"caption-attachment-17861\" style=\"width: 990px\" class=\"wp-caption alignnone\"><a href=\"https:\/\/d2p6e6u75xmxt8.cloudfront.net\/4\/2023\/07\/Champs-Elysees-profimedia-0709534621-CVR.webp\"><img loading=\"lazy\" decoding=\"async\" class=\"wp-image-17861 size-full\" src=\"https:\/\/d2p6e6u75xmxt8.cloudfront.net\/4\/2023\/07\/Champs-Elysees-profimedia-0709534621-CVR.webp\" alt=\"Champs-Elys\u00e9es\" width=\"990\" height=\"660\" srcset=\"https:\/\/d2p6e6u75xmxt8.cloudfront.net\/4\/2023\/07\/Champs-Elysees-profimedia-0709534621-CVR.webp 990w, https:\/\/d2p6e6u75xmxt8.cloudfront.net\/4\/2023\/07\/Champs-Elysees-profimedia-0709534621-CVR-300x200.webp 300w, https:\/\/d2p6e6u75xmxt8.cloudfront.net\/4\/2023\/07\/Champs-Elysees-profimedia-0709534621-CVR-768x512.webp 768w, https:\/\/d2p6e6u75xmxt8.cloudfront.net\/4\/2023\/07\/Champs-Elysees-profimedia-0709534621-CVR-400x267.webp 400w, https:\/\/d2p6e6u75xmxt8.cloudfront.net\/4\/2023\/07\/Champs-Elysees-profimedia-0709534621-CVR-272x182.webp 272w\" sizes=\"auto, (max-width: 990px) 100vw, 990px\" \/><\/a><figcaption id=\"caption-attachment-17861\" class=\"wp-caption-text\"><span style=\"font-weight: 400;\">Tour de France si bez Champs-Elys\u00e9es neviem predstavi\u0165. \u00a9 Profimedia<\/span><\/figcaption><\/figure>\n<p><span style=\"font-weight: 400;\"><strong>Nech ide o ak\u00fako\u013evek konverz\u00e1ciu o ikonick\u00fdch miestach Tour de France, ka\u017ed\u00e1 sa mus\u00ed za\u010da\u0165 na konci, na poslednej etape pretekov. <\/strong>T\u00e1 sa odohr\u00e1va na najzn\u00e1mej\u0161ej ulici sveta, Champs-\u00c9lys\u00e9es, v najpopul\u00e1rnej\u0161om meste sveta, Par\u00ed\u017ei. T\u00e1to \u010das\u0165 tie\u017e prech\u00e1dza mnoh\u00fdmi ikonick\u00fdmi miestami samotn\u00e9ho mesta: <\/span><a href=\"https:\/\/sk.wikipedia.org\/wiki\/Place_de_la_Concorde\"><span style=\"font-weight: 400;\">N\u00e1mest\u00edm svornosti<\/span><\/a><span style=\"font-weight: 400;\">, <\/span><a href=\"https:\/\/sk.wikipedia.org\/wiki\/Arc_de_Triomphe_de_l%E2%80%99%C3%89toile\"><span style=\"font-weight: 400;\">V\u00ed\u0165azn\u00fdm obl\u00fakom<\/span><\/a><span style=\"font-weight: 400;\">, <\/span><a href=\"https:\/\/sk.wikipedia.org\/wiki\/Palais_des_Tuileries\"><span style=\"font-weight: 400;\">Tuilerijsk\u00fdm pal\u00e1com<\/span><\/a><span style=\"font-weight: 400;\"> a <\/span><a href=\"https:\/\/sk.wikipedia.org\/wiki\/Mus%C3%A9e_du_Louvre\"><span style=\"font-weight: 400;\">Louvrom<\/span><\/a><span style=\"font-weight: 400;\">.<\/span><\/p>\n<p><span style=\"font-weight: 400;\">Samotn\u00e1 Champs nie je ni\u010d\u00edm in\u00fdm ako ve\u013emi drah\u00fdm n\u00e1kupn\u00fdm centrom so \u0161pi\u010dkov\u00fdmi obchodmi, re\u0161taur\u00e1ciami, no\u010dn\u00fdmi klubmi, divadlami a kaviar\u0148ami. Nach\u00e1dzda sa na piatom mieste v zozname najdrah\u0161\u00edch ul\u00edc sveta s ro\u010dn\u00fdm n\u00e1jomn\u00fdm v priemere 11 496 $ [10 621 \u20ac] \/ m2. <strong>Ale ka\u017ed\u00fd rok, v jednu j\u00falov\u00fa nede\u013eu,\u00a0musia nakupuj\u00faci ust\u00fapi\u0165 fan\u00fa\u0161ikom cestn\u00fdch pretekov, ktor\u00ed lemuj\u00fa ulicu, aby sledovali fin\u00e1le najsl\u00e1vnej\u0161\u00edch cestn\u00fdch pretekov na svete.<\/strong><\/span><\/p>\n<p><span style=\"font-weight: 400;\">Z\u00e1vere\u010dn\u00e1 etapa Tour je pre v\u00ed\u0165aza \u017elt\u00e9ho dresu takmer v\u017edy v\u00ed\u0165aznou promen\u00e1dou. Pelot\u00f3n jazd\u00ed pokojn\u00fdm tempom, zatia\u013e \u010do v\u00ed\u0165az pop\u00edja \u0161ampansk\u00e9 so svoj\u00edm t\u00edmom a p\u00f3zuje pre fotografov. <strong>Preteky kone\u010dne za\u010d\u00ednaj\u00fa, ke\u010f jazdci dorazia ku Champs, kde \u0161print\u00e9ri s\u00faperia o v\u00ed\u0165azstvo v najprest\u00ed\u017enej\u0161om \u0161print\u00e9rskom umiestnen\u00ed vo svetovej cyklistike.<\/strong> Etapa sa zvy\u010dajne kon\u010d\u00ed hromadn\u00fdm \u0161printom; posledn\u00fdm jazdcom, ktor\u00fd vyhral etapu odrthnut\u00edm sa, bol Alexander Vinokourov v roku 2005. Mark Cavendish, teraz z Astany Qazaqstan, vyhral etapu \u0161tyrikr\u00e1t, \u010do je viac ako ktor\u00fdko\u013evek in\u00fd jazdec. Tento rok bud\u00fa jazdci \u0161tartova\u0165 v Saint-Quentin-en-Yvelines ne\u010faleko Par\u00ed\u017ea a 115 km dlh\u00e1 etapa bude zah\u0155\u0148a\u0165 osem k\u00f4l na Champs.<\/span><\/p>\n<h2 style=\"font-weight: 400;\"><strong>Alpe d&#8217;Huez<\/strong><\/h2>\n<figure id=\"attachment_17862\" aria-describedby=\"caption-attachment-17862\" style=\"width: 1250px\" class=\"wp-caption alignnone\"><a href=\"https:\/\/d2p6e6u75xmxt8.cloudfront.net\/4\/2023\/07\/Alpe-d39Huez-profimedia-0374757289.webp\"><img loading=\"lazy\" decoding=\"async\" class=\"size-full wp-image-17862\" src=\"https:\/\/d2p6e6u75xmxt8.cloudfront.net\/4\/2023\/07\/Alpe-d39Huez-profimedia-0374757289.webp\" alt=\"Ale d'Huez\" width=\"1250\" height=\"833\" srcset=\"https:\/\/d2p6e6u75xmxt8.cloudfront.net\/4\/2023\/07\/Alpe-d39Huez-profimedia-0374757289.webp 1250w, https:\/\/d2p6e6u75xmxt8.cloudfront.net\/4\/2023\/07\/Alpe-d39Huez-profimedia-0374757289-300x200.webp 300w, https:\/\/d2p6e6u75xmxt8.cloudfront.net\/4\/2023\/07\/Alpe-d39Huez-profimedia-0374757289-1024x682.webp 1024w, https:\/\/d2p6e6u75xmxt8.cloudfront.net\/4\/2023\/07\/Alpe-d39Huez-profimedia-0374757289-768x512.webp 768w, https:\/\/d2p6e6u75xmxt8.cloudfront.net\/4\/2023\/07\/Alpe-d39Huez-profimedia-0374757289-400x267.webp 400w, https:\/\/d2p6e6u75xmxt8.cloudfront.net\/4\/2023\/07\/Alpe-d39Huez-profimedia-0374757289-272x182.webp 272w\" sizes=\"auto, (max-width: 1250px) 100vw, 1250px\" \/><\/a><figcaption id=\"caption-attachment-17862\" class=\"wp-caption-text\"><span style=\"font-weight: 400;\">Romain Bardet a Tony Gallopin po\u010das obhliadky trate na ceste k vrcholu Alpe d\u2019Huez. \u00a9 Profimedia<\/span><\/figcaption><\/figure>\n<p><span style=\"font-weight: 400;\"><strong>Alpe d\u2019Huez je pravdepodobne najzn\u00e1mej\u0161ie zo v\u0161etk\u00fdch pohor\u00ed Tour de France, nepochybne kv\u00f4li 21 z\u00e1krut\u00e1m, ktor\u00e9 ved\u00fa hore svahom. 13,8 km dlh\u00e9 st\u00fapanie, pri priemernom sklone 8,1 %, s maximom 11,5 %, kon\u010d\u00ed v nadmorskej v\u00fd\u0161ke 1 850 m.<\/strong> Od svojho uvedenia v roku 1952 bolo s\u00fa\u010das\u0165ou Tour 31-kr\u00e1t. Zvl\u00e1\u0161tnos\u0165ou je, \u017ee nebolo hne\u010f od za\u010diatku ob\u013e\u00faben\u00fdm miestom. Na jeho svahoch nebolo vidie\u0165 takmer \u017eiadnych div\u00e1kov, no rokmi sa stalo ve\u013ek\u00fdm favoritom. Dnes tis\u00edcky div\u00e1kov lemuj\u00fa svah bl\u00edzko vrcholu, aby mohli povzbudi\u0165 cyklistov pri pretekan\u00ed.<\/span><\/p>\n<p><span style=\"font-weight: 400;\"><strong>Geraint Thomas je prv\u00fdm a zatia\u013e jedin\u00fdm jazdcom, ktor\u00fd vyhral etapu Alpe d&#8217;Huez na Tour de France, pri\u010dom mal na sebe \u017elt\u00fd dres l\u00eddra pretekov.<\/strong> Podarilo sa mu to v roku 2018. T\u00fato Tour de France vyhral. Jedn\u00fdm z bizarnej\u0161\u00edch momentov Tour de France je situ\u00e1cia, ktor\u00e1 nastala v roku 1999. Giuseppe Guerini bol vpredu v st\u00fapan\u00ed a len nieko\u013eko stoviek metrov pred cie\u013eom sa zrazil s div\u00e1kom. Ten sa pred neho postavil, aby si ho odfotil. Pohodov\u00fd Guerini sa v\u0161ak jednoducho vr\u00e1til na bicykel a vyhral etapu o 21 sek\u00fand nesk\u00f4r.<\/span><\/p>\n<p><span style=\"font-weight: 400;\"><strong>Hora sa stala \u0161portov\u00fdm p\u00fatnick\u00fdm miestom pre holandsk\u00fdch fan\u00fa\u0161ikov cyklistiky<\/strong> v\u010faka v\u00ed\u0165azstvu Joopa Zoetemelka vo v\u00fdstupe v roku 1976. Ten zv\u00ed\u0165azil len o 3 sekundy nad Belgi\u010danom Lucienom Van Impe. T\u00fdchto fan\u00fa\u0161ikov \u013eahko rozpozna\u0165, preto\u017ee maj\u00fa oran\u017eov\u00e9 oble\u010denie a \u010dasto s\u00fa om\u00e1men\u00ed alkoholom.<\/span><\/p>\n<h2 style=\"font-weight: 400;\"><strong>Bordeaux<\/strong><\/h2>\n<figure id=\"attachment_17863\" aria-describedby=\"caption-attachment-17863\" style=\"width: 990px\" class=\"wp-caption alignnone\"><a href=\"https:\/\/d2p6e6u75xmxt8.cloudfront.net\/4\/2023\/07\/Bordeaux-profimedia-0774940557.webp\"><img loading=\"lazy\" decoding=\"async\" class=\"wp-image-17863 size-full\" src=\"https:\/\/d2p6e6u75xmxt8.cloudfront.net\/4\/2023\/07\/Bordeaux-profimedia-0774940557.webp\" alt=\"Bordeaux\" width=\"990\" height=\"660\" srcset=\"https:\/\/d2p6e6u75xmxt8.cloudfront.net\/4\/2023\/07\/Bordeaux-profimedia-0774940557.webp 990w, https:\/\/d2p6e6u75xmxt8.cloudfront.net\/4\/2023\/07\/Bordeaux-profimedia-0774940557-300x200.webp 300w, https:\/\/d2p6e6u75xmxt8.cloudfront.net\/4\/2023\/07\/Bordeaux-profimedia-0774940557-768x512.webp 768w, https:\/\/d2p6e6u75xmxt8.cloudfront.net\/4\/2023\/07\/Bordeaux-profimedia-0774940557-400x267.webp 400w, https:\/\/d2p6e6u75xmxt8.cloudfront.net\/4\/2023\/07\/Bordeaux-profimedia-0774940557-272x182.webp 272w\" sizes=\"auto, (max-width: 990px) 100vw, 990px\" \/><\/a><figcaption id=\"caption-attachment-17863\" class=\"wp-caption-text\"><span style=\"font-weight: 400;\">Bordeaux \u2013 mesto, ktor\u00e9 po Par\u00ed\u017ei hostilo preteky naj\u010dastej\u0161ie.<\/span><\/figcaption><\/figure>\n<p><span style=\"font-weight: 400;\">Spome\u0148te Bordeaux a \u013eudia si hne\u010f predstavia skvel\u00e9 \u010derven\u00e9 v\u00edna vyr\u00e1ban\u00e9 v regi\u00f3ne a vychutn\u00e1van\u00e9 po celom svete. Ale mesto, ktor\u00e9 sa nach\u00e1dza na rieke Garonne, 50 km od pobre\u017eia Atlantiku, je tie\u017e skvel\u00fdm \u0161portov\u00fdm mestom. M\u00e1 \u00faspe\u0161n\u00fd rugby klub, ktor\u00fd hr\u00e1 na najvy\u0161\u0161ej \u00farovni, a tie\u017e futbalov\u00fd t\u00edm, ktor\u00fd dlh\u00e9 roky hral v elitnej Ligue 1. A\u017e k\u00fdm finan\u010dn\u00e9 probl\u00e9my, z ve\u013ekej \u010dasti sp\u00f4soben\u00e9 pand\u00e9miou Covid, neviedli k jeho zostupu v roku 2021. <strong>Mesto je tie\u017e ob\u013e\u00fabenou zast\u00e1vkou na Tour. S 81 n\u00e1v\u0161tevami je to po Par\u00ed\u017ei 2. mesto, ktor\u00e9 preteky hostilo naj\u010dastej\u0161ie.<\/strong><\/span><\/p>\n<p><span style=\"font-weight: 400;\">Tohtoro\u010dn\u00e1 zast\u00e1vka na z\u00e1ver 7. etapy je prvou za 13 rokov. Posledn\u00fdm v\u00ed\u0165azom etapy v Bordeaux bol Mark Cavendish. Ten d\u00fafa, \u017ee tento rok prekon\u00e1 rekord 34 v\u00ed\u0165azstiev v etape Tour de France, o ktor\u00fd sa v s\u00fa\u010dasnosti del\u00ed so skvel\u00fdm Eddym Merckxom. Bolo by vhodn\u00e9, keby \u201eve\u013ek\u00fd Cavendish\u201d zlomil rekord pr\u00e1ve v Bordeaux, meste s bohatou cyklistickou hist\u00f3riou. <strong>Kedysi sa v \u0148om konali ve\u013ek\u00e9 \u0161es\u0165d\u0148ov\u00e9 cyklistick\u00e9 preteky. A je tie\u017e domovom sl\u00e1vneho velodr\u00f3mu Bordeaux-Lac Stadium,<\/strong> kde sa v rokoch 1998 a 2006 konali majstrovstv\u00e1 sveta na dr\u00e1he, a kde Chris Boardman, Graeme Obree, Miguel Indurain a Tony Rominger vytvorili svetov\u00e9 1-hodinov\u00e9 rekordy v rokoch 1993 a 1994.<\/span><\/p>\n<h2 style=\"font-weight: 400;\"><strong>Mont Ventoux<\/strong><\/h2>\n<figure id=\"attachment_17864\" aria-describedby=\"caption-attachment-17864\" style=\"width: 1000px\" class=\"wp-caption alignnone\"><a href=\"https:\/\/d2p6e6u75xmxt8.cloudfront.net\/4\/2023\/07\/Mt-Ventoux-profimedia-0559630911.webp\"><img loading=\"lazy\" decoding=\"async\" class=\"size-full wp-image-17864\" src=\"https:\/\/d2p6e6u75xmxt8.cloudfront.net\/4\/2023\/07\/Mt-Ventoux-profimedia-0559630911.webp\" alt=\"Mt Ventoux\" width=\"1000\" height=\"667\" srcset=\"https:\/\/d2p6e6u75xmxt8.cloudfront.net\/4\/2023\/07\/Mt-Ventoux-profimedia-0559630911.webp 1000w, https:\/\/d2p6e6u75xmxt8.cloudfront.net\/4\/2023\/07\/Mt-Ventoux-profimedia-0559630911-300x200.webp 300w, https:\/\/d2p6e6u75xmxt8.cloudfront.net\/4\/2023\/07\/Mt-Ventoux-profimedia-0559630911-768x512.webp 768w, https:\/\/d2p6e6u75xmxt8.cloudfront.net\/4\/2023\/07\/Mt-Ventoux-profimedia-0559630911-400x267.webp 400w, https:\/\/d2p6e6u75xmxt8.cloudfront.net\/4\/2023\/07\/Mt-Ventoux-profimedia-0559630911-272x182.webp 272w\" sizes=\"auto, (max-width: 1000px) 100vw, 1000px\" \/><\/a><figcaption id=\"caption-attachment-17864\" class=\"wp-caption-text\"><span style=\"font-weight: 400;\">Ohromuj\u00faca hora Ventoux. \u00a9 Profimedia<\/span><\/figcaption><\/figure>\n<p><span style=\"font-weight: 400;\">Mont Ventoux je pova\u017eovan\u00fd za jeden z najnam\u00e1havej\u0161\u00edch v\u00fdstupov na <\/span><a href=\"http:\/\/letour.fr\/\"><span style=\"font-weight: 400;\">Tour de France<\/span><\/a><span style=\"font-weight: 400;\"> a od roku 1951 ho jazdci Tour nav\u0161t\u00edvili 18-kr\u00e1t.<strong> Obor Provensalska, ako sa mu hovor\u00ed, je vysok\u00fd 1 909 metrov. Jeho hol\u00fd, skalnat\u00fd v\u00e1pencov\u00fd vrchol \u010dasto porovn\u00e1vaj\u00fa s povrchom Mesiaca.<\/strong> Na rozdiel od in\u00fdch klasick\u00fdch pohor\u00ed Tour \u00c1lp a Pyrenej\u00ed, ktor\u00e9 s\u00fa obklopen\u00e9 vysok\u00fdmi \u0161t\u00edtmi, Ventoux stoj\u00ed s\u00e1m, t\u00fd\u010di sa nad <\/span><a href=\"https:\/\/www.francetoday.com\/food-drink\/market-day-in-provence-the-vaucluse-and-beyond\/\"><span style=\"font-weight: 400;\">Provens\u00e1lskom <\/span><\/a><span style=\"font-weight: 400;\">a je vidite\u013en\u00fd z dia\u013eky. M\u00e1 tri st\u00fapania, z ktor\u00fdch ka\u017ed\u00e9 je n\u00e1ro\u010dn\u00e9.<\/span><\/p>\n<p><span style=\"font-weight: 400;\">V roku 2016 bol v\u00fdstup preru\u0161en\u00fd kv\u00f4li prudk\u00e9mu vetru Mistr\u00e1l, ktor\u00fd f\u00fakal cez jeho svahy, ale to nezabr\u00e1nilo hore vyv\u00e1dza\u0165. Nieko\u013eko kilometrov pod upraven\u00fdm \u201evrcholom\u201c sa div\u00e1ci dostali pr\u00edli\u0161 bl\u00edzko k jazdcom. To sp\u00f4sobilo, \u017ee l\u00edder pretekov (a kone\u010dn\u00fd v\u00ed\u0165az) Chris Froome narazil do zadnej \u010dasti jazdca pred n\u00edm, ktor\u00fd narazil do zadnej \u010dasti motorky nes\u00facej kameramana. <strong>V jednej z ikonick\u00fdch sc\u00e9n Tour de France Froome odhodil svoj po\u0161koden\u00fd bicykel a za\u010dal uteka\u0165 po strmej ceste hore, a\u017e k\u00fdm mu nepri\u0161iel nov\u00fd bicykel.<\/strong> V roku 2021 sa na Ventoux neliezlo raz, ale hne\u010f dvakr\u00e1t, pri\u010dom sl\u00e1vne v\u00ed\u0165azstvo z\u00edskal jazdec Jumbo-Visma Wout van Aert.<\/span><\/p>\n<p><span style=\"font-weight: 400;\">Nie je to pr\u00e1ve sympatick\u00e1 hora. V skuto\u010dnosti ju zosnul\u00fd franc\u00fazsky filozof Roland Barthes nazval <em>\u201ebohom zla, ktor\u00e9mu treba prin\u00e1\u0161a\u0165 obete. Nikdy neodpust\u00ed slabos\u0165 a vyberie si nespravodliv\u00fa da\u0148 za utrpenie.\u201c<\/em><\/span><\/p>\n<h2 style=\"font-weight: 400;\"><strong>Col du Tourmalet<\/strong><\/h2>\n<figure id=\"attachment_17865\" aria-describedby=\"caption-attachment-17865\" style=\"width: 990px\" class=\"wp-caption alignnone\"><a href=\"https:\/\/d2p6e6u75xmxt8.cloudfront.net\/4\/2023\/07\/Col-du-Tourmalet-profimedia-0379886600.webp\"><img loading=\"lazy\" decoding=\"async\" class=\"wp-image-17865 size-full\" src=\"https:\/\/d2p6e6u75xmxt8.cloudfront.net\/4\/2023\/07\/Col-du-Tourmalet-profimedia-0379886600.webp\" alt=\"Col du Tourmalet\" width=\"990\" height=\"660\" srcset=\"https:\/\/d2p6e6u75xmxt8.cloudfront.net\/4\/2023\/07\/Col-du-Tourmalet-profimedia-0379886600.webp 990w, https:\/\/d2p6e6u75xmxt8.cloudfront.net\/4\/2023\/07\/Col-du-Tourmalet-profimedia-0379886600-300x200.webp 300w, https:\/\/d2p6e6u75xmxt8.cloudfront.net\/4\/2023\/07\/Col-du-Tourmalet-profimedia-0379886600-768x512.webp 768w, https:\/\/d2p6e6u75xmxt8.cloudfront.net\/4\/2023\/07\/Col-du-Tourmalet-profimedia-0379886600-400x267.webp 400w, https:\/\/d2p6e6u75xmxt8.cloudfront.net\/4\/2023\/07\/Col-du-Tourmalet-profimedia-0379886600-272x182.webp 272w\" sizes=\"auto, (max-width: 990px) 100vw, 990px\" \/><\/a><figcaption id=\"caption-attachment-17865\" class=\"wp-caption-text\"><span style=\"font-weight: 400;\">Col du Tourmalet je jedn\u00fdm z najlegend\u00e1rnej\u0161\u00edch miest Tour. \u00a9 Profimedia<\/span><\/figcaption><\/figure>\n<p><span style=\"font-weight: 400;\"><strong>Tourmalet je najviac zdol\u00e1van\u00e1 hora v hist\u00f3rii Tour de France, od roku 1910 sa na pretekoch objavila 90-kr\u00e1t.<\/strong> S v\u00fd\u0161kou 2 115 m je to jeden z najvy\u0161\u0161\u00edch spevnen\u00fdch horsk\u00fdch <\/span><a href=\"https:\/\/sk.wikipedia.org\/wiki\/Priesmyk\"><span style=\"font-weight: 400;\">priesmykov <\/span><\/a><span style=\"font-weight: 400;\">vo franc\u00fazskych Pyrenejach a pravdepodobne najob\u013e\u00fabenej\u0161ia cyklistick\u00e1 hora cel\u00e9ho sveta: tento rok na horu zav\u00edta aj Tour de France Femmes avec Zwift a tie\u017e aj Vuelta a Espa\u00f1a.<\/span><\/p>\n<p><span style=\"font-weight: 400;\">Octave Lapize, prv\u00fd jazdec, ktor\u00fd ju pre\u0161iel v roku 1910, kri\u010dal na organiz\u00e1torov pretekov, ke\u010f vy\u010derpan\u00fd a prechladnut\u00fd tla\u010dil svoj bicykel hore svahom: <em>\u201eVrahovia! V\u0161etci ste vrahovia!&#8220;<\/em> <strong>Napriek tomu v tom roku vyhral Tour, preto\u017ee len 41 jazdcov zo 110 \u0161tartuj\u00facich dok\u00e1zalo preteky dokon\u010di\u0165.<\/strong><\/span><\/p>\n<p><span style=\"font-weight: 400;\">St\u00fapanie sa odvtedy stalo jedn\u00fdm z najcennej\u0161\u00edch na Tour de France. <em>\u201eKe\u010f ste vrch\u00e1r, v\u0161etky v\u00ed\u0165azstv\u00e1 na Tour de France s\u00fa kr\u00e1sne. Ale vyhra\u0165 na monumente, ako je tento, na Tourmalet, to je to, \u010do milujem,\u201c<\/em> povedal uslzen\u00fd Thibaut Pinot po v\u00ed\u0165azstve v st\u00fapan\u00ed na Tourmalet v roku 2019.<\/span><\/p>\n<h2 style=\"font-weight: 400;\"><strong>Puy de D\u00f4me<\/strong><\/h2>\n<figure id=\"attachment_17866\" aria-describedby=\"caption-attachment-17866\" style=\"width: 990px\" class=\"wp-caption alignnone\"><a href=\"https:\/\/d2p6e6u75xmxt8.cloudfront.net\/4\/2023\/07\/Puy-de-Dome-profimedia-0160096785-CVR.webp\"><img loading=\"lazy\" decoding=\"async\" class=\"wp-image-17866 size-full\" src=\"https:\/\/d2p6e6u75xmxt8.cloudfront.net\/4\/2023\/07\/Puy-de-Dome-profimedia-0160096785-CVR.webp\" alt=\"Puy de D\u00f4me\" width=\"990\" height=\"660\" srcset=\"https:\/\/d2p6e6u75xmxt8.cloudfront.net\/4\/2023\/07\/Puy-de-Dome-profimedia-0160096785-CVR.webp 990w, https:\/\/d2p6e6u75xmxt8.cloudfront.net\/4\/2023\/07\/Puy-de-Dome-profimedia-0160096785-CVR-300x200.webp 300w, https:\/\/d2p6e6u75xmxt8.cloudfront.net\/4\/2023\/07\/Puy-de-Dome-profimedia-0160096785-CVR-768x512.webp 768w, https:\/\/d2p6e6u75xmxt8.cloudfront.net\/4\/2023\/07\/Puy-de-Dome-profimedia-0160096785-CVR-400x267.webp 400w, https:\/\/d2p6e6u75xmxt8.cloudfront.net\/4\/2023\/07\/Puy-de-Dome-profimedia-0160096785-CVR-272x182.webp 272w\" sizes=\"auto, (max-width: 990px) 100vw, 990px\" \/><\/a><figcaption id=\"caption-attachment-17866\" class=\"wp-caption-text\"><span style=\"font-weight: 400;\">Vrch Puy de D\u00f4me sa vracia na preteky prv\u00fdkr\u00e1t po 35 rokoch. \u00a9 Profimedia<\/span><\/figcaption><\/figure>\n<p><span style=\"font-weight: 400;\">Puy de D\u00f4me nie je ani v Alp\u00e1ch, ani v Pyrenejach; je to mlad\u00e1 sopka v Centr\u00e1lnom mas\u00edve v strednom Franc\u00fazsku. <strong>Prv\u00fdkr\u00e1t bol vyst\u00fapan\u00fd na Tour de France v roku 1952 a odvtedy sa na Tour objavil iba 13-kr\u00e1t.<\/strong> V roku 2023 sa vracia do pretekov po prv\u00fdkr\u00e1t po 35 rokoch a bude cie\u013eom 9. etapy, st\u00fapania 13,3 km pri priemernom sklone 7,7 %, s kone\u010dn\u00fdmi 4,5 km v priemere takmer 12 %. Jeho v\u00fdber zv\u00ed\u0165azil nad in\u00fdmi, zn\u00e1mej\u0161\u00edmi st\u00fapaniami \u2013 ako Col du Galibier, Col de la Madeleine a Col d&#8217;Aubisque, aby sme spomenuli aspo\u0148 tri \u2013 preto\u017ee 12. j\u00fala 1964 to bola etapa, kde sa odohral<\/span><a href=\"https:\/\/www.welovecycling.com\/sk\/2020\/10\/19\/legendarna-bitka-na-tour-de-france-v-roku-1964\/\"><span style=\"font-weight: 400;\"> jeden z najsl\u00e1vnej\u0161\u00edch pam\u00e4tn\u00fdch duelov<\/span><\/a><span style=\"font-weight: 400;\"> v najsl\u00e1vnej\u0161ej rivalite v hist\u00f3rii Tour, medzi Jacquesom Anquetilom a Raymondom Poulidorom.<\/span><\/p>\n<p><span style=\"font-weight: 400;\">Chladn\u00fd, rezervovan\u00fd Anquetil vyhral Tour u\u017e \u0161tyrikr\u00e1t a na za\u010diatku 20. etapy mal na sebe \u017elt\u00fd dres s n\u00e1skokom 56 sek\u00fand na Poulidora. Na Tour zost\u00e1vali len dve etapy, jednou z nich bola \u010dasovka, v ktorej bol Anquetil, zn\u00e1my ako \u201eP\u00e1n Chrono,\u201c ve\u013ek\u00fdm favoritom. V skratke, v etape do cie\u013ea ch\u00fdbal menej ako 1 km. Po tom, \u010do obaja spolu pretekali v\u00e4\u010d\u0161inu st\u00fapania, Poulidor sa kone\u010dne hnal dopredu, zatia\u013e \u010do Anquetil za\u010dal bojova\u0165. <strong>Ke\u010f Poulidor pre\u0165al cie\u013eov\u00fa \u010diaru na Puy, po viac ako 7 hodin\u00e1ch pretekov, Anquetil sa st\u00e1le nam\u00e1hal na svahu.<\/strong><\/span><\/p>\n<p><span style=\"font-weight: 400;\">Ke\u010f pre\u0165al cie\u013eov\u00fa p\u00e1sku, sp\u00fdtal sa svojho \u0161portov\u00e9ho riadite\u013ea, Rapha\u00ebla G\u00e9minianiho, ko\u013eko mu zostalo z jeho n\u00e1skoku 56 sek\u00fand. \u201e\u0160trn\u00e1s\u0165 sek\u00fand,&#8220; povedal G\u00e9miniani. <em>\u201eTo je o 13 viac, ako potrebujem,&#8220;<\/em> odpovedal Anquetil a stal sa prv\u00fdm cyklistom, ktor\u00fd vyhral Tour p\u00e4\u0165kr\u00e1t. <strong>Poulidor je dnes zn\u00e1my ako najv\u00e4\u010d\u0161\u00ed jazdec, ktor\u00fd si nikdy neobliekol \u017elt\u00fd dres, a tie\u017e ako star\u00fd otec Mathieu van der Poela.<\/strong> A 20. etapu Tour 1964 pova\u017euje minim\u00e1lne jeden <a href=\"https:\/\/web.stanford.edu\/~learnest\/cyclops\/tdf.64.html\">cyklistick\u00fd historik<\/a> za \u201enajv\u00e4\u010d\u0161ie cyklistick\u00e9 preteky v\u00f4bec\u201d.<\/span><\/p>\n","protected":false},"excerpt":{"rendered":"<p>Okrem toho, \u017ee ide o trojt\u00fd\u017ed\u0148ov\u00e9 cyklistick\u00e9 preteky, Tour de France \u2013 ako v\u0161etky Grand Tour \u2013 je aj t\u00fdm, [&hellip;]<\/p>\n","protected":false},"author":172,"featured_media":17868,"comment_status":"open","ping_status":"open","sticky":false,"template":"","format":"standard","meta":{"footnotes":""},"categories":[117],"tags":[916,306,268,876,773,179,1109,741,20,1270],"global-categories":[],"class_list":["post-17860","post","type-post","status-publish","format-standard","has-post-thumbnail","hentry","category-tour-de-france","tag-cyklisticka-destinacia","tag-francuzsko","tag-grand-tour","tag-historia","tag-hory","tag-preteky","tag-stupanie","tag-tip-na-vylet","tag-tour-de-france","tag-tour-de-france-1964"],"yoast_head":"<!-- This site is optimized with the Yoast SEO Premium plugin v25.3 (Yoast SEO v25.9) - https:\/\/yoast.com\/wordpress\/plugins\/seo\/ -->\n<title>Najikonickej\u0161ie miesta Tour de France<\/title>\n<meta name=\"description\" content=\"Tour de France je okrem pretekov aj t\u00fdm, \u010do slovo tour v znamen\u00e1, \u201cdlhou cestou pre pote\u0161enie, na ktorej nav\u0161t\u00edvime zauj\u00edmav\u00e9 miesta\u201c.\" \/>\n<meta name=\"robots\" content=\"index, follow, max-snippet:-1, max-image-preview:large, max-video-preview:-1\" \/>\n<link rel=\"canonical\" href=\"https:\/\/www.welovecycling.com\/sk\/2023\/07\/07\/najikonickejsie-miesta-tour-de-france\/\" \/>\n<meta property=\"og:locale\" content=\"sk_SK\" \/>\n<meta property=\"og:type\" content=\"article\" \/>\n<meta property=\"og:title\" content=\"Najikonickej\u0161ie miesta Tour de France\" \/>\n<meta property=\"og:description\" content=\"Tour de France je okrem pretekov aj t\u00fdm, \u010do slovo tour v znamen\u00e1, \u201cdlhou cestou pre pote\u0161enie, na ktorej nav\u0161t\u00edvime zauj\u00edmav\u00e9 miesta\u201c.\" \/>\n<meta property=\"og:url\" content=\"https:\/\/www.welovecycling.com\/sk\/2023\/07\/07\/najikonickejsie-miesta-tour-de-france\/\" \/>\n<meta property=\"og:site_name\" content=\"\u0160koda We Love Cycling Slovensko\" \/>\n<meta property=\"article:published_time\" content=\"2023-07-07T07:24:18+00:00\" \/>\n<meta property=\"og:image\" content=\"https:\/\/d2p6e6u75xmxt8.cloudfront.net\/4\/2023\/07\/Col-du-Tourmalet-profimedia-0621732375-CVR.webp\" \/>\n\t<meta property=\"og:image:width\" content=\"990\" \/>\n\t<meta property=\"og:image:height\" content=\"660\" \/>\n\t<meta property=\"og:image:type\" content=\"image\/webp\" \/>\n<meta name=\"author\" content=\"dominika\" \/>\n<meta name=\"twitter:card\" content=\"summary_large_image\" \/>\n<meta name=\"twitter:label1\" content=\"Written by\" \/>\n\t<meta name=\"twitter:data1\" content=\"Siegfried Mortkowitz\" \/>\n\t<meta name=\"twitter:label2\" content=\"Est. reading time\" \/>\n\t<meta name=\"twitter:data2\" content=\"4\" \/>\n<script type=\"application\/ld+json\" class=\"yoast-schema-graph\">{\"@context\":\"https:\/\/schema.org\",\"@graph\":[{\"@type\":\"WebPage\",\"@id\":\"https:\/\/www.welovecycling.com\/sk\/2023\/07\/07\/najikonickejsie-miesta-tour-de-france\/\",\"url\":\"https:\/\/www.welovecycling.com\/sk\/2023\/07\/07\/najikonickejsie-miesta-tour-de-france\/\",\"name\":\"Najikonickej\u0161ie miesta Tour de France\",\"isPartOf\":{\"@id\":\"https:\/\/www.welovecycling.com\/sk\/#website\"},\"primaryImageOfPage\":{\"@id\":\"https:\/\/www.welovecycling.com\/sk\/2023\/07\/07\/najikonickejsie-miesta-tour-de-france\/#primaryimage\"},\"image\":{\"@id\":\"https:\/\/www.welovecycling.com\/sk\/2023\/07\/07\/najikonickejsie-miesta-tour-de-france\/#primaryimage\"},\"thumbnailUrl\":\"https:\/\/d2p6e6u75xmxt8.cloudfront.net\/4\/2023\/07\/Col-du-Tourmalet-profimedia-0621732375-CVR.webp\",\"datePublished\":\"2023-07-07T07:24:18+00:00\",\"author\":{\"@id\":\"https:\/\/www.welovecycling.com\/sk\/#\/schema\/person\/533b62b98b6c41bd5135ebfb1f742624\"},\"description\":\"Tour de France je okrem pretekov aj t\u00fdm, \u010do slovo tour v znamen\u00e1, \u201cdlhou cestou pre pote\u0161enie, na ktorej nav\u0161t\u00edvime zauj\u00edmav\u00e9 miesta\u201c.\",\"breadcrumb\":{\"@id\":\"https:\/\/www.welovecycling.com\/sk\/2023\/07\/07\/najikonickejsie-miesta-tour-de-france\/#breadcrumb\"},\"inLanguage\":\"sk-SK\",\"potentialAction\":[{\"@type\":\"ReadAction\",\"target\":[\"https:\/\/www.welovecycling.com\/sk\/2023\/07\/07\/najikonickejsie-miesta-tour-de-france\/\"]}]},{\"@type\":\"ImageObject\",\"inLanguage\":\"sk-SK\",\"@id\":\"https:\/\/www.welovecycling.com\/sk\/2023\/07\/07\/najikonickejsie-miesta-tour-de-france\/#primaryimage\",\"url\":\"https:\/\/d2p6e6u75xmxt8.cloudfront.net\/4\/2023\/07\/Col-du-Tourmalet-profimedia-0621732375-CVR.webp\",\"contentUrl\":\"https:\/\/d2p6e6u75xmxt8.cloudfront.net\/4\/2023\/07\/Col-du-Tourmalet-profimedia-0621732375-CVR.webp\",\"width\":990,\"height\":660,\"caption\":\"Col du Tourmalet\"},{\"@type\":\"BreadcrumbList\",\"@id\":\"https:\/\/www.welovecycling.com\/sk\/2023\/07\/07\/najikonickejsie-miesta-tour-de-france\/#breadcrumb\",\"itemListElement\":[{\"@type\":\"ListItem\",\"position\":1,\"name\":\"Home\",\"item\":\"https:\/\/www.welovecycling.com\/sk\/\"},{\"@type\":\"ListItem\",\"position\":2,\"name\":\"Najikonickej\u0161ie miesta Tour de France\"}]},{\"@type\":\"WebSite\",\"@id\":\"https:\/\/www.welovecycling.com\/sk\/#website\",\"url\":\"https:\/\/www.welovecycling.com\/sk\/\",\"name\":\"\u0160koda We Love Cycling Slovensko\",\"description\":\"\u0160koda We Love Cycling Slovensko je v\u00e1\u0161 ka\u017edodenn\u00fd zdroj noviniek a in\u0161pir\u00e1cie z sveta cyklistiky\",\"potentialAction\":[{\"@type\":\"SearchAction\",\"target\":{\"@type\":\"EntryPoint\",\"urlTemplate\":\"https:\/\/www.welovecycling.com\/sk\/?s={search_term_string}\"},\"query-input\":{\"@type\":\"PropertyValueSpecification\",\"valueRequired\":true,\"valueName\":\"search_term_string\"}}],\"inLanguage\":\"sk-SK\"},{\"@type\":\"Person\",\"@id\":\"https:\/\/www.welovecycling.com\/sk\/#\/schema\/person\/533b62b98b6c41bd5135ebfb1f742624\",\"name\":\"dominika\",\"image\":{\"@type\":\"ImageObject\",\"inLanguage\":\"sk-SK\",\"@id\":\"https:\/\/www.welovecycling.com\/sk\/#\/schema\/person\/image\/\",\"url\":\"https:\/\/secure.gravatar.com\/avatar\/ded6f274ba2ec3e17fff153f7d9d96a4b33c2cb63907f75d9a5309c599a7f3e6?s=96&d=mm&r=g\",\"contentUrl\":\"https:\/\/secure.gravatar.com\/avatar\/ded6f274ba2ec3e17fff153f7d9d96a4b33c2cb63907f75d9a5309c599a7f3e6?s=96&d=mm&r=g\",\"caption\":\"dominika\"},\"url\":\"https:\/\/www.welovecycling.com\/sk\/author\/dominika\/\"}]}<\/script>\n<!-- \/ Yoast SEO Premium plugin. -->","yoast_head_json":{"title":"Najikonickej\u0161ie miesta Tour de France","description":"Tour de France je okrem pretekov aj t\u00fdm, \u010do slovo tour v znamen\u00e1, \u201cdlhou cestou pre pote\u0161enie, na ktorej nav\u0161t\u00edvime zauj\u00edmav\u00e9 miesta\u201c.","robots":{"index":"index","follow":"follow","max-snippet":"max-snippet:-1","max-image-preview":"max-image-preview:large","max-video-preview":"max-video-preview:-1"},"canonical":"https:\/\/www.welovecycling.com\/sk\/2023\/07\/07\/najikonickejsie-miesta-tour-de-france\/","og_locale":"sk_SK","og_type":"article","og_title":"Najikonickej\u0161ie miesta Tour de France","og_description":"Tour de France je okrem pretekov aj t\u00fdm, \u010do slovo tour v znamen\u00e1, \u201cdlhou cestou pre pote\u0161enie, na ktorej nav\u0161t\u00edvime zauj\u00edmav\u00e9 miesta\u201c.","og_url":"https:\/\/www.welovecycling.com\/sk\/2023\/07\/07\/najikonickejsie-miesta-tour-de-france\/","og_site_name":"\u0160koda We Love Cycling Slovensko","article_published_time":"2023-07-07T07:24:18+00:00","og_image":[{"width":990,"height":660,"url":"https:\/\/d2p6e6u75xmxt8.cloudfront.net\/4\/2023\/07\/Col-du-Tourmalet-profimedia-0621732375-CVR.webp","type":"image\/webp"}],"author":"dominika","twitter_card":"summary_large_image","twitter_misc":{"Written by":"Siegfried Mortkowitz","Est. reading time":"4"},"schema":{"@context":"https:\/\/schema.org","@graph":[{"@type":"WebPage","@id":"https:\/\/www.welovecycling.com\/sk\/2023\/07\/07\/najikonickejsie-miesta-tour-de-france\/","url":"https:\/\/www.welovecycling.com\/sk\/2023\/07\/07\/najikonickejsie-miesta-tour-de-france\/","name":"Najikonickej\u0161ie miesta Tour de France","isPartOf":{"@id":"https:\/\/www.welovecycling.com\/sk\/#website"},"primaryImageOfPage":{"@id":"https:\/\/www.welovecycling.com\/sk\/2023\/07\/07\/najikonickejsie-miesta-tour-de-france\/#primaryimage"},"image":{"@id":"https:\/\/www.welovecycling.com\/sk\/2023\/07\/07\/najikonickejsie-miesta-tour-de-france\/#primaryimage"},"thumbnailUrl":"https:\/\/d2p6e6u75xmxt8.cloudfront.net\/4\/2023\/07\/Col-du-Tourmalet-profimedia-0621732375-CVR.webp","datePublished":"2023-07-07T07:24:18+00:00","author":{"@id":"https:\/\/www.welovecycling.com\/sk\/#\/schema\/person\/533b62b98b6c41bd5135ebfb1f742624"},"description":"Tour de France je okrem pretekov aj t\u00fdm, \u010do slovo tour v znamen\u00e1, \u201cdlhou cestou pre pote\u0161enie, na ktorej nav\u0161t\u00edvime zauj\u00edmav\u00e9 miesta\u201c.","breadcrumb":{"@id":"https:\/\/www.welovecycling.com\/sk\/2023\/07\/07\/najikonickejsie-miesta-tour-de-france\/#breadcrumb"},"inLanguage":"sk-SK","potentialAction":[{"@type":"ReadAction","target":["https:\/\/www.welovecycling.com\/sk\/2023\/07\/07\/najikonickejsie-miesta-tour-de-france\/"]}]},{"@type":"ImageObject","inLanguage":"sk-SK","@id":"https:\/\/www.welovecycling.com\/sk\/2023\/07\/07\/najikonickejsie-miesta-tour-de-france\/#primaryimage","url":"https:\/\/d2p6e6u75xmxt8.cloudfront.net\/4\/2023\/07\/Col-du-Tourmalet-profimedia-0621732375-CVR.webp","contentUrl":"https:\/\/d2p6e6u75xmxt8.cloudfront.net\/4\/2023\/07\/Col-du-Tourmalet-profimedia-0621732375-CVR.webp","width":990,"height":660,"caption":"Col du Tourmalet"},{"@type":"BreadcrumbList","@id":"https:\/\/www.welovecycling.com\/sk\/2023\/07\/07\/najikonickejsie-miesta-tour-de-france\/#breadcrumb","itemListElement":[{"@type":"ListItem","position":1,"name":"Home","item":"https:\/\/www.welovecycling.com\/sk\/"},{"@type":"ListItem","position":2,"name":"Najikonickej\u0161ie miesta Tour de France"}]},{"@type":"WebSite","@id":"https:\/\/www.welovecycling.com\/sk\/#website","url":"https:\/\/www.welovecycling.com\/sk\/","name":"\u0160koda We Love Cycling Slovensko","description":"\u0160koda We Love Cycling Slovensko je v\u00e1\u0161 ka\u017edodenn\u00fd zdroj noviniek a in\u0161pir\u00e1cie z sveta cyklistiky","potentialAction":[{"@type":"SearchAction","target":{"@type":"EntryPoint","urlTemplate":"https:\/\/www.welovecycling.com\/sk\/?s={search_term_string}"},"query-input":{"@type":"PropertyValueSpecification","valueRequired":true,"valueName":"search_term_string"}}],"inLanguage":"sk-SK"},{"@type":"Person","@id":"https:\/\/www.welovecycling.com\/sk\/#\/schema\/person\/533b62b98b6c41bd5135ebfb1f742624","name":"dominika","image":{"@type":"ImageObject","inLanguage":"sk-SK","@id":"https:\/\/www.welovecycling.com\/sk\/#\/schema\/person\/image\/","url":"https:\/\/secure.gravatar.com\/avatar\/ded6f274ba2ec3e17fff153f7d9d96a4b33c2cb63907f75d9a5309c599a7f3e6?s=96&d=mm&r=g","contentUrl":"https:\/\/secure.gravatar.com\/avatar\/ded6f274ba2ec3e17fff153f7d9d96a4b33c2cb63907f75d9a5309c599a7f3e6?s=96&d=mm&r=g","caption":"dominika"},"url":"https:\/\/www.welovecycling.com\/sk\/author\/dominika\/"}]}},"_links":{"self":[{"href":"https:\/\/www.welovecycling.com\/sk\/wp-json\/wp\/v2\/posts\/17860","targetHints":{"allow":["GET"]}}],"collection":[{"href":"https:\/\/www.welovecycling.com\/sk\/wp-json\/wp\/v2\/posts"}],"about":[{"href":"https:\/\/www.welovecycling.com\/sk\/wp-json\/wp\/v2\/types\/post"}],"author":[{"embeddable":true,"href":"https:\/\/www.welovecycling.com\/sk\/wp-json\/wp\/v2\/users\/172"}],"replies":[{"embeddable":true,"href":"https:\/\/www.welovecycling.com\/sk\/wp-json\/wp\/v2\/comments?post=17860"}],"version-history":[{"count":4,"href":"https:\/\/www.welovecycling.com\/sk\/wp-json\/wp\/v2\/posts\/17860\/revisions"}],"predecessor-version":[{"id":17871,"href":"https:\/\/www.welovecycling.com\/sk\/wp-json\/wp\/v2\/posts\/17860\/revisions\/17871"}],"wp:featuredmedia":[{"embeddable":true,"href":"https:\/\/www.welovecycling.com\/sk\/wp-json\/wp\/v2\/media\/17868"}],"wp:attachment":[{"href":"https:\/\/www.welovecycling.com\/sk\/wp-json\/wp\/v2\/media?parent=17860"}],"wp:term":[{"taxonomy":"category","embeddable":true,"href":"https:\/\/www.welovecycling.com\/sk\/wp-json\/wp\/v2\/categories?post=17860"},{"taxonomy":"post_tag","embeddable":true,"href":"https:\/\/www.welovecycling.com\/sk\/wp-json\/wp\/v2\/tags?post=17860"},{"taxonomy":"global-categories","embeddable":true,"href":"https:\/\/www.welovecycling.com\/sk\/wp-json\/wp\/v2\/global-categories?post=17860"}],"curies":[{"name":"wp","href":"https:\/\/api.w.org\/{rel}","templated":true}]}}