{"id":17836,"date":"2023-07-12T10:00:03","date_gmt":"2023-07-12T08:00:03","guid":{"rendered":"https:\/\/www.welovecycling.com\/sk\/?p=17836"},"modified":"2023-07-12T11:08:38","modified_gmt":"2023-07-12T09:08:38","slug":"rozhovor-maria-stanovicova-skoda-mtb-maraton-levocske-vrchy","status":"publish","type":"post","link":"https:\/\/www.welovecycling.com\/sk\/2023\/07\/12\/rozhovor-maria-stanovicova-skoda-mtb-maraton-levocske-vrchy\/","title":{"rendered":"Rozhovor: M\u00e1ria Stanovi\u010dov\u00e1 \u2013 \u0160KODA MTB marat\u00f3n Levo\u010dsk\u00e9 vrchy"},"content":{"rendered":"<p><strong>Na na\u0161e ot\u00e1zky odpovedala \u010dlenka organiza\u010dn\u00e9ho t\u00edmu M\u00e1ria Stanovi\u010dov\u00e1, ktor\u00e1 iniciovala ekologick\u00fd pr\u00edstup na marat\u00f3ne v\u00a0Levo\u010di, ktor\u00fd nesk\u00f4r pomocou Zelenej hliadky roz\u0161\u00edrili na v\u0161etky kol\u00e1 v\u00a0s\u00e9rii \u0160KODA BIKE OPEN TOUR. Porozpr\u00e1vali sme sa s\u00a0\u0148ou nielen o\u00a0zero-waste pr\u00edstupe, ale napr\u00edklad aj o\u00a0jej skvel\u00fdch n\u00e1padoch, ako o\u017eivi\u0165 podujatie.<\/strong><!--more--><\/p>\n<p><span style=\"font-weight: 400;\">Organiz\u00e1cia tak\u00e9ho ve\u013ek\u00e9ho eventu, ak\u00fdm je cel\u00e1 s\u00e9ria \u0160KODA BIKE OPEN TOUR, si vy\u017eaduje ve\u013ea \u010dasu a financi\u00ed, ale takisto je tam potrebn\u00e1 rovnak\u00e1 d\u00e1vka nad\u0161enia, odhodlania a ochotn\u00fdch \u013eud\u00ed. Pripravili sme pre v\u00e1s s\u00e9riu rozhovorov s organiz\u00e1tormi jednotliv\u00fdch k\u00f4l, aby sme v\u00e1m pribl\u00ed\u017eili, ako tak\u00e1 pr\u00edprava prebieha, a \u017ee s\u00fa to skuto\u010dn\u00ed nad\u0161enci cyklistiky.<\/span><span style=\"font-weight: 400;\">\u00a0<\/span><\/p>\n<h4><b>\u010co v\u00e1s priviedlo k organizovaniu marat\u00f3nu?<\/b><\/h4>\n<p><em><span style=\"font-weight: 400;\">Hlavn\u00fd organiz\u00e1tor Rastislav Kubov\u010d\u00edk, ako b\u00fdval\u00fd hobby pretek\u00e1r jazdil MTB preteky po celom Slovensku. Respekt\u00edve z\u00e1padnom a strednom Slovensku. Na v\u00fdchodnom Slovensku\u00a0 v tom \u010dase ve\u013ea toho nebolo, tak ho viedla vidina uk\u00e1za\u0165 n\u00e1dhern\u00e9 <\/span><a href=\"https:\/\/www.welovecycling.com\/sk\/?p=16723&amp;preview=true\" target=\"_blank\" rel=\"noopener\"><span style=\"font-weight: 400;\">Levo\u010dsk\u00e9 vrchy<\/span><\/a><span style=\"font-weight: 400;\">, b\u00fdval\u00e9 vojensk\u00e9 p\u00e1smo, kde tr\u00e9noval a\u00a0tr\u00e1vil ve\u013ea \u010dasu v\u00a0sedle biku.<\/span><\/em><\/p>\n<figure id=\"attachment_17838\" aria-describedby=\"caption-attachment-17838\" style=\"width: 990px\" class=\"wp-caption alignnone\"><img loading=\"lazy\" decoding=\"async\" class=\"size-full wp-image-17838\" src=\"https:\/\/d2p6e6u75xmxt8.cloudfront.net\/4\/2023\/07\/07.webp\" alt=\"\" width=\"990\" height=\"660\" srcset=\"https:\/\/d2p6e6u75xmxt8.cloudfront.net\/4\/2023\/07\/07.webp 990w, https:\/\/d2p6e6u75xmxt8.cloudfront.net\/4\/2023\/07\/07-300x200.webp 300w, https:\/\/d2p6e6u75xmxt8.cloudfront.net\/4\/2023\/07\/07-768x512.webp 768w, https:\/\/d2p6e6u75xmxt8.cloudfront.net\/4\/2023\/07\/07-400x267.webp 400w, https:\/\/d2p6e6u75xmxt8.cloudfront.net\/4\/2023\/07\/07-272x182.webp 272w\" sizes=\"auto, (max-width: 990px) 100vw, 990px\" \/><figcaption id=\"caption-attachment-17838\" class=\"wp-caption-text\">M\u00e1ria Stanovi\u010dov\u00e1<\/figcaption><\/figure>\n<h4><b>Od ktor\u00e9ho roku marat\u00f3n akt\u00edvne organizujete?<\/b><\/h4>\n<p><span style=\"font-weight: 400;\">Od roku 2013, ja osobne od roku 2015.<\/span><\/p>\n<h4><b>Ste zn\u00e1mi t\u00fdm, \u017ee ste v\u00a0celej s\u00e9rii marat\u00f3nov zaviedli ekologick\u00fd pr\u00edstup. Ako tento n\u00e1pad vznikol?<\/b><\/h4>\n<p><em><span style=\"font-weight: 400;\">Pr\u00e1ve v tom roku 2015, ke\u010f som prv\u00fdkr\u00e1t vst\u00fapila do organiza\u010dn\u00e9ho t\u00edmu. Boli to siln\u00e9 roky, \u010do sa t\u00fdka n\u00e1v\u0161tevnosti pretek\u00e1rov, pam\u00e4t\u00e1m si aj 800 pretek\u00e1rov na \u0161tarte. \u0160tandardom bol gul\u00e1\u0161 a pivo po pretekoch, samozrejme v plastov\u00fdch misk\u00e1ch a poh\u00e1roch. Ke\u010f v\u0161etci pretek\u00e1ri odi\u0161li a v are\u00e1li zostalo u\u017e len ticho, organiza\u010dn\u00fd t\u00edm a hora vriec s komun\u00e1lnym odpadom, ktor\u00fd pretek\u00e1ri vyprodukovali v podstate za p\u00e1r min\u00fat konzum\u00e1cie. <\/span><\/em><\/p>\n<p><em><span style=\"font-weight: 400;\">Pre nikoho to nebolo ni\u010d zvl\u00e1\u0161tne, ve\u010f to nalo\u017eilo smetiarske auto a\u00a0t\u00fdm sa to kon\u010d\u00ed. Pre m\u0148a to bol moment, ktor\u00fd ma ve\u013emi zasiahol. \u017de to predsa takto nem\u00f4\u017ee by\u0165. Za\u010dala som p\u00e1tra\u0165, vzdel\u00e1va\u0165 sa, presadzova\u0165 n\u00e1pady. Bolo to ve\u013emi \u0165a\u017ek\u00e9. Napokon postupne svojou h\u00fa\u017eevnatos\u0165ou a nad\u0161en\u00edm zvy\u0161ujeme rok \u010do rok koncept zero waste na na\u0161om podujat\u00ed. A v\u00a0roku 2022 som s\u00a0diev\u010datami zo Zelenej hliadky Levo\u010da bola predstavi\u0165 n\u00e1\u0161 koncept zero waste na v\u0161etk\u00fdch podujatiach \u0160KODA BIKE OPEN TOUR. Za t\u00fa pr\u00edle\u017eitos\u0165 som ve\u013emi v\u010fa\u010dn\u00e1.<\/span><\/em><\/p>\n<p><img loading=\"lazy\" decoding=\"async\" class=\"alignnone size-full wp-image-17839\" src=\"https:\/\/d2p6e6u75xmxt8.cloudfront.net\/4\/2023\/07\/08.webp\" alt=\"\" width=\"990\" height=\"660\" srcset=\"https:\/\/d2p6e6u75xmxt8.cloudfront.net\/4\/2023\/07\/08.webp 990w, https:\/\/d2p6e6u75xmxt8.cloudfront.net\/4\/2023\/07\/08-300x200.webp 300w, https:\/\/d2p6e6u75xmxt8.cloudfront.net\/4\/2023\/07\/08-768x512.webp 768w, https:\/\/d2p6e6u75xmxt8.cloudfront.net\/4\/2023\/07\/08-400x267.webp 400w, https:\/\/d2p6e6u75xmxt8.cloudfront.net\/4\/2023\/07\/08-272x182.webp 272w\" sizes=\"auto, (max-width: 990px) 100vw, 990px\" \/><\/p>\n<h4><b>Ako vyzeral prv\u00fd ro\u010dn\u00edk?<\/b><\/h4>\n<p><em><span style=\"font-weight: 400;\">Je to u\u017e tak d\u00e1vno, ale ur\u010dite to bol masaker, chaos, panika, hory odpadu a hlavne spokojn\u00ed pretek\u00e1ri. To ur\u010dite, lebo \u010fal\u0161\u00ed ro\u010dn\u00edk by u\u017e asi nebol.<\/span><\/em><\/p>\n<h4><b>Kde vid\u00edte najv\u00e4\u010d\u0161\u00ed posun po\u010das rokov?<\/b><\/h4>\n<p><em><span style=\"font-weight: 400;\">Je to celkov\u00fd v\u00fdvoj, hlavne n\u00e1s organiz\u00e1torov, vo vn\u00edman\u00ed potrieb pretek\u00e1rov aj na\u0161ich potrieb. Nau\u010dili sme sa delegova\u0165 \u00falohy, m\u00e1me koordin\u00e1torov jednotliv\u00fdch zlo\u017eiek, ktor\u00ed maj\u00fa svoju zodpovednos\u0165 a t\u00fdm my m\u00e1me menej stresu. Vn\u00edmame postrehy v\u0161etk\u00fdch z\u00fa\u010dastnen\u00fdch a sna\u017e\u00edme sa ka\u017ed\u00fdm rokom zlep\u0161ova\u0165 sa vo v\u0161etk\u00fdch sf\u00e9rach organizovania. Nezabudnem spomen\u00fa\u0165 ve\u013ek\u00fd posun &#8211; z \u201ehory\u201c komun\u00e1lneho odpadu na 75 litrov\u00e9 vrecko komun\u00e1lu v roku 2022.\u00a0<\/span><\/em><\/p>\n<p><img loading=\"lazy\" decoding=\"async\" class=\"alignnone size-full wp-image-17840\" src=\"https:\/\/d2p6e6u75xmxt8.cloudfront.net\/4\/2023\/07\/02.webp\" alt=\"\" width=\"990\" height=\"660\" srcset=\"https:\/\/d2p6e6u75xmxt8.cloudfront.net\/4\/2023\/07\/02.webp 990w, https:\/\/d2p6e6u75xmxt8.cloudfront.net\/4\/2023\/07\/02-300x200.webp 300w, https:\/\/d2p6e6u75xmxt8.cloudfront.net\/4\/2023\/07\/02-768x512.webp 768w, https:\/\/d2p6e6u75xmxt8.cloudfront.net\/4\/2023\/07\/02-400x267.webp 400w, https:\/\/d2p6e6u75xmxt8.cloudfront.net\/4\/2023\/07\/02-272x182.webp 272w\" sizes=\"auto, (max-width: 990px) 100vw, 990px\" \/><\/p>\n<h4><b>Z\u00fa\u010dastnili ste sa v minulosti aj in\u00fdch k\u00f4l \u0160BOT? Viete porovna\u0165, v \u010dom ste in\u00fd?<\/b><\/h4>\n<p><em><span style=\"font-weight: 400;\">S\u00fa\u0165a\u017ene u\u017e nie, preto\u017ee na\u0161ou hlavnou n\u00e1pl\u0148ou s\u00fa povinnosti n\u00e1\u0161ho klubu CYKLO SPI\u0160. Venujeme sa ml\u00e1de\u017ei a v\u00e4\u010d\u0161inu v\u00edkendov tr\u00e1vime cestovan\u00edm po pretekoch Slovensk\u00e9ho poh\u00e1ra (SP) v cestnej a dr\u00e1hovej cyklistike. Aj ke\u010f ja osobne som v roku 2022 nav\u0161t\u00edvila v\u0161etky kol\u00e1 \u0160BOT ako organiz\u00e1torka Zelenej hliadky. Vn\u00edmala som v\u0161ade skvel\u00e9 z\u00e1zemie, dobr\u00fa organiz\u00e1ciu, rados\u0165 a hlavne som videla, \u017ee aj s t\u00fdmi odpadmi to ide \u201einak\u201c, ne\u017e je to st\u00e1le be\u017en\u00e9 na ostatn\u00fdch hromadn\u00fdch podujatiach.\u00a0<\/span><\/em><\/p>\n<div id='gallery-1' class='gallery galleryid-17836 gallery-columns-2 gallery-size-full'><figure class='gallery-item'>\n\t\t\t<div class='gallery-icon landscape'>\n\t\t\t\t<a href='https:\/\/d2p6e6u75xmxt8.cloudfront.net\/4\/2023\/07\/foto-77.webp'><img loading=\"lazy\" decoding=\"async\" width=\"990\" height=\"660\" src=\"https:\/\/d2p6e6u75xmxt8.cloudfront.net\/4\/2023\/07\/foto-77.webp\" class=\"attachment-full size-full\" alt=\"\" srcset=\"https:\/\/d2p6e6u75xmxt8.cloudfront.net\/4\/2023\/07\/foto-77.webp 990w, https:\/\/d2p6e6u75xmxt8.cloudfront.net\/4\/2023\/07\/foto-77-300x200.webp 300w, https:\/\/d2p6e6u75xmxt8.cloudfront.net\/4\/2023\/07\/foto-77-768x512.webp 768w, https:\/\/d2p6e6u75xmxt8.cloudfront.net\/4\/2023\/07\/foto-77-400x267.webp 400w, https:\/\/d2p6e6u75xmxt8.cloudfront.net\/4\/2023\/07\/foto-77-272x182.webp 272w\" sizes=\"auto, (max-width: 990px) 100vw, 990px\" \/><\/a>\n\t\t\t<\/div><\/figure><figure class='gallery-item'>\n\t\t\t<div class='gallery-icon landscape'>\n\t\t\t\t<a href='https:\/\/d2p6e6u75xmxt8.cloudfront.net\/4\/2023\/07\/foto-301.webp'><img loading=\"lazy\" decoding=\"async\" width=\"990\" height=\"660\" src=\"https:\/\/d2p6e6u75xmxt8.cloudfront.net\/4\/2023\/07\/foto-301.webp\" class=\"attachment-full size-full\" alt=\"\" srcset=\"https:\/\/d2p6e6u75xmxt8.cloudfront.net\/4\/2023\/07\/foto-301.webp 990w, https:\/\/d2p6e6u75xmxt8.cloudfront.net\/4\/2023\/07\/foto-301-300x200.webp 300w, https:\/\/d2p6e6u75xmxt8.cloudfront.net\/4\/2023\/07\/foto-301-768x512.webp 768w, https:\/\/d2p6e6u75xmxt8.cloudfront.net\/4\/2023\/07\/foto-301-400x267.webp 400w, https:\/\/d2p6e6u75xmxt8.cloudfront.net\/4\/2023\/07\/foto-301-272x182.webp 272w\" sizes=\"auto, (max-width: 990px) 100vw, 990px\" \/><\/a>\n\t\t\t<\/div><\/figure>\n\t\t<\/div>\n\n<h4><b>\u010co je na pr\u00edprave najn\u00e1ro\u010dnej\u0161ie?<\/b><\/h4>\n<p><em><span style=\"font-weight: 400;\">Zorganizova\u0165 cel\u00fd t\u00edm. Po\u010d\u00ednaj\u00fac od v\u0161etk\u00fdch mo\u017en\u00fdch zlo\u017eiek, a\u017e po r\u00f4znych dobrovo\u013en\u00edkov. Po\u010det \u013eud\u00ed, ktor\u00ed vstupuj\u00fa do diania, sa pohybuje okolo stovky.<\/span><\/em><\/p>\n<h4><b>Ako je to s n\u00e1v\u0161tevnos\u0165ou?<\/b><\/h4>\n<p><em><span style=\"font-weight: 400;\">Po pand\u00e9mii je to u\u017e boj o\u00a0ka\u017ed\u00e9ho jedn\u00e9ho pretek\u00e1ra. Prajeme si uk\u00e1za\u0165 \u010do najv\u00e4\u010d\u0161iemu po\u010dtu n\u00e1v\u0161tevn\u00edkov nielen kr\u00e1sy na\u0161ich h\u00f4r, ale aj na\u0161e kr\u00e1sne historick\u00e9 mesto, ktor\u00e9 m\u00e1 \u010do pon\u00faknu\u0165. Zajazdi\u0165 si po hrebeni v\u00a0kr\u00e1snych hor\u00e1ch a\u00a0vidie\u0165 pamiatky ako napr\u00edklad zn\u00e1my olt\u00e1r Majstra Pavla\u00a0 v\u00a0ten ist\u00fd de\u0148 alebo v\u00edkend, ur\u010dite stoj\u00ed za to.<\/span><\/em><\/p>\n<p><img loading=\"lazy\" decoding=\"async\" class=\"alignnone size-full wp-image-17843\" src=\"https:\/\/d2p6e6u75xmxt8.cloudfront.net\/4\/2023\/07\/10.webp\" alt=\"\" width=\"990\" height=\"660\" srcset=\"https:\/\/d2p6e6u75xmxt8.cloudfront.net\/4\/2023\/07\/10.webp 990w, https:\/\/d2p6e6u75xmxt8.cloudfront.net\/4\/2023\/07\/10-300x200.webp 300w, https:\/\/d2p6e6u75xmxt8.cloudfront.net\/4\/2023\/07\/10-768x512.webp 768w, https:\/\/d2p6e6u75xmxt8.cloudfront.net\/4\/2023\/07\/10-400x267.webp 400w, https:\/\/d2p6e6u75xmxt8.cloudfront.net\/4\/2023\/07\/10-272x182.webp 272w\" sizes=\"auto, (max-width: 990px) 100vw, 990px\" \/><\/p>\n<h4><b>S\u00fa\u010das\u0165ou marat\u00f3nu je aj tra\u0165 \u0160koda Family pre rodi\u010dov s de\u0165mi. Ako to vn\u00edmate, nemaj\u00fa rodi\u010dia prehnan\u00e9 n\u00e1roky na svoje deti?<\/b><\/h4>\n<p><em><span style=\"font-weight: 400;\">Podporujeme t\u00fato my\u0161lienku. Mysl\u00edm si, \u017ee v kateg\u00f3rii \u0160koda Family je m\u00e1lo rodi\u010dov, ktor\u00ed s\u00fa lep\u0161\u00ed ako ich deti. Deti s\u00fa jedine\u010dn\u00e9, hrav\u00e9, mo\u017eno pr\u00e1ve rodi\u010dia by sa mali u\u010di\u0165 od det\u00ed viac hravosti.\u00a0<\/span><\/em><\/p>\n<p><img loading=\"lazy\" decoding=\"async\" class=\"alignnone size-full wp-image-17844\" src=\"https:\/\/d2p6e6u75xmxt8.cloudfront.net\/4\/2023\/07\/03.webp\" alt=\"\" width=\"990\" height=\"660\" srcset=\"https:\/\/d2p6e6u75xmxt8.cloudfront.net\/4\/2023\/07\/03.webp 990w, https:\/\/d2p6e6u75xmxt8.cloudfront.net\/4\/2023\/07\/03-300x200.webp 300w, https:\/\/d2p6e6u75xmxt8.cloudfront.net\/4\/2023\/07\/03-768x512.webp 768w, https:\/\/d2p6e6u75xmxt8.cloudfront.net\/4\/2023\/07\/03-400x267.webp 400w, https:\/\/d2p6e6u75xmxt8.cloudfront.net\/4\/2023\/07\/03-272x182.webp 272w\" sizes=\"auto, (max-width: 990px) 100vw, 990px\" \/><\/p>\n<h4><b>Viete pri poh\u013eade sp\u00e4\u0165 vybra\u0165 preteky, ktor\u00e9 s\u00fa pre v\u00e1s nezabudnute\u013en\u00e9?<\/b><\/h4>\n<p><em><span style=\"font-weight: 400;\">Ur\u010dite ich m\u00e1m viac. Boli to v\u0161etky tie, kde sa mi podarilo zrealizova\u0165 odv\u00e1\u017ene kroky do re\u00e1lnej podoby. Prajem si, aby aj ro\u010dn\u00edk 2023 sa zap\u00edsal ako nezabudnute\u013en\u00fd.\u00a0<\/span><\/em><\/p>\n<h4><b>Ako vyzeraj\u00fa pr\u00edpravy a kedy s nimi za\u010d\u00ednate?<\/b><\/h4>\n<p><em><span style=\"font-weight: 400;\">Pr\u00edpravy za\u010d\u00ednaj\u00fa v mojej mysli v\u017edy po konci aktu\u00e1lneho ro\u010dn\u00edka. Hlavn\u00e1 \u0161trukt\u00fara koncom roka, potom postupne, ako \u010das dovo\u013euje a \u010do je akur\u00e1t potrebn\u00e9. Dva mesiace pred term\u00ednom nabieham na tempo, mesiac pred term\u00ednom pracujem na pln\u00e9 obr\u00e1tky. T\u00fd\u017ede\u0148 pred term\u00ednom od r\u00e1na do ve\u010dera. De\u0148 pred pretekmi m\u00e1m spomienku, \u017ee ani nesp\u00edm.<\/span><\/em><\/p>\n<h4><b>Ako vyzer\u00e1 v\u00e1\u0161 program v de\u0148 konania akcie?<\/b><\/h4>\n<p><em><span style=\"font-weight: 400;\">Ur\u010dite m\u00f4\u017eem budi\u0165 koh\u00fata. <\/span><span style=\"font-weight: 400;\">\ud83d\ude0a<\/span><span style=\"font-weight: 400;\"> Skoro r\u00e1no sa zv\u00edtam s\u00a0no\u010dnou str\u00e1\u017enou slu\u017ebou. Aj dve hodiny som r\u00e1no sama, rozm\u00fd\u0161\u013eam, vizualizujem si priebeh d\u0148a. Doladujem detaily, som perfekcionista, aj na prezent\u00e1ciu nos\u00edm kvety. D\u00f4le\u017eit\u00e9 je r\u00e1no, ke\u010f prich\u00e1dza cel\u00fd t\u00edm, vtedy je to najv\u00e4\u010d\u0161\u00ed adrenal\u00edn, \u010di v\u0161etci pr\u00eddu. <\/span><\/em><\/p>\n<p><em><span style=\"font-weight: 400;\">Priebeh d\u0148a je bez scen\u00e1ra, v\u017edy nie\u010do vysko\u010d\u00ed, nejak\u00fd probl\u00e9m, nejak\u00fd z\u00e1drhel, nedorozumenie, ot\u00e1zky. A\u00a0to v\u0161etko treba rie\u0161i\u0165. K\u00a0tomuto d\u0148u v\u0161ak patria aj ve\u013emi pr\u00edjemn\u00e9 chv\u00edle s\u00a0pretek\u00e1rmi, so zn\u00e1mymi, s\u00a0moj\u00edm t\u00edmom. De\u0148 je ve\u013emi r\u00fdchly, kon\u010d\u00ed pre m\u0148a pribli\u017ene o\u00a020. hodine. Som s\u00edce vy\u010derpan\u00e1, ale v\u010fa\u010dn\u00e1, \u017ee v\u0161etko skon\u010dilo najlep\u0161ie, ako mohlo.<\/span><\/em><\/p>\n<p><img loading=\"lazy\" decoding=\"async\" class=\"alignnone size-full wp-image-17845\" src=\"https:\/\/d2p6e6u75xmxt8.cloudfront.net\/4\/2023\/07\/04.webp\" alt=\"\" width=\"990\" height=\"660\" srcset=\"https:\/\/d2p6e6u75xmxt8.cloudfront.net\/4\/2023\/07\/04.webp 990w, https:\/\/d2p6e6u75xmxt8.cloudfront.net\/4\/2023\/07\/04-300x200.webp 300w, https:\/\/d2p6e6u75xmxt8.cloudfront.net\/4\/2023\/07\/04-768x512.webp 768w, https:\/\/d2p6e6u75xmxt8.cloudfront.net\/4\/2023\/07\/04-400x267.webp 400w, https:\/\/d2p6e6u75xmxt8.cloudfront.net\/4\/2023\/07\/04-272x182.webp 272w\" sizes=\"auto, (max-width: 990px) 100vw, 990px\" \/><\/p>\n<h4><b>Organizujete aj nejak\u00e9 in\u00e9 preteky?<\/b><\/h4>\n<p><em><span style=\"font-weight: 400;\">\u00c1no, tento rok organizujeme e\u0161te 29. 8. \u010dasovku do vrchu a\u00a0detsk\u00e9 MTB preteky.<\/span><\/em><\/p>\n<h4><b>\u010co by ste zmenili na pretekoch \u0160BOT, keby sa dalo?<\/b><\/h4>\n<p><em><span style=\"font-weight: 400;\">Ur\u010dite pr\u00edstup k\u00a0odpadom. Tam, kde sa ned\u00e1 jes\u0165 v\u00a0kamenn\u00fdch prev\u00e1dzkach, by som zaviedla z\u00e1lohovan\u00e9 misky a\u00a0z\u00e1lohovan\u00e9 poh\u00e1re. Na r\u00f4znych festivaloch je to u\u017e trend. Zamedzila by som pou\u017e\u00edvanie r\u00f4znych jednorazov\u00fdch misiek, mi\u0161ti\u010diek, poh\u00e1rov, vidli\u010diek, ly\u017ei\u010diek.\u00a0 V\u00a0jednom roku som mala na preteky zapo\u017ei\u010dan\u00e9 kovov\u00e9 ly\u017eice zo 4 z\u00e1kladn\u00fdch \u0161k\u00f4l. Naozaj sa v\u0161etky do jednej vr\u00e1tili nasp\u00e4\u0165.<\/span><\/em><\/p>\n<h4><b>\u010co by ste chceli pochv\u00e1li\u0165 a na \u010do upozorni\u0165 v r\u00e1mci spolupr\u00e1ce so zna\u010dkou \u0160koda?<\/b><\/h4>\n<p><em><span style=\"font-weight: 400;\">Spolupr\u00e1ca je ve\u013emi dobr\u00e1, dohodneme sa na v\u0161etkom, diev\u010dat\u00e1 v\u00a0t\u00edme \u0160koda s\u00fa ve\u013emi \u00fastretov\u00e9.<\/span><\/em><\/p>\n<h4><b>Po\u010das rokov ste za\u017eili r\u00f4zne typy po\u010dasia. Ak\u00e9 po\u010dasie je najhor\u0161ie &#8211; vietor, d\u00e1\u017e\u010f \u010di ve\u013ek\u00e1 hor\u00fa\u010dava?<\/b><\/h4>\n<p><em><span style=\"font-weight: 400;\">My sme v\u00a0m\u00e1ji (po in\u00e9 roky bol n\u00e1\u0161 marat\u00f3n v\u00a0m\u00e1ji) za\u017eili aj sneh po\u010das pretekov. Najhor\u0161ia kombin\u00e1cia tu na Spi\u0161i je zima a\u00a0d\u00e1\u017e\u010f.\u00a0<\/span><\/em><\/p>\n<p><img loading=\"lazy\" decoding=\"async\" class=\"alignnone size-full wp-image-17846\" src=\"https:\/\/d2p6e6u75xmxt8.cloudfront.net\/4\/2023\/07\/05.webp\" alt=\"\" width=\"990\" height=\"660\" srcset=\"https:\/\/d2p6e6u75xmxt8.cloudfront.net\/4\/2023\/07\/05.webp 990w, https:\/\/d2p6e6u75xmxt8.cloudfront.net\/4\/2023\/07\/05-300x200.webp 300w, https:\/\/d2p6e6u75xmxt8.cloudfront.net\/4\/2023\/07\/05-768x512.webp 768w, https:\/\/d2p6e6u75xmxt8.cloudfront.net\/4\/2023\/07\/05-400x267.webp 400w, https:\/\/d2p6e6u75xmxt8.cloudfront.net\/4\/2023\/07\/05-272x182.webp 272w\" sizes=\"auto, (max-width: 990px) 100vw, 990px\" \/><\/p>\n<h4><b>Organizovanie tak\u00e9hoto ve\u013ek\u00e9ho podujatia sa nezaob\u00edde bez pomoci dobrovo\u013en\u00edkov. Nem\u00e1te probl\u00e9m ich ka\u017edoro\u010dne n\u00e1js\u0165 dostato\u010dne mno\u017estvo?<\/b><\/h4>\n<p><em><span style=\"font-weight: 400;\">Vo v\u00e4\u010d\u0161ine pr\u00edpadov s\u00fa to u\u017e dlhoro\u010dn\u00e9 spolupr\u00e1ce. Dobrovo\u013en\u00edkov v\u0161ak nikdy nie je dos\u0165. Pre n\u00e1s je v tomto roku tro\u0161ku nev\u00fdhodou term\u00edn pretekov v j\u00fali, lebo ve\u013ek\u00e1 \u010das\u0165 dobrovo\u013en\u00edkov boli \u0161tudenti, ktor\u00fdch sme z\u00edskavali spolupr\u00e1cou s vyu\u010duj\u00facimi zo Strednej zdravotn\u00edckej \u0161koly v Levo\u010di. Cez pr\u00e1zdniny sme o t\u00fato mo\u017enos\u0165 pri\u0161li, lebo vyu\u010duj\u00faci u\u017e nemaj\u00fa na \u0161tudentov dosah.\u00a0<\/span><\/em><\/p>\n<h4><b>Ak\u00e1 je podpora mesta? Uvedomuj\u00fa si, \u017ee je to aj pre nich mo\u017enos\u0165 propag\u00e1cie?<\/b><\/h4>\n<p><em><span style=\"font-weight: 400;\">\u00c1no, samozrejme. Op\u00e4\u0165 sa mi splnila nieko\u013ekoro\u010dn\u00e1 v\u00edzia a\u00a0to spolupr\u00e1ca priamo s\u00a0mestom. Jubilejn\u00fd 10. ro\u010dn\u00edk \u0160BOT teda organizujeme spolo\u010dne s\u00a0Mestom Levo\u010da. Je to ve\u013emi ve\u013ek\u00e1 pomoc. Ver\u00edm, \u017ee to bude aj vidie\u0165.<\/span><\/em><\/p>\n<p><img loading=\"lazy\" decoding=\"async\" class=\"alignnone size-full wp-image-17847\" src=\"https:\/\/d2p6e6u75xmxt8.cloudfront.net\/4\/2023\/07\/11.webp\" alt=\"\" width=\"990\" height=\"660\" srcset=\"https:\/\/d2p6e6u75xmxt8.cloudfront.net\/4\/2023\/07\/11.webp 990w, https:\/\/d2p6e6u75xmxt8.cloudfront.net\/4\/2023\/07\/11-300x200.webp 300w, https:\/\/d2p6e6u75xmxt8.cloudfront.net\/4\/2023\/07\/11-768x512.webp 768w, https:\/\/d2p6e6u75xmxt8.cloudfront.net\/4\/2023\/07\/11-400x267.webp 400w, https:\/\/d2p6e6u75xmxt8.cloudfront.net\/4\/2023\/07\/11-272x182.webp 272w\" sizes=\"auto, (max-width: 990px) 100vw, 990px\" \/><\/p>\n<h4><b>Sledujete aj organizovanie podrobn\u00fdch akcii v zahrani\u010d\u00ed, pripadne ste sa nimi v nie\u010dom in\u0161pirovali?<\/b><\/h4>\n<p><em><span style=\"font-weight: 400;\">Ve\u013emi rada by som sledovala profi akcie, ale nem\u00e1m na to priestor ani \u010das. Ako som spom\u00ednala, akt\u00edvne sa z\u00fa\u010dast\u0148ujeme s\u00a0klubom na podujatiach SP v\u00a0cestnej a\u00a0dr\u00e1hovej cyklistike a\u00a0tam je to o\u00a0inom. \u010co si samozrejme v\u0161\u00edmam, \u017ee v\u0161ade vznik\u00e1 kopec odpadu a\u00a0hlavne nikde nie je snaha ani separova\u0165 odpad, \u010do je dos\u0165 smutn\u00e9.<\/span><\/em><\/p>\n<h4><b>Pozn\u00e1te sa organiz\u00e1tori jednotliv\u00fdch k\u00f4l \u0160BOT &#8211; spolupracujete vz\u00e1jomne?<\/b><\/h4>\n<p><em><span style=\"font-weight: 400;\">\u00c1no, pozn\u00e1me. Ve\u013eakr\u00e1t sa na nich obraciam s\u00a0r\u00f4znymi ot\u00e1zkami, prosbami o\u00a0pomoc \u010di\u00a0radu.<\/span><\/em><\/p>\n<h4><b>Je nejak\u00fd ve\u013ek\u00fd organiza\u010dn\u00fd probl\u00e9m, s ktor\u00fdm sa ka\u017edoro\u010dne stret\u00e1vate?<\/b><\/h4>\n<p><em><span style=\"font-weight: 400;\">Ver\u00edm, \u017ee u\u017e tento rok nebude \u017eiadny probl\u00e9m.\u00a0<\/span><\/em><\/p>\n<p><img loading=\"lazy\" decoding=\"async\" class=\"alignnone size-full wp-image-17848\" src=\"https:\/\/d2p6e6u75xmxt8.cloudfront.net\/4\/2023\/07\/06.webp\" alt=\"\" width=\"990\" height=\"660\" srcset=\"https:\/\/d2p6e6u75xmxt8.cloudfront.net\/4\/2023\/07\/06.webp 990w, https:\/\/d2p6e6u75xmxt8.cloudfront.net\/4\/2023\/07\/06-300x200.webp 300w, https:\/\/d2p6e6u75xmxt8.cloudfront.net\/4\/2023\/07\/06-768x512.webp 768w, https:\/\/d2p6e6u75xmxt8.cloudfront.net\/4\/2023\/07\/06-400x267.webp 400w, https:\/\/d2p6e6u75xmxt8.cloudfront.net\/4\/2023\/07\/06-272x182.webp 272w\" sizes=\"auto, (max-width: 990px) 100vw, 990px\" \/><\/p>\n<h4><b>Stal sa po\u010das rokov aj nejak\u00fd v\u00e1\u017enej\u0161\u00ed \u00faraz?<\/b><\/h4>\n<p><em><span style=\"font-weight: 400;\">\u00c1no, st\u00e1vaj\u00fa sa \u00farazy, pam\u00e4t\u00e1m si v\u0161etky v\u00e1\u017ene \u00farazy. Vtedy je privolan\u00e1 z\u00e1chrann\u00e1 horsk\u00e1 slu\u017eba priamo k zranen\u00e9mu. S\u00fa miesta, zjazdy, ktor\u00e9 sa zdaj\u00fa na prv\u00fd poh\u013ead jednoduch\u00e9, pretek\u00e1ri to mo\u017eno podcenia, naber\u00fa r\u00fdchlos\u0165 &#8230; a ne\u0161\u0165astie je na svete. O\u00a0zranen\u00fdch sa zauj\u00edmame, a\u017e pokia\u013e sa nevylie\u010dia. <\/span><\/em><\/p>\n<p><em><span style=\"font-weight: 400;\">Pam\u00e4t\u00e1m si diev\u010da, ktor\u00e1 malo ve\u013emi v\u00e1\u017eny \u00faraz, boli sme ju nav\u0161t\u00edvi\u0165 v\u00a0nemocnici, pon\u00fakla som jej do\u017eivotn\u00e9 bezplatn\u00e9 \u0161tartovn\u00e9 na pretekoch, ktor\u00e9 organizujeme. Len odvtedy presedlala na beh. Tak isto som zranen\u00e9mu p\u00e1novi minul\u00fd rok pon\u00fakla \u0161tartovn\u00e9 na rok 2023 zadarmo, tak som zvedav\u00e1, \u010di sa ozve.<\/span><\/em><\/p>\n<h4><b>M\u00e1te nejak\u00fa z\u00e1bavn\u00fa pr\u00edhodu zo z\u00e1kulisia alebo priamo z miesta konania pretekov?<\/b><\/h4>\n<p><em><span style=\"font-weight: 400;\">Och, \u00e1no. Nie je ich m\u00e1lo. Pr\u00edkladom s\u00fa ru\u010dne ma\u013eovan\u00e9 medaile, ktor\u00e9 pre n\u00e1s od za\u010diatku vytv\u00e1ra moja kamar\u00e1tka Ivka &#8211; rod\u00e1\u010dka z\u00a0Levo\u010de, \u017eij\u00faca v\u00a0Bratislave. Ve\u013ek\u00e1 kreat\u00edvna du\u0161a, to znamen\u00e1 &#8211; no stres, no panika. Napr\u00edklad minul\u00fd rok dor\u00e1bala medaile (okolo 60 ks) priamo na podujat\u00ed. Hotov\u00e9 boli presne 2 min\u00faty pred vyhl\u00e1sen\u00edm v\u00fdsledkov. Odkaz pre m\u0148a znel, d\u00f4veruj procesu.<\/span><\/em><\/p>\n<p><img loading=\"lazy\" decoding=\"async\" class=\"alignnone size-full wp-image-17849\" src=\"https:\/\/d2p6e6u75xmxt8.cloudfront.net\/4\/2023\/07\/12.webp\" alt=\"\" width=\"990\" height=\"660\" srcset=\"https:\/\/d2p6e6u75xmxt8.cloudfront.net\/4\/2023\/07\/12.webp 990w, https:\/\/d2p6e6u75xmxt8.cloudfront.net\/4\/2023\/07\/12-300x200.webp 300w, https:\/\/d2p6e6u75xmxt8.cloudfront.net\/4\/2023\/07\/12-768x512.webp 768w, https:\/\/d2p6e6u75xmxt8.cloudfront.net\/4\/2023\/07\/12-400x267.webp 400w, https:\/\/d2p6e6u75xmxt8.cloudfront.net\/4\/2023\/07\/12-272x182.webp 272w\" sizes=\"auto, (max-width: 990px) 100vw, 990px\" \/><\/p>\n<h4><b>Spomeniete si, ak\u00fd bol najmlad\u0161\u00ed a najstar\u0161\u00ed pretek\u00e1r?<\/b><\/h4>\n<p><em><span style=\"font-weight: 400;\">To by som len tipoval. Dali ste mi in\u0161pir\u00e1ciu, tento rok sa na to zameriam a\u00a0ohodnot\u00edm \u0161peci\u00e1lnou cenou. V\u0161\u00edmam si, kto m\u00e1 v de\u0148 pretekov narodeniny alebo meniny, kto pr\u00edde posledn\u00fd do cie\u013ea, pom\u00f4\u017ee niekomu in\u00e9mu na trati. Tak\u00e9to \u0161peci\u00e1lne moje v\u00fdmysly potom ocen\u00edm darom.\u00a0<\/span><\/em><\/p>\n<h4><b>Ste alebo bola ste akt\u00edvna cyklistka?<\/b><\/h4>\n<p><em><span style=\"font-weight: 400;\">\u00c1no, bola som akt\u00edvna cyklistka a\u00a0\u0161portovky\u0148a v\u00a0minulosti. Teraz tomu hovor\u00edm, \u017ee sa udr\u017eiavam v\u00a0re\u017eime, aby som sta\u010dila na\u0161\u00edm mlad\u00fdm zverencom v\u00a0klube.<\/span><\/em><\/p>\n<h4><b>M\u00e1te nejak\u00e9 kon\u00ed\u010dky \u010di aktivity, ktor\u00fdm sa venujete okrem cyklistiky?<\/b><\/h4>\n<p><em><span style=\"font-weight: 400;\">Milujem hory, v\u017edy ke\u010f m\u00f4\u017eem, som tam na r\u00f4zny sp\u00f4sob &#8211; beh, turistika, MTB.<\/span><\/em><\/p>\n<h4><b>Ak\u00fd in\u00fd \u0161port sledujete alebo rob\u00edte?<\/b><\/h4>\n<p><em><span style=\"font-weight: 400;\">Cyklistika st\u00e1le vyhr\u00e1va.\u00a0 Moje ob\u013e\u00faben\u00e9 s\u00fa r\u00e1na, kedy si idem do lesa zabeha\u0165. Doma sledujeme r\u00f4zne \u0161porty.<\/span><\/em><\/p>\n<p><img loading=\"lazy\" decoding=\"async\" class=\"alignnone size-full wp-image-17850\" src=\"https:\/\/d2p6e6u75xmxt8.cloudfront.net\/4\/2023\/07\/13.webp\" alt=\"\" width=\"990\" height=\"660\" srcset=\"https:\/\/d2p6e6u75xmxt8.cloudfront.net\/4\/2023\/07\/13.webp 990w, https:\/\/d2p6e6u75xmxt8.cloudfront.net\/4\/2023\/07\/13-300x200.webp 300w, https:\/\/d2p6e6u75xmxt8.cloudfront.net\/4\/2023\/07\/13-768x512.webp 768w, https:\/\/d2p6e6u75xmxt8.cloudfront.net\/4\/2023\/07\/13-400x267.webp 400w, https:\/\/d2p6e6u75xmxt8.cloudfront.net\/4\/2023\/07\/13-272x182.webp 272w\" sizes=\"auto, (max-width: 990px) 100vw, 990px\" \/><\/p>\n<p><b>M\u00e1te nejak\u00fd odkaz pre \u00fa\u010dastn\u00edkov aktu\u00e1lneho 10. v\u00fdro\u010dia \u0160KODA BIKE OPEN TOUR?<\/b><\/p>\n<p><em><span style=\"font-weight: 400;\">\u00c1no, prajem v\u0161etk\u00fdm \u00fa\u010dastn\u00edkom skvel\u00fa n\u00e1ladu a\u00a0 ve\u013ea z\u00e1bavy na tejto ve\u013ekej oslave. Dobr\u00fa kond\u00edciu na zdol\u00e1vanie trat\u00ed na\u00a0na\u0161om kr\u00e1snom Slovensku, vyhovuj\u00face po\u010dasie, bezpe\u010dn\u00fa jazdu a\u00a0pohodi\u010dku.\u00a0<\/span><\/em><\/p>\n<p>&nbsp;<\/p>\n","protected":false},"excerpt":{"rendered":"<p>Na na\u0161e ot\u00e1zky odpovedala \u010dlenka organiza\u010dn\u00e9ho t\u00edmu M\u00e1ria Stanovi\u010dov\u00e1, ktor\u00e1 iniciovala ekologick\u00fd pr\u00edstup na marat\u00f3ne v\u00a0Levo\u010di, ktor\u00fd nesk\u00f4r pomocou Zelenej [&hellip;]<\/p>\n","protected":false},"author":172,"featured_media":17837,"comment_status":"open","ping_status":"open","sticky":false,"template":"","format":"standard","meta":{"footnotes":""},"categories":[33],"tags":[597,916,1246,1501,1443,964,180,982,178,412,509,474,501,542,859],"global-categories":[1074],"class_list":["post-17836","post","type-post","status-publish","format-standard","has-post-thumbnail","hentry","category-sbot","tag-cyklista","tag-cyklisticka-destinacia","tag-cyklisticka-komunita","tag-cyklistka","tag-ekologia","tag-family","tag-horska-cyklistika","tag-levoca","tag-maraton","tag-mtb","tag-rodina","tag-rodinny-maraton","tag-rozhovor","tag-skoda","tag-skoda-mtb-maraton-levocske-vrchy","global-categories-cycling"],"yoast_head":"<!-- This site is optimized with the Yoast SEO Premium plugin v25.3 (Yoast SEO v25.9) - https:\/\/yoast.com\/wordpress\/plugins\/seo\/ -->\n<title>Rozhovor: M\u00e1ria Stanovi\u010dov\u00e1 \u2013 \u0160KODA MTB marat\u00f3n Levo\u010dsk\u00e9 vrchy<\/title>\n<meta name=\"description\" content=\"M\u00e1ria Stanovi\u010dov\u00e1, iniciovala ekologick\u00fd pr\u00edstup na marat\u00f3ne v\u00a0Levo\u010di, ktor\u00fd nesk\u00f4r roz\u0161\u00edrili na v\u0161etky kol\u00e1 v\u00a0s\u00e9rii \u0160KODA BIKE OPEN TOUR.\" \/>\n<meta name=\"robots\" content=\"index, follow, max-snippet:-1, max-image-preview:large, max-video-preview:-1\" \/>\n<link rel=\"canonical\" href=\"https:\/\/www.welovecycling.com\/sk\/2023\/07\/12\/rozhovor-maria-stanovicova-skoda-mtb-maraton-levocske-vrchy\/\" \/>\n<meta property=\"og:locale\" content=\"sk_SK\" \/>\n<meta property=\"og:type\" content=\"article\" \/>\n<meta property=\"og:title\" content=\"Rozhovor: M\u00e1ria Stanovi\u010dov\u00e1 \u2013 \u0160KODA MTB marat\u00f3n Levo\u010dsk\u00e9 vrchy\" \/>\n<meta property=\"og:description\" content=\"M\u00e1ria Stanovi\u010dov\u00e1, iniciovala ekologick\u00fd pr\u00edstup na marat\u00f3ne v\u00a0Levo\u010di, ktor\u00fd nesk\u00f4r roz\u0161\u00edrili na v\u0161etky kol\u00e1 v\u00a0s\u00e9rii \u0160KODA BIKE OPEN TOUR.\" \/>\n<meta property=\"og:url\" content=\"https:\/\/www.welovecycling.com\/sk\/2023\/07\/12\/rozhovor-maria-stanovicova-skoda-mtb-maraton-levocske-vrchy\/\" \/>\n<meta property=\"og:site_name\" content=\"\u0160koda We Love Cycling Slovensko\" \/>\n<meta property=\"article:published_time\" content=\"2023-07-12T08:00:03+00:00\" \/>\n<meta property=\"article:modified_time\" content=\"2023-07-12T09:08:38+00:00\" \/>\n<meta property=\"og:image\" content=\"https:\/\/d2p6e6u75xmxt8.cloudfront.net\/4\/2023\/07\/01.webp\" \/>\n\t<meta property=\"og:image:width\" content=\"990\" \/>\n\t<meta property=\"og:image:height\" content=\"660\" \/>\n\t<meta property=\"og:image:type\" content=\"image\/webp\" \/>\n<meta name=\"author\" content=\"dominika\" \/>\n<meta name=\"twitter:card\" content=\"summary_large_image\" \/>\n<meta name=\"twitter:label1\" content=\"Written by\" \/>\n\t<meta name=\"twitter:data1\" content=\"Radovan Vr\u0161ka\" \/>\n\t<meta name=\"twitter:label2\" content=\"Est. reading time\" \/>\n\t<meta name=\"twitter:data2\" content=\"8\" \/>\n<script type=\"application\/ld+json\" class=\"yoast-schema-graph\">{\"@context\":\"https:\/\/schema.org\",\"@graph\":[{\"@type\":\"WebPage\",\"@id\":\"https:\/\/www.welovecycling.com\/sk\/2023\/07\/12\/rozhovor-maria-stanovicova-skoda-mtb-maraton-levocske-vrchy\/\",\"url\":\"https:\/\/www.welovecycling.com\/sk\/2023\/07\/12\/rozhovor-maria-stanovicova-skoda-mtb-maraton-levocske-vrchy\/\",\"name\":\"Rozhovor: M\u00e1ria Stanovi\u010dov\u00e1 \u2013 \u0160KODA MTB marat\u00f3n Levo\u010dsk\u00e9 vrchy\",\"isPartOf\":{\"@id\":\"https:\/\/www.welovecycling.com\/sk\/#website\"},\"primaryImageOfPage\":{\"@id\":\"https:\/\/www.welovecycling.com\/sk\/2023\/07\/12\/rozhovor-maria-stanovicova-skoda-mtb-maraton-levocske-vrchy\/#primaryimage\"},\"image\":{\"@id\":\"https:\/\/www.welovecycling.com\/sk\/2023\/07\/12\/rozhovor-maria-stanovicova-skoda-mtb-maraton-levocske-vrchy\/#primaryimage\"},\"thumbnailUrl\":\"https:\/\/d2p6e6u75xmxt8.cloudfront.net\/4\/2023\/07\/01.webp\",\"datePublished\":\"2023-07-12T08:00:03+00:00\",\"dateModified\":\"2023-07-12T09:08:38+00:00\",\"author\":{\"@id\":\"https:\/\/www.welovecycling.com\/sk\/#\/schema\/person\/533b62b98b6c41bd5135ebfb1f742624\"},\"description\":\"M\u00e1ria Stanovi\u010dov\u00e1, iniciovala ekologick\u00fd pr\u00edstup na marat\u00f3ne v\u00a0Levo\u010di, ktor\u00fd nesk\u00f4r roz\u0161\u00edrili na v\u0161etky kol\u00e1 v\u00a0s\u00e9rii \u0160KODA BIKE OPEN TOUR.\",\"breadcrumb\":{\"@id\":\"https:\/\/www.welovecycling.com\/sk\/2023\/07\/12\/rozhovor-maria-stanovicova-skoda-mtb-maraton-levocske-vrchy\/#breadcrumb\"},\"inLanguage\":\"sk-SK\",\"potentialAction\":[{\"@type\":\"ReadAction\",\"target\":[\"https:\/\/www.welovecycling.com\/sk\/2023\/07\/12\/rozhovor-maria-stanovicova-skoda-mtb-maraton-levocske-vrchy\/\"]}]},{\"@type\":\"ImageObject\",\"inLanguage\":\"sk-SK\",\"@id\":\"https:\/\/www.welovecycling.com\/sk\/2023\/07\/12\/rozhovor-maria-stanovicova-skoda-mtb-maraton-levocske-vrchy\/#primaryimage\",\"url\":\"https:\/\/d2p6e6u75xmxt8.cloudfront.net\/4\/2023\/07\/01.webp\",\"contentUrl\":\"https:\/\/d2p6e6u75xmxt8.cloudfront.net\/4\/2023\/07\/01.webp\",\"width\":990,\"height\":660,\"caption\":\"\u0160KODA MTB marat\u00f3n Levo\u010dsk\u00e9 vrchy\"},{\"@type\":\"BreadcrumbList\",\"@id\":\"https:\/\/www.welovecycling.com\/sk\/2023\/07\/12\/rozhovor-maria-stanovicova-skoda-mtb-maraton-levocske-vrchy\/#breadcrumb\",\"itemListElement\":[{\"@type\":\"ListItem\",\"position\":1,\"name\":\"Home\",\"item\":\"https:\/\/www.welovecycling.com\/sk\/\"},{\"@type\":\"ListItem\",\"position\":2,\"name\":\"Rozhovor: M\u00e1ria Stanovi\u010dov\u00e1 \u2013 \u0160KODA MTB marat\u00f3n Levo\u010dsk\u00e9 vrchy\"}]},{\"@type\":\"WebSite\",\"@id\":\"https:\/\/www.welovecycling.com\/sk\/#website\",\"url\":\"https:\/\/www.welovecycling.com\/sk\/\",\"name\":\"\u0160koda We Love Cycling Slovensko\",\"description\":\"\u0160koda We Love Cycling Slovensko je v\u00e1\u0161 ka\u017edodenn\u00fd zdroj noviniek a in\u0161pir\u00e1cie z sveta cyklistiky\",\"potentialAction\":[{\"@type\":\"SearchAction\",\"target\":{\"@type\":\"EntryPoint\",\"urlTemplate\":\"https:\/\/www.welovecycling.com\/sk\/?s={search_term_string}\"},\"query-input\":{\"@type\":\"PropertyValueSpecification\",\"valueRequired\":true,\"valueName\":\"search_term_string\"}}],\"inLanguage\":\"sk-SK\"},{\"@type\":\"Person\",\"@id\":\"https:\/\/www.welovecycling.com\/sk\/#\/schema\/person\/533b62b98b6c41bd5135ebfb1f742624\",\"name\":\"dominika\",\"image\":{\"@type\":\"ImageObject\",\"inLanguage\":\"sk-SK\",\"@id\":\"https:\/\/www.welovecycling.com\/sk\/#\/schema\/person\/image\/\",\"url\":\"https:\/\/secure.gravatar.com\/avatar\/ded6f274ba2ec3e17fff153f7d9d96a4b33c2cb63907f75d9a5309c599a7f3e6?s=96&d=mm&r=g\",\"contentUrl\":\"https:\/\/secure.gravatar.com\/avatar\/ded6f274ba2ec3e17fff153f7d9d96a4b33c2cb63907f75d9a5309c599a7f3e6?s=96&d=mm&r=g\",\"caption\":\"dominika\"},\"url\":\"https:\/\/www.welovecycling.com\/sk\/author\/dominika\/\"}]}<\/script>\n<!-- \/ Yoast SEO Premium plugin. -->","yoast_head_json":{"title":"Rozhovor: M\u00e1ria Stanovi\u010dov\u00e1 \u2013 \u0160KODA MTB marat\u00f3n Levo\u010dsk\u00e9 vrchy","description":"M\u00e1ria Stanovi\u010dov\u00e1, iniciovala ekologick\u00fd pr\u00edstup na marat\u00f3ne v\u00a0Levo\u010di, ktor\u00fd nesk\u00f4r roz\u0161\u00edrili na v\u0161etky kol\u00e1 v\u00a0s\u00e9rii \u0160KODA BIKE OPEN TOUR.","robots":{"index":"index","follow":"follow","max-snippet":"max-snippet:-1","max-image-preview":"max-image-preview:large","max-video-preview":"max-video-preview:-1"},"canonical":"https:\/\/www.welovecycling.com\/sk\/2023\/07\/12\/rozhovor-maria-stanovicova-skoda-mtb-maraton-levocske-vrchy\/","og_locale":"sk_SK","og_type":"article","og_title":"Rozhovor: M\u00e1ria Stanovi\u010dov\u00e1 \u2013 \u0160KODA MTB marat\u00f3n Levo\u010dsk\u00e9 vrchy","og_description":"M\u00e1ria Stanovi\u010dov\u00e1, iniciovala ekologick\u00fd pr\u00edstup na marat\u00f3ne v\u00a0Levo\u010di, ktor\u00fd nesk\u00f4r roz\u0161\u00edrili na v\u0161etky kol\u00e1 v\u00a0s\u00e9rii \u0160KODA BIKE OPEN TOUR.","og_url":"https:\/\/www.welovecycling.com\/sk\/2023\/07\/12\/rozhovor-maria-stanovicova-skoda-mtb-maraton-levocske-vrchy\/","og_site_name":"\u0160koda We Love Cycling Slovensko","article_published_time":"2023-07-12T08:00:03+00:00","article_modified_time":"2023-07-12T09:08:38+00:00","og_image":[{"width":990,"height":660,"url":"https:\/\/d2p6e6u75xmxt8.cloudfront.net\/4\/2023\/07\/01.webp","type":"image\/webp"}],"author":"dominika","twitter_card":"summary_large_image","twitter_misc":{"Written by":"Radovan Vr\u0161ka","Est. reading time":"8"},"schema":{"@context":"https:\/\/schema.org","@graph":[{"@type":"WebPage","@id":"https:\/\/www.welovecycling.com\/sk\/2023\/07\/12\/rozhovor-maria-stanovicova-skoda-mtb-maraton-levocske-vrchy\/","url":"https:\/\/www.welovecycling.com\/sk\/2023\/07\/12\/rozhovor-maria-stanovicova-skoda-mtb-maraton-levocske-vrchy\/","name":"Rozhovor: M\u00e1ria Stanovi\u010dov\u00e1 \u2013 \u0160KODA MTB marat\u00f3n Levo\u010dsk\u00e9 vrchy","isPartOf":{"@id":"https:\/\/www.welovecycling.com\/sk\/#website"},"primaryImageOfPage":{"@id":"https:\/\/www.welovecycling.com\/sk\/2023\/07\/12\/rozhovor-maria-stanovicova-skoda-mtb-maraton-levocske-vrchy\/#primaryimage"},"image":{"@id":"https:\/\/www.welovecycling.com\/sk\/2023\/07\/12\/rozhovor-maria-stanovicova-skoda-mtb-maraton-levocske-vrchy\/#primaryimage"},"thumbnailUrl":"https:\/\/d2p6e6u75xmxt8.cloudfront.net\/4\/2023\/07\/01.webp","datePublished":"2023-07-12T08:00:03+00:00","dateModified":"2023-07-12T09:08:38+00:00","author":{"@id":"https:\/\/www.welovecycling.com\/sk\/#\/schema\/person\/533b62b98b6c41bd5135ebfb1f742624"},"description":"M\u00e1ria Stanovi\u010dov\u00e1, iniciovala ekologick\u00fd pr\u00edstup na marat\u00f3ne v\u00a0Levo\u010di, ktor\u00fd nesk\u00f4r roz\u0161\u00edrili na v\u0161etky kol\u00e1 v\u00a0s\u00e9rii \u0160KODA BIKE OPEN TOUR.","breadcrumb":{"@id":"https:\/\/www.welovecycling.com\/sk\/2023\/07\/12\/rozhovor-maria-stanovicova-skoda-mtb-maraton-levocske-vrchy\/#breadcrumb"},"inLanguage":"sk-SK","potentialAction":[{"@type":"ReadAction","target":["https:\/\/www.welovecycling.com\/sk\/2023\/07\/12\/rozhovor-maria-stanovicova-skoda-mtb-maraton-levocske-vrchy\/"]}]},{"@type":"ImageObject","inLanguage":"sk-SK","@id":"https:\/\/www.welovecycling.com\/sk\/2023\/07\/12\/rozhovor-maria-stanovicova-skoda-mtb-maraton-levocske-vrchy\/#primaryimage","url":"https:\/\/d2p6e6u75xmxt8.cloudfront.net\/4\/2023\/07\/01.webp","contentUrl":"https:\/\/d2p6e6u75xmxt8.cloudfront.net\/4\/2023\/07\/01.webp","width":990,"height":660,"caption":"\u0160KODA MTB marat\u00f3n Levo\u010dsk\u00e9 vrchy"},{"@type":"BreadcrumbList","@id":"https:\/\/www.welovecycling.com\/sk\/2023\/07\/12\/rozhovor-maria-stanovicova-skoda-mtb-maraton-levocske-vrchy\/#breadcrumb","itemListElement":[{"@type":"ListItem","position":1,"name":"Home","item":"https:\/\/www.welovecycling.com\/sk\/"},{"@type":"ListItem","position":2,"name":"Rozhovor: M\u00e1ria Stanovi\u010dov\u00e1 \u2013 \u0160KODA MTB marat\u00f3n Levo\u010dsk\u00e9 vrchy"}]},{"@type":"WebSite","@id":"https:\/\/www.welovecycling.com\/sk\/#website","url":"https:\/\/www.welovecycling.com\/sk\/","name":"\u0160koda We Love Cycling Slovensko","description":"\u0160koda We Love Cycling Slovensko je v\u00e1\u0161 ka\u017edodenn\u00fd zdroj noviniek a in\u0161pir\u00e1cie z sveta cyklistiky","potentialAction":[{"@type":"SearchAction","target":{"@type":"EntryPoint","urlTemplate":"https:\/\/www.welovecycling.com\/sk\/?s={search_term_string}"},"query-input":{"@type":"PropertyValueSpecification","valueRequired":true,"valueName":"search_term_string"}}],"inLanguage":"sk-SK"},{"@type":"Person","@id":"https:\/\/www.welovecycling.com\/sk\/#\/schema\/person\/533b62b98b6c41bd5135ebfb1f742624","name":"dominika","image":{"@type":"ImageObject","inLanguage":"sk-SK","@id":"https:\/\/www.welovecycling.com\/sk\/#\/schema\/person\/image\/","url":"https:\/\/secure.gravatar.com\/avatar\/ded6f274ba2ec3e17fff153f7d9d96a4b33c2cb63907f75d9a5309c599a7f3e6?s=96&d=mm&r=g","contentUrl":"https:\/\/secure.gravatar.com\/avatar\/ded6f274ba2ec3e17fff153f7d9d96a4b33c2cb63907f75d9a5309c599a7f3e6?s=96&d=mm&r=g","caption":"dominika"},"url":"https:\/\/www.welovecycling.com\/sk\/author\/dominika\/"}]}},"_links":{"self":[{"href":"https:\/\/www.welovecycling.com\/sk\/wp-json\/wp\/v2\/posts\/17836","targetHints":{"allow":["GET"]}}],"collection":[{"href":"https:\/\/www.welovecycling.com\/sk\/wp-json\/wp\/v2\/posts"}],"about":[{"href":"https:\/\/www.welovecycling.com\/sk\/wp-json\/wp\/v2\/types\/post"}],"author":[{"embeddable":true,"href":"https:\/\/www.welovecycling.com\/sk\/wp-json\/wp\/v2\/users\/172"}],"replies":[{"embeddable":true,"href":"https:\/\/www.welovecycling.com\/sk\/wp-json\/wp\/v2\/comments?post=17836"}],"version-history":[{"count":9,"href":"https:\/\/www.welovecycling.com\/sk\/wp-json\/wp\/v2\/posts\/17836\/revisions"}],"predecessor-version":[{"id":17859,"href":"https:\/\/www.welovecycling.com\/sk\/wp-json\/wp\/v2\/posts\/17836\/revisions\/17859"}],"wp:featuredmedia":[{"embeddable":true,"href":"https:\/\/www.welovecycling.com\/sk\/wp-json\/wp\/v2\/media\/17837"}],"wp:attachment":[{"href":"https:\/\/www.welovecycling.com\/sk\/wp-json\/wp\/v2\/media?parent=17836"}],"wp:term":[{"taxonomy":"category","embeddable":true,"href":"https:\/\/www.welovecycling.com\/sk\/wp-json\/wp\/v2\/categories?post=17836"},{"taxonomy":"post_tag","embeddable":true,"href":"https:\/\/www.welovecycling.com\/sk\/wp-json\/wp\/v2\/tags?post=17836"},{"taxonomy":"global-categories","embeddable":true,"href":"https:\/\/www.welovecycling.com\/sk\/wp-json\/wp\/v2\/global-categories?post=17836"}],"curies":[{"name":"wp","href":"https:\/\/api.w.org\/{rel}","templated":true}]}}