{"id":17813,"date":"2023-07-03T09:43:01","date_gmt":"2023-07-03T07:43:01","guid":{"rendered":"https:\/\/www.welovecycling.com\/sk\/?p=17813"},"modified":"2023-07-03T09:43:01","modified_gmt":"2023-07-03T07:43:01","slug":"technicka-priprava-na-letape-nie-je-to-len-o-bicykli","status":"publish","type":"post","link":"https:\/\/www.welovecycling.com\/sk\/2023\/07\/03\/technicka-priprava-na-letape-nie-je-to-len-o-bicykli\/","title":{"rendered":"Technick\u00e1 pr\u00edprava na L&#8217;Etape &#8211; nie je to len o bicykli"},"content":{"rendered":"<p><strong>Cestn\u00fd marat\u00f3n, ak\u00fdm je aj <a href=\"https:\/\/www.welovecycling.com\/sk\/2023\/05\/08\/rozhovor-letape-je-spat-aj-s-profesionalmi\/\">L\u2019Etape<\/a>, si vy\u017eaduje <a href=\"https:\/\/www.welovecycling.com\/sk\/2023\/05\/19\/aky-typ-treningu-sa-hodi-na-letape-vytrvalo-a-efektivne\/\" target=\"_blank\" rel=\"noopener\">nielen poctiv\u00fd tr\u00e9ning<\/a>, ale i\u00a0pr\u00edpravu techniky. Dnes sa s\u00a0kondi\u010dn\u00fdm tr\u00e9nerom Michalom Uli\u010dn\u00fdm porozpr\u00e1vame o\u00a0tom, na \u010do v\u0161etko sa zamera\u0165 pri kontrole materi\u00e1lno-technologick\u00e9ho zabezpe\u010denia.<\/strong><!--more--><\/p>\n<p><b>Z\u00e1kladom cestn\u00e9ho marat\u00f3nu je samozrejme bicykel. \u263a Dobr\u00fd technick\u00fd stav bude ur\u010dite po\u017eiadavkou, na \u010do v\u0161etko sa odpor\u00fa\u010da\u0161 zamera\u0165? Je dobr\u00e9 vybavi\u0165 kompletn\u00fd servis?<br \/>\n<\/b><em><span style=\"font-weight: 400;\">Bicykel v\u00a0dobrom technickom stave je z\u00e1klad. Nikto nem\u00e1 dobr\u00fd pocit z\u00a0jazdy, ak rie\u0161i technick\u00e9 probl\u00e9my. Bicykel je vhodn\u00e9 skontrolova\u0165, \u010di nem\u00e1 praskliny, \u010di je v\u0161etko dotiahnut\u00e9 tak, ako m\u00e1 by\u0165. Brzdy s\u00fa z\u00e1klad pre bezpe\u010dnos\u0165, tak\u017ee ur\u010dite odvzdu\u0161ni\u0165 a\u00a0nastavi\u0165. <\/span><\/em><\/p>\n<p><em><span style=\"font-weight: 400;\">Skontrolova\u0165 radenie, \u010di v\u0161etko funguje a\u00a0popr\u00edpadne ho nastavi\u0165. Ak \u010dlovek nem\u00e1 pretek\u00e1rske koles\u00e1, ktor\u00e9 zvykne jazdi\u0165 pr\u00edle\u017eitostne, tak je dobr\u00e9 vymeni\u0165 pl\u00e1\u0161te, aby ste zn\u00ed\u017eili riziko defektu.<\/span><\/em><\/p>\n<p><b>Po\u010das augusta, kedy n\u00e1s tretia ed\u00edcia t\u00fdchto pretekov \u010dak\u00e1, sa nedaj\u00fa vyl\u00fa\u010di\u0165 b\u00farky ani vytrvalej\u0161\u00ed d\u00e1\u017e\u010f. Ako zmeni\u0165 \u201esetup\u201c bicykla v\u00a0takomto pr\u00edpade?<br \/>\n<\/b><em><span style=\"font-weight: 400;\">Setup na bicykli asi nem\u00e1me mo\u017enos\u0165 tak r\u00fdchlo zmeni\u0165. Ak sa teraz rozhodujete pri k\u00fape bicykla, tak ur\u010dite by som volil kot\u00fa\u010dov\u00e9 brzdy. Oproti klasick\u00fdm pracuj\u00fa omnoho spo\u013eahlivej\u0161ie pr\u00e1ve vtedy, ke\u010f je povrch vozovky mokr\u00fd.<\/span><\/em><\/p>\n<p><a href=\"https:\/\/www.instagram.com\/p\/CqgEpM1hSUB\/\">https:\/\/www.instagram.com\/p\/CqgEpM1hSUB\/<\/a><\/p>\n<p><b>Oplat\u00ed sa rie\u0161i\u0165 nie\u010do na \u0161t\u00fdl bikefittingu? Ani poctiv\u00fd tr\u00e9ning nemus\u00ed sta\u010di\u0165, ak ne\u0161liapeme efekt\u00edvne&#8230;<br \/>\n<\/b><em><span style=\"font-weight: 400;\">\u00c1no, bikefitting je ve\u013emi \u017eiadan\u00fd. Je d\u00f4le\u017eit\u00e9 sedie\u0165 na bicykli spr\u00e1vne. Po\u010das jazdy jazdec vykon\u00e1va mnoho pohybov. Ak tie pohyby nie s\u00fa spr\u00e1vne, tak trp\u00ed pohybov\u00fd apar\u00e1t a\u00a0prich\u00e1dzaj\u00fa zranenia. Druh\u00fdm d\u00f4vodom je aj spom\u00ednane neefekt\u00edvne \u0161liapanie. To znamen\u00e1, \u017ee pohyb nie je \u201eekonomick\u00fd\u201c a\u00a0vy dod\u00e1vate energiu do ped\u00e1lov zbyto\u010dne. Toto vie bikefittning vyrie\u0161i\u0165.<\/span><\/em><\/p>\n<p><b>Wattmeter dok\u00e1\u017ee pom\u00f4c\u0165 nielen pri tr\u00e9ningu ale i\u00a0v\u00a0samotn\u00fdch pretekoch. Stoj\u00ed za to si ho zaobstara\u0165 z\u00a0h\u013eadiska lep\u0161ieho rozlo\u017eenia s\u00edl?<br \/>\n<\/b><em><span style=\"font-weight: 400;\">Ak by to malo sl\u00fa\u017ei\u0165 len na rozlo\u017eenie s\u00edl, tak mysl\u00edm, \u017ee bohato posta\u010d\u00ed \u00fadaj srdcovej frekvencie. Wattmeter je zariadenie, ktor\u00e9 je d\u00f4le\u017eit\u00e9 hlavne v\u00a0tr\u00e9ningu. Pomocou \u00fadajov z\u00a0neho vieme vyhodnoti\u0165, \u010di m\u00e1me v\u00a0tr\u00e9ningu progres, \u010di nestagnujeme. <\/span><\/em><\/p>\n<p><em><span style=\"font-weight: 400;\">Wattmeter n\u00e1m pom\u00e1ha ur\u010di\u0165 tr\u00e9ningov\u00e9 za\u0165a\u017eenie presne na mieru jazdca a\u00a0samozrejme viete si pod\u013ea neho sledova\u0165 rozlo\u017eenie s\u00edl. Ak to s\u00a0cyklistikou mysl\u00edte v\u00e1\u017enej\u0161ie, tak wattmeter ur\u010dite \u00e1no, ak sa pl\u00e1nujete cez v\u00edkend povozi\u0165, tak riadil by som sa viac srdcom \u2013 pulzom.<\/span><\/em><\/p>\n<p><b>Presu\u0148me sa k\u00a0in\u00fdm k\u00faskom v\u00fdbavy. Vo\u013eba oble\u010denia z\u00e1vis\u00ed ur\u010dite najm\u00e4 od po\u010dasia, no ak\u00e9 k\u00fasky v\u00fdbavy by jednozna\u010dne nemali zosta\u0165 doma?<br \/>\n<\/b><em><span style=\"font-weight: 400;\">Ke\u010f\u017ee s\u00fa to preteky, tak je dopredu jasn\u00e9, \u017ee sa p\u00f4jde vy\u0161\u0161ie tempo ako na be\u017enom tr\u00e9ningu. Oble\u010denie, \u010di u\u017e dres\/nohavice, by malo by\u0165 funk\u010dn\u00e9 a\u00a0pohodln\u00e9 z\u00e1rove\u0148. Mali by by\u0165 \u010do najviac priliehav\u00e9 na tele, aby ste zbyto\u010dne nemali \u017eiaden odpor.<\/span><\/em><\/p>\n<p><a href=\"https:\/\/www.instagram.com\/p\/CrYts3ZqW8c\/\">https:\/\/www.instagram.com\/p\/CrYts3ZqW8c\/<\/a><\/p>\n<p><b>Bude na trati v\u00a0pr\u00edpade technick\u00fdch probl\u00e9mov nie\u010do na \u0161t\u00fdl servisn\u00e9ho vozidla tak, ako to vid\u00edme v\u00a0profipelot\u00f3ne?<br \/>\n<\/b><em>\u00c1<span style=\"font-weight: 400;\">no, k\u00a0dispoz\u00edcii bude Shimano vozidlo, ktor\u00e9 v\u00e1m vie pom\u00f4c\u0165. Bude to presne to ist\u00e9 vozidlo, ktor\u00e9 vid\u00edte v\u00a0profi pelot\u00f3ne. \u263a<\/span><\/em><\/p>\n<p><span style=\"font-weight: 400;\">Hoci starostlivos\u0165 o\u00a0bicykel patr\u00ed medzi odvr\u00e1ten\u00e9 str\u00e1nky jazdenia, je nevyhnutn\u00e1. A\u00a0ke\u010f u\u017e je pripraven\u00fd, treba na \u0148om jazdi\u0165 bezpe\u010dne a\u00a0oh\u013eaduplne \u2013 ale o\u00a0tom u\u017e nabud\u00face.<\/span><\/p>\n","protected":false},"excerpt":{"rendered":"<p>Cestn\u00fd marat\u00f3n, ak\u00fdm je aj L\u2019Etape, si vy\u017eaduje nielen poctiv\u00fd tr\u00e9ning, ale i\u00a0pr\u00edpravu techniky. Dnes sa s\u00a0kondi\u010dn\u00fdm tr\u00e9nerom Michalom Uli\u010dn\u00fdm [&hellip;]<\/p>\n","protected":false},"author":172,"featured_media":17832,"comment_status":"open","ping_status":"open","sticky":false,"template":"","format":"standard","meta":{"footnotes":""},"categories":[191],"tags":[559,1381,115,487,1307,961,905,1351,767,223,179,190,1557,906,55],"global-categories":[1074],"class_list":["post-17813","post","type-post","status-publish","format-standard","has-post-thumbnail","hentry","category-odporucame","tag-bicykel","tag-bikefitting","tag-cestna-cyklistika","tag-cestny-bicykel","tag-domaci-trening","tag-etapa","tag-kontrola","tag-letape-slovakia","tag-motivacia","tag-nastavenie-bicykla","tag-preteky","tag-priprava","tag-sezona-2023","tag-technicky-stav","tag-trening","global-categories-cycling"],"yoast_head":"<!-- This site is optimized with the Yoast SEO Premium plugin v25.3 (Yoast SEO v25.9) - https:\/\/yoast.com\/wordpress\/plugins\/seo\/ -->\n<title>Technick\u00e1 pr\u00edprava na L&#039;Etape - nie je to len o bicykli<\/title>\n<meta name=\"description\" content=\"Dnes sa s\u00a0Michalom Uli\u010dn\u00fdm porozpr\u00e1vame o\u00a0tom, na \u010do v\u0161etko sa zamera\u0165 pri kontrole materi\u00e1lno-technologick\u00e9ho zabezpe\u010denia.\" \/>\n<meta name=\"robots\" content=\"index, follow, max-snippet:-1, max-image-preview:large, max-video-preview:-1\" \/>\n<link rel=\"canonical\" href=\"https:\/\/www.welovecycling.com\/sk\/2023\/07\/03\/technicka-priprava-na-letape-nie-je-to-len-o-bicykli\/\" \/>\n<meta property=\"og:locale\" content=\"sk_SK\" \/>\n<meta property=\"og:type\" content=\"article\" \/>\n<meta property=\"og:title\" content=\"Technick\u00e1 pr\u00edprava na L&#039;Etape - nie je to len o bicykli\" \/>\n<meta property=\"og:description\" content=\"Dnes sa s\u00a0Michalom Uli\u010dn\u00fdm porozpr\u00e1vame o\u00a0tom, na \u010do v\u0161etko sa zamera\u0165 pri kontrole materi\u00e1lno-technologick\u00e9ho zabezpe\u010denia.\" \/>\n<meta property=\"og:url\" content=\"https:\/\/www.welovecycling.com\/sk\/2023\/07\/03\/technicka-priprava-na-letape-nie-je-to-len-o-bicykli\/\" \/>\n<meta property=\"og:site_name\" content=\"\u0160koda We Love Cycling Slovensko\" \/>\n<meta property=\"article:published_time\" content=\"2023-07-03T07:43:01+00:00\" \/>\n<meta property=\"og:image\" content=\"https:\/\/d2p6e6u75xmxt8.cloudfront.net\/4\/2023\/07\/Letape_Slovakia_2022_133.webp\" \/>\n\t<meta property=\"og:image:width\" content=\"990\" \/>\n\t<meta property=\"og:image:height\" content=\"660\" \/>\n\t<meta property=\"og:image:type\" content=\"image\/webp\" \/>\n<meta name=\"author\" content=\"dominika\" \/>\n<meta name=\"twitter:card\" content=\"summary_large_image\" \/>\n<meta name=\"twitter:label1\" content=\"Written by\" \/>\n\t<meta name=\"twitter:data1\" content=\"We Love Cycling\" \/>\n\t<meta name=\"twitter:label2\" content=\"Est. reading time\" \/>\n\t<meta name=\"twitter:data2\" content=\"2\" \/>\n<script type=\"application\/ld+json\" class=\"yoast-schema-graph\">{\"@context\":\"https:\/\/schema.org\",\"@graph\":[{\"@type\":\"WebPage\",\"@id\":\"https:\/\/www.welovecycling.com\/sk\/2023\/07\/03\/technicka-priprava-na-letape-nie-je-to-len-o-bicykli\/\",\"url\":\"https:\/\/www.welovecycling.com\/sk\/2023\/07\/03\/technicka-priprava-na-letape-nie-je-to-len-o-bicykli\/\",\"name\":\"Technick\u00e1 pr\u00edprava na L'Etape - nie je to len o bicykli\",\"isPartOf\":{\"@id\":\"https:\/\/www.welovecycling.com\/sk\/#website\"},\"primaryImageOfPage\":{\"@id\":\"https:\/\/www.welovecycling.com\/sk\/2023\/07\/03\/technicka-priprava-na-letape-nie-je-to-len-o-bicykli\/#primaryimage\"},\"image\":{\"@id\":\"https:\/\/www.welovecycling.com\/sk\/2023\/07\/03\/technicka-priprava-na-letape-nie-je-to-len-o-bicykli\/#primaryimage\"},\"thumbnailUrl\":\"https:\/\/d2p6e6u75xmxt8.cloudfront.net\/4\/2023\/07\/Letape_Slovakia_2022_133.webp\",\"datePublished\":\"2023-07-03T07:43:01+00:00\",\"author\":{\"@id\":\"https:\/\/www.welovecycling.com\/sk\/#\/schema\/person\/533b62b98b6c41bd5135ebfb1f742624\"},\"description\":\"Dnes sa s\u00a0Michalom Uli\u010dn\u00fdm porozpr\u00e1vame o\u00a0tom, na \u010do v\u0161etko sa zamera\u0165 pri kontrole materi\u00e1lno-technologick\u00e9ho zabezpe\u010denia.\",\"breadcrumb\":{\"@id\":\"https:\/\/www.welovecycling.com\/sk\/2023\/07\/03\/technicka-priprava-na-letape-nie-je-to-len-o-bicykli\/#breadcrumb\"},\"inLanguage\":\"sk-SK\",\"potentialAction\":[{\"@type\":\"ReadAction\",\"target\":[\"https:\/\/www.welovecycling.com\/sk\/2023\/07\/03\/technicka-priprava-na-letape-nie-je-to-len-o-bicykli\/\"]}]},{\"@type\":\"ImageObject\",\"inLanguage\":\"sk-SK\",\"@id\":\"https:\/\/www.welovecycling.com\/sk\/2023\/07\/03\/technicka-priprava-na-letape-nie-je-to-len-o-bicykli\/#primaryimage\",\"url\":\"https:\/\/d2p6e6u75xmxt8.cloudfront.net\/4\/2023\/07\/Letape_Slovakia_2022_133.webp\",\"contentUrl\":\"https:\/\/d2p6e6u75xmxt8.cloudfront.net\/4\/2023\/07\/Letape_Slovakia_2022_133.webp\",\"width\":990,\"height\":660},{\"@type\":\"BreadcrumbList\",\"@id\":\"https:\/\/www.welovecycling.com\/sk\/2023\/07\/03\/technicka-priprava-na-letape-nie-je-to-len-o-bicykli\/#breadcrumb\",\"itemListElement\":[{\"@type\":\"ListItem\",\"position\":1,\"name\":\"Home\",\"item\":\"https:\/\/www.welovecycling.com\/sk\/\"},{\"@type\":\"ListItem\",\"position\":2,\"name\":\"Technick\u00e1 pr\u00edprava na L&#8217;Etape &#8211; nie je to len o bicykli\"}]},{\"@type\":\"WebSite\",\"@id\":\"https:\/\/www.welovecycling.com\/sk\/#website\",\"url\":\"https:\/\/www.welovecycling.com\/sk\/\",\"name\":\"\u0160koda We Love Cycling Slovensko\",\"description\":\"\u0160koda We Love Cycling Slovensko je v\u00e1\u0161 ka\u017edodenn\u00fd zdroj noviniek a in\u0161pir\u00e1cie z sveta cyklistiky\",\"potentialAction\":[{\"@type\":\"SearchAction\",\"target\":{\"@type\":\"EntryPoint\",\"urlTemplate\":\"https:\/\/www.welovecycling.com\/sk\/?s={search_term_string}\"},\"query-input\":{\"@type\":\"PropertyValueSpecification\",\"valueRequired\":true,\"valueName\":\"search_term_string\"}}],\"inLanguage\":\"sk-SK\"},{\"@type\":\"Person\",\"@id\":\"https:\/\/www.welovecycling.com\/sk\/#\/schema\/person\/533b62b98b6c41bd5135ebfb1f742624\",\"name\":\"dominika\",\"image\":{\"@type\":\"ImageObject\",\"inLanguage\":\"sk-SK\",\"@id\":\"https:\/\/www.welovecycling.com\/sk\/#\/schema\/person\/image\/\",\"url\":\"https:\/\/secure.gravatar.com\/avatar\/ded6f274ba2ec3e17fff153f7d9d96a4b33c2cb63907f75d9a5309c599a7f3e6?s=96&d=mm&r=g\",\"contentUrl\":\"https:\/\/secure.gravatar.com\/avatar\/ded6f274ba2ec3e17fff153f7d9d96a4b33c2cb63907f75d9a5309c599a7f3e6?s=96&d=mm&r=g\",\"caption\":\"dominika\"},\"url\":\"https:\/\/www.welovecycling.com\/sk\/author\/dominika\/\"}]}<\/script>\n<!-- \/ Yoast SEO Premium plugin. -->","yoast_head_json":{"title":"Technick\u00e1 pr\u00edprava na L'Etape - nie je to len o bicykli","description":"Dnes sa s\u00a0Michalom Uli\u010dn\u00fdm porozpr\u00e1vame o\u00a0tom, na \u010do v\u0161etko sa zamera\u0165 pri kontrole materi\u00e1lno-technologick\u00e9ho zabezpe\u010denia.","robots":{"index":"index","follow":"follow","max-snippet":"max-snippet:-1","max-image-preview":"max-image-preview:large","max-video-preview":"max-video-preview:-1"},"canonical":"https:\/\/www.welovecycling.com\/sk\/2023\/07\/03\/technicka-priprava-na-letape-nie-je-to-len-o-bicykli\/","og_locale":"sk_SK","og_type":"article","og_title":"Technick\u00e1 pr\u00edprava na L'Etape - nie je to len o bicykli","og_description":"Dnes sa s\u00a0Michalom Uli\u010dn\u00fdm porozpr\u00e1vame o\u00a0tom, na \u010do v\u0161etko sa zamera\u0165 pri kontrole materi\u00e1lno-technologick\u00e9ho zabezpe\u010denia.","og_url":"https:\/\/www.welovecycling.com\/sk\/2023\/07\/03\/technicka-priprava-na-letape-nie-je-to-len-o-bicykli\/","og_site_name":"\u0160koda We Love Cycling Slovensko","article_published_time":"2023-07-03T07:43:01+00:00","og_image":[{"width":990,"height":660,"url":"https:\/\/d2p6e6u75xmxt8.cloudfront.net\/4\/2023\/07\/Letape_Slovakia_2022_133.webp","type":"image\/webp"}],"author":"dominika","twitter_card":"summary_large_image","twitter_misc":{"Written by":"We Love Cycling","Est. reading time":"2"},"schema":{"@context":"https:\/\/schema.org","@graph":[{"@type":"WebPage","@id":"https:\/\/www.welovecycling.com\/sk\/2023\/07\/03\/technicka-priprava-na-letape-nie-je-to-len-o-bicykli\/","url":"https:\/\/www.welovecycling.com\/sk\/2023\/07\/03\/technicka-priprava-na-letape-nie-je-to-len-o-bicykli\/","name":"Technick\u00e1 pr\u00edprava na L'Etape - nie je to len o bicykli","isPartOf":{"@id":"https:\/\/www.welovecycling.com\/sk\/#website"},"primaryImageOfPage":{"@id":"https:\/\/www.welovecycling.com\/sk\/2023\/07\/03\/technicka-priprava-na-letape-nie-je-to-len-o-bicykli\/#primaryimage"},"image":{"@id":"https:\/\/www.welovecycling.com\/sk\/2023\/07\/03\/technicka-priprava-na-letape-nie-je-to-len-o-bicykli\/#primaryimage"},"thumbnailUrl":"https:\/\/d2p6e6u75xmxt8.cloudfront.net\/4\/2023\/07\/Letape_Slovakia_2022_133.webp","datePublished":"2023-07-03T07:43:01+00:00","author":{"@id":"https:\/\/www.welovecycling.com\/sk\/#\/schema\/person\/533b62b98b6c41bd5135ebfb1f742624"},"description":"Dnes sa s\u00a0Michalom Uli\u010dn\u00fdm porozpr\u00e1vame o\u00a0tom, na \u010do v\u0161etko sa zamera\u0165 pri kontrole materi\u00e1lno-technologick\u00e9ho zabezpe\u010denia.","breadcrumb":{"@id":"https:\/\/www.welovecycling.com\/sk\/2023\/07\/03\/technicka-priprava-na-letape-nie-je-to-len-o-bicykli\/#breadcrumb"},"inLanguage":"sk-SK","potentialAction":[{"@type":"ReadAction","target":["https:\/\/www.welovecycling.com\/sk\/2023\/07\/03\/technicka-priprava-na-letape-nie-je-to-len-o-bicykli\/"]}]},{"@type":"ImageObject","inLanguage":"sk-SK","@id":"https:\/\/www.welovecycling.com\/sk\/2023\/07\/03\/technicka-priprava-na-letape-nie-je-to-len-o-bicykli\/#primaryimage","url":"https:\/\/d2p6e6u75xmxt8.cloudfront.net\/4\/2023\/07\/Letape_Slovakia_2022_133.webp","contentUrl":"https:\/\/d2p6e6u75xmxt8.cloudfront.net\/4\/2023\/07\/Letape_Slovakia_2022_133.webp","width":990,"height":660},{"@type":"BreadcrumbList","@id":"https:\/\/www.welovecycling.com\/sk\/2023\/07\/03\/technicka-priprava-na-letape-nie-je-to-len-o-bicykli\/#breadcrumb","itemListElement":[{"@type":"ListItem","position":1,"name":"Home","item":"https:\/\/www.welovecycling.com\/sk\/"},{"@type":"ListItem","position":2,"name":"Technick\u00e1 pr\u00edprava na L&#8217;Etape &#8211; nie je to len o bicykli"}]},{"@type":"WebSite","@id":"https:\/\/www.welovecycling.com\/sk\/#website","url":"https:\/\/www.welovecycling.com\/sk\/","name":"\u0160koda We Love Cycling Slovensko","description":"\u0160koda We Love Cycling Slovensko je v\u00e1\u0161 ka\u017edodenn\u00fd zdroj noviniek a in\u0161pir\u00e1cie z sveta cyklistiky","potentialAction":[{"@type":"SearchAction","target":{"@type":"EntryPoint","urlTemplate":"https:\/\/www.welovecycling.com\/sk\/?s={search_term_string}"},"query-input":{"@type":"PropertyValueSpecification","valueRequired":true,"valueName":"search_term_string"}}],"inLanguage":"sk-SK"},{"@type":"Person","@id":"https:\/\/www.welovecycling.com\/sk\/#\/schema\/person\/533b62b98b6c41bd5135ebfb1f742624","name":"dominika","image":{"@type":"ImageObject","inLanguage":"sk-SK","@id":"https:\/\/www.welovecycling.com\/sk\/#\/schema\/person\/image\/","url":"https:\/\/secure.gravatar.com\/avatar\/ded6f274ba2ec3e17fff153f7d9d96a4b33c2cb63907f75d9a5309c599a7f3e6?s=96&d=mm&r=g","contentUrl":"https:\/\/secure.gravatar.com\/avatar\/ded6f274ba2ec3e17fff153f7d9d96a4b33c2cb63907f75d9a5309c599a7f3e6?s=96&d=mm&r=g","caption":"dominika"},"url":"https:\/\/www.welovecycling.com\/sk\/author\/dominika\/"}]}},"_links":{"self":[{"href":"https:\/\/www.welovecycling.com\/sk\/wp-json\/wp\/v2\/posts\/17813","targetHints":{"allow":["GET"]}}],"collection":[{"href":"https:\/\/www.welovecycling.com\/sk\/wp-json\/wp\/v2\/posts"}],"about":[{"href":"https:\/\/www.welovecycling.com\/sk\/wp-json\/wp\/v2\/types\/post"}],"author":[{"embeddable":true,"href":"https:\/\/www.welovecycling.com\/sk\/wp-json\/wp\/v2\/users\/172"}],"replies":[{"embeddable":true,"href":"https:\/\/www.welovecycling.com\/sk\/wp-json\/wp\/v2\/comments?post=17813"}],"version-history":[{"count":5,"href":"https:\/\/www.welovecycling.com\/sk\/wp-json\/wp\/v2\/posts\/17813\/revisions"}],"predecessor-version":[{"id":17830,"href":"https:\/\/www.welovecycling.com\/sk\/wp-json\/wp\/v2\/posts\/17813\/revisions\/17830"}],"wp:featuredmedia":[{"embeddable":true,"href":"https:\/\/www.welovecycling.com\/sk\/wp-json\/wp\/v2\/media\/17832"}],"wp:attachment":[{"href":"https:\/\/www.welovecycling.com\/sk\/wp-json\/wp\/v2\/media?parent=17813"}],"wp:term":[{"taxonomy":"category","embeddable":true,"href":"https:\/\/www.welovecycling.com\/sk\/wp-json\/wp\/v2\/categories?post=17813"},{"taxonomy":"post_tag","embeddable":true,"href":"https:\/\/www.welovecycling.com\/sk\/wp-json\/wp\/v2\/tags?post=17813"},{"taxonomy":"global-categories","embeddable":true,"href":"https:\/\/www.welovecycling.com\/sk\/wp-json\/wp\/v2\/global-categories?post=17813"}],"curies":[{"name":"wp","href":"https:\/\/api.w.org\/{rel}","templated":true}]}}