{"id":17807,"date":"2023-06-30T16:00:23","date_gmt":"2023-06-30T14:00:23","guid":{"rendered":"https:\/\/www.welovecycling.com\/sk\/?p=17807"},"modified":"2023-06-30T16:01:26","modified_gmt":"2023-06-30T14:01:26","slug":"tour-de-france-2023-nabity-rost-aj-sutaz","status":"publish","type":"post","link":"https:\/\/www.welovecycling.com\/sk\/2023\/06\/30\/tour-de-france-2023-nabity-rost-aj-sutaz\/","title":{"rendered":"Tour de France 2023 &#8211; nabit\u00fd ro\u0161t aj s\u00fa\u0165a\u017e"},"content":{"rendered":"<p><strong>Bl\u00ed\u017ei sa najv\u00e4\u010d\u0161\u00ed cyklistick\u00fd sviatok roka, ktor\u00fd ka\u017edoro\u010dne pritiahne k\u00a0obrazovk\u00e1m mili\u00f3ny div\u00e1kov. Na WLC v\u0161ak nezostaneme len pri tom.<\/strong><!--more--><\/p>\n<p><span style=\"font-weight: 400;\"><strong>21 s\u00fa\u0165a\u017en\u00fdch dn\u00ed, 22 t\u00edmov, 176 cyklistov, 3405 kilometrov, 57\u00a0378 nast\u00fapan\u00fdch metrov.<\/strong> Legendy, \u010di u\u017e v\u00a0podobe s\u00faperov, kopcov, hos\u0165ovsk\u00fdch miest. No najm\u00e4 mno\u017estvo ot\u00e1zok \u2013 zopakuje Jonas Vingegaard svoj minuloro\u010dn\u00fd triumf? Pom\u00f4\u017ee Poga\u010darovi t\u00edm nabit\u00fd hviezdami?<\/span><\/p>\n<h2><b>Tri t\u00fd\u017edne pln\u00e9 akcie<\/b><\/h2>\n<p><span style=\"font-weight: 400;\">Grand D\u00e9part sa toho roku uskuto\u010dn\u00ed v\u00a0baskickom Bilbau a \u201eodp\u00e1li\u201c tri t\u00fd\u017edne, po\u010das ktor\u00fdch sa o\u00a0prest\u00ed\u017e pobij\u00fa nielen Tadej Poga\u010dar s\u00a0Jonasom Vingegaardom, no i\u00a0David Gaudu, Jai Hindley, Ben O\u2019Connor, \u010di Romain Bardet. Po \u00favodn\u00fdch, viac menej \u0161print\u00e9rskych d\u0148och, sa im do cesty postavia zvu\u010dn\u00e9 men\u00e1, ako legend\u00e1rny Col du Tourmalet, Grand Colombier, sopka Puy de D\u00f4me, ale aj takmer 30-kilometrov\u00e9 st\u00fapanie do ly\u017eiarskeho strediska Courchevel. <strong>Bitka bude strhuj\u00faca a\u00a0hoci s\u00fa v\u0161etky o\u010di upret\u00e9 na dvoch najv\u00e4\u010d\u0161\u00edch rivalov, netreba zabudn\u00fa\u0165 ani na mno\u017estvo in\u00fdch pr\u00edbehov.<\/strong><\/span><\/p>\n<p><a href=\"https:\/\/www.instagram.com\/p\/CkNsr6xobqX\/\">https:\/\/www.instagram.com\/p\/CkNsr6xobqX\/<\/a><\/p>\n<h2><b>Mlad\u00e9 pu\u0161ky i \u201eposledn\u00e9 zbohom\u201c<\/b><\/h2>\n<p><span style=\"font-weight: 400;\">V\u00a0poslednej dobe je u\u017e takmer pravidlom, \u017ee sa v\u00a0celkovom porad\u00ed za\u010d\u00ednaj\u00fa pres\u00e1dza\u0165 mlad\u00ed jazdci. Za\u010dalo to <strong>Eganom Bernalom<\/strong>, pokra\u010dovalo <strong>Tadejom Poga\u010darom<\/strong> a\u00a0skon\u010dilo to pri <strong>Jonasovi Vingegaardovi<\/strong>. Nov\u00e1 gener\u00e1cia so sebou prin\u00e1\u0161a skvel\u00fdch zjazd\u00e1rov, ak\u00fdm je napr\u00edklad <strong>Tom Pidcock<\/strong>; ambici\u00f3zneho <strong>Mattiasa Skjelmoseho<\/strong>, ktor\u00fd je \u010derstv\u00fdm majstrom D\u00e1nska, v\u00ed\u0165azom s\u00fa\u0165a\u017ee do 25 rokov na Okolo \u0160vaj\u010diarska i\u00a0vych\u00e1dzaj\u00face \u0161print\u00e9rske hviezdy, <strong>Jaspera Philipsena<\/strong> a\u00a0<strong>Biniama Girmaya<\/strong>.<\/span><\/p>\n<p><span style=\"font-weight: 400;\">Z\u00e1rove\u0148 to bude posledn\u00e1 Star\u00e1 d\u00e1ma pre <strong>Marka Cavendisha<\/strong>, dom\u00e1ceho <strong>Thibauta Pinota<\/strong>, no najm\u00e4 n\u00e1\u0161ho <strong>Petra Sagana<\/strong>. Ost\u00e1va veri\u0165, \u017ee sa mu pri jeho poslednej \u00fa\u010dasti podar\u00ed \u201eurva\u0165\u201c aspo\u0148 jeden triumf. Ide\u00e1lne na Champs-\u00c9lys\u00e9es.<\/span><\/p>\n<p><img loading=\"lazy\" decoding=\"async\" class=\"alignnone size-full wp-image-17809\" src=\"https:\/\/d2p6e6u75xmxt8.cloudfront.net\/4\/2023\/06\/01-3.webp\" alt=\"\" width=\"990\" height=\"660\" srcset=\"https:\/\/d2p6e6u75xmxt8.cloudfront.net\/4\/2023\/06\/01-3.webp 990w, https:\/\/d2p6e6u75xmxt8.cloudfront.net\/4\/2023\/06\/01-3-300x200.webp 300w, https:\/\/d2p6e6u75xmxt8.cloudfront.net\/4\/2023\/06\/01-3-768x512.webp 768w, https:\/\/d2p6e6u75xmxt8.cloudfront.net\/4\/2023\/06\/01-3-400x267.webp 400w, https:\/\/d2p6e6u75xmxt8.cloudfront.net\/4\/2023\/06\/01-3-272x182.webp 272w\" sizes=\"auto, (max-width: 990px) 100vw, 990px\" \/><\/p>\n<h2><b>Zas\u00fa\u0165a\u017e si a\u00a0za\u017ei Tour na vlastnej ko\u017ei<\/b><\/h2>\n<p><span style=\"font-weight: 400;\">\u0160koda Auto ako hlavn\u00fd partner Tour de France toho roku oslavuje 20. v\u00fdro\u010die tohto spojenia a\u00a0ani my, fan\u00fa\u0161ikovia, neob\u00eddeme nadarmo. K\u00a0prv\u00e9mu d\u0148u Starej d\u00e1my, teda 1. j\u00falu 2023, bude <\/span><a href=\"https:\/\/www.welovecycling.com\/sk\/tour-de-france-2023\/\" target=\"_blank\" rel=\"noopener\"><span style=\"font-weight: 400;\">na str\u00e1nke We Love Cycling<\/span><\/a><span style=\"font-weight: 400;\"> spusten\u00e1 s\u00fa\u0165a\u017e. Odohr\u00e1 sa v\u00a0\u0161tyroch kol\u00e1ch, pri\u010dom u\u017e prv\u00e9 kolo s\u013eubuje atrakt\u00edvne v\u00fdhry. <strong>S\u00fa\u0165a\u017ei\u0165 sa bude o\u00a0p\u00e4ticu origin\u00e1lnych zelen\u00fdch dresov z\u00a0dielne talianskeho Santini a elektrick\u00fd trekingov\u00fd bicykel Superior eXR 6090 BLS Touring.<\/strong> Najv\u00e4\u010d\u0161\u00edm l\u00e1kadlom v\u0161ak bude hlavn\u00e1 cena \u2013 exkluz\u00edvny bal\u00ed\u010dek Le Tour pre dve osoby, ktor\u00fd zah\u0155\u0148a all-inclusive \u00fa\u010das\u0165 vr\u00e1tane preletu helikopt\u00e9rou ponad pelot\u00f3n. Pre viac inform\u00e1ci\u00ed sta\u010d\u00ed sledova\u0165 aktu\u00e1lne inform\u00e1cie na WLC.<\/span><\/p>\n<p><img loading=\"lazy\" decoding=\"async\" class=\"alignnone size-full wp-image-17810\" src=\"https:\/\/d2p6e6u75xmxt8.cloudfront.net\/4\/2023\/06\/02-2.webp\" alt=\"\" width=\"990\" height=\"660\" srcset=\"https:\/\/d2p6e6u75xmxt8.cloudfront.net\/4\/2023\/06\/02-2.webp 990w, https:\/\/d2p6e6u75xmxt8.cloudfront.net\/4\/2023\/06\/02-2-300x200.webp 300w, https:\/\/d2p6e6u75xmxt8.cloudfront.net\/4\/2023\/06\/02-2-768x512.webp 768w, https:\/\/d2p6e6u75xmxt8.cloudfront.net\/4\/2023\/06\/02-2-400x267.webp 400w, https:\/\/d2p6e6u75xmxt8.cloudfront.net\/4\/2023\/06\/02-2-272x182.webp 272w\" sizes=\"auto, (max-width: 990px) 100vw, 990px\" \/><\/p>\n<p><span style=\"font-weight: 400;\">V\u00a0kone\u010dnom d\u00f4sledku n\u00e1s tak \u010dakaj\u00fa tri t\u00fd\u017edne z\u00e1bavy, nielen za obrazovkami telev\u00edzorov a\u00a0po\u010d\u00edta\u010dov. <strong>Nech u\u017e do Par\u00ed\u017ea privezie \u017elt\u00fd dres hocikto, verme, \u017ee to bude o\u00a01. j\u00fala poriadna \u201epod\u00edvan\u00e1\u201c.<\/strong><\/span><\/p>\n","protected":false},"excerpt":{"rendered":"<p>Bl\u00ed\u017ei sa najv\u00e4\u010d\u0161\u00ed cyklistick\u00fd sviatok roka, ktor\u00fd ka\u017edoro\u010dne pritiahne k\u00a0obrazovk\u00e1m mili\u00f3ny div\u00e1kov. Na WLC v\u0161ak nezostaneme len pri tom.<\/p>\n","protected":false},"author":172,"featured_media":17808,"comment_status":"open","ping_status":"open","sticky":false,"template":"","format":"standard","meta":{"footnotes":""},"categories":[191],"tags":[115,1038,533,306,1524,46,179,1557,72,1258,1599,20,1600,880],"global-categories":[1074],"class_list":["post-17807","post","type-post","status-publish","format-standard","has-post-thumbnail","hentry","category-odporucame","tag-cestna-cyklistika","tag-egan-bernal","tag-europa","tag-francuzsko","tag-jonas-vingegaard","tag-peter-sagan","tag-preteky","tag-sezona-2023","tag-sutaz","tag-tadej-pogacar","tag-tom-pidcock","tag-tour-de-france","tag-tour-de-france-2023","tag-welovecycling","global-categories-cycling"],"yoast_head":"<!-- This site is optimized with the Yoast SEO Premium plugin v25.3 (Yoast SEO v25.9) - https:\/\/yoast.com\/wordpress\/plugins\/seo\/ -->\n<title>Tour de France 2023 - nabit\u00fd ro\u0161t aj s\u00fa\u0165a\u017e<\/title>\n<meta name=\"description\" content=\"Bl\u00ed\u017ei sa najv\u00e4\u010d\u0161\u00ed cyklistick\u00fd sviatok roka, ktor\u00fd ka\u017edoro\u010dne pritiahne k\u00a0obrazovk\u00e1m mili\u00f3ny div\u00e1kov. Na WLC v\u0161ak nezostaneme len pri tom.\" \/>\n<meta name=\"robots\" content=\"index, follow, max-snippet:-1, max-image-preview:large, max-video-preview:-1\" \/>\n<link rel=\"canonical\" href=\"https:\/\/www.welovecycling.com\/sk\/2023\/06\/30\/tour-de-france-2023-nabity-rost-aj-sutaz\/\" \/>\n<meta property=\"og:locale\" content=\"sk_SK\" \/>\n<meta property=\"og:type\" content=\"article\" \/>\n<meta property=\"og:title\" content=\"Tour de France 2023 - nabit\u00fd ro\u0161t aj s\u00fa\u0165a\u017e\" \/>\n<meta property=\"og:description\" content=\"Bl\u00ed\u017ei sa najv\u00e4\u010d\u0161\u00ed cyklistick\u00fd sviatok roka, ktor\u00fd ka\u017edoro\u010dne pritiahne k\u00a0obrazovk\u00e1m mili\u00f3ny div\u00e1kov. Na WLC v\u0161ak nezostaneme len pri tom.\" \/>\n<meta property=\"og:url\" content=\"https:\/\/www.welovecycling.com\/sk\/2023\/06\/30\/tour-de-france-2023-nabity-rost-aj-sutaz\/\" \/>\n<meta property=\"og:site_name\" content=\"\u0160koda We Love Cycling Slovensko\" \/>\n<meta property=\"article:published_time\" content=\"2023-06-30T14:00:23+00:00\" \/>\n<meta property=\"article:modified_time\" content=\"2023-06-30T14:01:26+00:00\" \/>\n<meta property=\"og:image\" content=\"https:\/\/d2p6e6u75xmxt8.cloudfront.net\/4\/2023\/06\/Titulka.webp\" \/>\n\t<meta property=\"og:image:width\" content=\"990\" \/>\n\t<meta property=\"og:image:height\" content=\"660\" \/>\n\t<meta property=\"og:image:type\" content=\"image\/webp\" \/>\n<meta name=\"author\" content=\"dominika\" \/>\n<meta name=\"twitter:card\" content=\"summary_large_image\" \/>\n<meta name=\"twitter:label1\" content=\"Written by\" \/>\n\t<meta name=\"twitter:data1\" content=\"We Love Cycling\" \/>\n\t<meta name=\"twitter:label2\" content=\"Est. reading time\" \/>\n\t<meta name=\"twitter:data2\" content=\"2\" \/>\n<script type=\"application\/ld+json\" class=\"yoast-schema-graph\">{\"@context\":\"https:\/\/schema.org\",\"@graph\":[{\"@type\":\"WebPage\",\"@id\":\"https:\/\/www.welovecycling.com\/sk\/2023\/06\/30\/tour-de-france-2023-nabity-rost-aj-sutaz\/\",\"url\":\"https:\/\/www.welovecycling.com\/sk\/2023\/06\/30\/tour-de-france-2023-nabity-rost-aj-sutaz\/\",\"name\":\"Tour de France 2023 - nabit\u00fd ro\u0161t aj s\u00fa\u0165a\u017e\",\"isPartOf\":{\"@id\":\"https:\/\/www.welovecycling.com\/sk\/#website\"},\"primaryImageOfPage\":{\"@id\":\"https:\/\/www.welovecycling.com\/sk\/2023\/06\/30\/tour-de-france-2023-nabity-rost-aj-sutaz\/#primaryimage\"},\"image\":{\"@id\":\"https:\/\/www.welovecycling.com\/sk\/2023\/06\/30\/tour-de-france-2023-nabity-rost-aj-sutaz\/#primaryimage\"},\"thumbnailUrl\":\"https:\/\/d2p6e6u75xmxt8.cloudfront.net\/4\/2023\/06\/Titulka.webp\",\"datePublished\":\"2023-06-30T14:00:23+00:00\",\"dateModified\":\"2023-06-30T14:01:26+00:00\",\"author\":{\"@id\":\"https:\/\/www.welovecycling.com\/sk\/#\/schema\/person\/533b62b98b6c41bd5135ebfb1f742624\"},\"description\":\"Bl\u00ed\u017ei sa najv\u00e4\u010d\u0161\u00ed cyklistick\u00fd sviatok roka, ktor\u00fd ka\u017edoro\u010dne pritiahne k\u00a0obrazovk\u00e1m mili\u00f3ny div\u00e1kov. Na WLC v\u0161ak nezostaneme len pri tom.\",\"breadcrumb\":{\"@id\":\"https:\/\/www.welovecycling.com\/sk\/2023\/06\/30\/tour-de-france-2023-nabity-rost-aj-sutaz\/#breadcrumb\"},\"inLanguage\":\"sk-SK\",\"potentialAction\":[{\"@type\":\"ReadAction\",\"target\":[\"https:\/\/www.welovecycling.com\/sk\/2023\/06\/30\/tour-de-france-2023-nabity-rost-aj-sutaz\/\"]}]},{\"@type\":\"ImageObject\",\"inLanguage\":\"sk-SK\",\"@id\":\"https:\/\/www.welovecycling.com\/sk\/2023\/06\/30\/tour-de-france-2023-nabity-rost-aj-sutaz\/#primaryimage\",\"url\":\"https:\/\/d2p6e6u75xmxt8.cloudfront.net\/4\/2023\/06\/Titulka.webp\",\"contentUrl\":\"https:\/\/d2p6e6u75xmxt8.cloudfront.net\/4\/2023\/06\/Titulka.webp\",\"width\":990,\"height\":660,\"caption\":\"tour de france\"},{\"@type\":\"BreadcrumbList\",\"@id\":\"https:\/\/www.welovecycling.com\/sk\/2023\/06\/30\/tour-de-france-2023-nabity-rost-aj-sutaz\/#breadcrumb\",\"itemListElement\":[{\"@type\":\"ListItem\",\"position\":1,\"name\":\"Home\",\"item\":\"https:\/\/www.welovecycling.com\/sk\/\"},{\"@type\":\"ListItem\",\"position\":2,\"name\":\"Tour de France 2023 &#8211; nabit\u00fd ro\u0161t aj s\u00fa\u0165a\u017e\"}]},{\"@type\":\"WebSite\",\"@id\":\"https:\/\/www.welovecycling.com\/sk\/#website\",\"url\":\"https:\/\/www.welovecycling.com\/sk\/\",\"name\":\"\u0160koda We Love Cycling Slovensko\",\"description\":\"\u0160koda We Love Cycling Slovensko je v\u00e1\u0161 ka\u017edodenn\u00fd zdroj noviniek a in\u0161pir\u00e1cie z sveta cyklistiky\",\"potentialAction\":[{\"@type\":\"SearchAction\",\"target\":{\"@type\":\"EntryPoint\",\"urlTemplate\":\"https:\/\/www.welovecycling.com\/sk\/?s={search_term_string}\"},\"query-input\":{\"@type\":\"PropertyValueSpecification\",\"valueRequired\":true,\"valueName\":\"search_term_string\"}}],\"inLanguage\":\"sk-SK\"},{\"@type\":\"Person\",\"@id\":\"https:\/\/www.welovecycling.com\/sk\/#\/schema\/person\/533b62b98b6c41bd5135ebfb1f742624\",\"name\":\"dominika\",\"image\":{\"@type\":\"ImageObject\",\"inLanguage\":\"sk-SK\",\"@id\":\"https:\/\/www.welovecycling.com\/sk\/#\/schema\/person\/image\/\",\"url\":\"https:\/\/secure.gravatar.com\/avatar\/ded6f274ba2ec3e17fff153f7d9d96a4b33c2cb63907f75d9a5309c599a7f3e6?s=96&d=mm&r=g\",\"contentUrl\":\"https:\/\/secure.gravatar.com\/avatar\/ded6f274ba2ec3e17fff153f7d9d96a4b33c2cb63907f75d9a5309c599a7f3e6?s=96&d=mm&r=g\",\"caption\":\"dominika\"},\"url\":\"https:\/\/www.welovecycling.com\/sk\/author\/dominika\/\"}]}<\/script>\n<!-- \/ Yoast SEO Premium plugin. -->","yoast_head_json":{"title":"Tour de France 2023 - nabit\u00fd ro\u0161t aj s\u00fa\u0165a\u017e","description":"Bl\u00ed\u017ei sa najv\u00e4\u010d\u0161\u00ed cyklistick\u00fd sviatok roka, ktor\u00fd ka\u017edoro\u010dne pritiahne k\u00a0obrazovk\u00e1m mili\u00f3ny div\u00e1kov. Na WLC v\u0161ak nezostaneme len pri tom.","robots":{"index":"index","follow":"follow","max-snippet":"max-snippet:-1","max-image-preview":"max-image-preview:large","max-video-preview":"max-video-preview:-1"},"canonical":"https:\/\/www.welovecycling.com\/sk\/2023\/06\/30\/tour-de-france-2023-nabity-rost-aj-sutaz\/","og_locale":"sk_SK","og_type":"article","og_title":"Tour de France 2023 - nabit\u00fd ro\u0161t aj s\u00fa\u0165a\u017e","og_description":"Bl\u00ed\u017ei sa najv\u00e4\u010d\u0161\u00ed cyklistick\u00fd sviatok roka, ktor\u00fd ka\u017edoro\u010dne pritiahne k\u00a0obrazovk\u00e1m mili\u00f3ny div\u00e1kov. Na WLC v\u0161ak nezostaneme len pri tom.","og_url":"https:\/\/www.welovecycling.com\/sk\/2023\/06\/30\/tour-de-france-2023-nabity-rost-aj-sutaz\/","og_site_name":"\u0160koda We Love Cycling Slovensko","article_published_time":"2023-06-30T14:00:23+00:00","article_modified_time":"2023-06-30T14:01:26+00:00","og_image":[{"width":990,"height":660,"url":"https:\/\/d2p6e6u75xmxt8.cloudfront.net\/4\/2023\/06\/Titulka.webp","type":"image\/webp"}],"author":"dominika","twitter_card":"summary_large_image","twitter_misc":{"Written by":"We Love Cycling","Est. reading time":"2"},"schema":{"@context":"https:\/\/schema.org","@graph":[{"@type":"WebPage","@id":"https:\/\/www.welovecycling.com\/sk\/2023\/06\/30\/tour-de-france-2023-nabity-rost-aj-sutaz\/","url":"https:\/\/www.welovecycling.com\/sk\/2023\/06\/30\/tour-de-france-2023-nabity-rost-aj-sutaz\/","name":"Tour de France 2023 - nabit\u00fd ro\u0161t aj s\u00fa\u0165a\u017e","isPartOf":{"@id":"https:\/\/www.welovecycling.com\/sk\/#website"},"primaryImageOfPage":{"@id":"https:\/\/www.welovecycling.com\/sk\/2023\/06\/30\/tour-de-france-2023-nabity-rost-aj-sutaz\/#primaryimage"},"image":{"@id":"https:\/\/www.welovecycling.com\/sk\/2023\/06\/30\/tour-de-france-2023-nabity-rost-aj-sutaz\/#primaryimage"},"thumbnailUrl":"https:\/\/d2p6e6u75xmxt8.cloudfront.net\/4\/2023\/06\/Titulka.webp","datePublished":"2023-06-30T14:00:23+00:00","dateModified":"2023-06-30T14:01:26+00:00","author":{"@id":"https:\/\/www.welovecycling.com\/sk\/#\/schema\/person\/533b62b98b6c41bd5135ebfb1f742624"},"description":"Bl\u00ed\u017ei sa najv\u00e4\u010d\u0161\u00ed cyklistick\u00fd sviatok roka, ktor\u00fd ka\u017edoro\u010dne pritiahne k\u00a0obrazovk\u00e1m mili\u00f3ny div\u00e1kov. Na WLC v\u0161ak nezostaneme len pri tom.","breadcrumb":{"@id":"https:\/\/www.welovecycling.com\/sk\/2023\/06\/30\/tour-de-france-2023-nabity-rost-aj-sutaz\/#breadcrumb"},"inLanguage":"sk-SK","potentialAction":[{"@type":"ReadAction","target":["https:\/\/www.welovecycling.com\/sk\/2023\/06\/30\/tour-de-france-2023-nabity-rost-aj-sutaz\/"]}]},{"@type":"ImageObject","inLanguage":"sk-SK","@id":"https:\/\/www.welovecycling.com\/sk\/2023\/06\/30\/tour-de-france-2023-nabity-rost-aj-sutaz\/#primaryimage","url":"https:\/\/d2p6e6u75xmxt8.cloudfront.net\/4\/2023\/06\/Titulka.webp","contentUrl":"https:\/\/d2p6e6u75xmxt8.cloudfront.net\/4\/2023\/06\/Titulka.webp","width":990,"height":660,"caption":"tour de france"},{"@type":"BreadcrumbList","@id":"https:\/\/www.welovecycling.com\/sk\/2023\/06\/30\/tour-de-france-2023-nabity-rost-aj-sutaz\/#breadcrumb","itemListElement":[{"@type":"ListItem","position":1,"name":"Home","item":"https:\/\/www.welovecycling.com\/sk\/"},{"@type":"ListItem","position":2,"name":"Tour de France 2023 &#8211; nabit\u00fd ro\u0161t aj s\u00fa\u0165a\u017e"}]},{"@type":"WebSite","@id":"https:\/\/www.welovecycling.com\/sk\/#website","url":"https:\/\/www.welovecycling.com\/sk\/","name":"\u0160koda We Love Cycling Slovensko","description":"\u0160koda We Love Cycling Slovensko je v\u00e1\u0161 ka\u017edodenn\u00fd zdroj noviniek a in\u0161pir\u00e1cie z sveta cyklistiky","potentialAction":[{"@type":"SearchAction","target":{"@type":"EntryPoint","urlTemplate":"https:\/\/www.welovecycling.com\/sk\/?s={search_term_string}"},"query-input":{"@type":"PropertyValueSpecification","valueRequired":true,"valueName":"search_term_string"}}],"inLanguage":"sk-SK"},{"@type":"Person","@id":"https:\/\/www.welovecycling.com\/sk\/#\/schema\/person\/533b62b98b6c41bd5135ebfb1f742624","name":"dominika","image":{"@type":"ImageObject","inLanguage":"sk-SK","@id":"https:\/\/www.welovecycling.com\/sk\/#\/schema\/person\/image\/","url":"https:\/\/secure.gravatar.com\/avatar\/ded6f274ba2ec3e17fff153f7d9d96a4b33c2cb63907f75d9a5309c599a7f3e6?s=96&d=mm&r=g","contentUrl":"https:\/\/secure.gravatar.com\/avatar\/ded6f274ba2ec3e17fff153f7d9d96a4b33c2cb63907f75d9a5309c599a7f3e6?s=96&d=mm&r=g","caption":"dominika"},"url":"https:\/\/www.welovecycling.com\/sk\/author\/dominika\/"}]}},"_links":{"self":[{"href":"https:\/\/www.welovecycling.com\/sk\/wp-json\/wp\/v2\/posts\/17807","targetHints":{"allow":["GET"]}}],"collection":[{"href":"https:\/\/www.welovecycling.com\/sk\/wp-json\/wp\/v2\/posts"}],"about":[{"href":"https:\/\/www.welovecycling.com\/sk\/wp-json\/wp\/v2\/types\/post"}],"author":[{"embeddable":true,"href":"https:\/\/www.welovecycling.com\/sk\/wp-json\/wp\/v2\/users\/172"}],"replies":[{"embeddable":true,"href":"https:\/\/www.welovecycling.com\/sk\/wp-json\/wp\/v2\/comments?post=17807"}],"version-history":[{"count":3,"href":"https:\/\/www.welovecycling.com\/sk\/wp-json\/wp\/v2\/posts\/17807\/revisions"}],"predecessor-version":[{"id":17817,"href":"https:\/\/www.welovecycling.com\/sk\/wp-json\/wp\/v2\/posts\/17807\/revisions\/17817"}],"wp:featuredmedia":[{"embeddable":true,"href":"https:\/\/www.welovecycling.com\/sk\/wp-json\/wp\/v2\/media\/17808"}],"wp:attachment":[{"href":"https:\/\/www.welovecycling.com\/sk\/wp-json\/wp\/v2\/media?parent=17807"}],"wp:term":[{"taxonomy":"category","embeddable":true,"href":"https:\/\/www.welovecycling.com\/sk\/wp-json\/wp\/v2\/categories?post=17807"},{"taxonomy":"post_tag","embeddable":true,"href":"https:\/\/www.welovecycling.com\/sk\/wp-json\/wp\/v2\/tags?post=17807"},{"taxonomy":"global-categories","embeddable":true,"href":"https:\/\/www.welovecycling.com\/sk\/wp-json\/wp\/v2\/global-categories?post=17807"}],"curies":[{"name":"wp","href":"https:\/\/api.w.org\/{rel}","templated":true}]}}