{"id":17775,"date":"2023-06-29T10:42:41","date_gmt":"2023-06-29T08:42:41","guid":{"rendered":"https:\/\/www.welovecycling.com\/sk\/?p=17775"},"modified":"2023-06-29T10:42:41","modified_gmt":"2023-06-29T08:42:41","slug":"reportaz-skoda-mtb-cyklomaraton-topolcianky-2023-ako-sa-stal-z-dobre-rozbehnutych-pretekov-survival","status":"publish","type":"post","link":"https:\/\/www.welovecycling.com\/sk\/2023\/06\/29\/reportaz-skoda-mtb-cyklomaraton-topolcianky-2023-ako-sa-stal-z-dobre-rozbehnutych-pretekov-survival\/","title":{"rendered":"Report\u00e1\u017e: \u0160KODA MTB cyklomarat\u00f3n Topo\u013e\u010dianky 2023 \u2013 ako sa stal z\u00a0dobre rozbehnut\u00fdch pretekov survival\u00a0\u00a0"},"content":{"rendered":"<p><strong>Uplynul\u00fd v\u00edkend som sa postavil na \u0161tart svojho ob\u013e\u00faben\u00e9ho cyklomarat\u00f3nu v Topo\u013e\u010diankach, ktor\u00fd je s\u00fa\u010das\u0165ou \u0160KODA BIKE OPEN TOUR.\u00a0 Ako to na pretekoch vyzeralo, si po\u010fte pre\u010d\u00edta\u0165 v\u00a0mojej report\u00e1\u017ei.<\/strong><!--more--><\/p>\n<p><span style=\"font-weight: 400;\">Za tie roky, \u010do sa tu z\u00fa\u010dast\u0148ujem na pretekoch, mi toto podujatie prir\u00e1stlo k\u00a0srdcu. Mysl\u00edm si, \u017ee svojou kvalitou sa rad\u00ed k\u00a0TOP cyklo podujatiam v\u00a0r\u00e1mci Slovenska, a\u00a0preto sem v\u017edy r\u00e1d zav\u00edtam.<\/span><\/p>\n<h2><b>Dlh\u00e1, \u010di stredn\u00e1? To je ot\u00e1zka<\/b><\/h2>\n<p><span style=\"font-weight: 400;\">Po\u010das t\u00fd\u017ed\u0148a sa intenz\u00edvne\u00a0 rozhodujem, \u010di sa prihl\u00e1sim na dlh\u00fa 66 km tra\u0165 alebo p\u00f4jdem len stredn\u00fa 46 km trasu. Obidva varianty m\u00e1m u\u017e odsk\u00fa\u0161an\u00e9 a\u00a0v\u00a0podstate si neviem vybra\u0165, preto\u017ee jazdenie v\u00a0Tribe\u010dskom pohor\u00ed ma bav\u00ed. <strong>Obidve trasy s\u00fa n\u00e1ro\u010dn\u00e9, r\u00fdchle a bohat\u00e9 na pekn\u00e9 v\u00fdjazdy aj\u00a0r\u00fdchle zjazdy po miestnych \u201esingloch\u201c.<\/strong> Komu by nevyhovovali dlh\u0161ie varianty, tak okrem t\u00fdchto trat\u00ed si je mo\u017en\u00e9 preteka\u0165 e\u0161te na 23 km trati alebo 14 km pre rodiny s\u00a0de\u0165mi (\u0160koda family).\u00a0<\/span><\/p>\n<p><span style=\"font-weight: 400;\">V\u00a0strede t\u00fd\u017ed\u0148a som absolvoval e\u0161te jedny \u0165a\u017ek\u00e9 preteky, po ktor\u00fdch som sa c\u00edtil unaven\u00fd, a\u00a0tak som sa nakoniec rozhodol pre stredn\u00fa 46 km tra\u0165 s\u00a0prev\u00fd\u0161en\u00edm 1 250 m.\u00a0<\/span><\/p>\n<div id='gallery-1' class='gallery galleryid-17775 gallery-columns-2 gallery-size-full'><figure class='gallery-item'>\n\t\t\t<div class='gallery-icon landscape'>\n\t\t\t\t<a href='https:\/\/d2p6e6u75xmxt8.cloudfront.net\/4\/2023\/06\/wlc-9.webp'><img loading=\"lazy\" decoding=\"async\" width=\"990\" height=\"660\" src=\"https:\/\/d2p6e6u75xmxt8.cloudfront.net\/4\/2023\/06\/wlc-9.webp\" class=\"attachment-full size-full\" alt=\"Topo\u013e\u010dianky\" srcset=\"https:\/\/d2p6e6u75xmxt8.cloudfront.net\/4\/2023\/06\/wlc-9.webp 990w, https:\/\/d2p6e6u75xmxt8.cloudfront.net\/4\/2023\/06\/wlc-9-300x200.webp 300w, https:\/\/d2p6e6u75xmxt8.cloudfront.net\/4\/2023\/06\/wlc-9-768x512.webp 768w, https:\/\/d2p6e6u75xmxt8.cloudfront.net\/4\/2023\/06\/wlc-9-400x267.webp 400w, https:\/\/d2p6e6u75xmxt8.cloudfront.net\/4\/2023\/06\/wlc-9-272x182.webp 272w\" sizes=\"auto, (max-width: 990px) 100vw, 990px\" \/><\/a>\n\t\t\t<\/div><\/figure><figure class='gallery-item'>\n\t\t\t<div class='gallery-icon landscape'>\n\t\t\t\t<a href='https:\/\/d2p6e6u75xmxt8.cloudfront.net\/4\/2023\/06\/wlc-12.webp'><img loading=\"lazy\" decoding=\"async\" width=\"990\" height=\"660\" src=\"https:\/\/d2p6e6u75xmxt8.cloudfront.net\/4\/2023\/06\/wlc-12.webp\" class=\"attachment-full size-full\" alt=\"\" srcset=\"https:\/\/d2p6e6u75xmxt8.cloudfront.net\/4\/2023\/06\/wlc-12.webp 990w, https:\/\/d2p6e6u75xmxt8.cloudfront.net\/4\/2023\/06\/wlc-12-300x200.webp 300w, https:\/\/d2p6e6u75xmxt8.cloudfront.net\/4\/2023\/06\/wlc-12-768x512.webp 768w, https:\/\/d2p6e6u75xmxt8.cloudfront.net\/4\/2023\/06\/wlc-12-400x267.webp 400w, https:\/\/d2p6e6u75xmxt8.cloudfront.net\/4\/2023\/06\/wlc-12-272x182.webp 272w\" sizes=\"auto, (max-width: 990px) 100vw, 990px\" \/><\/a>\n\t\t\t<\/div><\/figure>\n\t\t<\/div>\n\n<h2><b>Z\u00e1zemie pretekov a prezent\u00e1cia\u00a0<\/b><\/h2>\n<p><span style=\"font-weight: 400;\">Z\u00e1zemie pretekov sa nach\u00e1dza v\u00a0zauj\u00edmavom prostred\u00ed dostihovej dr\u00e1hy. <strong>Ak ste e\u0161te v\u00a0Topo\u013e\u010diankach neboli, tak do are\u00e1lu sa dostanete ve\u013emi \u013eahko.<\/strong> U\u017e od za\u010diatku obce s\u00fa smerov\u00e9 tabule, ktor\u00e9 v\u00e1s naviguj\u00fa do miesta \u0161tartu. Tu sa nach\u00e1dza staff, ktor\u00ed <\/span><span style=\"font-weight: 400;\">\u201e<\/span><span style=\"font-weight: 400;\">uklad\u00e1\u201d vozidl\u00e1 tak, aby mal ka\u017ed\u00fd kde zaparkova\u0165. Ani raz som pri svojej \u00fa\u010dasti s parkovan\u00edm a n\u00e1sledn\u00fdm odjazdom e\u0161te nikdy nemal probl\u00e9m, a to pri takejto \u201emasovke\u201c oce\u0148ujem.\u00a0<\/span><\/p>\n<p><img loading=\"lazy\" decoding=\"async\" class=\"alignnone size-full wp-image-17779\" src=\"https:\/\/d2p6e6u75xmxt8.cloudfront.net\/4\/2023\/06\/wlc-10.webp\" alt=\"\" width=\"990\" height=\"660\" srcset=\"https:\/\/d2p6e6u75xmxt8.cloudfront.net\/4\/2023\/06\/wlc-10.webp 990w, https:\/\/d2p6e6u75xmxt8.cloudfront.net\/4\/2023\/06\/wlc-10-300x200.webp 300w, https:\/\/d2p6e6u75xmxt8.cloudfront.net\/4\/2023\/06\/wlc-10-768x512.webp 768w, https:\/\/d2p6e6u75xmxt8.cloudfront.net\/4\/2023\/06\/wlc-10-400x267.webp 400w, https:\/\/d2p6e6u75xmxt8.cloudfront.net\/4\/2023\/06\/wlc-10-272x182.webp 272w\" sizes=\"auto, (max-width: 990px) 100vw, 990px\" \/><\/p>\n<p><span style=\"font-weight: 400;\">Prezent\u00e1cia sa nach\u00e1dza nejak\u00e9 3 min. od parkovania.<strong> Znovu vidno vysok\u00fa \u00farove\u0148 pretekov, preto\u017ee aj napriek ve\u013ekej koncentr\u00e1cii \u013eud\u00ed tu v\u00f4bec ne\u010dak\u00e1te.<\/strong> Ja som vyu\u017eil mo\u017enos\u0165 prihl\u00e1senia a platby online, a tak priamo pri prezent\u00e1cii ne\u010dak\u00e1m ani sekundu, beriem \u010d\u00edslo a bohat\u00fd \u0161tartovn\u00fd bal\u00ed\u010dek.\u00a0<\/span><\/p>\n<p><span style=\"font-weight: 400;\">Ak si sem zoberiete rodinu s\u00a0de\u0165mi, tak k\u00fdm vy budete maka\u0165, <strong>va\u0161e ratolesti sa s\u00a0man\u017eelkou m\u00f4\u017eu zabavi\u0165 na bohatom sprievodnom programe, ktor\u00fd t\u00e1to akcia pon\u00faka.<\/strong><\/span><\/p>\n<div id='gallery-2' class='gallery galleryid-17775 gallery-columns-2 gallery-size-full'><figure class='gallery-item'>\n\t\t\t<div class='gallery-icon landscape'>\n\t\t\t\t<a href='https:\/\/d2p6e6u75xmxt8.cloudfront.net\/4\/2023\/06\/wlc-3.webp'><img loading=\"lazy\" decoding=\"async\" width=\"990\" height=\"660\" src=\"https:\/\/d2p6e6u75xmxt8.cloudfront.net\/4\/2023\/06\/wlc-3.webp\" class=\"attachment-full size-full\" alt=\"\" srcset=\"https:\/\/d2p6e6u75xmxt8.cloudfront.net\/4\/2023\/06\/wlc-3.webp 990w, https:\/\/d2p6e6u75xmxt8.cloudfront.net\/4\/2023\/06\/wlc-3-300x200.webp 300w, https:\/\/d2p6e6u75xmxt8.cloudfront.net\/4\/2023\/06\/wlc-3-768x512.webp 768w, https:\/\/d2p6e6u75xmxt8.cloudfront.net\/4\/2023\/06\/wlc-3-400x267.webp 400w, https:\/\/d2p6e6u75xmxt8.cloudfront.net\/4\/2023\/06\/wlc-3-272x182.webp 272w\" sizes=\"auto, (max-width: 990px) 100vw, 990px\" \/><\/a>\n\t\t\t<\/div><\/figure><figure class='gallery-item'>\n\t\t\t<div class='gallery-icon landscape'>\n\t\t\t\t<a href='https:\/\/d2p6e6u75xmxt8.cloudfront.net\/4\/2023\/06\/wlc-7.webp'><img loading=\"lazy\" decoding=\"async\" width=\"990\" height=\"660\" src=\"https:\/\/d2p6e6u75xmxt8.cloudfront.net\/4\/2023\/06\/wlc-7.webp\" class=\"attachment-full size-full\" alt=\"\" srcset=\"https:\/\/d2p6e6u75xmxt8.cloudfront.net\/4\/2023\/06\/wlc-7.webp 990w, https:\/\/d2p6e6u75xmxt8.cloudfront.net\/4\/2023\/06\/wlc-7-300x200.webp 300w, https:\/\/d2p6e6u75xmxt8.cloudfront.net\/4\/2023\/06\/wlc-7-768x512.webp 768w, https:\/\/d2p6e6u75xmxt8.cloudfront.net\/4\/2023\/06\/wlc-7-400x267.webp 400w, https:\/\/d2p6e6u75xmxt8.cloudfront.net\/4\/2023\/06\/wlc-7-272x182.webp 272w\" sizes=\"auto, (max-width: 990px) 100vw, 990px\" \/><\/a>\n\t\t\t<\/div><\/figure>\n\t\t<\/div>\n\n<h2><b>Pr\u00edprava na \u0161tart<\/b><\/h2>\n<p><span style=\"font-weight: 400;\">Pomaly sa pripravujem na \u0161tart pretekov, pri\u010dom sa rozjaz\u010fujem po okol\u00ed, kde stret\u00e1vam aj kamar\u00e1tov. Na\u0161a trasa \u0161tartovala o 11.00 h, a tak som si pozrel e\u0161te skor\u0161\u00ed \u0161tart pretek\u00e1rov na dlh\u00fa trasu. <strong>Ke\u010f\u017ee som dostal na \u010d\u00edslo n\u00e1lepku, ktor\u00e1 je vstupenkou do VIP koridoru, tak v priestore \u0161tartu nemus\u00edm stresova\u0165 polhodinu pred za\u010diatkom pretekov<\/strong> a m\u00f4\u017eem sa viac s\u00fastredi\u0165 na rozohriatie a pr\u00edpravu na preteky.\u00a0<\/span><\/p>\n<p><img loading=\"lazy\" decoding=\"async\" class=\"alignnone size-full wp-image-17782\" src=\"https:\/\/d2p6e6u75xmxt8.cloudfront.net\/4\/2023\/06\/wlc-8.webp\" alt=\"\" width=\"990\" height=\"660\" srcset=\"https:\/\/d2p6e6u75xmxt8.cloudfront.net\/4\/2023\/06\/wlc-8.webp 990w, https:\/\/d2p6e6u75xmxt8.cloudfront.net\/4\/2023\/06\/wlc-8-300x200.webp 300w, https:\/\/d2p6e6u75xmxt8.cloudfront.net\/4\/2023\/06\/wlc-8-768x512.webp 768w, https:\/\/d2p6e6u75xmxt8.cloudfront.net\/4\/2023\/06\/wlc-8-400x267.webp 400w, https:\/\/d2p6e6u75xmxt8.cloudfront.net\/4\/2023\/06\/wlc-8-272x182.webp 272w\" sizes=\"auto, (max-width: 990px) 100vw, 990px\" \/><\/p>\n<h2><b>Dostihy na hrad Hru\u0161ov\u00a0<\/b><\/h2>\n<p><span style=\"font-weight: 400;\">Pomaly sa schy\u013euje k\u00a0\u0161tartu a\u00a0ja sa rad\u00edm rovno do prvej \u201elajny\u201c. <strong>Na 47 km trase je d\u00f4le\u017eit\u00e1 dobr\u00e1 poz\u00edcia hne\u010f z\u00a0\u00favodu, preto\u017ee pri poh\u013eade za seba na koniec \u0161tartovn\u00e9ho po\u013ea ani nedovid\u00edm.<\/strong> Ke\u010f sa pozriem ved\u013ea seba, vid\u00edm \u201emlad\u00fdch sr\u0161\u0148ov\u201c a\u00a0hne\u010f viem, \u017ee na 1. vrch\u00e1rsku pr\u00e9miu, ktor\u00e1 sa nach\u00e1dza cca na 8. km, to bud\u00fa poriadne <\/span><span style=\"font-weight: 400;\">\u201e<\/span><span style=\"font-weight: 400;\">pa\u013eby\u201d.<\/span><\/p>\n<p><b>3, 2, 1, \u0161tart<\/b><span style=\"font-weight: 400;\">\u2026 nasleduje uv\u00e1dzacie kolo za sprievodn\u00fdm vozidlom okolo \u017ereb\u010d\u00edna, n\u00e1sledne vstupujeme do ter\u00e9nu a\u00a0za\u010d\u00edna sa preteka\u0165. V\u00a0\u00favode sa kombinuje asfaltov\u00e1 cesta, z\u00a0ktorej sa n\u00e1sledne vhupne do prv\u00e9ho singla a\u00a0sp\u00e4\u0165 na asfaltku.<\/span><\/p>\n<p><span style=\"font-weight: 400;\"><strong>Dr\u017e\u00edm si zhruba 10. poz\u00edciu a\u00a0pri poh\u013eade za seba vid\u00edm, \u017ee hne\u010f za\u010d\u00edna selekcia.<\/strong> Po odbo\u010den\u00ed z\u00a0asfaltovej cesty u\u017e st\u00fapame na hrad Hru\u0161ov. V\u00a0tomto strmom singly pokra\u010duje \u010fal\u0161ia postupn\u00e1 selekcia a\u00a0odch\u00e1dzame asi 12-\u010dlenn\u00e1 skupina, pri\u010dom horsk\u00fa pr\u00e9miu prech\u00e1dzam na 10. mieste celkovo. \u00a0 \u00a0 <\/span><b>\u00a0\u00a0<\/b><\/p>\n<p><img loading=\"lazy\" decoding=\"async\" class=\"alignnone size-full wp-image-17783\" src=\"https:\/\/d2p6e6u75xmxt8.cloudfront.net\/4\/2023\/06\/foto1.webp\" alt=\"\" width=\"990\" height=\"660\" srcset=\"https:\/\/d2p6e6u75xmxt8.cloudfront.net\/4\/2023\/06\/foto1.webp 990w, https:\/\/d2p6e6u75xmxt8.cloudfront.net\/4\/2023\/06\/foto1-300x200.webp 300w, https:\/\/d2p6e6u75xmxt8.cloudfront.net\/4\/2023\/06\/foto1-768x512.webp 768w, https:\/\/d2p6e6u75xmxt8.cloudfront.net\/4\/2023\/06\/foto1-400x267.webp 400w, https:\/\/d2p6e6u75xmxt8.cloudfront.net\/4\/2023\/06\/foto1-272x182.webp 272w\" sizes=\"auto, (max-width: 990px) 100vw, 990px\" \/><\/p>\n<h2><b>Z\u00a0dobre rozbehnut\u00fdch pretekov sa stal survival<\/b><\/h2>\n<p><span style=\"font-weight: 400;\">Po prejazde okolo hradu Hru\u0161ov sme sa sformovali dobr\u00e1 skupina a\u00a0preteky mi dobre ods\u00fdpaj\u00fa. <strong>C\u00edtim sa fajn, pravidelne dop\u013a\u0148am energiu a viem, \u017ee jazd\u00edm okolo 5. miesta v\u00a0kateg\u00f3rii, \u010do je v\u00a0tejto vysokej konkurencii super.\u00a0<\/strong><\/span><\/p>\n<p><span style=\"font-weight: 400;\"><strong>Bohu\u017eia\u013e, idylka kon\u010d\u00ed na 25. km, kde som za\u010dal poci\u0165ova\u0165 neistotu v zjazdoch a z\u00e1krut\u00e1ch.<\/strong> Zadn\u00e9 koleso mi za\u010dalo nejako podozrivo odstre\u013eova\u0165. Pri poh\u013eade zvrchu sa mi zd\u00e1 nejak\u00e9 m\u00e4kk\u00e9, a tak zosad\u00e1m z bicykla a kontrolujem ho. Moje obavy sa potvrdili, koleso je m\u00e4kk\u00e9 a mus\u00edm to rie\u0161i\u0165. Vyber\u00e1m bombi\u010dku a f\u00fakam koleso, no ako CO2 zachladilo ventil, tak ten praskol a nebolo ho mo\u017en\u00e9 pref\u00faknu\u0165 ani \u010fal\u0161ou bombi\u010dkou a nepodarilo sa mi to ani malou pumpou.\u00a0\u00a0<\/span><\/p>\n<div id='gallery-3' class='gallery galleryid-17775 gallery-columns-2 gallery-size-full'><figure class='gallery-item'>\n\t\t\t<div class='gallery-icon landscape'>\n\t\t\t\t<a href='https:\/\/d2p6e6u75xmxt8.cloudfront.net\/4\/2023\/06\/foto-3.webp'><img loading=\"lazy\" decoding=\"async\" width=\"990\" height=\"660\" src=\"https:\/\/d2p6e6u75xmxt8.cloudfront.net\/4\/2023\/06\/foto-3.webp\" class=\"attachment-full size-full\" alt=\"\" srcset=\"https:\/\/d2p6e6u75xmxt8.cloudfront.net\/4\/2023\/06\/foto-3.webp 990w, https:\/\/d2p6e6u75xmxt8.cloudfront.net\/4\/2023\/06\/foto-3-300x200.webp 300w, https:\/\/d2p6e6u75xmxt8.cloudfront.net\/4\/2023\/06\/foto-3-768x512.webp 768w, https:\/\/d2p6e6u75xmxt8.cloudfront.net\/4\/2023\/06\/foto-3-400x267.webp 400w, https:\/\/d2p6e6u75xmxt8.cloudfront.net\/4\/2023\/06\/foto-3-272x182.webp 272w\" sizes=\"auto, (max-width: 990px) 100vw, 990px\" \/><\/a>\n\t\t\t<\/div><\/figure><figure class='gallery-item'>\n\t\t\t<div class='gallery-icon landscape'>\n\t\t\t\t<a href='https:\/\/d2p6e6u75xmxt8.cloudfront.net\/4\/2023\/06\/foto2.webp'><img loading=\"lazy\" decoding=\"async\" width=\"990\" height=\"660\" src=\"https:\/\/d2p6e6u75xmxt8.cloudfront.net\/4\/2023\/06\/foto2.webp\" class=\"attachment-full size-full\" alt=\"\" srcset=\"https:\/\/d2p6e6u75xmxt8.cloudfront.net\/4\/2023\/06\/foto2.webp 990w, https:\/\/d2p6e6u75xmxt8.cloudfront.net\/4\/2023\/06\/foto2-300x200.webp 300w, https:\/\/d2p6e6u75xmxt8.cloudfront.net\/4\/2023\/06\/foto2-768x512.webp 768w, https:\/\/d2p6e6u75xmxt8.cloudfront.net\/4\/2023\/06\/foto2-400x267.webp 400w, https:\/\/d2p6e6u75xmxt8.cloudfront.net\/4\/2023\/06\/foto2-272x182.webp 272w\" sizes=\"auto, (max-width: 990px) 100vw, 990px\" \/><\/a>\n\t\t\t<\/div><\/figure>\n\t\t<\/div>\n\n<p><span style=\"font-weight: 400;\">Na m\u00e4kkom kolese teda pokra\u010dujem \u010falej a\u017e na druh\u00fa ob\u010derstvova\u010dku. <strong>Tu sa uk\u00e1zala kvalita zabezpe\u010denia pretekov a\u00a0hne\u010f mi pod\u00e1vaj\u00fa ve\u013ek\u00fa servisn\u00fa pumpu, s\u00a0ktorou sa mi na\u0161\u0165astie podarilo probl\u00e9m vyrie\u0161i\u0165.<\/strong>\u00a0Ja som tak mohol v\u00a0pretekoch pokra\u010dova\u0165.<\/span><\/p>\n<div id='gallery-4' class='gallery galleryid-17775 gallery-columns-2 gallery-size-full'><figure class='gallery-item'>\n\t\t\t<div class='gallery-icon landscape'>\n\t\t\t\t<a href='https:\/\/d2p6e6u75xmxt8.cloudfront.net\/4\/2023\/06\/wlc-4.webp'><img loading=\"lazy\" decoding=\"async\" width=\"990\" height=\"660\" src=\"https:\/\/d2p6e6u75xmxt8.cloudfront.net\/4\/2023\/06\/wlc-4.webp\" class=\"attachment-full size-full\" alt=\"\" srcset=\"https:\/\/d2p6e6u75xmxt8.cloudfront.net\/4\/2023\/06\/wlc-4.webp 990w, https:\/\/d2p6e6u75xmxt8.cloudfront.net\/4\/2023\/06\/wlc-4-300x200.webp 300w, https:\/\/d2p6e6u75xmxt8.cloudfront.net\/4\/2023\/06\/wlc-4-768x512.webp 768w, https:\/\/d2p6e6u75xmxt8.cloudfront.net\/4\/2023\/06\/wlc-4-400x267.webp 400w, https:\/\/d2p6e6u75xmxt8.cloudfront.net\/4\/2023\/06\/wlc-4-272x182.webp 272w\" sizes=\"auto, (max-width: 990px) 100vw, 990px\" \/><\/a>\n\t\t\t<\/div><\/figure><figure class='gallery-item'>\n\t\t\t<div class='gallery-icon landscape'>\n\t\t\t\t<a href='https:\/\/d2p6e6u75xmxt8.cloudfront.net\/4\/2023\/06\/wlc-20.webp'><img loading=\"lazy\" decoding=\"async\" width=\"990\" height=\"660\" src=\"https:\/\/d2p6e6u75xmxt8.cloudfront.net\/4\/2023\/06\/wlc-20.webp\" class=\"attachment-full size-full\" alt=\"\" srcset=\"https:\/\/d2p6e6u75xmxt8.cloudfront.net\/4\/2023\/06\/wlc-20.webp 990w, https:\/\/d2p6e6u75xmxt8.cloudfront.net\/4\/2023\/06\/wlc-20-300x200.webp 300w, https:\/\/d2p6e6u75xmxt8.cloudfront.net\/4\/2023\/06\/wlc-20-768x512.webp 768w, https:\/\/d2p6e6u75xmxt8.cloudfront.net\/4\/2023\/06\/wlc-20-400x267.webp 400w, https:\/\/d2p6e6u75xmxt8.cloudfront.net\/4\/2023\/06\/wlc-20-272x182.webp 272w\" sizes=\"auto, (max-width: 990px) 100vw, 990px\" \/><\/a>\n\t\t\t<\/div><\/figure>\n\t\t<\/div>\n\n<p><span style=\"font-weight: 400;\"><strong>Nako\u013eko som stratil cca 10 min., tak si preteky za\u010d\u00ednam viac u\u017e\u00edva\u0165 a\u00a0beriem ich ako pekn\u00fd v\u00fdlet.<\/strong> Vychutn\u00e1vam si pekn\u00e9 scen\u00e9rie a\u00a0u\u017e\u00edvam si singletrailov\u00e9 zjazdy. Hop cez posledn\u00fd brod a\u00a0som v\u00a0cieli. Na prekvapenie s\u00a0\u010dasom 2:19:39 beriem e\u0161te 14. miesto v\u00a0kateg\u00f3rii, \u010do vzh\u013eadom na okolnosti nie je a\u017e tak zl\u00e9. Kompletn\u00e9 v\u00fdsledky n\u00e1jdete na tomto <\/span><a href=\"https:\/\/www.sportsofttiming.sk\/en\/race\/overview\/7739\"><span style=\"font-weight: 400;\">odkaze<\/span><\/a><span style=\"font-weight: 400;\">.\u00a0<\/span><\/p>\n<div id='gallery-5' class='gallery galleryid-17775 gallery-columns-2 gallery-size-full'><figure class='gallery-item'>\n\t\t\t<div class='gallery-icon landscape'>\n\t\t\t\t<a href='https:\/\/d2p6e6u75xmxt8.cloudfront.net\/4\/2023\/06\/wlc-5.webp'><img loading=\"lazy\" decoding=\"async\" width=\"990\" height=\"660\" src=\"https:\/\/d2p6e6u75xmxt8.cloudfront.net\/4\/2023\/06\/wlc-5.webp\" class=\"attachment-full size-full\" alt=\"\" srcset=\"https:\/\/d2p6e6u75xmxt8.cloudfront.net\/4\/2023\/06\/wlc-5.webp 990w, https:\/\/d2p6e6u75xmxt8.cloudfront.net\/4\/2023\/06\/wlc-5-300x200.webp 300w, https:\/\/d2p6e6u75xmxt8.cloudfront.net\/4\/2023\/06\/wlc-5-768x512.webp 768w, https:\/\/d2p6e6u75xmxt8.cloudfront.net\/4\/2023\/06\/wlc-5-400x267.webp 400w, https:\/\/d2p6e6u75xmxt8.cloudfront.net\/4\/2023\/06\/wlc-5-272x182.webp 272w\" sizes=\"auto, (max-width: 990px) 100vw, 990px\" \/><\/a>\n\t\t\t<\/div><\/figure><figure class='gallery-item'>\n\t\t\t<div class='gallery-icon landscape'>\n\t\t\t\t<a href='https:\/\/d2p6e6u75xmxt8.cloudfront.net\/4\/2023\/06\/wlc-22.webp'><img loading=\"lazy\" decoding=\"async\" width=\"990\" height=\"660\" src=\"https:\/\/d2p6e6u75xmxt8.cloudfront.net\/4\/2023\/06\/wlc-22.webp\" class=\"attachment-full size-full\" alt=\"\" srcset=\"https:\/\/d2p6e6u75xmxt8.cloudfront.net\/4\/2023\/06\/wlc-22.webp 990w, https:\/\/d2p6e6u75xmxt8.cloudfront.net\/4\/2023\/06\/wlc-22-300x200.webp 300w, https:\/\/d2p6e6u75xmxt8.cloudfront.net\/4\/2023\/06\/wlc-22-768x512.webp 768w, https:\/\/d2p6e6u75xmxt8.cloudfront.net\/4\/2023\/06\/wlc-22-400x267.webp 400w, https:\/\/d2p6e6u75xmxt8.cloudfront.net\/4\/2023\/06\/wlc-22-272x182.webp 272w\" sizes=\"auto, (max-width: 990px) 100vw, 990px\" \/><\/a>\n\t\t\t<\/div><\/figure>\n\t\t<\/div>\n\n<h2><b>Z\u00e1ver\u00a0<\/b><\/h2>\n<p><span style=\"font-weight: 400;\">Aj napriek probl\u00e9mom, ktor\u00e9 som mal, som si svoje ob\u013e\u00faben\u00e9 podujatie u\u017eil. Po\u010dasie bolo ide\u00e1lne, tra\u0165 v\u00fdborne ozna\u010den\u00e1 aj upraven\u00e1 a ver\u00edm, \u017ee na rok tu budem m\u00f4c\u0165 \u0161tartova\u0165 znova. <strong>Ak sa aj vy chcete z\u00fa\u010dastni\u0165 na v\u00fdborne zorganizovanom podujat\u00ed, zajazdi\u0165 si v peknom prostred\u00ed a silnej konkurencii cyklistov, tak si ur\u010dite pozna\u010dte toto podujatie do svojho bud\u00facoro\u010dn\u00e9ho kalend\u00e1ra.<\/strong><\/span><\/p>\n<div id='gallery-6' class='gallery galleryid-17775 gallery-columns-2 gallery-size-full'><figure class='gallery-item'>\n\t\t\t<div class='gallery-icon landscape'>\n\t\t\t\t<a href='https:\/\/d2p6e6u75xmxt8.cloudfront.net\/4\/2023\/06\/wlc-6.webp'><img loading=\"lazy\" decoding=\"async\" width=\"990\" height=\"660\" src=\"https:\/\/d2p6e6u75xmxt8.cloudfront.net\/4\/2023\/06\/wlc-6.webp\" class=\"attachment-full size-full\" alt=\"\" srcset=\"https:\/\/d2p6e6u75xmxt8.cloudfront.net\/4\/2023\/06\/wlc-6.webp 990w, https:\/\/d2p6e6u75xmxt8.cloudfront.net\/4\/2023\/06\/wlc-6-300x200.webp 300w, https:\/\/d2p6e6u75xmxt8.cloudfront.net\/4\/2023\/06\/wlc-6-768x512.webp 768w, https:\/\/d2p6e6u75xmxt8.cloudfront.net\/4\/2023\/06\/wlc-6-400x267.webp 400w, https:\/\/d2p6e6u75xmxt8.cloudfront.net\/4\/2023\/06\/wlc-6-272x182.webp 272w\" sizes=\"auto, (max-width: 990px) 100vw, 990px\" \/><\/a>\n\t\t\t<\/div><\/figure><figure class='gallery-item'>\n\t\t\t<div class='gallery-icon landscape'>\n\t\t\t\t<a href='https:\/\/d2p6e6u75xmxt8.cloudfront.net\/4\/2023\/06\/wlc-23.webp'><img loading=\"lazy\" decoding=\"async\" width=\"990\" height=\"660\" src=\"https:\/\/d2p6e6u75xmxt8.cloudfront.net\/4\/2023\/06\/wlc-23.webp\" class=\"attachment-full size-full\" alt=\"\" srcset=\"https:\/\/d2p6e6u75xmxt8.cloudfront.net\/4\/2023\/06\/wlc-23.webp 990w, https:\/\/d2p6e6u75xmxt8.cloudfront.net\/4\/2023\/06\/wlc-23-300x200.webp 300w, https:\/\/d2p6e6u75xmxt8.cloudfront.net\/4\/2023\/06\/wlc-23-768x512.webp 768w, https:\/\/d2p6e6u75xmxt8.cloudfront.net\/4\/2023\/06\/wlc-23-400x267.webp 400w, https:\/\/d2p6e6u75xmxt8.cloudfront.net\/4\/2023\/06\/wlc-23-272x182.webp 272w\" sizes=\"auto, (max-width: 990px) 100vw, 990px\" \/><\/a>\n\t\t\t<\/div><\/figure>\n\t\t<\/div>\n\n<p><span style=\"font-weight: 400;\">S\u00e9ria \u0160KODA BIKE OPEN TOUR, ktor\u00e1 tento rok oslavuje svoje 10. narodeniny, pokra\u010duje <strong>\u010fal\u0161\u00edm kolom u\u017e 15. j\u00fala v kr\u00e1snych <\/strong><\/span><strong><a href=\"https:\/\/www.welovecycling.com\/sk\/2023\/06\/26\/pozvanka-skoda-mtb-maraton-levocske-vrchy-preteky-pod-dohladom-majstra-pavla\/\">Levo\u010dsk\u00fdch vrchoch<\/a>.\u00a0\u00a0<\/strong><\/p>\n<p>&nbsp;<\/p>\n<p><span style=\"font-weight: 400;\">Zdroj fotografi\u00ed: arch\u00edv autora, <\/span><span style=\"font-weight: 400;\">Peter Regec<\/span><span style=\"font-weight: 400;\">\u00a0\u00a0<\/span><\/p>\n<div id='gallery-7' class='gallery galleryid-17775 gallery-columns-3 gallery-size-full'><figure class='gallery-item'>\n\t\t\t<div class='gallery-icon landscape'>\n\t\t\t\t<a href='https:\/\/d2p6e6u75xmxt8.cloudfront.net\/4\/2023\/06\/04-1.webp'><img loading=\"lazy\" decoding=\"async\" width=\"990\" height=\"660\" src=\"https:\/\/d2p6e6u75xmxt8.cloudfront.net\/4\/2023\/06\/04-1.webp\" class=\"attachment-full size-full\" alt=\"\" srcset=\"https:\/\/d2p6e6u75xmxt8.cloudfront.net\/4\/2023\/06\/04-1.webp 990w, https:\/\/d2p6e6u75xmxt8.cloudfront.net\/4\/2023\/06\/04-1-300x200.webp 300w, https:\/\/d2p6e6u75xmxt8.cloudfront.net\/4\/2023\/06\/04-1-768x512.webp 768w, https:\/\/d2p6e6u75xmxt8.cloudfront.net\/4\/2023\/06\/04-1-400x267.webp 400w, https:\/\/d2p6e6u75xmxt8.cloudfront.net\/4\/2023\/06\/04-1-272x182.webp 272w\" sizes=\"auto, (max-width: 990px) 100vw, 990px\" \/><\/a>\n\t\t\t<\/div><\/figure><figure class='gallery-item'>\n\t\t\t<div class='gallery-icon landscape'>\n\t\t\t\t<a href='https:\/\/d2p6e6u75xmxt8.cloudfront.net\/4\/2023\/06\/wlc-2.webp'><img loading=\"lazy\" decoding=\"async\" width=\"990\" height=\"660\" src=\"https:\/\/d2p6e6u75xmxt8.cloudfront.net\/4\/2023\/06\/wlc-2.webp\" class=\"attachment-full size-full\" alt=\"\" srcset=\"https:\/\/d2p6e6u75xmxt8.cloudfront.net\/4\/2023\/06\/wlc-2.webp 990w, https:\/\/d2p6e6u75xmxt8.cloudfront.net\/4\/2023\/06\/wlc-2-300x200.webp 300w, https:\/\/d2p6e6u75xmxt8.cloudfront.net\/4\/2023\/06\/wlc-2-768x512.webp 768w, https:\/\/d2p6e6u75xmxt8.cloudfront.net\/4\/2023\/06\/wlc-2-400x267.webp 400w, https:\/\/d2p6e6u75xmxt8.cloudfront.net\/4\/2023\/06\/wlc-2-272x182.webp 272w\" sizes=\"auto, (max-width: 990px) 100vw, 990px\" \/><\/a>\n\t\t\t<\/div><\/figure><figure class='gallery-item'>\n\t\t\t<div class='gallery-icon landscape'>\n\t\t\t\t<a href='https:\/\/d2p6e6u75xmxt8.cloudfront.net\/4\/2023\/06\/wlc-11.webp'><img loading=\"lazy\" decoding=\"async\" width=\"990\" height=\"660\" src=\"https:\/\/d2p6e6u75xmxt8.cloudfront.net\/4\/2023\/06\/wlc-11.webp\" class=\"attachment-full size-full\" alt=\"\" srcset=\"https:\/\/d2p6e6u75xmxt8.cloudfront.net\/4\/2023\/06\/wlc-11.webp 990w, https:\/\/d2p6e6u75xmxt8.cloudfront.net\/4\/2023\/06\/wlc-11-300x200.webp 300w, https:\/\/d2p6e6u75xmxt8.cloudfront.net\/4\/2023\/06\/wlc-11-768x512.webp 768w, https:\/\/d2p6e6u75xmxt8.cloudfront.net\/4\/2023\/06\/wlc-11-400x267.webp 400w, https:\/\/d2p6e6u75xmxt8.cloudfront.net\/4\/2023\/06\/wlc-11-272x182.webp 272w\" sizes=\"auto, (max-width: 990px) 100vw, 990px\" \/><\/a>\n\t\t\t<\/div><\/figure><figure class='gallery-item'>\n\t\t\t<div class='gallery-icon landscape'>\n\t\t\t\t<a href='https:\/\/d2p6e6u75xmxt8.cloudfront.net\/4\/2023\/06\/wlc-13.webp'><img loading=\"lazy\" decoding=\"async\" width=\"990\" height=\"660\" src=\"https:\/\/d2p6e6u75xmxt8.cloudfront.net\/4\/2023\/06\/wlc-13.webp\" class=\"attachment-full size-full\" alt=\"\" srcset=\"https:\/\/d2p6e6u75xmxt8.cloudfront.net\/4\/2023\/06\/wlc-13.webp 990w, https:\/\/d2p6e6u75xmxt8.cloudfront.net\/4\/2023\/06\/wlc-13-300x200.webp 300w, https:\/\/d2p6e6u75xmxt8.cloudfront.net\/4\/2023\/06\/wlc-13-768x512.webp 768w, https:\/\/d2p6e6u75xmxt8.cloudfront.net\/4\/2023\/06\/wlc-13-400x267.webp 400w, https:\/\/d2p6e6u75xmxt8.cloudfront.net\/4\/2023\/06\/wlc-13-272x182.webp 272w\" sizes=\"auto, (max-width: 990px) 100vw, 990px\" \/><\/a>\n\t\t\t<\/div><\/figure><figure class='gallery-item'>\n\t\t\t<div class='gallery-icon landscape'>\n\t\t\t\t<a href='https:\/\/d2p6e6u75xmxt8.cloudfront.net\/4\/2023\/06\/wlc-14.webp'><img loading=\"lazy\" decoding=\"async\" width=\"990\" height=\"660\" src=\"https:\/\/d2p6e6u75xmxt8.cloudfront.net\/4\/2023\/06\/wlc-14.webp\" class=\"attachment-full size-full\" alt=\"\" srcset=\"https:\/\/d2p6e6u75xmxt8.cloudfront.net\/4\/2023\/06\/wlc-14.webp 990w, https:\/\/d2p6e6u75xmxt8.cloudfront.net\/4\/2023\/06\/wlc-14-300x200.webp 300w, https:\/\/d2p6e6u75xmxt8.cloudfront.net\/4\/2023\/06\/wlc-14-768x512.webp 768w, https:\/\/d2p6e6u75xmxt8.cloudfront.net\/4\/2023\/06\/wlc-14-400x267.webp 400w, https:\/\/d2p6e6u75xmxt8.cloudfront.net\/4\/2023\/06\/wlc-14-272x182.webp 272w\" sizes=\"auto, (max-width: 990px) 100vw, 990px\" \/><\/a>\n\t\t\t<\/div><\/figure><figure class='gallery-item'>\n\t\t\t<div class='gallery-icon landscape'>\n\t\t\t\t<a href='https:\/\/d2p6e6u75xmxt8.cloudfront.net\/4\/2023\/06\/wlc-15.webp'><img loading=\"lazy\" decoding=\"async\" width=\"990\" height=\"660\" src=\"https:\/\/d2p6e6u75xmxt8.cloudfront.net\/4\/2023\/06\/wlc-15.webp\" class=\"attachment-full size-full\" alt=\"\" srcset=\"https:\/\/d2p6e6u75xmxt8.cloudfront.net\/4\/2023\/06\/wlc-15.webp 990w, https:\/\/d2p6e6u75xmxt8.cloudfront.net\/4\/2023\/06\/wlc-15-300x200.webp 300w, https:\/\/d2p6e6u75xmxt8.cloudfront.net\/4\/2023\/06\/wlc-15-768x512.webp 768w, https:\/\/d2p6e6u75xmxt8.cloudfront.net\/4\/2023\/06\/wlc-15-400x267.webp 400w, https:\/\/d2p6e6u75xmxt8.cloudfront.net\/4\/2023\/06\/wlc-15-272x182.webp 272w\" sizes=\"auto, (max-width: 990px) 100vw, 990px\" \/><\/a>\n\t\t\t<\/div><\/figure><figure class='gallery-item'>\n\t\t\t<div class='gallery-icon landscape'>\n\t\t\t\t<a href='https:\/\/d2p6e6u75xmxt8.cloudfront.net\/4\/2023\/06\/wlc-16.webp'><img loading=\"lazy\" decoding=\"async\" width=\"990\" height=\"660\" src=\"https:\/\/d2p6e6u75xmxt8.cloudfront.net\/4\/2023\/06\/wlc-16.webp\" class=\"attachment-full size-full\" alt=\"\" srcset=\"https:\/\/d2p6e6u75xmxt8.cloudfront.net\/4\/2023\/06\/wlc-16.webp 990w, https:\/\/d2p6e6u75xmxt8.cloudfront.net\/4\/2023\/06\/wlc-16-300x200.webp 300w, https:\/\/d2p6e6u75xmxt8.cloudfront.net\/4\/2023\/06\/wlc-16-768x512.webp 768w, https:\/\/d2p6e6u75xmxt8.cloudfront.net\/4\/2023\/06\/wlc-16-400x267.webp 400w, https:\/\/d2p6e6u75xmxt8.cloudfront.net\/4\/2023\/06\/wlc-16-272x182.webp 272w\" sizes=\"auto, (max-width: 990px) 100vw, 990px\" \/><\/a>\n\t\t\t<\/div><\/figure><figure class='gallery-item'>\n\t\t\t<div class='gallery-icon landscape'>\n\t\t\t\t<a href='https:\/\/d2p6e6u75xmxt8.cloudfront.net\/4\/2023\/06\/wlc-17.webp'><img loading=\"lazy\" decoding=\"async\" width=\"990\" height=\"660\" src=\"https:\/\/d2p6e6u75xmxt8.cloudfront.net\/4\/2023\/06\/wlc-17.webp\" class=\"attachment-full size-full\" alt=\"\" srcset=\"https:\/\/d2p6e6u75xmxt8.cloudfront.net\/4\/2023\/06\/wlc-17.webp 990w, https:\/\/d2p6e6u75xmxt8.cloudfront.net\/4\/2023\/06\/wlc-17-300x200.webp 300w, https:\/\/d2p6e6u75xmxt8.cloudfront.net\/4\/2023\/06\/wlc-17-768x512.webp 768w, https:\/\/d2p6e6u75xmxt8.cloudfront.net\/4\/2023\/06\/wlc-17-400x267.webp 400w, https:\/\/d2p6e6u75xmxt8.cloudfront.net\/4\/2023\/06\/wlc-17-272x182.webp 272w\" sizes=\"auto, (max-width: 990px) 100vw, 990px\" \/><\/a>\n\t\t\t<\/div><\/figure><figure class='gallery-item'>\n\t\t\t<div class='gallery-icon landscape'>\n\t\t\t\t<a href='https:\/\/d2p6e6u75xmxt8.cloudfront.net\/4\/2023\/06\/wlc-18.webp'><img loading=\"lazy\" decoding=\"async\" width=\"990\" height=\"660\" src=\"https:\/\/d2p6e6u75xmxt8.cloudfront.net\/4\/2023\/06\/wlc-18.webp\" class=\"attachment-full size-full\" alt=\"\" srcset=\"https:\/\/d2p6e6u75xmxt8.cloudfront.net\/4\/2023\/06\/wlc-18.webp 990w, https:\/\/d2p6e6u75xmxt8.cloudfront.net\/4\/2023\/06\/wlc-18-300x200.webp 300w, https:\/\/d2p6e6u75xmxt8.cloudfront.net\/4\/2023\/06\/wlc-18-768x512.webp 768w, https:\/\/d2p6e6u75xmxt8.cloudfront.net\/4\/2023\/06\/wlc-18-400x267.webp 400w, https:\/\/d2p6e6u75xmxt8.cloudfront.net\/4\/2023\/06\/wlc-18-272x182.webp 272w\" sizes=\"auto, (max-width: 990px) 100vw, 990px\" \/><\/a>\n\t\t\t<\/div><\/figure><figure class='gallery-item'>\n\t\t\t<div class='gallery-icon landscape'>\n\t\t\t\t<a href='https:\/\/d2p6e6u75xmxt8.cloudfront.net\/4\/2023\/06\/wlc-19.webp'><img loading=\"lazy\" decoding=\"async\" width=\"990\" height=\"660\" src=\"https:\/\/d2p6e6u75xmxt8.cloudfront.net\/4\/2023\/06\/wlc-19.webp\" class=\"attachment-full size-full\" alt=\"\" srcset=\"https:\/\/d2p6e6u75xmxt8.cloudfront.net\/4\/2023\/06\/wlc-19.webp 990w, https:\/\/d2p6e6u75xmxt8.cloudfront.net\/4\/2023\/06\/wlc-19-300x200.webp 300w, https:\/\/d2p6e6u75xmxt8.cloudfront.net\/4\/2023\/06\/wlc-19-768x512.webp 768w, https:\/\/d2p6e6u75xmxt8.cloudfront.net\/4\/2023\/06\/wlc-19-400x267.webp 400w, https:\/\/d2p6e6u75xmxt8.cloudfront.net\/4\/2023\/06\/wlc-19-272x182.webp 272w\" sizes=\"auto, (max-width: 990px) 100vw, 990px\" \/><\/a>\n\t\t\t<\/div><\/figure><figure class='gallery-item'>\n\t\t\t<div class='gallery-icon landscape'>\n\t\t\t\t<a href='https:\/\/d2p6e6u75xmxt8.cloudfront.net\/4\/2023\/06\/wlc-21.webp'><img loading=\"lazy\" decoding=\"async\" width=\"990\" height=\"660\" src=\"https:\/\/d2p6e6u75xmxt8.cloudfront.net\/4\/2023\/06\/wlc-21.webp\" class=\"attachment-full size-full\" alt=\"\" srcset=\"https:\/\/d2p6e6u75xmxt8.cloudfront.net\/4\/2023\/06\/wlc-21.webp 990w, https:\/\/d2p6e6u75xmxt8.cloudfront.net\/4\/2023\/06\/wlc-21-300x200.webp 300w, https:\/\/d2p6e6u75xmxt8.cloudfront.net\/4\/2023\/06\/wlc-21-768x512.webp 768w, https:\/\/d2p6e6u75xmxt8.cloudfront.net\/4\/2023\/06\/wlc-21-400x267.webp 400w, https:\/\/d2p6e6u75xmxt8.cloudfront.net\/4\/2023\/06\/wlc-21-272x182.webp 272w\" sizes=\"auto, (max-width: 990px) 100vw, 990px\" \/><\/a>\n\t\t\t<\/div><\/figure><figure class='gallery-item'>\n\t\t\t<div class='gallery-icon landscape'>\n\t\t\t\t<a href='https:\/\/d2p6e6u75xmxt8.cloudfront.net\/4\/2023\/06\/wlc-24.webp'><img loading=\"lazy\" decoding=\"async\" width=\"990\" height=\"660\" src=\"https:\/\/d2p6e6u75xmxt8.cloudfront.net\/4\/2023\/06\/wlc-24.webp\" class=\"attachment-full size-full\" alt=\"\" srcset=\"https:\/\/d2p6e6u75xmxt8.cloudfront.net\/4\/2023\/06\/wlc-24.webp 990w, https:\/\/d2p6e6u75xmxt8.cloudfront.net\/4\/2023\/06\/wlc-24-300x200.webp 300w, https:\/\/d2p6e6u75xmxt8.cloudfront.net\/4\/2023\/06\/wlc-24-768x512.webp 768w, https:\/\/d2p6e6u75xmxt8.cloudfront.net\/4\/2023\/06\/wlc-24-400x267.webp 400w, https:\/\/d2p6e6u75xmxt8.cloudfront.net\/4\/2023\/06\/wlc-24-272x182.webp 272w\" sizes=\"auto, (max-width: 990px) 100vw, 990px\" \/><\/a>\n\t\t\t<\/div><\/figure>\n\t\t<\/div>\n\n<p>&nbsp;<\/p>\n","protected":false},"excerpt":{"rendered":"<p>Uplynul\u00fd v\u00edkend som sa postavil na \u0161tart svojho ob\u013e\u00faben\u00e9ho cyklomarat\u00f3nu v Topo\u013e\u010diankach, ktor\u00fd je s\u00fa\u010das\u0165ou \u0160KODA BIKE OPEN TOUR.\u00a0 Ako [&hellip;]<\/p>\n","protected":false},"author":172,"featured_media":17776,"comment_status":"open","ping_status":"open","sticky":false,"template":"","format":"standard","meta":{"footnotes":""},"categories":[38,33],"tags":[53,180,566,178,767,412,39,509,1557,542,35,1363,1362,183,172],"global-categories":[1074],"class_list":["post-17775","post","type-post","status-publish","format-standard","has-post-thumbnail","hentry","category-reportaz","category-sbot","tag-deti","tag-horska-cyklistika","tag-leto","tag-maraton","tag-motivacia","tag-mtb","tag-reportaz","tag-rodina","tag-sezona-2023","tag-skoda","tag-sbot","tag-skoda-mtb-cyklomaraton-topolcianky","tag-topolcianky","tag-zabava","tag-zjazd","global-categories-cycling"],"yoast_head":"<!-- This site is optimized with the Yoast SEO Premium plugin v25.3 (Yoast SEO v25.9) - https:\/\/yoast.com\/wordpress\/plugins\/seo\/ -->\n<title>Report\u00e1\u017e: \u0160KODA MTB cyklomarat\u00f3n Topo\u013e\u010dianky 2023 \u2013 ako sa stal z\u00a0dobre rozbehnut\u00fdch pretekov survival\u00a0\u00a0<\/title>\n<meta name=\"description\" content=\"Uplynul\u00fd v\u00edkend som sa postavil na \u0161tart svojho ob\u013e\u00faben\u00e9ho cyklomarat\u00f3nu v Topo\u013e\u010diankach, ktor\u00fd je s\u00fa\u010das\u0165ou \u0160KODA BIKE OPEN TOUR.\u00a0\" \/>\n<meta name=\"robots\" content=\"index, follow, max-snippet:-1, max-image-preview:large, max-video-preview:-1\" \/>\n<link rel=\"canonical\" href=\"https:\/\/www.welovecycling.com\/sk\/2023\/06\/29\/reportaz-skoda-mtb-cyklomaraton-topolcianky-2023-ako-sa-stal-z-dobre-rozbehnutych-pretekov-survival\/\" \/>\n<meta property=\"og:locale\" content=\"sk_SK\" \/>\n<meta property=\"og:type\" content=\"article\" \/>\n<meta property=\"og:title\" content=\"Report\u00e1\u017e: \u0160KODA MTB cyklomarat\u00f3n Topo\u013e\u010dianky 2023 \u2013 ako sa stal z\u00a0dobre rozbehnut\u00fdch pretekov survival\u00a0\u00a0\" \/>\n<meta property=\"og:description\" content=\"Uplynul\u00fd v\u00edkend som sa postavil na \u0161tart svojho ob\u013e\u00faben\u00e9ho cyklomarat\u00f3nu v Topo\u013e\u010diankach, ktor\u00fd je s\u00fa\u010das\u0165ou \u0160KODA BIKE OPEN TOUR.\u00a0\" \/>\n<meta property=\"og:url\" content=\"https:\/\/www.welovecycling.com\/sk\/2023\/06\/29\/reportaz-skoda-mtb-cyklomaraton-topolcianky-2023-ako-sa-stal-z-dobre-rozbehnutych-pretekov-survival\/\" \/>\n<meta property=\"og:site_name\" content=\"\u0160koda We Love Cycling Slovensko\" \/>\n<meta property=\"article:published_time\" content=\"2023-06-29T08:42:41+00:00\" \/>\n<meta property=\"og:image\" content=\"https:\/\/d2p6e6u75xmxt8.cloudfront.net\/4\/2023\/06\/wlc-1.webp\" \/>\n\t<meta property=\"og:image:width\" content=\"990\" \/>\n\t<meta property=\"og:image:height\" content=\"660\" \/>\n\t<meta property=\"og:image:type\" content=\"image\/webp\" \/>\n<meta name=\"author\" content=\"dominika\" \/>\n<meta name=\"twitter:card\" content=\"summary_large_image\" \/>\n<meta name=\"twitter:label1\" content=\"Written by\" \/>\n\t<meta name=\"twitter:data1\" content=\"Michal Procner\" \/>\n\t<meta name=\"twitter:label2\" content=\"Est. reading time\" \/>\n\t<meta name=\"twitter:data2\" content=\"4\" \/>\n<script type=\"application\/ld+json\" class=\"yoast-schema-graph\">{\"@context\":\"https:\/\/schema.org\",\"@graph\":[{\"@type\":\"WebPage\",\"@id\":\"https:\/\/www.welovecycling.com\/sk\/2023\/06\/29\/reportaz-skoda-mtb-cyklomaraton-topolcianky-2023-ako-sa-stal-z-dobre-rozbehnutych-pretekov-survival\/\",\"url\":\"https:\/\/www.welovecycling.com\/sk\/2023\/06\/29\/reportaz-skoda-mtb-cyklomaraton-topolcianky-2023-ako-sa-stal-z-dobre-rozbehnutych-pretekov-survival\/\",\"name\":\"Report\u00e1\u017e: \u0160KODA MTB cyklomarat\u00f3n Topo\u013e\u010dianky 2023 \u2013 ako sa stal z\u00a0dobre rozbehnut\u00fdch pretekov survival\u00a0\u00a0\",\"isPartOf\":{\"@id\":\"https:\/\/www.welovecycling.com\/sk\/#website\"},\"primaryImageOfPage\":{\"@id\":\"https:\/\/www.welovecycling.com\/sk\/2023\/06\/29\/reportaz-skoda-mtb-cyklomaraton-topolcianky-2023-ako-sa-stal-z-dobre-rozbehnutych-pretekov-survival\/#primaryimage\"},\"image\":{\"@id\":\"https:\/\/www.welovecycling.com\/sk\/2023\/06\/29\/reportaz-skoda-mtb-cyklomaraton-topolcianky-2023-ako-sa-stal-z-dobre-rozbehnutych-pretekov-survival\/#primaryimage\"},\"thumbnailUrl\":\"https:\/\/d2p6e6u75xmxt8.cloudfront.net\/4\/2023\/06\/wlc-1.webp\",\"datePublished\":\"2023-06-29T08:42:41+00:00\",\"author\":{\"@id\":\"https:\/\/www.welovecycling.com\/sk\/#\/schema\/person\/533b62b98b6c41bd5135ebfb1f742624\"},\"description\":\"Uplynul\u00fd v\u00edkend som sa postavil na \u0161tart svojho ob\u013e\u00faben\u00e9ho cyklomarat\u00f3nu v Topo\u013e\u010diankach, ktor\u00fd je s\u00fa\u010das\u0165ou \u0160KODA BIKE OPEN TOUR.\u00a0\",\"breadcrumb\":{\"@id\":\"https:\/\/www.welovecycling.com\/sk\/2023\/06\/29\/reportaz-skoda-mtb-cyklomaraton-topolcianky-2023-ako-sa-stal-z-dobre-rozbehnutych-pretekov-survival\/#breadcrumb\"},\"inLanguage\":\"sk-SK\",\"potentialAction\":[{\"@type\":\"ReadAction\",\"target\":[\"https:\/\/www.welovecycling.com\/sk\/2023\/06\/29\/reportaz-skoda-mtb-cyklomaraton-topolcianky-2023-ako-sa-stal-z-dobre-rozbehnutych-pretekov-survival\/\"]}]},{\"@type\":\"ImageObject\",\"inLanguage\":\"sk-SK\",\"@id\":\"https:\/\/www.welovecycling.com\/sk\/2023\/06\/29\/reportaz-skoda-mtb-cyklomaraton-topolcianky-2023-ako-sa-stal-z-dobre-rozbehnutych-pretekov-survival\/#primaryimage\",\"url\":\"https:\/\/d2p6e6u75xmxt8.cloudfront.net\/4\/2023\/06\/wlc-1.webp\",\"contentUrl\":\"https:\/\/d2p6e6u75xmxt8.cloudfront.net\/4\/2023\/06\/wlc-1.webp\",\"width\":990,\"height\":660},{\"@type\":\"BreadcrumbList\",\"@id\":\"https:\/\/www.welovecycling.com\/sk\/2023\/06\/29\/reportaz-skoda-mtb-cyklomaraton-topolcianky-2023-ako-sa-stal-z-dobre-rozbehnutych-pretekov-survival\/#breadcrumb\",\"itemListElement\":[{\"@type\":\"ListItem\",\"position\":1,\"name\":\"Home\",\"item\":\"https:\/\/www.welovecycling.com\/sk\/\"},{\"@type\":\"ListItem\",\"position\":2,\"name\":\"Report\u00e1\u017e: \u0160KODA MTB cyklomarat\u00f3n Topo\u013e\u010dianky 2023 \u2013 ako sa stal z\u00a0dobre rozbehnut\u00fdch pretekov survival\u00a0\u00a0\"}]},{\"@type\":\"WebSite\",\"@id\":\"https:\/\/www.welovecycling.com\/sk\/#website\",\"url\":\"https:\/\/www.welovecycling.com\/sk\/\",\"name\":\"\u0160koda We Love Cycling Slovensko\",\"description\":\"\u0160koda We Love Cycling Slovensko je v\u00e1\u0161 ka\u017edodenn\u00fd zdroj noviniek a in\u0161pir\u00e1cie z sveta cyklistiky\",\"potentialAction\":[{\"@type\":\"SearchAction\",\"target\":{\"@type\":\"EntryPoint\",\"urlTemplate\":\"https:\/\/www.welovecycling.com\/sk\/?s={search_term_string}\"},\"query-input\":{\"@type\":\"PropertyValueSpecification\",\"valueRequired\":true,\"valueName\":\"search_term_string\"}}],\"inLanguage\":\"sk-SK\"},{\"@type\":\"Person\",\"@id\":\"https:\/\/www.welovecycling.com\/sk\/#\/schema\/person\/533b62b98b6c41bd5135ebfb1f742624\",\"name\":\"dominika\",\"image\":{\"@type\":\"ImageObject\",\"inLanguage\":\"sk-SK\",\"@id\":\"https:\/\/www.welovecycling.com\/sk\/#\/schema\/person\/image\/\",\"url\":\"https:\/\/secure.gravatar.com\/avatar\/ded6f274ba2ec3e17fff153f7d9d96a4b33c2cb63907f75d9a5309c599a7f3e6?s=96&d=mm&r=g\",\"contentUrl\":\"https:\/\/secure.gravatar.com\/avatar\/ded6f274ba2ec3e17fff153f7d9d96a4b33c2cb63907f75d9a5309c599a7f3e6?s=96&d=mm&r=g\",\"caption\":\"dominika\"},\"url\":\"https:\/\/www.welovecycling.com\/sk\/author\/dominika\/\"}]}<\/script>\n<!-- \/ Yoast SEO Premium plugin. -->","yoast_head_json":{"title":"Report\u00e1\u017e: \u0160KODA MTB cyklomarat\u00f3n Topo\u013e\u010dianky 2023 \u2013 ako sa stal z\u00a0dobre rozbehnut\u00fdch pretekov survival\u00a0\u00a0","description":"Uplynul\u00fd v\u00edkend som sa postavil na \u0161tart svojho ob\u013e\u00faben\u00e9ho cyklomarat\u00f3nu v Topo\u013e\u010diankach, ktor\u00fd je s\u00fa\u010das\u0165ou \u0160KODA BIKE OPEN TOUR.\u00a0","robots":{"index":"index","follow":"follow","max-snippet":"max-snippet:-1","max-image-preview":"max-image-preview:large","max-video-preview":"max-video-preview:-1"},"canonical":"https:\/\/www.welovecycling.com\/sk\/2023\/06\/29\/reportaz-skoda-mtb-cyklomaraton-topolcianky-2023-ako-sa-stal-z-dobre-rozbehnutych-pretekov-survival\/","og_locale":"sk_SK","og_type":"article","og_title":"Report\u00e1\u017e: \u0160KODA MTB cyklomarat\u00f3n Topo\u013e\u010dianky 2023 \u2013 ako sa stal z\u00a0dobre rozbehnut\u00fdch pretekov survival\u00a0\u00a0","og_description":"Uplynul\u00fd v\u00edkend som sa postavil na \u0161tart svojho ob\u013e\u00faben\u00e9ho cyklomarat\u00f3nu v Topo\u013e\u010diankach, ktor\u00fd je s\u00fa\u010das\u0165ou \u0160KODA BIKE OPEN TOUR.\u00a0","og_url":"https:\/\/www.welovecycling.com\/sk\/2023\/06\/29\/reportaz-skoda-mtb-cyklomaraton-topolcianky-2023-ako-sa-stal-z-dobre-rozbehnutych-pretekov-survival\/","og_site_name":"\u0160koda We Love Cycling Slovensko","article_published_time":"2023-06-29T08:42:41+00:00","og_image":[{"width":990,"height":660,"url":"https:\/\/d2p6e6u75xmxt8.cloudfront.net\/4\/2023\/06\/wlc-1.webp","type":"image\/webp"}],"author":"dominika","twitter_card":"summary_large_image","twitter_misc":{"Written by":"Michal Procner","Est. reading time":"4"},"schema":{"@context":"https:\/\/schema.org","@graph":[{"@type":"WebPage","@id":"https:\/\/www.welovecycling.com\/sk\/2023\/06\/29\/reportaz-skoda-mtb-cyklomaraton-topolcianky-2023-ako-sa-stal-z-dobre-rozbehnutych-pretekov-survival\/","url":"https:\/\/www.welovecycling.com\/sk\/2023\/06\/29\/reportaz-skoda-mtb-cyklomaraton-topolcianky-2023-ako-sa-stal-z-dobre-rozbehnutych-pretekov-survival\/","name":"Report\u00e1\u017e: \u0160KODA MTB cyklomarat\u00f3n Topo\u013e\u010dianky 2023 \u2013 ako sa stal z\u00a0dobre rozbehnut\u00fdch pretekov survival\u00a0\u00a0","isPartOf":{"@id":"https:\/\/www.welovecycling.com\/sk\/#website"},"primaryImageOfPage":{"@id":"https:\/\/www.welovecycling.com\/sk\/2023\/06\/29\/reportaz-skoda-mtb-cyklomaraton-topolcianky-2023-ako-sa-stal-z-dobre-rozbehnutych-pretekov-survival\/#primaryimage"},"image":{"@id":"https:\/\/www.welovecycling.com\/sk\/2023\/06\/29\/reportaz-skoda-mtb-cyklomaraton-topolcianky-2023-ako-sa-stal-z-dobre-rozbehnutych-pretekov-survival\/#primaryimage"},"thumbnailUrl":"https:\/\/d2p6e6u75xmxt8.cloudfront.net\/4\/2023\/06\/wlc-1.webp","datePublished":"2023-06-29T08:42:41+00:00","author":{"@id":"https:\/\/www.welovecycling.com\/sk\/#\/schema\/person\/533b62b98b6c41bd5135ebfb1f742624"},"description":"Uplynul\u00fd v\u00edkend som sa postavil na \u0161tart svojho ob\u013e\u00faben\u00e9ho cyklomarat\u00f3nu v Topo\u013e\u010diankach, ktor\u00fd je s\u00fa\u010das\u0165ou \u0160KODA BIKE OPEN TOUR.\u00a0","breadcrumb":{"@id":"https:\/\/www.welovecycling.com\/sk\/2023\/06\/29\/reportaz-skoda-mtb-cyklomaraton-topolcianky-2023-ako-sa-stal-z-dobre-rozbehnutych-pretekov-survival\/#breadcrumb"},"inLanguage":"sk-SK","potentialAction":[{"@type":"ReadAction","target":["https:\/\/www.welovecycling.com\/sk\/2023\/06\/29\/reportaz-skoda-mtb-cyklomaraton-topolcianky-2023-ako-sa-stal-z-dobre-rozbehnutych-pretekov-survival\/"]}]},{"@type":"ImageObject","inLanguage":"sk-SK","@id":"https:\/\/www.welovecycling.com\/sk\/2023\/06\/29\/reportaz-skoda-mtb-cyklomaraton-topolcianky-2023-ako-sa-stal-z-dobre-rozbehnutych-pretekov-survival\/#primaryimage","url":"https:\/\/d2p6e6u75xmxt8.cloudfront.net\/4\/2023\/06\/wlc-1.webp","contentUrl":"https:\/\/d2p6e6u75xmxt8.cloudfront.net\/4\/2023\/06\/wlc-1.webp","width":990,"height":660},{"@type":"BreadcrumbList","@id":"https:\/\/www.welovecycling.com\/sk\/2023\/06\/29\/reportaz-skoda-mtb-cyklomaraton-topolcianky-2023-ako-sa-stal-z-dobre-rozbehnutych-pretekov-survival\/#breadcrumb","itemListElement":[{"@type":"ListItem","position":1,"name":"Home","item":"https:\/\/www.welovecycling.com\/sk\/"},{"@type":"ListItem","position":2,"name":"Report\u00e1\u017e: \u0160KODA MTB cyklomarat\u00f3n Topo\u013e\u010dianky 2023 \u2013 ako sa stal z\u00a0dobre rozbehnut\u00fdch pretekov survival\u00a0\u00a0"}]},{"@type":"WebSite","@id":"https:\/\/www.welovecycling.com\/sk\/#website","url":"https:\/\/www.welovecycling.com\/sk\/","name":"\u0160koda We Love Cycling Slovensko","description":"\u0160koda We Love Cycling Slovensko je v\u00e1\u0161 ka\u017edodenn\u00fd zdroj noviniek a in\u0161pir\u00e1cie z sveta cyklistiky","potentialAction":[{"@type":"SearchAction","target":{"@type":"EntryPoint","urlTemplate":"https:\/\/www.welovecycling.com\/sk\/?s={search_term_string}"},"query-input":{"@type":"PropertyValueSpecification","valueRequired":true,"valueName":"search_term_string"}}],"inLanguage":"sk-SK"},{"@type":"Person","@id":"https:\/\/www.welovecycling.com\/sk\/#\/schema\/person\/533b62b98b6c41bd5135ebfb1f742624","name":"dominika","image":{"@type":"ImageObject","inLanguage":"sk-SK","@id":"https:\/\/www.welovecycling.com\/sk\/#\/schema\/person\/image\/","url":"https:\/\/secure.gravatar.com\/avatar\/ded6f274ba2ec3e17fff153f7d9d96a4b33c2cb63907f75d9a5309c599a7f3e6?s=96&d=mm&r=g","contentUrl":"https:\/\/secure.gravatar.com\/avatar\/ded6f274ba2ec3e17fff153f7d9d96a4b33c2cb63907f75d9a5309c599a7f3e6?s=96&d=mm&r=g","caption":"dominika"},"url":"https:\/\/www.welovecycling.com\/sk\/author\/dominika\/"}]}},"_links":{"self":[{"href":"https:\/\/www.welovecycling.com\/sk\/wp-json\/wp\/v2\/posts\/17775","targetHints":{"allow":["GET"]}}],"collection":[{"href":"https:\/\/www.welovecycling.com\/sk\/wp-json\/wp\/v2\/posts"}],"about":[{"href":"https:\/\/www.welovecycling.com\/sk\/wp-json\/wp\/v2\/types\/post"}],"author":[{"embeddable":true,"href":"https:\/\/www.welovecycling.com\/sk\/wp-json\/wp\/v2\/users\/172"}],"replies":[{"embeddable":true,"href":"https:\/\/www.welovecycling.com\/sk\/wp-json\/wp\/v2\/comments?post=17775"}],"version-history":[{"count":2,"href":"https:\/\/www.welovecycling.com\/sk\/wp-json\/wp\/v2\/posts\/17775\/revisions"}],"predecessor-version":[{"id":17805,"href":"https:\/\/www.welovecycling.com\/sk\/wp-json\/wp\/v2\/posts\/17775\/revisions\/17805"}],"wp:featuredmedia":[{"embeddable":true,"href":"https:\/\/www.welovecycling.com\/sk\/wp-json\/wp\/v2\/media\/17776"}],"wp:attachment":[{"href":"https:\/\/www.welovecycling.com\/sk\/wp-json\/wp\/v2\/media?parent=17775"}],"wp:term":[{"taxonomy":"category","embeddable":true,"href":"https:\/\/www.welovecycling.com\/sk\/wp-json\/wp\/v2\/categories?post=17775"},{"taxonomy":"post_tag","embeddable":true,"href":"https:\/\/www.welovecycling.com\/sk\/wp-json\/wp\/v2\/tags?post=17775"},{"taxonomy":"global-categories","embeddable":true,"href":"https:\/\/www.welovecycling.com\/sk\/wp-json\/wp\/v2\/global-categories?post=17775"}],"curies":[{"name":"wp","href":"https:\/\/api.w.org\/{rel}","templated":true}]}}