{"id":17766,"date":"2023-07-01T16:00:46","date_gmt":"2023-07-01T14:00:46","guid":{"rendered":"https:\/\/www.welovecycling.com\/sk\/?p=17766"},"modified":"2023-07-01T16:02:21","modified_gmt":"2023-07-01T14:02:21","slug":"jul-2023-spoznavajme-krasy-slovenska-na-bicykloch","status":"publish","type":"post","link":"https:\/\/www.welovecycling.com\/sk\/2023\/07\/01\/jul-2023-spoznavajme-krasy-slovenska-na-bicykloch\/","title":{"rendered":"J\u00fal 2023 \u2013 spozn\u00e1vajme kr\u00e1sy Slovenska na bicykloch"},"content":{"rendered":"<p><strong>Po\u010das prv\u00e9ho mesiaca letn\u00fdch pr\u00e1zdnin m\u00e1te mo\u017enos\u0165 z\u00fa\u010dastni\u0165 sa dvoch dia\u013ekov\u00fdch j\u00e1zd. T\u00e1 prv\u00e1 je z\u00a0Trnavy na Rysy a\u00a0druh\u00e1 Z\u00e1padn\u00fdmi Karpatami. Samozrejme nebud\u00fa ch\u00fdba\u0165 tradi\u010dn\u00e9 akcie, ako s\u00fa Okolo Doma\u0161e \u010di \u0160KODA BIKE OPEN TOUR v\u00a0kr\u00e1snom prostred\u00ed Levo\u010dsk\u00fdch vrchov, sta\u010d\u00ed si vybra\u0165.<\/strong><!--more--><\/p>\n<h2><strong>01.07. 2023 Okolo Doma\u0161e<\/strong><\/h2>\n<p><strong>Najv\u00e4\u010d\u0161ie cyklistick\u00e9 podujatie na Slovensku, zap\u00edsan\u00e9 do Slovenskej knihy rekordov, n\u00e1s \u010dak\u00e1 hne\u010f v\u00a0prv\u00fd de\u0148 letn\u00fdch pr\u00e1zdnin.<\/strong> Je to tradi\u010dne nes\u00fa\u0165a\u017en\u00e9 stretnutie cyklistov, ktor\u00ed si zajazdia v\u00a0okol\u00ed n\u00e1\u0161ho slovensk\u00e9ho <span style=\"font-weight: 400;\">\u201e<\/span><span style=\"font-weight: 400;\">mora\u201d. \u0160tart aj cie\u013e je na pl\u00e1\u017ei Dobr\u00e1 a\u00a0ofici\u00e1lny \u010das je napl\u00e1novan\u00fd na desiatu hodinu. K\u00a0\u0161tartovn\u00e9mu m\u00f4\u017eete z\u00edska\u0165 aj tri\u010dko, ktor\u00e9 sa ka\u017edoro\u010dne stalo akousi zberate\u013eskou s\u00fa\u010das\u0165ou. Nebude ch\u00fdba\u0165 ani tombola.\u00a0<\/span><\/p>\n<div class=\"embed-controller-wrapper\">\n<div class=\"embed-wrapper\"><iframe title=\"Okolo Doma\u0161e 2022\" width=\"500\" height=\"281\" data-src=\"https:\/\/www.youtube.com\/embed\/mE31-X1R_O4?feature=oembed\" frameborder=\"0\" allow=\"accelerometer; autoplay; clipboard-write; encrypted-media; gyroscope; picture-in-picture; web-share\" referrerpolicy=\"strict-origin-when-cross-origin\" allowfullscreen><\/iframe><\/div>\n<\/div>\n<h2><strong>08. 07. 2023 Smoln\u00edcky marat\u00f3n<\/strong><\/h2>\n<p><span style=\"font-weight: 400;\">Prv\u00fd ro\u010dn\u00edk tohto podujatia sa konal u\u017e v roku 2015. <strong>Ke\u010f\u017ee kataster Smoln\u00edk patr\u00ed do najlesnatej\u0161ieho okresu v r\u00e1mci Slovenskej republiky, poskytuje jedine\u010dn\u00e9 horsk\u00e9 trasy pre horsk\u00fa cyklistiku Volovsk\u00fdmi vrchmi.<\/strong> V ponuke s\u00fa dva okruhy \u2013 Mal\u00fd okruh 20 km a Ve\u013ek\u00fd okruh 50 km. V neposlednom rade svojou \u00fa\u010das\u0165ou prispejete na dobr\u00fa vec a tou je obnova oh\u0148om zni\u010den\u00e9ho Bufetu na Smoln\u00edckom Tajchu.\u00a0<\/span><\/p>\n<div class=\"embed-controller-wrapper\">\n<div class=\"embed-wrapper\"><iframe title=\"MTB Smoln\u00edcky Marat\u00f3n 2020\" width=\"500\" height=\"281\" data-src=\"https:\/\/www.youtube.com\/embed\/1HsKvQrEQT8?feature=oembed\" frameborder=\"0\" allow=\"accelerometer; autoplay; clipboard-write; encrypted-media; gyroscope; picture-in-picture; web-share\" referrerpolicy=\"strict-origin-when-cross-origin\" allowfullscreen><\/iframe><\/div>\n<\/div>\n<p>&nbsp;<\/p>\n<h2><strong>13. 07. 2023 Trnava \u2013 Rysy<\/strong><\/h2>\n<p>3. ro\u010dn\u00edk cyklistickej jazdy, ktor\u00e1 r\u00e1no \u0161tartuje v\u00a0Trnave a\u00a0ve\u010der kon\u010d\u00ed v\u00a0cieli pred hotelom Tatranec v\u00a0Tatranskej Lomnici. <strong>Nonstop cyklojazda sa ka\u017edoro\u010dne kon\u00e1 na uctenie pamiatky \u010dlenov trnavskej pos\u00e1dky, ktor\u00ed odi\u0161li v\u00a0auguste 1944 do Slovensk\u00e9ho n\u00e1rodn\u00e9ho povstania.<\/strong> Ako aj minul\u00fd rok, aj tento d\u00f4jde k\u00a0zmene niektor\u00fdch \u00fasekov na trati. Trasa sa odpor\u00fa\u010da \u00eds\u0165 v\u00fdhradne na cestn\u00fdch bicykloch a\u00a0je to ur\u010dite z\u00e1\u017eitok na cel\u00fd \u017eivot.<\/p>\n<div class=\"embed-controller-wrapper\">\n<div class=\"embed-wrapper\"><iframe title=\"Trnava - Rysy 2022\" width=\"500\" height=\"281\" data-src=\"https:\/\/www.youtube.com\/embed\/Wcm8lx68d68?feature=oembed\" frameborder=\"0\" allow=\"accelerometer; autoplay; clipboard-write; encrypted-media; gyroscope; picture-in-picture; web-share\" referrerpolicy=\"strict-origin-when-cross-origin\" allowfullscreen><\/iframe><\/div>\n<\/div>\n<p>&nbsp;<\/p>\n<h2><strong>15. 07. 2023 \u0160koda MTB marat\u00f3n Levo\u010dsk\u00e9 vrchy<\/strong><\/h2>\n<p><span style=\"font-weight: 400;\"><strong>Levo\u010dsk\u00e9 vrchy l\u00e1kaj\u00fa cyklistov ka\u017ed\u00fd rok, aby sa z\u00fa\u010dastnili \u0160KODA BIKE OPEN TOUR marat\u00f3nu.<\/strong> Pripraven\u00e9 s\u00fa tri z\u00e1kladn\u00e9 trate \u2013 Kr\u00e1tka 24 km, Stredn\u00e1 48 km a\u00a0Dlh\u00e1 72 km. Okrem toho si m\u00f4\u017eete vybra\u0165 E-bike tra\u0165 alebo detsk\u00fa Family tra\u0165. A\u00a0nezabudnite si v\u0161imn\u00fa\u0165, ako na marat\u00f3ne v\u00a0Levo\u010di ber\u00fa oh\u013ead na \u017eivotn\u00e9 prostredie. Vyprodukuj\u00fa tam minimum odpadu, preto\u017ee t\u00e1 kr\u00e1sna pr\u00edroda okolo si to ur\u010dite zasl\u00fa\u017ei.\u00a0\u00a0<\/span><\/p>\n<div class=\"embed-controller-wrapper\">\n<div class=\"embed-wrapper\"><iframe title=\"MTB Marat\u00f3n Levo\u010da 2022\" width=\"500\" height=\"281\" data-src=\"https:\/\/www.youtube.com\/embed\/1rZaJkDRQEw?feature=oembed\" frameborder=\"0\" allow=\"accelerometer; autoplay; clipboard-write; encrypted-media; gyroscope; picture-in-picture; web-share\" referrerpolicy=\"strict-origin-when-cross-origin\" allowfullscreen><\/iframe><\/div>\n<\/div>\n<h2><strong>22. 07. 2023 Neslu\u0161sk\u00fdm chot\u00e1rom<\/strong><\/h2>\n<p><span style=\"font-weight: 400;\"><strong>Tret\u00ed ro\u010dn\u00edk pretekov, kde m\u00f4\u017eete spozna\u0165 kr\u00e1sy tohto kraja a\u00a0zajazdi\u0165 si na rozmanitom ter\u00e9ne, vysk\u00fa\u0161a\u0165 technick\u00e9 zjazdy, v\u00fd\u017eivn\u00e9 st\u00fapania a\u00a0nebud\u00fa ch\u00fdba\u0165 ani kr\u00e1sne v\u00fdh\u013eady.<\/strong> Pripraven\u00e9 s\u00fa tri z\u00e1kladn\u00e9 trate \u2013 dlh\u00e1 60 km s\u00a0prev\u00fd\u0161en\u00edm 2 000 m, stredn\u00e1 40 km s\u00a0prev\u00fd\u0161en\u00edm 1 350 m a\u00a0kr\u00e1tka 20 km, ktor\u00e1 m\u00e1 prev\u00fd\u0161enie 700 m. Nes\u00fa\u0165a\u017en\u00e1 40 km je pre E-bike a\u00a0na ihrisku bud\u00fa vyt\u00fd\u010den\u00e9 trasy, kde si m\u00f4\u017eu zmera\u0165 svoje sily aj deti.\u00a0<\/span><\/p>\n<div class=\"embed-controller-wrapper\">\n<div class=\"embed-wrapper\"><iframe title=\"Neslu\u0161sk\u00fdm chot\u00e1rom\" width=\"500\" height=\"281\" data-src=\"https:\/\/www.youtube.com\/embed\/0VWBJM7gNRc?feature=oembed\" frameborder=\"0\" allow=\"accelerometer; autoplay; clipboard-write; encrypted-media; gyroscope; picture-in-picture; web-share\" referrerpolicy=\"strict-origin-when-cross-origin\" allowfullscreen><\/iframe><\/div>\n<\/div>\n<h2><strong>23. 07. 2023 4. kolo Slovensk\u00e9ho poh\u00e1ra v\u00a0downhille, Vr\u00e1tna<\/strong><\/h2>\n<p><span style=\"font-weight: 400;\">Po \u00faspe\u0161nom tre\u0165om kole, ktor\u00e9 sa konalo v\u00a0M\u00fdte pod \u010eumbiero, n\u00e1s \u010dak\u00e1 \u0161tvrt\u00e9 kolo z\u00a0celkov\u00fdch \u0161iestich. Fin\u00e1le sa tento rok\u00a0 odjazd\u00ed v\u00a0okt\u00f3bri na Ko\u0161\u00fatke. \u0160tvrt\u00e9 kolo sa bude kona\u0165 vo Vr\u00e1tnej a\u00a0ako ka\u017ed\u00fd rok, ur\u010dite bude pripraven\u00fdch nieko\u013eko nov\u00fdch \u00fasekov a\u00a0zauj\u00edmav\u00fdch pas\u00e1\u017e\u00ed. <strong>Je to tra\u0165 na \u00fap\u00e4t\u00ed jedn\u00e9ho z na\u0161ich n\u00e1rodn\u00fdch parkov, Malej Fatry a\u00a0pon\u00faka strm\u00e9 a\u00a0n\u00e1ro\u010dn\u00e9 trate, ktor\u00e9 preveria schopnosti jazdcov.\u00a0<\/strong><\/span><\/p>\n<div class=\"embed-controller-wrapper\">\n<div class=\"embed-wrapper\"><iframe title=\"MTB DOWNHILL - SLOVENSK\u00dd POH\u00c1R 2021 | SPDH #3 Vr\u00e1tna + MSR - Official Aftermovie\" width=\"500\" height=\"281\" data-src=\"https:\/\/www.youtube.com\/embed\/gZr3KxbwnlA?feature=oembed\" frameborder=\"0\" allow=\"accelerometer; autoplay; clipboard-write; encrypted-media; gyroscope; picture-in-picture; web-share\" referrerpolicy=\"strict-origin-when-cross-origin\" allowfullscreen><\/iframe><\/div>\n<\/div>\n<h2><strong>28. 07. 2023 West Carpathian Challenge<\/strong><\/h2>\n<p><span style=\"font-weight: 400;\">Je tu s\u013e\u00faben\u00e1 druh\u00e1 dia\u013ekov\u00e1 jazda, pre dobrodruhov a bez \u010dasov\u00e9ho limitu. \u0160tart je hromadn\u00fd z Ra\u010dkovej doliny pri obci Pribylina a cie\u013e je v\u00a0Lozorne, 20 km pred Bratislavou. D\u013a\u017eka celej trasy bude pribli\u017ene 600 km. <strong>Ur\u010den\u00e1 je pre horsk\u00e9 alebo gravel bicykle, be\u017ecov, chodcov a\u00a0dokonca aj kolobe\u017ek\u00e1rov.<\/strong> Trasa povedie cez Oravu, Kysuce, Mal\u00e9 a Biele Karpaty, preva\u017ene po turistick\u00fdch cest\u00e1ch, zv\u00e1\u017eniciach, po\u013en\u00fdch, lesn\u00fdch a asfaltov\u00fdch cest\u00e1ch. Pr\u00ed\u010fte si zmera\u0165 svoje sily.\u00a0<\/span><\/p>\n<div class=\"embed-controller-wrapper\">\n<div class=\"embed-wrapper\"><iframe title=\"West Carpathian Challenge - WCC 2022\" width=\"500\" height=\"281\" data-src=\"https:\/\/www.youtube.com\/embed\/Y_hEOZwIHtQ?feature=oembed\" frameborder=\"0\" allow=\"accelerometer; autoplay; clipboard-write; encrypted-media; gyroscope; picture-in-picture; web-share\" referrerpolicy=\"strict-origin-when-cross-origin\" allowfullscreen><\/iframe><\/div>\n<\/div>\n<p>&nbsp;<\/p>\n<p><span style=\"font-weight: 400;\">\u00a0<\/span><\/p>\n","protected":false},"excerpt":{"rendered":"<p>Po\u010das prv\u00e9ho mesiaca letn\u00fdch pr\u00e1zdnin m\u00e1te mo\u017enos\u0165 z\u00fa\u010dastni\u0165 sa dvoch dia\u013ekov\u00fdch j\u00e1zd. T\u00e1 prv\u00e1 je z\u00a0Trnavy na Rysy a\u00a0druh\u00e1 Z\u00e1padn\u00fdmi [&hellip;]<\/p>\n","protected":false},"author":172,"featured_media":17767,"comment_status":"open","ping_status":"open","sticky":false,"template":"","format":"standard","meta":{"footnotes":""},"categories":[34],"tags":[115,507,53,259,180,1191,1523,812,566,178,412,37,91,179,1557,859],"global-categories":[1074],"class_list":["post-17766","post","type-post","status-publish","format-standard","has-post-thumbnail","hentry","category-podujatia","tag-cestna-cyklistika","tag-cyklorodinka","tag-deti","tag-gravel","tag-horska-cyklistika","tag-jazda","tag-jazda-v-lete","tag-jul","tag-leto","tag-maraton","tag-mtb","tag-podujatia","tag-pozvanka","tag-preteky","tag-sezona-2023","tag-skoda-mtb-maraton-levocske-vrchy","global-categories-cycling"],"yoast_head":"<!-- This site is optimized with the Yoast SEO Premium plugin v25.3 (Yoast SEO v25.9) - https:\/\/yoast.com\/wordpress\/plugins\/seo\/ -->\n<title>J\u00fal 2023 \u2013 spozn\u00e1vajme kr\u00e1sy Slovenska na bicykloch<\/title>\n<meta name=\"description\" content=\"Po\u010das prv\u00e9ho mesiaca letn\u00fdch pr\u00e1zdnin m\u00e1te mo\u017enos\u0165 z\u00fa\u010dastni\u0165 sa dvoch dia\u013ekov\u00fdch j\u00e1zd, no \u010dak\u00e1 v\u00e1s toho omnoho viac.\" \/>\n<meta name=\"robots\" content=\"index, follow, max-snippet:-1, max-image-preview:large, max-video-preview:-1\" \/>\n<link rel=\"canonical\" href=\"https:\/\/www.welovecycling.com\/sk\/2023\/07\/01\/jul-2023-spoznavajme-krasy-slovenska-na-bicykloch\/\" \/>\n<meta property=\"og:locale\" content=\"sk_SK\" \/>\n<meta property=\"og:type\" content=\"article\" \/>\n<meta property=\"og:title\" content=\"J\u00fal 2023 \u2013 spozn\u00e1vajme kr\u00e1sy Slovenska na bicykloch\" \/>\n<meta property=\"og:description\" content=\"Po\u010das prv\u00e9ho mesiaca letn\u00fdch pr\u00e1zdnin m\u00e1te mo\u017enos\u0165 z\u00fa\u010dastni\u0165 sa dvoch dia\u013ekov\u00fdch j\u00e1zd, no \u010dak\u00e1 v\u00e1s toho omnoho viac.\" \/>\n<meta property=\"og:url\" content=\"https:\/\/www.welovecycling.com\/sk\/2023\/07\/01\/jul-2023-spoznavajme-krasy-slovenska-na-bicykloch\/\" \/>\n<meta property=\"og:site_name\" content=\"\u0160koda We Love Cycling Slovensko\" \/>\n<meta property=\"article:published_time\" content=\"2023-07-01T14:00:46+00:00\" \/>\n<meta property=\"article:modified_time\" content=\"2023-07-01T14:02:21+00:00\" \/>\n<meta property=\"og:image\" content=\"https:\/\/d2p6e6u75xmxt8.cloudfront.net\/4\/2023\/06\/titulka-3.webp\" \/>\n\t<meta property=\"og:image:width\" content=\"990\" \/>\n\t<meta property=\"og:image:height\" content=\"660\" \/>\n\t<meta property=\"og:image:type\" content=\"image\/webp\" \/>\n<meta name=\"author\" content=\"dominika\" \/>\n<meta name=\"twitter:card\" content=\"summary_large_image\" \/>\n<meta name=\"twitter:label1\" content=\"Written by\" \/>\n\t<meta name=\"twitter:data1\" content=\"We Love Cycling\" \/>\n\t<meta name=\"twitter:label2\" content=\"Est. reading time\" \/>\n\t<meta name=\"twitter:data2\" content=\"3\" \/>\n<script type=\"application\/ld+json\" class=\"yoast-schema-graph\">{\"@context\":\"https:\/\/schema.org\",\"@graph\":[{\"@type\":\"WebPage\",\"@id\":\"https:\/\/www.welovecycling.com\/sk\/2023\/07\/01\/jul-2023-spoznavajme-krasy-slovenska-na-bicykloch\/\",\"url\":\"https:\/\/www.welovecycling.com\/sk\/2023\/07\/01\/jul-2023-spoznavajme-krasy-slovenska-na-bicykloch\/\",\"name\":\"J\u00fal 2023 \u2013 spozn\u00e1vajme kr\u00e1sy Slovenska na bicykloch\",\"isPartOf\":{\"@id\":\"https:\/\/www.welovecycling.com\/sk\/#website\"},\"primaryImageOfPage\":{\"@id\":\"https:\/\/www.welovecycling.com\/sk\/2023\/07\/01\/jul-2023-spoznavajme-krasy-slovenska-na-bicykloch\/#primaryimage\"},\"image\":{\"@id\":\"https:\/\/www.welovecycling.com\/sk\/2023\/07\/01\/jul-2023-spoznavajme-krasy-slovenska-na-bicykloch\/#primaryimage\"},\"thumbnailUrl\":\"https:\/\/d2p6e6u75xmxt8.cloudfront.net\/4\/2023\/06\/titulka-3.webp\",\"datePublished\":\"2023-07-01T14:00:46+00:00\",\"dateModified\":\"2023-07-01T14:02:21+00:00\",\"author\":{\"@id\":\"https:\/\/www.welovecycling.com\/sk\/#\/schema\/person\/533b62b98b6c41bd5135ebfb1f742624\"},\"description\":\"Po\u010das prv\u00e9ho mesiaca letn\u00fdch pr\u00e1zdnin m\u00e1te mo\u017enos\u0165 z\u00fa\u010dastni\u0165 sa dvoch dia\u013ekov\u00fdch j\u00e1zd, no \u010dak\u00e1 v\u00e1s toho omnoho viac.\",\"breadcrumb\":{\"@id\":\"https:\/\/www.welovecycling.com\/sk\/2023\/07\/01\/jul-2023-spoznavajme-krasy-slovenska-na-bicykloch\/#breadcrumb\"},\"inLanguage\":\"sk-SK\",\"potentialAction\":[{\"@type\":\"ReadAction\",\"target\":[\"https:\/\/www.welovecycling.com\/sk\/2023\/07\/01\/jul-2023-spoznavajme-krasy-slovenska-na-bicykloch\/\"]}]},{\"@type\":\"ImageObject\",\"inLanguage\":\"sk-SK\",\"@id\":\"https:\/\/www.welovecycling.com\/sk\/2023\/07\/01\/jul-2023-spoznavajme-krasy-slovenska-na-bicykloch\/#primaryimage\",\"url\":\"https:\/\/d2p6e6u75xmxt8.cloudfront.net\/4\/2023\/06\/titulka-3.webp\",\"contentUrl\":\"https:\/\/d2p6e6u75xmxt8.cloudfront.net\/4\/2023\/06\/titulka-3.webp\",\"width\":990,\"height\":660},{\"@type\":\"BreadcrumbList\",\"@id\":\"https:\/\/www.welovecycling.com\/sk\/2023\/07\/01\/jul-2023-spoznavajme-krasy-slovenska-na-bicykloch\/#breadcrumb\",\"itemListElement\":[{\"@type\":\"ListItem\",\"position\":1,\"name\":\"Home\",\"item\":\"https:\/\/www.welovecycling.com\/sk\/\"},{\"@type\":\"ListItem\",\"position\":2,\"name\":\"J\u00fal 2023 \u2013 spozn\u00e1vajme kr\u00e1sy Slovenska na bicykloch\"}]},{\"@type\":\"WebSite\",\"@id\":\"https:\/\/www.welovecycling.com\/sk\/#website\",\"url\":\"https:\/\/www.welovecycling.com\/sk\/\",\"name\":\"\u0160koda We Love Cycling Slovensko\",\"description\":\"\u0160koda We Love Cycling Slovensko je v\u00e1\u0161 ka\u017edodenn\u00fd zdroj noviniek a in\u0161pir\u00e1cie z sveta cyklistiky\",\"potentialAction\":[{\"@type\":\"SearchAction\",\"target\":{\"@type\":\"EntryPoint\",\"urlTemplate\":\"https:\/\/www.welovecycling.com\/sk\/?s={search_term_string}\"},\"query-input\":{\"@type\":\"PropertyValueSpecification\",\"valueRequired\":true,\"valueName\":\"search_term_string\"}}],\"inLanguage\":\"sk-SK\"},{\"@type\":\"Person\",\"@id\":\"https:\/\/www.welovecycling.com\/sk\/#\/schema\/person\/533b62b98b6c41bd5135ebfb1f742624\",\"name\":\"dominika\",\"image\":{\"@type\":\"ImageObject\",\"inLanguage\":\"sk-SK\",\"@id\":\"https:\/\/www.welovecycling.com\/sk\/#\/schema\/person\/image\/\",\"url\":\"https:\/\/secure.gravatar.com\/avatar\/ded6f274ba2ec3e17fff153f7d9d96a4b33c2cb63907f75d9a5309c599a7f3e6?s=96&d=mm&r=g\",\"contentUrl\":\"https:\/\/secure.gravatar.com\/avatar\/ded6f274ba2ec3e17fff153f7d9d96a4b33c2cb63907f75d9a5309c599a7f3e6?s=96&d=mm&r=g\",\"caption\":\"dominika\"},\"url\":\"https:\/\/www.welovecycling.com\/sk\/author\/dominika\/\"}]}<\/script>\n<!-- \/ Yoast SEO Premium plugin. -->","yoast_head_json":{"title":"J\u00fal 2023 \u2013 spozn\u00e1vajme kr\u00e1sy Slovenska na bicykloch","description":"Po\u010das prv\u00e9ho mesiaca letn\u00fdch pr\u00e1zdnin m\u00e1te mo\u017enos\u0165 z\u00fa\u010dastni\u0165 sa dvoch dia\u013ekov\u00fdch j\u00e1zd, no \u010dak\u00e1 v\u00e1s toho omnoho viac.","robots":{"index":"index","follow":"follow","max-snippet":"max-snippet:-1","max-image-preview":"max-image-preview:large","max-video-preview":"max-video-preview:-1"},"canonical":"https:\/\/www.welovecycling.com\/sk\/2023\/07\/01\/jul-2023-spoznavajme-krasy-slovenska-na-bicykloch\/","og_locale":"sk_SK","og_type":"article","og_title":"J\u00fal 2023 \u2013 spozn\u00e1vajme kr\u00e1sy Slovenska na bicykloch","og_description":"Po\u010das prv\u00e9ho mesiaca letn\u00fdch pr\u00e1zdnin m\u00e1te mo\u017enos\u0165 z\u00fa\u010dastni\u0165 sa dvoch dia\u013ekov\u00fdch j\u00e1zd, no \u010dak\u00e1 v\u00e1s toho omnoho viac.","og_url":"https:\/\/www.welovecycling.com\/sk\/2023\/07\/01\/jul-2023-spoznavajme-krasy-slovenska-na-bicykloch\/","og_site_name":"\u0160koda We Love Cycling Slovensko","article_published_time":"2023-07-01T14:00:46+00:00","article_modified_time":"2023-07-01T14:02:21+00:00","og_image":[{"width":990,"height":660,"url":"https:\/\/d2p6e6u75xmxt8.cloudfront.net\/4\/2023\/06\/titulka-3.webp","type":"image\/webp"}],"author":"dominika","twitter_card":"summary_large_image","twitter_misc":{"Written by":"We Love Cycling","Est. reading time":"3"},"schema":{"@context":"https:\/\/schema.org","@graph":[{"@type":"WebPage","@id":"https:\/\/www.welovecycling.com\/sk\/2023\/07\/01\/jul-2023-spoznavajme-krasy-slovenska-na-bicykloch\/","url":"https:\/\/www.welovecycling.com\/sk\/2023\/07\/01\/jul-2023-spoznavajme-krasy-slovenska-na-bicykloch\/","name":"J\u00fal 2023 \u2013 spozn\u00e1vajme kr\u00e1sy Slovenska na bicykloch","isPartOf":{"@id":"https:\/\/www.welovecycling.com\/sk\/#website"},"primaryImageOfPage":{"@id":"https:\/\/www.welovecycling.com\/sk\/2023\/07\/01\/jul-2023-spoznavajme-krasy-slovenska-na-bicykloch\/#primaryimage"},"image":{"@id":"https:\/\/www.welovecycling.com\/sk\/2023\/07\/01\/jul-2023-spoznavajme-krasy-slovenska-na-bicykloch\/#primaryimage"},"thumbnailUrl":"https:\/\/d2p6e6u75xmxt8.cloudfront.net\/4\/2023\/06\/titulka-3.webp","datePublished":"2023-07-01T14:00:46+00:00","dateModified":"2023-07-01T14:02:21+00:00","author":{"@id":"https:\/\/www.welovecycling.com\/sk\/#\/schema\/person\/533b62b98b6c41bd5135ebfb1f742624"},"description":"Po\u010das prv\u00e9ho mesiaca letn\u00fdch pr\u00e1zdnin m\u00e1te mo\u017enos\u0165 z\u00fa\u010dastni\u0165 sa dvoch dia\u013ekov\u00fdch j\u00e1zd, no \u010dak\u00e1 v\u00e1s toho omnoho viac.","breadcrumb":{"@id":"https:\/\/www.welovecycling.com\/sk\/2023\/07\/01\/jul-2023-spoznavajme-krasy-slovenska-na-bicykloch\/#breadcrumb"},"inLanguage":"sk-SK","potentialAction":[{"@type":"ReadAction","target":["https:\/\/www.welovecycling.com\/sk\/2023\/07\/01\/jul-2023-spoznavajme-krasy-slovenska-na-bicykloch\/"]}]},{"@type":"ImageObject","inLanguage":"sk-SK","@id":"https:\/\/www.welovecycling.com\/sk\/2023\/07\/01\/jul-2023-spoznavajme-krasy-slovenska-na-bicykloch\/#primaryimage","url":"https:\/\/d2p6e6u75xmxt8.cloudfront.net\/4\/2023\/06\/titulka-3.webp","contentUrl":"https:\/\/d2p6e6u75xmxt8.cloudfront.net\/4\/2023\/06\/titulka-3.webp","width":990,"height":660},{"@type":"BreadcrumbList","@id":"https:\/\/www.welovecycling.com\/sk\/2023\/07\/01\/jul-2023-spoznavajme-krasy-slovenska-na-bicykloch\/#breadcrumb","itemListElement":[{"@type":"ListItem","position":1,"name":"Home","item":"https:\/\/www.welovecycling.com\/sk\/"},{"@type":"ListItem","position":2,"name":"J\u00fal 2023 \u2013 spozn\u00e1vajme kr\u00e1sy Slovenska na bicykloch"}]},{"@type":"WebSite","@id":"https:\/\/www.welovecycling.com\/sk\/#website","url":"https:\/\/www.welovecycling.com\/sk\/","name":"\u0160koda We Love Cycling Slovensko","description":"\u0160koda We Love Cycling Slovensko je v\u00e1\u0161 ka\u017edodenn\u00fd zdroj noviniek a in\u0161pir\u00e1cie z sveta cyklistiky","potentialAction":[{"@type":"SearchAction","target":{"@type":"EntryPoint","urlTemplate":"https:\/\/www.welovecycling.com\/sk\/?s={search_term_string}"},"query-input":{"@type":"PropertyValueSpecification","valueRequired":true,"valueName":"search_term_string"}}],"inLanguage":"sk-SK"},{"@type":"Person","@id":"https:\/\/www.welovecycling.com\/sk\/#\/schema\/person\/533b62b98b6c41bd5135ebfb1f742624","name":"dominika","image":{"@type":"ImageObject","inLanguage":"sk-SK","@id":"https:\/\/www.welovecycling.com\/sk\/#\/schema\/person\/image\/","url":"https:\/\/secure.gravatar.com\/avatar\/ded6f274ba2ec3e17fff153f7d9d96a4b33c2cb63907f75d9a5309c599a7f3e6?s=96&d=mm&r=g","contentUrl":"https:\/\/secure.gravatar.com\/avatar\/ded6f274ba2ec3e17fff153f7d9d96a4b33c2cb63907f75d9a5309c599a7f3e6?s=96&d=mm&r=g","caption":"dominika"},"url":"https:\/\/www.welovecycling.com\/sk\/author\/dominika\/"}]}},"_links":{"self":[{"href":"https:\/\/www.welovecycling.com\/sk\/wp-json\/wp\/v2\/posts\/17766","targetHints":{"allow":["GET"]}}],"collection":[{"href":"https:\/\/www.welovecycling.com\/sk\/wp-json\/wp\/v2\/posts"}],"about":[{"href":"https:\/\/www.welovecycling.com\/sk\/wp-json\/wp\/v2\/types\/post"}],"author":[{"embeddable":true,"href":"https:\/\/www.welovecycling.com\/sk\/wp-json\/wp\/v2\/users\/172"}],"replies":[{"embeddable":true,"href":"https:\/\/www.welovecycling.com\/sk\/wp-json\/wp\/v2\/comments?post=17766"}],"version-history":[{"count":1,"href":"https:\/\/www.welovecycling.com\/sk\/wp-json\/wp\/v2\/posts\/17766\/revisions"}],"predecessor-version":[{"id":17768,"href":"https:\/\/www.welovecycling.com\/sk\/wp-json\/wp\/v2\/posts\/17766\/revisions\/17768"}],"wp:featuredmedia":[{"embeddable":true,"href":"https:\/\/www.welovecycling.com\/sk\/wp-json\/wp\/v2\/media\/17767"}],"wp:attachment":[{"href":"https:\/\/www.welovecycling.com\/sk\/wp-json\/wp\/v2\/media?parent=17766"}],"wp:term":[{"taxonomy":"category","embeddable":true,"href":"https:\/\/www.welovecycling.com\/sk\/wp-json\/wp\/v2\/categories?post=17766"},{"taxonomy":"post_tag","embeddable":true,"href":"https:\/\/www.welovecycling.com\/sk\/wp-json\/wp\/v2\/tags?post=17766"},{"taxonomy":"global-categories","embeddable":true,"href":"https:\/\/www.welovecycling.com\/sk\/wp-json\/wp\/v2\/global-categories?post=17766"}],"curies":[{"name":"wp","href":"https:\/\/api.w.org\/{rel}","templated":true}]}}