{"id":17737,"date":"2023-06-26T10:00:08","date_gmt":"2023-06-26T08:00:08","guid":{"rendered":"https:\/\/www.welovecycling.com\/sk\/?p=17737"},"modified":"2023-06-26T10:05:25","modified_gmt":"2023-06-26T08:05:25","slug":"pozvanka-skoda-mtb-maraton-levocske-vrchy-preteky-pod-dohladom-majstra-pavla","status":"publish","type":"post","link":"https:\/\/www.welovecycling.com\/sk\/2023\/06\/26\/pozvanka-skoda-mtb-maraton-levocske-vrchy-preteky-pod-dohladom-majstra-pavla\/","title":{"rendered":"Pozv\u00e1nka: \u0160KODA MTB marat\u00f3n Levo\u010dsk\u00e9 vrchy &#8211; preteky pod doh\u013eadom Majstra Pavla"},"content":{"rendered":"<p><strong>Op\u00e4tovne sa pres\u00favame na v\u00fdchod Slovenska ok\u00fasi\u0165 kr\u00e1snu pr\u00edrodn\u00fa tra\u0165 s v\u00fdh\u013eadmi na Tatry v okol\u00ed Levo\u010de.<\/strong><!--more--><\/p>\n<p><span style=\"font-weight: 400;\">Cyklistika je kr\u00e1sny \u0161port a pre absolventa \u0160KODA BIKE OPEN TOUR <\/span><a href=\"https:\/\/www.welovecycling.com\/sk\/sbot\/kalendar.php\"><span style=\"font-weight: 400;\">s\u00e9rie<\/span><\/a><span style=\"font-weight: 400;\"> pon\u00fakne spozn\u00e1vanie rozmanitosti pr\u00edrody na Slovensku. Absolvovali sme u\u017e preteky na z\u00e1padnom a strednom Slovensku a pri\u0161iel rad na \u010das\u0165 v\u00fdchodn\u00e9ho Slovenska. <strong>Tentokr\u00e1t s\u00fa na programe Levo\u010dsk\u00e9 vrchy s historick\u00fdm n\u00e1mest\u00edm Majstra Pavla v Levo\u010di. Stretneme sa tu u\u017e 15. j\u00fala a verte, \u017ee sa m\u00e1te na \u010do te\u0161i\u0165.\u00a0<\/strong><\/span><\/p>\n<div id='gallery-1' class='gallery galleryid-17737 gallery-columns-2 gallery-size-full'><figure class='gallery-item'>\n\t\t\t<div class='gallery-icon landscape'>\n\t\t\t\t<a href='https:\/\/d2p6e6u75xmxt8.cloudfront.net\/4\/2023\/06\/02_WLC_Levoca.webp'><img loading=\"lazy\" decoding=\"async\" width=\"990\" height=\"660\" src=\"https:\/\/d2p6e6u75xmxt8.cloudfront.net\/4\/2023\/06\/02_WLC_Levoca.webp\" class=\"attachment-full size-full\" alt=\"Levo\u010da\" srcset=\"https:\/\/d2p6e6u75xmxt8.cloudfront.net\/4\/2023\/06\/02_WLC_Levoca.webp 990w, https:\/\/d2p6e6u75xmxt8.cloudfront.net\/4\/2023\/06\/02_WLC_Levoca-300x200.webp 300w, https:\/\/d2p6e6u75xmxt8.cloudfront.net\/4\/2023\/06\/02_WLC_Levoca-768x512.webp 768w, https:\/\/d2p6e6u75xmxt8.cloudfront.net\/4\/2023\/06\/02_WLC_Levoca-400x267.webp 400w, https:\/\/d2p6e6u75xmxt8.cloudfront.net\/4\/2023\/06\/02_WLC_Levoca-272x182.webp 272w\" sizes=\"auto, (max-width: 990px) 100vw, 990px\" \/><\/a>\n\t\t\t<\/div><\/figure><figure class='gallery-item'>\n\t\t\t<div class='gallery-icon landscape'>\n\t\t\t\t<a href='https:\/\/d2p6e6u75xmxt8.cloudfront.net\/4\/2023\/06\/03_WLC_Levoca.webp'><img loading=\"lazy\" decoding=\"async\" width=\"990\" height=\"660\" src=\"https:\/\/d2p6e6u75xmxt8.cloudfront.net\/4\/2023\/06\/03_WLC_Levoca.webp\" class=\"attachment-full size-full\" alt=\"\" srcset=\"https:\/\/d2p6e6u75xmxt8.cloudfront.net\/4\/2023\/06\/03_WLC_Levoca.webp 990w, https:\/\/d2p6e6u75xmxt8.cloudfront.net\/4\/2023\/06\/03_WLC_Levoca-300x200.webp 300w, https:\/\/d2p6e6u75xmxt8.cloudfront.net\/4\/2023\/06\/03_WLC_Levoca-768x512.webp 768w, https:\/\/d2p6e6u75xmxt8.cloudfront.net\/4\/2023\/06\/03_WLC_Levoca-400x267.webp 400w, https:\/\/d2p6e6u75xmxt8.cloudfront.net\/4\/2023\/06\/03_WLC_Levoca-272x182.webp 272w\" sizes=\"auto, (max-width: 990px) 100vw, 990px\" \/><\/a>\n\t\t\t<\/div><\/figure>\n\t\t<\/div>\n\n<h2><strong>Propoz\u00edcie a registr\u00e1cia<\/strong><\/h2>\n<p><span style=\"font-weight: 400;\">Vy\u0161\u0161ie sme u\u017e spom\u00ednali, \u017ee akcia sa uskuto\u010dn\u00ed v polovici j\u00fala. Cel\u00e9 z\u00e1zemie pretekov aj s prezent\u00e1ciou sa bude nach\u00e1dza\u0165 na n\u00e1mest\u00ed Majstra Pavla v Levo\u010di. Prihl\u00e1senie na preteky prebieha <\/span><a href=\"https:\/\/registrace.sportsoft.cz\/main.aspx?e=2861&amp;lng=sk\"><span style=\"font-weight: 400;\">online formou<\/span><\/a><span style=\"font-weight: 400;\"> na str\u00e1nke organiz\u00e1tora a sumy \u0161tartovn\u00e9ho s\u00fa rozdelen\u00e9 na viacero v\u013an. <strong>Pri \u00fahrade do 1. j\u00fala je suma \u0161tartovn\u00e9ho 27 \u20ac. Nesk\u00f4r do 13. j\u00fala sa cena zv\u00fd\u0161i na 30 \u20ac a na mieste bude cena 40 \u20ac.<\/strong><\/span><\/p>\n<p><span style=\"font-weight: 400;\"> Tieto sumy platia pre v\u0161etky MTB trasy na marat\u00f3ne. \u0160KODA Family tra\u0165 m\u00e1 cenu 15 \u20ac a detsk\u00e1 tra\u0165 m\u00e1 \u0161tartovn\u00e9 5 \u20ac. Prezent\u00e1cia pretekov bude prebieha\u0165 na n\u00e1mest\u00ed Majstra Pavla 14. j\u00fala od 18:00 do 20:00 a 15. j\u00fala od 7:00 hodiny.\u00a0<\/span><\/p>\n<div id='gallery-2' class='gallery galleryid-17737 gallery-columns-2 gallery-size-full'><figure class='gallery-item'>\n\t\t\t<div class='gallery-icon landscape'>\n\t\t\t\t<a href='https:\/\/d2p6e6u75xmxt8.cloudfront.net\/4\/2023\/06\/04_WLC_Levoca.webp'><img loading=\"lazy\" decoding=\"async\" width=\"990\" height=\"660\" src=\"https:\/\/d2p6e6u75xmxt8.cloudfront.net\/4\/2023\/06\/04_WLC_Levoca.webp\" class=\"attachment-full size-full\" alt=\"\" srcset=\"https:\/\/d2p6e6u75xmxt8.cloudfront.net\/4\/2023\/06\/04_WLC_Levoca.webp 990w, https:\/\/d2p6e6u75xmxt8.cloudfront.net\/4\/2023\/06\/04_WLC_Levoca-300x200.webp 300w, https:\/\/d2p6e6u75xmxt8.cloudfront.net\/4\/2023\/06\/04_WLC_Levoca-768x512.webp 768w, https:\/\/d2p6e6u75xmxt8.cloudfront.net\/4\/2023\/06\/04_WLC_Levoca-400x267.webp 400w, https:\/\/d2p6e6u75xmxt8.cloudfront.net\/4\/2023\/06\/04_WLC_Levoca-272x182.webp 272w\" sizes=\"auto, (max-width: 990px) 100vw, 990px\" \/><\/a>\n\t\t\t<\/div><\/figure><figure class='gallery-item'>\n\t\t\t<div class='gallery-icon landscape'>\n\t\t\t\t<a href='https:\/\/d2p6e6u75xmxt8.cloudfront.net\/4\/2023\/06\/05_WLC_Levoca.webp'><img loading=\"lazy\" decoding=\"async\" width=\"990\" height=\"660\" src=\"https:\/\/d2p6e6u75xmxt8.cloudfront.net\/4\/2023\/06\/05_WLC_Levoca.webp\" class=\"attachment-full size-full\" alt=\"\" srcset=\"https:\/\/d2p6e6u75xmxt8.cloudfront.net\/4\/2023\/06\/05_WLC_Levoca.webp 990w, https:\/\/d2p6e6u75xmxt8.cloudfront.net\/4\/2023\/06\/05_WLC_Levoca-300x200.webp 300w, https:\/\/d2p6e6u75xmxt8.cloudfront.net\/4\/2023\/06\/05_WLC_Levoca-768x512.webp 768w, https:\/\/d2p6e6u75xmxt8.cloudfront.net\/4\/2023\/06\/05_WLC_Levoca-400x267.webp 400w, https:\/\/d2p6e6u75xmxt8.cloudfront.net\/4\/2023\/06\/05_WLC_Levoca-272x182.webp 272w\" sizes=\"auto, (max-width: 990px) 100vw, 990px\" \/><\/a>\n\t\t\t<\/div><\/figure>\n\t\t<\/div>\n\n<h2><strong><br \/>\nTrate<\/strong><\/h2>\n<p><span style=\"font-weight: 400;\">Pretek\u00e1ri sa m\u00f4\u017eu te\u0161i\u0165 na celkovo 5 trat\u00ed od t\u00fdch najmen\u0161\u00edch a\u017e po sk\u00fasen\u00fdch cyklistov. <strong>Pripraven\u00e9 s\u00fa 3 klasick\u00e9 trate s d\u013a\u017ekou 24, 48 a 72 kilometrov s prev\u00fd\u0161en\u00edm od 700, cez\u00a0 1 646 a\u017e do 2 400 metrov.<\/strong> Family tra\u0165 pon\u00fakne d\u013a\u017eku 7,4 kilometra s prev\u00fd\u0161en\u00edm 144 metrov a detsk\u00e1 tra\u0165 pre najmen\u0161\u00edch m\u00e1 rovn\u00fdch 100 metrov prev\u00fd\u0161enia na d\u013a\u017eke 4,5 kilometra. <\/span><\/p>\n<p><span style=\"font-weight: 400;\">Okrem \u0160BOT s\u00e9rie s\u00fa preteky aj<strong> s\u00fa\u010das\u0165ou Slovensk\u00e9ho poh\u00e1ra so samostatn\u00fdmi kateg\u00f3riami pre cyklistov s licenciou.<\/strong> Okrem toho sa na trati m\u00f4\u017eu z\u00fa\u010dastni\u0165 cyklisti so\u00a0 \u201c\u0161trkoletmi\u201d alebo baterkami.<br \/>\n<\/span><\/p>\n<div id='gallery-3' class='gallery galleryid-17737 gallery-columns-2 gallery-size-full'><figure class='gallery-item'>\n\t\t\t<div class='gallery-icon landscape'>\n\t\t\t\t<a href='https:\/\/d2p6e6u75xmxt8.cloudfront.net\/4\/2023\/06\/06_WLC_Levoca.webp'><img loading=\"lazy\" decoding=\"async\" width=\"990\" height=\"660\" src=\"https:\/\/d2p6e6u75xmxt8.cloudfront.net\/4\/2023\/06\/06_WLC_Levoca.webp\" class=\"attachment-full size-full\" alt=\"\" srcset=\"https:\/\/d2p6e6u75xmxt8.cloudfront.net\/4\/2023\/06\/06_WLC_Levoca.webp 990w, https:\/\/d2p6e6u75xmxt8.cloudfront.net\/4\/2023\/06\/06_WLC_Levoca-300x200.webp 300w, https:\/\/d2p6e6u75xmxt8.cloudfront.net\/4\/2023\/06\/06_WLC_Levoca-768x512.webp 768w, https:\/\/d2p6e6u75xmxt8.cloudfront.net\/4\/2023\/06\/06_WLC_Levoca-400x267.webp 400w, https:\/\/d2p6e6u75xmxt8.cloudfront.net\/4\/2023\/06\/06_WLC_Levoca-272x182.webp 272w\" sizes=\"auto, (max-width: 990px) 100vw, 990px\" \/><\/a>\n\t\t\t<\/div><\/figure><figure class='gallery-item'>\n\t\t\t<div class='gallery-icon landscape'>\n\t\t\t\t<a href='https:\/\/d2p6e6u75xmxt8.cloudfront.net\/4\/2023\/06\/07_WLC_Levoca.webp'><img loading=\"lazy\" decoding=\"async\" width=\"990\" height=\"660\" src=\"https:\/\/d2p6e6u75xmxt8.cloudfront.net\/4\/2023\/06\/07_WLC_Levoca.webp\" class=\"attachment-full size-full\" alt=\"\" srcset=\"https:\/\/d2p6e6u75xmxt8.cloudfront.net\/4\/2023\/06\/07_WLC_Levoca.webp 990w, https:\/\/d2p6e6u75xmxt8.cloudfront.net\/4\/2023\/06\/07_WLC_Levoca-300x200.webp 300w, https:\/\/d2p6e6u75xmxt8.cloudfront.net\/4\/2023\/06\/07_WLC_Levoca-768x512.webp 768w, https:\/\/d2p6e6u75xmxt8.cloudfront.net\/4\/2023\/06\/07_WLC_Levoca-400x267.webp 400w, https:\/\/d2p6e6u75xmxt8.cloudfront.net\/4\/2023\/06\/07_WLC_Levoca-272x182.webp 272w\" sizes=\"auto, (max-width: 990px) 100vw, 990px\" \/><\/a>\n\t\t\t<\/div><\/figure>\n\t\t<\/div>\n\n<h2><strong><br \/>\nZ\u00e1zemie pretekov<\/strong><\/h2>\n<p><span style=\"font-weight: 400;\"><strong>Tento marat\u00f3n sa sna\u017e\u00ed udr\u017ea\u0165 ekologick\u00fd koncept organiz\u00e1cie, \u010do pom\u00e1ha lep\u0161ie \u0161\u00edri\u0165 my\u0161lienku ekol\u00f3gie medzi n\u00e1s.<\/strong> V\u0161etk\u00fdch z\u00fa\u010dastnen\u00fdch \u010dak\u00e1 aj tepl\u00e9 jedlo po dojazde do cie\u013ea v Levo\u010dskom Gastrodome a samozrejme neoddelite\u013en\u00e1 s\u00fa\u010das\u0165 cyklistiky, v\u00fdborn\u00e1 k\u00e1va. Okrem toho m\u00f4\u017eete nav\u0161t\u00edvi\u0165 aj historick\u00e9 pamiatky v centre Levo\u010de a toto v\u0161etko je v cene \u0161tartovn\u00e9ho.\u00a0<\/span><\/p>\n<div id='gallery-4' class='gallery galleryid-17737 gallery-columns-2 gallery-size-full'><figure class='gallery-item'>\n\t\t\t<div class='gallery-icon landscape'>\n\t\t\t\t<a href='https:\/\/d2p6e6u75xmxt8.cloudfront.net\/4\/2023\/06\/08_WLC_Levoca.webp'><img loading=\"lazy\" decoding=\"async\" width=\"990\" height=\"660\" src=\"https:\/\/d2p6e6u75xmxt8.cloudfront.net\/4\/2023\/06\/08_WLC_Levoca.webp\" class=\"attachment-full size-full\" alt=\"\" srcset=\"https:\/\/d2p6e6u75xmxt8.cloudfront.net\/4\/2023\/06\/08_WLC_Levoca.webp 990w, https:\/\/d2p6e6u75xmxt8.cloudfront.net\/4\/2023\/06\/08_WLC_Levoca-300x200.webp 300w, https:\/\/d2p6e6u75xmxt8.cloudfront.net\/4\/2023\/06\/08_WLC_Levoca-768x512.webp 768w, https:\/\/d2p6e6u75xmxt8.cloudfront.net\/4\/2023\/06\/08_WLC_Levoca-400x267.webp 400w, https:\/\/d2p6e6u75xmxt8.cloudfront.net\/4\/2023\/06\/08_WLC_Levoca-272x182.webp 272w\" sizes=\"auto, (max-width: 990px) 100vw, 990px\" \/><\/a>\n\t\t\t<\/div><\/figure><figure class='gallery-item'>\n\t\t\t<div class='gallery-icon landscape'>\n\t\t\t\t<a href='https:\/\/d2p6e6u75xmxt8.cloudfront.net\/4\/2023\/06\/09_WLC_Levoca.webp'><img loading=\"lazy\" decoding=\"async\" width=\"990\" height=\"660\" src=\"https:\/\/d2p6e6u75xmxt8.cloudfront.net\/4\/2023\/06\/09_WLC_Levoca.webp\" class=\"attachment-full size-full\" alt=\"\" srcset=\"https:\/\/d2p6e6u75xmxt8.cloudfront.net\/4\/2023\/06\/09_WLC_Levoca.webp 990w, https:\/\/d2p6e6u75xmxt8.cloudfront.net\/4\/2023\/06\/09_WLC_Levoca-300x200.webp 300w, https:\/\/d2p6e6u75xmxt8.cloudfront.net\/4\/2023\/06\/09_WLC_Levoca-768x512.webp 768w, https:\/\/d2p6e6u75xmxt8.cloudfront.net\/4\/2023\/06\/09_WLC_Levoca-400x267.webp 400w, https:\/\/d2p6e6u75xmxt8.cloudfront.net\/4\/2023\/06\/09_WLC_Levoca-272x182.webp 272w\" sizes=\"auto, (max-width: 990px) 100vw, 990px\" \/><\/a>\n\t\t\t<\/div><\/figure>\n\t\t<\/div>\n\n<p><span style=\"font-weight: 400;\"><br \/>\nOkrem dobr\u00e9ho jedla, sp\u0155ch a um\u00fdvania bicyklov s ich n\u00e1slednou \u00faschov\u0148ou n\u00e1s \u010dak\u00e1 aj bohat\u00fd sprievodn\u00fd program. <strong>V tomto pr\u00edpade bude ma\u0165 st\u00e1nok \u0160KODA pre deti pripraven\u00e9 pestr\u00e9 aktivity,<\/strong> a tak si okrem pretek\u00e1rov u\u017eij\u00fa kopec z\u00e1bavy aj ich rodinn\u00ed fan\u00fa\u0161ikovia.\u00a0<\/span><\/p>\n<div id='gallery-5' class='gallery galleryid-17737 gallery-columns-2 gallery-size-full'><figure class='gallery-item'>\n\t\t\t<div class='gallery-icon landscape'>\n\t\t\t\t<a href='https:\/\/d2p6e6u75xmxt8.cloudfront.net\/4\/2023\/06\/10_WLC_Levoca.webp'><img loading=\"lazy\" decoding=\"async\" width=\"990\" height=\"660\" src=\"https:\/\/d2p6e6u75xmxt8.cloudfront.net\/4\/2023\/06\/10_WLC_Levoca.webp\" class=\"attachment-full size-full\" alt=\"\" srcset=\"https:\/\/d2p6e6u75xmxt8.cloudfront.net\/4\/2023\/06\/10_WLC_Levoca.webp 990w, https:\/\/d2p6e6u75xmxt8.cloudfront.net\/4\/2023\/06\/10_WLC_Levoca-300x200.webp 300w, https:\/\/d2p6e6u75xmxt8.cloudfront.net\/4\/2023\/06\/10_WLC_Levoca-768x512.webp 768w, https:\/\/d2p6e6u75xmxt8.cloudfront.net\/4\/2023\/06\/10_WLC_Levoca-400x267.webp 400w, https:\/\/d2p6e6u75xmxt8.cloudfront.net\/4\/2023\/06\/10_WLC_Levoca-272x182.webp 272w\" sizes=\"auto, (max-width: 990px) 100vw, 990px\" \/><\/a>\n\t\t\t<\/div><\/figure><figure class='gallery-item'>\n\t\t\t<div class='gallery-icon landscape'>\n\t\t\t\t<a href='https:\/\/d2p6e6u75xmxt8.cloudfront.net\/4\/2023\/06\/11_WLC_Levoca.webp'><img loading=\"lazy\" decoding=\"async\" width=\"990\" height=\"660\" src=\"https:\/\/d2p6e6u75xmxt8.cloudfront.net\/4\/2023\/06\/11_WLC_Levoca.webp\" class=\"attachment-full size-full\" alt=\"\" srcset=\"https:\/\/d2p6e6u75xmxt8.cloudfront.net\/4\/2023\/06\/11_WLC_Levoca.webp 990w, https:\/\/d2p6e6u75xmxt8.cloudfront.net\/4\/2023\/06\/11_WLC_Levoca-300x200.webp 300w, https:\/\/d2p6e6u75xmxt8.cloudfront.net\/4\/2023\/06\/11_WLC_Levoca-768x512.webp 768w, https:\/\/d2p6e6u75xmxt8.cloudfront.net\/4\/2023\/06\/11_WLC_Levoca-400x267.webp 400w, https:\/\/d2p6e6u75xmxt8.cloudfront.net\/4\/2023\/06\/11_WLC_Levoca-272x182.webp 272w\" sizes=\"auto, (max-width: 990px) 100vw, 990px\" \/><\/a>\n\t\t\t<\/div><\/figure>\n\t\t<\/div>\n\n<h2><strong><br \/>\nNa z\u00e1ver<\/strong><\/h2>\n<p><span style=\"font-weight: 400;\"><strong>Ak m\u00e1te radi dejiny a hist\u00f3riu Slovenska, m\u00e1te jedine\u010dn\u00fa pr\u00edle\u017eitos\u0165 to spoji\u0165 aj s v\u00e1\u0161\u0148ou k cyklistike.<\/strong> Okrem kr\u00e1snej pr\u00edrody Levo\u010dsk\u00fdch vrchov m\u00f4\u017eete lep\u0161ie spozna\u0165 aj historick\u00e9 centrum Levo\u010de. Viac inform\u00e1cii n\u00e1jdete na <\/span><a href=\"http:\/\/www.cyklospis.sk\/skoda-mtb-maraton\/uvod\/\"><span style=\"font-weight: 400;\">str\u00e1nke organiz\u00e1tora<\/span><\/a><span style=\"font-weight: 400;\"> a <\/span><a href=\"https:\/\/www.welovecycling.com\/sk\/2022\/06\/01\/reportaz-skoda-mtb-maraton-levocske-vrchy-preteky-s-najkrajsimi-vyhladmi\/\"><span style=\"font-weight: 400;\">report\u00e1\u017e<\/span><\/a><span style=\"font-weight: 400;\"> z predo\u0161l\u00e9ho ro\u010dn\u00edka m\u00f4\u017ee posl\u00fa\u017ei\u0165 ako motiv\u00e1cia.\u00a0<\/span><\/p>\n<p>&nbsp;<\/p>\n","protected":false},"excerpt":{"rendered":"<p>Op\u00e4tovne sa pres\u00favame na v\u00fdchod Slovenska ok\u00fasi\u0165 kr\u00e1snu pr\u00edrodn\u00fa tra\u0165 s v\u00fdh\u013eadmi na Tatry v okol\u00ed Levo\u010de.<\/p>\n","protected":false},"author":172,"featured_media":17742,"comment_status":"open","ping_status":"open","sticky":false,"template":"","format":"standard","meta":{"footnotes":""},"categories":[33],"tags":[964,876,180,566,982,178,412,179,1557,542,35,859,1540,741,508,183],"global-categories":[1074],"class_list":["post-17737","post","type-post","status-publish","format-standard","has-post-thumbnail","hentry","category-sbot","tag-family","tag-historia","tag-horska-cyklistika","tag-leto","tag-levoca","tag-maraton","tag-mtb","tag-preteky","tag-sezona-2023","tag-skoda","tag-sbot","tag-skoda-mtb-maraton-levocske-vrchy","tag-tip","tag-tip-na-vylet","tag-vylet","tag-zabava","global-categories-cycling"],"yoast_head":"<!-- This site is optimized with the Yoast SEO Premium plugin v25.3 (Yoast SEO v25.9) - https:\/\/yoast.com\/wordpress\/plugins\/seo\/ -->\n<title>Pozv\u00e1nka: \u0160KODA MTB marat\u00f3n Levo\u010dsk\u00e9 vrchy - preteky pod doh\u013eadom Majstra Pavla<\/title>\n<meta name=\"description\" content=\"Op\u00e4tovne sa pres\u00favame na v\u00fdchod Slovenska ok\u00fasi\u0165 kr\u00e1snu pr\u00edrodn\u00fa tra\u0165 s v\u00fdh\u013eadmi na Tatry v okol\u00ed Levo\u010de. Pozrime sa, \u010do n\u00e1s \u010dak\u00e1.\" \/>\n<meta name=\"robots\" content=\"index, follow, max-snippet:-1, max-image-preview:large, max-video-preview:-1\" \/>\n<link rel=\"canonical\" href=\"https:\/\/www.welovecycling.com\/sk\/2023\/06\/26\/pozvanka-skoda-mtb-maraton-levocske-vrchy-preteky-pod-dohladom-majstra-pavla\/\" \/>\n<meta property=\"og:locale\" content=\"sk_SK\" \/>\n<meta property=\"og:type\" content=\"article\" \/>\n<meta property=\"og:title\" content=\"Pozv\u00e1nka: \u0160KODA MTB marat\u00f3n Levo\u010dsk\u00e9 vrchy - preteky pod doh\u013eadom Majstra Pavla\" \/>\n<meta property=\"og:description\" content=\"Op\u00e4tovne sa pres\u00favame na v\u00fdchod Slovenska ok\u00fasi\u0165 kr\u00e1snu pr\u00edrodn\u00fa tra\u0165 s v\u00fdh\u013eadmi na Tatry v okol\u00ed Levo\u010de. Pozrime sa, \u010do n\u00e1s \u010dak\u00e1.\" \/>\n<meta property=\"og:url\" content=\"https:\/\/www.welovecycling.com\/sk\/2023\/06\/26\/pozvanka-skoda-mtb-maraton-levocske-vrchy-preteky-pod-dohladom-majstra-pavla\/\" \/>\n<meta property=\"og:site_name\" content=\"\u0160koda We Love Cycling Slovensko\" \/>\n<meta property=\"article:published_time\" content=\"2023-06-26T08:00:08+00:00\" \/>\n<meta property=\"article:modified_time\" content=\"2023-06-26T08:05:25+00:00\" \/>\n<meta property=\"og:image\" content=\"https:\/\/d2p6e6u75xmxt8.cloudfront.net\/4\/2023\/06\/01_WLC_Levoca.webp\" \/>\n\t<meta property=\"og:image:width\" content=\"990\" \/>\n\t<meta property=\"og:image:height\" content=\"660\" \/>\n\t<meta property=\"og:image:type\" content=\"image\/webp\" \/>\n<meta name=\"author\" content=\"dominika\" \/>\n<meta name=\"twitter:card\" content=\"summary_large_image\" \/>\n<meta name=\"twitter:label1\" content=\"Written by\" \/>\n\t<meta name=\"twitter:data1\" content=\"dominika\" \/>\n\t<meta name=\"twitter:label2\" content=\"Est. reading time\" \/>\n\t<meta name=\"twitter:data2\" content=\"3 minutes\" \/>\n<script type=\"application\/ld+json\" class=\"yoast-schema-graph\">{\"@context\":\"https:\/\/schema.org\",\"@graph\":[{\"@type\":\"WebPage\",\"@id\":\"https:\/\/www.welovecycling.com\/sk\/2023\/06\/26\/pozvanka-skoda-mtb-maraton-levocske-vrchy-preteky-pod-dohladom-majstra-pavla\/\",\"url\":\"https:\/\/www.welovecycling.com\/sk\/2023\/06\/26\/pozvanka-skoda-mtb-maraton-levocske-vrchy-preteky-pod-dohladom-majstra-pavla\/\",\"name\":\"Pozv\u00e1nka: \u0160KODA MTB marat\u00f3n Levo\u010dsk\u00e9 vrchy - preteky pod doh\u013eadom Majstra Pavla\",\"isPartOf\":{\"@id\":\"https:\/\/www.welovecycling.com\/sk\/#website\"},\"primaryImageOfPage\":{\"@id\":\"https:\/\/www.welovecycling.com\/sk\/2023\/06\/26\/pozvanka-skoda-mtb-maraton-levocske-vrchy-preteky-pod-dohladom-majstra-pavla\/#primaryimage\"},\"image\":{\"@id\":\"https:\/\/www.welovecycling.com\/sk\/2023\/06\/26\/pozvanka-skoda-mtb-maraton-levocske-vrchy-preteky-pod-dohladom-majstra-pavla\/#primaryimage\"},\"thumbnailUrl\":\"https:\/\/d2p6e6u75xmxt8.cloudfront.net\/4\/2023\/06\/01_WLC_Levoca.webp\",\"datePublished\":\"2023-06-26T08:00:08+00:00\",\"dateModified\":\"2023-06-26T08:05:25+00:00\",\"author\":{\"@id\":\"https:\/\/www.welovecycling.com\/sk\/#\/schema\/person\/533b62b98b6c41bd5135ebfb1f742624\"},\"description\":\"Op\u00e4tovne sa pres\u00favame na v\u00fdchod Slovenska ok\u00fasi\u0165 kr\u00e1snu pr\u00edrodn\u00fa tra\u0165 s v\u00fdh\u013eadmi na Tatry v okol\u00ed Levo\u010de. Pozrime sa, \u010do n\u00e1s \u010dak\u00e1.\",\"breadcrumb\":{\"@id\":\"https:\/\/www.welovecycling.com\/sk\/2023\/06\/26\/pozvanka-skoda-mtb-maraton-levocske-vrchy-preteky-pod-dohladom-majstra-pavla\/#breadcrumb\"},\"inLanguage\":\"sk-SK\",\"potentialAction\":[{\"@type\":\"ReadAction\",\"target\":[\"https:\/\/www.welovecycling.com\/sk\/2023\/06\/26\/pozvanka-skoda-mtb-maraton-levocske-vrchy-preteky-pod-dohladom-majstra-pavla\/\"]}]},{\"@type\":\"ImageObject\",\"inLanguage\":\"sk-SK\",\"@id\":\"https:\/\/www.welovecycling.com\/sk\/2023\/06\/26\/pozvanka-skoda-mtb-maraton-levocske-vrchy-preteky-pod-dohladom-majstra-pavla\/#primaryimage\",\"url\":\"https:\/\/d2p6e6u75xmxt8.cloudfront.net\/4\/2023\/06\/01_WLC_Levoca.webp\",\"contentUrl\":\"https:\/\/d2p6e6u75xmxt8.cloudfront.net\/4\/2023\/06\/01_WLC_Levoca.webp\",\"width\":990,\"height\":660},{\"@type\":\"BreadcrumbList\",\"@id\":\"https:\/\/www.welovecycling.com\/sk\/2023\/06\/26\/pozvanka-skoda-mtb-maraton-levocske-vrchy-preteky-pod-dohladom-majstra-pavla\/#breadcrumb\",\"itemListElement\":[{\"@type\":\"ListItem\",\"position\":1,\"name\":\"Home\",\"item\":\"https:\/\/www.welovecycling.com\/sk\/\"},{\"@type\":\"ListItem\",\"position\":2,\"name\":\"Pozv\u00e1nka: \u0160KODA MTB marat\u00f3n Levo\u010dsk\u00e9 vrchy &#8211; preteky pod doh\u013eadom Majstra Pavla\"}]},{\"@type\":\"WebSite\",\"@id\":\"https:\/\/www.welovecycling.com\/sk\/#website\",\"url\":\"https:\/\/www.welovecycling.com\/sk\/\",\"name\":\"\u0160koda We Love Cycling Slovensko\",\"description\":\"\u0160koda We Love Cycling Slovensko je v\u00e1\u0161 ka\u017edodenn\u00fd zdroj noviniek a in\u0161pir\u00e1cie z sveta cyklistiky\",\"potentialAction\":[{\"@type\":\"SearchAction\",\"target\":{\"@type\":\"EntryPoint\",\"urlTemplate\":\"https:\/\/www.welovecycling.com\/sk\/?s={search_term_string}\"},\"query-input\":{\"@type\":\"PropertyValueSpecification\",\"valueRequired\":true,\"valueName\":\"search_term_string\"}}],\"inLanguage\":\"sk-SK\"},{\"@type\":\"Person\",\"@id\":\"https:\/\/www.welovecycling.com\/sk\/#\/schema\/person\/533b62b98b6c41bd5135ebfb1f742624\",\"name\":\"dominika\",\"image\":{\"@type\":\"ImageObject\",\"inLanguage\":\"sk-SK\",\"@id\":\"https:\/\/www.welovecycling.com\/sk\/#\/schema\/person\/image\/\",\"url\":\"https:\/\/secure.gravatar.com\/avatar\/ded6f274ba2ec3e17fff153f7d9d96a4b33c2cb63907f75d9a5309c599a7f3e6?s=96&d=mm&r=g\",\"contentUrl\":\"https:\/\/secure.gravatar.com\/avatar\/ded6f274ba2ec3e17fff153f7d9d96a4b33c2cb63907f75d9a5309c599a7f3e6?s=96&d=mm&r=g\",\"caption\":\"dominika\"},\"url\":\"https:\/\/www.welovecycling.com\/sk\/author\/dominika\/\"}]}<\/script>\n<!-- \/ Yoast SEO Premium plugin. -->","yoast_head_json":{"title":"Pozv\u00e1nka: \u0160KODA MTB marat\u00f3n Levo\u010dsk\u00e9 vrchy - preteky pod doh\u013eadom Majstra Pavla","description":"Op\u00e4tovne sa pres\u00favame na v\u00fdchod Slovenska ok\u00fasi\u0165 kr\u00e1snu pr\u00edrodn\u00fa tra\u0165 s v\u00fdh\u013eadmi na Tatry v okol\u00ed Levo\u010de. Pozrime sa, \u010do n\u00e1s \u010dak\u00e1.","robots":{"index":"index","follow":"follow","max-snippet":"max-snippet:-1","max-image-preview":"max-image-preview:large","max-video-preview":"max-video-preview:-1"},"canonical":"https:\/\/www.welovecycling.com\/sk\/2023\/06\/26\/pozvanka-skoda-mtb-maraton-levocske-vrchy-preteky-pod-dohladom-majstra-pavla\/","og_locale":"sk_SK","og_type":"article","og_title":"Pozv\u00e1nka: \u0160KODA MTB marat\u00f3n Levo\u010dsk\u00e9 vrchy - preteky pod doh\u013eadom Majstra Pavla","og_description":"Op\u00e4tovne sa pres\u00favame na v\u00fdchod Slovenska ok\u00fasi\u0165 kr\u00e1snu pr\u00edrodn\u00fa tra\u0165 s v\u00fdh\u013eadmi na Tatry v okol\u00ed Levo\u010de. Pozrime sa, \u010do n\u00e1s \u010dak\u00e1.","og_url":"https:\/\/www.welovecycling.com\/sk\/2023\/06\/26\/pozvanka-skoda-mtb-maraton-levocske-vrchy-preteky-pod-dohladom-majstra-pavla\/","og_site_name":"\u0160koda We Love Cycling Slovensko","article_published_time":"2023-06-26T08:00:08+00:00","article_modified_time":"2023-06-26T08:05:25+00:00","og_image":[{"width":990,"height":660,"url":"https:\/\/d2p6e6u75xmxt8.cloudfront.net\/4\/2023\/06\/01_WLC_Levoca.webp","type":"image\/webp"}],"author":"dominika","twitter_card":"summary_large_image","twitter_misc":{"Written by":"dominika","Est. reading time":"3 minutes"},"schema":{"@context":"https:\/\/schema.org","@graph":[{"@type":"WebPage","@id":"https:\/\/www.welovecycling.com\/sk\/2023\/06\/26\/pozvanka-skoda-mtb-maraton-levocske-vrchy-preteky-pod-dohladom-majstra-pavla\/","url":"https:\/\/www.welovecycling.com\/sk\/2023\/06\/26\/pozvanka-skoda-mtb-maraton-levocske-vrchy-preteky-pod-dohladom-majstra-pavla\/","name":"Pozv\u00e1nka: \u0160KODA MTB marat\u00f3n Levo\u010dsk\u00e9 vrchy - preteky pod doh\u013eadom Majstra Pavla","isPartOf":{"@id":"https:\/\/www.welovecycling.com\/sk\/#website"},"primaryImageOfPage":{"@id":"https:\/\/www.welovecycling.com\/sk\/2023\/06\/26\/pozvanka-skoda-mtb-maraton-levocske-vrchy-preteky-pod-dohladom-majstra-pavla\/#primaryimage"},"image":{"@id":"https:\/\/www.welovecycling.com\/sk\/2023\/06\/26\/pozvanka-skoda-mtb-maraton-levocske-vrchy-preteky-pod-dohladom-majstra-pavla\/#primaryimage"},"thumbnailUrl":"https:\/\/d2p6e6u75xmxt8.cloudfront.net\/4\/2023\/06\/01_WLC_Levoca.webp","datePublished":"2023-06-26T08:00:08+00:00","dateModified":"2023-06-26T08:05:25+00:00","author":{"@id":"https:\/\/www.welovecycling.com\/sk\/#\/schema\/person\/533b62b98b6c41bd5135ebfb1f742624"},"description":"Op\u00e4tovne sa pres\u00favame na v\u00fdchod Slovenska ok\u00fasi\u0165 kr\u00e1snu pr\u00edrodn\u00fa tra\u0165 s v\u00fdh\u013eadmi na Tatry v okol\u00ed Levo\u010de. Pozrime sa, \u010do n\u00e1s \u010dak\u00e1.","breadcrumb":{"@id":"https:\/\/www.welovecycling.com\/sk\/2023\/06\/26\/pozvanka-skoda-mtb-maraton-levocske-vrchy-preteky-pod-dohladom-majstra-pavla\/#breadcrumb"},"inLanguage":"sk-SK","potentialAction":[{"@type":"ReadAction","target":["https:\/\/www.welovecycling.com\/sk\/2023\/06\/26\/pozvanka-skoda-mtb-maraton-levocske-vrchy-preteky-pod-dohladom-majstra-pavla\/"]}]},{"@type":"ImageObject","inLanguage":"sk-SK","@id":"https:\/\/www.welovecycling.com\/sk\/2023\/06\/26\/pozvanka-skoda-mtb-maraton-levocske-vrchy-preteky-pod-dohladom-majstra-pavla\/#primaryimage","url":"https:\/\/d2p6e6u75xmxt8.cloudfront.net\/4\/2023\/06\/01_WLC_Levoca.webp","contentUrl":"https:\/\/d2p6e6u75xmxt8.cloudfront.net\/4\/2023\/06\/01_WLC_Levoca.webp","width":990,"height":660},{"@type":"BreadcrumbList","@id":"https:\/\/www.welovecycling.com\/sk\/2023\/06\/26\/pozvanka-skoda-mtb-maraton-levocske-vrchy-preteky-pod-dohladom-majstra-pavla\/#breadcrumb","itemListElement":[{"@type":"ListItem","position":1,"name":"Home","item":"https:\/\/www.welovecycling.com\/sk\/"},{"@type":"ListItem","position":2,"name":"Pozv\u00e1nka: \u0160KODA MTB marat\u00f3n Levo\u010dsk\u00e9 vrchy &#8211; preteky pod doh\u013eadom Majstra Pavla"}]},{"@type":"WebSite","@id":"https:\/\/www.welovecycling.com\/sk\/#website","url":"https:\/\/www.welovecycling.com\/sk\/","name":"\u0160koda We Love Cycling Slovensko","description":"\u0160koda We Love Cycling Slovensko je v\u00e1\u0161 ka\u017edodenn\u00fd zdroj noviniek a in\u0161pir\u00e1cie z sveta cyklistiky","potentialAction":[{"@type":"SearchAction","target":{"@type":"EntryPoint","urlTemplate":"https:\/\/www.welovecycling.com\/sk\/?s={search_term_string}"},"query-input":{"@type":"PropertyValueSpecification","valueRequired":true,"valueName":"search_term_string"}}],"inLanguage":"sk-SK"},{"@type":"Person","@id":"https:\/\/www.welovecycling.com\/sk\/#\/schema\/person\/533b62b98b6c41bd5135ebfb1f742624","name":"dominika","image":{"@type":"ImageObject","inLanguage":"sk-SK","@id":"https:\/\/www.welovecycling.com\/sk\/#\/schema\/person\/image\/","url":"https:\/\/secure.gravatar.com\/avatar\/ded6f274ba2ec3e17fff153f7d9d96a4b33c2cb63907f75d9a5309c599a7f3e6?s=96&d=mm&r=g","contentUrl":"https:\/\/secure.gravatar.com\/avatar\/ded6f274ba2ec3e17fff153f7d9d96a4b33c2cb63907f75d9a5309c599a7f3e6?s=96&d=mm&r=g","caption":"dominika"},"url":"https:\/\/www.welovecycling.com\/sk\/author\/dominika\/"}]}},"_links":{"self":[{"href":"https:\/\/www.welovecycling.com\/sk\/wp-json\/wp\/v2\/posts\/17737","targetHints":{"allow":["GET"]}}],"collection":[{"href":"https:\/\/www.welovecycling.com\/sk\/wp-json\/wp\/v2\/posts"}],"about":[{"href":"https:\/\/www.welovecycling.com\/sk\/wp-json\/wp\/v2\/types\/post"}],"author":[{"embeddable":true,"href":"https:\/\/www.welovecycling.com\/sk\/wp-json\/wp\/v2\/users\/172"}],"replies":[{"embeddable":true,"href":"https:\/\/www.welovecycling.com\/sk\/wp-json\/wp\/v2\/comments?post=17737"}],"version-history":[{"count":7,"href":"https:\/\/www.welovecycling.com\/sk\/wp-json\/wp\/v2\/posts\/17737\/revisions"}],"predecessor-version":[{"id":17759,"href":"https:\/\/www.welovecycling.com\/sk\/wp-json\/wp\/v2\/posts\/17737\/revisions\/17759"}],"wp:featuredmedia":[{"embeddable":true,"href":"https:\/\/www.welovecycling.com\/sk\/wp-json\/wp\/v2\/media\/17742"}],"wp:attachment":[{"href":"https:\/\/www.welovecycling.com\/sk\/wp-json\/wp\/v2\/media?parent=17737"}],"wp:term":[{"taxonomy":"category","embeddable":true,"href":"https:\/\/www.welovecycling.com\/sk\/wp-json\/wp\/v2\/categories?post=17737"},{"taxonomy":"post_tag","embeddable":true,"href":"https:\/\/www.welovecycling.com\/sk\/wp-json\/wp\/v2\/tags?post=17737"},{"taxonomy":"global-categories","embeddable":true,"href":"https:\/\/www.welovecycling.com\/sk\/wp-json\/wp\/v2\/global-categories?post=17737"}],"curies":[{"name":"wp","href":"https:\/\/api.w.org\/{rel}","templated":true}]}}