{"id":17724,"date":"2023-06-20T10:26:31","date_gmt":"2023-06-20T08:26:31","guid":{"rendered":"https:\/\/www.welovecycling.com\/sk\/?p=17724"},"modified":"2023-06-20T10:26:31","modified_gmt":"2023-06-20T08:26:31","slug":"rozhovor-marek-minar-skoda-mtb-cyklomaraton-topolcianky","status":"publish","type":"post","link":"https:\/\/www.welovecycling.com\/sk\/2023\/06\/20\/rozhovor-marek-minar-skoda-mtb-cyklomaraton-topolcianky\/","title":{"rendered":"Rozhovor: Marek Min\u00e1r \u2013 \u0160KODA MTB cyklomarat\u00f3n Topo\u013e\u010dianky"},"content":{"rendered":"<p><strong>Topo\u013e\u010dianky s\u00fa zn\u00e1me nielen v\u00ednom a\u00a0ko\u0148mi, ale v\u00a0okol\u00ed s\u00fa aj skvel\u00e9 trate, vhodn\u00e9 pre MTB cyklistiku. Aj preto sa tam ka\u017edoro\u010dne kon\u00e1 jedno z\u00a0k\u00f4l s\u00e9rie marat\u00f3nov \u0160KODA BIKE OPEN TOUR. Marek Min\u00e1r je spoluorganiz\u00e1tor cyklomarat\u00f3nu z klubu \u0160K Topo\u013e\u010dianky. Prezradil n\u00e1m p\u00e1r vec\u00ed zo z\u00e1kulisia, aj jednu z\u00e1bavn\u00fa pr\u00edhodu zo \u0161tartu.\u00a0<\/strong><!--more--><\/p>\n<p><span style=\"font-weight: 400;\">Organiz\u00e1cia tak\u00e9ho ve\u013ek\u00e9ho eventu, ak\u00fdm je cel\u00e1 s\u00e9ria \u0160KODA BIKE OPEN TOUR, si vy\u017eaduje ve\u013ea \u010dasu a financi\u00ed, ale takisto je tam potrebn\u00e1 rovnak\u00e1 d\u00e1vka nad\u0161enia, odhodlania a ochotn\u00fdch \u013eud\u00ed. Pripravili sme pre v\u00e1s s\u00e9riu rozhovorov s organiz\u00e1tormi jednotliv\u00fdch k\u00f4l, aby sme v\u00e1m pribl\u00ed\u017eili, ako tak\u00e1 pr\u00edprava prebieha, a \u017ee s\u00fa to skuto\u010dn\u00ed nad\u0161enci cyklistiky.<\/span><\/p>\n<p><b>\u010co v\u00e1s priviedlo k organizovaniu marat\u00f3nu v Topo\u013e\u010diankach?<br \/>\n<\/b><em><span style=\"font-weight: 400;\">V\u00a0roku 2014 bol zalo\u017een\u00fd \u0160portov\u00fd klub Topo\u013e\u010dianky na podnet podpredsedu n\u00e1\u0161ho klubu Martina Lakti\u0161a a\u00a0takisto on dal aj prv\u00fa my\u0161lienku zorganizova\u0165 MTB cyklomarat\u00f3n v Topo\u013e\u010diankach. Povedali sme si, ke\u010f to dok\u00e1\u017eu in\u00ed, sk\u00fasime to aj my. Takisto n\u00e1s pozit\u00edvne povzbudil aj prv\u00fd ro\u010dn\u00edk slovensk\u00e9ho poh\u00e1ra v\u00a0XCO v Drozdove, ktor\u00fd sme \u00faspe\u0161ne zorganizovali. Cie\u013eom bolo pripravi\u0165 kvalitn\u00e9 trate v\u00a0na\u0161om okol\u00ed, ktor\u00e9 bud\u00fa konkurova\u0165 ostatn\u00fdm marat\u00f3nom, zaujm\u00fa MTB cyklistov a\u00a0z\u00a0tohto d\u00f4vodu sa ku n\u00e1m bud\u00fa radi vraca\u0165.<\/span><\/em><\/p>\n<p><b>Od ktor\u00e9ho roku marat\u00f3n akt\u00edvne organizujete?<br \/>\n<\/b><em>1. ro\u010dn\u00edk sa uskuto\u010dnil 10. 9. 2016.<\/em><\/p>\n<p><b>Ako vyzeral prv\u00fd ro\u010dn\u00edk?<br \/>\n<\/b><em><span style=\"font-weight: 400;\">V prvom ro\u010dn\u00edku od\u0161tartovalo 360 pretek\u00e1rov, s\u00a0\u00fa\u010das\u0165ou sme boli spokojn\u00ed. Samozrejme, ur\u010dite sa vtedy na\u0161lo aj mnoho za\u010diato\u010dn\u00edckych chybi\u010diek, ktor\u00e9 sme sa v\u0161ak sna\u017eili doladi\u0165 v\u00a0\u010fal\u0161\u00edch ro\u010dn\u00edkoch.<\/span><\/em><\/p>\n<p><img loading=\"lazy\" decoding=\"async\" class=\"alignnone size-full wp-image-17726\" src=\"https:\/\/d2p6e6u75xmxt8.cloudfront.net\/4\/2023\/06\/04.webp\" alt=\"\" width=\"990\" height=\"660\" srcset=\"https:\/\/d2p6e6u75xmxt8.cloudfront.net\/4\/2023\/06\/04.webp 990w, https:\/\/d2p6e6u75xmxt8.cloudfront.net\/4\/2023\/06\/04-300x200.webp 300w, https:\/\/d2p6e6u75xmxt8.cloudfront.net\/4\/2023\/06\/04-768x512.webp 768w, https:\/\/d2p6e6u75xmxt8.cloudfront.net\/4\/2023\/06\/04-400x267.webp 400w, https:\/\/d2p6e6u75xmxt8.cloudfront.net\/4\/2023\/06\/04-272x182.webp 272w\" sizes=\"auto, (max-width: 990px) 100vw, 990px\" \/><\/p>\n<p><b>Kde vid\u00edte najv\u00e4\u010d\u0161\u00ed posun po\u010das rokov?<br \/>\n<\/b><em><span style=\"font-weight: 400;\">Ka\u017ed\u00fd rok sa sna\u017e\u00edme prinies\u0165 na trati aj nie\u010do nov\u00e9, nov\u00e9 \u00faseky, reagova\u0165 na podnety cyklistov z\u00a0MTB f\u00f3r a\u00a0pou\u010di\u0165 sa z nich. Mysl\u00edm, \u017ee v\u00a0zna\u010den\u00ed trate sme od za\u010diatku sp\u013a\u0148ali vysok\u00fd \u0161tandard. N\u00e1\u0161 pl\u00e1n bol takisto presun\u00fa\u0165 z\u00e1zemie \u0161tartu\/cie\u013ea do are\u00e1lu TJ Tatranu, \u010do sa n\u00e1m aj posledn\u00e9 3 ro\u010dn\u00edky podarilo. N\u00e1\u0161 hlavn\u00fd cie\u013e bol takisto dosta\u0165 sa do s\u00e9rie \u0160KODA BIKE OPEN TOUR, \u010do sa n\u00e1m <\/span><a href=\"https:\/\/www.welovecycling.com\/sk\/2021\/06\/29\/reportaz-skoda-mtb-cyklomaraton-topolcianky-prve-kolo-nasej-serie\/\"><span style=\"font-weight: 400;\">od roku 2021<\/span><\/a><span style=\"font-weight: 400;\"> aj podarilo.<\/span><\/em><\/p>\n<p><b>\u010co je na pr\u00edprave najn\u00e1ro\u010dnej\u0161ie?<br \/>\n<\/b><em><span style=\"font-weight: 400;\">Ur\u010dite zabezpe\u010di\u0165 dostato\u010dn\u00fd po\u010det regulov\u010d\u00edkov, ke\u010f\u017ee t\u00edto dobrovo\u013en\u00edci n\u00e1m pom\u00e1haj\u00fa nezi\u0161tne, bez n\u00e1roku na odmenu, za \u010do im patr\u00ed obrovsk\u00e1 v\u010faka.<\/span><\/em><\/p>\n<p><b>Ako je to s n\u00e1v\u0161tevnos\u0165ou?<br \/>\n<\/b><em><span style=\"font-weight: 400;\">Ostatn\u00e9 dva ro\u010dn\u00edky sme mali \u00fa\u010das\u0165 500 &#8211; 600 pretek\u00e1rov.<\/span><\/em><\/p>\n<p><img loading=\"lazy\" decoding=\"async\" class=\"alignnone size-full wp-image-17727\" src=\"https:\/\/d2p6e6u75xmxt8.cloudfront.net\/4\/2023\/06\/02-1.webp\" alt=\"\" width=\"990\" height=\"660\" srcset=\"https:\/\/d2p6e6u75xmxt8.cloudfront.net\/4\/2023\/06\/02-1.webp 990w, https:\/\/d2p6e6u75xmxt8.cloudfront.net\/4\/2023\/06\/02-1-300x200.webp 300w, https:\/\/d2p6e6u75xmxt8.cloudfront.net\/4\/2023\/06\/02-1-768x512.webp 768w, https:\/\/d2p6e6u75xmxt8.cloudfront.net\/4\/2023\/06\/02-1-400x267.webp 400w, https:\/\/d2p6e6u75xmxt8.cloudfront.net\/4\/2023\/06\/02-1-272x182.webp 272w\" sizes=\"auto, (max-width: 990px) 100vw, 990px\" \/><\/p>\n<p><b>S\u00fa\u010das\u0165ou marat\u00f3nu je aj tra\u0165 \u0160koda Family pre rodi\u010dov s de\u0165mi. Ako to vn\u00edmate, nemaj\u00fa rodi\u010dia prehnane n\u00e1roky na svoje deti?<br \/>\n<\/b><em><span style=\"font-weight: 400;\">Asi ka\u017ed\u00fd rodi\u010d chce ma\u0165 doma dobr\u00e9ho pretek\u00e1ra, ale nie v\u017edy to funguje pod\u013ea predstavy rodi\u010da, m\u00f4j cie\u013e je vytvori\u0165 mojim de\u0165om podmienky, aby \u0161portovali a\u00a0na\u0161li si v\u00a0\u0161porte z\u00e1bavu, ak\u00fa m\u00e1m od svojho detstva aj ja.<\/span><\/em><\/p>\n<p><img loading=\"lazy\" decoding=\"async\" class=\"alignnone size-full wp-image-17728\" src=\"https:\/\/d2p6e6u75xmxt8.cloudfront.net\/4\/2023\/06\/06-1.webp\" alt=\"\" width=\"990\" height=\"660\" srcset=\"https:\/\/d2p6e6u75xmxt8.cloudfront.net\/4\/2023\/06\/06-1.webp 990w, https:\/\/d2p6e6u75xmxt8.cloudfront.net\/4\/2023\/06\/06-1-300x200.webp 300w, https:\/\/d2p6e6u75xmxt8.cloudfront.net\/4\/2023\/06\/06-1-768x512.webp 768w, https:\/\/d2p6e6u75xmxt8.cloudfront.net\/4\/2023\/06\/06-1-400x267.webp 400w, https:\/\/d2p6e6u75xmxt8.cloudfront.net\/4\/2023\/06\/06-1-272x182.webp 272w\" sizes=\"auto, (max-width: 990px) 100vw, 990px\" \/><\/p>\n<p><b>Viete pri poh\u013eade sp\u00e4\u0165 vybra\u0165 preteky, ktor\u00e9 s\u00fa pre v\u00e1s nezabudnute\u013en\u00e9?<br \/>\n<\/b><em><span style=\"font-weight: 400;\">Na na\u0161om cyklomarat\u00f3ne som nikdy nepretekal, od prv\u00e9ho ro\u010dn\u00edka akt\u00edvne pom\u00e1ham s\u00a0organizovan\u00edm, ale ke\u010f\u017ee dos\u0165 \u010dasto jazd\u00edm na biku v\u00a0tomto regi\u00f3ne, pre m\u0148a s\u00fa tie na\u0161e preteky nezabudnute\u013en\u00e9, mysl\u00edm, \u017ee vieme spravi\u0165 a rob\u00edme pekn\u00e9, atrakt\u00edvne preteky.<\/span><\/em><\/p>\n<p><b>Ako vyzeraj\u00fa pr\u00edpravy a kedy s nimi za\u010d\u00ednate?<br \/>\n<\/b><em><span style=\"font-weight: 400;\">Pravideln\u00e9 organiza\u010dn\u00e9 stretnutia n\u00e1\u0161ho t\u00edmu za\u010d\u00ednaj\u00fa 4 &#8211; 5 mesiacov pred term\u00ednom pretekov, brig\u00e1dy pl\u00e1novan\u00e9 na \u00fapravu, \u010distenie trat\u00ed rie\u0161ime pod\u013ea potreby a\u00a0samotn\u00e9 zna\u010denie, pr\u00edpravu are\u00e1lu pl\u00e1nujeme 1 a\u017e 3 dni pred akciou.<\/span><\/em><\/p>\n<p><img loading=\"lazy\" decoding=\"async\" class=\"alignnone size-full wp-image-17730\" src=\"https:\/\/d2p6e6u75xmxt8.cloudfront.net\/4\/2023\/06\/03-2.webp\" alt=\"\" width=\"990\" height=\"660\" srcset=\"https:\/\/d2p6e6u75xmxt8.cloudfront.net\/4\/2023\/06\/03-2.webp 990w, https:\/\/d2p6e6u75xmxt8.cloudfront.net\/4\/2023\/06\/03-2-300x200.webp 300w, https:\/\/d2p6e6u75xmxt8.cloudfront.net\/4\/2023\/06\/03-2-768x512.webp 768w, https:\/\/d2p6e6u75xmxt8.cloudfront.net\/4\/2023\/06\/03-2-400x267.webp 400w, https:\/\/d2p6e6u75xmxt8.cloudfront.net\/4\/2023\/06\/03-2-272x182.webp 272w\" sizes=\"auto, (max-width: 990px) 100vw, 990px\" \/><\/p>\n<p><b>Ako vyzer\u00e1 v\u00e1\u0161 program v de\u0148 konania akcie?<br \/>\n<\/b><em><span style=\"font-weight: 400;\">V\u00a0de\u0148 konania akcie dokon\u010dievame posledn\u00e9 detaily, stret\u00e1vame sa s\u00a0regulov\u010d\u00edkmi a\u00a0odovzd\u00e1vame im posledn\u00e9 in\u0161trukcie. Popoludn\u00ed po od\u0161tartovan\u00ed v\u0161etk\u00fdch kateg\u00f3ri\u00ed sa pripravujeme na samotn\u00e9 vyhodnotenie a\u00a0n\u00e1sledne sa mus\u00edme pripravi\u0165 na \u010fal\u0161\u00ed pretek\u00e1rsky de\u0148, ktor\u00fdm bude Detsk\u00e1 tour Petra Sagana.<\/span><\/em><\/p>\n<p><b>Organizujete aj nejak\u00e9 in\u00e9 preteky?<br \/>\n<\/b><em><span style=\"font-weight: 400;\">\u00a0V\u00a0jarn\u00fdch mesiacoch v\u00a0r\u00e1mci Slovensk\u00e9ho poh\u00e1ra organizujeme XCO Drozdovo.<\/span><\/em><\/p>\n<p><img loading=\"lazy\" decoding=\"async\" class=\"alignnone size-full wp-image-17731\" src=\"https:\/\/d2p6e6u75xmxt8.cloudfront.net\/4\/2023\/06\/08-1.webp\" alt=\"\" width=\"990\" height=\"660\" srcset=\"https:\/\/d2p6e6u75xmxt8.cloudfront.net\/4\/2023\/06\/08-1.webp 990w, https:\/\/d2p6e6u75xmxt8.cloudfront.net\/4\/2023\/06\/08-1-300x200.webp 300w, https:\/\/d2p6e6u75xmxt8.cloudfront.net\/4\/2023\/06\/08-1-768x512.webp 768w, https:\/\/d2p6e6u75xmxt8.cloudfront.net\/4\/2023\/06\/08-1-400x267.webp 400w, https:\/\/d2p6e6u75xmxt8.cloudfront.net\/4\/2023\/06\/08-1-272x182.webp 272w\" sizes=\"auto, (max-width: 990px) 100vw, 990px\" \/><\/p>\n<p><b>Po\u010das rokov ste za\u017eili r\u00f4zne typy po\u010dasia. Ak\u00e9 po\u010dasie je najhor\u0161ie &#8211; vietor, d\u00e1\u017e\u010f \u010di ve\u013ek\u00e1 hor\u00fa\u010dava?<br \/>\n<\/b><em><span style=\"font-weight: 400;\">Po\u010das jedn\u00e9ho ro\u010dn\u00edka sme mali po\u010dasie, ktor\u00e9 sp\u00f4sobilo, \u017ee sme nakoniec boli n\u00faten\u00ed preteky zru\u0161i\u0165. Siln\u00e1 b\u00farka v\u00a0de\u0148 podujatia n\u00e1m zni\u010dila cel\u00fa na\u0161u snahu s\u00a0organizovan\u00edm pretekov.<\/span><\/em><\/p>\n<p><b>Organizovanie tak\u00e9hoto ve\u013ek\u00e9ho podujatia sa nezaob\u00edde bez pomoci dobrovo\u013en\u00edkov. Nem\u00e1te probl\u00e9m ich ka\u017edoro\u010dne n\u00e1js\u0165 dostato\u010dne mno\u017estvo?<br \/>\n<\/b><em><span style=\"font-weight: 400;\">\u00c1no, ve\u013ek\u00fd probl\u00e9m ka\u017ed\u00fd rok je zabezpe\u010di\u0165 dostatok regulov\u010d\u00edkov \u2013 dobrovo\u013en\u00edkov. N\u00e1\u0161 klub organizuje tri podujatia v\u00a0r\u00e1mci cyklistiky ka\u017ed\u00fd rok a\u00a0v\u00e4\u010d\u0161ina dobrovo\u013en\u00edkov n\u00e1m pom\u00e1ha na v\u0161etk\u00fdch podujatiach, \u010di u\u017e v\u00a0samotn\u00fd de\u0148 pretekov, alebo pri pr\u00edprav\u00e1ch, za \u010do im chceme aj touto cestou po\u010fakova\u0165. Bez ich podpory by sme nedok\u00e1zali tak\u00e9to preteky organiza\u010dne zabezpe\u010di\u0165. Po\u010das pretekov n\u00e1m pom\u00e1ha 80-\u00a0 90 dobrovo\u013en\u00edkov.<\/span><\/em><\/p>\n<p><img loading=\"lazy\" decoding=\"async\" class=\"alignnone size-full wp-image-17732\" src=\"https:\/\/d2p6e6u75xmxt8.cloudfront.net\/4\/2023\/06\/01-2.webp\" alt=\"\" width=\"990\" height=\"660\" srcset=\"https:\/\/d2p6e6u75xmxt8.cloudfront.net\/4\/2023\/06\/01-2.webp 990w, https:\/\/d2p6e6u75xmxt8.cloudfront.net\/4\/2023\/06\/01-2-300x200.webp 300w, https:\/\/d2p6e6u75xmxt8.cloudfront.net\/4\/2023\/06\/01-2-768x512.webp 768w, https:\/\/d2p6e6u75xmxt8.cloudfront.net\/4\/2023\/06\/01-2-400x267.webp 400w, https:\/\/d2p6e6u75xmxt8.cloudfront.net\/4\/2023\/06\/01-2-272x182.webp 272w\" sizes=\"auto, (max-width: 990px) 100vw, 990px\" \/><\/p>\n<p><b>Ak\u00e1 je podpora obce? Uvedomuj\u00fa si, \u017ee je to aj pre nich mo\u017enos\u0165 propag\u00e1cie?<br \/>\n<\/b><em><span style=\"font-weight: 400;\">Obec Topo\u013e\u010dianky n\u00e1m poskytuje z\u00e1zemie are\u00e1lu TJ Tatran Topo\u013e\u010dianky a\u00a0takisto n\u00e1m pom\u00e1ha pri pr\u00edprave are\u00e1lu a\u00a0organizovan\u00ed podujatia. Ur\u010dite to takisto vn\u00edmaj\u00fa ako pr\u00edle\u017eitos\u0165 na z\u00edskanie nov\u00fdch n\u00e1v\u0161tevn\u00edkov na\u0161ej obce.<\/span><\/em><\/p>\n<p><b>Sledujete aj organizovanie podrobn\u00fdch akcii v zahrani\u010d\u00ed, pr\u00edpadne ste sa nimi v nie\u010dom in\u0161pirovali?<br \/>\n<\/b><em><span style=\"font-weight: 400;\">N\u00e1\u0161 predseda klubu Milan H\u00fasenica sa z\u00fa\u010dast\u0148uje s\u00a0pretek\u00e1rskym t\u00edmom takisto aj cyklistick\u00fdch pretekov v\u00a0zahrani\u010d\u00ed a\u00a0pravidelne n\u00e1\u0161 organiza\u010dn\u00fd t\u00edm nie\u010d\u00edm nov\u00fdm in\u0161piruje. Jeho osobn\u00e9 zanietenie, ale aj ostatn\u00fdch \u010dlenov, by\u0165 st\u00e1le lep\u0161\u00ed, n\u00e1s ka\u017ed\u00fd rok pos\u00fava vpred.<\/span><\/em><\/p>\n<p><b>Pozn\u00e1te sa organiz\u00e1tori jednotliv\u00fdch k\u00f4l \u0160BOT &#8211; spolupracujete vz\u00e1jomne?<br \/>\n<\/b><em><span style=\"font-weight: 400;\">\u00c1no pozn\u00e1me, vymie\u0148ame si inform\u00e1cie o mo\u017en\u00fdch spolo\u010dn\u00fdch sponzoroch, n\u00e1padoch ako zatrakt\u00edvni\u0165 podujatia, zos\u00fala\u010fujeme spolo\u010dn\u00fd kalend\u00e1r s\u00e9rie.<\/span><\/em><\/p>\n<p><b>Stal sa po\u010das rokov aj nejak\u00fd v\u00e1\u017enej\u0161\u00ed \u00faraz?<br \/>\n<\/b><em><span style=\"font-weight: 400;\">Dom\u00e1ci pretek\u00e1r si v\u00a0jednom ro\u010dn\u00edku zlomil ruku, po p\u00e1doch sme mali nejak\u00e9 men\u0161ie odreniny. \u010co si pam\u00e4t\u00e1m, na\u0161\u0165astie sme nemali nejak\u00fd v\u00e1\u017eny \u00faraz a\u00a0pevne ver\u00edm, \u017ee do bud\u00facna sa ni\u010d v\u00e1\u017ene nestane.<\/span><\/em><\/p>\n<p><b>M\u00e1te nejak\u00fa z\u00e1bavn\u00fa pr\u00edhodu zo z\u00e1kulisia ale priamo z miesta konania pretekov?<br \/>\n<\/b><em><span style=\"font-weight: 400;\">Asi 30 min\u00fat pred \u0161tartom prvej kateg\u00f3rie n\u00e1m praskla, vyfu\u010dala nafukovacia \u0161tartovacia br\u00e1na. Ke\u010f sa to stalo, mysl\u00edm, \u017ee niekto z\u00a0organiz\u00e1torov zahl\u00e1sil \u201ea\u00a0m\u00e1me po pretekoch\u201c. Samozrejme, \u017ee prv\u00e1 kateg\u00f3ria pretekov od\u0161tartovala na\u010das. Sp\u00e4tne, ke\u010f si na to spomeniem, tak sa pousmejem, ob\u010das sa nepl\u00e1novane stane nie\u010do, \u010do ur\u010dite nechcete, aby sa v\u00e1m stalo pr\u00e1ve teraz.\u00a0<\/span><\/em><\/p>\n<p><img loading=\"lazy\" decoding=\"async\" class=\"alignnone size-full wp-image-17733\" src=\"https:\/\/d2p6e6u75xmxt8.cloudfront.net\/4\/2023\/06\/07-1.webp\" alt=\"\" width=\"990\" height=\"660\" srcset=\"https:\/\/d2p6e6u75xmxt8.cloudfront.net\/4\/2023\/06\/07-1.webp 990w, https:\/\/d2p6e6u75xmxt8.cloudfront.net\/4\/2023\/06\/07-1-300x200.webp 300w, https:\/\/d2p6e6u75xmxt8.cloudfront.net\/4\/2023\/06\/07-1-768x512.webp 768w, https:\/\/d2p6e6u75xmxt8.cloudfront.net\/4\/2023\/06\/07-1-400x267.webp 400w, https:\/\/d2p6e6u75xmxt8.cloudfront.net\/4\/2023\/06\/07-1-272x182.webp 272w\" sizes=\"auto, (max-width: 990px) 100vw, 990px\" \/><\/p>\n<p><b>Spomeniete si, ak\u00fd bol najmlad\u0161\u00ed a najstar\u0161\u00ed pretek\u00e1r?<br \/>\n<\/b><em><span style=\"font-weight: 400;\">Najmlad\u0161\u00ed pretek\u00e1r z\u00a0dom\u00e1ceho klubu \u0160K Topo\u013e\u010dianky sa z\u00fa\u010dastnil n\u00e1\u0161ho marat\u00f3nu ako 6-ro\u010dn\u00fd, najstar\u0161\u00ed pretek\u00e1r, \u010do si pam\u00e4t\u00e1m, mal 68 rokov.<\/span><\/em><\/p>\n<p><b>Ste alebo bol ste akt\u00edvny cyklista?<br \/>\n<\/b><em><span style=\"font-weight: 400;\">\u00c1no, som cyklista, ale sk\u00f4r hobby cyklista. K\u00a0cyklistike do klubu \u0160K Topo\u013e\u010dianky som sa dostal cez moje deti, ke\u010f som ich sprev\u00e1dzal na MTB pretekoch slovensk\u00e9ho poh\u00e1ra horskej cyklistiky, Detskej tour Petra Sagana.<\/span><\/em><\/p>\n<p><img loading=\"lazy\" decoding=\"async\" class=\"alignnone size-full wp-image-17734\" src=\"https:\/\/d2p6e6u75xmxt8.cloudfront.net\/4\/2023\/06\/05-1.webp\" alt=\"\" width=\"990\" height=\"660\" srcset=\"https:\/\/d2p6e6u75xmxt8.cloudfront.net\/4\/2023\/06\/05-1.webp 990w, https:\/\/d2p6e6u75xmxt8.cloudfront.net\/4\/2023\/06\/05-1-300x200.webp 300w, https:\/\/d2p6e6u75xmxt8.cloudfront.net\/4\/2023\/06\/05-1-768x512.webp 768w, https:\/\/d2p6e6u75xmxt8.cloudfront.net\/4\/2023\/06\/05-1-400x267.webp 400w, https:\/\/d2p6e6u75xmxt8.cloudfront.net\/4\/2023\/06\/05-1-272x182.webp 272w\" sizes=\"auto, (max-width: 990px) 100vw, 990px\" \/><\/p>\n<p><b>M\u00e1te nejak\u00e9 kon\u00ed\u010dky \u010di aktivity, ktor\u00fdm sa venujete okrem cyklistiky?<br \/>\n<\/b><em><span style=\"font-weight: 400;\">Turistika, skialpinizmus.<\/span><\/em><\/p>\n<p><b>M\u00e1te nejak\u00fd odkaz pre \u00fa\u010dastn\u00edkov aktu\u00e1lneho 10. v\u00fdro\u010dia \u0160KODA BIKE OPEN TOUR?<br \/>\n<\/b><em><span style=\"font-weight: 400;\">Ur\u010dite <\/span><a href=\"https:\/\/www.welovecycling.com\/sk\/2023\/06\/07\/pozvanka-skoda-mtb-cyklomaraton-topolcianky-preteky-v-tajuplnom-pohori-tribec\/\"><span style=\"font-weight: 400;\">pr\u00ed\u010fte 24. 6. 2023<\/span><\/a><span style=\"font-weight: 400;\"> a\u00a0u\u017eite si tento de\u0148 na na\u0161ich cyklotratiach v\u00a0okol\u00ed Topo\u013e\u010dianok. TE\u0160\u00cdME SA NA V\u00c1S.<\/span><\/em><\/p>\n<p>&nbsp;<\/p>\n","protected":false},"excerpt":{"rendered":"<p>Topo\u013e\u010dianky s\u00fa zn\u00e1me nielen v\u00ednom a\u00a0ko\u0148mi, ale v\u00a0okol\u00ed s\u00fa aj skvel\u00e9 trate, vhodn\u00e9 pre MTB cyklistiku. Aj preto sa tam [&hellip;]<\/p>\n","protected":false},"author":172,"featured_media":17725,"comment_status":"open","ping_status":"open","sticky":false,"template":"","format":"standard","meta":{"footnotes":""},"categories":[33],"tags":[1246,546,180,566,178,412,1453,37,501,1557,542,35,1363,1362],"global-categories":[1074],"class_list":["post-17724","post","type-post","status-publish","format-standard","has-post-thumbnail","hentry","category-sbot","tag-cyklisticka-komunita","tag-cyklistika","tag-horska-cyklistika","tag-leto","tag-maraton","tag-mtb","tag-mtb-jazda","tag-podujatia","tag-rozhovor","tag-sezona-2023","tag-skoda","tag-sbot","tag-skoda-mtb-cyklomaraton-topolcianky","tag-topolcianky","global-categories-cycling"],"yoast_head":"<!-- This site is optimized with the Yoast SEO Premium plugin v25.3 (Yoast SEO v25.9) - https:\/\/yoast.com\/wordpress\/plugins\/seo\/ -->\n<title>Rozhovor: Marek Min\u00e1r \u2013 \u0160KODA MTB cyklomarat\u00f3n Topo\u013e\u010dianky<\/title>\n<meta name=\"description\" content=\"V Topo\u013e\u010diankach sa kon\u00e1 jedno z\u00a0k\u00f4l s\u00e9rie marat\u00f3nov \u0160KODA BIKE OPEN TOUR. Marek Min\u00e1r, spoluorganiz\u00e1tor, n\u00e1m prezradil p\u00e1r vec\u00ed zo z\u00e1kulisia.\" \/>\n<meta name=\"robots\" content=\"index, follow, max-snippet:-1, max-image-preview:large, max-video-preview:-1\" \/>\n<link rel=\"canonical\" href=\"https:\/\/www.welovecycling.com\/sk\/2023\/06\/20\/rozhovor-marek-minar-skoda-mtb-cyklomaraton-topolcianky\/\" \/>\n<meta property=\"og:locale\" content=\"sk_SK\" \/>\n<meta property=\"og:type\" content=\"article\" \/>\n<meta property=\"og:title\" content=\"Rozhovor: Marek Min\u00e1r \u2013 \u0160KODA MTB cyklomarat\u00f3n Topo\u013e\u010dianky\" \/>\n<meta property=\"og:description\" content=\"V Topo\u013e\u010diankach sa kon\u00e1 jedno z\u00a0k\u00f4l s\u00e9rie marat\u00f3nov \u0160KODA BIKE OPEN TOUR. Marek Min\u00e1r, spoluorganiz\u00e1tor, n\u00e1m prezradil p\u00e1r vec\u00ed zo z\u00e1kulisia.\" \/>\n<meta property=\"og:url\" content=\"https:\/\/www.welovecycling.com\/sk\/2023\/06\/20\/rozhovor-marek-minar-skoda-mtb-cyklomaraton-topolcianky\/\" \/>\n<meta property=\"og:site_name\" content=\"\u0160koda We Love Cycling Slovensko\" \/>\n<meta property=\"article:published_time\" content=\"2023-06-20T08:26:31+00:00\" \/>\n<meta property=\"og:image\" content=\"https:\/\/d2p6e6u75xmxt8.cloudfront.net\/4\/2023\/06\/titulka-2.webp\" \/>\n\t<meta property=\"og:image:width\" content=\"990\" \/>\n\t<meta property=\"og:image:height\" content=\"660\" \/>\n\t<meta property=\"og:image:type\" content=\"image\/webp\" \/>\n<meta name=\"author\" content=\"dominika\" \/>\n<meta name=\"twitter:card\" content=\"summary_large_image\" \/>\n<meta name=\"twitter:label1\" content=\"Written by\" \/>\n\t<meta name=\"twitter:data1\" content=\"Radovan Vr\u0161ka\" \/>\n\t<meta name=\"twitter:label2\" content=\"Est. reading time\" \/>\n\t<meta name=\"twitter:data2\" content=\"5\" \/>\n<script type=\"application\/ld+json\" class=\"yoast-schema-graph\">{\"@context\":\"https:\/\/schema.org\",\"@graph\":[{\"@type\":\"WebPage\",\"@id\":\"https:\/\/www.welovecycling.com\/sk\/2023\/06\/20\/rozhovor-marek-minar-skoda-mtb-cyklomaraton-topolcianky\/\",\"url\":\"https:\/\/www.welovecycling.com\/sk\/2023\/06\/20\/rozhovor-marek-minar-skoda-mtb-cyklomaraton-topolcianky\/\",\"name\":\"Rozhovor: Marek Min\u00e1r \u2013 \u0160KODA MTB cyklomarat\u00f3n Topo\u013e\u010dianky\",\"isPartOf\":{\"@id\":\"https:\/\/www.welovecycling.com\/sk\/#website\"},\"primaryImageOfPage\":{\"@id\":\"https:\/\/www.welovecycling.com\/sk\/2023\/06\/20\/rozhovor-marek-minar-skoda-mtb-cyklomaraton-topolcianky\/#primaryimage\"},\"image\":{\"@id\":\"https:\/\/www.welovecycling.com\/sk\/2023\/06\/20\/rozhovor-marek-minar-skoda-mtb-cyklomaraton-topolcianky\/#primaryimage\"},\"thumbnailUrl\":\"https:\/\/d2p6e6u75xmxt8.cloudfront.net\/4\/2023\/06\/titulka-2.webp\",\"datePublished\":\"2023-06-20T08:26:31+00:00\",\"author\":{\"@id\":\"https:\/\/www.welovecycling.com\/sk\/#\/schema\/person\/533b62b98b6c41bd5135ebfb1f742624\"},\"description\":\"V Topo\u013e\u010diankach sa kon\u00e1 jedno z\u00a0k\u00f4l s\u00e9rie marat\u00f3nov \u0160KODA BIKE OPEN TOUR. Marek Min\u00e1r, spoluorganiz\u00e1tor, n\u00e1m prezradil p\u00e1r vec\u00ed zo z\u00e1kulisia.\",\"breadcrumb\":{\"@id\":\"https:\/\/www.welovecycling.com\/sk\/2023\/06\/20\/rozhovor-marek-minar-skoda-mtb-cyklomaraton-topolcianky\/#breadcrumb\"},\"inLanguage\":\"sk-SK\",\"potentialAction\":[{\"@type\":\"ReadAction\",\"target\":[\"https:\/\/www.welovecycling.com\/sk\/2023\/06\/20\/rozhovor-marek-minar-skoda-mtb-cyklomaraton-topolcianky\/\"]}]},{\"@type\":\"ImageObject\",\"inLanguage\":\"sk-SK\",\"@id\":\"https:\/\/www.welovecycling.com\/sk\/2023\/06\/20\/rozhovor-marek-minar-skoda-mtb-cyklomaraton-topolcianky\/#primaryimage\",\"url\":\"https:\/\/d2p6e6u75xmxt8.cloudfront.net\/4\/2023\/06\/titulka-2.webp\",\"contentUrl\":\"https:\/\/d2p6e6u75xmxt8.cloudfront.net\/4\/2023\/06\/titulka-2.webp\",\"width\":990,\"height\":660},{\"@type\":\"BreadcrumbList\",\"@id\":\"https:\/\/www.welovecycling.com\/sk\/2023\/06\/20\/rozhovor-marek-minar-skoda-mtb-cyklomaraton-topolcianky\/#breadcrumb\",\"itemListElement\":[{\"@type\":\"ListItem\",\"position\":1,\"name\":\"Home\",\"item\":\"https:\/\/www.welovecycling.com\/sk\/\"},{\"@type\":\"ListItem\",\"position\":2,\"name\":\"Rozhovor: Marek Min\u00e1r \u2013 \u0160KODA MTB cyklomarat\u00f3n Topo\u013e\u010dianky\"}]},{\"@type\":\"WebSite\",\"@id\":\"https:\/\/www.welovecycling.com\/sk\/#website\",\"url\":\"https:\/\/www.welovecycling.com\/sk\/\",\"name\":\"\u0160koda We Love Cycling Slovensko\",\"description\":\"\u0160koda We Love Cycling Slovensko je v\u00e1\u0161 ka\u017edodenn\u00fd zdroj noviniek a in\u0161pir\u00e1cie z sveta cyklistiky\",\"potentialAction\":[{\"@type\":\"SearchAction\",\"target\":{\"@type\":\"EntryPoint\",\"urlTemplate\":\"https:\/\/www.welovecycling.com\/sk\/?s={search_term_string}\"},\"query-input\":{\"@type\":\"PropertyValueSpecification\",\"valueRequired\":true,\"valueName\":\"search_term_string\"}}],\"inLanguage\":\"sk-SK\"},{\"@type\":\"Person\",\"@id\":\"https:\/\/www.welovecycling.com\/sk\/#\/schema\/person\/533b62b98b6c41bd5135ebfb1f742624\",\"name\":\"dominika\",\"image\":{\"@type\":\"ImageObject\",\"inLanguage\":\"sk-SK\",\"@id\":\"https:\/\/www.welovecycling.com\/sk\/#\/schema\/person\/image\/\",\"url\":\"https:\/\/secure.gravatar.com\/avatar\/ded6f274ba2ec3e17fff153f7d9d96a4b33c2cb63907f75d9a5309c599a7f3e6?s=96&d=mm&r=g\",\"contentUrl\":\"https:\/\/secure.gravatar.com\/avatar\/ded6f274ba2ec3e17fff153f7d9d96a4b33c2cb63907f75d9a5309c599a7f3e6?s=96&d=mm&r=g\",\"caption\":\"dominika\"},\"url\":\"https:\/\/www.welovecycling.com\/sk\/author\/dominika\/\"}]}<\/script>\n<!-- \/ Yoast SEO Premium plugin. -->","yoast_head_json":{"title":"Rozhovor: Marek Min\u00e1r \u2013 \u0160KODA MTB cyklomarat\u00f3n Topo\u013e\u010dianky","description":"V Topo\u013e\u010diankach sa kon\u00e1 jedno z\u00a0k\u00f4l s\u00e9rie marat\u00f3nov \u0160KODA BIKE OPEN TOUR. Marek Min\u00e1r, spoluorganiz\u00e1tor, n\u00e1m prezradil p\u00e1r vec\u00ed zo z\u00e1kulisia.","robots":{"index":"index","follow":"follow","max-snippet":"max-snippet:-1","max-image-preview":"max-image-preview:large","max-video-preview":"max-video-preview:-1"},"canonical":"https:\/\/www.welovecycling.com\/sk\/2023\/06\/20\/rozhovor-marek-minar-skoda-mtb-cyklomaraton-topolcianky\/","og_locale":"sk_SK","og_type":"article","og_title":"Rozhovor: Marek Min\u00e1r \u2013 \u0160KODA MTB cyklomarat\u00f3n Topo\u013e\u010dianky","og_description":"V Topo\u013e\u010diankach sa kon\u00e1 jedno z\u00a0k\u00f4l s\u00e9rie marat\u00f3nov \u0160KODA BIKE OPEN TOUR. Marek Min\u00e1r, spoluorganiz\u00e1tor, n\u00e1m prezradil p\u00e1r vec\u00ed zo z\u00e1kulisia.","og_url":"https:\/\/www.welovecycling.com\/sk\/2023\/06\/20\/rozhovor-marek-minar-skoda-mtb-cyklomaraton-topolcianky\/","og_site_name":"\u0160koda We Love Cycling Slovensko","article_published_time":"2023-06-20T08:26:31+00:00","og_image":[{"width":990,"height":660,"url":"https:\/\/d2p6e6u75xmxt8.cloudfront.net\/4\/2023\/06\/titulka-2.webp","type":"image\/webp"}],"author":"dominika","twitter_card":"summary_large_image","twitter_misc":{"Written by":"Radovan Vr\u0161ka","Est. reading time":"5"},"schema":{"@context":"https:\/\/schema.org","@graph":[{"@type":"WebPage","@id":"https:\/\/www.welovecycling.com\/sk\/2023\/06\/20\/rozhovor-marek-minar-skoda-mtb-cyklomaraton-topolcianky\/","url":"https:\/\/www.welovecycling.com\/sk\/2023\/06\/20\/rozhovor-marek-minar-skoda-mtb-cyklomaraton-topolcianky\/","name":"Rozhovor: Marek Min\u00e1r \u2013 \u0160KODA MTB cyklomarat\u00f3n Topo\u013e\u010dianky","isPartOf":{"@id":"https:\/\/www.welovecycling.com\/sk\/#website"},"primaryImageOfPage":{"@id":"https:\/\/www.welovecycling.com\/sk\/2023\/06\/20\/rozhovor-marek-minar-skoda-mtb-cyklomaraton-topolcianky\/#primaryimage"},"image":{"@id":"https:\/\/www.welovecycling.com\/sk\/2023\/06\/20\/rozhovor-marek-minar-skoda-mtb-cyklomaraton-topolcianky\/#primaryimage"},"thumbnailUrl":"https:\/\/d2p6e6u75xmxt8.cloudfront.net\/4\/2023\/06\/titulka-2.webp","datePublished":"2023-06-20T08:26:31+00:00","author":{"@id":"https:\/\/www.welovecycling.com\/sk\/#\/schema\/person\/533b62b98b6c41bd5135ebfb1f742624"},"description":"V Topo\u013e\u010diankach sa kon\u00e1 jedno z\u00a0k\u00f4l s\u00e9rie marat\u00f3nov \u0160KODA BIKE OPEN TOUR. Marek Min\u00e1r, spoluorganiz\u00e1tor, n\u00e1m prezradil p\u00e1r vec\u00ed zo z\u00e1kulisia.","breadcrumb":{"@id":"https:\/\/www.welovecycling.com\/sk\/2023\/06\/20\/rozhovor-marek-minar-skoda-mtb-cyklomaraton-topolcianky\/#breadcrumb"},"inLanguage":"sk-SK","potentialAction":[{"@type":"ReadAction","target":["https:\/\/www.welovecycling.com\/sk\/2023\/06\/20\/rozhovor-marek-minar-skoda-mtb-cyklomaraton-topolcianky\/"]}]},{"@type":"ImageObject","inLanguage":"sk-SK","@id":"https:\/\/www.welovecycling.com\/sk\/2023\/06\/20\/rozhovor-marek-minar-skoda-mtb-cyklomaraton-topolcianky\/#primaryimage","url":"https:\/\/d2p6e6u75xmxt8.cloudfront.net\/4\/2023\/06\/titulka-2.webp","contentUrl":"https:\/\/d2p6e6u75xmxt8.cloudfront.net\/4\/2023\/06\/titulka-2.webp","width":990,"height":660},{"@type":"BreadcrumbList","@id":"https:\/\/www.welovecycling.com\/sk\/2023\/06\/20\/rozhovor-marek-minar-skoda-mtb-cyklomaraton-topolcianky\/#breadcrumb","itemListElement":[{"@type":"ListItem","position":1,"name":"Home","item":"https:\/\/www.welovecycling.com\/sk\/"},{"@type":"ListItem","position":2,"name":"Rozhovor: Marek Min\u00e1r \u2013 \u0160KODA MTB cyklomarat\u00f3n Topo\u013e\u010dianky"}]},{"@type":"WebSite","@id":"https:\/\/www.welovecycling.com\/sk\/#website","url":"https:\/\/www.welovecycling.com\/sk\/","name":"\u0160koda We Love Cycling Slovensko","description":"\u0160koda We Love Cycling Slovensko je v\u00e1\u0161 ka\u017edodenn\u00fd zdroj noviniek a in\u0161pir\u00e1cie z sveta cyklistiky","potentialAction":[{"@type":"SearchAction","target":{"@type":"EntryPoint","urlTemplate":"https:\/\/www.welovecycling.com\/sk\/?s={search_term_string}"},"query-input":{"@type":"PropertyValueSpecification","valueRequired":true,"valueName":"search_term_string"}}],"inLanguage":"sk-SK"},{"@type":"Person","@id":"https:\/\/www.welovecycling.com\/sk\/#\/schema\/person\/533b62b98b6c41bd5135ebfb1f742624","name":"dominika","image":{"@type":"ImageObject","inLanguage":"sk-SK","@id":"https:\/\/www.welovecycling.com\/sk\/#\/schema\/person\/image\/","url":"https:\/\/secure.gravatar.com\/avatar\/ded6f274ba2ec3e17fff153f7d9d96a4b33c2cb63907f75d9a5309c599a7f3e6?s=96&d=mm&r=g","contentUrl":"https:\/\/secure.gravatar.com\/avatar\/ded6f274ba2ec3e17fff153f7d9d96a4b33c2cb63907f75d9a5309c599a7f3e6?s=96&d=mm&r=g","caption":"dominika"},"url":"https:\/\/www.welovecycling.com\/sk\/author\/dominika\/"}]}},"_links":{"self":[{"href":"https:\/\/www.welovecycling.com\/sk\/wp-json\/wp\/v2\/posts\/17724","targetHints":{"allow":["GET"]}}],"collection":[{"href":"https:\/\/www.welovecycling.com\/sk\/wp-json\/wp\/v2\/posts"}],"about":[{"href":"https:\/\/www.welovecycling.com\/sk\/wp-json\/wp\/v2\/types\/post"}],"author":[{"embeddable":true,"href":"https:\/\/www.welovecycling.com\/sk\/wp-json\/wp\/v2\/users\/172"}],"replies":[{"embeddable":true,"href":"https:\/\/www.welovecycling.com\/sk\/wp-json\/wp\/v2\/comments?post=17724"}],"version-history":[{"count":2,"href":"https:\/\/www.welovecycling.com\/sk\/wp-json\/wp\/v2\/posts\/17724\/revisions"}],"predecessor-version":[{"id":17736,"href":"https:\/\/www.welovecycling.com\/sk\/wp-json\/wp\/v2\/posts\/17724\/revisions\/17736"}],"wp:featuredmedia":[{"embeddable":true,"href":"https:\/\/www.welovecycling.com\/sk\/wp-json\/wp\/v2\/media\/17725"}],"wp:attachment":[{"href":"https:\/\/www.welovecycling.com\/sk\/wp-json\/wp\/v2\/media?parent=17724"}],"wp:term":[{"taxonomy":"category","embeddable":true,"href":"https:\/\/www.welovecycling.com\/sk\/wp-json\/wp\/v2\/categories?post=17724"},{"taxonomy":"post_tag","embeddable":true,"href":"https:\/\/www.welovecycling.com\/sk\/wp-json\/wp\/v2\/tags?post=17724"},{"taxonomy":"global-categories","embeddable":true,"href":"https:\/\/www.welovecycling.com\/sk\/wp-json\/wp\/v2\/global-categories?post=17724"}],"curies":[{"name":"wp","href":"https:\/\/api.w.org\/{rel}","templated":true}]}}