{"id":17709,"date":"2023-07-24T10:00:47","date_gmt":"2023-07-24T08:00:47","guid":{"rendered":"https:\/\/www.welovecycling.com\/sk\/?p=17709"},"modified":"2023-07-21T10:36:48","modified_gmt":"2023-07-21T08:36:48","slug":"rozhovor-ivan-zima-skoda-horal-mtb-maraton","status":"publish","type":"post","link":"https:\/\/www.welovecycling.com\/sk\/2023\/07\/24\/rozhovor-ivan-zima-skoda-horal-mtb-maraton\/","title":{"rendered":"Rozhovor: Ivan Zima \u2013 \u0160koda HORAL MTB marat\u00f3n"},"content":{"rendered":"<p><strong>HORAL marat\u00f3n je atrakt\u00edvny pre pretek\u00e1rov aj z\u00a0toho d\u00f4vodu, \u017ee sa kon\u00e1 pod Tatrami. Organiz\u00e1tor Ivan Zima n\u00e1m porozpr\u00e1val o\u00a0tom, \u017ee niektor\u00ed vytrvalci dok\u00e1zali pr\u00eds\u0165 do cie\u013ea a\u017e za tmy, \u017ee v\u00a0organizovan\u00ed cyklistick\u00e9ho marat\u00f3nu m\u00f4\u017ee niekto vidie\u0165 biznis, ktor\u00fd tam v\u00a0skuto\u010dnosti nie je, ale aj o\u00a0tom, \u017ee dobrovo\u013en\u00edkov nie je nikdy dos\u0165.<\/strong><!--more--><\/p>\n<p><span style=\"font-weight: 400;\">Organiz\u00e1cia tak\u00e9ho ve\u013ek\u00e9ho eventu, ak\u00fdm je cel\u00e1 s\u00e9ria \u0160KODA BIKE OPEN TOUR, si vy\u017eaduje ve\u013ea \u010dasu a financi\u00ed, ale takisto je tam potrebn\u00e1 rovnak\u00e1 d\u00e1vka nad\u0161enia, odhodlania a ochotn\u00fdch \u013eud\u00ed. Pripravili sme pre v\u00e1s s\u00e9riu rozhovorov s organiz\u00e1tormi jednotliv\u00fdch k\u00f4l, aby sme v\u00e1m pribl\u00ed\u017eili, ako tak\u00e1 pr\u00edprava prebieha, a \u017ee s\u00fa to skuto\u010dn\u00ed nad\u0161enci cyklistiky.<\/span><\/p>\n<h4><b>\u010co v\u00e1s priviedlo k organizovaniu marat\u00f3nu?<\/b><\/h4>\n<p><em><span style=\"font-weight: 400;\">So skupinou priate\u013eov a nad\u0161encov horskej cyklistiky sme zaregistrovali, \u017ee vo svete s\u00fa st\u00e1le popul\u00e1rnej\u0161ie vytrvalostn\u00e9 preteky pre \u0161irok\u00fa verejnos\u0165 na horsk\u00fdch bicykloch. Aj na Slovensku sa u\u017e objavili nejak\u00e9 prv\u00e9 lastovi\u010dky. Tak sme si povedali, \u017ee aj v Tatr\u00e1ch by bolo vhodn\u00e9 nie\u010do tak\u00e9 uskuto\u010dni\u0165.<\/span><\/em><\/p>\n<h4><b>Od ktor\u00e9ho roku marat\u00f3n akt\u00edvne organizujete?<\/b><\/h4>\n<p><em><span style=\"font-weight: 400;\">HORAL organizujeme bez prest\u00e1vky od roku 2000. \u010ci\u017ee teraz n\u00e1s \u010dak\u00e1 u\u017e dvadsiaty\u0161tvrt\u00fd ro\u010dn\u00edk.<\/span><\/em><\/p>\n<h4><b>Ako vyzeral prv\u00fd ro\u010dn\u00edk?<\/b><\/h4>\n<p><em><span style=\"font-weight: 400;\">Z dne\u0161n\u00e9ho poh\u013eadu \u00fasmevne. Stanovili sme si maxim\u00e1lny po\u010det \u00fa\u010dastn\u00edkov na 50, preto\u017ee sme nemali \u00fapln\u00fa predstavu, do \u010doho ideme. Po\u010det sa naplnil. Dopustili sme sa mno\u017estva organiza\u010dn\u00fdch ch\u00fdb. Tie sme sa sna\u017eili v nasleduj\u00facich ro\u010dn\u00edkoch odstr\u00e1ni\u0165.<\/span><\/em><\/p>\n<p><img loading=\"lazy\" decoding=\"async\" class=\"alignnone size-full wp-image-17712\" src=\"https:\/\/d2p6e6u75xmxt8.cloudfront.net\/4\/2023\/06\/10.webp\" alt=\"\" width=\"990\" height=\"660\" srcset=\"https:\/\/d2p6e6u75xmxt8.cloudfront.net\/4\/2023\/06\/10.webp 990w, https:\/\/d2p6e6u75xmxt8.cloudfront.net\/4\/2023\/06\/10-300x200.webp 300w, https:\/\/d2p6e6u75xmxt8.cloudfront.net\/4\/2023\/06\/10-768x512.webp 768w, https:\/\/d2p6e6u75xmxt8.cloudfront.net\/4\/2023\/06\/10-400x267.webp 400w, https:\/\/d2p6e6u75xmxt8.cloudfront.net\/4\/2023\/06\/10-272x182.webp 272w\" sizes=\"auto, (max-width: 990px) 100vw, 990px\" \/><\/p>\n<h4><b>Kde vid\u00edte najv\u00e4\u010d\u0161\u00ed posun po\u010das rokov?<\/b><\/h4>\n<p><em><span style=\"font-weight: 400;\">V prvom rade treba poveda\u0165, \u017ee u\u017e sa celkom orientujeme vo vlastn\u00edckych vz\u0165ahoch k pozemkom, ktor\u00fdch sa trasa dot\u00fdka. Vieme teda, a\u017e na drobn\u00e9 nepresnosti, kde a ak\u00e9 povolenia je potrebn\u00e9 vybavi\u0165.<\/span><\/em><\/p>\n<p><em><span style=\"font-weight: 400;\">Za tie roky sme si zadov\u00e1\u017eili mno\u017estvo materi\u00e1lu a techniky, tak\u017ee rob\u00ed sa n\u00e1m \u013eah\u0161ie. Nemus\u00edme si u\u017e to\u013eko vec\u00ed po\u017ei\u010diava\u0165 a prenaj\u00edma\u0165. Najd\u00f4le\u017eitej\u0161\u00ed je v\u0161ak t\u00edm dobrovo\u013en\u00edkov, ktor\u00fd m\u00e1me dos\u0165 stabiln\u00fd, tak\u017ee v\u00e4\u010d\u0161ina \u013eud\u00ed u\u017e vie, \u010do m\u00e1 robi\u0165.<\/span><\/em><\/p>\n<h4><b>Z\u00fa\u010dastnili ste sa v minulosti aj in\u00fdch k\u00f4l \u0160BOT? Viete porovna\u0165, v \u010dom ste in\u00fd?<\/b><\/h4>\n<p><em><span style=\"font-weight: 400;\">Ner\u00e1d by som porovn\u00e1val, nebolo by to asi objekt\u00edvne. \u010casto som si v\u0161ak v\u0161imol, \u017ee kolegovia organiz\u00e1tori na niektor\u00fdch veciach \u0161etria. Mysl\u00edm si, \u017ee sme \u0161tedrej\u0161\u00ed.<\/span><\/em><\/p>\n<p><img loading=\"lazy\" decoding=\"async\" class=\"alignnone size-full wp-image-17713\" src=\"https:\/\/d2p6e6u75xmxt8.cloudfront.net\/4\/2023\/06\/01-1.webp\" alt=\"\" width=\"990\" height=\"660\" srcset=\"https:\/\/d2p6e6u75xmxt8.cloudfront.net\/4\/2023\/06\/01-1.webp 990w, https:\/\/d2p6e6u75xmxt8.cloudfront.net\/4\/2023\/06\/01-1-300x200.webp 300w, https:\/\/d2p6e6u75xmxt8.cloudfront.net\/4\/2023\/06\/01-1-768x512.webp 768w, https:\/\/d2p6e6u75xmxt8.cloudfront.net\/4\/2023\/06\/01-1-400x267.webp 400w, https:\/\/d2p6e6u75xmxt8.cloudfront.net\/4\/2023\/06\/01-1-272x182.webp 272w\" sizes=\"auto, (max-width: 990px) 100vw, 990px\" \/><\/p>\n<h4><b>\u010co je na pr\u00edprave najn\u00e1ro\u010dnej\u0161ie?<\/b><\/h4>\n<p><em><span style=\"font-weight: 400;\">Pre m\u0148a zloba a z\u00e1vis\u0165. V na\u0161om malomeste si mnoh\u00ed \u013eudia myslia, \u017ee tak\u00e9to podujatie je bombastick\u00fd biznis. \u010castokr\u00e1t s\u00fa to iba re\u010di mudrlantov pri pive, ale zamrz\u00ed n\u00e1s v\u017edy, ke\u010f to po\u010dujeme aj zo seri\u00f3znej\u0161\u00edch zdrojov. V\u00e4\u010d\u0161inou v\u0161ak vyjadrenia tohto typu vych\u00e1dzaj\u00fa od \u013eud\u00ed, ktor\u00ed o organiz\u00e1cii tak\u00e9hoto podujatia nemaj\u00fa ani potuchu.<\/span><\/em><\/p>\n<h4><b>Ako je to s n\u00e1v\u0161tevnos\u0165ou?<\/b><\/h4>\n<p><em><span style=\"font-weight: 400;\">Od po\u010diato\u010dn\u00fdch 50 v roku 2000 to postupne r\u00e1stlo na 200, 300, 500\u2026<\/span><a href=\"https:\/\/www.welovecycling.com\/sk\/2017\/08\/14\/reportaz-poradi-5-kolo-sbot-hostil-skoda-horal-mtb-maraton-svit-opat-praskal-vo-svikoch\/\"><span style=\"font-weight: 400;\"> V roku 2017 <\/span><\/a><span style=\"font-weight: 400;\">sme mali na Horalovi a majstrovstv\u00e1ch Eur\u00f3py a Detskej tour Petra Sagana viac ako 1 200 \u00fa\u010dastn\u00edkov. Vtedy n\u00e1s nav\u0161t\u00edvili cyklisti z 23 kraj\u00edn Eur\u00f3py. Obdobie pand\u00e9mie prinieslo pokles po\u010dtu \u00fa\u010dastn\u00edkov. <\/span><a href=\"https:\/\/www.welovecycling.com\/sk\/2022\/08\/17\/reportaz-skoda-horal-mtb-maraton-ukoncenie-serie-v-krasnom-prostredi-vysokych-tatier\/\"><span style=\"font-weight: 400;\">Teraz<\/span><\/a><span style=\"font-weight: 400;\"> sa pohybujeme v po\u010dtoch cca 600 dospel\u00fdch a 150 det\u00ed.<\/span><\/em><\/p>\n<h4><b>S\u00fa\u010das\u0165ou marat\u00f3nu je aj tra\u0165 \u0160koda Family pre rodi\u010dov s de\u0165mi. Ako to vn\u00edmate, nemaj\u00fa rodi\u010dia<\/b> <b>prehnane n\u00e1roky na svoje deti?<\/b><\/h4>\n<p><em><span style=\"font-weight: 400;\">Je to individu\u00e1lne a videli sme aj tak\u00e9 situ\u00e1cie, ke\u010f rodi\u010d neprimerane kri\u010dal na svoje die\u0165a. Na\u0161\u0165astie s\u00fa to ojedinel\u00e9 pr\u00edpady.<\/span><\/em><\/p>\n<p><img loading=\"lazy\" decoding=\"async\" class=\"alignnone size-full wp-image-17714\" src=\"https:\/\/d2p6e6u75xmxt8.cloudfront.net\/4\/2023\/06\/02.webp\" alt=\"\" width=\"990\" height=\"660\" srcset=\"https:\/\/d2p6e6u75xmxt8.cloudfront.net\/4\/2023\/06\/02.webp 990w, https:\/\/d2p6e6u75xmxt8.cloudfront.net\/4\/2023\/06\/02-300x200.webp 300w, https:\/\/d2p6e6u75xmxt8.cloudfront.net\/4\/2023\/06\/02-768x512.webp 768w, https:\/\/d2p6e6u75xmxt8.cloudfront.net\/4\/2023\/06\/02-400x267.webp 400w, https:\/\/d2p6e6u75xmxt8.cloudfront.net\/4\/2023\/06\/02-272x182.webp 272w\" sizes=\"auto, (max-width: 990px) 100vw, 990px\" \/><\/p>\n<h4><b>Viete pri poh\u013eade sp\u00e4\u0165 vybra\u0165 preteky, ktor\u00e9 s\u00fa pre v\u00e1s nezabudnute\u013en\u00e9?<\/b><\/h4>\n<p><em><span style=\"font-weight: 400;\">Ur\u010dite UEC Majstrovstv\u00e1 Eur\u00f3py v roku 2017. To bol zrejme n\u00e1\u0161 vrchol. Pokukovali sme aj po UCI Majstrovstv\u00e1ch sveta, ale tam s\u00fa licen\u010dn\u00e9 poplatky tak\u00e9 vysok\u00e9, \u017ee sme na to partnerov nena\u0161li.<\/span><\/em><\/p>\n<h4><b>Organizujete aj nejak\u00e9 in\u00e9 preteky?<\/b><\/h4>\n<p><em><span style=\"font-weight: 400;\">V minulosti sme organizovali aj streetbalov\u00fd turnaj, ale ten sme odovzdali in\u00e9mu miestnemu klubu. P\u00e4\u0165 rokov sme robili aj trojd\u0148ov\u00fd etap\u00e1k HORAL TOUR.<\/span><\/em><\/p>\n<h4><b>\u010co by ste zmenili na pretekoch \u0160BOT, keby sa dalo?<\/b><\/h4>\n<p><em><span style=\"font-weight: 400;\">Asi hodnotnej\u0161ie ceny pre v\u00ed\u0165azov a do tomboly. Nechcem kritizova\u0165 s\u00fa\u010dasn\u00fd stav, ale ob\u010das zaregistrujem pozn\u00e1mky na t\u00fato oblas\u0165.\u00a0<\/span><\/em><\/p>\n<h4><b>\u010co by ste chceli pochv\u00e1li\u0165 a na \u010do upozorni\u0165 v r\u00e1mci spolupr\u00e1ce so zna\u010dkou \u0160koda?<\/b><\/h4>\n<p><em><span style=\"font-weight: 400;\">Marketingov\u00e1 podpora, ktor\u00fa \u0160koda zabezpe\u010duje, je pre n\u00e1s ve\u013emi hodnotn\u00e1.<\/span><\/em><\/p>\n<p><img loading=\"lazy\" decoding=\"async\" class=\"alignnone size-full wp-image-17715\" src=\"https:\/\/d2p6e6u75xmxt8.cloudfront.net\/4\/2023\/06\/09.webp\" alt=\"\" width=\"990\" height=\"660\" srcset=\"https:\/\/d2p6e6u75xmxt8.cloudfront.net\/4\/2023\/06\/09.webp 990w, https:\/\/d2p6e6u75xmxt8.cloudfront.net\/4\/2023\/06\/09-300x200.webp 300w, https:\/\/d2p6e6u75xmxt8.cloudfront.net\/4\/2023\/06\/09-768x512.webp 768w, https:\/\/d2p6e6u75xmxt8.cloudfront.net\/4\/2023\/06\/09-400x267.webp 400w, https:\/\/d2p6e6u75xmxt8.cloudfront.net\/4\/2023\/06\/09-272x182.webp 272w\" sizes=\"auto, (max-width: 990px) 100vw, 990px\" \/><\/p>\n<h4><b>Po\u010das rokov ste za\u017eili r\u00f4zne typy po\u010dasia. Ak\u00e9 po\u010dasie je najhor\u0161ie &#8211; vietor, d\u00e1\u017e\u010f \u010di ve\u013ek\u00e1 hor\u00fa\u010dava?<\/b><\/h4>\n<p><em><span style=\"font-weight: 400;\">Najhor\u0161\u00ed bol rok 2008. Vytrvalo pr\u0161alo bez prest\u00e1vky od r\u00e1na do ve\u010dera. Do cie\u013ea vtedy pri\u0161lo menej ako 50 % \u00fa\u010dastn\u00edkov. \u0160kody na bicykloch boli ve\u013emi ve\u013ek\u00e9. Odch\u00e1dzali hlavne brzdy a odpru\u017een\u00e9 vidlice. Mraky sa za\u010dali trha\u0165 a\u017e po\u010das z\u00e1vere\u010dnej tomboly a nasleduj\u00faci nede\u013en\u00fd de\u0148 bola obloha bez mr\u00e1\u010dika.<\/span><\/em><\/p>\n<p><img loading=\"lazy\" decoding=\"async\" class=\"alignnone size-full wp-image-17716\" src=\"https:\/\/d2p6e6u75xmxt8.cloudfront.net\/4\/2023\/06\/03-1.webp\" alt=\"\" width=\"990\" height=\"660\" srcset=\"https:\/\/d2p6e6u75xmxt8.cloudfront.net\/4\/2023\/06\/03-1.webp 990w, https:\/\/d2p6e6u75xmxt8.cloudfront.net\/4\/2023\/06\/03-1-300x200.webp 300w, https:\/\/d2p6e6u75xmxt8.cloudfront.net\/4\/2023\/06\/03-1-768x512.webp 768w, https:\/\/d2p6e6u75xmxt8.cloudfront.net\/4\/2023\/06\/03-1-400x267.webp 400w, https:\/\/d2p6e6u75xmxt8.cloudfront.net\/4\/2023\/06\/03-1-272x182.webp 272w\" sizes=\"auto, (max-width: 990px) 100vw, 990px\" \/><\/p>\n<h4><b>Organizovanie tak\u00e9hoto ve\u013ek\u00e9ho podujatia sa nezaob\u00edde bez pomoci dobrovo\u013en\u00edkov. Nem\u00e1te probl\u00e9m ich ka\u017edoro\u010dne n\u00e1js\u0165 dostato\u010dne mno\u017estvo?<\/b><\/h4>\n<p><em><span style=\"font-weight: 400;\">Potrebujeme 200 a\u017e 220 \u013eud\u00ed. V roku 2017 to bolo viac ako 250. Tak\u017ee to nie je jednoduch\u00e9. Ako som v\u0161ak u\u017e uviedol, m\u00e1me dos\u0165 stabilizovan\u00fd t\u00edm, tak\u017ee d\u00e1 sa to. V\u00e4\u010d\u0161\u00ed probl\u00e9m m\u00e1me s omladzovan\u00edm kolekt\u00edvu, to sa n\u00e1m dar\u00ed menej.<\/span><\/em><\/p>\n<p><img loading=\"lazy\" decoding=\"async\" class=\"alignnone size-full wp-image-17717\" src=\"https:\/\/d2p6e6u75xmxt8.cloudfront.net\/4\/2023\/06\/06.webp\" alt=\"\" width=\"990\" height=\"660\" srcset=\"https:\/\/d2p6e6u75xmxt8.cloudfront.net\/4\/2023\/06\/06.webp 990w, https:\/\/d2p6e6u75xmxt8.cloudfront.net\/4\/2023\/06\/06-300x200.webp 300w, https:\/\/d2p6e6u75xmxt8.cloudfront.net\/4\/2023\/06\/06-768x512.webp 768w, https:\/\/d2p6e6u75xmxt8.cloudfront.net\/4\/2023\/06\/06-400x267.webp 400w, https:\/\/d2p6e6u75xmxt8.cloudfront.net\/4\/2023\/06\/06-272x182.webp 272w\" sizes=\"auto, (max-width: 990px) 100vw, 990px\" \/><\/p>\n<h4><b>Ak\u00e1 je podpora mesta? Uvedomuj\u00fa si, \u017ee je to aj pre nich mo\u017enos\u0165 propag\u00e1cie?<\/b><\/h4>\n<p><em><span style=\"font-weight: 400;\">Podpora zo strany mesta je a v\u00e1\u017eime si ju. Je vo finan\u010dnej forme a aj vo v\u00fdhodnom pren\u00e1jme pozemkov a budov. \u017dia\u013e aj v mestskom zastupite\u013estve sa oz\u00fdvaj\u00fa hlasy hovoriace, \u017ee sme komer\u010dn\u00e1 aktivita, a \u017ee pomoc nepotrebujeme. Organiz\u00e1ciu detsk\u00fdch pretekov HORAL JUNIOR, ktor\u00e9 s\u00fa v nede\u013eu po \u201eve\u013ekom\u201c Horalovi, sme u\u017e pred nieko\u013ek\u00fdmi rokmi zverili mestu a Centru vo\u013en\u00e9ho \u010dasu. Funguje to k spokojnosti v\u0161etk\u00fdch.<\/span><\/em><\/p>\n<h4><b>Sledujete aj organizovanie podrobn\u00fdch akcii v zahrani\u010d\u00ed, pripadne ste sa nimi v nie\u010dom in\u0161pirovali?<\/b><\/h4>\n<p><em><span style=\"font-weight: 400;\">Nav\u0161t\u00edvili sme mno\u017estvo ikonick\u00fdch pretekov v zahrani\u010d\u00ed, kde sme h\u013eadali in\u0161pir\u00e1ciu. Boli sme mnohokr\u00e1t na Salzkammergut Trophy v Rak\u00fasku aj na majstrovstv\u00e1ch sveta. Pred na\u0161imi majstrovstvami Eur\u00f3py sme boli na eur\u00f3pskych \u0161ampion\u00e1toch v nemeckom Singene (2015) a v roku 2016 v Loty\u0161sku v Sigulde. V\u0161ade sme sa nie\u010do nau\u010dili. Odpor\u00fa\u010dam ka\u017ed\u00e9mu tak\u00e9to \u201eexkurzie\u201c.<\/span><\/em><\/p>\n<h4><b>Pozn\u00e1te sa organiz\u00e1tori jednotliv\u00fdch k\u00f4l \u0160BOT &#8211; spolupracujete vz\u00e1jomne?<\/b><\/h4>\n<p><em><span style=\"font-weight: 400;\">Pozn\u00e1me sa dlho a sme kamar\u00e1ti. Spolupracujeme a pom\u00e1hame si. Radami, materi\u00e1lne a niekedy aj person\u00e1lne.<\/span><\/em><\/p>\n<p><img loading=\"lazy\" decoding=\"async\" class=\"alignnone size-full wp-image-17718\" src=\"https:\/\/d2p6e6u75xmxt8.cloudfront.net\/4\/2023\/06\/08.webp\" alt=\"\" width=\"990\" height=\"660\" srcset=\"https:\/\/d2p6e6u75xmxt8.cloudfront.net\/4\/2023\/06\/08.webp 990w, https:\/\/d2p6e6u75xmxt8.cloudfront.net\/4\/2023\/06\/08-300x200.webp 300w, https:\/\/d2p6e6u75xmxt8.cloudfront.net\/4\/2023\/06\/08-768x512.webp 768w, https:\/\/d2p6e6u75xmxt8.cloudfront.net\/4\/2023\/06\/08-400x267.webp 400w, https:\/\/d2p6e6u75xmxt8.cloudfront.net\/4\/2023\/06\/08-272x182.webp 272w\" sizes=\"auto, (max-width: 990px) 100vw, 990px\" \/><\/p>\n<h4><b>Je nejak\u00fd ve\u013ek\u00fd organiza\u010dn\u00fd probl\u00e9m, s ktor\u00fdm sa ka\u017edoro\u010dne stret\u00e1vate?<\/b><\/h4>\n<p><em><span style=\"font-weight: 400;\">Pre n\u00e1s je najv\u00e4\u010d\u0161\u00ed probl\u00e9m z\u00edskanie v\u00fdnimky zo z\u00e1kona o ochrane \u017eivotn\u00e9ho prostredia. U\u017e tri roky sa n\u00e1m to nedar\u00ed. Netvrd\u00edm, \u017ee sme bez viny aj my organiz\u00e1tori. Celkovo je v\u0161ak poh\u013ead ochrancov pr\u00edrody na cyklistov a cyklistiku v chr\u00e1nen\u00fdch \u00fazemiach negat\u00edvny. Aspo\u0148 ja to tak vid\u00edm.<\/span><\/em><\/p>\n<h4><b>Stal sa po\u010das rokov aj nejak\u00fd v\u00e1\u017enej\u0161\u00ed \u00faraz?<\/b><\/h4>\n<p><em><span style=\"font-weight: 400;\">Takmer ka\u017ed\u00fd rok sa nie\u010do stane. Sna\u017e\u00edme sa toto riziko eliminova\u0165 pomerne vysok\u00fdm po\u010dtom z\u00e1chran\u00e1rskych skup\u00edn na trati. P\u00e1rkr\u00e1t zasahoval aj vrtu\u013en\u00edk horskej slu\u017eby. Nie je mo\u017en\u00e9 to zabezpe\u010di\u0165 na 100 %, a to je asi no\u010dn\u00e1 mora ka\u017ed\u00e9ho organiz\u00e1tora.<\/span><\/em><\/p>\n<p><img loading=\"lazy\" decoding=\"async\" class=\"alignnone size-full wp-image-17719\" src=\"https:\/\/d2p6e6u75xmxt8.cloudfront.net\/4\/2023\/06\/07.webp\" alt=\"\" width=\"990\" height=\"660\" srcset=\"https:\/\/d2p6e6u75xmxt8.cloudfront.net\/4\/2023\/06\/07.webp 990w, https:\/\/d2p6e6u75xmxt8.cloudfront.net\/4\/2023\/06\/07-300x200.webp 300w, https:\/\/d2p6e6u75xmxt8.cloudfront.net\/4\/2023\/06\/07-768x512.webp 768w, https:\/\/d2p6e6u75xmxt8.cloudfront.net\/4\/2023\/06\/07-400x267.webp 400w, https:\/\/d2p6e6u75xmxt8.cloudfront.net\/4\/2023\/06\/07-272x182.webp 272w\" sizes=\"auto, (max-width: 990px) 100vw, 990px\" \/><\/p>\n<h4><b>M\u00e1te nejak\u00fa z\u00e1bavn\u00fa pr\u00edhodu zo z\u00e1kulisia ale priamo z miesta konania pretekov?<\/b><\/h4>\n<p><em><span style=\"font-weight: 400;\">Radi s kolegom spom\u00edname na Wieslava Wieczorka z Warzsavy. Vol\u00e1me ho www. Chud\u00e1k nevedel presne do \u010doho ide a dal si hne\u010f Horal Krejzi. Pri\u0161iel do cie\u013ea za tmy \u00faplne zdecimovan\u00fd s t\u00fdm, \u017ee posledn\u00e9 kilometre viac tla\u010dil ako jazdil a sedlo u\u017e nemohol pou\u017e\u00edva\u0165 na sedenie. N\u00e1\u0161 z\u00e1vere\u010dn\u00fd kontroln\u00fd jazdec ho v\u0161ak nedok\u00e1zal presved\u010di\u0165, aby to vzdal.<\/span><\/em><\/p>\n<h4><b>Spomeniete si, ak\u00fd bol najmlad\u0161\u00ed a najstar\u0161\u00ed pretek\u00e1r?<\/b><\/h4>\n<p><em><span style=\"font-weight: 400;\">Kadeti, \u010di\u017ee 15-ro\u010dn\u00ed ml\u00e1denci a diev\u010dat\u00e1 s\u00fa najmlad\u0161\u00ed, ktor\u00ed m\u00f4\u017eu absolvova\u0165 Horala. Na rodinnej trase sme mali aj <\/span><a href=\"https:\/\/www.welovecycling.com\/sk\/2023\/04\/25\/mtb-maraton-s-deckami-ten-najlepsi-napad\/\"><span style=\"font-weight: 400;\">b\u00e1b\u00e4tk\u00e1 v cyklovoz\u00edkoch<\/span><\/a><span style=\"font-weight: 400;\">. A najstar\u0161\u00ed je asi Laco M. od Ro\u017e\u0148avy. M\u00e1 viac ako 75 rokov a st\u00e1le chod\u00ed na Horala.<\/span><\/em><\/p>\n<h4><b>Ste alebo bol ste akt\u00edvny cyklista?<\/b><\/h4>\n<p><em><span style=\"font-weight: 400;\">\u00c1no, cyklistika je m\u00f4j ob\u013e\u00faben\u00fd \u0161port. \u00darove\u0148 je v\u0161ak len tak\u00e1 rekrea\u010dn\u00e1.<\/span><\/em><\/p>\n<figure id=\"attachment_17720\" aria-describedby=\"caption-attachment-17720\" style=\"width: 990px\" class=\"wp-caption alignnone\"><img loading=\"lazy\" decoding=\"async\" class=\"size-full wp-image-17720\" src=\"https:\/\/d2p6e6u75xmxt8.cloudfront.net\/4\/2023\/06\/05.webp\" alt=\"\" width=\"990\" height=\"660\" srcset=\"https:\/\/d2p6e6u75xmxt8.cloudfront.net\/4\/2023\/06\/05.webp 990w, https:\/\/d2p6e6u75xmxt8.cloudfront.net\/4\/2023\/06\/05-300x200.webp 300w, https:\/\/d2p6e6u75xmxt8.cloudfront.net\/4\/2023\/06\/05-768x512.webp 768w, https:\/\/d2p6e6u75xmxt8.cloudfront.net\/4\/2023\/06\/05-400x267.webp 400w, https:\/\/d2p6e6u75xmxt8.cloudfront.net\/4\/2023\/06\/05-272x182.webp 272w\" sizes=\"auto, (max-width: 990px) 100vw, 990px\" \/><figcaption id=\"caption-attachment-17720\" class=\"wp-caption-text\">Ivan Zima &#8211; usporiadate\u013e<\/figcaption><\/figure>\n<h4><b>M\u00e1te nejak\u00e9 kon\u00ed\u010dky \u010di aktivity, ktor\u00fdm sa venujete okrem cyklistiky?<\/b><\/h4>\n<p><em><span style=\"font-weight: 400;\">M\u00e1m dos\u0165 ve\u013ea pr\u00e1ce. Okrem be\u017en\u00e9ho zamestnania sa u\u017e ve\u013ea rokov venujem pr\u00e1ci v samospr\u00e1ve. Tak\u017ee vo\u013en\u00e9ho \u010dasu mi zost\u00e1va menej, ako by som si predstavoval. Ak ho m\u00e1m, tak ho venujem cyklistike, rodine a cestovaniu. Som odchovan\u00fd na basketbale, tak\u017ee ob\u010das z\u00e1jdem pozrie\u0165 na ligov\u00fd z\u00e1pas.\u00a0<\/span><\/em><\/p>\n<h4><b>Ak\u00fd in\u00fd \u0161port sledujete alebo rob\u00edte?<\/b><\/h4>\n<p><em><span style=\"font-weight: 400;\">Futbal raz za 4 roky. Hokej raz za rok, aj to nie v\u017edy. Z cyklistiky ob\u013eubujem jarn\u00e9 klasiky a Tour.<\/span><\/em><\/p>\n<h4><b>M\u00e1te nejak\u00fd odkaz pre \u00fa\u010dastn\u00edkov aktu\u00e1lneho 10. v\u00fdro\u010dia \u0160KODA BIKE OPEN TOUR?<\/b><\/h4>\n<p><em><span style=\"font-weight: 400;\">Ani nie. Treba sa bicyklova\u0165, kedy sa d\u00e1 a ako sa d\u00e1. Vyu\u017e\u00edva\u0165 bicykel nielen na \u0161port a rekre\u00e1ciu, ale aj ako dopravn\u00fd prostriedok.<\/span><\/em><\/p>\n","protected":false},"excerpt":{"rendered":"<p>HORAL marat\u00f3n je atrakt\u00edvny pre pretek\u00e1rov aj z\u00a0toho d\u00f4vodu, \u017ee sa kon\u00e1 pod Tatrami. Organiz\u00e1tor Ivan Zima n\u00e1m porozpr\u00e1val o\u00a0tom, [&hellip;]<\/p>\n","protected":false},"author":172,"featured_media":17710,"comment_status":"open","ping_status":"open","sticky":false,"template":"","format":"standard","meta":{"footnotes":""},"categories":[33],"tags":[1386,964,211,178,37,179,501,542,35,214],"global-categories":[1074],"class_list":["post-17709","post","type-post","status-publish","format-standard","has-post-thumbnail","hentry","category-sbot","tag-deti-na-bicykli","tag-family","tag-horal","tag-maraton","tag-podujatia","tag-preteky","tag-rozhovor","tag-skoda","tag-sbot","tag-skoda-horal-mtb-maraton","global-categories-cycling"],"yoast_head":"<!-- This site is optimized with the Yoast SEO Premium plugin v25.3 (Yoast SEO v25.9) - https:\/\/yoast.com\/wordpress\/plugins\/seo\/ -->\n<title>Rozhovor: Ivan Zima \u2013 \u0160koda HORAL MTB marat\u00f3n<\/title>\n<meta name=\"description\" content=\"HORAL marat\u00f3n je atrakt\u00edvny pre pretek\u00e1rov aj z\u00a0toho d\u00f4vodu, \u017ee sa kon\u00e1 pod Tatrami. Organiz\u00e1tor Ivan Zima n\u00e1m o \u0148om povedal viac.\" \/>\n<meta name=\"robots\" content=\"index, follow, max-snippet:-1, max-image-preview:large, max-video-preview:-1\" \/>\n<link rel=\"canonical\" href=\"https:\/\/www.welovecycling.com\/sk\/2023\/07\/24\/rozhovor-ivan-zima-skoda-horal-mtb-maraton\/\" \/>\n<meta property=\"og:locale\" content=\"sk_SK\" \/>\n<meta property=\"og:type\" content=\"article\" \/>\n<meta property=\"og:title\" content=\"Rozhovor: Ivan Zima \u2013 \u0160koda HORAL MTB marat\u00f3n\" \/>\n<meta property=\"og:description\" content=\"HORAL marat\u00f3n je atrakt\u00edvny pre pretek\u00e1rov aj z\u00a0toho d\u00f4vodu, \u017ee sa kon\u00e1 pod Tatrami. Organiz\u00e1tor Ivan Zima n\u00e1m o \u0148om povedal viac.\" \/>\n<meta property=\"og:url\" content=\"https:\/\/www.welovecycling.com\/sk\/2023\/07\/24\/rozhovor-ivan-zima-skoda-horal-mtb-maraton\/\" \/>\n<meta property=\"og:site_name\" content=\"\u0160koda We Love Cycling Slovensko\" \/>\n<meta property=\"article:published_time\" content=\"2023-07-24T08:00:47+00:00\" \/>\n<meta property=\"og:image\" content=\"https:\/\/d2p6e6u75xmxt8.cloudfront.net\/4\/2023\/06\/titulka-1.webp\" \/>\n\t<meta property=\"og:image:width\" content=\"990\" \/>\n\t<meta property=\"og:image:height\" content=\"660\" \/>\n\t<meta property=\"og:image:type\" content=\"image\/webp\" \/>\n<meta name=\"author\" content=\"dominika\" \/>\n<meta name=\"twitter:card\" content=\"summary_large_image\" \/>\n<meta name=\"twitter:label1\" content=\"Written by\" \/>\n\t<meta name=\"twitter:data1\" content=\"Radovan Vr\u0161ka\" \/>\n\t<meta name=\"twitter:label2\" content=\"Est. reading time\" \/>\n\t<meta name=\"twitter:data2\" content=\"6\" \/>\n<script type=\"application\/ld+json\" class=\"yoast-schema-graph\">{\"@context\":\"https:\/\/schema.org\",\"@graph\":[{\"@type\":\"WebPage\",\"@id\":\"https:\/\/www.welovecycling.com\/sk\/2023\/07\/24\/rozhovor-ivan-zima-skoda-horal-mtb-maraton\/\",\"url\":\"https:\/\/www.welovecycling.com\/sk\/2023\/07\/24\/rozhovor-ivan-zima-skoda-horal-mtb-maraton\/\",\"name\":\"Rozhovor: Ivan Zima \u2013 \u0160koda HORAL MTB marat\u00f3n\",\"isPartOf\":{\"@id\":\"https:\/\/www.welovecycling.com\/sk\/#website\"},\"primaryImageOfPage\":{\"@id\":\"https:\/\/www.welovecycling.com\/sk\/2023\/07\/24\/rozhovor-ivan-zima-skoda-horal-mtb-maraton\/#primaryimage\"},\"image\":{\"@id\":\"https:\/\/www.welovecycling.com\/sk\/2023\/07\/24\/rozhovor-ivan-zima-skoda-horal-mtb-maraton\/#primaryimage\"},\"thumbnailUrl\":\"https:\/\/d2p6e6u75xmxt8.cloudfront.net\/4\/2023\/06\/titulka-1.webp\",\"datePublished\":\"2023-07-24T08:00:47+00:00\",\"author\":{\"@id\":\"https:\/\/www.welovecycling.com\/sk\/#\/schema\/person\/533b62b98b6c41bd5135ebfb1f742624\"},\"description\":\"HORAL marat\u00f3n je atrakt\u00edvny pre pretek\u00e1rov aj z\u00a0toho d\u00f4vodu, \u017ee sa kon\u00e1 pod Tatrami. Organiz\u00e1tor Ivan Zima n\u00e1m o \u0148om povedal viac.\",\"breadcrumb\":{\"@id\":\"https:\/\/www.welovecycling.com\/sk\/2023\/07\/24\/rozhovor-ivan-zima-skoda-horal-mtb-maraton\/#breadcrumb\"},\"inLanguage\":\"sk-SK\",\"potentialAction\":[{\"@type\":\"ReadAction\",\"target\":[\"https:\/\/www.welovecycling.com\/sk\/2023\/07\/24\/rozhovor-ivan-zima-skoda-horal-mtb-maraton\/\"]}]},{\"@type\":\"ImageObject\",\"inLanguage\":\"sk-SK\",\"@id\":\"https:\/\/www.welovecycling.com\/sk\/2023\/07\/24\/rozhovor-ivan-zima-skoda-horal-mtb-maraton\/#primaryimage\",\"url\":\"https:\/\/d2p6e6u75xmxt8.cloudfront.net\/4\/2023\/06\/titulka-1.webp\",\"contentUrl\":\"https:\/\/d2p6e6u75xmxt8.cloudfront.net\/4\/2023\/06\/titulka-1.webp\",\"width\":990,\"height\":660,\"caption\":\"\u0160BOT Horal\"},{\"@type\":\"BreadcrumbList\",\"@id\":\"https:\/\/www.welovecycling.com\/sk\/2023\/07\/24\/rozhovor-ivan-zima-skoda-horal-mtb-maraton\/#breadcrumb\",\"itemListElement\":[{\"@type\":\"ListItem\",\"position\":1,\"name\":\"Home\",\"item\":\"https:\/\/www.welovecycling.com\/sk\/\"},{\"@type\":\"ListItem\",\"position\":2,\"name\":\"Rozhovor: Ivan Zima \u2013 \u0160koda HORAL MTB marat\u00f3n\"}]},{\"@type\":\"WebSite\",\"@id\":\"https:\/\/www.welovecycling.com\/sk\/#website\",\"url\":\"https:\/\/www.welovecycling.com\/sk\/\",\"name\":\"\u0160koda We Love Cycling Slovensko\",\"description\":\"\u0160koda We Love Cycling Slovensko je v\u00e1\u0161 ka\u017edodenn\u00fd zdroj noviniek a in\u0161pir\u00e1cie z sveta cyklistiky\",\"potentialAction\":[{\"@type\":\"SearchAction\",\"target\":{\"@type\":\"EntryPoint\",\"urlTemplate\":\"https:\/\/www.welovecycling.com\/sk\/?s={search_term_string}\"},\"query-input\":{\"@type\":\"PropertyValueSpecification\",\"valueRequired\":true,\"valueName\":\"search_term_string\"}}],\"inLanguage\":\"sk-SK\"},{\"@type\":\"Person\",\"@id\":\"https:\/\/www.welovecycling.com\/sk\/#\/schema\/person\/533b62b98b6c41bd5135ebfb1f742624\",\"name\":\"dominika\",\"image\":{\"@type\":\"ImageObject\",\"inLanguage\":\"sk-SK\",\"@id\":\"https:\/\/www.welovecycling.com\/sk\/#\/schema\/person\/image\/\",\"url\":\"https:\/\/secure.gravatar.com\/avatar\/ded6f274ba2ec3e17fff153f7d9d96a4b33c2cb63907f75d9a5309c599a7f3e6?s=96&d=mm&r=g\",\"contentUrl\":\"https:\/\/secure.gravatar.com\/avatar\/ded6f274ba2ec3e17fff153f7d9d96a4b33c2cb63907f75d9a5309c599a7f3e6?s=96&d=mm&r=g\",\"caption\":\"dominika\"},\"url\":\"https:\/\/www.welovecycling.com\/sk\/author\/dominika\/\"}]}<\/script>\n<!-- \/ Yoast SEO Premium plugin. -->","yoast_head_json":{"title":"Rozhovor: Ivan Zima \u2013 \u0160koda HORAL MTB marat\u00f3n","description":"HORAL marat\u00f3n je atrakt\u00edvny pre pretek\u00e1rov aj z\u00a0toho d\u00f4vodu, \u017ee sa kon\u00e1 pod Tatrami. Organiz\u00e1tor Ivan Zima n\u00e1m o \u0148om povedal viac.","robots":{"index":"index","follow":"follow","max-snippet":"max-snippet:-1","max-image-preview":"max-image-preview:large","max-video-preview":"max-video-preview:-1"},"canonical":"https:\/\/www.welovecycling.com\/sk\/2023\/07\/24\/rozhovor-ivan-zima-skoda-horal-mtb-maraton\/","og_locale":"sk_SK","og_type":"article","og_title":"Rozhovor: Ivan Zima \u2013 \u0160koda HORAL MTB marat\u00f3n","og_description":"HORAL marat\u00f3n je atrakt\u00edvny pre pretek\u00e1rov aj z\u00a0toho d\u00f4vodu, \u017ee sa kon\u00e1 pod Tatrami. Organiz\u00e1tor Ivan Zima n\u00e1m o \u0148om povedal viac.","og_url":"https:\/\/www.welovecycling.com\/sk\/2023\/07\/24\/rozhovor-ivan-zima-skoda-horal-mtb-maraton\/","og_site_name":"\u0160koda We Love Cycling Slovensko","article_published_time":"2023-07-24T08:00:47+00:00","og_image":[{"width":990,"height":660,"url":"https:\/\/d2p6e6u75xmxt8.cloudfront.net\/4\/2023\/06\/titulka-1.webp","type":"image\/webp"}],"author":"dominika","twitter_card":"summary_large_image","twitter_misc":{"Written by":"Radovan Vr\u0161ka","Est. reading time":"6"},"schema":{"@context":"https:\/\/schema.org","@graph":[{"@type":"WebPage","@id":"https:\/\/www.welovecycling.com\/sk\/2023\/07\/24\/rozhovor-ivan-zima-skoda-horal-mtb-maraton\/","url":"https:\/\/www.welovecycling.com\/sk\/2023\/07\/24\/rozhovor-ivan-zima-skoda-horal-mtb-maraton\/","name":"Rozhovor: Ivan Zima \u2013 \u0160koda HORAL MTB marat\u00f3n","isPartOf":{"@id":"https:\/\/www.welovecycling.com\/sk\/#website"},"primaryImageOfPage":{"@id":"https:\/\/www.welovecycling.com\/sk\/2023\/07\/24\/rozhovor-ivan-zima-skoda-horal-mtb-maraton\/#primaryimage"},"image":{"@id":"https:\/\/www.welovecycling.com\/sk\/2023\/07\/24\/rozhovor-ivan-zima-skoda-horal-mtb-maraton\/#primaryimage"},"thumbnailUrl":"https:\/\/d2p6e6u75xmxt8.cloudfront.net\/4\/2023\/06\/titulka-1.webp","datePublished":"2023-07-24T08:00:47+00:00","author":{"@id":"https:\/\/www.welovecycling.com\/sk\/#\/schema\/person\/533b62b98b6c41bd5135ebfb1f742624"},"description":"HORAL marat\u00f3n je atrakt\u00edvny pre pretek\u00e1rov aj z\u00a0toho d\u00f4vodu, \u017ee sa kon\u00e1 pod Tatrami. Organiz\u00e1tor Ivan Zima n\u00e1m o \u0148om povedal viac.","breadcrumb":{"@id":"https:\/\/www.welovecycling.com\/sk\/2023\/07\/24\/rozhovor-ivan-zima-skoda-horal-mtb-maraton\/#breadcrumb"},"inLanguage":"sk-SK","potentialAction":[{"@type":"ReadAction","target":["https:\/\/www.welovecycling.com\/sk\/2023\/07\/24\/rozhovor-ivan-zima-skoda-horal-mtb-maraton\/"]}]},{"@type":"ImageObject","inLanguage":"sk-SK","@id":"https:\/\/www.welovecycling.com\/sk\/2023\/07\/24\/rozhovor-ivan-zima-skoda-horal-mtb-maraton\/#primaryimage","url":"https:\/\/d2p6e6u75xmxt8.cloudfront.net\/4\/2023\/06\/titulka-1.webp","contentUrl":"https:\/\/d2p6e6u75xmxt8.cloudfront.net\/4\/2023\/06\/titulka-1.webp","width":990,"height":660,"caption":"\u0160BOT Horal"},{"@type":"BreadcrumbList","@id":"https:\/\/www.welovecycling.com\/sk\/2023\/07\/24\/rozhovor-ivan-zima-skoda-horal-mtb-maraton\/#breadcrumb","itemListElement":[{"@type":"ListItem","position":1,"name":"Home","item":"https:\/\/www.welovecycling.com\/sk\/"},{"@type":"ListItem","position":2,"name":"Rozhovor: Ivan Zima \u2013 \u0160koda HORAL MTB marat\u00f3n"}]},{"@type":"WebSite","@id":"https:\/\/www.welovecycling.com\/sk\/#website","url":"https:\/\/www.welovecycling.com\/sk\/","name":"\u0160koda We Love Cycling Slovensko","description":"\u0160koda We Love Cycling Slovensko je v\u00e1\u0161 ka\u017edodenn\u00fd zdroj noviniek a in\u0161pir\u00e1cie z sveta cyklistiky","potentialAction":[{"@type":"SearchAction","target":{"@type":"EntryPoint","urlTemplate":"https:\/\/www.welovecycling.com\/sk\/?s={search_term_string}"},"query-input":{"@type":"PropertyValueSpecification","valueRequired":true,"valueName":"search_term_string"}}],"inLanguage":"sk-SK"},{"@type":"Person","@id":"https:\/\/www.welovecycling.com\/sk\/#\/schema\/person\/533b62b98b6c41bd5135ebfb1f742624","name":"dominika","image":{"@type":"ImageObject","inLanguage":"sk-SK","@id":"https:\/\/www.welovecycling.com\/sk\/#\/schema\/person\/image\/","url":"https:\/\/secure.gravatar.com\/avatar\/ded6f274ba2ec3e17fff153f7d9d96a4b33c2cb63907f75d9a5309c599a7f3e6?s=96&d=mm&r=g","contentUrl":"https:\/\/secure.gravatar.com\/avatar\/ded6f274ba2ec3e17fff153f7d9d96a4b33c2cb63907f75d9a5309c599a7f3e6?s=96&d=mm&r=g","caption":"dominika"},"url":"https:\/\/www.welovecycling.com\/sk\/author\/dominika\/"}]}},"_links":{"self":[{"href":"https:\/\/www.welovecycling.com\/sk\/wp-json\/wp\/v2\/posts\/17709","targetHints":{"allow":["GET"]}}],"collection":[{"href":"https:\/\/www.welovecycling.com\/sk\/wp-json\/wp\/v2\/posts"}],"about":[{"href":"https:\/\/www.welovecycling.com\/sk\/wp-json\/wp\/v2\/types\/post"}],"author":[{"embeddable":true,"href":"https:\/\/www.welovecycling.com\/sk\/wp-json\/wp\/v2\/users\/172"}],"replies":[{"embeddable":true,"href":"https:\/\/www.welovecycling.com\/sk\/wp-json\/wp\/v2\/comments?post=17709"}],"version-history":[{"count":6,"href":"https:\/\/www.welovecycling.com\/sk\/wp-json\/wp\/v2\/posts\/17709\/revisions"}],"predecessor-version":[{"id":17964,"href":"https:\/\/www.welovecycling.com\/sk\/wp-json\/wp\/v2\/posts\/17709\/revisions\/17964"}],"wp:featuredmedia":[{"embeddable":true,"href":"https:\/\/www.welovecycling.com\/sk\/wp-json\/wp\/v2\/media\/17710"}],"wp:attachment":[{"href":"https:\/\/www.welovecycling.com\/sk\/wp-json\/wp\/v2\/media?parent=17709"}],"wp:term":[{"taxonomy":"category","embeddable":true,"href":"https:\/\/www.welovecycling.com\/sk\/wp-json\/wp\/v2\/categories?post=17709"},{"taxonomy":"post_tag","embeddable":true,"href":"https:\/\/www.welovecycling.com\/sk\/wp-json\/wp\/v2\/tags?post=17709"},{"taxonomy":"global-categories","embeddable":true,"href":"https:\/\/www.welovecycling.com\/sk\/wp-json\/wp\/v2\/global-categories?post=17709"}],"curies":[{"name":"wp","href":"https:\/\/api.w.org\/{rel}","templated":true}]}}