{"id":17693,"date":"2023-06-16T10:00:28","date_gmt":"2023-06-16T08:00:28","guid":{"rendered":"https:\/\/www.welovecycling.com\/sk\/?p=17693"},"modified":"2023-06-16T10:02:18","modified_gmt":"2023-06-16T08:02:18","slug":"reportaz-letape-czech-republic-oslava-cyklistiky-u-ceskych-susedov","status":"publish","type":"post","link":"https:\/\/www.welovecycling.com\/sk\/2023\/06\/16\/reportaz-letape-czech-republic-oslava-cyklistiky-u-ceskych-susedov\/","title":{"rendered":"Report\u00e1\u017e: L\u00b4Etape Czech Republic &#8211; oslava cyklistiky u \u010desk\u00fdch susedov"},"content":{"rendered":"<p><strong>Minul\u00fd v\u00edkend bol v Prahe 3. ro\u010dn\u00edk L&#8217;etape Czech Republic by Tour de France a Bratislavsk\u00e9 bohyne tam nemohli ch\u00fdba\u0165.\u00a0<\/strong><!--more--><\/p>\n<p><b>Dva ro\u010dn\u00edky sme si vysk\u00fa\u0161ali na <\/b><a href=\"https:\/\/www.welovecycling.com\/sk\/2022\/08\/23\/reportaz-letape-slovakia-by-tour-de-france-2022\/\"><b>slovenskej verzii<\/b><\/a>, <strong>a tak<\/strong><b> nastal \u010das, vyrazi\u0165 za hranice. V Prahe sme si mohli vybra\u0165 z troch d\u013a\u017eok trate. Dlh\u00e1 trasa 142 km s prev\u00fd\u0161en\u00edm 1 900 m, stredn\u00e1 trasa 102 km s prev\u00fd\u0161en\u00edm 1 200 m a kr\u00e1tka trasa 65 km s prev\u00fd\u0161en\u00edm 650 m.<\/b><\/p>\n<p><b>\u00a0<\/b><span style=\"font-weight: 400;\">Pre n\u00e1s to bol prv\u00fd ro\u010dn\u00edk v Prahe, a tak v\u00fdber padol na kr\u00e1tku trasu. Na t\u00fa sme mali odvahu v\u0161etky. Ke\u010f\u017ee sme chceli zabojova\u0165 v s\u00fa\u0165a\u017ei teamov, zbyto\u010dne sme neprem\u00fd\u0161\u013eali, \u010di nesk\u00fasime dlh\u0161ie trate.<\/span><\/p>\n<p><a href=\"https:\/\/www.instagram.com\/p\/CtUTNfatyZE\/?igshid=MzRlODBiNWFlZA==\">https:\/\/www.instagram.com\/p\/CtUTNfatyZE\/?igshid=MzRlODBiNWFlZA==<\/a><\/p>\n<h2><strong>Na istotu<\/strong><\/h2>\n<p><span style=\"font-weight: 400;\">Nepozn\u00e1me okolie Prahy na bicykloch, nevedeli sme, do \u010doho ideme.<strong> Jedna vec je vidie\u0165 mapu s prev\u00fd\u0161eniami, ale druh\u00e1 vec je realita.<\/strong> Jedin\u00e1 Sa\u0161a od n\u00e1s si bola prejs\u0165 v\u00e4\u010d\u0161iu \u010das\u0165 trasy v stredu pred pretekmi a podala spr\u00e1vu o trase ostatn\u00fdm diev\u010dat\u00e1m. M\u00e1me re\u0161pekt hlavne pred zjazdami na nezn\u00e1mych cest\u00e1ch, a to bolo jedin\u00e9, \u010do diev\u010dat\u00e1 zauj\u00edmalo.\u00a0<\/span><\/p>\n<p><span style=\"font-weight: 400;\"><strong>Sobota 10.06.2023 sa bl\u00ed\u017eila s \u0148ou aj trosku st\u00fapala nervozita.<\/strong> V piatok poobede sme boli u\u017e komplet v\u0161etky v Prahe. Ale ke\u010f\u017ee tro\u0161ku sp\u0155chlo, nebol priestor na spolo\u010dn\u00fa \u201cvyj\u00ed\u017e\u010fku\u201d pred pretekmi, ale spolo\u010dn\u00e1 ve\u010dera musela by\u0165.\u00a0<\/span><\/p>\n<h2><strong>De\u0148 D<\/strong><\/h2>\n<p><span style=\"font-weight: 400;\">Sobota r\u00e1no pod mrakom a predpove\u010f ukazovala, \u017ee pr\u0161a\u0165 by malo od 12tej do 14tej\u2026 <strong>\u00e1no, presne vtedy, ke\u010f sme mali by\u0165 na trati.<\/strong> \u0160tart kr\u00e1tkej trate bol samostatn\u00fd a napl\u00e1novan\u00fd ako posledn\u00fd po dlhej a strednej trase.\u00a0<\/span><\/p>\n<p><span style=\"font-weight: 400;\">Z\u00e1zemie na \u0161tarte sme videli viacer\u00e9 prv\u00fdkr\u00e1t, ke\u010f\u017ee sme si nechali \u0161tartovn\u00e9 \u010d\u00edsla zasla\u0165 domov, \u010do ve\u013emi cen\u00edme. Pred \u0161tartom sme si pri\u0161li pre povzbudiv\u00e9 slov\u00e1 do st\u00e1nku L&#8217;\u00c9TAPE SLOVAKIA za Jo\u017ekom Pukalovi\u010dom, pofotili sa s Didim a mohli sme sa \u00eds\u0165 postavi\u0165 do \u0161tartovacieho koridoru. <strong>Mus\u00edme pochv\u00e1li\u0165 organiz\u00e1ciu na \u0161tarte, v\u0161etko bolo jasne ozna\u010den\u00e9 a do koridoru sme sa dostali bez tla\u010denia.<\/strong> Posledn\u00e9 fotky pred \u0161tartom, odpo\u010d\u00edtavanie a vyd\u00e1vame sa na tra\u0165.\u00a0<\/span><\/p>\n<div id='gallery-1' class='gallery galleryid-17693 gallery-columns-2 gallery-size-full'><figure class='gallery-item'>\n\t\t\t<div class='gallery-icon landscape'>\n\t\t\t\t<a href='https:\/\/d2p6e6u75xmxt8.cloudfront.net\/4\/2023\/06\/letapecz-10.webp'><img loading=\"lazy\" decoding=\"async\" width=\"990\" height=\"660\" src=\"https:\/\/d2p6e6u75xmxt8.cloudfront.net\/4\/2023\/06\/letapecz-10.webp\" class=\"attachment-full size-full\" alt=\"\" srcset=\"https:\/\/d2p6e6u75xmxt8.cloudfront.net\/4\/2023\/06\/letapecz-10.webp 990w, https:\/\/d2p6e6u75xmxt8.cloudfront.net\/4\/2023\/06\/letapecz-10-300x200.webp 300w, https:\/\/d2p6e6u75xmxt8.cloudfront.net\/4\/2023\/06\/letapecz-10-768x512.webp 768w, https:\/\/d2p6e6u75xmxt8.cloudfront.net\/4\/2023\/06\/letapecz-10-400x267.webp 400w, https:\/\/d2p6e6u75xmxt8.cloudfront.net\/4\/2023\/06\/letapecz-10-272x182.webp 272w\" sizes=\"auto, (max-width: 990px) 100vw, 990px\" \/><\/a>\n\t\t\t<\/div><\/figure><figure class='gallery-item'>\n\t\t\t<div class='gallery-icon landscape'>\n\t\t\t\t<a href='https:\/\/d2p6e6u75xmxt8.cloudfront.net\/4\/2023\/06\/letapecz-13.webp'><img loading=\"lazy\" decoding=\"async\" width=\"990\" height=\"660\" src=\"https:\/\/d2p6e6u75xmxt8.cloudfront.net\/4\/2023\/06\/letapecz-13.webp\" class=\"attachment-full size-full\" alt=\"\" srcset=\"https:\/\/d2p6e6u75xmxt8.cloudfront.net\/4\/2023\/06\/letapecz-13.webp 990w, https:\/\/d2p6e6u75xmxt8.cloudfront.net\/4\/2023\/06\/letapecz-13-300x200.webp 300w, https:\/\/d2p6e6u75xmxt8.cloudfront.net\/4\/2023\/06\/letapecz-13-768x512.webp 768w, https:\/\/d2p6e6u75xmxt8.cloudfront.net\/4\/2023\/06\/letapecz-13-400x267.webp 400w, https:\/\/d2p6e6u75xmxt8.cloudfront.net\/4\/2023\/06\/letapecz-13-272x182.webp 272w\" sizes=\"auto, (max-width: 990px) 100vw, 990px\" \/><\/a>\n\t\t\t<\/div><\/figure>\n\t\t<\/div>\n\n<p><span style=\"font-weight: 400;\">Prv\u00fdch 7 kilometrov vedie cez Prahu. Ide o kontrolovan\u00fd prejazd za vozidlami \u0160koda a\u017e na nult\u00fd kilometer, kde za\u010d\u00ednaj\u00fa prav\u00e9 preteky. <strong>Tam u\u017e ka\u017ed\u00e1 za\u010d\u00edna bojova\u0165 sama za seba ale aj za team.<\/strong><\/span><\/p>\n<p><span style=\"font-weight: 400;\">65 km je d\u013a\u017eka trate, ktor\u00fa jazd\u00edme be\u017ene na tr\u00e9ningoch, tak\u017ee kr\u00edza z d\u013a\u017eky trate nepri\u0161la, dve v\u00e4\u010d\u0161ie st\u00fapania sa dali zvl\u00e1dnu\u0165, lebo neboli dlh\u00e9, ale <strong>posledn\u00e9 dva kopce tesne pred cie\u013eom preverili na\u0161e nohy aj hlavu.<\/strong> Vy\u0161liapa\u0165 na Strahov po 60tich kilometroch u\u017e naozaj bolelo. Ob\u010derstvova\u010dky boli na kr\u00e1tkej trati dve, ale vysta\u010dili sme si s na\u0161imi vlastn\u00fdmi z\u00e1sobami a nebolo potrebn\u00e9 sa zdr\u017eova\u0165.\u00a0<\/span><\/p>\n<div id='gallery-2' class='gallery galleryid-17693 gallery-columns-2 gallery-size-full'><figure class='gallery-item'>\n\t\t\t<div class='gallery-icon landscape'>\n\t\t\t\t<a href='https:\/\/d2p6e6u75xmxt8.cloudfront.net\/4\/2023\/06\/letapecz-14.webp'><img loading=\"lazy\" decoding=\"async\" width=\"990\" height=\"660\" src=\"https:\/\/d2p6e6u75xmxt8.cloudfront.net\/4\/2023\/06\/letapecz-14.webp\" class=\"attachment-full size-full\" alt=\"\" srcset=\"https:\/\/d2p6e6u75xmxt8.cloudfront.net\/4\/2023\/06\/letapecz-14.webp 990w, https:\/\/d2p6e6u75xmxt8.cloudfront.net\/4\/2023\/06\/letapecz-14-300x200.webp 300w, https:\/\/d2p6e6u75xmxt8.cloudfront.net\/4\/2023\/06\/letapecz-14-768x512.webp 768w, https:\/\/d2p6e6u75xmxt8.cloudfront.net\/4\/2023\/06\/letapecz-14-400x267.webp 400w, https:\/\/d2p6e6u75xmxt8.cloudfront.net\/4\/2023\/06\/letapecz-14-272x182.webp 272w\" sizes=\"auto, (max-width: 990px) 100vw, 990px\" \/><\/a>\n\t\t\t<\/div><\/figure><figure class='gallery-item'>\n\t\t\t<div class='gallery-icon landscape'>\n\t\t\t\t<a href='https:\/\/d2p6e6u75xmxt8.cloudfront.net\/4\/2023\/06\/letapecz-16-1.webp'><img loading=\"lazy\" decoding=\"async\" width=\"990\" height=\"660\" src=\"https:\/\/d2p6e6u75xmxt8.cloudfront.net\/4\/2023\/06\/letapecz-16-1.webp\" class=\"attachment-full size-full\" alt=\"\" srcset=\"https:\/\/d2p6e6u75xmxt8.cloudfront.net\/4\/2023\/06\/letapecz-16-1.webp 990w, https:\/\/d2p6e6u75xmxt8.cloudfront.net\/4\/2023\/06\/letapecz-16-1-300x200.webp 300w, https:\/\/d2p6e6u75xmxt8.cloudfront.net\/4\/2023\/06\/letapecz-16-1-768x512.webp 768w, https:\/\/d2p6e6u75xmxt8.cloudfront.net\/4\/2023\/06\/letapecz-16-1-400x267.webp 400w, https:\/\/d2p6e6u75xmxt8.cloudfront.net\/4\/2023\/06\/letapecz-16-1-272x182.webp 272w\" sizes=\"auto, (max-width: 990px) 100vw, 990px\" \/><\/a>\n\t\t\t<\/div><\/figure>\n\t\t<\/div>\n\n<h2><strong>Cie\u013e splnen\u00fd<\/strong><\/h2>\n<p><span style=\"font-weight: 400;\">Trasa nebola v\u00f4bec \u013eahk\u00e1, st\u00fapania sa striedali s \u010fal\u0161\u00edm st\u00fapan\u00edm. \ud83d\ude42 <strong>Ale v na\u0161om teame m\u00e1me aj diev\u010dat\u00e1, ktor\u00e9 \u013e\u00fabia kop\u010deky a vedia zabojova\u0165, vrch\u00e1rsku pr\u00e9miu sme si nenechali ujs\u0165.<\/strong> Na\u0161a <\/span><a href=\"https:\/\/instagram.com\/borka_bl?igshid=MzRlODBiNWFlZA==\"><span style=\"font-weight: 400;\">Barbora Luka\u010dovsk\u00e1<\/span><\/a><span style=\"font-weight: 400;\"> bola najr\u00fdchlej\u0161ia medzi \u017eenami a z\u00e1rove\u0148 bola 4. najr\u00fdchlej\u0161ia \u017eena v celkovom porad\u00ed, vo vekovej kateg\u00f3rii sa jej u\u0161lo kr\u00e1sne 2. miesto. Gratulujeme!<\/span><\/p>\n<p><span style=\"font-weight: 400;\">foto 1, 5<\/span><\/p>\n<p><span style=\"font-weight: 400;\"><strong>Ostatn\u00e9 diev\u010dat\u00e1 samozrejme bojovali tie\u017e a u\u0161li sa n\u00e1m viacer\u00e9 ocenenia v kateg\u00f3ri\u00e1ch.<\/strong> Gratulujeme <\/span><a href=\"https:\/\/instagram.com\/katarina_sivokova?igshid=MzRlODBiNWFlZA==\"><span style=\"font-weight: 400;\">Katar\u00edne Sivokovej<\/span><\/a><span style=\"font-weight: 400;\"> k 2. miestu v kateg\u00f3rii, <\/span><a href=\"https:\/\/instagram.com\/jeyjey.skanderova?igshid=MzRlODBiNWFlZA==\"><span style=\"font-weight: 400;\">Jane \u0160kanderovej<\/span><\/a><span style=\"font-weight: 400;\"> k 3. miestu v kateg\u00f3rii a <\/span><a href=\"https:\/\/instagram.com\/ive_lu_?igshid=MzRlODBiNWFlZA==\"><span style=\"font-weight: 400;\">Ivete \u0160imunekovej<\/span><\/a><span style=\"font-weight: 400;\"> k 2. miestu v kateg\u00f3rii.<\/span><\/p>\n<p><span style=\"font-weight: 400;\">Toto boli v\u00fdsledky za individu\u00e1lne v\u00fdkony, ale n\u00e1\u0161 hlavn\u00fd cie\u013e bolo vyhra\u0165 teamovu s\u00fa\u0165a\u017e. <strong>Dali sme do toho v\u0161etko a \u00e1\u00e1\u00e1no, Bratislavske bohyne si vybojovali v \u017eensk\u00fdch teamoch 1. miesto.<\/strong> \ud83d\ude42 Kompletn\u00e9 v\u00fdsledky n\u00e1jdete na <\/span><a href=\"https:\/\/www.letapeczech.cz\/oficialni-vysledky-zavodu-2023\/\"><span style=\"font-weight: 400;\">tomto odkaze<\/span><\/a><span style=\"font-weight: 400;\">.<\/span><\/p>\n<p><a href=\"https:\/\/www.instagram.com\/p\/CtV5sZ0qSeK\/?igshid=MzRlODBiNWFlZA==\">https:\/\/www.instagram.com\/p\/CtV5sZ0qSeK\/?igshid=MzRlODBiNWFlZA==<\/a><\/p>\n<p><span style=\"font-weight: 400;\">Do cie\u013ea dorazilo v\u0161etk\u00fdch 9 boh\u00fd\u0148 bez zranenia, bez p\u00e1du a s \u00fasmevom na tv\u00e1ri. <strong>Ve\u013emi si cen\u00edme podporu od organiz\u00e1tora, ktor\u00fd n\u00e1s pozval na tento ro\u010dn\u00edk a v\u0161etk\u00fdm \u010fakujeme za povzbudzovanie na trati, na \u0161tarte a v cieli.<\/strong> Boli sme naozaj prekvapen\u00e9, ko\u013eko ludi n\u00e1s pozn\u00e1 v Prahe. \ud83d\ude42 A v neposlednom rade \u010fakujeme \u0160KODA AUTO Sovensko za zapo\u017ei\u010danie auta na toto \u010desk\u00e9 dobrodru\u017estvo.<\/span><\/p>\n<p><a href=\"https:\/\/www.instagram.com\/p\/Cta-jcItXDI\/\">https:\/\/www.instagram.com\/p\/Cta-jcItXDI\/<\/a><\/p>\n<p><strong>Praha \u010fakujeme, vid\u00edme sa na 4.ro\u010dn\u00edku L&#8217;etape Czech Republic by Tour de France.<\/strong><\/p>\n<p><span style=\"font-weight: 400;\">Zdroj fotografi\u00ed: arch\u00edv Bratislavsk\u00fdch boh\u00fd\u0148<\/span><\/p>\n","protected":false},"excerpt":{"rendered":"<p>Minul\u00fd v\u00edkend bol v Prahe 3. ro\u010dn\u00edk L&#8217;etape Czech Republic by Tour de France a Bratislavsk\u00e9 bohyne tam nemohli ch\u00fdba\u0165.\u00a0<\/p>\n","protected":false},"author":172,"featured_media":17694,"comment_status":"open","ping_status":"open","sticky":false,"template":"","format":"standard","meta":{"footnotes":""},"categories":[4],"tags":[1532,540,115,546,931,179,20,659,475],"global-categories":[1074],"class_list":["post-17693","post","type-post","status-publish","format-standard","has-post-thumbnail","hentry","category-cestna-cyklisitika","tag-bratislavske-bohyne","tag-ceska-republika","tag-cestna-cyklistika","tag-cyklistika","tag-odporucame","tag-preteky","tag-tour-de-france","tag-zenska-cyklistika","tag-zeny","global-categories-cycling"],"yoast_head":"<!-- This site is optimized with the Yoast SEO Premium plugin v25.3 (Yoast SEO v25.9) - https:\/\/yoast.com\/wordpress\/plugins\/seo\/ -->\n<title>Report\u00e1\u017e: L\u00b4Etape Czech Republic - oslava cyklistiky u \u010desk\u00fdch susedov<\/title>\n<meta name=\"description\" content=\"Minul\u00fd v\u00edkend bol v Prahe 3. ro\u010dn\u00edk L&#039;etape Czech Republic by Tour de France a Bratislavsk\u00e9 bohyne tam nemohli ch\u00fdba\u0165.\u00a0\" \/>\n<meta name=\"robots\" content=\"index, follow, max-snippet:-1, max-image-preview:large, max-video-preview:-1\" \/>\n<link rel=\"canonical\" href=\"https:\/\/www.welovecycling.com\/sk\/2023\/06\/16\/reportaz-letape-czech-republic-oslava-cyklistiky-u-ceskych-susedov\/\" \/>\n<meta property=\"og:locale\" content=\"sk_SK\" \/>\n<meta property=\"og:type\" content=\"article\" \/>\n<meta property=\"og:title\" content=\"Report\u00e1\u017e: L\u00b4Etape Czech Republic - oslava cyklistiky u \u010desk\u00fdch susedov\" \/>\n<meta property=\"og:description\" content=\"Minul\u00fd v\u00edkend bol v Prahe 3. ro\u010dn\u00edk L&#039;etape Czech Republic by Tour de France a Bratislavsk\u00e9 bohyne tam nemohli ch\u00fdba\u0165.\u00a0\" \/>\n<meta property=\"og:url\" content=\"https:\/\/www.welovecycling.com\/sk\/2023\/06\/16\/reportaz-letape-czech-republic-oslava-cyklistiky-u-ceskych-susedov\/\" \/>\n<meta property=\"og:site_name\" content=\"\u0160koda We Love Cycling Slovensko\" \/>\n<meta property=\"article:published_time\" content=\"2023-06-16T08:00:28+00:00\" \/>\n<meta property=\"article:modified_time\" content=\"2023-06-16T08:02:18+00:00\" \/>\n<meta property=\"og:image\" content=\"https:\/\/d2p6e6u75xmxt8.cloudfront.net\/4\/2023\/06\/letapecz_titul.webp\" \/>\n\t<meta property=\"og:image:width\" content=\"990\" \/>\n\t<meta property=\"og:image:height\" content=\"660\" \/>\n\t<meta property=\"og:image:type\" content=\"image\/webp\" \/>\n<meta name=\"author\" content=\"dominika\" \/>\n<meta name=\"twitter:card\" content=\"summary_large_image\" \/>\n<meta name=\"twitter:label1\" content=\"Written by\" \/>\n\t<meta name=\"twitter:data1\" content=\"Bratislavsk\u00e9 bohyne\" \/>\n\t<meta name=\"twitter:label2\" content=\"Est. reading time\" \/>\n\t<meta name=\"twitter:data2\" content=\"3\" \/>\n<script type=\"application\/ld+json\" class=\"yoast-schema-graph\">{\"@context\":\"https:\/\/schema.org\",\"@graph\":[{\"@type\":\"WebPage\",\"@id\":\"https:\/\/www.welovecycling.com\/sk\/2023\/06\/16\/reportaz-letape-czech-republic-oslava-cyklistiky-u-ceskych-susedov\/\",\"url\":\"https:\/\/www.welovecycling.com\/sk\/2023\/06\/16\/reportaz-letape-czech-republic-oslava-cyklistiky-u-ceskych-susedov\/\",\"name\":\"Report\u00e1\u017e: L\u00b4Etape Czech Republic - oslava cyklistiky u \u010desk\u00fdch susedov\",\"isPartOf\":{\"@id\":\"https:\/\/www.welovecycling.com\/sk\/#website\"},\"primaryImageOfPage\":{\"@id\":\"https:\/\/www.welovecycling.com\/sk\/2023\/06\/16\/reportaz-letape-czech-republic-oslava-cyklistiky-u-ceskych-susedov\/#primaryimage\"},\"image\":{\"@id\":\"https:\/\/www.welovecycling.com\/sk\/2023\/06\/16\/reportaz-letape-czech-republic-oslava-cyklistiky-u-ceskych-susedov\/#primaryimage\"},\"thumbnailUrl\":\"https:\/\/d2p6e6u75xmxt8.cloudfront.net\/4\/2023\/06\/letapecz_titul.webp\",\"datePublished\":\"2023-06-16T08:00:28+00:00\",\"dateModified\":\"2023-06-16T08:02:18+00:00\",\"author\":{\"@id\":\"https:\/\/www.welovecycling.com\/sk\/#\/schema\/person\/533b62b98b6c41bd5135ebfb1f742624\"},\"description\":\"Minul\u00fd v\u00edkend bol v Prahe 3. ro\u010dn\u00edk L'etape Czech Republic by Tour de France a Bratislavsk\u00e9 bohyne tam nemohli ch\u00fdba\u0165.\u00a0\",\"breadcrumb\":{\"@id\":\"https:\/\/www.welovecycling.com\/sk\/2023\/06\/16\/reportaz-letape-czech-republic-oslava-cyklistiky-u-ceskych-susedov\/#breadcrumb\"},\"inLanguage\":\"sk-SK\",\"potentialAction\":[{\"@type\":\"ReadAction\",\"target\":[\"https:\/\/www.welovecycling.com\/sk\/2023\/06\/16\/reportaz-letape-czech-republic-oslava-cyklistiky-u-ceskych-susedov\/\"]}]},{\"@type\":\"ImageObject\",\"inLanguage\":\"sk-SK\",\"@id\":\"https:\/\/www.welovecycling.com\/sk\/2023\/06\/16\/reportaz-letape-czech-republic-oslava-cyklistiky-u-ceskych-susedov\/#primaryimage\",\"url\":\"https:\/\/d2p6e6u75xmxt8.cloudfront.net\/4\/2023\/06\/letapecz_titul.webp\",\"contentUrl\":\"https:\/\/d2p6e6u75xmxt8.cloudfront.net\/4\/2023\/06\/letapecz_titul.webp\",\"width\":990,\"height\":660},{\"@type\":\"BreadcrumbList\",\"@id\":\"https:\/\/www.welovecycling.com\/sk\/2023\/06\/16\/reportaz-letape-czech-republic-oslava-cyklistiky-u-ceskych-susedov\/#breadcrumb\",\"itemListElement\":[{\"@type\":\"ListItem\",\"position\":1,\"name\":\"Home\",\"item\":\"https:\/\/www.welovecycling.com\/sk\/\"},{\"@type\":\"ListItem\",\"position\":2,\"name\":\"Report\u00e1\u017e: L\u00b4Etape Czech Republic &#8211; oslava cyklistiky u \u010desk\u00fdch susedov\"}]},{\"@type\":\"WebSite\",\"@id\":\"https:\/\/www.welovecycling.com\/sk\/#website\",\"url\":\"https:\/\/www.welovecycling.com\/sk\/\",\"name\":\"\u0160koda We Love Cycling Slovensko\",\"description\":\"\u0160koda We Love Cycling Slovensko je v\u00e1\u0161 ka\u017edodenn\u00fd zdroj noviniek a in\u0161pir\u00e1cie z sveta cyklistiky\",\"potentialAction\":[{\"@type\":\"SearchAction\",\"target\":{\"@type\":\"EntryPoint\",\"urlTemplate\":\"https:\/\/www.welovecycling.com\/sk\/?s={search_term_string}\"},\"query-input\":{\"@type\":\"PropertyValueSpecification\",\"valueRequired\":true,\"valueName\":\"search_term_string\"}}],\"inLanguage\":\"sk-SK\"},{\"@type\":\"Person\",\"@id\":\"https:\/\/www.welovecycling.com\/sk\/#\/schema\/person\/533b62b98b6c41bd5135ebfb1f742624\",\"name\":\"dominika\",\"image\":{\"@type\":\"ImageObject\",\"inLanguage\":\"sk-SK\",\"@id\":\"https:\/\/www.welovecycling.com\/sk\/#\/schema\/person\/image\/\",\"url\":\"https:\/\/secure.gravatar.com\/avatar\/ded6f274ba2ec3e17fff153f7d9d96a4b33c2cb63907f75d9a5309c599a7f3e6?s=96&d=mm&r=g\",\"contentUrl\":\"https:\/\/secure.gravatar.com\/avatar\/ded6f274ba2ec3e17fff153f7d9d96a4b33c2cb63907f75d9a5309c599a7f3e6?s=96&d=mm&r=g\",\"caption\":\"dominika\"},\"url\":\"https:\/\/www.welovecycling.com\/sk\/author\/dominika\/\"}]}<\/script>\n<!-- \/ Yoast SEO Premium plugin. -->","yoast_head_json":{"title":"Report\u00e1\u017e: L\u00b4Etape Czech Republic - oslava cyklistiky u \u010desk\u00fdch susedov","description":"Minul\u00fd v\u00edkend bol v Prahe 3. ro\u010dn\u00edk L'etape Czech Republic by Tour de France a Bratislavsk\u00e9 bohyne tam nemohli ch\u00fdba\u0165.\u00a0","robots":{"index":"index","follow":"follow","max-snippet":"max-snippet:-1","max-image-preview":"max-image-preview:large","max-video-preview":"max-video-preview:-1"},"canonical":"https:\/\/www.welovecycling.com\/sk\/2023\/06\/16\/reportaz-letape-czech-republic-oslava-cyklistiky-u-ceskych-susedov\/","og_locale":"sk_SK","og_type":"article","og_title":"Report\u00e1\u017e: L\u00b4Etape Czech Republic - oslava cyklistiky u \u010desk\u00fdch susedov","og_description":"Minul\u00fd v\u00edkend bol v Prahe 3. ro\u010dn\u00edk L'etape Czech Republic by Tour de France a Bratislavsk\u00e9 bohyne tam nemohli ch\u00fdba\u0165.\u00a0","og_url":"https:\/\/www.welovecycling.com\/sk\/2023\/06\/16\/reportaz-letape-czech-republic-oslava-cyklistiky-u-ceskych-susedov\/","og_site_name":"\u0160koda We Love Cycling Slovensko","article_published_time":"2023-06-16T08:00:28+00:00","article_modified_time":"2023-06-16T08:02:18+00:00","og_image":[{"width":990,"height":660,"url":"https:\/\/d2p6e6u75xmxt8.cloudfront.net\/4\/2023\/06\/letapecz_titul.webp","type":"image\/webp"}],"author":"dominika","twitter_card":"summary_large_image","twitter_misc":{"Written by":"Bratislavsk\u00e9 bohyne","Est. reading time":"3"},"schema":{"@context":"https:\/\/schema.org","@graph":[{"@type":"WebPage","@id":"https:\/\/www.welovecycling.com\/sk\/2023\/06\/16\/reportaz-letape-czech-republic-oslava-cyklistiky-u-ceskych-susedov\/","url":"https:\/\/www.welovecycling.com\/sk\/2023\/06\/16\/reportaz-letape-czech-republic-oslava-cyklistiky-u-ceskych-susedov\/","name":"Report\u00e1\u017e: L\u00b4Etape Czech Republic - oslava cyklistiky u \u010desk\u00fdch susedov","isPartOf":{"@id":"https:\/\/www.welovecycling.com\/sk\/#website"},"primaryImageOfPage":{"@id":"https:\/\/www.welovecycling.com\/sk\/2023\/06\/16\/reportaz-letape-czech-republic-oslava-cyklistiky-u-ceskych-susedov\/#primaryimage"},"image":{"@id":"https:\/\/www.welovecycling.com\/sk\/2023\/06\/16\/reportaz-letape-czech-republic-oslava-cyklistiky-u-ceskych-susedov\/#primaryimage"},"thumbnailUrl":"https:\/\/d2p6e6u75xmxt8.cloudfront.net\/4\/2023\/06\/letapecz_titul.webp","datePublished":"2023-06-16T08:00:28+00:00","dateModified":"2023-06-16T08:02:18+00:00","author":{"@id":"https:\/\/www.welovecycling.com\/sk\/#\/schema\/person\/533b62b98b6c41bd5135ebfb1f742624"},"description":"Minul\u00fd v\u00edkend bol v Prahe 3. ro\u010dn\u00edk L'etape Czech Republic by Tour de France a Bratislavsk\u00e9 bohyne tam nemohli ch\u00fdba\u0165.\u00a0","breadcrumb":{"@id":"https:\/\/www.welovecycling.com\/sk\/2023\/06\/16\/reportaz-letape-czech-republic-oslava-cyklistiky-u-ceskych-susedov\/#breadcrumb"},"inLanguage":"sk-SK","potentialAction":[{"@type":"ReadAction","target":["https:\/\/www.welovecycling.com\/sk\/2023\/06\/16\/reportaz-letape-czech-republic-oslava-cyklistiky-u-ceskych-susedov\/"]}]},{"@type":"ImageObject","inLanguage":"sk-SK","@id":"https:\/\/www.welovecycling.com\/sk\/2023\/06\/16\/reportaz-letape-czech-republic-oslava-cyklistiky-u-ceskych-susedov\/#primaryimage","url":"https:\/\/d2p6e6u75xmxt8.cloudfront.net\/4\/2023\/06\/letapecz_titul.webp","contentUrl":"https:\/\/d2p6e6u75xmxt8.cloudfront.net\/4\/2023\/06\/letapecz_titul.webp","width":990,"height":660},{"@type":"BreadcrumbList","@id":"https:\/\/www.welovecycling.com\/sk\/2023\/06\/16\/reportaz-letape-czech-republic-oslava-cyklistiky-u-ceskych-susedov\/#breadcrumb","itemListElement":[{"@type":"ListItem","position":1,"name":"Home","item":"https:\/\/www.welovecycling.com\/sk\/"},{"@type":"ListItem","position":2,"name":"Report\u00e1\u017e: L\u00b4Etape Czech Republic &#8211; oslava cyklistiky u \u010desk\u00fdch susedov"}]},{"@type":"WebSite","@id":"https:\/\/www.welovecycling.com\/sk\/#website","url":"https:\/\/www.welovecycling.com\/sk\/","name":"\u0160koda We Love Cycling Slovensko","description":"\u0160koda We Love Cycling Slovensko je v\u00e1\u0161 ka\u017edodenn\u00fd zdroj noviniek a in\u0161pir\u00e1cie z sveta cyklistiky","potentialAction":[{"@type":"SearchAction","target":{"@type":"EntryPoint","urlTemplate":"https:\/\/www.welovecycling.com\/sk\/?s={search_term_string}"},"query-input":{"@type":"PropertyValueSpecification","valueRequired":true,"valueName":"search_term_string"}}],"inLanguage":"sk-SK"},{"@type":"Person","@id":"https:\/\/www.welovecycling.com\/sk\/#\/schema\/person\/533b62b98b6c41bd5135ebfb1f742624","name":"dominika","image":{"@type":"ImageObject","inLanguage":"sk-SK","@id":"https:\/\/www.welovecycling.com\/sk\/#\/schema\/person\/image\/","url":"https:\/\/secure.gravatar.com\/avatar\/ded6f274ba2ec3e17fff153f7d9d96a4b33c2cb63907f75d9a5309c599a7f3e6?s=96&d=mm&r=g","contentUrl":"https:\/\/secure.gravatar.com\/avatar\/ded6f274ba2ec3e17fff153f7d9d96a4b33c2cb63907f75d9a5309c599a7f3e6?s=96&d=mm&r=g","caption":"dominika"},"url":"https:\/\/www.welovecycling.com\/sk\/author\/dominika\/"}]}},"_links":{"self":[{"href":"https:\/\/www.welovecycling.com\/sk\/wp-json\/wp\/v2\/posts\/17693","targetHints":{"allow":["GET"]}}],"collection":[{"href":"https:\/\/www.welovecycling.com\/sk\/wp-json\/wp\/v2\/posts"}],"about":[{"href":"https:\/\/www.welovecycling.com\/sk\/wp-json\/wp\/v2\/types\/post"}],"author":[{"embeddable":true,"href":"https:\/\/www.welovecycling.com\/sk\/wp-json\/wp\/v2\/users\/172"}],"replies":[{"embeddable":true,"href":"https:\/\/www.welovecycling.com\/sk\/wp-json\/wp\/v2\/comments?post=17693"}],"version-history":[{"count":4,"href":"https:\/\/www.welovecycling.com\/sk\/wp-json\/wp\/v2\/posts\/17693\/revisions"}],"predecessor-version":[{"id":17705,"href":"https:\/\/www.welovecycling.com\/sk\/wp-json\/wp\/v2\/posts\/17693\/revisions\/17705"}],"wp:featuredmedia":[{"embeddable":true,"href":"https:\/\/www.welovecycling.com\/sk\/wp-json\/wp\/v2\/media\/17694"}],"wp:attachment":[{"href":"https:\/\/www.welovecycling.com\/sk\/wp-json\/wp\/v2\/media?parent=17693"}],"wp:term":[{"taxonomy":"category","embeddable":true,"href":"https:\/\/www.welovecycling.com\/sk\/wp-json\/wp\/v2\/categories?post=17693"},{"taxonomy":"post_tag","embeddable":true,"href":"https:\/\/www.welovecycling.com\/sk\/wp-json\/wp\/v2\/tags?post=17693"},{"taxonomy":"global-categories","embeddable":true,"href":"https:\/\/www.welovecycling.com\/sk\/wp-json\/wp\/v2\/global-categories?post=17693"}],"curies":[{"name":"wp","href":"https:\/\/api.w.org\/{rel}","templated":true}]}}