{"id":17654,"date":"2023-06-14T10:24:30","date_gmt":"2023-06-14T08:24:30","guid":{"rendered":"https:\/\/www.welovecycling.com\/sk\/?p=17654"},"modified":"2023-06-14T10:56:11","modified_gmt":"2023-06-14T08:56:11","slug":"reportaz-skoda-slovensky-raj-zaciatok-leta-plny-vody","status":"publish","type":"post","link":"https:\/\/www.welovecycling.com\/sk\/2023\/06\/14\/reportaz-skoda-slovensky-raj-zaciatok-leta-plny-vody\/","title":{"rendered":"Report\u00e1\u017e: \u0160koda Slovensk\u00fd raj &#8211; za\u010diatok leta pln\u00fd vody"},"content":{"rendered":"<p><strong>Tra\u0165 v Slovenskom raji zo s\u00e9rie \u0160KODA BIKE OPEN TOUR patr\u00ed medzi moje ob\u013e\u00faben\u00e9, nako\u013eko si v r\u00e1mci pretekov zajazd\u00edme na tras\u00e1ch, kde to m\u00e1me v ka\u017edodennom re\u017eime zak\u00e1zan\u00e9, a \u017ee je si \u010do vychutna\u0165. Je to v porad\u00ed tretie podujatie tejto sez\u00f3ny po <a href=\"https:\/\/www.welovecycling.com\/sk\/2023\/05\/03\/reportaz-skoda-svatojursky-mtb-maraton-sezona-konecne-zahajena\/\">Sv\u00e4tom Jure<\/a> a <a href=\"https:\/\/www.welovecycling.com\/sk\/2023\/05\/25\/reportaz-skoda-mtb-maraton-rajecke-teplice-rodinny-vylet-za-family-tratou\/\">Rajeck\u00fdch Tepliciach<\/a>, tak sa v\u00e1m ho pok\u00fasim tro\u0161ku pribl\u00ed\u017ei\u0165.\u00a0<\/strong><!--more--><\/p>\n<p><span style=\"font-weight: 400;\">Vr\u00e1tim sa ale e\u0161te na za\u010diatok. Je 7 dn\u00ed do pretekov <strong>a hoci m\u00e1me za\u010diatok leta, v\u0161emocn\u00fd \u201epredpoveda\u010d\u201c po\u010dasia Aladin hl\u00e1si intenz\u00edvne lejaky na cel\u00fd t\u00fd\u017ede\u0148.<\/strong> A boli a\u017e tak\u00e9, \u017ee n\u00e1m vo \u0161tvrtok vytopilo centrum Bratislavy. \ud83d\ude42<\/span><\/p>\n<p><span style=\"font-weight: 400;\">Na\u0161\u0165astie trate v Slovenskom raji tvoria z ve\u013ekej \u010dasti \u0161trkov\u00e9 zv\u00e1\u017enice, pr\u00edpadne asfalt. <strong>Len mal\u00e1 \u010das\u0165 vedie po poliach, kde ale nehrozili \u017eiadne tla\u010denice cez bahenn\u00e9 k\u00fapele.<\/strong> Do Popradu prich\u00e1dzam e\u0161te v piatok podve\u010der, aby som mal v sobotu k\u013eudn\u00e9 r\u00e1no a mohol by\u0165 odd\u00fdchnut\u00fd. Po\u010dasie vyzer\u00e1, \u017ee n\u00e1m doobeda vydr\u017e\u00ed a nejak\u00fd d\u00e1\u017e\u010f by mal pr\u00eds\u0165 a\u017e okolo 12 hod, bolo treba len d\u00fafa\u0165. St\u00e1le to bolo tak, \u017ee na jednom mieste pr\u0161alo a o 5 km \u010falej svietilo letn\u00e9 slnie\u010dko.<\/span><\/p>\n<div id='gallery-1' class='gallery galleryid-17654 gallery-columns-2 gallery-size-full'><figure class='gallery-item'>\n\t\t\t<div class='gallery-icon landscape'>\n\t\t\t\t<a href='https:\/\/d2p6e6u75xmxt8.cloudfront.net\/4\/2023\/06\/WLC-9.webp'><img loading=\"lazy\" decoding=\"async\" width=\"990\" height=\"660\" src=\"https:\/\/d2p6e6u75xmxt8.cloudfront.net\/4\/2023\/06\/WLC-9.webp\" class=\"attachment-full size-full\" alt=\"\" srcset=\"https:\/\/d2p6e6u75xmxt8.cloudfront.net\/4\/2023\/06\/WLC-9.webp 990w, https:\/\/d2p6e6u75xmxt8.cloudfront.net\/4\/2023\/06\/WLC-9-300x200.webp 300w, https:\/\/d2p6e6u75xmxt8.cloudfront.net\/4\/2023\/06\/WLC-9-768x512.webp 768w, https:\/\/d2p6e6u75xmxt8.cloudfront.net\/4\/2023\/06\/WLC-9-400x267.webp 400w, https:\/\/d2p6e6u75xmxt8.cloudfront.net\/4\/2023\/06\/WLC-9-272x182.webp 272w\" sizes=\"auto, (max-width: 990px) 100vw, 990px\" \/><\/a>\n\t\t\t<\/div><\/figure><figure class='gallery-item'>\n\t\t\t<div class='gallery-icon landscape'>\n\t\t\t\t<a href='https:\/\/d2p6e6u75xmxt8.cloudfront.net\/4\/2023\/06\/WLC-17.webp'><img loading=\"lazy\" decoding=\"async\" width=\"990\" height=\"660\" src=\"https:\/\/d2p6e6u75xmxt8.cloudfront.net\/4\/2023\/06\/WLC-17.webp\" class=\"attachment-full size-full\" alt=\"\" srcset=\"https:\/\/d2p6e6u75xmxt8.cloudfront.net\/4\/2023\/06\/WLC-17.webp 990w, https:\/\/d2p6e6u75xmxt8.cloudfront.net\/4\/2023\/06\/WLC-17-300x200.webp 300w, https:\/\/d2p6e6u75xmxt8.cloudfront.net\/4\/2023\/06\/WLC-17-768x512.webp 768w, https:\/\/d2p6e6u75xmxt8.cloudfront.net\/4\/2023\/06\/WLC-17-400x267.webp 400w, https:\/\/d2p6e6u75xmxt8.cloudfront.net\/4\/2023\/06\/WLC-17-272x182.webp 272w\" sizes=\"auto, (max-width: 990px) 100vw, 990px\" \/><\/a>\n\t\t\t<\/div><\/figure>\n\t\t<\/div>\n\n<p><span style=\"font-weight: 400;\">Na v\u00fdber bolo z viacer\u00fdch trat\u00ed, pre drobcov FAMILY tra\u0165, ktor\u00e1 mala 8,4 km. Nasledovala kr\u00e1tka tra\u0165 14 km\/638 m, stredn\u00e1 tra\u0165 54 km\/1 306 m a dlh\u00e1 tra\u0165, na ktor\u00fa som sa prihl\u00e1sil, mala 68 km\/1 600 m. Na stredn\u00fa a dlh\u00fa mohli \u00eds\u0165 aj E-biky a gravelisti. T\u00fdch dos\u0165 obdivujem po tom kamenistom ter\u00e9ne, na na\u0161ej trati i\u0161li a\u017e dvaja. \ud83d\ude42\u00a0<\/span><\/p>\n<div id='gallery-2' class='gallery galleryid-17654 gallery-columns-2 gallery-size-full'><figure class='gallery-item'>\n\t\t\t<div class='gallery-icon landscape'>\n\t\t\t\t<a href='https:\/\/d2p6e6u75xmxt8.cloudfront.net\/4\/2023\/06\/WLC-16.webp'><img loading=\"lazy\" decoding=\"async\" width=\"990\" height=\"660\" src=\"https:\/\/d2p6e6u75xmxt8.cloudfront.net\/4\/2023\/06\/WLC-16.webp\" class=\"attachment-full size-full\" alt=\"\" srcset=\"https:\/\/d2p6e6u75xmxt8.cloudfront.net\/4\/2023\/06\/WLC-16.webp 990w, https:\/\/d2p6e6u75xmxt8.cloudfront.net\/4\/2023\/06\/WLC-16-300x200.webp 300w, https:\/\/d2p6e6u75xmxt8.cloudfront.net\/4\/2023\/06\/WLC-16-768x512.webp 768w, https:\/\/d2p6e6u75xmxt8.cloudfront.net\/4\/2023\/06\/WLC-16-400x267.webp 400w, https:\/\/d2p6e6u75xmxt8.cloudfront.net\/4\/2023\/06\/WLC-16-272x182.webp 272w\" sizes=\"auto, (max-width: 990px) 100vw, 990px\" \/><\/a>\n\t\t\t<\/div><\/figure><figure class='gallery-item'>\n\t\t\t<div class='gallery-icon landscape'>\n\t\t\t\t<a href='https:\/\/d2p6e6u75xmxt8.cloudfront.net\/4\/2023\/06\/WLC-21.webp'><img loading=\"lazy\" decoding=\"async\" width=\"990\" height=\"660\" src=\"https:\/\/d2p6e6u75xmxt8.cloudfront.net\/4\/2023\/06\/WLC-21.webp\" class=\"attachment-full size-full\" alt=\"\" srcset=\"https:\/\/d2p6e6u75xmxt8.cloudfront.net\/4\/2023\/06\/WLC-21.webp 990w, https:\/\/d2p6e6u75xmxt8.cloudfront.net\/4\/2023\/06\/WLC-21-300x200.webp 300w, https:\/\/d2p6e6u75xmxt8.cloudfront.net\/4\/2023\/06\/WLC-21-768x512.webp 768w, https:\/\/d2p6e6u75xmxt8.cloudfront.net\/4\/2023\/06\/WLC-21-400x267.webp 400w, https:\/\/d2p6e6u75xmxt8.cloudfront.net\/4\/2023\/06\/WLC-21-272x182.webp 272w\" sizes=\"auto, (max-width: 990px) 100vw, 990px\" \/><\/a>\n\t\t\t<\/div><\/figure>\n\t\t<\/div>\n\n<p style=\"font-size: 16px;\">\u0160tart dlhej trate bol o 9:00 hod a pripraven\u00fdch vyrazi\u0165 po z\u00e1kutiach Slovensk\u00e9ho raja pri\u0161lo cez 90 bikerov.<\/p>\n<p><span style=\"font-weight: 400;\">\u00davod cez Hrabu\u0161ice ideme za sprievodn\u00fdm vozidlom a\u00a0len po\u010du\u0165 bzu\u010danie MTB pl\u00e1\u0161\u0165ov cel\u00e9ho pelot\u00f3nu.\u00a0 <strong>Za chv\u00ed\u013eu odbo\u010dujeme k\u00a0Horn\u00e1du a\u00a0to boli posledn\u00e9 metre, kedy sme boli \u010dist\u00ed.<\/strong> Tu boli prv\u00e9 ve\u013ek\u00e9 kalu\u017ee vody, ktor\u00e1 \u0161pliecha od kolies na v\u0161etky strany, z\u00e1sadne hlavne na moje okuliare. \ud83d\ude42\u00a0<\/span><\/p>\n<div id='gallery-3' class='gallery galleryid-17654 gallery-columns-2 gallery-size-full'><figure class='gallery-item'>\n\t\t\t<div class='gallery-icon landscape'>\n\t\t\t\t<a href='https:\/\/d2p6e6u75xmxt8.cloudfront.net\/4\/2023\/06\/WLC-2.webp'><img loading=\"lazy\" decoding=\"async\" width=\"990\" height=\"660\" src=\"https:\/\/d2p6e6u75xmxt8.cloudfront.net\/4\/2023\/06\/WLC-2.webp\" class=\"attachment-full size-full\" alt=\"\" srcset=\"https:\/\/d2p6e6u75xmxt8.cloudfront.net\/4\/2023\/06\/WLC-2.webp 990w, https:\/\/d2p6e6u75xmxt8.cloudfront.net\/4\/2023\/06\/WLC-2-300x200.webp 300w, https:\/\/d2p6e6u75xmxt8.cloudfront.net\/4\/2023\/06\/WLC-2-768x512.webp 768w, https:\/\/d2p6e6u75xmxt8.cloudfront.net\/4\/2023\/06\/WLC-2-400x267.webp 400w, https:\/\/d2p6e6u75xmxt8.cloudfront.net\/4\/2023\/06\/WLC-2-272x182.webp 272w\" sizes=\"auto, (max-width: 990px) 100vw, 990px\" \/><\/a>\n\t\t\t<\/div><\/figure><figure class='gallery-item'>\n\t\t\t<div class='gallery-icon landscape'>\n\t\t\t\t<a href='https:\/\/d2p6e6u75xmxt8.cloudfront.net\/4\/2023\/06\/WLC-5.webp'><img loading=\"lazy\" decoding=\"async\" width=\"990\" height=\"660\" src=\"https:\/\/d2p6e6u75xmxt8.cloudfront.net\/4\/2023\/06\/WLC-5.webp\" class=\"attachment-full size-full\" alt=\"\" srcset=\"https:\/\/d2p6e6u75xmxt8.cloudfront.net\/4\/2023\/06\/WLC-5.webp 990w, https:\/\/d2p6e6u75xmxt8.cloudfront.net\/4\/2023\/06\/WLC-5-300x200.webp 300w, https:\/\/d2p6e6u75xmxt8.cloudfront.net\/4\/2023\/06\/WLC-5-768x512.webp 768w, https:\/\/d2p6e6u75xmxt8.cloudfront.net\/4\/2023\/06\/WLC-5-400x267.webp 400w, https:\/\/d2p6e6u75xmxt8.cloudfront.net\/4\/2023\/06\/WLC-5-272x182.webp 272w\" sizes=\"auto, (max-width: 990px) 100vw, 990px\" \/><\/a>\n\t\t\t<\/div><\/figure>\n\t\t<\/div>\n\n<p><span style=\"font-weight: 400;\">Za\u010d\u00ednaj\u00fa prv\u00e9 strm\u0161ie st\u00fapania n\u00e1u\u010dn\u00fdm chodn\u00edkom ku Tom\u00e1\u0161ovsk\u00e9mu v\u00fdh\u013eadu. <strong>Tempo si dr\u017e\u00edm v\u00fdborn\u00e9 a c\u00edtim sa pln\u00fd s\u00edl. Predsa len s\u00fa to pre m\u0148a u\u017e 4. preteky v sez\u00f3ne a na kond\u00edcii to je pozna\u0165.<\/strong> Na kochanie z\u00a0par\u00e1dneho v\u00fdh\u013eadu ale nie je \u010das a\u00a0nasleduje r\u00fdchly a\u00a0prv\u00fd technickej\u0161\u00ed zjazd na \u010cingov. Trasu celkom pozn\u00e1m, tak si to dovol\u00edm pusti\u0165 a\u00a0neboj\u00edm sa toho, aj ke\u010f to je tro\u0161ku mokr\u00e9 a blatist\u00e9. Prv\u00e1 ostr\u00e1 sk\u00fa\u0161ka nov\u00fdch pl\u00e1\u0161\u0165ov, ktor\u00e9 na\u0161\u0165astie robia, \u010do maj\u00fa a\u00a0dr\u017eia ma na trati.\u00a0<\/span><\/p>\n<div id='gallery-4' class='gallery galleryid-17654 gallery-columns-2 gallery-size-full'><figure class='gallery-item'>\n\t\t\t<div class='gallery-icon landscape'>\n\t\t\t\t<a href='https:\/\/d2p6e6u75xmxt8.cloudfront.net\/4\/2023\/06\/WLC-6.webp'><img loading=\"lazy\" decoding=\"async\" width=\"990\" height=\"660\" src=\"https:\/\/d2p6e6u75xmxt8.cloudfront.net\/4\/2023\/06\/WLC-6.webp\" class=\"attachment-full size-full\" alt=\"\" srcset=\"https:\/\/d2p6e6u75xmxt8.cloudfront.net\/4\/2023\/06\/WLC-6.webp 990w, https:\/\/d2p6e6u75xmxt8.cloudfront.net\/4\/2023\/06\/WLC-6-300x200.webp 300w, https:\/\/d2p6e6u75xmxt8.cloudfront.net\/4\/2023\/06\/WLC-6-768x512.webp 768w, https:\/\/d2p6e6u75xmxt8.cloudfront.net\/4\/2023\/06\/WLC-6-400x267.webp 400w, https:\/\/d2p6e6u75xmxt8.cloudfront.net\/4\/2023\/06\/WLC-6-272x182.webp 272w\" sizes=\"auto, (max-width: 990px) 100vw, 990px\" \/><\/a>\n\t\t\t<\/div><\/figure><figure class='gallery-item'>\n\t\t\t<div class='gallery-icon landscape'>\n\t\t\t\t<a href='https:\/\/d2p6e6u75xmxt8.cloudfront.net\/4\/2023\/06\/WLC-7.webp'><img loading=\"lazy\" decoding=\"async\" width=\"990\" height=\"660\" src=\"https:\/\/d2p6e6u75xmxt8.cloudfront.net\/4\/2023\/06\/WLC-7.webp\" class=\"attachment-full size-full\" alt=\"\" srcset=\"https:\/\/d2p6e6u75xmxt8.cloudfront.net\/4\/2023\/06\/WLC-7.webp 990w, https:\/\/d2p6e6u75xmxt8.cloudfront.net\/4\/2023\/06\/WLC-7-300x200.webp 300w, https:\/\/d2p6e6u75xmxt8.cloudfront.net\/4\/2023\/06\/WLC-7-768x512.webp 768w, https:\/\/d2p6e6u75xmxt8.cloudfront.net\/4\/2023\/06\/WLC-7-400x267.webp 400w, https:\/\/d2p6e6u75xmxt8.cloudfront.net\/4\/2023\/06\/WLC-7-272x182.webp 272w\" sizes=\"auto, (max-width: 990px) 100vw, 990px\" \/><\/a>\n\t\t\t<\/div><\/figure>\n\t\t<\/div>\n\n<p><span style=\"font-weight: 400;\">Prech\u00e1dzame kr\u00e1snym prostred\u00edm cez most\u00edk nad Horn\u00e1dom. K\u00fasok za n\u00edm nasleduje men\u0161\u00ed brod cez miestny potok, kde u\u017e most\u00edk absentuje, a <strong>po da\u017e\u010foch je vody viac ne\u017e dos\u0165, dostaneme mierne osvie\u017eenie.<\/strong> Zrovna letn\u00fd \u00fapek ale nie je. \ud83d\ude42\u00a0<\/span><\/p>\n<div id='gallery-5' class='gallery galleryid-17654 gallery-columns-2 gallery-size-full'><figure class='gallery-item'>\n\t\t\t<div class='gallery-icon landscape'>\n\t\t\t\t<a href='https:\/\/d2p6e6u75xmxt8.cloudfront.net\/4\/2023\/06\/WLC-12.webp'><img loading=\"lazy\" decoding=\"async\" width=\"990\" height=\"660\" src=\"https:\/\/d2p6e6u75xmxt8.cloudfront.net\/4\/2023\/06\/WLC-12.webp\" class=\"attachment-full size-full\" alt=\"\" srcset=\"https:\/\/d2p6e6u75xmxt8.cloudfront.net\/4\/2023\/06\/WLC-12.webp 990w, https:\/\/d2p6e6u75xmxt8.cloudfront.net\/4\/2023\/06\/WLC-12-300x200.webp 300w, https:\/\/d2p6e6u75xmxt8.cloudfront.net\/4\/2023\/06\/WLC-12-768x512.webp 768w, https:\/\/d2p6e6u75xmxt8.cloudfront.net\/4\/2023\/06\/WLC-12-400x267.webp 400w, https:\/\/d2p6e6u75xmxt8.cloudfront.net\/4\/2023\/06\/WLC-12-272x182.webp 272w\" sizes=\"auto, (max-width: 990px) 100vw, 990px\" \/><\/a>\n\t\t\t<\/div><\/figure><figure class='gallery-item'>\n\t\t\t<div class='gallery-icon landscape'>\n\t\t\t\t<a href='https:\/\/d2p6e6u75xmxt8.cloudfront.net\/4\/2023\/06\/WLC-14.webp'><img loading=\"lazy\" decoding=\"async\" width=\"990\" height=\"660\" src=\"https:\/\/d2p6e6u75xmxt8.cloudfront.net\/4\/2023\/06\/WLC-14.webp\" class=\"attachment-full size-full\" alt=\"\" srcset=\"https:\/\/d2p6e6u75xmxt8.cloudfront.net\/4\/2023\/06\/WLC-14.webp 990w, https:\/\/d2p6e6u75xmxt8.cloudfront.net\/4\/2023\/06\/WLC-14-300x200.webp 300w, https:\/\/d2p6e6u75xmxt8.cloudfront.net\/4\/2023\/06\/WLC-14-768x512.webp 768w, https:\/\/d2p6e6u75xmxt8.cloudfront.net\/4\/2023\/06\/WLC-14-400x267.webp 400w, https:\/\/d2p6e6u75xmxt8.cloudfront.net\/4\/2023\/06\/WLC-14-272x182.webp 272w\" sizes=\"auto, (max-width: 990px) 100vw, 990px\" \/><\/a>\n\t\t\t<\/div><\/figure>\n\t\t<\/div>\n\n<h2><b>Do cie\u013ea e\u0161te \u010faleko<\/b><\/h2>\n<p><span style=\"font-weight: 400;\">V\u00a0sedle Medvedia hlava n\u00e1s \u010dakal prv\u00fd bufet, kde som schmatol ban\u00e1n a\u00a0jeden pag\u00e1\u010d a\u00a0pokra\u010dujeme ob\u010das zjazdom, ale st\u00e1le n\u00e1s \u010dakaj\u00fa st\u00fapania. M\u00e1me za sebou asi 20 km a hoci sa mi i\u0161lo doteraz v\u00fdborne, tu ma za\u010dala chyta\u0165 kr\u00edza a\u00a0dr\u017eala sa ma \u010fal\u0161\u00edch 20 km.\u00a0<\/span><\/p>\n<p><span style=\"font-weight: 400;\">N\u00e1sledne sa odpojila stredn\u00e1 tra\u0165 a\u00a0my sme i\u0161li v\u00a0klasicky zarastenom zjazde medzi kr\u00edky a\u00a0stromy do Vojtechovej samoty, po ktorom nasledovalo\u00a0pre m\u0148a najhor\u0161ie st\u00fapania do sedla \u010certova Hlava, a\u00a0\u017ee to st\u00fapanie je ozaj \u010dertove&#8230; <strong>Neust\u00e1ly sklon cez 14 % d\u00e1va zabra\u0165 fyzicky aj ment\u00e1lne.<\/strong> Do celkovej nepohody to ve\u013emi nepomohlo a pre moju smolu sa tu zmenila trasa oproti minul\u00e9mu roku.<\/span><\/p>\n<p><span style=\"font-weight: 400;\">\u010co som si v \u201ed\u00f4kladnej\u201c pr\u00edprave nev\u0161imol a\u00a0nech\u00e1pal som, pre\u010do e\u0161te nekles\u00e1me na Palcmansk\u00fa ma\u0161u, ale st\u00e1le pokra\u010duje nekone\u010dn\u00e9 st\u00fapanie. Trasa i\u0161la popri konci lanovky Geravy.\u00a0<\/span><\/p>\n<div id='gallery-6' class='gallery galleryid-17654 gallery-columns-2 gallery-size-full'><figure class='gallery-item'>\n\t\t\t<div class='gallery-icon landscape'>\n\t\t\t\t<a href='https:\/\/d2p6e6u75xmxt8.cloudfront.net\/4\/2023\/06\/WLC-3.webp'><img loading=\"lazy\" decoding=\"async\" width=\"990\" height=\"660\" src=\"https:\/\/d2p6e6u75xmxt8.cloudfront.net\/4\/2023\/06\/WLC-3.webp\" class=\"attachment-full size-full\" alt=\"\" srcset=\"https:\/\/d2p6e6u75xmxt8.cloudfront.net\/4\/2023\/06\/WLC-3.webp 990w, https:\/\/d2p6e6u75xmxt8.cloudfront.net\/4\/2023\/06\/WLC-3-300x200.webp 300w, https:\/\/d2p6e6u75xmxt8.cloudfront.net\/4\/2023\/06\/WLC-3-768x512.webp 768w, https:\/\/d2p6e6u75xmxt8.cloudfront.net\/4\/2023\/06\/WLC-3-400x267.webp 400w, https:\/\/d2p6e6u75xmxt8.cloudfront.net\/4\/2023\/06\/WLC-3-272x182.webp 272w\" sizes=\"auto, (max-width: 990px) 100vw, 990px\" \/><\/a>\n\t\t\t<\/div><\/figure><figure class='gallery-item'>\n\t\t\t<div class='gallery-icon landscape'>\n\t\t\t\t<a href='https:\/\/d2p6e6u75xmxt8.cloudfront.net\/4\/2023\/06\/WLC-22.webp'><img loading=\"lazy\" decoding=\"async\" width=\"990\" height=\"660\" src=\"https:\/\/d2p6e6u75xmxt8.cloudfront.net\/4\/2023\/06\/WLC-22.webp\" class=\"attachment-full size-full\" alt=\"\" srcset=\"https:\/\/d2p6e6u75xmxt8.cloudfront.net\/4\/2023\/06\/WLC-22.webp 990w, https:\/\/d2p6e6u75xmxt8.cloudfront.net\/4\/2023\/06\/WLC-22-300x200.webp 300w, https:\/\/d2p6e6u75xmxt8.cloudfront.net\/4\/2023\/06\/WLC-22-768x512.webp 768w, https:\/\/d2p6e6u75xmxt8.cloudfront.net\/4\/2023\/06\/WLC-22-400x267.webp 400w, https:\/\/d2p6e6u75xmxt8.cloudfront.net\/4\/2023\/06\/WLC-22-272x182.webp 272w\" sizes=\"auto, (max-width: 990px) 100vw, 990px\" \/><\/a>\n\t\t\t<\/div><\/figure>\n\t\t<\/div>\n\n<h2><b>Pom\u00f4c\u0165 alebo nepom\u00f4c\u0165?\u00a0<\/b><\/h2>\n<p><span style=\"font-weight: 400;\">Tu sa mi stala zauj\u00edmav\u00e1 pr\u00edhoda a postrehol som, ako je biker mimo tra\u0165, tak sa p\u00fdtam, \u010do sa deje. Mal probl\u00e9m so zadnou prehadzova\u010dkou a p\u00fdtal sa, \u010di nem\u00e1m imbusov\u00fd k\u013e\u00fa\u010d. \u017dia\u013e tu zapracoval egoizmus a <strong>pri predstave, \u017ee u\u017e tak zlomen\u00fd z kr\u00edzy, mus\u00edm zasta\u0165, vybera\u0165 ho zo \u0161pinavej kapsi\u010dky pod sedlom, po\u010dka\u0165 k\u00fdm si to oprav\u00ed a zase pokra\u010dova\u0165, som mu zaklamal, \u017ee nie a i\u0161iel \u010falej.<\/strong>  Biker predo mnou sa p\u00fdtal, \u010do sa deje, tak som mu povedal, \u010do potrebuje a on sa oto\u010dil a zrejme mu pomohol.<\/span><\/p>\n<p><span style=\"font-weight: 400;\">Ani nie p\u00e1r kilometrov na to, ke\u010f sme kone\u010dne za\u010dali klesa\u0165 na Stratensk\u00fa p\u00edlu, na m\u0148a kri\u010d\u00ed v\u00a0zjazde druh\u00fd biker, \u010di nem\u00e1m pumpu. <strong>Svedomie mi nedalo a\u00a0ke\u010f som nepomohol jedn\u00e9mu, pod\u00e1vam pumpu druh\u00e9mu so slovami, nech mi ju potom prinesie a\u00a0budem d\u00fafa\u0165, \u017ee m\u0148a defekt nechyt\u00ed.<\/strong>  Na \u010do mi odpovedal, \u017ee bu\u010f mi ju nech\u00e1 na \u010dasomiere alebo ke\u010f ma dobehne, v\u00a0duchu mi preblesklo, \u017ee h\u00e1dam a\u017e tak pomaly nep\u00f4jdem. \ud83d\ude00<\/span><\/p>\n<p>&nbsp;<\/p>\n<div id='gallery-7' class='gallery galleryid-17654 gallery-columns-2 gallery-size-full'><figure class='gallery-item'>\n\t\t\t<div class='gallery-icon landscape'>\n\t\t\t\t<a href='https:\/\/d2p6e6u75xmxt8.cloudfront.net\/4\/2023\/06\/WLC-13.webp'><img loading=\"lazy\" decoding=\"async\" width=\"990\" height=\"660\" src=\"https:\/\/d2p6e6u75xmxt8.cloudfront.net\/4\/2023\/06\/WLC-13.webp\" class=\"attachment-full size-full\" alt=\"\" srcset=\"https:\/\/d2p6e6u75xmxt8.cloudfront.net\/4\/2023\/06\/WLC-13.webp 990w, https:\/\/d2p6e6u75xmxt8.cloudfront.net\/4\/2023\/06\/WLC-13-300x200.webp 300w, https:\/\/d2p6e6u75xmxt8.cloudfront.net\/4\/2023\/06\/WLC-13-768x512.webp 768w, https:\/\/d2p6e6u75xmxt8.cloudfront.net\/4\/2023\/06\/WLC-13-400x267.webp 400w, https:\/\/d2p6e6u75xmxt8.cloudfront.net\/4\/2023\/06\/WLC-13-272x182.webp 272w\" sizes=\"auto, (max-width: 990px) 100vw, 990px\" \/><\/a>\n\t\t\t<\/div><\/figure><figure class='gallery-item'>\n\t\t\t<div class='gallery-icon landscape'>\n\t\t\t\t<a href='https:\/\/d2p6e6u75xmxt8.cloudfront.net\/4\/2023\/06\/WLC-29.webp'><img loading=\"lazy\" decoding=\"async\" width=\"990\" height=\"660\" src=\"https:\/\/d2p6e6u75xmxt8.cloudfront.net\/4\/2023\/06\/WLC-29.webp\" class=\"attachment-full size-full\" alt=\"\" srcset=\"https:\/\/d2p6e6u75xmxt8.cloudfront.net\/4\/2023\/06\/WLC-29.webp 990w, https:\/\/d2p6e6u75xmxt8.cloudfront.net\/4\/2023\/06\/WLC-29-300x200.webp 300w, https:\/\/d2p6e6u75xmxt8.cloudfront.net\/4\/2023\/06\/WLC-29-768x512.webp 768w, https:\/\/d2p6e6u75xmxt8.cloudfront.net\/4\/2023\/06\/WLC-29-400x267.webp 400w, https:\/\/d2p6e6u75xmxt8.cloudfront.net\/4\/2023\/06\/WLC-29-272x182.webp 272w\" sizes=\"auto, (max-width: 990px) 100vw, 990px\" \/><\/a>\n\t\t\t<\/div><\/figure>\n\t\t<\/div>\n\n<p><span style=\"font-weight: 400;\">Bohu\u017eia\u013e som si nezapam\u00e4tal ani bike, ani \u010d\u00edslo jazdca a\u00a0ani dve hodiny po pr\u00edchode v\u00a0cieli sa pumpa neobjavila. Nechcem s\u00fadi\u0165, a\u00a0jazdcovi sa to nemuselo podari\u0165 opravi\u0165 a\u00a0mo\u017eno preteky nedokon\u010dil. <strong>Tak aspo\u0148 z\u00edskal kvalitn\u00fa pumpi\u010dku Lezyne na v\u00fdjazdy a\u00a0ver\u00edm, \u017ee sa na marat\u00f3n u\u017e bez nej nevyd\u00e1.\u00a0<\/strong><\/span><\/p>\n<h2><b>Najlep\u0161ie na koniec<\/b><\/h2>\n<p><span style=\"font-weight: 400;\">Po zjazde bol druh\u00fd bufet, kde si \u010dist\u00edm \u0161pinav\u00e9 okuliare, nie\u010do r\u00fdchlo \u201ed\u017eobnem\u201c, nech sa vzchop\u00edm. \u010cakalo n\u00e1s st\u00fapanie po Glackej ceste a\u017e pod Vt\u00e1\u010di hrb. Tu som si robil video na telef\u00f3n, \u017ee by sa mi zi\u0161iel aj opa\u013eovac\u00ed kr\u00e9m, lebo prv\u00fdkr\u00e1t za\u010dalo slnko ozaj p\u00e1li\u0165. <strong>Murphyho z\u00e1kon ale nenechal na seba dlho \u010daka\u0165 a\u00a0ani nie 10 min na to za\u010dalo slu\u0161ne pr\u0161a\u0165.<\/strong> Na\u0161\u0165astie som bol schovan\u00fd pod stromami, tak\u017ee mi to z\u00a0celkovej n\u00e1lady neubralo. Postupne sa mi za\u010dala vraca\u0165 energia. D\u00e1\u017e\u010f ustal, stoj\u00edm na poslednom bufete, kde op\u00e4\u0165 \u010dist\u00edm okuliare po \u010fa\u017edi a\u00a0hlt\u00e1m mastn\u00fd chlieb s\u00a0cibu\u013eou.<\/span><\/p>\n<p>&nbsp;<\/p>\n<div id='gallery-8' class='gallery galleryid-17654 gallery-columns-2 gallery-size-full'><figure class='gallery-item'>\n\t\t\t<div class='gallery-icon landscape'>\n\t\t\t\t<a href='https:\/\/d2p6e6u75xmxt8.cloudfront.net\/4\/2023\/06\/WLC-30.webp'><img loading=\"lazy\" decoding=\"async\" width=\"990\" height=\"660\" src=\"https:\/\/d2p6e6u75xmxt8.cloudfront.net\/4\/2023\/06\/WLC-30.webp\" class=\"attachment-full size-full\" alt=\"\" srcset=\"https:\/\/d2p6e6u75xmxt8.cloudfront.net\/4\/2023\/06\/WLC-30.webp 990w, https:\/\/d2p6e6u75xmxt8.cloudfront.net\/4\/2023\/06\/WLC-30-300x200.webp 300w, https:\/\/d2p6e6u75xmxt8.cloudfront.net\/4\/2023\/06\/WLC-30-768x512.webp 768w, https:\/\/d2p6e6u75xmxt8.cloudfront.net\/4\/2023\/06\/WLC-30-400x267.webp 400w, https:\/\/d2p6e6u75xmxt8.cloudfront.net\/4\/2023\/06\/WLC-30-272x182.webp 272w\" sizes=\"auto, (max-width: 990px) 100vw, 990px\" \/><\/a>\n\t\t\t<\/div><\/figure><figure class='gallery-item'>\n\t\t\t<div class='gallery-icon landscape'>\n\t\t\t\t<a href='https:\/\/d2p6e6u75xmxt8.cloudfront.net\/4\/2023\/06\/WLC-8.webp'><img loading=\"lazy\" decoding=\"async\" width=\"990\" height=\"660\" src=\"https:\/\/d2p6e6u75xmxt8.cloudfront.net\/4\/2023\/06\/WLC-8.webp\" class=\"attachment-full size-full\" alt=\"\" srcset=\"https:\/\/d2p6e6u75xmxt8.cloudfront.net\/4\/2023\/06\/WLC-8.webp 990w, https:\/\/d2p6e6u75xmxt8.cloudfront.net\/4\/2023\/06\/WLC-8-300x200.webp 300w, https:\/\/d2p6e6u75xmxt8.cloudfront.net\/4\/2023\/06\/WLC-8-768x512.webp 768w, https:\/\/d2p6e6u75xmxt8.cloudfront.net\/4\/2023\/06\/WLC-8-400x267.webp 400w, https:\/\/d2p6e6u75xmxt8.cloudfront.net\/4\/2023\/06\/WLC-8-272x182.webp 272w\" sizes=\"auto, (max-width: 990px) 100vw, 990px\" \/><\/a>\n\t\t\t<\/div><\/figure>\n\t\t<\/div>\n\n<p><span style=\"font-weight: 400;\">Tu sa dost\u00e1vame do z\u00e1veru a\u00a0pre m\u0148a najviac z\u00e1bavnej \u010dasti celej trate. Prejazd cez Vt\u00e1\u010di hrb okorenen\u00fd par\u00e1dnym technick\u00fdm zjazdom pln\u00fdm kame\u0148ov, ob\u010das turistov \ud83d\ude42 na Kl\u00e1\u0161torisko, kde to je be\u017ene zak\u00e1zan\u00e9. <strong>A zak\u00e1zan\u00e9 ovocie chut\u00ed najlep\u0161ie.<\/strong> Endorf\u00edny za\u010dali pracova\u0165 naplno a telo sa dostalo do top formy zo za\u010diatku pretekov. S jedn\u00fdm pretek\u00e1rom, ktor\u00e9ho tla\u010d\u00edm pred sebou, si to \u201er\u00fabeme\u201c, \u010do to d\u00e1, turisti uskakuj\u00fa nabok, pru\u017eenie mak\u00e1 naplno a pl\u00e1\u0161te trpia pod snahou udr\u017ea\u0165 stopu. Nebolo tu bezpe\u010dn\u00e9 ho obieha\u0165.<\/span><\/p>\n<p><span style=\"font-weight: 400;\">Ke\u010f sme boli na Kl\u00e1\u0161torisku, tak ho to vynieslo mierne mimo tra\u0165, kde vyu\u017e\u00edvam pr\u00edle\u017eitos\u0165 a\u00a0zadupem pln\u00e9 watty.\u00a0\u010cakali ma posledn\u00e9 kilometre do Podleska. <strong>Dok\u00e1\u017eem dr\u017ea\u0165 vysok\u00fd v\u00fdkon a\u00a0srdce si to b\u00fa\u0161i nad 165 \u00faderov.<\/strong> Cesta bola mierne zvlnen\u00e1 ale v princ\u00edpe u\u017e len kles\u00e1. Koniec zakon\u010dujeme op\u00e4\u0165 technickej\u0161\u00edm zjazdom po \u0161trku do ostrej\u0161\u00edch z\u00e1krut.\u00a0<\/span><\/p>\n<p>&nbsp;<\/p>\n<div id='gallery-9' class='gallery galleryid-17654 gallery-columns-2 gallery-size-full'><figure class='gallery-item'>\n\t\t\t<div class='gallery-icon landscape'>\n\t\t\t\t<a href='https:\/\/d2p6e6u75xmxt8.cloudfront.net\/4\/2023\/06\/WLC-27.webp'><img loading=\"lazy\" decoding=\"async\" width=\"990\" height=\"660\" src=\"https:\/\/d2p6e6u75xmxt8.cloudfront.net\/4\/2023\/06\/WLC-27.webp\" class=\"attachment-full size-full\" alt=\"\" srcset=\"https:\/\/d2p6e6u75xmxt8.cloudfront.net\/4\/2023\/06\/WLC-27.webp 990w, https:\/\/d2p6e6u75xmxt8.cloudfront.net\/4\/2023\/06\/WLC-27-300x200.webp 300w, https:\/\/d2p6e6u75xmxt8.cloudfront.net\/4\/2023\/06\/WLC-27-768x512.webp 768w, https:\/\/d2p6e6u75xmxt8.cloudfront.net\/4\/2023\/06\/WLC-27-400x267.webp 400w, https:\/\/d2p6e6u75xmxt8.cloudfront.net\/4\/2023\/06\/WLC-27-272x182.webp 272w\" sizes=\"auto, (max-width: 990px) 100vw, 990px\" \/><\/a>\n\t\t\t<\/div><\/figure><figure class='gallery-item'>\n\t\t\t<div class='gallery-icon landscape'>\n\t\t\t\t<a href='https:\/\/d2p6e6u75xmxt8.cloudfront.net\/4\/2023\/06\/WLC-20.webp'><img loading=\"lazy\" decoding=\"async\" width=\"990\" height=\"660\" src=\"https:\/\/d2p6e6u75xmxt8.cloudfront.net\/4\/2023\/06\/WLC-20.webp\" class=\"attachment-full size-full\" alt=\"\" srcset=\"https:\/\/d2p6e6u75xmxt8.cloudfront.net\/4\/2023\/06\/WLC-20.webp 990w, https:\/\/d2p6e6u75xmxt8.cloudfront.net\/4\/2023\/06\/WLC-20-300x200.webp 300w, https:\/\/d2p6e6u75xmxt8.cloudfront.net\/4\/2023\/06\/WLC-20-768x512.webp 768w, https:\/\/d2p6e6u75xmxt8.cloudfront.net\/4\/2023\/06\/WLC-20-400x267.webp 400w, https:\/\/d2p6e6u75xmxt8.cloudfront.net\/4\/2023\/06\/WLC-20-272x182.webp 272w\" sizes=\"auto, (max-width: 990px) 100vw, 990px\" \/><\/a>\n\t\t\t<\/div><\/figure>\n\t\t<\/div>\n\n<p>&nbsp;<\/p>\n<p><span style=\"font-weight: 400;\">Na fin\u00e1lnej asfaltovej rovinke p\u00edska usporiadate\u013e, nako\u013eko sa treba oto\u010di\u0165 e\u0161te o\u00a0180\u00b0 a prejs\u0165 cie\u013eovou \u010diarou. <strong>Efektne si driftom zaflekujem \ud83d\ude00 ot\u00e1\u010dam sa a\u00a0cie\u013e prech\u00e1dzam s\u00a0\u010dasom 3:40:46 so stratou na prv\u00e9ho pretek\u00e1ra 58 min 56 s.<\/strong> Minul\u00fd rok, aj ke\u010f bola mierne in\u00e1 tra\u0165 ,som to dal cez 4 hod. Tak\u017ee z\u00a0v\u00fdsledku sa te\u0161\u00edm, hoci som si bol vedom\u00fd, \u017ee by to mohlo by\u0165 lep\u0161ie. Ako povedal Imro v\u00a0ten de\u0148,\u00a0 nie ka\u017ed\u00fd de\u0148 je nede\u013ea a\u00a0niekedy aj ke\u010f m\u00e1 \u010dlovek pocit, \u017ee telo je pripraven\u00e9, tak to nemus\u00ed \u00eds\u0165. O\u00a0ni\u010d nejde, pri\u0161iel som si to u\u017ei\u0165 a\u00a0to sa mi na 100 % podarilo <\/span><span style=\"font-weight: 400;\">\ud83d\ude0a<\/span><span style=\"font-weight: 400;\">.\u00a0<\/span><\/p>\n<div id='gallery-10' class='gallery galleryid-17654 gallery-columns-2 gallery-size-full'><figure class='gallery-item'>\n\t\t\t<div class='gallery-icon landscape'>\n\t\t\t\t<a href='https:\/\/d2p6e6u75xmxt8.cloudfront.net\/4\/2023\/06\/WLC-28.webp'><img loading=\"lazy\" decoding=\"async\" width=\"990\" height=\"660\" src=\"https:\/\/d2p6e6u75xmxt8.cloudfront.net\/4\/2023\/06\/WLC-28.webp\" class=\"attachment-full size-full\" alt=\"\" srcset=\"https:\/\/d2p6e6u75xmxt8.cloudfront.net\/4\/2023\/06\/WLC-28.webp 990w, https:\/\/d2p6e6u75xmxt8.cloudfront.net\/4\/2023\/06\/WLC-28-300x200.webp 300w, https:\/\/d2p6e6u75xmxt8.cloudfront.net\/4\/2023\/06\/WLC-28-768x512.webp 768w, https:\/\/d2p6e6u75xmxt8.cloudfront.net\/4\/2023\/06\/WLC-28-400x267.webp 400w, https:\/\/d2p6e6u75xmxt8.cloudfront.net\/4\/2023\/06\/WLC-28-272x182.webp 272w\" sizes=\"auto, (max-width: 990px) 100vw, 990px\" \/><\/a>\n\t\t\t<\/div><\/figure><figure class='gallery-item'>\n\t\t\t<div class='gallery-icon landscape'>\n\t\t\t\t<a href='https:\/\/d2p6e6u75xmxt8.cloudfront.net\/4\/2023\/06\/WLC-19.webp'><img loading=\"lazy\" decoding=\"async\" width=\"990\" height=\"660\" src=\"https:\/\/d2p6e6u75xmxt8.cloudfront.net\/4\/2023\/06\/WLC-19.webp\" class=\"attachment-full size-full\" alt=\"\" srcset=\"https:\/\/d2p6e6u75xmxt8.cloudfront.net\/4\/2023\/06\/WLC-19.webp 990w, https:\/\/d2p6e6u75xmxt8.cloudfront.net\/4\/2023\/06\/WLC-19-300x200.webp 300w, https:\/\/d2p6e6u75xmxt8.cloudfront.net\/4\/2023\/06\/WLC-19-768x512.webp 768w, https:\/\/d2p6e6u75xmxt8.cloudfront.net\/4\/2023\/06\/WLC-19-400x267.webp 400w, https:\/\/d2p6e6u75xmxt8.cloudfront.net\/4\/2023\/06\/WLC-19-272x182.webp 272w\" sizes=\"auto, (max-width: 990px) 100vw, 990px\" \/><\/a>\n\t\t\t<\/div><\/figure>\n\t\t<\/div>\n\n<p><span style=\"font-weight: 400;\"><strong>Dlh\u00fa tra\u0165 dokon\u010dilo 83 pretek\u00e1rov.<\/strong> Celkovo sa ich z\u00fa\u010dastnilo cez 450, \u010do je mysl\u00edm na predpovedan\u00e9 podmienky ve\u013emi fajn. Mus\u00edm pochv\u00e1li\u0165 organiz\u00e1ciu. Parkovisko bolo zabezpe\u010den\u00e9 a\u00a0hoci sa parkovalo na mokrej tr\u00e1vnatej l\u00fake, v\u00fdjazd bol cez bet\u00f3nov\u00e9 tv\u00e1rnice, tak\u017ee ani do kopca s\u00a0trakciou nebol probl\u00e9m. <\/span><\/p>\n<p><span style=\"font-weight: 400;\"><strong>Tra\u0165 bola v\u00fdborne zna\u010den\u00e1 a\u00a0na bufetoch ve\u013emi mil\u00ed a\u00a0ochotn\u00ed \u013eudia.<\/strong> Po pretekoch n\u00e1s \u010dakal u\u017e tradi\u010dne v\u00fdborn\u00fd gul\u00e1\u0161 s pivom alebo kofolou. A po pr\u00edjazde do cie\u013ea sa dal vyu\u017ei\u0165 posledn\u00fd bufet, kde bola voda a e\u0161te nejak\u00e9 ovocie, pr\u00edpadne nie\u010do mastn\u00e9 pod zub. \ud83d\ude42 A ako je u\u017e dobr\u00fdm zvykom, nech\u00fdbalo par\u00e1dne z\u00e1zemie, kde sa zabavili v\u0161etci \u010dlenovia rod\u00edn pretek\u00e1rov.<\/span><\/p>\n<div id='gallery-11' class='gallery galleryid-17654 gallery-columns-2 gallery-size-full'><figure class='gallery-item'>\n\t\t\t<div class='gallery-icon landscape'>\n\t\t\t\t<a href='https:\/\/d2p6e6u75xmxt8.cloudfront.net\/4\/2023\/06\/WLC-24.webp'><img loading=\"lazy\" decoding=\"async\" width=\"990\" height=\"660\" src=\"https:\/\/d2p6e6u75xmxt8.cloudfront.net\/4\/2023\/06\/WLC-24.webp\" class=\"attachment-full size-full\" alt=\"\" srcset=\"https:\/\/d2p6e6u75xmxt8.cloudfront.net\/4\/2023\/06\/WLC-24.webp 990w, https:\/\/d2p6e6u75xmxt8.cloudfront.net\/4\/2023\/06\/WLC-24-300x200.webp 300w, https:\/\/d2p6e6u75xmxt8.cloudfront.net\/4\/2023\/06\/WLC-24-768x512.webp 768w, https:\/\/d2p6e6u75xmxt8.cloudfront.net\/4\/2023\/06\/WLC-24-400x267.webp 400w, https:\/\/d2p6e6u75xmxt8.cloudfront.net\/4\/2023\/06\/WLC-24-272x182.webp 272w\" sizes=\"auto, (max-width: 990px) 100vw, 990px\" \/><\/a>\n\t\t\t<\/div><\/figure><figure class='gallery-item'>\n\t\t\t<div class='gallery-icon landscape'>\n\t\t\t\t<a href='https:\/\/d2p6e6u75xmxt8.cloudfront.net\/4\/2023\/06\/WLC-25.webp'><img loading=\"lazy\" decoding=\"async\" width=\"990\" height=\"660\" src=\"https:\/\/d2p6e6u75xmxt8.cloudfront.net\/4\/2023\/06\/WLC-25.webp\" class=\"attachment-full size-full\" alt=\"\" srcset=\"https:\/\/d2p6e6u75xmxt8.cloudfront.net\/4\/2023\/06\/WLC-25.webp 990w, https:\/\/d2p6e6u75xmxt8.cloudfront.net\/4\/2023\/06\/WLC-25-300x200.webp 300w, https:\/\/d2p6e6u75xmxt8.cloudfront.net\/4\/2023\/06\/WLC-25-768x512.webp 768w, https:\/\/d2p6e6u75xmxt8.cloudfront.net\/4\/2023\/06\/WLC-25-400x267.webp 400w, https:\/\/d2p6e6u75xmxt8.cloudfront.net\/4\/2023\/06\/WLC-25-272x182.webp 272w\" sizes=\"auto, (max-width: 990px) 100vw, 990px\" \/><\/a>\n\t\t\t<\/div><\/figure>\n\t\t<\/div>\n\n<p><span style=\"font-weight: 400;\">V\u00ed\u0165azom na dlhej trati bol <strong>Luk\u00e1\u0161 Kubi\u0161 s\u00a0\u010dasom 2:41:50<\/strong>. Za \u017eeny to bola <strong>Simona Sabolov\u00e1 s\u00a0\u010dasom 3:42:09<\/strong>. Na strednej trati najlep\u0161ie zajazdil <strong>Podolak Patrik s\u00a0\u010dasom 2:16:14<\/strong> a za \u017eeny<strong> Barbora Heged\u00fa\u0161ov\u00e1 s\u00a0\u010dasom 2:50:53<\/strong>. Kr\u00e1tku tra\u0165 pre\u0161iel najr\u00fdchlej\u0161ie <strong>\u0160imon Por\u00e1\u010d s\u00a0\u010dasom 0:40:26<\/strong> a <strong>J\u00falia Kunov\u00e1 s\u00a0\u010dasom 0:58:50<\/strong>.<\/span><\/p>\n<p><span style=\"font-weight: 400;\">\u010eal\u0161ia zast\u00e1vka 10. ro\u010dn\u00edka \u0160KODA BIKE OPEN TOUR n\u00e1s \u010dak\u00e1 <strong>u\u017e o 10 dn\u00ed v <\/strong><\/span><strong><a href=\"https:\/\/www.welovecycling.com\/sk\/2023\/06\/07\/pozvanka-skoda-mtb-cyklomaraton-topolcianky-preteky-v-tajuplnom-pohori-tribec\/\" target=\"_blank\" rel=\"noopener\">Topo\u013e\u010diankach<\/a><\/strong><span style=\"font-weight: 400;\"><strong>,<\/strong> kde by ste nemali ch\u00fdba\u0165 ani vy! \ud83d\ude42<\/span><\/p>\n<p><span style=\"font-weight: 400;\">Zdroj fotografi\u00ed: arch\u00edv autora, <\/span><span style=\"font-weight: 400;\">Peter Regec<\/span><\/p>\n","protected":false},"excerpt":{"rendered":"<p>Tra\u0165 v Slovenskom raji zo s\u00e9rie \u0160KODA BIKE OPEN TOUR patr\u00ed medzi moje ob\u013e\u00faben\u00e9, nako\u013eko si v r\u00e1mci pretekov zajazd\u00edme [&hellip;]<\/p>\n","protected":false},"author":172,"featured_media":17657,"comment_status":"open","ping_status":"open","sticky":false,"template":"","format":"standard","meta":{"footnotes":""},"categories":[38],"tags":[951,618,53,1386,964,566,178,767,179,39,474,1557,542,35,523,234,183],"global-categories":[1074],"class_list":["post-17654","post","type-post","status-publish","format-standard","has-post-thumbnail","hentry","category-reportaz","tag-blato","tag-dazd","tag-deti","tag-deti-na-bicykli","tag-family","tag-leto","tag-maraton","tag-motivacia","tag-preteky","tag-reportaz","tag-rodinny-maraton","tag-sezona-2023","tag-skoda","tag-sbot","tag-slovensko","tag-slovensky-raj","tag-zabava","global-categories-cycling"],"yoast_head":"<!-- This site is optimized with the Yoast SEO Premium plugin v25.3 (Yoast SEO v25.9) - https:\/\/yoast.com\/wordpress\/plugins\/seo\/ -->\n<title>Report\u00e1\u017e: \u0160koda Slovensk\u00fd raj - za\u010diatok leta pln\u00fd vody<\/title>\n<meta name=\"description\" content=\"Tra\u0165 v Slovenskom raji zo s\u00e9rie pretekov \u0160koda Bike Open Tour patr\u00ed medzi moje ob\u013e\u00faben\u00e9. Pozrite sa ako to tam vyzeralo tento rok.\" \/>\n<meta name=\"robots\" content=\"index, follow, max-snippet:-1, max-image-preview:large, max-video-preview:-1\" \/>\n<link rel=\"canonical\" href=\"https:\/\/www.welovecycling.com\/sk\/2023\/06\/14\/reportaz-skoda-slovensky-raj-zaciatok-leta-plny-vody\/\" \/>\n<meta property=\"og:locale\" content=\"sk_SK\" \/>\n<meta property=\"og:type\" content=\"article\" \/>\n<meta property=\"og:title\" content=\"Report\u00e1\u017e: \u0160koda Slovensk\u00fd raj - za\u010diatok leta pln\u00fd vody\" \/>\n<meta property=\"og:description\" content=\"Tra\u0165 v Slovenskom raji zo s\u00e9rie pretekov \u0160koda Bike Open Tour patr\u00ed medzi moje ob\u013e\u00faben\u00e9. Pozrite sa ako to tam vyzeralo tento rok.\" \/>\n<meta property=\"og:url\" content=\"https:\/\/www.welovecycling.com\/sk\/2023\/06\/14\/reportaz-skoda-slovensky-raj-zaciatok-leta-plny-vody\/\" \/>\n<meta property=\"og:site_name\" content=\"\u0160koda We Love Cycling Slovensko\" \/>\n<meta property=\"article:published_time\" content=\"2023-06-14T08:24:30+00:00\" \/>\n<meta property=\"article:modified_time\" content=\"2023-06-14T08:56:11+00:00\" \/>\n<meta property=\"og:image\" content=\"https:\/\/d2p6e6u75xmxt8.cloudfront.net\/4\/2023\/06\/titulka.webp\" \/>\n\t<meta property=\"og:image:width\" content=\"990\" \/>\n\t<meta property=\"og:image:height\" content=\"660\" \/>\n\t<meta property=\"og:image:type\" content=\"image\/webp\" \/>\n<meta name=\"author\" content=\"dominika\" \/>\n<meta name=\"twitter:card\" content=\"summary_large_image\" \/>\n<meta name=\"twitter:label1\" content=\"Written by\" \/>\n\t<meta name=\"twitter:data1\" content=\"Erik Horv\u00e1th\" \/>\n\t<meta name=\"twitter:label2\" content=\"Est. reading time\" \/>\n\t<meta name=\"twitter:data2\" content=\"7\" \/>\n<script type=\"application\/ld+json\" class=\"yoast-schema-graph\">{\"@context\":\"https:\/\/schema.org\",\"@graph\":[{\"@type\":\"WebPage\",\"@id\":\"https:\/\/www.welovecycling.com\/sk\/2023\/06\/14\/reportaz-skoda-slovensky-raj-zaciatok-leta-plny-vody\/\",\"url\":\"https:\/\/www.welovecycling.com\/sk\/2023\/06\/14\/reportaz-skoda-slovensky-raj-zaciatok-leta-plny-vody\/\",\"name\":\"Report\u00e1\u017e: \u0160koda Slovensk\u00fd raj - za\u010diatok leta pln\u00fd vody\",\"isPartOf\":{\"@id\":\"https:\/\/www.welovecycling.com\/sk\/#website\"},\"primaryImageOfPage\":{\"@id\":\"https:\/\/www.welovecycling.com\/sk\/2023\/06\/14\/reportaz-skoda-slovensky-raj-zaciatok-leta-plny-vody\/#primaryimage\"},\"image\":{\"@id\":\"https:\/\/www.welovecycling.com\/sk\/2023\/06\/14\/reportaz-skoda-slovensky-raj-zaciatok-leta-plny-vody\/#primaryimage\"},\"thumbnailUrl\":\"https:\/\/d2p6e6u75xmxt8.cloudfront.net\/4\/2023\/06\/titulka.webp\",\"datePublished\":\"2023-06-14T08:24:30+00:00\",\"dateModified\":\"2023-06-14T08:56:11+00:00\",\"author\":{\"@id\":\"https:\/\/www.welovecycling.com\/sk\/#\/schema\/person\/533b62b98b6c41bd5135ebfb1f742624\"},\"description\":\"Tra\u0165 v Slovenskom raji zo s\u00e9rie pretekov \u0160koda Bike Open Tour patr\u00ed medzi moje ob\u013e\u00faben\u00e9. Pozrite sa ako to tam vyzeralo tento rok.\",\"breadcrumb\":{\"@id\":\"https:\/\/www.welovecycling.com\/sk\/2023\/06\/14\/reportaz-skoda-slovensky-raj-zaciatok-leta-plny-vody\/#breadcrumb\"},\"inLanguage\":\"sk-SK\",\"potentialAction\":[{\"@type\":\"ReadAction\",\"target\":[\"https:\/\/www.welovecycling.com\/sk\/2023\/06\/14\/reportaz-skoda-slovensky-raj-zaciatok-leta-plny-vody\/\"]}]},{\"@type\":\"ImageObject\",\"inLanguage\":\"sk-SK\",\"@id\":\"https:\/\/www.welovecycling.com\/sk\/2023\/06\/14\/reportaz-skoda-slovensky-raj-zaciatok-leta-plny-vody\/#primaryimage\",\"url\":\"https:\/\/d2p6e6u75xmxt8.cloudfront.net\/4\/2023\/06\/titulka.webp\",\"contentUrl\":\"https:\/\/d2p6e6u75xmxt8.cloudfront.net\/4\/2023\/06\/titulka.webp\",\"width\":990,\"height\":660,\"caption\":\"slovensk\u00fd raj\"},{\"@type\":\"BreadcrumbList\",\"@id\":\"https:\/\/www.welovecycling.com\/sk\/2023\/06\/14\/reportaz-skoda-slovensky-raj-zaciatok-leta-plny-vody\/#breadcrumb\",\"itemListElement\":[{\"@type\":\"ListItem\",\"position\":1,\"name\":\"Home\",\"item\":\"https:\/\/www.welovecycling.com\/sk\/\"},{\"@type\":\"ListItem\",\"position\":2,\"name\":\"Report\u00e1\u017e: \u0160koda Slovensk\u00fd raj &#8211; za\u010diatok leta pln\u00fd vody\"}]},{\"@type\":\"WebSite\",\"@id\":\"https:\/\/www.welovecycling.com\/sk\/#website\",\"url\":\"https:\/\/www.welovecycling.com\/sk\/\",\"name\":\"\u0160koda We Love Cycling Slovensko\",\"description\":\"\u0160koda We Love Cycling Slovensko je v\u00e1\u0161 ka\u017edodenn\u00fd zdroj noviniek a in\u0161pir\u00e1cie z sveta cyklistiky\",\"potentialAction\":[{\"@type\":\"SearchAction\",\"target\":{\"@type\":\"EntryPoint\",\"urlTemplate\":\"https:\/\/www.welovecycling.com\/sk\/?s={search_term_string}\"},\"query-input\":{\"@type\":\"PropertyValueSpecification\",\"valueRequired\":true,\"valueName\":\"search_term_string\"}}],\"inLanguage\":\"sk-SK\"},{\"@type\":\"Person\",\"@id\":\"https:\/\/www.welovecycling.com\/sk\/#\/schema\/person\/533b62b98b6c41bd5135ebfb1f742624\",\"name\":\"dominika\",\"image\":{\"@type\":\"ImageObject\",\"inLanguage\":\"sk-SK\",\"@id\":\"https:\/\/www.welovecycling.com\/sk\/#\/schema\/person\/image\/\",\"url\":\"https:\/\/secure.gravatar.com\/avatar\/ded6f274ba2ec3e17fff153f7d9d96a4b33c2cb63907f75d9a5309c599a7f3e6?s=96&d=mm&r=g\",\"contentUrl\":\"https:\/\/secure.gravatar.com\/avatar\/ded6f274ba2ec3e17fff153f7d9d96a4b33c2cb63907f75d9a5309c599a7f3e6?s=96&d=mm&r=g\",\"caption\":\"dominika\"},\"url\":\"https:\/\/www.welovecycling.com\/sk\/author\/dominika\/\"}]}<\/script>\n<!-- \/ Yoast SEO Premium plugin. -->","yoast_head_json":{"title":"Report\u00e1\u017e: \u0160koda Slovensk\u00fd raj - za\u010diatok leta pln\u00fd vody","description":"Tra\u0165 v Slovenskom raji zo s\u00e9rie pretekov \u0160koda Bike Open Tour patr\u00ed medzi moje ob\u013e\u00faben\u00e9. Pozrite sa ako to tam vyzeralo tento rok.","robots":{"index":"index","follow":"follow","max-snippet":"max-snippet:-1","max-image-preview":"max-image-preview:large","max-video-preview":"max-video-preview:-1"},"canonical":"https:\/\/www.welovecycling.com\/sk\/2023\/06\/14\/reportaz-skoda-slovensky-raj-zaciatok-leta-plny-vody\/","og_locale":"sk_SK","og_type":"article","og_title":"Report\u00e1\u017e: \u0160koda Slovensk\u00fd raj - za\u010diatok leta pln\u00fd vody","og_description":"Tra\u0165 v Slovenskom raji zo s\u00e9rie pretekov \u0160koda Bike Open Tour patr\u00ed medzi moje ob\u013e\u00faben\u00e9. Pozrite sa ako to tam vyzeralo tento rok.","og_url":"https:\/\/www.welovecycling.com\/sk\/2023\/06\/14\/reportaz-skoda-slovensky-raj-zaciatok-leta-plny-vody\/","og_site_name":"\u0160koda We Love Cycling Slovensko","article_published_time":"2023-06-14T08:24:30+00:00","article_modified_time":"2023-06-14T08:56:11+00:00","og_image":[{"width":990,"height":660,"url":"https:\/\/d2p6e6u75xmxt8.cloudfront.net\/4\/2023\/06\/titulka.webp","type":"image\/webp"}],"author":"dominika","twitter_card":"summary_large_image","twitter_misc":{"Written by":"Erik Horv\u00e1th","Est. reading time":"7"},"schema":{"@context":"https:\/\/schema.org","@graph":[{"@type":"WebPage","@id":"https:\/\/www.welovecycling.com\/sk\/2023\/06\/14\/reportaz-skoda-slovensky-raj-zaciatok-leta-plny-vody\/","url":"https:\/\/www.welovecycling.com\/sk\/2023\/06\/14\/reportaz-skoda-slovensky-raj-zaciatok-leta-plny-vody\/","name":"Report\u00e1\u017e: \u0160koda Slovensk\u00fd raj - za\u010diatok leta pln\u00fd vody","isPartOf":{"@id":"https:\/\/www.welovecycling.com\/sk\/#website"},"primaryImageOfPage":{"@id":"https:\/\/www.welovecycling.com\/sk\/2023\/06\/14\/reportaz-skoda-slovensky-raj-zaciatok-leta-plny-vody\/#primaryimage"},"image":{"@id":"https:\/\/www.welovecycling.com\/sk\/2023\/06\/14\/reportaz-skoda-slovensky-raj-zaciatok-leta-plny-vody\/#primaryimage"},"thumbnailUrl":"https:\/\/d2p6e6u75xmxt8.cloudfront.net\/4\/2023\/06\/titulka.webp","datePublished":"2023-06-14T08:24:30+00:00","dateModified":"2023-06-14T08:56:11+00:00","author":{"@id":"https:\/\/www.welovecycling.com\/sk\/#\/schema\/person\/533b62b98b6c41bd5135ebfb1f742624"},"description":"Tra\u0165 v Slovenskom raji zo s\u00e9rie pretekov \u0160koda Bike Open Tour patr\u00ed medzi moje ob\u013e\u00faben\u00e9. Pozrite sa ako to tam vyzeralo tento rok.","breadcrumb":{"@id":"https:\/\/www.welovecycling.com\/sk\/2023\/06\/14\/reportaz-skoda-slovensky-raj-zaciatok-leta-plny-vody\/#breadcrumb"},"inLanguage":"sk-SK","potentialAction":[{"@type":"ReadAction","target":["https:\/\/www.welovecycling.com\/sk\/2023\/06\/14\/reportaz-skoda-slovensky-raj-zaciatok-leta-plny-vody\/"]}]},{"@type":"ImageObject","inLanguage":"sk-SK","@id":"https:\/\/www.welovecycling.com\/sk\/2023\/06\/14\/reportaz-skoda-slovensky-raj-zaciatok-leta-plny-vody\/#primaryimage","url":"https:\/\/d2p6e6u75xmxt8.cloudfront.net\/4\/2023\/06\/titulka.webp","contentUrl":"https:\/\/d2p6e6u75xmxt8.cloudfront.net\/4\/2023\/06\/titulka.webp","width":990,"height":660,"caption":"slovensk\u00fd raj"},{"@type":"BreadcrumbList","@id":"https:\/\/www.welovecycling.com\/sk\/2023\/06\/14\/reportaz-skoda-slovensky-raj-zaciatok-leta-plny-vody\/#breadcrumb","itemListElement":[{"@type":"ListItem","position":1,"name":"Home","item":"https:\/\/www.welovecycling.com\/sk\/"},{"@type":"ListItem","position":2,"name":"Report\u00e1\u017e: \u0160koda Slovensk\u00fd raj &#8211; za\u010diatok leta pln\u00fd vody"}]},{"@type":"WebSite","@id":"https:\/\/www.welovecycling.com\/sk\/#website","url":"https:\/\/www.welovecycling.com\/sk\/","name":"\u0160koda We Love Cycling Slovensko","description":"\u0160koda We Love Cycling Slovensko je v\u00e1\u0161 ka\u017edodenn\u00fd zdroj noviniek a in\u0161pir\u00e1cie z sveta cyklistiky","potentialAction":[{"@type":"SearchAction","target":{"@type":"EntryPoint","urlTemplate":"https:\/\/www.welovecycling.com\/sk\/?s={search_term_string}"},"query-input":{"@type":"PropertyValueSpecification","valueRequired":true,"valueName":"search_term_string"}}],"inLanguage":"sk-SK"},{"@type":"Person","@id":"https:\/\/www.welovecycling.com\/sk\/#\/schema\/person\/533b62b98b6c41bd5135ebfb1f742624","name":"dominika","image":{"@type":"ImageObject","inLanguage":"sk-SK","@id":"https:\/\/www.welovecycling.com\/sk\/#\/schema\/person\/image\/","url":"https:\/\/secure.gravatar.com\/avatar\/ded6f274ba2ec3e17fff153f7d9d96a4b33c2cb63907f75d9a5309c599a7f3e6?s=96&d=mm&r=g","contentUrl":"https:\/\/secure.gravatar.com\/avatar\/ded6f274ba2ec3e17fff153f7d9d96a4b33c2cb63907f75d9a5309c599a7f3e6?s=96&d=mm&r=g","caption":"dominika"},"url":"https:\/\/www.welovecycling.com\/sk\/author\/dominika\/"}]}},"_links":{"self":[{"href":"https:\/\/www.welovecycling.com\/sk\/wp-json\/wp\/v2\/posts\/17654","targetHints":{"allow":["GET"]}}],"collection":[{"href":"https:\/\/www.welovecycling.com\/sk\/wp-json\/wp\/v2\/posts"}],"about":[{"href":"https:\/\/www.welovecycling.com\/sk\/wp-json\/wp\/v2\/types\/post"}],"author":[{"embeddable":true,"href":"https:\/\/www.welovecycling.com\/sk\/wp-json\/wp\/v2\/users\/172"}],"replies":[{"embeddable":true,"href":"https:\/\/www.welovecycling.com\/sk\/wp-json\/wp\/v2\/comments?post=17654"}],"version-history":[{"count":13,"href":"https:\/\/www.welovecycling.com\/sk\/wp-json\/wp\/v2\/posts\/17654\/revisions"}],"predecessor-version":[{"id":17691,"href":"https:\/\/www.welovecycling.com\/sk\/wp-json\/wp\/v2\/posts\/17654\/revisions\/17691"}],"wp:featuredmedia":[{"embeddable":true,"href":"https:\/\/www.welovecycling.com\/sk\/wp-json\/wp\/v2\/media\/17657"}],"wp:attachment":[{"href":"https:\/\/www.welovecycling.com\/sk\/wp-json\/wp\/v2\/media?parent=17654"}],"wp:term":[{"taxonomy":"category","embeddable":true,"href":"https:\/\/www.welovecycling.com\/sk\/wp-json\/wp\/v2\/categories?post=17654"},{"taxonomy":"post_tag","embeddable":true,"href":"https:\/\/www.welovecycling.com\/sk\/wp-json\/wp\/v2\/tags?post=17654"},{"taxonomy":"global-categories","embeddable":true,"href":"https:\/\/www.welovecycling.com\/sk\/wp-json\/wp\/v2\/global-categories?post=17654"}],"curies":[{"name":"wp","href":"https:\/\/api.w.org\/{rel}","templated":true}]}}