{"id":17629,"date":"2023-06-22T10:21:15","date_gmt":"2023-06-22T08:21:15","guid":{"rendered":"https:\/\/www.welovecycling.com\/sk\/?p=17629"},"modified":"2023-06-22T10:21:15","modified_gmt":"2023-06-22T08:21:15","slug":"moze-pravidelne-bicyklovanie-pomoct-v-pripade-zleho-spanku","status":"publish","type":"post","link":"https:\/\/www.welovecycling.com\/sk\/2023\/06\/22\/moze-pravidelne-bicyklovanie-pomoct-v-pripade-zleho-spanku\/","title":{"rendered":"M\u00f4\u017ee pravideln\u00e9 bicyklovanie pom\u00f4c\u0165 v pr\u00edpade zl\u00e9ho sp\u00e1nku?"},"content":{"rendered":"<p><strong>Sp\u00e1nok a cvi\u010denie s\u00fa k\u013e\u00fa\u010dov\u00e9 pre celkov\u00e9 zdravie \u010dloveka. Nov\u00e1 \u0161t\u00fadia v\u0161ak nazna\u010duje, \u017ee cvi\u010denie m\u00f4\u017ee pom\u00f4c\u0165 vyrovna\u0165 sa s\u00a0nepriazniv\u00fdmi n\u00e1sledkami zl\u00e9ho sp\u00e1nku. Tento \u010dl\u00e1nok sa bli\u017e\u0161ie pozrie, ak\u00fd s\u00favis je medzi cvi\u010den\u00edm a sp\u00e1nkom.<\/strong><\/p>\n<p><!--more--><\/p>\n<p><span style=\"font-weight: 400;\">T\u00edm v\u00fdskumn\u00edkov sa vo svojej novej \u0161t\u00fadii sna\u017eil lep\u0161ie pochopi\u0165 v\u00fdhody cvi\u010denia, a to anal\u00fdzou \u00fadajov od viac ako 92 000 dospel\u00fdch z Anglicka, vo veku 40-73 rokov. \u00da\u010dastn\u00edci nosili po\u010das rokov 2013 a\u017e 2015 n\u00e1ramky, ktor\u00e9 merali kvalitu ich sp\u00e1nku, ako aj cvi\u010debn\u00e9 n\u00e1vyky. <strong>Vedci potom nieko\u013eko rokov sledovali zdravotn\u00e9 v\u00fdsledky \u00fa\u010dastn\u00edkov, aby presk\u00famali vz\u0165ah medzi sp\u00e1nkom, cvi\u010den\u00edm a celkov\u00fdm zdrav\u00edm.<\/strong><\/span><\/p>\n<p><span style=\"font-weight: 400;\">Vedci vych\u00e1dzali z mnoh\u00fdch predch\u00e1dzaj\u00facich v\u00fdskumov, ktor\u00e9 uk\u00e1zali, \u017ee <strong>sp\u00e1nok a\u00a0dobr\u00e1 kond\u00edcia s\u00fa nevyhnutn\u00e9 pre celkov\u00e9 zdravie.<\/strong> T\u00e1to nov\u00e1 \u0161t\u00fadia v\u0161ak pridala do n\u00e1\u0161ho s\u00fa\u010dasn\u00e9ho ch\u00e1pania zauj\u00edmav\u00e9 zistenia.<\/span><\/p>\n<h2><strong>150 min\u00fat cvi\u010denia t\u00fd\u017edenne a zl\u00fd sp\u00e1nok<\/strong><\/h2>\n<p style=\"font-weight: 400;\">Prv\u00e9 zistenie \u0161t\u00fadie nebolo prekvapuj\u00face. \u00da\u010dastn\u00edci so zl\u00fdm sp\u00e1nkom a n\u00edzkou \u00farov\u0148ou cvi\u010denia mali vy\u0161\u0161ie riziko \u00famrtnosti, vr\u00e1tane rakoviny a kardiovaskul\u00e1rnych ochoren\u00ed. <strong>Na druhej strane \u0161t\u00fadia tie\u017e zistila, \u017ee t\u00ed, ktor\u00ed sa venovali cvi\u010deniu na vysokej \u00farovni, nevykazovali zv\u00fd\u0161en\u00e9 riziko \u00famrtia, aj ke\u010f spali menej ako 6 hod\u00edn po\u010das noci.<\/strong> V\u00fdskum nazna\u010duje, \u017ee absolvovanie 150 min\u00fat miernej a\u017e intenz\u00edvnej fyzickej aktivity t\u00fd\u017edenne, m\u00f4\u017ee zmierni\u0165 niektor\u00e9 zdravotn\u00e9 n\u00e1sledky spojen\u00e9 so zl\u00fdm sp\u00e1nkom.<\/p>\n<p style=\"font-weight: 400;\">Rie\u0161enie je jednoduch\u00e9:<strong> ak pr\u00e1ve teraz nedok\u00e1\u017eete ovplyvni\u0165 svoj zl\u00fd sp\u00e1nok, mali by ste si aspo\u0148 napl\u00e1nova\u0165 \u010das na miernu alebo intenz\u00edvnu fyzick\u00fa aktivitu.<\/strong><\/p>\n<figure id=\"attachment_16830\" aria-describedby=\"caption-attachment-16830\" style=\"width: 1250px\" class=\"wp-caption alignnone\"><a href=\"https:\/\/d2p6e6u75xmxt8.cloudfront.net\/4\/2023\/03\/Man-sleeping-profimedia-0554147633.webp\"><img loading=\"lazy\" decoding=\"async\" class=\"wp-image-16830 size-full\" src=\"https:\/\/d2p6e6u75xmxt8.cloudfront.net\/4\/2023\/03\/Man-sleeping-profimedia-0554147633.webp\" alt=\"Man sleeping\" width=\"1250\" height=\"833\" srcset=\"https:\/\/d2p6e6u75xmxt8.cloudfront.net\/4\/2023\/03\/Man-sleeping-profimedia-0554147633.webp 1250w, https:\/\/d2p6e6u75xmxt8.cloudfront.net\/4\/2023\/03\/Man-sleeping-profimedia-0554147633-300x200.webp 300w, https:\/\/d2p6e6u75xmxt8.cloudfront.net\/4\/2023\/03\/Man-sleeping-profimedia-0554147633-1024x682.webp 1024w, https:\/\/d2p6e6u75xmxt8.cloudfront.net\/4\/2023\/03\/Man-sleeping-profimedia-0554147633-768x512.webp 768w, https:\/\/d2p6e6u75xmxt8.cloudfront.net\/4\/2023\/03\/Man-sleeping-profimedia-0554147633-400x267.webp 400w, https:\/\/d2p6e6u75xmxt8.cloudfront.net\/4\/2023\/03\/Man-sleeping-profimedia-0554147633-272x182.webp 272w\" sizes=\"auto, (max-width: 1250px) 100vw, 1250px\" \/><\/a><figcaption id=\"caption-attachment-16830\" class=\"wp-caption-text\">\u013dudia, ktor\u00ed sp\u00e1vaj\u00fa dobre, maj\u00fa tendenciu dr\u017ea\u0165 sa svojich cvi\u010debn\u00fdch pl\u00e1nov a aj zdrav\u00e9ho stravovania, v pr\u00edpade, \u017ee sa sna\u017eia schudn\u00fa\u0165. \u00a9 Profimedia<\/figcaption><\/figure>\n<h2><strong>Ako m\u00f4\u017ee cvi\u010denie kompenzova\u0165 zl\u00fd sp\u00e1nok?<\/strong><\/h2>\n<p style=\"font-weight: 400;\">Existuje nieko\u013eko mo\u017en\u00fdch vysvetlen\u00ed t\u00fdchto nov\u00fdch zisten\u00ed. Je to preto, \u017ee cvi\u010denie m\u00f4\u017ee zn\u00ed\u017ei\u0165 z\u00e1pal a regulova\u0165 metabolizmus, ako aj aktivitu sympatick\u00e9ho nervov\u00e9ho syst\u00e9mu. <strong>Zlep\u0161uje tie\u017e krvn\u00fd tlak a citlivos\u0165 na inzul\u00edn.<\/strong> Cvi\u010denie navy\u0161e zvy\u0161uje produkciu adenoz\u00ednu v mozgu, ktor\u00fd funguje ako prirodzen\u00fd pomocn\u00edk pri sp\u00e1nku. \u010c\u00edm viac adenoz\u00ednu sa vytvor\u00ed po\u010das d\u0148a, t\u00fdm \u013eah\u0161ie sa v\u00e1m ve\u010der zasp\u00ed a t\u00fdm pokojnej\u0161ia a osvie\u017euj\u00faca bude va\u0161a \u010fal\u0161ia noc sp\u00e1nku.<\/p>\n<h2><strong>Rizik\u00e1 zl\u00e9ho sp\u00e1nku<\/strong><\/h2>\n<p style=\"font-weight: 400;\">M\u00f4\u017ee by\u0165 l\u00e1kav\u00e9 obetova\u0165 sp\u00e1nok a namiesto toho si trochu zacvi\u010di\u0165. Bohu\u017eia\u013e, s\u00fa s t\u00fdm spojen\u00e9 rizik\u00e1, a to aj pri zoh\u013eadnen\u00ed priazniv\u00e9ho vplyvu cvi\u010denia na sp\u00e1nok. Ak napr\u00edklad nesp\u00edte, m\u00f4\u017ee v\u00e1m ch\u00fdba\u0165 energia na to, aby ste zostali po\u010das d\u0148a akt\u00edvni a jazdili pravidelne na bicykli.<\/p>\n<p style=\"font-weight: 400;\"><strong>Mali by sa zv\u00e1\u017ei\u0165 aj individu\u00e1lne rozdiely v potreb\u00e1ch sp\u00e1nku,<\/strong> preto\u017ee niektor\u00ed \u013eudia m\u00f4\u017eu dobre fungova\u0165 s krat\u0161\u00edm po\u010dtom hod\u00edn sp\u00e1nku, no in\u00ed bud\u00fa ma\u0165 nesk\u00f4r nepriazniv\u00e9 zdravotn\u00e9 n\u00e1sledky. Je tie\u017e d\u00f4le\u017eit\u00e9 pam\u00e4ta\u0165 na to, \u017ee \u0161portovci s nedostatkom sp\u00e1nku s\u00fa po\u010das tr\u00e9ningov n\u00e1chylnej\u0161\u00ed na zranenia.<\/p>\n<div class=\"shortcode-ys-post-pinup\"><article class=\"loop-simple post-5449 post type-post status-publish format-standard has-post-thumbnail hentry category-zdravie-trening tag-ako-zaspat tag-den tag-melatonin tag-mobil tag-modre-svetlo tag-noc tag-slnko tag-spanok tag-svetlo tag-televizia tag-tma tag-tv tag-zdravie tag-zdravy-zivotny-styl\" data-postid=\"5449\" role=\"article\" data-post-id=\"5449\" data-word-count=\"394\" data-headline-length=\"58\" data-category=\"Zdravie a tr\u00e9ning\" data-author=\"Ji\u0159\u00ed Kalo\u010d\" data-published=\"2018-11-16T10:15:35+01:00\" data-published-day=\"Friday\">\n    <div class=\"entry-thumbnail article-thumbnail\" content=\"https:\/\/d2p6e6u75xmxt8.cloudfront.net\/4\/2018\/11\/Sleep-pexels-photo-271897-150x150.webp\"><a href=\"https:\/\/www.welovecycling.com\/sk\/2018\/11\/16\/zlepsite-svoj-spanok-zbavte-sa-modreho-svetla\/\" class=\"image-holder\" target=\"_self\"><img decoding=\"async\" loading=\"lazy\" class=\"\" src=\"https:\/\/d2p6e6u75xmxt8.cloudfront.net\/4\/2018\/11\/Sleep-pexels-photo-271897-1024x450.webp\" srcset=\"https:\/\/d2p6e6u75xmxt8.cloudfront.net\/4\/2018\/11\/Sleep-pexels-photo-271897.webp 1366w, https:\/\/d2p6e6u75xmxt8.cloudfront.net\/4\/2018\/11\/Sleep-pexels-photo-271897-300x132.webp 300w, https:\/\/d2p6e6u75xmxt8.cloudfront.net\/4\/2018\/11\/Sleep-pexels-photo-271897-1024x450.webp 1024w, https:\/\/d2p6e6u75xmxt8.cloudfront.net\/4\/2018\/11\/Sleep-pexels-photo-271897-768x337.webp 768w\" width=\"1024\" height=\"450\" sizes=\"auto, (min-width: 1200px) 456px, (min-width: 768px) 38vw, 100vw\" alt=\"zlepsite-svoj-spanok-zbavte-sa-modreho-svetla\"\/><\/a><\/div>    <div class=\"entry-meta\">\n        <a class=\"label label-secondary post-category\" href=\"https:\/\/www.welovecycling.com\/sk\/category\/zdravie-trening\/\" title=\"Zdravie a tr\u00e9ning\">Zdravie a tr\u00e9ning<\/a>\n    <\/div>\n    <div class=\"entry-details\">\n        <a href=\"https:\/\/www.welovecycling.com\/sk\/2018\/11\/16\/zlepsite-svoj-spanok-zbavte-sa-modreho-svetla\/\" class='entry-title-wrapper'>\n            <h3 class=\"entry-title\"><span>Zlep\u0161ite svoj sp\u00e1nok \u2013 zbavte sa \u201emodr\u00e9ho svetla\u201c<\/span><\/h3>\n        <\/a>\n    <\/div>\n    <\/article>\n<\/div>\n<h2><strong>N\u00e1jdite rovnov\u00e1hu<\/strong><\/h2>\n<p style=\"font-weight: 400;\">T\u00e1to nov\u00e1 \u0161t\u00fadia n\u00e1m d\u00e1va e\u0161te viac d\u00f4vodov na udr\u017eiavanie pravideln\u00e9ho pl\u00e1nu cvi\u010denia.<strong> Rozpoznanie a re\u0161pektovanie individu\u00e1lnych potrieb sp\u00e1nku je v\u0161ak nevyhnutn\u00e9,<\/strong> preto\u017ee nie ka\u017ed\u00fd potrebuje rovnak\u00e9 mno\u017estvo odpo\u010dinku, aby mohol dobre fungova\u0165.<\/p>\n<p style=\"font-weight: 400;\">Nakoniec, <strong>k\u013e\u00fa\u010dom k udr\u017eaniu optim\u00e1lneho zdravia je n\u00e1js\u0165 rovnov\u00e1hu medzi dosiahnut\u00edm dostato\u010dn\u00e9ho sp\u00e1nku a pravideln\u00fdm cvi\u010den\u00edm.<\/strong> Cyklistika je ur\u010dite skvel\u00fdm tipom ako si kvalitne zacvi\u010di\u0165. Ak chcete p\u00e1r tipov, ako si da\u0165 sp\u00e1nok do poriadku, pozrite si n\u00e1\u0161 \u010dl\u00e1nok o 5 veciach, ktor\u00e9 robi\u0165, ke\u010f ni\u010d nepom\u00e1ha, aby ste spali lep\u0161ie.<\/p>\n<p>&nbsp;<\/p>\n","protected":false},"excerpt":{"rendered":"<p>Sp\u00e1nok a cvi\u010denie s\u00fa k\u013e\u00fa\u010dov\u00e9 pre celkov\u00e9 zdravie \u010dloveka. Nov\u00e1 \u0161t\u00fadia v\u0161ak nazna\u010duje, \u017ee cvi\u010denie m\u00f4\u017ee pom\u00f4c\u0165 vyrovna\u0165 sa s\u00a0nepriazniv\u00fdmi [&hellip;]<\/p>\n","protected":false},"author":172,"featured_media":17631,"comment_status":"open","ping_status":"open","sticky":false,"template":"","format":"standard","meta":{"footnotes":""},"categories":[2],"tags":[684,619,115,546,180,683,340,1219,55,161,623],"global-categories":[],"class_list":["post-17629","post","type-post","status-publish","format-standard","has-post-thumbnail","hentry","category-zdravie-trening","tag-ako-zaspat","tag-bicyklovanie","tag-cestna-cyklistika","tag-cyklistika","tag-horska-cyklistika","tag-noc","tag-spanok","tag-studia","tag-trening","tag-zdravie","tag-zdravy-zivotny-styl"],"yoast_head":"<!-- This site is optimized with the Yoast SEO Premium plugin v25.3 (Yoast SEO v25.9) - https:\/\/yoast.com\/wordpress\/plugins\/seo\/ -->\n<title>M\u00f4\u017ee pravideln\u00e9 bicyklovanie pom\u00f4c\u0165 v pr\u00edpade zl\u00e9ho sp\u00e1nku?<\/title>\n<meta name=\"description\" content=\"Sp\u00e1nok a cvi\u010denie s\u00fa k\u013e\u00fa\u010dov\u00e9 pre celkov\u00e9 zdravie. Nov\u00e1 \u0161t\u00fadia nazna\u010duje, \u017ee cvi\u010denie m\u00f4\u017ee pom\u00f4c\u0165 vyrovna\u0165 sa s\u00a0n\u00e1sledkami zl\u00e9ho sp\u00e1nku.\" \/>\n<meta name=\"robots\" content=\"index, follow, max-snippet:-1, max-image-preview:large, max-video-preview:-1\" \/>\n<link rel=\"canonical\" href=\"https:\/\/www.welovecycling.com\/sk\/2023\/06\/22\/moze-pravidelne-bicyklovanie-pomoct-v-pripade-zleho-spanku\/\" \/>\n<meta property=\"og:locale\" content=\"sk_SK\" \/>\n<meta property=\"og:type\" content=\"article\" \/>\n<meta property=\"og:title\" content=\"M\u00f4\u017ee pravideln\u00e9 bicyklovanie pom\u00f4c\u0165 v pr\u00edpade zl\u00e9ho sp\u00e1nku?\" \/>\n<meta property=\"og:description\" content=\"Sp\u00e1nok a cvi\u010denie s\u00fa k\u013e\u00fa\u010dov\u00e9 pre celkov\u00e9 zdravie. Nov\u00e1 \u0161t\u00fadia nazna\u010duje, \u017ee cvi\u010denie m\u00f4\u017ee pom\u00f4c\u0165 vyrovna\u0165 sa s\u00a0n\u00e1sledkami zl\u00e9ho sp\u00e1nku.\" \/>\n<meta property=\"og:url\" content=\"https:\/\/www.welovecycling.com\/sk\/2023\/06\/22\/moze-pravidelne-bicyklovanie-pomoct-v-pripade-zleho-spanku\/\" \/>\n<meta property=\"og:site_name\" content=\"\u0160koda We Love Cycling Slovensko\" \/>\n<meta property=\"article:published_time\" content=\"2023-06-22T08:21:15+00:00\" \/>\n<meta property=\"og:image\" content=\"https:\/\/d2p6e6u75xmxt8.cloudfront.net\/4\/2023\/06\/MTB-Cyclists-at-Sunset-profimedia-0773951122-CVR.webp\" \/>\n\t<meta property=\"og:image:width\" content=\"990\" \/>\n\t<meta property=\"og:image:height\" content=\"660\" \/>\n\t<meta property=\"og:image:type\" content=\"image\/webp\" \/>\n<meta name=\"author\" content=\"dominika\" \/>\n<meta name=\"twitter:card\" content=\"summary_large_image\" \/>\n<meta name=\"twitter:label1\" content=\"Written by\" \/>\n\t<meta name=\"twitter:data1\" content=\"Ji\u0159\u00ed Kalo\u010d\" \/>\n\t<meta name=\"twitter:label2\" content=\"Est. reading time\" \/>\n\t<meta name=\"twitter:data2\" content=\"5\" \/>\n<script type=\"application\/ld+json\" class=\"yoast-schema-graph\">{\"@context\":\"https:\/\/schema.org\",\"@graph\":[{\"@type\":\"WebPage\",\"@id\":\"https:\/\/www.welovecycling.com\/sk\/2023\/06\/22\/moze-pravidelne-bicyklovanie-pomoct-v-pripade-zleho-spanku\/\",\"url\":\"https:\/\/www.welovecycling.com\/sk\/2023\/06\/22\/moze-pravidelne-bicyklovanie-pomoct-v-pripade-zleho-spanku\/\",\"name\":\"M\u00f4\u017ee pravideln\u00e9 bicyklovanie pom\u00f4c\u0165 v pr\u00edpade zl\u00e9ho sp\u00e1nku?\",\"isPartOf\":{\"@id\":\"https:\/\/www.welovecycling.com\/sk\/#website\"},\"primaryImageOfPage\":{\"@id\":\"https:\/\/www.welovecycling.com\/sk\/2023\/06\/22\/moze-pravidelne-bicyklovanie-pomoct-v-pripade-zleho-spanku\/#primaryimage\"},\"image\":{\"@id\":\"https:\/\/www.welovecycling.com\/sk\/2023\/06\/22\/moze-pravidelne-bicyklovanie-pomoct-v-pripade-zleho-spanku\/#primaryimage\"},\"thumbnailUrl\":\"https:\/\/d2p6e6u75xmxt8.cloudfront.net\/4\/2023\/06\/MTB-Cyclists-at-Sunset-profimedia-0773951122-CVR.webp\",\"datePublished\":\"2023-06-22T08:21:15+00:00\",\"author\":{\"@id\":\"https:\/\/www.welovecycling.com\/sk\/#\/schema\/person\/533b62b98b6c41bd5135ebfb1f742624\"},\"description\":\"Sp\u00e1nok a cvi\u010denie s\u00fa k\u013e\u00fa\u010dov\u00e9 pre celkov\u00e9 zdravie. Nov\u00e1 \u0161t\u00fadia nazna\u010duje, \u017ee cvi\u010denie m\u00f4\u017ee pom\u00f4c\u0165 vyrovna\u0165 sa s\u00a0n\u00e1sledkami zl\u00e9ho sp\u00e1nku.\",\"breadcrumb\":{\"@id\":\"https:\/\/www.welovecycling.com\/sk\/2023\/06\/22\/moze-pravidelne-bicyklovanie-pomoct-v-pripade-zleho-spanku\/#breadcrumb\"},\"inLanguage\":\"sk-SK\",\"potentialAction\":[{\"@type\":\"ReadAction\",\"target\":[\"https:\/\/www.welovecycling.com\/sk\/2023\/06\/22\/moze-pravidelne-bicyklovanie-pomoct-v-pripade-zleho-spanku\/\"]}]},{\"@type\":\"ImageObject\",\"inLanguage\":\"sk-SK\",\"@id\":\"https:\/\/www.welovecycling.com\/sk\/2023\/06\/22\/moze-pravidelne-bicyklovanie-pomoct-v-pripade-zleho-spanku\/#primaryimage\",\"url\":\"https:\/\/d2p6e6u75xmxt8.cloudfront.net\/4\/2023\/06\/MTB-Cyclists-at-Sunset-profimedia-0773951122-CVR.webp\",\"contentUrl\":\"https:\/\/d2p6e6u75xmxt8.cloudfront.net\/4\/2023\/06\/MTB-Cyclists-at-Sunset-profimedia-0773951122-CVR.webp\",\"width\":990,\"height\":660,\"caption\":\"horsk\u00e1 cyklistika\"},{\"@type\":\"BreadcrumbList\",\"@id\":\"https:\/\/www.welovecycling.com\/sk\/2023\/06\/22\/moze-pravidelne-bicyklovanie-pomoct-v-pripade-zleho-spanku\/#breadcrumb\",\"itemListElement\":[{\"@type\":\"ListItem\",\"position\":1,\"name\":\"Home\",\"item\":\"https:\/\/www.welovecycling.com\/sk\/\"},{\"@type\":\"ListItem\",\"position\":2,\"name\":\"M\u00f4\u017ee pravideln\u00e9 bicyklovanie pom\u00f4c\u0165 v pr\u00edpade zl\u00e9ho sp\u00e1nku?\"}]},{\"@type\":\"WebSite\",\"@id\":\"https:\/\/www.welovecycling.com\/sk\/#website\",\"url\":\"https:\/\/www.welovecycling.com\/sk\/\",\"name\":\"\u0160koda We Love Cycling Slovensko\",\"description\":\"\u0160koda We Love Cycling Slovensko je v\u00e1\u0161 ka\u017edodenn\u00fd zdroj noviniek a in\u0161pir\u00e1cie z sveta cyklistiky\",\"potentialAction\":[{\"@type\":\"SearchAction\",\"target\":{\"@type\":\"EntryPoint\",\"urlTemplate\":\"https:\/\/www.welovecycling.com\/sk\/?s={search_term_string}\"},\"query-input\":{\"@type\":\"PropertyValueSpecification\",\"valueRequired\":true,\"valueName\":\"search_term_string\"}}],\"inLanguage\":\"sk-SK\"},{\"@type\":\"Person\",\"@id\":\"https:\/\/www.welovecycling.com\/sk\/#\/schema\/person\/533b62b98b6c41bd5135ebfb1f742624\",\"name\":\"dominika\",\"image\":{\"@type\":\"ImageObject\",\"inLanguage\":\"sk-SK\",\"@id\":\"https:\/\/www.welovecycling.com\/sk\/#\/schema\/person\/image\/\",\"url\":\"https:\/\/secure.gravatar.com\/avatar\/ded6f274ba2ec3e17fff153f7d9d96a4b33c2cb63907f75d9a5309c599a7f3e6?s=96&d=mm&r=g\",\"contentUrl\":\"https:\/\/secure.gravatar.com\/avatar\/ded6f274ba2ec3e17fff153f7d9d96a4b33c2cb63907f75d9a5309c599a7f3e6?s=96&d=mm&r=g\",\"caption\":\"dominika\"},\"url\":\"https:\/\/www.welovecycling.com\/sk\/author\/dominika\/\"}]}<\/script>\n<!-- \/ Yoast SEO Premium plugin. -->","yoast_head_json":{"title":"M\u00f4\u017ee pravideln\u00e9 bicyklovanie pom\u00f4c\u0165 v pr\u00edpade zl\u00e9ho sp\u00e1nku?","description":"Sp\u00e1nok a cvi\u010denie s\u00fa k\u013e\u00fa\u010dov\u00e9 pre celkov\u00e9 zdravie. Nov\u00e1 \u0161t\u00fadia nazna\u010duje, \u017ee cvi\u010denie m\u00f4\u017ee pom\u00f4c\u0165 vyrovna\u0165 sa s\u00a0n\u00e1sledkami zl\u00e9ho sp\u00e1nku.","robots":{"index":"index","follow":"follow","max-snippet":"max-snippet:-1","max-image-preview":"max-image-preview:large","max-video-preview":"max-video-preview:-1"},"canonical":"https:\/\/www.welovecycling.com\/sk\/2023\/06\/22\/moze-pravidelne-bicyklovanie-pomoct-v-pripade-zleho-spanku\/","og_locale":"sk_SK","og_type":"article","og_title":"M\u00f4\u017ee pravideln\u00e9 bicyklovanie pom\u00f4c\u0165 v pr\u00edpade zl\u00e9ho sp\u00e1nku?","og_description":"Sp\u00e1nok a cvi\u010denie s\u00fa k\u013e\u00fa\u010dov\u00e9 pre celkov\u00e9 zdravie. Nov\u00e1 \u0161t\u00fadia nazna\u010duje, \u017ee cvi\u010denie m\u00f4\u017ee pom\u00f4c\u0165 vyrovna\u0165 sa s\u00a0n\u00e1sledkami zl\u00e9ho sp\u00e1nku.","og_url":"https:\/\/www.welovecycling.com\/sk\/2023\/06\/22\/moze-pravidelne-bicyklovanie-pomoct-v-pripade-zleho-spanku\/","og_site_name":"\u0160koda We Love Cycling Slovensko","article_published_time":"2023-06-22T08:21:15+00:00","og_image":[{"width":990,"height":660,"url":"https:\/\/d2p6e6u75xmxt8.cloudfront.net\/4\/2023\/06\/MTB-Cyclists-at-Sunset-profimedia-0773951122-CVR.webp","type":"image\/webp"}],"author":"dominika","twitter_card":"summary_large_image","twitter_misc":{"Written by":"Ji\u0159\u00ed Kalo\u010d","Est. reading time":"5"},"schema":{"@context":"https:\/\/schema.org","@graph":[{"@type":"WebPage","@id":"https:\/\/www.welovecycling.com\/sk\/2023\/06\/22\/moze-pravidelne-bicyklovanie-pomoct-v-pripade-zleho-spanku\/","url":"https:\/\/www.welovecycling.com\/sk\/2023\/06\/22\/moze-pravidelne-bicyklovanie-pomoct-v-pripade-zleho-spanku\/","name":"M\u00f4\u017ee pravideln\u00e9 bicyklovanie pom\u00f4c\u0165 v pr\u00edpade zl\u00e9ho sp\u00e1nku?","isPartOf":{"@id":"https:\/\/www.welovecycling.com\/sk\/#website"},"primaryImageOfPage":{"@id":"https:\/\/www.welovecycling.com\/sk\/2023\/06\/22\/moze-pravidelne-bicyklovanie-pomoct-v-pripade-zleho-spanku\/#primaryimage"},"image":{"@id":"https:\/\/www.welovecycling.com\/sk\/2023\/06\/22\/moze-pravidelne-bicyklovanie-pomoct-v-pripade-zleho-spanku\/#primaryimage"},"thumbnailUrl":"https:\/\/d2p6e6u75xmxt8.cloudfront.net\/4\/2023\/06\/MTB-Cyclists-at-Sunset-profimedia-0773951122-CVR.webp","datePublished":"2023-06-22T08:21:15+00:00","author":{"@id":"https:\/\/www.welovecycling.com\/sk\/#\/schema\/person\/533b62b98b6c41bd5135ebfb1f742624"},"description":"Sp\u00e1nok a cvi\u010denie s\u00fa k\u013e\u00fa\u010dov\u00e9 pre celkov\u00e9 zdravie. Nov\u00e1 \u0161t\u00fadia nazna\u010duje, \u017ee cvi\u010denie m\u00f4\u017ee pom\u00f4c\u0165 vyrovna\u0165 sa s\u00a0n\u00e1sledkami zl\u00e9ho sp\u00e1nku.","breadcrumb":{"@id":"https:\/\/www.welovecycling.com\/sk\/2023\/06\/22\/moze-pravidelne-bicyklovanie-pomoct-v-pripade-zleho-spanku\/#breadcrumb"},"inLanguage":"sk-SK","potentialAction":[{"@type":"ReadAction","target":["https:\/\/www.welovecycling.com\/sk\/2023\/06\/22\/moze-pravidelne-bicyklovanie-pomoct-v-pripade-zleho-spanku\/"]}]},{"@type":"ImageObject","inLanguage":"sk-SK","@id":"https:\/\/www.welovecycling.com\/sk\/2023\/06\/22\/moze-pravidelne-bicyklovanie-pomoct-v-pripade-zleho-spanku\/#primaryimage","url":"https:\/\/d2p6e6u75xmxt8.cloudfront.net\/4\/2023\/06\/MTB-Cyclists-at-Sunset-profimedia-0773951122-CVR.webp","contentUrl":"https:\/\/d2p6e6u75xmxt8.cloudfront.net\/4\/2023\/06\/MTB-Cyclists-at-Sunset-profimedia-0773951122-CVR.webp","width":990,"height":660,"caption":"horsk\u00e1 cyklistika"},{"@type":"BreadcrumbList","@id":"https:\/\/www.welovecycling.com\/sk\/2023\/06\/22\/moze-pravidelne-bicyklovanie-pomoct-v-pripade-zleho-spanku\/#breadcrumb","itemListElement":[{"@type":"ListItem","position":1,"name":"Home","item":"https:\/\/www.welovecycling.com\/sk\/"},{"@type":"ListItem","position":2,"name":"M\u00f4\u017ee pravideln\u00e9 bicyklovanie pom\u00f4c\u0165 v pr\u00edpade zl\u00e9ho sp\u00e1nku?"}]},{"@type":"WebSite","@id":"https:\/\/www.welovecycling.com\/sk\/#website","url":"https:\/\/www.welovecycling.com\/sk\/","name":"\u0160koda We Love Cycling Slovensko","description":"\u0160koda We Love Cycling Slovensko je v\u00e1\u0161 ka\u017edodenn\u00fd zdroj noviniek a in\u0161pir\u00e1cie z sveta cyklistiky","potentialAction":[{"@type":"SearchAction","target":{"@type":"EntryPoint","urlTemplate":"https:\/\/www.welovecycling.com\/sk\/?s={search_term_string}"},"query-input":{"@type":"PropertyValueSpecification","valueRequired":true,"valueName":"search_term_string"}}],"inLanguage":"sk-SK"},{"@type":"Person","@id":"https:\/\/www.welovecycling.com\/sk\/#\/schema\/person\/533b62b98b6c41bd5135ebfb1f742624","name":"dominika","image":{"@type":"ImageObject","inLanguage":"sk-SK","@id":"https:\/\/www.welovecycling.com\/sk\/#\/schema\/person\/image\/","url":"https:\/\/secure.gravatar.com\/avatar\/ded6f274ba2ec3e17fff153f7d9d96a4b33c2cb63907f75d9a5309c599a7f3e6?s=96&d=mm&r=g","contentUrl":"https:\/\/secure.gravatar.com\/avatar\/ded6f274ba2ec3e17fff153f7d9d96a4b33c2cb63907f75d9a5309c599a7f3e6?s=96&d=mm&r=g","caption":"dominika"},"url":"https:\/\/www.welovecycling.com\/sk\/author\/dominika\/"}]}},"_links":{"self":[{"href":"https:\/\/www.welovecycling.com\/sk\/wp-json\/wp\/v2\/posts\/17629","targetHints":{"allow":["GET"]}}],"collection":[{"href":"https:\/\/www.welovecycling.com\/sk\/wp-json\/wp\/v2\/posts"}],"about":[{"href":"https:\/\/www.welovecycling.com\/sk\/wp-json\/wp\/v2\/types\/post"}],"author":[{"embeddable":true,"href":"https:\/\/www.welovecycling.com\/sk\/wp-json\/wp\/v2\/users\/172"}],"replies":[{"embeddable":true,"href":"https:\/\/www.welovecycling.com\/sk\/wp-json\/wp\/v2\/comments?post=17629"}],"version-history":[{"count":5,"href":"https:\/\/www.welovecycling.com\/sk\/wp-json\/wp\/v2\/posts\/17629\/revisions"}],"predecessor-version":[{"id":17635,"href":"https:\/\/www.welovecycling.com\/sk\/wp-json\/wp\/v2\/posts\/17629\/revisions\/17635"}],"wp:featuredmedia":[{"embeddable":true,"href":"https:\/\/www.welovecycling.com\/sk\/wp-json\/wp\/v2\/media\/17631"}],"wp:attachment":[{"href":"https:\/\/www.welovecycling.com\/sk\/wp-json\/wp\/v2\/media?parent=17629"}],"wp:term":[{"taxonomy":"category","embeddable":true,"href":"https:\/\/www.welovecycling.com\/sk\/wp-json\/wp\/v2\/categories?post=17629"},{"taxonomy":"post_tag","embeddable":true,"href":"https:\/\/www.welovecycling.com\/sk\/wp-json\/wp\/v2\/tags?post=17629"},{"taxonomy":"global-categories","embeddable":true,"href":"https:\/\/www.welovecycling.com\/sk\/wp-json\/wp\/v2\/global-categories?post=17629"}],"curies":[{"name":"wp","href":"https:\/\/api.w.org\/{rel}","templated":true}]}}