{"id":17616,"date":"2023-06-09T10:00:48","date_gmt":"2023-06-09T08:00:48","guid":{"rendered":"https:\/\/www.welovecycling.com\/sk\/?p=17616"},"modified":"2023-06-12T09:02:20","modified_gmt":"2023-06-12T07:02:20","slug":"rozhovor-tomas-balaz-spolocne-majstrovstva-sr-a-cr-v-cestnej-cyklistike","status":"publish","type":"post","link":"https:\/\/www.welovecycling.com\/sk\/2023\/06\/09\/rozhovor-tomas-balaz-spolocne-majstrovstva-sr-a-cr-v-cestnej-cyklistike\/","title":{"rendered":"Rozhovor: Tom\u00e1\u0161 Bal\u00e1\u017e &#8211; spolo\u010dn\u00e9 majstrovstv\u00e1 SR a \u010cR v cestnej cyklistike"},"content":{"rendered":"<p><strong>Tieto majstrovstv\u00e1 bud\u00fa ma\u0165 \u0161peci\u00e1lnu rozl\u00fa\u010dkov\u00fa pr\u00edchu\u0165, ke\u010f\u017ee Peter Sagan kon\u010d\u00ed svoju kari\u00e9ru. Nielen o\u00a0tom, ale aj o\u00a0pr\u00edprav\u00e1ch a\u00a0organizovan\u00ed takejto akcie sme sa porozpr\u00e1vali s\u00a0organiz\u00e1torom Tom\u00e1\u0161om Bal\u00e1\u017eom. Preteky sa<a href=\"https:\/\/www.welovecycling.com\/sk\/2023\/05\/27\/spolocne-majstrovstva-sr-a-cr-v-cestnej-cyklistike-rozlucka-s-legendou\/\" target=\"_blank\" rel=\"noopener\"> bud\u00fa kona\u0165 22. &#8211; 25. 6.<\/a> v\u00a0Tlma\u010doch a\u00a0\u010di u\u017e ste pretek\u00e1r alebo fan\u00fa\u0161ik cyklistiky, nemali by ste tam ch\u00fdba\u0165.<\/strong><!--more--><\/p>\n<p><b>Pr\u00edprava podujatia na takejto \u00farovni mus\u00ed by\u0165 ve\u013emi n\u00e1ro\u010dn\u00e1. \u010co to v\u0161etko vy\u017eaduje?<br \/>\n<\/b><em><span style=\"font-weight: 400;\">Pr\u00edprava podujatia vy\u017eaduje v\u00a0prvom rade zostavenie organiza\u010dn\u00e9ho t\u00edmu a\u00a0zadefinovanie si okruhov zodpovednosti. Jednozna\u010dne najv\u00e4\u010d\u0161ou \u00falohou je pripravi\u0165 rozpo\u010det a\u00a0vybra\u0165 vhodn\u00fdch partnerova a sponzorov. Nako\u013eko organizujeme podujatie s\u00a0mestom Tlma\u010de, na tejto \u00falohe sme sa podie\u013eali spolo\u010dne.\u00a0<\/span><\/em><\/p>\n<p><em><span style=\"font-weight: 400;\">Organiza\u010dn\u00fd t\u00edm pozost\u00e1va s\u00a0nasledovn\u00fdch \u010dlenov: osoba zodpovedn\u00e1 za rozpo\u010det a\u00a0zmluvy s\u00a0partnermi, grafik podujatia \u2013 v\u00fdroba digit\u00e1lnych mp4 bannerov, pr\u00edprava bulletinu, osoba zodpovedn\u00e1 za pr\u00edpravu dokument\u00e1cie, ako s\u00fa propoz\u00edcie. \u010ealej je to osoba zodpovedn\u00e1 na v\u00fdber a\u00a0\u0161kolenie dobrovo\u013en\u00edkov, osoba zabezpe\u010duj\u00faca propag\u00e1ciu cez soci\u00e1lne siete, osoba zodpovedn\u00e1 za vozov\u00fd park. <\/span><\/em><\/p>\n<p><em><span style=\"font-weight: 400;\">Aut\u00e1 m\u00e1me od \u0160koda Auto Slovensko, elektromobily zapo\u017ei\u010diava SE a.s. a dod\u00e1vku zapo\u017ei\u010diava SZC. No a\u00a0v\u00a0neposlednom rade mus\u00edme zabezpe\u010di\u0165 fotografa podujatia a\u00a0n\u00e1vrh propaga\u010dn\u00fdch materi\u00e1lov.\u00a0<\/span><\/em><\/p>\n<p><img loading=\"lazy\" decoding=\"async\" class=\"alignnone size-full wp-image-17618\" src=\"https:\/\/d2p6e6u75xmxt8.cloudfront.net\/4\/2023\/06\/01.webp\" alt=\"\" width=\"990\" height=\"660\" srcset=\"https:\/\/d2p6e6u75xmxt8.cloudfront.net\/4\/2023\/06\/01.webp 990w, https:\/\/d2p6e6u75xmxt8.cloudfront.net\/4\/2023\/06\/01-300x200.webp 300w, https:\/\/d2p6e6u75xmxt8.cloudfront.net\/4\/2023\/06\/01-768x512.webp 768w, https:\/\/d2p6e6u75xmxt8.cloudfront.net\/4\/2023\/06\/01-400x267.webp 400w, https:\/\/d2p6e6u75xmxt8.cloudfront.net\/4\/2023\/06\/01-272x182.webp 272w\" sizes=\"auto, (max-width: 990px) 100vw, 990px\" \/><\/p>\n<p><b>Kedy ste za\u010dali samotn\u00e9 pr\u00edpravy?<br \/>\n<\/b><em><span style=\"font-weight: 400;\">Cel\u00e9 majstr\u00e1kov\u00e9 \u201edivadlo\u201c sme za\u010dali pripravova\u0165 v\u00a0auguste 2022 v\u00fdberom partnerov, ktor\u00fdch m\u00e1me ako finan\u010dn\u00fdch tak aj produktov\u00fdch (Pierre Baquette, Aquatrade). S\u00a0partnerov spomeniem hlavne Zlat\u00fdch, ktor\u00fdmi s\u00fa: NSK, mesto Tlma\u010de a\u00a0SES a.s.\u00a0<\/span><\/em><\/p>\n<p><em><span style=\"font-weight: 400;\">S\u00a0cel\u00fdm \u00fazkym organiza\u010dn\u00fdm t\u00edmom sme sa stret\u00e1vali na mesa\u010dnej \u00farovni, moment\u00e1lne u\u017e na t\u00fd\u017edennej b\u00e1ze. \u010co sa t\u00fdka partnerov dod\u00e1vate\u013eov spolupracujeme s\u00a0overen\u00fdmi firmami ako Parilla sound, Eventservice.<\/span><\/em><\/p>\n<p><b>\u010co v\u00e1s priviedlo k\u00a0organizovaniu majstrovstiev?<br \/>\n<\/b><em><span style=\"font-weight: 400;\">Cyklistick\u00fd klub <a href=\"https:\/\/www.ckspartaktlmace.eu\/domains\/ckspartaktlmace.eu\/index.php\/sk\/majstrovstva-sr-a-cr\" target=\"_blank\" rel=\"noopener\">SPARTAK TLMA\u010cE<\/a> m\u00e1 dlhoro\u010dn\u00fa cyklistick\u00fa minulos\u0165, ktor\u00e1 by sa dala rozp\u00edsa\u0165 na nieko\u013eko str\u00e1n \u263a. Novodob\u00e1 hist\u00f3ria sa za\u010dala p\u00edsa\u0165 od 14. 08. 2014 a\u00a0to pr\u00e1cou s\u00a0mlad\u00fdmi talentami, a\u00a0po \u010dase sme pridali organizovanie seri\u00e1lu Slovensk\u00e9ho poh\u00e1ra, dve kol\u00e1 krit\u00e9rium a\u00a0cestn\u00e9 preteky. <\/span><\/em><\/p>\n<p><em><span style=\"font-weight: 400;\">Prv\u00e9 sme organizovali v\u00a0roku 2019 a\u00a0v\u00a0roku 2021 sme organizovali spolo\u010dn\u00e9 MSR a\u00a0\u010cR v\u00a0cestnej cyklistike kateg\u00f3rie U23. V\u00a0roku 2022 sme sa uch\u00e1dzali vo v\u00fdberovom konan\u00ed spolo\u010dn\u00fdch MSR a\u00a0\u010cR v\u00a0cestnej cyklistike ELITE. Uspeli sme a\u00a0pustili sa do n\u00e1ro\u010dnej pr\u00edpravy. To znamen\u00e1, \u017ee z\u00a0na\u0161ej hist\u00f3rie je to 5. ro\u010dn\u00edk a\u00a0v\u00a0r\u00e1mci majstrovstiev 24. ro\u010dn\u00edk cyklistick\u00fdch majstrovstiev.<\/span><\/em><\/p>\n<p><img loading=\"lazy\" decoding=\"async\" class=\"alignnone size-full wp-image-17619\" src=\"https:\/\/d2p6e6u75xmxt8.cloudfront.net\/4\/2023\/06\/01_rozhovor.webp\" alt=\"\" width=\"990\" height=\"660\" srcset=\"https:\/\/d2p6e6u75xmxt8.cloudfront.net\/4\/2023\/06\/01_rozhovor.webp 990w, https:\/\/d2p6e6u75xmxt8.cloudfront.net\/4\/2023\/06\/01_rozhovor-300x200.webp 300w, https:\/\/d2p6e6u75xmxt8.cloudfront.net\/4\/2023\/06\/01_rozhovor-768x512.webp 768w, https:\/\/d2p6e6u75xmxt8.cloudfront.net\/4\/2023\/06\/01_rozhovor-400x267.webp 400w, https:\/\/d2p6e6u75xmxt8.cloudfront.net\/4\/2023\/06\/01_rozhovor-272x182.webp 272w\" sizes=\"auto, (max-width: 990px) 100vw, 990px\" \/><\/p>\n<p><b>\u010co je na pr\u00edprave najn\u00e1ro\u010dnej\u0161ie?<br \/>\n<\/b><em><span style=\"font-weight: 400;\">Najn\u00e1ro\u010dnej\u0161ie je n\u00e1js\u0165 si dostatok \u010dasu v\u00a0r\u00e1mci svojho osobn\u00e9ho vo\u013ena, nako\u013eko v\u0161etci z\u00a0organiza\u010dn\u00e9ho t\u00edmu maj\u00fa in\u00e9 profesion\u00e1lne zameranie a\u00a0t\u00fdm p\u00e1dom zamestnanie, rodinu at\u010f.\u00a0<\/span><\/em><\/p>\n<p><b>Na \u010do sa fan\u00fa\u0161ikovia cyklistiky m\u00f4\u017eu te\u0161i\u0165 tento rok?<br \/>\n<\/b><em><span style=\"font-weight: 400;\">Pripravili sme v\u00a0celku kvalitn\u00fa tra\u0165 do r\u00fdchla (v r\u00e1mci SP m\u00e1me priemern\u00fa r\u00fdchlos\u0165 okolo 45 km\/h) s\u00a0pekn\u00fdm profilom, kde m\u00f4\u017ee vietor zohra\u0165 d\u00f4le\u017eit\u00fa \u00falohu na delenie pelot\u00f3nu. Cel\u00e1 tra\u0165 je situovan\u00e1 v\u00a0okruhu JE Mochovce, vr\u00e1tane prejazdu okolo kostol\u00edka &#8211; pozostatku dediny Mochovce. <\/span><\/em><\/p>\n<p><em><span style=\"font-weight: 400;\">V\u00a0obci Nov\u00fd Tekov bude pre fan\u00fa\u0161ikov pripraven\u00e1 FUN Z\u00d3NA s\u00a0obrazovkou, ob\u010derstven\u00edm a\u00a0dar\u010dekmi, ktor\u00fa n\u00e1m zabezpe\u010duje KCK FORCE CZ. Pred pelot\u00f3nom hlavn\u00fdch pretekov Elite Mu\u017ei 25. 6. p\u00f4jde kol\u00f3na vozidiel propaguj\u00faca partnerov formou vyhadzovania reklamn\u00fdch predmetov fan\u00fa\u0161ikom. V\u00a0priestore \u0161tartu a\u00a0cie\u013ea bude z\u00e1bavu a\u00a0fan\u00fa\u0161ikov hecova\u0165 bubnov\u00e1 \u0161ou Batida.<\/span><\/em><\/p>\n<figure id=\"attachment_17625\" aria-describedby=\"caption-attachment-17625\" style=\"width: 990px\" class=\"wp-caption alignnone\"><img loading=\"lazy\" decoding=\"async\" class=\"size-full wp-image-17625\" src=\"https:\/\/d2p6e6u75xmxt8.cloudfront.net\/4\/2023\/06\/03.webp\" alt=\"\" width=\"990\" height=\"660\" srcset=\"https:\/\/d2p6e6u75xmxt8.cloudfront.net\/4\/2023\/06\/03.webp 990w, https:\/\/d2p6e6u75xmxt8.cloudfront.net\/4\/2023\/06\/03-300x200.webp 300w, https:\/\/d2p6e6u75xmxt8.cloudfront.net\/4\/2023\/06\/03-768x512.webp 768w, https:\/\/d2p6e6u75xmxt8.cloudfront.net\/4\/2023\/06\/03-400x267.webp 400w, https:\/\/d2p6e6u75xmxt8.cloudfront.net\/4\/2023\/06\/03-272x182.webp 272w\" sizes=\"auto, (max-width: 990px) 100vw, 990px\" \/><figcaption id=\"caption-attachment-17625\" class=\"wp-caption-text\">autor fotografie: J\u00e1n Melicher<\/figcaption><\/figure>\n<p><b>Ak\u00e9 t\u00edmy potvrdili svoju \u00fa\u010das\u0165?<br \/>\n<\/b><em><span style=\"font-weight: 400;\">Z\u00a0World Tour t\u00edmov Soudal Quick Step, z\u00a0prokontinent\u00e1lnych t\u00edmov Total Energie, ATT Investment, Elkov Kasper, kontinent\u00e1lnych Dukla Bansk\u00e1 Bystrica, RRK \u2013 Pierre Baquette \u2013 Benzinol, v\u00a0postate cel\u00e1 slovensk\u00e1 a\u00a0\u010desk\u00e1 cyklistick\u00e1 \u0161pi\u010dka.<\/span><\/em><\/p>\n<p><b>Ktor\u00e9 zn\u00e1me men\u00e1 spomedzi cyklistov budeme vidie\u0165?<br \/>\n<\/b><em><span style=\"font-weight: 400;\">Petra Sagana, Martina Svr\u010deka, Mat\u00fa\u0161a \u0160to\u010deka, Mareka \u010caneck\u00e9ho, Luk\u00e1\u0161a Kubi\u0161a, Zde\u0148ka \u0160tybara, Petra \u010cern\u00e9ho, Daniela Tureka a\u00a0\u010fal\u0161\u00edch.<\/span><\/em><\/p>\n<p><b>M\u00e1me posledn\u00fa mo\u017enos\u0165 vidie\u0165 Petra Sagana preteka\u0165. Komunikujete spolu, viete, ak\u00e1 je jeho pr\u00edprava?<br \/>\n<\/b><em><span style=\"font-weight: 400;\">Komunikujem s\u00a0jeho \u0161portov\u00fdm riadite\u013eom J\u00e1nom Valachom od decembra 2022, \u010do sa t\u00fdka \u201emajstr\u00e1ku\u201d a\u00a0zabezpe\u010denia v\u0161etk\u00e9ho potrebn\u00e9ho. \u010co sa t\u00fdka pr\u00edpravy, je to sk\u00f4r individu\u00e1lny pl\u00e1n, ktor\u00fd je s\u010dasti pr\u00edstupn\u00fd cez soci\u00e1lne siete. Mysl\u00edm hrub\u00e9 \u010drty pr\u00edpravy, v\u0161etko konkr\u00e9tne si pretek\u00e1ri str\u00e1\u017eia ako ich know-how.<\/span><\/em><\/p>\n<p>https:\/\/www.instagram.com\/p\/Cs9MZe_IljI\/?utm_source=ig_web_copy_link&#038;igshid=MmJiY2I4NDBkZg==<\/p>\n<p><b>Organizuje<\/b><b>te po\u010das roka aj in\u00e9 cyklistick\u00e9 preteky?<br \/>\n<\/b><em><span style=\"font-weight: 400;\">Do roka organi<\/span><\/em><em><span style=\"font-weight: 400;\">zujeme oby\u010dajne jeden pretek\u00e1rsky v\u00edkend, krit\u00e9rium a cestn\u00e9 preteky v r\u00e1mci seri\u00e1lu Slovensk\u00e9ho poh\u00e1ra v cestnej cyklistike.<\/span><\/em><\/p>\n<p><b>Viete n\u00e1m v\u00a0skratke pribl\u00ed\u017ei\u0165 program, \u010do n\u00e1s \u010dak\u00e1 po\u010das jednotliv\u00fdch dn\u00ed?<br \/>\n<\/b><em><span style=\"font-weight: 400;\">Vo \u0161tvrtok n\u00e1s \u010dakaj\u00fa \u010dasovky na Levickej ceste v\u00a0kateg\u00f3ri\u00e1ch Mu\u017ei Elite a\u00a0\u017deny Elite, Juniori\/rky cel\u00fd de\u0148. V\u00a0sobotu preteky jednotlivcov v\u00a0kateg\u00f3ri\u00e1ch Juniorky, \u017deny a\u00a0Juniori. No a v\u00a0nede\u013eu Elite Mu\u017ei na trati s\u00a0celkovou d\u013a\u017ekou 228 km so \u0161tartom 10:30.<\/span><\/em><\/p>\n<p><b>Bude aj nejak\u00fd sprievodn\u00fd program pre fan\u00fa\u0161ikov?<br \/>\n<\/b><em><span style=\"font-weight: 400;\">Pripravujeme tombolu s\u00a0hlavnou cenou horsk\u00fdm karb\u00f3nov\u00fdm bicyklom a\u00a0\u010fal\u0161\u00edmi cenami \u2013 cyklistick\u00fdmi doplnkami. Na plag\u00e1tiku podujatia si v\u0161etci z\u00e1ujemcovia a\u00a0fan\u00fa\u0161ikovia n\u00e1jdu sprievodn\u00fd kult\u00farny program.<\/span><\/em><\/p>\n<p><img loading=\"lazy\" decoding=\"async\" class=\"alignnone size-full wp-image-17620\" src=\"https:\/\/d2p6e6u75xmxt8.cloudfront.net\/4\/2023\/06\/plagat.webp\" alt=\"\" width=\"1414\" height=\"2000\" srcset=\"https:\/\/d2p6e6u75xmxt8.cloudfront.net\/4\/2023\/06\/plagat.webp 1414w, https:\/\/d2p6e6u75xmxt8.cloudfront.net\/4\/2023\/06\/plagat-212x300.webp 212w, https:\/\/d2p6e6u75xmxt8.cloudfront.net\/4\/2023\/06\/plagat-724x1024.webp 724w, https:\/\/d2p6e6u75xmxt8.cloudfront.net\/4\/2023\/06\/plagat-768x1086.webp 768w, https:\/\/d2p6e6u75xmxt8.cloudfront.net\/4\/2023\/06\/plagat-1086x1536.webp 1086w, https:\/\/d2p6e6u75xmxt8.cloudfront.net\/4\/2023\/06\/plagat-1357x1920.webp 1357w, https:\/\/d2p6e6u75xmxt8.cloudfront.net\/4\/2023\/06\/plagat-283x400.webp 283w, https:\/\/d2p6e6u75xmxt8.cloudfront.net\/4\/2023\/06\/plagat-1357x1920.webp 1357w\" sizes=\"auto, (max-width: 1414px) 100vw, 1414px\" \/><\/p>\n<p><em><span style=\"font-weight: 400;\">Ur\u010dit\u00fa trad\u00edciu v\u00a0Tlma\u010doch maj\u00fa aj detsk\u00e9 OPEN preteky pre neregistrovan\u00fdch mlad\u00fdch pretek\u00e1rov, kde sa n\u00e1m ka\u017edoro\u010dne z\u00fa\u010dast\u0148uje cca 90 det\u00ed od 2-12 rokov, a\u00a0hobby jazda Energia pre krajinu so \u0161tartom v Tlma\u010doch a\u00a0cie\u013eom v\u00a0Energolande Mochovce s\u00a0po\u010dtom \u00fa\u010dastn\u00edkov 200 a\u00a0viac.\u00a0<\/span><\/em><\/p>\n<div id='gallery-1' class='gallery galleryid-17616 gallery-columns-2 gallery-size-full'><figure class='gallery-item'>\n\t\t\t<div class='gallery-icon landscape'>\n\t\t\t\t<a href='https:\/\/d2p6e6u75xmxt8.cloudfront.net\/4\/2023\/06\/IMG_2848.webp'><img loading=\"lazy\" decoding=\"async\" width=\"990\" height=\"660\" src=\"https:\/\/d2p6e6u75xmxt8.cloudfront.net\/4\/2023\/06\/IMG_2848.webp\" class=\"attachment-full size-full\" alt=\"deti\" srcset=\"https:\/\/d2p6e6u75xmxt8.cloudfront.net\/4\/2023\/06\/IMG_2848.webp 990w, https:\/\/d2p6e6u75xmxt8.cloudfront.net\/4\/2023\/06\/IMG_2848-300x200.webp 300w, https:\/\/d2p6e6u75xmxt8.cloudfront.net\/4\/2023\/06\/IMG_2848-768x512.webp 768w, https:\/\/d2p6e6u75xmxt8.cloudfront.net\/4\/2023\/06\/IMG_2848-400x267.webp 400w, https:\/\/d2p6e6u75xmxt8.cloudfront.net\/4\/2023\/06\/IMG_2848-272x182.webp 272w\" sizes=\"auto, (max-width: 990px) 100vw, 990px\" \/><\/a>\n\t\t\t<\/div><\/figure><figure class='gallery-item'>\n\t\t\t<div class='gallery-icon landscape'>\n\t\t\t\t<a href='https:\/\/d2p6e6u75xmxt8.cloudfront.net\/4\/2023\/06\/IMG_2875.webp'><img loading=\"lazy\" decoding=\"async\" width=\"990\" height=\"660\" src=\"https:\/\/d2p6e6u75xmxt8.cloudfront.net\/4\/2023\/06\/IMG_2875.webp\" class=\"attachment-full size-full\" alt=\"pretek\u00e1ri\" srcset=\"https:\/\/d2p6e6u75xmxt8.cloudfront.net\/4\/2023\/06\/IMG_2875.webp 990w, https:\/\/d2p6e6u75xmxt8.cloudfront.net\/4\/2023\/06\/IMG_2875-300x200.webp 300w, https:\/\/d2p6e6u75xmxt8.cloudfront.net\/4\/2023\/06\/IMG_2875-768x512.webp 768w, https:\/\/d2p6e6u75xmxt8.cloudfront.net\/4\/2023\/06\/IMG_2875-400x267.webp 400w, https:\/\/d2p6e6u75xmxt8.cloudfront.net\/4\/2023\/06\/IMG_2875-272x182.webp 272w\" sizes=\"auto, (max-width: 990px) 100vw, 990px\" \/><\/a>\n\t\t\t<\/div><\/figure>\n\t\t<\/div>\n\n<p><em><span style=\"font-weight: 400;\">Ver\u00edme, \u017ee tieto preteky bud\u00fa ve\u013ekou udalos\u0165ou pre cel\u00fa cyklistick\u00fa verejnos\u0165 v\u00a0oboch krajin\u00e1ch. No najm\u00e4 Slov\u00e1ci sa ur\u010dite pr\u00eddu rozl\u00fa\u010di\u0165 s\u00a0Petrom a\u00a0u\u017ei\u0165 si t\u00fa neopakovate\u013en\u00fa atmosf\u00e9ru.\u00a0<\/span><\/em><\/p>\n<p>&nbsp;<\/p>\n","protected":false},"excerpt":{"rendered":"<p>Tieto majstrovstv\u00e1 bud\u00fa ma\u0165 \u0161peci\u00e1lnu rozl\u00fa\u010dkov\u00fa pr\u00edchu\u0165, ke\u010f\u017ee Peter Sagan kon\u010d\u00ed svoju kari\u00e9ru. Nielen o\u00a0tom, ale aj o\u00a0pr\u00edprav\u00e1ch a\u00a0organizovan\u00ed takejto [&hellip;]<\/p>\n","protected":false},"author":172,"featured_media":17617,"comment_status":"open","ping_status":"open","sticky":false,"template":"","format":"standard","meta":{"footnotes":""},"categories":[191],"tags":[540,115,546,53,800,147,481,46,91,179,501,523,1597,1596,183,475],"global-categories":[1074],"class_list":["post-17616","post","type-post","status-publish","format-standard","has-post-thumbnail","hentry","category-odporucame","tag-ceska-republika","tag-cestna-cyklistika","tag-cyklistika","tag-deti","tag-elita","tag-fanusikovia","tag-majstrovstva","tag-peter-sagan","tag-pozvanka","tag-preteky","tag-rozhovor","tag-slovensko","tag-tlmace","tag-tomas-balaz","tag-zabava","tag-zeny","global-categories-cycling"],"yoast_head":"<!-- This site is optimized with the Yoast SEO Premium plugin v25.3 (Yoast SEO v25.9) - https:\/\/yoast.com\/wordpress\/plugins\/seo\/ -->\n<title>Rozhovor: Tom\u00e1\u0161 Bal\u00e1\u017e - spolo\u010dn\u00e9 majstrovstv\u00e1 SR a \u010cR v cestnej cyklistike<\/title>\n<meta name=\"description\" content=\"Tieto majstrovstv\u00e1 bud\u00fa ma\u0165 \u0161peci\u00e1lnu rozl\u00fa\u010dkov\u00fa pr\u00edchu\u0165. Porozpr\u00e1vali sme sa o nich s\u00a0organiz\u00e1torom Tom\u00e1\u0161om Bal\u00e1\u017eom.\" \/>\n<meta name=\"robots\" content=\"index, follow, max-snippet:-1, max-image-preview:large, max-video-preview:-1\" \/>\n<link rel=\"canonical\" href=\"https:\/\/www.welovecycling.com\/sk\/2023\/06\/09\/rozhovor-tomas-balaz-spolocne-majstrovstva-sr-a-cr-v-cestnej-cyklistike\/\" \/>\n<meta property=\"og:locale\" content=\"sk_SK\" \/>\n<meta property=\"og:type\" content=\"article\" \/>\n<meta property=\"og:title\" content=\"Rozhovor: Tom\u00e1\u0161 Bal\u00e1\u017e - spolo\u010dn\u00e9 majstrovstv\u00e1 SR a \u010cR v cestnej cyklistike\" \/>\n<meta property=\"og:description\" content=\"Tieto majstrovstv\u00e1 bud\u00fa ma\u0165 \u0161peci\u00e1lnu rozl\u00fa\u010dkov\u00fa pr\u00edchu\u0165. Porozpr\u00e1vali sme sa o nich s\u00a0organiz\u00e1torom Tom\u00e1\u0161om Bal\u00e1\u017eom.\" \/>\n<meta property=\"og:url\" content=\"https:\/\/www.welovecycling.com\/sk\/2023\/06\/09\/rozhovor-tomas-balaz-spolocne-majstrovstva-sr-a-cr-v-cestnej-cyklistike\/\" \/>\n<meta property=\"og:site_name\" content=\"\u0160koda We Love Cycling Slovensko\" \/>\n<meta property=\"article:published_time\" content=\"2023-06-09T08:00:48+00:00\" \/>\n<meta property=\"article:modified_time\" content=\"2023-06-12T07:02:20+00:00\" \/>\n<meta property=\"og:image\" content=\"https:\/\/d2p6e6u75xmxt8.cloudfront.net\/4\/2023\/06\/titulka_rozhovor.webp\" \/>\n\t<meta property=\"og:image:width\" content=\"990\" \/>\n\t<meta property=\"og:image:height\" content=\"660\" \/>\n\t<meta property=\"og:image:type\" content=\"image\/webp\" \/>\n<meta name=\"author\" content=\"dominika\" \/>\n<meta name=\"twitter:card\" content=\"summary_large_image\" \/>\n<meta name=\"twitter:label1\" content=\"Written by\" \/>\n\t<meta name=\"twitter:data1\" content=\"Radovan Vr\u0161ka\" \/>\n\t<meta name=\"twitter:label2\" content=\"Est. reading time\" \/>\n\t<meta name=\"twitter:data2\" content=\"4\" \/>\n<script type=\"application\/ld+json\" class=\"yoast-schema-graph\">{\"@context\":\"https:\/\/schema.org\",\"@graph\":[{\"@type\":\"WebPage\",\"@id\":\"https:\/\/www.welovecycling.com\/sk\/2023\/06\/09\/rozhovor-tomas-balaz-spolocne-majstrovstva-sr-a-cr-v-cestnej-cyklistike\/\",\"url\":\"https:\/\/www.welovecycling.com\/sk\/2023\/06\/09\/rozhovor-tomas-balaz-spolocne-majstrovstva-sr-a-cr-v-cestnej-cyklistike\/\",\"name\":\"Rozhovor: Tom\u00e1\u0161 Bal\u00e1\u017e - spolo\u010dn\u00e9 majstrovstv\u00e1 SR a \u010cR v cestnej cyklistike\",\"isPartOf\":{\"@id\":\"https:\/\/www.welovecycling.com\/sk\/#website\"},\"primaryImageOfPage\":{\"@id\":\"https:\/\/www.welovecycling.com\/sk\/2023\/06\/09\/rozhovor-tomas-balaz-spolocne-majstrovstva-sr-a-cr-v-cestnej-cyklistike\/#primaryimage\"},\"image\":{\"@id\":\"https:\/\/www.welovecycling.com\/sk\/2023\/06\/09\/rozhovor-tomas-balaz-spolocne-majstrovstva-sr-a-cr-v-cestnej-cyklistike\/#primaryimage\"},\"thumbnailUrl\":\"https:\/\/d2p6e6u75xmxt8.cloudfront.net\/4\/2023\/06\/titulka_rozhovor.webp\",\"datePublished\":\"2023-06-09T08:00:48+00:00\",\"dateModified\":\"2023-06-12T07:02:20+00:00\",\"author\":{\"@id\":\"https:\/\/www.welovecycling.com\/sk\/#\/schema\/person\/533b62b98b6c41bd5135ebfb1f742624\"},\"description\":\"Tieto majstrovstv\u00e1 bud\u00fa ma\u0165 \u0161peci\u00e1lnu rozl\u00fa\u010dkov\u00fa pr\u00edchu\u0165. Porozpr\u00e1vali sme sa o nich s\u00a0organiz\u00e1torom Tom\u00e1\u0161om Bal\u00e1\u017eom.\",\"breadcrumb\":{\"@id\":\"https:\/\/www.welovecycling.com\/sk\/2023\/06\/09\/rozhovor-tomas-balaz-spolocne-majstrovstva-sr-a-cr-v-cestnej-cyklistike\/#breadcrumb\"},\"inLanguage\":\"sk-SK\",\"potentialAction\":[{\"@type\":\"ReadAction\",\"target\":[\"https:\/\/www.welovecycling.com\/sk\/2023\/06\/09\/rozhovor-tomas-balaz-spolocne-majstrovstva-sr-a-cr-v-cestnej-cyklistike\/\"]}]},{\"@type\":\"ImageObject\",\"inLanguage\":\"sk-SK\",\"@id\":\"https:\/\/www.welovecycling.com\/sk\/2023\/06\/09\/rozhovor-tomas-balaz-spolocne-majstrovstva-sr-a-cr-v-cestnej-cyklistike\/#primaryimage\",\"url\":\"https:\/\/d2p6e6u75xmxt8.cloudfront.net\/4\/2023\/06\/titulka_rozhovor.webp\",\"contentUrl\":\"https:\/\/d2p6e6u75xmxt8.cloudfront.net\/4\/2023\/06\/titulka_rozhovor.webp\",\"width\":990,\"height\":660},{\"@type\":\"BreadcrumbList\",\"@id\":\"https:\/\/www.welovecycling.com\/sk\/2023\/06\/09\/rozhovor-tomas-balaz-spolocne-majstrovstva-sr-a-cr-v-cestnej-cyklistike\/#breadcrumb\",\"itemListElement\":[{\"@type\":\"ListItem\",\"position\":1,\"name\":\"Home\",\"item\":\"https:\/\/www.welovecycling.com\/sk\/\"},{\"@type\":\"ListItem\",\"position\":2,\"name\":\"Rozhovor: Tom\u00e1\u0161 Bal\u00e1\u017e &#8211; spolo\u010dn\u00e9 majstrovstv\u00e1 SR a \u010cR v cestnej cyklistike\"}]},{\"@type\":\"WebSite\",\"@id\":\"https:\/\/www.welovecycling.com\/sk\/#website\",\"url\":\"https:\/\/www.welovecycling.com\/sk\/\",\"name\":\"\u0160koda We Love Cycling Slovensko\",\"description\":\"\u0160koda We Love Cycling Slovensko je v\u00e1\u0161 ka\u017edodenn\u00fd zdroj noviniek a in\u0161pir\u00e1cie z sveta cyklistiky\",\"potentialAction\":[{\"@type\":\"SearchAction\",\"target\":{\"@type\":\"EntryPoint\",\"urlTemplate\":\"https:\/\/www.welovecycling.com\/sk\/?s={search_term_string}\"},\"query-input\":{\"@type\":\"PropertyValueSpecification\",\"valueRequired\":true,\"valueName\":\"search_term_string\"}}],\"inLanguage\":\"sk-SK\"},{\"@type\":\"Person\",\"@id\":\"https:\/\/www.welovecycling.com\/sk\/#\/schema\/person\/533b62b98b6c41bd5135ebfb1f742624\",\"name\":\"dominika\",\"image\":{\"@type\":\"ImageObject\",\"inLanguage\":\"sk-SK\",\"@id\":\"https:\/\/www.welovecycling.com\/sk\/#\/schema\/person\/image\/\",\"url\":\"https:\/\/secure.gravatar.com\/avatar\/ded6f274ba2ec3e17fff153f7d9d96a4b33c2cb63907f75d9a5309c599a7f3e6?s=96&d=mm&r=g\",\"contentUrl\":\"https:\/\/secure.gravatar.com\/avatar\/ded6f274ba2ec3e17fff153f7d9d96a4b33c2cb63907f75d9a5309c599a7f3e6?s=96&d=mm&r=g\",\"caption\":\"dominika\"},\"url\":\"https:\/\/www.welovecycling.com\/sk\/author\/dominika\/\"}]}<\/script>\n<!-- \/ Yoast SEO Premium plugin. -->","yoast_head_json":{"title":"Rozhovor: Tom\u00e1\u0161 Bal\u00e1\u017e - spolo\u010dn\u00e9 majstrovstv\u00e1 SR a \u010cR v cestnej cyklistike","description":"Tieto majstrovstv\u00e1 bud\u00fa ma\u0165 \u0161peci\u00e1lnu rozl\u00fa\u010dkov\u00fa pr\u00edchu\u0165. Porozpr\u00e1vali sme sa o nich s\u00a0organiz\u00e1torom Tom\u00e1\u0161om Bal\u00e1\u017eom.","robots":{"index":"index","follow":"follow","max-snippet":"max-snippet:-1","max-image-preview":"max-image-preview:large","max-video-preview":"max-video-preview:-1"},"canonical":"https:\/\/www.welovecycling.com\/sk\/2023\/06\/09\/rozhovor-tomas-balaz-spolocne-majstrovstva-sr-a-cr-v-cestnej-cyklistike\/","og_locale":"sk_SK","og_type":"article","og_title":"Rozhovor: Tom\u00e1\u0161 Bal\u00e1\u017e - spolo\u010dn\u00e9 majstrovstv\u00e1 SR a \u010cR v cestnej cyklistike","og_description":"Tieto majstrovstv\u00e1 bud\u00fa ma\u0165 \u0161peci\u00e1lnu rozl\u00fa\u010dkov\u00fa pr\u00edchu\u0165. Porozpr\u00e1vali sme sa o nich s\u00a0organiz\u00e1torom Tom\u00e1\u0161om Bal\u00e1\u017eom.","og_url":"https:\/\/www.welovecycling.com\/sk\/2023\/06\/09\/rozhovor-tomas-balaz-spolocne-majstrovstva-sr-a-cr-v-cestnej-cyklistike\/","og_site_name":"\u0160koda We Love Cycling Slovensko","article_published_time":"2023-06-09T08:00:48+00:00","article_modified_time":"2023-06-12T07:02:20+00:00","og_image":[{"width":990,"height":660,"url":"https:\/\/d2p6e6u75xmxt8.cloudfront.net\/4\/2023\/06\/titulka_rozhovor.webp","type":"image\/webp"}],"author":"dominika","twitter_card":"summary_large_image","twitter_misc":{"Written by":"Radovan Vr\u0161ka","Est. reading time":"4"},"schema":{"@context":"https:\/\/schema.org","@graph":[{"@type":"WebPage","@id":"https:\/\/www.welovecycling.com\/sk\/2023\/06\/09\/rozhovor-tomas-balaz-spolocne-majstrovstva-sr-a-cr-v-cestnej-cyklistike\/","url":"https:\/\/www.welovecycling.com\/sk\/2023\/06\/09\/rozhovor-tomas-balaz-spolocne-majstrovstva-sr-a-cr-v-cestnej-cyklistike\/","name":"Rozhovor: Tom\u00e1\u0161 Bal\u00e1\u017e - spolo\u010dn\u00e9 majstrovstv\u00e1 SR a \u010cR v cestnej cyklistike","isPartOf":{"@id":"https:\/\/www.welovecycling.com\/sk\/#website"},"primaryImageOfPage":{"@id":"https:\/\/www.welovecycling.com\/sk\/2023\/06\/09\/rozhovor-tomas-balaz-spolocne-majstrovstva-sr-a-cr-v-cestnej-cyklistike\/#primaryimage"},"image":{"@id":"https:\/\/www.welovecycling.com\/sk\/2023\/06\/09\/rozhovor-tomas-balaz-spolocne-majstrovstva-sr-a-cr-v-cestnej-cyklistike\/#primaryimage"},"thumbnailUrl":"https:\/\/d2p6e6u75xmxt8.cloudfront.net\/4\/2023\/06\/titulka_rozhovor.webp","datePublished":"2023-06-09T08:00:48+00:00","dateModified":"2023-06-12T07:02:20+00:00","author":{"@id":"https:\/\/www.welovecycling.com\/sk\/#\/schema\/person\/533b62b98b6c41bd5135ebfb1f742624"},"description":"Tieto majstrovstv\u00e1 bud\u00fa ma\u0165 \u0161peci\u00e1lnu rozl\u00fa\u010dkov\u00fa pr\u00edchu\u0165. Porozpr\u00e1vali sme sa o nich s\u00a0organiz\u00e1torom Tom\u00e1\u0161om Bal\u00e1\u017eom.","breadcrumb":{"@id":"https:\/\/www.welovecycling.com\/sk\/2023\/06\/09\/rozhovor-tomas-balaz-spolocne-majstrovstva-sr-a-cr-v-cestnej-cyklistike\/#breadcrumb"},"inLanguage":"sk-SK","potentialAction":[{"@type":"ReadAction","target":["https:\/\/www.welovecycling.com\/sk\/2023\/06\/09\/rozhovor-tomas-balaz-spolocne-majstrovstva-sr-a-cr-v-cestnej-cyklistike\/"]}]},{"@type":"ImageObject","inLanguage":"sk-SK","@id":"https:\/\/www.welovecycling.com\/sk\/2023\/06\/09\/rozhovor-tomas-balaz-spolocne-majstrovstva-sr-a-cr-v-cestnej-cyklistike\/#primaryimage","url":"https:\/\/d2p6e6u75xmxt8.cloudfront.net\/4\/2023\/06\/titulka_rozhovor.webp","contentUrl":"https:\/\/d2p6e6u75xmxt8.cloudfront.net\/4\/2023\/06\/titulka_rozhovor.webp","width":990,"height":660},{"@type":"BreadcrumbList","@id":"https:\/\/www.welovecycling.com\/sk\/2023\/06\/09\/rozhovor-tomas-balaz-spolocne-majstrovstva-sr-a-cr-v-cestnej-cyklistike\/#breadcrumb","itemListElement":[{"@type":"ListItem","position":1,"name":"Home","item":"https:\/\/www.welovecycling.com\/sk\/"},{"@type":"ListItem","position":2,"name":"Rozhovor: Tom\u00e1\u0161 Bal\u00e1\u017e &#8211; spolo\u010dn\u00e9 majstrovstv\u00e1 SR a \u010cR v cestnej cyklistike"}]},{"@type":"WebSite","@id":"https:\/\/www.welovecycling.com\/sk\/#website","url":"https:\/\/www.welovecycling.com\/sk\/","name":"\u0160koda We Love Cycling Slovensko","description":"\u0160koda We Love Cycling Slovensko je v\u00e1\u0161 ka\u017edodenn\u00fd zdroj noviniek a in\u0161pir\u00e1cie z sveta cyklistiky","potentialAction":[{"@type":"SearchAction","target":{"@type":"EntryPoint","urlTemplate":"https:\/\/www.welovecycling.com\/sk\/?s={search_term_string}"},"query-input":{"@type":"PropertyValueSpecification","valueRequired":true,"valueName":"search_term_string"}}],"inLanguage":"sk-SK"},{"@type":"Person","@id":"https:\/\/www.welovecycling.com\/sk\/#\/schema\/person\/533b62b98b6c41bd5135ebfb1f742624","name":"dominika","image":{"@type":"ImageObject","inLanguage":"sk-SK","@id":"https:\/\/www.welovecycling.com\/sk\/#\/schema\/person\/image\/","url":"https:\/\/secure.gravatar.com\/avatar\/ded6f274ba2ec3e17fff153f7d9d96a4b33c2cb63907f75d9a5309c599a7f3e6?s=96&d=mm&r=g","contentUrl":"https:\/\/secure.gravatar.com\/avatar\/ded6f274ba2ec3e17fff153f7d9d96a4b33c2cb63907f75d9a5309c599a7f3e6?s=96&d=mm&r=g","caption":"dominika"},"url":"https:\/\/www.welovecycling.com\/sk\/author\/dominika\/"}]}},"_links":{"self":[{"href":"https:\/\/www.welovecycling.com\/sk\/wp-json\/wp\/v2\/posts\/17616","targetHints":{"allow":["GET"]}}],"collection":[{"href":"https:\/\/www.welovecycling.com\/sk\/wp-json\/wp\/v2\/posts"}],"about":[{"href":"https:\/\/www.welovecycling.com\/sk\/wp-json\/wp\/v2\/types\/post"}],"author":[{"embeddable":true,"href":"https:\/\/www.welovecycling.com\/sk\/wp-json\/wp\/v2\/users\/172"}],"replies":[{"embeddable":true,"href":"https:\/\/www.welovecycling.com\/sk\/wp-json\/wp\/v2\/comments?post=17616"}],"version-history":[{"count":4,"href":"https:\/\/www.welovecycling.com\/sk\/wp-json\/wp\/v2\/posts\/17616\/revisions"}],"predecessor-version":[{"id":17628,"href":"https:\/\/www.welovecycling.com\/sk\/wp-json\/wp\/v2\/posts\/17616\/revisions\/17628"}],"wp:featuredmedia":[{"embeddable":true,"href":"https:\/\/www.welovecycling.com\/sk\/wp-json\/wp\/v2\/media\/17617"}],"wp:attachment":[{"href":"https:\/\/www.welovecycling.com\/sk\/wp-json\/wp\/v2\/media?parent=17616"}],"wp:term":[{"taxonomy":"category","embeddable":true,"href":"https:\/\/www.welovecycling.com\/sk\/wp-json\/wp\/v2\/categories?post=17616"},{"taxonomy":"post_tag","embeddable":true,"href":"https:\/\/www.welovecycling.com\/sk\/wp-json\/wp\/v2\/tags?post=17616"},{"taxonomy":"global-categories","embeddable":true,"href":"https:\/\/www.welovecycling.com\/sk\/wp-json\/wp\/v2\/global-categories?post=17616"}],"curies":[{"name":"wp","href":"https:\/\/api.w.org\/{rel}","templated":true}]}}