{"id":17604,"date":"2023-06-07T10:00:36","date_gmt":"2023-06-07T08:00:36","guid":{"rendered":"https:\/\/www.welovecycling.com\/sk\/?p=17604"},"modified":"2023-06-08T14:02:55","modified_gmt":"2023-06-08T12:02:55","slug":"pozvanka-skoda-mtb-cyklomaraton-topolcianky-preteky-v-tajuplnom-pohori-tribec","status":"publish","type":"post","link":"https:\/\/www.welovecycling.com\/sk\/2023\/06\/07\/pozvanka-skoda-mtb-cyklomaraton-topolcianky-preteky-v-tajuplnom-pohori-tribec\/","title":{"rendered":"Pozv\u00e1nka: \u0160KODA MTB cyklomarat\u00f3n Topo\u013e\u010dianky &#8211; preteky v tajuplnom pohor\u00ed Tribe\u010d"},"content":{"rendered":"<p><strong>4. kolo s\u00e9rie \u0160KODA BIKE OPEN TOUR sa presunie do Topo\u013e\u010dianok a my pri tom nesmieme ch\u00fdba\u0165.<\/strong> <!--more--><\/p>\n<p>24. j\u00fana budeme pokra\u010dova\u0165 v pohor\u00ed Tribe\u010d so zbieran\u00edm bodov do celkov\u00e9ho poradia v s\u00e9rii \u0160KODA BIKE OPEN TOUR.<strong> V r\u00e1mci pretekov sa uskuto\u010dn\u00ed aj Slovensk\u00fd poh\u00e1r v kateg\u00f3rii XCM.<\/strong> Po prostred\u00ed Slovensk\u00e9ho raja si tentokr\u00e1t namiesto turistick\u00fdch top\u00e1nok m\u00f4\u017eeme vychutna\u0165 napr\u00edklad degust\u00e1ciu v\u00edna. Okrem toho bude z\u00e1rukou z\u00e1bavy pre v\u0161etk\u00fdch bohat\u00fd sprievodn\u00fd program s poriadnou porciou kilometrov na tratiach.<\/p>\n<div id='gallery-1' class='gallery galleryid-17604 gallery-columns-2 gallery-size-full'><figure class='gallery-item'>\n\t\t\t<div class='gallery-icon landscape'>\n\t\t\t\t<a href='https:\/\/d2p6e6u75xmxt8.cloudfront.net\/4\/2023\/06\/02_WLC_Topolcianky.webp'><img loading=\"lazy\" decoding=\"async\" width=\"990\" height=\"660\" src=\"https:\/\/d2p6e6u75xmxt8.cloudfront.net\/4\/2023\/06\/02_WLC_Topolcianky.webp\" class=\"attachment-full size-full\" alt=\"\" srcset=\"https:\/\/d2p6e6u75xmxt8.cloudfront.net\/4\/2023\/06\/02_WLC_Topolcianky.webp 990w, https:\/\/d2p6e6u75xmxt8.cloudfront.net\/4\/2023\/06\/02_WLC_Topolcianky-300x200.webp 300w, https:\/\/d2p6e6u75xmxt8.cloudfront.net\/4\/2023\/06\/02_WLC_Topolcianky-768x512.webp 768w, https:\/\/d2p6e6u75xmxt8.cloudfront.net\/4\/2023\/06\/02_WLC_Topolcianky-400x267.webp 400w, https:\/\/d2p6e6u75xmxt8.cloudfront.net\/4\/2023\/06\/02_WLC_Topolcianky-272x182.webp 272w\" sizes=\"auto, (max-width: 990px) 100vw, 990px\" \/><\/a>\n\t\t\t<\/div><\/figure><figure class='gallery-item'>\n\t\t\t<div class='gallery-icon landscape'>\n\t\t\t\t<a href='https:\/\/d2p6e6u75xmxt8.cloudfront.net\/4\/2023\/06\/03_WLC_Topolcianky.webp'><img loading=\"lazy\" decoding=\"async\" width=\"990\" height=\"660\" src=\"https:\/\/d2p6e6u75xmxt8.cloudfront.net\/4\/2023\/06\/03_WLC_Topolcianky.webp\" class=\"attachment-full size-full\" alt=\"\" srcset=\"https:\/\/d2p6e6u75xmxt8.cloudfront.net\/4\/2023\/06\/03_WLC_Topolcianky.webp 990w, https:\/\/d2p6e6u75xmxt8.cloudfront.net\/4\/2023\/06\/03_WLC_Topolcianky-300x200.webp 300w, https:\/\/d2p6e6u75xmxt8.cloudfront.net\/4\/2023\/06\/03_WLC_Topolcianky-768x512.webp 768w, https:\/\/d2p6e6u75xmxt8.cloudfront.net\/4\/2023\/06\/03_WLC_Topolcianky-400x267.webp 400w, https:\/\/d2p6e6u75xmxt8.cloudfront.net\/4\/2023\/06\/03_WLC_Topolcianky-272x182.webp 272w\" sizes=\"auto, (max-width: 990px) 100vw, 990px\" \/><\/a>\n\t\t\t<\/div><\/figure>\n\t\t<\/div>\n\n<h2><strong>Propoz\u00edcie<\/strong><\/h2>\n<p>Cel\u00e9 podujatie sa bude kona\u0165 v are\u00e1li Tatranu Topo\u013e\u010dianky. Pretek\u00e1rov \u010dak\u00e1 kvalitn\u00e9 z\u00e1zemie so v\u0161etk\u00fdmi slu\u017ebami, ako je um\u00fdvanie bicyklov, sprchy a samozrejme dostatok parkovacieho miesta pre v\u0161etk\u00fdch. <strong>Taktie\u017e bude ma\u0165 o z\u00e1bavu postaran\u00e9 aj rodinn\u00fd doprovod, a teda deti sa nebud\u00fa nudi\u0165.<\/strong> Taktie\u017e bude mal\u00e1 v\u00fdstavn\u00e1 expo z\u00f3na od partnerov podujatia. Vyhl\u00e1senie v\u00fdsledkov prebehne po 15. hodine a potom sa m\u00f4\u017eete te\u0161i\u0165 na bohat\u00fa tombolu.<\/p>\n<p><img loading=\"lazy\" decoding=\"async\" class=\"alignnone size-full wp-image-17608\" src=\"https:\/\/d2p6e6u75xmxt8.cloudfront.net\/4\/2023\/06\/04_WLC_Topolcianky.webp\" alt=\"\" width=\"990\" height=\"660\" srcset=\"https:\/\/d2p6e6u75xmxt8.cloudfront.net\/4\/2023\/06\/04_WLC_Topolcianky.webp 990w, https:\/\/d2p6e6u75xmxt8.cloudfront.net\/4\/2023\/06\/04_WLC_Topolcianky-300x200.webp 300w, https:\/\/d2p6e6u75xmxt8.cloudfront.net\/4\/2023\/06\/04_WLC_Topolcianky-768x512.webp 768w, https:\/\/d2p6e6u75xmxt8.cloudfront.net\/4\/2023\/06\/04_WLC_Topolcianky-400x267.webp 400w, https:\/\/d2p6e6u75xmxt8.cloudfront.net\/4\/2023\/06\/04_WLC_Topolcianky-272x182.webp 272w\" sizes=\"auto, (max-width: 990px) 100vw, 990px\" \/><\/p>\n<h2><strong>Prihl\u00e1senie<\/strong><\/h2>\n<p><strong>To prebieha <a href=\"https:\/\/registrace.sportsoft.cz\/registration.aspx?e=2850&amp;lng=sk\" target=\"_blank\" rel=\"noopener\">online formou<\/a> s lacnej\u0161\u00edm \u0161tartovn\u00fdm 30 eur do 18. j\u00fana.<\/strong> Nesk\u00f4r bude suma 35 eur za \u0161tartovn\u00e9, ktor\u00e9 m\u00f4\u017eete uhradi\u0165 cez platobn\u00fa br\u00e1nu alebo pri prezent\u00e1cii. Prezent\u00e1cia pretekov bude prebieha\u0165 v piatok 23. j\u00fana od 18:00 do 20:00. V sobotu v de\u0148 pretekov od 8:00 a\u017e do pol hodiny pred \u0161tartom jednotliv\u00fdch trat\u00ed.<\/p>\n<p><img loading=\"lazy\" decoding=\"async\" class=\"alignnone size-full wp-image-17609\" src=\"https:\/\/d2p6e6u75xmxt8.cloudfront.net\/4\/2023\/06\/05WLC_Topolcianky.webp\" alt=\"\" width=\"990\" height=\"660\" srcset=\"https:\/\/d2p6e6u75xmxt8.cloudfront.net\/4\/2023\/06\/05WLC_Topolcianky.webp 990w, https:\/\/d2p6e6u75xmxt8.cloudfront.net\/4\/2023\/06\/05WLC_Topolcianky-300x200.webp 300w, https:\/\/d2p6e6u75xmxt8.cloudfront.net\/4\/2023\/06\/05WLC_Topolcianky-768x512.webp 768w, https:\/\/d2p6e6u75xmxt8.cloudfront.net\/4\/2023\/06\/05WLC_Topolcianky-400x267.webp 400w, https:\/\/d2p6e6u75xmxt8.cloudfront.net\/4\/2023\/06\/05WLC_Topolcianky-272x182.webp 272w\" sizes=\"auto, (max-width: 990px) 100vw, 990px\" \/><\/p>\n<h2><strong>Trate<\/strong><\/h2>\n<p><strong>\u010cakaj\u00fa n\u00e1s 4 trate s r\u00f4znou n\u00e1ro\u010dnos\u0165ou a porciou kilometrov.<\/strong> 66 kilometrov s prev\u00fd\u0161en\u00edm 1500 metrov prekon\u00e1me na dlhej trati. Stredn\u00e1 si pripravila 46 kilometrov s porciou 1150 metrov prev\u00fd\u0161enia a kr\u00e1tka tra\u0165 m\u00e1 450 v\u00fd\u0161kov\u00fdch metrov na d\u013a\u017eke 23 kilometrov. Kateg\u00f3ria \u0160KODA FAMILY m\u00e1 tra\u0165 s d\u013a\u017ekou 14 kilometrov a prev\u00fd\u0161en\u00edm slu\u0161n\u00fdch 270 metrov. Trate tvoria r\u00f4zne povrchy od asfaltu, lesn\u00fdch ciest a singl\u00e1\u010dov aj s nejak\u00fdmi technick\u00fdmi \u010das\u0165ami.<\/p>\n<div id='gallery-2' class='gallery galleryid-17604 gallery-columns-2 gallery-size-full'><figure class='gallery-item'>\n\t\t\t<div class='gallery-icon landscape'>\n\t\t\t\t<a href='https:\/\/d2p6e6u75xmxt8.cloudfront.net\/4\/2023\/06\/06_WLC_Topolcianky.webp'><img loading=\"lazy\" decoding=\"async\" width=\"990\" height=\"660\" src=\"https:\/\/d2p6e6u75xmxt8.cloudfront.net\/4\/2023\/06\/06_WLC_Topolcianky.webp\" class=\"attachment-full size-full\" alt=\"\" srcset=\"https:\/\/d2p6e6u75xmxt8.cloudfront.net\/4\/2023\/06\/06_WLC_Topolcianky.webp 990w, https:\/\/d2p6e6u75xmxt8.cloudfront.net\/4\/2023\/06\/06_WLC_Topolcianky-300x200.webp 300w, https:\/\/d2p6e6u75xmxt8.cloudfront.net\/4\/2023\/06\/06_WLC_Topolcianky-768x512.webp 768w, https:\/\/d2p6e6u75xmxt8.cloudfront.net\/4\/2023\/06\/06_WLC_Topolcianky-400x267.webp 400w, https:\/\/d2p6e6u75xmxt8.cloudfront.net\/4\/2023\/06\/06_WLC_Topolcianky-272x182.webp 272w\" sizes=\"auto, (max-width: 990px) 100vw, 990px\" \/><\/a>\n\t\t\t<\/div><\/figure><figure class='gallery-item'>\n\t\t\t<div class='gallery-icon landscape'>\n\t\t\t\t<a href='https:\/\/d2p6e6u75xmxt8.cloudfront.net\/4\/2023\/06\/07_WLC_Topolcianky.webp'><img loading=\"lazy\" decoding=\"async\" width=\"990\" height=\"660\" src=\"https:\/\/d2p6e6u75xmxt8.cloudfront.net\/4\/2023\/06\/07_WLC_Topolcianky.webp\" class=\"attachment-full size-full\" alt=\"\" srcset=\"https:\/\/d2p6e6u75xmxt8.cloudfront.net\/4\/2023\/06\/07_WLC_Topolcianky.webp 990w, https:\/\/d2p6e6u75xmxt8.cloudfront.net\/4\/2023\/06\/07_WLC_Topolcianky-300x200.webp 300w, https:\/\/d2p6e6u75xmxt8.cloudfront.net\/4\/2023\/06\/07_WLC_Topolcianky-768x512.webp 768w, https:\/\/d2p6e6u75xmxt8.cloudfront.net\/4\/2023\/06\/07_WLC_Topolcianky-400x267.webp 400w, https:\/\/d2p6e6u75xmxt8.cloudfront.net\/4\/2023\/06\/07_WLC_Topolcianky-272x182.webp 272w\" sizes=\"auto, (max-width: 990px) 100vw, 990px\" \/><\/a>\n\t\t\t<\/div><\/figure>\n\t\t<\/div>\n\n<h2><strong>Kateg\u00f3rie<\/strong><\/h2>\n<p><strong>Na ka\u017edej trati je ve\u013ek\u00e9 mno\u017estvo kateg\u00f3rii a v r\u00e1mci Slovensk\u00e9ho poh\u00e1ra bud\u00fa jazdci s licenciou UCI alebo SZC hodnoten\u00ed zvl\u00e1\u0161\u0165.<\/strong> Pre t\u00fdchto pretek\u00e1rov bude vyhraden\u00e1 VIP z\u00f3na, kde bud\u00fa prednostne raden\u00ed, aby nenastali zbyto\u010dn\u00e9 kol\u00edzie s ostatn\u00fdmi \u00fa\u010dastn\u00edkmi pretekov. Pre prv\u00fdch troch v absol\u00fatnom porad\u00ed s\u00fa pripraven\u00e9 aj finan\u010dn\u00e9 odmeny a taktie\u017e mo\u017enos\u0165 z\u00edska\u0165 ocenenie na horskej pr\u00e9mii Kr\u00e1\u013e a Kr\u00e1\u013eovn\u00e1 hradu Hru\u0161ov.<\/p>\n<div id='gallery-3' class='gallery galleryid-17604 gallery-columns-2 gallery-size-full'><figure class='gallery-item'>\n\t\t\t<div class='gallery-icon landscape'>\n\t\t\t\t<a href='https:\/\/d2p6e6u75xmxt8.cloudfront.net\/4\/2023\/06\/08_WLC_Topolcianky.webp'><img loading=\"lazy\" decoding=\"async\" width=\"990\" height=\"660\" src=\"https:\/\/d2p6e6u75xmxt8.cloudfront.net\/4\/2023\/06\/08_WLC_Topolcianky.webp\" class=\"attachment-full size-full\" alt=\"\" srcset=\"https:\/\/d2p6e6u75xmxt8.cloudfront.net\/4\/2023\/06\/08_WLC_Topolcianky.webp 990w, https:\/\/d2p6e6u75xmxt8.cloudfront.net\/4\/2023\/06\/08_WLC_Topolcianky-300x200.webp 300w, https:\/\/d2p6e6u75xmxt8.cloudfront.net\/4\/2023\/06\/08_WLC_Topolcianky-768x512.webp 768w, https:\/\/d2p6e6u75xmxt8.cloudfront.net\/4\/2023\/06\/08_WLC_Topolcianky-400x267.webp 400w, https:\/\/d2p6e6u75xmxt8.cloudfront.net\/4\/2023\/06\/08_WLC_Topolcianky-272x182.webp 272w\" sizes=\"auto, (max-width: 990px) 100vw, 990px\" \/><\/a>\n\t\t\t<\/div><\/figure><figure class='gallery-item'>\n\t\t\t<div class='gallery-icon landscape'>\n\t\t\t\t<a href='https:\/\/d2p6e6u75xmxt8.cloudfront.net\/4\/2023\/06\/09_WLC_Topolcianky.webp'><img loading=\"lazy\" decoding=\"async\" width=\"990\" height=\"660\" src=\"https:\/\/d2p6e6u75xmxt8.cloudfront.net\/4\/2023\/06\/09_WLC_Topolcianky.webp\" class=\"attachment-full size-full\" alt=\"\" srcset=\"https:\/\/d2p6e6u75xmxt8.cloudfront.net\/4\/2023\/06\/09_WLC_Topolcianky.webp 990w, https:\/\/d2p6e6u75xmxt8.cloudfront.net\/4\/2023\/06\/09_WLC_Topolcianky-300x200.webp 300w, https:\/\/d2p6e6u75xmxt8.cloudfront.net\/4\/2023\/06\/09_WLC_Topolcianky-768x512.webp 768w, https:\/\/d2p6e6u75xmxt8.cloudfront.net\/4\/2023\/06\/09_WLC_Topolcianky-400x267.webp 400w, https:\/\/d2p6e6u75xmxt8.cloudfront.net\/4\/2023\/06\/09_WLC_Topolcianky-272x182.webp 272w\" sizes=\"auto, (max-width: 990px) 100vw, 990px\" \/><\/a>\n\t\t\t<\/div><\/figure>\n\t\t<\/div>\n\n<h2><strong>Na z\u00e1ver<\/strong><\/h2>\n<p>Nev\u00e1hajte a prihl\u00e1ste sa na preteky v kr\u00e1snom prostred\u00ed v okol\u00ed mesta Topo\u013e\u010dianky. <strong>Okrem poriadnej porcie z\u00e1bavy na trati sa v z\u00e1zem\u00ed pretekov zabav\u00ed aj va\u0161a rodina po\u010das sprievodn\u00e9ho programu.<\/strong> Viac inform\u00e1ci\u00ed k pretekom n\u00e1jdete na <a href=\"https:\/\/www.welovecycling.com\/sk\/sbot\/topolcianky.php\" target=\"_blank\" rel=\"noopener\">na\u0161ej str\u00e1nke<\/a> a ako motiv\u00e1cia mo\u017eno posl\u00fa\u017ei  aj<a href=\"https:\/\/www.welovecycling.com\/sk\/2022\/06\/28\/reportaz-skoda-mtb-cyklomaraton-topolcianky-dejisko-majstrovstiev-slovenska\/\" target=\"_blank\" rel=\"noopener\"> report\u00e1\u017e<\/a> z minul\u00e9ho roku, kedy Topo\u013e\u010dianky hos\u0165ovali dokonca majstrovstv\u00e1 Slovenska. Te\u0161\u00edme sa na v\u00e1s.<\/p>\n","protected":false},"excerpt":{"rendered":"<p>4. kolo s\u00e9rie \u0160KODA BIKE OPEN TOUR sa presunie do Topo\u013e\u010dianok a my pri tom nesmieme ch\u00fdba\u0165.<\/p>\n","protected":false},"author":172,"featured_media":17605,"comment_status":"open","ping_status":"open","sticky":false,"template":"","format":"standard","meta":{"footnotes":""},"categories":[33],"tags":[180,1508,566,412,91,179,509,474,1557,542,35,1363,1362,355,1026,183],"global-categories":[1074],"class_list":["post-17604","post","type-post","status-publish","format-standard","has-post-thumbnail","hentry","category-sbot","tag-horska-cyklistika","tag-jun","tag-leto","tag-mtb","tag-pozvanka","tag-preteky","tag-rodina","tag-rodinny-maraton","tag-sezona-2023","tag-skoda","tag-sbot","tag-skoda-mtb-cyklomaraton-topolcianky","tag-topolcianky","tag-uci","tag-vino","tag-zabava","global-categories-cycling"],"yoast_head":"<!-- This site is optimized with the Yoast SEO Premium plugin v25.3 (Yoast SEO v25.9) - https:\/\/yoast.com\/wordpress\/plugins\/seo\/ -->\n<title>Pozv\u00e1nka: \u0160KODA MTB cyklomarat\u00f3n Topo\u013e\u010dianky - preteky v tajuplnom pohor\u00ed Tribe\u010d<\/title>\n<meta name=\"description\" content=\"4. kolo s\u00e9rie \u0160KODA BIKE OPEN TOUR sa presunie do Topo\u013e\u010dianok a my pri tom nesmieme ch\u00fdba\u0165. Pozrite sa, na \u010do sa m\u00f4\u017eete te\u0161i\u0165.\" \/>\n<meta name=\"robots\" content=\"index, follow, max-snippet:-1, max-image-preview:large, max-video-preview:-1\" \/>\n<link rel=\"canonical\" href=\"https:\/\/www.welovecycling.com\/sk\/2023\/06\/07\/pozvanka-skoda-mtb-cyklomaraton-topolcianky-preteky-v-tajuplnom-pohori-tribec\/\" \/>\n<meta property=\"og:locale\" content=\"sk_SK\" \/>\n<meta property=\"og:type\" content=\"article\" \/>\n<meta property=\"og:title\" content=\"Pozv\u00e1nka: \u0160KODA MTB cyklomarat\u00f3n Topo\u013e\u010dianky - preteky v tajuplnom pohor\u00ed Tribe\u010d\" \/>\n<meta property=\"og:description\" content=\"4. kolo s\u00e9rie \u0160KODA BIKE OPEN TOUR sa presunie do Topo\u013e\u010dianok a my pri tom nesmieme ch\u00fdba\u0165. Pozrite sa, na \u010do sa m\u00f4\u017eete te\u0161i\u0165.\" \/>\n<meta property=\"og:url\" content=\"https:\/\/www.welovecycling.com\/sk\/2023\/06\/07\/pozvanka-skoda-mtb-cyklomaraton-topolcianky-preteky-v-tajuplnom-pohori-tribec\/\" \/>\n<meta property=\"og:site_name\" content=\"\u0160koda We Love Cycling Slovensko\" \/>\n<meta property=\"article:published_time\" content=\"2023-06-07T08:00:36+00:00\" \/>\n<meta property=\"article:modified_time\" content=\"2023-06-08T12:02:55+00:00\" \/>\n<meta property=\"og:image\" content=\"https:\/\/d2p6e6u75xmxt8.cloudfront.net\/4\/2023\/06\/01_WLC_Topolcianky.webp\" \/>\n\t<meta property=\"og:image:width\" content=\"990\" \/>\n\t<meta property=\"og:image:height\" content=\"660\" \/>\n\t<meta property=\"og:image:type\" content=\"image\/webp\" \/>\n<meta name=\"author\" content=\"dominika\" \/>\n<meta name=\"twitter:card\" content=\"summary_large_image\" \/>\n<meta name=\"twitter:label1\" content=\"Written by\" \/>\n\t<meta name=\"twitter:data1\" content=\"We Love Cycling\" \/>\n\t<meta name=\"twitter:label2\" content=\"Est. reading time\" \/>\n\t<meta name=\"twitter:data2\" content=\"2\" \/>\n<script type=\"application\/ld+json\" class=\"yoast-schema-graph\">{\"@context\":\"https:\/\/schema.org\",\"@graph\":[{\"@type\":\"WebPage\",\"@id\":\"https:\/\/www.welovecycling.com\/sk\/2023\/06\/07\/pozvanka-skoda-mtb-cyklomaraton-topolcianky-preteky-v-tajuplnom-pohori-tribec\/\",\"url\":\"https:\/\/www.welovecycling.com\/sk\/2023\/06\/07\/pozvanka-skoda-mtb-cyklomaraton-topolcianky-preteky-v-tajuplnom-pohori-tribec\/\",\"name\":\"Pozv\u00e1nka: \u0160KODA MTB cyklomarat\u00f3n Topo\u013e\u010dianky - preteky v tajuplnom pohor\u00ed Tribe\u010d\",\"isPartOf\":{\"@id\":\"https:\/\/www.welovecycling.com\/sk\/#website\"},\"primaryImageOfPage\":{\"@id\":\"https:\/\/www.welovecycling.com\/sk\/2023\/06\/07\/pozvanka-skoda-mtb-cyklomaraton-topolcianky-preteky-v-tajuplnom-pohori-tribec\/#primaryimage\"},\"image\":{\"@id\":\"https:\/\/www.welovecycling.com\/sk\/2023\/06\/07\/pozvanka-skoda-mtb-cyklomaraton-topolcianky-preteky-v-tajuplnom-pohori-tribec\/#primaryimage\"},\"thumbnailUrl\":\"https:\/\/d2p6e6u75xmxt8.cloudfront.net\/4\/2023\/06\/01_WLC_Topolcianky.webp\",\"datePublished\":\"2023-06-07T08:00:36+00:00\",\"dateModified\":\"2023-06-08T12:02:55+00:00\",\"author\":{\"@id\":\"https:\/\/www.welovecycling.com\/sk\/#\/schema\/person\/533b62b98b6c41bd5135ebfb1f742624\"},\"description\":\"4. kolo s\u00e9rie \u0160KODA BIKE OPEN TOUR sa presunie do Topo\u013e\u010dianok a my pri tom nesmieme ch\u00fdba\u0165. Pozrite sa, na \u010do sa m\u00f4\u017eete te\u0161i\u0165.\",\"breadcrumb\":{\"@id\":\"https:\/\/www.welovecycling.com\/sk\/2023\/06\/07\/pozvanka-skoda-mtb-cyklomaraton-topolcianky-preteky-v-tajuplnom-pohori-tribec\/#breadcrumb\"},\"inLanguage\":\"sk-SK\",\"potentialAction\":[{\"@type\":\"ReadAction\",\"target\":[\"https:\/\/www.welovecycling.com\/sk\/2023\/06\/07\/pozvanka-skoda-mtb-cyklomaraton-topolcianky-preteky-v-tajuplnom-pohori-tribec\/\"]}]},{\"@type\":\"ImageObject\",\"inLanguage\":\"sk-SK\",\"@id\":\"https:\/\/www.welovecycling.com\/sk\/2023\/06\/07\/pozvanka-skoda-mtb-cyklomaraton-topolcianky-preteky-v-tajuplnom-pohori-tribec\/#primaryimage\",\"url\":\"https:\/\/d2p6e6u75xmxt8.cloudfront.net\/4\/2023\/06\/01_WLC_Topolcianky.webp\",\"contentUrl\":\"https:\/\/d2p6e6u75xmxt8.cloudfront.net\/4\/2023\/06\/01_WLC_Topolcianky.webp\",\"width\":990,\"height\":660},{\"@type\":\"BreadcrumbList\",\"@id\":\"https:\/\/www.welovecycling.com\/sk\/2023\/06\/07\/pozvanka-skoda-mtb-cyklomaraton-topolcianky-preteky-v-tajuplnom-pohori-tribec\/#breadcrumb\",\"itemListElement\":[{\"@type\":\"ListItem\",\"position\":1,\"name\":\"Home\",\"item\":\"https:\/\/www.welovecycling.com\/sk\/\"},{\"@type\":\"ListItem\",\"position\":2,\"name\":\"Pozv\u00e1nka: \u0160KODA MTB cyklomarat\u00f3n Topo\u013e\u010dianky &#8211; preteky v tajuplnom pohor\u00ed Tribe\u010d\"}]},{\"@type\":\"WebSite\",\"@id\":\"https:\/\/www.welovecycling.com\/sk\/#website\",\"url\":\"https:\/\/www.welovecycling.com\/sk\/\",\"name\":\"\u0160koda We Love Cycling Slovensko\",\"description\":\"\u0160koda We Love Cycling Slovensko je v\u00e1\u0161 ka\u017edodenn\u00fd zdroj noviniek a in\u0161pir\u00e1cie z sveta cyklistiky\",\"potentialAction\":[{\"@type\":\"SearchAction\",\"target\":{\"@type\":\"EntryPoint\",\"urlTemplate\":\"https:\/\/www.welovecycling.com\/sk\/?s={search_term_string}\"},\"query-input\":{\"@type\":\"PropertyValueSpecification\",\"valueRequired\":true,\"valueName\":\"search_term_string\"}}],\"inLanguage\":\"sk-SK\"},{\"@type\":\"Person\",\"@id\":\"https:\/\/www.welovecycling.com\/sk\/#\/schema\/person\/533b62b98b6c41bd5135ebfb1f742624\",\"name\":\"dominika\",\"image\":{\"@type\":\"ImageObject\",\"inLanguage\":\"sk-SK\",\"@id\":\"https:\/\/www.welovecycling.com\/sk\/#\/schema\/person\/image\/\",\"url\":\"https:\/\/secure.gravatar.com\/avatar\/ded6f274ba2ec3e17fff153f7d9d96a4b33c2cb63907f75d9a5309c599a7f3e6?s=96&d=mm&r=g\",\"contentUrl\":\"https:\/\/secure.gravatar.com\/avatar\/ded6f274ba2ec3e17fff153f7d9d96a4b33c2cb63907f75d9a5309c599a7f3e6?s=96&d=mm&r=g\",\"caption\":\"dominika\"},\"url\":\"https:\/\/www.welovecycling.com\/sk\/author\/dominika\/\"}]}<\/script>\n<!-- \/ Yoast SEO Premium plugin. -->","yoast_head_json":{"title":"Pozv\u00e1nka: \u0160KODA MTB cyklomarat\u00f3n Topo\u013e\u010dianky - preteky v tajuplnom pohor\u00ed Tribe\u010d","description":"4. kolo s\u00e9rie \u0160KODA BIKE OPEN TOUR sa presunie do Topo\u013e\u010dianok a my pri tom nesmieme ch\u00fdba\u0165. Pozrite sa, na \u010do sa m\u00f4\u017eete te\u0161i\u0165.","robots":{"index":"index","follow":"follow","max-snippet":"max-snippet:-1","max-image-preview":"max-image-preview:large","max-video-preview":"max-video-preview:-1"},"canonical":"https:\/\/www.welovecycling.com\/sk\/2023\/06\/07\/pozvanka-skoda-mtb-cyklomaraton-topolcianky-preteky-v-tajuplnom-pohori-tribec\/","og_locale":"sk_SK","og_type":"article","og_title":"Pozv\u00e1nka: \u0160KODA MTB cyklomarat\u00f3n Topo\u013e\u010dianky - preteky v tajuplnom pohor\u00ed Tribe\u010d","og_description":"4. kolo s\u00e9rie \u0160KODA BIKE OPEN TOUR sa presunie do Topo\u013e\u010dianok a my pri tom nesmieme ch\u00fdba\u0165. Pozrite sa, na \u010do sa m\u00f4\u017eete te\u0161i\u0165.","og_url":"https:\/\/www.welovecycling.com\/sk\/2023\/06\/07\/pozvanka-skoda-mtb-cyklomaraton-topolcianky-preteky-v-tajuplnom-pohori-tribec\/","og_site_name":"\u0160koda We Love Cycling Slovensko","article_published_time":"2023-06-07T08:00:36+00:00","article_modified_time":"2023-06-08T12:02:55+00:00","og_image":[{"width":990,"height":660,"url":"https:\/\/d2p6e6u75xmxt8.cloudfront.net\/4\/2023\/06\/01_WLC_Topolcianky.webp","type":"image\/webp"}],"author":"dominika","twitter_card":"summary_large_image","twitter_misc":{"Written by":"We Love Cycling","Est. reading time":"2"},"schema":{"@context":"https:\/\/schema.org","@graph":[{"@type":"WebPage","@id":"https:\/\/www.welovecycling.com\/sk\/2023\/06\/07\/pozvanka-skoda-mtb-cyklomaraton-topolcianky-preteky-v-tajuplnom-pohori-tribec\/","url":"https:\/\/www.welovecycling.com\/sk\/2023\/06\/07\/pozvanka-skoda-mtb-cyklomaraton-topolcianky-preteky-v-tajuplnom-pohori-tribec\/","name":"Pozv\u00e1nka: \u0160KODA MTB cyklomarat\u00f3n Topo\u013e\u010dianky - preteky v tajuplnom pohor\u00ed Tribe\u010d","isPartOf":{"@id":"https:\/\/www.welovecycling.com\/sk\/#website"},"primaryImageOfPage":{"@id":"https:\/\/www.welovecycling.com\/sk\/2023\/06\/07\/pozvanka-skoda-mtb-cyklomaraton-topolcianky-preteky-v-tajuplnom-pohori-tribec\/#primaryimage"},"image":{"@id":"https:\/\/www.welovecycling.com\/sk\/2023\/06\/07\/pozvanka-skoda-mtb-cyklomaraton-topolcianky-preteky-v-tajuplnom-pohori-tribec\/#primaryimage"},"thumbnailUrl":"https:\/\/d2p6e6u75xmxt8.cloudfront.net\/4\/2023\/06\/01_WLC_Topolcianky.webp","datePublished":"2023-06-07T08:00:36+00:00","dateModified":"2023-06-08T12:02:55+00:00","author":{"@id":"https:\/\/www.welovecycling.com\/sk\/#\/schema\/person\/533b62b98b6c41bd5135ebfb1f742624"},"description":"4. kolo s\u00e9rie \u0160KODA BIKE OPEN TOUR sa presunie do Topo\u013e\u010dianok a my pri tom nesmieme ch\u00fdba\u0165. Pozrite sa, na \u010do sa m\u00f4\u017eete te\u0161i\u0165.","breadcrumb":{"@id":"https:\/\/www.welovecycling.com\/sk\/2023\/06\/07\/pozvanka-skoda-mtb-cyklomaraton-topolcianky-preteky-v-tajuplnom-pohori-tribec\/#breadcrumb"},"inLanguage":"sk-SK","potentialAction":[{"@type":"ReadAction","target":["https:\/\/www.welovecycling.com\/sk\/2023\/06\/07\/pozvanka-skoda-mtb-cyklomaraton-topolcianky-preteky-v-tajuplnom-pohori-tribec\/"]}]},{"@type":"ImageObject","inLanguage":"sk-SK","@id":"https:\/\/www.welovecycling.com\/sk\/2023\/06\/07\/pozvanka-skoda-mtb-cyklomaraton-topolcianky-preteky-v-tajuplnom-pohori-tribec\/#primaryimage","url":"https:\/\/d2p6e6u75xmxt8.cloudfront.net\/4\/2023\/06\/01_WLC_Topolcianky.webp","contentUrl":"https:\/\/d2p6e6u75xmxt8.cloudfront.net\/4\/2023\/06\/01_WLC_Topolcianky.webp","width":990,"height":660},{"@type":"BreadcrumbList","@id":"https:\/\/www.welovecycling.com\/sk\/2023\/06\/07\/pozvanka-skoda-mtb-cyklomaraton-topolcianky-preteky-v-tajuplnom-pohori-tribec\/#breadcrumb","itemListElement":[{"@type":"ListItem","position":1,"name":"Home","item":"https:\/\/www.welovecycling.com\/sk\/"},{"@type":"ListItem","position":2,"name":"Pozv\u00e1nka: \u0160KODA MTB cyklomarat\u00f3n Topo\u013e\u010dianky &#8211; preteky v tajuplnom pohor\u00ed Tribe\u010d"}]},{"@type":"WebSite","@id":"https:\/\/www.welovecycling.com\/sk\/#website","url":"https:\/\/www.welovecycling.com\/sk\/","name":"\u0160koda We Love Cycling Slovensko","description":"\u0160koda We Love Cycling Slovensko je v\u00e1\u0161 ka\u017edodenn\u00fd zdroj noviniek a in\u0161pir\u00e1cie z sveta cyklistiky","potentialAction":[{"@type":"SearchAction","target":{"@type":"EntryPoint","urlTemplate":"https:\/\/www.welovecycling.com\/sk\/?s={search_term_string}"},"query-input":{"@type":"PropertyValueSpecification","valueRequired":true,"valueName":"search_term_string"}}],"inLanguage":"sk-SK"},{"@type":"Person","@id":"https:\/\/www.welovecycling.com\/sk\/#\/schema\/person\/533b62b98b6c41bd5135ebfb1f742624","name":"dominika","image":{"@type":"ImageObject","inLanguage":"sk-SK","@id":"https:\/\/www.welovecycling.com\/sk\/#\/schema\/person\/image\/","url":"https:\/\/secure.gravatar.com\/avatar\/ded6f274ba2ec3e17fff153f7d9d96a4b33c2cb63907f75d9a5309c599a7f3e6?s=96&d=mm&r=g","contentUrl":"https:\/\/secure.gravatar.com\/avatar\/ded6f274ba2ec3e17fff153f7d9d96a4b33c2cb63907f75d9a5309c599a7f3e6?s=96&d=mm&r=g","caption":"dominika"},"url":"https:\/\/www.welovecycling.com\/sk\/author\/dominika\/"}]}},"_links":{"self":[{"href":"https:\/\/www.welovecycling.com\/sk\/wp-json\/wp\/v2\/posts\/17604","targetHints":{"allow":["GET"]}}],"collection":[{"href":"https:\/\/www.welovecycling.com\/sk\/wp-json\/wp\/v2\/posts"}],"about":[{"href":"https:\/\/www.welovecycling.com\/sk\/wp-json\/wp\/v2\/types\/post"}],"author":[{"embeddable":true,"href":"https:\/\/www.welovecycling.com\/sk\/wp-json\/wp\/v2\/users\/172"}],"replies":[{"embeddable":true,"href":"https:\/\/www.welovecycling.com\/sk\/wp-json\/wp\/v2\/comments?post=17604"}],"version-history":[{"count":6,"href":"https:\/\/www.welovecycling.com\/sk\/wp-json\/wp\/v2\/posts\/17604\/revisions"}],"predecessor-version":[{"id":17639,"href":"https:\/\/www.welovecycling.com\/sk\/wp-json\/wp\/v2\/posts\/17604\/revisions\/17639"}],"wp:featuredmedia":[{"embeddable":true,"href":"https:\/\/www.welovecycling.com\/sk\/wp-json\/wp\/v2\/media\/17605"}],"wp:attachment":[{"href":"https:\/\/www.welovecycling.com\/sk\/wp-json\/wp\/v2\/media?parent=17604"}],"wp:term":[{"taxonomy":"category","embeddable":true,"href":"https:\/\/www.welovecycling.com\/sk\/wp-json\/wp\/v2\/categories?post=17604"},{"taxonomy":"post_tag","embeddable":true,"href":"https:\/\/www.welovecycling.com\/sk\/wp-json\/wp\/v2\/tags?post=17604"},{"taxonomy":"global-categories","embeddable":true,"href":"https:\/\/www.welovecycling.com\/sk\/wp-json\/wp\/v2\/global-categories?post=17604"}],"curies":[{"name":"wp","href":"https:\/\/api.w.org\/{rel}","templated":true}]}}