{"id":17567,"date":"2023-06-01T13:13:19","date_gmt":"2023-06-01T11:13:19","guid":{"rendered":"https:\/\/www.welovecycling.com\/sk\/?p=17567"},"modified":"2023-06-01T14:49:09","modified_gmt":"2023-06-01T12:49:09","slug":"rozhovor-juraj-janosik-stupavsky-maraton","status":"publish","type":"post","link":"https:\/\/www.welovecycling.com\/sk\/2023\/06\/01\/rozhovor-juraj-janosik-stupavsky-maraton\/","title":{"rendered":"Rozhovor: Juraj J\u00e1no\u0161\u00edk &#8211; Stupavsk\u00fd marat\u00f3n"},"content":{"rendered":"<p><strong>Mal\u00e9 Karpaty maj\u00fa svoje \u010daro a vedia o tom aj organiz\u00e1tori <a href=\"http:\/\/www.stupavskymaraton.sk\/\">Stupavsk\u00e9ho marat\u00f3nu<\/a>, preto\u017ee o tieto preteky je ka\u017edoro\u010dne ve\u013ek\u00fd z\u00e1ujem. Vyspovedal som Juraja J\u00e1no\u0161\u00edka, ktor\u00fd m\u00e1 okrem kr\u00e1sneho slovensk\u00e9ho mena na starosti organiz\u00e1ciu marat\u00f3nu. Tento rok sa bude kona\u0165 17. &#8211; 18. 6. a pripraven\u00e9 s\u00fa klasicky tri trate: 25 km, 42 km a 76 km.<\/strong><!--more--><\/p>\n<p><b>Dobr\u00fd de\u0148 Juraj, ko\u013ek\u00fd ro\u010dn\u00edk marat\u00f3nu sa tento rok kon\u00e1?<br \/>\n<\/b><em><span style=\"font-weight: 400;\">V&nbsp;prvom rade chcem pozdravi\u0165 v\u0161etk\u00fdch fan\u00fa\u0161ikov horskej cyklistiky. Tento rok je to u\u017e 19. ro\u010dn\u00edk.<\/span><\/em><\/p>\n<p><b>Ak\u00e9 boli za\u010diatky? Ako vznikol prvotn\u00fd n\u00e1pad na organizovanie marat\u00f3nu?<br \/>\n<\/b><em><span style=\"font-weight: 400;\">N\u00e1pad bol od m\u00f4jho kamar\u00e1ta Rada, ktor\u00fd prv\u00e9 3. ro\u010dn\u00edky organizoval s\u00e1m a&nbsp;ja som len pom\u00e1hal nakr\u00faca\u0165 kamerami pam\u00e4tn\u00fd film z&nbsp;pretekov.<\/span><\/em><\/p>\n<p><b>Organiz\u00e1cia marat\u00f3nu je ur\u010dite finan\u010dne n\u00e1ro\u010dn\u00e1, d\u00e1 sa to zvl\u00e1da\u0165 aj v s\u00fa\u010dasnej dobe?<br \/>\n<\/b><b><\/b><em><span style=\"font-weight: 400;\">Vieme, ak\u00e1 je moment\u00e1lna situ\u00e1cia vo svete \u2639 a od toho sa odv\u00edja aj finan\u010dn\u00e1 organiz\u00e1cia.&nbsp;<\/span><span style=\"font-weight: 400;\">Bez podpory sponzorov by sa to nedalo zorganizova\u0165 na takej \u00farovni a z&nbsp;v\u00fd\u0161ky \u0161tartovn\u00e9ho ak\u00e1 aktu\u00e1lne je.<\/span><\/em><\/p>\n<p><b>Dalo by sa v&nbsp;skratke pop\u00edsa\u0165, \u010do v\u0161etko je potrebn\u00e9 vybavi\u0165 a&nbsp;zariadi\u0165, aby tak\u00fd marat\u00f3n mohol v\u00f4bec vznikn\u00fa\u0165?<br \/>\n<\/b><em><span style=\"font-weight: 400;\">Hmmm, toho je ve\u013ea, no pok\u00fasim sa v&nbsp;skratke nap\u00edsa\u0165, \u010do mi v&nbsp;tejto chv\u00edli napadne:<\/span><\/em><\/p>\n<ul>\n<li><em><span style=\"font-weight: 400;\">Oslovi\u0165 partnerov podujatia<\/span><\/em><\/li>\n<li><em><span style=\"font-weight: 400;\">Aktualizova\u0165 webov\u00fa str\u00e1nku<\/span><\/em><\/li>\n<li><em><span style=\"font-weight: 400;\">Spusti\u0165 online registra\u010dn\u00fd syst\u00e9m<\/span><\/em><\/li>\n<li><em><span style=\"font-weight: 400;\">Vyrobi\u0165 grafick\u00fa propag\u00e1ciu<\/span><\/em><\/li>\n<li><em><span style=\"font-weight: 400;\">Da\u0165 dokopy organiza\u010dn\u00e9 t\u00edmy<\/span><\/em><\/li>\n<li><em><em><span style=\"font-weight: 400;\">Objedna\u0165 zdravotn\u00fa slu\u017ebu, meranie \u010dasov, p\u00f3dium, moder\u00e1tor, strava pre pretek\u00e1rov, ob\u010derstvovacie stanice na trati, regulov\u010d\u00edci na trati, zna\u010denie a odzna\u010denie trat\u00ed, rozvoz regulov\u010d\u00edkov, registr\u00e1cia na mieste \u0161tartu, stavba are\u00e1lu, ve\u013ea povolen\u00ed, toalety, pitn\u00fd re\u017eim, st\u00e1nky s ob\u010derstven\u00edm pre n\u00e1v\u0161tevn\u00edkov, \u00faschov\u0148a a um\u00fdvanie bicyklov, at\u010f&#8230;<\/span><\/em><\/em><\/li>\n<\/ul>\n<figure id=\"attachment_17570\" aria-describedby=\"caption-attachment-17570\" style=\"width: 990px\" class=\"wp-caption alignnone\"><img loading=\"lazy\" decoding=\"async\" class=\"size-full wp-image-17570\" src=\"https:\/\/d2p6e6u75xmxt8.cloudfront.net\/4\/2023\/05\/01-6.webp\" alt=\"\" width=\"990\" height=\"660\" srcset=\"https:\/\/d2p6e6u75xmxt8.cloudfront.net\/4\/2023\/05\/01-6.webp 990w, https:\/\/d2p6e6u75xmxt8.cloudfront.net\/4\/2023\/05\/01-6-300x200.webp 300w, https:\/\/d2p6e6u75xmxt8.cloudfront.net\/4\/2023\/05\/01-6-768x512.webp 768w, https:\/\/d2p6e6u75xmxt8.cloudfront.net\/4\/2023\/05\/01-6-400x267.webp 400w, https:\/\/d2p6e6u75xmxt8.cloudfront.net\/4\/2023\/05\/01-6-272x182.webp 272w\" sizes=\"auto, (max-width: 990px) 100vw, 990px\" \/><figcaption id=\"caption-attachment-17570\" class=\"wp-caption-text\">Organiz\u00e1tor Juraj J\u00e1no\u0161\u00edk sa ob\u010das akt\u00edvne z\u00fa\u010dastn\u00ed na pretekoch, aby mohol pos\u00fadi\u0165 kvalitu zna\u010denia, ob\u010derstvova\u010diek a odstr\u00e1ni\u0165 pr\u00edpadne nedostatky.<\/figcaption><\/figure>\n<p><b><br \/>\nJe n\u00e1ro\u010dn\u00e9 ka\u017edoro\u010dne oslovi\u0165 a n\u00e1js\u0165 reklamn\u00fdch partnerov?<br \/>\n<\/b><em><span style=\"font-weight: 400;\">\u00c1no je, v&nbsp;dne\u0161nej dobe ur\u010dite. Ve\u013ea podujat\u00ed sa na Slovensku sa zru\u0161ilo, a&nbsp;v\u00e1\u017eime si, \u017ee \u0160KODA n\u00e1s zastre\u0161uje ako gener\u00e1lny partner a&nbsp;m\u00e1me rados\u0165 samozrejme aj z ostatn\u00fdch partnerov.<\/span><\/em><\/p>\n<p><b>Marat\u00f3n je organizovan\u00fd pod z\u00e1\u0161titou prim\u00e1tora mesta Stupava. Akou formou mesto poskytuje pomoc?<br \/>\n<\/b><em><span style=\"font-weight: 400;\">Sme radi, \u017ee mesto Stupava sa akt\u00edvne zap\u00e1ja do n\u00e1\u0161ho projektu a&nbsp;to finan\u010dnou podporou, ale napr\u00edklad aj pomocou od technick\u00fdch slu\u017eieb, ktor\u00e9 vykosia are\u00e1l podujatia a&nbsp;zabezpe\u010dia v\u00fdvoz odpadu. Okrem toho prim\u00e1tor mesta Stupava ka\u017edoro\u010dne \u0161tartuje pretek\u00e1rov. V\u00fdrazne n\u00e1m ka\u017edoro\u010dne pom\u00e1ha aj starosta mestskej \u010dasti Z\u00e1horsk\u00e1 Bystrica.<\/span><\/em><\/p>\n<p><img loading=\"lazy\" decoding=\"async\" class=\"alignnone size-full wp-image-17571\" src=\"https:\/\/d2p6e6u75xmxt8.cloudfront.net\/4\/2023\/05\/02-6.webp\" alt=\"\" width=\"990\" height=\"660\" srcset=\"https:\/\/d2p6e6u75xmxt8.cloudfront.net\/4\/2023\/05\/02-6.webp 990w, https:\/\/d2p6e6u75xmxt8.cloudfront.net\/4\/2023\/05\/02-6-300x200.webp 300w, https:\/\/d2p6e6u75xmxt8.cloudfront.net\/4\/2023\/05\/02-6-768x512.webp 768w, https:\/\/d2p6e6u75xmxt8.cloudfront.net\/4\/2023\/05\/02-6-400x267.webp 400w, https:\/\/d2p6e6u75xmxt8.cloudfront.net\/4\/2023\/05\/02-6-272x182.webp 272w\" sizes=\"auto, (max-width: 990px) 100vw, 990px\" \/><\/p>\n<p><b><br \/>\nMarat\u00f3n je ka\u017edoro\u010dne s\u00fa\u010das\u0165ou \u017dupn\u00e9ho poh\u00e1ra, \u010do je vlastne s\u00e9ria cyklistick\u00fdch pretekov v&nbsp;Bratislavskom kraji. Ko\u013eko pretekov je v&nbsp;r\u00e1mci s\u00e9rie tento rok?<br \/>\n<\/b><em><span style=\"font-weight: 400;\">Je to jedine\u010dn\u00fd \u0161portov\u00fd projekt, ktor\u00e9ho cie\u013eom je nielen dobre si za\u0161portova\u0165 a zas\u00fa\u0165a\u017ei\u0165, ale svojou \u00fa\u010das\u0165ou z\u00e1rove\u0148 podpori\u0165 a propagova\u0165 Bratislavsk\u00fd samospr\u00e1vny kraj. \u017dupn\u00fd poh\u00e1r je ur\u010den\u00fd pre v\u0161etk\u00fdch milovn\u00edkov cyklistiky, ktor\u00ed maj\u00fa radi akt\u00edvny \u017eivotn\u00fd \u0161t\u00fdl a chc\u00fa nie\u010do urobi\u0165 pre seba i pre in\u00fdch. Tento rok je v&nbsp;s\u00e9rii 6 pretekov, z&nbsp;toho 2 organizujeme my.<\/span><\/em><\/p>\n<p><b>Sledujete podobn\u00e9 marat\u00f3ny aj v zahrani\u010d\u00ed? \u010co by ste aplikovali u n\u00e1s?<br \/>\n<\/b><em><span style=\"font-weight: 400;\">\u00c1no, in\u0161pirujeme sa aj pretekmi zo zahrani\u010dia, ale niektor\u00e9 veci sa nedaj\u00fa realizova\u0165 vzh\u013eadom na finan\u010dn\u00fa n\u00e1ro\u010dnos\u0165. Napr\u00edklad ve\u013ekoplo\u0161n\u00e1 obrazovka a prenos videa cez internet.<\/span><\/em><\/p>\n<p><b>Pre \u00fa\u010dastn\u00edkov poskytujete str\u00e1\u017een\u00e9 parkovisko pre bicykle, ale aj um\u00fdvanie bicyklov. Pl\u00e1nujete aj nejak\u00e9 \u010fal\u0161ie novinky, ktor\u00e9 zlep\u0161ia pohodlie pretek\u00e1rov tento rok?<br \/>\n<\/b><em><span style=\"font-weight: 400;\">Ka\u017ed\u00fd rok sa sna\u017e\u00edme zohna\u0165 \u010do najviac financi\u00ed od sponzorov, aby sme mohli zabezpe\u010di\u0165 aj sprievodn\u00fd program pre pretek\u00e1rov a&nbsp;n\u00e1v\u0161tevn\u00edkov, ako aj atrakcie v&nbsp;are\u00e1li podujatia.<\/span><\/em><\/p>\n<p><img loading=\"lazy\" decoding=\"async\" class=\"alignnone size-full wp-image-17572\" src=\"https:\/\/d2p6e6u75xmxt8.cloudfront.net\/4\/2023\/05\/03-6.webp\" alt=\"cyklista id\u00faci cez kalu\u017e\" width=\"990\" height=\"660\" srcset=\"https:\/\/d2p6e6u75xmxt8.cloudfront.net\/4\/2023\/05\/03-6.webp 990w, https:\/\/d2p6e6u75xmxt8.cloudfront.net\/4\/2023\/05\/03-6-300x200.webp 300w, https:\/\/d2p6e6u75xmxt8.cloudfront.net\/4\/2023\/05\/03-6-768x512.webp 768w, https:\/\/d2p6e6u75xmxt8.cloudfront.net\/4\/2023\/05\/03-6-400x267.webp 400w, https:\/\/d2p6e6u75xmxt8.cloudfront.net\/4\/2023\/05\/03-6-272x182.webp 272w\" sizes=\"auto, (max-width: 990px) 100vw, 990px\" \/><\/p>\n<p><b><br \/>\nAk\u00e9 percento pretek\u00e1rov sa prihl\u00e1si online v&nbsp;porovnan\u00ed s&nbsp;t\u00fdmi, ktor\u00ed sa registruj\u00fa a\u017e na mieste?<br \/>\n<\/b><em><span style=\"font-weight: 400;\">V\u00e4\u010d\u0161inou pr\u00edde na \u0161tart tak\u00fd po\u010det pretek\u00e1rov, ko\u013eko sa ich prihl\u00e1si online. T\u00fdch, ktor\u00ed s\u00fa prihl\u00e1sen\u00ed online a&nbsp;nepr\u00eddu, nahradia pretek\u00e1ri, ktor\u00ed pr\u00eddu priamo na miesto \u0161tartu.<\/span><\/em><\/p>\n<p><b>Trofeje pre v\u00ed\u0165azov s\u00fa kr\u00e1sne prevodn\u00edky, ako vznikol tento n\u00e1pad?<br \/>\n<\/b><em><span style=\"font-weight: 400;\">Kamar\u00e1t Roman sa za\u010dal venova\u0165 popri pr\u00e1ci v\u00fdrobe trofej\u00ed a&nbsp;my jeho n\u00e1pad pos\u00favame pretek\u00e1rom prostredn\u00edctvom origin\u00e1lnych trofej\u00ed pre v\u00ed\u0165azov.<\/span><\/em><\/p>\n<p><img loading=\"lazy\" decoding=\"async\" class=\"alignnone size-full wp-image-17584\" src=\"https:\/\/d2p6e6u75xmxt8.cloudfront.net\/4\/2023\/06\/trofeje2.webp\" alt=\"\" width=\"990\" height=\"660\" srcset=\"https:\/\/d2p6e6u75xmxt8.cloudfront.net\/4\/2023\/06\/trofeje2.webp 990w, https:\/\/d2p6e6u75xmxt8.cloudfront.net\/4\/2023\/06\/trofeje2-300x200.webp 300w, https:\/\/d2p6e6u75xmxt8.cloudfront.net\/4\/2023\/06\/trofeje2-768x512.webp 768w, https:\/\/d2p6e6u75xmxt8.cloudfront.net\/4\/2023\/06\/trofeje2-400x267.webp 400w, https:\/\/d2p6e6u75xmxt8.cloudfront.net\/4\/2023\/06\/trofeje2-272x182.webp 272w\" sizes=\"auto, (max-width: 990px) 100vw, 990px\" \/><\/p>\n<p><b>Po hlavnom cyklistickom marat\u00f3ne sa ka\u017edoro\u010dne konaj\u00fa aj be\u017eeck\u00e9 preteky a&nbsp;detsk\u00fd marat\u00f3n. Bolo to tak od za\u010diatku?<br \/>\n<\/b><em><span style=\"font-weight: 400;\">Detsk\u00e9 preteky organizujeme 14 rokov, a&nbsp;be\u017eeck\u00e9 preteky 12 rokov.<\/span><\/em><\/p>\n<p><img loading=\"lazy\" decoding=\"async\" class=\"alignnone size-full wp-image-17573\" src=\"https:\/\/d2p6e6u75xmxt8.cloudfront.net\/4\/2023\/05\/04-5.webp\" alt=\"cyklisti v lese\" width=\"990\" height=\"660\" srcset=\"https:\/\/d2p6e6u75xmxt8.cloudfront.net\/4\/2023\/05\/04-5.webp 990w, https:\/\/d2p6e6u75xmxt8.cloudfront.net\/4\/2023\/05\/04-5-300x200.webp 300w, https:\/\/d2p6e6u75xmxt8.cloudfront.net\/4\/2023\/05\/04-5-768x512.webp 768w, https:\/\/d2p6e6u75xmxt8.cloudfront.net\/4\/2023\/05\/04-5-400x267.webp 400w, https:\/\/d2p6e6u75xmxt8.cloudfront.net\/4\/2023\/05\/04-5-272x182.webp 272w\" sizes=\"auto, (max-width: 990px) 100vw, 990px\" \/><\/p>\n<p><b><br \/>\nTento rok ste pridali nov\u00fa 42 km tra\u0165 pre ebiky. Bolo to z&nbsp;d\u00f4vodu st\u00fapaj\u00faceho z\u00e1ujmu fan\u00fa\u0161ikov elektrobicyklov?<br \/>\n<\/b><em><span style=\"font-weight: 400;\">\u00c1no, presne tak. Za posledn\u00e9 3 roky sa v\u00fdrazne zv\u00fd\u0161il po\u010det ebikerov, tak sme sa rozhodli, \u017ee d\u00e1me priestor aj tak\u00fdmto \u0161portovcom.<\/span><\/em><\/p>\n<p><b>Ste aj s\u00e1m akt\u00edvny cyklista?<br \/>\n<\/b><em><span style=\"font-weight: 400;\">\u00c1no, som, jazd\u00edm celoro\u010dne na horskom bicykli a&nbsp;v&nbsp;lete aj na cestnom. Bolo obdobie, ke\u010f som sa pravidelne z\u00fa\u010dast\u0148oval pretekov r\u00e1mci Slovenska.<\/span><\/em><\/p>\n<p><img loading=\"lazy\" decoding=\"async\" class=\"alignnone size-full wp-image-17574\" src=\"https:\/\/d2p6e6u75xmxt8.cloudfront.net\/4\/2023\/05\/05-5.webp\" alt=\"\u0160KODA\" width=\"990\" height=\"660\" srcset=\"https:\/\/d2p6e6u75xmxt8.cloudfront.net\/4\/2023\/05\/05-5.webp 990w, https:\/\/d2p6e6u75xmxt8.cloudfront.net\/4\/2023\/05\/05-5-300x200.webp 300w, https:\/\/d2p6e6u75xmxt8.cloudfront.net\/4\/2023\/05\/05-5-768x512.webp 768w, https:\/\/d2p6e6u75xmxt8.cloudfront.net\/4\/2023\/05\/05-5-400x267.webp 400w, https:\/\/d2p6e6u75xmxt8.cloudfront.net\/4\/2023\/05\/05-5-272x182.webp 272w\" sizes=\"auto, (max-width: 990px) 100vw, 990px\" \/><\/p>\n<p><b><br \/>\nAk\u00e1 je spojitos\u0165 predajne BAJKSERVIS a&nbsp;marat\u00f3nu v Stupave?<br \/>\n<\/b><em><span style=\"font-weight: 400;\">Splnil sa mi tak\u00fd sen, \u017ee pred dvomi rokmi sa mne spolu s&nbsp;kamar\u00e1tom Romanom podarilo v Stupave otvori\u0165 cyklistick\u00fd obchod BAJKSERVIS, ktor\u00fd komplet zabezpe\u010duje organiz\u00e1ciu pretekov a&nbsp;z\u00e1rove\u0148 ich aj podporuje. V&nbsp;obchode sme iba my dvaja a&nbsp;po\u010das pr\u00e1ce si n\u00e1jdeme \u010das na riadenie a pr\u00edpravu pretekov. Je to pre m\u0148a priama spojitos\u0165 BAJKSERVIS so Stupavsk\u00fdm&nbsp;marat\u00f3nom.<\/span><\/em><\/p>\n<p><span style=\"font-weight: 400;\">Jurajovi \u010fakujem za rozhovor a cel\u00e9mu organiza\u010dn\u00e9mu t\u00edmu \u017eel\u00e1m, aby im <strong>17. &#8211; 18. 6. v Stupave<\/strong> prialo po\u010dasie a v\u0161etci si tak u\u017eili skvel\u00fd pretekov\u00fd v\u00edkend.<\/span><\/p>\n<p>&nbsp;<\/p>\n","protected":false},"excerpt":{"rendered":"<p>Mal\u00e9 Karpaty maj\u00fa svoje \u010daro a vedia o tom aj organiz\u00e1tori Stupavsk\u00e9ho marat\u00f3nu, preto\u017ee o tieto preteky je ka\u017edoro\u010dne ve\u013ek\u00fd [&hellip;]<\/p>\n","protected":false},"author":172,"featured_media":17569,"comment_status":"open","ping_status":"open","sticky":false,"template":"","format":"standard","meta":{"footnotes":""},"categories":[191],"tags":[1125,597,916,53,261,180,178,412,37,179,501,181],"global-categories":[1074],"class_list":["post-17567","post","type-post","status-publish","format-standard","has-post-thumbnail","hentry","category-odporucame","tag-beh","tag-cyklista","tag-cyklisticka-destinacia","tag-deti","tag-ebike","tag-horska-cyklistika","tag-maraton","tag-mtb","tag-podujatia","tag-preteky","tag-rozhovor","tag-stupava","global-categories-cycling"],"yoast_head":"<!-- This site is optimized with the Yoast SEO Premium plugin v25.3 (Yoast SEO v25.9) - https:\/\/yoast.com\/wordpress\/plugins\/seo\/ -->\n<title>Rozhovor: Juraj J\u00e1no\u0161\u00edk - Stupavsk\u00fd marat\u00f3n<\/title>\n<meta name=\"description\" content=\"Mal\u00e9 Karpaty maj\u00fa svoje \u010daro a\u00a0vedia o\u00a0tom aj organiz\u00e1tori Stupavsk\u00e9ho marat\u00f3nu, preto\u017ee o\u00a0tieto preteky je ka\u017edoro\u010dne ve\u013ek\u00fd z\u00e1ujem.\" \/>\n<meta name=\"robots\" content=\"index, follow, max-snippet:-1, max-image-preview:large, max-video-preview:-1\" \/>\n<link rel=\"canonical\" href=\"https:\/\/www.welovecycling.com\/sk\/2023\/06\/01\/rozhovor-juraj-janosik-stupavsky-maraton\/\" \/>\n<meta property=\"og:locale\" content=\"sk_SK\" \/>\n<meta property=\"og:type\" content=\"article\" \/>\n<meta property=\"og:title\" content=\"Rozhovor: Juraj J\u00e1no\u0161\u00edk - Stupavsk\u00fd marat\u00f3n\" \/>\n<meta property=\"og:description\" content=\"Mal\u00e9 Karpaty maj\u00fa svoje \u010daro a\u00a0vedia o\u00a0tom aj organiz\u00e1tori Stupavsk\u00e9ho marat\u00f3nu, preto\u017ee o\u00a0tieto preteky je ka\u017edoro\u010dne ve\u013ek\u00fd z\u00e1ujem.\" \/>\n<meta property=\"og:url\" content=\"https:\/\/www.welovecycling.com\/sk\/2023\/06\/01\/rozhovor-juraj-janosik-stupavsky-maraton\/\" \/>\n<meta property=\"og:site_name\" content=\"\u0160koda We Love Cycling Slovensko\" \/>\n<meta property=\"article:published_time\" content=\"2023-06-01T11:13:19+00:00\" \/>\n<meta property=\"article:modified_time\" content=\"2023-06-01T12:49:09+00:00\" \/>\n<meta property=\"og:image\" content=\"https:\/\/d2p6e6u75xmxt8.cloudfront.net\/4\/2023\/05\/titulka-7.webp\" \/>\n\t<meta property=\"og:image:width\" content=\"990\" \/>\n\t<meta property=\"og:image:height\" content=\"660\" \/>\n\t<meta property=\"og:image:type\" content=\"image\/webp\" \/>\n<meta name=\"author\" content=\"dominika\" \/>\n<meta name=\"twitter:card\" content=\"summary_large_image\" \/>\n<meta name=\"twitter:label1\" content=\"Written by\" \/>\n\t<meta name=\"twitter:data1\" content=\"Radovan Vr\u0161ka\" \/>\n\t<meta name=\"twitter:label2\" content=\"Est. reading time\" \/>\n\t<meta name=\"twitter:data2\" content=\"4\" \/>\n<script type=\"application\/ld+json\" class=\"yoast-schema-graph\">{\"@context\":\"https:\/\/schema.org\",\"@graph\":[{\"@type\":\"WebPage\",\"@id\":\"https:\/\/www.welovecycling.com\/sk\/2023\/06\/01\/rozhovor-juraj-janosik-stupavsky-maraton\/\",\"url\":\"https:\/\/www.welovecycling.com\/sk\/2023\/06\/01\/rozhovor-juraj-janosik-stupavsky-maraton\/\",\"name\":\"Rozhovor: Juraj J\u00e1no\u0161\u00edk - Stupavsk\u00fd marat\u00f3n\",\"isPartOf\":{\"@id\":\"https:\/\/www.welovecycling.com\/sk\/#website\"},\"primaryImageOfPage\":{\"@id\":\"https:\/\/www.welovecycling.com\/sk\/2023\/06\/01\/rozhovor-juraj-janosik-stupavsky-maraton\/#primaryimage\"},\"image\":{\"@id\":\"https:\/\/www.welovecycling.com\/sk\/2023\/06\/01\/rozhovor-juraj-janosik-stupavsky-maraton\/#primaryimage\"},\"thumbnailUrl\":\"https:\/\/d2p6e6u75xmxt8.cloudfront.net\/4\/2023\/05\/titulka-7.webp\",\"datePublished\":\"2023-06-01T11:13:19+00:00\",\"dateModified\":\"2023-06-01T12:49:09+00:00\",\"author\":{\"@id\":\"https:\/\/www.welovecycling.com\/sk\/#\/schema\/person\/533b62b98b6c41bd5135ebfb1f742624\"},\"description\":\"Mal\u00e9 Karpaty maj\u00fa svoje \u010daro a\u00a0vedia o\u00a0tom aj organiz\u00e1tori Stupavsk\u00e9ho marat\u00f3nu, preto\u017ee o\u00a0tieto preteky je ka\u017edoro\u010dne ve\u013ek\u00fd z\u00e1ujem.\",\"breadcrumb\":{\"@id\":\"https:\/\/www.welovecycling.com\/sk\/2023\/06\/01\/rozhovor-juraj-janosik-stupavsky-maraton\/#breadcrumb\"},\"inLanguage\":\"sk-SK\",\"potentialAction\":[{\"@type\":\"ReadAction\",\"target\":[\"https:\/\/www.welovecycling.com\/sk\/2023\/06\/01\/rozhovor-juraj-janosik-stupavsky-maraton\/\"]}]},{\"@type\":\"ImageObject\",\"inLanguage\":\"sk-SK\",\"@id\":\"https:\/\/www.welovecycling.com\/sk\/2023\/06\/01\/rozhovor-juraj-janosik-stupavsky-maraton\/#primaryimage\",\"url\":\"https:\/\/d2p6e6u75xmxt8.cloudfront.net\/4\/2023\/05\/titulka-7.webp\",\"contentUrl\":\"https:\/\/d2p6e6u75xmxt8.cloudfront.net\/4\/2023\/05\/titulka-7.webp\",\"width\":990,\"height\":660,\"caption\":\"Stupavsk\u00fd marat\u00f3n\"},{\"@type\":\"BreadcrumbList\",\"@id\":\"https:\/\/www.welovecycling.com\/sk\/2023\/06\/01\/rozhovor-juraj-janosik-stupavsky-maraton\/#breadcrumb\",\"itemListElement\":[{\"@type\":\"ListItem\",\"position\":1,\"name\":\"Home\",\"item\":\"https:\/\/www.welovecycling.com\/sk\/\"},{\"@type\":\"ListItem\",\"position\":2,\"name\":\"Rozhovor: Juraj J\u00e1no\u0161\u00edk &#8211; Stupavsk\u00fd marat\u00f3n\"}]},{\"@type\":\"WebSite\",\"@id\":\"https:\/\/www.welovecycling.com\/sk\/#website\",\"url\":\"https:\/\/www.welovecycling.com\/sk\/\",\"name\":\"\u0160koda We Love Cycling Slovensko\",\"description\":\"\u0160koda We Love Cycling Slovensko je v\u00e1\u0161 ka\u017edodenn\u00fd zdroj noviniek a in\u0161pir\u00e1cie z sveta cyklistiky\",\"potentialAction\":[{\"@type\":\"SearchAction\",\"target\":{\"@type\":\"EntryPoint\",\"urlTemplate\":\"https:\/\/www.welovecycling.com\/sk\/?s={search_term_string}\"},\"query-input\":{\"@type\":\"PropertyValueSpecification\",\"valueRequired\":true,\"valueName\":\"search_term_string\"}}],\"inLanguage\":\"sk-SK\"},{\"@type\":\"Person\",\"@id\":\"https:\/\/www.welovecycling.com\/sk\/#\/schema\/person\/533b62b98b6c41bd5135ebfb1f742624\",\"name\":\"dominika\",\"image\":{\"@type\":\"ImageObject\",\"inLanguage\":\"sk-SK\",\"@id\":\"https:\/\/www.welovecycling.com\/sk\/#\/schema\/person\/image\/\",\"url\":\"https:\/\/secure.gravatar.com\/avatar\/ded6f274ba2ec3e17fff153f7d9d96a4b33c2cb63907f75d9a5309c599a7f3e6?s=96&d=mm&r=g\",\"contentUrl\":\"https:\/\/secure.gravatar.com\/avatar\/ded6f274ba2ec3e17fff153f7d9d96a4b33c2cb63907f75d9a5309c599a7f3e6?s=96&d=mm&r=g\",\"caption\":\"dominika\"},\"url\":\"https:\/\/www.welovecycling.com\/sk\/author\/dominika\/\"}]}<\/script>\n<!-- \/ Yoast SEO Premium plugin. -->","yoast_head_json":{"title":"Rozhovor: Juraj J\u00e1no\u0161\u00edk - Stupavsk\u00fd marat\u00f3n","description":"Mal\u00e9 Karpaty maj\u00fa svoje \u010daro a\u00a0vedia o\u00a0tom aj organiz\u00e1tori Stupavsk\u00e9ho marat\u00f3nu, preto\u017ee o\u00a0tieto preteky je ka\u017edoro\u010dne ve\u013ek\u00fd z\u00e1ujem.","robots":{"index":"index","follow":"follow","max-snippet":"max-snippet:-1","max-image-preview":"max-image-preview:large","max-video-preview":"max-video-preview:-1"},"canonical":"https:\/\/www.welovecycling.com\/sk\/2023\/06\/01\/rozhovor-juraj-janosik-stupavsky-maraton\/","og_locale":"sk_SK","og_type":"article","og_title":"Rozhovor: Juraj J\u00e1no\u0161\u00edk - Stupavsk\u00fd marat\u00f3n","og_description":"Mal\u00e9 Karpaty maj\u00fa svoje \u010daro a\u00a0vedia o\u00a0tom aj organiz\u00e1tori Stupavsk\u00e9ho marat\u00f3nu, preto\u017ee o\u00a0tieto preteky je ka\u017edoro\u010dne ve\u013ek\u00fd z\u00e1ujem.","og_url":"https:\/\/www.welovecycling.com\/sk\/2023\/06\/01\/rozhovor-juraj-janosik-stupavsky-maraton\/","og_site_name":"\u0160koda We Love Cycling Slovensko","article_published_time":"2023-06-01T11:13:19+00:00","article_modified_time":"2023-06-01T12:49:09+00:00","og_image":[{"width":990,"height":660,"url":"https:\/\/d2p6e6u75xmxt8.cloudfront.net\/4\/2023\/05\/titulka-7.webp","type":"image\/webp"}],"author":"dominika","twitter_card":"summary_large_image","twitter_misc":{"Written by":"Radovan Vr\u0161ka","Est. reading time":"4"},"schema":{"@context":"https:\/\/schema.org","@graph":[{"@type":"WebPage","@id":"https:\/\/www.welovecycling.com\/sk\/2023\/06\/01\/rozhovor-juraj-janosik-stupavsky-maraton\/","url":"https:\/\/www.welovecycling.com\/sk\/2023\/06\/01\/rozhovor-juraj-janosik-stupavsky-maraton\/","name":"Rozhovor: Juraj J\u00e1no\u0161\u00edk - Stupavsk\u00fd marat\u00f3n","isPartOf":{"@id":"https:\/\/www.welovecycling.com\/sk\/#website"},"primaryImageOfPage":{"@id":"https:\/\/www.welovecycling.com\/sk\/2023\/06\/01\/rozhovor-juraj-janosik-stupavsky-maraton\/#primaryimage"},"image":{"@id":"https:\/\/www.welovecycling.com\/sk\/2023\/06\/01\/rozhovor-juraj-janosik-stupavsky-maraton\/#primaryimage"},"thumbnailUrl":"https:\/\/d2p6e6u75xmxt8.cloudfront.net\/4\/2023\/05\/titulka-7.webp","datePublished":"2023-06-01T11:13:19+00:00","dateModified":"2023-06-01T12:49:09+00:00","author":{"@id":"https:\/\/www.welovecycling.com\/sk\/#\/schema\/person\/533b62b98b6c41bd5135ebfb1f742624"},"description":"Mal\u00e9 Karpaty maj\u00fa svoje \u010daro a\u00a0vedia o\u00a0tom aj organiz\u00e1tori Stupavsk\u00e9ho marat\u00f3nu, preto\u017ee o\u00a0tieto preteky je ka\u017edoro\u010dne ve\u013ek\u00fd z\u00e1ujem.","breadcrumb":{"@id":"https:\/\/www.welovecycling.com\/sk\/2023\/06\/01\/rozhovor-juraj-janosik-stupavsky-maraton\/#breadcrumb"},"inLanguage":"sk-SK","potentialAction":[{"@type":"ReadAction","target":["https:\/\/www.welovecycling.com\/sk\/2023\/06\/01\/rozhovor-juraj-janosik-stupavsky-maraton\/"]}]},{"@type":"ImageObject","inLanguage":"sk-SK","@id":"https:\/\/www.welovecycling.com\/sk\/2023\/06\/01\/rozhovor-juraj-janosik-stupavsky-maraton\/#primaryimage","url":"https:\/\/d2p6e6u75xmxt8.cloudfront.net\/4\/2023\/05\/titulka-7.webp","contentUrl":"https:\/\/d2p6e6u75xmxt8.cloudfront.net\/4\/2023\/05\/titulka-7.webp","width":990,"height":660,"caption":"Stupavsk\u00fd marat\u00f3n"},{"@type":"BreadcrumbList","@id":"https:\/\/www.welovecycling.com\/sk\/2023\/06\/01\/rozhovor-juraj-janosik-stupavsky-maraton\/#breadcrumb","itemListElement":[{"@type":"ListItem","position":1,"name":"Home","item":"https:\/\/www.welovecycling.com\/sk\/"},{"@type":"ListItem","position":2,"name":"Rozhovor: Juraj J\u00e1no\u0161\u00edk &#8211; Stupavsk\u00fd marat\u00f3n"}]},{"@type":"WebSite","@id":"https:\/\/www.welovecycling.com\/sk\/#website","url":"https:\/\/www.welovecycling.com\/sk\/","name":"\u0160koda We Love Cycling Slovensko","description":"\u0160koda We Love Cycling Slovensko je v\u00e1\u0161 ka\u017edodenn\u00fd zdroj noviniek a in\u0161pir\u00e1cie z sveta cyklistiky","potentialAction":[{"@type":"SearchAction","target":{"@type":"EntryPoint","urlTemplate":"https:\/\/www.welovecycling.com\/sk\/?s={search_term_string}"},"query-input":{"@type":"PropertyValueSpecification","valueRequired":true,"valueName":"search_term_string"}}],"inLanguage":"sk-SK"},{"@type":"Person","@id":"https:\/\/www.welovecycling.com\/sk\/#\/schema\/person\/533b62b98b6c41bd5135ebfb1f742624","name":"dominika","image":{"@type":"ImageObject","inLanguage":"sk-SK","@id":"https:\/\/www.welovecycling.com\/sk\/#\/schema\/person\/image\/","url":"https:\/\/secure.gravatar.com\/avatar\/ded6f274ba2ec3e17fff153f7d9d96a4b33c2cb63907f75d9a5309c599a7f3e6?s=96&d=mm&r=g","contentUrl":"https:\/\/secure.gravatar.com\/avatar\/ded6f274ba2ec3e17fff153f7d9d96a4b33c2cb63907f75d9a5309c599a7f3e6?s=96&d=mm&r=g","caption":"dominika"},"url":"https:\/\/www.welovecycling.com\/sk\/author\/dominika\/"}]}},"_links":{"self":[{"href":"https:\/\/www.welovecycling.com\/sk\/wp-json\/wp\/v2\/posts\/17567","targetHints":{"allow":["GET"]}}],"collection":[{"href":"https:\/\/www.welovecycling.com\/sk\/wp-json\/wp\/v2\/posts"}],"about":[{"href":"https:\/\/www.welovecycling.com\/sk\/wp-json\/wp\/v2\/types\/post"}],"author":[{"embeddable":true,"href":"https:\/\/www.welovecycling.com\/sk\/wp-json\/wp\/v2\/users\/172"}],"replies":[{"embeddable":true,"href":"https:\/\/www.welovecycling.com\/sk\/wp-json\/wp\/v2\/comments?post=17567"}],"version-history":[{"count":13,"href":"https:\/\/www.welovecycling.com\/sk\/wp-json\/wp\/v2\/posts\/17567\/revisions"}],"predecessor-version":[{"id":17593,"href":"https:\/\/www.welovecycling.com\/sk\/wp-json\/wp\/v2\/posts\/17567\/revisions\/17593"}],"wp:featuredmedia":[{"embeddable":true,"href":"https:\/\/www.welovecycling.com\/sk\/wp-json\/wp\/v2\/media\/17569"}],"wp:attachment":[{"href":"https:\/\/www.welovecycling.com\/sk\/wp-json\/wp\/v2\/media?parent=17567"}],"wp:term":[{"taxonomy":"category","embeddable":true,"href":"https:\/\/www.welovecycling.com\/sk\/wp-json\/wp\/v2\/categories?post=17567"},{"taxonomy":"post_tag","embeddable":true,"href":"https:\/\/www.welovecycling.com\/sk\/wp-json\/wp\/v2\/tags?post=17567"},{"taxonomy":"global-categories","embeddable":true,"href":"https:\/\/www.welovecycling.com\/sk\/wp-json\/wp\/v2\/global-categories?post=17567"}],"curies":[{"name":"wp","href":"https:\/\/api.w.org\/{rel}","templated":true}]}}