{"id":17542,"date":"2023-05-29T10:00:15","date_gmt":"2023-05-29T08:00:15","guid":{"rendered":"https:\/\/www.welovecycling.com\/sk\/?p=17542"},"modified":"2023-05-29T10:04:00","modified_gmt":"2023-05-29T08:04:00","slug":"jun-2023-leto-plne-pretekov-sa-blizi","status":"publish","type":"post","link":"https:\/\/www.welovecycling.com\/sk\/2023\/05\/29\/jun-2023-leto-plne-pretekov-sa-blizi\/","title":{"rendered":"J\u00fan 2023 \u2013 leto pln\u00e9 pretekov sa bl\u00ed\u017ei"},"content":{"rendered":"<p><strong>Sliezsky kr\u00e1\u013e, Stupavsk\u00fd marat\u00f3n, enduro preteky, ale aj N\u00e1rodn\u00fd zraz cyklistov &#8211; to s\u00fa akcie, ktor\u00e9 n\u00e1s \u010dakaj\u00fa ako pr\u00edprava na leto. Na z\u00e1ver mesiaca bude cyklistick\u00fd sviatok v Topo\u013e\u010diankach, kde sa po\u010das jedn\u00e9ho v\u00edkendu bud\u00fa kona\u0165 dve ve\u013ek\u00e9 cyklistick\u00e9 akcie.\u00a0<\/strong><!--more--><\/p>\n<h2><strong>03. 06. 2023 Slovensk\u00fd poh\u00e1r v\u00a0endure &#8211; K\u00e1lnica<\/strong><\/h2>\n<p><span style=\"font-weight: 400;\">Prv\u00e9 kolo Slovensk\u00e9ho poh\u00e1ra v\u00a0endure sa bude kona\u0165 na tratiach v\u00a0K\u00e1lnici. <strong>Minul\u00fd rok boli trate po\u010das piatkov\u00fdch tr\u00e9ningov poriadne pra\u0161n\u00e9, ale to e\u0161te jazdci netu\u0161ili, ko\u013eko blata ich \u010dak\u00e1 v\u00a0sobotu.<\/strong> Trate boli celkom n\u00e1ro\u010dn\u00e9 na kondi\u010dku, tak uvid\u00edme, \u010do si organiz\u00e1tor a\u00a0po\u010dasie pripravia tento rok. Ka\u017edop\u00e1dne to bude skvel\u00e1 akcia a\u00a0ako ka\u017ed\u00fd rok, poriadna d\u00e1vka adrenal\u00ednu.<\/span><\/p>\n<div class=\"embed-controller-wrapper\">\n<div class=\"embed-wrapper\"><iframe title=\"MTB ENDURO - SLOVENSK\u00dd POH\u00c1R 2022 | SPEN#2 K\u00e1lnica - Official Aftermovie\" width=\"500\" height=\"281\" data-src=\"https:\/\/www.youtube.com\/embed\/zDf0jNvQn4w?feature=oembed\" frameborder=\"0\" allow=\"accelerometer; autoplay; clipboard-write; encrypted-media; gyroscope; picture-in-picture; web-share\" referrerpolicy=\"strict-origin-when-cross-origin\" allowfullscreen><\/iframe><\/div>\n<\/div>\n<h2><\/h2>\n<h2><strong>10. &#8211; 11. 06. 2023 MTBIKER Hornonitrianska Enduro s\u00e9ria &#8211; Jasensk\u00e1 dolina<\/strong><\/h2>\n<p><span style=\"font-weight: 400;\">Hornonitrianska Enduro s\u00e9ria od\u0161tartovala v\u00a0m\u00e1ji na tratiach v\u00a0Partiz\u00e1nskom, kde pretek\u00e1rov po prv\u00fdkr\u00e1t \u010dakali r\u00fdchlostn\u00e9 sk\u00fa\u0161ky. Prvenstvo si v\u00a0tejto s\u00e9rii u\u017eij\u00fa aj traily v\u00a0Jasenskej doline. <strong>V\u00a0sobotu po\u010das tr\u00e9ningov bude k\u00a0dispoz\u00edcii aj lanovka, tak\u017ee si budete m\u00f4c\u0165 viacej zajazdi\u0165 a\u00a0poriadne sa pripravi\u0165 na nede\u013en\u00e9 preteky.<\/strong> Po\u010das obidvoch dn\u00ed nebude ch\u00fdba\u0165 zauj\u00edmav\u00fd sprievodn\u00fd program.<\/span><\/p>\n<div class=\"embed-controller-wrapper\">\n<div class=\"embed-wrapper\"><iframe title=\"Hornonitrianska Enduro S\u00e9ria 2023 \/\/ Ba\u0165ove Traily \/\/\" width=\"500\" height=\"281\" data-src=\"https:\/\/www.youtube.com\/embed\/vrN0lh1IMTA?feature=oembed\" frameborder=\"0\" allow=\"accelerometer; autoplay; clipboard-write; encrypted-media; gyroscope; picture-in-picture; web-share\" referrerpolicy=\"strict-origin-when-cross-origin\" allowfullscreen><\/iframe><\/div>\n<\/div>\n<h2><\/h2>\n<h2><strong>10. 06. 2023 \u0160KODA BIKE OPEN TOUR &#8211; Slovensk\u00fd raj<\/strong><\/h2>\n<p><span style=\"font-weight: 400;\">Tretie kolo popul\u00e1rnej s\u00e9rie bude pokra\u010dova\u0165 na atrakt\u00edvnom mieste v\u00a0Slovenskom raji. <strong>Pr\u00ed\u010fte vyu\u017ei\u0165 mo\u017enos\u0165, si aspo\u0148 jedenkr\u00e1t v\u00a0roku zajazdi\u0165 v\u00a0tejto lokalite.<\/strong> Pripraven\u00fdch je nieko\u013eko trat\u00ed a\u00a0okrem t\u00fdch tradi\u010dn\u00fdch marat\u00f3nskych si m\u00f4\u017eete vysk\u00fa\u0161a\u0165 aj trate ur\u010den\u00e9 pre E-bike, Gravel \u010di Family tra\u0165 pre rodi\u010dov s\u00a0de\u0165mi.\u00a0<\/span><\/p>\n<div class=\"embed-controller-wrapper\">\n<div class=\"embed-wrapper\"><iframe title=\"\u0160koda MTB Marat\u00f3n Slovensk\u00fd Raj 2022\" width=\"500\" height=\"281\" data-src=\"https:\/\/www.youtube.com\/embed\/FyRAERP5p70?feature=oembed\" frameborder=\"0\" allow=\"accelerometer; autoplay; clipboard-write; encrypted-media; gyroscope; picture-in-picture; web-share\" referrerpolicy=\"strict-origin-when-cross-origin\" allowfullscreen><\/iframe><\/div>\n<\/div>\n<h2><\/h2>\n<h2><strong>11. 06. 2023 MTBIKER Sliezsky kr\u00e1\u013e 2023 &#8211; Tatransk\u00e1 Polianka<\/strong><\/h2>\n<p><span style=\"font-weight: 400;\">\u00da\u017easn\u00e1 akcia, ktor\u00e1 mala svoju premi\u00e9ru minul\u00fd rok na jese\u0148. <strong>Tento rok sa podujatie kon\u00e1 u\u017e v j\u00fani, a aby sa term\u00edny neprekr\u00fdvali so \u017eiadnymi in\u00fdmi akciami, organiz\u00e1tori zvolili nede\u013eu.<\/strong> Pr\u00ed\u010fte sa pozrie\u0165, \u010di sa aj tento rok podar\u00ed prekona\u0165 tra\u0165ov\u00fd rekord. Ak sa na jazdenie nec\u00edtite, pripraven\u00e9 s\u00fa aj sprievodn\u00e9 akcie, ako napr\u00edklad outdoorov\u00fd LAJF Festival v Sliezskom dome so zauj\u00edmav\u00fdmi hos\u0165ami.\u00a0<\/span><\/p>\n<div class=\"embed-controller-wrapper\">\n<div class=\"embed-wrapper\"><iframe title=\"Sliezsky Kr\u00e1\u013e 2022 \u010dasovka \ud83d\udeb4\u200d\u2642\ufe0f\" width=\"500\" height=\"281\" data-src=\"https:\/\/www.youtube.com\/embed\/WS9NslNm6A0?feature=oembed\" frameborder=\"0\" allow=\"accelerometer; autoplay; clipboard-write; encrypted-media; gyroscope; picture-in-picture; web-share\" referrerpolicy=\"strict-origin-when-cross-origin\" allowfullscreen><\/iframe><\/div>\n<\/div>\n<h2><\/h2>\n<h2><strong>11. 06. 2023 4. Detsk\u00e1 tour Petra Sagana &#8211; Dem\u00e4nov\u00e1<\/strong><\/h2>\n<p><span style=\"font-weight: 400;\">\u0160tvrt\u00e9 kolo Detskej tour Petra Sagana sa bude kona\u0165 v\u00a0Dem\u00e4nov\u00e1 rezort. <strong>V\u00a0tomto kr\u00e1snom prostred\u00ed si na svoje pr\u00eddu v\u0161etky vekov\u00e9 kateg\u00f3rie.<\/strong> Ak ste na prv\u00fdch troch kol\u00e1 z\u00edskavali body do celkov\u00e9ho poradia, tak tu jednoducho nem\u00f4\u017eete ch\u00fdba\u0165 a\u00a0ak ste sa zatia\u013e nez\u00fa\u010dastnili, je to pr\u00edle\u017eitos\u0165 si to po prv\u00fdkr\u00e1t vysk\u00fa\u0161a\u0165 pr\u00e1ve tu. Po\u010das cel\u00e9ho d\u0148a bude sprievodn\u00fd program a\u00a0atrakcie, aby si deti nielen zajazdili, ale sa aj zabavili a\u00a0dokonale vybili energiu.\u00a0<\/span><\/p>\n<div class=\"embed-controller-wrapper\">\n<div class=\"embed-wrapper\"><iframe title=\"Detsk\u00e1 tour Petra Sagana 2022 | Aftermovie z 3. kola | Dem\u00e4nov\u00e1\" width=\"500\" height=\"281\" data-src=\"https:\/\/www.youtube.com\/embed\/JTiMRv7ya9k?feature=oembed\" frameborder=\"0\" allow=\"accelerometer; autoplay; clipboard-write; encrypted-media; gyroscope; picture-in-picture; web-share\" referrerpolicy=\"strict-origin-when-cross-origin\" allowfullscreen><\/iframe><\/div>\n<\/div>\n<h2><\/h2>\n<h2><strong>15. &#8211; 18. 06. 2023 21. N\u00e1rodn\u00fd zraz cykloturistov &#8211; Humenn\u00e9<\/strong><\/h2>\n<p><span style=\"font-weight: 400;\">Jedine\u010dn\u00e1 nieko\u013ekod\u0148ov\u00e1 cyklistick\u00e1 akcia pon\u00faka v\u00a0r\u00e1mci \u00fa\u010dastn\u00edckeho poplatku ubytovanie, stravu, sprievodn\u00fd program aj sprievodcov na tras\u00e1ch. V\u00a0piatok v\u00e1s \u010dak\u00e1 66,7 km s\u00a0prev\u00fd\u0161en\u00edm 1 262 m, v\u00a0sobotu 77 km s\u00a0prev\u00fd\u0161en\u00edm 1 306 m, no a\u00a0v\u00a0nede\u013eu oddychov\u00e1 trasa 27,3 km s\u00a0prev\u00fd\u0161en\u00edm 809 m. <strong>Trasy s\u00fa vhodn\u00e9 pre horsk\u00e9 bicykle a\u00a0pripraven\u00e9 s\u00fa aj prekvapenia v\u00a0podobe trailov\u00fdch zjazdov.\u00a0<\/strong><\/span><\/p>\n<div class=\"embed-controller-wrapper\">\n<div class=\"embed-wrapper\"><iframe title=\"20 N\u00e1rodn\u00fd zraz cykloturistov, Tren\u010d\u00edn 2022\" width=\"500\" height=\"281\" data-src=\"https:\/\/www.youtube.com\/embed\/bnB5tr9CsHw?feature=oembed\" frameborder=\"0\" allow=\"accelerometer; autoplay; clipboard-write; encrypted-media; gyroscope; picture-in-picture; web-share\" referrerpolicy=\"strict-origin-when-cross-origin\" allowfullscreen><\/iframe><\/div>\n<\/div>\n<h2><\/h2>\n<h2><strong>17. &#8211; 18. 06. 2023 \u0160KODA Stupava Maraton MTB &amp; RUN- Stupava<\/strong><\/h2>\n<p><span style=\"font-weight: 400;\">Spojenie cyklistiky a\u00a0behu je dokonale prepojen\u00e9 ka\u017edoro\u010dne pr\u00e1ve v\u00a0Stupave. Pripraven\u00e9 s\u00fa klasick\u00e9 trate v d\u013a\u017eke 25 km, 42 km a\u00a076 km. <strong>Tento rok sa navy\u0161e pridala nov\u00e1 tra\u0165 pre fan\u00fa\u0161ikov E-bikov.<\/strong> Bude to pr\u00e1ve t\u00e1 stredn\u00e1 tra\u0165 v\u00a0d\u013a\u017eke 42 km. Po hlavnom cyklistickom marat\u00f3ne sa bud\u00fa kona\u0165 be\u017eeck\u00e9 preteky a\u00a0organiz\u00e1tori nezab\u00fadaj\u00fa ani na deti, pre ktor\u00e9 je pripraven\u00fd detsk\u00fd marat\u00f3n.\u00a0<\/span><\/p>\n<div class=\"embed-controller-wrapper\">\n<div class=\"embed-wrapper\"><iframe title=\"Kaktus Bike Stupava Maraton MTB &amp; RUN 2022\" width=\"500\" height=\"281\" data-src=\"https:\/\/www.youtube.com\/embed\/YXLXf68B02E?feature=oembed\" frameborder=\"0\" allow=\"accelerometer; autoplay; clipboard-write; encrypted-media; gyroscope; picture-in-picture; web-share\" referrerpolicy=\"strict-origin-when-cross-origin\" allowfullscreen><\/iframe><\/div>\n<\/div>\n<h2><\/h2>\n<h2><strong>24. 06. 2023 \u0160KODA BIKE OPEN TOUR &#8211; Topo\u013e\u010dianky<\/strong><\/h2>\n<p><span style=\"font-weight: 400;\">Topo\u013e\u010dianky za\u017eij\u00fa tento v\u00edkend skuto\u010dn\u00fd cyklistick\u00fd sviatok. Ve\u010f po\u010das p\u00e1r dn\u00ed sa tu bud\u00fa kona\u0165 hne\u010f dva marat\u00f3ny. Sobota v\u0161ak bude naplno patri\u0165 \u0160KODA BIKE OPEN TOUR a\u00a0jej v\u00a0porad\u00ed u\u017e \u0161tvrt\u00e9mu kolu v\u00a0s\u00e9rii. <strong>Ob\u013e\u00faben\u00e9 trate r\u00f4znej n\u00e1ro\u010dnosti v\u00a0kr\u00e1snej pr\u00edrode a\u00a0takisto nebude ch\u00fdba\u0165 \u0161peci\u00e1lna cena pod hradom Hru\u0161ov pre najr\u00fdchlej\u0161\u00edch jazdcov.<\/strong> Pr\u00ed\u010fte si zajazdi\u0165 do tajomn\u00fdch Tr\u00edbe\u010dsk\u00fdch vrchov.\u00a0<\/span><\/p>\n<div class=\"embed-controller-wrapper\">\n<div class=\"embed-wrapper\"><iframe title=\"\u0160koda MTB Cyklomarat\u00f3n Topo\u013e\u010dianky 2022\u2502\u0160koda Bike Open Tour\u2502We Love Cycling\" width=\"500\" height=\"281\" data-src=\"https:\/\/www.youtube.com\/embed\/HyRictYxpcI?feature=oembed\" frameborder=\"0\" allow=\"accelerometer; autoplay; clipboard-write; encrypted-media; gyroscope; picture-in-picture; web-share\" referrerpolicy=\"strict-origin-when-cross-origin\" allowfullscreen><\/iframe><\/div>\n<\/div>\n<h2><\/h2>\n<h2><strong>25. 06. 2023 5. Detsk\u00e1 tour Petra Sagana &#8211; Topo\u013e\u010dianky<\/strong><\/h2>\n<p><span style=\"font-weight: 400;\">Topo\u013e\u010dianky s\u00fa zn\u00e1me nielen N\u00e1rodn\u00fdm \u017ereb\u010d\u00ednom a\u00a0v\u00fdrobou v\u00edna, ale ako vidie\u0165, aj cyklisti tu n\u00e1jdu skvel\u00e9 trate a\u00a0traily. A\u00a0pr\u00e1ve preto tu nesmie ch\u00fdba\u0165 ani Detsk\u00e1 tour Petra Sagana.<strong> \u010ci u\u017e pr\u00eddete preteka\u0165, alebo si len u\u017ei\u0165 skvel\u00fa atmosf\u00e9ru, ur\u010dite nebudete \u013eutova\u0165.<\/strong> A\u00a0mo\u017eno sa rozhodnete str\u00e1vi\u0165 tu cel\u00fd v\u00edkend a\u00a0objavi\u0165 n\u00e1dhern\u00e9 okolie. Aj o\u00a0tom je cyklistika \u2013 pre\u017ei\u0165 pr\u00edjemn\u00e9 chv\u00edle s\u00a0priate\u013emi, v\u00a0kr\u00e1snej pr\u00edrode a\u00a0v\u00a0\u0161portovom duchu.\u00a0<\/span><\/p>\n<div class=\"embed-controller-wrapper\">\n<div class=\"embed-wrapper\"><iframe title=\"Detsk\u00e1 tour Petra Sagana - Topo\u013e\u010dianky 2021\" width=\"500\" height=\"281\" data-src=\"https:\/\/www.youtube.com\/embed\/hb-02dZFJJc?feature=oembed\" frameborder=\"0\" allow=\"accelerometer; autoplay; clipboard-write; encrypted-media; gyroscope; picture-in-picture; web-share\" referrerpolicy=\"strict-origin-when-cross-origin\" allowfullscreen><\/iframe><\/div>\n<\/div>\n","protected":false},"excerpt":{"rendered":"<p>Sliezsky kr\u00e1\u013e, Stupavsk\u00fd marat\u00f3n, enduro preteky, ale aj N\u00e1rodn\u00fd zraz cyklistov &#8211; to s\u00fa akcie, ktor\u00e9 n\u00e1s \u010dakaj\u00fa ako pr\u00edprava [&hellip;]<\/p>\n","protected":false},"author":172,"featured_media":17546,"comment_status":"open","ping_status":"open","sticky":false,"template":"","format":"standard","meta":{"footnotes":""},"categories":[34],"tags":[1246,53,764,896,967,566,178,412,1517,179,1557,35,234,181,741,1362],"global-categories":[1074],"class_list":["post-17542","post","type-post","status-publish","format-standard","has-post-thumbnail","hentry","category-podujatia","tag-cyklisticka-komunita","tag-deti","tag-detska-tour-petra-sagana","tag-enduro","tag-kalnica","tag-leto","tag-maraton","tag-mtb","tag-mtbiker","tag-preteky","tag-sezona-2023","tag-sbot","tag-slovensky-raj","tag-stupava","tag-tip-na-vylet","tag-topolcianky","global-categories-cycling"],"yoast_head":"<!-- This site is optimized with the Yoast SEO Premium plugin v25.3 (Yoast SEO v25.9) - https:\/\/yoast.com\/wordpress\/plugins\/seo\/ -->\n<title>J\u00fan 2023 \u2013 leto pln\u00e9 pretekov sa bl\u00ed\u017ei - \u0160koda We Love Cycling Slovensko<\/title>\n<meta name=\"description\" content=\"Sliezsky kr\u00e1\u013e, Stupavsk\u00fd marat\u00f3n, enduro preteky, ale aj N\u00e1rodn\u00fd zraz cyklistov - to s\u00fa akcie, ktor\u00e9 n\u00e1s \u010dakaj\u00fa ako pr\u00edprava na leto.\" \/>\n<meta name=\"robots\" content=\"index, follow, max-snippet:-1, max-image-preview:large, max-video-preview:-1\" \/>\n<link rel=\"canonical\" href=\"https:\/\/www.welovecycling.com\/sk\/2023\/05\/29\/jun-2023-leto-plne-pretekov-sa-blizi\/\" \/>\n<meta property=\"og:locale\" content=\"sk_SK\" \/>\n<meta property=\"og:type\" content=\"article\" \/>\n<meta property=\"og:title\" content=\"J\u00fan 2023 \u2013 leto pln\u00e9 pretekov sa bl\u00ed\u017ei\" \/>\n<meta property=\"og:description\" content=\"Sliezsky kr\u00e1\u013e, Stupavsk\u00fd marat\u00f3n, enduro preteky, ale aj N\u00e1rodn\u00fd zraz cyklistov - to s\u00fa akcie, ktor\u00e9 n\u00e1s \u010dakaj\u00fa ako pr\u00edprava na leto.\" \/>\n<meta property=\"og:url\" content=\"https:\/\/www.welovecycling.com\/sk\/2023\/05\/29\/jun-2023-leto-plne-pretekov-sa-blizi\/\" \/>\n<meta property=\"og:site_name\" content=\"\u0160koda We Love Cycling Slovensko\" \/>\n<meta property=\"article:published_time\" content=\"2023-05-29T08:00:15+00:00\" \/>\n<meta property=\"article:modified_time\" content=\"2023-05-29T08:04:00+00:00\" \/>\n<meta property=\"og:image\" content=\"https:\/\/d2p6e6u75xmxt8.cloudfront.net\/4\/2023\/05\/titulka-6.webp\" \/>\n\t<meta property=\"og:image:width\" content=\"990\" \/>\n\t<meta property=\"og:image:height\" content=\"660\" \/>\n\t<meta property=\"og:image:type\" content=\"image\/webp\" \/>\n<meta name=\"author\" content=\"dominika\" \/>\n<meta name=\"twitter:card\" content=\"summary_large_image\" \/>\n<meta name=\"twitter:label1\" content=\"Written by\" \/>\n\t<meta name=\"twitter:data1\" content=\"We Love Cycling\" \/>\n\t<meta name=\"twitter:label2\" content=\"Est. reading time\" \/>\n\t<meta name=\"twitter:data2\" content=\"4\" \/>\n<script type=\"application\/ld+json\" class=\"yoast-schema-graph\">{\"@context\":\"https:\/\/schema.org\",\"@graph\":[{\"@type\":\"WebPage\",\"@id\":\"https:\/\/www.welovecycling.com\/sk\/2023\/05\/29\/jun-2023-leto-plne-pretekov-sa-blizi\/\",\"url\":\"https:\/\/www.welovecycling.com\/sk\/2023\/05\/29\/jun-2023-leto-plne-pretekov-sa-blizi\/\",\"name\":\"J\u00fan 2023 \u2013 leto pln\u00e9 pretekov sa bl\u00ed\u017ei - \u0160koda We Love Cycling Slovensko\",\"isPartOf\":{\"@id\":\"https:\/\/www.welovecycling.com\/sk\/#website\"},\"primaryImageOfPage\":{\"@id\":\"https:\/\/www.welovecycling.com\/sk\/2023\/05\/29\/jun-2023-leto-plne-pretekov-sa-blizi\/#primaryimage\"},\"image\":{\"@id\":\"https:\/\/www.welovecycling.com\/sk\/2023\/05\/29\/jun-2023-leto-plne-pretekov-sa-blizi\/#primaryimage\"},\"thumbnailUrl\":\"https:\/\/d2p6e6u75xmxt8.cloudfront.net\/4\/2023\/05\/titulka-6.webp\",\"datePublished\":\"2023-05-29T08:00:15+00:00\",\"dateModified\":\"2023-05-29T08:04:00+00:00\",\"author\":{\"@id\":\"https:\/\/www.welovecycling.com\/sk\/#\/schema\/person\/533b62b98b6c41bd5135ebfb1f742624\"},\"description\":\"Sliezsky kr\u00e1\u013e, Stupavsk\u00fd marat\u00f3n, enduro preteky, ale aj N\u00e1rodn\u00fd zraz cyklistov - to s\u00fa akcie, ktor\u00e9 n\u00e1s \u010dakaj\u00fa ako pr\u00edprava na leto.\",\"breadcrumb\":{\"@id\":\"https:\/\/www.welovecycling.com\/sk\/2023\/05\/29\/jun-2023-leto-plne-pretekov-sa-blizi\/#breadcrumb\"},\"inLanguage\":\"sk-SK\",\"potentialAction\":[{\"@type\":\"ReadAction\",\"target\":[\"https:\/\/www.welovecycling.com\/sk\/2023\/05\/29\/jun-2023-leto-plne-pretekov-sa-blizi\/\"]}]},{\"@type\":\"ImageObject\",\"inLanguage\":\"sk-SK\",\"@id\":\"https:\/\/www.welovecycling.com\/sk\/2023\/05\/29\/jun-2023-leto-plne-pretekov-sa-blizi\/#primaryimage\",\"url\":\"https:\/\/d2p6e6u75xmxt8.cloudfront.net\/4\/2023\/05\/titulka-6.webp\",\"contentUrl\":\"https:\/\/d2p6e6u75xmxt8.cloudfront.net\/4\/2023\/05\/titulka-6.webp\",\"width\":990,\"height\":660,\"caption\":\"leto pln\u00e9 pretekov\"},{\"@type\":\"BreadcrumbList\",\"@id\":\"https:\/\/www.welovecycling.com\/sk\/2023\/05\/29\/jun-2023-leto-plne-pretekov-sa-blizi\/#breadcrumb\",\"itemListElement\":[{\"@type\":\"ListItem\",\"position\":1,\"name\":\"Home\",\"item\":\"https:\/\/www.welovecycling.com\/sk\/\"},{\"@type\":\"ListItem\",\"position\":2,\"name\":\"J\u00fan 2023 \u2013 leto pln\u00e9 pretekov sa bl\u00ed\u017ei\"}]},{\"@type\":\"WebSite\",\"@id\":\"https:\/\/www.welovecycling.com\/sk\/#website\",\"url\":\"https:\/\/www.welovecycling.com\/sk\/\",\"name\":\"\u0160koda We Love Cycling Slovensko\",\"description\":\"\u0160koda We Love Cycling Slovensko je v\u00e1\u0161 ka\u017edodenn\u00fd zdroj noviniek a in\u0161pir\u00e1cie z sveta cyklistiky\",\"potentialAction\":[{\"@type\":\"SearchAction\",\"target\":{\"@type\":\"EntryPoint\",\"urlTemplate\":\"https:\/\/www.welovecycling.com\/sk\/?s={search_term_string}\"},\"query-input\":{\"@type\":\"PropertyValueSpecification\",\"valueRequired\":true,\"valueName\":\"search_term_string\"}}],\"inLanguage\":\"sk-SK\"},{\"@type\":\"Person\",\"@id\":\"https:\/\/www.welovecycling.com\/sk\/#\/schema\/person\/533b62b98b6c41bd5135ebfb1f742624\",\"name\":\"dominika\",\"image\":{\"@type\":\"ImageObject\",\"inLanguage\":\"sk-SK\",\"@id\":\"https:\/\/www.welovecycling.com\/sk\/#\/schema\/person\/image\/\",\"url\":\"https:\/\/secure.gravatar.com\/avatar\/ded6f274ba2ec3e17fff153f7d9d96a4b33c2cb63907f75d9a5309c599a7f3e6?s=96&d=mm&r=g\",\"contentUrl\":\"https:\/\/secure.gravatar.com\/avatar\/ded6f274ba2ec3e17fff153f7d9d96a4b33c2cb63907f75d9a5309c599a7f3e6?s=96&d=mm&r=g\",\"caption\":\"dominika\"},\"url\":\"https:\/\/www.welovecycling.com\/sk\/author\/dominika\/\"}]}<\/script>\n<!-- \/ Yoast SEO Premium plugin. -->","yoast_head_json":{"title":"J\u00fan 2023 \u2013 leto pln\u00e9 pretekov sa bl\u00ed\u017ei - \u0160koda We Love Cycling Slovensko","description":"Sliezsky kr\u00e1\u013e, Stupavsk\u00fd marat\u00f3n, enduro preteky, ale aj N\u00e1rodn\u00fd zraz cyklistov - to s\u00fa akcie, ktor\u00e9 n\u00e1s \u010dakaj\u00fa ako pr\u00edprava na leto.","robots":{"index":"index","follow":"follow","max-snippet":"max-snippet:-1","max-image-preview":"max-image-preview:large","max-video-preview":"max-video-preview:-1"},"canonical":"https:\/\/www.welovecycling.com\/sk\/2023\/05\/29\/jun-2023-leto-plne-pretekov-sa-blizi\/","og_locale":"sk_SK","og_type":"article","og_title":"J\u00fan 2023 \u2013 leto pln\u00e9 pretekov sa bl\u00ed\u017ei","og_description":"Sliezsky kr\u00e1\u013e, Stupavsk\u00fd marat\u00f3n, enduro preteky, ale aj N\u00e1rodn\u00fd zraz cyklistov - to s\u00fa akcie, ktor\u00e9 n\u00e1s \u010dakaj\u00fa ako pr\u00edprava na leto.","og_url":"https:\/\/www.welovecycling.com\/sk\/2023\/05\/29\/jun-2023-leto-plne-pretekov-sa-blizi\/","og_site_name":"\u0160koda We Love Cycling Slovensko","article_published_time":"2023-05-29T08:00:15+00:00","article_modified_time":"2023-05-29T08:04:00+00:00","og_image":[{"width":990,"height":660,"url":"https:\/\/d2p6e6u75xmxt8.cloudfront.net\/4\/2023\/05\/titulka-6.webp","type":"image\/webp"}],"author":"dominika","twitter_card":"summary_large_image","twitter_misc":{"Written by":"We Love Cycling","Est. reading time":"4"},"schema":{"@context":"https:\/\/schema.org","@graph":[{"@type":"WebPage","@id":"https:\/\/www.welovecycling.com\/sk\/2023\/05\/29\/jun-2023-leto-plne-pretekov-sa-blizi\/","url":"https:\/\/www.welovecycling.com\/sk\/2023\/05\/29\/jun-2023-leto-plne-pretekov-sa-blizi\/","name":"J\u00fan 2023 \u2013 leto pln\u00e9 pretekov sa bl\u00ed\u017ei - \u0160koda We Love Cycling Slovensko","isPartOf":{"@id":"https:\/\/www.welovecycling.com\/sk\/#website"},"primaryImageOfPage":{"@id":"https:\/\/www.welovecycling.com\/sk\/2023\/05\/29\/jun-2023-leto-plne-pretekov-sa-blizi\/#primaryimage"},"image":{"@id":"https:\/\/www.welovecycling.com\/sk\/2023\/05\/29\/jun-2023-leto-plne-pretekov-sa-blizi\/#primaryimage"},"thumbnailUrl":"https:\/\/d2p6e6u75xmxt8.cloudfront.net\/4\/2023\/05\/titulka-6.webp","datePublished":"2023-05-29T08:00:15+00:00","dateModified":"2023-05-29T08:04:00+00:00","author":{"@id":"https:\/\/www.welovecycling.com\/sk\/#\/schema\/person\/533b62b98b6c41bd5135ebfb1f742624"},"description":"Sliezsky kr\u00e1\u013e, Stupavsk\u00fd marat\u00f3n, enduro preteky, ale aj N\u00e1rodn\u00fd zraz cyklistov - to s\u00fa akcie, ktor\u00e9 n\u00e1s \u010dakaj\u00fa ako pr\u00edprava na leto.","breadcrumb":{"@id":"https:\/\/www.welovecycling.com\/sk\/2023\/05\/29\/jun-2023-leto-plne-pretekov-sa-blizi\/#breadcrumb"},"inLanguage":"sk-SK","potentialAction":[{"@type":"ReadAction","target":["https:\/\/www.welovecycling.com\/sk\/2023\/05\/29\/jun-2023-leto-plne-pretekov-sa-blizi\/"]}]},{"@type":"ImageObject","inLanguage":"sk-SK","@id":"https:\/\/www.welovecycling.com\/sk\/2023\/05\/29\/jun-2023-leto-plne-pretekov-sa-blizi\/#primaryimage","url":"https:\/\/d2p6e6u75xmxt8.cloudfront.net\/4\/2023\/05\/titulka-6.webp","contentUrl":"https:\/\/d2p6e6u75xmxt8.cloudfront.net\/4\/2023\/05\/titulka-6.webp","width":990,"height":660,"caption":"leto pln\u00e9 pretekov"},{"@type":"BreadcrumbList","@id":"https:\/\/www.welovecycling.com\/sk\/2023\/05\/29\/jun-2023-leto-plne-pretekov-sa-blizi\/#breadcrumb","itemListElement":[{"@type":"ListItem","position":1,"name":"Home","item":"https:\/\/www.welovecycling.com\/sk\/"},{"@type":"ListItem","position":2,"name":"J\u00fan 2023 \u2013 leto pln\u00e9 pretekov sa bl\u00ed\u017ei"}]},{"@type":"WebSite","@id":"https:\/\/www.welovecycling.com\/sk\/#website","url":"https:\/\/www.welovecycling.com\/sk\/","name":"\u0160koda We Love Cycling Slovensko","description":"\u0160koda We Love Cycling Slovensko je v\u00e1\u0161 ka\u017edodenn\u00fd zdroj noviniek a in\u0161pir\u00e1cie z sveta cyklistiky","potentialAction":[{"@type":"SearchAction","target":{"@type":"EntryPoint","urlTemplate":"https:\/\/www.welovecycling.com\/sk\/?s={search_term_string}"},"query-input":{"@type":"PropertyValueSpecification","valueRequired":true,"valueName":"search_term_string"}}],"inLanguage":"sk-SK"},{"@type":"Person","@id":"https:\/\/www.welovecycling.com\/sk\/#\/schema\/person\/533b62b98b6c41bd5135ebfb1f742624","name":"dominika","image":{"@type":"ImageObject","inLanguage":"sk-SK","@id":"https:\/\/www.welovecycling.com\/sk\/#\/schema\/person\/image\/","url":"https:\/\/secure.gravatar.com\/avatar\/ded6f274ba2ec3e17fff153f7d9d96a4b33c2cb63907f75d9a5309c599a7f3e6?s=96&d=mm&r=g","contentUrl":"https:\/\/secure.gravatar.com\/avatar\/ded6f274ba2ec3e17fff153f7d9d96a4b33c2cb63907f75d9a5309c599a7f3e6?s=96&d=mm&r=g","caption":"dominika"},"url":"https:\/\/www.welovecycling.com\/sk\/author\/dominika\/"}]}},"_links":{"self":[{"href":"https:\/\/www.welovecycling.com\/sk\/wp-json\/wp\/v2\/posts\/17542","targetHints":{"allow":["GET"]}}],"collection":[{"href":"https:\/\/www.welovecycling.com\/sk\/wp-json\/wp\/v2\/posts"}],"about":[{"href":"https:\/\/www.welovecycling.com\/sk\/wp-json\/wp\/v2\/types\/post"}],"author":[{"embeddable":true,"href":"https:\/\/www.welovecycling.com\/sk\/wp-json\/wp\/v2\/users\/172"}],"replies":[{"embeddable":true,"href":"https:\/\/www.welovecycling.com\/sk\/wp-json\/wp\/v2\/comments?post=17542"}],"version-history":[{"count":9,"href":"https:\/\/www.welovecycling.com\/sk\/wp-json\/wp\/v2\/posts\/17542\/revisions"}],"predecessor-version":[{"id":17552,"href":"https:\/\/www.welovecycling.com\/sk\/wp-json\/wp\/v2\/posts\/17542\/revisions\/17552"}],"wp:featuredmedia":[{"embeddable":true,"href":"https:\/\/www.welovecycling.com\/sk\/wp-json\/wp\/v2\/media\/17546"}],"wp:attachment":[{"href":"https:\/\/www.welovecycling.com\/sk\/wp-json\/wp\/v2\/media?parent=17542"}],"wp:term":[{"taxonomy":"category","embeddable":true,"href":"https:\/\/www.welovecycling.com\/sk\/wp-json\/wp\/v2\/categories?post=17542"},{"taxonomy":"post_tag","embeddable":true,"href":"https:\/\/www.welovecycling.com\/sk\/wp-json\/wp\/v2\/tags?post=17542"},{"taxonomy":"global-categories","embeddable":true,"href":"https:\/\/www.welovecycling.com\/sk\/wp-json\/wp\/v2\/global-categories?post=17542"}],"curies":[{"name":"wp","href":"https:\/\/api.w.org\/{rel}","templated":true}]}}