{"id":17527,"date":"2023-05-27T10:00:05","date_gmt":"2023-05-27T08:00:05","guid":{"rendered":"https:\/\/www.welovecycling.com\/sk\/?p=17527"},"modified":"2023-05-25T11:29:15","modified_gmt":"2023-05-25T09:29:15","slug":"spolocne-majstrovstva-sr-a-cr-v-cestnej-cyklistike-rozlucka-s-legendou","status":"publish","type":"post","link":"https:\/\/www.welovecycling.com\/sk\/2023\/05\/27\/spolocne-majstrovstva-sr-a-cr-v-cestnej-cyklistike-rozlucka-s-legendou\/","title":{"rendered":"Spolo\u010dn\u00e9 majstrovstv\u00e1 SR a \u010cR v cestnej cyklistike &#8211; rozl\u00fa\u010dka s legendou"},"content":{"rendered":"<p><strong>Tohoro\u010dn\u00e9 \u201emajstr\u00e1ky\u201c sa odohraj\u00fa v\u00a0bl\u00edzkosti mesta Tlma\u010de. O\u00a0z\u00e1bavu nebude n\u00fadza, \u010di u\u017e pr\u00edde\u0161 ako div\u00e1k, hobb\u00edk, alebo s\u00a0rodinou. Z\u00e1rove\u0148 to bud\u00fa rozl\u00fa\u010dkov\u00e9 majstrovstv\u00e1 na\u0161ej legendy, Petra Sagana.<\/strong><!--more--><\/p>\n<p><span style=\"font-weight: 400;\">\u0160tvord\u0148ov\u00e1 akcia n\u00e1m prinesie r\u00f4zne discipl\u00edny od \u010dasovky, cez preteky jednotlivcov, hobby jazdu, a\u017e po preteky det\u00ed. Cel\u00fd program vypukne 21. j\u00fana a\u00a0na Hont privedie okrem Petra Sagana viacero zn\u00e1mych cyklistick\u00fdch mien. Na \u010do v\u0161etko sa teda m\u00f4\u017eeme koncom j\u00fana te\u0161i\u0165?<\/span><\/p>\n<h2><b>Pr\u00edle\u017eitos\u0165 pre \u201edieslov\u201c aj r\u00fdchlikov<\/b><\/h2>\n<p><span style=\"font-weight: 400;\">Ako prv\u00ed na rane bud\u00fa \u010dasovk\u00e1ri. Po stredaj\u0161ej porade nasleduj\u00fa \u0161tvrtkov\u00e9 preteky na rovinatom, 16,5-kilometrovom okruhu, ka\u017ed\u00e1 kateg\u00f3ria m\u00e1 svoj ur\u010den\u00fd po\u010det k\u00f4l. Po piatkovom vo\u013ene a\u00a0porade s\u00fa zas pripraven\u00e9 preteky jednotlivcov. Tie s\u00fa rozlo\u017een\u00e9 do dvoch dn\u00ed, pri\u010dom v\u0161etky kateg\u00f3rie s\u00a0v\u00fdnimkou mu\u017eov Elite \u0161tartuj\u00fa v\u00a0sobotu. <\/span><b>Najv\u00e4\u010d\u0161ie hviezdy, vr\u00e1tane Pe\u0165a Sagana, Martina Svr\u010deka, Zde\u0148ka \u0160tybara a\u00a0Josefa \u010cern\u00e9ho, uvid\u00edme na trati a\u017e v\u00a0nede\u013eu.<\/b><span style=\"font-weight: 400;\">\u00a0<\/span><\/p>\n<p><img loading=\"lazy\" decoding=\"async\" class=\"alignnone size-full wp-image-17529\" src=\"https:\/\/d2p6e6u75xmxt8.cloudfront.net\/4\/2023\/05\/01-5.webp\" alt=\"\" width=\"990\" height=\"660\" srcset=\"https:\/\/d2p6e6u75xmxt8.cloudfront.net\/4\/2023\/05\/01-5.webp 990w, https:\/\/d2p6e6u75xmxt8.cloudfront.net\/4\/2023\/05\/01-5-300x200.webp 300w, https:\/\/d2p6e6u75xmxt8.cloudfront.net\/4\/2023\/05\/01-5-768x512.webp 768w, https:\/\/d2p6e6u75xmxt8.cloudfront.net\/4\/2023\/05\/01-5-400x267.webp 400w, https:\/\/d2p6e6u75xmxt8.cloudfront.net\/4\/2023\/05\/01-5-272x182.webp 272w\" sizes=\"auto, (max-width: 990px) 100vw, 990px\" \/><\/p>\n<p>&nbsp;<\/p>\n<p><span style=\"font-weight: 400;\">Takmer 33-kilometrov\u00fd okruh prever\u00ed nielen nohy, ale i\u00a0techniku, ke\u010f\u017ee sa tu nach\u00e1dza nieko\u013eko ostr\u00fdch z\u00e1krut. Po\u010det okruhov sa op\u00e4\u0165 r\u00f4zni v\u00a0z\u00e1vislosti od kateg\u00f3rie, juniorky absolvuj\u00fa necel\u00fdch 100 km, kde\u017eto Mu\u017ei Elite takmer 230 km. <\/span><b>Okrem fandenia sa oplat\u00ed zastavi\u0165 aj kv\u00f4li sprievodn\u00e9mu kult\u00farnemu programu a\u00a0v\u00a0neposlednom rade kv\u00f4li hobby pretekom.<\/b><span style=\"font-weight: 400;\"> Komu sa nepodar\u00ed pr\u00eds\u0165, m\u00f4\u017ee sledova\u0165 priamy prenos aj na RTVS \u0160port.<\/span><\/p>\n<h2><b>Hobby jazda \u201eEnergia na bicykli\u201c<\/b><\/h2>\n<p><span style=\"font-weight: 400;\">Gro sprievodn\u00e9ho programu sa odohr\u00e1 v\u00a0sobotu, 24. j\u00fana. Jedn\u00fdm z\u00a0podujat\u00ed, ur\u010den\u00fdch pre verejnos\u0165, je hobby jazda \u201eEnergia na koles\u00e1ch\u201c, ktor\u00fa organizuje Cyklistick\u00fd klub Spartak Tlma\u010de. <\/span><b>Trasa meria 20 km, pri\u010dom posledn\u00e9ho na posledn\u00e9ho 4,4 kilometra bude odm\u00e1van\u00fd sprievodn\u00fdm vozidlom letm\u00fd \u0161tart a\u00a0pretekania chtiv\u00ed cyklisti sa m\u00f4\u017eu trochu \u201eponah\u00e1\u0148a\u0165\u201c.<\/b><span style=\"font-weight: 400;\"> Pre t\u00fdch najr\u00fdchlej\u0161\u00edch bud\u00fa pripraven\u00e9 vecn\u00e9 ceny, no po vyhodnoten\u00ed v\u00a0Energolande sa v\u0161etci z\u00fa\u010dastnen\u00ed m\u00f4\u017eu te\u0161i\u0165 na ob\u010derstvenie a\u00a0\u00fa\u010dastn\u00edcke bal\u00ed\u010dky.<\/span><\/p>\n<p><img loading=\"lazy\" decoding=\"async\" class=\"alignnone size-full wp-image-17530\" src=\"https:\/\/d2p6e6u75xmxt8.cloudfront.net\/4\/2023\/05\/02-5.webp\" alt=\"\" width=\"990\" height=\"660\" srcset=\"https:\/\/d2p6e6u75xmxt8.cloudfront.net\/4\/2023\/05\/02-5.webp 990w, https:\/\/d2p6e6u75xmxt8.cloudfront.net\/4\/2023\/05\/02-5-300x200.webp 300w, https:\/\/d2p6e6u75xmxt8.cloudfront.net\/4\/2023\/05\/02-5-768x512.webp 768w, https:\/\/d2p6e6u75xmxt8.cloudfront.net\/4\/2023\/05\/02-5-400x267.webp 400w, https:\/\/d2p6e6u75xmxt8.cloudfront.net\/4\/2023\/05\/02-5-272x182.webp 272w\" sizes=\"auto, (max-width: 990px) 100vw, 990px\" \/><\/p>\n<h2><\/h2>\n<h2><b>Preteky pre deti OPEN<\/b><\/h2>\n<p><span style=\"font-weight: 400;\">Na svoje si, u\u017e tradi\u010dne, pr\u00eddu aj \u201edrobci\u201c. Od t\u00fdch \u00faplne najmen\u0161\u00edch a\u017e po 10-ro\u010dn\u00fdch, svoju kateg\u00f3riu si n\u00e1jde ka\u017ed\u00fd. Pre deti s\u00fa pripraven\u00e9 dva okruhy \u2013 250 m pre dvojicu kateg\u00f3ri\u00ed mlad\u0161\u00edch pretek\u00e1rov a\u00a01320 m pre dvojicu kateg\u00f3ri\u00ed star\u0161\u00edch pretek\u00e1rov. <\/span><b>Sta\u010d\u00ed pr\u00eds\u0165, registrova\u0165 sa v\u00a0Mestskom kult\u00farnom stredisku, no najm\u00e4 ma\u0165 kv\u00f4li bezpe\u010dnosti prilbu a\u00a0hlavne pripraven\u00fd bicykel.<\/b><span style=\"font-weight: 400;\"> Pri najmen\u0161\u00edch je povolen\u00e9 aj odr\u00e1\u017eadlo.\u00a0<\/span><\/p>\n<p><img loading=\"lazy\" decoding=\"async\" class=\"alignnone size-full wp-image-17531\" src=\"https:\/\/d2p6e6u75xmxt8.cloudfront.net\/4\/2023\/05\/03-5.webp\" alt=\"\" width=\"990\" height=\"660\" srcset=\"https:\/\/d2p6e6u75xmxt8.cloudfront.net\/4\/2023\/05\/03-5.webp 990w, https:\/\/d2p6e6u75xmxt8.cloudfront.net\/4\/2023\/05\/03-5-300x200.webp 300w, https:\/\/d2p6e6u75xmxt8.cloudfront.net\/4\/2023\/05\/03-5-768x512.webp 768w, https:\/\/d2p6e6u75xmxt8.cloudfront.net\/4\/2023\/05\/03-5-400x267.webp 400w, https:\/\/d2p6e6u75xmxt8.cloudfront.net\/4\/2023\/05\/03-5-272x182.webp 272w\" sizes=\"auto, (max-width: 990px) 100vw, 990px\" \/><\/p>\n<p>&nbsp;<\/p>\n<p><span style=\"font-weight: 400;\">\u010ci u\u017e teda pr\u00eddete fandi\u0165, preteka\u0165 ako profesion\u00e1l, alebo amat\u00e9r, z\u00e1bava v\u00e1s neminie. Organiz\u00e1tori majstrovstiev dlhodobo myslia na ka\u017ed\u00fa vekov\u00fa kateg\u00f3riu a\u00a0sna\u017eia sa preteky spravi\u0165 zauj\u00edmav\u00fdmi ako div\u00e1kom na trati, tak aj t\u00fdm v\u00a0telev\u00edzii. <\/span><b>Z\u00e1rove\u0148 je to jedna z\u00a0posledn\u00fdch pr\u00edle\u017eitost\u00ed podpori\u0165 Pe\u0165a Sagana a\u00a0str\u00e1vi\u0165 pekn\u00fd v\u00edkend v\u00a0Tlma\u010doch.<\/b><\/p>\n<p><span style=\"font-weight: 400;\">V\u0161etko d\u00f4le\u017eit\u00e9, \u010dasy registr\u00e1cie i\u00a0\u0161tartov jednotliv\u00fdch kateg\u00f3ri\u00ed n\u00e1jdete v\u00a0propoz\u00edci\u00e1ch na <\/span><a href=\"https:\/\/www.cyklistikaszc.sk\/sk\/cestna-cyklistika\/kalendar\"><span style=\"font-weight: 400;\">str\u00e1nke SZC<\/span><\/a><span style=\"font-weight: 400;\">.<\/span><\/p>\n","protected":false},"excerpt":{"rendered":"<p>Tohoro\u010dn\u00e9 \u201emajstr\u00e1ky\u201c sa odohraj\u00fa v\u00a0bl\u00edzkosti mesta Tlma\u010de. O\u00a0z\u00e1bavu nebude n\u00fadza, \u010di u\u017e pr\u00edde\u0161 ako div\u00e1k, hobb\u00edk, alebo s\u00a0rodinou. Z\u00e1rove\u0148 to [&hellip;]<\/p>\n","protected":false},"author":172,"featured_media":17532,"comment_status":"open","ping_status":"open","sticky":false,"template":"","format":"standard","meta":{"footnotes":""},"categories":[34],"tags":[540,115,53,1386,147,248,1579,1027,481,46,37,91,179,474,523,741],"global-categories":[1074],"class_list":["post-17527","post","type-post","status-publish","format-standard","has-post-thumbnail","hentry","category-podujatia","tag-ceska-republika","tag-cestna-cyklistika","tag-deti","tag-deti-na-bicykli","tag-fanusikovia","tag-hobby","tag-kultura","tag-legendy","tag-majstrovstva","tag-peter-sagan","tag-podujatia","tag-pozvanka","tag-preteky","tag-rodinny-maraton","tag-slovensko","tag-tip-na-vylet","global-categories-cycling"],"yoast_head":"<!-- This site is optimized with the Yoast SEO Premium plugin v25.3 (Yoast SEO v25.9) - https:\/\/yoast.com\/wordpress\/plugins\/seo\/ -->\n<title>Spolo\u010dn\u00e9 majstrovstv\u00e1 SR a \u010cR v cestnej cyklistike - rozl\u00fa\u010dka s legendou<\/title>\n<meta name=\"description\" content=\"O\u00a0z\u00e1bavu nebude n\u00fadza, \u010di u\u017e pr\u00edde\u0161 ako div\u00e1k, hobb\u00edk, alebo s\u00a0rodinou. Z\u00e1rove\u0148 to bud\u00fa rozl\u00fa\u010dkov\u00e9 majstrovstv\u00e1 na\u0161ej legendy, Petra Sagana.\" \/>\n<meta name=\"robots\" content=\"index, follow, max-snippet:-1, max-image-preview:large, max-video-preview:-1\" \/>\n<link rel=\"canonical\" href=\"https:\/\/www.welovecycling.com\/sk\/2023\/05\/27\/spolocne-majstrovstva-sr-a-cr-v-cestnej-cyklistike-rozlucka-s-legendou\/\" \/>\n<meta property=\"og:locale\" content=\"sk_SK\" \/>\n<meta property=\"og:type\" content=\"article\" \/>\n<meta property=\"og:title\" content=\"Spolo\u010dn\u00e9 majstrovstv\u00e1 SR a \u010cR v cestnej cyklistike - rozl\u00fa\u010dka s legendou\" \/>\n<meta property=\"og:description\" content=\"O\u00a0z\u00e1bavu nebude n\u00fadza, \u010di u\u017e pr\u00edde\u0161 ako div\u00e1k, hobb\u00edk, alebo s\u00a0rodinou. Z\u00e1rove\u0148 to bud\u00fa rozl\u00fa\u010dkov\u00e9 majstrovstv\u00e1 na\u0161ej legendy, Petra Sagana.\" \/>\n<meta property=\"og:url\" content=\"https:\/\/www.welovecycling.com\/sk\/2023\/05\/27\/spolocne-majstrovstva-sr-a-cr-v-cestnej-cyklistike-rozlucka-s-legendou\/\" \/>\n<meta property=\"og:site_name\" content=\"\u0160koda We Love Cycling Slovensko\" \/>\n<meta property=\"article:published_time\" content=\"2023-05-27T08:00:05+00:00\" \/>\n<meta property=\"og:image\" content=\"https:\/\/d2p6e6u75xmxt8.cloudfront.net\/4\/2023\/05\/Titulka.webp\" \/>\n\t<meta property=\"og:image:width\" content=\"990\" \/>\n\t<meta property=\"og:image:height\" content=\"660\" \/>\n\t<meta property=\"og:image:type\" content=\"image\/webp\" \/>\n<meta name=\"author\" content=\"dominika\" \/>\n<meta name=\"twitter:card\" content=\"summary_large_image\" \/>\n<meta name=\"twitter:label1\" content=\"Written by\" \/>\n\t<meta name=\"twitter:data1\" content=\"We Love Cycling\" \/>\n\t<meta name=\"twitter:label2\" content=\"Est. reading time\" \/>\n\t<meta name=\"twitter:data2\" content=\"2\" \/>\n<script type=\"application\/ld+json\" class=\"yoast-schema-graph\">{\"@context\":\"https:\/\/schema.org\",\"@graph\":[{\"@type\":\"WebPage\",\"@id\":\"https:\/\/www.welovecycling.com\/sk\/2023\/05\/27\/spolocne-majstrovstva-sr-a-cr-v-cestnej-cyklistike-rozlucka-s-legendou\/\",\"url\":\"https:\/\/www.welovecycling.com\/sk\/2023\/05\/27\/spolocne-majstrovstva-sr-a-cr-v-cestnej-cyklistike-rozlucka-s-legendou\/\",\"name\":\"Spolo\u010dn\u00e9 majstrovstv\u00e1 SR a \u010cR v cestnej cyklistike - rozl\u00fa\u010dka s legendou\",\"isPartOf\":{\"@id\":\"https:\/\/www.welovecycling.com\/sk\/#website\"},\"primaryImageOfPage\":{\"@id\":\"https:\/\/www.welovecycling.com\/sk\/2023\/05\/27\/spolocne-majstrovstva-sr-a-cr-v-cestnej-cyklistike-rozlucka-s-legendou\/#primaryimage\"},\"image\":{\"@id\":\"https:\/\/www.welovecycling.com\/sk\/2023\/05\/27\/spolocne-majstrovstva-sr-a-cr-v-cestnej-cyklistike-rozlucka-s-legendou\/#primaryimage\"},\"thumbnailUrl\":\"https:\/\/d2p6e6u75xmxt8.cloudfront.net\/4\/2023\/05\/Titulka.webp\",\"datePublished\":\"2023-05-27T08:00:05+00:00\",\"author\":{\"@id\":\"https:\/\/www.welovecycling.com\/sk\/#\/schema\/person\/533b62b98b6c41bd5135ebfb1f742624\"},\"description\":\"O\u00a0z\u00e1bavu nebude n\u00fadza, \u010di u\u017e pr\u00edde\u0161 ako div\u00e1k, hobb\u00edk, alebo s\u00a0rodinou. Z\u00e1rove\u0148 to bud\u00fa rozl\u00fa\u010dkov\u00e9 majstrovstv\u00e1 na\u0161ej legendy, Petra Sagana.\",\"breadcrumb\":{\"@id\":\"https:\/\/www.welovecycling.com\/sk\/2023\/05\/27\/spolocne-majstrovstva-sr-a-cr-v-cestnej-cyklistike-rozlucka-s-legendou\/#breadcrumb\"},\"inLanguage\":\"sk-SK\",\"potentialAction\":[{\"@type\":\"ReadAction\",\"target\":[\"https:\/\/www.welovecycling.com\/sk\/2023\/05\/27\/spolocne-majstrovstva-sr-a-cr-v-cestnej-cyklistike-rozlucka-s-legendou\/\"]}]},{\"@type\":\"ImageObject\",\"inLanguage\":\"sk-SK\",\"@id\":\"https:\/\/www.welovecycling.com\/sk\/2023\/05\/27\/spolocne-majstrovstva-sr-a-cr-v-cestnej-cyklistike-rozlucka-s-legendou\/#primaryimage\",\"url\":\"https:\/\/d2p6e6u75xmxt8.cloudfront.net\/4\/2023\/05\/Titulka.webp\",\"contentUrl\":\"https:\/\/d2p6e6u75xmxt8.cloudfront.net\/4\/2023\/05\/Titulka.webp\",\"width\":990,\"height\":660},{\"@type\":\"BreadcrumbList\",\"@id\":\"https:\/\/www.welovecycling.com\/sk\/2023\/05\/27\/spolocne-majstrovstva-sr-a-cr-v-cestnej-cyklistike-rozlucka-s-legendou\/#breadcrumb\",\"itemListElement\":[{\"@type\":\"ListItem\",\"position\":1,\"name\":\"Home\",\"item\":\"https:\/\/www.welovecycling.com\/sk\/\"},{\"@type\":\"ListItem\",\"position\":2,\"name\":\"Spolo\u010dn\u00e9 majstrovstv\u00e1 SR a \u010cR v cestnej cyklistike &#8211; rozl\u00fa\u010dka s legendou\"}]},{\"@type\":\"WebSite\",\"@id\":\"https:\/\/www.welovecycling.com\/sk\/#website\",\"url\":\"https:\/\/www.welovecycling.com\/sk\/\",\"name\":\"\u0160koda We Love Cycling Slovensko\",\"description\":\"\u0160koda We Love Cycling Slovensko je v\u00e1\u0161 ka\u017edodenn\u00fd zdroj noviniek a in\u0161pir\u00e1cie z sveta cyklistiky\",\"potentialAction\":[{\"@type\":\"SearchAction\",\"target\":{\"@type\":\"EntryPoint\",\"urlTemplate\":\"https:\/\/www.welovecycling.com\/sk\/?s={search_term_string}\"},\"query-input\":{\"@type\":\"PropertyValueSpecification\",\"valueRequired\":true,\"valueName\":\"search_term_string\"}}],\"inLanguage\":\"sk-SK\"},{\"@type\":\"Person\",\"@id\":\"https:\/\/www.welovecycling.com\/sk\/#\/schema\/person\/533b62b98b6c41bd5135ebfb1f742624\",\"name\":\"dominika\",\"image\":{\"@type\":\"ImageObject\",\"inLanguage\":\"sk-SK\",\"@id\":\"https:\/\/www.welovecycling.com\/sk\/#\/schema\/person\/image\/\",\"url\":\"https:\/\/secure.gravatar.com\/avatar\/ded6f274ba2ec3e17fff153f7d9d96a4b33c2cb63907f75d9a5309c599a7f3e6?s=96&d=mm&r=g\",\"contentUrl\":\"https:\/\/secure.gravatar.com\/avatar\/ded6f274ba2ec3e17fff153f7d9d96a4b33c2cb63907f75d9a5309c599a7f3e6?s=96&d=mm&r=g\",\"caption\":\"dominika\"},\"url\":\"https:\/\/www.welovecycling.com\/sk\/author\/dominika\/\"}]}<\/script>\n<!-- \/ Yoast SEO Premium plugin. -->","yoast_head_json":{"title":"Spolo\u010dn\u00e9 majstrovstv\u00e1 SR a \u010cR v cestnej cyklistike - rozl\u00fa\u010dka s legendou","description":"O\u00a0z\u00e1bavu nebude n\u00fadza, \u010di u\u017e pr\u00edde\u0161 ako div\u00e1k, hobb\u00edk, alebo s\u00a0rodinou. Z\u00e1rove\u0148 to bud\u00fa rozl\u00fa\u010dkov\u00e9 majstrovstv\u00e1 na\u0161ej legendy, Petra Sagana.","robots":{"index":"index","follow":"follow","max-snippet":"max-snippet:-1","max-image-preview":"max-image-preview:large","max-video-preview":"max-video-preview:-1"},"canonical":"https:\/\/www.welovecycling.com\/sk\/2023\/05\/27\/spolocne-majstrovstva-sr-a-cr-v-cestnej-cyklistike-rozlucka-s-legendou\/","og_locale":"sk_SK","og_type":"article","og_title":"Spolo\u010dn\u00e9 majstrovstv\u00e1 SR a \u010cR v cestnej cyklistike - rozl\u00fa\u010dka s legendou","og_description":"O\u00a0z\u00e1bavu nebude n\u00fadza, \u010di u\u017e pr\u00edde\u0161 ako div\u00e1k, hobb\u00edk, alebo s\u00a0rodinou. Z\u00e1rove\u0148 to bud\u00fa rozl\u00fa\u010dkov\u00e9 majstrovstv\u00e1 na\u0161ej legendy, Petra Sagana.","og_url":"https:\/\/www.welovecycling.com\/sk\/2023\/05\/27\/spolocne-majstrovstva-sr-a-cr-v-cestnej-cyklistike-rozlucka-s-legendou\/","og_site_name":"\u0160koda We Love Cycling Slovensko","article_published_time":"2023-05-27T08:00:05+00:00","og_image":[{"width":990,"height":660,"url":"https:\/\/d2p6e6u75xmxt8.cloudfront.net\/4\/2023\/05\/Titulka.webp","type":"image\/webp"}],"author":"dominika","twitter_card":"summary_large_image","twitter_misc":{"Written by":"We Love Cycling","Est. reading time":"2"},"schema":{"@context":"https:\/\/schema.org","@graph":[{"@type":"WebPage","@id":"https:\/\/www.welovecycling.com\/sk\/2023\/05\/27\/spolocne-majstrovstva-sr-a-cr-v-cestnej-cyklistike-rozlucka-s-legendou\/","url":"https:\/\/www.welovecycling.com\/sk\/2023\/05\/27\/spolocne-majstrovstva-sr-a-cr-v-cestnej-cyklistike-rozlucka-s-legendou\/","name":"Spolo\u010dn\u00e9 majstrovstv\u00e1 SR a \u010cR v cestnej cyklistike - rozl\u00fa\u010dka s legendou","isPartOf":{"@id":"https:\/\/www.welovecycling.com\/sk\/#website"},"primaryImageOfPage":{"@id":"https:\/\/www.welovecycling.com\/sk\/2023\/05\/27\/spolocne-majstrovstva-sr-a-cr-v-cestnej-cyklistike-rozlucka-s-legendou\/#primaryimage"},"image":{"@id":"https:\/\/www.welovecycling.com\/sk\/2023\/05\/27\/spolocne-majstrovstva-sr-a-cr-v-cestnej-cyklistike-rozlucka-s-legendou\/#primaryimage"},"thumbnailUrl":"https:\/\/d2p6e6u75xmxt8.cloudfront.net\/4\/2023\/05\/Titulka.webp","datePublished":"2023-05-27T08:00:05+00:00","author":{"@id":"https:\/\/www.welovecycling.com\/sk\/#\/schema\/person\/533b62b98b6c41bd5135ebfb1f742624"},"description":"O\u00a0z\u00e1bavu nebude n\u00fadza, \u010di u\u017e pr\u00edde\u0161 ako div\u00e1k, hobb\u00edk, alebo s\u00a0rodinou. Z\u00e1rove\u0148 to bud\u00fa rozl\u00fa\u010dkov\u00e9 majstrovstv\u00e1 na\u0161ej legendy, Petra Sagana.","breadcrumb":{"@id":"https:\/\/www.welovecycling.com\/sk\/2023\/05\/27\/spolocne-majstrovstva-sr-a-cr-v-cestnej-cyklistike-rozlucka-s-legendou\/#breadcrumb"},"inLanguage":"sk-SK","potentialAction":[{"@type":"ReadAction","target":["https:\/\/www.welovecycling.com\/sk\/2023\/05\/27\/spolocne-majstrovstva-sr-a-cr-v-cestnej-cyklistike-rozlucka-s-legendou\/"]}]},{"@type":"ImageObject","inLanguage":"sk-SK","@id":"https:\/\/www.welovecycling.com\/sk\/2023\/05\/27\/spolocne-majstrovstva-sr-a-cr-v-cestnej-cyklistike-rozlucka-s-legendou\/#primaryimage","url":"https:\/\/d2p6e6u75xmxt8.cloudfront.net\/4\/2023\/05\/Titulka.webp","contentUrl":"https:\/\/d2p6e6u75xmxt8.cloudfront.net\/4\/2023\/05\/Titulka.webp","width":990,"height":660},{"@type":"BreadcrumbList","@id":"https:\/\/www.welovecycling.com\/sk\/2023\/05\/27\/spolocne-majstrovstva-sr-a-cr-v-cestnej-cyklistike-rozlucka-s-legendou\/#breadcrumb","itemListElement":[{"@type":"ListItem","position":1,"name":"Home","item":"https:\/\/www.welovecycling.com\/sk\/"},{"@type":"ListItem","position":2,"name":"Spolo\u010dn\u00e9 majstrovstv\u00e1 SR a \u010cR v cestnej cyklistike &#8211; rozl\u00fa\u010dka s legendou"}]},{"@type":"WebSite","@id":"https:\/\/www.welovecycling.com\/sk\/#website","url":"https:\/\/www.welovecycling.com\/sk\/","name":"\u0160koda We Love Cycling Slovensko","description":"\u0160koda We Love Cycling Slovensko je v\u00e1\u0161 ka\u017edodenn\u00fd zdroj noviniek a in\u0161pir\u00e1cie z sveta cyklistiky","potentialAction":[{"@type":"SearchAction","target":{"@type":"EntryPoint","urlTemplate":"https:\/\/www.welovecycling.com\/sk\/?s={search_term_string}"},"query-input":{"@type":"PropertyValueSpecification","valueRequired":true,"valueName":"search_term_string"}}],"inLanguage":"sk-SK"},{"@type":"Person","@id":"https:\/\/www.welovecycling.com\/sk\/#\/schema\/person\/533b62b98b6c41bd5135ebfb1f742624","name":"dominika","image":{"@type":"ImageObject","inLanguage":"sk-SK","@id":"https:\/\/www.welovecycling.com\/sk\/#\/schema\/person\/image\/","url":"https:\/\/secure.gravatar.com\/avatar\/ded6f274ba2ec3e17fff153f7d9d96a4b33c2cb63907f75d9a5309c599a7f3e6?s=96&d=mm&r=g","contentUrl":"https:\/\/secure.gravatar.com\/avatar\/ded6f274ba2ec3e17fff153f7d9d96a4b33c2cb63907f75d9a5309c599a7f3e6?s=96&d=mm&r=g","caption":"dominika"},"url":"https:\/\/www.welovecycling.com\/sk\/author\/dominika\/"}]}},"_links":{"self":[{"href":"https:\/\/www.welovecycling.com\/sk\/wp-json\/wp\/v2\/posts\/17527","targetHints":{"allow":["GET"]}}],"collection":[{"href":"https:\/\/www.welovecycling.com\/sk\/wp-json\/wp\/v2\/posts"}],"about":[{"href":"https:\/\/www.welovecycling.com\/sk\/wp-json\/wp\/v2\/types\/post"}],"author":[{"embeddable":true,"href":"https:\/\/www.welovecycling.com\/sk\/wp-json\/wp\/v2\/users\/172"}],"replies":[{"embeddable":true,"href":"https:\/\/www.welovecycling.com\/sk\/wp-json\/wp\/v2\/comments?post=17527"}],"version-history":[{"count":4,"href":"https:\/\/www.welovecycling.com\/sk\/wp-json\/wp\/v2\/posts\/17527\/revisions"}],"predecessor-version":[{"id":17535,"href":"https:\/\/www.welovecycling.com\/sk\/wp-json\/wp\/v2\/posts\/17527\/revisions\/17535"}],"wp:featuredmedia":[{"embeddable":true,"href":"https:\/\/www.welovecycling.com\/sk\/wp-json\/wp\/v2\/media\/17532"}],"wp:attachment":[{"href":"https:\/\/www.welovecycling.com\/sk\/wp-json\/wp\/v2\/media?parent=17527"}],"wp:term":[{"taxonomy":"category","embeddable":true,"href":"https:\/\/www.welovecycling.com\/sk\/wp-json\/wp\/v2\/categories?post=17527"},{"taxonomy":"post_tag","embeddable":true,"href":"https:\/\/www.welovecycling.com\/sk\/wp-json\/wp\/v2\/tags?post=17527"},{"taxonomy":"global-categories","embeddable":true,"href":"https:\/\/www.welovecycling.com\/sk\/wp-json\/wp\/v2\/global-categories?post=17527"}],"curies":[{"name":"wp","href":"https:\/\/api.w.org\/{rel}","templated":true}]}}