{"id":17486,"date":"2023-05-25T10:10:29","date_gmt":"2023-05-25T08:10:29","guid":{"rendered":"https:\/\/www.welovecycling.com\/sk\/?p=17486"},"modified":"2023-05-30T10:33:54","modified_gmt":"2023-05-30T08:33:54","slug":"reportaz-skoda-mtb-maraton-rajecke-teplice-rodinny-vylet-za-family-tratou","status":"publish","type":"post","link":"https:\/\/www.welovecycling.com\/sk\/2023\/05\/25\/reportaz-skoda-mtb-maraton-rajecke-teplice-rodinny-vylet-za-family-tratou\/","title":{"rendered":"Report\u00e1\u017e: \u0160koda MTB marat\u00f3n Rajeck\u00e9 Teplice &#8211; rodinn\u00fd v\u00fdlet za FAMILY tra\u0165ou"},"content":{"rendered":"<p><strong>Jubilejn\u00fd desiaty ro\u010dn\u00edk \u0160koda Bike Open Tour sa pre mnoh\u00fdch bikerov rozbehol podujat\u00edm u\u017e vo <a href=\"https:\/\/www.welovecycling.com\/sk\/2023\/05\/03\/reportaz-skoda-svatojursky-mtb-maraton-sezona-konecne-zahajena\/\">Sv\u00e4tom Jure<\/a>, no my sme si na svoje \u00favodn\u00e9 tohtoro\u010dn\u00e9 preteky po\u010dkali tro\u0161ku dlh\u0161ie a sez\u00f3nu sme od\u0161tartovali v n\u00e1dhernom prostred\u00ed k\u00fape\u013en\u00e9ho mesta Rajeck\u00e9 Teplice,\u00a0 na trati s n\u00e1zvom FAMILY &#8211; rodinn\u00e9 t\u00edmy. <\/strong><!--more--><\/p>\n<p><span style=\"font-weight: 400;\">V z\u00e1zem\u00ed, ktor\u00e9 bolo lokalizovan\u00e9 v priestoroch k\u00fapaliska Laura, prebiehala prezent\u00e1cia pretek\u00e1rov u\u017e od piatku vrcholili pr\u00edpravy \u0161tartu a posledn\u00e9 kontroly trat\u00ed.\u00a0 Od skor\u00e9ho sobotn\u00e9ho r\u00e1na to u\u017e v z\u00e1zem\u00ed riadne \u017eilo, <strong>preplnen\u00e9 bolo nielen nedo\u010dkav\u00fdmi pretek\u00e1rmi v\u0161etk\u00fdch vekov\u00fdch a v\u00fdkonnostn\u00fdch kateg\u00f3rii, ich celkov\u00fd po\u010det dosiahol magick\u00fa hranicu 666,<\/strong> ale aj ich najv\u00e4\u010d\u0161\u00edmi fan\u00fa\u0161ikmi a v neposlednom rade aj organiz\u00e1tormi.\u00a0 Po\u010dasie bolo akoby vybaven\u00e9 na objedn\u00e1vku, slnie\u010dko, teplo a k tomu jemn\u00fd v\u00e1nok, jednoducho zna\u010dka ide\u00e1l.\u00a0<\/span><\/p>\n<p><img loading=\"lazy\" decoding=\"async\" class=\"alignnone size-full wp-image-17492\" src=\"https:\/\/d2p6e6u75xmxt8.cloudfront.net\/4\/2023\/05\/07-5.webp\" alt=\"\" width=\"990\" height=\"660\" srcset=\"https:\/\/d2p6e6u75xmxt8.cloudfront.net\/4\/2023\/05\/07-5.webp 990w, https:\/\/d2p6e6u75xmxt8.cloudfront.net\/4\/2023\/05\/07-5-300x200.webp 300w, https:\/\/d2p6e6u75xmxt8.cloudfront.net\/4\/2023\/05\/07-5-768x512.webp 768w, https:\/\/d2p6e6u75xmxt8.cloudfront.net\/4\/2023\/05\/07-5-400x267.webp 400w, https:\/\/d2p6e6u75xmxt8.cloudfront.net\/4\/2023\/05\/07-5-272x182.webp 272w\" sizes=\"auto, (max-width: 990px) 100vw, 990px\" \/><\/p>\n<p>&nbsp;<\/p>\n<p><span style=\"font-weight: 400;\">\u0160koda MTB marat\u00f3n Rajeck\u00e9 Teplice pon\u00fakol op\u00e4\u0165 trate troch obtia\u017enost\u00ed, najdlh\u0161iu 80 km\/2 300m pre najvytrvalej\u0161\u00edch, stredn\u00fa v d\u013a\u017eke 50 km\/1 390 m a najkrat\u0161iu 18,5 km\/420 m, ktor\u00fa zvl\u00e1dnu aj za\u010d\u00ednaj\u00faci cyklisti, ml\u00e1de\u017e a deti. \u0160tart jednotliv\u00fdch kateg\u00f3ri\u00ed bol individu\u00e1lny, prv\u00fd \u0161tartov\u00fd v\u00fdstrel zaznel o 9.00 hod., t\u00e1 na\u0161a \u201crodinn\u00e1\u201d sa na \u0161tartovaciu \u010diaru postavila\u00a0 ako posledn\u00e1 o 10.30.<strong> Priestor dostali samozrejme aj E-biky a to v hne\u010f v dvoch kateg\u00f3ri\u00e1ch a nech\u00fdbala ani kateg\u00f3ria GRAVEL.<\/strong><\/span><\/p>\n<p><span style=\"font-weight: 400;\">E\u0161te v\u00a0 piatok, de\u0148 pred konan\u00edm pretekov, sa dozved\u00e1me, \u017ee v\u0161etky trate bud\u00fa skr\u00e1ten\u00e9 o posledn\u00fd \u201cl\u00fa\u010dny\u201d \u00fasek v d\u013a\u017eke 5,5 km z d\u00f4vodu intenz\u00edvnych da\u017e\u010fov z predo\u0161l\u00e9ho t\u00fd\u017ed\u0148a.\u00a0<\/span><\/p>\n<h2><b>S kamar\u00e1tmi aj na koniec sveta\u00a0<\/b><\/h2>\n<p><span style=\"font-weight: 400;\">Tieto preteky sme po\u0148ali rodinne a na v\u00edkendov\u00fd v\u00fdlet sme sa vybrali v\u0161etci \u0161tyria\u00a0 aj s 5-mesa\u010dn\u00fdm Alexom, kamo\u0161kou Katkou, jej dvoma chalanmi Kubkom a Jakubom\u00a0 a man\u017eelom Du\u0161anom. Po celkom nekone\u010dnej piatkovej ceste z Ko\u0161\u00edc do Rajeck\u00fdch sme vybavili prezent\u00e1ciu u\u017e v piatok podve\u010der, <strong>prebehli sme sa na bikoch po okol\u00ed a deck\u00e1 objavili n\u00e1dhern\u00fd pumptrack v are\u00e1li z\u00e1kladnej \u0161koly. Toto miesto sa stalo ich favoritom po zbytok v\u00fdletu.<\/strong> Ve\u013ek\u00fd palec hore a chcelo by to viac tak\u00fdch are\u00e1lov v \u0161kol\u00e1ch.\u00a0<\/span><\/p>\n<div id='gallery-1' class='gallery galleryid-17486 gallery-columns-2 gallery-size-full'><figure class='gallery-item'>\n\t\t\t<div class='gallery-icon landscape'>\n\t\t\t\t<a href='https:\/\/d2p6e6u75xmxt8.cloudfront.net\/4\/2023\/05\/00.webp'><img loading=\"lazy\" decoding=\"async\" width=\"990\" height=\"660\" src=\"https:\/\/d2p6e6u75xmxt8.cloudfront.net\/4\/2023\/05\/00.webp\" class=\"attachment-full size-full\" alt=\"\" srcset=\"https:\/\/d2p6e6u75xmxt8.cloudfront.net\/4\/2023\/05\/00.webp 990w, https:\/\/d2p6e6u75xmxt8.cloudfront.net\/4\/2023\/05\/00-300x200.webp 300w, https:\/\/d2p6e6u75xmxt8.cloudfront.net\/4\/2023\/05\/00-768x512.webp 768w, https:\/\/d2p6e6u75xmxt8.cloudfront.net\/4\/2023\/05\/00-400x267.webp 400w, https:\/\/d2p6e6u75xmxt8.cloudfront.net\/4\/2023\/05\/00-272x182.webp 272w\" sizes=\"auto, (max-width: 990px) 100vw, 990px\" \/><\/a>\n\t\t\t<\/div><\/figure><figure class='gallery-item'>\n\t\t\t<div class='gallery-icon landscape'>\n\t\t\t\t<a href='https:\/\/d2p6e6u75xmxt8.cloudfront.net\/4\/2023\/05\/03-4.webp'><img loading=\"lazy\" decoding=\"async\" width=\"990\" height=\"660\" src=\"https:\/\/d2p6e6u75xmxt8.cloudfront.net\/4\/2023\/05\/03-4.webp\" class=\"attachment-full size-full\" alt=\"\" srcset=\"https:\/\/d2p6e6u75xmxt8.cloudfront.net\/4\/2023\/05\/03-4.webp 990w, https:\/\/d2p6e6u75xmxt8.cloudfront.net\/4\/2023\/05\/03-4-300x200.webp 300w, https:\/\/d2p6e6u75xmxt8.cloudfront.net\/4\/2023\/05\/03-4-768x512.webp 768w, https:\/\/d2p6e6u75xmxt8.cloudfront.net\/4\/2023\/05\/03-4-400x267.webp 400w, https:\/\/d2p6e6u75xmxt8.cloudfront.net\/4\/2023\/05\/03-4-272x182.webp 272w\" sizes=\"auto, (max-width: 990px) 100vw, 990px\" \/><\/a>\n\t\t\t<\/div><\/figure>\n\t\t<\/div>\n\n<p>&nbsp;<\/p>\n<p><span style=\"font-weight: 400;\">E\u0161te v piatok som si nebola celkom ist\u00e1, v akom zlo\u017een\u00ed na preteky nast\u00fapime (s touto my\u0161lienkou som sa hrala u\u017e dobr\u00fd t\u00fd\u017ede\u0148), \u010di vezmem Barbori do voz\u00edka alebo jej vezmeme bicykel a potiahnem ju na len na lane, alebo zbal\u00edm aj Barborku , aj voz\u00edk, aj bicykel a uvid\u00edme, ako to zvl\u00e1dneme. <strong>Pre istotu som si pripravila aj Shotgun seda\u010dku, no moje premotivovan\u00e9 die\u0165a mi od piatku opakovalo, \u017ee ona do voz\u00edka ani n\u00e1hodou nenast\u00fapi a ide sama na bicykli.<\/strong> Ja, realistick\u00e1 matka, som\u00a0 triezvo zhodnotila, \u017ee vo veku necel\u00fdch \u0161tyroch rokov, na bicykli ve\u013ekosti 12, na tejto trati, aj ked skr\u00e1tenej, je tento scen\u00e1r s ur\u010ditos\u0165ou rovnaj\u00facou sa istote, nere\u00e1lny.\u00a0<\/span><\/p>\n<p><a href=\"https:\/\/www.instagram.com\/p\/CsMd7zTs1Yo\/\">https:\/\/www.instagram.com\/p\/CsMd7zTs1Yo\/<\/a><\/p>\n<p><span style=\"font-weight: 400;\">Na ve\u010deri v miestnom remeselnom pivovare Flamm, ktor\u00fd odpor\u00fa\u010dame nav\u0161t\u00edvi\u0165,\u00a0 si v\u0161etci spolu prech\u00e1dzame sobotn\u00fd program a preteky a nakoniec sa s Katkin\u00fdm man\u017eelom dohodneme, \u017ee p\u00f4jde spolu so mnou a pom\u00f4\u017ete mi s Barborkou. <strong>Ako st\u00e1le hovor\u00edm,\u00a0 niet nad dobr\u00fdch kamo\u0161ov a t\u00edmov\u00fa pr\u00e1cu.\u00a0<\/strong><\/span><\/p>\n<div id='gallery-2' class='gallery galleryid-17486 gallery-columns-2 gallery-size-full'><figure class='gallery-item'>\n\t\t\t<div class='gallery-icon landscape'>\n\t\t\t\t<a href='https:\/\/d2p6e6u75xmxt8.cloudfront.net\/4\/2023\/05\/wlc_01.webp'><img loading=\"lazy\" decoding=\"async\" width=\"990\" height=\"660\" src=\"https:\/\/d2p6e6u75xmxt8.cloudfront.net\/4\/2023\/05\/wlc_01.webp\" class=\"attachment-full size-full\" alt=\"\" srcset=\"https:\/\/d2p6e6u75xmxt8.cloudfront.net\/4\/2023\/05\/wlc_01.webp 990w, https:\/\/d2p6e6u75xmxt8.cloudfront.net\/4\/2023\/05\/wlc_01-300x200.webp 300w, https:\/\/d2p6e6u75xmxt8.cloudfront.net\/4\/2023\/05\/wlc_01-768x512.webp 768w, https:\/\/d2p6e6u75xmxt8.cloudfront.net\/4\/2023\/05\/wlc_01-400x267.webp 400w, https:\/\/d2p6e6u75xmxt8.cloudfront.net\/4\/2023\/05\/wlc_01-272x182.webp 272w\" sizes=\"auto, (max-width: 990px) 100vw, 990px\" \/><\/a>\n\t\t\t<\/div><\/figure><figure class='gallery-item'>\n\t\t\t<div class='gallery-icon landscape'>\n\t\t\t\t<a href='https:\/\/d2p6e6u75xmxt8.cloudfront.net\/4\/2023\/05\/02-4.webp'><img loading=\"lazy\" decoding=\"async\" width=\"990\" height=\"660\" src=\"https:\/\/d2p6e6u75xmxt8.cloudfront.net\/4\/2023\/05\/02-4.webp\" class=\"attachment-full size-full\" alt=\"\" srcset=\"https:\/\/d2p6e6u75xmxt8.cloudfront.net\/4\/2023\/05\/02-4.webp 990w, https:\/\/d2p6e6u75xmxt8.cloudfront.net\/4\/2023\/05\/02-4-300x200.webp 300w, https:\/\/d2p6e6u75xmxt8.cloudfront.net\/4\/2023\/05\/02-4-768x512.webp 768w, https:\/\/d2p6e6u75xmxt8.cloudfront.net\/4\/2023\/05\/02-4-400x267.webp 400w, https:\/\/d2p6e6u75xmxt8.cloudfront.net\/4\/2023\/05\/02-4-272x182.webp 272w\" sizes=\"auto, (max-width: 990px) 100vw, 990px\" \/><\/a>\n\t\t\t<\/div><\/figure>\n\t\t<\/div>\n\n<p>&nbsp;<\/p>\n<h2><b>Pripravi\u0165 sa,\u00a0 pozor, FAMILY kateg\u00f3ria \u0161tartuje\u00a0<\/b><\/h2>\n<p><span style=\"font-weight: 400;\">Sobota r\u00e1no neprebieha zrovna ide\u00e1lne, obe deck\u00e1 vstali \u201c\u013eavou\u201d nohou, Alex je mrzut\u00fd, Barborka odmieta spolupracova\u0165, nakoniec som rada, \u017ee n\u00e1\u0161 \u0161tart je a\u017e o 10.30 a nie sme v \u010dasovom strese.\u00a0<\/span><\/p>\n<p><span style=\"font-weight: 400;\"><strong>Pripravujem svoj bicykel, cyklovoz\u00edk, detsk\u00fd bicykel, do ruksaka bal\u00edm Shotgun lano, nejak\u00e9 sladkosti a ovocie pre Barbori, chrumky, aby som ju nal\u00e1kala do voz\u00edka,\u00a0 n\u00e1hradn\u00e9 du\u0161e r\u00f4znych rozmerov, mal\u00fa pumpu, z\u00e1kladn\u00e9 n\u00e1radie, nejak\u00e9 oble\u010dko a drobnosti.<\/strong> V druhej f\u00e1ze pripravujem z\u00e1kladn\u00fd \u201cbal\u00ed\u010dek\u201d pre mal\u00e9ho Alexa a man\u017eela, ktor\u00ed maj\u00fa ko\u010dikovacie kole\u010dko po Rajeck\u00fdch a okol\u00ed, ke\u010f\u017ee netu\u0161\u00edm, ako dlho sa zdr\u017e\u00edme na trati.\u00a0<\/span><\/p>\n<p><span style=\"font-weight: 400;\">Po intenz\u00edvnej zahrievacej pr\u00edpravnej hodinke m\u00e1m celkom dos\u0165, no v\u0161etci \u010dlenovia rodiny s\u00fa pripraven\u00ed, my sme oble\u010den\u00e9, \u0161tartov\u00e9 \u010d\u00edsla s\u00fa na bicykloch, Alex zahajuje sp\u00e1nok v ko\u010d\u00edku a spolu vyr\u00e1\u017eame na \u0161tart.\u00a0 Barborka je vo voz\u00edku, detsk\u00fd bicykel je na voz\u00edku,\u00a0 a ja u\u017e po \u00favodnom km \u0161\u00edpim, \u017ee dnes to bude ur\u010dite zauj\u00edmav\u00e9. Op\u00e4\u0165 vyzer\u00e1me sk\u00f4r ako pojazdn\u00fd cirkus,\u00a0 ne\u017e \u00fa\u010dastn\u00edci MTB marat\u00f3nu. <\/span><\/p>\n<p><span style=\"font-weight: 400;\"><strong>V duchu sa samej seba p\u00fdtam, pre\u010do toto rob\u00edm, no tieto pochybn\u00e9 \u010dierne my\u0161lienky s\u00fa r\u00fdchlo pre\u010d v momente, ked sa stretneme na \u0161tarte s Katkou a chalanmi,<\/strong> t\u00ed spolu s ostatn\u00fdmi deckami sr\u0161ia nekone\u010dnou energiou, rados\u0165ou, nad\u0161en\u00edm a o\u010dk\u00e1 im \u017eiaria o\u010dak\u00e1van\u00edm.\u00a0<\/span><\/p>\n<p><img loading=\"lazy\" decoding=\"async\" class=\"alignnone size-extra-large wp-image-17498\" src=\"https:\/\/d2p6e6u75xmxt8.cloudfront.net\/4\/2023\/05\/23.webp\" alt=\"\" width=\"990\" height=\"660\" srcset=\"https:\/\/d2p6e6u75xmxt8.cloudfront.net\/4\/2023\/05\/23.webp 990w, https:\/\/d2p6e6u75xmxt8.cloudfront.net\/4\/2023\/05\/23-300x200.webp 300w, https:\/\/d2p6e6u75xmxt8.cloudfront.net\/4\/2023\/05\/23-768x512.webp 768w, https:\/\/d2p6e6u75xmxt8.cloudfront.net\/4\/2023\/05\/23-400x267.webp 400w, https:\/\/d2p6e6u75xmxt8.cloudfront.net\/4\/2023\/05\/23-272x182.webp 272w\" sizes=\"auto, (max-width: 990px) 100vw, 990px\" \/><\/p>\n<p>&nbsp;<\/p>\n<p><span style=\"font-weight: 400;\">Barbori je suver\u00e9nne najmlad\u0161\u00ed \u00fa\u010dastn\u00edk, poniektor\u00ed div\u00e1ci sa pri nej pozastavuj\u00fa, e\u0161te ani nevy\u0161tartovala a u\u017e jej fandia. <strong>No s\u00fa aj tak\u00ed, \u010do si\u00a0 neodpustia si koment\u00e1r v znen\u00ed \u201ctoto t\u00e1 mal\u00e1 nem\u00f4\u017ee da\u0165\u201d.<\/strong> T\u00fdmto ich pozdravujeme a \u010fakujeme za pozit\u00edvnu motiv\u00e1ciu.\u00a0<\/span><\/p>\n<p><span style=\"font-weight: 400;\">Je od\u0161tartovan\u00e9, a my si upev\u0148ujeme ist\u00fa poz\u00edciu na chvoste. Barbori v \u00favodnom asfaltovom \u00faseku \u0161liape do ped\u00e1lov ako o du\u0161u,<strong> ja si u\u017e\u00edvam \u0165ahanie pr\u00e1zdneho voz\u00edka, lebo viem, \u017ee \u010dochv\u00ed\u013ea u\u017e bude v\u0161etko inak.<\/strong> Nasleduj\u00faci \u00fasek je po\u013en\u00e1 cesta,\u00a0 kde Barborku chv\u00ed\u013eku potla\u010d\u00edme. Po p\u00e1r min\u00fatach u\u017e ale vy\u0165ahujeme lano a bez probl\u00e9mov pokra\u010dujeme \u010falej. My si u\u017e\u00edvame v\u00fdh\u013eady, Barbori v\u0161etky ml\u00e1ky, ka\u017ed\u00fd si pri\u0161iel na svoje. Pomaly dobiehame s\u00faperov, navz\u00e1jom sa podpor\u00edme a pokra\u010dujeme v dobrej n\u00e1lade \u010falej.\u00a0<\/span><\/p>\n<div id='gallery-3' class='gallery galleryid-17486 gallery-columns-2 gallery-size-full'><figure class='gallery-item'>\n\t\t\t<div class='gallery-icon landscape'>\n\t\t\t\t<a href='https:\/\/d2p6e6u75xmxt8.cloudfront.net\/4\/2023\/05\/08-4.webp'><img loading=\"lazy\" decoding=\"async\" width=\"990\" height=\"660\" src=\"https:\/\/d2p6e6u75xmxt8.cloudfront.net\/4\/2023\/05\/08-4.webp\" class=\"attachment-full size-full\" alt=\"\" srcset=\"https:\/\/d2p6e6u75xmxt8.cloudfront.net\/4\/2023\/05\/08-4.webp 990w, https:\/\/d2p6e6u75xmxt8.cloudfront.net\/4\/2023\/05\/08-4-300x200.webp 300w, https:\/\/d2p6e6u75xmxt8.cloudfront.net\/4\/2023\/05\/08-4-768x512.webp 768w, https:\/\/d2p6e6u75xmxt8.cloudfront.net\/4\/2023\/05\/08-4-400x267.webp 400w, https:\/\/d2p6e6u75xmxt8.cloudfront.net\/4\/2023\/05\/08-4-272x182.webp 272w\" sizes=\"auto, (max-width: 990px) 100vw, 990px\" \/><\/a>\n\t\t\t<\/div><\/figure><figure class='gallery-item'>\n\t\t\t<div class='gallery-icon landscape'>\n\t\t\t\t<a href='https:\/\/d2p6e6u75xmxt8.cloudfront.net\/4\/2023\/05\/06-4.webp'><img loading=\"lazy\" decoding=\"async\" width=\"990\" height=\"660\" src=\"https:\/\/d2p6e6u75xmxt8.cloudfront.net\/4\/2023\/05\/06-4.webp\" class=\"attachment-full size-full\" alt=\"\" srcset=\"https:\/\/d2p6e6u75xmxt8.cloudfront.net\/4\/2023\/05\/06-4.webp 990w, https:\/\/d2p6e6u75xmxt8.cloudfront.net\/4\/2023\/05\/06-4-300x200.webp 300w, https:\/\/d2p6e6u75xmxt8.cloudfront.net\/4\/2023\/05\/06-4-768x512.webp 768w, https:\/\/d2p6e6u75xmxt8.cloudfront.net\/4\/2023\/05\/06-4-400x267.webp 400w, https:\/\/d2p6e6u75xmxt8.cloudfront.net\/4\/2023\/05\/06-4-272x182.webp 272w\" sizes=\"auto, (max-width: 990px) 100vw, 990px\" \/><\/a>\n\t\t\t<\/div><\/figure>\n\t\t<\/div>\n\n<p>&nbsp;<\/p>\n<p><span style=\"font-weight: 400;\">O p\u00e1r min\u00fat nesk\u00f4r sa pred nami zjav\u00ed s\u00edce kr\u00e1tka, ale celkom v\u00fd\u017eivn\u00e1 stojka. Sch\u00e1dzame z bicyklov a tla\u010d\u00edme, ja bicykel s voz\u00edkom, Barborka mi zozadu intenz\u00edvne pom\u00e1ha. <strong>Katkin man\u017eel tla\u010d\u00ed svoj bicykel jednou rukou a v druhej nesie Barborkin.<\/strong> Po chv\u00ed\u013eke op\u00e4\u0165 nasad\u00e1me a pred nami je rozbit\u00e1 asfaltov\u00e1 cesta, ktor\u00fa prech\u00e1dzame bez probl\u00e9mov. P\u00e1r min\u00fat nesk\u00f4r sme u\u017e na vrchole kopca a \u010dak\u00e1 n\u00e1s zjazd. Barbori je st\u00e1le odhodlan\u00e1, \u017ee ide sama, tak ju op\u00e4\u0165 cvakneme na lano, ale opa\u010dne, ide prv\u00e1 a zo zadu ju brzd\u00edme.<\/span><\/p>\n<p><span style=\"font-weight: 400;\">\u00a0<\/span><span style=\"font-weight: 400;\">Prich\u00e1dzaj\u00fa \u00faseky, na ktor\u00fdch s\u00fa nasypan\u00e9 kamene, a to sa u\u017e sama p\u00fdta do voz\u00edka, na ktor\u00fd hod\u00edm aj detsk\u00fd bicykel a plynulo pokra\u010dujeme na ob\u010derstvova\u010dku, kde sa zdr\u017e\u00edme p\u00e1r min\u00fat a fr\u010d\u00edme dalej. <strong>Medzit\u00fdm sa na trati objavuj\u00fa aj pretek\u00e1ri z ostatn\u00fdch kateg\u00f3ri\u00ed. Do cie\u013ea to \u201cpeckuj\u00fa\u201d z\u00e1vratnou r\u00fdchlos\u0165ou- presn\u00fd opak toho, \u010do predv\u00e1dzame my \ud83d\ude42 .<\/strong><\/span><\/p>\n<p>&nbsp;<\/p>\n<p><img loading=\"lazy\" decoding=\"async\" class=\"alignnone size-full wp-image-17501\" src=\"https:\/\/d2p6e6u75xmxt8.cloudfront.net\/4\/2023\/05\/13.webp\" alt=\"\" width=\"990\" height=\"660\" srcset=\"https:\/\/d2p6e6u75xmxt8.cloudfront.net\/4\/2023\/05\/13.webp 990w, https:\/\/d2p6e6u75xmxt8.cloudfront.net\/4\/2023\/05\/13-300x200.webp 300w, https:\/\/d2p6e6u75xmxt8.cloudfront.net\/4\/2023\/05\/13-768x512.webp 768w, https:\/\/d2p6e6u75xmxt8.cloudfront.net\/4\/2023\/05\/13-400x267.webp 400w, https:\/\/d2p6e6u75xmxt8.cloudfront.net\/4\/2023\/05\/13-272x182.webp 272w\" sizes=\"auto, (max-width: 990px) 100vw, 990px\" \/><\/p>\n<p>&nbsp;<\/p>\n<p><span style=\"font-weight: 400;\"><strong>\u010cak\u00e1 n\u00e1s l\u00fa\u010dny zjazd a prebrodenie potoka, v ktorom sa mi voz\u00edk mierne utopil, Barbori m\u00e1z toho nekone\u010dn\u00fa z\u00e1bavu, tak\u017ee v\u0161etko je\u00a0 v najlep\u0161om poriadku.<\/strong> V Str\u00e1nskom ide op\u00e4\u0165 chv\u00ed\u013eku sama, no na poslednom zjazde uv\u00e1\u017eim, \u017ee z bezpe\u010dnostn\u00e9ho h\u013eadiska bude lep\u0161ie, ak sa op\u00e4\u0165 posad\u00ed do voz\u00edka. Do cie\u013ea sa r\u00fati st\u00e1le viac a viac cyklistov a moje motovidielko by mohlo sp\u00f4sobi\u0165 kol\u00edziu. Sme sp\u00e4\u0165 v Rajeck\u00fdch na asfaltovej ceste, posledn\u00fdkr\u00e1t vyba\u013eujem die\u0165a a bicykel a s \u00fasmevom na tv\u00e1ri si pomali\u010dky ped\u00e1lujeme a\u017e do cie\u013ea, kde n\u00e1s u\u017e \u010dak\u00e1 zbytok t\u00edmu. Tu u\u017e prich\u00e1dza \u010das na relax, z\u00e1bavu a socializ\u00e1ciu.\u00a0<\/span><\/p>\n<div id='gallery-4' class='gallery galleryid-17486 gallery-columns-2 gallery-size-full'><figure class='gallery-item'>\n\t\t\t<div class='gallery-icon landscape'>\n\t\t\t\t<a href='https:\/\/d2p6e6u75xmxt8.cloudfront.net\/4\/2023\/05\/17.webp'><img loading=\"lazy\" decoding=\"async\" width=\"990\" height=\"660\" src=\"https:\/\/d2p6e6u75xmxt8.cloudfront.net\/4\/2023\/05\/17.webp\" class=\"attachment-full size-full\" alt=\"\" srcset=\"https:\/\/d2p6e6u75xmxt8.cloudfront.net\/4\/2023\/05\/17.webp 990w, https:\/\/d2p6e6u75xmxt8.cloudfront.net\/4\/2023\/05\/17-300x200.webp 300w, https:\/\/d2p6e6u75xmxt8.cloudfront.net\/4\/2023\/05\/17-768x512.webp 768w, https:\/\/d2p6e6u75xmxt8.cloudfront.net\/4\/2023\/05\/17-400x267.webp 400w, https:\/\/d2p6e6u75xmxt8.cloudfront.net\/4\/2023\/05\/17-272x182.webp 272w\" sizes=\"auto, (max-width: 990px) 100vw, 990px\" \/><\/a>\n\t\t\t<\/div><\/figure><figure class='gallery-item'>\n\t\t\t<div class='gallery-icon landscape'>\n\t\t\t\t<a href='https:\/\/d2p6e6u75xmxt8.cloudfront.net\/4\/2023\/05\/18.webp'><img loading=\"lazy\" decoding=\"async\" width=\"990\" height=\"660\" src=\"https:\/\/d2p6e6u75xmxt8.cloudfront.net\/4\/2023\/05\/18.webp\" class=\"attachment-full size-full\" alt=\"\" srcset=\"https:\/\/d2p6e6u75xmxt8.cloudfront.net\/4\/2023\/05\/18.webp 990w, https:\/\/d2p6e6u75xmxt8.cloudfront.net\/4\/2023\/05\/18-300x200.webp 300w, https:\/\/d2p6e6u75xmxt8.cloudfront.net\/4\/2023\/05\/18-768x512.webp 768w, https:\/\/d2p6e6u75xmxt8.cloudfront.net\/4\/2023\/05\/18-400x267.webp 400w, https:\/\/d2p6e6u75xmxt8.cloudfront.net\/4\/2023\/05\/18-272x182.webp 272w\" sizes=\"auto, (max-width: 990px) 100vw, 990px\" \/><\/a>\n\t\t\t<\/div><\/figure>\n\t\t<\/div>\n\n<p>&nbsp;<\/p>\n<h2><b>Z\u00e1zemie na nezaplatenie\u00a0<\/b><\/h2>\n<p><span style=\"font-weight: 400;\">Z\u00e1zemie na k\u00fapalisku Laura bolo par\u00e1dne, dobr\u00e1 n\u00e1lada panovala od r\u00e1na a\u017e do \u00fapln\u00e9ho konca. <strong>Partneri podujatia zabezpe\u010dili \u0161irok\u00e9 spektrum r\u00f4znych predajn\u00fdch a prezenta\u010dn\u00fdch st\u00e1nkov, \u0160koda pri\u0161la s atrakciami, ktor\u00e9 pobavili hlavne deck\u00e1 v\u0161etk\u00fdch vekov\u00fdch kateg\u00f3ri\u00ed,<\/strong> od t\u00fdch najmen\u0161\u00edch v sk\u00e1kacom hrade, detskom k\u00fatiku, \u010di na simul\u00e1tore formuly. K dispoz\u00edcii bola samozrejme aj relax z\u00f3na s tulivakmi a st\u00e1nok\u00a0 \u0160KODA t\u00edmu, kde bola mo\u017enos\u0165 stretn\u00fa\u0165 ambas\u00e1dorov.\u00a0<\/span><\/p>\n<p>&nbsp;<\/p>\n<div id='gallery-5' class='gallery galleryid-17486 gallery-columns-2 gallery-size-full'><figure class='gallery-item'>\n\t\t\t<div class='gallery-icon landscape'>\n\t\t\t\t<a href='https:\/\/d2p6e6u75xmxt8.cloudfront.net\/4\/2023\/05\/16.webp'><img loading=\"lazy\" decoding=\"async\" width=\"990\" height=\"660\" src=\"https:\/\/d2p6e6u75xmxt8.cloudfront.net\/4\/2023\/05\/16.webp\" class=\"attachment-full size-full\" alt=\"\" srcset=\"https:\/\/d2p6e6u75xmxt8.cloudfront.net\/4\/2023\/05\/16.webp 990w, https:\/\/d2p6e6u75xmxt8.cloudfront.net\/4\/2023\/05\/16-300x200.webp 300w, https:\/\/d2p6e6u75xmxt8.cloudfront.net\/4\/2023\/05\/16-768x512.webp 768w, https:\/\/d2p6e6u75xmxt8.cloudfront.net\/4\/2023\/05\/16-400x267.webp 400w, https:\/\/d2p6e6u75xmxt8.cloudfront.net\/4\/2023\/05\/16-272x182.webp 272w\" sizes=\"auto, (max-width: 990px) 100vw, 990px\" \/><\/a>\n\t\t\t<\/div><\/figure><figure class='gallery-item'>\n\t\t\t<div class='gallery-icon landscape'>\n\t\t\t\t<a href='https:\/\/d2p6e6u75xmxt8.cloudfront.net\/4\/2023\/05\/09-3.webp'><img loading=\"lazy\" decoding=\"async\" width=\"990\" height=\"660\" src=\"https:\/\/d2p6e6u75xmxt8.cloudfront.net\/4\/2023\/05\/09-3.webp\" class=\"attachment-full size-full\" alt=\"\" srcset=\"https:\/\/d2p6e6u75xmxt8.cloudfront.net\/4\/2023\/05\/09-3.webp 990w, https:\/\/d2p6e6u75xmxt8.cloudfront.net\/4\/2023\/05\/09-3-300x200.webp 300w, https:\/\/d2p6e6u75xmxt8.cloudfront.net\/4\/2023\/05\/09-3-768x512.webp 768w, https:\/\/d2p6e6u75xmxt8.cloudfront.net\/4\/2023\/05\/09-3-400x267.webp 400w, https:\/\/d2p6e6u75xmxt8.cloudfront.net\/4\/2023\/05\/09-3-272x182.webp 272w\" sizes=\"auto, (max-width: 990px) 100vw, 990px\" \/><\/a>\n\t\t\t<\/div><\/figure>\n\t\t<\/div>\n\n<p>&nbsp;<\/p>\n<p><span style=\"font-weight: 400;\">V z\u00e1vere d\u0148a boli spokojn\u00ed v\u0161etci, cyklisti, organiz\u00e1tori, fan\u00fa\u0161ikovia ako aj rodinn\u00ed pr\u00edslu\u0161n\u00edci. Nech\u00fdbalo vyhodnotenie jednotliv\u00fdch kateg\u00f3ri\u00ed, \u0161tedr\u00e1 tombola, \u010di pr\u00edjemn\u00e1 hudba a koncertn\u00e9 vyst\u00fapenie spev\u00e1\u010dky. V\u0161etky tieto mal\u00e9 dieliky do seba zapadli. Ruka v ruke spolu so skvelou organiz\u00e1ciou na vysokej \u00farovni\u00a0 sa postarali o\u00a0 jeden perfektne str\u00e1ven\u00fd de\u0148.\u00a0 <strong>My sme sa zhodli jednohlasne, o rok sme tu zas.\u00a0<\/strong><\/span><\/p>\n<div id='gallery-6' class='gallery galleryid-17486 gallery-columns-2 gallery-size-full'><figure class='gallery-item'>\n\t\t\t<div class='gallery-icon landscape'>\n\t\t\t\t<a href='https:\/\/d2p6e6u75xmxt8.cloudfront.net\/4\/2023\/05\/14.webp'><img loading=\"lazy\" decoding=\"async\" width=\"990\" height=\"660\" src=\"https:\/\/d2p6e6u75xmxt8.cloudfront.net\/4\/2023\/05\/14.webp\" class=\"attachment-full size-full\" alt=\"\" srcset=\"https:\/\/d2p6e6u75xmxt8.cloudfront.net\/4\/2023\/05\/14.webp 990w, https:\/\/d2p6e6u75xmxt8.cloudfront.net\/4\/2023\/05\/14-300x200.webp 300w, https:\/\/d2p6e6u75xmxt8.cloudfront.net\/4\/2023\/05\/14-768x512.webp 768w, https:\/\/d2p6e6u75xmxt8.cloudfront.net\/4\/2023\/05\/14-400x267.webp 400w, https:\/\/d2p6e6u75xmxt8.cloudfront.net\/4\/2023\/05\/14-272x182.webp 272w\" sizes=\"auto, (max-width: 990px) 100vw, 990px\" \/><\/a>\n\t\t\t<\/div><\/figure><figure class='gallery-item'>\n\t\t\t<div class='gallery-icon landscape'>\n\t\t\t\t<a href='https:\/\/d2p6e6u75xmxt8.cloudfront.net\/4\/2023\/05\/15.webp'><img loading=\"lazy\" decoding=\"async\" width=\"990\" height=\"660\" src=\"https:\/\/d2p6e6u75xmxt8.cloudfront.net\/4\/2023\/05\/15.webp\" class=\"attachment-full size-full\" alt=\"\" srcset=\"https:\/\/d2p6e6u75xmxt8.cloudfront.net\/4\/2023\/05\/15.webp 990w, https:\/\/d2p6e6u75xmxt8.cloudfront.net\/4\/2023\/05\/15-300x200.webp 300w, https:\/\/d2p6e6u75xmxt8.cloudfront.net\/4\/2023\/05\/15-768x512.webp 768w, https:\/\/d2p6e6u75xmxt8.cloudfront.net\/4\/2023\/05\/15-400x267.webp 400w, https:\/\/d2p6e6u75xmxt8.cloudfront.net\/4\/2023\/05\/15-272x182.webp 272w\" sizes=\"auto, (max-width: 990px) 100vw, 990px\" \/><\/a>\n\t\t\t<\/div><\/figure>\n\t\t<\/div>\n\n<h2><b>Dobr\u00fd pocit\u00a0<\/b><\/h2>\n<p><span style=\"font-weight: 400;\">Toto je report\u00e1\u017e, ktor\u00e1 nie je celkom be\u017en\u00e1. Nepriniesla \u017eiadne dramatick\u00e9 opisy technick\u00fdch \u00fasekov, zjazdov, \u017eiadne prepo\u010dty wattov, tepov,\u00a0 \u017eiadne umiestnenie, no n\u00e1m priniesla omnoho viac. <strong>Dobr\u00fd pocit a nekone\u010dn\u00fa rados\u0165 trojro\u010dn\u00e9ho diev\u010datka, ktor\u00e9 odteraz v\u0161etk\u00fdm s hrdos\u0165ou ukazuje medailu zo svojich prv\u00fdch \u201cnaozajstn\u00fdch\u201d MTB pretekov, kde ako ona hovor\u00ed, boli \u201ctak\u00ed bombov\u00ed ve\u013ek\u00ed bikeri\u201d.\u00a0<\/strong> Ale predsa len nesmiem zabudn\u00fa\u0165 na v\u00ed\u0165azov, kompletn\u00e9 v\u00fdsledky n\u00e1jdete na <a href=\"https:\/\/sportsofttiming.sk\/sk\/zavod\/overview\/7608\">tomto odkaze<\/a>.<\/span><\/p>\n<p>&nbsp;<\/p>\n<p><a href=\"https:\/\/www.instagram.com\/p\/CsoYj1rKOfh\/?igshid=MzRlODBiNWFlZA==\">https:\/\/www.instagram.com\/p\/CsoYj1rKOfh\/?igshid=MzRlODBiNWFlZA==<\/a><\/p>\n<p>&nbsp;<\/p>\n<p><strong>Prajem si, aby sme na <a href=\"https:\/\/www.welovecycling.com\/sk\/2023\/04\/25\/mtb-maraton-s-deckami-ten-najlepsi-napad\/\">FAMILY tratiach<\/a><\/strong><span style=\"font-weight: 400;\"><strong> videli st\u00e1le viac a viac mal\u00fdch bikerov,<\/strong> ktor\u00ed si spolu s rodi\u010dmi u\u017eij\u00fa nielen atmosf\u00e9ru profesion\u00e1lnych pretekov, ale\u00a0 odnes\u00fa si tie najkraj\u0161ie a najemot\u00edvnej\u0161ie z\u00e1\u017eitky, na ktor\u00e9 bud\u00fa spom\u00edna\u0165 s l\u00e1skou do konca \u017eivota.\u00a0<\/span><\/p>\n<p><span style=\"font-weight: 400;\">Tak \u010do, vid\u00edme sa s deckami v <\/span><a href=\"https:\/\/www.welovecycling.com\/sk\/2023\/05\/10\/pozvanka-skoda-slovensky-raj-vodopady-rebriky-a-aj-bicykle\/\"><span style=\"font-weight: 400;\">Slovenskom Raji<\/span><\/a><span style=\"font-weight: 400;\">?<\/span><\/p>\n<p>&nbsp;<\/p>\n<div id='gallery-7' class='gallery galleryid-17486 gallery-columns-3 gallery-size-full'><figure class='gallery-item'>\n\t\t\t<div class='gallery-icon landscape'>\n\t\t\t\t<a href='https:\/\/d2p6e6u75xmxt8.cloudfront.net\/4\/2023\/05\/04-4.webp'><img loading=\"lazy\" decoding=\"async\" width=\"990\" height=\"660\" src=\"https:\/\/d2p6e6u75xmxt8.cloudfront.net\/4\/2023\/05\/04-4.webp\" class=\"attachment-full size-full\" alt=\"\" srcset=\"https:\/\/d2p6e6u75xmxt8.cloudfront.net\/4\/2023\/05\/04-4.webp 990w, https:\/\/d2p6e6u75xmxt8.cloudfront.net\/4\/2023\/05\/04-4-300x200.webp 300w, https:\/\/d2p6e6u75xmxt8.cloudfront.net\/4\/2023\/05\/04-4-768x512.webp 768w, https:\/\/d2p6e6u75xmxt8.cloudfront.net\/4\/2023\/05\/04-4-400x267.webp 400w, https:\/\/d2p6e6u75xmxt8.cloudfront.net\/4\/2023\/05\/04-4-272x182.webp 272w\" sizes=\"auto, (max-width: 990px) 100vw, 990px\" \/><\/a>\n\t\t\t<\/div><\/figure><figure class='gallery-item'>\n\t\t\t<div class='gallery-icon landscape'>\n\t\t\t\t<a href='https:\/\/d2p6e6u75xmxt8.cloudfront.net\/4\/2023\/05\/04a.webp'><img loading=\"lazy\" decoding=\"async\" width=\"990\" height=\"660\" src=\"https:\/\/d2p6e6u75xmxt8.cloudfront.net\/4\/2023\/05\/04a.webp\" class=\"attachment-full size-full\" alt=\"\" srcset=\"https:\/\/d2p6e6u75xmxt8.cloudfront.net\/4\/2023\/05\/04a.webp 990w, https:\/\/d2p6e6u75xmxt8.cloudfront.net\/4\/2023\/05\/04a-300x200.webp 300w, https:\/\/d2p6e6u75xmxt8.cloudfront.net\/4\/2023\/05\/04a-768x512.webp 768w, https:\/\/d2p6e6u75xmxt8.cloudfront.net\/4\/2023\/05\/04a-400x267.webp 400w, https:\/\/d2p6e6u75xmxt8.cloudfront.net\/4\/2023\/05\/04a-272x182.webp 272w\" sizes=\"auto, (max-width: 990px) 100vw, 990px\" \/><\/a>\n\t\t\t<\/div><\/figure><figure class='gallery-item'>\n\t\t\t<div class='gallery-icon landscape'>\n\t\t\t\t<a href='https:\/\/d2p6e6u75xmxt8.cloudfront.net\/4\/2023\/05\/05-4.webp'><img loading=\"lazy\" decoding=\"async\" width=\"990\" height=\"660\" src=\"https:\/\/d2p6e6u75xmxt8.cloudfront.net\/4\/2023\/05\/05-4.webp\" class=\"attachment-full size-full\" alt=\"\" srcset=\"https:\/\/d2p6e6u75xmxt8.cloudfront.net\/4\/2023\/05\/05-4.webp 990w, https:\/\/d2p6e6u75xmxt8.cloudfront.net\/4\/2023\/05\/05-4-300x200.webp 300w, https:\/\/d2p6e6u75xmxt8.cloudfront.net\/4\/2023\/05\/05-4-768x512.webp 768w, https:\/\/d2p6e6u75xmxt8.cloudfront.net\/4\/2023\/05\/05-4-400x267.webp 400w, https:\/\/d2p6e6u75xmxt8.cloudfront.net\/4\/2023\/05\/05-4-272x182.webp 272w\" sizes=\"auto, (max-width: 990px) 100vw, 990px\" \/><\/a>\n\t\t\t<\/div><\/figure><figure class='gallery-item'>\n\t\t\t<div class='gallery-icon landscape'>\n\t\t\t\t<a href='https:\/\/d2p6e6u75xmxt8.cloudfront.net\/4\/2023\/05\/09a.webp'><img loading=\"lazy\" decoding=\"async\" width=\"990\" height=\"660\" src=\"https:\/\/d2p6e6u75xmxt8.cloudfront.net\/4\/2023\/05\/09a.webp\" class=\"attachment-full size-full\" alt=\"\" srcset=\"https:\/\/d2p6e6u75xmxt8.cloudfront.net\/4\/2023\/05\/09a.webp 990w, https:\/\/d2p6e6u75xmxt8.cloudfront.net\/4\/2023\/05\/09a-300x200.webp 300w, https:\/\/d2p6e6u75xmxt8.cloudfront.net\/4\/2023\/05\/09a-768x512.webp 768w, https:\/\/d2p6e6u75xmxt8.cloudfront.net\/4\/2023\/05\/09a-400x267.webp 400w, https:\/\/d2p6e6u75xmxt8.cloudfront.net\/4\/2023\/05\/09a-272x182.webp 272w\" sizes=\"auto, (max-width: 990px) 100vw, 990px\" \/><\/a>\n\t\t\t<\/div><\/figure><figure class='gallery-item'>\n\t\t\t<div class='gallery-icon landscape'>\n\t\t\t\t<a href='https:\/\/d2p6e6u75xmxt8.cloudfront.net\/4\/2023\/05\/10-2.webp'><img loading=\"lazy\" decoding=\"async\" width=\"990\" height=\"660\" src=\"https:\/\/d2p6e6u75xmxt8.cloudfront.net\/4\/2023\/05\/10-2.webp\" class=\"attachment-full size-full\" alt=\"\" srcset=\"https:\/\/d2p6e6u75xmxt8.cloudfront.net\/4\/2023\/05\/10-2.webp 990w, https:\/\/d2p6e6u75xmxt8.cloudfront.net\/4\/2023\/05\/10-2-300x200.webp 300w, https:\/\/d2p6e6u75xmxt8.cloudfront.net\/4\/2023\/05\/10-2-768x512.webp 768w, https:\/\/d2p6e6u75xmxt8.cloudfront.net\/4\/2023\/05\/10-2-400x267.webp 400w, https:\/\/d2p6e6u75xmxt8.cloudfront.net\/4\/2023\/05\/10-2-272x182.webp 272w\" sizes=\"auto, (max-width: 990px) 100vw, 990px\" \/><\/a>\n\t\t\t<\/div><\/figure><figure class='gallery-item'>\n\t\t\t<div class='gallery-icon landscape'>\n\t\t\t\t<a href='https:\/\/d2p6e6u75xmxt8.cloudfront.net\/4\/2023\/05\/11.webp'><img loading=\"lazy\" decoding=\"async\" width=\"990\" height=\"660\" src=\"https:\/\/d2p6e6u75xmxt8.cloudfront.net\/4\/2023\/05\/11.webp\" class=\"attachment-full size-full\" alt=\"\" srcset=\"https:\/\/d2p6e6u75xmxt8.cloudfront.net\/4\/2023\/05\/11.webp 990w, https:\/\/d2p6e6u75xmxt8.cloudfront.net\/4\/2023\/05\/11-300x200.webp 300w, https:\/\/d2p6e6u75xmxt8.cloudfront.net\/4\/2023\/05\/11-768x512.webp 768w, https:\/\/d2p6e6u75xmxt8.cloudfront.net\/4\/2023\/05\/11-400x267.webp 400w, https:\/\/d2p6e6u75xmxt8.cloudfront.net\/4\/2023\/05\/11-272x182.webp 272w\" sizes=\"auto, (max-width: 990px) 100vw, 990px\" \/><\/a>\n\t\t\t<\/div><\/figure><figure class='gallery-item'>\n\t\t\t<div class='gallery-icon landscape'>\n\t\t\t\t<a href='https:\/\/d2p6e6u75xmxt8.cloudfront.net\/4\/2023\/05\/12.webp'><img loading=\"lazy\" decoding=\"async\" width=\"990\" height=\"660\" src=\"https:\/\/d2p6e6u75xmxt8.cloudfront.net\/4\/2023\/05\/12.webp\" class=\"attachment-full size-full\" alt=\"\" srcset=\"https:\/\/d2p6e6u75xmxt8.cloudfront.net\/4\/2023\/05\/12.webp 990w, https:\/\/d2p6e6u75xmxt8.cloudfront.net\/4\/2023\/05\/12-300x200.webp 300w, https:\/\/d2p6e6u75xmxt8.cloudfront.net\/4\/2023\/05\/12-768x512.webp 768w, https:\/\/d2p6e6u75xmxt8.cloudfront.net\/4\/2023\/05\/12-400x267.webp 400w, https:\/\/d2p6e6u75xmxt8.cloudfront.net\/4\/2023\/05\/12-272x182.webp 272w\" sizes=\"auto, (max-width: 990px) 100vw, 990px\" \/><\/a>\n\t\t\t<\/div><\/figure><figure class='gallery-item'>\n\t\t\t<div class='gallery-icon landscape'>\n\t\t\t\t<a href='https:\/\/d2p6e6u75xmxt8.cloudfront.net\/4\/2023\/05\/19.webp'><img loading=\"lazy\" decoding=\"async\" width=\"990\" height=\"660\" src=\"https:\/\/d2p6e6u75xmxt8.cloudfront.net\/4\/2023\/05\/19.webp\" class=\"attachment-full size-full\" alt=\"\" srcset=\"https:\/\/d2p6e6u75xmxt8.cloudfront.net\/4\/2023\/05\/19.webp 990w, https:\/\/d2p6e6u75xmxt8.cloudfront.net\/4\/2023\/05\/19-300x200.webp 300w, https:\/\/d2p6e6u75xmxt8.cloudfront.net\/4\/2023\/05\/19-768x512.webp 768w, https:\/\/d2p6e6u75xmxt8.cloudfront.net\/4\/2023\/05\/19-400x267.webp 400w, https:\/\/d2p6e6u75xmxt8.cloudfront.net\/4\/2023\/05\/19-272x182.webp 272w\" sizes=\"auto, (max-width: 990px) 100vw, 990px\" \/><\/a>\n\t\t\t<\/div><\/figure><figure class='gallery-item'>\n\t\t\t<div class='gallery-icon landscape'>\n\t\t\t\t<a href='https:\/\/d2p6e6u75xmxt8.cloudfront.net\/4\/2023\/05\/20.webp'><img loading=\"lazy\" decoding=\"async\" width=\"990\" height=\"660\" src=\"https:\/\/d2p6e6u75xmxt8.cloudfront.net\/4\/2023\/05\/20.webp\" class=\"attachment-full size-full\" alt=\"\" srcset=\"https:\/\/d2p6e6u75xmxt8.cloudfront.net\/4\/2023\/05\/20.webp 990w, https:\/\/d2p6e6u75xmxt8.cloudfront.net\/4\/2023\/05\/20-300x200.webp 300w, https:\/\/d2p6e6u75xmxt8.cloudfront.net\/4\/2023\/05\/20-768x512.webp 768w, https:\/\/d2p6e6u75xmxt8.cloudfront.net\/4\/2023\/05\/20-400x267.webp 400w, https:\/\/d2p6e6u75xmxt8.cloudfront.net\/4\/2023\/05\/20-272x182.webp 272w\" sizes=\"auto, (max-width: 990px) 100vw, 990px\" \/><\/a>\n\t\t\t<\/div><\/figure>\n\t\t<\/div>\n\n","protected":false},"excerpt":{"rendered":"<p>Jubilejn\u00fd desiaty ro\u010dn\u00edk \u0160koda Bike Open Tour sa pre mnoh\u00fdch bikerov rozbehol podujat\u00edm u\u017e vo Sv\u00e4tom Jure, no my sme [&hellip;]<\/p>\n","protected":false},"author":172,"featured_media":17491,"comment_status":"open","ping_status":"open","sticky":false,"template":"","format":"standard","meta":{"footnotes":""},"categories":[38],"tags":[1246,507,53,1386,964,180,178,767,179,39,509,35,860,508,1117],"global-categories":[1074],"class_list":["post-17486","post","type-post","status-publish","format-standard","has-post-thumbnail","hentry","category-reportaz","tag-cyklisticka-komunita","tag-cyklorodinka","tag-deti","tag-deti-na-bicykli","tag-family","tag-horska-cyklistika","tag-maraton","tag-motivacia","tag-preteky","tag-reportaz","tag-rodina","tag-sbot","tag-skoda-mtb-maraton-rajecke-teplice","tag-vylet","tag-zazitok","global-categories-cycling"],"yoast_head":"<!-- This site is optimized with the Yoast SEO Premium plugin v25.3 (Yoast SEO v25.9) - https:\/\/yoast.com\/wordpress\/plugins\/seo\/ -->\n<title>Report\u00e1\u017e: \u0160koda MTB marat\u00f3n Rajeck\u00e9 Teplice - rodinn\u00fd v\u00fdlet za FAMILY tra\u0165ou<\/title>\n<meta name=\"description\" content=\"\u0160KODA BIKE OPEN TOUR sa pre mnoh\u00fdch bikerov rozbehol u\u017e vo Sv\u00e4tom Jure, no my sme si po\u010dkali na FAMILY tra\u0165 v Rajeck\u00fdch Tepliciach.\" \/>\n<meta name=\"robots\" content=\"index, follow, max-snippet:-1, max-image-preview:large, max-video-preview:-1\" \/>\n<link rel=\"canonical\" href=\"https:\/\/www.welovecycling.com\/sk\/2023\/05\/25\/reportaz-skoda-mtb-maraton-rajecke-teplice-rodinny-vylet-za-family-tratou\/\" \/>\n<meta property=\"og:locale\" content=\"sk_SK\" \/>\n<meta property=\"og:type\" content=\"article\" \/>\n<meta property=\"og:title\" content=\"Report\u00e1\u017e: \u0160koda MTB marat\u00f3n Rajeck\u00e9 Teplice - rodinn\u00fd v\u00fdlet za FAMILY tra\u0165ou\" \/>\n<meta property=\"og:description\" content=\"\u0160KODA BIKE OPEN TOUR sa pre mnoh\u00fdch bikerov rozbehol u\u017e vo Sv\u00e4tom Jure, no my sme si po\u010dkali na FAMILY tra\u0165 v Rajeck\u00fdch Tepliciach.\" \/>\n<meta property=\"og:url\" content=\"https:\/\/www.welovecycling.com\/sk\/2023\/05\/25\/reportaz-skoda-mtb-maraton-rajecke-teplice-rodinny-vylet-za-family-tratou\/\" \/>\n<meta property=\"og:site_name\" content=\"\u0160koda We Love Cycling Slovensko\" \/>\n<meta property=\"article:published_time\" content=\"2023-05-25T08:10:29+00:00\" \/>\n<meta property=\"article:modified_time\" content=\"2023-05-30T08:33:54+00:00\" \/>\n<meta property=\"og:image\" content=\"https:\/\/d2p6e6u75xmxt8.cloudfront.net\/4\/2023\/05\/titulka-5.webp\" \/>\n\t<meta property=\"og:image:width\" content=\"990\" \/>\n\t<meta property=\"og:image:height\" content=\"660\" \/>\n\t<meta property=\"og:image:type\" content=\"image\/webp\" \/>\n<meta name=\"author\" content=\"dominika\" \/>\n<meta name=\"twitter:card\" content=\"summary_large_image\" \/>\n<meta name=\"twitter:label1\" content=\"Written by\" \/>\n\t<meta name=\"twitter:data1\" content=\"Katar\u00edna Vasil\u010din Gre\u0161ov\u00e1\" \/>\n\t<meta name=\"twitter:label2\" content=\"Est. reading time\" \/>\n\t<meta name=\"twitter:data2\" content=\"7\" \/>\n<script type=\"application\/ld+json\" class=\"yoast-schema-graph\">{\"@context\":\"https:\/\/schema.org\",\"@graph\":[{\"@type\":\"WebPage\",\"@id\":\"https:\/\/www.welovecycling.com\/sk\/2023\/05\/25\/reportaz-skoda-mtb-maraton-rajecke-teplice-rodinny-vylet-za-family-tratou\/\",\"url\":\"https:\/\/www.welovecycling.com\/sk\/2023\/05\/25\/reportaz-skoda-mtb-maraton-rajecke-teplice-rodinny-vylet-za-family-tratou\/\",\"name\":\"Report\u00e1\u017e: \u0160koda MTB marat\u00f3n Rajeck\u00e9 Teplice - rodinn\u00fd v\u00fdlet za FAMILY tra\u0165ou\",\"isPartOf\":{\"@id\":\"https:\/\/www.welovecycling.com\/sk\/#website\"},\"primaryImageOfPage\":{\"@id\":\"https:\/\/www.welovecycling.com\/sk\/2023\/05\/25\/reportaz-skoda-mtb-maraton-rajecke-teplice-rodinny-vylet-za-family-tratou\/#primaryimage\"},\"image\":{\"@id\":\"https:\/\/www.welovecycling.com\/sk\/2023\/05\/25\/reportaz-skoda-mtb-maraton-rajecke-teplice-rodinny-vylet-za-family-tratou\/#primaryimage\"},\"thumbnailUrl\":\"https:\/\/d2p6e6u75xmxt8.cloudfront.net\/4\/2023\/05\/titulka-5.webp\",\"datePublished\":\"2023-05-25T08:10:29+00:00\",\"dateModified\":\"2023-05-30T08:33:54+00:00\",\"author\":{\"@id\":\"https:\/\/www.welovecycling.com\/sk\/#\/schema\/person\/533b62b98b6c41bd5135ebfb1f742624\"},\"description\":\"\u0160KODA BIKE OPEN TOUR sa pre mnoh\u00fdch bikerov rozbehol u\u017e vo Sv\u00e4tom Jure, no my sme si po\u010dkali na FAMILY tra\u0165 v Rajeck\u00fdch Tepliciach.\",\"breadcrumb\":{\"@id\":\"https:\/\/www.welovecycling.com\/sk\/2023\/05\/25\/reportaz-skoda-mtb-maraton-rajecke-teplice-rodinny-vylet-za-family-tratou\/#breadcrumb\"},\"inLanguage\":\"sk-SK\",\"potentialAction\":[{\"@type\":\"ReadAction\",\"target\":[\"https:\/\/www.welovecycling.com\/sk\/2023\/05\/25\/reportaz-skoda-mtb-maraton-rajecke-teplice-rodinny-vylet-za-family-tratou\/\"]}]},{\"@type\":\"ImageObject\",\"inLanguage\":\"sk-SK\",\"@id\":\"https:\/\/www.welovecycling.com\/sk\/2023\/05\/25\/reportaz-skoda-mtb-maraton-rajecke-teplice-rodinny-vylet-za-family-tratou\/#primaryimage\",\"url\":\"https:\/\/d2p6e6u75xmxt8.cloudfront.net\/4\/2023\/05\/titulka-5.webp\",\"contentUrl\":\"https:\/\/d2p6e6u75xmxt8.cloudfront.net\/4\/2023\/05\/titulka-5.webp\",\"width\":990,\"height\":660},{\"@type\":\"BreadcrumbList\",\"@id\":\"https:\/\/www.welovecycling.com\/sk\/2023\/05\/25\/reportaz-skoda-mtb-maraton-rajecke-teplice-rodinny-vylet-za-family-tratou\/#breadcrumb\",\"itemListElement\":[{\"@type\":\"ListItem\",\"position\":1,\"name\":\"Home\",\"item\":\"https:\/\/www.welovecycling.com\/sk\/\"},{\"@type\":\"ListItem\",\"position\":2,\"name\":\"Report\u00e1\u017e: \u0160koda MTB marat\u00f3n Rajeck\u00e9 Teplice &#8211; rodinn\u00fd v\u00fdlet za FAMILY tra\u0165ou\"}]},{\"@type\":\"WebSite\",\"@id\":\"https:\/\/www.welovecycling.com\/sk\/#website\",\"url\":\"https:\/\/www.welovecycling.com\/sk\/\",\"name\":\"\u0160koda We Love Cycling Slovensko\",\"description\":\"\u0160koda We Love Cycling Slovensko je v\u00e1\u0161 ka\u017edodenn\u00fd zdroj noviniek a in\u0161pir\u00e1cie z sveta cyklistiky\",\"potentialAction\":[{\"@type\":\"SearchAction\",\"target\":{\"@type\":\"EntryPoint\",\"urlTemplate\":\"https:\/\/www.welovecycling.com\/sk\/?s={search_term_string}\"},\"query-input\":{\"@type\":\"PropertyValueSpecification\",\"valueRequired\":true,\"valueName\":\"search_term_string\"}}],\"inLanguage\":\"sk-SK\"},{\"@type\":\"Person\",\"@id\":\"https:\/\/www.welovecycling.com\/sk\/#\/schema\/person\/533b62b98b6c41bd5135ebfb1f742624\",\"name\":\"dominika\",\"image\":{\"@type\":\"ImageObject\",\"inLanguage\":\"sk-SK\",\"@id\":\"https:\/\/www.welovecycling.com\/sk\/#\/schema\/person\/image\/\",\"url\":\"https:\/\/secure.gravatar.com\/avatar\/ded6f274ba2ec3e17fff153f7d9d96a4b33c2cb63907f75d9a5309c599a7f3e6?s=96&d=mm&r=g\",\"contentUrl\":\"https:\/\/secure.gravatar.com\/avatar\/ded6f274ba2ec3e17fff153f7d9d96a4b33c2cb63907f75d9a5309c599a7f3e6?s=96&d=mm&r=g\",\"caption\":\"dominika\"},\"url\":\"https:\/\/www.welovecycling.com\/sk\/author\/dominika\/\"}]}<\/script>\n<!-- \/ Yoast SEO Premium plugin. -->","yoast_head_json":{"title":"Report\u00e1\u017e: \u0160koda MTB marat\u00f3n Rajeck\u00e9 Teplice - rodinn\u00fd v\u00fdlet za FAMILY tra\u0165ou","description":"\u0160KODA BIKE OPEN TOUR sa pre mnoh\u00fdch bikerov rozbehol u\u017e vo Sv\u00e4tom Jure, no my sme si po\u010dkali na FAMILY tra\u0165 v Rajeck\u00fdch Tepliciach.","robots":{"index":"index","follow":"follow","max-snippet":"max-snippet:-1","max-image-preview":"max-image-preview:large","max-video-preview":"max-video-preview:-1"},"canonical":"https:\/\/www.welovecycling.com\/sk\/2023\/05\/25\/reportaz-skoda-mtb-maraton-rajecke-teplice-rodinny-vylet-za-family-tratou\/","og_locale":"sk_SK","og_type":"article","og_title":"Report\u00e1\u017e: \u0160koda MTB marat\u00f3n Rajeck\u00e9 Teplice - rodinn\u00fd v\u00fdlet za FAMILY tra\u0165ou","og_description":"\u0160KODA BIKE OPEN TOUR sa pre mnoh\u00fdch bikerov rozbehol u\u017e vo Sv\u00e4tom Jure, no my sme si po\u010dkali na FAMILY tra\u0165 v Rajeck\u00fdch Tepliciach.","og_url":"https:\/\/www.welovecycling.com\/sk\/2023\/05\/25\/reportaz-skoda-mtb-maraton-rajecke-teplice-rodinny-vylet-za-family-tratou\/","og_site_name":"\u0160koda We Love Cycling Slovensko","article_published_time":"2023-05-25T08:10:29+00:00","article_modified_time":"2023-05-30T08:33:54+00:00","og_image":[{"width":990,"height":660,"url":"https:\/\/d2p6e6u75xmxt8.cloudfront.net\/4\/2023\/05\/titulka-5.webp","type":"image\/webp"}],"author":"dominika","twitter_card":"summary_large_image","twitter_misc":{"Written by":"Katar\u00edna Vasil\u010din Gre\u0161ov\u00e1","Est. reading time":"7"},"schema":{"@context":"https:\/\/schema.org","@graph":[{"@type":"WebPage","@id":"https:\/\/www.welovecycling.com\/sk\/2023\/05\/25\/reportaz-skoda-mtb-maraton-rajecke-teplice-rodinny-vylet-za-family-tratou\/","url":"https:\/\/www.welovecycling.com\/sk\/2023\/05\/25\/reportaz-skoda-mtb-maraton-rajecke-teplice-rodinny-vylet-za-family-tratou\/","name":"Report\u00e1\u017e: \u0160koda MTB marat\u00f3n Rajeck\u00e9 Teplice - rodinn\u00fd v\u00fdlet za FAMILY tra\u0165ou","isPartOf":{"@id":"https:\/\/www.welovecycling.com\/sk\/#website"},"primaryImageOfPage":{"@id":"https:\/\/www.welovecycling.com\/sk\/2023\/05\/25\/reportaz-skoda-mtb-maraton-rajecke-teplice-rodinny-vylet-za-family-tratou\/#primaryimage"},"image":{"@id":"https:\/\/www.welovecycling.com\/sk\/2023\/05\/25\/reportaz-skoda-mtb-maraton-rajecke-teplice-rodinny-vylet-za-family-tratou\/#primaryimage"},"thumbnailUrl":"https:\/\/d2p6e6u75xmxt8.cloudfront.net\/4\/2023\/05\/titulka-5.webp","datePublished":"2023-05-25T08:10:29+00:00","dateModified":"2023-05-30T08:33:54+00:00","author":{"@id":"https:\/\/www.welovecycling.com\/sk\/#\/schema\/person\/533b62b98b6c41bd5135ebfb1f742624"},"description":"\u0160KODA BIKE OPEN TOUR sa pre mnoh\u00fdch bikerov rozbehol u\u017e vo Sv\u00e4tom Jure, no my sme si po\u010dkali na FAMILY tra\u0165 v Rajeck\u00fdch Tepliciach.","breadcrumb":{"@id":"https:\/\/www.welovecycling.com\/sk\/2023\/05\/25\/reportaz-skoda-mtb-maraton-rajecke-teplice-rodinny-vylet-za-family-tratou\/#breadcrumb"},"inLanguage":"sk-SK","potentialAction":[{"@type":"ReadAction","target":["https:\/\/www.welovecycling.com\/sk\/2023\/05\/25\/reportaz-skoda-mtb-maraton-rajecke-teplice-rodinny-vylet-za-family-tratou\/"]}]},{"@type":"ImageObject","inLanguage":"sk-SK","@id":"https:\/\/www.welovecycling.com\/sk\/2023\/05\/25\/reportaz-skoda-mtb-maraton-rajecke-teplice-rodinny-vylet-za-family-tratou\/#primaryimage","url":"https:\/\/d2p6e6u75xmxt8.cloudfront.net\/4\/2023\/05\/titulka-5.webp","contentUrl":"https:\/\/d2p6e6u75xmxt8.cloudfront.net\/4\/2023\/05\/titulka-5.webp","width":990,"height":660},{"@type":"BreadcrumbList","@id":"https:\/\/www.welovecycling.com\/sk\/2023\/05\/25\/reportaz-skoda-mtb-maraton-rajecke-teplice-rodinny-vylet-za-family-tratou\/#breadcrumb","itemListElement":[{"@type":"ListItem","position":1,"name":"Home","item":"https:\/\/www.welovecycling.com\/sk\/"},{"@type":"ListItem","position":2,"name":"Report\u00e1\u017e: \u0160koda MTB marat\u00f3n Rajeck\u00e9 Teplice &#8211; rodinn\u00fd v\u00fdlet za FAMILY tra\u0165ou"}]},{"@type":"WebSite","@id":"https:\/\/www.welovecycling.com\/sk\/#website","url":"https:\/\/www.welovecycling.com\/sk\/","name":"\u0160koda We Love Cycling Slovensko","description":"\u0160koda We Love Cycling Slovensko je v\u00e1\u0161 ka\u017edodenn\u00fd zdroj noviniek a in\u0161pir\u00e1cie z sveta cyklistiky","potentialAction":[{"@type":"SearchAction","target":{"@type":"EntryPoint","urlTemplate":"https:\/\/www.welovecycling.com\/sk\/?s={search_term_string}"},"query-input":{"@type":"PropertyValueSpecification","valueRequired":true,"valueName":"search_term_string"}}],"inLanguage":"sk-SK"},{"@type":"Person","@id":"https:\/\/www.welovecycling.com\/sk\/#\/schema\/person\/533b62b98b6c41bd5135ebfb1f742624","name":"dominika","image":{"@type":"ImageObject","inLanguage":"sk-SK","@id":"https:\/\/www.welovecycling.com\/sk\/#\/schema\/person\/image\/","url":"https:\/\/secure.gravatar.com\/avatar\/ded6f274ba2ec3e17fff153f7d9d96a4b33c2cb63907f75d9a5309c599a7f3e6?s=96&d=mm&r=g","contentUrl":"https:\/\/secure.gravatar.com\/avatar\/ded6f274ba2ec3e17fff153f7d9d96a4b33c2cb63907f75d9a5309c599a7f3e6?s=96&d=mm&r=g","caption":"dominika"},"url":"https:\/\/www.welovecycling.com\/sk\/author\/dominika\/"}]}},"_links":{"self":[{"href":"https:\/\/www.welovecycling.com\/sk\/wp-json\/wp\/v2\/posts\/17486","targetHints":{"allow":["GET"]}}],"collection":[{"href":"https:\/\/www.welovecycling.com\/sk\/wp-json\/wp\/v2\/posts"}],"about":[{"href":"https:\/\/www.welovecycling.com\/sk\/wp-json\/wp\/v2\/types\/post"}],"author":[{"embeddable":true,"href":"https:\/\/www.welovecycling.com\/sk\/wp-json\/wp\/v2\/users\/172"}],"replies":[{"embeddable":true,"href":"https:\/\/www.welovecycling.com\/sk\/wp-json\/wp\/v2\/comments?post=17486"}],"version-history":[{"count":16,"href":"https:\/\/www.welovecycling.com\/sk\/wp-json\/wp\/v2\/posts\/17486\/revisions"}],"predecessor-version":[{"id":17555,"href":"https:\/\/www.welovecycling.com\/sk\/wp-json\/wp\/v2\/posts\/17486\/revisions\/17555"}],"wp:featuredmedia":[{"embeddable":true,"href":"https:\/\/www.welovecycling.com\/sk\/wp-json\/wp\/v2\/media\/17491"}],"wp:attachment":[{"href":"https:\/\/www.welovecycling.com\/sk\/wp-json\/wp\/v2\/media?parent=17486"}],"wp:term":[{"taxonomy":"category","embeddable":true,"href":"https:\/\/www.welovecycling.com\/sk\/wp-json\/wp\/v2\/categories?post=17486"},{"taxonomy":"post_tag","embeddable":true,"href":"https:\/\/www.welovecycling.com\/sk\/wp-json\/wp\/v2\/tags?post=17486"},{"taxonomy":"global-categories","embeddable":true,"href":"https:\/\/www.welovecycling.com\/sk\/wp-json\/wp\/v2\/global-categories?post=17486"}],"curies":[{"name":"wp","href":"https:\/\/api.w.org\/{rel}","templated":true}]}}