{"id":17444,"date":"2023-05-17T10:00:58","date_gmt":"2023-05-17T08:00:58","guid":{"rendered":"https:\/\/www.welovecycling.com\/sk\/?p=17444"},"modified":"2023-05-30T12:33:10","modified_gmt":"2023-05-30T10:33:10","slug":"tip-na-vylet-po-stopach-maratonu-v-rajeckych-tepliciach","status":"publish","type":"post","link":"https:\/\/www.welovecycling.com\/sk\/2023\/05\/17\/tip-na-vylet-po-stopach-maratonu-v-rajeckych-tepliciach\/","title":{"rendered":"Tip na v\u00fdlet: Po stop\u00e1ch marat\u00f3nu v\u00a0Rajeck\u00fdch Tepliciach"},"content":{"rendered":"<p><strong>U\u017e \u010doskoro <a href=\"https:\/\/www.welovecycling.com\/sk\/2023\/04\/13\/pozvanka-skoda-mtb-maraton-rajecke-teplice-pokracujeme-v-lucanskej-malej-fatre\/\">\u010dak\u00e1 fan\u00fa\u0161ikov cyklistiky druh\u00e9 kolo<\/a> s\u00e9rie \u0160koda Bike Open Tour, ktor\u00e9 sa bude jazdi\u0165 v\u00a0Rajeck\u00fdch Tepliciach. V\u00a0okol\u00ed tohto k\u00fape\u013en\u00e9ho meste\u010dka je ve\u013ea pr\u00edle\u017eitost\u00ed, kde si zajazdi\u0165 na bicykli. Vysk\u00fa\u0161al som si jednu z\u00a0nich a\u00a0vybral som si t\u00fa, ktor\u00e1 je s\u00fa\u010das\u0165ou marat\u00f3nskej trate.\u00a0<\/strong><!--more--><\/p>\n<p><span style=\"font-weight: 400;\">L\u00fa\u010dansk\u00e1 Mal\u00e1 Fatra je charakteristick\u00e1 dlh\u00fdmi, mierne st\u00fapaj\u00facimi dolinami, ktor\u00e9 v\u00a0z\u00e1vere strmo st\u00fapaj\u00fa na jednotliv\u00e9 vrchy. <strong>Vybral som si v\u00fd\u0161\u013eap na Omegov\u00fa, ktor\u00e1 je vo v\u00fd\u0161ke 890 m n.m, nie je tam s\u00edce \u017eiadny v\u00fdh\u013ead, ale prech\u00e1dza tadia\u013e marat\u00f3nska tra\u0165 \u0160BOT.<\/strong> Prizn\u00e1m sa, \u017ee celkom by ma zauj\u00edmalo, ako vznikol tento n\u00e1zov, predsa len to nie je r\u00fddzo slovensk\u00fd n\u00e1zov.\u00a0<\/span><\/p>\n<p><span style=\"font-weight: 400;\">Po ne\u00faspe\u0161nom h\u013eadan\u00ed parkovacieho miesta v\u00a0centre mesta som zvolil vzdialenej\u0161ie parkovanie pod horou &#8211; na mieste, ktor\u00e9 je zn\u00e1me svojou vyrez\u00e1vanou lavi\u010dkou. Vylo\u017eil som bicykel z\u00a0auta a\u00a0cez k\u00fape\u013en\u00e9 mesto som vyrazil smerom na obec Kunerad. <strong>V\u00a0podstate a\u017e do cie\u013ea m\u00f4jho v\u00fdletu ma \u010dakalo tiahle st\u00fapanie.<\/strong><\/span><\/p>\n<p><img loading=\"lazy\" decoding=\"async\" class=\"alignnone size-full wp-image-17446\" src=\"https:\/\/d2p6e6u75xmxt8.cloudfront.net\/4\/2023\/05\/01-2.webp\" alt=\"\" width=\"990\" height=\"660\" srcset=\"https:\/\/d2p6e6u75xmxt8.cloudfront.net\/4\/2023\/05\/01-2.webp 990w, https:\/\/d2p6e6u75xmxt8.cloudfront.net\/4\/2023\/05\/01-2-300x200.webp 300w, https:\/\/d2p6e6u75xmxt8.cloudfront.net\/4\/2023\/05\/01-2-768x512.webp 768w, https:\/\/d2p6e6u75xmxt8.cloudfront.net\/4\/2023\/05\/01-2-400x267.webp 400w, https:\/\/d2p6e6u75xmxt8.cloudfront.net\/4\/2023\/05\/01-2-272x182.webp 272w\" sizes=\"auto, (max-width: 990px) 100vw, 990px\" \/><\/p>\n<p><span style=\"font-weight: 400;\"><strong>P\u00e1r kilometrov za Kuneradom je zn\u00e1my Kuneradsk\u00fd z\u00e1mok, ktor\u00fd v\u00a0roku 2010 a 2018 zni\u010dili dva po\u017eiare.<\/strong> Napriek v\u00e1\u017enym po\u0161kodeniam sa ho podarilo za\u010da\u0165 rekon\u0161truova\u0165 a\u00a0dnes u\u017e je z\u00a0v\u00e4\u010d\u0161ej \u010dasti opraven\u00e1 strecha a\u00a0dokonca sa za\u010dali aj \u00fapravy okolia z\u00e1mku.\u00a0<\/span><\/p>\n<p><img loading=\"lazy\" decoding=\"async\" class=\"alignnone size-full wp-image-17447\" src=\"https:\/\/d2p6e6u75xmxt8.cloudfront.net\/4\/2023\/05\/02-2.webp\" alt=\"\" width=\"990\" height=\"660\" srcset=\"https:\/\/d2p6e6u75xmxt8.cloudfront.net\/4\/2023\/05\/02-2.webp 990w, https:\/\/d2p6e6u75xmxt8.cloudfront.net\/4\/2023\/05\/02-2-300x200.webp 300w, https:\/\/d2p6e6u75xmxt8.cloudfront.net\/4\/2023\/05\/02-2-768x512.webp 768w, https:\/\/d2p6e6u75xmxt8.cloudfront.net\/4\/2023\/05\/02-2-400x267.webp 400w, https:\/\/d2p6e6u75xmxt8.cloudfront.net\/4\/2023\/05\/02-2-272x182.webp 272w\" sizes=\"auto, (max-width: 990px) 100vw, 990px\" \/><\/p>\n<p><span style=\"font-weight: 400;\"><strong>\u010co ma v\u0161ak zaujalo a\u00a0nikdy som si to v\u00a0minulosti nev\u0161imol, je priamo oproti z\u00e1mku, na druhej strane potoka n\u00e1dhern\u00fd vodop\u00e1d.<\/strong> Netu\u0161\u00edm, \u010di je to pr\u00edrodn\u00fd alebo umelo vytvoren\u00fd vodop\u00e1d, ale je skuto\u010dne zauj\u00edmav\u00fd.\u00a0<\/span><\/p>\n<p><img loading=\"lazy\" decoding=\"async\" class=\"alignnone size-full wp-image-17448\" src=\"https:\/\/d2p6e6u75xmxt8.cloudfront.net\/4\/2023\/05\/03-2.webp\" alt=\"\" width=\"990\" height=\"660\" srcset=\"https:\/\/d2p6e6u75xmxt8.cloudfront.net\/4\/2023\/05\/03-2.webp 990w, https:\/\/d2p6e6u75xmxt8.cloudfront.net\/4\/2023\/05\/03-2-300x200.webp 300w, https:\/\/d2p6e6u75xmxt8.cloudfront.net\/4\/2023\/05\/03-2-768x512.webp 768w, https:\/\/d2p6e6u75xmxt8.cloudfront.net\/4\/2023\/05\/03-2-400x267.webp 400w, https:\/\/d2p6e6u75xmxt8.cloudfront.net\/4\/2023\/05\/03-2-272x182.webp 272w\" sizes=\"auto, (max-width: 990px) 100vw, 990px\" \/><\/p>\n<p><span style=\"font-weight: 400;\">Pokra\u010dujem v\u00a0ceste st\u00e1le rovno, ved\u013ea men\u0161ej chatovej oblasti a\u00a0\u0161liapem do kopca, ktor\u00fd u\u017e za\u010d\u00edna st\u00fapa\u0165 a\u00a0aj povrch cesty sa zhor\u0161uje. Nie je to v\u0161ak ni\u010d dramatick\u00e9 a\u00a0\u00faseky asfaltu strieda \u0161otolina \u010di \u0161trk. Kuneradsk\u00fd potok je raz na \u013eavej strane potom vpravo, ako prech\u00e1dzam cez most\u00edky po ceste. <strong>Miestami m\u00e1 hlbok\u00fd a\u00a0drav\u00fd pr\u00fad a\u00a0chv\u00ed\u013eami m\u00e1 plytk\u00e9 a\u00a0pokojn\u00e9 miesta. V\u00a0lete ur\u010dite bude l\u00e1ka\u0165 na chv\u00ed\u013ekov\u00e9 osvie\u017eenie.\u00a0<\/strong><\/span><\/p>\n<p><img loading=\"lazy\" decoding=\"async\" class=\"alignnone size-full wp-image-17449\" src=\"https:\/\/d2p6e6u75xmxt8.cloudfront.net\/4\/2023\/05\/04-2.webp\" alt=\"\" width=\"990\" height=\"660\" srcset=\"https:\/\/d2p6e6u75xmxt8.cloudfront.net\/4\/2023\/05\/04-2.webp 990w, https:\/\/d2p6e6u75xmxt8.cloudfront.net\/4\/2023\/05\/04-2-300x200.webp 300w, https:\/\/d2p6e6u75xmxt8.cloudfront.net\/4\/2023\/05\/04-2-768x512.webp 768w, https:\/\/d2p6e6u75xmxt8.cloudfront.net\/4\/2023\/05\/04-2-400x267.webp 400w, https:\/\/d2p6e6u75xmxt8.cloudfront.net\/4\/2023\/05\/04-2-272x182.webp 272w\" sizes=\"auto, (max-width: 990px) 100vw, 990px\" \/><\/p>\n<p><span style=\"font-weight: 400;\">Nemus\u00edte sa ob\u00e1va\u0165 ani toho, \u017ee v\u00e1m d\u00f4jdu z\u00e1soby vody, lebo <strong>cestou som videl minim\u00e1lne dve udr\u017eiavan\u00e9 studni\u010dky s\u00a0chutnou pramenistou vodou.<\/strong><\/span><\/p>\n<p><img loading=\"lazy\" decoding=\"async\" class=\"alignnone wp-image-17450 size-full\" src=\"https:\/\/d2p6e6u75xmxt8.cloudfront.net\/4\/2023\/05\/05-2.webp\" alt=\"vodn\u00fd prame\u0148\" width=\"990\" height=\"660\" srcset=\"https:\/\/d2p6e6u75xmxt8.cloudfront.net\/4\/2023\/05\/05-2.webp 990w, https:\/\/d2p6e6u75xmxt8.cloudfront.net\/4\/2023\/05\/05-2-300x200.webp 300w, https:\/\/d2p6e6u75xmxt8.cloudfront.net\/4\/2023\/05\/05-2-768x512.webp 768w, https:\/\/d2p6e6u75xmxt8.cloudfront.net\/4\/2023\/05\/05-2-400x267.webp 400w, https:\/\/d2p6e6u75xmxt8.cloudfront.net\/4\/2023\/05\/05-2-272x182.webp 272w\" sizes=\"auto, (max-width: 990px) 100vw, 990px\" \/><\/p>\n<p><span style=\"font-weight: 400;\"><strong>Okolo cesty s\u00fa kr\u00e1sne bukov\u00e9, ale aj zmie\u0161an\u00e9 lesy<\/strong> a\u00a0je doslova pote\u0161en\u00edm nad\u00fdcha\u0165 sa tu \u010derstv\u00e9ho vzduchu.\u00a0<\/span><\/p>\n<p><img loading=\"lazy\" decoding=\"async\" class=\"alignnone size-full wp-image-17451\" src=\"https:\/\/d2p6e6u75xmxt8.cloudfront.net\/4\/2023\/05\/06-2.webp\" alt=\"les, Rajeck\u00e9 Teplice\" width=\"990\" height=\"660\" srcset=\"https:\/\/d2p6e6u75xmxt8.cloudfront.net\/4\/2023\/05\/06-2.webp 990w, https:\/\/d2p6e6u75xmxt8.cloudfront.net\/4\/2023\/05\/06-2-300x200.webp 300w, https:\/\/d2p6e6u75xmxt8.cloudfront.net\/4\/2023\/05\/06-2-768x512.webp 768w, https:\/\/d2p6e6u75xmxt8.cloudfront.net\/4\/2023\/05\/06-2-400x267.webp 400w, https:\/\/d2p6e6u75xmxt8.cloudfront.net\/4\/2023\/05\/06-2-272x182.webp 272w\" sizes=\"auto, (max-width: 990px) 100vw, 990px\" \/><\/p>\n<p><span style=\"font-weight: 400;\">Pred cie\u013eom objavujem na pravej strane odbo\u010dku k\u00a0pam\u00e4tn\u00edku SNP. Rob\u00edm si kr\u00e1tku prest\u00e1vku, ve\u010f predsa nie som na pretekoch a\u00a0idem si to tam obzrie\u0165. <strong>Prekvapuj\u00fa ma par\u00e1dne mramorov\u00e9 lavi\u010dky na sedenie a\u00a0pam\u00e4tn\u00e1 tabu\u013ea s\u00a0inform\u00e1ciami.<\/strong>\u00a0<\/span><\/p>\n<div id='gallery-1' class='gallery galleryid-17444 gallery-columns-2 gallery-size-full'><figure class='gallery-item'>\n\t\t\t<div class='gallery-icon landscape'>\n\t\t\t\t<a href='https:\/\/d2p6e6u75xmxt8.cloudfront.net\/4\/2023\/05\/07-2.webp'><img loading=\"lazy\" decoding=\"async\" width=\"990\" height=\"660\" src=\"https:\/\/d2p6e6u75xmxt8.cloudfront.net\/4\/2023\/05\/07-2.webp\" class=\"attachment-full size-full\" alt=\"informa\u010dn\u00e1 tabu\u013ea\" srcset=\"https:\/\/d2p6e6u75xmxt8.cloudfront.net\/4\/2023\/05\/07-2.webp 990w, https:\/\/d2p6e6u75xmxt8.cloudfront.net\/4\/2023\/05\/07-2-300x200.webp 300w, https:\/\/d2p6e6u75xmxt8.cloudfront.net\/4\/2023\/05\/07-2-768x512.webp 768w, https:\/\/d2p6e6u75xmxt8.cloudfront.net\/4\/2023\/05\/07-2-400x267.webp 400w, https:\/\/d2p6e6u75xmxt8.cloudfront.net\/4\/2023\/05\/07-2-272x182.webp 272w\" sizes=\"auto, (max-width: 990px) 100vw, 990px\" \/><\/a>\n\t\t\t<\/div><\/figure><figure class='gallery-item'>\n\t\t\t<div class='gallery-icon landscape'>\n\t\t\t\t<a href='https:\/\/d2p6e6u75xmxt8.cloudfront.net\/4\/2023\/05\/08-2.webp'><img loading=\"lazy\" decoding=\"async\" width=\"990\" height=\"660\" src=\"https:\/\/d2p6e6u75xmxt8.cloudfront.net\/4\/2023\/05\/08-2.webp\" class=\"attachment-full size-full\" alt=\"\" srcset=\"https:\/\/d2p6e6u75xmxt8.cloudfront.net\/4\/2023\/05\/08-2.webp 990w, https:\/\/d2p6e6u75xmxt8.cloudfront.net\/4\/2023\/05\/08-2-300x200.webp 300w, https:\/\/d2p6e6u75xmxt8.cloudfront.net\/4\/2023\/05\/08-2-768x512.webp 768w, https:\/\/d2p6e6u75xmxt8.cloudfront.net\/4\/2023\/05\/08-2-400x267.webp 400w, https:\/\/d2p6e6u75xmxt8.cloudfront.net\/4\/2023\/05\/08-2-272x182.webp 272w\" sizes=\"auto, (max-width: 990px) 100vw, 990px\" \/><\/a>\n\t\t\t<\/div><\/figure>\n\t\t<\/div>\n\n<p><span style=\"font-weight: 400;\">Prich\u00e1dzam do cie\u013ea mojej trasy. <strong>Kto m\u00e1 \u010das, chu\u0165 a\u00a0dostatok s\u00edl, m\u00f4\u017ee pokra\u010dova\u0165 \u010falej a\u00a0da\u0165 si okruh cez Vetern\u00e9.<\/strong> Ale pripravte sa, \u017ee v tom pr\u00edpade nast\u00fapate \u010fal\u0161ie v\u00fd\u0161kov\u00e9 metre. A to \u017eiadnu zanedbate\u013en\u00fa d\u00e1vku, preto\u017ee \u010fal\u0161\u00edch 550 metrov u\u017e je naozaj len pre t\u00fdch, \u010do cel\u00fa zimu poctivo tr\u00e9novali.\u00a0<\/span><\/p>\n<div id='gallery-2' class='gallery galleryid-17444 gallery-columns-2 gallery-size-full'><figure class='gallery-item'>\n\t\t\t<div class='gallery-icon landscape'>\n\t\t\t\t<a href='https:\/\/d2p6e6u75xmxt8.cloudfront.net\/4\/2023\/05\/09-1.webp'><img loading=\"lazy\" decoding=\"async\" width=\"990\" height=\"660\" src=\"https:\/\/d2p6e6u75xmxt8.cloudfront.net\/4\/2023\/05\/09-1.webp\" class=\"attachment-full size-full\" alt=\"turistivk\u00e9 zna\u010dky\" srcset=\"https:\/\/d2p6e6u75xmxt8.cloudfront.net\/4\/2023\/05\/09-1.webp 990w, https:\/\/d2p6e6u75xmxt8.cloudfront.net\/4\/2023\/05\/09-1-300x200.webp 300w, https:\/\/d2p6e6u75xmxt8.cloudfront.net\/4\/2023\/05\/09-1-768x512.webp 768w, https:\/\/d2p6e6u75xmxt8.cloudfront.net\/4\/2023\/05\/09-1-400x267.webp 400w, https:\/\/d2p6e6u75xmxt8.cloudfront.net\/4\/2023\/05\/09-1-272x182.webp 272w\" sizes=\"auto, (max-width: 990px) 100vw, 990px\" \/><\/a>\n\t\t\t<\/div><\/figure><figure class='gallery-item'>\n\t\t\t<div class='gallery-icon landscape'>\n\t\t\t\t<a href='https:\/\/d2p6e6u75xmxt8.cloudfront.net\/4\/2023\/05\/10.webp'><img loading=\"lazy\" decoding=\"async\" width=\"990\" height=\"660\" src=\"https:\/\/d2p6e6u75xmxt8.cloudfront.net\/4\/2023\/05\/10.webp\" class=\"attachment-full size-full\" alt=\"\" srcset=\"https:\/\/d2p6e6u75xmxt8.cloudfront.net\/4\/2023\/05\/10.webp 990w, https:\/\/d2p6e6u75xmxt8.cloudfront.net\/4\/2023\/05\/10-300x200.webp 300w, https:\/\/d2p6e6u75xmxt8.cloudfront.net\/4\/2023\/05\/10-768x512.webp 768w, https:\/\/d2p6e6u75xmxt8.cloudfront.net\/4\/2023\/05\/10-400x267.webp 400w, https:\/\/d2p6e6u75xmxt8.cloudfront.net\/4\/2023\/05\/10-272x182.webp 272w\" sizes=\"auto, (max-width: 990px) 100vw, 990px\" \/><\/a>\n\t\t\t<\/div><\/figure>\n\t\t<\/div>\n\n<p><span style=\"font-weight: 400;\">Cel\u00e1 trasa z\u00a0parkoviska na Omegov\u00fa a\u00a0nasp\u00e4\u0165 m\u00e1 25 km a\u00a0prev\u00fd\u0161enie 569 metrov, tak\u017ee z\u00a0h\u013eadiska parametrov \u0160koda Bike Open Tour je to tak\u00e1 trochu dlh\u0161ia<\/span><a href=\"https:\/\/www.welovecycling.com\/sk\/2022\/05\/26\/reportaz-skoda-mtb-maraton-rajecke-teplice-dokonaly-start-sezony\/\"><span style=\"font-weight: 400;\"> Hobby tra\u0165<\/span><\/a><span style=\"font-weight: 400;\">. <strong>Ak e\u0161te v\u00e1hate, \u010di sa z\u00fa\u010dastni\u0165 pretekov, m\u00f4\u017eete si ju vysk\u00fa\u0161a\u0165, aby ste zistili, \u010di m\u00e1te na to, zvl\u00e1dnu\u0165 preteky.<\/strong> A\u00a0mo\u017eno zist\u00edte, \u017ee tak\u00e9to nie\u010do zvl\u00e1dnete hravo a\u00a0na pretekoch zvol\u00edte rovno polmarat\u00f3nsku tra\u0165.\u00a0<\/span><\/p>\n","protected":false},"excerpt":{"rendered":"<p>U\u017e \u010doskoro \u010dak\u00e1 fan\u00fa\u0161ikov cyklistiky druh\u00e9 kolo s\u00e9rie \u0160koda Bike Open Tour, ktor\u00e9 sa bude jazdi\u0165 v\u00a0Rajeck\u00fdch Tepliciach. V\u00a0okol\u00ed tohto [&hellip;]<\/p>\n","protected":false},"author":172,"featured_media":17445,"comment_status":"open","ping_status":"open","sticky":false,"template":"","format":"standard","meta":{"footnotes":""},"categories":[191,33],"tags":[916,448,876,180,824,767,35,523,741,545],"global-categories":[1074],"class_list":["post-17444","post","type-post","status-publish","format-standard","has-post-thumbnail","hentry","category-odporucame","category-sbot","tag-cyklisticka-destinacia","tag-cyklotrasy","tag-historia","tag-horska-cyklistika","tag-les","tag-motivacia","tag-sbot","tag-slovensko","tag-tip-na-vylet","tag-trasa","global-categories-cycling"],"yoast_head":"<!-- This site is optimized with the Yoast SEO Premium plugin v25.3 (Yoast SEO v25.9) - https:\/\/yoast.com\/wordpress\/plugins\/seo\/ -->\n<title>Tip na v\u00fdlet: Po stop\u00e1ch marat\u00f3nu v\u00a0Rajeck\u00fdch Tepliciach<\/title>\n<meta name=\"description\" content=\"U\u017e \u010doskoro \u010dak\u00e1 fan\u00fa\u0161ikov cyklistiky druh\u00e9 kolo s\u00e9rie \u0160KODA BIKE OPEN TOUR, ktor\u00e9 sa bude jazdi\u0165 v\u00a0Rajeck\u00fdch Tepliciach.\" \/>\n<meta name=\"robots\" content=\"index, follow, max-snippet:-1, max-image-preview:large, max-video-preview:-1\" \/>\n<link rel=\"canonical\" href=\"https:\/\/www.welovecycling.com\/sk\/2023\/05\/17\/tip-na-vylet-po-stopach-maratonu-v-rajeckych-tepliciach\/\" \/>\n<meta property=\"og:locale\" content=\"sk_SK\" \/>\n<meta property=\"og:type\" content=\"article\" \/>\n<meta property=\"og:title\" content=\"Tip na v\u00fdlet: Po stop\u00e1ch marat\u00f3nu v\u00a0Rajeck\u00fdch Tepliciach\" \/>\n<meta property=\"og:description\" content=\"U\u017e \u010doskoro \u010dak\u00e1 fan\u00fa\u0161ikov cyklistiky druh\u00e9 kolo s\u00e9rie \u0160KODA BIKE OPEN TOUR, ktor\u00e9 sa bude jazdi\u0165 v\u00a0Rajeck\u00fdch Tepliciach.\" \/>\n<meta property=\"og:url\" content=\"https:\/\/www.welovecycling.com\/sk\/2023\/05\/17\/tip-na-vylet-po-stopach-maratonu-v-rajeckych-tepliciach\/\" \/>\n<meta property=\"og:site_name\" content=\"\u0160koda We Love Cycling Slovensko\" \/>\n<meta property=\"article:published_time\" content=\"2023-05-17T08:00:58+00:00\" \/>\n<meta property=\"article:modified_time\" content=\"2023-05-30T10:33:10+00:00\" \/>\n<meta property=\"og:image\" content=\"https:\/\/d2p6e6u75xmxt8.cloudfront.net\/4\/2023\/05\/titulka-2.webp\" \/>\n\t<meta property=\"og:image:width\" content=\"990\" \/>\n\t<meta property=\"og:image:height\" content=\"660\" \/>\n\t<meta property=\"og:image:type\" content=\"image\/webp\" \/>\n<meta name=\"author\" content=\"dominika\" \/>\n<meta name=\"twitter:card\" content=\"summary_large_image\" \/>\n<meta name=\"twitter:label1\" content=\"Written by\" \/>\n\t<meta name=\"twitter:data1\" content=\"Radovan Vr\u0161ka\" \/>\n\t<meta name=\"twitter:label2\" content=\"Est. reading time\" \/>\n\t<meta name=\"twitter:data2\" content=\"2\" \/>\n<script type=\"application\/ld+json\" class=\"yoast-schema-graph\">{\"@context\":\"https:\/\/schema.org\",\"@graph\":[{\"@type\":\"WebPage\",\"@id\":\"https:\/\/www.welovecycling.com\/sk\/2023\/05\/17\/tip-na-vylet-po-stopach-maratonu-v-rajeckych-tepliciach\/\",\"url\":\"https:\/\/www.welovecycling.com\/sk\/2023\/05\/17\/tip-na-vylet-po-stopach-maratonu-v-rajeckych-tepliciach\/\",\"name\":\"Tip na v\u00fdlet: Po stop\u00e1ch marat\u00f3nu v\u00a0Rajeck\u00fdch Tepliciach\",\"isPartOf\":{\"@id\":\"https:\/\/www.welovecycling.com\/sk\/#website\"},\"primaryImageOfPage\":{\"@id\":\"https:\/\/www.welovecycling.com\/sk\/2023\/05\/17\/tip-na-vylet-po-stopach-maratonu-v-rajeckych-tepliciach\/#primaryimage\"},\"image\":{\"@id\":\"https:\/\/www.welovecycling.com\/sk\/2023\/05\/17\/tip-na-vylet-po-stopach-maratonu-v-rajeckych-tepliciach\/#primaryimage\"},\"thumbnailUrl\":\"https:\/\/d2p6e6u75xmxt8.cloudfront.net\/4\/2023\/05\/titulka-2.webp\",\"datePublished\":\"2023-05-17T08:00:58+00:00\",\"dateModified\":\"2023-05-30T10:33:10+00:00\",\"author\":{\"@id\":\"https:\/\/www.welovecycling.com\/sk\/#\/schema\/person\/533b62b98b6c41bd5135ebfb1f742624\"},\"description\":\"U\u017e \u010doskoro \u010dak\u00e1 fan\u00fa\u0161ikov cyklistiky druh\u00e9 kolo s\u00e9rie \u0160KODA BIKE OPEN TOUR, ktor\u00e9 sa bude jazdi\u0165 v\u00a0Rajeck\u00fdch Tepliciach.\",\"breadcrumb\":{\"@id\":\"https:\/\/www.welovecycling.com\/sk\/2023\/05\/17\/tip-na-vylet-po-stopach-maratonu-v-rajeckych-tepliciach\/#breadcrumb\"},\"inLanguage\":\"sk-SK\",\"potentialAction\":[{\"@type\":\"ReadAction\",\"target\":[\"https:\/\/www.welovecycling.com\/sk\/2023\/05\/17\/tip-na-vylet-po-stopach-maratonu-v-rajeckych-tepliciach\/\"]}]},{\"@type\":\"ImageObject\",\"inLanguage\":\"sk-SK\",\"@id\":\"https:\/\/www.welovecycling.com\/sk\/2023\/05\/17\/tip-na-vylet-po-stopach-maratonu-v-rajeckych-tepliciach\/#primaryimage\",\"url\":\"https:\/\/d2p6e6u75xmxt8.cloudfront.net\/4\/2023\/05\/titulka-2.webp\",\"contentUrl\":\"https:\/\/d2p6e6u75xmxt8.cloudfront.net\/4\/2023\/05\/titulka-2.webp\",\"width\":990,\"height\":660,\"caption\":\"Rajeck\u00e9 Teplice\"},{\"@type\":\"BreadcrumbList\",\"@id\":\"https:\/\/www.welovecycling.com\/sk\/2023\/05\/17\/tip-na-vylet-po-stopach-maratonu-v-rajeckych-tepliciach\/#breadcrumb\",\"itemListElement\":[{\"@type\":\"ListItem\",\"position\":1,\"name\":\"Home\",\"item\":\"https:\/\/www.welovecycling.com\/sk\/\"},{\"@type\":\"ListItem\",\"position\":2,\"name\":\"Tip na v\u00fdlet: Po stop\u00e1ch marat\u00f3nu v\u00a0Rajeck\u00fdch Tepliciach\"}]},{\"@type\":\"WebSite\",\"@id\":\"https:\/\/www.welovecycling.com\/sk\/#website\",\"url\":\"https:\/\/www.welovecycling.com\/sk\/\",\"name\":\"\u0160koda We Love Cycling Slovensko\",\"description\":\"\u0160koda We Love Cycling Slovensko je v\u00e1\u0161 ka\u017edodenn\u00fd zdroj noviniek a in\u0161pir\u00e1cie z sveta cyklistiky\",\"potentialAction\":[{\"@type\":\"SearchAction\",\"target\":{\"@type\":\"EntryPoint\",\"urlTemplate\":\"https:\/\/www.welovecycling.com\/sk\/?s={search_term_string}\"},\"query-input\":{\"@type\":\"PropertyValueSpecification\",\"valueRequired\":true,\"valueName\":\"search_term_string\"}}],\"inLanguage\":\"sk-SK\"},{\"@type\":\"Person\",\"@id\":\"https:\/\/www.welovecycling.com\/sk\/#\/schema\/person\/533b62b98b6c41bd5135ebfb1f742624\",\"name\":\"dominika\",\"image\":{\"@type\":\"ImageObject\",\"inLanguage\":\"sk-SK\",\"@id\":\"https:\/\/www.welovecycling.com\/sk\/#\/schema\/person\/image\/\",\"url\":\"https:\/\/secure.gravatar.com\/avatar\/ded6f274ba2ec3e17fff153f7d9d96a4b33c2cb63907f75d9a5309c599a7f3e6?s=96&d=mm&r=g\",\"contentUrl\":\"https:\/\/secure.gravatar.com\/avatar\/ded6f274ba2ec3e17fff153f7d9d96a4b33c2cb63907f75d9a5309c599a7f3e6?s=96&d=mm&r=g\",\"caption\":\"dominika\"},\"url\":\"https:\/\/www.welovecycling.com\/sk\/author\/dominika\/\"}]}<\/script>\n<!-- \/ Yoast SEO Premium plugin. -->","yoast_head_json":{"title":"Tip na v\u00fdlet: Po stop\u00e1ch marat\u00f3nu v\u00a0Rajeck\u00fdch Tepliciach","description":"U\u017e \u010doskoro \u010dak\u00e1 fan\u00fa\u0161ikov cyklistiky druh\u00e9 kolo s\u00e9rie \u0160KODA BIKE OPEN TOUR, ktor\u00e9 sa bude jazdi\u0165 v\u00a0Rajeck\u00fdch Tepliciach.","robots":{"index":"index","follow":"follow","max-snippet":"max-snippet:-1","max-image-preview":"max-image-preview:large","max-video-preview":"max-video-preview:-1"},"canonical":"https:\/\/www.welovecycling.com\/sk\/2023\/05\/17\/tip-na-vylet-po-stopach-maratonu-v-rajeckych-tepliciach\/","og_locale":"sk_SK","og_type":"article","og_title":"Tip na v\u00fdlet: Po stop\u00e1ch marat\u00f3nu v\u00a0Rajeck\u00fdch Tepliciach","og_description":"U\u017e \u010doskoro \u010dak\u00e1 fan\u00fa\u0161ikov cyklistiky druh\u00e9 kolo s\u00e9rie \u0160KODA BIKE OPEN TOUR, ktor\u00e9 sa bude jazdi\u0165 v\u00a0Rajeck\u00fdch Tepliciach.","og_url":"https:\/\/www.welovecycling.com\/sk\/2023\/05\/17\/tip-na-vylet-po-stopach-maratonu-v-rajeckych-tepliciach\/","og_site_name":"\u0160koda We Love Cycling Slovensko","article_published_time":"2023-05-17T08:00:58+00:00","article_modified_time":"2023-05-30T10:33:10+00:00","og_image":[{"width":990,"height":660,"url":"https:\/\/d2p6e6u75xmxt8.cloudfront.net\/4\/2023\/05\/titulka-2.webp","type":"image\/webp"}],"author":"dominika","twitter_card":"summary_large_image","twitter_misc":{"Written by":"Radovan Vr\u0161ka","Est. reading time":"2"},"schema":{"@context":"https:\/\/schema.org","@graph":[{"@type":"WebPage","@id":"https:\/\/www.welovecycling.com\/sk\/2023\/05\/17\/tip-na-vylet-po-stopach-maratonu-v-rajeckych-tepliciach\/","url":"https:\/\/www.welovecycling.com\/sk\/2023\/05\/17\/tip-na-vylet-po-stopach-maratonu-v-rajeckych-tepliciach\/","name":"Tip na v\u00fdlet: Po stop\u00e1ch marat\u00f3nu v\u00a0Rajeck\u00fdch Tepliciach","isPartOf":{"@id":"https:\/\/www.welovecycling.com\/sk\/#website"},"primaryImageOfPage":{"@id":"https:\/\/www.welovecycling.com\/sk\/2023\/05\/17\/tip-na-vylet-po-stopach-maratonu-v-rajeckych-tepliciach\/#primaryimage"},"image":{"@id":"https:\/\/www.welovecycling.com\/sk\/2023\/05\/17\/tip-na-vylet-po-stopach-maratonu-v-rajeckych-tepliciach\/#primaryimage"},"thumbnailUrl":"https:\/\/d2p6e6u75xmxt8.cloudfront.net\/4\/2023\/05\/titulka-2.webp","datePublished":"2023-05-17T08:00:58+00:00","dateModified":"2023-05-30T10:33:10+00:00","author":{"@id":"https:\/\/www.welovecycling.com\/sk\/#\/schema\/person\/533b62b98b6c41bd5135ebfb1f742624"},"description":"U\u017e \u010doskoro \u010dak\u00e1 fan\u00fa\u0161ikov cyklistiky druh\u00e9 kolo s\u00e9rie \u0160KODA BIKE OPEN TOUR, ktor\u00e9 sa bude jazdi\u0165 v\u00a0Rajeck\u00fdch Tepliciach.","breadcrumb":{"@id":"https:\/\/www.welovecycling.com\/sk\/2023\/05\/17\/tip-na-vylet-po-stopach-maratonu-v-rajeckych-tepliciach\/#breadcrumb"},"inLanguage":"sk-SK","potentialAction":[{"@type":"ReadAction","target":["https:\/\/www.welovecycling.com\/sk\/2023\/05\/17\/tip-na-vylet-po-stopach-maratonu-v-rajeckych-tepliciach\/"]}]},{"@type":"ImageObject","inLanguage":"sk-SK","@id":"https:\/\/www.welovecycling.com\/sk\/2023\/05\/17\/tip-na-vylet-po-stopach-maratonu-v-rajeckych-tepliciach\/#primaryimage","url":"https:\/\/d2p6e6u75xmxt8.cloudfront.net\/4\/2023\/05\/titulka-2.webp","contentUrl":"https:\/\/d2p6e6u75xmxt8.cloudfront.net\/4\/2023\/05\/titulka-2.webp","width":990,"height":660,"caption":"Rajeck\u00e9 Teplice"},{"@type":"BreadcrumbList","@id":"https:\/\/www.welovecycling.com\/sk\/2023\/05\/17\/tip-na-vylet-po-stopach-maratonu-v-rajeckych-tepliciach\/#breadcrumb","itemListElement":[{"@type":"ListItem","position":1,"name":"Home","item":"https:\/\/www.welovecycling.com\/sk\/"},{"@type":"ListItem","position":2,"name":"Tip na v\u00fdlet: Po stop\u00e1ch marat\u00f3nu v\u00a0Rajeck\u00fdch Tepliciach"}]},{"@type":"WebSite","@id":"https:\/\/www.welovecycling.com\/sk\/#website","url":"https:\/\/www.welovecycling.com\/sk\/","name":"\u0160koda We Love Cycling Slovensko","description":"\u0160koda We Love Cycling Slovensko je v\u00e1\u0161 ka\u017edodenn\u00fd zdroj noviniek a in\u0161pir\u00e1cie z sveta cyklistiky","potentialAction":[{"@type":"SearchAction","target":{"@type":"EntryPoint","urlTemplate":"https:\/\/www.welovecycling.com\/sk\/?s={search_term_string}"},"query-input":{"@type":"PropertyValueSpecification","valueRequired":true,"valueName":"search_term_string"}}],"inLanguage":"sk-SK"},{"@type":"Person","@id":"https:\/\/www.welovecycling.com\/sk\/#\/schema\/person\/533b62b98b6c41bd5135ebfb1f742624","name":"dominika","image":{"@type":"ImageObject","inLanguage":"sk-SK","@id":"https:\/\/www.welovecycling.com\/sk\/#\/schema\/person\/image\/","url":"https:\/\/secure.gravatar.com\/avatar\/ded6f274ba2ec3e17fff153f7d9d96a4b33c2cb63907f75d9a5309c599a7f3e6?s=96&d=mm&r=g","contentUrl":"https:\/\/secure.gravatar.com\/avatar\/ded6f274ba2ec3e17fff153f7d9d96a4b33c2cb63907f75d9a5309c599a7f3e6?s=96&d=mm&r=g","caption":"dominika"},"url":"https:\/\/www.welovecycling.com\/sk\/author\/dominika\/"}]}},"_links":{"self":[{"href":"https:\/\/www.welovecycling.com\/sk\/wp-json\/wp\/v2\/posts\/17444","targetHints":{"allow":["GET"]}}],"collection":[{"href":"https:\/\/www.welovecycling.com\/sk\/wp-json\/wp\/v2\/posts"}],"about":[{"href":"https:\/\/www.welovecycling.com\/sk\/wp-json\/wp\/v2\/types\/post"}],"author":[{"embeddable":true,"href":"https:\/\/www.welovecycling.com\/sk\/wp-json\/wp\/v2\/users\/172"}],"replies":[{"embeddable":true,"href":"https:\/\/www.welovecycling.com\/sk\/wp-json\/wp\/v2\/comments?post=17444"}],"version-history":[{"count":2,"href":"https:\/\/www.welovecycling.com\/sk\/wp-json\/wp\/v2\/posts\/17444\/revisions"}],"predecessor-version":[{"id":17566,"href":"https:\/\/www.welovecycling.com\/sk\/wp-json\/wp\/v2\/posts\/17444\/revisions\/17566"}],"wp:featuredmedia":[{"embeddable":true,"href":"https:\/\/www.welovecycling.com\/sk\/wp-json\/wp\/v2\/media\/17445"}],"wp:attachment":[{"href":"https:\/\/www.welovecycling.com\/sk\/wp-json\/wp\/v2\/media?parent=17444"}],"wp:term":[{"taxonomy":"category","embeddable":true,"href":"https:\/\/www.welovecycling.com\/sk\/wp-json\/wp\/v2\/categories?post=17444"},{"taxonomy":"post_tag","embeddable":true,"href":"https:\/\/www.welovecycling.com\/sk\/wp-json\/wp\/v2\/tags?post=17444"},{"taxonomy":"global-categories","embeddable":true,"href":"https:\/\/www.welovecycling.com\/sk\/wp-json\/wp\/v2\/global-categories?post=17444"}],"curies":[{"name":"wp","href":"https:\/\/api.w.org\/{rel}","templated":true}]}}