{"id":17426,"date":"2023-05-12T10:00:29","date_gmt":"2023-05-12T08:00:29","guid":{"rendered":"https:\/\/www.welovecycling.com\/sk\/?p=17426"},"modified":"2023-05-15T10:07:49","modified_gmt":"2023-05-15T08:07:49","slug":"neusiedlersee-radmarathon-uci-gran-fondo-zazitok-len-par-kilometrov-za-slovenskymi-hranicami","status":"publish","type":"post","link":"https:\/\/www.welovecycling.com\/sk\/2023\/05\/12\/neusiedlersee-radmarathon-uci-gran-fondo-zazitok-len-par-kilometrov-za-slovenskymi-hranicami\/","title":{"rendered":"Neusiedlersee Radmarathon \u2013 UCI Gran Fondo z\u00e1\u017eitok len p\u00e1r kilometrov za slovensk\u00fdmi hranicami"},"content":{"rendered":"<p><strong>V rak\u00faskom meste\u010dku M\u00f6rbisch am See sa 22. a 23. 4. konali cestn\u00e9 preteky okolo Nezidersk\u00e9ho jazera. Sobot\u0148aj\u0161ia \u010dasovka dlh\u00e1 25 km a nede\u013en\u00fd marat\u00f3n na 125 km dlhej trati s prev\u00fd\u0161en\u00edm 600 v\u00fd\u0161kov\u00fdch metrov.<\/strong><!--more--><\/p>\n<p>We Love Cycling vyhl\u00e1silo v marci <a href=\"https:\/\/m.facebook.com\/story.php?story_fbid=pfbid0Mv9MUgQ2G5AEmcJg4ebbxPTefQWujifaNJqeM76fa1zMY5gB5zhBRxdzx4Jx2R4Zl&amp;id=100064919341241\" target=\"_blank\" rel=\"noopener\">s\u00fa\u0165a\u017e o 10 \u0161tartov<\/a>, sta\u010dilo do koment\u00e1ra zavesi\u0165 foto svojej zimnej pr\u00edpravy a automaticky ste boli zaraden\u00ed do s\u00fa\u0165a\u017ee o 5 \u0161tartov na \u010dasovku alebo 5 \u0161tartov na marat\u00f3ne. No a jednou z t\u00fdch \u0161\u0165astnej\u0161\u00edch som bola aj ja \u263a.<\/p>\n<p>Mne sa podarilo vyhra\u0165 \u010dasovku \u2013 jup\u00ed! \u2013 aj ke\u010f nie \u00faplne m\u00f4j \u0161ialok k\u00e1vy, ke\u010f\u017ee doteraz som mala sk\u00fasenosti len s \u010dasovkami do kopca v na\u0161ej V\u00fdchod Road Lige. <strong>Ale, nech to m\u00e1 gr\u00e1dy \u2013 kupujem \u0161tartovn\u00e9 aj na marat\u00f3n a hur\u00e1 na pred\u013a\u017een\u00fd v\u00edkend! <\/strong>Neusiedler See Radmarathon je jedn\u00fdm z vy\u0161e 20 celosvetovo organizovan\u00fdch podujat\u00ed, ktor\u00e9 s\u00fa pod z\u00e1\u0161titou UCI. V\u010faka umiestneniu v top 20 % vo svojej vekovej kateg\u00f3rii sa m\u00f4\u017eete kvalifikova\u0165 na svetov\u00e9 majstrovstv\u00e1 UCI Gran Fondo, ktor\u00e9 sa v tomto roku konaj\u00fa v auguste v \u0160k\u00f3tsku.<\/p>\n<p><img loading=\"lazy\" decoding=\"async\" class=\"alignnone size-full wp-image-17428\" src=\"https:\/\/d2p6e6u75xmxt8.cloudfront.net\/4\/2023\/05\/02-1.webp\" alt=\"\" width=\"990\" height=\"660\" srcset=\"https:\/\/d2p6e6u75xmxt8.cloudfront.net\/4\/2023\/05\/02-1.webp 990w, https:\/\/d2p6e6u75xmxt8.cloudfront.net\/4\/2023\/05\/02-1-300x200.webp 300w, https:\/\/d2p6e6u75xmxt8.cloudfront.net\/4\/2023\/05\/02-1-768x512.webp 768w, https:\/\/d2p6e6u75xmxt8.cloudfront.net\/4\/2023\/05\/02-1-400x267.webp 400w, https:\/\/d2p6e6u75xmxt8.cloudfront.net\/4\/2023\/05\/02-1-272x182.webp 272w\" sizes=\"auto, (max-width: 990px) 100vw, 990px\" \/><\/p>\n<h2><strong>Ke\u010f boj s chronometrom vystup\u0148uje vietor<\/strong><\/h2>\n<p>V piatok ve\u010der sa s man\u017eelom ubytujeme v Bratislave, nech sa dobre vysp\u00edme. Z Bratislavy to m\u00e1me nie\u010do vy\u0161e hodinky do M\u00f6rbisch am See, malebn\u00e9ho meste\u010dka le\u017eiaceho na juhoz\u00e1padnom c\u00edpe Nezidersk\u00e9ho jazera. V\u0161ade sam\u00e9 polia a vinohrady.<strong> Cestu n\u00e1m spr\u00edjem\u0148uj\u00fa slne\u010dn\u00e9 l\u00fa\u010de dopadaj\u00face do kr\u00e1snych zelen\u00fdch pol\u00ed, tu a tam sa mihne zajko, ba\u017eant, volavka \u010di paroh\u00e1\u010de \u263a.<\/strong> Kr\u00e1sny kraj \u2013 hovor\u00edm si a absol\u00fatne nepoci\u0165ujem pred\u0161tartov\u00e9 stavy a fakt, \u017ee idem na prv\u00e9 zahrani\u010dn\u00e9 preteky tak\u00e9hoto r\u00e1zu v \u017eivote.<\/p>\n<p><img loading=\"lazy\" decoding=\"async\" class=\"alignnone size-full wp-image-17429\" src=\"https:\/\/d2p6e6u75xmxt8.cloudfront.net\/4\/2023\/05\/03-1.webp\" alt=\"\" width=\"990\" height=\"660\" srcset=\"https:\/\/d2p6e6u75xmxt8.cloudfront.net\/4\/2023\/05\/03-1.webp 990w, https:\/\/d2p6e6u75xmxt8.cloudfront.net\/4\/2023\/05\/03-1-300x200.webp 300w, https:\/\/d2p6e6u75xmxt8.cloudfront.net\/4\/2023\/05\/03-1-768x512.webp 768w, https:\/\/d2p6e6u75xmxt8.cloudfront.net\/4\/2023\/05\/03-1-400x267.webp 400w, https:\/\/d2p6e6u75xmxt8.cloudfront.net\/4\/2023\/05\/03-1-272x182.webp 272w\" sizes=\"auto, (max-width: 990px) 100vw, 990px\" \/><\/p>\n<p>\u010casovka za\u010d\u00edna o 13-tej \u0161tartom \u010dasovk\u00e1rskych bicyklov, m\u00f4j \u0161tart na klasickom cestnom je o 15:52. Rozjaz\u010fujem sa na valcoch ved\u013ea auta \u2013 ke\u010f\u017ee lokalitu nepozn\u00e1m. Po\u010dasie praje, teplota st\u00fapa k 24 \u00b0C. Akur\u00e1t dos\u0165 silno f\u00faka, \u010do je pre t\u00fato oblas\u0165 zn\u00e1me. <strong>Pred \u0161tartom si e\u0161te pod\u00e1me ruku s druhou s\u00fa\u0165a\u017eiacou v mojej kateg\u00f3rii, prajeme si good luck a ide sa do boja. Nielen s chronometrom, ale aj s hlavou.<\/strong> Spr\u00e1vne rozlo\u017ei\u0165 tempo, \u00eds\u0165 si svoje od za\u010diatku.<\/p>\n<p>Neprep\u00e1li\u0165 \u00favod je \u0165a\u017ek\u00e9, ke\u010f\u017ee u\u017e po prv\u00fdch metroch sa st\u00e1\u010date do prudk\u00e9ho, 7-percentn\u00e9ho kilometer dlh\u00e9ho st\u00fapania. \u013dahk\u00fd prevod a to\u010di\u0165. Tu obieham dve cyklistky slovami: sorry, nem\u00e1m u\u017e \u013eah\u0161\u00ed prevod \u263a. <strong>Vietor v\u00e1s ob\u00edja raz sprava, raz z\u013eava, bo\u010d\u00e1k je nepr\u00edjemn\u00fd a m\u00e1te \u010do robi\u0165, aby v\u00e1s nestiahol do strany.<\/strong> Neraz si pri vysok\u00fdch tepoch a p\u00e1liacich noh\u00e1ch za\u0161omrem, na\u010do mi bolo toto v\u00f4bec dobr\u00e9 a fakt, \u017ee do m\u0148a duje vietor, mi na n\u00e1lade neprid\u00e1va. E\u0161te \u017ee je tu tak pekne \u263a. Postupne sa mi podar\u00ed poobieha\u0165 nieko\u013eko cyklistov.<\/p>\n<p>Na \u010dasovke je zak\u00e1zan\u00e9 h\u00e1kovanie, tak si d\u00e1vam pozor a v\u0161etk\u00fdch obieham s dostato\u010dn\u00fdm odstupom. <strong>Do cie\u013ea doch\u00e1dzam ako 3. \u017eena celkovo a 1. vo svojej kateg\u00f3rii.<\/strong> S v\u00fdkonom extra spokojn\u00e1 nie som, ale u\u017e ke\u010f ni\u010d, treba sa vyhovori\u0165 na vietor a zajtraj\u0161\u00ed marat\u00f3n \u263a.<\/p>\n<p><img loading=\"lazy\" decoding=\"async\" class=\"alignnone size-full wp-image-17430\" src=\"https:\/\/d2p6e6u75xmxt8.cloudfront.net\/4\/2023\/05\/04-1.webp\" alt=\"\" width=\"990\" height=\"660\" srcset=\"https:\/\/d2p6e6u75xmxt8.cloudfront.net\/4\/2023\/05\/04-1.webp 990w, https:\/\/d2p6e6u75xmxt8.cloudfront.net\/4\/2023\/05\/04-1-300x200.webp 300w, https:\/\/d2p6e6u75xmxt8.cloudfront.net\/4\/2023\/05\/04-1-768x512.webp 768w, https:\/\/d2p6e6u75xmxt8.cloudfront.net\/4\/2023\/05\/04-1-400x267.webp 400w, https:\/\/d2p6e6u75xmxt8.cloudfront.net\/4\/2023\/05\/04-1-272x182.webp 272w\" sizes=\"auto, (max-width: 990px) 100vw, 990px\" \/><\/p>\n<h2><strong>Nede\u013en\u00e9 peklo v pelot\u00f3ne<\/strong><\/h2>\n<p><strong>Uff, to bude nie\u010do! Hovor\u00edm si, ke\u010f \u010d\u00edtam, \u017ee registrovan\u00fdch je vy\u0161e 1 500 \u00fa\u010dastn\u00edkov.<\/strong> Od r\u00e1na po\u010du\u0165 v meste\u010dku hlasn\u00fa hudbu. V\u0161ade nadupan\u00e9 bicykle a namotivovan\u00e9 tv\u00e1re. \u0160tartovn\u00e9 \u010d\u00edslo som si vzala u\u017e v sobotu, tak\u017ee sa pri aute obliekam, bal\u00edm 3 g\u00e9ly a rozjazdenie si d\u00e1vam pomedzi vinice.<\/p>\n<p>Na miesto \u0161tartu sa dost\u00e1vam 15 min\u00fat pred v\u00fdstrelom, preb\u00edjam sa do lep\u0161ej poz\u00edcie, aj ke\u010f u\u017e teraz som niekde v strede obrovskej masy \u013eud\u00ed. <strong>Vpredu je VIP z\u00f3na, v ktorej nech\u00fdba ani nov\u00fd kontinent\u00e1lny slovensk\u00fd t\u00edm RRK Group Pierre Baguette Benzinol, ktor\u00fd zalo\u017eil Boris Horv\u00e1th.<\/strong> <a href=\"https:\/\/www.welovecycling.com\/sk\/2022\/10\/14\/juraj-sagan-specialista-jednodnoviek\/\" target=\"_blank\" rel=\"noopener\">Juraj Sagan<\/a>, ako gener\u00e1lny riadite\u013e, nenechal svoju minulos\u0165 za dverami, a tak sa aj on stavia na \u0161tart so svoj\u00edm t\u00edmom. P\u00e1r \u00favodn\u00fdch slov od organiz\u00e1tora, ktor\u00fd vystr\u00edha pred siln\u00fdm vetrom a nebezpe\u010denstve p\u00e1dov. Minul\u00fd rok tu bolo viacero p\u00e1dov, jedn\u00e9mu z nich sa nevyhla ani slovensk\u00e1 cyklistka.<\/p>\n<p><img loading=\"lazy\" decoding=\"async\" class=\"alignnone size-full wp-image-17431\" src=\"https:\/\/d2p6e6u75xmxt8.cloudfront.net\/4\/2023\/05\/05-1.webp\" alt=\"\" width=\"990\" height=\"660\" srcset=\"https:\/\/d2p6e6u75xmxt8.cloudfront.net\/4\/2023\/05\/05-1.webp 990w, https:\/\/d2p6e6u75xmxt8.cloudfront.net\/4\/2023\/05\/05-1-300x200.webp 300w, https:\/\/d2p6e6u75xmxt8.cloudfront.net\/4\/2023\/05\/05-1-768x512.webp 768w, https:\/\/d2p6e6u75xmxt8.cloudfront.net\/4\/2023\/05\/05-1-400x267.webp 400w, https:\/\/d2p6e6u75xmxt8.cloudfront.net\/4\/2023\/05\/05-1-272x182.webp 272w\" sizes=\"auto, (max-width: 990px) 100vw, 990px\" \/><\/p>\n<p>Tra\u0165 za\u010d\u00edna op\u00e4\u0165 prudk\u00fdm kopcom, v bal\u00edku to upa\u013euje poriadne r\u00fdchlo. Okej, dnes sa ide \u0161rot \u263a. Postupne sa pelot\u00f3n trh\u00e1 a ka\u017ed\u00fd si n\u00e1jde t\u00fa svoju skupinku. <strong>Na 17. km mi po narazen\u00ed do v\u00fdmo\u013eov vyletia z ko\u0161\u00edkov obe f\u013ea\u0161e. Nad\u00e1vam.<\/strong> Ve\u010f na\u010do si budeme d\u00e1va\u0165 sign\u00e1ly. Par\u00e1da, predo mnou nie\u010do cez 100 km, len nedosta\u0165 k\u0155\u010de! Zastav\u00edm na krajnici a obzriem sa za f\u013ea\u0161ami \u2013 s\u00fa asi 20 metrov za mnou, niekde skryt\u00e9 v tr\u00e1ve a ku mne sa r\u00fati obrovsk\u00fd bal\u00edk. Podr\u00e1\u017edene hod\u00edm rukou a \u010dak\u00e1m, k\u00fdm ma obehne cel\u00fd bal\u00edk, aby som nesp\u00f4sobila kol\u00edziu. U\u0161li mi v\u0161etky baby, od ktor\u00fdch som sa sna\u017eila utrhn\u00fa\u0165 v \u00favode.<\/p>\n<p>S prib\u00fadaj\u00facimi kilometrami \u017eobrem od viacer\u00fdch cyklistov za glg vody, niektor\u00ed mi ochotne daj\u00fa, in\u00ed ignoruj\u00fa \u263a. \u00davodn\u00e9 tempo bolo na n\u00e1s \u017eeny \u0161ialen\u00e9, e\u0161te po\u010f takto 10 min\u00fat a skon\u010dila si, vrav\u00edm si, pozer\u00e1m na \u010d\u00edsla na hodink\u00e1ch a sna\u017e\u00edm sa dr\u017ea\u0165 skupinky. Trochu sme sa odtrhli, \u010d\u00edm n\u00e1s ostalo v bal\u00edku asi 8. 2 baby a chalani. Po anglicky ich vyz\u00fdvam, nech sa postriedame na \u010dele, dobehneme v\u00e4\u010d\u0161iu skupinu pred nami a p\u00f4jde sa n\u00e1m lep\u0161ie. Za\u010dnem teda \u0165aha\u0165, po asi 15 sekund\u00e1ch sa obzriem a za mnou nikto \u263a. <strong>Super! Iba Julia mala snahu dotiahnu\u0165 sa, chlapi to dnes nechali na n\u00e1s \u017eeny, ach. <\/strong><\/p>\n<p>Nakoniec sa n\u00e1m bal\u00edk podar\u00ed dobehn\u00fa\u0165, a tak n\u00e1m kilometre pekne plyn\u00fa. <strong>Obiehame smoln\u00fa skupinku, kde do\u0161lo k hromadnej kol\u00edzii.<\/strong> \u0160kared\u00fd poh\u013ead na cyklistu, ktor\u00e9ho v bezvedom\u00ed r\u00fdchlo s\u0165ahuj\u00fa z trate. Pri tak\u00fdchto podmienkach, kde je mnoho cyklistov a navy\u0161e v\u00e1s vietor h\u00e1d\u017ee do str\u00e1n, je nesmierne d\u00f4le\u017eit\u00e1 100 % s\u00fastredenos\u0165. Sta\u010d\u00ed sekunda a le\u017e\u00edte na zemi.<\/p>\n<p><img loading=\"lazy\" decoding=\"async\" class=\"alignnone size-full wp-image-17432\" src=\"https:\/\/d2p6e6u75xmxt8.cloudfront.net\/4\/2023\/05\/06-1.webp\" alt=\"\" width=\"990\" height=\"660\" srcset=\"https:\/\/d2p6e6u75xmxt8.cloudfront.net\/4\/2023\/05\/06-1.webp 990w, https:\/\/d2p6e6u75xmxt8.cloudfront.net\/4\/2023\/05\/06-1-300x200.webp 300w, https:\/\/d2p6e6u75xmxt8.cloudfront.net\/4\/2023\/05\/06-1-768x512.webp 768w, https:\/\/d2p6e6u75xmxt8.cloudfront.net\/4\/2023\/05\/06-1-400x267.webp 400w, https:\/\/d2p6e6u75xmxt8.cloudfront.net\/4\/2023\/05\/06-1-272x182.webp 272w\" sizes=\"auto, (max-width: 990px) 100vw, 990px\" \/><\/p>\n<h2><strong>\u0160\u0165astlivo do cie\u013ea. Hur\u00e1!<\/strong><\/h2>\n<p>Na poslednom kilometri pred cie\u013eom navy\u0161e ne\u0161\u0165astne pad\u00e1 aj cyklista ved\u013ea m\u0148a, ktor\u00e9ho svojou nepozornos\u0165ou s\u0165ahuje druh\u00fd. Uff, len tak-tak a le\u017e\u00edm na zemi aj ja. Do cie\u013ea nakoniec doch\u00e1dzam v \u010dase 3:21 so stratou 5 a pol min\u00faty na prv\u00fa cyklistku v rak\u00faskych farb\u00e1ch. <strong>Vo svojej kateg\u00f3rii kon\u010d\u00edm na 6. mieste, celkovo som 8. \u017eenou v cieli.<\/strong> Sad\u00e1m do tr\u00e1vy a vyd\u00fdchavam. Obzer\u00e1m sa okolo seba \u2013 v\u0161etci vy\u017em\u00fdkan\u00ed, le\u017eiaci \u010di sediaci na zemi, spokojn\u00e9 \u00fasmevy a vy\u010derpan\u00e9 v\u00fdrazy v jednom.<\/p>\n<p><strong>Pijem kolu a po p\u00e1r min\u00fatach d\u00e1vam prv\u00fd pokus o postavenie sa. Nie, k\u0155\u010de v noh\u00e1ch ma zvalia sp\u00e4\u0165.<\/strong> Druh\u00fd pokus je u\u017e ale \u00faspe\u0161n\u00fd a tak si idem po jedlo a n\u00e1poj a chv\u00ed\u013eu si u\u017e\u00edvam atmosf\u00e9ru cie\u013eov\u00e9ho o\u0161ia\u013eu. Odch\u00e1dzam s ubolen\u00fdmi nohami, nakoniec spokojnos\u0165ou z celkov\u00e9ho v\u00fdsledku a kr\u00e1snymi z\u00e1\u017eitkami z v\u00fdborne zorganizovan\u00fdch pretekov.<\/p>\n<div id='gallery-1' class='gallery galleryid-17426 gallery-columns-2 gallery-size-large'><figure class='gallery-item'>\n\t\t\t<div class='gallery-icon landscape'>\n\t\t\t\t<a href='https:\/\/d2p6e6u75xmxt8.cloudfront.net\/4\/2023\/05\/07-1.webp'><img loading=\"lazy\" decoding=\"async\" width=\"990\" height=\"990\" src=\"https:\/\/d2p6e6u75xmxt8.cloudfront.net\/4\/2023\/05\/07-1.webp\" class=\"attachment-large size-large\" alt=\"\" srcset=\"https:\/\/d2p6e6u75xmxt8.cloudfront.net\/4\/2023\/05\/07-1.webp 990w, https:\/\/d2p6e6u75xmxt8.cloudfront.net\/4\/2023\/05\/07-1-300x300.webp 300w, https:\/\/d2p6e6u75xmxt8.cloudfront.net\/4\/2023\/05\/07-1-150x150.webp 150w, https:\/\/d2p6e6u75xmxt8.cloudfront.net\/4\/2023\/05\/07-1-768x768.webp 768w, https:\/\/d2p6e6u75xmxt8.cloudfront.net\/4\/2023\/05\/07-1-400x400.webp 400w\" sizes=\"auto, (max-width: 990px) 100vw, 990px\" \/><\/a>\n\t\t\t<\/div><\/figure><figure class='gallery-item'>\n\t\t\t<div class='gallery-icon landscape'>\n\t\t\t\t<a href='https:\/\/d2p6e6u75xmxt8.cloudfront.net\/4\/2023\/05\/08-1.webp'><img loading=\"lazy\" decoding=\"async\" width=\"990\" height=\"990\" src=\"https:\/\/d2p6e6u75xmxt8.cloudfront.net\/4\/2023\/05\/08-1.webp\" class=\"attachment-large size-large\" alt=\"\" srcset=\"https:\/\/d2p6e6u75xmxt8.cloudfront.net\/4\/2023\/05\/08-1.webp 990w, https:\/\/d2p6e6u75xmxt8.cloudfront.net\/4\/2023\/05\/08-1-300x300.webp 300w, https:\/\/d2p6e6u75xmxt8.cloudfront.net\/4\/2023\/05\/08-1-150x150.webp 150w, https:\/\/d2p6e6u75xmxt8.cloudfront.net\/4\/2023\/05\/08-1-768x768.webp 768w, https:\/\/d2p6e6u75xmxt8.cloudfront.net\/4\/2023\/05\/08-1-400x400.webp 400w\" sizes=\"auto, (max-width: 990px) 100vw, 990px\" \/><\/a>\n\t\t\t<\/div><\/figure>\n\t\t<\/div>\n\n<h2><strong>Pre koho je tento marat\u00f3n ur\u010den\u00fd?<\/strong><\/h2>\n<p>Ak by som nap\u00edsala, \u017ee pre ka\u017ed\u00e9ho, asi by som klamala. Ur\u010dite treba ma\u0165 \u010do-to natr\u00e9novan\u00e9. Hlavne pozi\u010dn\u00fa jazdu v bal\u00edku. Ak sa boj\u00edte jazdy na \u00fazko vo v\u00e4\u010d\u0161om bal\u00edku, ur\u010dite by som sk\u00fasila najprv lok\u00e1lne jazdy s kamo\u0161mi vo v\u00e4\u010d\u0161ej zostave. To, \u017ee tak\u00e9to preteky bud\u00fa bolie\u0165, je ale samozrejmos\u0165ou \u263a. Av\u0161ak, je tu mo\u017enos\u0165 sk\u00fasi\u0165 si polovi\u010dn\u00fd minimarat\u00f3n s d\u013a\u017ekou 65 km. Ak v\u00e1m teda ide o kr\u00e1sny z\u00e1\u017eitok, toto s\u00fa ur\u010dite preteky, ktor\u00e9 stoj\u00ed za to sk\u00fasi\u0165!<\/p>\n","protected":false},"excerpt":{"rendered":"<p>V rak\u00faskom meste\u010dku M\u00f6rbisch am See sa 22. a 23. 4. konali cestn\u00e9 preteky okolo Nezidersk\u00e9ho jazera. Sobot\u0148aj\u0161ia \u010dasovka dlh\u00e1 [&hellip;]<\/p>\n","protected":false},"author":172,"featured_media":17427,"comment_status":"open","ping_status":"open","sticky":false,"template":"","format":"standard","meta":{"footnotes":""},"categories":[191],"tags":[227,115,1246,178,767,1583,179,598,250,1117],"global-categories":[1074],"class_list":["post-17426","post","type-post","status-publish","format-standard","has-post-thumbnail","hentry","category-odporucame","tag-casovka","tag-cestna-cyklistika","tag-cyklisticka-komunita","tag-maraton","tag-motivacia","tag-neusiedler-see-radmarathon","tag-preteky","tag-rakusko","tag-vyhra","tag-zazitok","global-categories-cycling"],"yoast_head":"<!-- This site is optimized with the Yoast SEO Premium plugin v25.3 (Yoast SEO v25.9) - https:\/\/yoast.com\/wordpress\/plugins\/seo\/ -->\n<title>Neusiedlersee Radmarathon \u2013 UCI Gran Fondo z\u00e1\u017eitok len p\u00e1r kilometrov za slovensk\u00fdmi hranicami<\/title>\n<meta name=\"description\" content=\"V rak\u00faskom meste\u010dku M\u00f6rbisch am See sa 22. a 23. 4. konali cestn\u00e9 preteky okolo Nezidersk\u00e9ho jazera. Pozrime sa ako vyzerali.\" \/>\n<meta name=\"robots\" content=\"index, follow, max-snippet:-1, max-image-preview:large, max-video-preview:-1\" \/>\n<link rel=\"canonical\" href=\"https:\/\/www.welovecycling.com\/sk\/2023\/05\/12\/neusiedlersee-radmarathon-uci-gran-fondo-zazitok-len-par-kilometrov-za-slovenskymi-hranicami\/\" \/>\n<meta property=\"og:locale\" content=\"sk_SK\" \/>\n<meta property=\"og:type\" content=\"article\" \/>\n<meta property=\"og:title\" content=\"Neusiedlersee Radmarathon \u2013 UCI Gran Fondo z\u00e1\u017eitok len p\u00e1r kilometrov za slovensk\u00fdmi hranicami\" \/>\n<meta property=\"og:description\" content=\"V rak\u00faskom meste\u010dku M\u00f6rbisch am See sa 22. a 23. 4. konali cestn\u00e9 preteky okolo Nezidersk\u00e9ho jazera. Pozrime sa ako vyzerali.\" \/>\n<meta property=\"og:url\" content=\"https:\/\/www.welovecycling.com\/sk\/2023\/05\/12\/neusiedlersee-radmarathon-uci-gran-fondo-zazitok-len-par-kilometrov-za-slovenskymi-hranicami\/\" \/>\n<meta property=\"og:site_name\" content=\"\u0160koda We Love Cycling Slovensko\" \/>\n<meta property=\"article:published_time\" content=\"2023-05-12T08:00:29+00:00\" \/>\n<meta property=\"article:modified_time\" content=\"2023-05-15T08:07:49+00:00\" \/>\n<meta property=\"og:image\" content=\"https:\/\/d2p6e6u75xmxt8.cloudfront.net\/4\/2023\/05\/01-1.webp\" \/>\n\t<meta property=\"og:image:width\" content=\"990\" \/>\n\t<meta property=\"og:image:height\" content=\"660\" \/>\n\t<meta property=\"og:image:type\" content=\"image\/webp\" \/>\n<meta name=\"author\" content=\"dominika\" \/>\n<meta name=\"twitter:card\" content=\"summary_large_image\" \/>\n<meta name=\"twitter:label1\" content=\"Written by\" \/>\n\t<meta name=\"twitter:data1\" content=\"Timea Ra\u00e1bov\u00e1\" \/>\n\t<meta name=\"twitter:label2\" content=\"Est. reading time\" \/>\n\t<meta name=\"twitter:data2\" content=\"6\" \/>\n<script type=\"application\/ld+json\" class=\"yoast-schema-graph\">{\"@context\":\"https:\/\/schema.org\",\"@graph\":[{\"@type\":\"WebPage\",\"@id\":\"https:\/\/www.welovecycling.com\/sk\/2023\/05\/12\/neusiedlersee-radmarathon-uci-gran-fondo-zazitok-len-par-kilometrov-za-slovenskymi-hranicami\/\",\"url\":\"https:\/\/www.welovecycling.com\/sk\/2023\/05\/12\/neusiedlersee-radmarathon-uci-gran-fondo-zazitok-len-par-kilometrov-za-slovenskymi-hranicami\/\",\"name\":\"Neusiedlersee Radmarathon \u2013 UCI Gran Fondo z\u00e1\u017eitok len p\u00e1r kilometrov za slovensk\u00fdmi hranicami\",\"isPartOf\":{\"@id\":\"https:\/\/www.welovecycling.com\/sk\/#website\"},\"primaryImageOfPage\":{\"@id\":\"https:\/\/www.welovecycling.com\/sk\/2023\/05\/12\/neusiedlersee-radmarathon-uci-gran-fondo-zazitok-len-par-kilometrov-za-slovenskymi-hranicami\/#primaryimage\"},\"image\":{\"@id\":\"https:\/\/www.welovecycling.com\/sk\/2023\/05\/12\/neusiedlersee-radmarathon-uci-gran-fondo-zazitok-len-par-kilometrov-za-slovenskymi-hranicami\/#primaryimage\"},\"thumbnailUrl\":\"https:\/\/d2p6e6u75xmxt8.cloudfront.net\/4\/2023\/05\/01-1.webp\",\"datePublished\":\"2023-05-12T08:00:29+00:00\",\"dateModified\":\"2023-05-15T08:07:49+00:00\",\"author\":{\"@id\":\"https:\/\/www.welovecycling.com\/sk\/#\/schema\/person\/533b62b98b6c41bd5135ebfb1f742624\"},\"description\":\"V rak\u00faskom meste\u010dku M\u00f6rbisch am See sa 22. a 23. 4. konali cestn\u00e9 preteky okolo Nezidersk\u00e9ho jazera. Pozrime sa ako vyzerali.\",\"breadcrumb\":{\"@id\":\"https:\/\/www.welovecycling.com\/sk\/2023\/05\/12\/neusiedlersee-radmarathon-uci-gran-fondo-zazitok-len-par-kilometrov-za-slovenskymi-hranicami\/#breadcrumb\"},\"inLanguage\":\"sk-SK\",\"potentialAction\":[{\"@type\":\"ReadAction\",\"target\":[\"https:\/\/www.welovecycling.com\/sk\/2023\/05\/12\/neusiedlersee-radmarathon-uci-gran-fondo-zazitok-len-par-kilometrov-za-slovenskymi-hranicami\/\"]}]},{\"@type\":\"ImageObject\",\"inLanguage\":\"sk-SK\",\"@id\":\"https:\/\/www.welovecycling.com\/sk\/2023\/05\/12\/neusiedlersee-radmarathon-uci-gran-fondo-zazitok-len-par-kilometrov-za-slovenskymi-hranicami\/#primaryimage\",\"url\":\"https:\/\/d2p6e6u75xmxt8.cloudfront.net\/4\/2023\/05\/01-1.webp\",\"contentUrl\":\"https:\/\/d2p6e6u75xmxt8.cloudfront.net\/4\/2023\/05\/01-1.webp\",\"width\":990,\"height\":660},{\"@type\":\"BreadcrumbList\",\"@id\":\"https:\/\/www.welovecycling.com\/sk\/2023\/05\/12\/neusiedlersee-radmarathon-uci-gran-fondo-zazitok-len-par-kilometrov-za-slovenskymi-hranicami\/#breadcrumb\",\"itemListElement\":[{\"@type\":\"ListItem\",\"position\":1,\"name\":\"Home\",\"item\":\"https:\/\/www.welovecycling.com\/sk\/\"},{\"@type\":\"ListItem\",\"position\":2,\"name\":\"Neusiedlersee Radmarathon \u2013 UCI Gran Fondo z\u00e1\u017eitok len p\u00e1r kilometrov za slovensk\u00fdmi hranicami\"}]},{\"@type\":\"WebSite\",\"@id\":\"https:\/\/www.welovecycling.com\/sk\/#website\",\"url\":\"https:\/\/www.welovecycling.com\/sk\/\",\"name\":\"\u0160koda We Love Cycling Slovensko\",\"description\":\"\u0160koda We Love Cycling Slovensko je v\u00e1\u0161 ka\u017edodenn\u00fd zdroj noviniek a in\u0161pir\u00e1cie z sveta cyklistiky\",\"potentialAction\":[{\"@type\":\"SearchAction\",\"target\":{\"@type\":\"EntryPoint\",\"urlTemplate\":\"https:\/\/www.welovecycling.com\/sk\/?s={search_term_string}\"},\"query-input\":{\"@type\":\"PropertyValueSpecification\",\"valueRequired\":true,\"valueName\":\"search_term_string\"}}],\"inLanguage\":\"sk-SK\"},{\"@type\":\"Person\",\"@id\":\"https:\/\/www.welovecycling.com\/sk\/#\/schema\/person\/533b62b98b6c41bd5135ebfb1f742624\",\"name\":\"dominika\",\"image\":{\"@type\":\"ImageObject\",\"inLanguage\":\"sk-SK\",\"@id\":\"https:\/\/www.welovecycling.com\/sk\/#\/schema\/person\/image\/\",\"url\":\"https:\/\/secure.gravatar.com\/avatar\/ded6f274ba2ec3e17fff153f7d9d96a4b33c2cb63907f75d9a5309c599a7f3e6?s=96&d=mm&r=g\",\"contentUrl\":\"https:\/\/secure.gravatar.com\/avatar\/ded6f274ba2ec3e17fff153f7d9d96a4b33c2cb63907f75d9a5309c599a7f3e6?s=96&d=mm&r=g\",\"caption\":\"dominika\"},\"url\":\"https:\/\/www.welovecycling.com\/sk\/author\/dominika\/\"}]}<\/script>\n<!-- \/ Yoast SEO Premium plugin. -->","yoast_head_json":{"title":"Neusiedlersee Radmarathon \u2013 UCI Gran Fondo z\u00e1\u017eitok len p\u00e1r kilometrov za slovensk\u00fdmi hranicami","description":"V rak\u00faskom meste\u010dku M\u00f6rbisch am See sa 22. a 23. 4. konali cestn\u00e9 preteky okolo Nezidersk\u00e9ho jazera. Pozrime sa ako vyzerali.","robots":{"index":"index","follow":"follow","max-snippet":"max-snippet:-1","max-image-preview":"max-image-preview:large","max-video-preview":"max-video-preview:-1"},"canonical":"https:\/\/www.welovecycling.com\/sk\/2023\/05\/12\/neusiedlersee-radmarathon-uci-gran-fondo-zazitok-len-par-kilometrov-za-slovenskymi-hranicami\/","og_locale":"sk_SK","og_type":"article","og_title":"Neusiedlersee Radmarathon \u2013 UCI Gran Fondo z\u00e1\u017eitok len p\u00e1r kilometrov za slovensk\u00fdmi hranicami","og_description":"V rak\u00faskom meste\u010dku M\u00f6rbisch am See sa 22. a 23. 4. konali cestn\u00e9 preteky okolo Nezidersk\u00e9ho jazera. Pozrime sa ako vyzerali.","og_url":"https:\/\/www.welovecycling.com\/sk\/2023\/05\/12\/neusiedlersee-radmarathon-uci-gran-fondo-zazitok-len-par-kilometrov-za-slovenskymi-hranicami\/","og_site_name":"\u0160koda We Love Cycling Slovensko","article_published_time":"2023-05-12T08:00:29+00:00","article_modified_time":"2023-05-15T08:07:49+00:00","og_image":[{"width":990,"height":660,"url":"https:\/\/d2p6e6u75xmxt8.cloudfront.net\/4\/2023\/05\/01-1.webp","type":"image\/webp"}],"author":"dominika","twitter_card":"summary_large_image","twitter_misc":{"Written by":"Timea Ra\u00e1bov\u00e1","Est. reading time":"6"},"schema":{"@context":"https:\/\/schema.org","@graph":[{"@type":"WebPage","@id":"https:\/\/www.welovecycling.com\/sk\/2023\/05\/12\/neusiedlersee-radmarathon-uci-gran-fondo-zazitok-len-par-kilometrov-za-slovenskymi-hranicami\/","url":"https:\/\/www.welovecycling.com\/sk\/2023\/05\/12\/neusiedlersee-radmarathon-uci-gran-fondo-zazitok-len-par-kilometrov-za-slovenskymi-hranicami\/","name":"Neusiedlersee Radmarathon \u2013 UCI Gran Fondo z\u00e1\u017eitok len p\u00e1r kilometrov za slovensk\u00fdmi hranicami","isPartOf":{"@id":"https:\/\/www.welovecycling.com\/sk\/#website"},"primaryImageOfPage":{"@id":"https:\/\/www.welovecycling.com\/sk\/2023\/05\/12\/neusiedlersee-radmarathon-uci-gran-fondo-zazitok-len-par-kilometrov-za-slovenskymi-hranicami\/#primaryimage"},"image":{"@id":"https:\/\/www.welovecycling.com\/sk\/2023\/05\/12\/neusiedlersee-radmarathon-uci-gran-fondo-zazitok-len-par-kilometrov-za-slovenskymi-hranicami\/#primaryimage"},"thumbnailUrl":"https:\/\/d2p6e6u75xmxt8.cloudfront.net\/4\/2023\/05\/01-1.webp","datePublished":"2023-05-12T08:00:29+00:00","dateModified":"2023-05-15T08:07:49+00:00","author":{"@id":"https:\/\/www.welovecycling.com\/sk\/#\/schema\/person\/533b62b98b6c41bd5135ebfb1f742624"},"description":"V rak\u00faskom meste\u010dku M\u00f6rbisch am See sa 22. a 23. 4. konali cestn\u00e9 preteky okolo Nezidersk\u00e9ho jazera. Pozrime sa ako vyzerali.","breadcrumb":{"@id":"https:\/\/www.welovecycling.com\/sk\/2023\/05\/12\/neusiedlersee-radmarathon-uci-gran-fondo-zazitok-len-par-kilometrov-za-slovenskymi-hranicami\/#breadcrumb"},"inLanguage":"sk-SK","potentialAction":[{"@type":"ReadAction","target":["https:\/\/www.welovecycling.com\/sk\/2023\/05\/12\/neusiedlersee-radmarathon-uci-gran-fondo-zazitok-len-par-kilometrov-za-slovenskymi-hranicami\/"]}]},{"@type":"ImageObject","inLanguage":"sk-SK","@id":"https:\/\/www.welovecycling.com\/sk\/2023\/05\/12\/neusiedlersee-radmarathon-uci-gran-fondo-zazitok-len-par-kilometrov-za-slovenskymi-hranicami\/#primaryimage","url":"https:\/\/d2p6e6u75xmxt8.cloudfront.net\/4\/2023\/05\/01-1.webp","contentUrl":"https:\/\/d2p6e6u75xmxt8.cloudfront.net\/4\/2023\/05\/01-1.webp","width":990,"height":660},{"@type":"BreadcrumbList","@id":"https:\/\/www.welovecycling.com\/sk\/2023\/05\/12\/neusiedlersee-radmarathon-uci-gran-fondo-zazitok-len-par-kilometrov-za-slovenskymi-hranicami\/#breadcrumb","itemListElement":[{"@type":"ListItem","position":1,"name":"Home","item":"https:\/\/www.welovecycling.com\/sk\/"},{"@type":"ListItem","position":2,"name":"Neusiedlersee Radmarathon \u2013 UCI Gran Fondo z\u00e1\u017eitok len p\u00e1r kilometrov za slovensk\u00fdmi hranicami"}]},{"@type":"WebSite","@id":"https:\/\/www.welovecycling.com\/sk\/#website","url":"https:\/\/www.welovecycling.com\/sk\/","name":"\u0160koda We Love Cycling Slovensko","description":"\u0160koda We Love Cycling Slovensko je v\u00e1\u0161 ka\u017edodenn\u00fd zdroj noviniek a in\u0161pir\u00e1cie z sveta cyklistiky","potentialAction":[{"@type":"SearchAction","target":{"@type":"EntryPoint","urlTemplate":"https:\/\/www.welovecycling.com\/sk\/?s={search_term_string}"},"query-input":{"@type":"PropertyValueSpecification","valueRequired":true,"valueName":"search_term_string"}}],"inLanguage":"sk-SK"},{"@type":"Person","@id":"https:\/\/www.welovecycling.com\/sk\/#\/schema\/person\/533b62b98b6c41bd5135ebfb1f742624","name":"dominika","image":{"@type":"ImageObject","inLanguage":"sk-SK","@id":"https:\/\/www.welovecycling.com\/sk\/#\/schema\/person\/image\/","url":"https:\/\/secure.gravatar.com\/avatar\/ded6f274ba2ec3e17fff153f7d9d96a4b33c2cb63907f75d9a5309c599a7f3e6?s=96&d=mm&r=g","contentUrl":"https:\/\/secure.gravatar.com\/avatar\/ded6f274ba2ec3e17fff153f7d9d96a4b33c2cb63907f75d9a5309c599a7f3e6?s=96&d=mm&r=g","caption":"dominika"},"url":"https:\/\/www.welovecycling.com\/sk\/author\/dominika\/"}]}},"_links":{"self":[{"href":"https:\/\/www.welovecycling.com\/sk\/wp-json\/wp\/v2\/posts\/17426","targetHints":{"allow":["GET"]}}],"collection":[{"href":"https:\/\/www.welovecycling.com\/sk\/wp-json\/wp\/v2\/posts"}],"about":[{"href":"https:\/\/www.welovecycling.com\/sk\/wp-json\/wp\/v2\/types\/post"}],"author":[{"embeddable":true,"href":"https:\/\/www.welovecycling.com\/sk\/wp-json\/wp\/v2\/users\/172"}],"replies":[{"embeddable":true,"href":"https:\/\/www.welovecycling.com\/sk\/wp-json\/wp\/v2\/comments?post=17426"}],"version-history":[{"count":5,"href":"https:\/\/www.welovecycling.com\/sk\/wp-json\/wp\/v2\/posts\/17426\/revisions"}],"predecessor-version":[{"id":17441,"href":"https:\/\/www.welovecycling.com\/sk\/wp-json\/wp\/v2\/posts\/17426\/revisions\/17441"}],"wp:featuredmedia":[{"embeddable":true,"href":"https:\/\/www.welovecycling.com\/sk\/wp-json\/wp\/v2\/media\/17427"}],"wp:attachment":[{"href":"https:\/\/www.welovecycling.com\/sk\/wp-json\/wp\/v2\/media?parent=17426"}],"wp:term":[{"taxonomy":"category","embeddable":true,"href":"https:\/\/www.welovecycling.com\/sk\/wp-json\/wp\/v2\/categories?post=17426"},{"taxonomy":"post_tag","embeddable":true,"href":"https:\/\/www.welovecycling.com\/sk\/wp-json\/wp\/v2\/tags?post=17426"},{"taxonomy":"global-categories","embeddable":true,"href":"https:\/\/www.welovecycling.com\/sk\/wp-json\/wp\/v2\/global-categories?post=17426"}],"curies":[{"name":"wp","href":"https:\/\/api.w.org\/{rel}","templated":true}]}}