{"id":1741,"date":"2017-07-24T16:11:03","date_gmt":"2017-07-24T14:11:03","guid":{"rendered":"https:\/\/www.welovecycling.com\/sk\/?p=1741"},"modified":"2017-07-27T17:45:25","modified_gmt":"2017-07-27T15:45:25","slug":"blahozelame-vitazom-tour-de-france-2017","status":"publish","type":"post","link":"https:\/\/www.welovecycling.com\/sk\/2017\/07\/24\/blahozelame-vitazom-tour-de-france-2017\/","title":{"rendered":"Blaho\u017eel\u00e1me v\u00ed\u0165azom Tour de France 2017!"},"content":{"rendered":"<p><strong>Je to naozaj tak! &#8222;Tri najlep\u0161ie t\u00fd\u017edne v\u00a0roku&#8220; s\u00fa nen\u00e1vratne pre\u010d. Zost\u00e1va n\u00e1m len srde\u010dne zablaho\u017eela\u0165 v\u00ed\u0165azom a po\u010d\u00edta\u0165 dni do Tour 2018 \ud83d\ude42<\/strong><\/p>\n<p><!--more--><\/p>\n<lite-youtube videoid=W3fkN5xE8wg params=\"enablejsapi=1\" style=\"background-image: url('https:\/\/i.ytimg.com\/vi_webp\/W3fkN5xE8wg\/maxresdefault.webp');\"><\/lite-youtube>\n<p>&nbsp;<\/p>\n<h2><strong>Tesn\u00e9 celkov\u00e9 poradie<\/strong><\/h2>\n<p>Froome (aj v\u010faka v\u00fddatnej podpore t\u00edmu SKY) nakoniec skon\u010dil s n\u00e1skokom necelej min\u00faty. Okrem in\u00e9ho sa debatovalo aj o tom, \u017ee hoci vyhral celkov\u00fa klasifik\u00e1ciu, nez\u00edskal ani jednu etapu. O tom v\u0161ak u\u017e je Tour de France. Moment\u00e1lne je &#8222;kr\u00f4\u010dik&#8220; od legend\u00e1rneho klubu piatich \u017elt\u00fdch dresov (okej, mo\u017eno to nie je pr\u00e1ve kr\u00f4\u010dik, no na\u0161liapnut\u00e9 m\u00e1 pekne). Bud\u00facu Tour sa v\u0161ak ur\u010dite bude na \u010do pozera\u0165.<\/p>\n<p>https:\/\/www.facebook.com\/letour\/photos\/a.106390259410362.3664.103512969698091\/1390868690962506\/?type=3&#038;permPage=1<\/p>\n<h2><\/h2>\n<h2><strong>Matthews to zvl\u00e1dol a\u017e do Par\u00ed\u017ea<\/strong><\/h2>\n<p>\u010clovek by povedal, \u017ee tohtoro\u010dn\u00fd zelen\u00fd dres musel by\u0165 za\u010darovan\u00fd. Ke\u010f u\u017e sa zdalo, \u017ee si po\u0148 do Par\u00ed\u017ea pr\u00edde Kittel, z Tour ho vyradil nepr\u00edjemn\u00fd p\u00e1d. Napokon sa ho teda podarilo z\u00edska\u0165 a udr\u017ea\u0165 Austral\u010danovi Matthewsovi (berieme ho v\u0161ak na milos\u0165, nako\u013eko u\u017e je &#8222;jednou nohou&#8220; Slov\u00e1k).<\/p>\n<lite-youtube videoid=XMtXSgYUp8k params=\"enablejsapi=1\" style=\"background-image: url('https:\/\/i.ytimg.com\/vi_webp\/XMtXSgYUp8k\/maxresdefault.webp');\"><\/lite-youtube>\n","protected":false},"excerpt":{"rendered":"<p>Je to naozaj tak! &#8222;Tri najlep\u0161ie t\u00fd\u017edne v\u00a0roku&#8220; s\u00fa nen\u00e1vratne pre\u010d. Zost\u00e1va n\u00e1m len srde\u010dne zablaho\u017eela\u0165 v\u00ed\u0165azom a po\u010d\u00edta\u0165 dni [&hellip;]<\/p>\n","protected":false},"author":38,"featured_media":1746,"comment_status":"open","ping_status":"open","sticky":false,"template":"","format":"video","meta":{"footnotes":""},"categories":[117],"tags":[119,154,188,189],"global-categories":[],"class_list":["post-1741","post","type-post","status-publish","format-video","has-post-thumbnail","hentry","category-tour-de-france","tag-chris-froome","tag-michael-matthews","tag-rigoberto-uran","tag-romain-bardet","post_format-post-format-video"],"yoast_head":"<!-- This site is optimized with the Yoast SEO Premium plugin v25.3 (Yoast SEO v25.9) - https:\/\/yoast.com\/wordpress\/plugins\/seo\/ -->\n<title>Blaho\u017eel\u00e1me v\u00ed\u0165azom Tour de France 2017! - \u0160koda We Love Cycling Slovensko<\/title>\n<meta name=\"robots\" content=\"index, follow, max-snippet:-1, max-image-preview:large, max-video-preview:-1\" \/>\n<link rel=\"canonical\" href=\"https:\/\/www.welovecycling.com\/sk\/2017\/07\/24\/blahozelame-vitazom-tour-de-france-2017\/\" \/>\n<meta property=\"og:locale\" content=\"sk_SK\" \/>\n<meta property=\"og:type\" content=\"article\" \/>\n<meta property=\"og:title\" content=\"Blaho\u017eel\u00e1me v\u00ed\u0165azom Tour de France 2017!\" \/>\n<meta property=\"og:description\" content=\"Je to naozaj tak! &#8222;Tri najlep\u0161ie t\u00fd\u017edne v\u00a0roku&#8220; s\u00fa nen\u00e1vratne pre\u010d. Zost\u00e1va n\u00e1m len srde\u010dne zablaho\u017eela\u0165 v\u00ed\u0165azom a po\u010d\u00edta\u0165 dni [&hellip;]\" \/>\n<meta property=\"og:url\" content=\"https:\/\/www.welovecycling.com\/sk\/2017\/07\/24\/blahozelame-vitazom-tour-de-france-2017\/\" \/>\n<meta property=\"og:site_name\" content=\"\u0160koda We Love Cycling Slovensko\" \/>\n<meta property=\"article:published_time\" content=\"2017-07-24T14:11:03+00:00\" \/>\n<meta property=\"article:modified_time\" content=\"2017-07-27T15:45:25+00:00\" \/>\n<meta property=\"og:image\" content=\"https:\/\/d2p6e6u75xmxt8.cloudfront.net\/4\/2017\/07\/profimedia-0342786101jpg-e1500908807894.webp\" \/>\n\t<meta property=\"og:image:width\" content=\"1375\" \/>\n\t<meta property=\"og:image:height\" content=\"600\" \/>\n\t<meta property=\"og:image:type\" content=\"image\/webp\" \/>\n<meta name=\"author\" content=\"Ondrej Ga\u0161par\" \/>\n<meta name=\"twitter:card\" content=\"summary_large_image\" \/>\n<meta name=\"twitter:label1\" content=\"Written by\" \/>\n\t<meta name=\"twitter:data1\" content=\"We Love Cycling\" \/>\n\t<meta name=\"twitter:label2\" content=\"Est. reading time\" \/>\n\t<meta name=\"twitter:data2\" content=\"1 minute\" \/>\n<script type=\"application\/ld+json\" class=\"yoast-schema-graph\">{\"@context\":\"https:\/\/schema.org\",\"@graph\":[{\"@type\":\"WebPage\",\"@id\":\"https:\/\/www.welovecycling.com\/sk\/2017\/07\/24\/blahozelame-vitazom-tour-de-france-2017\/\",\"url\":\"https:\/\/www.welovecycling.com\/sk\/2017\/07\/24\/blahozelame-vitazom-tour-de-france-2017\/\",\"name\":\"Blaho\u017eel\u00e1me v\u00ed\u0165azom Tour de France 2017! - \u0160koda We Love Cycling Slovensko\",\"isPartOf\":{\"@id\":\"https:\/\/www.welovecycling.com\/sk\/#website\"},\"primaryImageOfPage\":{\"@id\":\"https:\/\/www.welovecycling.com\/sk\/2017\/07\/24\/blahozelame-vitazom-tour-de-france-2017\/#primaryimage\"},\"image\":{\"@id\":\"https:\/\/www.welovecycling.com\/sk\/2017\/07\/24\/blahozelame-vitazom-tour-de-france-2017\/#primaryimage\"},\"thumbnailUrl\":\"https:\/\/d2p6e6u75xmxt8.cloudfront.net\/4\/2017\/07\/profimedia-0342786101jpg-e1500908807894.webp\",\"datePublished\":\"2017-07-24T14:11:03+00:00\",\"dateModified\":\"2017-07-27T15:45:25+00:00\",\"author\":{\"@id\":\"https:\/\/www.welovecycling.com\/sk\/#\/schema\/person\/8ee09ba39b7e25b1870160aa5b3a89bc\"},\"breadcrumb\":{\"@id\":\"https:\/\/www.welovecycling.com\/sk\/2017\/07\/24\/blahozelame-vitazom-tour-de-france-2017\/#breadcrumb\"},\"inLanguage\":\"sk-SK\",\"potentialAction\":[{\"@type\":\"ReadAction\",\"target\":[\"https:\/\/www.welovecycling.com\/sk\/2017\/07\/24\/blahozelame-vitazom-tour-de-france-2017\/\"]}]},{\"@type\":\"ImageObject\",\"inLanguage\":\"sk-SK\",\"@id\":\"https:\/\/www.welovecycling.com\/sk\/2017\/07\/24\/blahozelame-vitazom-tour-de-france-2017\/#primaryimage\",\"url\":\"https:\/\/d2p6e6u75xmxt8.cloudfront.net\/4\/2017\/07\/profimedia-0342786101jpg-e1500908807894.webp\",\"contentUrl\":\"https:\/\/d2p6e6u75xmxt8.cloudfront.net\/4\/2017\/07\/profimedia-0342786101jpg-e1500908807894.webp\",\"width\":1375,\"height\":600},{\"@type\":\"BreadcrumbList\",\"@id\":\"https:\/\/www.welovecycling.com\/sk\/2017\/07\/24\/blahozelame-vitazom-tour-de-france-2017\/#breadcrumb\",\"itemListElement\":[{\"@type\":\"ListItem\",\"position\":1,\"name\":\"Home\",\"item\":\"https:\/\/www.welovecycling.com\/sk\/\"},{\"@type\":\"ListItem\",\"position\":2,\"name\":\"Blaho\u017eel\u00e1me v\u00ed\u0165azom Tour de France 2017!\"}]},{\"@type\":\"WebSite\",\"@id\":\"https:\/\/www.welovecycling.com\/sk\/#website\",\"url\":\"https:\/\/www.welovecycling.com\/sk\/\",\"name\":\"\u0160koda We Love Cycling Slovensko\",\"description\":\"\u0160koda We Love Cycling Slovensko je v\u00e1\u0161 ka\u017edodenn\u00fd zdroj noviniek a in\u0161pir\u00e1cie z sveta cyklistiky\",\"potentialAction\":[{\"@type\":\"SearchAction\",\"target\":{\"@type\":\"EntryPoint\",\"urlTemplate\":\"https:\/\/www.welovecycling.com\/sk\/?s={search_term_string}\"},\"query-input\":{\"@type\":\"PropertyValueSpecification\",\"valueRequired\":true,\"valueName\":\"search_term_string\"}}],\"inLanguage\":\"sk-SK\"},{\"@type\":\"Person\",\"@id\":\"https:\/\/www.welovecycling.com\/sk\/#\/schema\/person\/8ee09ba39b7e25b1870160aa5b3a89bc\",\"name\":\"Ondrej Ga\u0161par\",\"image\":{\"@type\":\"ImageObject\",\"inLanguage\":\"sk-SK\",\"@id\":\"https:\/\/www.welovecycling.com\/sk\/#\/schema\/person\/image\/\",\"url\":\"https:\/\/secure.gravatar.com\/avatar\/6126c9afb87b70da5abbb083ddbb21933da15f18f8ca7cb822aba0fb096a48f6?s=96&d=mm&r=g\",\"contentUrl\":\"https:\/\/secure.gravatar.com\/avatar\/6126c9afb87b70da5abbb083ddbb21933da15f18f8ca7cb822aba0fb096a48f6?s=96&d=mm&r=g\",\"caption\":\"Ondrej Ga\u0161par\"},\"url\":\"https:\/\/www.welovecycling.com\/sk\/author\/ondrejgaspar\/\"}]}<\/script>\n<!-- \/ Yoast SEO Premium plugin. -->","yoast_head_json":{"title":"Blaho\u017eel\u00e1me v\u00ed\u0165azom Tour de France 2017! - \u0160koda We Love Cycling Slovensko","robots":{"index":"index","follow":"follow","max-snippet":"max-snippet:-1","max-image-preview":"max-image-preview:large","max-video-preview":"max-video-preview:-1"},"canonical":"https:\/\/www.welovecycling.com\/sk\/2017\/07\/24\/blahozelame-vitazom-tour-de-france-2017\/","og_locale":"sk_SK","og_type":"article","og_title":"Blaho\u017eel\u00e1me v\u00ed\u0165azom Tour de France 2017!","og_description":"Je to naozaj tak! &#8222;Tri najlep\u0161ie t\u00fd\u017edne v\u00a0roku&#8220; s\u00fa nen\u00e1vratne pre\u010d. Zost\u00e1va n\u00e1m len srde\u010dne zablaho\u017eela\u0165 v\u00ed\u0165azom a po\u010d\u00edta\u0165 dni [&hellip;]","og_url":"https:\/\/www.welovecycling.com\/sk\/2017\/07\/24\/blahozelame-vitazom-tour-de-france-2017\/","og_site_name":"\u0160koda We Love Cycling Slovensko","article_published_time":"2017-07-24T14:11:03+00:00","article_modified_time":"2017-07-27T15:45:25+00:00","og_image":[{"width":1375,"height":600,"url":"https:\/\/d2p6e6u75xmxt8.cloudfront.net\/4\/2017\/07\/profimedia-0342786101jpg-e1500908807894.webp","type":"image\/webp"}],"author":"Ondrej Ga\u0161par","twitter_card":"summary_large_image","twitter_misc":{"Written by":"We Love Cycling","Est. reading time":"1 minute"},"schema":{"@context":"https:\/\/schema.org","@graph":[{"@type":"WebPage","@id":"https:\/\/www.welovecycling.com\/sk\/2017\/07\/24\/blahozelame-vitazom-tour-de-france-2017\/","url":"https:\/\/www.welovecycling.com\/sk\/2017\/07\/24\/blahozelame-vitazom-tour-de-france-2017\/","name":"Blaho\u017eel\u00e1me v\u00ed\u0165azom Tour de France 2017! - \u0160koda We Love Cycling Slovensko","isPartOf":{"@id":"https:\/\/www.welovecycling.com\/sk\/#website"},"primaryImageOfPage":{"@id":"https:\/\/www.welovecycling.com\/sk\/2017\/07\/24\/blahozelame-vitazom-tour-de-france-2017\/#primaryimage"},"image":{"@id":"https:\/\/www.welovecycling.com\/sk\/2017\/07\/24\/blahozelame-vitazom-tour-de-france-2017\/#primaryimage"},"thumbnailUrl":"https:\/\/d2p6e6u75xmxt8.cloudfront.net\/4\/2017\/07\/profimedia-0342786101jpg-e1500908807894.webp","datePublished":"2017-07-24T14:11:03+00:00","dateModified":"2017-07-27T15:45:25+00:00","author":{"@id":"https:\/\/www.welovecycling.com\/sk\/#\/schema\/person\/8ee09ba39b7e25b1870160aa5b3a89bc"},"breadcrumb":{"@id":"https:\/\/www.welovecycling.com\/sk\/2017\/07\/24\/blahozelame-vitazom-tour-de-france-2017\/#breadcrumb"},"inLanguage":"sk-SK","potentialAction":[{"@type":"ReadAction","target":["https:\/\/www.welovecycling.com\/sk\/2017\/07\/24\/blahozelame-vitazom-tour-de-france-2017\/"]}]},{"@type":"ImageObject","inLanguage":"sk-SK","@id":"https:\/\/www.welovecycling.com\/sk\/2017\/07\/24\/blahozelame-vitazom-tour-de-france-2017\/#primaryimage","url":"https:\/\/d2p6e6u75xmxt8.cloudfront.net\/4\/2017\/07\/profimedia-0342786101jpg-e1500908807894.webp","contentUrl":"https:\/\/d2p6e6u75xmxt8.cloudfront.net\/4\/2017\/07\/profimedia-0342786101jpg-e1500908807894.webp","width":1375,"height":600},{"@type":"BreadcrumbList","@id":"https:\/\/www.welovecycling.com\/sk\/2017\/07\/24\/blahozelame-vitazom-tour-de-france-2017\/#breadcrumb","itemListElement":[{"@type":"ListItem","position":1,"name":"Home","item":"https:\/\/www.welovecycling.com\/sk\/"},{"@type":"ListItem","position":2,"name":"Blaho\u017eel\u00e1me v\u00ed\u0165azom Tour de France 2017!"}]},{"@type":"WebSite","@id":"https:\/\/www.welovecycling.com\/sk\/#website","url":"https:\/\/www.welovecycling.com\/sk\/","name":"\u0160koda We Love Cycling Slovensko","description":"\u0160koda We Love Cycling Slovensko je v\u00e1\u0161 ka\u017edodenn\u00fd zdroj noviniek a in\u0161pir\u00e1cie z sveta cyklistiky","potentialAction":[{"@type":"SearchAction","target":{"@type":"EntryPoint","urlTemplate":"https:\/\/www.welovecycling.com\/sk\/?s={search_term_string}"},"query-input":{"@type":"PropertyValueSpecification","valueRequired":true,"valueName":"search_term_string"}}],"inLanguage":"sk-SK"},{"@type":"Person","@id":"https:\/\/www.welovecycling.com\/sk\/#\/schema\/person\/8ee09ba39b7e25b1870160aa5b3a89bc","name":"Ondrej Ga\u0161par","image":{"@type":"ImageObject","inLanguage":"sk-SK","@id":"https:\/\/www.welovecycling.com\/sk\/#\/schema\/person\/image\/","url":"https:\/\/secure.gravatar.com\/avatar\/6126c9afb87b70da5abbb083ddbb21933da15f18f8ca7cb822aba0fb096a48f6?s=96&d=mm&r=g","contentUrl":"https:\/\/secure.gravatar.com\/avatar\/6126c9afb87b70da5abbb083ddbb21933da15f18f8ca7cb822aba0fb096a48f6?s=96&d=mm&r=g","caption":"Ondrej Ga\u0161par"},"url":"https:\/\/www.welovecycling.com\/sk\/author\/ondrejgaspar\/"}]}},"_links":{"self":[{"href":"https:\/\/www.welovecycling.com\/sk\/wp-json\/wp\/v2\/posts\/1741","targetHints":{"allow":["GET"]}}],"collection":[{"href":"https:\/\/www.welovecycling.com\/sk\/wp-json\/wp\/v2\/posts"}],"about":[{"href":"https:\/\/www.welovecycling.com\/sk\/wp-json\/wp\/v2\/types\/post"}],"author":[{"embeddable":true,"href":"https:\/\/www.welovecycling.com\/sk\/wp-json\/wp\/v2\/users\/38"}],"replies":[{"embeddable":true,"href":"https:\/\/www.welovecycling.com\/sk\/wp-json\/wp\/v2\/comments?post=1741"}],"version-history":[{"count":2,"href":"https:\/\/www.welovecycling.com\/sk\/wp-json\/wp\/v2\/posts\/1741\/revisions"}],"predecessor-version":[{"id":1783,"href":"https:\/\/www.welovecycling.com\/sk\/wp-json\/wp\/v2\/posts\/1741\/revisions\/1783"}],"wp:featuredmedia":[{"embeddable":true,"href":"https:\/\/www.welovecycling.com\/sk\/wp-json\/wp\/v2\/media\/1746"}],"wp:attachment":[{"href":"https:\/\/www.welovecycling.com\/sk\/wp-json\/wp\/v2\/media?parent=1741"}],"wp:term":[{"taxonomy":"category","embeddable":true,"href":"https:\/\/www.welovecycling.com\/sk\/wp-json\/wp\/v2\/categories?post=1741"},{"taxonomy":"post_tag","embeddable":true,"href":"https:\/\/www.welovecycling.com\/sk\/wp-json\/wp\/v2\/tags?post=1741"},{"taxonomy":"global-categories","embeddable":true,"href":"https:\/\/www.welovecycling.com\/sk\/wp-json\/wp\/v2\/global-categories?post=1741"}],"curies":[{"name":"wp","href":"https:\/\/api.w.org\/{rel}","templated":true}]}}