{"id":17403,"date":"2023-05-10T10:00:32","date_gmt":"2023-05-10T08:00:32","guid":{"rendered":"https:\/\/www.welovecycling.com\/sk\/?p=17403"},"modified":"2023-05-30T10:35:27","modified_gmt":"2023-05-30T08:35:27","slug":"pozvanka-skoda-slovensky-raj-vodopady-rebriky-a-aj-bicykle","status":"publish","type":"post","link":"https:\/\/www.welovecycling.com\/sk\/2023\/05\/10\/pozvanka-skoda-slovensky-raj-vodopady-rebriky-a-aj-bicykle\/","title":{"rendered":"Pozv\u00e1nka: \u0160koda Slovensk\u00fd raj &#8211; vodop\u00e1dy, rebr\u00edky a aj bicykle"},"content":{"rendered":"<p><strong>Pod n\u00e1zvom tohto najzn\u00e1mej\u0161ieho n\u00e1rodn\u00e9ho parku si predstavujeme hlavne turistiku, tak ako m\u00f4\u017ee vyzera\u0165 v t\u00fdchto miestach marat\u00f3n?<\/strong><!--more--><\/p>\n<p>T\u00ed, \u010do jazdia u\u017e nejak\u00fd ten rok, maj\u00fa povedomie o tomto marat\u00f3ne pri obci Hrabu\u0161ice. Tentokr\u00e1t to nebude len o turistick\u00fdch top\u00e1nkach, ale pribali\u0165 si m\u00f4\u017eete aj bicykle s celou rodinou. <strong>D\u0148a 10. j\u00fana sa bude kona\u0165 \u010fal\u0161\u00ed ro\u010dn\u00edk tohto ob\u013e\u00faben\u00e9ho marat\u00f3nu v r\u00e1mci \u0160koda Bike Open Tour a podnik je zaraden\u00fd aj do Slovensk\u00e9ho poh\u00e1ra.<\/strong> Tak spolu nazrime, \u010do n\u00e1s tento rok \u010dak\u00e1.<\/p>\n<div id='gallery-1' class='gallery galleryid-17403 gallery-columns-2 gallery-size-full'><figure class='gallery-item'>\n\t\t\t<div class='gallery-icon landscape'>\n\t\t\t\t<a href='https:\/\/d2p6e6u75xmxt8.cloudfront.net\/4\/2023\/05\/02_WLC_slovensky_raj.webp'><img loading=\"lazy\" decoding=\"async\" width=\"990\" height=\"660\" src=\"https:\/\/d2p6e6u75xmxt8.cloudfront.net\/4\/2023\/05\/02_WLC_slovensky_raj.webp\" class=\"attachment-full size-full\" alt=\"\" srcset=\"https:\/\/d2p6e6u75xmxt8.cloudfront.net\/4\/2023\/05\/02_WLC_slovensky_raj.webp 990w, https:\/\/d2p6e6u75xmxt8.cloudfront.net\/4\/2023\/05\/02_WLC_slovensky_raj-300x200.webp 300w, https:\/\/d2p6e6u75xmxt8.cloudfront.net\/4\/2023\/05\/02_WLC_slovensky_raj-768x512.webp 768w, https:\/\/d2p6e6u75xmxt8.cloudfront.net\/4\/2023\/05\/02_WLC_slovensky_raj-400x267.webp 400w, https:\/\/d2p6e6u75xmxt8.cloudfront.net\/4\/2023\/05\/02_WLC_slovensky_raj-272x182.webp 272w\" sizes=\"auto, (max-width: 990px) 100vw, 990px\" \/><\/a>\n\t\t\t<\/div><\/figure><figure class='gallery-item'>\n\t\t\t<div class='gallery-icon landscape'>\n\t\t\t\t<a href='https:\/\/d2p6e6u75xmxt8.cloudfront.net\/4\/2023\/05\/03_WLC_slovensky_raj.webp'><img loading=\"lazy\" decoding=\"async\" width=\"990\" height=\"660\" src=\"https:\/\/d2p6e6u75xmxt8.cloudfront.net\/4\/2023\/05\/03_WLC_slovensky_raj.webp\" class=\"attachment-full size-full\" alt=\"\" srcset=\"https:\/\/d2p6e6u75xmxt8.cloudfront.net\/4\/2023\/05\/03_WLC_slovensky_raj.webp 990w, https:\/\/d2p6e6u75xmxt8.cloudfront.net\/4\/2023\/05\/03_WLC_slovensky_raj-300x200.webp 300w, https:\/\/d2p6e6u75xmxt8.cloudfront.net\/4\/2023\/05\/03_WLC_slovensky_raj-768x512.webp 768w, https:\/\/d2p6e6u75xmxt8.cloudfront.net\/4\/2023\/05\/03_WLC_slovensky_raj-400x267.webp 400w, https:\/\/d2p6e6u75xmxt8.cloudfront.net\/4\/2023\/05\/03_WLC_slovensky_raj-272x182.webp 272w\" sizes=\"auto, (max-width: 990px) 100vw, 990px\" \/><\/a>\n\t\t\t<\/div><\/figure>\n\t\t<\/div>\n\n<h2><strong>Propoz\u00edcie<\/strong><\/h2>\n<p>D\u00e1tum konania aj miesto u\u017e m\u00e1me. \u0160tart aj cie\u013e pretekov sa bude kona\u0165 v Hrabu\u0161iciach &#8211; Podlesku a organiz\u00e1tor si pripravil 4 trate s r\u00f4znou porciou kilometrov. <strong>Samozrejmos\u0165ou bude bohat\u00fd program pre sprievod pretek\u00e1rov a v\u00fddatn\u00e9 ob\u010derstvenie vo forme halu\u0161iek, gul\u00e1\u0161u a n\u00e1poj v cieli.<\/strong> Samozrejmos\u0165ou bude aj tombola pre v\u0161etk\u00fdch z\u00fa\u010dastnen\u00fdch po vyhl\u00e1sen\u00ed v\u00fdsledkov.<\/p>\n<p><img loading=\"lazy\" decoding=\"async\" class=\"alignnone size-full wp-image-17408\" src=\"https:\/\/d2p6e6u75xmxt8.cloudfront.net\/4\/2023\/05\/04_WLC_slovensky_raj.webp\" alt=\"\" width=\"992\" height=\"660\" srcset=\"https:\/\/d2p6e6u75xmxt8.cloudfront.net\/4\/2023\/05\/04_WLC_slovensky_raj.webp 992w, https:\/\/d2p6e6u75xmxt8.cloudfront.net\/4\/2023\/05\/04_WLC_slovensky_raj-300x200.webp 300w, https:\/\/d2p6e6u75xmxt8.cloudfront.net\/4\/2023\/05\/04_WLC_slovensky_raj-768x511.webp 768w, https:\/\/d2p6e6u75xmxt8.cloudfront.net\/4\/2023\/05\/04_WLC_slovensky_raj-400x266.webp 400w, https:\/\/d2p6e6u75xmxt8.cloudfront.net\/4\/2023\/05\/04_WLC_slovensky_raj-272x182.webp 272w\" sizes=\"auto, (max-width: 992px) 100vw, 992px\" \/><\/p>\n<h2><strong>Trate<\/strong><\/h2>\n<p><strong>Za\u010dneme tra\u0165ou pre najmen\u0161\u00edch. Kateg\u00f3ria FAMILY bude rozdelen\u00e1 na dve skupiny.<\/strong> Prv\u00e1 bude pre deti do 6 rokov s odr\u00e1\u017eadlami, trojkolkami alebo kolobe\u017ekami v d\u013a\u017eke 200 metrov. \u010ealej pokra\u010duje kateg\u00f3ria FAMILY 6+ s d\u013a\u017ekou 8,4 kilometra, kde je rodi\u010d zdarma a ob\u010derstvenie po dojazde \u010dak\u00e1 oboch.<\/p>\n<p>Opa\u010dn\u00fa stranu vyp\u013a\u0148a u\u017e dlh\u00e1 tra\u0165 s porciou 68 kilometrov s prev\u00fd\u0161en\u00edm do 2200 metrov a je zaraden\u00e1 aj do Slovensk\u00e9ho poh\u00e1ra MTB XCM. Do tejto kateg\u00f3rie bud\u00fa zapo\u010d\u00edtan\u00ed len jazdci s licenciou. Stredn\u00e1 tra\u0165 pon\u00fakne 1300 v\u00fd\u0161kov\u00fdch metrov na d\u013a\u017eke 54 kilometrov a kr\u00e1tka m\u00e1 14 kilometrov s prev\u00fd\u0161en\u00edm 640 metrov. Viac o samotn\u00fdch tratiach n\u00e1jdete na <a href=\"http:\/\/www.maratonslovenskyraj.sk\/trasy-gpx-2022\/\" target=\"_blank\" rel=\"noopener\">str\u00e1nke organiz\u00e1tora<\/a>.<\/p>\n<div id='gallery-2' class='gallery galleryid-17403 gallery-columns-2 gallery-size-full'><figure class='gallery-item'>\n\t\t\t<div class='gallery-icon landscape'>\n\t\t\t\t<a href='https:\/\/d2p6e6u75xmxt8.cloudfront.net\/4\/2023\/05\/05_WLC_slovensky_raj.webp'><img loading=\"lazy\" decoding=\"async\" width=\"990\" height=\"581\" src=\"https:\/\/d2p6e6u75xmxt8.cloudfront.net\/4\/2023\/05\/05_WLC_slovensky_raj.webp\" class=\"attachment-full size-full\" alt=\"\" srcset=\"https:\/\/d2p6e6u75xmxt8.cloudfront.net\/4\/2023\/05\/05_WLC_slovensky_raj.webp 990w, https:\/\/d2p6e6u75xmxt8.cloudfront.net\/4\/2023\/05\/05_WLC_slovensky_raj-300x176.webp 300w, https:\/\/d2p6e6u75xmxt8.cloudfront.net\/4\/2023\/05\/05_WLC_slovensky_raj-768x451.webp 768w, https:\/\/d2p6e6u75xmxt8.cloudfront.net\/4\/2023\/05\/05_WLC_slovensky_raj-400x235.webp 400w\" sizes=\"auto, (max-width: 990px) 100vw, 990px\" \/><\/a>\n\t\t\t<\/div><\/figure><figure class='gallery-item'>\n\t\t\t<div class='gallery-icon landscape'>\n\t\t\t\t<a href='https:\/\/d2p6e6u75xmxt8.cloudfront.net\/4\/2023\/05\/06_WLC_slovensky_raj.webp'><img loading=\"lazy\" decoding=\"async\" width=\"990\" height=\"581\" src=\"https:\/\/d2p6e6u75xmxt8.cloudfront.net\/4\/2023\/05\/06_WLC_slovensky_raj.webp\" class=\"attachment-full size-full\" alt=\"\" srcset=\"https:\/\/d2p6e6u75xmxt8.cloudfront.net\/4\/2023\/05\/06_WLC_slovensky_raj.webp 990w, https:\/\/d2p6e6u75xmxt8.cloudfront.net\/4\/2023\/05\/06_WLC_slovensky_raj-300x176.webp 300w, https:\/\/d2p6e6u75xmxt8.cloudfront.net\/4\/2023\/05\/06_WLC_slovensky_raj-768x451.webp 768w, https:\/\/d2p6e6u75xmxt8.cloudfront.net\/4\/2023\/05\/06_WLC_slovensky_raj-400x235.webp 400w\" sizes=\"auto, (max-width: 990px) 100vw, 990px\" \/><\/a>\n\t\t\t<\/div><\/figure>\n\t\t<\/div>\n\n<h2><strong>Prihl\u00e1senie<\/strong><\/h2>\n<p>Samozrejmos\u0165ou je prihl\u00e1senie <a href=\"https:\/\/registrace.sportsoft.cz\/registration.aspx?e=2841\" target=\"_blank\" rel=\"noopener\">online formul\u00e1rom<\/a>. <strong>Suma \u0161tartovn\u00e9ho do 12. m\u00e1ja je 18 \u20ac pre kr\u00e1tku tra\u0165 a 28 \u20ac pre stredn\u00fa a dlh\u00fa tra\u0165.<\/strong> Ak m\u00e1te z\u00e1ujem o pam\u00e4tn\u00e9 tri\u010dko, tak cena je 25 alebo 35 \u20ac. Od 13. m\u00e1ja je cena \u0161tartovn\u00e9ho vy\u0161\u0161ia v sume 29 \u20ac pre kr\u00e1tku a ostatn\u00e9 trate s\u00fa za rovn\u00fdch 40 \u20ac. FAMILY tra\u0165 je za cenu 18 \u20ac a deti do 6 rokov maj\u00fa \u0161tartovn\u00e9 za 5 \u20ac. Registr\u00e1cia bude mo\u017en\u00e1 aj de\u0148 pred pretekmi 9. j\u00fana od 17:00 do 20:00 a v de\u0148 pretekov od 7:30.<\/p>\n<div id='gallery-3' class='gallery galleryid-17403 gallery-columns-2 gallery-size-full'><figure class='gallery-item'>\n\t\t\t<div class='gallery-icon landscape'>\n\t\t\t\t<a href='https:\/\/d2p6e6u75xmxt8.cloudfront.net\/4\/2023\/05\/07_WLC_slovensky_raj.webp'><img loading=\"lazy\" decoding=\"async\" width=\"992\" height=\"660\" src=\"https:\/\/d2p6e6u75xmxt8.cloudfront.net\/4\/2023\/05\/07_WLC_slovensky_raj.webp\" class=\"attachment-full size-full\" alt=\"\" srcset=\"https:\/\/d2p6e6u75xmxt8.cloudfront.net\/4\/2023\/05\/07_WLC_slovensky_raj.webp 992w, https:\/\/d2p6e6u75xmxt8.cloudfront.net\/4\/2023\/05\/07_WLC_slovensky_raj-300x200.webp 300w, https:\/\/d2p6e6u75xmxt8.cloudfront.net\/4\/2023\/05\/07_WLC_slovensky_raj-768x511.webp 768w, https:\/\/d2p6e6u75xmxt8.cloudfront.net\/4\/2023\/05\/07_WLC_slovensky_raj-400x266.webp 400w, https:\/\/d2p6e6u75xmxt8.cloudfront.net\/4\/2023\/05\/07_WLC_slovensky_raj-272x182.webp 272w\" sizes=\"auto, (max-width: 992px) 100vw, 992px\" \/><\/a>\n\t\t\t<\/div><\/figure><figure class='gallery-item'>\n\t\t\t<div class='gallery-icon landscape'>\n\t\t\t\t<a href='https:\/\/d2p6e6u75xmxt8.cloudfront.net\/4\/2023\/05\/08_WLC_slovensky_raj.webp'><img loading=\"lazy\" decoding=\"async\" width=\"992\" height=\"660\" src=\"https:\/\/d2p6e6u75xmxt8.cloudfront.net\/4\/2023\/05\/08_WLC_slovensky_raj.webp\" class=\"attachment-full size-full\" alt=\"\" srcset=\"https:\/\/d2p6e6u75xmxt8.cloudfront.net\/4\/2023\/05\/08_WLC_slovensky_raj.webp 992w, https:\/\/d2p6e6u75xmxt8.cloudfront.net\/4\/2023\/05\/08_WLC_slovensky_raj-300x200.webp 300w, https:\/\/d2p6e6u75xmxt8.cloudfront.net\/4\/2023\/05\/08_WLC_slovensky_raj-768x511.webp 768w, https:\/\/d2p6e6u75xmxt8.cloudfront.net\/4\/2023\/05\/08_WLC_slovensky_raj-400x266.webp 400w, https:\/\/d2p6e6u75xmxt8.cloudfront.net\/4\/2023\/05\/08_WLC_slovensky_raj-272x182.webp 272w\" sizes=\"auto, (max-width: 992px) 100vw, 992px\" \/><\/a>\n\t\t\t<\/div><\/figure>\n\t\t<\/div>\n\n<h2><strong>E-Bike a Gravel<\/strong><\/h2>\n<p>Ak m\u00e1\u0161 doma bicykel s pohonom, alebo namiesto rovn\u00fdch riadidiel m\u00e1\u0161 barany, nemaj hlavu v sm\u00fatku. <strong>Priprav bicykel a svoje sily si m\u00f4\u017ee\u0161 zmera\u0165 na strednej trati, kde maj\u00fa tieto dve kateg\u00f3rie bicyklov svoju pr\u00edle\u017eitos\u0165.<\/strong><\/p>\n<div id='gallery-4' class='gallery galleryid-17403 gallery-columns-2 gallery-size-full'><figure class='gallery-item'>\n\t\t\t<div class='gallery-icon landscape'>\n\t\t\t\t<a href='https:\/\/d2p6e6u75xmxt8.cloudfront.net\/4\/2023\/05\/10_WLC_slovensky_raj.webp'><img loading=\"lazy\" decoding=\"async\" width=\"990\" height=\"660\" src=\"https:\/\/d2p6e6u75xmxt8.cloudfront.net\/4\/2023\/05\/10_WLC_slovensky_raj.webp\" class=\"attachment-full size-full\" alt=\"\" srcset=\"https:\/\/d2p6e6u75xmxt8.cloudfront.net\/4\/2023\/05\/10_WLC_slovensky_raj.webp 990w, https:\/\/d2p6e6u75xmxt8.cloudfront.net\/4\/2023\/05\/10_WLC_slovensky_raj-300x200.webp 300w, https:\/\/d2p6e6u75xmxt8.cloudfront.net\/4\/2023\/05\/10_WLC_slovensky_raj-768x512.webp 768w, https:\/\/d2p6e6u75xmxt8.cloudfront.net\/4\/2023\/05\/10_WLC_slovensky_raj-400x267.webp 400w, https:\/\/d2p6e6u75xmxt8.cloudfront.net\/4\/2023\/05\/10_WLC_slovensky_raj-272x182.webp 272w\" sizes=\"auto, (max-width: 990px) 100vw, 990px\" \/><\/a>\n\t\t\t<\/div><\/figure><figure class='gallery-item'>\n\t\t\t<div class='gallery-icon landscape'>\n\t\t\t\t<a href='https:\/\/d2p6e6u75xmxt8.cloudfront.net\/4\/2023\/05\/09_WLC_slovensky_raj.webp'><img loading=\"lazy\" decoding=\"async\" width=\"992\" height=\"660\" src=\"https:\/\/d2p6e6u75xmxt8.cloudfront.net\/4\/2023\/05\/09_WLC_slovensky_raj.webp\" class=\"attachment-full size-full\" alt=\"\" srcset=\"https:\/\/d2p6e6u75xmxt8.cloudfront.net\/4\/2023\/05\/09_WLC_slovensky_raj.webp 992w, https:\/\/d2p6e6u75xmxt8.cloudfront.net\/4\/2023\/05\/09_WLC_slovensky_raj-300x200.webp 300w, https:\/\/d2p6e6u75xmxt8.cloudfront.net\/4\/2023\/05\/09_WLC_slovensky_raj-768x511.webp 768w, https:\/\/d2p6e6u75xmxt8.cloudfront.net\/4\/2023\/05\/09_WLC_slovensky_raj-400x266.webp 400w, https:\/\/d2p6e6u75xmxt8.cloudfront.net\/4\/2023\/05\/09_WLC_slovensky_raj-272x182.webp 272w\" sizes=\"auto, (max-width: 992px) 100vw, 992px\" \/><\/a>\n\t\t\t<\/div><\/figure>\n\t\t<\/div>\n\n<h2><strong>Na z\u00e1ver<\/strong><\/h2>\n<p>S\u00e9ria \u0160BOT oslavuje u\u017e 10. ro\u010dn\u00edk a samozrejmos\u0165ou je aj bohat\u00fd program pre deti a v\u00fdstavn\u00e1 z\u00f3na partnerov podujatia. <strong>Ak teda nem\u00e1te e\u0161te program na 10. j\u00fana 2023, m\u00f4\u017eete to registr\u00e1ciou na preteky zmeni\u0165 a so sebou nezabudnite vzia\u0165 aj cel\u00fa rodinu. Okrem bicykla si priba\u013ete aj turistick\u00e9 top\u00e1nky a \u0161portov\u00fd v\u00edkend to bude doslova &#8222;nama\u013eovan\u00fd&#8220;.<\/strong> Vid\u00edme sa v Slovenskom raji. Viac inform\u00e1cii n\u00e1jdete na <a href=\"http:\/\/www.maratonslovenskyraj.sk\/\" target=\"_blank\" rel=\"noopener\">str\u00e1nke organiz\u00e1tora<\/a>.<\/p>\n<p>Zdroj fotografi\u00ed: Repka.org<\/p>\n","protected":false},"excerpt":{"rendered":"<p>Pod n\u00e1zvom tohto najzn\u00e1mej\u0161ieho n\u00e1rodn\u00e9ho parku si predstavujeme hlavne turistiku, tak ako m\u00f4\u017ee vyzera\u0165 v t\u00fdchto miestach marat\u00f3n?<\/p>\n","protected":false},"author":172,"featured_media":17405,"comment_status":"open","ping_status":"open","sticky":false,"template":"","format":"standard","meta":{"footnotes":""},"categories":[33],"tags":[53,261,691,964,259,180,412,37,91,179,509,542,35,271,523,234],"global-categories":[1074],"class_list":["post-17403","post","type-post","status-publish","format-standard","has-post-thumbnail","hentry","category-sbot","tag-deti","tag-ebike","tag-elektrobicykel","tag-family","tag-gravel","tag-horska-cyklistika","tag-mtb","tag-podujatia","tag-pozvanka","tag-preteky","tag-rodina","tag-skoda","tag-sbot","tag-skoda-slovensky-raj","tag-slovensko","tag-slovensky-raj","global-categories-cycling"],"yoast_head":"<!-- This site is optimized with the Yoast SEO Premium plugin v25.3 (Yoast SEO v25.9) - https:\/\/yoast.com\/wordpress\/plugins\/seo\/ -->\n<title>Pozv\u00e1nka: \u0160koda Slovensk\u00fd raj - vodop\u00e1dy, rebr\u00edky a aj bicykle<\/title>\n<meta name=\"description\" content=\"Pod n\u00e1zvom tohto najzn\u00e1mej\u0161ieho n\u00e1rodn\u00e9ho parku si predstavujeme hlavne turistiku, tak ako m\u00f4\u017ee vyzera\u0165 v t\u00fdchto miestach marat\u00f3n?\" \/>\n<meta name=\"robots\" content=\"index, follow, max-snippet:-1, max-image-preview:large, max-video-preview:-1\" \/>\n<link rel=\"canonical\" href=\"https:\/\/www.welovecycling.com\/sk\/2023\/05\/10\/pozvanka-skoda-slovensky-raj-vodopady-rebriky-a-aj-bicykle\/\" \/>\n<meta property=\"og:locale\" content=\"sk_SK\" \/>\n<meta property=\"og:type\" content=\"article\" \/>\n<meta property=\"og:title\" content=\"Pozv\u00e1nka: \u0160koda Slovensk\u00fd raj - vodop\u00e1dy, rebr\u00edky a aj bicykle\" \/>\n<meta property=\"og:description\" content=\"Pod n\u00e1zvom tohto najzn\u00e1mej\u0161ieho n\u00e1rodn\u00e9ho parku si predstavujeme hlavne turistiku, tak ako m\u00f4\u017ee vyzera\u0165 v t\u00fdchto miestach marat\u00f3n?\" \/>\n<meta property=\"og:url\" content=\"https:\/\/www.welovecycling.com\/sk\/2023\/05\/10\/pozvanka-skoda-slovensky-raj-vodopady-rebriky-a-aj-bicykle\/\" \/>\n<meta property=\"og:site_name\" content=\"\u0160koda We Love Cycling Slovensko\" \/>\n<meta property=\"article:published_time\" content=\"2023-05-10T08:00:32+00:00\" \/>\n<meta property=\"article:modified_time\" content=\"2023-05-30T08:35:27+00:00\" \/>\n<meta property=\"og:image\" content=\"https:\/\/d2p6e6u75xmxt8.cloudfront.net\/4\/2023\/05\/01_WLC_slovensky_raj.webp\" \/>\n\t<meta property=\"og:image:width\" content=\"990\" \/>\n\t<meta property=\"og:image:height\" content=\"660\" \/>\n\t<meta property=\"og:image:type\" content=\"image\/webp\" \/>\n<meta name=\"author\" content=\"dominika\" \/>\n<meta name=\"twitter:card\" content=\"summary_large_image\" \/>\n<meta name=\"twitter:label1\" content=\"Written by\" \/>\n\t<meta name=\"twitter:data1\" content=\"We Love Cycling\" \/>\n\t<meta name=\"twitter:label2\" content=\"Est. reading time\" \/>\n\t<meta name=\"twitter:data2\" content=\"2\" \/>\n<script type=\"application\/ld+json\" class=\"yoast-schema-graph\">{\"@context\":\"https:\/\/schema.org\",\"@graph\":[{\"@type\":\"WebPage\",\"@id\":\"https:\/\/www.welovecycling.com\/sk\/2023\/05\/10\/pozvanka-skoda-slovensky-raj-vodopady-rebriky-a-aj-bicykle\/\",\"url\":\"https:\/\/www.welovecycling.com\/sk\/2023\/05\/10\/pozvanka-skoda-slovensky-raj-vodopady-rebriky-a-aj-bicykle\/\",\"name\":\"Pozv\u00e1nka: \u0160koda Slovensk\u00fd raj - vodop\u00e1dy, rebr\u00edky a aj bicykle\",\"isPartOf\":{\"@id\":\"https:\/\/www.welovecycling.com\/sk\/#website\"},\"primaryImageOfPage\":{\"@id\":\"https:\/\/www.welovecycling.com\/sk\/2023\/05\/10\/pozvanka-skoda-slovensky-raj-vodopady-rebriky-a-aj-bicykle\/#primaryimage\"},\"image\":{\"@id\":\"https:\/\/www.welovecycling.com\/sk\/2023\/05\/10\/pozvanka-skoda-slovensky-raj-vodopady-rebriky-a-aj-bicykle\/#primaryimage\"},\"thumbnailUrl\":\"https:\/\/d2p6e6u75xmxt8.cloudfront.net\/4\/2023\/05\/01_WLC_slovensky_raj.webp\",\"datePublished\":\"2023-05-10T08:00:32+00:00\",\"dateModified\":\"2023-05-30T08:35:27+00:00\",\"author\":{\"@id\":\"https:\/\/www.welovecycling.com\/sk\/#\/schema\/person\/533b62b98b6c41bd5135ebfb1f742624\"},\"description\":\"Pod n\u00e1zvom tohto najzn\u00e1mej\u0161ieho n\u00e1rodn\u00e9ho parku si predstavujeme hlavne turistiku, tak ako m\u00f4\u017ee vyzera\u0165 v t\u00fdchto miestach marat\u00f3n?\",\"breadcrumb\":{\"@id\":\"https:\/\/www.welovecycling.com\/sk\/2023\/05\/10\/pozvanka-skoda-slovensky-raj-vodopady-rebriky-a-aj-bicykle\/#breadcrumb\"},\"inLanguage\":\"sk-SK\",\"potentialAction\":[{\"@type\":\"ReadAction\",\"target\":[\"https:\/\/www.welovecycling.com\/sk\/2023\/05\/10\/pozvanka-skoda-slovensky-raj-vodopady-rebriky-a-aj-bicykle\/\"]}]},{\"@type\":\"ImageObject\",\"inLanguage\":\"sk-SK\",\"@id\":\"https:\/\/www.welovecycling.com\/sk\/2023\/05\/10\/pozvanka-skoda-slovensky-raj-vodopady-rebriky-a-aj-bicykle\/#primaryimage\",\"url\":\"https:\/\/d2p6e6u75xmxt8.cloudfront.net\/4\/2023\/05\/01_WLC_slovensky_raj.webp\",\"contentUrl\":\"https:\/\/d2p6e6u75xmxt8.cloudfront.net\/4\/2023\/05\/01_WLC_slovensky_raj.webp\",\"width\":990,\"height\":660},{\"@type\":\"BreadcrumbList\",\"@id\":\"https:\/\/www.welovecycling.com\/sk\/2023\/05\/10\/pozvanka-skoda-slovensky-raj-vodopady-rebriky-a-aj-bicykle\/#breadcrumb\",\"itemListElement\":[{\"@type\":\"ListItem\",\"position\":1,\"name\":\"Home\",\"item\":\"https:\/\/www.welovecycling.com\/sk\/\"},{\"@type\":\"ListItem\",\"position\":2,\"name\":\"Pozv\u00e1nka: \u0160koda Slovensk\u00fd raj &#8211; vodop\u00e1dy, rebr\u00edky a aj bicykle\"}]},{\"@type\":\"WebSite\",\"@id\":\"https:\/\/www.welovecycling.com\/sk\/#website\",\"url\":\"https:\/\/www.welovecycling.com\/sk\/\",\"name\":\"\u0160koda We Love Cycling Slovensko\",\"description\":\"\u0160koda We Love Cycling Slovensko je v\u00e1\u0161 ka\u017edodenn\u00fd zdroj noviniek a in\u0161pir\u00e1cie z sveta cyklistiky\",\"potentialAction\":[{\"@type\":\"SearchAction\",\"target\":{\"@type\":\"EntryPoint\",\"urlTemplate\":\"https:\/\/www.welovecycling.com\/sk\/?s={search_term_string}\"},\"query-input\":{\"@type\":\"PropertyValueSpecification\",\"valueRequired\":true,\"valueName\":\"search_term_string\"}}],\"inLanguage\":\"sk-SK\"},{\"@type\":\"Person\",\"@id\":\"https:\/\/www.welovecycling.com\/sk\/#\/schema\/person\/533b62b98b6c41bd5135ebfb1f742624\",\"name\":\"dominika\",\"image\":{\"@type\":\"ImageObject\",\"inLanguage\":\"sk-SK\",\"@id\":\"https:\/\/www.welovecycling.com\/sk\/#\/schema\/person\/image\/\",\"url\":\"https:\/\/secure.gravatar.com\/avatar\/ded6f274ba2ec3e17fff153f7d9d96a4b33c2cb63907f75d9a5309c599a7f3e6?s=96&d=mm&r=g\",\"contentUrl\":\"https:\/\/secure.gravatar.com\/avatar\/ded6f274ba2ec3e17fff153f7d9d96a4b33c2cb63907f75d9a5309c599a7f3e6?s=96&d=mm&r=g\",\"caption\":\"dominika\"},\"url\":\"https:\/\/www.welovecycling.com\/sk\/author\/dominika\/\"}]}<\/script>\n<!-- \/ Yoast SEO Premium plugin. -->","yoast_head_json":{"title":"Pozv\u00e1nka: \u0160koda Slovensk\u00fd raj - vodop\u00e1dy, rebr\u00edky a aj bicykle","description":"Pod n\u00e1zvom tohto najzn\u00e1mej\u0161ieho n\u00e1rodn\u00e9ho parku si predstavujeme hlavne turistiku, tak ako m\u00f4\u017ee vyzera\u0165 v t\u00fdchto miestach marat\u00f3n?","robots":{"index":"index","follow":"follow","max-snippet":"max-snippet:-1","max-image-preview":"max-image-preview:large","max-video-preview":"max-video-preview:-1"},"canonical":"https:\/\/www.welovecycling.com\/sk\/2023\/05\/10\/pozvanka-skoda-slovensky-raj-vodopady-rebriky-a-aj-bicykle\/","og_locale":"sk_SK","og_type":"article","og_title":"Pozv\u00e1nka: \u0160koda Slovensk\u00fd raj - vodop\u00e1dy, rebr\u00edky a aj bicykle","og_description":"Pod n\u00e1zvom tohto najzn\u00e1mej\u0161ieho n\u00e1rodn\u00e9ho parku si predstavujeme hlavne turistiku, tak ako m\u00f4\u017ee vyzera\u0165 v t\u00fdchto miestach marat\u00f3n?","og_url":"https:\/\/www.welovecycling.com\/sk\/2023\/05\/10\/pozvanka-skoda-slovensky-raj-vodopady-rebriky-a-aj-bicykle\/","og_site_name":"\u0160koda We Love Cycling Slovensko","article_published_time":"2023-05-10T08:00:32+00:00","article_modified_time":"2023-05-30T08:35:27+00:00","og_image":[{"width":990,"height":660,"url":"https:\/\/d2p6e6u75xmxt8.cloudfront.net\/4\/2023\/05\/01_WLC_slovensky_raj.webp","type":"image\/webp"}],"author":"dominika","twitter_card":"summary_large_image","twitter_misc":{"Written by":"We Love Cycling","Est. reading time":"2"},"schema":{"@context":"https:\/\/schema.org","@graph":[{"@type":"WebPage","@id":"https:\/\/www.welovecycling.com\/sk\/2023\/05\/10\/pozvanka-skoda-slovensky-raj-vodopady-rebriky-a-aj-bicykle\/","url":"https:\/\/www.welovecycling.com\/sk\/2023\/05\/10\/pozvanka-skoda-slovensky-raj-vodopady-rebriky-a-aj-bicykle\/","name":"Pozv\u00e1nka: \u0160koda Slovensk\u00fd raj - vodop\u00e1dy, rebr\u00edky a aj bicykle","isPartOf":{"@id":"https:\/\/www.welovecycling.com\/sk\/#website"},"primaryImageOfPage":{"@id":"https:\/\/www.welovecycling.com\/sk\/2023\/05\/10\/pozvanka-skoda-slovensky-raj-vodopady-rebriky-a-aj-bicykle\/#primaryimage"},"image":{"@id":"https:\/\/www.welovecycling.com\/sk\/2023\/05\/10\/pozvanka-skoda-slovensky-raj-vodopady-rebriky-a-aj-bicykle\/#primaryimage"},"thumbnailUrl":"https:\/\/d2p6e6u75xmxt8.cloudfront.net\/4\/2023\/05\/01_WLC_slovensky_raj.webp","datePublished":"2023-05-10T08:00:32+00:00","dateModified":"2023-05-30T08:35:27+00:00","author":{"@id":"https:\/\/www.welovecycling.com\/sk\/#\/schema\/person\/533b62b98b6c41bd5135ebfb1f742624"},"description":"Pod n\u00e1zvom tohto najzn\u00e1mej\u0161ieho n\u00e1rodn\u00e9ho parku si predstavujeme hlavne turistiku, tak ako m\u00f4\u017ee vyzera\u0165 v t\u00fdchto miestach marat\u00f3n?","breadcrumb":{"@id":"https:\/\/www.welovecycling.com\/sk\/2023\/05\/10\/pozvanka-skoda-slovensky-raj-vodopady-rebriky-a-aj-bicykle\/#breadcrumb"},"inLanguage":"sk-SK","potentialAction":[{"@type":"ReadAction","target":["https:\/\/www.welovecycling.com\/sk\/2023\/05\/10\/pozvanka-skoda-slovensky-raj-vodopady-rebriky-a-aj-bicykle\/"]}]},{"@type":"ImageObject","inLanguage":"sk-SK","@id":"https:\/\/www.welovecycling.com\/sk\/2023\/05\/10\/pozvanka-skoda-slovensky-raj-vodopady-rebriky-a-aj-bicykle\/#primaryimage","url":"https:\/\/d2p6e6u75xmxt8.cloudfront.net\/4\/2023\/05\/01_WLC_slovensky_raj.webp","contentUrl":"https:\/\/d2p6e6u75xmxt8.cloudfront.net\/4\/2023\/05\/01_WLC_slovensky_raj.webp","width":990,"height":660},{"@type":"BreadcrumbList","@id":"https:\/\/www.welovecycling.com\/sk\/2023\/05\/10\/pozvanka-skoda-slovensky-raj-vodopady-rebriky-a-aj-bicykle\/#breadcrumb","itemListElement":[{"@type":"ListItem","position":1,"name":"Home","item":"https:\/\/www.welovecycling.com\/sk\/"},{"@type":"ListItem","position":2,"name":"Pozv\u00e1nka: \u0160koda Slovensk\u00fd raj &#8211; vodop\u00e1dy, rebr\u00edky a aj bicykle"}]},{"@type":"WebSite","@id":"https:\/\/www.welovecycling.com\/sk\/#website","url":"https:\/\/www.welovecycling.com\/sk\/","name":"\u0160koda We Love Cycling Slovensko","description":"\u0160koda We Love Cycling Slovensko je v\u00e1\u0161 ka\u017edodenn\u00fd zdroj noviniek a in\u0161pir\u00e1cie z sveta cyklistiky","potentialAction":[{"@type":"SearchAction","target":{"@type":"EntryPoint","urlTemplate":"https:\/\/www.welovecycling.com\/sk\/?s={search_term_string}"},"query-input":{"@type":"PropertyValueSpecification","valueRequired":true,"valueName":"search_term_string"}}],"inLanguage":"sk-SK"},{"@type":"Person","@id":"https:\/\/www.welovecycling.com\/sk\/#\/schema\/person\/533b62b98b6c41bd5135ebfb1f742624","name":"dominika","image":{"@type":"ImageObject","inLanguage":"sk-SK","@id":"https:\/\/www.welovecycling.com\/sk\/#\/schema\/person\/image\/","url":"https:\/\/secure.gravatar.com\/avatar\/ded6f274ba2ec3e17fff153f7d9d96a4b33c2cb63907f75d9a5309c599a7f3e6?s=96&d=mm&r=g","contentUrl":"https:\/\/secure.gravatar.com\/avatar\/ded6f274ba2ec3e17fff153f7d9d96a4b33c2cb63907f75d9a5309c599a7f3e6?s=96&d=mm&r=g","caption":"dominika"},"url":"https:\/\/www.welovecycling.com\/sk\/author\/dominika\/"}]}},"_links":{"self":[{"href":"https:\/\/www.welovecycling.com\/sk\/wp-json\/wp\/v2\/posts\/17403","targetHints":{"allow":["GET"]}}],"collection":[{"href":"https:\/\/www.welovecycling.com\/sk\/wp-json\/wp\/v2\/posts"}],"about":[{"href":"https:\/\/www.welovecycling.com\/sk\/wp-json\/wp\/v2\/types\/post"}],"author":[{"embeddable":true,"href":"https:\/\/www.welovecycling.com\/sk\/wp-json\/wp\/v2\/users\/172"}],"replies":[{"embeddable":true,"href":"https:\/\/www.welovecycling.com\/sk\/wp-json\/wp\/v2\/comments?post=17403"}],"version-history":[{"count":6,"href":"https:\/\/www.welovecycling.com\/sk\/wp-json\/wp\/v2\/posts\/17403\/revisions"}],"predecessor-version":[{"id":17556,"href":"https:\/\/www.welovecycling.com\/sk\/wp-json\/wp\/v2\/posts\/17403\/revisions\/17556"}],"wp:featuredmedia":[{"embeddable":true,"href":"https:\/\/www.welovecycling.com\/sk\/wp-json\/wp\/v2\/media\/17405"}],"wp:attachment":[{"href":"https:\/\/www.welovecycling.com\/sk\/wp-json\/wp\/v2\/media?parent=17403"}],"wp:term":[{"taxonomy":"category","embeddable":true,"href":"https:\/\/www.welovecycling.com\/sk\/wp-json\/wp\/v2\/categories?post=17403"},{"taxonomy":"post_tag","embeddable":true,"href":"https:\/\/www.welovecycling.com\/sk\/wp-json\/wp\/v2\/tags?post=17403"},{"taxonomy":"global-categories","embeddable":true,"href":"https:\/\/www.welovecycling.com\/sk\/wp-json\/wp\/v2\/global-categories?post=17403"}],"curies":[{"name":"wp","href":"https:\/\/api.w.org\/{rel}","templated":true}]}}